{"id":73698,"date":"2026-09-06T11:47:13","date_gmt":"2026-09-06T14:47:13","guid":{"rendered":"https:\/\/vocesdelacomuna15.com.ar\/press\/?p=73698"},"modified":"2026-09-06T11:47:16","modified_gmt":"2026-09-06T14:47:16","slug":"atlanta-gano-el-clasico-como-visitante-y-empujo-a-chaca-a-la-b-metropolitana","status":"publish","type":"post","link":"https:\/\/vocesdelacomuna15.com.ar\/press\/atlanta-gano-el-clasico-como-visitante-y-empujo-a-chaca-a-la-b-metropolitana\/","title":{"rendered":"Atlanta gan\u00f3 el cl\u00e1sico como visitante y empuj\u00f3 a \u201cChaca\u201d a la B Metropolitana"},"content":{"rendered":"\n<p class=\"wp-block-paragraph\">Fue 1-0 en San Mart\u00edn con gol de Rodrigo Moreira<\/p>\n\n\n\n<p class=\"wp-block-paragraph\"><\/p>\n\n\n\n<p class=\"wp-block-paragraph\">En la tarde de ayer, el \u201cBohemio\u201d se hizo due\u00f1o por segunda vez en el a\u00f1o del cl\u00e1sico de Villa Crespo. En un colmado estadio en el barrio de Villa Maip\u00fa, en el partido de San Mart\u00edn, por la Fecha 28 de la Primera Nacional, \u201cChaca\u201d necesitaba ganar para salir de la zona de descenso a la B Metropolitana. Hab\u00eda mucha expectativa y Atlanta llegaba necesitando sumar para seguir en la pelea arriba y darse el gusto de empujar a su cl\u00e1sico rival a\u00fan m\u00e1s abajo.<\/p>\n\n\n\n<p class=\"wp-block-paragraph\">El partido comenz\u00f3 esquivo para el \u201cBohemio\u201d ya que a los 19 minutos, tras una mano en el \u00e1rea de Leonel Galeano \u2013quien fue levemente empujado antes por un delantero de \u201cChaca\u201d, en lo que fue una jugada pol\u00e9mica-, hubo penal para el \u201cFunebrero\u201d. El centrodelantero Alexis Dom\u00ednguez fue quien se encarg\u00f3 de ejecutarlo, sacando un remate fuerte, mordido y no tan esquinado, que contuvo sin dar rebote Francisco Rago, que volv\u00eda a la titularidad y termin\u00f3 siendo la figura del partido. El resto de la primera etapa fue friccionada y con pocas llegadas, con un leve dominio de Chacarita en la posesi\u00f3n. Sin embargo, al final del primer tiempo, tras centro de Alejo Dramisino \u2013otro de los m\u00e1s destacados- en un tiro libre, Moreira la conect\u00f3 de cabeza para marcar el \u00fanico tanto del partido.<\/p>\n\n\n\n<p class=\"wp-block-paragraph\">El segundo tiempo tuvo pocas llegadas y tuvo m\u00e1s choque que f\u00fatbol, aunque Atlanta tuvo las m\u00e1s claras, entre ellas un remate en el travesa\u00f1o de Dramisino. Fue triunfo 1 a 0 para el \u201cBohemio\u201d, que con el resultado sigue en el 4\u00ba puesto de la Zona B de la Primera Nacional con 45 puntos, a 6 del l\u00edder Trist\u00e1n Su\u00e1rez, que tiene 51. En la otra zona el puntero es Ferro con 54 unidades. En la siguiente jornada, Atlanta recibir\u00e1 en el Le\u00f3n Kolbowski a G\u00fcemes de Santiago del Estero el pr\u00f3ximo s\u00e1bado, en horario a confirmar.<\/p>\n\n\n\n<p class=\"wp-block-paragraph\">Ante Chacarita, el \u201cBohemio\u201d form\u00f3 con Rago; Moreira, Galeano, Rojas, Arg\u00fcello; Castro, Rivero; Garc\u00eda, Ignacio Rodr\u00edguez, Dramisino; y Quintana. Ingresaron en el equipo dirigido por Cristian Pellerano, a los 71 minutos Ostachuk y Morales y a los 86 Sosa y Miranda.<\/p>\n\n\n\n<p class=\"wp-block-paragraph\"><\/p>\n\n\n\n<p class=\"wp-block-paragraph\"><strong>Resumen del partido (Fuente: Club Atl\u00e9tico Atlanta \u2013 You Tube):<\/strong><\/p>\n\n\n\n<figure class=\"wp-block-embed is-type-video is-provider-youtube wp-block-embed-youtube wp-embed-aspect-16-9 wp-has-aspect-ratio\"><div class=\"wp-block-embed__wrapper\">\n<iframe loading=\"lazy\" title=\"Chacarita 0-ATLANTA 1 - #Highlights \" width=\"1080\" height=\"608\" src=\"https:\/\/www.youtube.com\/embed\/e4Sfl49l2wg?feature=oembed\" frameborder=\"0\" allow=\"accelerometer; autoplay; clipboard-write; encrypted-media; gyroscope; picture-in-picture; web-share\" referrerpolicy=\"strict-origin-when-cross-origin\" allowfullscreen><\/iframe>\n<\/div><\/figure>\n\n\n\n<p class=\"wp-block-paragraph\"><\/p>\n\n\n\n<p class=\"wp-block-paragraph\"><strong>Caracteres:<\/strong> 2.028<\/p>\n\n\n\n<p class=\"wp-block-paragraph\"><strong>Foto: <\/strong>Atlanta Oficial<\/p>\n\n\n\n<p class=\"wp-block-paragraph\"><\/p>\n<div class=\"pvc_clear\"><\/div><p id=\"pvc_stats_73698\" class=\"pvc_stats all  \" data-element-id=\"73698\" style=\"\"><i class=\"pvc-stats-icon small\" aria-hidden=\"true\"><svg aria-hidden=\"true\" focusable=\"false\" data-prefix=\"far\" data-icon=\"chart-bar\" role=\"img\" xmlns=\"http:\/\/www.w3.org\/2000\/svg\" viewBox=\"0 0 512 512\" class=\"svg-inline--fa fa-chart-bar fa-w-16 fa-2x\"><path fill=\"currentColor\" d=\"M396.8 352h22.4c6.4 0 12.8-6.4 12.8-12.8V108.8c0-6.4-6.4-12.8-12.8-12.8h-22.4c-6.4 0-12.8 6.4-12.8 12.8v230.4c0 6.4 6.4 12.8 12.8 12.8zm-192 0h22.4c6.4 0 12.8-6.4 12.8-12.8V140.8c0-6.4-6.4-12.8-12.8-12.8h-22.4c-6.4 0-12.8 6.4-12.8 12.8v198.4c0 6.4 6.4 12.8 12.8 12.8zm96 0h22.4c6.4 0 12.8-6.4 12.8-12.8V204.8c0-6.4-6.4-12.8-12.8-12.8h-22.4c-6.4 0-12.8 6.4-12.8 12.8v134.4c0 6.4 6.4 12.8 12.8 12.8zM496 400H48V80c0-8.84-7.16-16-16-16H16C7.16 64 0 71.16 0 80v336c0 17.67 14.33 32 32 32h464c8.84 0 16-7.16 16-16v-16c0-8.84-7.16-16-16-16zm-387.2-48h22.4c6.4 0 12.8-6.4 12.8-12.8v-70.4c0-6.4-6.4-12.8-12.8-12.8h-22.4c-6.4 0-12.8 6.4-12.8 12.8v70.4c0 6.4 6.4 12.8 12.8 12.8z\" class=\"\"><\/path><\/svg><\/i> <img loading=\"lazy\" decoding=\"async\" width=\"16\" height=\"16\" alt=\"Loading\" src=\"https:\/\/vocesdelacomuna15.com.ar\/wp-content\/plugins\/page-views-count\/ajax-loader-2x.gif\" border=0 \/><\/p><div class=\"pvc_clear\"><\/div>","protected":false},"excerpt":{"rendered":"<p>Fue 1-0 en San Mart\u00edn con gol de Rodrigo Moreira En la tarde de ayer, el \u201cBohemio\u201d se hizo due\u00f1o por segunda vez en el a\u00f1o del cl\u00e1sico de Villa Crespo. En un colmado estadio en el barrio de Villa Maip\u00fa, en el partido de San Mart\u00edn, por la Fecha 28 de la Primera Nacional, [&hellip;]<\/p>\n<div class=\"pvc_clear\"><\/div>\n<p id=\"pvc_stats_73698\" class=\"pvc_stats all  \" data-element-id=\"73698\" style=\"\"><i class=\"pvc-stats-icon small\" aria-hidden=\"true\"><svg aria-hidden=\"true\" focusable=\"false\" data-prefix=\"far\" data-icon=\"chart-bar\" role=\"img\" xmlns=\"http:\/\/www.w3.org\/2000\/svg\" viewBox=\"0 0 512 512\" class=\"svg-inline--fa fa-chart-bar fa-w-16 fa-2x\"><path fill=\"currentColor\" d=\"M396.8 352h22.4c6.4 0 12.8-6.4 12.8-12.8V108.8c0-6.4-6.4-12.8-12.8-12.8h-22.4c-6.4 0-12.8 6.4-12.8 12.8v230.4c0 6.4 6.4 12.8 12.8 12.8zm-192 0h22.4c6.4 0 12.8-6.4 12.8-12.8V140.8c0-6.4-6.4-12.8-12.8-12.8h-22.4c-6.4 0-12.8 6.4-12.8 12.8v198.4c0 6.4 6.4 12.8 12.8 12.8zm96 0h22.4c6.4 0 12.8-6.4 12.8-12.8V204.8c0-6.4-6.4-12.8-12.8-12.8h-22.4c-6.4 0-12.8 6.4-12.8 12.8v134.4c0 6.4 6.4 12.8 12.8 12.8zM496 400H48V80c0-8.84-7.16-16-16-16H16C7.16 64 0 71.16 0 80v336c0 17.67 14.33 32 32 32h464c8.84 0 16-7.16 16-16v-16c0-8.84-7.16-16-16-16zm-387.2-48h22.4c6.4 0 12.8-6.4 12.8-12.8v-70.4c0-6.4-6.4-12.8-12.8-12.8h-22.4c-6.4 0-12.8 6.4-12.8 12.8v70.4c0 6.4 6.4 12.8 12.8 12.8z\" class=\"\"><\/path><\/svg><\/i> <img loading=\"lazy\" decoding=\"async\" width=\"16\" height=\"16\" alt=\"Loading\" src=\"https:\/\/vocesdelacomuna15.com.ar\/wp-content\/plugins\/page-views-count\/ajax-loader-2x.gif\" border=0 \/><\/p>\n<div class=\"pvc_clear\"><\/div>\n","protected":false},"author":4,"featured_media":73701,"comment_status":"closed","ping_status":"closed","sticky":false,"template":"","format":"standard","meta":{"_et_pb_use_builder":"off","_et_pb_old_content":"","_et_gb_content_width":"","footnotes":""},"categories":[27,32],"tags":[55],"class_list":["post-73698","post","type-post","status-publish","format-standard","has-post-thumbnail","hentry","category-deportes","category-vcre","tag-semanal","et-has-post-format-content","et_post_format-et-post-format-standard"],"a3_pvc":{"activated":true,"total_views":3,"today_views":3},"yoast_head":"<!-- This site is optimized with the Yoast SEO plugin v28.4 - https:\/\/yoast.com\/product\/yoast-seo-wordpress\/ -->\n<title>Atlanta gan\u00f3 el cl\u00e1sico como visitante y empuj\u00f3 a \u201cChaca\u201d a la B Metropolitana - Voces de la Comuna 15<\/title>\n<meta name=\"description\" content=\"Voces de la Comuna 15\" \/>\n<meta name=\"robots\" content=\"index, follow, max-snippet:-1, max-image-preview:large, max-video-preview:-1\" \/>\n<link rel=\"canonical\" href=\"https:\/\/vocesdelacomuna15.com.ar\/press\/atlanta-gano-el-clasico-como-visitante-y-empujo-a-chaca-a-la-b-metropolitana\/\" \/>\n<meta property=\"og:locale\" content=\"es_ES\" \/>\n<meta property=\"og:type\" content=\"article\" \/>\n<meta property=\"og:title\" content=\"Atlanta gan\u00f3 el cl\u00e1sico como visitante y empuj\u00f3 a \u201cChaca\u201d a la B Metropolitana - Voces de la Comuna 15\" \/>\n<meta property=\"og:description\" content=\"Voces de la Comuna 15\" \/>\n<meta property=\"og:url\" content=\"https:\/\/vocesdelacomuna15.com.ar\/press\/atlanta-gano-el-clasico-como-visitante-y-empujo-a-chaca-a-la-b-metropolitana\/\" \/>\n<meta property=\"og:site_name\" content=\"Voces de la Comuna 15\" \/>\n<meta property=\"article:publisher\" content=\"https:\/\/www.facebook.com\/VocesComuna15\/\" \/>\n<meta property=\"article:published_time\" content=\"2026-09-06T14:47:13+00:00\" \/>\n<meta property=\"article:modified_time\" content=\"2026-09-06T14:47:16+00:00\" \/>\n<meta property=\"og:image\" content=\"https:\/\/vocesdelacomuna15.com.ar\/wp-content\/uploads\/2026\/09\/Chaca-Atl.avif\" \/>\n\t<meta property=\"og:image:width\" content=\"1330\" \/>\n\t<meta property=\"og:image:height\" content=\"600\" \/>\n\t<meta property=\"og:image:type\" content=\"image\/jpeg\" \/>\n<meta name=\"author\" content=\"Santi Arguto\" \/>\n<meta name=\"twitter:card\" content=\"summary_large_image\" \/>\n<meta name=\"twitter:creator\" content=\"@vocescomuna15\" \/>\n<meta name=\"twitter:site\" content=\"@vocescomuna15\" \/>\n<meta name=\"twitter:label1\" content=\"Escrito por\" \/>\n\t<meta name=\"twitter:data1\" content=\"Santi Arguto\" \/>\n\t<meta name=\"twitter:label2\" content=\"Tiempo de lectura\" \/>\n\t<meta name=\"twitter:data2\" content=\"2 minutos\" \/>\n<script type=\"application\/ld+json\" class=\"yoast-schema-graph\">{\"@context\":\"https:\\\/\\\/schema.org\",\"@graph\":[{\"@type\":\"Article\",\"@id\":\"https:\\\/\\\/vocesdelacomuna15.com.ar\\\/press\\\/atlanta-gano-el-clasico-como-visitante-y-empujo-a-chaca-a-la-b-metropolitana\\\/#article\",\"isPartOf\":{\"@id\":\"https:\\\/\\\/vocesdelacomuna15.com.ar\\\/press\\\/atlanta-gano-el-clasico-como-visitante-y-empujo-a-chaca-a-la-b-metropolitana\\\/\"},\"author\":{\"name\":\"Santi Arguto\",\"@id\":\"https:\\\/\\\/vocesdelacomuna15.com.ar\\\/press\\\/#\\\/schema\\\/person\\\/5a9545e7d8bd893052ea3220f5e25923\"},\"headline\":\"Atlanta gan\u00f3 el cl\u00e1sico como visitante y empuj\u00f3 a \u201cChaca\u201d a la B Metropolitana\",\"datePublished\":\"2026-09-06T14:47:13+00:00\",\"dateModified\":\"2026-09-06T14:47:16+00:00\",\"mainEntityOfPage\":{\"@id\":\"https:\\\/\\\/vocesdelacomuna15.com.ar\\\/press\\\/atlanta-gano-el-clasico-como-visitante-y-empujo-a-chaca-a-la-b-metropolitana\\\/\"},\"wordCount\":427,\"publisher\":{\"@id\":\"https:\\\/\\\/vocesdelacomuna15.com.ar\\\/press\\\/#organization\"},\"image\":{\"@id\":\"https:\\\/\\\/vocesdelacomuna15.com.ar\\\/press\\\/atlanta-gano-el-clasico-como-visitante-y-empujo-a-chaca-a-la-b-metropolitana\\\/#primaryimage\"},\"thumbnailUrl\":\"https:\\\/\\\/vocesdelacomuna15.com.ar\\\/wp-content\\\/uploads\\\/2026\\\/09\\\/Chaca-Atl.avif\",\"keywords\":[\"semanal\"],\"articleSection\":[\"Deportes\",\"Villa Crespo\"],\"inLanguage\":\"es-AR\"},{\"@type\":\"WebPage\",\"@id\":\"https:\\\/\\\/vocesdelacomuna15.com.ar\\\/press\\\/atlanta-gano-el-clasico-como-visitante-y-empujo-a-chaca-a-la-b-metropolitana\\\/\",\"url\":\"https:\\\/\\\/vocesdelacomuna15.com.ar\\\/press\\\/atlanta-gano-el-clasico-como-visitante-y-empujo-a-chaca-a-la-b-metropolitana\\\/\",\"name\":\"Atlanta gan\u00f3 el cl\u00e1sico como visitante y empuj\u00f3 a \u201cChaca\u201d a la B Metropolitana - Voces de la Comuna 15\",\"isPartOf\":{\"@id\":\"https:\\\/\\\/vocesdelacomuna15.com.ar\\\/press\\\/#website\"},\"primaryImageOfPage\":{\"@id\":\"https:\\\/\\\/vocesdelacomuna15.com.ar\\\/press\\\/atlanta-gano-el-clasico-como-visitante-y-empujo-a-chaca-a-la-b-metropolitana\\\/#primaryimage\"},\"image\":{\"@id\":\"https:\\\/\\\/vocesdelacomuna15.com.ar\\\/press\\\/atlanta-gano-el-clasico-como-visitante-y-empujo-a-chaca-a-la-b-metropolitana\\\/#primaryimage\"},\"thumbnailUrl\":\"https:\\\/\\\/vocesdelacomuna15.com.ar\\\/wp-content\\\/uploads\\\/2026\\\/09\\\/Chaca-Atl.avif\",\"datePublished\":\"2026-09-06T14:47:13+00:00\",\"dateModified\":\"2026-09-06T14:47:16+00:00\",\"description\":\"Voces de la Comuna 15\",\"breadcrumb\":{\"@id\":\"https:\\\/\\\/vocesdelacomuna15.com.ar\\\/press\\\/atlanta-gano-el-clasico-como-visitante-y-empujo-a-chaca-a-la-b-metropolitana\\\/#breadcrumb\"},\"inLanguage\":\"es-AR\",\"potentialAction\":[{\"@type\":\"ReadAction\",\"target\":[\"https:\\\/\\\/vocesdelacomuna15.com.ar\\\/press\\\/atlanta-gano-el-clasico-como-visitante-y-empujo-a-chaca-a-la-b-metropolitana\\\/\"]}]},{\"@type\":\"ImageObject\",\"inLanguage\":\"es-AR\",\"@id\":\"https:\\\/\\\/vocesdelacomuna15.com.ar\\\/press\\\/atlanta-gano-el-clasico-como-visitante-y-empujo-a-chaca-a-la-b-metropolitana\\\/#primaryimage\",\"url\":\"https:\\\/\\\/vocesdelacomuna15.com.ar\\\/wp-content\\\/uploads\\\/2026\\\/09\\\/Chaca-Atl.avif\",\"contentUrl\":\"https:\\\/\\\/vocesdelacomuna15.com.ar\\\/wp-content\\\/uploads\\\/2026\\\/09\\\/Chaca-Atl.avif\",\"width\":1330,\"height\":600},{\"@type\":\"BreadcrumbList\",\"@id\":\"https:\\\/\\\/vocesdelacomuna15.com.ar\\\/press\\\/atlanta-gano-el-clasico-como-visitante-y-empujo-a-chaca-a-la-b-metropolitana\\\/#breadcrumb\",\"itemListElement\":[{\"@type\":\"ListItem\",\"position\":1,\"name\":\"Inicio\",\"item\":\"https:\\\/\\\/vocesdelacomuna15.com.ar\\\/press\\\/\"},{\"@type\":\"ListItem\",\"position\":2,\"name\":\"Atlanta gan\u00f3 el cl\u00e1sico como visitante y empuj\u00f3 a \u201cChaca\u201d a la B Metropolitana\"}]},{\"@type\":\"WebSite\",\"@id\":\"https:\\\/\\\/vocesdelacomuna15.com.ar\\\/press\\\/#website\",\"url\":\"https:\\\/\\\/vocesdelacomuna15.com.ar\\\/press\\\/\",\"name\":\"Voces de la Comuna 15\",\"description\":\"Sitio web de noticias\",\"publisher\":{\"@id\":\"https:\\\/\\\/vocesdelacomuna15.com.ar\\\/press\\\/#organization\"},\"potentialAction\":[{\"@type\":\"SearchAction\",\"target\":{\"@type\":\"EntryPoint\",\"urlTemplate\":\"https:\\\/\\\/vocesdelacomuna15.com.ar\\\/press\\\/?s={search_term_string}\"},\"query-input\":{\"@type\":\"PropertyValueSpecification\",\"valueRequired\":true,\"valueName\":\"search_term_string\"}}],\"inLanguage\":\"es-AR\"},{\"@type\":\"Organization\",\"@id\":\"https:\\\/\\\/vocesdelacomuna15.com.ar\\\/press\\\/#organization\",\"name\":\"Voces de la Comuna 15\",\"url\":\"https:\\\/\\\/vocesdelacomuna15.com.ar\\\/press\\\/\",\"logo\":{\"@type\":\"ImageObject\",\"inLanguage\":\"es-AR\",\"@id\":\"https:\\\/\\\/vocesdelacomuna15.com.ar\\\/press\\\/#\\\/schema\\\/logo\\\/image\\\/\",\"url\":\"https:\\\/\\\/vocesdelacomuna15.com.ar\\\/wp-content\\\/uploads\\\/2024\\\/12\\\/cropped-logo_voces.jpg\",\"contentUrl\":\"https:\\\/\\\/vocesdelacomuna15.com.ar\\\/wp-content\\\/uploads\\\/2024\\\/12\\\/cropped-logo_voces.jpg\",\"width\":512,\"height\":512,\"caption\":\"Voces de la Comuna 15\"},\"image\":{\"@id\":\"https:\\\/\\\/vocesdelacomuna15.com.ar\\\/press\\\/#\\\/schema\\\/logo\\\/image\\\/\"},\"sameAs\":[\"https:\\\/\\\/www.facebook.com\\\/VocesComuna15\\\/\",\"https:\\\/\\\/x.com\\\/vocescomuna15\"]},{\"@type\":\"Person\",\"@id\":\"https:\\\/\\\/vocesdelacomuna15.com.ar\\\/press\\\/#\\\/schema\\\/person\\\/5a9545e7d8bd893052ea3220f5e25923\",\"name\":\"Santi Arguto\",\"image\":{\"@type\":\"ImageObject\",\"inLanguage\":\"es-AR\",\"@id\":\"https:\\\/\\\/vocesdelacomuna15.com.ar\\\/wp-content\\\/litespeed\\\/avatar\\\/6709381648ba56d01d55f394b7a4881a.jpg?ver=1788128146\",\"url\":\"https:\\\/\\\/vocesdelacomuna15.com.ar\\\/wp-content\\\/litespeed\\\/avatar\\\/6709381648ba56d01d55f394b7a4881a.jpg?ver=1788128146\",\"contentUrl\":\"https:\\\/\\\/vocesdelacomuna15.com.ar\\\/wp-content\\\/litespeed\\\/avatar\\\/6709381648ba56d01d55f394b7a4881a.jpg?ver=1788128146\",\"caption\":\"Santi Arguto\"},\"url\":\"https:\\\/\\\/vocesdelacomuna15.com.ar\\\/press\\\/author\\\/santi\\\/\"}]}<\/script>\n<!-- \/ Yoast SEO plugin. -->","yoast_head_json":{"title":"Atlanta gan\u00f3 el cl\u00e1sico como visitante y empuj\u00f3 a \u201cChaca\u201d a la B Metropolitana - Voces de la Comuna 15","description":"Voces de la Comuna 15","robots":{"index":"index","follow":"follow","max-snippet":"max-snippet:-1","max-image-preview":"max-image-preview:large","max-video-preview":"max-video-preview:-1"},"canonical":"https:\/\/vocesdelacomuna15.com.ar\/press\/atlanta-gano-el-clasico-como-visitante-y-empujo-a-chaca-a-la-b-metropolitana\/","og_locale":"es_ES","og_type":"article","og_title":"Atlanta gan\u00f3 el cl\u00e1sico como visitante y empuj\u00f3 a \u201cChaca\u201d a la B Metropolitana - Voces de la Comuna 15","og_description":"Voces de la Comuna 15","og_url":"https:\/\/vocesdelacomuna15.com.ar\/press\/atlanta-gano-el-clasico-como-visitante-y-empujo-a-chaca-a-la-b-metropolitana\/","og_site_name":"Voces de la Comuna 15","article_publisher":"https:\/\/www.facebook.com\/VocesComuna15\/","article_published_time":"2026-09-06T14:47:13+00:00","article_modified_time":"2026-09-06T14:47:16+00:00","og_image":[{"width":1330,"height":600,"url":"https:\/\/vocesdelacomuna15.com.ar\/wp-content\/uploads\/2026\/09\/Chaca-Atl.avif","type":"image\/jpeg"}],"author":"Santi Arguto","twitter_card":"summary_large_image","twitter_creator":"@vocescomuna15","twitter_site":"@vocescomuna15","twitter_misc":{"Escrito por":"Santi Arguto","Tiempo de lectura":"2 minutos"},"schema":{"@context":"https:\/\/schema.org","@graph":[{"@type":"Article","@id":"https:\/\/vocesdelacomuna15.com.ar\/press\/atlanta-gano-el-clasico-como-visitante-y-empujo-a-chaca-a-la-b-metropolitana\/#article","isPartOf":{"@id":"https:\/\/vocesdelacomuna15.com.ar\/press\/atlanta-gano-el-clasico-como-visitante-y-empujo-a-chaca-a-la-b-metropolitana\/"},"author":{"name":"Santi Arguto","@id":"https:\/\/vocesdelacomuna15.com.ar\/press\/#\/schema\/person\/5a9545e7d8bd893052ea3220f5e25923"},"headline":"Atlanta gan\u00f3 el cl\u00e1sico como visitante y empuj\u00f3 a \u201cChaca\u201d a la B Metropolitana","datePublished":"2026-09-06T14:47:13+00:00","dateModified":"2026-09-06T14:47:16+00:00","mainEntityOfPage":{"@id":"https:\/\/vocesdelacomuna15.com.ar\/press\/atlanta-gano-el-clasico-como-visitante-y-empujo-a-chaca-a-la-b-metropolitana\/"},"wordCount":427,"publisher":{"@id":"https:\/\/vocesdelacomuna15.com.ar\/press\/#organization"},"image":{"@id":"https:\/\/vocesdelacomuna15.com.ar\/press\/atlanta-gano-el-clasico-como-visitante-y-empujo-a-chaca-a-la-b-metropolitana\/#primaryimage"},"thumbnailUrl":"https:\/\/vocesdelacomuna15.com.ar\/wp-content\/uploads\/2026\/09\/Chaca-Atl.avif","keywords":["semanal"],"articleSection":["Deportes","Villa Crespo"],"inLanguage":"es-AR"},{"@type":"WebPage","@id":"https:\/\/vocesdelacomuna15.com.ar\/press\/atlanta-gano-el-clasico-como-visitante-y-empujo-a-chaca-a-la-b-metropolitana\/","url":"https:\/\/vocesdelacomuna15.com.ar\/press\/atlanta-gano-el-clasico-como-visitante-y-empujo-a-chaca-a-la-b-metropolitana\/","name":"Atlanta gan\u00f3 el cl\u00e1sico como visitante y empuj\u00f3 a \u201cChaca\u201d a la B Metropolitana - Voces de la Comuna 15","isPartOf":{"@id":"https:\/\/vocesdelacomuna15.com.ar\/press\/#website"},"primaryImageOfPage":{"@id":"https:\/\/vocesdelacomuna15.com.ar\/press\/atlanta-gano-el-clasico-como-visitante-y-empujo-a-chaca-a-la-b-metropolitana\/#primaryimage"},"image":{"@id":"https:\/\/vocesdelacomuna15.com.ar\/press\/atlanta-gano-el-clasico-como-visitante-y-empujo-a-chaca-a-la-b-metropolitana\/#primaryimage"},"thumbnailUrl":"https:\/\/vocesdelacomuna15.com.ar\/wp-content\/uploads\/2026\/09\/Chaca-Atl.avif","datePublished":"2026-09-06T14:47:13+00:00","dateModified":"2026-09-06T14:47:16+00:00","description":"Voces de la Comuna 15","breadcrumb":{"@id":"https:\/\/vocesdelacomuna15.com.ar\/press\/atlanta-gano-el-clasico-como-visitante-y-empujo-a-chaca-a-la-b-metropolitana\/#breadcrumb"},"inLanguage":"es-AR","potentialAction":[{"@type":"ReadAction","target":["https:\/\/vocesdelacomuna15.com.ar\/press\/atlanta-gano-el-clasico-como-visitante-y-empujo-a-chaca-a-la-b-metropolitana\/"]}]},{"@type":"ImageObject","inLanguage":"es-AR","@id":"https:\/\/vocesdelacomuna15.com.ar\/press\/atlanta-gano-el-clasico-como-visitante-y-empujo-a-chaca-a-la-b-metropolitana\/#primaryimage","url":"https:\/\/vocesdelacomuna15.com.ar\/wp-content\/uploads\/2026\/09\/Chaca-Atl.avif","contentUrl":"https:\/\/vocesdelacomuna15.com.ar\/wp-content\/uploads\/2026\/09\/Chaca-Atl.avif","width":1330,"height":600},{"@type":"BreadcrumbList","@id":"https:\/\/vocesdelacomuna15.com.ar\/press\/atlanta-gano-el-clasico-como-visitante-y-empujo-a-chaca-a-la-b-metropolitana\/#breadcrumb","itemListElement":[{"@type":"ListItem","position":1,"name":"Inicio","item":"https:\/\/vocesdelacomuna15.com.ar\/press\/"},{"@type":"ListItem","position":2,"name":"Atlanta gan\u00f3 el cl\u00e1sico como visitante y empuj\u00f3 a \u201cChaca\u201d a la B Metropolitana"}]},{"@type":"WebSite","@id":"https:\/\/vocesdelacomuna15.com.ar\/press\/#website","url":"https:\/\/vocesdelacomuna15.com.ar\/press\/","name":"Voces de la Comuna 15","description":"Sitio web de noticias","publisher":{"@id":"https:\/\/vocesdelacomuna15.com.ar\/press\/#organization"},"potentialAction":[{"@type":"SearchAction","target":{"@type":"EntryPoint","urlTemplate":"https:\/\/vocesdelacomuna15.com.ar\/press\/?s={search_term_string}"},"query-input":{"@type":"PropertyValueSpecification","valueRequired":true,"valueName":"search_term_string"}}],"inLanguage":"es-AR"},{"@type":"Organization","@id":"https:\/\/vocesdelacomuna15.com.ar\/press\/#organization","name":"Voces de la Comuna 15","url":"https:\/\/vocesdelacomuna15.com.ar\/press\/","logo":{"@type":"ImageObject","inLanguage":"es-AR","@id":"https:\/\/vocesdelacomuna15.com.ar\/press\/#\/schema\/logo\/image\/","url":"https:\/\/vocesdelacomuna15.com.ar\/wp-content\/uploads\/2024\/12\/cropped-logo_voces.jpg","contentUrl":"https:\/\/vocesdelacomuna15.com.ar\/wp-content\/uploads\/2024\/12\/cropped-logo_voces.jpg","width":512,"height":512,"caption":"Voces de la Comuna 15"},"image":{"@id":"https:\/\/vocesdelacomuna15.com.ar\/press\/#\/schema\/logo\/image\/"},"sameAs":["https:\/\/www.facebook.com\/VocesComuna15\/","https:\/\/x.com\/vocescomuna15"]},{"@type":"Person","@id":"https:\/\/vocesdelacomuna15.com.ar\/press\/#\/schema\/person\/5a9545e7d8bd893052ea3220f5e25923","name":"Santi Arguto","image":{"@type":"ImageObject","inLanguage":"es-AR","@id":"https:\/\/vocesdelacomuna15.com.ar\/wp-content\/litespeed\/avatar\/6709381648ba56d01d55f394b7a4881a.jpg?ver=1788128146","url":"https:\/\/vocesdelacomuna15.com.ar\/wp-content\/litespeed\/avatar\/6709381648ba56d01d55f394b7a4881a.jpg?ver=1788128146","contentUrl":"https:\/\/vocesdelacomuna15.com.ar\/wp-content\/litespeed\/avatar\/6709381648ba56d01d55f394b7a4881a.jpg?ver=1788128146","caption":"Santi Arguto"},"url":"https:\/\/vocesdelacomuna15.com.ar\/press\/author\/santi\/"}]}},"_links":{"self":[{"href":"https:\/\/vocesdelacomuna15.com.ar\/press\/wp-json\/wp\/v2\/posts\/73698","targetHints":{"allow":["GET"]}}],"collection":[{"href":"https:\/\/vocesdelacomuna15.com.ar\/press\/wp-json\/wp\/v2\/posts"}],"about":[{"href":"https:\/\/vocesdelacomuna15.com.ar\/press\/wp-json\/wp\/v2\/types\/post"}],"author":[{"embeddable":true,"href":"https:\/\/vocesdelacomuna15.com.ar\/press\/wp-json\/wp\/v2\/users\/4"}],"replies":[{"embeddable":true,"href":"https:\/\/vocesdelacomuna15.com.ar\/press\/wp-json\/wp\/v2\/comments?post=73698"}],"version-history":[{"count":2,"href":"https:\/\/vocesdelacomuna15.com.ar\/press\/wp-json\/wp\/v2\/posts\/73698\/revisions"}],"predecessor-version":[{"id":73702,"href":"https:\/\/vocesdelacomuna15.com.ar\/press\/wp-json\/wp\/v2\/posts\/73698\/revisions\/73702"}],"wp:featuredmedia":[{"embeddable":true,"href":"https:\/\/vocesdelacomuna15.com.ar\/press\/wp-json\/wp\/v2\/media\/73701"}],"wp:attachment":[{"href":"https:\/\/vocesdelacomuna15.com.ar\/press\/wp-json\/wp\/v2\/media?parent=73698"}],"wp:term":[{"taxonomy":"category","embeddable":true,"href":"https:\/\/vocesdelacomuna15.com.ar\/press\/wp-json\/wp\/v2\/categories?post=73698"},{"taxonomy":"post_tag","embeddable":true,"href":"https:\/\/vocesdelacomuna15.com.ar\/press\/wp-json\/wp\/v2\/tags?post=73698"}],"curies":[{"name":"wp","href":"https:\/\/api.w.org\/{rel}","templated":true}]}}