{"id":73667,"date":"2026-09-04T14:03:10","date_gmt":"2026-09-04T17:03:10","guid":{"rendered":"https:\/\/vocesdelacomuna15.com.ar\/press\/?p=73667"},"modified":"2026-09-04T14:03:13","modified_gmt":"2026-09-04T17:03:13","slug":"es-campeon-de-patin-hacia-una-coreografia-en-el-subte-para-juntar-dinero-y-un-hombre-lo-agredio-la-reaccion-del-resto-de-los-pasajeros","status":"publish","type":"post","link":"https:\/\/vocesdelacomuna15.com.ar\/press\/es-campeon-de-patin-hacia-una-coreografia-en-el-subte-para-juntar-dinero-y-un-hombre-lo-agredio-la-reaccion-del-resto-de-los-pasajeros\/","title":{"rendered":"Es campe\u00f3n de pat\u00edn, hac\u00eda una coreograf\u00eda en el subte para juntar dinero y un hombre lo agredi\u00f3: la reacci\u00f3n del resto de los pasajeros"},"content":{"rendered":"\n<p class=\"wp-block-paragraph\">Fuente: https:\/\/www.infobae.com\/<\/p>\n\n\n\n<p class=\"wp-block-paragraph\">Lucas Ben\u00edtez, multicampe\u00f3n y miembro del seleccionado argentino, fue agredido dos veces durante una de sus performances en la L\u00ednea B; otros viajeros intervinieron y lo defendieron<\/p>\n\n\n\n<p class=\"wp-block-paragraph\"><strong>Lucas Ben\u00edtez<\/strong>, multicampe\u00f3n de\u00a0<strong>patinaje art\u00edstico<\/strong>\u00a0y miembro del seleccionado argentino de la disciplina, protagoniz\u00f3 un tenso episodio en la\u00a0<strong>L\u00ednea B<\/strong>\u00a0del\u00a0<strong>subte de Buenos Aires<\/strong>, este martes. Un pasajero\u00a0<strong>intent\u00f3 hacerlo caer<\/strong>\u00a0en dos oportunidades poni\u00e9ndole el pie mientras realizaba una de sus habituales performances en un vag\u00f3n. El momento qued\u00f3 filmado y, seg\u00fan trascendi\u00f3 a partir de un video que circul\u00f3 en redes sociales, fue otro viajero presente en la formaci\u00f3n quien decidi\u00f3 compartir las im\u00e1genes.<\/p>\n\n\n\n<p class=\"wp-block-paragraph\">Ben\u00edtez\u00a0<strong>hace m\u00e1s de<\/strong>\u00a0<strong>diez a\u00f1os que lleva su arte a los vagones\u00a0<\/strong>del transporte p\u00fablico porte\u00f1o. Estas presentaciones le sirven para\u00a0<strong>recaudar fondos\u00a0<\/strong>que le permiten sostener su carrera competitiva, dado que su categor\u00eda no recibe financiamiento estatal. Con ese recorrido, el patinador se convirti\u00f3 en una figura conocida entre los pasajeros habituales, quienes suelen filmar y difundir sus intervenciones en distintas l\u00edneas de la red de subterr\u00e1neos.<\/p>\n\n\n\n<h2 class=\"wp-block-heading\">El pasajero intent\u00f3 hacerlo caer dos veces durante la coreograf\u00eda<\/h2>\n\n\n\n<p class=\"wp-block-paragraph\">Seg\u00fan se observa en las im\u00e1genes difundidas, el agresor extendi\u00f3 su pie en el recorrido de Ben\u00edtez en dos momentos distintos, con la clara intenci\u00f3n de derribarlo mientras el patinador ejecutaba su coreograf\u00eda. La maniobra no pas\u00f3 inadvertida para el resto de los viajeros que compart\u00edan el vag\u00f3n, quienes reaccionaron de inmediato ante lo que vieron.<\/p>\n\n\n\n<p class=\"wp-block-paragraph\">Ante la reiteraci\u00f3n de la agresi\u00f3n, varios pasajeros se acercaron al joven y lo increparon para que pidiera disculpas al deportista.&nbsp;<strong>\u201c\u00a1Pedile perd\u00f3n!\u201d<\/strong>, se escucha en el registro. Otro hombre, cara a cara con el acusado, le reclam\u00f3 con firmeza:&nbsp;<strong>\u201cTe vimos todos\u201d<\/strong>. El agresor, lejos de reconocer su accionar, respondi\u00f3:&nbsp;<strong>\u201c\u00bfQu\u00e9 le voy a pedir perd\u00f3n? \u00bfQui\u00e9n sos vos?\u201d<\/strong><\/p>\n\n\n\n<p class=\"wp-block-paragraph\">El intercambio verbal subi\u00f3 de tono por unos instantes, aunque la situaci\u00f3n no deriv\u00f3 en mayores incidentes. La presi\u00f3n colectiva de los otros pasajeros logr\u00f3 contener la escena antes de que escalara.<\/p>\n\n\n\n<figure class=\"wp-block-image aligncenter size-full\"><img loading=\"lazy\" decoding=\"async\" width=\"992\" height=\"558\" src=\"https:\/\/vocesdelacomuna15.com.ar\/wp-content\/uploads\/2026\/09\/SDSLWNQDVFANZCVW63YKEHSKII.avif\" alt=\"\" class=\"wp-image-73669\" srcset=\"https:\/\/vocesdelacomuna15.com.ar\/wp-content\/uploads\/2026\/09\/SDSLWNQDVFANZCVW63YKEHSKII.avif 992w, https:\/\/vocesdelacomuna15.com.ar\/wp-content\/uploads\/2026\/09\/SDSLWNQDVFANZCVW63YKEHSKII-300x169.avif 300w, https:\/\/vocesdelacomuna15.com.ar\/wp-content\/uploads\/2026\/09\/SDSLWNQDVFANZCVW63YKEHSKII-768x432.avif 768w\" sizes=\"(max-width: 992px) 100vw, 992px\" \/><\/figure>\n\n\n\n<h2 class=\"wp-block-heading\">La reacci\u00f3n de los viajeros fren\u00f3 la agresi\u00f3n y el patinador retom\u00f3 su show<\/h2>\n\n\n\n<p class=\"wp-block-paragraph\">La intervenci\u00f3n del resto de los viajeros result\u00f3 determinante para frenar el episodio. Tras el cruce verbal, la tensi\u00f3n se disip\u00f3 y Ben\u00edtez&nbsp;<strong>pudo retomar su coreograf\u00eda sin mayores inconvenientes<\/strong>. La pasajera, quien grab\u00f3 el video lo comparti\u00f3 en redes con un mensaje de apoyo al patinador y de reconocimiento hacia quienes reaccionaron: \u201cFinal feliz, aguante la gente que no mira para un costado ante estas actitudes disfrazadas de personas\u201d.<\/p>\n\n\n\n<p class=\"wp-block-paragraph\">La difusi\u00f3n del material gener\u00f3 una respuesta inmediata en las plataformas digitales. Usuarios de distintas redes&nbsp;<strong>repudiaron la conducta del agresor&nbsp;<\/strong>y celebraron la solidaridad demostrada por los otros pasajeros. El clip se sum\u00f3 a la larga lista de videos de las presentaciones de Ben\u00edtez que se viralizan con frecuencia en internet, donde el patinador acumul\u00f3 una base de seguidores que sigue de cerca su actividad tanto deportiva como art\u00edstica.<\/p>\n\n\n\n<h2 class=\"wp-block-heading\">Ben\u00edtez integra el seleccionado argentino y acumula cinco oros nacionales<\/h2>\n\n\n\n<p class=\"wp-block-paragraph\">M\u00e1s all\u00e1 de su faceta como artista urbano, Ben\u00edtez cuenta con una destacada trayectoria deportiva. Integra el seleccionado argentino de patinaje art\u00edstico y acumul\u00f3&nbsp;<strong>una medalla de plata y cinco medallas de oro<\/strong>&nbsp;en competencias nacionales. Su doble actividad \u2014la de competidor de alto rendimiento y la de performer en vagones del subte\u2014 refleja las limitaciones de financiamiento que enfrentan los atletas en disciplinas sin respaldo estatal.<\/p>\n\n\n\n<p class=\"wp-block-paragraph\">Luego de haber realizado presentaciones durante m\u00e1s de diez a\u00f1os en distintos transportes p\u00fablicos, el deportista logr\u00f3 establecer un v\u00ednculo fuerte y duradero con el grupo de personas que lo encuentran habitualmente mientras realizan sus trayectos diarios.<\/p>\n\n\n\n<p class=\"wp-block-paragraph\">El episodio que ocurri\u00f3 el martes, lejos de interrumpir o afectar el desarrollo de su actividad, tuvo el efecto de llevar al primer plano no solo su propia figura, sino tambi\u00e9n la de los pasajeros que decidieron no permanecer al margen frente a una situaci\u00f3n de agresi\u00f3n.<\/p>\n\n\n\n<p class=\"wp-block-paragraph\">Caracteres: 3938<\/p>\n\n\n\n<p class=\"wp-block-paragraph\"><\/p>\n<div class=\"pvc_clear\"><\/div><p id=\"pvc_stats_73667\" class=\"pvc_stats all  \" data-element-id=\"73667\" style=\"\"><i class=\"pvc-stats-icon small\" aria-hidden=\"true\"><svg aria-hidden=\"true\" focusable=\"false\" data-prefix=\"far\" data-icon=\"chart-bar\" role=\"img\" xmlns=\"http:\/\/www.w3.org\/2000\/svg\" viewBox=\"0 0 512 512\" class=\"svg-inline--fa fa-chart-bar fa-w-16 fa-2x\"><path fill=\"currentColor\" d=\"M396.8 352h22.4c6.4 0 12.8-6.4 12.8-12.8V108.8c0-6.4-6.4-12.8-12.8-12.8h-22.4c-6.4 0-12.8 6.4-12.8 12.8v230.4c0 6.4 6.4 12.8 12.8 12.8zm-192 0h22.4c6.4 0 12.8-6.4 12.8-12.8V140.8c0-6.4-6.4-12.8-12.8-12.8h-22.4c-6.4 0-12.8 6.4-12.8 12.8v198.4c0 6.4 6.4 12.8 12.8 12.8zm96 0h22.4c6.4 0 12.8-6.4 12.8-12.8V204.8c0-6.4-6.4-12.8-12.8-12.8h-22.4c-6.4 0-12.8 6.4-12.8 12.8v134.4c0 6.4 6.4 12.8 12.8 12.8zM496 400H48V80c0-8.84-7.16-16-16-16H16C7.16 64 0 71.16 0 80v336c0 17.67 14.33 32 32 32h464c8.84 0 16-7.16 16-16v-16c0-8.84-7.16-16-16-16zm-387.2-48h22.4c6.4 0 12.8-6.4 12.8-12.8v-70.4c0-6.4-6.4-12.8-12.8-12.8h-22.4c-6.4 0-12.8 6.4-12.8 12.8v70.4c0 6.4 6.4 12.8 12.8 12.8z\" class=\"\"><\/path><\/svg><\/i> <img loading=\"lazy\" decoding=\"async\" width=\"16\" height=\"16\" alt=\"Loading\" src=\"https:\/\/vocesdelacomuna15.com.ar\/wp-content\/plugins\/page-views-count\/ajax-loader-2x.gif\" border=0 \/><\/p><div class=\"pvc_clear\"><\/div>","protected":false},"excerpt":{"rendered":"<p>Fuente: https:\/\/www.infobae.com\/ Lucas Ben\u00edtez, multicampe\u00f3n y miembro del seleccionado argentino, fue agredido dos veces durante una de sus performances en la L\u00ednea B; otros viajeros intervinieron y lo defendieron Lucas Ben\u00edtez, multicampe\u00f3n de\u00a0patinaje art\u00edstico\u00a0y miembro del seleccionado argentino de la disciplina, protagoniz\u00f3 un tenso episodio en la\u00a0L\u00ednea B\u00a0del\u00a0subte de Buenos Aires, este martes. Un pasajero\u00a0intent\u00f3 [&hellip;]<\/p>\n<div class=\"pvc_clear\"><\/div>\n<p id=\"pvc_stats_73667\" class=\"pvc_stats all  \" data-element-id=\"73667\" style=\"\"><i class=\"pvc-stats-icon small\" aria-hidden=\"true\"><svg aria-hidden=\"true\" focusable=\"false\" data-prefix=\"far\" data-icon=\"chart-bar\" role=\"img\" xmlns=\"http:\/\/www.w3.org\/2000\/svg\" viewBox=\"0 0 512 512\" class=\"svg-inline--fa fa-chart-bar fa-w-16 fa-2x\"><path fill=\"currentColor\" d=\"M396.8 352h22.4c6.4 0 12.8-6.4 12.8-12.8V108.8c0-6.4-6.4-12.8-12.8-12.8h-22.4c-6.4 0-12.8 6.4-12.8 12.8v230.4c0 6.4 6.4 12.8 12.8 12.8zm-192 0h22.4c6.4 0 12.8-6.4 12.8-12.8V140.8c0-6.4-6.4-12.8-12.8-12.8h-22.4c-6.4 0-12.8 6.4-12.8 12.8v198.4c0 6.4 6.4 12.8 12.8 12.8zm96 0h22.4c6.4 0 12.8-6.4 12.8-12.8V204.8c0-6.4-6.4-12.8-12.8-12.8h-22.4c-6.4 0-12.8 6.4-12.8 12.8v134.4c0 6.4 6.4 12.8 12.8 12.8zM496 400H48V80c0-8.84-7.16-16-16-16H16C7.16 64 0 71.16 0 80v336c0 17.67 14.33 32 32 32h464c8.84 0 16-7.16 16-16v-16c0-8.84-7.16-16-16-16zm-387.2-48h22.4c6.4 0 12.8-6.4 12.8-12.8v-70.4c0-6.4-6.4-12.8-12.8-12.8h-22.4c-6.4 0-12.8 6.4-12.8 12.8v70.4c0 6.4 6.4 12.8 12.8 12.8z\" class=\"\"><\/path><\/svg><\/i> <img loading=\"lazy\" decoding=\"async\" width=\"16\" height=\"16\" alt=\"Loading\" src=\"https:\/\/vocesdelacomuna15.com.ar\/wp-content\/plugins\/page-views-count\/ajax-loader-2x.gif\" border=0 \/><\/p>\n<div class=\"pvc_clear\"><\/div>\n","protected":false},"author":2,"featured_media":73670,"comment_status":"closed","ping_status":"closed","sticky":false,"template":"","format":"standard","meta":{"_et_pb_use_builder":"off","_et_pb_old_content":"","_et_gb_content_width":"","footnotes":""},"categories":[26],"tags":[],"class_list":["post-73667","post","type-post","status-publish","format-standard","has-post-thumbnail","hentry","category-ciudad","et-has-post-format-content","et_post_format-et-post-format-standard"],"a3_pvc":{"activated":true,"total_views":3,"today_views":3},"yoast_head":"<!-- This site is optimized with the Yoast SEO plugin v28.4 - https:\/\/yoast.com\/product\/yoast-seo-wordpress\/ -->\n<title>Es campe\u00f3n de pat\u00edn, hac\u00eda una coreograf\u00eda en el subte para juntar dinero y un hombre lo agredi\u00f3: la reacci\u00f3n del resto de los pasajeros - Voces de la Comuna 15<\/title>\n<meta name=\"description\" content=\"Voces de la Comuna 15\" \/>\n<meta name=\"robots\" content=\"index, follow, max-snippet:-1, max-image-preview:large, max-video-preview:-1\" \/>\n<link rel=\"canonical\" href=\"https:\/\/vocesdelacomuna15.com.ar\/press\/es-campeon-de-patin-hacia-una-coreografia-en-el-subte-para-juntar-dinero-y-un-hombre-lo-agredio-la-reaccion-del-resto-de-los-pasajeros\/\" \/>\n<meta property=\"og:locale\" content=\"es_ES\" \/>\n<meta property=\"og:type\" content=\"article\" \/>\n<meta property=\"og:title\" content=\"Es campe\u00f3n de pat\u00edn, hac\u00eda una coreograf\u00eda en el subte para juntar dinero y un hombre lo agredi\u00f3: la reacci\u00f3n del resto de los pasajeros - Voces de la Comuna 15\" \/>\n<meta property=\"og:description\" content=\"Voces de la Comuna 15\" \/>\n<meta property=\"og:url\" content=\"https:\/\/vocesdelacomuna15.com.ar\/press\/es-campeon-de-patin-hacia-una-coreografia-en-el-subte-para-juntar-dinero-y-un-hombre-lo-agredio-la-reaccion-del-resto-de-los-pasajeros\/\" \/>\n<meta property=\"og:site_name\" content=\"Voces de la Comuna 15\" \/>\n<meta property=\"article:publisher\" content=\"https:\/\/www.facebook.com\/VocesComuna15\/\" \/>\n<meta property=\"article:published_time\" content=\"2026-09-04T17:03:10+00:00\" \/>\n<meta property=\"article:modified_time\" content=\"2026-09-04T17:03:13+00:00\" \/>\n<meta property=\"og:image\" content=\"https:\/\/vocesdelacomuna15.com.ar\/wp-content\/uploads\/2026\/09\/1.avif\" \/>\n\t<meta property=\"og:image:width\" content=\"992\" \/>\n\t<meta property=\"og:image:height\" content=\"639\" \/>\n\t<meta property=\"og:image:type\" content=\"image\/jpeg\" \/>\n<meta name=\"author\" content=\"Federico Arguto\" \/>\n<meta name=\"twitter:card\" content=\"summary_large_image\" \/>\n<meta name=\"twitter:creator\" content=\"@vocescomuna15\" \/>\n<meta name=\"twitter:site\" content=\"@vocescomuna15\" \/>\n<meta name=\"twitter:label1\" content=\"Escrito por\" \/>\n\t<meta name=\"twitter:data1\" content=\"Federico Arguto\" \/>\n\t<meta name=\"twitter:label2\" content=\"Tiempo de lectura\" \/>\n\t<meta name=\"twitter:data2\" content=\"4 minutos\" \/>\n<script type=\"application\/ld+json\" class=\"yoast-schema-graph\">{\"@context\":\"https:\\\/\\\/schema.org\",\"@graph\":[{\"@type\":\"Article\",\"@id\":\"https:\\\/\\\/vocesdelacomuna15.com.ar\\\/press\\\/es-campeon-de-patin-hacia-una-coreografia-en-el-subte-para-juntar-dinero-y-un-hombre-lo-agredio-la-reaccion-del-resto-de-los-pasajeros\\\/#article\",\"isPartOf\":{\"@id\":\"https:\\\/\\\/vocesdelacomuna15.com.ar\\\/press\\\/es-campeon-de-patin-hacia-una-coreografia-en-el-subte-para-juntar-dinero-y-un-hombre-lo-agredio-la-reaccion-del-resto-de-los-pasajeros\\\/\"},\"author\":{\"name\":\"Federico Arguto\",\"@id\":\"https:\\\/\\\/vocesdelacomuna15.com.ar\\\/press\\\/#\\\/schema\\\/person\\\/4739e109db25d799cd3d139eeb509e43\"},\"headline\":\"Es campe\u00f3n de pat\u00edn, hac\u00eda una coreograf\u00eda en el subte para juntar dinero y un hombre lo agredi\u00f3: la reacci\u00f3n del resto de los pasajeros\",\"datePublished\":\"2026-09-04T17:03:10+00:00\",\"dateModified\":\"2026-09-04T17:03:13+00:00\",\"mainEntityOfPage\":{\"@id\":\"https:\\\/\\\/vocesdelacomuna15.com.ar\\\/press\\\/es-campeon-de-patin-hacia-una-coreografia-en-el-subte-para-juntar-dinero-y-un-hombre-lo-agredio-la-reaccion-del-resto-de-los-pasajeros\\\/\"},\"wordCount\":747,\"publisher\":{\"@id\":\"https:\\\/\\\/vocesdelacomuna15.com.ar\\\/press\\\/#organization\"},\"image\":{\"@id\":\"https:\\\/\\\/vocesdelacomuna15.com.ar\\\/press\\\/es-campeon-de-patin-hacia-una-coreografia-en-el-subte-para-juntar-dinero-y-un-hombre-lo-agredio-la-reaccion-del-resto-de-los-pasajeros\\\/#primaryimage\"},\"thumbnailUrl\":\"https:\\\/\\\/vocesdelacomuna15.com.ar\\\/wp-content\\\/uploads\\\/2026\\\/09\\\/1.avif\",\"articleSection\":[\"Ciudad\"],\"inLanguage\":\"es-AR\"},{\"@type\":\"WebPage\",\"@id\":\"https:\\\/\\\/vocesdelacomuna15.com.ar\\\/press\\\/es-campeon-de-patin-hacia-una-coreografia-en-el-subte-para-juntar-dinero-y-un-hombre-lo-agredio-la-reaccion-del-resto-de-los-pasajeros\\\/\",\"url\":\"https:\\\/\\\/vocesdelacomuna15.com.ar\\\/press\\\/es-campeon-de-patin-hacia-una-coreografia-en-el-subte-para-juntar-dinero-y-un-hombre-lo-agredio-la-reaccion-del-resto-de-los-pasajeros\\\/\",\"name\":\"Es campe\u00f3n de pat\u00edn, hac\u00eda una coreograf\u00eda en el subte para juntar dinero y un hombre lo agredi\u00f3: la reacci\u00f3n del resto de los pasajeros - Voces de la Comuna 15\",\"isPartOf\":{\"@id\":\"https:\\\/\\\/vocesdelacomuna15.com.ar\\\/press\\\/#website\"},\"primaryImageOfPage\":{\"@id\":\"https:\\\/\\\/vocesdelacomuna15.com.ar\\\/press\\\/es-campeon-de-patin-hacia-una-coreografia-en-el-subte-para-juntar-dinero-y-un-hombre-lo-agredio-la-reaccion-del-resto-de-los-pasajeros\\\/#primaryimage\"},\"image\":{\"@id\":\"https:\\\/\\\/vocesdelacomuna15.com.ar\\\/press\\\/es-campeon-de-patin-hacia-una-coreografia-en-el-subte-para-juntar-dinero-y-un-hombre-lo-agredio-la-reaccion-del-resto-de-los-pasajeros\\\/#primaryimage\"},\"thumbnailUrl\":\"https:\\\/\\\/vocesdelacomuna15.com.ar\\\/wp-content\\\/uploads\\\/2026\\\/09\\\/1.avif\",\"datePublished\":\"2026-09-04T17:03:10+00:00\",\"dateModified\":\"2026-09-04T17:03:13+00:00\",\"description\":\"Voces de la Comuna 15\",\"breadcrumb\":{\"@id\":\"https:\\\/\\\/vocesdelacomuna15.com.ar\\\/press\\\/es-campeon-de-patin-hacia-una-coreografia-en-el-subte-para-juntar-dinero-y-un-hombre-lo-agredio-la-reaccion-del-resto-de-los-pasajeros\\\/#breadcrumb\"},\"inLanguage\":\"es-AR\",\"potentialAction\":[{\"@type\":\"ReadAction\",\"target\":[\"https:\\\/\\\/vocesdelacomuna15.com.ar\\\/press\\\/es-campeon-de-patin-hacia-una-coreografia-en-el-subte-para-juntar-dinero-y-un-hombre-lo-agredio-la-reaccion-del-resto-de-los-pasajeros\\\/\"]}]},{\"@type\":\"ImageObject\",\"inLanguage\":\"es-AR\",\"@id\":\"https:\\\/\\\/vocesdelacomuna15.com.ar\\\/press\\\/es-campeon-de-patin-hacia-una-coreografia-en-el-subte-para-juntar-dinero-y-un-hombre-lo-agredio-la-reaccion-del-resto-de-los-pasajeros\\\/#primaryimage\",\"url\":\"https:\\\/\\\/vocesdelacomuna15.com.ar\\\/wp-content\\\/uploads\\\/2026\\\/09\\\/1.avif\",\"contentUrl\":\"https:\\\/\\\/vocesdelacomuna15.com.ar\\\/wp-content\\\/uploads\\\/2026\\\/09\\\/1.avif\",\"width\":992,\"height\":639},{\"@type\":\"BreadcrumbList\",\"@id\":\"https:\\\/\\\/vocesdelacomuna15.com.ar\\\/press\\\/es-campeon-de-patin-hacia-una-coreografia-en-el-subte-para-juntar-dinero-y-un-hombre-lo-agredio-la-reaccion-del-resto-de-los-pasajeros\\\/#breadcrumb\",\"itemListElement\":[{\"@type\":\"ListItem\",\"position\":1,\"name\":\"Inicio\",\"item\":\"https:\\\/\\\/vocesdelacomuna15.com.ar\\\/press\\\/\"},{\"@type\":\"ListItem\",\"position\":2,\"name\":\"Es campe\u00f3n de pat\u00edn, hac\u00eda una coreograf\u00eda en el subte para juntar dinero y un hombre lo agredi\u00f3: la reacci\u00f3n del resto de los pasajeros\"}]},{\"@type\":\"WebSite\",\"@id\":\"https:\\\/\\\/vocesdelacomuna15.com.ar\\\/press\\\/#website\",\"url\":\"https:\\\/\\\/vocesdelacomuna15.com.ar\\\/press\\\/\",\"name\":\"Voces de la Comuna 15\",\"description\":\"Sitio web de noticias\",\"publisher\":{\"@id\":\"https:\\\/\\\/vocesdelacomuna15.com.ar\\\/press\\\/#organization\"},\"potentialAction\":[{\"@type\":\"SearchAction\",\"target\":{\"@type\":\"EntryPoint\",\"urlTemplate\":\"https:\\\/\\\/vocesdelacomuna15.com.ar\\\/press\\\/?s={search_term_string}\"},\"query-input\":{\"@type\":\"PropertyValueSpecification\",\"valueRequired\":true,\"valueName\":\"search_term_string\"}}],\"inLanguage\":\"es-AR\"},{\"@type\":\"Organization\",\"@id\":\"https:\\\/\\\/vocesdelacomuna15.com.ar\\\/press\\\/#organization\",\"name\":\"Voces de la Comuna 15\",\"url\":\"https:\\\/\\\/vocesdelacomuna15.com.ar\\\/press\\\/\",\"logo\":{\"@type\":\"ImageObject\",\"inLanguage\":\"es-AR\",\"@id\":\"https:\\\/\\\/vocesdelacomuna15.com.ar\\\/press\\\/#\\\/schema\\\/logo\\\/image\\\/\",\"url\":\"https:\\\/\\\/vocesdelacomuna15.com.ar\\\/wp-content\\\/uploads\\\/2024\\\/12\\\/cropped-logo_voces.jpg\",\"contentUrl\":\"https:\\\/\\\/vocesdelacomuna15.com.ar\\\/wp-content\\\/uploads\\\/2024\\\/12\\\/cropped-logo_voces.jpg\",\"width\":512,\"height\":512,\"caption\":\"Voces de la Comuna 15\"},\"image\":{\"@id\":\"https:\\\/\\\/vocesdelacomuna15.com.ar\\\/press\\\/#\\\/schema\\\/logo\\\/image\\\/\"},\"sameAs\":[\"https:\\\/\\\/www.facebook.com\\\/VocesComuna15\\\/\",\"https:\\\/\\\/x.com\\\/vocescomuna15\"]},{\"@type\":\"Person\",\"@id\":\"https:\\\/\\\/vocesdelacomuna15.com.ar\\\/press\\\/#\\\/schema\\\/person\\\/4739e109db25d799cd3d139eeb509e43\",\"name\":\"Federico Arguto\",\"image\":{\"@type\":\"ImageObject\",\"inLanguage\":\"es-AR\",\"@id\":\"https:\\\/\\\/vocesdelacomuna15.com.ar\\\/wp-content\\\/litespeed\\\/avatar\\\/82faf979976f1bae889b8b71f8a0a7e5.jpg?ver=1788307505\",\"url\":\"https:\\\/\\\/vocesdelacomuna15.com.ar\\\/wp-content\\\/litespeed\\\/avatar\\\/82faf979976f1bae889b8b71f8a0a7e5.jpg?ver=1788307505\",\"contentUrl\":\"https:\\\/\\\/vocesdelacomuna15.com.ar\\\/wp-content\\\/litespeed\\\/avatar\\\/82faf979976f1bae889b8b71f8a0a7e5.jpg?ver=1788307505\",\"caption\":\"Federico Arguto\"},\"url\":\"https:\\\/\\\/vocesdelacomuna15.com.ar\\\/press\\\/author\\\/fede\\\/\"}]}<\/script>\n<!-- \/ Yoast SEO plugin. -->","yoast_head_json":{"title":"Es campe\u00f3n de pat\u00edn, hac\u00eda una coreograf\u00eda en el subte para juntar dinero y un hombre lo agredi\u00f3: la reacci\u00f3n del resto de los pasajeros - Voces de la Comuna 15","description":"Voces de la Comuna 15","robots":{"index":"index","follow":"follow","max-snippet":"max-snippet:-1","max-image-preview":"max-image-preview:large","max-video-preview":"max-video-preview:-1"},"canonical":"https:\/\/vocesdelacomuna15.com.ar\/press\/es-campeon-de-patin-hacia-una-coreografia-en-el-subte-para-juntar-dinero-y-un-hombre-lo-agredio-la-reaccion-del-resto-de-los-pasajeros\/","og_locale":"es_ES","og_type":"article","og_title":"Es campe\u00f3n de pat\u00edn, hac\u00eda una coreograf\u00eda en el subte para juntar dinero y un hombre lo agredi\u00f3: la reacci\u00f3n del resto de los pasajeros - Voces de la Comuna 15","og_description":"Voces de la Comuna 15","og_url":"https:\/\/vocesdelacomuna15.com.ar\/press\/es-campeon-de-patin-hacia-una-coreografia-en-el-subte-para-juntar-dinero-y-un-hombre-lo-agredio-la-reaccion-del-resto-de-los-pasajeros\/","og_site_name":"Voces de la Comuna 15","article_publisher":"https:\/\/www.facebook.com\/VocesComuna15\/","article_published_time":"2026-09-04T17:03:10+00:00","article_modified_time":"2026-09-04T17:03:13+00:00","og_image":[{"width":992,"height":639,"url":"https:\/\/vocesdelacomuna15.com.ar\/wp-content\/uploads\/2026\/09\/1.avif","type":"image\/jpeg"}],"author":"Federico Arguto","twitter_card":"summary_large_image","twitter_creator":"@vocescomuna15","twitter_site":"@vocescomuna15","twitter_misc":{"Escrito por":"Federico Arguto","Tiempo de lectura":"4 minutos"},"schema":{"@context":"https:\/\/schema.org","@graph":[{"@type":"Article","@id":"https:\/\/vocesdelacomuna15.com.ar\/press\/es-campeon-de-patin-hacia-una-coreografia-en-el-subte-para-juntar-dinero-y-un-hombre-lo-agredio-la-reaccion-del-resto-de-los-pasajeros\/#article","isPartOf":{"@id":"https:\/\/vocesdelacomuna15.com.ar\/press\/es-campeon-de-patin-hacia-una-coreografia-en-el-subte-para-juntar-dinero-y-un-hombre-lo-agredio-la-reaccion-del-resto-de-los-pasajeros\/"},"author":{"name":"Federico Arguto","@id":"https:\/\/vocesdelacomuna15.com.ar\/press\/#\/schema\/person\/4739e109db25d799cd3d139eeb509e43"},"headline":"Es campe\u00f3n de pat\u00edn, hac\u00eda una coreograf\u00eda en el subte para juntar dinero y un hombre lo agredi\u00f3: la reacci\u00f3n del resto de los pasajeros","datePublished":"2026-09-04T17:03:10+00:00","dateModified":"2026-09-04T17:03:13+00:00","mainEntityOfPage":{"@id":"https:\/\/vocesdelacomuna15.com.ar\/press\/es-campeon-de-patin-hacia-una-coreografia-en-el-subte-para-juntar-dinero-y-un-hombre-lo-agredio-la-reaccion-del-resto-de-los-pasajeros\/"},"wordCount":747,"publisher":{"@id":"https:\/\/vocesdelacomuna15.com.ar\/press\/#organization"},"image":{"@id":"https:\/\/vocesdelacomuna15.com.ar\/press\/es-campeon-de-patin-hacia-una-coreografia-en-el-subte-para-juntar-dinero-y-un-hombre-lo-agredio-la-reaccion-del-resto-de-los-pasajeros\/#primaryimage"},"thumbnailUrl":"https:\/\/vocesdelacomuna15.com.ar\/wp-content\/uploads\/2026\/09\/1.avif","articleSection":["Ciudad"],"inLanguage":"es-AR"},{"@type":"WebPage","@id":"https:\/\/vocesdelacomuna15.com.ar\/press\/es-campeon-de-patin-hacia-una-coreografia-en-el-subte-para-juntar-dinero-y-un-hombre-lo-agredio-la-reaccion-del-resto-de-los-pasajeros\/","url":"https:\/\/vocesdelacomuna15.com.ar\/press\/es-campeon-de-patin-hacia-una-coreografia-en-el-subte-para-juntar-dinero-y-un-hombre-lo-agredio-la-reaccion-del-resto-de-los-pasajeros\/","name":"Es campe\u00f3n de pat\u00edn, hac\u00eda una coreograf\u00eda en el subte para juntar dinero y un hombre lo agredi\u00f3: la reacci\u00f3n del resto de los pasajeros - Voces de la Comuna 15","isPartOf":{"@id":"https:\/\/vocesdelacomuna15.com.ar\/press\/#website"},"primaryImageOfPage":{"@id":"https:\/\/vocesdelacomuna15.com.ar\/press\/es-campeon-de-patin-hacia-una-coreografia-en-el-subte-para-juntar-dinero-y-un-hombre-lo-agredio-la-reaccion-del-resto-de-los-pasajeros\/#primaryimage"},"image":{"@id":"https:\/\/vocesdelacomuna15.com.ar\/press\/es-campeon-de-patin-hacia-una-coreografia-en-el-subte-para-juntar-dinero-y-un-hombre-lo-agredio-la-reaccion-del-resto-de-los-pasajeros\/#primaryimage"},"thumbnailUrl":"https:\/\/vocesdelacomuna15.com.ar\/wp-content\/uploads\/2026\/09\/1.avif","datePublished":"2026-09-04T17:03:10+00:00","dateModified":"2026-09-04T17:03:13+00:00","description":"Voces de la Comuna 15","breadcrumb":{"@id":"https:\/\/vocesdelacomuna15.com.ar\/press\/es-campeon-de-patin-hacia-una-coreografia-en-el-subte-para-juntar-dinero-y-un-hombre-lo-agredio-la-reaccion-del-resto-de-los-pasajeros\/#breadcrumb"},"inLanguage":"es-AR","potentialAction":[{"@type":"ReadAction","target":["https:\/\/vocesdelacomuna15.com.ar\/press\/es-campeon-de-patin-hacia-una-coreografia-en-el-subte-para-juntar-dinero-y-un-hombre-lo-agredio-la-reaccion-del-resto-de-los-pasajeros\/"]}]},{"@type":"ImageObject","inLanguage":"es-AR","@id":"https:\/\/vocesdelacomuna15.com.ar\/press\/es-campeon-de-patin-hacia-una-coreografia-en-el-subte-para-juntar-dinero-y-un-hombre-lo-agredio-la-reaccion-del-resto-de-los-pasajeros\/#primaryimage","url":"https:\/\/vocesdelacomuna15.com.ar\/wp-content\/uploads\/2026\/09\/1.avif","contentUrl":"https:\/\/vocesdelacomuna15.com.ar\/wp-content\/uploads\/2026\/09\/1.avif","width":992,"height":639},{"@type":"BreadcrumbList","@id":"https:\/\/vocesdelacomuna15.com.ar\/press\/es-campeon-de-patin-hacia-una-coreografia-en-el-subte-para-juntar-dinero-y-un-hombre-lo-agredio-la-reaccion-del-resto-de-los-pasajeros\/#breadcrumb","itemListElement":[{"@type":"ListItem","position":1,"name":"Inicio","item":"https:\/\/vocesdelacomuna15.com.ar\/press\/"},{"@type":"ListItem","position":2,"name":"Es campe\u00f3n de pat\u00edn, hac\u00eda una coreograf\u00eda en el subte para juntar dinero y un hombre lo agredi\u00f3: la reacci\u00f3n del resto de los pasajeros"}]},{"@type":"WebSite","@id":"https:\/\/vocesdelacomuna15.com.ar\/press\/#website","url":"https:\/\/vocesdelacomuna15.com.ar\/press\/","name":"Voces de la Comuna 15","description":"Sitio web de noticias","publisher":{"@id":"https:\/\/vocesdelacomuna15.com.ar\/press\/#organization"},"potentialAction":[{"@type":"SearchAction","target":{"@type":"EntryPoint","urlTemplate":"https:\/\/vocesdelacomuna15.com.ar\/press\/?s={search_term_string}"},"query-input":{"@type":"PropertyValueSpecification","valueRequired":true,"valueName":"search_term_string"}}],"inLanguage":"es-AR"},{"@type":"Organization","@id":"https:\/\/vocesdelacomuna15.com.ar\/press\/#organization","name":"Voces de la Comuna 15","url":"https:\/\/vocesdelacomuna15.com.ar\/press\/","logo":{"@type":"ImageObject","inLanguage":"es-AR","@id":"https:\/\/vocesdelacomuna15.com.ar\/press\/#\/schema\/logo\/image\/","url":"https:\/\/vocesdelacomuna15.com.ar\/wp-content\/uploads\/2024\/12\/cropped-logo_voces.jpg","contentUrl":"https:\/\/vocesdelacomuna15.com.ar\/wp-content\/uploads\/2024\/12\/cropped-logo_voces.jpg","width":512,"height":512,"caption":"Voces de la Comuna 15"},"image":{"@id":"https:\/\/vocesdelacomuna15.com.ar\/press\/#\/schema\/logo\/image\/"},"sameAs":["https:\/\/www.facebook.com\/VocesComuna15\/","https:\/\/x.com\/vocescomuna15"]},{"@type":"Person","@id":"https:\/\/vocesdelacomuna15.com.ar\/press\/#\/schema\/person\/4739e109db25d799cd3d139eeb509e43","name":"Federico Arguto","image":{"@type":"ImageObject","inLanguage":"es-AR","@id":"https:\/\/vocesdelacomuna15.com.ar\/wp-content\/litespeed\/avatar\/82faf979976f1bae889b8b71f8a0a7e5.jpg?ver=1788307505","url":"https:\/\/vocesdelacomuna15.com.ar\/wp-content\/litespeed\/avatar\/82faf979976f1bae889b8b71f8a0a7e5.jpg?ver=1788307505","contentUrl":"https:\/\/vocesdelacomuna15.com.ar\/wp-content\/litespeed\/avatar\/82faf979976f1bae889b8b71f8a0a7e5.jpg?ver=1788307505","caption":"Federico Arguto"},"url":"https:\/\/vocesdelacomuna15.com.ar\/press\/author\/fede\/"}]}},"_links":{"self":[{"href":"https:\/\/vocesdelacomuna15.com.ar\/press\/wp-json\/wp\/v2\/posts\/73667","targetHints":{"allow":["GET"]}}],"collection":[{"href":"https:\/\/vocesdelacomuna15.com.ar\/press\/wp-json\/wp\/v2\/posts"}],"about":[{"href":"https:\/\/vocesdelacomuna15.com.ar\/press\/wp-json\/wp\/v2\/types\/post"}],"author":[{"embeddable":true,"href":"https:\/\/vocesdelacomuna15.com.ar\/press\/wp-json\/wp\/v2\/users\/2"}],"replies":[{"embeddable":true,"href":"https:\/\/vocesdelacomuna15.com.ar\/press\/wp-json\/wp\/v2\/comments?post=73667"}],"version-history":[{"count":2,"href":"https:\/\/vocesdelacomuna15.com.ar\/press\/wp-json\/wp\/v2\/posts\/73667\/revisions"}],"predecessor-version":[{"id":73671,"href":"https:\/\/vocesdelacomuna15.com.ar\/press\/wp-json\/wp\/v2\/posts\/73667\/revisions\/73671"}],"wp:featuredmedia":[{"embeddable":true,"href":"https:\/\/vocesdelacomuna15.com.ar\/press\/wp-json\/wp\/v2\/media\/73670"}],"wp:attachment":[{"href":"https:\/\/vocesdelacomuna15.com.ar\/press\/wp-json\/wp\/v2\/media?parent=73667"}],"wp:term":[{"taxonomy":"category","embeddable":true,"href":"https:\/\/vocesdelacomuna15.com.ar\/press\/wp-json\/wp\/v2\/categories?post=73667"},{"taxonomy":"post_tag","embeddable":true,"href":"https:\/\/vocesdelacomuna15.com.ar\/press\/wp-json\/wp\/v2\/tags?post=73667"}],"curies":[{"name":"wp","href":"https:\/\/api.w.org\/{rel}","templated":true}]}}