{"id":73652,"date":"2026-09-04T11:56:11","date_gmt":"2026-09-04T14:56:11","guid":{"rendered":"https:\/\/vocesdelacomuna15.com.ar\/press\/?p=73652"},"modified":"2026-09-04T12:03:43","modified_gmt":"2026-09-04T15:03:43","slug":"fauba-creo-su-propia-inteligencia-artificial-como-funciona-noema","status":"publish","type":"post","link":"https:\/\/vocesdelacomuna15.com.ar\/press\/fauba-creo-su-propia-inteligencia-artificial-como-funciona-noema\/","title":{"rendered":"FAUBA cre\u00f3 su propia inteligencia artificial: c\u00f3mo funciona Noema"},"content":{"rendered":"\n<p class=\"wp-block-paragraph\">Fuente: prensafauba@agro.uba.ar<\/p>\n\n\n\n<p class=\"wp-block-paragraph\">La&nbsp;Facultad de Agronom\u00eda de la UBA&nbsp;desarroll\u00f3&nbsp;Noema, una capacidad institucional de inteligencia artificial que&nbsp;funciona sobre servidores propios&nbsp;y ya se aplica en procesos de gesti\u00f3n. El objetivo es avanzar hacia una tecnolog\u00eda que pueda utilizarse tambi\u00e9n en recursos humanos, docencia, investigaci\u00f3n y vinculaci\u00f3n.<\/p>\n\n\n\n<p class=\"wp-block-paragraph\">\u201cYa no se trata solamente de utilizar herramientas desarrolladas por empresas tecnol\u00f3gicas externas, sino de&nbsp;construir una capacidad propia, integrada a la infraestructura de la instituci\u00f3n y pensada para responder a sus necesidades espec\u00edficas\u201d, explic\u00f3&nbsp;Gustavo Marcello, director de la Unidad de Tecnolog\u00eda de Informaci\u00f3n de la FAUBA y uno de sus creadores.&nbsp;<\/p>\n\n\n\n<p class=\"wp-block-paragraph\">El proyecto busca que&nbsp;la Facultad pueda administrar su propia infraestructura, sus datos y los modelos que utiliza, al tiempo que desarrolla soluciones para distintas \u00e1reas de la comunidad universitaria.<\/p>\n\n\n\n<p class=\"wp-block-paragraph\">\u201cNoema no es una aplicaci\u00f3n aislada ni un producto cerrado. Es el n\u00facleo de inteligencia de un ecosistema de soluciones especializadas\u201d, revel\u00f3 Marcello. Seg\u00fan se\u00f1al\u00f3, se trata de una infraestructura com\u00fan que&nbsp;puede prestar servicios a diferentes sistemas y crecer de acuerdo con las prioridades de la instituci\u00f3n.<\/p>\n\n\n\n<p class=\"wp-block-paragraph\">El nombre Noema proviene del griego&nbsp;<em>n\u00f3\u0113ma<\/em>, un concepto utilizado en filosof\u00eda para referirse a aquello que ha sido comprendido, al significado que surge luego de un proceso de interpretaci\u00f3n. \u201cLa elecci\u00f3n del nombre busca expresar la misi\u00f3n del proyecto:&nbsp;transformar informaci\u00f3n en conocimiento \u00fatil para las personas y para la toma de decisiones\u201d, agreg\u00f3.&nbsp;<\/p>\n\n\n\n<p class=\"wp-block-paragraph\">Uno de los principales objetivos del desarrollo de la IA es fortalecer la autonom\u00eda tecnol\u00f3gica de la FAUBA.&nbsp;La infraestructura de Noema es administrada internamente por la Facultad.<\/p>\n\n\n\n<p class=\"wp-block-paragraph\">El primer desarrollo de Noema ya est\u00e1 en funcionamiento en el \u00e1rea administrativa. El Sistema de Generaci\u00f3n de Rendiciones utiliza inteligencia artificial para automatizar parte de la rendici\u00f3n de gastos realizados mediante adelantos de fondos institucionales.&nbsp;El sistema identifica facturas y tickets, extrae informaci\u00f3n y reduce la carga manual de datos y la posibilidad de errores.<\/p>\n\n\n\n<p class=\"wp-block-paragraph\">Adem\u00e1s, la herramienta puede detectar inconsistencias y posibles duplicaciones, establecer plazos, enviar notificaciones y registrar el historial de cada tr\u00e1mite. \u201cTambi\u00e9n permite conocer cu\u00e1nto tiempo permanece una rendici\u00f3n en cada etapa y verificar, mediante huellas digitales, que la documentaci\u00f3n presentada a trav\u00e9s del GDE coincida con la generada por el sistema. De esta manera, el proceso gana en automatizaci\u00f3n, trazabilidad y control\u201d, se\u00f1al\u00f3 Marcello.<\/p>\n\n\n\n<p class=\"wp-block-paragraph\">La infraestructura fue pensada para extenderse a otras \u00e1reas de la Facultad. En Recursos Humanos, puede contribuir al an\u00e1lisis del desarrollo profesional y a la identificaci\u00f3n de necesidades de capacitaci\u00f3n; en docencia, se proyectan herramientas de apoyo a la ense\u00f1anza y el aprendizaje basadas en informaci\u00f3n acad\u00e9mica y bibliograf\u00eda validada por las c\u00e1tedras. Tambi\u00e9n se contemplan aplicaciones para investigaci\u00f3n y vinculaci\u00f3n institucional.<\/p>\n\n\n\n<p class=\"wp-block-paragraph\">Para Gustavo Marcello, el proyecto implica repensar el papel de las universidades frente al avance de la inteligencia artificial. La FAUBA busca no limitarse a utilizar herramientas desarrolladas por terceros, sino tambi\u00e9n comprenderlas, desarrollar soluciones propias y establecer criterios para gobernarlas. As\u00ed,&nbsp;Noema transforma a la inteligencia artificial de un servicio externo en una capacidad institucional, orientada a reducir tareas repetitivas y liberar tiempo para actividades que requieren an\u00e1lisis, creatividad y toma de decisiones.<\/p>\n\n\n\n<p class=\"wp-block-paragraph\">Caracteres: 3571<\/p>\n<div class=\"pvc_clear\"><\/div><p id=\"pvc_stats_73652\" class=\"pvc_stats all  \" data-element-id=\"73652\" style=\"\"><i class=\"pvc-stats-icon small\" aria-hidden=\"true\"><svg aria-hidden=\"true\" focusable=\"false\" data-prefix=\"far\" data-icon=\"chart-bar\" role=\"img\" xmlns=\"http:\/\/www.w3.org\/2000\/svg\" viewBox=\"0 0 512 512\" class=\"svg-inline--fa fa-chart-bar fa-w-16 fa-2x\"><path fill=\"currentColor\" d=\"M396.8 352h22.4c6.4 0 12.8-6.4 12.8-12.8V108.8c0-6.4-6.4-12.8-12.8-12.8h-22.4c-6.4 0-12.8 6.4-12.8 12.8v230.4c0 6.4 6.4 12.8 12.8 12.8zm-192 0h22.4c6.4 0 12.8-6.4 12.8-12.8V140.8c0-6.4-6.4-12.8-12.8-12.8h-22.4c-6.4 0-12.8 6.4-12.8 12.8v198.4c0 6.4 6.4 12.8 12.8 12.8zm96 0h22.4c6.4 0 12.8-6.4 12.8-12.8V204.8c0-6.4-6.4-12.8-12.8-12.8h-22.4c-6.4 0-12.8 6.4-12.8 12.8v134.4c0 6.4 6.4 12.8 12.8 12.8zM496 400H48V80c0-8.84-7.16-16-16-16H16C7.16 64 0 71.16 0 80v336c0 17.67 14.33 32 32 32h464c8.84 0 16-7.16 16-16v-16c0-8.84-7.16-16-16-16zm-387.2-48h22.4c6.4 0 12.8-6.4 12.8-12.8v-70.4c0-6.4-6.4-12.8-12.8-12.8h-22.4c-6.4 0-12.8 6.4-12.8 12.8v70.4c0 6.4 6.4 12.8 12.8 12.8z\" class=\"\"><\/path><\/svg><\/i> <img loading=\"lazy\" decoding=\"async\" width=\"16\" height=\"16\" alt=\"Loading\" src=\"https:\/\/vocesdelacomuna15.com.ar\/wp-content\/plugins\/page-views-count\/ajax-loader-2x.gif\" border=0 \/><\/p><div class=\"pvc_clear\"><\/div>","protected":false},"excerpt":{"rendered":"<p>Fuente: prensafauba@agro.uba.ar La&nbsp;Facultad de Agronom\u00eda de la UBA&nbsp;desarroll\u00f3&nbsp;Noema, una capacidad institucional de inteligencia artificial que&nbsp;funciona sobre servidores propios&nbsp;y ya se aplica en procesos de gesti\u00f3n. El objetivo es avanzar hacia una tecnolog\u00eda que pueda utilizarse tambi\u00e9n en recursos humanos, docencia, investigaci\u00f3n y vinculaci\u00f3n. \u201cYa no se trata solamente de utilizar herramientas desarrolladas por empresas tecnol\u00f3gicas [&hellip;]<\/p>\n<div class=\"pvc_clear\"><\/div>\n<p id=\"pvc_stats_73652\" class=\"pvc_stats all  \" data-element-id=\"73652\" style=\"\"><i class=\"pvc-stats-icon small\" aria-hidden=\"true\"><svg aria-hidden=\"true\" focusable=\"false\" data-prefix=\"far\" data-icon=\"chart-bar\" role=\"img\" xmlns=\"http:\/\/www.w3.org\/2000\/svg\" viewBox=\"0 0 512 512\" class=\"svg-inline--fa fa-chart-bar fa-w-16 fa-2x\"><path fill=\"currentColor\" d=\"M396.8 352h22.4c6.4 0 12.8-6.4 12.8-12.8V108.8c0-6.4-6.4-12.8-12.8-12.8h-22.4c-6.4 0-12.8 6.4-12.8 12.8v230.4c0 6.4 6.4 12.8 12.8 12.8zm-192 0h22.4c6.4 0 12.8-6.4 12.8-12.8V140.8c0-6.4-6.4-12.8-12.8-12.8h-22.4c-6.4 0-12.8 6.4-12.8 12.8v198.4c0 6.4 6.4 12.8 12.8 12.8zm96 0h22.4c6.4 0 12.8-6.4 12.8-12.8V204.8c0-6.4-6.4-12.8-12.8-12.8h-22.4c-6.4 0-12.8 6.4-12.8 12.8v134.4c0 6.4 6.4 12.8 12.8 12.8zM496 400H48V80c0-8.84-7.16-16-16-16H16C7.16 64 0 71.16 0 80v336c0 17.67 14.33 32 32 32h464c8.84 0 16-7.16 16-16v-16c0-8.84-7.16-16-16-16zm-387.2-48h22.4c6.4 0 12.8-6.4 12.8-12.8v-70.4c0-6.4-6.4-12.8-12.8-12.8h-22.4c-6.4 0-12.8 6.4-12.8 12.8v70.4c0 6.4 6.4 12.8 12.8 12.8z\" class=\"\"><\/path><\/svg><\/i> <img loading=\"lazy\" decoding=\"async\" width=\"16\" height=\"16\" alt=\"Loading\" src=\"https:\/\/vocesdelacomuna15.com.ar\/wp-content\/plugins\/page-views-count\/ajax-loader-2x.gif\" border=0 \/><\/p>\n<div class=\"pvc_clear\"><\/div>\n","protected":false},"author":2,"featured_media":73658,"comment_status":"closed","ping_status":"closed","sticky":false,"template":"","format":"standard","meta":{"_et_pb_use_builder":"off","_et_pb_old_content":"","_et_gb_content_width":"","footnotes":""},"categories":[6,43],"tags":[],"class_list":["post-73652","post","type-post","status-publish","format-standard","has-post-thumbnail","hentry","category-agro","category-educacion","et-has-post-format-content","et_post_format-et-post-format-standard"],"a3_pvc":{"activated":true,"total_views":5,"today_views":5},"yoast_head":"<!-- This site is optimized with the Yoast SEO plugin v28.4 - https:\/\/yoast.com\/product\/yoast-seo-wordpress\/ -->\n<title>FAUBA cre\u00f3 su propia inteligencia artificial: c\u00f3mo funciona Noema - Voces de la Comuna 15<\/title>\n<meta name=\"description\" content=\"Voces de la Comuna 15\" \/>\n<meta name=\"robots\" content=\"index, follow, max-snippet:-1, max-image-preview:large, max-video-preview:-1\" \/>\n<link rel=\"canonical\" href=\"https:\/\/vocesdelacomuna15.com.ar\/press\/fauba-creo-su-propia-inteligencia-artificial-como-funciona-noema\/\" \/>\n<meta property=\"og:locale\" content=\"es_ES\" \/>\n<meta property=\"og:type\" content=\"article\" \/>\n<meta property=\"og:title\" content=\"FAUBA cre\u00f3 su propia inteligencia artificial: c\u00f3mo funciona Noema - Voces de la Comuna 15\" \/>\n<meta property=\"og:description\" content=\"Voces de la Comuna 15\" \/>\n<meta property=\"og:url\" content=\"https:\/\/vocesdelacomuna15.com.ar\/press\/fauba-creo-su-propia-inteligencia-artificial-como-funciona-noema\/\" \/>\n<meta property=\"og:site_name\" content=\"Voces de la Comuna 15\" \/>\n<meta property=\"article:publisher\" content=\"https:\/\/www.facebook.com\/VocesComuna15\/\" \/>\n<meta property=\"article:published_time\" content=\"2026-09-04T14:56:11+00:00\" \/>\n<meta property=\"article:modified_time\" content=\"2026-09-04T15:03:43+00:00\" \/>\n<meta property=\"og:image\" content=\"https:\/\/vocesdelacomuna15.com.ar\/wp-content\/uploads\/2026\/09\/uba.avif\" \/>\n\t<meta property=\"og:image:width\" content=\"2200\" \/>\n\t<meta property=\"og:image:height\" content=\"1019\" \/>\n\t<meta property=\"og:image:type\" content=\"image\/jpeg\" \/>\n<meta name=\"author\" content=\"Federico Arguto\" \/>\n<meta name=\"twitter:card\" content=\"summary_large_image\" \/>\n<meta name=\"twitter:creator\" content=\"@vocescomuna15\" \/>\n<meta name=\"twitter:site\" content=\"@vocescomuna15\" \/>\n<meta name=\"twitter:label1\" content=\"Escrito por\" \/>\n\t<meta name=\"twitter:data1\" content=\"Federico Arguto\" \/>\n\t<meta name=\"twitter:label2\" content=\"Tiempo de lectura\" \/>\n\t<meta name=\"twitter:data2\" content=\"3 minutos\" \/>\n<script type=\"application\/ld+json\" class=\"yoast-schema-graph\">{\"@context\":\"https:\\\/\\\/schema.org\",\"@graph\":[{\"@type\":\"Article\",\"@id\":\"https:\\\/\\\/vocesdelacomuna15.com.ar\\\/press\\\/fauba-creo-su-propia-inteligencia-artificial-como-funciona-noema\\\/#article\",\"isPartOf\":{\"@id\":\"https:\\\/\\\/vocesdelacomuna15.com.ar\\\/press\\\/fauba-creo-su-propia-inteligencia-artificial-como-funciona-noema\\\/\"},\"author\":{\"name\":\"Federico Arguto\",\"@id\":\"https:\\\/\\\/vocesdelacomuna15.com.ar\\\/press\\\/#\\\/schema\\\/person\\\/4739e109db25d799cd3d139eeb509e43\"},\"headline\":\"FAUBA cre\u00f3 su propia inteligencia artificial: c\u00f3mo funciona Noema\",\"datePublished\":\"2026-09-04T14:56:11+00:00\",\"dateModified\":\"2026-09-04T15:03:43+00:00\",\"mainEntityOfPage\":{\"@id\":\"https:\\\/\\\/vocesdelacomuna15.com.ar\\\/press\\\/fauba-creo-su-propia-inteligencia-artificial-como-funciona-noema\\\/\"},\"wordCount\":598,\"publisher\":{\"@id\":\"https:\\\/\\\/vocesdelacomuna15.com.ar\\\/press\\\/#organization\"},\"image\":{\"@id\":\"https:\\\/\\\/vocesdelacomuna15.com.ar\\\/press\\\/fauba-creo-su-propia-inteligencia-artificial-como-funciona-noema\\\/#primaryimage\"},\"thumbnailUrl\":\"https:\\\/\\\/vocesdelacomuna15.com.ar\\\/wp-content\\\/uploads\\\/2026\\\/09\\\/uba.avif\",\"articleSection\":[\"Agronom\u00eda\",\"Educacion\"],\"inLanguage\":\"es-AR\"},{\"@type\":\"WebPage\",\"@id\":\"https:\\\/\\\/vocesdelacomuna15.com.ar\\\/press\\\/fauba-creo-su-propia-inteligencia-artificial-como-funciona-noema\\\/\",\"url\":\"https:\\\/\\\/vocesdelacomuna15.com.ar\\\/press\\\/fauba-creo-su-propia-inteligencia-artificial-como-funciona-noema\\\/\",\"name\":\"FAUBA cre\u00f3 su propia inteligencia artificial: c\u00f3mo funciona Noema - Voces de la Comuna 15\",\"isPartOf\":{\"@id\":\"https:\\\/\\\/vocesdelacomuna15.com.ar\\\/press\\\/#website\"},\"primaryImageOfPage\":{\"@id\":\"https:\\\/\\\/vocesdelacomuna15.com.ar\\\/press\\\/fauba-creo-su-propia-inteligencia-artificial-como-funciona-noema\\\/#primaryimage\"},\"image\":{\"@id\":\"https:\\\/\\\/vocesdelacomuna15.com.ar\\\/press\\\/fauba-creo-su-propia-inteligencia-artificial-como-funciona-noema\\\/#primaryimage\"},\"thumbnailUrl\":\"https:\\\/\\\/vocesdelacomuna15.com.ar\\\/wp-content\\\/uploads\\\/2026\\\/09\\\/uba.avif\",\"datePublished\":\"2026-09-04T14:56:11+00:00\",\"dateModified\":\"2026-09-04T15:03:43+00:00\",\"description\":\"Voces de la Comuna 15\",\"breadcrumb\":{\"@id\":\"https:\\\/\\\/vocesdelacomuna15.com.ar\\\/press\\\/fauba-creo-su-propia-inteligencia-artificial-como-funciona-noema\\\/#breadcrumb\"},\"inLanguage\":\"es-AR\",\"potentialAction\":[{\"@type\":\"ReadAction\",\"target\":[\"https:\\\/\\\/vocesdelacomuna15.com.ar\\\/press\\\/fauba-creo-su-propia-inteligencia-artificial-como-funciona-noema\\\/\"]}]},{\"@type\":\"ImageObject\",\"inLanguage\":\"es-AR\",\"@id\":\"https:\\\/\\\/vocesdelacomuna15.com.ar\\\/press\\\/fauba-creo-su-propia-inteligencia-artificial-como-funciona-noema\\\/#primaryimage\",\"url\":\"https:\\\/\\\/vocesdelacomuna15.com.ar\\\/wp-content\\\/uploads\\\/2026\\\/09\\\/uba.avif\",\"contentUrl\":\"https:\\\/\\\/vocesdelacomuna15.com.ar\\\/wp-content\\\/uploads\\\/2026\\\/09\\\/uba.avif\",\"width\":2200,\"height\":1019},{\"@type\":\"BreadcrumbList\",\"@id\":\"https:\\\/\\\/vocesdelacomuna15.com.ar\\\/press\\\/fauba-creo-su-propia-inteligencia-artificial-como-funciona-noema\\\/#breadcrumb\",\"itemListElement\":[{\"@type\":\"ListItem\",\"position\":1,\"name\":\"Inicio\",\"item\":\"https:\\\/\\\/vocesdelacomuna15.com.ar\\\/press\\\/\"},{\"@type\":\"ListItem\",\"position\":2,\"name\":\"FAUBA cre\u00f3 su propia inteligencia artificial: c\u00f3mo funciona Noema\"}]},{\"@type\":\"WebSite\",\"@id\":\"https:\\\/\\\/vocesdelacomuna15.com.ar\\\/press\\\/#website\",\"url\":\"https:\\\/\\\/vocesdelacomuna15.com.ar\\\/press\\\/\",\"name\":\"Voces de la Comuna 15\",\"description\":\"Sitio web de noticias\",\"publisher\":{\"@id\":\"https:\\\/\\\/vocesdelacomuna15.com.ar\\\/press\\\/#organization\"},\"potentialAction\":[{\"@type\":\"SearchAction\",\"target\":{\"@type\":\"EntryPoint\",\"urlTemplate\":\"https:\\\/\\\/vocesdelacomuna15.com.ar\\\/press\\\/?s={search_term_string}\"},\"query-input\":{\"@type\":\"PropertyValueSpecification\",\"valueRequired\":true,\"valueName\":\"search_term_string\"}}],\"inLanguage\":\"es-AR\"},{\"@type\":\"Organization\",\"@id\":\"https:\\\/\\\/vocesdelacomuna15.com.ar\\\/press\\\/#organization\",\"name\":\"Voces de la Comuna 15\",\"url\":\"https:\\\/\\\/vocesdelacomuna15.com.ar\\\/press\\\/\",\"logo\":{\"@type\":\"ImageObject\",\"inLanguage\":\"es-AR\",\"@id\":\"https:\\\/\\\/vocesdelacomuna15.com.ar\\\/press\\\/#\\\/schema\\\/logo\\\/image\\\/\",\"url\":\"https:\\\/\\\/vocesdelacomuna15.com.ar\\\/wp-content\\\/uploads\\\/2024\\\/12\\\/cropped-logo_voces.jpg\",\"contentUrl\":\"https:\\\/\\\/vocesdelacomuna15.com.ar\\\/wp-content\\\/uploads\\\/2024\\\/12\\\/cropped-logo_voces.jpg\",\"width\":512,\"height\":512,\"caption\":\"Voces de la Comuna 15\"},\"image\":{\"@id\":\"https:\\\/\\\/vocesdelacomuna15.com.ar\\\/press\\\/#\\\/schema\\\/logo\\\/image\\\/\"},\"sameAs\":[\"https:\\\/\\\/www.facebook.com\\\/VocesComuna15\\\/\",\"https:\\\/\\\/x.com\\\/vocescomuna15\"]},{\"@type\":\"Person\",\"@id\":\"https:\\\/\\\/vocesdelacomuna15.com.ar\\\/press\\\/#\\\/schema\\\/person\\\/4739e109db25d799cd3d139eeb509e43\",\"name\":\"Federico Arguto\",\"image\":{\"@type\":\"ImageObject\",\"inLanguage\":\"es-AR\",\"@id\":\"https:\\\/\\\/vocesdelacomuna15.com.ar\\\/wp-content\\\/litespeed\\\/avatar\\\/82faf979976f1bae889b8b71f8a0a7e5.jpg?ver=1788307505\",\"url\":\"https:\\\/\\\/vocesdelacomuna15.com.ar\\\/wp-content\\\/litespeed\\\/avatar\\\/82faf979976f1bae889b8b71f8a0a7e5.jpg?ver=1788307505\",\"contentUrl\":\"https:\\\/\\\/vocesdelacomuna15.com.ar\\\/wp-content\\\/litespeed\\\/avatar\\\/82faf979976f1bae889b8b71f8a0a7e5.jpg?ver=1788307505\",\"caption\":\"Federico Arguto\"},\"url\":\"https:\\\/\\\/vocesdelacomuna15.com.ar\\\/press\\\/author\\\/fede\\\/\"}]}<\/script>\n<!-- \/ Yoast SEO plugin. -->","yoast_head_json":{"title":"FAUBA cre\u00f3 su propia inteligencia artificial: c\u00f3mo funciona Noema - Voces de la Comuna 15","description":"Voces de la Comuna 15","robots":{"index":"index","follow":"follow","max-snippet":"max-snippet:-1","max-image-preview":"max-image-preview:large","max-video-preview":"max-video-preview:-1"},"canonical":"https:\/\/vocesdelacomuna15.com.ar\/press\/fauba-creo-su-propia-inteligencia-artificial-como-funciona-noema\/","og_locale":"es_ES","og_type":"article","og_title":"FAUBA cre\u00f3 su propia inteligencia artificial: c\u00f3mo funciona Noema - Voces de la Comuna 15","og_description":"Voces de la Comuna 15","og_url":"https:\/\/vocesdelacomuna15.com.ar\/press\/fauba-creo-su-propia-inteligencia-artificial-como-funciona-noema\/","og_site_name":"Voces de la Comuna 15","article_publisher":"https:\/\/www.facebook.com\/VocesComuna15\/","article_published_time":"2026-09-04T14:56:11+00:00","article_modified_time":"2026-09-04T15:03:43+00:00","og_image":[{"width":2200,"height":1019,"url":"https:\/\/vocesdelacomuna15.com.ar\/wp-content\/uploads\/2026\/09\/uba.avif","type":"image\/jpeg"}],"author":"Federico Arguto","twitter_card":"summary_large_image","twitter_creator":"@vocescomuna15","twitter_site":"@vocescomuna15","twitter_misc":{"Escrito por":"Federico Arguto","Tiempo de lectura":"3 minutos"},"schema":{"@context":"https:\/\/schema.org","@graph":[{"@type":"Article","@id":"https:\/\/vocesdelacomuna15.com.ar\/press\/fauba-creo-su-propia-inteligencia-artificial-como-funciona-noema\/#article","isPartOf":{"@id":"https:\/\/vocesdelacomuna15.com.ar\/press\/fauba-creo-su-propia-inteligencia-artificial-como-funciona-noema\/"},"author":{"name":"Federico Arguto","@id":"https:\/\/vocesdelacomuna15.com.ar\/press\/#\/schema\/person\/4739e109db25d799cd3d139eeb509e43"},"headline":"FAUBA cre\u00f3 su propia inteligencia artificial: c\u00f3mo funciona Noema","datePublished":"2026-09-04T14:56:11+00:00","dateModified":"2026-09-04T15:03:43+00:00","mainEntityOfPage":{"@id":"https:\/\/vocesdelacomuna15.com.ar\/press\/fauba-creo-su-propia-inteligencia-artificial-como-funciona-noema\/"},"wordCount":598,"publisher":{"@id":"https:\/\/vocesdelacomuna15.com.ar\/press\/#organization"},"image":{"@id":"https:\/\/vocesdelacomuna15.com.ar\/press\/fauba-creo-su-propia-inteligencia-artificial-como-funciona-noema\/#primaryimage"},"thumbnailUrl":"https:\/\/vocesdelacomuna15.com.ar\/wp-content\/uploads\/2026\/09\/uba.avif","articleSection":["Agronom\u00eda","Educacion"],"inLanguage":"es-AR"},{"@type":"WebPage","@id":"https:\/\/vocesdelacomuna15.com.ar\/press\/fauba-creo-su-propia-inteligencia-artificial-como-funciona-noema\/","url":"https:\/\/vocesdelacomuna15.com.ar\/press\/fauba-creo-su-propia-inteligencia-artificial-como-funciona-noema\/","name":"FAUBA cre\u00f3 su propia inteligencia artificial: c\u00f3mo funciona Noema - Voces de la Comuna 15","isPartOf":{"@id":"https:\/\/vocesdelacomuna15.com.ar\/press\/#website"},"primaryImageOfPage":{"@id":"https:\/\/vocesdelacomuna15.com.ar\/press\/fauba-creo-su-propia-inteligencia-artificial-como-funciona-noema\/#primaryimage"},"image":{"@id":"https:\/\/vocesdelacomuna15.com.ar\/press\/fauba-creo-su-propia-inteligencia-artificial-como-funciona-noema\/#primaryimage"},"thumbnailUrl":"https:\/\/vocesdelacomuna15.com.ar\/wp-content\/uploads\/2026\/09\/uba.avif","datePublished":"2026-09-04T14:56:11+00:00","dateModified":"2026-09-04T15:03:43+00:00","description":"Voces de la Comuna 15","breadcrumb":{"@id":"https:\/\/vocesdelacomuna15.com.ar\/press\/fauba-creo-su-propia-inteligencia-artificial-como-funciona-noema\/#breadcrumb"},"inLanguage":"es-AR","potentialAction":[{"@type":"ReadAction","target":["https:\/\/vocesdelacomuna15.com.ar\/press\/fauba-creo-su-propia-inteligencia-artificial-como-funciona-noema\/"]}]},{"@type":"ImageObject","inLanguage":"es-AR","@id":"https:\/\/vocesdelacomuna15.com.ar\/press\/fauba-creo-su-propia-inteligencia-artificial-como-funciona-noema\/#primaryimage","url":"https:\/\/vocesdelacomuna15.com.ar\/wp-content\/uploads\/2026\/09\/uba.avif","contentUrl":"https:\/\/vocesdelacomuna15.com.ar\/wp-content\/uploads\/2026\/09\/uba.avif","width":2200,"height":1019},{"@type":"BreadcrumbList","@id":"https:\/\/vocesdelacomuna15.com.ar\/press\/fauba-creo-su-propia-inteligencia-artificial-como-funciona-noema\/#breadcrumb","itemListElement":[{"@type":"ListItem","position":1,"name":"Inicio","item":"https:\/\/vocesdelacomuna15.com.ar\/press\/"},{"@type":"ListItem","position":2,"name":"FAUBA cre\u00f3 su propia inteligencia artificial: c\u00f3mo funciona Noema"}]},{"@type":"WebSite","@id":"https:\/\/vocesdelacomuna15.com.ar\/press\/#website","url":"https:\/\/vocesdelacomuna15.com.ar\/press\/","name":"Voces de la Comuna 15","description":"Sitio web de noticias","publisher":{"@id":"https:\/\/vocesdelacomuna15.com.ar\/press\/#organization"},"potentialAction":[{"@type":"SearchAction","target":{"@type":"EntryPoint","urlTemplate":"https:\/\/vocesdelacomuna15.com.ar\/press\/?s={search_term_string}"},"query-input":{"@type":"PropertyValueSpecification","valueRequired":true,"valueName":"search_term_string"}}],"inLanguage":"es-AR"},{"@type":"Organization","@id":"https:\/\/vocesdelacomuna15.com.ar\/press\/#organization","name":"Voces de la Comuna 15","url":"https:\/\/vocesdelacomuna15.com.ar\/press\/","logo":{"@type":"ImageObject","inLanguage":"es-AR","@id":"https:\/\/vocesdelacomuna15.com.ar\/press\/#\/schema\/logo\/image\/","url":"https:\/\/vocesdelacomuna15.com.ar\/wp-content\/uploads\/2024\/12\/cropped-logo_voces.jpg","contentUrl":"https:\/\/vocesdelacomuna15.com.ar\/wp-content\/uploads\/2024\/12\/cropped-logo_voces.jpg","width":512,"height":512,"caption":"Voces de la Comuna 15"},"image":{"@id":"https:\/\/vocesdelacomuna15.com.ar\/press\/#\/schema\/logo\/image\/"},"sameAs":["https:\/\/www.facebook.com\/VocesComuna15\/","https:\/\/x.com\/vocescomuna15"]},{"@type":"Person","@id":"https:\/\/vocesdelacomuna15.com.ar\/press\/#\/schema\/person\/4739e109db25d799cd3d139eeb509e43","name":"Federico Arguto","image":{"@type":"ImageObject","inLanguage":"es-AR","@id":"https:\/\/vocesdelacomuna15.com.ar\/wp-content\/litespeed\/avatar\/82faf979976f1bae889b8b71f8a0a7e5.jpg?ver=1788307505","url":"https:\/\/vocesdelacomuna15.com.ar\/wp-content\/litespeed\/avatar\/82faf979976f1bae889b8b71f8a0a7e5.jpg?ver=1788307505","contentUrl":"https:\/\/vocesdelacomuna15.com.ar\/wp-content\/litespeed\/avatar\/82faf979976f1bae889b8b71f8a0a7e5.jpg?ver=1788307505","caption":"Federico Arguto"},"url":"https:\/\/vocesdelacomuna15.com.ar\/press\/author\/fede\/"}]}},"_links":{"self":[{"href":"https:\/\/vocesdelacomuna15.com.ar\/press\/wp-json\/wp\/v2\/posts\/73652","targetHints":{"allow":["GET"]}}],"collection":[{"href":"https:\/\/vocesdelacomuna15.com.ar\/press\/wp-json\/wp\/v2\/posts"}],"about":[{"href":"https:\/\/vocesdelacomuna15.com.ar\/press\/wp-json\/wp\/v2\/types\/post"}],"author":[{"embeddable":true,"href":"https:\/\/vocesdelacomuna15.com.ar\/press\/wp-json\/wp\/v2\/users\/2"}],"replies":[{"embeddable":true,"href":"https:\/\/vocesdelacomuna15.com.ar\/press\/wp-json\/wp\/v2\/comments?post=73652"}],"version-history":[{"count":2,"href":"https:\/\/vocesdelacomuna15.com.ar\/press\/wp-json\/wp\/v2\/posts\/73652\/revisions"}],"predecessor-version":[{"id":73655,"href":"https:\/\/vocesdelacomuna15.com.ar\/press\/wp-json\/wp\/v2\/posts\/73652\/revisions\/73655"}],"wp:featuredmedia":[{"embeddable":true,"href":"https:\/\/vocesdelacomuna15.com.ar\/press\/wp-json\/wp\/v2\/media\/73658"}],"wp:attachment":[{"href":"https:\/\/vocesdelacomuna15.com.ar\/press\/wp-json\/wp\/v2\/media?parent=73652"}],"wp:term":[{"taxonomy":"category","embeddable":true,"href":"https:\/\/vocesdelacomuna15.com.ar\/press\/wp-json\/wp\/v2\/categories?post=73652"},{"taxonomy":"post_tag","embeddable":true,"href":"https:\/\/vocesdelacomuna15.com.ar\/press\/wp-json\/wp\/v2\/tags?post=73652"}],"curies":[{"name":"wp","href":"https:\/\/api.w.org\/{rel}","templated":true}]}}