{"id":73638,"date":"2026-09-01T20:23:05","date_gmt":"2026-09-01T23:23:05","guid":{"rendered":"https:\/\/vocesdelacomuna15.com.ar\/press\/?p=73638"},"modified":"2026-09-01T20:23:08","modified_gmt":"2026-09-01T23:23:08","slug":"vuelve-vecine-el-festival-de-cine-de-villa-crespo-celebra-su-septima-edicion","status":"publish","type":"post","link":"https:\/\/vocesdelacomuna15.com.ar\/press\/vuelve-vecine-el-festival-de-cine-de-villa-crespo-celebra-su-septima-edicion\/","title":{"rendered":"Vuelve VECINE: el Festival de Cine de Villa Crespo celebra su s\u00e9ptima edici\u00f3n"},"content":{"rendered":"\n<p class=\"wp-block-paragraph\">Del 4 al 13 de septiembre se realizar\u00e1 la s\u00e9ptima edici\u00f3n de VECINE, el Festival de Cine de Villa Crespo, que reunir\u00e1 largometrajes y cortometrajes argentinos en competencia, funciones especiales y distintas actividades vinculadas al cine.<br><br>Con entrada gratuita y una programaci\u00f3n que busca ampliar la experiencia de las proyecciones, el festival propone nuevamente un espacio de encuentro alrededor del cine argentino. La selecci\u00f3n de pel\u00edculas incluye obras que competir\u00e1n por distintos premios, cuyos ganadores ser\u00e1n definidos por el voto del p\u00fablico.<br><br>Entre las actividades destacadas aparece \u201cPicado Fino &#8211; 30\u00ba aniversario\u201d, que se realizar\u00e1 el 7 de septiembre a las 19:30 y celebrar\u00e1 las tres d\u00e9cadas del debut de Esteban Sapir, presentado por el festival como una obra de culto del cine argentino de los a\u00f1os 90.<br><br>El 8 de septiembre, a las 19:30, tendr\u00e1 lugar \u201cLas pel\u00edculas tambi\u00e9n pueden desaparecer\u201d, un encuentro con Paula F\u00e9lix-Didier dedicado a la preservaci\u00f3n del cine, que incluir\u00e1 adem\u00e1s una proyecci\u00f3n sorpresa en 16mm.<br><br>La programaci\u00f3n continuar\u00e1 el 9 de septiembre con dos propuestas. A las 20, \u201cCompetencia de cortos | Programa 1\u201d presentar\u00e1 parte de la competencia de cortometrajes en Casa Brandon. M\u00e1s tarde, a las 21:30, \u201cA Todo Volumen\u201d combinar\u00e1 cine y videoclips musicales realizados por distintos realizadores audiovisuales y tendr\u00e1 un cierre musical en vivo.<br><br>El 10 de septiembre, a las 20, ser\u00e1 el turno de \u201cMuestra de cortos: Peque\u00f1os tesoros\u201d, que reunir\u00e1 breves obras de Renzo Cozza, Federico Luis y Jazm\u00edn L\u00f3pez.<br><br>Entre las actividades especiales tambi\u00e9n se encuentra \u201cUna vez, un circo\u201d, programada para el 5 de septiembre a las 20. La propuesta plantea un recorrido documental por la llegada del Circo de Mosc\u00fa a la Argentina durante la Guerra Fr\u00eda.<br><br>El festival tambi\u00e9n pondr\u00e1 la mirada sobre las experiencias audiovisuales comunitarias con \u201cHacer cine en el barrio\u201d, el 13 de septiembre a las 17:30. El programa estar\u00e1 dedicado a dos experiencias de cine desarrolladas en Villa Lugano y contar\u00e1 con integrantes de los colectivos Archivo de la Memoria Popular Villa 20 y Cultura Oculta.<br><br>El cierre de la competencia estar\u00e1 dedicado a los largometrajes. Del viernes 11 al domingo 13 de septiembre, en el Club Benito Nazar, siete pel\u00edculas competir\u00e1n por el premio del p\u00fablico.<br><br>Las entradas son gratuitas y, seg\u00fan inform\u00f3 la organizaci\u00f3n, pueden reservarse a trav\u00e9s del sitio oficial del festival.<br><br>Con una programaci\u00f3n que combina competencia, memoria, preservaci\u00f3n, producci\u00f3n audiovisual barrial y cruces entre cine y m\u00fasica, VECINE vuelve a Villa Crespo para celebrar el cine argentino y, sobre todo, el encuentro entre las pel\u00edculas y quienes las miran.<\/p>\n\n\n\n<p class=\"wp-block-paragraph\">Caracteres: 2772<\/p>\n<div class=\"pvc_clear\"><\/div><p id=\"pvc_stats_73638\" class=\"pvc_stats all  \" data-element-id=\"73638\" style=\"\"><i class=\"pvc-stats-icon small\" aria-hidden=\"true\"><svg aria-hidden=\"true\" focusable=\"false\" data-prefix=\"far\" data-icon=\"chart-bar\" role=\"img\" xmlns=\"http:\/\/www.w3.org\/2000\/svg\" viewBox=\"0 0 512 512\" class=\"svg-inline--fa fa-chart-bar fa-w-16 fa-2x\"><path fill=\"currentColor\" d=\"M396.8 352h22.4c6.4 0 12.8-6.4 12.8-12.8V108.8c0-6.4-6.4-12.8-12.8-12.8h-22.4c-6.4 0-12.8 6.4-12.8 12.8v230.4c0 6.4 6.4 12.8 12.8 12.8zm-192 0h22.4c6.4 0 12.8-6.4 12.8-12.8V140.8c0-6.4-6.4-12.8-12.8-12.8h-22.4c-6.4 0-12.8 6.4-12.8 12.8v198.4c0 6.4 6.4 12.8 12.8 12.8zm96 0h22.4c6.4 0 12.8-6.4 12.8-12.8V204.8c0-6.4-6.4-12.8-12.8-12.8h-22.4c-6.4 0-12.8 6.4-12.8 12.8v134.4c0 6.4 6.4 12.8 12.8 12.8zM496 400H48V80c0-8.84-7.16-16-16-16H16C7.16 64 0 71.16 0 80v336c0 17.67 14.33 32 32 32h464c8.84 0 16-7.16 16-16v-16c0-8.84-7.16-16-16-16zm-387.2-48h22.4c6.4 0 12.8-6.4 12.8-12.8v-70.4c0-6.4-6.4-12.8-12.8-12.8h-22.4c-6.4 0-12.8 6.4-12.8 12.8v70.4c0 6.4 6.4 12.8 12.8 12.8z\" class=\"\"><\/path><\/svg><\/i> <img loading=\"lazy\" decoding=\"async\" width=\"16\" height=\"16\" alt=\"Loading\" src=\"https:\/\/vocesdelacomuna15.com.ar\/wp-content\/plugins\/page-views-count\/ajax-loader-2x.gif\" border=0 \/><\/p><div class=\"pvc_clear\"><\/div>","protected":false},"excerpt":{"rendered":"<p>Del 4 al 13 de septiembre se realizar\u00e1 la s\u00e9ptima edici\u00f3n de VECINE, el Festival de Cine de Villa Crespo, que reunir\u00e1 largometrajes y cortometrajes argentinos en competencia, funciones especiales y distintas actividades vinculadas al cine. Con entrada gratuita y una programaci\u00f3n que busca ampliar la experiencia de las proyecciones, el festival propone nuevamente un [&hellip;]<\/p>\n<div class=\"pvc_clear\"><\/div>\n<p id=\"pvc_stats_73638\" class=\"pvc_stats all  \" data-element-id=\"73638\" style=\"\"><i class=\"pvc-stats-icon small\" aria-hidden=\"true\"><svg aria-hidden=\"true\" focusable=\"false\" data-prefix=\"far\" data-icon=\"chart-bar\" role=\"img\" xmlns=\"http:\/\/www.w3.org\/2000\/svg\" viewBox=\"0 0 512 512\" class=\"svg-inline--fa fa-chart-bar fa-w-16 fa-2x\"><path fill=\"currentColor\" d=\"M396.8 352h22.4c6.4 0 12.8-6.4 12.8-12.8V108.8c0-6.4-6.4-12.8-12.8-12.8h-22.4c-6.4 0-12.8 6.4-12.8 12.8v230.4c0 6.4 6.4 12.8 12.8 12.8zm-192 0h22.4c6.4 0 12.8-6.4 12.8-12.8V140.8c0-6.4-6.4-12.8-12.8-12.8h-22.4c-6.4 0-12.8 6.4-12.8 12.8v198.4c0 6.4 6.4 12.8 12.8 12.8zm96 0h22.4c6.4 0 12.8-6.4 12.8-12.8V204.8c0-6.4-6.4-12.8-12.8-12.8h-22.4c-6.4 0-12.8 6.4-12.8 12.8v134.4c0 6.4 6.4 12.8 12.8 12.8zM496 400H48V80c0-8.84-7.16-16-16-16H16C7.16 64 0 71.16 0 80v336c0 17.67 14.33 32 32 32h464c8.84 0 16-7.16 16-16v-16c0-8.84-7.16-16-16-16zm-387.2-48h22.4c6.4 0 12.8-6.4 12.8-12.8v-70.4c0-6.4-6.4-12.8-12.8-12.8h-22.4c-6.4 0-12.8 6.4-12.8 12.8v70.4c0 6.4 6.4 12.8 12.8 12.8z\" class=\"\"><\/path><\/svg><\/i> <img loading=\"lazy\" decoding=\"async\" width=\"16\" height=\"16\" alt=\"Loading\" src=\"https:\/\/vocesdelacomuna15.com.ar\/wp-content\/plugins\/page-views-count\/ajax-loader-2x.gif\" border=0 \/><\/p>\n<div class=\"pvc_clear\"><\/div>\n","protected":false},"author":2,"featured_media":73640,"comment_status":"closed","ping_status":"closed","sticky":false,"template":"","format":"standard","meta":{"_et_pb_use_builder":"off","_et_pb_old_content":"","_et_gb_content_width":"","footnotes":""},"categories":[32],"tags":[],"class_list":["post-73638","post","type-post","status-publish","format-standard","has-post-thumbnail","hentry","category-vcre","et-has-post-format-content","et_post_format-et-post-format-standard"],"a3_pvc":{"activated":true,"total_views":5,"today_views":5},"yoast_head":"<!-- This site is optimized with the Yoast SEO plugin v28.3 - https:\/\/yoast.com\/product\/yoast-seo-wordpress\/ -->\n<title>Vuelve VECINE: el Festival de Cine de Villa Crespo celebra su s\u00e9ptima edici\u00f3n - Voces de la Comuna 15<\/title>\n<meta name=\"description\" content=\"Voces de la Comuna 15\" \/>\n<meta name=\"robots\" content=\"index, follow, max-snippet:-1, max-image-preview:large, max-video-preview:-1\" \/>\n<link rel=\"canonical\" href=\"https:\/\/vocesdelacomuna15.com.ar\/press\/vuelve-vecine-el-festival-de-cine-de-villa-crespo-celebra-su-septima-edicion\/\" \/>\n<meta property=\"og:locale\" content=\"es_ES\" \/>\n<meta property=\"og:type\" content=\"article\" \/>\n<meta property=\"og:title\" content=\"Vuelve VECINE: el Festival de Cine de Villa Crespo celebra su s\u00e9ptima edici\u00f3n - Voces de la Comuna 15\" \/>\n<meta property=\"og:description\" content=\"Voces de la Comuna 15\" \/>\n<meta property=\"og:url\" content=\"https:\/\/vocesdelacomuna15.com.ar\/press\/vuelve-vecine-el-festival-de-cine-de-villa-crespo-celebra-su-septima-edicion\/\" \/>\n<meta property=\"og:site_name\" content=\"Voces de la Comuna 15\" \/>\n<meta property=\"article:publisher\" content=\"https:\/\/www.facebook.com\/VocesComuna15\/\" \/>\n<meta property=\"article:published_time\" content=\"2026-09-01T23:23:05+00:00\" \/>\n<meta property=\"article:modified_time\" content=\"2026-09-01T23:23:08+00:00\" \/>\n<meta property=\"og:image\" content=\"https:\/\/vocesdelacomuna15.com.ar\/wp-content\/uploads\/2026\/09\/unnamed.avif\" \/>\n\t<meta property=\"og:image:width\" content=\"1200\" \/>\n\t<meta property=\"og:image:height\" content=\"630\" \/>\n\t<meta property=\"og:image:type\" content=\"image\/png\" \/>\n<meta name=\"author\" content=\"Federico Arguto\" \/>\n<meta name=\"twitter:card\" content=\"summary_large_image\" \/>\n<meta name=\"twitter:creator\" content=\"@vocescomuna15\" \/>\n<meta name=\"twitter:site\" content=\"@vocescomuna15\" \/>\n<meta name=\"twitter:label1\" content=\"Escrito por\" \/>\n\t<meta name=\"twitter:data1\" content=\"Federico Arguto\" \/>\n\t<meta name=\"twitter:label2\" content=\"Tiempo de lectura\" \/>\n\t<meta name=\"twitter:data2\" content=\"3 minutos\" \/>\n<script type=\"application\/ld+json\" class=\"yoast-schema-graph\">{\"@context\":\"https:\\\/\\\/schema.org\",\"@graph\":[{\"@type\":\"Article\",\"@id\":\"https:\\\/\\\/vocesdelacomuna15.com.ar\\\/press\\\/vuelve-vecine-el-festival-de-cine-de-villa-crespo-celebra-su-septima-edicion\\\/#article\",\"isPartOf\":{\"@id\":\"https:\\\/\\\/vocesdelacomuna15.com.ar\\\/press\\\/vuelve-vecine-el-festival-de-cine-de-villa-crespo-celebra-su-septima-edicion\\\/\"},\"author\":{\"name\":\"Federico Arguto\",\"@id\":\"https:\\\/\\\/vocesdelacomuna15.com.ar\\\/press\\\/#\\\/schema\\\/person\\\/4739e109db25d799cd3d139eeb509e43\"},\"headline\":\"Vuelve VECINE: el Festival de Cine de Villa Crespo celebra su s\u00e9ptima edici\u00f3n\",\"datePublished\":\"2026-09-01T23:23:05+00:00\",\"dateModified\":\"2026-09-01T23:23:08+00:00\",\"mainEntityOfPage\":{\"@id\":\"https:\\\/\\\/vocesdelacomuna15.com.ar\\\/press\\\/vuelve-vecine-el-festival-de-cine-de-villa-crespo-celebra-su-septima-edicion\\\/\"},\"wordCount\":454,\"publisher\":{\"@id\":\"https:\\\/\\\/vocesdelacomuna15.com.ar\\\/press\\\/#organization\"},\"image\":{\"@id\":\"https:\\\/\\\/vocesdelacomuna15.com.ar\\\/press\\\/vuelve-vecine-el-festival-de-cine-de-villa-crespo-celebra-su-septima-edicion\\\/#primaryimage\"},\"thumbnailUrl\":\"https:\\\/\\\/vocesdelacomuna15.com.ar\\\/wp-content\\\/uploads\\\/2026\\\/09\\\/unnamed.avif\",\"articleSection\":[\"Villa Crespo\"],\"inLanguage\":\"es-AR\"},{\"@type\":\"WebPage\",\"@id\":\"https:\\\/\\\/vocesdelacomuna15.com.ar\\\/press\\\/vuelve-vecine-el-festival-de-cine-de-villa-crespo-celebra-su-septima-edicion\\\/\",\"url\":\"https:\\\/\\\/vocesdelacomuna15.com.ar\\\/press\\\/vuelve-vecine-el-festival-de-cine-de-villa-crespo-celebra-su-septima-edicion\\\/\",\"name\":\"Vuelve VECINE: el Festival de Cine de Villa Crespo celebra su s\u00e9ptima edici\u00f3n - Voces de la Comuna 15\",\"isPartOf\":{\"@id\":\"https:\\\/\\\/vocesdelacomuna15.com.ar\\\/press\\\/#website\"},\"primaryImageOfPage\":{\"@id\":\"https:\\\/\\\/vocesdelacomuna15.com.ar\\\/press\\\/vuelve-vecine-el-festival-de-cine-de-villa-crespo-celebra-su-septima-edicion\\\/#primaryimage\"},\"image\":{\"@id\":\"https:\\\/\\\/vocesdelacomuna15.com.ar\\\/press\\\/vuelve-vecine-el-festival-de-cine-de-villa-crespo-celebra-su-septima-edicion\\\/#primaryimage\"},\"thumbnailUrl\":\"https:\\\/\\\/vocesdelacomuna15.com.ar\\\/wp-content\\\/uploads\\\/2026\\\/09\\\/unnamed.avif\",\"datePublished\":\"2026-09-01T23:23:05+00:00\",\"dateModified\":\"2026-09-01T23:23:08+00:00\",\"description\":\"Voces de la Comuna 15\",\"breadcrumb\":{\"@id\":\"https:\\\/\\\/vocesdelacomuna15.com.ar\\\/press\\\/vuelve-vecine-el-festival-de-cine-de-villa-crespo-celebra-su-septima-edicion\\\/#breadcrumb\"},\"inLanguage\":\"es-AR\",\"potentialAction\":[{\"@type\":\"ReadAction\",\"target\":[\"https:\\\/\\\/vocesdelacomuna15.com.ar\\\/press\\\/vuelve-vecine-el-festival-de-cine-de-villa-crespo-celebra-su-septima-edicion\\\/\"]}]},{\"@type\":\"ImageObject\",\"inLanguage\":\"es-AR\",\"@id\":\"https:\\\/\\\/vocesdelacomuna15.com.ar\\\/press\\\/vuelve-vecine-el-festival-de-cine-de-villa-crespo-celebra-su-septima-edicion\\\/#primaryimage\",\"url\":\"https:\\\/\\\/vocesdelacomuna15.com.ar\\\/wp-content\\\/uploads\\\/2026\\\/09\\\/unnamed.avif\",\"contentUrl\":\"https:\\\/\\\/vocesdelacomuna15.com.ar\\\/wp-content\\\/uploads\\\/2026\\\/09\\\/unnamed.avif\",\"width\":1200,\"height\":630},{\"@type\":\"BreadcrumbList\",\"@id\":\"https:\\\/\\\/vocesdelacomuna15.com.ar\\\/press\\\/vuelve-vecine-el-festival-de-cine-de-villa-crespo-celebra-su-septima-edicion\\\/#breadcrumb\",\"itemListElement\":[{\"@type\":\"ListItem\",\"position\":1,\"name\":\"Inicio\",\"item\":\"https:\\\/\\\/vocesdelacomuna15.com.ar\\\/press\\\/\"},{\"@type\":\"ListItem\",\"position\":2,\"name\":\"Vuelve VECINE: el Festival de Cine de Villa Crespo celebra su s\u00e9ptima edici\u00f3n\"}]},{\"@type\":\"WebSite\",\"@id\":\"https:\\\/\\\/vocesdelacomuna15.com.ar\\\/press\\\/#website\",\"url\":\"https:\\\/\\\/vocesdelacomuna15.com.ar\\\/press\\\/\",\"name\":\"Voces de la Comuna 15\",\"description\":\"Sitio web de noticias\",\"publisher\":{\"@id\":\"https:\\\/\\\/vocesdelacomuna15.com.ar\\\/press\\\/#organization\"},\"potentialAction\":[{\"@type\":\"SearchAction\",\"target\":{\"@type\":\"EntryPoint\",\"urlTemplate\":\"https:\\\/\\\/vocesdelacomuna15.com.ar\\\/press\\\/?s={search_term_string}\"},\"query-input\":{\"@type\":\"PropertyValueSpecification\",\"valueRequired\":true,\"valueName\":\"search_term_string\"}}],\"inLanguage\":\"es-AR\"},{\"@type\":\"Organization\",\"@id\":\"https:\\\/\\\/vocesdelacomuna15.com.ar\\\/press\\\/#organization\",\"name\":\"Voces de la Comuna 15\",\"url\":\"https:\\\/\\\/vocesdelacomuna15.com.ar\\\/press\\\/\",\"logo\":{\"@type\":\"ImageObject\",\"inLanguage\":\"es-AR\",\"@id\":\"https:\\\/\\\/vocesdelacomuna15.com.ar\\\/press\\\/#\\\/schema\\\/logo\\\/image\\\/\",\"url\":\"https:\\\/\\\/vocesdelacomuna15.com.ar\\\/wp-content\\\/uploads\\\/2024\\\/12\\\/cropped-logo_voces.jpg\",\"contentUrl\":\"https:\\\/\\\/vocesdelacomuna15.com.ar\\\/wp-content\\\/uploads\\\/2024\\\/12\\\/cropped-logo_voces.jpg\",\"width\":512,\"height\":512,\"caption\":\"Voces de la Comuna 15\"},\"image\":{\"@id\":\"https:\\\/\\\/vocesdelacomuna15.com.ar\\\/press\\\/#\\\/schema\\\/logo\\\/image\\\/\"},\"sameAs\":[\"https:\\\/\\\/www.facebook.com\\\/VocesComuna15\\\/\",\"https:\\\/\\\/x.com\\\/vocescomuna15\"]},{\"@type\":\"Person\",\"@id\":\"https:\\\/\\\/vocesdelacomuna15.com.ar\\\/press\\\/#\\\/schema\\\/person\\\/4739e109db25d799cd3d139eeb509e43\",\"name\":\"Federico Arguto\",\"image\":{\"@type\":\"ImageObject\",\"inLanguage\":\"es-AR\",\"@id\":\"https:\\\/\\\/vocesdelacomuna15.com.ar\\\/wp-content\\\/litespeed\\\/avatar\\\/82faf979976f1bae889b8b71f8a0a7e5.jpg?ver=1788307505\",\"url\":\"https:\\\/\\\/vocesdelacomuna15.com.ar\\\/wp-content\\\/litespeed\\\/avatar\\\/82faf979976f1bae889b8b71f8a0a7e5.jpg?ver=1788307505\",\"contentUrl\":\"https:\\\/\\\/vocesdelacomuna15.com.ar\\\/wp-content\\\/litespeed\\\/avatar\\\/82faf979976f1bae889b8b71f8a0a7e5.jpg?ver=1788307505\",\"caption\":\"Federico Arguto\"},\"url\":\"https:\\\/\\\/vocesdelacomuna15.com.ar\\\/press\\\/author\\\/fede\\\/\"}]}<\/script>\n<!-- \/ Yoast SEO plugin. -->","yoast_head_json":{"title":"Vuelve VECINE: el Festival de Cine de Villa Crespo celebra su s\u00e9ptima edici\u00f3n - Voces de la Comuna 15","description":"Voces de la Comuna 15","robots":{"index":"index","follow":"follow","max-snippet":"max-snippet:-1","max-image-preview":"max-image-preview:large","max-video-preview":"max-video-preview:-1"},"canonical":"https:\/\/vocesdelacomuna15.com.ar\/press\/vuelve-vecine-el-festival-de-cine-de-villa-crespo-celebra-su-septima-edicion\/","og_locale":"es_ES","og_type":"article","og_title":"Vuelve VECINE: el Festival de Cine de Villa Crespo celebra su s\u00e9ptima edici\u00f3n - Voces de la Comuna 15","og_description":"Voces de la Comuna 15","og_url":"https:\/\/vocesdelacomuna15.com.ar\/press\/vuelve-vecine-el-festival-de-cine-de-villa-crespo-celebra-su-septima-edicion\/","og_site_name":"Voces de la Comuna 15","article_publisher":"https:\/\/www.facebook.com\/VocesComuna15\/","article_published_time":"2026-09-01T23:23:05+00:00","article_modified_time":"2026-09-01T23:23:08+00:00","og_image":[{"width":1200,"height":630,"url":"https:\/\/vocesdelacomuna15.com.ar\/wp-content\/uploads\/2026\/09\/unnamed.avif","type":"image\/png"}],"author":"Federico Arguto","twitter_card":"summary_large_image","twitter_creator":"@vocescomuna15","twitter_site":"@vocescomuna15","twitter_misc":{"Escrito por":"Federico Arguto","Tiempo de lectura":"3 minutos"},"schema":{"@context":"https:\/\/schema.org","@graph":[{"@type":"Article","@id":"https:\/\/vocesdelacomuna15.com.ar\/press\/vuelve-vecine-el-festival-de-cine-de-villa-crespo-celebra-su-septima-edicion\/#article","isPartOf":{"@id":"https:\/\/vocesdelacomuna15.com.ar\/press\/vuelve-vecine-el-festival-de-cine-de-villa-crespo-celebra-su-septima-edicion\/"},"author":{"name":"Federico Arguto","@id":"https:\/\/vocesdelacomuna15.com.ar\/press\/#\/schema\/person\/4739e109db25d799cd3d139eeb509e43"},"headline":"Vuelve VECINE: el Festival de Cine de Villa Crespo celebra su s\u00e9ptima edici\u00f3n","datePublished":"2026-09-01T23:23:05+00:00","dateModified":"2026-09-01T23:23:08+00:00","mainEntityOfPage":{"@id":"https:\/\/vocesdelacomuna15.com.ar\/press\/vuelve-vecine-el-festival-de-cine-de-villa-crespo-celebra-su-septima-edicion\/"},"wordCount":454,"publisher":{"@id":"https:\/\/vocesdelacomuna15.com.ar\/press\/#organization"},"image":{"@id":"https:\/\/vocesdelacomuna15.com.ar\/press\/vuelve-vecine-el-festival-de-cine-de-villa-crespo-celebra-su-septima-edicion\/#primaryimage"},"thumbnailUrl":"https:\/\/vocesdelacomuna15.com.ar\/wp-content\/uploads\/2026\/09\/unnamed.avif","articleSection":["Villa Crespo"],"inLanguage":"es-AR"},{"@type":"WebPage","@id":"https:\/\/vocesdelacomuna15.com.ar\/press\/vuelve-vecine-el-festival-de-cine-de-villa-crespo-celebra-su-septima-edicion\/","url":"https:\/\/vocesdelacomuna15.com.ar\/press\/vuelve-vecine-el-festival-de-cine-de-villa-crespo-celebra-su-septima-edicion\/","name":"Vuelve VECINE: el Festival de Cine de Villa Crespo celebra su s\u00e9ptima edici\u00f3n - Voces de la Comuna 15","isPartOf":{"@id":"https:\/\/vocesdelacomuna15.com.ar\/press\/#website"},"primaryImageOfPage":{"@id":"https:\/\/vocesdelacomuna15.com.ar\/press\/vuelve-vecine-el-festival-de-cine-de-villa-crespo-celebra-su-septima-edicion\/#primaryimage"},"image":{"@id":"https:\/\/vocesdelacomuna15.com.ar\/press\/vuelve-vecine-el-festival-de-cine-de-villa-crespo-celebra-su-septima-edicion\/#primaryimage"},"thumbnailUrl":"https:\/\/vocesdelacomuna15.com.ar\/wp-content\/uploads\/2026\/09\/unnamed.avif","datePublished":"2026-09-01T23:23:05+00:00","dateModified":"2026-09-01T23:23:08+00:00","description":"Voces de la Comuna 15","breadcrumb":{"@id":"https:\/\/vocesdelacomuna15.com.ar\/press\/vuelve-vecine-el-festival-de-cine-de-villa-crespo-celebra-su-septima-edicion\/#breadcrumb"},"inLanguage":"es-AR","potentialAction":[{"@type":"ReadAction","target":["https:\/\/vocesdelacomuna15.com.ar\/press\/vuelve-vecine-el-festival-de-cine-de-villa-crespo-celebra-su-septima-edicion\/"]}]},{"@type":"ImageObject","inLanguage":"es-AR","@id":"https:\/\/vocesdelacomuna15.com.ar\/press\/vuelve-vecine-el-festival-de-cine-de-villa-crespo-celebra-su-septima-edicion\/#primaryimage","url":"https:\/\/vocesdelacomuna15.com.ar\/wp-content\/uploads\/2026\/09\/unnamed.avif","contentUrl":"https:\/\/vocesdelacomuna15.com.ar\/wp-content\/uploads\/2026\/09\/unnamed.avif","width":1200,"height":630},{"@type":"BreadcrumbList","@id":"https:\/\/vocesdelacomuna15.com.ar\/press\/vuelve-vecine-el-festival-de-cine-de-villa-crespo-celebra-su-septima-edicion\/#breadcrumb","itemListElement":[{"@type":"ListItem","position":1,"name":"Inicio","item":"https:\/\/vocesdelacomuna15.com.ar\/press\/"},{"@type":"ListItem","position":2,"name":"Vuelve VECINE: el Festival de Cine de Villa Crespo celebra su s\u00e9ptima edici\u00f3n"}]},{"@type":"WebSite","@id":"https:\/\/vocesdelacomuna15.com.ar\/press\/#website","url":"https:\/\/vocesdelacomuna15.com.ar\/press\/","name":"Voces de la Comuna 15","description":"Sitio web de noticias","publisher":{"@id":"https:\/\/vocesdelacomuna15.com.ar\/press\/#organization"},"potentialAction":[{"@type":"SearchAction","target":{"@type":"EntryPoint","urlTemplate":"https:\/\/vocesdelacomuna15.com.ar\/press\/?s={search_term_string}"},"query-input":{"@type":"PropertyValueSpecification","valueRequired":true,"valueName":"search_term_string"}}],"inLanguage":"es-AR"},{"@type":"Organization","@id":"https:\/\/vocesdelacomuna15.com.ar\/press\/#organization","name":"Voces de la Comuna 15","url":"https:\/\/vocesdelacomuna15.com.ar\/press\/","logo":{"@type":"ImageObject","inLanguage":"es-AR","@id":"https:\/\/vocesdelacomuna15.com.ar\/press\/#\/schema\/logo\/image\/","url":"https:\/\/vocesdelacomuna15.com.ar\/wp-content\/uploads\/2024\/12\/cropped-logo_voces.jpg","contentUrl":"https:\/\/vocesdelacomuna15.com.ar\/wp-content\/uploads\/2024\/12\/cropped-logo_voces.jpg","width":512,"height":512,"caption":"Voces de la Comuna 15"},"image":{"@id":"https:\/\/vocesdelacomuna15.com.ar\/press\/#\/schema\/logo\/image\/"},"sameAs":["https:\/\/www.facebook.com\/VocesComuna15\/","https:\/\/x.com\/vocescomuna15"]},{"@type":"Person","@id":"https:\/\/vocesdelacomuna15.com.ar\/press\/#\/schema\/person\/4739e109db25d799cd3d139eeb509e43","name":"Federico Arguto","image":{"@type":"ImageObject","inLanguage":"es-AR","@id":"https:\/\/vocesdelacomuna15.com.ar\/wp-content\/litespeed\/avatar\/82faf979976f1bae889b8b71f8a0a7e5.jpg?ver=1788307505","url":"https:\/\/vocesdelacomuna15.com.ar\/wp-content\/litespeed\/avatar\/82faf979976f1bae889b8b71f8a0a7e5.jpg?ver=1788307505","contentUrl":"https:\/\/vocesdelacomuna15.com.ar\/wp-content\/litespeed\/avatar\/82faf979976f1bae889b8b71f8a0a7e5.jpg?ver=1788307505","caption":"Federico Arguto"},"url":"https:\/\/vocesdelacomuna15.com.ar\/press\/author\/fede\/"}]}},"_links":{"self":[{"href":"https:\/\/vocesdelacomuna15.com.ar\/press\/wp-json\/wp\/v2\/posts\/73638","targetHints":{"allow":["GET"]}}],"collection":[{"href":"https:\/\/vocesdelacomuna15.com.ar\/press\/wp-json\/wp\/v2\/posts"}],"about":[{"href":"https:\/\/vocesdelacomuna15.com.ar\/press\/wp-json\/wp\/v2\/types\/post"}],"author":[{"embeddable":true,"href":"https:\/\/vocesdelacomuna15.com.ar\/press\/wp-json\/wp\/v2\/users\/2"}],"replies":[{"embeddable":true,"href":"https:\/\/vocesdelacomuna15.com.ar\/press\/wp-json\/wp\/v2\/comments?post=73638"}],"version-history":[{"count":2,"href":"https:\/\/vocesdelacomuna15.com.ar\/press\/wp-json\/wp\/v2\/posts\/73638\/revisions"}],"predecessor-version":[{"id":73641,"href":"https:\/\/vocesdelacomuna15.com.ar\/press\/wp-json\/wp\/v2\/posts\/73638\/revisions\/73641"}],"wp:featuredmedia":[{"embeddable":true,"href":"https:\/\/vocesdelacomuna15.com.ar\/press\/wp-json\/wp\/v2\/media\/73640"}],"wp:attachment":[{"href":"https:\/\/vocesdelacomuna15.com.ar\/press\/wp-json\/wp\/v2\/media?parent=73638"}],"wp:term":[{"taxonomy":"category","embeddable":true,"href":"https:\/\/vocesdelacomuna15.com.ar\/press\/wp-json\/wp\/v2\/categories?post=73638"},{"taxonomy":"post_tag","embeddable":true,"href":"https:\/\/vocesdelacomuna15.com.ar\/press\/wp-json\/wp\/v2\/tags?post=73638"}],"curies":[{"name":"wp","href":"https:\/\/api.w.org\/{rel}","templated":true}]}}