{"id":73613,"date":"2026-08-31T19:31:44","date_gmt":"2026-08-31T22:31:44","guid":{"rendered":"https:\/\/vocesdelacomuna15.com.ar\/press\/?p=73613"},"modified":"2026-08-31T19:31:47","modified_gmt":"2026-08-31T22:31:47","slug":"pagano-las-pymes-pasaron-de-ser-un-actor-economico-a-un-sosten-social","status":"publish","type":"post","link":"https:\/\/vocesdelacomuna15.com.ar\/press\/pagano-las-pymes-pasaron-de-ser-un-actor-economico-a-un-sosten-social\/","title":{"rendered":"Pagano: &#8220;las PyMEs pasaron de ser un actor econ\u00f3mico a un sost\u00e9n social&#8221;"},"content":{"rendered":"\n<p class=\"wp-block-paragraph\">Fuente: https:\/\/axi.com.ar\/<\/p>\n\n\n\n<p class=\"wp-block-paragraph\">La diputada nacional Marcela Pagano (Provincia de Buenos Aires &#8211; Bloque Coherencia), durante una entrevista con Axi en el marco del 7mo Congreso Industrial, realizado en La Rural de Palermo, manifest\u00f3 que las peque\u00f1as y medianas empresas enfrentan un escenario adverso y asumen tareas de contenci\u00f3n social.<\/p>\n\n\n\n<p class=\"wp-block-paragraph\"><strong>Axi (Buenos Aires, 27 de agosto de 2026).-<\/strong>&nbsp;La diputada nacional&nbsp;<strong>Marcela Pagano (Provincia de Buenos Aires &#8211; Bloque Coherencia)<\/strong>&nbsp;afirm\u00f3 que las&nbsp;<strong>PyMEs<\/strong>&nbsp;\u201cpasaron de ser un actor econ\u00f3mico a un sost\u00e9n social\u201d durante el&nbsp;<strong>7.\u00b0 Congreso Industrial<\/strong>&nbsp;organizado por&nbsp;<strong>Industriales Pymes Argentinos (IPA)<\/strong>&nbsp;en&nbsp;<strong>La Rural<\/strong>.<\/p>\n\n\n\n<h3 class=\"wp-block-heading\">Cr\u00edticas al modelo y el rol de las empresas<\/h3>\n\n\n\n<p class=\"wp-block-paragraph\">En el panel sobre la agenda industrial en el Congreso, la legisladora contrapuso la realidad del sector productivo con la orientaci\u00f3n econ\u00f3mica actual. Defini\u00f3 a las pymes como un \u201csost\u00e9n social\u201d, resaltando historias de empresarios que asumen responsabilidades asistenciales \u2014como acondicionar comedores o garantizar viandas para las familias de sus empleados\u2014 ante las dificultades econ\u00f3micas.<\/p>\n\n\n\n<p class=\"wp-block-paragraph\">Pagano,&nbsp;<strong>entrevistada por Axi<\/strong>, cuestion\u00f3 el esquema vigente al afirmar que \u201cprioriza la timba financiera\u201d en lugar de dar condiciones de competencia e incentivos a la matriz productiva. Se\u00f1al\u00f3 que en el corto y mediano plazo ser\u00e1 dif\u00edcil volcar las necesidades del sector a la agenda de discusi\u00f3n parlamentaria, aunque inst\u00f3 a la industria a no dejar de reclamar por un modelo que ponga el acento en la producci\u00f3n nacional.<\/p>\n\n\n\n<h3 class=\"wp-block-heading\">El valor del tejido pyme en la matriz productiva<\/h3>\n\n\n\n<p class=\"wp-block-paragraph\">Durante una entrevista exclusiva al t\u00e9rmino del evento, la diputada destac\u00f3 el valor del tejido pyme en un escenario que calific\u00f3 como \u201ctotalmente adverso\u201d. \u201cEn la matriz productiva argentina te encontr\u00e1s con pymes familiares que vienen de generaci\u00f3n en generaci\u00f3n, reconfigur\u00e1ndose con tecnolog\u00eda y mano de obra capacitada\u201d, se\u00f1al\u00f3.<\/p>\n\n\n\n<p class=\"wp-block-paragraph\">La legisladora subray\u00f3 que las peque\u00f1as y medianas empresas no solo generan empleo y producci\u00f3n, sino que tambi\u00e9n cumplen un rol social clave en contextos de crisis. Esta doble funci\u00f3n las convierte en un pilar fundamental para las comunidades locales, seg\u00fan su visi\u00f3n.<\/p>\n\n\n\n<h3 class=\"wp-block-heading\">Perspectivas a futuro y reclamos del sector<\/h3>\n\n\n\n<p class=\"wp-block-paragraph\">Pagano reconoci\u00f3 las dificultades para que las demandas del sector productivo sean escuchadas en el Parlamento en el corto plazo. No obstante, llam\u00f3 a los industriales a mantener su reclamo por pol\u00edticas que favorezcan la producci\u00f3n nacional y la competitividad.<\/p>\n\n\n\n<p class=\"wp-block-paragraph\">El Congreso Industrial de IPA reuni\u00f3 a referentes del sector para debatir los desaf\u00edos de la industria argentina. Las declaraciones de Pagano se suman al diagn\u00f3stico general sobre la necesidad de repensar el modelo econ\u00f3mico para fortalecer a las pymes.<\/p>\n\n\n\n<p class=\"wp-block-paragraph\">Caracteres: 2369<\/p>\n<div class=\"pvc_clear\"><\/div><p id=\"pvc_stats_73613\" class=\"pvc_stats all  \" data-element-id=\"73613\" style=\"\"><i class=\"pvc-stats-icon small\" aria-hidden=\"true\"><svg aria-hidden=\"true\" focusable=\"false\" data-prefix=\"far\" data-icon=\"chart-bar\" role=\"img\" xmlns=\"http:\/\/www.w3.org\/2000\/svg\" viewBox=\"0 0 512 512\" class=\"svg-inline--fa fa-chart-bar fa-w-16 fa-2x\"><path fill=\"currentColor\" d=\"M396.8 352h22.4c6.4 0 12.8-6.4 12.8-12.8V108.8c0-6.4-6.4-12.8-12.8-12.8h-22.4c-6.4 0-12.8 6.4-12.8 12.8v230.4c0 6.4 6.4 12.8 12.8 12.8zm-192 0h22.4c6.4 0 12.8-6.4 12.8-12.8V140.8c0-6.4-6.4-12.8-12.8-12.8h-22.4c-6.4 0-12.8 6.4-12.8 12.8v198.4c0 6.4 6.4 12.8 12.8 12.8zm96 0h22.4c6.4 0 12.8-6.4 12.8-12.8V204.8c0-6.4-6.4-12.8-12.8-12.8h-22.4c-6.4 0-12.8 6.4-12.8 12.8v134.4c0 6.4 6.4 12.8 12.8 12.8zM496 400H48V80c0-8.84-7.16-16-16-16H16C7.16 64 0 71.16 0 80v336c0 17.67 14.33 32 32 32h464c8.84 0 16-7.16 16-16v-16c0-8.84-7.16-16-16-16zm-387.2-48h22.4c6.4 0 12.8-6.4 12.8-12.8v-70.4c0-6.4-6.4-12.8-12.8-12.8h-22.4c-6.4 0-12.8 6.4-12.8 12.8v70.4c0 6.4 6.4 12.8 12.8 12.8z\" class=\"\"><\/path><\/svg><\/i> <img loading=\"lazy\" decoding=\"async\" width=\"16\" height=\"16\" alt=\"Loading\" src=\"https:\/\/vocesdelacomuna15.com.ar\/wp-content\/plugins\/page-views-count\/ajax-loader-2x.gif\" border=0 \/><\/p><div class=\"pvc_clear\"><\/div>","protected":false},"excerpt":{"rendered":"<p>Fuente: https:\/\/axi.com.ar\/ La diputada nacional Marcela Pagano (Provincia de Buenos Aires &#8211; Bloque Coherencia), durante una entrevista con Axi en el marco del 7mo Congreso Industrial, realizado en La Rural de Palermo, manifest\u00f3 que las peque\u00f1as y medianas empresas enfrentan un escenario adverso y asumen tareas de contenci\u00f3n social. Axi (Buenos Aires, 27 de agosto [&hellip;]<\/p>\n<div class=\"pvc_clear\"><\/div>\n<p id=\"pvc_stats_73613\" class=\"pvc_stats all  \" data-element-id=\"73613\" style=\"\"><i class=\"pvc-stats-icon small\" aria-hidden=\"true\"><svg aria-hidden=\"true\" focusable=\"false\" data-prefix=\"far\" data-icon=\"chart-bar\" role=\"img\" xmlns=\"http:\/\/www.w3.org\/2000\/svg\" viewBox=\"0 0 512 512\" class=\"svg-inline--fa fa-chart-bar fa-w-16 fa-2x\"><path fill=\"currentColor\" d=\"M396.8 352h22.4c6.4 0 12.8-6.4 12.8-12.8V108.8c0-6.4-6.4-12.8-12.8-12.8h-22.4c-6.4 0-12.8 6.4-12.8 12.8v230.4c0 6.4 6.4 12.8 12.8 12.8zm-192 0h22.4c6.4 0 12.8-6.4 12.8-12.8V140.8c0-6.4-6.4-12.8-12.8-12.8h-22.4c-6.4 0-12.8 6.4-12.8 12.8v198.4c0 6.4 6.4 12.8 12.8 12.8zm96 0h22.4c6.4 0 12.8-6.4 12.8-12.8V204.8c0-6.4-6.4-12.8-12.8-12.8h-22.4c-6.4 0-12.8 6.4-12.8 12.8v134.4c0 6.4 6.4 12.8 12.8 12.8zM496 400H48V80c0-8.84-7.16-16-16-16H16C7.16 64 0 71.16 0 80v336c0 17.67 14.33 32 32 32h464c8.84 0 16-7.16 16-16v-16c0-8.84-7.16-16-16-16zm-387.2-48h22.4c6.4 0 12.8-6.4 12.8-12.8v-70.4c0-6.4-6.4-12.8-12.8-12.8h-22.4c-6.4 0-12.8 6.4-12.8 12.8v70.4c0 6.4 6.4 12.8 12.8 12.8z\" class=\"\"><\/path><\/svg><\/i> <img loading=\"lazy\" decoding=\"async\" width=\"16\" height=\"16\" alt=\"Loading\" src=\"https:\/\/vocesdelacomuna15.com.ar\/wp-content\/plugins\/page-views-count\/ajax-loader-2x.gif\" border=0 \/><\/p>\n<div class=\"pvc_clear\"><\/div>\n","protected":false},"author":2,"featured_media":73615,"comment_status":"closed","ping_status":"closed","sticky":false,"template":"","format":"standard","meta":{"_et_pb_use_builder":"off","_et_pb_old_content":"","_et_gb_content_width":"","footnotes":""},"categories":[31],"tags":[],"class_list":["post-73613","post","type-post","status-publish","format-standard","has-post-thumbnail","hentry","category-politica","et-has-post-format-content","et_post_format-et-post-format-standard"],"a3_pvc":{"activated":true,"total_views":2,"today_views":2},"yoast_head":"<!-- This site is optimized with the Yoast SEO plugin v28.3 - https:\/\/yoast.com\/product\/yoast-seo-wordpress\/ -->\n<title>Pagano: &quot;las PyMEs pasaron de ser un actor econ\u00f3mico a un sost\u00e9n social&quot; - Voces de la Comuna 15<\/title>\n<meta name=\"description\" content=\"Voces de la Comuna 15\" \/>\n<meta name=\"robots\" content=\"index, follow, max-snippet:-1, max-image-preview:large, max-video-preview:-1\" \/>\n<link rel=\"canonical\" href=\"https:\/\/vocesdelacomuna15.com.ar\/press\/pagano-las-pymes-pasaron-de-ser-un-actor-economico-a-un-sosten-social\/\" \/>\n<meta property=\"og:locale\" content=\"es_ES\" \/>\n<meta property=\"og:type\" content=\"article\" \/>\n<meta property=\"og:title\" content=\"Pagano: &quot;las PyMEs pasaron de ser un actor econ\u00f3mico a un sost\u00e9n social&quot; - Voces de la Comuna 15\" \/>\n<meta property=\"og:description\" content=\"Voces de la Comuna 15\" \/>\n<meta property=\"og:url\" content=\"https:\/\/vocesdelacomuna15.com.ar\/press\/pagano-las-pymes-pasaron-de-ser-un-actor-economico-a-un-sosten-social\/\" \/>\n<meta property=\"og:site_name\" content=\"Voces de la Comuna 15\" \/>\n<meta property=\"article:publisher\" content=\"https:\/\/www.facebook.com\/VocesComuna15\/\" \/>\n<meta property=\"article:published_time\" content=\"2026-08-31T22:31:44+00:00\" \/>\n<meta property=\"article:modified_time\" content=\"2026-08-31T22:31:47+00:00\" \/>\n<meta property=\"og:image\" content=\"https:\/\/vocesdelacomuna15.com.ar\/wp-content\/uploads\/2026\/08\/1787869347647-pagano.webp.avif\" \/>\n\t<meta property=\"og:image:width\" content=\"1200\" \/>\n\t<meta property=\"og:image:height\" content=\"670\" \/>\n\t<meta property=\"og:image:type\" content=\"image\/webp\" \/>\n<meta name=\"author\" content=\"Federico Arguto\" \/>\n<meta name=\"twitter:card\" content=\"summary_large_image\" \/>\n<meta name=\"twitter:creator\" content=\"@vocescomuna15\" \/>\n<meta name=\"twitter:site\" content=\"@vocescomuna15\" \/>\n<meta name=\"twitter:label1\" content=\"Escrito por\" \/>\n\t<meta name=\"twitter:data1\" content=\"Federico Arguto\" \/>\n\t<meta name=\"twitter:label2\" content=\"Tiempo de lectura\" \/>\n\t<meta name=\"twitter:data2\" content=\"3 minutos\" \/>\n<script type=\"application\/ld+json\" class=\"yoast-schema-graph\">{\"@context\":\"https:\\\/\\\/schema.org\",\"@graph\":[{\"@type\":\"Article\",\"@id\":\"https:\\\/\\\/vocesdelacomuna15.com.ar\\\/press\\\/pagano-las-pymes-pasaron-de-ser-un-actor-economico-a-un-sosten-social\\\/#article\",\"isPartOf\":{\"@id\":\"https:\\\/\\\/vocesdelacomuna15.com.ar\\\/press\\\/pagano-las-pymes-pasaron-de-ser-un-actor-economico-a-un-sosten-social\\\/\"},\"author\":{\"name\":\"Federico Arguto\",\"@id\":\"https:\\\/\\\/vocesdelacomuna15.com.ar\\\/press\\\/#\\\/schema\\\/person\\\/4739e109db25d799cd3d139eeb509e43\"},\"headline\":\"Pagano: &#8220;las PyMEs pasaron de ser un actor econ\u00f3mico a un sost\u00e9n social&#8221;\",\"datePublished\":\"2026-08-31T22:31:44+00:00\",\"dateModified\":\"2026-08-31T22:31:47+00:00\",\"mainEntityOfPage\":{\"@id\":\"https:\\\/\\\/vocesdelacomuna15.com.ar\\\/press\\\/pagano-las-pymes-pasaron-de-ser-un-actor-economico-a-un-sosten-social\\\/\"},\"wordCount\":478,\"publisher\":{\"@id\":\"https:\\\/\\\/vocesdelacomuna15.com.ar\\\/press\\\/#organization\"},\"image\":{\"@id\":\"https:\\\/\\\/vocesdelacomuna15.com.ar\\\/press\\\/pagano-las-pymes-pasaron-de-ser-un-actor-economico-a-un-sosten-social\\\/#primaryimage\"},\"thumbnailUrl\":\"https:\\\/\\\/vocesdelacomuna15.com.ar\\\/wp-content\\\/uploads\\\/2026\\\/08\\\/1787869347647-pagano.webp.avif\",\"articleSection\":[\"Pol\u00edtica\"],\"inLanguage\":\"es-AR\"},{\"@type\":\"WebPage\",\"@id\":\"https:\\\/\\\/vocesdelacomuna15.com.ar\\\/press\\\/pagano-las-pymes-pasaron-de-ser-un-actor-economico-a-un-sosten-social\\\/\",\"url\":\"https:\\\/\\\/vocesdelacomuna15.com.ar\\\/press\\\/pagano-las-pymes-pasaron-de-ser-un-actor-economico-a-un-sosten-social\\\/\",\"name\":\"Pagano: \\\"las PyMEs pasaron de ser un actor econ\u00f3mico a un sost\u00e9n social\\\" - Voces de la Comuna 15\",\"isPartOf\":{\"@id\":\"https:\\\/\\\/vocesdelacomuna15.com.ar\\\/press\\\/#website\"},\"primaryImageOfPage\":{\"@id\":\"https:\\\/\\\/vocesdelacomuna15.com.ar\\\/press\\\/pagano-las-pymes-pasaron-de-ser-un-actor-economico-a-un-sosten-social\\\/#primaryimage\"},\"image\":{\"@id\":\"https:\\\/\\\/vocesdelacomuna15.com.ar\\\/press\\\/pagano-las-pymes-pasaron-de-ser-un-actor-economico-a-un-sosten-social\\\/#primaryimage\"},\"thumbnailUrl\":\"https:\\\/\\\/vocesdelacomuna15.com.ar\\\/wp-content\\\/uploads\\\/2026\\\/08\\\/1787869347647-pagano.webp.avif\",\"datePublished\":\"2026-08-31T22:31:44+00:00\",\"dateModified\":\"2026-08-31T22:31:47+00:00\",\"description\":\"Voces de la Comuna 15\",\"breadcrumb\":{\"@id\":\"https:\\\/\\\/vocesdelacomuna15.com.ar\\\/press\\\/pagano-las-pymes-pasaron-de-ser-un-actor-economico-a-un-sosten-social\\\/#breadcrumb\"},\"inLanguage\":\"es-AR\",\"potentialAction\":[{\"@type\":\"ReadAction\",\"target\":[\"https:\\\/\\\/vocesdelacomuna15.com.ar\\\/press\\\/pagano-las-pymes-pasaron-de-ser-un-actor-economico-a-un-sosten-social\\\/\"]}]},{\"@type\":\"ImageObject\",\"inLanguage\":\"es-AR\",\"@id\":\"https:\\\/\\\/vocesdelacomuna15.com.ar\\\/press\\\/pagano-las-pymes-pasaron-de-ser-un-actor-economico-a-un-sosten-social\\\/#primaryimage\",\"url\":\"https:\\\/\\\/vocesdelacomuna15.com.ar\\\/wp-content\\\/uploads\\\/2026\\\/08\\\/1787869347647-pagano.webp.avif\",\"contentUrl\":\"https:\\\/\\\/vocesdelacomuna15.com.ar\\\/wp-content\\\/uploads\\\/2026\\\/08\\\/1787869347647-pagano.webp.avif\",\"width\":1200,\"height\":670},{\"@type\":\"BreadcrumbList\",\"@id\":\"https:\\\/\\\/vocesdelacomuna15.com.ar\\\/press\\\/pagano-las-pymes-pasaron-de-ser-un-actor-economico-a-un-sosten-social\\\/#breadcrumb\",\"itemListElement\":[{\"@type\":\"ListItem\",\"position\":1,\"name\":\"Inicio\",\"item\":\"https:\\\/\\\/vocesdelacomuna15.com.ar\\\/press\\\/\"},{\"@type\":\"ListItem\",\"position\":2,\"name\":\"Pagano: &#8220;las PyMEs pasaron de ser un actor econ\u00f3mico a un sost\u00e9n social&#8221;\"}]},{\"@type\":\"WebSite\",\"@id\":\"https:\\\/\\\/vocesdelacomuna15.com.ar\\\/press\\\/#website\",\"url\":\"https:\\\/\\\/vocesdelacomuna15.com.ar\\\/press\\\/\",\"name\":\"Voces de la Comuna 15\",\"description\":\"Sitio web de noticias\",\"publisher\":{\"@id\":\"https:\\\/\\\/vocesdelacomuna15.com.ar\\\/press\\\/#organization\"},\"potentialAction\":[{\"@type\":\"SearchAction\",\"target\":{\"@type\":\"EntryPoint\",\"urlTemplate\":\"https:\\\/\\\/vocesdelacomuna15.com.ar\\\/press\\\/?s={search_term_string}\"},\"query-input\":{\"@type\":\"PropertyValueSpecification\",\"valueRequired\":true,\"valueName\":\"search_term_string\"}}],\"inLanguage\":\"es-AR\"},{\"@type\":\"Organization\",\"@id\":\"https:\\\/\\\/vocesdelacomuna15.com.ar\\\/press\\\/#organization\",\"name\":\"Voces de la Comuna 15\",\"url\":\"https:\\\/\\\/vocesdelacomuna15.com.ar\\\/press\\\/\",\"logo\":{\"@type\":\"ImageObject\",\"inLanguage\":\"es-AR\",\"@id\":\"https:\\\/\\\/vocesdelacomuna15.com.ar\\\/press\\\/#\\\/schema\\\/logo\\\/image\\\/\",\"url\":\"https:\\\/\\\/vocesdelacomuna15.com.ar\\\/wp-content\\\/uploads\\\/2024\\\/12\\\/cropped-logo_voces.jpg\",\"contentUrl\":\"https:\\\/\\\/vocesdelacomuna15.com.ar\\\/wp-content\\\/uploads\\\/2024\\\/12\\\/cropped-logo_voces.jpg\",\"width\":512,\"height\":512,\"caption\":\"Voces de la Comuna 15\"},\"image\":{\"@id\":\"https:\\\/\\\/vocesdelacomuna15.com.ar\\\/press\\\/#\\\/schema\\\/logo\\\/image\\\/\"},\"sameAs\":[\"https:\\\/\\\/www.facebook.com\\\/VocesComuna15\\\/\",\"https:\\\/\\\/x.com\\\/vocescomuna15\"]},{\"@type\":\"Person\",\"@id\":\"https:\\\/\\\/vocesdelacomuna15.com.ar\\\/press\\\/#\\\/schema\\\/person\\\/4739e109db25d799cd3d139eeb509e43\",\"name\":\"Federico Arguto\",\"image\":{\"@type\":\"ImageObject\",\"inLanguage\":\"es-AR\",\"@id\":\"https:\\\/\\\/vocesdelacomuna15.com.ar\\\/wp-content\\\/litespeed\\\/avatar\\\/82faf979976f1bae889b8b71f8a0a7e5.jpg?ver=1787702702\",\"url\":\"https:\\\/\\\/vocesdelacomuna15.com.ar\\\/wp-content\\\/litespeed\\\/avatar\\\/82faf979976f1bae889b8b71f8a0a7e5.jpg?ver=1787702702\",\"contentUrl\":\"https:\\\/\\\/vocesdelacomuna15.com.ar\\\/wp-content\\\/litespeed\\\/avatar\\\/82faf979976f1bae889b8b71f8a0a7e5.jpg?ver=1787702702\",\"caption\":\"Federico Arguto\"},\"url\":\"https:\\\/\\\/vocesdelacomuna15.com.ar\\\/press\\\/author\\\/fede\\\/\"}]}<\/script>\n<!-- \/ Yoast SEO plugin. -->","yoast_head_json":{"title":"Pagano: \"las PyMEs pasaron de ser un actor econ\u00f3mico a un sost\u00e9n social\" - Voces de la Comuna 15","description":"Voces de la Comuna 15","robots":{"index":"index","follow":"follow","max-snippet":"max-snippet:-1","max-image-preview":"max-image-preview:large","max-video-preview":"max-video-preview:-1"},"canonical":"https:\/\/vocesdelacomuna15.com.ar\/press\/pagano-las-pymes-pasaron-de-ser-un-actor-economico-a-un-sosten-social\/","og_locale":"es_ES","og_type":"article","og_title":"Pagano: \"las PyMEs pasaron de ser un actor econ\u00f3mico a un sost\u00e9n social\" - Voces de la Comuna 15","og_description":"Voces de la Comuna 15","og_url":"https:\/\/vocesdelacomuna15.com.ar\/press\/pagano-las-pymes-pasaron-de-ser-un-actor-economico-a-un-sosten-social\/","og_site_name":"Voces de la Comuna 15","article_publisher":"https:\/\/www.facebook.com\/VocesComuna15\/","article_published_time":"2026-08-31T22:31:44+00:00","article_modified_time":"2026-08-31T22:31:47+00:00","og_image":[{"width":1200,"height":670,"url":"https:\/\/vocesdelacomuna15.com.ar\/wp-content\/uploads\/2026\/08\/1787869347647-pagano.webp.avif","type":"image\/webp"}],"author":"Federico Arguto","twitter_card":"summary_large_image","twitter_creator":"@vocescomuna15","twitter_site":"@vocescomuna15","twitter_misc":{"Escrito por":"Federico Arguto","Tiempo de lectura":"3 minutos"},"schema":{"@context":"https:\/\/schema.org","@graph":[{"@type":"Article","@id":"https:\/\/vocesdelacomuna15.com.ar\/press\/pagano-las-pymes-pasaron-de-ser-un-actor-economico-a-un-sosten-social\/#article","isPartOf":{"@id":"https:\/\/vocesdelacomuna15.com.ar\/press\/pagano-las-pymes-pasaron-de-ser-un-actor-economico-a-un-sosten-social\/"},"author":{"name":"Federico Arguto","@id":"https:\/\/vocesdelacomuna15.com.ar\/press\/#\/schema\/person\/4739e109db25d799cd3d139eeb509e43"},"headline":"Pagano: &#8220;las PyMEs pasaron de ser un actor econ\u00f3mico a un sost\u00e9n social&#8221;","datePublished":"2026-08-31T22:31:44+00:00","dateModified":"2026-08-31T22:31:47+00:00","mainEntityOfPage":{"@id":"https:\/\/vocesdelacomuna15.com.ar\/press\/pagano-las-pymes-pasaron-de-ser-un-actor-economico-a-un-sosten-social\/"},"wordCount":478,"publisher":{"@id":"https:\/\/vocesdelacomuna15.com.ar\/press\/#organization"},"image":{"@id":"https:\/\/vocesdelacomuna15.com.ar\/press\/pagano-las-pymes-pasaron-de-ser-un-actor-economico-a-un-sosten-social\/#primaryimage"},"thumbnailUrl":"https:\/\/vocesdelacomuna15.com.ar\/wp-content\/uploads\/2026\/08\/1787869347647-pagano.webp.avif","articleSection":["Pol\u00edtica"],"inLanguage":"es-AR"},{"@type":"WebPage","@id":"https:\/\/vocesdelacomuna15.com.ar\/press\/pagano-las-pymes-pasaron-de-ser-un-actor-economico-a-un-sosten-social\/","url":"https:\/\/vocesdelacomuna15.com.ar\/press\/pagano-las-pymes-pasaron-de-ser-un-actor-economico-a-un-sosten-social\/","name":"Pagano: \"las PyMEs pasaron de ser un actor econ\u00f3mico a un sost\u00e9n social\" - Voces de la Comuna 15","isPartOf":{"@id":"https:\/\/vocesdelacomuna15.com.ar\/press\/#website"},"primaryImageOfPage":{"@id":"https:\/\/vocesdelacomuna15.com.ar\/press\/pagano-las-pymes-pasaron-de-ser-un-actor-economico-a-un-sosten-social\/#primaryimage"},"image":{"@id":"https:\/\/vocesdelacomuna15.com.ar\/press\/pagano-las-pymes-pasaron-de-ser-un-actor-economico-a-un-sosten-social\/#primaryimage"},"thumbnailUrl":"https:\/\/vocesdelacomuna15.com.ar\/wp-content\/uploads\/2026\/08\/1787869347647-pagano.webp.avif","datePublished":"2026-08-31T22:31:44+00:00","dateModified":"2026-08-31T22:31:47+00:00","description":"Voces de la Comuna 15","breadcrumb":{"@id":"https:\/\/vocesdelacomuna15.com.ar\/press\/pagano-las-pymes-pasaron-de-ser-un-actor-economico-a-un-sosten-social\/#breadcrumb"},"inLanguage":"es-AR","potentialAction":[{"@type":"ReadAction","target":["https:\/\/vocesdelacomuna15.com.ar\/press\/pagano-las-pymes-pasaron-de-ser-un-actor-economico-a-un-sosten-social\/"]}]},{"@type":"ImageObject","inLanguage":"es-AR","@id":"https:\/\/vocesdelacomuna15.com.ar\/press\/pagano-las-pymes-pasaron-de-ser-un-actor-economico-a-un-sosten-social\/#primaryimage","url":"https:\/\/vocesdelacomuna15.com.ar\/wp-content\/uploads\/2026\/08\/1787869347647-pagano.webp.avif","contentUrl":"https:\/\/vocesdelacomuna15.com.ar\/wp-content\/uploads\/2026\/08\/1787869347647-pagano.webp.avif","width":1200,"height":670},{"@type":"BreadcrumbList","@id":"https:\/\/vocesdelacomuna15.com.ar\/press\/pagano-las-pymes-pasaron-de-ser-un-actor-economico-a-un-sosten-social\/#breadcrumb","itemListElement":[{"@type":"ListItem","position":1,"name":"Inicio","item":"https:\/\/vocesdelacomuna15.com.ar\/press\/"},{"@type":"ListItem","position":2,"name":"Pagano: &#8220;las PyMEs pasaron de ser un actor econ\u00f3mico a un sost\u00e9n social&#8221;"}]},{"@type":"WebSite","@id":"https:\/\/vocesdelacomuna15.com.ar\/press\/#website","url":"https:\/\/vocesdelacomuna15.com.ar\/press\/","name":"Voces de la Comuna 15","description":"Sitio web de noticias","publisher":{"@id":"https:\/\/vocesdelacomuna15.com.ar\/press\/#organization"},"potentialAction":[{"@type":"SearchAction","target":{"@type":"EntryPoint","urlTemplate":"https:\/\/vocesdelacomuna15.com.ar\/press\/?s={search_term_string}"},"query-input":{"@type":"PropertyValueSpecification","valueRequired":true,"valueName":"search_term_string"}}],"inLanguage":"es-AR"},{"@type":"Organization","@id":"https:\/\/vocesdelacomuna15.com.ar\/press\/#organization","name":"Voces de la Comuna 15","url":"https:\/\/vocesdelacomuna15.com.ar\/press\/","logo":{"@type":"ImageObject","inLanguage":"es-AR","@id":"https:\/\/vocesdelacomuna15.com.ar\/press\/#\/schema\/logo\/image\/","url":"https:\/\/vocesdelacomuna15.com.ar\/wp-content\/uploads\/2024\/12\/cropped-logo_voces.jpg","contentUrl":"https:\/\/vocesdelacomuna15.com.ar\/wp-content\/uploads\/2024\/12\/cropped-logo_voces.jpg","width":512,"height":512,"caption":"Voces de la Comuna 15"},"image":{"@id":"https:\/\/vocesdelacomuna15.com.ar\/press\/#\/schema\/logo\/image\/"},"sameAs":["https:\/\/www.facebook.com\/VocesComuna15\/","https:\/\/x.com\/vocescomuna15"]},{"@type":"Person","@id":"https:\/\/vocesdelacomuna15.com.ar\/press\/#\/schema\/person\/4739e109db25d799cd3d139eeb509e43","name":"Federico Arguto","image":{"@type":"ImageObject","inLanguage":"es-AR","@id":"https:\/\/vocesdelacomuna15.com.ar\/wp-content\/litespeed\/avatar\/82faf979976f1bae889b8b71f8a0a7e5.jpg?ver=1787702702","url":"https:\/\/vocesdelacomuna15.com.ar\/wp-content\/litespeed\/avatar\/82faf979976f1bae889b8b71f8a0a7e5.jpg?ver=1787702702","contentUrl":"https:\/\/vocesdelacomuna15.com.ar\/wp-content\/litespeed\/avatar\/82faf979976f1bae889b8b71f8a0a7e5.jpg?ver=1787702702","caption":"Federico Arguto"},"url":"https:\/\/vocesdelacomuna15.com.ar\/press\/author\/fede\/"}]}},"_links":{"self":[{"href":"https:\/\/vocesdelacomuna15.com.ar\/press\/wp-json\/wp\/v2\/posts\/73613","targetHints":{"allow":["GET"]}}],"collection":[{"href":"https:\/\/vocesdelacomuna15.com.ar\/press\/wp-json\/wp\/v2\/posts"}],"about":[{"href":"https:\/\/vocesdelacomuna15.com.ar\/press\/wp-json\/wp\/v2\/types\/post"}],"author":[{"embeddable":true,"href":"https:\/\/vocesdelacomuna15.com.ar\/press\/wp-json\/wp\/v2\/users\/2"}],"replies":[{"embeddable":true,"href":"https:\/\/vocesdelacomuna15.com.ar\/press\/wp-json\/wp\/v2\/comments?post=73613"}],"version-history":[{"count":2,"href":"https:\/\/vocesdelacomuna15.com.ar\/press\/wp-json\/wp\/v2\/posts\/73613\/revisions"}],"predecessor-version":[{"id":73616,"href":"https:\/\/vocesdelacomuna15.com.ar\/press\/wp-json\/wp\/v2\/posts\/73613\/revisions\/73616"}],"wp:featuredmedia":[{"embeddable":true,"href":"https:\/\/vocesdelacomuna15.com.ar\/press\/wp-json\/wp\/v2\/media\/73615"}],"wp:attachment":[{"href":"https:\/\/vocesdelacomuna15.com.ar\/press\/wp-json\/wp\/v2\/media?parent=73613"}],"wp:term":[{"taxonomy":"category","embeddable":true,"href":"https:\/\/vocesdelacomuna15.com.ar\/press\/wp-json\/wp\/v2\/categories?post=73613"},{"taxonomy":"post_tag","embeddable":true,"href":"https:\/\/vocesdelacomuna15.com.ar\/press\/wp-json\/wp\/v2\/tags?post=73613"}],"curies":[{"name":"wp","href":"https:\/\/api.w.org\/{rel}","templated":true}]}}