{"id":73608,"date":"2026-08-31T19:11:33","date_gmt":"2026-08-31T22:11:33","guid":{"rendered":"https:\/\/vocesdelacomuna15.com.ar\/press\/?p=73608"},"modified":"2026-08-31T19:11:37","modified_gmt":"2026-08-31T22:11:37","slug":"la-ciudad-ya-retiro-mas-de-500-reservas-de-estacionamiento-irregulares","status":"publish","type":"post","link":"https:\/\/vocesdelacomuna15.com.ar\/press\/la-ciudad-ya-retiro-mas-de-500-reservas-de-estacionamiento-irregulares\/","title":{"rendered":"La Ciudad ya retir\u00f3 m\u00e1s de 500 reservas de estacionamiento irregulares"},"content":{"rendered":"\n<p class=\"wp-block-paragraph\">Fuente: https:\/\/buenosaires.gob.ar\/<\/p>\n\n\n\n<p class=\"wp-block-paragraph\">La Ciudad lleva adelante la revisi\u00f3n de los estacionamientos reservados para personas con discapacidad. En lo que va del a\u00f1o ya se levantaron m\u00e1s de 500 reservas irregulares.<\/p>\n\n\n\n<p class=\"wp-block-paragraph\">En lo que va de 2026, <strong>ya se removieron m\u00e1s de 500 reservas que se encontraban vencidas, fuera de uso, adulteradas o instaladas sin autorizaci\u00f3n<\/strong>. Los controles forman parte de una pol\u00edtica destinada a ordenar y transparentar el uso del espacio p\u00fablico, fortalecer la fiscalizaci\u00f3n y mejorar la disponibilidad de lugares para las personas que cuentan con este beneficio.<\/p>\n\n\n\n<p class=\"wp-block-paragraph\">Para agilizar las intervenciones, la Ciudad implement\u00f3 adem\u00e1s un protocolo que <strong>unifica los criterios de actuaci\u00f3n de todas las \u00e1reas involucradas<\/strong>. El procedimiento establece c\u00f3mo debe verificarse la vigencia de cada reserva, c\u00f3mo realizar el retiro de la se\u00f1alizaci\u00f3n y en qu\u00e9 casos corresponde avanzar con una denuncia por posibles hechos de falsificaci\u00f3n o adulteraci\u00f3n.<\/p>\n\n\n\n<h2 class=\"wp-block-heading\"><strong>Qu\u00e9 ocurre si se detecta carteler\u00eda falsificada<\/strong><\/h2>\n\n\n\n<p class=\"wp-block-paragraph\">Si existen indicios de&nbsp;<strong>falsificaci\u00f3n o adulteraci\u00f3n<\/strong>, la Secretar\u00eda de Tr\u00e1nsito puede realizar la denuncia ante el Ministerio P\u00fablico Fiscal para que se investigue.<\/p>\n\n\n\n<p class=\"wp-block-paragraph\">Quienes resulten responsables tambi\u00e9n podr\u00e1n afrontar el&nbsp;<strong>recupero de los costos del operativo de remoci\u00f3n y reparaci\u00f3n del espacio p\u00fablico<\/strong>. Adem\u00e1s, se dar\u00e1 intervenci\u00f3n a las \u00e1reas correspondientes para evaluar la suspensi\u00f3n preventiva de la licencia de conducir.<\/p>\n\n\n\n<p class=\"wp-block-paragraph\">Por otra parte, la colocaci\u00f3n o modificaci\u00f3n de se\u00f1alizaci\u00f3n vial sin autorizaci\u00f3n puede ser multada en el marco del R\u00e9gimen de Faltas de la Ciudad.<\/p>\n\n\n\n<h2 class=\"wp-block-heading\"><strong>\u00bfC\u00f3mo denunciar una reserva irregular?<\/strong><\/h2>\n\n\n\n<p class=\"wp-block-paragraph\">Cualquier vecino puede realizar un reclamo si detecta una reserva para personas con discapacidad que se encuentre fuera de uso, presente carteler\u00eda adulterada o corresponda a una persona beneficiaria fallecida.<\/p>\n\n\n\n<h2 class=\"wp-block-heading\"><strong>\u00bfC\u00f3mo solicitar una reserva?<\/strong><\/h2>\n\n\n\n<p class=\"wp-block-paragraph\">La reserva de un espacio de estacionamiento para personas con discapacidad puede solicitarse&nbsp;<strong>de manera online a trav\u00e9s de TAD (Tramitaci\u00f3n a Distancia) o presencialmente en las sedes comunales, con turno previo<\/strong><\/p>\n\n\n\n<p class=\"wp-block-paragraph\">Caracteres: 1847<\/p>\n<div class=\"pvc_clear\"><\/div><p id=\"pvc_stats_73608\" class=\"pvc_stats all  \" data-element-id=\"73608\" style=\"\"><i class=\"pvc-stats-icon small\" aria-hidden=\"true\"><svg aria-hidden=\"true\" focusable=\"false\" data-prefix=\"far\" data-icon=\"chart-bar\" role=\"img\" xmlns=\"http:\/\/www.w3.org\/2000\/svg\" viewBox=\"0 0 512 512\" class=\"svg-inline--fa fa-chart-bar fa-w-16 fa-2x\"><path fill=\"currentColor\" d=\"M396.8 352h22.4c6.4 0 12.8-6.4 12.8-12.8V108.8c0-6.4-6.4-12.8-12.8-12.8h-22.4c-6.4 0-12.8 6.4-12.8 12.8v230.4c0 6.4 6.4 12.8 12.8 12.8zm-192 0h22.4c6.4 0 12.8-6.4 12.8-12.8V140.8c0-6.4-6.4-12.8-12.8-12.8h-22.4c-6.4 0-12.8 6.4-12.8 12.8v198.4c0 6.4 6.4 12.8 12.8 12.8zm96 0h22.4c6.4 0 12.8-6.4 12.8-12.8V204.8c0-6.4-6.4-12.8-12.8-12.8h-22.4c-6.4 0-12.8 6.4-12.8 12.8v134.4c0 6.4 6.4 12.8 12.8 12.8zM496 400H48V80c0-8.84-7.16-16-16-16H16C7.16 64 0 71.16 0 80v336c0 17.67 14.33 32 32 32h464c8.84 0 16-7.16 16-16v-16c0-8.84-7.16-16-16-16zm-387.2-48h22.4c6.4 0 12.8-6.4 12.8-12.8v-70.4c0-6.4-6.4-12.8-12.8-12.8h-22.4c-6.4 0-12.8 6.4-12.8 12.8v70.4c0 6.4 6.4 12.8 12.8 12.8z\" class=\"\"><\/path><\/svg><\/i> <img loading=\"lazy\" decoding=\"async\" width=\"16\" height=\"16\" alt=\"Loading\" src=\"https:\/\/vocesdelacomuna15.com.ar\/wp-content\/plugins\/page-views-count\/ajax-loader-2x.gif\" border=0 \/><\/p><div class=\"pvc_clear\"><\/div>","protected":false},"excerpt":{"rendered":"<p>Fuente: https:\/\/buenosaires.gob.ar\/ La Ciudad lleva adelante la revisi\u00f3n de los estacionamientos reservados para personas con discapacidad. En lo que va del a\u00f1o ya se levantaron m\u00e1s de 500 reservas irregulares. En lo que va de 2026, ya se removieron m\u00e1s de 500 reservas que se encontraban vencidas, fuera de uso, adulteradas o instaladas sin autorizaci\u00f3n. [&hellip;]<\/p>\n<div class=\"pvc_clear\"><\/div>\n<p id=\"pvc_stats_73608\" class=\"pvc_stats all  \" data-element-id=\"73608\" style=\"\"><i class=\"pvc-stats-icon small\" aria-hidden=\"true\"><svg aria-hidden=\"true\" focusable=\"false\" data-prefix=\"far\" data-icon=\"chart-bar\" role=\"img\" xmlns=\"http:\/\/www.w3.org\/2000\/svg\" viewBox=\"0 0 512 512\" class=\"svg-inline--fa fa-chart-bar fa-w-16 fa-2x\"><path fill=\"currentColor\" d=\"M396.8 352h22.4c6.4 0 12.8-6.4 12.8-12.8V108.8c0-6.4-6.4-12.8-12.8-12.8h-22.4c-6.4 0-12.8 6.4-12.8 12.8v230.4c0 6.4 6.4 12.8 12.8 12.8zm-192 0h22.4c6.4 0 12.8-6.4 12.8-12.8V140.8c0-6.4-6.4-12.8-12.8-12.8h-22.4c-6.4 0-12.8 6.4-12.8 12.8v198.4c0 6.4 6.4 12.8 12.8 12.8zm96 0h22.4c6.4 0 12.8-6.4 12.8-12.8V204.8c0-6.4-6.4-12.8-12.8-12.8h-22.4c-6.4 0-12.8 6.4-12.8 12.8v134.4c0 6.4 6.4 12.8 12.8 12.8zM496 400H48V80c0-8.84-7.16-16-16-16H16C7.16 64 0 71.16 0 80v336c0 17.67 14.33 32 32 32h464c8.84 0 16-7.16 16-16v-16c0-8.84-7.16-16-16-16zm-387.2-48h22.4c6.4 0 12.8-6.4 12.8-12.8v-70.4c0-6.4-6.4-12.8-12.8-12.8h-22.4c-6.4 0-12.8 6.4-12.8 12.8v70.4c0 6.4 6.4 12.8 12.8 12.8z\" class=\"\"><\/path><\/svg><\/i> <img loading=\"lazy\" decoding=\"async\" width=\"16\" height=\"16\" alt=\"Loading\" src=\"https:\/\/vocesdelacomuna15.com.ar\/wp-content\/plugins\/page-views-count\/ajax-loader-2x.gif\" border=0 \/><\/p>\n<div class=\"pvc_clear\"><\/div>\n","protected":false},"author":2,"featured_media":73610,"comment_status":"closed","ping_status":"closed","sticky":false,"template":"","format":"standard","meta":{"_et_pb_use_builder":"off","_et_pb_old_content":"","_et_gb_content_width":"","footnotes":""},"categories":[26],"tags":[],"class_list":["post-73608","post","type-post","status-publish","format-standard","has-post-thumbnail","hentry","category-ciudad","et-has-post-format-content","et_post_format-et-post-format-standard"],"a3_pvc":{"activated":true,"total_views":3,"today_views":3},"yoast_head":"<!-- This site is optimized with the Yoast SEO plugin v28.3 - https:\/\/yoast.com\/product\/yoast-seo-wordpress\/ -->\n<title>La Ciudad ya retir\u00f3 m\u00e1s de 500 reservas de estacionamiento irregulares - Voces de la Comuna 15<\/title>\n<meta name=\"description\" content=\"Voces de la Comuna 15\" \/>\n<meta name=\"robots\" content=\"index, follow, max-snippet:-1, max-image-preview:large, max-video-preview:-1\" \/>\n<link rel=\"canonical\" href=\"https:\/\/vocesdelacomuna15.com.ar\/press\/la-ciudad-ya-retiro-mas-de-500-reservas-de-estacionamiento-irregulares\/\" \/>\n<meta property=\"og:locale\" content=\"es_ES\" \/>\n<meta property=\"og:type\" content=\"article\" \/>\n<meta property=\"og:title\" content=\"La Ciudad ya retir\u00f3 m\u00e1s de 500 reservas de estacionamiento irregulares - Voces de la Comuna 15\" \/>\n<meta property=\"og:description\" content=\"Voces de la Comuna 15\" \/>\n<meta property=\"og:url\" content=\"https:\/\/vocesdelacomuna15.com.ar\/press\/la-ciudad-ya-retiro-mas-de-500-reservas-de-estacionamiento-irregulares\/\" \/>\n<meta property=\"og:site_name\" content=\"Voces de la Comuna 15\" \/>\n<meta property=\"article:publisher\" content=\"https:\/\/www.facebook.com\/VocesComuna15\/\" \/>\n<meta property=\"article:published_time\" content=\"2026-08-31T22:11:33+00:00\" \/>\n<meta property=\"article:modified_time\" content=\"2026-08-31T22:11:37+00:00\" \/>\n<meta property=\"og:image\" content=\"https:\/\/vocesdelacomuna15.com.ar\/wp-content\/uploads\/2026\/08\/WhatsApp-Image-2026-08-06-at-9.46.52-AM_0.avif\" \/>\n\t<meta property=\"og:image:width\" content=\"1280\" \/>\n\t<meta property=\"og:image:height\" content=\"949\" \/>\n\t<meta property=\"og:image:type\" content=\"image\/jpeg\" \/>\n<meta name=\"author\" content=\"Federico Arguto\" \/>\n<meta name=\"twitter:card\" content=\"summary_large_image\" \/>\n<meta name=\"twitter:creator\" content=\"@vocescomuna15\" \/>\n<meta name=\"twitter:site\" content=\"@vocescomuna15\" \/>\n<meta name=\"twitter:label1\" content=\"Escrito por\" \/>\n\t<meta name=\"twitter:data1\" content=\"Federico Arguto\" \/>\n\t<meta name=\"twitter:label2\" content=\"Tiempo de lectura\" \/>\n\t<meta name=\"twitter:data2\" content=\"2 minutos\" \/>\n<script type=\"application\/ld+json\" class=\"yoast-schema-graph\">{\"@context\":\"https:\\\/\\\/schema.org\",\"@graph\":[{\"@type\":\"Article\",\"@id\":\"https:\\\/\\\/vocesdelacomuna15.com.ar\\\/press\\\/la-ciudad-ya-retiro-mas-de-500-reservas-de-estacionamiento-irregulares\\\/#article\",\"isPartOf\":{\"@id\":\"https:\\\/\\\/vocesdelacomuna15.com.ar\\\/press\\\/la-ciudad-ya-retiro-mas-de-500-reservas-de-estacionamiento-irregulares\\\/\"},\"author\":{\"name\":\"Federico Arguto\",\"@id\":\"https:\\\/\\\/vocesdelacomuna15.com.ar\\\/press\\\/#\\\/schema\\\/person\\\/4739e109db25d799cd3d139eeb509e43\"},\"headline\":\"La Ciudad ya retir\u00f3 m\u00e1s de 500 reservas de estacionamiento irregulares\",\"datePublished\":\"2026-08-31T22:11:33+00:00\",\"dateModified\":\"2026-08-31T22:11:37+00:00\",\"mainEntityOfPage\":{\"@id\":\"https:\\\/\\\/vocesdelacomuna15.com.ar\\\/press\\\/la-ciudad-ya-retiro-mas-de-500-reservas-de-estacionamiento-irregulares\\\/\"},\"wordCount\":365,\"publisher\":{\"@id\":\"https:\\\/\\\/vocesdelacomuna15.com.ar\\\/press\\\/#organization\"},\"image\":{\"@id\":\"https:\\\/\\\/vocesdelacomuna15.com.ar\\\/press\\\/la-ciudad-ya-retiro-mas-de-500-reservas-de-estacionamiento-irregulares\\\/#primaryimage\"},\"thumbnailUrl\":\"https:\\\/\\\/vocesdelacomuna15.com.ar\\\/wp-content\\\/uploads\\\/2026\\\/08\\\/WhatsApp-Image-2026-08-06-at-9.46.52-AM_0.avif\",\"articleSection\":[\"Ciudad\"],\"inLanguage\":\"es-AR\"},{\"@type\":\"WebPage\",\"@id\":\"https:\\\/\\\/vocesdelacomuna15.com.ar\\\/press\\\/la-ciudad-ya-retiro-mas-de-500-reservas-de-estacionamiento-irregulares\\\/\",\"url\":\"https:\\\/\\\/vocesdelacomuna15.com.ar\\\/press\\\/la-ciudad-ya-retiro-mas-de-500-reservas-de-estacionamiento-irregulares\\\/\",\"name\":\"La Ciudad ya retir\u00f3 m\u00e1s de 500 reservas de estacionamiento irregulares - Voces de la Comuna 15\",\"isPartOf\":{\"@id\":\"https:\\\/\\\/vocesdelacomuna15.com.ar\\\/press\\\/#website\"},\"primaryImageOfPage\":{\"@id\":\"https:\\\/\\\/vocesdelacomuna15.com.ar\\\/press\\\/la-ciudad-ya-retiro-mas-de-500-reservas-de-estacionamiento-irregulares\\\/#primaryimage\"},\"image\":{\"@id\":\"https:\\\/\\\/vocesdelacomuna15.com.ar\\\/press\\\/la-ciudad-ya-retiro-mas-de-500-reservas-de-estacionamiento-irregulares\\\/#primaryimage\"},\"thumbnailUrl\":\"https:\\\/\\\/vocesdelacomuna15.com.ar\\\/wp-content\\\/uploads\\\/2026\\\/08\\\/WhatsApp-Image-2026-08-06-at-9.46.52-AM_0.avif\",\"datePublished\":\"2026-08-31T22:11:33+00:00\",\"dateModified\":\"2026-08-31T22:11:37+00:00\",\"description\":\"Voces de la Comuna 15\",\"breadcrumb\":{\"@id\":\"https:\\\/\\\/vocesdelacomuna15.com.ar\\\/press\\\/la-ciudad-ya-retiro-mas-de-500-reservas-de-estacionamiento-irregulares\\\/#breadcrumb\"},\"inLanguage\":\"es-AR\",\"potentialAction\":[{\"@type\":\"ReadAction\",\"target\":[\"https:\\\/\\\/vocesdelacomuna15.com.ar\\\/press\\\/la-ciudad-ya-retiro-mas-de-500-reservas-de-estacionamiento-irregulares\\\/\"]}]},{\"@type\":\"ImageObject\",\"inLanguage\":\"es-AR\",\"@id\":\"https:\\\/\\\/vocesdelacomuna15.com.ar\\\/press\\\/la-ciudad-ya-retiro-mas-de-500-reservas-de-estacionamiento-irregulares\\\/#primaryimage\",\"url\":\"https:\\\/\\\/vocesdelacomuna15.com.ar\\\/wp-content\\\/uploads\\\/2026\\\/08\\\/WhatsApp-Image-2026-08-06-at-9.46.52-AM_0.avif\",\"contentUrl\":\"https:\\\/\\\/vocesdelacomuna15.com.ar\\\/wp-content\\\/uploads\\\/2026\\\/08\\\/WhatsApp-Image-2026-08-06-at-9.46.52-AM_0.avif\",\"width\":1280,\"height\":949},{\"@type\":\"BreadcrumbList\",\"@id\":\"https:\\\/\\\/vocesdelacomuna15.com.ar\\\/press\\\/la-ciudad-ya-retiro-mas-de-500-reservas-de-estacionamiento-irregulares\\\/#breadcrumb\",\"itemListElement\":[{\"@type\":\"ListItem\",\"position\":1,\"name\":\"Inicio\",\"item\":\"https:\\\/\\\/vocesdelacomuna15.com.ar\\\/press\\\/\"},{\"@type\":\"ListItem\",\"position\":2,\"name\":\"La Ciudad ya retir\u00f3 m\u00e1s de 500 reservas de estacionamiento irregulares\"}]},{\"@type\":\"WebSite\",\"@id\":\"https:\\\/\\\/vocesdelacomuna15.com.ar\\\/press\\\/#website\",\"url\":\"https:\\\/\\\/vocesdelacomuna15.com.ar\\\/press\\\/\",\"name\":\"Voces de la Comuna 15\",\"description\":\"Sitio web de noticias\",\"publisher\":{\"@id\":\"https:\\\/\\\/vocesdelacomuna15.com.ar\\\/press\\\/#organization\"},\"potentialAction\":[{\"@type\":\"SearchAction\",\"target\":{\"@type\":\"EntryPoint\",\"urlTemplate\":\"https:\\\/\\\/vocesdelacomuna15.com.ar\\\/press\\\/?s={search_term_string}\"},\"query-input\":{\"@type\":\"PropertyValueSpecification\",\"valueRequired\":true,\"valueName\":\"search_term_string\"}}],\"inLanguage\":\"es-AR\"},{\"@type\":\"Organization\",\"@id\":\"https:\\\/\\\/vocesdelacomuna15.com.ar\\\/press\\\/#organization\",\"name\":\"Voces de la Comuna 15\",\"url\":\"https:\\\/\\\/vocesdelacomuna15.com.ar\\\/press\\\/\",\"logo\":{\"@type\":\"ImageObject\",\"inLanguage\":\"es-AR\",\"@id\":\"https:\\\/\\\/vocesdelacomuna15.com.ar\\\/press\\\/#\\\/schema\\\/logo\\\/image\\\/\",\"url\":\"https:\\\/\\\/vocesdelacomuna15.com.ar\\\/wp-content\\\/uploads\\\/2024\\\/12\\\/cropped-logo_voces.jpg\",\"contentUrl\":\"https:\\\/\\\/vocesdelacomuna15.com.ar\\\/wp-content\\\/uploads\\\/2024\\\/12\\\/cropped-logo_voces.jpg\",\"width\":512,\"height\":512,\"caption\":\"Voces de la Comuna 15\"},\"image\":{\"@id\":\"https:\\\/\\\/vocesdelacomuna15.com.ar\\\/press\\\/#\\\/schema\\\/logo\\\/image\\\/\"},\"sameAs\":[\"https:\\\/\\\/www.facebook.com\\\/VocesComuna15\\\/\",\"https:\\\/\\\/x.com\\\/vocescomuna15\"]},{\"@type\":\"Person\",\"@id\":\"https:\\\/\\\/vocesdelacomuna15.com.ar\\\/press\\\/#\\\/schema\\\/person\\\/4739e109db25d799cd3d139eeb509e43\",\"name\":\"Federico Arguto\",\"image\":{\"@type\":\"ImageObject\",\"inLanguage\":\"es-AR\",\"@id\":\"https:\\\/\\\/vocesdelacomuna15.com.ar\\\/wp-content\\\/litespeed\\\/avatar\\\/82faf979976f1bae889b8b71f8a0a7e5.jpg?ver=1787702702\",\"url\":\"https:\\\/\\\/vocesdelacomuna15.com.ar\\\/wp-content\\\/litespeed\\\/avatar\\\/82faf979976f1bae889b8b71f8a0a7e5.jpg?ver=1787702702\",\"contentUrl\":\"https:\\\/\\\/vocesdelacomuna15.com.ar\\\/wp-content\\\/litespeed\\\/avatar\\\/82faf979976f1bae889b8b71f8a0a7e5.jpg?ver=1787702702\",\"caption\":\"Federico Arguto\"},\"url\":\"https:\\\/\\\/vocesdelacomuna15.com.ar\\\/press\\\/author\\\/fede\\\/\"}]}<\/script>\n<!-- \/ Yoast SEO plugin. -->","yoast_head_json":{"title":"La Ciudad ya retir\u00f3 m\u00e1s de 500 reservas de estacionamiento irregulares - Voces de la Comuna 15","description":"Voces de la Comuna 15","robots":{"index":"index","follow":"follow","max-snippet":"max-snippet:-1","max-image-preview":"max-image-preview:large","max-video-preview":"max-video-preview:-1"},"canonical":"https:\/\/vocesdelacomuna15.com.ar\/press\/la-ciudad-ya-retiro-mas-de-500-reservas-de-estacionamiento-irregulares\/","og_locale":"es_ES","og_type":"article","og_title":"La Ciudad ya retir\u00f3 m\u00e1s de 500 reservas de estacionamiento irregulares - Voces de la Comuna 15","og_description":"Voces de la Comuna 15","og_url":"https:\/\/vocesdelacomuna15.com.ar\/press\/la-ciudad-ya-retiro-mas-de-500-reservas-de-estacionamiento-irregulares\/","og_site_name":"Voces de la Comuna 15","article_publisher":"https:\/\/www.facebook.com\/VocesComuna15\/","article_published_time":"2026-08-31T22:11:33+00:00","article_modified_time":"2026-08-31T22:11:37+00:00","og_image":[{"width":1280,"height":949,"url":"https:\/\/vocesdelacomuna15.com.ar\/wp-content\/uploads\/2026\/08\/WhatsApp-Image-2026-08-06-at-9.46.52-AM_0.avif","type":"image\/jpeg"}],"author":"Federico Arguto","twitter_card":"summary_large_image","twitter_creator":"@vocescomuna15","twitter_site":"@vocescomuna15","twitter_misc":{"Escrito por":"Federico Arguto","Tiempo de lectura":"2 minutos"},"schema":{"@context":"https:\/\/schema.org","@graph":[{"@type":"Article","@id":"https:\/\/vocesdelacomuna15.com.ar\/press\/la-ciudad-ya-retiro-mas-de-500-reservas-de-estacionamiento-irregulares\/#article","isPartOf":{"@id":"https:\/\/vocesdelacomuna15.com.ar\/press\/la-ciudad-ya-retiro-mas-de-500-reservas-de-estacionamiento-irregulares\/"},"author":{"name":"Federico Arguto","@id":"https:\/\/vocesdelacomuna15.com.ar\/press\/#\/schema\/person\/4739e109db25d799cd3d139eeb509e43"},"headline":"La Ciudad ya retir\u00f3 m\u00e1s de 500 reservas de estacionamiento irregulares","datePublished":"2026-08-31T22:11:33+00:00","dateModified":"2026-08-31T22:11:37+00:00","mainEntityOfPage":{"@id":"https:\/\/vocesdelacomuna15.com.ar\/press\/la-ciudad-ya-retiro-mas-de-500-reservas-de-estacionamiento-irregulares\/"},"wordCount":365,"publisher":{"@id":"https:\/\/vocesdelacomuna15.com.ar\/press\/#organization"},"image":{"@id":"https:\/\/vocesdelacomuna15.com.ar\/press\/la-ciudad-ya-retiro-mas-de-500-reservas-de-estacionamiento-irregulares\/#primaryimage"},"thumbnailUrl":"https:\/\/vocesdelacomuna15.com.ar\/wp-content\/uploads\/2026\/08\/WhatsApp-Image-2026-08-06-at-9.46.52-AM_0.avif","articleSection":["Ciudad"],"inLanguage":"es-AR"},{"@type":"WebPage","@id":"https:\/\/vocesdelacomuna15.com.ar\/press\/la-ciudad-ya-retiro-mas-de-500-reservas-de-estacionamiento-irregulares\/","url":"https:\/\/vocesdelacomuna15.com.ar\/press\/la-ciudad-ya-retiro-mas-de-500-reservas-de-estacionamiento-irregulares\/","name":"La Ciudad ya retir\u00f3 m\u00e1s de 500 reservas de estacionamiento irregulares - Voces de la Comuna 15","isPartOf":{"@id":"https:\/\/vocesdelacomuna15.com.ar\/press\/#website"},"primaryImageOfPage":{"@id":"https:\/\/vocesdelacomuna15.com.ar\/press\/la-ciudad-ya-retiro-mas-de-500-reservas-de-estacionamiento-irregulares\/#primaryimage"},"image":{"@id":"https:\/\/vocesdelacomuna15.com.ar\/press\/la-ciudad-ya-retiro-mas-de-500-reservas-de-estacionamiento-irregulares\/#primaryimage"},"thumbnailUrl":"https:\/\/vocesdelacomuna15.com.ar\/wp-content\/uploads\/2026\/08\/WhatsApp-Image-2026-08-06-at-9.46.52-AM_0.avif","datePublished":"2026-08-31T22:11:33+00:00","dateModified":"2026-08-31T22:11:37+00:00","description":"Voces de la Comuna 15","breadcrumb":{"@id":"https:\/\/vocesdelacomuna15.com.ar\/press\/la-ciudad-ya-retiro-mas-de-500-reservas-de-estacionamiento-irregulares\/#breadcrumb"},"inLanguage":"es-AR","potentialAction":[{"@type":"ReadAction","target":["https:\/\/vocesdelacomuna15.com.ar\/press\/la-ciudad-ya-retiro-mas-de-500-reservas-de-estacionamiento-irregulares\/"]}]},{"@type":"ImageObject","inLanguage":"es-AR","@id":"https:\/\/vocesdelacomuna15.com.ar\/press\/la-ciudad-ya-retiro-mas-de-500-reservas-de-estacionamiento-irregulares\/#primaryimage","url":"https:\/\/vocesdelacomuna15.com.ar\/wp-content\/uploads\/2026\/08\/WhatsApp-Image-2026-08-06-at-9.46.52-AM_0.avif","contentUrl":"https:\/\/vocesdelacomuna15.com.ar\/wp-content\/uploads\/2026\/08\/WhatsApp-Image-2026-08-06-at-9.46.52-AM_0.avif","width":1280,"height":949},{"@type":"BreadcrumbList","@id":"https:\/\/vocesdelacomuna15.com.ar\/press\/la-ciudad-ya-retiro-mas-de-500-reservas-de-estacionamiento-irregulares\/#breadcrumb","itemListElement":[{"@type":"ListItem","position":1,"name":"Inicio","item":"https:\/\/vocesdelacomuna15.com.ar\/press\/"},{"@type":"ListItem","position":2,"name":"La Ciudad ya retir\u00f3 m\u00e1s de 500 reservas de estacionamiento irregulares"}]},{"@type":"WebSite","@id":"https:\/\/vocesdelacomuna15.com.ar\/press\/#website","url":"https:\/\/vocesdelacomuna15.com.ar\/press\/","name":"Voces de la Comuna 15","description":"Sitio web de noticias","publisher":{"@id":"https:\/\/vocesdelacomuna15.com.ar\/press\/#organization"},"potentialAction":[{"@type":"SearchAction","target":{"@type":"EntryPoint","urlTemplate":"https:\/\/vocesdelacomuna15.com.ar\/press\/?s={search_term_string}"},"query-input":{"@type":"PropertyValueSpecification","valueRequired":true,"valueName":"search_term_string"}}],"inLanguage":"es-AR"},{"@type":"Organization","@id":"https:\/\/vocesdelacomuna15.com.ar\/press\/#organization","name":"Voces de la Comuna 15","url":"https:\/\/vocesdelacomuna15.com.ar\/press\/","logo":{"@type":"ImageObject","inLanguage":"es-AR","@id":"https:\/\/vocesdelacomuna15.com.ar\/press\/#\/schema\/logo\/image\/","url":"https:\/\/vocesdelacomuna15.com.ar\/wp-content\/uploads\/2024\/12\/cropped-logo_voces.jpg","contentUrl":"https:\/\/vocesdelacomuna15.com.ar\/wp-content\/uploads\/2024\/12\/cropped-logo_voces.jpg","width":512,"height":512,"caption":"Voces de la Comuna 15"},"image":{"@id":"https:\/\/vocesdelacomuna15.com.ar\/press\/#\/schema\/logo\/image\/"},"sameAs":["https:\/\/www.facebook.com\/VocesComuna15\/","https:\/\/x.com\/vocescomuna15"]},{"@type":"Person","@id":"https:\/\/vocesdelacomuna15.com.ar\/press\/#\/schema\/person\/4739e109db25d799cd3d139eeb509e43","name":"Federico Arguto","image":{"@type":"ImageObject","inLanguage":"es-AR","@id":"https:\/\/vocesdelacomuna15.com.ar\/wp-content\/litespeed\/avatar\/82faf979976f1bae889b8b71f8a0a7e5.jpg?ver=1787702702","url":"https:\/\/vocesdelacomuna15.com.ar\/wp-content\/litespeed\/avatar\/82faf979976f1bae889b8b71f8a0a7e5.jpg?ver=1787702702","contentUrl":"https:\/\/vocesdelacomuna15.com.ar\/wp-content\/litespeed\/avatar\/82faf979976f1bae889b8b71f8a0a7e5.jpg?ver=1787702702","caption":"Federico Arguto"},"url":"https:\/\/vocesdelacomuna15.com.ar\/press\/author\/fede\/"}]}},"_links":{"self":[{"href":"https:\/\/vocesdelacomuna15.com.ar\/press\/wp-json\/wp\/v2\/posts\/73608","targetHints":{"allow":["GET"]}}],"collection":[{"href":"https:\/\/vocesdelacomuna15.com.ar\/press\/wp-json\/wp\/v2\/posts"}],"about":[{"href":"https:\/\/vocesdelacomuna15.com.ar\/press\/wp-json\/wp\/v2\/types\/post"}],"author":[{"embeddable":true,"href":"https:\/\/vocesdelacomuna15.com.ar\/press\/wp-json\/wp\/v2\/users\/2"}],"replies":[{"embeddable":true,"href":"https:\/\/vocesdelacomuna15.com.ar\/press\/wp-json\/wp\/v2\/comments?post=73608"}],"version-history":[{"count":2,"href":"https:\/\/vocesdelacomuna15.com.ar\/press\/wp-json\/wp\/v2\/posts\/73608\/revisions"}],"predecessor-version":[{"id":73611,"href":"https:\/\/vocesdelacomuna15.com.ar\/press\/wp-json\/wp\/v2\/posts\/73608\/revisions\/73611"}],"wp:featuredmedia":[{"embeddable":true,"href":"https:\/\/vocesdelacomuna15.com.ar\/press\/wp-json\/wp\/v2\/media\/73610"}],"wp:attachment":[{"href":"https:\/\/vocesdelacomuna15.com.ar\/press\/wp-json\/wp\/v2\/media?parent=73608"}],"wp:term":[{"taxonomy":"category","embeddable":true,"href":"https:\/\/vocesdelacomuna15.com.ar\/press\/wp-json\/wp\/v2\/categories?post=73608"},{"taxonomy":"post_tag","embeddable":true,"href":"https:\/\/vocesdelacomuna15.com.ar\/press\/wp-json\/wp\/v2\/tags?post=73608"}],"curies":[{"name":"wp","href":"https:\/\/api.w.org\/{rel}","templated":true}]}}