{"id":73601,"date":"2026-08-31T18:11:19","date_gmt":"2026-08-31T21:11:19","guid":{"rendered":"https:\/\/vocesdelacomuna15.com.ar\/press\/?p=73601"},"modified":"2026-08-31T18:11:21","modified_gmt":"2026-08-31T21:11:21","slug":"lionel-messi-anuncio-su-retiro-de-la-seleccion-argentina","status":"publish","type":"post","link":"https:\/\/vocesdelacomuna15.com.ar\/press\/lionel-messi-anuncio-su-retiro-de-la-seleccion-argentina\/","title":{"rendered":"Lionel Messi anunci\u00f3 su retiro de la Selecci\u00f3n Argentina"},"content":{"rendered":"\n<p class=\"wp-block-paragraph\">El capit\u00e1n lanz\u00f3 un sentido comunicado en sus redes sociales, en el que expresa el fin de una etapa de 20 a\u00f1os y su orgullo por haber vestido la celeste y blanca. Fuente: Diario Popular<\/p>\n\n\n\n<p class=\"wp-block-paragraph\">Link: <a href=\"https:\/\/www.diariopopular.com.ar\/futbol\/lionel-messi-anuncio-su-retiro-la-seleccion-argentina-n917444\">https:\/\/www.diariopopular.com.ar\/futbol\/lionel-messi-anuncio-su-retiro-la-seleccion-argentina-n917444<\/a><\/p>\n\n\n\n<p class=\"wp-block-paragraph\"><\/p>\n\n\n\n<p class=\"wp-block-paragraph\"><strong>Lionel Messi anunci\u00f3 el fin de la etapa m\u00e1s importante: anunci\u00f3 su retiro de la Selecci\u00f3n Argentina en redes sociales.<\/strong> El capit\u00e1n deja esta camiseta despu\u00e9s de 21 a\u00f1os, seis t\u00edtulos oficiales, y un recorrido excepcional. Despu\u00e9s de la final de la Copa del Mundo perdida contra Espa\u00f1a, la dif\u00edcil partida de su padre y tiempo para pensarlo, lleg\u00f3 la noticia que ning\u00fan hincha quer\u00eda escuchar.<\/p>\n\n\n\n<p class=\"wp-block-paragraph\">Una decisi\u00f3n dif\u00edcil invadi\u00f3 su cabeza y tuvo el coraje de cerrar lo imposible. Algo anticip\u00f3 despu\u00e9s del <a href=\"https:\/\/www.diariopopular.com.ar\/deportes\/murio-jorge-messi-padre-lionel-messi-rosario-n913777\" target=\"_blank\" rel=\"noopener\">fallecimiento de su padre, Jorge<\/a>, en la carta que le escribi\u00f3: <em>&#8220;Yo s\u00f3lo jugaba al f\u00fatbol y ahora tengo bastantes dudas de si voy a poder seguir haci\u00e9ndolo&#8221;.<\/em> Finalmente, mientras contin\u00faa haciendo magia con la camiseta de Inter Miami a sus 39 a\u00f1os, abroch\u00f3 el ciclo m\u00e1s importante de la historia.<\/p>\n\n\n\n<p class=\"wp-block-paragraph\"><em><strong>&#8220;Despu\u00e9s de este tiempo que pas\u00f3 desde la final, pens\u00e1ndolo mucho, quiero comunicarles a todos que me retiro de la Selecci\u00f3n&#8221;<\/strong><\/em>, inicia el anunci\u00f3 de Leo, acompa\u00f1ado con una imagen que muestra tres hojas escritas a pu\u00f1o y letra. Contin\u00faa con una explicaci\u00f3n exhaustiva de su elecci\u00f3n, a\u00fan creyendo que le debe algo a su gente. <em><strong>&#8220;Fue una decisi\u00f3n que doli\u00f3 y duele en el alma pero entiendo que es el momento. Les juro que siempre dej\u00e9 todo, no solo los \u00faltimos a\u00f1os que se gan\u00f3 todo, antes tambi\u00e9n y siempre pele\u00e9 y me dej\u00e9 todo por esta camiseta, por darles alegr\u00edas y hacer que se sientan orgullosos de ser argentinos a trav\u00e9s del f\u00fatbol&#8221;,<\/strong><\/em> continu\u00f3, notablemente acongojado y atravesado por la seguidilla de momentos que le pesaron en los hombros, incluso, durante toda la Copa del Mundo. Y s\u00ed, en toda su experiencia con la Selecci\u00f3n.<\/p>\n\n\n\n<p class=\"wp-block-paragraph\">Una decisi\u00f3n dif\u00edcil invadi\u00f3 su cabeza y tuvo el coraje de cerrar lo imposible. Algo anticip\u00f3 despu\u00e9s del <a href=\"https:\/\/www.diariopopular.com.ar\/deportes\/murio-jorge-messi-padre-lionel-messi-rosario-n913777\" target=\"_blank\" rel=\"noopener\">fallecimiento de su padre, Jorge<\/a>, en la carta que le escribi\u00f3: <em>&#8220;Yo s\u00f3lo jugaba al f\u00fatbol y ahora tengo bastantes dudas de si voy a poder seguir haci\u00e9ndolo&#8221;.<\/em> Finalmente, mientras contin\u00faa haciendo magia con la camiseta de Inter Miami a sus 39 a\u00f1os, abroch\u00f3 el ciclo m\u00e1s importante de la historia.<\/p>\n\n\n\n<p class=\"wp-block-paragraph\">Messi puso en palabras lo que sinti\u00f3 despu\u00e9s de haber recibido la medalla de segundo puesto tras la final perdida con Espa\u00f1a el pasado 19 de julio. Las l\u00e1grimas le inundaron los ojos y se rindi\u00f3, como siempre, a su gente, a la que se qued\u00f3 observando durante 20 minutos en el campo de juego. <em><strong>&#8220;Queda poco y se van cerrando etapas y esta es una que me duele mucho. Amo, am\u00e9 y amar\u00e9 siempre estar en la Selecci\u00f3n. Me vaci\u00e9, ya no tengo m\u00e1s para dar y aparte vienen chicos muy grandes atr\u00e1s que merecen estar&#8221;<\/strong><\/em>, a\u00f1adi\u00f3, tambi\u00e9n vaticinando que no faltar\u00e1 mucho para decirle adi\u00f3s a su carrera futbol\u00edstica porque, sin nada para reclamarle, descarg\u00f3 toda su magia con estos colores.<\/p>\n\n\n\n<p class=\"wp-block-paragraph\">Este a\u00f1o no solo jug\u00f3 su sexto Mundial, sino que cumpli\u00f3 dos d\u00e9cadas en con la camiseta nacional, a veces pesada, otras ligera, con la que luch\u00f3 con espada para convencer que \u00e9l estaba para lograr cosas grandes. <em><strong>&#8220;Gracias por todo el cari\u00f1o de estos 20 a\u00f1os. Voy a extra\u00f1ar mucho escucharlos desde adentro. Ahora voy a ser uno m\u00e1s de ustedes, alentando y bancando siempre desde afuera (en las buenas y en las malas, mucho m\u00e1s)&#8221;,<\/strong><\/em> a\u00f1adi\u00f3.<\/p>\n\n\n\n<p class=\"wp-block-paragraph\">Y siempre le rinde a los suyos, a quienes estuvieron de la mano, incondicionalmente: <em><strong>&#8220;Gracias a mi familia por estar siempre, por acompa\u00f1arme en este viaje tan hermoso pero dif\u00edcil. Gracias a cada uno de entrenadores, compa\u00f1eros y dirigentes que me toc\u00f3 compartir. Me llevo recuerdos y momentos inolvidables vividos&#8221;.<\/strong><\/em><\/p>\n\n\n\n<p class=\"wp-block-paragraph\">Le dio a todo un pa\u00eds y a tantos otros del mundo entero, la alegr\u00eda m\u00e1s grande que puede dar este deporte: la Copa Mundial. <em><strong>&#8220;Me voy con la tranquilidad y el orgullo de haberles regalado, juntos con mis compa\u00f1eros, momentos so\u00f1ados. Fue una locura haberlo vivido con ustedes. \u00a1Los quiero!&#8221;.<\/strong><\/em><\/p>\n\n\n\n<p class=\"wp-block-paragraph\">Junto a Diego Armando Maradona, los dos m\u00e1s grandes de la historia, demostraron el amor por los colores de una forma art\u00edstica y admirable. Eso, se agradece de por vida: <em><strong>&#8220;Gracias Dios por hacerme argentino. \u00a1Vamos Argentina!&#8221;<\/strong><\/em><\/p>\n\n\n\n<p class=\"wp-block-paragraph\">Para cerrar este mensaje, Leo aclar\u00f3 que esta carta la escribi\u00f3 despu\u00e9s de la definici\u00f3n que casi le entrega su segunda Copa, las cuales termin\u00f3 de ratificar con la p\u00e9rdida m\u00e1s dolorosa: <em>&#8220;Estas palabras las escrib\u00ed el 21 de julio, dos d\u00edas despu\u00e9s de la final. Hoy despu\u00e9s de lo de mi pap\u00e1, estoy m\u00e1s convencido que antes&#8221;.<\/em><\/p>\n\n\n\n<p class=\"wp-block-paragraph\"><strong>10 a\u00f1os despu\u00e9s de su primer retiro, cuando Argentina cay\u00f3 ante Chile por penales en la final de la Copa Am\u00e9rica 2016, lleg\u00f3 el verdadero. Esta vez, el pedido de la gente no podr\u00e1 hacer marcha atr\u00e1s. Leo firm\u00f3 su contrato<\/strong><\/p>\n\n\n\n<p class=\"wp-block-paragraph\"><\/p>\n\n\n\n<h2 class=\"wp-block-heading\"><strong>El emocionante video que posteo Messi tras su retiro de la Selecci\u00f3n Argentina<\/strong><\/h2>\n\n\n\n<p class=\"wp-block-paragraph\">\u00bfEs posible resumir una historia en un minuto? S\u00ed, pero como Leo todo lo puede, fue capaz de mostrar su recorrido, dif\u00edcil y glorioso, con varios Messi: triste, alegre, preocupado, perdido, &#8220;enchufado&#8221;, lleno, agradecido y vac\u00edo. Con la musicalizaci\u00f3n de Soledad Pastorutti, &#8220;La Pulga&#8221;, ahora s\u00ed, dijo adi\u00f3s.<\/p>\n\n\n\n<p class=\"wp-block-paragraph\"><\/p>\n<div class=\"pvc_clear\"><\/div><p id=\"pvc_stats_73601\" class=\"pvc_stats all  \" data-element-id=\"73601\" style=\"\"><i class=\"pvc-stats-icon small\" aria-hidden=\"true\"><svg aria-hidden=\"true\" focusable=\"false\" data-prefix=\"far\" data-icon=\"chart-bar\" role=\"img\" xmlns=\"http:\/\/www.w3.org\/2000\/svg\" viewBox=\"0 0 512 512\" class=\"svg-inline--fa fa-chart-bar fa-w-16 fa-2x\"><path fill=\"currentColor\" d=\"M396.8 352h22.4c6.4 0 12.8-6.4 12.8-12.8V108.8c0-6.4-6.4-12.8-12.8-12.8h-22.4c-6.4 0-12.8 6.4-12.8 12.8v230.4c0 6.4 6.4 12.8 12.8 12.8zm-192 0h22.4c6.4 0 12.8-6.4 12.8-12.8V140.8c0-6.4-6.4-12.8-12.8-12.8h-22.4c-6.4 0-12.8 6.4-12.8 12.8v198.4c0 6.4 6.4 12.8 12.8 12.8zm96 0h22.4c6.4 0 12.8-6.4 12.8-12.8V204.8c0-6.4-6.4-12.8-12.8-12.8h-22.4c-6.4 0-12.8 6.4-12.8 12.8v134.4c0 6.4 6.4 12.8 12.8 12.8zM496 400H48V80c0-8.84-7.16-16-16-16H16C7.16 64 0 71.16 0 80v336c0 17.67 14.33 32 32 32h464c8.84 0 16-7.16 16-16v-16c0-8.84-7.16-16-16-16zm-387.2-48h22.4c6.4 0 12.8-6.4 12.8-12.8v-70.4c0-6.4-6.4-12.8-12.8-12.8h-22.4c-6.4 0-12.8 6.4-12.8 12.8v70.4c0 6.4 6.4 12.8 12.8 12.8z\" class=\"\"><\/path><\/svg><\/i> <img loading=\"lazy\" decoding=\"async\" width=\"16\" height=\"16\" alt=\"Loading\" src=\"https:\/\/vocesdelacomuna15.com.ar\/wp-content\/plugins\/page-views-count\/ajax-loader-2x.gif\" border=0 \/><\/p><div class=\"pvc_clear\"><\/div>","protected":false},"excerpt":{"rendered":"<p>El capit\u00e1n lanz\u00f3 un sentido comunicado en sus redes sociales, en el que expresa el fin de una etapa de 20 a\u00f1os y su orgullo por haber vestido la celeste y blanca. Fuente: Diario Popular Link: https:\/\/www.diariopopular.com.ar\/futbol\/lionel-messi-anuncio-su-retiro-la-seleccion-argentina-n917444 Lionel Messi anunci\u00f3 el fin de la etapa m\u00e1s importante: anunci\u00f3 su retiro de la Selecci\u00f3n Argentina en [&hellip;]<\/p>\n<div class=\"pvc_clear\"><\/div>\n<p id=\"pvc_stats_73601\" class=\"pvc_stats all  \" data-element-id=\"73601\" style=\"\"><i class=\"pvc-stats-icon small\" aria-hidden=\"true\"><svg aria-hidden=\"true\" focusable=\"false\" data-prefix=\"far\" data-icon=\"chart-bar\" role=\"img\" xmlns=\"http:\/\/www.w3.org\/2000\/svg\" viewBox=\"0 0 512 512\" class=\"svg-inline--fa fa-chart-bar fa-w-16 fa-2x\"><path fill=\"currentColor\" d=\"M396.8 352h22.4c6.4 0 12.8-6.4 12.8-12.8V108.8c0-6.4-6.4-12.8-12.8-12.8h-22.4c-6.4 0-12.8 6.4-12.8 12.8v230.4c0 6.4 6.4 12.8 12.8 12.8zm-192 0h22.4c6.4 0 12.8-6.4 12.8-12.8V140.8c0-6.4-6.4-12.8-12.8-12.8h-22.4c-6.4 0-12.8 6.4-12.8 12.8v198.4c0 6.4 6.4 12.8 12.8 12.8zm96 0h22.4c6.4 0 12.8-6.4 12.8-12.8V204.8c0-6.4-6.4-12.8-12.8-12.8h-22.4c-6.4 0-12.8 6.4-12.8 12.8v134.4c0 6.4 6.4 12.8 12.8 12.8zM496 400H48V80c0-8.84-7.16-16-16-16H16C7.16 64 0 71.16 0 80v336c0 17.67 14.33 32 32 32h464c8.84 0 16-7.16 16-16v-16c0-8.84-7.16-16-16-16zm-387.2-48h22.4c6.4 0 12.8-6.4 12.8-12.8v-70.4c0-6.4-6.4-12.8-12.8-12.8h-22.4c-6.4 0-12.8 6.4-12.8 12.8v70.4c0 6.4 6.4 12.8 12.8 12.8z\" class=\"\"><\/path><\/svg><\/i> <img loading=\"lazy\" decoding=\"async\" width=\"16\" height=\"16\" alt=\"Loading\" src=\"https:\/\/vocesdelacomuna15.com.ar\/wp-content\/plugins\/page-views-count\/ajax-loader-2x.gif\" border=0 \/><\/p>\n<div class=\"pvc_clear\"><\/div>\n","protected":false},"author":4,"featured_media":73606,"comment_status":"closed","ping_status":"closed","sticky":false,"template":"","format":"standard","meta":{"_et_pb_use_builder":"off","_et_pb_old_content":"","_et_gb_content_width":"","footnotes":""},"categories":[27],"tags":[55],"class_list":["post-73601","post","type-post","status-publish","format-standard","has-post-thumbnail","hentry","category-deportes","tag-semanal","et-has-post-format-content","et_post_format-et-post-format-standard"],"a3_pvc":{"activated":true,"total_views":4,"today_views":4},"yoast_head":"<!-- This site is optimized with the Yoast SEO plugin v28.3 - https:\/\/yoast.com\/product\/yoast-seo-wordpress\/ -->\n<title>Lionel Messi anunci\u00f3 su retiro de la Selecci\u00f3n Argentina - Voces de la Comuna 15<\/title>\n<meta name=\"description\" content=\"Voces de la Comuna 15\" \/>\n<meta name=\"robots\" content=\"index, follow, max-snippet:-1, max-image-preview:large, max-video-preview:-1\" \/>\n<link rel=\"canonical\" href=\"https:\/\/vocesdelacomuna15.com.ar\/press\/lionel-messi-anuncio-su-retiro-de-la-seleccion-argentina\/\" \/>\n<meta property=\"og:locale\" content=\"es_ES\" \/>\n<meta property=\"og:type\" content=\"article\" \/>\n<meta property=\"og:title\" content=\"Lionel Messi anunci\u00f3 su retiro de la Selecci\u00f3n Argentina - Voces de la Comuna 15\" \/>\n<meta property=\"og:description\" content=\"Voces de la Comuna 15\" \/>\n<meta property=\"og:url\" content=\"https:\/\/vocesdelacomuna15.com.ar\/press\/lionel-messi-anuncio-su-retiro-de-la-seleccion-argentina\/\" \/>\n<meta property=\"og:site_name\" content=\"Voces de la Comuna 15\" \/>\n<meta property=\"article:publisher\" content=\"https:\/\/www.facebook.com\/VocesComuna15\/\" \/>\n<meta property=\"article:published_time\" content=\"2026-08-31T21:11:19+00:00\" \/>\n<meta property=\"article:modified_time\" content=\"2026-08-31T21:11:21+00:00\" \/>\n<meta property=\"og:image\" content=\"https:\/\/vocesdelacomuna15.com.ar\/wp-content\/uploads\/2026\/08\/messi-1.avif\" \/>\n\t<meta property=\"og:image:width\" content=\"1140\" \/>\n\t<meta property=\"og:image:height\" content=\"784\" \/>\n\t<meta property=\"og:image:type\" content=\"image\/webp\" \/>\n<meta name=\"author\" content=\"Santi Arguto\" \/>\n<meta name=\"twitter:card\" content=\"summary_large_image\" \/>\n<meta name=\"twitter:creator\" content=\"@vocescomuna15\" \/>\n<meta name=\"twitter:site\" content=\"@vocescomuna15\" \/>\n<meta name=\"twitter:label1\" content=\"Escrito por\" \/>\n\t<meta name=\"twitter:data1\" content=\"Santi Arguto\" \/>\n\t<meta name=\"twitter:label2\" content=\"Tiempo de lectura\" \/>\n\t<meta name=\"twitter:data2\" content=\"5 minutos\" \/>\n<script type=\"application\/ld+json\" class=\"yoast-schema-graph\">{\"@context\":\"https:\\\/\\\/schema.org\",\"@graph\":[{\"@type\":\"Article\",\"@id\":\"https:\\\/\\\/vocesdelacomuna15.com.ar\\\/press\\\/lionel-messi-anuncio-su-retiro-de-la-seleccion-argentina\\\/#article\",\"isPartOf\":{\"@id\":\"https:\\\/\\\/vocesdelacomuna15.com.ar\\\/press\\\/lionel-messi-anuncio-su-retiro-de-la-seleccion-argentina\\\/\"},\"author\":{\"name\":\"Santi Arguto\",\"@id\":\"https:\\\/\\\/vocesdelacomuna15.com.ar\\\/press\\\/#\\\/schema\\\/person\\\/5a9545e7d8bd893052ea3220f5e25923\"},\"headline\":\"Lionel Messi anunci\u00f3 su retiro de la Selecci\u00f3n Argentina\",\"datePublished\":\"2026-08-31T21:11:19+00:00\",\"dateModified\":\"2026-08-31T21:11:21+00:00\",\"mainEntityOfPage\":{\"@id\":\"https:\\\/\\\/vocesdelacomuna15.com.ar\\\/press\\\/lionel-messi-anuncio-su-retiro-de-la-seleccion-argentina\\\/\"},\"wordCount\":985,\"publisher\":{\"@id\":\"https:\\\/\\\/vocesdelacomuna15.com.ar\\\/press\\\/#organization\"},\"image\":{\"@id\":\"https:\\\/\\\/vocesdelacomuna15.com.ar\\\/press\\\/lionel-messi-anuncio-su-retiro-de-la-seleccion-argentina\\\/#primaryimage\"},\"thumbnailUrl\":\"https:\\\/\\\/vocesdelacomuna15.com.ar\\\/wp-content\\\/uploads\\\/2026\\\/08\\\/messi-1.avif\",\"keywords\":[\"semanal\"],\"articleSection\":[\"Deportes\"],\"inLanguage\":\"es-AR\"},{\"@type\":\"WebPage\",\"@id\":\"https:\\\/\\\/vocesdelacomuna15.com.ar\\\/press\\\/lionel-messi-anuncio-su-retiro-de-la-seleccion-argentina\\\/\",\"url\":\"https:\\\/\\\/vocesdelacomuna15.com.ar\\\/press\\\/lionel-messi-anuncio-su-retiro-de-la-seleccion-argentina\\\/\",\"name\":\"Lionel Messi anunci\u00f3 su retiro de la Selecci\u00f3n Argentina - Voces de la Comuna 15\",\"isPartOf\":{\"@id\":\"https:\\\/\\\/vocesdelacomuna15.com.ar\\\/press\\\/#website\"},\"primaryImageOfPage\":{\"@id\":\"https:\\\/\\\/vocesdelacomuna15.com.ar\\\/press\\\/lionel-messi-anuncio-su-retiro-de-la-seleccion-argentina\\\/#primaryimage\"},\"image\":{\"@id\":\"https:\\\/\\\/vocesdelacomuna15.com.ar\\\/press\\\/lionel-messi-anuncio-su-retiro-de-la-seleccion-argentina\\\/#primaryimage\"},\"thumbnailUrl\":\"https:\\\/\\\/vocesdelacomuna15.com.ar\\\/wp-content\\\/uploads\\\/2026\\\/08\\\/messi-1.avif\",\"datePublished\":\"2026-08-31T21:11:19+00:00\",\"dateModified\":\"2026-08-31T21:11:21+00:00\",\"description\":\"Voces de la Comuna 15\",\"breadcrumb\":{\"@id\":\"https:\\\/\\\/vocesdelacomuna15.com.ar\\\/press\\\/lionel-messi-anuncio-su-retiro-de-la-seleccion-argentina\\\/#breadcrumb\"},\"inLanguage\":\"es-AR\",\"potentialAction\":[{\"@type\":\"ReadAction\",\"target\":[\"https:\\\/\\\/vocesdelacomuna15.com.ar\\\/press\\\/lionel-messi-anuncio-su-retiro-de-la-seleccion-argentina\\\/\"]}]},{\"@type\":\"ImageObject\",\"inLanguage\":\"es-AR\",\"@id\":\"https:\\\/\\\/vocesdelacomuna15.com.ar\\\/press\\\/lionel-messi-anuncio-su-retiro-de-la-seleccion-argentina\\\/#primaryimage\",\"url\":\"https:\\\/\\\/vocesdelacomuna15.com.ar\\\/wp-content\\\/uploads\\\/2026\\\/08\\\/messi-1.avif\",\"contentUrl\":\"https:\\\/\\\/vocesdelacomuna15.com.ar\\\/wp-content\\\/uploads\\\/2026\\\/08\\\/messi-1.avif\",\"width\":1140,\"height\":784},{\"@type\":\"BreadcrumbList\",\"@id\":\"https:\\\/\\\/vocesdelacomuna15.com.ar\\\/press\\\/lionel-messi-anuncio-su-retiro-de-la-seleccion-argentina\\\/#breadcrumb\",\"itemListElement\":[{\"@type\":\"ListItem\",\"position\":1,\"name\":\"Inicio\",\"item\":\"https:\\\/\\\/vocesdelacomuna15.com.ar\\\/press\\\/\"},{\"@type\":\"ListItem\",\"position\":2,\"name\":\"Lionel Messi anunci\u00f3 su retiro de la Selecci\u00f3n Argentina\"}]},{\"@type\":\"WebSite\",\"@id\":\"https:\\\/\\\/vocesdelacomuna15.com.ar\\\/press\\\/#website\",\"url\":\"https:\\\/\\\/vocesdelacomuna15.com.ar\\\/press\\\/\",\"name\":\"Voces de la Comuna 15\",\"description\":\"Sitio web de noticias\",\"publisher\":{\"@id\":\"https:\\\/\\\/vocesdelacomuna15.com.ar\\\/press\\\/#organization\"},\"potentialAction\":[{\"@type\":\"SearchAction\",\"target\":{\"@type\":\"EntryPoint\",\"urlTemplate\":\"https:\\\/\\\/vocesdelacomuna15.com.ar\\\/press\\\/?s={search_term_string}\"},\"query-input\":{\"@type\":\"PropertyValueSpecification\",\"valueRequired\":true,\"valueName\":\"search_term_string\"}}],\"inLanguage\":\"es-AR\"},{\"@type\":\"Organization\",\"@id\":\"https:\\\/\\\/vocesdelacomuna15.com.ar\\\/press\\\/#organization\",\"name\":\"Voces de la Comuna 15\",\"url\":\"https:\\\/\\\/vocesdelacomuna15.com.ar\\\/press\\\/\",\"logo\":{\"@type\":\"ImageObject\",\"inLanguage\":\"es-AR\",\"@id\":\"https:\\\/\\\/vocesdelacomuna15.com.ar\\\/press\\\/#\\\/schema\\\/logo\\\/image\\\/\",\"url\":\"https:\\\/\\\/vocesdelacomuna15.com.ar\\\/wp-content\\\/uploads\\\/2024\\\/12\\\/cropped-logo_voces.jpg\",\"contentUrl\":\"https:\\\/\\\/vocesdelacomuna15.com.ar\\\/wp-content\\\/uploads\\\/2024\\\/12\\\/cropped-logo_voces.jpg\",\"width\":512,\"height\":512,\"caption\":\"Voces de la Comuna 15\"},\"image\":{\"@id\":\"https:\\\/\\\/vocesdelacomuna15.com.ar\\\/press\\\/#\\\/schema\\\/logo\\\/image\\\/\"},\"sameAs\":[\"https:\\\/\\\/www.facebook.com\\\/VocesComuna15\\\/\",\"https:\\\/\\\/x.com\\\/vocescomuna15\"]},{\"@type\":\"Person\",\"@id\":\"https:\\\/\\\/vocesdelacomuna15.com.ar\\\/press\\\/#\\\/schema\\\/person\\\/5a9545e7d8bd893052ea3220f5e25923\",\"name\":\"Santi Arguto\",\"image\":{\"@type\":\"ImageObject\",\"inLanguage\":\"es-AR\",\"@id\":\"https:\\\/\\\/vocesdelacomuna15.com.ar\\\/wp-content\\\/litespeed\\\/avatar\\\/6709381648ba56d01d55f394b7a4881a.jpg?ver=1788128146\",\"url\":\"https:\\\/\\\/vocesdelacomuna15.com.ar\\\/wp-content\\\/litespeed\\\/avatar\\\/6709381648ba56d01d55f394b7a4881a.jpg?ver=1788128146\",\"contentUrl\":\"https:\\\/\\\/vocesdelacomuna15.com.ar\\\/wp-content\\\/litespeed\\\/avatar\\\/6709381648ba56d01d55f394b7a4881a.jpg?ver=1788128146\",\"caption\":\"Santi Arguto\"},\"url\":\"https:\\\/\\\/vocesdelacomuna15.com.ar\\\/press\\\/author\\\/santi\\\/\"}]}<\/script>\n<!-- \/ Yoast SEO plugin. -->","yoast_head_json":{"title":"Lionel Messi anunci\u00f3 su retiro de la Selecci\u00f3n Argentina - Voces de la Comuna 15","description":"Voces de la Comuna 15","robots":{"index":"index","follow":"follow","max-snippet":"max-snippet:-1","max-image-preview":"max-image-preview:large","max-video-preview":"max-video-preview:-1"},"canonical":"https:\/\/vocesdelacomuna15.com.ar\/press\/lionel-messi-anuncio-su-retiro-de-la-seleccion-argentina\/","og_locale":"es_ES","og_type":"article","og_title":"Lionel Messi anunci\u00f3 su retiro de la Selecci\u00f3n Argentina - Voces de la Comuna 15","og_description":"Voces de la Comuna 15","og_url":"https:\/\/vocesdelacomuna15.com.ar\/press\/lionel-messi-anuncio-su-retiro-de-la-seleccion-argentina\/","og_site_name":"Voces de la Comuna 15","article_publisher":"https:\/\/www.facebook.com\/VocesComuna15\/","article_published_time":"2026-08-31T21:11:19+00:00","article_modified_time":"2026-08-31T21:11:21+00:00","og_image":[{"width":1140,"height":784,"url":"https:\/\/vocesdelacomuna15.com.ar\/wp-content\/uploads\/2026\/08\/messi-1.avif","type":"image\/webp"}],"author":"Santi Arguto","twitter_card":"summary_large_image","twitter_creator":"@vocescomuna15","twitter_site":"@vocescomuna15","twitter_misc":{"Escrito por":"Santi Arguto","Tiempo de lectura":"5 minutos"},"schema":{"@context":"https:\/\/schema.org","@graph":[{"@type":"Article","@id":"https:\/\/vocesdelacomuna15.com.ar\/press\/lionel-messi-anuncio-su-retiro-de-la-seleccion-argentina\/#article","isPartOf":{"@id":"https:\/\/vocesdelacomuna15.com.ar\/press\/lionel-messi-anuncio-su-retiro-de-la-seleccion-argentina\/"},"author":{"name":"Santi Arguto","@id":"https:\/\/vocesdelacomuna15.com.ar\/press\/#\/schema\/person\/5a9545e7d8bd893052ea3220f5e25923"},"headline":"Lionel Messi anunci\u00f3 su retiro de la Selecci\u00f3n Argentina","datePublished":"2026-08-31T21:11:19+00:00","dateModified":"2026-08-31T21:11:21+00:00","mainEntityOfPage":{"@id":"https:\/\/vocesdelacomuna15.com.ar\/press\/lionel-messi-anuncio-su-retiro-de-la-seleccion-argentina\/"},"wordCount":985,"publisher":{"@id":"https:\/\/vocesdelacomuna15.com.ar\/press\/#organization"},"image":{"@id":"https:\/\/vocesdelacomuna15.com.ar\/press\/lionel-messi-anuncio-su-retiro-de-la-seleccion-argentina\/#primaryimage"},"thumbnailUrl":"https:\/\/vocesdelacomuna15.com.ar\/wp-content\/uploads\/2026\/08\/messi-1.avif","keywords":["semanal"],"articleSection":["Deportes"],"inLanguage":"es-AR"},{"@type":"WebPage","@id":"https:\/\/vocesdelacomuna15.com.ar\/press\/lionel-messi-anuncio-su-retiro-de-la-seleccion-argentina\/","url":"https:\/\/vocesdelacomuna15.com.ar\/press\/lionel-messi-anuncio-su-retiro-de-la-seleccion-argentina\/","name":"Lionel Messi anunci\u00f3 su retiro de la Selecci\u00f3n Argentina - Voces de la Comuna 15","isPartOf":{"@id":"https:\/\/vocesdelacomuna15.com.ar\/press\/#website"},"primaryImageOfPage":{"@id":"https:\/\/vocesdelacomuna15.com.ar\/press\/lionel-messi-anuncio-su-retiro-de-la-seleccion-argentina\/#primaryimage"},"image":{"@id":"https:\/\/vocesdelacomuna15.com.ar\/press\/lionel-messi-anuncio-su-retiro-de-la-seleccion-argentina\/#primaryimage"},"thumbnailUrl":"https:\/\/vocesdelacomuna15.com.ar\/wp-content\/uploads\/2026\/08\/messi-1.avif","datePublished":"2026-08-31T21:11:19+00:00","dateModified":"2026-08-31T21:11:21+00:00","description":"Voces de la Comuna 15","breadcrumb":{"@id":"https:\/\/vocesdelacomuna15.com.ar\/press\/lionel-messi-anuncio-su-retiro-de-la-seleccion-argentina\/#breadcrumb"},"inLanguage":"es-AR","potentialAction":[{"@type":"ReadAction","target":["https:\/\/vocesdelacomuna15.com.ar\/press\/lionel-messi-anuncio-su-retiro-de-la-seleccion-argentina\/"]}]},{"@type":"ImageObject","inLanguage":"es-AR","@id":"https:\/\/vocesdelacomuna15.com.ar\/press\/lionel-messi-anuncio-su-retiro-de-la-seleccion-argentina\/#primaryimage","url":"https:\/\/vocesdelacomuna15.com.ar\/wp-content\/uploads\/2026\/08\/messi-1.avif","contentUrl":"https:\/\/vocesdelacomuna15.com.ar\/wp-content\/uploads\/2026\/08\/messi-1.avif","width":1140,"height":784},{"@type":"BreadcrumbList","@id":"https:\/\/vocesdelacomuna15.com.ar\/press\/lionel-messi-anuncio-su-retiro-de-la-seleccion-argentina\/#breadcrumb","itemListElement":[{"@type":"ListItem","position":1,"name":"Inicio","item":"https:\/\/vocesdelacomuna15.com.ar\/press\/"},{"@type":"ListItem","position":2,"name":"Lionel Messi anunci\u00f3 su retiro de la Selecci\u00f3n Argentina"}]},{"@type":"WebSite","@id":"https:\/\/vocesdelacomuna15.com.ar\/press\/#website","url":"https:\/\/vocesdelacomuna15.com.ar\/press\/","name":"Voces de la Comuna 15","description":"Sitio web de noticias","publisher":{"@id":"https:\/\/vocesdelacomuna15.com.ar\/press\/#organization"},"potentialAction":[{"@type":"SearchAction","target":{"@type":"EntryPoint","urlTemplate":"https:\/\/vocesdelacomuna15.com.ar\/press\/?s={search_term_string}"},"query-input":{"@type":"PropertyValueSpecification","valueRequired":true,"valueName":"search_term_string"}}],"inLanguage":"es-AR"},{"@type":"Organization","@id":"https:\/\/vocesdelacomuna15.com.ar\/press\/#organization","name":"Voces de la Comuna 15","url":"https:\/\/vocesdelacomuna15.com.ar\/press\/","logo":{"@type":"ImageObject","inLanguage":"es-AR","@id":"https:\/\/vocesdelacomuna15.com.ar\/press\/#\/schema\/logo\/image\/","url":"https:\/\/vocesdelacomuna15.com.ar\/wp-content\/uploads\/2024\/12\/cropped-logo_voces.jpg","contentUrl":"https:\/\/vocesdelacomuna15.com.ar\/wp-content\/uploads\/2024\/12\/cropped-logo_voces.jpg","width":512,"height":512,"caption":"Voces de la Comuna 15"},"image":{"@id":"https:\/\/vocesdelacomuna15.com.ar\/press\/#\/schema\/logo\/image\/"},"sameAs":["https:\/\/www.facebook.com\/VocesComuna15\/","https:\/\/x.com\/vocescomuna15"]},{"@type":"Person","@id":"https:\/\/vocesdelacomuna15.com.ar\/press\/#\/schema\/person\/5a9545e7d8bd893052ea3220f5e25923","name":"Santi Arguto","image":{"@type":"ImageObject","inLanguage":"es-AR","@id":"https:\/\/vocesdelacomuna15.com.ar\/wp-content\/litespeed\/avatar\/6709381648ba56d01d55f394b7a4881a.jpg?ver=1788128146","url":"https:\/\/vocesdelacomuna15.com.ar\/wp-content\/litespeed\/avatar\/6709381648ba56d01d55f394b7a4881a.jpg?ver=1788128146","contentUrl":"https:\/\/vocesdelacomuna15.com.ar\/wp-content\/litespeed\/avatar\/6709381648ba56d01d55f394b7a4881a.jpg?ver=1788128146","caption":"Santi Arguto"},"url":"https:\/\/vocesdelacomuna15.com.ar\/press\/author\/santi\/"}]}},"_links":{"self":[{"href":"https:\/\/vocesdelacomuna15.com.ar\/press\/wp-json\/wp\/v2\/posts\/73601","targetHints":{"allow":["GET"]}}],"collection":[{"href":"https:\/\/vocesdelacomuna15.com.ar\/press\/wp-json\/wp\/v2\/posts"}],"about":[{"href":"https:\/\/vocesdelacomuna15.com.ar\/press\/wp-json\/wp\/v2\/types\/post"}],"author":[{"embeddable":true,"href":"https:\/\/vocesdelacomuna15.com.ar\/press\/wp-json\/wp\/v2\/users\/4"}],"replies":[{"embeddable":true,"href":"https:\/\/vocesdelacomuna15.com.ar\/press\/wp-json\/wp\/v2\/comments?post=73601"}],"version-history":[{"count":2,"href":"https:\/\/vocesdelacomuna15.com.ar\/press\/wp-json\/wp\/v2\/posts\/73601\/revisions"}],"predecessor-version":[{"id":73607,"href":"https:\/\/vocesdelacomuna15.com.ar\/press\/wp-json\/wp\/v2\/posts\/73601\/revisions\/73607"}],"wp:featuredmedia":[{"embeddable":true,"href":"https:\/\/vocesdelacomuna15.com.ar\/press\/wp-json\/wp\/v2\/media\/73606"}],"wp:attachment":[{"href":"https:\/\/vocesdelacomuna15.com.ar\/press\/wp-json\/wp\/v2\/media?parent=73601"}],"wp:term":[{"taxonomy":"category","embeddable":true,"href":"https:\/\/vocesdelacomuna15.com.ar\/press\/wp-json\/wp\/v2\/categories?post=73601"},{"taxonomy":"post_tag","embeddable":true,"href":"https:\/\/vocesdelacomuna15.com.ar\/press\/wp-json\/wp\/v2\/tags?post=73601"}],"curies":[{"name":"wp","href":"https:\/\/api.w.org\/{rel}","templated":true}]}}