{"id":73599,"date":"2026-08-31T18:00:19","date_gmt":"2026-08-31T21:00:19","guid":{"rendered":"https:\/\/vocesdelacomuna15.com.ar\/press\/?p=73599"},"modified":"2026-08-31T18:00:22","modified_gmt":"2026-08-31T21:00:22","slug":"el-78-de-los-hogares-argentinos-pertenece-a-la-clase-baja-y-media-baja-cual-es-el-nivel-de-ingresos-de-cada-segmento","status":"publish","type":"post","link":"https:\/\/vocesdelacomuna15.com.ar\/press\/el-78-de-los-hogares-argentinos-pertenece-a-la-clase-baja-y-media-baja-cual-es-el-nivel-de-ingresos-de-cada-segmento\/","title":{"rendered":"El 78% de los hogares argentinos pertenece a la clase baja y media baja: cu\u00e1l es el nivel de ingresos de cada segmento"},"content":{"rendered":"\n<p class=\"wp-block-paragraph\">Fuente: https:\/\/www.infobae.com\/<\/p>\n\n\n\n<p class=\"wp-block-paragraph\">La mayor parte de las familias percibe ingresos por debajo del promedio nacional, seg\u00fan un estudio privado. C\u00f3mo impacta en el consumo<\/p>\n\n\n\n<p class=\"wp-block-paragraph\">El ingreso promedio se ubic\u00f3 en\u00a0<strong>$2.800.000 mensuales netos<\/strong>\u00a0durante el primer trimestre de 2026. No obstante, la distribuci\u00f3n muestra una marcada disparidad:\u00a0<strong>el 78% de los hogares se encuentra por debajo de ese umbral.\u00a0<\/strong>De este modo,casi 8 de cada 10 se concentran en los segmentos que van de la\u00a0clase media baja\u00a0a la baja.<\/p>\n\n\n\n<p class=\"wp-block-paragraph\">As\u00ed surge de un informe de la Fundaci\u00f3n Encuentro en base a datos de la consultora W. En la cima de la pir\u00e1mide se observa la clase alta, que representa apenas el&nbsp;<strong>5% de la poblaci\u00f3n<\/strong>. Para formar parte de este grupo se necesitan al menos&nbsp;<strong>$7,5 millones mensuales<\/strong>.<\/p>\n\n\n\n<p class=\"wp-block-paragraph\">La&nbsp;<strong>clase media alta (C2)<\/strong>&nbsp;re\u00fane al 17% y el piso de ingresos se sit\u00faa en&nbsp;<strong>$4 millones.<\/strong>&nbsp;Le sigue&nbsp;<strong>la clase media baja<\/strong>, que abarca otro 26% y parte desde los&nbsp;<strong>$2,2 millones<\/strong>.<\/p>\n\n\n\n<p class=\"wp-block-paragraph\">El sector m\u00e1s extendido es el&nbsp;<strong>D1 (clase baja superior no pobre)<\/strong>, que alcanza al 31%. El monto m\u00ednimo mensual requerido llega a los&nbsp;<strong>$1,4 millones<\/strong>.<\/p>\n\n\n\n<figure class=\"wp-block-image\"><img decoding=\"async\" src=\"https:\/\/cloudfront-us-east-1.images.arcpublishing.com\/infobae\/YWKJUG4LONB3LGIKKTV544HJPM.jpg\" alt=\"infografia\"\/><\/figure>\n\n\n\n<p class=\"wp-block-paragraph\">En el \u00faltimo escal\u00f3n aparece<strong>&nbsp;un 21% de hogares en situaci\u00f3n de pobreza<\/strong>, con ingresos de&nbsp;<strong>$900.000 por mes<\/strong>.<\/p>\n\n\n\n<p class=\"wp-block-paragraph\">\u201cLa concentraci\u00f3n de los ingresos por debajo del promedio ayuda a explicar por qu\u00e9 el consumo masivo sigue deprimido, aun cuando las variables macroecon\u00f3micas vienen mejorando: la inflaci\u00f3n se desaceler\u00f3 y los salarios reales comenzaron a recomponerse. Sin embargo, es precisamente ese 78% de los hogares el que presenta una mayor propensi\u00f3n al consumo\u201d, se\u00f1al\u00f3 el informe.<\/p>\n\n\n\n<p class=\"wp-block-paragraph\">En este contexto, el director de la consultora W,&nbsp;<strong>Guillermo Olivetto<\/strong>, explic\u00f3 durante un evento de la&nbsp;<strong>C\u00e1mara de Empresas de Investigaci\u00f3n Social y de Mercado (CEIM)<\/strong>&nbsp;que el ajuste es transversal a todos los niveles socioecon\u00f3micos.<\/p>\n\n\n\n<p class=\"wp-block-paragraph\">La estrategia de los estratos de mayor poder adquisitivo consiste en controlar los gastos, reducir el uso de servicios y revisar costos fijos como seguros y prepagas.<\/p>\n\n\n\n<figure class=\"wp-block-image size-large\"><img decoding=\"async\" src=\"https:\/\/www.infobae.com\/resizer\/v2\/CPIC73RZG5BPHK4O5F6FTSWQHI.png?auth=bc719871b1fa0868e4793ad12593af32509773f997edb16790e4ff38e669e54b&amp;smart=true&amp;width=992&amp;height=554&amp;quality=85\" alt=\"\"\/><figcaption class=\"wp-element-caption\">Todos los niveles socioecon\u00f3micos buscan ofertas (Imagen Ilustrativa Infobae)<\/figcaption><\/figure>\n\n\n\n<p class=\"wp-block-paragraph\">Tambi\u00e9n se restringen salidas, recitales, viajes y suscripciones a aplicaciones, al tiempo que la b\u00fasqueda de ofertas y promociones se vuelve cada vez m\u00e1s frecuente. Todo esto en un marco de ca\u00edda en la capacidad de ahorro.<\/p>\n\n\n\n<p class=\"wp-block-paragraph\">Luego, se encuentran las familias cuyos recursos se enfocan en cubrir las necesidades b\u00e1sicas, principalmente alimentaci\u00f3n e impuestos, mientras buscan evitar el endeudamiento con tarjetas de cr\u00e9dito.<\/p>\n\n\n\n<p class=\"wp-block-paragraph\">Para equilibrar las cuentas, se limitan actividades como viajes, salidas y recitales, adem\u00e1s de recortarse gastos fijos. Los llamados \u201cgustos\u201d y los consumos considerados no esenciales quedan relegados. En este caso, los productos con descuento dejan de ser una alternativa ocasional.<\/p>\n\n\n\n<p class=\"wp-block-paragraph\">La situaci\u00f3n se vuelve m\u00e1s cr\u00edtica para los hogares que \u201ctienen que hacer malabares para llegar a fin de mes\u201d. Cualquier imprevisto puede \u201cromper la econom\u00eda familiar\u201d.<\/p>\n\n\n\n<p class=\"wp-block-paragraph\">Las compras se orientan casi exclusivamente hacia productos en oferta y crece la toma de deuda para \u201ctapar baches\u201d.<\/p>\n\n\n\n<p class=\"wp-block-paragraph\">En el nivel m\u00e1s vulnerable, \u201cse come menos y peor\u201d, con casos donde se registra una reducci\u00f3n significativa de las comidas diarias.<\/p>\n\n\n\n<p class=\"wp-block-paragraph\">Asimismo, cambia la composici\u00f3n de la dieta: la carne vacuna es reemplazada por pollo, las verduras por productos m\u00e1s econ\u00f3micos como la harina y la leche l\u00edquida por leche en polvo.<\/p>\n\n\n\n<p class=\"wp-block-paragraph\">Para Olivetto, termin\u00f3 la etapa diagn\u00f3stica. \u201cEs lo que hay\u201d, dijo el especialista en relaci\u00f3n a las perspectivas de consumo.<\/p>\n\n\n\n<p class=\"wp-block-paragraph\"><strong>Esteban Cagnoli,<\/strong>&nbsp;CEO de Worldpanel by Numerator, asegur\u00f3: \u201cEl consumidor se muestra cada vez m\u00e1s selectivo y prioriza los canales de cercan\u00eda. La elecci\u00f3n no responde \u00fanicamente a una cuesti\u00f3n de comodidad, sino tambi\u00e9n a una estrategia para evitar compras impulsivas y concentrarse en una canasta m\u00e1s acotada\u201d.<\/p>\n\n\n\n<p class=\"wp-block-paragraph\">La consultora Scentia plante\u00f3 que, si la inflaci\u00f3n mantiene su tendencia a la baja y los salarios logran recuperarse, el consumo masivo podr\u00eda acompa\u00f1ar la evoluci\u00f3n del PBI, aunque a la mitad de su ritmo. En ese escenario, se ubicar\u00eda en una banda de entre -1% y +1%.<\/p>\n\n\n\n<p class=\"wp-block-paragraph\">Caracteres: 3776<\/p>\n<div class=\"pvc_clear\"><\/div><p id=\"pvc_stats_73599\" class=\"pvc_stats all  \" data-element-id=\"73599\" style=\"\"><i class=\"pvc-stats-icon small\" aria-hidden=\"true\"><svg aria-hidden=\"true\" focusable=\"false\" data-prefix=\"far\" data-icon=\"chart-bar\" role=\"img\" xmlns=\"http:\/\/www.w3.org\/2000\/svg\" viewBox=\"0 0 512 512\" class=\"svg-inline--fa fa-chart-bar fa-w-16 fa-2x\"><path fill=\"currentColor\" d=\"M396.8 352h22.4c6.4 0 12.8-6.4 12.8-12.8V108.8c0-6.4-6.4-12.8-12.8-12.8h-22.4c-6.4 0-12.8 6.4-12.8 12.8v230.4c0 6.4 6.4 12.8 12.8 12.8zm-192 0h22.4c6.4 0 12.8-6.4 12.8-12.8V140.8c0-6.4-6.4-12.8-12.8-12.8h-22.4c-6.4 0-12.8 6.4-12.8 12.8v198.4c0 6.4 6.4 12.8 12.8 12.8zm96 0h22.4c6.4 0 12.8-6.4 12.8-12.8V204.8c0-6.4-6.4-12.8-12.8-12.8h-22.4c-6.4 0-12.8 6.4-12.8 12.8v134.4c0 6.4 6.4 12.8 12.8 12.8zM496 400H48V80c0-8.84-7.16-16-16-16H16C7.16 64 0 71.16 0 80v336c0 17.67 14.33 32 32 32h464c8.84 0 16-7.16 16-16v-16c0-8.84-7.16-16-16-16zm-387.2-48h22.4c6.4 0 12.8-6.4 12.8-12.8v-70.4c0-6.4-6.4-12.8-12.8-12.8h-22.4c-6.4 0-12.8 6.4-12.8 12.8v70.4c0 6.4 6.4 12.8 12.8 12.8z\" class=\"\"><\/path><\/svg><\/i> <img loading=\"lazy\" decoding=\"async\" width=\"16\" height=\"16\" alt=\"Loading\" src=\"https:\/\/vocesdelacomuna15.com.ar\/wp-content\/plugins\/page-views-count\/ajax-loader-2x.gif\" border=0 \/><\/p><div class=\"pvc_clear\"><\/div>","protected":false},"excerpt":{"rendered":"<p>Fuente: https:\/\/www.infobae.com\/ La mayor parte de las familias percibe ingresos por debajo del promedio nacional, seg\u00fan un estudio privado. C\u00f3mo impacta en el consumo El ingreso promedio se ubic\u00f3 en\u00a0$2.800.000 mensuales netos\u00a0durante el primer trimestre de 2026. No obstante, la distribuci\u00f3n muestra una marcada disparidad:\u00a0el 78% de los hogares se encuentra por debajo de ese [&hellip;]<\/p>\n<div class=\"pvc_clear\"><\/div>\n<p id=\"pvc_stats_73599\" class=\"pvc_stats all  \" data-element-id=\"73599\" style=\"\"><i class=\"pvc-stats-icon small\" aria-hidden=\"true\"><svg aria-hidden=\"true\" focusable=\"false\" data-prefix=\"far\" data-icon=\"chart-bar\" role=\"img\" xmlns=\"http:\/\/www.w3.org\/2000\/svg\" viewBox=\"0 0 512 512\" class=\"svg-inline--fa fa-chart-bar fa-w-16 fa-2x\"><path fill=\"currentColor\" d=\"M396.8 352h22.4c6.4 0 12.8-6.4 12.8-12.8V108.8c0-6.4-6.4-12.8-12.8-12.8h-22.4c-6.4 0-12.8 6.4-12.8 12.8v230.4c0 6.4 6.4 12.8 12.8 12.8zm-192 0h22.4c6.4 0 12.8-6.4 12.8-12.8V140.8c0-6.4-6.4-12.8-12.8-12.8h-22.4c-6.4 0-12.8 6.4-12.8 12.8v198.4c0 6.4 6.4 12.8 12.8 12.8zm96 0h22.4c6.4 0 12.8-6.4 12.8-12.8V204.8c0-6.4-6.4-12.8-12.8-12.8h-22.4c-6.4 0-12.8 6.4-12.8 12.8v134.4c0 6.4 6.4 12.8 12.8 12.8zM496 400H48V80c0-8.84-7.16-16-16-16H16C7.16 64 0 71.16 0 80v336c0 17.67 14.33 32 32 32h464c8.84 0 16-7.16 16-16v-16c0-8.84-7.16-16-16-16zm-387.2-48h22.4c6.4 0 12.8-6.4 12.8-12.8v-70.4c0-6.4-6.4-12.8-12.8-12.8h-22.4c-6.4 0-12.8 6.4-12.8 12.8v70.4c0 6.4 6.4 12.8 12.8 12.8z\" class=\"\"><\/path><\/svg><\/i> <img loading=\"lazy\" decoding=\"async\" width=\"16\" height=\"16\" alt=\"Loading\" src=\"https:\/\/vocesdelacomuna15.com.ar\/wp-content\/plugins\/page-views-count\/ajax-loader-2x.gif\" border=0 \/><\/p>\n<div class=\"pvc_clear\"><\/div>\n","protected":false},"author":2,"featured_media":73603,"comment_status":"closed","ping_status":"closed","sticky":false,"template":"","format":"standard","meta":{"_et_pb_use_builder":"off","_et_pb_old_content":"","_et_gb_content_width":"","footnotes":""},"categories":[44],"tags":[],"class_list":["post-73599","post","type-post","status-publish","format-standard","has-post-thumbnail","hentry","category-economia","et-has-post-format-content","et_post_format-et-post-format-standard"],"a3_pvc":{"activated":true,"total_views":5,"today_views":5},"yoast_head":"<!-- This site is optimized with the Yoast SEO plugin v28.3 - https:\/\/yoast.com\/product\/yoast-seo-wordpress\/ -->\n<title>El 78% de los hogares argentinos pertenece a la clase baja y media baja: cu\u00e1l es el nivel de ingresos de cada segmento - Voces de la Comuna 15<\/title>\n<meta name=\"description\" content=\"Voces de la Comuna 15\" \/>\n<meta name=\"robots\" content=\"index, follow, max-snippet:-1, max-image-preview:large, max-video-preview:-1\" \/>\n<link rel=\"canonical\" href=\"https:\/\/vocesdelacomuna15.com.ar\/press\/el-78-de-los-hogares-argentinos-pertenece-a-la-clase-baja-y-media-baja-cual-es-el-nivel-de-ingresos-de-cada-segmento\/\" \/>\n<meta property=\"og:locale\" content=\"es_ES\" \/>\n<meta property=\"og:type\" content=\"article\" \/>\n<meta property=\"og:title\" content=\"El 78% de los hogares argentinos pertenece a la clase baja y media baja: cu\u00e1l es el nivel de ingresos de cada segmento - Voces de la Comuna 15\" \/>\n<meta property=\"og:description\" content=\"Voces de la Comuna 15\" \/>\n<meta property=\"og:url\" content=\"https:\/\/vocesdelacomuna15.com.ar\/press\/el-78-de-los-hogares-argentinos-pertenece-a-la-clase-baja-y-media-baja-cual-es-el-nivel-de-ingresos-de-cada-segmento\/\" \/>\n<meta property=\"og:site_name\" content=\"Voces de la Comuna 15\" \/>\n<meta property=\"article:publisher\" content=\"https:\/\/www.facebook.com\/VocesComuna15\/\" \/>\n<meta property=\"article:published_time\" content=\"2026-08-31T21:00:19+00:00\" \/>\n<meta property=\"article:modified_time\" content=\"2026-08-31T21:00:22+00:00\" \/>\n<meta property=\"og:image\" content=\"https:\/\/vocesdelacomuna15.com.ar\/wp-content\/uploads\/2024\/12\/cropped-logo_voces.jpg\" \/>\n\t<meta property=\"og:image:width\" content=\"512\" \/>\n\t<meta property=\"og:image:height\" content=\"512\" \/>\n\t<meta property=\"og:image:type\" content=\"image\/jpeg\" \/>\n<meta name=\"author\" content=\"Federico Arguto\" \/>\n<meta name=\"twitter:card\" content=\"summary_large_image\" \/>\n<meta name=\"twitter:creator\" content=\"@vocescomuna15\" \/>\n<meta name=\"twitter:site\" content=\"@vocescomuna15\" \/>\n<meta name=\"twitter:label1\" content=\"Escrito por\" \/>\n\t<meta name=\"twitter:data1\" content=\"Federico Arguto\" \/>\n\t<meta name=\"twitter:label2\" content=\"Tiempo de lectura\" \/>\n\t<meta name=\"twitter:data2\" content=\"4 minutos\" \/>\n<script type=\"application\/ld+json\" class=\"yoast-schema-graph\">{\"@context\":\"https:\\\/\\\/schema.org\",\"@graph\":[{\"@type\":\"Article\",\"@id\":\"https:\\\/\\\/vocesdelacomuna15.com.ar\\\/press\\\/el-78-de-los-hogares-argentinos-pertenece-a-la-clase-baja-y-media-baja-cual-es-el-nivel-de-ingresos-de-cada-segmento\\\/#article\",\"isPartOf\":{\"@id\":\"https:\\\/\\\/vocesdelacomuna15.com.ar\\\/press\\\/el-78-de-los-hogares-argentinos-pertenece-a-la-clase-baja-y-media-baja-cual-es-el-nivel-de-ingresos-de-cada-segmento\\\/\"},\"author\":{\"name\":\"Federico Arguto\",\"@id\":\"https:\\\/\\\/vocesdelacomuna15.com.ar\\\/press\\\/#\\\/schema\\\/person\\\/4739e109db25d799cd3d139eeb509e43\"},\"headline\":\"El 78% de los hogares argentinos pertenece a la clase baja y media baja: cu\u00e1l es el nivel de ingresos de cada segmento\",\"datePublished\":\"2026-08-31T21:00:19+00:00\",\"dateModified\":\"2026-08-31T21:00:22+00:00\",\"mainEntityOfPage\":{\"@id\":\"https:\\\/\\\/vocesdelacomuna15.com.ar\\\/press\\\/el-78-de-los-hogares-argentinos-pertenece-a-la-clase-baja-y-media-baja-cual-es-el-nivel-de-ingresos-de-cada-segmento\\\/\"},\"wordCount\":738,\"publisher\":{\"@id\":\"https:\\\/\\\/vocesdelacomuna15.com.ar\\\/press\\\/#organization\"},\"image\":{\"@id\":\"https:\\\/\\\/vocesdelacomuna15.com.ar\\\/press\\\/el-78-de-los-hogares-argentinos-pertenece-a-la-clase-baja-y-media-baja-cual-es-el-nivel-de-ingresos-de-cada-segmento\\\/#primaryimage\"},\"thumbnailUrl\":\"https:\\\/\\\/vocesdelacomuna15.com.ar\\\/wp-content\\\/uploads\\\/2026\\\/08\\\/IOOEIFLZN5FVJBRJEDAPVR7NEU.avif\",\"articleSection\":[\"Economia\"],\"inLanguage\":\"es-AR\"},{\"@type\":\"WebPage\",\"@id\":\"https:\\\/\\\/vocesdelacomuna15.com.ar\\\/press\\\/el-78-de-los-hogares-argentinos-pertenece-a-la-clase-baja-y-media-baja-cual-es-el-nivel-de-ingresos-de-cada-segmento\\\/\",\"url\":\"https:\\\/\\\/vocesdelacomuna15.com.ar\\\/press\\\/el-78-de-los-hogares-argentinos-pertenece-a-la-clase-baja-y-media-baja-cual-es-el-nivel-de-ingresos-de-cada-segmento\\\/\",\"name\":\"El 78% de los hogares argentinos pertenece a la clase baja y media baja: cu\u00e1l es el nivel de ingresos de cada segmento - Voces de la Comuna 15\",\"isPartOf\":{\"@id\":\"https:\\\/\\\/vocesdelacomuna15.com.ar\\\/press\\\/#website\"},\"primaryImageOfPage\":{\"@id\":\"https:\\\/\\\/vocesdelacomuna15.com.ar\\\/press\\\/el-78-de-los-hogares-argentinos-pertenece-a-la-clase-baja-y-media-baja-cual-es-el-nivel-de-ingresos-de-cada-segmento\\\/#primaryimage\"},\"image\":{\"@id\":\"https:\\\/\\\/vocesdelacomuna15.com.ar\\\/press\\\/el-78-de-los-hogares-argentinos-pertenece-a-la-clase-baja-y-media-baja-cual-es-el-nivel-de-ingresos-de-cada-segmento\\\/#primaryimage\"},\"thumbnailUrl\":\"https:\\\/\\\/vocesdelacomuna15.com.ar\\\/wp-content\\\/uploads\\\/2026\\\/08\\\/IOOEIFLZN5FVJBRJEDAPVR7NEU.avif\",\"datePublished\":\"2026-08-31T21:00:19+00:00\",\"dateModified\":\"2026-08-31T21:00:22+00:00\",\"description\":\"Voces de la Comuna 15\",\"breadcrumb\":{\"@id\":\"https:\\\/\\\/vocesdelacomuna15.com.ar\\\/press\\\/el-78-de-los-hogares-argentinos-pertenece-a-la-clase-baja-y-media-baja-cual-es-el-nivel-de-ingresos-de-cada-segmento\\\/#breadcrumb\"},\"inLanguage\":\"es-AR\",\"potentialAction\":[{\"@type\":\"ReadAction\",\"target\":[\"https:\\\/\\\/vocesdelacomuna15.com.ar\\\/press\\\/el-78-de-los-hogares-argentinos-pertenece-a-la-clase-baja-y-media-baja-cual-es-el-nivel-de-ingresos-de-cada-segmento\\\/\"]}]},{\"@type\":\"ImageObject\",\"inLanguage\":\"es-AR\",\"@id\":\"https:\\\/\\\/vocesdelacomuna15.com.ar\\\/press\\\/el-78-de-los-hogares-argentinos-pertenece-a-la-clase-baja-y-media-baja-cual-es-el-nivel-de-ingresos-de-cada-segmento\\\/#primaryimage\",\"url\":\"https:\\\/\\\/vocesdelacomuna15.com.ar\\\/wp-content\\\/uploads\\\/2026\\\/08\\\/IOOEIFLZN5FVJBRJEDAPVR7NEU.avif\",\"contentUrl\":\"https:\\\/\\\/vocesdelacomuna15.com.ar\\\/wp-content\\\/uploads\\\/2026\\\/08\\\/IOOEIFLZN5FVJBRJEDAPVR7NEU.avif\",\"width\":992,\"height\":651},{\"@type\":\"BreadcrumbList\",\"@id\":\"https:\\\/\\\/vocesdelacomuna15.com.ar\\\/press\\\/el-78-de-los-hogares-argentinos-pertenece-a-la-clase-baja-y-media-baja-cual-es-el-nivel-de-ingresos-de-cada-segmento\\\/#breadcrumb\",\"itemListElement\":[{\"@type\":\"ListItem\",\"position\":1,\"name\":\"Inicio\",\"item\":\"https:\\\/\\\/vocesdelacomuna15.com.ar\\\/press\\\/\"},{\"@type\":\"ListItem\",\"position\":2,\"name\":\"El 78% de los hogares argentinos pertenece a la clase baja y media baja: cu\u00e1l es el nivel de ingresos de cada segmento\"}]},{\"@type\":\"WebSite\",\"@id\":\"https:\\\/\\\/vocesdelacomuna15.com.ar\\\/press\\\/#website\",\"url\":\"https:\\\/\\\/vocesdelacomuna15.com.ar\\\/press\\\/\",\"name\":\"Voces de la Comuna 15\",\"description\":\"Sitio web de noticias\",\"publisher\":{\"@id\":\"https:\\\/\\\/vocesdelacomuna15.com.ar\\\/press\\\/#organization\"},\"potentialAction\":[{\"@type\":\"SearchAction\",\"target\":{\"@type\":\"EntryPoint\",\"urlTemplate\":\"https:\\\/\\\/vocesdelacomuna15.com.ar\\\/press\\\/?s={search_term_string}\"},\"query-input\":{\"@type\":\"PropertyValueSpecification\",\"valueRequired\":true,\"valueName\":\"search_term_string\"}}],\"inLanguage\":\"es-AR\"},{\"@type\":\"Organization\",\"@id\":\"https:\\\/\\\/vocesdelacomuna15.com.ar\\\/press\\\/#organization\",\"name\":\"Voces de la Comuna 15\",\"url\":\"https:\\\/\\\/vocesdelacomuna15.com.ar\\\/press\\\/\",\"logo\":{\"@type\":\"ImageObject\",\"inLanguage\":\"es-AR\",\"@id\":\"https:\\\/\\\/vocesdelacomuna15.com.ar\\\/press\\\/#\\\/schema\\\/logo\\\/image\\\/\",\"url\":\"https:\\\/\\\/vocesdelacomuna15.com.ar\\\/wp-content\\\/uploads\\\/2024\\\/12\\\/cropped-logo_voces.jpg\",\"contentUrl\":\"https:\\\/\\\/vocesdelacomuna15.com.ar\\\/wp-content\\\/uploads\\\/2024\\\/12\\\/cropped-logo_voces.jpg\",\"width\":512,\"height\":512,\"caption\":\"Voces de la Comuna 15\"},\"image\":{\"@id\":\"https:\\\/\\\/vocesdelacomuna15.com.ar\\\/press\\\/#\\\/schema\\\/logo\\\/image\\\/\"},\"sameAs\":[\"https:\\\/\\\/www.facebook.com\\\/VocesComuna15\\\/\",\"https:\\\/\\\/x.com\\\/vocescomuna15\"]},{\"@type\":\"Person\",\"@id\":\"https:\\\/\\\/vocesdelacomuna15.com.ar\\\/press\\\/#\\\/schema\\\/person\\\/4739e109db25d799cd3d139eeb509e43\",\"name\":\"Federico Arguto\",\"image\":{\"@type\":\"ImageObject\",\"inLanguage\":\"es-AR\",\"@id\":\"https:\\\/\\\/vocesdelacomuna15.com.ar\\\/wp-content\\\/litespeed\\\/avatar\\\/82faf979976f1bae889b8b71f8a0a7e5.jpg?ver=1787702702\",\"url\":\"https:\\\/\\\/vocesdelacomuna15.com.ar\\\/wp-content\\\/litespeed\\\/avatar\\\/82faf979976f1bae889b8b71f8a0a7e5.jpg?ver=1787702702\",\"contentUrl\":\"https:\\\/\\\/vocesdelacomuna15.com.ar\\\/wp-content\\\/litespeed\\\/avatar\\\/82faf979976f1bae889b8b71f8a0a7e5.jpg?ver=1787702702\",\"caption\":\"Federico Arguto\"},\"url\":\"https:\\\/\\\/vocesdelacomuna15.com.ar\\\/press\\\/author\\\/fede\\\/\"}]}<\/script>\n<!-- \/ Yoast SEO plugin. -->","yoast_head_json":{"title":"El 78% de los hogares argentinos pertenece a la clase baja y media baja: cu\u00e1l es el nivel de ingresos de cada segmento - Voces de la Comuna 15","description":"Voces de la Comuna 15","robots":{"index":"index","follow":"follow","max-snippet":"max-snippet:-1","max-image-preview":"max-image-preview:large","max-video-preview":"max-video-preview:-1"},"canonical":"https:\/\/vocesdelacomuna15.com.ar\/press\/el-78-de-los-hogares-argentinos-pertenece-a-la-clase-baja-y-media-baja-cual-es-el-nivel-de-ingresos-de-cada-segmento\/","og_locale":"es_ES","og_type":"article","og_title":"El 78% de los hogares argentinos pertenece a la clase baja y media baja: cu\u00e1l es el nivel de ingresos de cada segmento - Voces de la Comuna 15","og_description":"Voces de la Comuna 15","og_url":"https:\/\/vocesdelacomuna15.com.ar\/press\/el-78-de-los-hogares-argentinos-pertenece-a-la-clase-baja-y-media-baja-cual-es-el-nivel-de-ingresos-de-cada-segmento\/","og_site_name":"Voces de la Comuna 15","article_publisher":"https:\/\/www.facebook.com\/VocesComuna15\/","article_published_time":"2026-08-31T21:00:19+00:00","article_modified_time":"2026-08-31T21:00:22+00:00","og_image":[{"width":512,"height":512,"url":"https:\/\/vocesdelacomuna15.com.ar\/wp-content\/uploads\/2024\/12\/cropped-logo_voces.jpg","type":"image\/jpeg"}],"author":"Federico Arguto","twitter_card":"summary_large_image","twitter_creator":"@vocescomuna15","twitter_site":"@vocescomuna15","twitter_misc":{"Escrito por":"Federico Arguto","Tiempo de lectura":"4 minutos"},"schema":{"@context":"https:\/\/schema.org","@graph":[{"@type":"Article","@id":"https:\/\/vocesdelacomuna15.com.ar\/press\/el-78-de-los-hogares-argentinos-pertenece-a-la-clase-baja-y-media-baja-cual-es-el-nivel-de-ingresos-de-cada-segmento\/#article","isPartOf":{"@id":"https:\/\/vocesdelacomuna15.com.ar\/press\/el-78-de-los-hogares-argentinos-pertenece-a-la-clase-baja-y-media-baja-cual-es-el-nivel-de-ingresos-de-cada-segmento\/"},"author":{"name":"Federico Arguto","@id":"https:\/\/vocesdelacomuna15.com.ar\/press\/#\/schema\/person\/4739e109db25d799cd3d139eeb509e43"},"headline":"El 78% de los hogares argentinos pertenece a la clase baja y media baja: cu\u00e1l es el nivel de ingresos de cada segmento","datePublished":"2026-08-31T21:00:19+00:00","dateModified":"2026-08-31T21:00:22+00:00","mainEntityOfPage":{"@id":"https:\/\/vocesdelacomuna15.com.ar\/press\/el-78-de-los-hogares-argentinos-pertenece-a-la-clase-baja-y-media-baja-cual-es-el-nivel-de-ingresos-de-cada-segmento\/"},"wordCount":738,"publisher":{"@id":"https:\/\/vocesdelacomuna15.com.ar\/press\/#organization"},"image":{"@id":"https:\/\/vocesdelacomuna15.com.ar\/press\/el-78-de-los-hogares-argentinos-pertenece-a-la-clase-baja-y-media-baja-cual-es-el-nivel-de-ingresos-de-cada-segmento\/#primaryimage"},"thumbnailUrl":"https:\/\/vocesdelacomuna15.com.ar\/wp-content\/uploads\/2026\/08\/IOOEIFLZN5FVJBRJEDAPVR7NEU.avif","articleSection":["Economia"],"inLanguage":"es-AR"},{"@type":"WebPage","@id":"https:\/\/vocesdelacomuna15.com.ar\/press\/el-78-de-los-hogares-argentinos-pertenece-a-la-clase-baja-y-media-baja-cual-es-el-nivel-de-ingresos-de-cada-segmento\/","url":"https:\/\/vocesdelacomuna15.com.ar\/press\/el-78-de-los-hogares-argentinos-pertenece-a-la-clase-baja-y-media-baja-cual-es-el-nivel-de-ingresos-de-cada-segmento\/","name":"El 78% de los hogares argentinos pertenece a la clase baja y media baja: cu\u00e1l es el nivel de ingresos de cada segmento - Voces de la Comuna 15","isPartOf":{"@id":"https:\/\/vocesdelacomuna15.com.ar\/press\/#website"},"primaryImageOfPage":{"@id":"https:\/\/vocesdelacomuna15.com.ar\/press\/el-78-de-los-hogares-argentinos-pertenece-a-la-clase-baja-y-media-baja-cual-es-el-nivel-de-ingresos-de-cada-segmento\/#primaryimage"},"image":{"@id":"https:\/\/vocesdelacomuna15.com.ar\/press\/el-78-de-los-hogares-argentinos-pertenece-a-la-clase-baja-y-media-baja-cual-es-el-nivel-de-ingresos-de-cada-segmento\/#primaryimage"},"thumbnailUrl":"https:\/\/vocesdelacomuna15.com.ar\/wp-content\/uploads\/2026\/08\/IOOEIFLZN5FVJBRJEDAPVR7NEU.avif","datePublished":"2026-08-31T21:00:19+00:00","dateModified":"2026-08-31T21:00:22+00:00","description":"Voces de la Comuna 15","breadcrumb":{"@id":"https:\/\/vocesdelacomuna15.com.ar\/press\/el-78-de-los-hogares-argentinos-pertenece-a-la-clase-baja-y-media-baja-cual-es-el-nivel-de-ingresos-de-cada-segmento\/#breadcrumb"},"inLanguage":"es-AR","potentialAction":[{"@type":"ReadAction","target":["https:\/\/vocesdelacomuna15.com.ar\/press\/el-78-de-los-hogares-argentinos-pertenece-a-la-clase-baja-y-media-baja-cual-es-el-nivel-de-ingresos-de-cada-segmento\/"]}]},{"@type":"ImageObject","inLanguage":"es-AR","@id":"https:\/\/vocesdelacomuna15.com.ar\/press\/el-78-de-los-hogares-argentinos-pertenece-a-la-clase-baja-y-media-baja-cual-es-el-nivel-de-ingresos-de-cada-segmento\/#primaryimage","url":"https:\/\/vocesdelacomuna15.com.ar\/wp-content\/uploads\/2026\/08\/IOOEIFLZN5FVJBRJEDAPVR7NEU.avif","contentUrl":"https:\/\/vocesdelacomuna15.com.ar\/wp-content\/uploads\/2026\/08\/IOOEIFLZN5FVJBRJEDAPVR7NEU.avif","width":992,"height":651},{"@type":"BreadcrumbList","@id":"https:\/\/vocesdelacomuna15.com.ar\/press\/el-78-de-los-hogares-argentinos-pertenece-a-la-clase-baja-y-media-baja-cual-es-el-nivel-de-ingresos-de-cada-segmento\/#breadcrumb","itemListElement":[{"@type":"ListItem","position":1,"name":"Inicio","item":"https:\/\/vocesdelacomuna15.com.ar\/press\/"},{"@type":"ListItem","position":2,"name":"El 78% de los hogares argentinos pertenece a la clase baja y media baja: cu\u00e1l es el nivel de ingresos de cada segmento"}]},{"@type":"WebSite","@id":"https:\/\/vocesdelacomuna15.com.ar\/press\/#website","url":"https:\/\/vocesdelacomuna15.com.ar\/press\/","name":"Voces de la Comuna 15","description":"Sitio web de noticias","publisher":{"@id":"https:\/\/vocesdelacomuna15.com.ar\/press\/#organization"},"potentialAction":[{"@type":"SearchAction","target":{"@type":"EntryPoint","urlTemplate":"https:\/\/vocesdelacomuna15.com.ar\/press\/?s={search_term_string}"},"query-input":{"@type":"PropertyValueSpecification","valueRequired":true,"valueName":"search_term_string"}}],"inLanguage":"es-AR"},{"@type":"Organization","@id":"https:\/\/vocesdelacomuna15.com.ar\/press\/#organization","name":"Voces de la Comuna 15","url":"https:\/\/vocesdelacomuna15.com.ar\/press\/","logo":{"@type":"ImageObject","inLanguage":"es-AR","@id":"https:\/\/vocesdelacomuna15.com.ar\/press\/#\/schema\/logo\/image\/","url":"https:\/\/vocesdelacomuna15.com.ar\/wp-content\/uploads\/2024\/12\/cropped-logo_voces.jpg","contentUrl":"https:\/\/vocesdelacomuna15.com.ar\/wp-content\/uploads\/2024\/12\/cropped-logo_voces.jpg","width":512,"height":512,"caption":"Voces de la Comuna 15"},"image":{"@id":"https:\/\/vocesdelacomuna15.com.ar\/press\/#\/schema\/logo\/image\/"},"sameAs":["https:\/\/www.facebook.com\/VocesComuna15\/","https:\/\/x.com\/vocescomuna15"]},{"@type":"Person","@id":"https:\/\/vocesdelacomuna15.com.ar\/press\/#\/schema\/person\/4739e109db25d799cd3d139eeb509e43","name":"Federico Arguto","image":{"@type":"ImageObject","inLanguage":"es-AR","@id":"https:\/\/vocesdelacomuna15.com.ar\/wp-content\/litespeed\/avatar\/82faf979976f1bae889b8b71f8a0a7e5.jpg?ver=1787702702","url":"https:\/\/vocesdelacomuna15.com.ar\/wp-content\/litespeed\/avatar\/82faf979976f1bae889b8b71f8a0a7e5.jpg?ver=1787702702","contentUrl":"https:\/\/vocesdelacomuna15.com.ar\/wp-content\/litespeed\/avatar\/82faf979976f1bae889b8b71f8a0a7e5.jpg?ver=1787702702","caption":"Federico Arguto"},"url":"https:\/\/vocesdelacomuna15.com.ar\/press\/author\/fede\/"}]}},"_links":{"self":[{"href":"https:\/\/vocesdelacomuna15.com.ar\/press\/wp-json\/wp\/v2\/posts\/73599","targetHints":{"allow":["GET"]}}],"collection":[{"href":"https:\/\/vocesdelacomuna15.com.ar\/press\/wp-json\/wp\/v2\/posts"}],"about":[{"href":"https:\/\/vocesdelacomuna15.com.ar\/press\/wp-json\/wp\/v2\/types\/post"}],"author":[{"embeddable":true,"href":"https:\/\/vocesdelacomuna15.com.ar\/press\/wp-json\/wp\/v2\/users\/2"}],"replies":[{"embeddable":true,"href":"https:\/\/vocesdelacomuna15.com.ar\/press\/wp-json\/wp\/v2\/comments?post=73599"}],"version-history":[{"count":2,"href":"https:\/\/vocesdelacomuna15.com.ar\/press\/wp-json\/wp\/v2\/posts\/73599\/revisions"}],"predecessor-version":[{"id":73604,"href":"https:\/\/vocesdelacomuna15.com.ar\/press\/wp-json\/wp\/v2\/posts\/73599\/revisions\/73604"}],"wp:featuredmedia":[{"embeddable":true,"href":"https:\/\/vocesdelacomuna15.com.ar\/press\/wp-json\/wp\/v2\/media\/73603"}],"wp:attachment":[{"href":"https:\/\/vocesdelacomuna15.com.ar\/press\/wp-json\/wp\/v2\/media?parent=73599"}],"wp:term":[{"taxonomy":"category","embeddable":true,"href":"https:\/\/vocesdelacomuna15.com.ar\/press\/wp-json\/wp\/v2\/categories?post=73599"},{"taxonomy":"post_tag","embeddable":true,"href":"https:\/\/vocesdelacomuna15.com.ar\/press\/wp-json\/wp\/v2\/tags?post=73599"}],"curies":[{"name":"wp","href":"https:\/\/api.w.org\/{rel}","templated":true}]}}