{"id":71092,"date":"2026-04-30T13:42:44","date_gmt":"2026-04-30T16:42:44","guid":{"rendered":"https:\/\/vocesdelacomuna15.com.ar\/press\/?p=71092"},"modified":"2026-04-30T13:42:45","modified_gmt":"2026-04-30T16:42:45","slug":"adolfo-aristarain-el-legado-de-un-cineasta-que-no-se-callo-nada","status":"publish","type":"post","link":"https:\/\/vocesdelacomuna15.com.ar\/press\/adolfo-aristarain-el-legado-de-un-cineasta-que-no-se-callo-nada\/","title":{"rendered":"Adolfo Aristarain, el legado de un cineasta que no se call\u00f3 nada"},"content":{"rendered":"\n<p><strong>Referente ineludible del cine iberoamericano, Aristarain combin\u00f3 la precisi\u00f3n del cine cl\u00e1sico con una mirada pol\u00edtica afilada. De sus inicios como ayudante de direcci\u00f3n en Espa\u00f1a a convertirse en el gran narrador de la \u00e9tica y la resistencia.<\/strong><\/p>\n\n\n\n<p>Fuente: https:\/\/www.ambito.com\/<\/p>\n\n\n\n<p id=\"p-1777312063011-78836\">Como si una peste hubiera ca\u00eddo sobre la gente de cine, a las recientes muertes de&nbsp;<strong><a href=\"https:\/\/www.ambito.com\/espectaculos\/adios-luis-brandoni-la-partida-un-espiritu-luchador-el-talento-y-los-valores-los-grandes-n6268665\" target=\"_blank\" rel=\"noreferrer noopener\">Luis Brandoni<\/a><\/strong>&nbsp;y&nbsp;<strong><a href=\"https:\/\/www.ambito.com\/espectaculos\/adios-luis-puenzo-el-hombre-que-puso-al-cine-argentino-la-cima-del-mundo-n6269149\" target=\"_blank\" rel=\"noreferrer noopener\">Luis Puenzo<\/a><\/strong>&nbsp;se sum\u00f3 este domingo la muerte de&nbsp;<strong>Adolfo Aristarain<\/strong>, el hombre que con&nbsp;<em>Tiempo de revancha<\/em>&nbsp;y&nbsp;<em>\u00daltimos d\u00edas de la v\u00edctima&nbsp;<\/em>supo esquivar a la censura y abrir el paso a un cine m\u00e1s libre en plena dictadura.<\/p>\n\n\n\n<p id=\"p-1777312063011-45201\">Porte\u00f1o de Parque Chas, criado a base de dos pel\u00edculas diarias en los cines de barrio, a los 18 a\u00f1os ya apareci\u00f3 como extra junto a<strong>&nbsp;Pino Solanas<\/strong>&nbsp;en una escena de&nbsp;<em>Dar la cara<\/em>, de Mart\u00ednez Su\u00e1rez. Era la \u00e9poca del \u201claica o libre\u201d y les toc\u00f3 hacer de estudiantes revoltosos. De inmediato fue secretario de producci\u00f3n en la comedia<em>&nbsp;La herencia<\/em>, particip\u00f3 en el guion de \u201cBorges\u201d, corto financiado por el Fondo Nacional de las Artes, se profesionaliz\u00f3 como segundo ayudante de direcci\u00f3n, y luego primer ayudante, en pel\u00edculas de Saraceni, Vi\u00f1oly Barreto, Vieyra, Cahen Salaberry, Rodolfo Kuhn, Santill\u00e1n, desde Disloque en el presidio hasta Chau, amor, con el cantante Juan Ram\u00f3n, y empez\u00f3 a tallar cuando entr\u00f3 de ayudante en \u201cDigan lo que digan\u201d, que el cantante Raphael, entonces casi un ni\u00f1o, vino a filmar en Argentina.<\/p>\n\n\n\n<p><\/p>\n\n\n\n<p id=\"p-1777312063011-24428\">El director era&nbsp;<strong>Mario Camus<\/strong>, que ya hab\u00eda hecho dos con Raphael pero aspiraba a un cine de mayor exigencia, y as\u00ed es como a\u00f1os despu\u00e9s terminar\u00eda haciendo obras mayores como \u201cLa colmena\u201d y \u201cLos santos inocentes\u201d. El director y el ayudante se hicieron amigos, una amistad de por vida, e impulsado por ella viaj\u00f3 Aristarain a Espa\u00f1a, donde fue ayudante en policiales, documentales, spaghetti westerns rodados en Almer\u00eda (entre ellos&nbsp;<strong>\u201c\u00c9rase una vez en el Oeste\u201d<\/strong>, de Sergio Leone, que no le cay\u00f3 en gracia) y con toda esa escuela volvi\u00f3 al pa\u00eds en 1974, para trabajar en \u201cLa Mary\u201d, \u201cLos gauchos jud\u00edos\u201d, tres de los Superagentes, y as\u00ed hasta \u201cLa fiesta de todos\u201d, donde fue director de producci\u00f3n.<\/p>\n\n\n\n<h2 class=\"wp-block-heading\" id=\"p-1777312523170-64868\">El esperado debut y su alianza con Federico Luppi<\/h2>\n\n\n\n<p id=\"p-1777312063011-81712\">Sinti\u00e9ndose al fin bien preparado, hizo su primera pel\u00edcula:&nbsp;<em>La parte del le\u00f3n<\/em>, 1978, donde Julio De Grazia encuentra una bolsa de dinero, fruto de un asalto, y se la quiere quedar, pero los asaltantes tienen otra idea. Policial sin polic\u00edas (solo se oyen las sirenas) y sin mayor presupuesto, pero con elenco de primera, tensi\u00f3n, originalidad y buena pintura de caracteres, todo al mejor estilo del cine Clase B norteamericano pero bien pintado a la argentina, \u201cLa parte del le\u00f3n\u201d fue toda una sorpresa para la \u00e9poca.<\/p>\n\n\n\n<p id=\"p-1777312063011-58453\">De inmediato lo contrat\u00f3 la empresa Aries. Primero le encargaron dos musicales: \u201cLa playa del amor\u201d y \u201cLa discoteca del amor\u201d, donde ya hizo exactamente lo que quer\u00eda, una comedia policial con canciones, que as\u00ed result\u00f3 la mejor de las cinco de la serie \u201cdel amor\u201d. Ah\u00ed dio el gran salto, con&nbsp;<strong><em>Tiempo de revancha<\/em><\/strong>, 1981, donde&nbsp;<strong>Federico Luppi<\/strong>&nbsp;finge un accidente de trabajo para cobrarle una buena indemnizaci\u00f3n a una poderosa empresa minera, pero la empresa trata de desenmascararlo y hasta llega a tirarle un cad\u00e1ver desde un Ford Falcon para que desista. El final es impactante, una precisa par\u00e1bola de lo que alguien se ve\u00eda obligado a hacer en aquel tiempo para seguir viviendo. Ir\u00f3nicamente, la censura no advirti\u00f3 nada raro en ninguna escena. A esa altura el inefable Tato, un censor con verdadero conocimiento del cine, ya estaba jubilado. Vio la pel\u00edcula, advirti\u00f3 la doble lectura, y lo aplaudi\u00f3.<\/p>\n\n\n\n<p id=\"p-1777312377695-24914\"><em>\u00daltimos d\u00edas de la v\u00edctima<\/em>&nbsp;tambi\u00e9n ten\u00eda varias alusiones a la gente formada por los servicios, y no eran alusiones sino pinturas directas las referencias a otra gente, metida en la timba financiera. En este caso la censura solo advirti\u00f3 una \u201cexpresi\u00f3n indecente\u201d, cuando&nbsp;<strong>Solita Silveyra<\/strong>&nbsp;le grita \u201c\u00a1Cogeme!\u201d a Federico Luppi; nunca sabremos si por deseo verdadero o para evitar que el otro la mate. Pero la escena estaba hecha de tal modo que era imposible quitar esa palabra.<\/p>\n\n\n\n<p id=\"p-1777312063011-17857\">Esas dos pel\u00edculas, ambas con Federico Luppi, colocaron al director en la c\u00faspide del cine argentino y latinoamericano. Le llov\u00edan los premios y las ofertas. Se alej\u00f3 entonces de Aries, se tom\u00f3 su tiempo, y decidi\u00f3 hacer una miniserie en Espa\u00f1a, \u201cLas aventuras de Pepe Carvalho\u201d, con Eusebio Poncela en rol de investigador policial. Le sigui\u00f3&nbsp;<em>The Stranger<\/em>, coproducci\u00f3n con EE. UU. que ac\u00e1, de haberse estrenado, se hubiera llamado La extra\u00f1a. Pero ac\u00e1 no se estren\u00f3, y all\u00e1 tuvo apenas una salida reducida. Un mal paso, atribuible quiz\u00e1s a un guion ajeno.<\/p>\n\n\n\n<p id=\"p-1777312063011-78853\">Cinco a\u00f1os tard\u00f3 en recuperarse. Pero volvi\u00f3 con&nbsp;<em>Un lugar en el mundo<\/em>, tocante historia de maestros rurales enfrentados a las promesas enga\u00f1osas de una corporaci\u00f3n que amenaza instalarse en la zona. La m\u00fasica de&nbsp;<strong>Emilio Kauderer<\/strong>&nbsp;a cargo de la Camerata Bariloche fue en esta obra uno de sus m\u00e1s hermosos puntales. Y la pel\u00edcula iba directo al Oscar, estaba hecha al gusto de la Academia, pero hab\u00eda un problemita de los productores con los dineros reclamados por el personal t\u00e9cnico, y en vez de arreglarlo se decidi\u00f3 aceptar la propuesta de unos amigos y enviar la pel\u00edcula como si fuera uruguaya. La Academia advirti\u00f3 la trampa y la posibilidad del Oscar se perdi\u00f3 vergonzosamente.<\/p>\n\n\n\n<figure class=\"wp-block-image size-full\"><img loading=\"lazy\" decoding=\"async\" width=\"730\" height=\"485\" src=\"https:\/\/vocesdelacomuna15.com.ar\/wp-content\/uploads\/2026\/04\/adolfo-aristarain-rodaje.avif\" alt=\"\" class=\"wp-image-71094\" srcset=\"https:\/\/vocesdelacomuna15.com.ar\/wp-content\/uploads\/2026\/04\/adolfo-aristarain-rodaje.avif 730w, https:\/\/vocesdelacomuna15.com.ar\/wp-content\/uploads\/2026\/04\/adolfo-aristarain-rodaje-300x199.avif 300w\" sizes=\"(max-width: 730px) 100vw, 730px\" \/><\/figure>\n\n\n\n<p id=\"p-1777312063011-88914\">Otra vez Espa\u00f1a, con una de aventuras en el siglo XIX,&nbsp;<em>La ley de la frontera<\/em>. Luego&nbsp;<em><strong>Mart\u00edn (Hache)<\/strong><\/em>&nbsp;y&nbsp;<em>Lugares comunes<\/em>, todas con Luppi, donde pesan demasiado las frases sentenciosas y cierta filosof\u00eda de los personajes muy cercana a lo que Carlos Marx llamaba burlonamente \u201csocialismo aristocr\u00e1tico\u201d. Algo de eso ya hab\u00eda en \u201cUn lugar en el mundo\u201d, pero en menor dosis.<\/p>\n\n\n\n<p id=\"p-1777312063011-36514\">Y al fin,&nbsp;<em>Roma<\/em>, a\u00f1o 2004, una obra con suaves toques autobiogr\u00e1ficos, donde un novelista evoca la atracci\u00f3n de sus a\u00f1os j\u00f3venes por la aventura, la cultura, la m\u00fasica, y el callado sacrificio de la madre, que vende el piano para pagarle a su hijo el viaje a Espa\u00f1a. Roma se llamaba la madre.&nbsp;<strong>Sus\u00fa Pecoraro<\/strong>&nbsp;la encarnaba, en un papel hermoso. Coguionistas, el amigo Mario Camus y Kathy Saavedra, que ya hab\u00eda participado en otros guiones, y hab\u00eda sido su dise\u00f1adora de vestuario desde \u201cLa parte del le\u00f3n\u201d.<\/p>\n\n\n\n<p id=\"p-1777312063011-684\">Ese fue su canto del cisne. Despu\u00e9s algunos proyectos se frustraron a medio camino por falta de inversores, el coraz\u00f3n entr\u00f3 a fallar, vino una operaci\u00f3n larga, bastante brava, la mediana reclusi\u00f3n en su casa, los homenajes, por supuesto, aqu\u00ed y en otros pa\u00edses. A veces pod\u00eda ir, o quer\u00eda ir, y a veces lo reemplazaba el hijo. Ya caminaba m\u00e1s despacio, con zapatillas bien acolchadas, pero manten\u00eda a la perfecci\u00f3n la cabeza, la memoria, y el sentido del humor filoso y preciso.<\/p>\n\n\n\n<p>Caracteres: 6.356<\/p>\n<div class=\"pvc_clear\"><\/div><p id=\"pvc_stats_71092\" class=\"pvc_stats all  \" data-element-id=\"71092\" style=\"\"><i class=\"pvc-stats-icon small\" aria-hidden=\"true\"><svg aria-hidden=\"true\" focusable=\"false\" data-prefix=\"far\" data-icon=\"chart-bar\" role=\"img\" xmlns=\"http:\/\/www.w3.org\/2000\/svg\" viewBox=\"0 0 512 512\" class=\"svg-inline--fa fa-chart-bar fa-w-16 fa-2x\"><path fill=\"currentColor\" d=\"M396.8 352h22.4c6.4 0 12.8-6.4 12.8-12.8V108.8c0-6.4-6.4-12.8-12.8-12.8h-22.4c-6.4 0-12.8 6.4-12.8 12.8v230.4c0 6.4 6.4 12.8 12.8 12.8zm-192 0h22.4c6.4 0 12.8-6.4 12.8-12.8V140.8c0-6.4-6.4-12.8-12.8-12.8h-22.4c-6.4 0-12.8 6.4-12.8 12.8v198.4c0 6.4 6.4 12.8 12.8 12.8zm96 0h22.4c6.4 0 12.8-6.4 12.8-12.8V204.8c0-6.4-6.4-12.8-12.8-12.8h-22.4c-6.4 0-12.8 6.4-12.8 12.8v134.4c0 6.4 6.4 12.8 12.8 12.8zM496 400H48V80c0-8.84-7.16-16-16-16H16C7.16 64 0 71.16 0 80v336c0 17.67 14.33 32 32 32h464c8.84 0 16-7.16 16-16v-16c0-8.84-7.16-16-16-16zm-387.2-48h22.4c6.4 0 12.8-6.4 12.8-12.8v-70.4c0-6.4-6.4-12.8-12.8-12.8h-22.4c-6.4 0-12.8 6.4-12.8 12.8v70.4c0 6.4 6.4 12.8 12.8 12.8z\" class=\"\"><\/path><\/svg><\/i> <img loading=\"lazy\" decoding=\"async\" width=\"16\" height=\"16\" alt=\"Loading\" src=\"https:\/\/vocesdelacomuna15.com.ar\/wp-content\/plugins\/page-views-count\/ajax-loader-2x.gif\" border=0 \/><\/p><div class=\"pvc_clear\"><\/div>","protected":false},"excerpt":{"rendered":"<p>Referente ineludible del cine iberoamericano, Aristarain combin\u00f3 la precisi\u00f3n del cine cl\u00e1sico con una mirada pol\u00edtica afilada. De sus inicios como ayudante de direcci\u00f3n en Espa\u00f1a a convertirse en el gran narrador de la \u00e9tica y la resistencia. Fuente: https:\/\/www.ambito.com\/ Como si una peste hubiera ca\u00eddo sobre la gente de cine, a las recientes muertes [&hellip;]<\/p>\n<div class=\"pvc_clear\"><\/div>\n<p id=\"pvc_stats_71092\" class=\"pvc_stats all  \" data-element-id=\"71092\" style=\"\"><i class=\"pvc-stats-icon small\" aria-hidden=\"true\"><svg aria-hidden=\"true\" focusable=\"false\" data-prefix=\"far\" data-icon=\"chart-bar\" role=\"img\" xmlns=\"http:\/\/www.w3.org\/2000\/svg\" viewBox=\"0 0 512 512\" class=\"svg-inline--fa fa-chart-bar fa-w-16 fa-2x\"><path fill=\"currentColor\" d=\"M396.8 352h22.4c6.4 0 12.8-6.4 12.8-12.8V108.8c0-6.4-6.4-12.8-12.8-12.8h-22.4c-6.4 0-12.8 6.4-12.8 12.8v230.4c0 6.4 6.4 12.8 12.8 12.8zm-192 0h22.4c6.4 0 12.8-6.4 12.8-12.8V140.8c0-6.4-6.4-12.8-12.8-12.8h-22.4c-6.4 0-12.8 6.4-12.8 12.8v198.4c0 6.4 6.4 12.8 12.8 12.8zm96 0h22.4c6.4 0 12.8-6.4 12.8-12.8V204.8c0-6.4-6.4-12.8-12.8-12.8h-22.4c-6.4 0-12.8 6.4-12.8 12.8v134.4c0 6.4 6.4 12.8 12.8 12.8zM496 400H48V80c0-8.84-7.16-16-16-16H16C7.16 64 0 71.16 0 80v336c0 17.67 14.33 32 32 32h464c8.84 0 16-7.16 16-16v-16c0-8.84-7.16-16-16-16zm-387.2-48h22.4c6.4 0 12.8-6.4 12.8-12.8v-70.4c0-6.4-6.4-12.8-12.8-12.8h-22.4c-6.4 0-12.8 6.4-12.8 12.8v70.4c0 6.4 6.4 12.8 12.8 12.8z\" class=\"\"><\/path><\/svg><\/i> <img loading=\"lazy\" decoding=\"async\" width=\"16\" height=\"16\" alt=\"Loading\" src=\"https:\/\/vocesdelacomuna15.com.ar\/wp-content\/plugins\/page-views-count\/ajax-loader-2x.gif\" border=0 \/><\/p>\n<div class=\"pvc_clear\"><\/div>\n","protected":false},"author":2,"featured_media":71093,"comment_status":"closed","ping_status":"closed","sticky":false,"template":"","format":"standard","meta":{"_et_pb_use_builder":"off","_et_pb_old_content":"","_et_gb_content_width":"","footnotes":""},"categories":[38,24],"tags":[],"class_list":["post-71092","post","type-post","status-publish","format-standard","has-post-thumbnail","hentry","category-cine","category-cultura","et-has-post-format-content","et_post_format-et-post-format-standard"],"a3_pvc":{"activated":true,"total_views":7,"today_views":7},"yoast_head":"<!-- This site is optimized with the Yoast SEO plugin v27.5 - https:\/\/yoast.com\/product\/yoast-seo-wordpress\/ -->\n<title>Adolfo Aristarain, el legado de un cineasta que no se call\u00f3 nada - Voces de la Comuna 15<\/title>\n<meta name=\"description\" content=\"Voces de la Comuna 15\" \/>\n<meta name=\"robots\" content=\"index, follow, max-snippet:-1, max-image-preview:large, max-video-preview:-1\" \/>\n<link rel=\"canonical\" href=\"https:\/\/vocesdelacomuna15.com.ar\/press\/adolfo-aristarain-el-legado-de-un-cineasta-que-no-se-callo-nada\/\" \/>\n<meta property=\"og:locale\" content=\"es_ES\" \/>\n<meta property=\"og:type\" content=\"article\" \/>\n<meta property=\"og:title\" content=\"Adolfo Aristarain, el legado de un cineasta que no se call\u00f3 nada - Voces de la Comuna 15\" \/>\n<meta property=\"og:description\" content=\"Voces de la Comuna 15\" \/>\n<meta property=\"og:url\" content=\"https:\/\/vocesdelacomuna15.com.ar\/press\/adolfo-aristarain-el-legado-de-un-cineasta-que-no-se-callo-nada\/\" \/>\n<meta property=\"og:site_name\" content=\"Voces de la Comuna 15\" \/>\n<meta property=\"article:publisher\" content=\"https:\/\/www.facebook.com\/VocesComuna15\/\" \/>\n<meta property=\"article:published_time\" content=\"2026-04-30T16:42:44+00:00\" \/>\n<meta property=\"article:modified_time\" content=\"2026-04-30T16:42:45+00:00\" \/>\n<meta property=\"og:image\" content=\"https:\/\/vocesdelacomuna15.com.ar\/wp-content\/uploads\/2026\/04\/adolfo-aristarain.avif\" \/>\n\t<meta property=\"og:image:width\" content=\"655\" \/>\n\t<meta property=\"og:image:height\" content=\"368\" \/>\n\t<meta property=\"og:image:type\" content=\"image\/webp\" \/>\n<meta name=\"author\" content=\"Federico Arguto\" \/>\n<meta name=\"twitter:card\" content=\"summary_large_image\" \/>\n<meta name=\"twitter:creator\" content=\"@vocescomuna15\" \/>\n<meta name=\"twitter:site\" content=\"@vocescomuna15\" \/>\n<meta name=\"twitter:label1\" content=\"Escrito por\" \/>\n\t<meta name=\"twitter:data1\" content=\"Federico Arguto\" \/>\n\t<meta name=\"twitter:label2\" content=\"Tiempo de lectura\" \/>\n\t<meta name=\"twitter:data2\" content=\"6 minutos\" \/>\n<script type=\"application\/ld+json\" class=\"yoast-schema-graph\">{\"@context\":\"https:\\\/\\\/schema.org\",\"@graph\":[{\"@type\":\"Article\",\"@id\":\"https:\\\/\\\/vocesdelacomuna15.com.ar\\\/press\\\/adolfo-aristarain-el-legado-de-un-cineasta-que-no-se-callo-nada\\\/#article\",\"isPartOf\":{\"@id\":\"https:\\\/\\\/vocesdelacomuna15.com.ar\\\/press\\\/adolfo-aristarain-el-legado-de-un-cineasta-que-no-se-callo-nada\\\/\"},\"author\":{\"name\":\"Federico Arguto\",\"@id\":\"https:\\\/\\\/vocesdelacomuna15.com.ar\\\/press\\\/#\\\/schema\\\/person\\\/4739e109db25d799cd3d139eeb509e43\"},\"headline\":\"Adolfo Aristarain, el legado de un cineasta que no se call\u00f3 nada\",\"datePublished\":\"2026-04-30T16:42:44+00:00\",\"dateModified\":\"2026-04-30T16:42:45+00:00\",\"mainEntityOfPage\":{\"@id\":\"https:\\\/\\\/vocesdelacomuna15.com.ar\\\/press\\\/adolfo-aristarain-el-legado-de-un-cineasta-que-no-se-callo-nada\\\/\"},\"wordCount\":1267,\"publisher\":{\"@id\":\"https:\\\/\\\/vocesdelacomuna15.com.ar\\\/press\\\/#organization\"},\"image\":{\"@id\":\"https:\\\/\\\/vocesdelacomuna15.com.ar\\\/press\\\/adolfo-aristarain-el-legado-de-un-cineasta-que-no-se-callo-nada\\\/#primaryimage\"},\"thumbnailUrl\":\"https:\\\/\\\/vocesdelacomuna15.com.ar\\\/wp-content\\\/uploads\\\/2026\\\/04\\\/adolfo-aristarain.avif\",\"articleSection\":[\"Cine\",\"Cultura\"],\"inLanguage\":\"es-AR\"},{\"@type\":\"WebPage\",\"@id\":\"https:\\\/\\\/vocesdelacomuna15.com.ar\\\/press\\\/adolfo-aristarain-el-legado-de-un-cineasta-que-no-se-callo-nada\\\/\",\"url\":\"https:\\\/\\\/vocesdelacomuna15.com.ar\\\/press\\\/adolfo-aristarain-el-legado-de-un-cineasta-que-no-se-callo-nada\\\/\",\"name\":\"Adolfo Aristarain, el legado de un cineasta que no se call\u00f3 nada - Voces de la Comuna 15\",\"isPartOf\":{\"@id\":\"https:\\\/\\\/vocesdelacomuna15.com.ar\\\/press\\\/#website\"},\"primaryImageOfPage\":{\"@id\":\"https:\\\/\\\/vocesdelacomuna15.com.ar\\\/press\\\/adolfo-aristarain-el-legado-de-un-cineasta-que-no-se-callo-nada\\\/#primaryimage\"},\"image\":{\"@id\":\"https:\\\/\\\/vocesdelacomuna15.com.ar\\\/press\\\/adolfo-aristarain-el-legado-de-un-cineasta-que-no-se-callo-nada\\\/#primaryimage\"},\"thumbnailUrl\":\"https:\\\/\\\/vocesdelacomuna15.com.ar\\\/wp-content\\\/uploads\\\/2026\\\/04\\\/adolfo-aristarain.avif\",\"datePublished\":\"2026-04-30T16:42:44+00:00\",\"dateModified\":\"2026-04-30T16:42:45+00:00\",\"description\":\"Voces de la Comuna 15\",\"breadcrumb\":{\"@id\":\"https:\\\/\\\/vocesdelacomuna15.com.ar\\\/press\\\/adolfo-aristarain-el-legado-de-un-cineasta-que-no-se-callo-nada\\\/#breadcrumb\"},\"inLanguage\":\"es-AR\",\"potentialAction\":[{\"@type\":\"ReadAction\",\"target\":[\"https:\\\/\\\/vocesdelacomuna15.com.ar\\\/press\\\/adolfo-aristarain-el-legado-de-un-cineasta-que-no-se-callo-nada\\\/\"]}]},{\"@type\":\"ImageObject\",\"inLanguage\":\"es-AR\",\"@id\":\"https:\\\/\\\/vocesdelacomuna15.com.ar\\\/press\\\/adolfo-aristarain-el-legado-de-un-cineasta-que-no-se-callo-nada\\\/#primaryimage\",\"url\":\"https:\\\/\\\/vocesdelacomuna15.com.ar\\\/wp-content\\\/uploads\\\/2026\\\/04\\\/adolfo-aristarain.avif\",\"contentUrl\":\"https:\\\/\\\/vocesdelacomuna15.com.ar\\\/wp-content\\\/uploads\\\/2026\\\/04\\\/adolfo-aristarain.avif\",\"width\":655,\"height\":368},{\"@type\":\"BreadcrumbList\",\"@id\":\"https:\\\/\\\/vocesdelacomuna15.com.ar\\\/press\\\/adolfo-aristarain-el-legado-de-un-cineasta-que-no-se-callo-nada\\\/#breadcrumb\",\"itemListElement\":[{\"@type\":\"ListItem\",\"position\":1,\"name\":\"Inicio\",\"item\":\"https:\\\/\\\/vocesdelacomuna15.com.ar\\\/press\\\/\"},{\"@type\":\"ListItem\",\"position\":2,\"name\":\"Adolfo Aristarain, el legado de un cineasta que no se call\u00f3 nada\"}]},{\"@type\":\"WebSite\",\"@id\":\"https:\\\/\\\/vocesdelacomuna15.com.ar\\\/press\\\/#website\",\"url\":\"https:\\\/\\\/vocesdelacomuna15.com.ar\\\/press\\\/\",\"name\":\"Voces de la Comuna 15\",\"description\":\"Sitio web de noticias\",\"publisher\":{\"@id\":\"https:\\\/\\\/vocesdelacomuna15.com.ar\\\/press\\\/#organization\"},\"potentialAction\":[{\"@type\":\"SearchAction\",\"target\":{\"@type\":\"EntryPoint\",\"urlTemplate\":\"https:\\\/\\\/vocesdelacomuna15.com.ar\\\/press\\\/?s={search_term_string}\"},\"query-input\":{\"@type\":\"PropertyValueSpecification\",\"valueRequired\":true,\"valueName\":\"search_term_string\"}}],\"inLanguage\":\"es-AR\"},{\"@type\":\"Organization\",\"@id\":\"https:\\\/\\\/vocesdelacomuna15.com.ar\\\/press\\\/#organization\",\"name\":\"Voces de la Comuna 15\",\"url\":\"https:\\\/\\\/vocesdelacomuna15.com.ar\\\/press\\\/\",\"logo\":{\"@type\":\"ImageObject\",\"inLanguage\":\"es-AR\",\"@id\":\"https:\\\/\\\/vocesdelacomuna15.com.ar\\\/press\\\/#\\\/schema\\\/logo\\\/image\\\/\",\"url\":\"https:\\\/\\\/vocesdelacomuna15.com.ar\\\/wp-content\\\/uploads\\\/2024\\\/12\\\/cropped-logo_voces.jpg\",\"contentUrl\":\"https:\\\/\\\/vocesdelacomuna15.com.ar\\\/wp-content\\\/uploads\\\/2024\\\/12\\\/cropped-logo_voces.jpg\",\"width\":512,\"height\":512,\"caption\":\"Voces de la Comuna 15\"},\"image\":{\"@id\":\"https:\\\/\\\/vocesdelacomuna15.com.ar\\\/press\\\/#\\\/schema\\\/logo\\\/image\\\/\"},\"sameAs\":[\"https:\\\/\\\/www.facebook.com\\\/VocesComuna15\\\/\",\"https:\\\/\\\/x.com\\\/vocescomuna15\"]},{\"@type\":\"Person\",\"@id\":\"https:\\\/\\\/vocesdelacomuna15.com.ar\\\/press\\\/#\\\/schema\\\/person\\\/4739e109db25d799cd3d139eeb509e43\",\"name\":\"Federico Arguto\",\"image\":{\"@type\":\"ImageObject\",\"inLanguage\":\"es-AR\",\"@id\":\"https:\\\/\\\/vocesdelacomuna15.com.ar\\\/wp-content\\\/litespeed\\\/avatar\\\/82faf979976f1bae889b8b71f8a0a7e5.jpg?ver=1777419741\",\"url\":\"https:\\\/\\\/vocesdelacomuna15.com.ar\\\/wp-content\\\/litespeed\\\/avatar\\\/82faf979976f1bae889b8b71f8a0a7e5.jpg?ver=1777419741\",\"contentUrl\":\"https:\\\/\\\/vocesdelacomuna15.com.ar\\\/wp-content\\\/litespeed\\\/avatar\\\/82faf979976f1bae889b8b71f8a0a7e5.jpg?ver=1777419741\",\"caption\":\"Federico Arguto\"},\"url\":\"https:\\\/\\\/vocesdelacomuna15.com.ar\\\/press\\\/author\\\/fede\\\/\"}]}<\/script>\n<!-- \/ Yoast SEO plugin. -->","yoast_head_json":{"title":"Adolfo Aristarain, el legado de un cineasta que no se call\u00f3 nada - Voces de la Comuna 15","description":"Voces de la Comuna 15","robots":{"index":"index","follow":"follow","max-snippet":"max-snippet:-1","max-image-preview":"max-image-preview:large","max-video-preview":"max-video-preview:-1"},"canonical":"https:\/\/vocesdelacomuna15.com.ar\/press\/adolfo-aristarain-el-legado-de-un-cineasta-que-no-se-callo-nada\/","og_locale":"es_ES","og_type":"article","og_title":"Adolfo Aristarain, el legado de un cineasta que no se call\u00f3 nada - Voces de la Comuna 15","og_description":"Voces de la Comuna 15","og_url":"https:\/\/vocesdelacomuna15.com.ar\/press\/adolfo-aristarain-el-legado-de-un-cineasta-que-no-se-callo-nada\/","og_site_name":"Voces de la Comuna 15","article_publisher":"https:\/\/www.facebook.com\/VocesComuna15\/","article_published_time":"2026-04-30T16:42:44+00:00","article_modified_time":"2026-04-30T16:42:45+00:00","og_image":[{"width":655,"height":368,"url":"https:\/\/vocesdelacomuna15.com.ar\/wp-content\/uploads\/2026\/04\/adolfo-aristarain.avif","type":"image\/webp"}],"author":"Federico Arguto","twitter_card":"summary_large_image","twitter_creator":"@vocescomuna15","twitter_site":"@vocescomuna15","twitter_misc":{"Escrito por":"Federico Arguto","Tiempo de lectura":"6 minutos"},"schema":{"@context":"https:\/\/schema.org","@graph":[{"@type":"Article","@id":"https:\/\/vocesdelacomuna15.com.ar\/press\/adolfo-aristarain-el-legado-de-un-cineasta-que-no-se-callo-nada\/#article","isPartOf":{"@id":"https:\/\/vocesdelacomuna15.com.ar\/press\/adolfo-aristarain-el-legado-de-un-cineasta-que-no-se-callo-nada\/"},"author":{"name":"Federico Arguto","@id":"https:\/\/vocesdelacomuna15.com.ar\/press\/#\/schema\/person\/4739e109db25d799cd3d139eeb509e43"},"headline":"Adolfo Aristarain, el legado de un cineasta que no se call\u00f3 nada","datePublished":"2026-04-30T16:42:44+00:00","dateModified":"2026-04-30T16:42:45+00:00","mainEntityOfPage":{"@id":"https:\/\/vocesdelacomuna15.com.ar\/press\/adolfo-aristarain-el-legado-de-un-cineasta-que-no-se-callo-nada\/"},"wordCount":1267,"publisher":{"@id":"https:\/\/vocesdelacomuna15.com.ar\/press\/#organization"},"image":{"@id":"https:\/\/vocesdelacomuna15.com.ar\/press\/adolfo-aristarain-el-legado-de-un-cineasta-que-no-se-callo-nada\/#primaryimage"},"thumbnailUrl":"https:\/\/vocesdelacomuna15.com.ar\/wp-content\/uploads\/2026\/04\/adolfo-aristarain.avif","articleSection":["Cine","Cultura"],"inLanguage":"es-AR"},{"@type":"WebPage","@id":"https:\/\/vocesdelacomuna15.com.ar\/press\/adolfo-aristarain-el-legado-de-un-cineasta-que-no-se-callo-nada\/","url":"https:\/\/vocesdelacomuna15.com.ar\/press\/adolfo-aristarain-el-legado-de-un-cineasta-que-no-se-callo-nada\/","name":"Adolfo Aristarain, el legado de un cineasta que no se call\u00f3 nada - Voces de la Comuna 15","isPartOf":{"@id":"https:\/\/vocesdelacomuna15.com.ar\/press\/#website"},"primaryImageOfPage":{"@id":"https:\/\/vocesdelacomuna15.com.ar\/press\/adolfo-aristarain-el-legado-de-un-cineasta-que-no-se-callo-nada\/#primaryimage"},"image":{"@id":"https:\/\/vocesdelacomuna15.com.ar\/press\/adolfo-aristarain-el-legado-de-un-cineasta-que-no-se-callo-nada\/#primaryimage"},"thumbnailUrl":"https:\/\/vocesdelacomuna15.com.ar\/wp-content\/uploads\/2026\/04\/adolfo-aristarain.avif","datePublished":"2026-04-30T16:42:44+00:00","dateModified":"2026-04-30T16:42:45+00:00","description":"Voces de la Comuna 15","breadcrumb":{"@id":"https:\/\/vocesdelacomuna15.com.ar\/press\/adolfo-aristarain-el-legado-de-un-cineasta-que-no-se-callo-nada\/#breadcrumb"},"inLanguage":"es-AR","potentialAction":[{"@type":"ReadAction","target":["https:\/\/vocesdelacomuna15.com.ar\/press\/adolfo-aristarain-el-legado-de-un-cineasta-que-no-se-callo-nada\/"]}]},{"@type":"ImageObject","inLanguage":"es-AR","@id":"https:\/\/vocesdelacomuna15.com.ar\/press\/adolfo-aristarain-el-legado-de-un-cineasta-que-no-se-callo-nada\/#primaryimage","url":"https:\/\/vocesdelacomuna15.com.ar\/wp-content\/uploads\/2026\/04\/adolfo-aristarain.avif","contentUrl":"https:\/\/vocesdelacomuna15.com.ar\/wp-content\/uploads\/2026\/04\/adolfo-aristarain.avif","width":655,"height":368},{"@type":"BreadcrumbList","@id":"https:\/\/vocesdelacomuna15.com.ar\/press\/adolfo-aristarain-el-legado-de-un-cineasta-que-no-se-callo-nada\/#breadcrumb","itemListElement":[{"@type":"ListItem","position":1,"name":"Inicio","item":"https:\/\/vocesdelacomuna15.com.ar\/press\/"},{"@type":"ListItem","position":2,"name":"Adolfo Aristarain, el legado de un cineasta que no se call\u00f3 nada"}]},{"@type":"WebSite","@id":"https:\/\/vocesdelacomuna15.com.ar\/press\/#website","url":"https:\/\/vocesdelacomuna15.com.ar\/press\/","name":"Voces de la Comuna 15","description":"Sitio web de noticias","publisher":{"@id":"https:\/\/vocesdelacomuna15.com.ar\/press\/#organization"},"potentialAction":[{"@type":"SearchAction","target":{"@type":"EntryPoint","urlTemplate":"https:\/\/vocesdelacomuna15.com.ar\/press\/?s={search_term_string}"},"query-input":{"@type":"PropertyValueSpecification","valueRequired":true,"valueName":"search_term_string"}}],"inLanguage":"es-AR"},{"@type":"Organization","@id":"https:\/\/vocesdelacomuna15.com.ar\/press\/#organization","name":"Voces de la Comuna 15","url":"https:\/\/vocesdelacomuna15.com.ar\/press\/","logo":{"@type":"ImageObject","inLanguage":"es-AR","@id":"https:\/\/vocesdelacomuna15.com.ar\/press\/#\/schema\/logo\/image\/","url":"https:\/\/vocesdelacomuna15.com.ar\/wp-content\/uploads\/2024\/12\/cropped-logo_voces.jpg","contentUrl":"https:\/\/vocesdelacomuna15.com.ar\/wp-content\/uploads\/2024\/12\/cropped-logo_voces.jpg","width":512,"height":512,"caption":"Voces de la Comuna 15"},"image":{"@id":"https:\/\/vocesdelacomuna15.com.ar\/press\/#\/schema\/logo\/image\/"},"sameAs":["https:\/\/www.facebook.com\/VocesComuna15\/","https:\/\/x.com\/vocescomuna15"]},{"@type":"Person","@id":"https:\/\/vocesdelacomuna15.com.ar\/press\/#\/schema\/person\/4739e109db25d799cd3d139eeb509e43","name":"Federico Arguto","image":{"@type":"ImageObject","inLanguage":"es-AR","@id":"https:\/\/vocesdelacomuna15.com.ar\/wp-content\/litespeed\/avatar\/82faf979976f1bae889b8b71f8a0a7e5.jpg?ver=1777419741","url":"https:\/\/vocesdelacomuna15.com.ar\/wp-content\/litespeed\/avatar\/82faf979976f1bae889b8b71f8a0a7e5.jpg?ver=1777419741","contentUrl":"https:\/\/vocesdelacomuna15.com.ar\/wp-content\/litespeed\/avatar\/82faf979976f1bae889b8b71f8a0a7e5.jpg?ver=1777419741","caption":"Federico Arguto"},"url":"https:\/\/vocesdelacomuna15.com.ar\/press\/author\/fede\/"}]}},"_links":{"self":[{"href":"https:\/\/vocesdelacomuna15.com.ar\/press\/wp-json\/wp\/v2\/posts\/71092","targetHints":{"allow":["GET"]}}],"collection":[{"href":"https:\/\/vocesdelacomuna15.com.ar\/press\/wp-json\/wp\/v2\/posts"}],"about":[{"href":"https:\/\/vocesdelacomuna15.com.ar\/press\/wp-json\/wp\/v2\/types\/post"}],"author":[{"embeddable":true,"href":"https:\/\/vocesdelacomuna15.com.ar\/press\/wp-json\/wp\/v2\/users\/2"}],"replies":[{"embeddable":true,"href":"https:\/\/vocesdelacomuna15.com.ar\/press\/wp-json\/wp\/v2\/comments?post=71092"}],"version-history":[{"count":1,"href":"https:\/\/vocesdelacomuna15.com.ar\/press\/wp-json\/wp\/v2\/posts\/71092\/revisions"}],"predecessor-version":[{"id":71095,"href":"https:\/\/vocesdelacomuna15.com.ar\/press\/wp-json\/wp\/v2\/posts\/71092\/revisions\/71095"}],"wp:featuredmedia":[{"embeddable":true,"href":"https:\/\/vocesdelacomuna15.com.ar\/press\/wp-json\/wp\/v2\/media\/71093"}],"wp:attachment":[{"href":"https:\/\/vocesdelacomuna15.com.ar\/press\/wp-json\/wp\/v2\/media?parent=71092"}],"wp:term":[{"taxonomy":"category","embeddable":true,"href":"https:\/\/vocesdelacomuna15.com.ar\/press\/wp-json\/wp\/v2\/categories?post=71092"},{"taxonomy":"post_tag","embeddable":true,"href":"https:\/\/vocesdelacomuna15.com.ar\/press\/wp-json\/wp\/v2\/tags?post=71092"}],"curies":[{"name":"wp","href":"https:\/\/api.w.org\/{rel}","templated":true}]}}