{"id":71072,"date":"2026-04-29T17:42:36","date_gmt":"2026-04-29T20:42:36","guid":{"rendered":"https:\/\/vocesdelacomuna15.com.ar\/press\/?p=71072"},"modified":"2026-04-29T18:57:42","modified_gmt":"2026-04-29T21:57:42","slug":"el-escritor-luis-duarte-llega-a-la-feria-internacional-del-libro-2026-con-rombos","status":"publish","type":"post","link":"https:\/\/vocesdelacomuna15.com.ar\/press\/el-escritor-luis-duarte-llega-a-la-feria-internacional-del-libro-2026-con-rombos\/","title":{"rendered":"El escritor Luis Duarte llega a la Feria Internacional del Libro 2026 con &#8220;Rombos&#8221;"},"content":{"rendered":"\n<p>El escritor argentino Luis Duarte, nacido en Lan\u00fas y residente en Monte Castro (CABA), estar\u00e1 presente en la Feria del Libro para firmar ejemplares de su obra\u00a0<em>Rombos<\/em>. La cita es el s\u00e1bado 2 de mayo a las 16 hs\u00a0en Espacio Federal, stand 3216 \u2013 Pabell\u00f3n Ocre,\u00a0en el predio de La Rural (Av. Santa Fe 4201, Ciudad de Buenos Aires).<\/p>\n\n\n\n<p><strong>Luis Duarte forma parte del&nbsp;<\/strong><a href=\"https:\/\/www.blogger.com\/u\/1\/blog\/post\/edit\/803676363933750251\/4468760464064579563#\" target=\"_blank\" rel=\"noreferrer noopener\"><strong>Registro Nacional de Escritores<\/strong><\/a>, un reconocimiento que destaca su trayectoria y su aporte a la literatura argentina.<\/p>\n\n\n\n<figure class=\"wp-block-image size-large\"><img loading=\"lazy\" decoding=\"async\" width=\"819\" height=\"1024\" src=\"https:\/\/vocesdelacomuna15.com.ar\/wp-content\/uploads\/2026\/04\/WhatsApp-Image-2026-04-16-at-2.19.50-PM-819x1024.avif\" alt=\"\" class=\"wp-image-71074\" srcset=\"https:\/\/vocesdelacomuna15.com.ar\/wp-content\/uploads\/2026\/04\/WhatsApp-Image-2026-04-16-at-2.19.50-PM-819x1024.avif 819w, https:\/\/vocesdelacomuna15.com.ar\/wp-content\/uploads\/2026\/04\/WhatsApp-Image-2026-04-16-at-2.19.50-PM-240x300.avif 240w, https:\/\/vocesdelacomuna15.com.ar\/wp-content\/uploads\/2026\/04\/WhatsApp-Image-2026-04-16-at-2.19.50-PM-768x960.avif 768w, https:\/\/vocesdelacomuna15.com.ar\/wp-content\/uploads\/2026\/04\/WhatsApp-Image-2026-04-16-at-2.19.50-PM.avif 1080w\" sizes=\"(max-width: 819px) 100vw, 819px\" \/><\/figure>\n\n\n\n<p>Periodista de formaci\u00f3n y conductor radial en sus inicios, desarroll\u00f3 una trayectoria marcada por la exploraci\u00f3n de lo cotidiano a trav\u00e9s de la narrativa, con un estilo que combina humor, sensibilidad y mirada cr\u00edtica. Su v\u00ednculo con la comunicaci\u00f3n comenz\u00f3 en la radio, donde fue conductor del programa&nbsp;<em>Mano y contramano<\/em>&nbsp;en FM La Tribu 88.7. En 2021 ampli\u00f3 su formaci\u00f3n en escritura y narrativa audiovisual al cursar&nbsp;<em>Introducci\u00f3n al gui\u00f3n<\/em>&nbsp;en la Escuela de Periodismo ETER.<\/p>\n\n\n\n<p>Adem\u00e1s de su labor literaria, Duarte trabaja en la Facultad de Agronom\u00eda de la Universidad de Buenos Aires. Paralelamente conduce el programa&nbsp;<a href=\"https:\/\/www.blogger.com\/u\/1\/blog\/post\/edit\/803676363933750251\/4468760464064579563#\" target=\"_blank\" rel=\"noreferrer noopener\"><em>El Quijote Stream<\/em>&nbsp;<\/a>en&nbsp;<a href=\"https:\/\/www.blogger.com\/u\/1\/blog\/post\/edit\/803676363933750251\/4468760464064579563#\" target=\"_blank\" rel=\"noreferrer noopener\">Radio El Parque<\/a>, espacio en el que mantiene viva su pasi\u00f3n por la palabra y la narraci\u00f3n en distintos formatos. Su recorrido combina periodismo, radio y literatura, lo que lo consolida como una voz singular dentro de la cultura contempor\u00e1nea argentina.<\/p>\n\n\n\n<p>Particip\u00f3 en entrevistas internacionales en Canad\u00e1, M\u00e9xico, Colombia, Uruguay y Espa\u00f1a, y en entrevistas nacionales por streaming en Mar del Plata, CABA y Quilmes, lo que fortaleci\u00f3 su presencia en distintos medios. Realiz\u00f3 presentaciones de libros en instituciones de gran relevancia: dos en la Biblioteca Nacional, tres en la Facultad de Agronom\u00eda y una en el Museo del Libro de la Biblioteca Nacional. Tambi\u00e9n form\u00f3 parte de eventos literarios con lecturas de cuentos en la calle Borges, dentro de una propuesta cultural organizada por Libros de Papel \u2013 Stella Roque, acercando su obra al p\u00fablico en espacios abiertos.<\/p>\n\n\n\n<p>Desde hace tres a\u00f1os participa en la Feria Internacional del Libro de Buenos Aires, en el Espacio Federal de la Fundaci\u00f3n El Libro, ubicado en el Pabell\u00f3n Ocre. All\u00ed firma ejemplares y present\u00f3 su libro&nbsp;<em>Rombos<\/em>, en una participaci\u00f3n gestionada por&nbsp;<a href=\"https:\/\/www.blogger.com\/u\/1\/blog\/post\/edit\/803676363933750251\/4468760464064579563#\" target=\"_blank\" rel=\"noreferrer noopener\">Libros de Papel \u2013 Stella Roque.<\/a><\/p>\n\n\n\n<p>Sus textos y notas aparecieron en revistas digitales internacionales de Espa\u00f1a e Italia, lo que ampli\u00f3 el alcance de su obra m\u00e1s all\u00e1 de las fronteras argentinas. Con humor, sensibilidad y mirada cr\u00edtica, Duarte transforma lo cotidiano en literatura y ocupa un lugar destacado en la narrativa contempor\u00e1nea argentina, con una trayectoria que combina producci\u00f3n literaria, difusi\u00f3n cultural y participaci\u00f3n activa en espacios acad\u00e9micos y art\u00edsticos.<\/p>\n\n\n\n<p><strong>Trayectoria y reconocimientos:<\/strong><\/p>\n\n\n\n<ul class=\"wp-block-list\">\n<li><strong>2013:<\/strong>&nbsp;Su cuento&nbsp;<em>El abordaje<\/em>&nbsp;fue seleccionado entre mil participantes para integrar la antolog\u00eda 150 Microrrelatos. Homenaje a Julio Cort\u00e1zar, editada en Espa\u00f1a.<br><\/li>\n\n\n\n<li><strong>2014:&nbsp;<\/strong>Obtuvo el primer premio en el concurso&nbsp;<em>Recordando a Monte Castro&nbsp;<\/em>con el cuento&nbsp;<em>La sortija de Roberto<\/em>.<br><\/li>\n\n\n\n<li><strong>2016:<\/strong>&nbsp;Present\u00f3 en la Universidad Complutense de Madrid la reedici\u00f3n de&nbsp;<em>F\u00f3sforos Gemelos<\/em>&nbsp;con la editorial MundiBook. Ese mismo a\u00f1o,&nbsp;<em>Latigazos del Azar&nbsp;<\/em>fue elegido entre los mejores libros de cuentos por la p\u00e1gina<em>&nbsp;Selecci\u00f3n Literaria<\/em>.<br><\/li>\n\n\n\n<li><strong>2018:<\/strong>&nbsp;Su texto in\u00e9dito&nbsp;<em>El Advenimiento<\/em>&nbsp;fue seleccionado en un concurso internacional organizado por Zetta Group (Venezuela).<br><\/li>\n\n\n\n<li><strong>2021:&nbsp;<\/strong>Realiz\u00f3 dos audiocuentos con la productora Narrativa Radial:&nbsp;<em>Escondite<\/em>, del libro&nbsp;<em>Los guantes de Zaratustra<\/em>, y&nbsp;<em>Jueguito<\/em>, en homenaje al a\u00f1o Maradoniano.<br><\/li>\n\n\n\n<li><strong>2024:<\/strong>&nbsp;Gan\u00f3 concursos de microrelatos con las editoriales Lengua Suelta Ediciones y Komala.<br><\/li>\n\n\n\n<li><strong>2024<\/strong>: Participaci\u00f3n institucional en la lectura del cuento&nbsp;<em>Lupa de cemento<\/em>&nbsp;(del libro&nbsp;<em>Rombos<\/em>) en el&nbsp;C\u00edrculo Italiano de Buenos Aires, invitaci\u00f3n que refleja el reconocimiento de una instituci\u00f3n cultural de relevancia a su obra.<\/li>\n<\/ul>\n\n\n\n<p>Actualmente trabaja en la Facultad de Agronom\u00eda de la Universidad de Buenos Aires y conduce el programa&nbsp;<a href=\"https:\/\/www.blogger.com\/u\/1\/blog\/post\/edit\/803676363933750251\/4468760464064579563#\" target=\"_blank\" rel=\"noreferrer noopener\"><strong>El Quijote Stream<\/strong><\/a><a href=\"https:\/\/www.blogger.com\/u\/1\/blog\/post\/edit\/803676363933750251\/4468760464064579563#\" target=\"_blank\" rel=\"noreferrer noopener\"><\/a>en&nbsp;<a href=\"https:\/\/www.blogger.com\/u\/1\/blog\/post\/edit\/803676363933750251\/4468760464064579563#\" target=\"_blank\" rel=\"noreferrer noopener\"><strong>Radio El Parque<\/strong><\/a>.<\/p>\n\n\n\n<p><strong>Publicaciones destacadas:<\/strong><\/p>\n\n\n\n<ul class=\"wp-block-list\">\n<li><em>La herradura de Freud&nbsp;<\/em>(2013, Ed. Mono Armado).<br><\/li>\n\n\n\n<li><em>F\u00f3sforos gemelos<\/em>&nbsp;(2014, Ed. Nuevo Hacer).<br><\/li>\n\n\n\n<li><em>Latigazos del azar<\/em>, (2016. Ed. Hincoe).<br><\/li>\n\n\n\n<li><em>Los guantes de Zaratustra<\/em>, (2018. Ed. Hincoe).&nbsp;<br><\/li>\n\n\n\n<li><em>Rombos&nbsp;<\/em>(2023, Ed. Alci\u00f3n).<br><\/li>\n\n\n\n<li><em>Lagartijas&nbsp;<\/em>(2024, Ed. Remitente Patagonia).<\/li>\n<\/ul>\n\n\n\n<p><strong><br>\u00bfC\u00f3mo contactar al autor?<\/strong><\/p>\n\n\n\n<p><img decoding=\"async\" alt=\"\ud83c\udfa7\" src=\"https:\/\/fonts.gstatic.com\/s\/e\/notoemoji\/17.0\/1f3a7\/32.png\">Spotify: Luis Duarte.&nbsp;<\/p>\n\n\n\n<p><img decoding=\"async\" alt=\"\u25b6\ufe0f\" src=\"https:\/\/fonts.gstatic.com\/s\/e\/notoemoji\/17.0\/25b6_fe0f\/32.png\">Youtube: Luis Duarte escritor.<\/p>\n\n\n\n<p><img decoding=\"async\" alt=\"\ud83d\udcd8\" src=\"https:\/\/fonts.gstatic.com\/s\/e\/notoemoji\/17.0\/1f4d8\/32.png\">Fb: Luis Duarte. Fan page de Fb: Luis Duarte escritor.&nbsp;<\/p>\n\n\n\n<p><img decoding=\"async\" alt=\"\u2709\ufe0f\" src=\"https:\/\/fonts.gstatic.com\/s\/e\/notoemoji\/17.0\/2709_fe0f\/32.png\">Correo:&nbsp;<a href=\"mailto:luisenriqueduarte@hotmail.com\" target=\"_blank\" rel=\"noreferrer noopener\">luisenriqueduarte@hotmail.com<\/a><\/p>\n\n\n\n<figure class=\"wp-block-image size-full\"><img loading=\"lazy\" decoding=\"async\" width=\"384\" height=\"512\" src=\"https:\/\/vocesdelacomuna15.com.ar\/wp-content\/uploads\/2026\/04\/WhatsApp-Image-2026-04-13-at-11.48.07-AM.avif\" alt=\"\" class=\"wp-image-71075\" srcset=\"https:\/\/vocesdelacomuna15.com.ar\/wp-content\/uploads\/2026\/04\/WhatsApp-Image-2026-04-13-at-11.48.07-AM.avif 384w, https:\/\/vocesdelacomuna15.com.ar\/wp-content\/uploads\/2026\/04\/WhatsApp-Image-2026-04-13-at-11.48.07-AM-225x300.avif 225w\" sizes=\"(max-width: 384px) 100vw, 384px\" \/><\/figure>\n\n\n\n<p><strong><br>\u00bfC\u00f3mo conseguir sus libros?<\/strong><\/p>\n\n\n\n<p><img decoding=\"async\" alt=\"\ud83d\udcf8\" src=\"https:\/\/fonts.gstatic.com\/s\/e\/notoemoji\/17.0\/1f4f8\/32.png\">Instagram: @librerialibrosdepapel<\/p>\n\n\n\n<p><img decoding=\"async\" alt=\"\u2709\ufe0f\" src=\"https:\/\/fonts.gstatic.com\/s\/e\/notoemoji\/17.0\/2709_fe0f\/32.png\">Correo:&nbsp;<a href=\"mailto:librosdepapel2019@gmail.com\" target=\"_blank\" rel=\"noreferrer noopener\">librosdepapel2019@gmail.com<\/a><\/p>\n\n\n\n<p><img decoding=\"async\" alt=\"\ud83d\udcc5\" src=\"https:\/\/fonts.gstatic.com\/s\/e\/notoemoji\/17.0\/1f4c5\/32.png\">&nbsp;<strong>Firma de ejemplares:&nbsp;<\/strong>s\u00e1bado 2 de mayo, 16 hs:<\/p>\n\n\n\n<p><img decoding=\"async\" alt=\"\ud83d\udccd\" src=\"https:\/\/fonts.gstatic.com\/s\/e\/notoemoji\/17.0\/1f4cd\/32.png\">&nbsp;<strong>Espacio Federal \u2013 Stand 3216, Pabell\u00f3n Ocre, Feria del Libro<\/strong><\/p>\n\n\n\n<p>\u00a9 Nota realizada por la periodista Stella Roque.<br><img decoding=\"async\" alt=\"\ud83d\udcf1\" src=\"https:\/\/fonts.gstatic.com\/s\/e\/notoemoji\/17.0\/1f4f1\/32.png\">&nbsp;WhatsApp: +54 9 1153751313 Todo el contenido se encuentra protegido por derechos de autor.<\/p>\n\n\n\n<p><\/p>\n\n\n\n<p>Caracteres: 4.841<\/p>\n<div class=\"pvc_clear\"><\/div><p id=\"pvc_stats_71072\" class=\"pvc_stats all  \" data-element-id=\"71072\" style=\"\"><i class=\"pvc-stats-icon small\" aria-hidden=\"true\"><svg aria-hidden=\"true\" focusable=\"false\" data-prefix=\"far\" data-icon=\"chart-bar\" role=\"img\" xmlns=\"http:\/\/www.w3.org\/2000\/svg\" viewBox=\"0 0 512 512\" class=\"svg-inline--fa fa-chart-bar fa-w-16 fa-2x\"><path fill=\"currentColor\" d=\"M396.8 352h22.4c6.4 0 12.8-6.4 12.8-12.8V108.8c0-6.4-6.4-12.8-12.8-12.8h-22.4c-6.4 0-12.8 6.4-12.8 12.8v230.4c0 6.4 6.4 12.8 12.8 12.8zm-192 0h22.4c6.4 0 12.8-6.4 12.8-12.8V140.8c0-6.4-6.4-12.8-12.8-12.8h-22.4c-6.4 0-12.8 6.4-12.8 12.8v198.4c0 6.4 6.4 12.8 12.8 12.8zm96 0h22.4c6.4 0 12.8-6.4 12.8-12.8V204.8c0-6.4-6.4-12.8-12.8-12.8h-22.4c-6.4 0-12.8 6.4-12.8 12.8v134.4c0 6.4 6.4 12.8 12.8 12.8zM496 400H48V80c0-8.84-7.16-16-16-16H16C7.16 64 0 71.16 0 80v336c0 17.67 14.33 32 32 32h464c8.84 0 16-7.16 16-16v-16c0-8.84-7.16-16-16-16zm-387.2-48h22.4c6.4 0 12.8-6.4 12.8-12.8v-70.4c0-6.4-6.4-12.8-12.8-12.8h-22.4c-6.4 0-12.8 6.4-12.8 12.8v70.4c0 6.4 6.4 12.8 12.8 12.8z\" class=\"\"><\/path><\/svg><\/i> <img loading=\"lazy\" decoding=\"async\" width=\"16\" height=\"16\" alt=\"Loading\" src=\"https:\/\/vocesdelacomuna15.com.ar\/wp-content\/plugins\/page-views-count\/ajax-loader-2x.gif\" border=0 \/><\/p><div class=\"pvc_clear\"><\/div>","protected":false},"excerpt":{"rendered":"<p>El escritor argentino Luis Duarte, nacido en Lan\u00fas y residente en Monte Castro (CABA), estar\u00e1 presente en la Feria del Libro para firmar ejemplares de su obra\u00a0Rombos. La cita es el s\u00e1bado 2 de mayo a las 16 hs\u00a0en Espacio Federal, stand 3216 \u2013 Pabell\u00f3n Ocre,\u00a0en el predio de La Rural (Av. Santa Fe 4201, [&hellip;]<\/p>\n<div class=\"pvc_clear\"><\/div>\n<p id=\"pvc_stats_71072\" class=\"pvc_stats all  \" data-element-id=\"71072\" style=\"\"><i class=\"pvc-stats-icon small\" aria-hidden=\"true\"><svg aria-hidden=\"true\" focusable=\"false\" data-prefix=\"far\" data-icon=\"chart-bar\" role=\"img\" xmlns=\"http:\/\/www.w3.org\/2000\/svg\" viewBox=\"0 0 512 512\" class=\"svg-inline--fa fa-chart-bar fa-w-16 fa-2x\"><path fill=\"currentColor\" d=\"M396.8 352h22.4c6.4 0 12.8-6.4 12.8-12.8V108.8c0-6.4-6.4-12.8-12.8-12.8h-22.4c-6.4 0-12.8 6.4-12.8 12.8v230.4c0 6.4 6.4 12.8 12.8 12.8zm-192 0h22.4c6.4 0 12.8-6.4 12.8-12.8V140.8c0-6.4-6.4-12.8-12.8-12.8h-22.4c-6.4 0-12.8 6.4-12.8 12.8v198.4c0 6.4 6.4 12.8 12.8 12.8zm96 0h22.4c6.4 0 12.8-6.4 12.8-12.8V204.8c0-6.4-6.4-12.8-12.8-12.8h-22.4c-6.4 0-12.8 6.4-12.8 12.8v134.4c0 6.4 6.4 12.8 12.8 12.8zM496 400H48V80c0-8.84-7.16-16-16-16H16C7.16 64 0 71.16 0 80v336c0 17.67 14.33 32 32 32h464c8.84 0 16-7.16 16-16v-16c0-8.84-7.16-16-16-16zm-387.2-48h22.4c6.4 0 12.8-6.4 12.8-12.8v-70.4c0-6.4-6.4-12.8-12.8-12.8h-22.4c-6.4 0-12.8 6.4-12.8 12.8v70.4c0 6.4 6.4 12.8 12.8 12.8z\" class=\"\"><\/path><\/svg><\/i> <img loading=\"lazy\" decoding=\"async\" width=\"16\" height=\"16\" alt=\"Loading\" src=\"https:\/\/vocesdelacomuna15.com.ar\/wp-content\/plugins\/page-views-count\/ajax-loader-2x.gif\" border=0 \/><\/p>\n<div class=\"pvc_clear\"><\/div>\n","protected":false},"author":2,"featured_media":71073,"comment_status":"closed","ping_status":"closed","sticky":false,"template":"","format":"standard","meta":{"_et_pb_use_builder":"off","_et_pb_old_content":"","_et_gb_content_width":"","footnotes":""},"categories":[24],"tags":[],"class_list":["post-71072","post","type-post","status-publish","format-standard","has-post-thumbnail","hentry","category-cultura","et-has-post-format-content","et_post_format-et-post-format-standard"],"a3_pvc":{"activated":true,"total_views":3,"today_views":3},"yoast_head":"<!-- This site is optimized with the Yoast SEO plugin v27.5 - https:\/\/yoast.com\/product\/yoast-seo-wordpress\/ -->\n<title>El escritor Luis Duarte llega a la Feria Internacional del Libro 2026 con &quot;Rombos&quot; - Voces de la Comuna 15<\/title>\n<meta name=\"description\" content=\"Voces de la Comuna 15\" \/>\n<meta name=\"robots\" content=\"index, follow, max-snippet:-1, max-image-preview:large, max-video-preview:-1\" \/>\n<link rel=\"canonical\" href=\"https:\/\/vocesdelacomuna15.com.ar\/press\/el-escritor-luis-duarte-llega-a-la-feria-internacional-del-libro-2026-con-rombos\/\" \/>\n<meta property=\"og:locale\" content=\"es_ES\" \/>\n<meta property=\"og:type\" content=\"article\" \/>\n<meta property=\"og:title\" content=\"El escritor Luis Duarte llega a la Feria Internacional del Libro 2026 con &quot;Rombos&quot; - Voces de la Comuna 15\" \/>\n<meta property=\"og:description\" content=\"Voces de la Comuna 15\" \/>\n<meta property=\"og:url\" content=\"https:\/\/vocesdelacomuna15.com.ar\/press\/el-escritor-luis-duarte-llega-a-la-feria-internacional-del-libro-2026-con-rombos\/\" \/>\n<meta property=\"og:site_name\" content=\"Voces de la Comuna 15\" \/>\n<meta property=\"article:publisher\" content=\"https:\/\/www.facebook.com\/VocesComuna15\/\" \/>\n<meta property=\"article:published_time\" content=\"2026-04-29T20:42:36+00:00\" \/>\n<meta property=\"article:modified_time\" content=\"2026-04-29T21:57:42+00:00\" \/>\n<meta property=\"og:image\" content=\"https:\/\/vocesdelacomuna15.com.ar\/wp-content\/uploads\/2026\/04\/1776786811042.avif\" \/>\n\t<meta property=\"og:image:width\" content=\"733\" \/>\n\t<meta property=\"og:image:height\" content=\"766\" \/>\n\t<meta property=\"og:image:type\" content=\"image\/jpeg\" \/>\n<meta name=\"author\" content=\"Federico Arguto\" \/>\n<meta name=\"twitter:card\" content=\"summary_large_image\" \/>\n<meta name=\"twitter:creator\" content=\"@vocescomuna15\" \/>\n<meta name=\"twitter:site\" content=\"@vocescomuna15\" \/>\n<meta name=\"twitter:label1\" content=\"Escrito por\" \/>\n\t<meta name=\"twitter:data1\" content=\"Federico Arguto\" \/>\n\t<meta name=\"twitter:label2\" content=\"Tiempo de lectura\" \/>\n\t<meta name=\"twitter:data2\" content=\"6 minutos\" \/>\n<script type=\"application\/ld+json\" class=\"yoast-schema-graph\">{\"@context\":\"https:\\\/\\\/schema.org\",\"@graph\":[{\"@type\":\"Article\",\"@id\":\"https:\\\/\\\/vocesdelacomuna15.com.ar\\\/press\\\/el-escritor-luis-duarte-llega-a-la-feria-internacional-del-libro-2026-con-rombos\\\/#article\",\"isPartOf\":{\"@id\":\"https:\\\/\\\/vocesdelacomuna15.com.ar\\\/press\\\/el-escritor-luis-duarte-llega-a-la-feria-internacional-del-libro-2026-con-rombos\\\/\"},\"author\":{\"name\":\"Federico Arguto\",\"@id\":\"https:\\\/\\\/vocesdelacomuna15.com.ar\\\/press\\\/#\\\/schema\\\/person\\\/4739e109db25d799cd3d139eeb509e43\"},\"headline\":\"El escritor Luis Duarte llega a la Feria Internacional del Libro 2026 con &#8220;Rombos&#8221;\",\"datePublished\":\"2026-04-29T20:42:36+00:00\",\"dateModified\":\"2026-04-29T21:57:42+00:00\",\"mainEntityOfPage\":{\"@id\":\"https:\\\/\\\/vocesdelacomuna15.com.ar\\\/press\\\/el-escritor-luis-duarte-llega-a-la-feria-internacional-del-libro-2026-con-rombos\\\/\"},\"wordCount\":835,\"publisher\":{\"@id\":\"https:\\\/\\\/vocesdelacomuna15.com.ar\\\/press\\\/#organization\"},\"image\":{\"@id\":\"https:\\\/\\\/vocesdelacomuna15.com.ar\\\/press\\\/el-escritor-luis-duarte-llega-a-la-feria-internacional-del-libro-2026-con-rombos\\\/#primaryimage\"},\"thumbnailUrl\":\"https:\\\/\\\/vocesdelacomuna15.com.ar\\\/wp-content\\\/uploads\\\/2026\\\/04\\\/1776786811042.avif\",\"articleSection\":[\"Cultura\"],\"inLanguage\":\"es-AR\"},{\"@type\":\"WebPage\",\"@id\":\"https:\\\/\\\/vocesdelacomuna15.com.ar\\\/press\\\/el-escritor-luis-duarte-llega-a-la-feria-internacional-del-libro-2026-con-rombos\\\/\",\"url\":\"https:\\\/\\\/vocesdelacomuna15.com.ar\\\/press\\\/el-escritor-luis-duarte-llega-a-la-feria-internacional-del-libro-2026-con-rombos\\\/\",\"name\":\"El escritor Luis Duarte llega a la Feria Internacional del Libro 2026 con \\\"Rombos\\\" - Voces de la Comuna 15\",\"isPartOf\":{\"@id\":\"https:\\\/\\\/vocesdelacomuna15.com.ar\\\/press\\\/#website\"},\"primaryImageOfPage\":{\"@id\":\"https:\\\/\\\/vocesdelacomuna15.com.ar\\\/press\\\/el-escritor-luis-duarte-llega-a-la-feria-internacional-del-libro-2026-con-rombos\\\/#primaryimage\"},\"image\":{\"@id\":\"https:\\\/\\\/vocesdelacomuna15.com.ar\\\/press\\\/el-escritor-luis-duarte-llega-a-la-feria-internacional-del-libro-2026-con-rombos\\\/#primaryimage\"},\"thumbnailUrl\":\"https:\\\/\\\/vocesdelacomuna15.com.ar\\\/wp-content\\\/uploads\\\/2026\\\/04\\\/1776786811042.avif\",\"datePublished\":\"2026-04-29T20:42:36+00:00\",\"dateModified\":\"2026-04-29T21:57:42+00:00\",\"description\":\"Voces de la Comuna 15\",\"breadcrumb\":{\"@id\":\"https:\\\/\\\/vocesdelacomuna15.com.ar\\\/press\\\/el-escritor-luis-duarte-llega-a-la-feria-internacional-del-libro-2026-con-rombos\\\/#breadcrumb\"},\"inLanguage\":\"es-AR\",\"potentialAction\":[{\"@type\":\"ReadAction\",\"target\":[\"https:\\\/\\\/vocesdelacomuna15.com.ar\\\/press\\\/el-escritor-luis-duarte-llega-a-la-feria-internacional-del-libro-2026-con-rombos\\\/\"]}]},{\"@type\":\"ImageObject\",\"inLanguage\":\"es-AR\",\"@id\":\"https:\\\/\\\/vocesdelacomuna15.com.ar\\\/press\\\/el-escritor-luis-duarte-llega-a-la-feria-internacional-del-libro-2026-con-rombos\\\/#primaryimage\",\"url\":\"https:\\\/\\\/vocesdelacomuna15.com.ar\\\/wp-content\\\/uploads\\\/2026\\\/04\\\/1776786811042.avif\",\"contentUrl\":\"https:\\\/\\\/vocesdelacomuna15.com.ar\\\/wp-content\\\/uploads\\\/2026\\\/04\\\/1776786811042.avif\",\"width\":733,\"height\":766},{\"@type\":\"BreadcrumbList\",\"@id\":\"https:\\\/\\\/vocesdelacomuna15.com.ar\\\/press\\\/el-escritor-luis-duarte-llega-a-la-feria-internacional-del-libro-2026-con-rombos\\\/#breadcrumb\",\"itemListElement\":[{\"@type\":\"ListItem\",\"position\":1,\"name\":\"Inicio\",\"item\":\"https:\\\/\\\/vocesdelacomuna15.com.ar\\\/press\\\/\"},{\"@type\":\"ListItem\",\"position\":2,\"name\":\"El escritor Luis Duarte llega a la Feria Internacional del Libro 2026 con &#8220;Rombos&#8221;\"}]},{\"@type\":\"WebSite\",\"@id\":\"https:\\\/\\\/vocesdelacomuna15.com.ar\\\/press\\\/#website\",\"url\":\"https:\\\/\\\/vocesdelacomuna15.com.ar\\\/press\\\/\",\"name\":\"Voces de la Comuna 15\",\"description\":\"Sitio web de noticias\",\"publisher\":{\"@id\":\"https:\\\/\\\/vocesdelacomuna15.com.ar\\\/press\\\/#organization\"},\"potentialAction\":[{\"@type\":\"SearchAction\",\"target\":{\"@type\":\"EntryPoint\",\"urlTemplate\":\"https:\\\/\\\/vocesdelacomuna15.com.ar\\\/press\\\/?s={search_term_string}\"},\"query-input\":{\"@type\":\"PropertyValueSpecification\",\"valueRequired\":true,\"valueName\":\"search_term_string\"}}],\"inLanguage\":\"es-AR\"},{\"@type\":\"Organization\",\"@id\":\"https:\\\/\\\/vocesdelacomuna15.com.ar\\\/press\\\/#organization\",\"name\":\"Voces de la Comuna 15\",\"url\":\"https:\\\/\\\/vocesdelacomuna15.com.ar\\\/press\\\/\",\"logo\":{\"@type\":\"ImageObject\",\"inLanguage\":\"es-AR\",\"@id\":\"https:\\\/\\\/vocesdelacomuna15.com.ar\\\/press\\\/#\\\/schema\\\/logo\\\/image\\\/\",\"url\":\"https:\\\/\\\/vocesdelacomuna15.com.ar\\\/wp-content\\\/uploads\\\/2024\\\/12\\\/cropped-logo_voces.jpg\",\"contentUrl\":\"https:\\\/\\\/vocesdelacomuna15.com.ar\\\/wp-content\\\/uploads\\\/2024\\\/12\\\/cropped-logo_voces.jpg\",\"width\":512,\"height\":512,\"caption\":\"Voces de la Comuna 15\"},\"image\":{\"@id\":\"https:\\\/\\\/vocesdelacomuna15.com.ar\\\/press\\\/#\\\/schema\\\/logo\\\/image\\\/\"},\"sameAs\":[\"https:\\\/\\\/www.facebook.com\\\/VocesComuna15\\\/\",\"https:\\\/\\\/x.com\\\/vocescomuna15\"]},{\"@type\":\"Person\",\"@id\":\"https:\\\/\\\/vocesdelacomuna15.com.ar\\\/press\\\/#\\\/schema\\\/person\\\/4739e109db25d799cd3d139eeb509e43\",\"name\":\"Federico Arguto\",\"image\":{\"@type\":\"ImageObject\",\"inLanguage\":\"es-AR\",\"@id\":\"https:\\\/\\\/vocesdelacomuna15.com.ar\\\/wp-content\\\/litespeed\\\/avatar\\\/82faf979976f1bae889b8b71f8a0a7e5.jpg?ver=1777419741\",\"url\":\"https:\\\/\\\/vocesdelacomuna15.com.ar\\\/wp-content\\\/litespeed\\\/avatar\\\/82faf979976f1bae889b8b71f8a0a7e5.jpg?ver=1777419741\",\"contentUrl\":\"https:\\\/\\\/vocesdelacomuna15.com.ar\\\/wp-content\\\/litespeed\\\/avatar\\\/82faf979976f1bae889b8b71f8a0a7e5.jpg?ver=1777419741\",\"caption\":\"Federico Arguto\"},\"url\":\"https:\\\/\\\/vocesdelacomuna15.com.ar\\\/press\\\/author\\\/fede\\\/\"}]}<\/script>\n<!-- \/ Yoast SEO plugin. -->","yoast_head_json":{"title":"El escritor Luis Duarte llega a la Feria Internacional del Libro 2026 con \"Rombos\" - Voces de la Comuna 15","description":"Voces de la Comuna 15","robots":{"index":"index","follow":"follow","max-snippet":"max-snippet:-1","max-image-preview":"max-image-preview:large","max-video-preview":"max-video-preview:-1"},"canonical":"https:\/\/vocesdelacomuna15.com.ar\/press\/el-escritor-luis-duarte-llega-a-la-feria-internacional-del-libro-2026-con-rombos\/","og_locale":"es_ES","og_type":"article","og_title":"El escritor Luis Duarte llega a la Feria Internacional del Libro 2026 con \"Rombos\" - Voces de la Comuna 15","og_description":"Voces de la Comuna 15","og_url":"https:\/\/vocesdelacomuna15.com.ar\/press\/el-escritor-luis-duarte-llega-a-la-feria-internacional-del-libro-2026-con-rombos\/","og_site_name":"Voces de la Comuna 15","article_publisher":"https:\/\/www.facebook.com\/VocesComuna15\/","article_published_time":"2026-04-29T20:42:36+00:00","article_modified_time":"2026-04-29T21:57:42+00:00","og_image":[{"width":733,"height":766,"url":"https:\/\/vocesdelacomuna15.com.ar\/wp-content\/uploads\/2026\/04\/1776786811042.avif","type":"image\/jpeg"}],"author":"Federico Arguto","twitter_card":"summary_large_image","twitter_creator":"@vocescomuna15","twitter_site":"@vocescomuna15","twitter_misc":{"Escrito por":"Federico Arguto","Tiempo de lectura":"6 minutos"},"schema":{"@context":"https:\/\/schema.org","@graph":[{"@type":"Article","@id":"https:\/\/vocesdelacomuna15.com.ar\/press\/el-escritor-luis-duarte-llega-a-la-feria-internacional-del-libro-2026-con-rombos\/#article","isPartOf":{"@id":"https:\/\/vocesdelacomuna15.com.ar\/press\/el-escritor-luis-duarte-llega-a-la-feria-internacional-del-libro-2026-con-rombos\/"},"author":{"name":"Federico Arguto","@id":"https:\/\/vocesdelacomuna15.com.ar\/press\/#\/schema\/person\/4739e109db25d799cd3d139eeb509e43"},"headline":"El escritor Luis Duarte llega a la Feria Internacional del Libro 2026 con &#8220;Rombos&#8221;","datePublished":"2026-04-29T20:42:36+00:00","dateModified":"2026-04-29T21:57:42+00:00","mainEntityOfPage":{"@id":"https:\/\/vocesdelacomuna15.com.ar\/press\/el-escritor-luis-duarte-llega-a-la-feria-internacional-del-libro-2026-con-rombos\/"},"wordCount":835,"publisher":{"@id":"https:\/\/vocesdelacomuna15.com.ar\/press\/#organization"},"image":{"@id":"https:\/\/vocesdelacomuna15.com.ar\/press\/el-escritor-luis-duarte-llega-a-la-feria-internacional-del-libro-2026-con-rombos\/#primaryimage"},"thumbnailUrl":"https:\/\/vocesdelacomuna15.com.ar\/wp-content\/uploads\/2026\/04\/1776786811042.avif","articleSection":["Cultura"],"inLanguage":"es-AR"},{"@type":"WebPage","@id":"https:\/\/vocesdelacomuna15.com.ar\/press\/el-escritor-luis-duarte-llega-a-la-feria-internacional-del-libro-2026-con-rombos\/","url":"https:\/\/vocesdelacomuna15.com.ar\/press\/el-escritor-luis-duarte-llega-a-la-feria-internacional-del-libro-2026-con-rombos\/","name":"El escritor Luis Duarte llega a la Feria Internacional del Libro 2026 con \"Rombos\" - Voces de la Comuna 15","isPartOf":{"@id":"https:\/\/vocesdelacomuna15.com.ar\/press\/#website"},"primaryImageOfPage":{"@id":"https:\/\/vocesdelacomuna15.com.ar\/press\/el-escritor-luis-duarte-llega-a-la-feria-internacional-del-libro-2026-con-rombos\/#primaryimage"},"image":{"@id":"https:\/\/vocesdelacomuna15.com.ar\/press\/el-escritor-luis-duarte-llega-a-la-feria-internacional-del-libro-2026-con-rombos\/#primaryimage"},"thumbnailUrl":"https:\/\/vocesdelacomuna15.com.ar\/wp-content\/uploads\/2026\/04\/1776786811042.avif","datePublished":"2026-04-29T20:42:36+00:00","dateModified":"2026-04-29T21:57:42+00:00","description":"Voces de la Comuna 15","breadcrumb":{"@id":"https:\/\/vocesdelacomuna15.com.ar\/press\/el-escritor-luis-duarte-llega-a-la-feria-internacional-del-libro-2026-con-rombos\/#breadcrumb"},"inLanguage":"es-AR","potentialAction":[{"@type":"ReadAction","target":["https:\/\/vocesdelacomuna15.com.ar\/press\/el-escritor-luis-duarte-llega-a-la-feria-internacional-del-libro-2026-con-rombos\/"]}]},{"@type":"ImageObject","inLanguage":"es-AR","@id":"https:\/\/vocesdelacomuna15.com.ar\/press\/el-escritor-luis-duarte-llega-a-la-feria-internacional-del-libro-2026-con-rombos\/#primaryimage","url":"https:\/\/vocesdelacomuna15.com.ar\/wp-content\/uploads\/2026\/04\/1776786811042.avif","contentUrl":"https:\/\/vocesdelacomuna15.com.ar\/wp-content\/uploads\/2026\/04\/1776786811042.avif","width":733,"height":766},{"@type":"BreadcrumbList","@id":"https:\/\/vocesdelacomuna15.com.ar\/press\/el-escritor-luis-duarte-llega-a-la-feria-internacional-del-libro-2026-con-rombos\/#breadcrumb","itemListElement":[{"@type":"ListItem","position":1,"name":"Inicio","item":"https:\/\/vocesdelacomuna15.com.ar\/press\/"},{"@type":"ListItem","position":2,"name":"El escritor Luis Duarte llega a la Feria Internacional del Libro 2026 con &#8220;Rombos&#8221;"}]},{"@type":"WebSite","@id":"https:\/\/vocesdelacomuna15.com.ar\/press\/#website","url":"https:\/\/vocesdelacomuna15.com.ar\/press\/","name":"Voces de la Comuna 15","description":"Sitio web de noticias","publisher":{"@id":"https:\/\/vocesdelacomuna15.com.ar\/press\/#organization"},"potentialAction":[{"@type":"SearchAction","target":{"@type":"EntryPoint","urlTemplate":"https:\/\/vocesdelacomuna15.com.ar\/press\/?s={search_term_string}"},"query-input":{"@type":"PropertyValueSpecification","valueRequired":true,"valueName":"search_term_string"}}],"inLanguage":"es-AR"},{"@type":"Organization","@id":"https:\/\/vocesdelacomuna15.com.ar\/press\/#organization","name":"Voces de la Comuna 15","url":"https:\/\/vocesdelacomuna15.com.ar\/press\/","logo":{"@type":"ImageObject","inLanguage":"es-AR","@id":"https:\/\/vocesdelacomuna15.com.ar\/press\/#\/schema\/logo\/image\/","url":"https:\/\/vocesdelacomuna15.com.ar\/wp-content\/uploads\/2024\/12\/cropped-logo_voces.jpg","contentUrl":"https:\/\/vocesdelacomuna15.com.ar\/wp-content\/uploads\/2024\/12\/cropped-logo_voces.jpg","width":512,"height":512,"caption":"Voces de la Comuna 15"},"image":{"@id":"https:\/\/vocesdelacomuna15.com.ar\/press\/#\/schema\/logo\/image\/"},"sameAs":["https:\/\/www.facebook.com\/VocesComuna15\/","https:\/\/x.com\/vocescomuna15"]},{"@type":"Person","@id":"https:\/\/vocesdelacomuna15.com.ar\/press\/#\/schema\/person\/4739e109db25d799cd3d139eeb509e43","name":"Federico Arguto","image":{"@type":"ImageObject","inLanguage":"es-AR","@id":"https:\/\/vocesdelacomuna15.com.ar\/wp-content\/litespeed\/avatar\/82faf979976f1bae889b8b71f8a0a7e5.jpg?ver=1777419741","url":"https:\/\/vocesdelacomuna15.com.ar\/wp-content\/litespeed\/avatar\/82faf979976f1bae889b8b71f8a0a7e5.jpg?ver=1777419741","contentUrl":"https:\/\/vocesdelacomuna15.com.ar\/wp-content\/litespeed\/avatar\/82faf979976f1bae889b8b71f8a0a7e5.jpg?ver=1777419741","caption":"Federico Arguto"},"url":"https:\/\/vocesdelacomuna15.com.ar\/press\/author\/fede\/"}]}},"_links":{"self":[{"href":"https:\/\/vocesdelacomuna15.com.ar\/press\/wp-json\/wp\/v2\/posts\/71072","targetHints":{"allow":["GET"]}}],"collection":[{"href":"https:\/\/vocesdelacomuna15.com.ar\/press\/wp-json\/wp\/v2\/posts"}],"about":[{"href":"https:\/\/vocesdelacomuna15.com.ar\/press\/wp-json\/wp\/v2\/types\/post"}],"author":[{"embeddable":true,"href":"https:\/\/vocesdelacomuna15.com.ar\/press\/wp-json\/wp\/v2\/users\/2"}],"replies":[{"embeddable":true,"href":"https:\/\/vocesdelacomuna15.com.ar\/press\/wp-json\/wp\/v2\/comments?post=71072"}],"version-history":[{"count":2,"href":"https:\/\/vocesdelacomuna15.com.ar\/press\/wp-json\/wp\/v2\/posts\/71072\/revisions"}],"predecessor-version":[{"id":71078,"href":"https:\/\/vocesdelacomuna15.com.ar\/press\/wp-json\/wp\/v2\/posts\/71072\/revisions\/71078"}],"wp:featuredmedia":[{"embeddable":true,"href":"https:\/\/vocesdelacomuna15.com.ar\/press\/wp-json\/wp\/v2\/media\/71073"}],"wp:attachment":[{"href":"https:\/\/vocesdelacomuna15.com.ar\/press\/wp-json\/wp\/v2\/media?parent=71072"}],"wp:term":[{"taxonomy":"category","embeddable":true,"href":"https:\/\/vocesdelacomuna15.com.ar\/press\/wp-json\/wp\/v2\/categories?post=71072"},{"taxonomy":"post_tag","embeddable":true,"href":"https:\/\/vocesdelacomuna15.com.ar\/press\/wp-json\/wp\/v2\/tags?post=71072"}],"curies":[{"name":"wp","href":"https:\/\/api.w.org\/{rel}","templated":true}]}}