{"id":71054,"date":"2026-04-28T14:52:25","date_gmt":"2026-04-28T17:52:25","guid":{"rendered":"https:\/\/vocesdelacomuna15.com.ar\/press\/?p=71054"},"modified":"2026-04-28T14:52:28","modified_gmt":"2026-04-28T17:52:28","slug":"la-ciudad-activo-un-protocolo-en-las-escuelas-y-lanzo-medidas-de-control-y-supervision","status":"publish","type":"post","link":"https:\/\/vocesdelacomuna15.com.ar\/press\/la-ciudad-activo-un-protocolo-en-las-escuelas-y-lanzo-medidas-de-control-y-supervision\/","title":{"rendered":"La Ciudad activ\u00f3 un Protocolo en las escuelas y lanz\u00f3 medidas de control y supervisi\u00f3n"},"content":{"rendered":"\n<p><strong><em>El Jefe de Gobierno, Jorge Macri, sostuvo que las amenazas no son una broma pesada sino un delito. Y explic\u00f3 que desde el primer momento la Ciudad aplic\u00f3 el Protocolo del Ministerio de Educaci\u00f3n para estos casos. La Justicia investiga tres hechos que derivaron en operativos policiales.<\/em><\/strong><br><br>Fuente: https:\/\/buenosaires.gob.ar\/<\/p>\n\n\n\n<p>En conferencia de prensa, el Jefe de Gobierno,&nbsp;<a href=\"https:\/\/buenosaires.gob.ar\/gcaba_historico\/jefe-de-gobierno\">Jorge Macri<\/a>, profundiz\u00f3 sobre las medidas de la Ciudad tras las amenazas de violencia ocurridas en algunas escuelas porte\u00f1as y les llev\u00f3 tranquilidad a las familias y a toda la comunidad educativa.&nbsp;<strong>\u201cNo vamos a naturalizar que las amenazas de violencia alteren la vida y el ritmo escolar. Generar una situaci\u00f3n de miedo o p\u00e1nico es una conducta que tiene consecuencias. No se trata de una broma pesada, es un delito\u201d<\/strong>, sostuvo.<\/p>\n\n\n\n<p>Adem\u00e1s, el Jefe de Gobierno explic\u00f3 que desde el primer momento, ante las alertas, &nbsp;convoc\u00f3 a su equipo y se definieron&nbsp;<strong>\u201cl\u00edneas de acci\u00f3n con el Ministerio P\u00fablico Fiscal y el Ministerio P\u00fablico Tutelar, la Polic\u00eda de la Ciudad y el Consejo de Derechos de Ni\u00f1as, Ni\u00f1os y Adolescentes\u201d<\/strong>.&nbsp;<\/p>\n\n\n\n<p>Y el Ministerio de Educaci\u00f3n activ\u00f3 el \u201cProtocolo de Actuaci\u00f3n para la protecci\u00f3n y el resguardo ante situaciones de vulneraci\u00f3n de derechos de ni\u00f1as, ni\u00f1os y adolescentes\u201d, vigente desde el a\u00f1o pasado, y se realizaron las denuncias correspondientes. El Protocolo establece c\u00f3mo actuar ante las amenazas en las escuelas y tiene como objetivo resguardar la integridad f\u00edsica y psicosocial de la comunidad educativa, garantizar el cumplimiento de la ley y promover intervenciones institucionales basadas en criterios de protecci\u00f3n y cuidado colectivo.<\/p>\n\n\n\n<p><\/p>\n\n\n\n<blockquote class=\"wp-block-quote is-layout-flow wp-block-quote-is-layout-flow\">\n<p>&#8220;No vamos a naturalizar que las amenazas de violencia alteren la vida y el ritmo escolar.&#8221; (Jorge Macri)<\/p>\n<\/blockquote>\n\n\n\n<p><strong>\u201cEn tres hechos concretos las amenazas derivaron en operativos policiales, incluso uno fuera de la Ciudad. En todos los casos la Justicia sigue investigando los hechos y la responsabilidad de los alumnos y los padres. Nosotros intensificamos las medidas de supervisi\u00f3n en todas las escuelas y reforzamos el cuidado de la convivencia\u201d,<\/strong>&nbsp;agreg\u00f3 Jorge Macri, junto a la ministra de Educaci\u00f3n, Mercedes Miguel, y al fiscal general, Mart\u00edn L\u00f3pez Zavaleta. Lo acompa\u00f1aron el Jefe de Gabinete, Gabriel S\u00e1nchez Zinny; el ministro de Seguridad, Horacio Gim\u00e9nez; el de Justicia, Gabino Tapia; y el de Salud, Fern\u00e1n Quir\u00f3s. Adem\u00e1s, la presidente del Consejo de la Magistratura, Karina Leguizamon; Javier Bujan, Presidente de la C\u00e1mara Penal; Carolina Stanley, titular del Ministerio P\u00fablico Tutelar; y Victoria Morales Gorleri, presidente del Consejo de los Derechos de Ni\u00f1as, Ni\u00f1os y Adolescentes, &nbsp;junto a otros funcionarios del Poder Judicial, diputados por la Ciudad, representantes de escuelas privadas e integrantes de la comunidad educativa.<\/p>\n\n\n\n<p><img decoding=\"async\" alt=\"Desde el primer momento la Ciudad aplic\u00f3 el Protocolo del Ministerio de Educaci\u00f3n \" src=\"https:\/\/static.buenosaires.gob.ar\/sites\/default\/files\/inline-images\/WhatsApp%20Image%202026-04-21%20at%2008.42.42.jpeg\"><strong>Desde el primer momento la Ciudad aplic\u00f3 el Protocolo del Ministerio de Educaci\u00f3n. Foto: GCBA.<\/strong><\/p>\n\n\n\n<p>El Jefe Gobierno resalt\u00f3 la importancia del di\u00e1logo con los hijos:<strong>&nbsp;\u201cMuchas de estas situaciones nacen en las redes sociales como un espacio de reproducci\u00f3n y difusi\u00f3n. Tendencias virales que convierten la violencia en contenido. Hay algo que es irremplazable: la conversaci\u00f3n en casa\u201d<\/strong>, indic\u00f3. Y a\u00f1adi\u00f3:&nbsp;<strong>\u201cNecesitamos volver a hablar, a preguntar, a escuchar y a involucrarnos en lo que a los chicos les est\u00e1 pasando. Tenemos que comprender tambi\u00e9n que el l\u00edmite y el orden no es algo que nos quite libertad, al contrario, nos la devuelve\u201d<\/strong>.<\/p>\n\n\n\n<p>Tambi\u00e9n subray\u00f3 la necesidad de acompa\u00f1ar a una generaci\u00f3n que&nbsp;<strong>\u201cest\u00e1 expuesta a est\u00edmulos, pantallas, presi\u00f3n por mostrarse y a la l\u00f3gica de la validaci\u00f3n inmediata de las redes\u201d<\/strong>, y sostuvo:&nbsp;<strong>\u201cTodo eso genera inseguridad personal, ansiedad, angustia y una desconexi\u00f3n. Por eso, el cuidado de la salud mental y socioemocional es parte de nuestra agenda educativa, y contamos con protocolos espec\u00edficos\u201d.<\/strong><\/p>\n\n\n\n<p>\u201cLa respuesta tiene que ser, al mismo tiempo, seguridad y formaci\u00f3n. Protocolo y acompa\u00f1amiento. Consecuencia y reparaci\u00f3n. Seguridad, porque cada amenaza es un delito y se investiga. Formaci\u00f3n, porque detr\u00e1s de cada chico que escribe \u2018ma\u00f1ana tiroteo\u2019 hay alguien que no dimensiona lo que hizo. Reparaci\u00f3n, porque las sanciones tienen que tener sentido educativo: comprender el da\u00f1o, repararlo, y volver a la comunidad\u201d, sostuvo la ministra de Educaci\u00f3n, Mercedes Miguel.<\/p>\n\n\n\n<p>En este sentido, el fiscal general de la Ciudad, Mart\u00edn L\u00f3pez Zavaleta, explic\u00f3: &#8220;Se ha implementado un esquema de coordinaci\u00f3n inmediata con el Cuerpo de Investigaciones Judiciales, el \u00e1rea de acceso a la Justicia y de Pol\u00edtica Criminal junto con las fiscal\u00edas intervinientes. La identificaci\u00f3n y eventual responsabilizaci\u00f3n de los autores de estos hechos permite avanzar en cada caso concreto y cumple una funci\u00f3n preventiva porque desalienta la reiteraci\u00f3n de estas conductas&#8221;.<\/p>\n\n\n\n<p><img decoding=\"async\" alt=\"La Justicia investiga tres hechos que derivaron en operativos policiales.\" src=\"https:\/\/static.buenosaires.gob.ar\/sites\/default\/files\/inline-images\/WhatsApp%20Image%202026-04-21%20at%2008.42.41.jpeg\"><strong>La Justicia investiga tres hechos que derivaron en operativos policiales. Foto: GCBA.<\/strong><\/p>\n\n\n\n<p>El Jefe de Gobierno cerr\u00f3:&nbsp;<strong>\u201cA toda la comunidad educativa, sepan que estamos para acompa\u00f1arlos. Sabemos que hay angustia en las familias y queremos llevar tranquilidad. Los tres poderes del Estado tenemos el compromiso de cuidar y defender lo m\u00e1s valioso que tiene esta Ciudad: la vida, la seguridad, la integridad y la educaci\u00f3n de nuestros ni\u00f1os, ni\u00f1as y adolescentes\u201d.<\/strong><\/p>\n\n\n\n<p><\/p>\n\n\n\n<p>Caracteres: 4.606<\/p>\n<div class=\"pvc_clear\"><\/div><p id=\"pvc_stats_71054\" class=\"pvc_stats all  \" data-element-id=\"71054\" style=\"\"><i class=\"pvc-stats-icon small\" aria-hidden=\"true\"><svg aria-hidden=\"true\" focusable=\"false\" data-prefix=\"far\" data-icon=\"chart-bar\" role=\"img\" xmlns=\"http:\/\/www.w3.org\/2000\/svg\" viewBox=\"0 0 512 512\" class=\"svg-inline--fa fa-chart-bar fa-w-16 fa-2x\"><path fill=\"currentColor\" d=\"M396.8 352h22.4c6.4 0 12.8-6.4 12.8-12.8V108.8c0-6.4-6.4-12.8-12.8-12.8h-22.4c-6.4 0-12.8 6.4-12.8 12.8v230.4c0 6.4 6.4 12.8 12.8 12.8zm-192 0h22.4c6.4 0 12.8-6.4 12.8-12.8V140.8c0-6.4-6.4-12.8-12.8-12.8h-22.4c-6.4 0-12.8 6.4-12.8 12.8v198.4c0 6.4 6.4 12.8 12.8 12.8zm96 0h22.4c6.4 0 12.8-6.4 12.8-12.8V204.8c0-6.4-6.4-12.8-12.8-12.8h-22.4c-6.4 0-12.8 6.4-12.8 12.8v134.4c0 6.4 6.4 12.8 12.8 12.8zM496 400H48V80c0-8.84-7.16-16-16-16H16C7.16 64 0 71.16 0 80v336c0 17.67 14.33 32 32 32h464c8.84 0 16-7.16 16-16v-16c0-8.84-7.16-16-16-16zm-387.2-48h22.4c6.4 0 12.8-6.4 12.8-12.8v-70.4c0-6.4-6.4-12.8-12.8-12.8h-22.4c-6.4 0-12.8 6.4-12.8 12.8v70.4c0 6.4 6.4 12.8 12.8 12.8z\" class=\"\"><\/path><\/svg><\/i> <img loading=\"lazy\" decoding=\"async\" width=\"16\" height=\"16\" alt=\"Loading\" src=\"https:\/\/vocesdelacomuna15.com.ar\/wp-content\/plugins\/page-views-count\/ajax-loader-2x.gif\" border=0 \/><\/p><div class=\"pvc_clear\"><\/div>","protected":false},"excerpt":{"rendered":"<p>El Jefe de Gobierno, Jorge Macri, sostuvo que las amenazas no son una broma pesada sino un delito. Y explic\u00f3 que desde el primer momento la Ciudad aplic\u00f3 el Protocolo del Ministerio de Educaci\u00f3n para estos casos. La Justicia investiga tres hechos que derivaron en operativos policiales. Fuente: https:\/\/buenosaires.gob.ar\/ En conferencia de prensa, el Jefe [&hellip;]<\/p>\n<div class=\"pvc_clear\"><\/div>\n<p id=\"pvc_stats_71054\" class=\"pvc_stats all  \" data-element-id=\"71054\" style=\"\"><i class=\"pvc-stats-icon small\" aria-hidden=\"true\"><svg aria-hidden=\"true\" focusable=\"false\" data-prefix=\"far\" data-icon=\"chart-bar\" role=\"img\" xmlns=\"http:\/\/www.w3.org\/2000\/svg\" viewBox=\"0 0 512 512\" class=\"svg-inline--fa fa-chart-bar fa-w-16 fa-2x\"><path fill=\"currentColor\" d=\"M396.8 352h22.4c6.4 0 12.8-6.4 12.8-12.8V108.8c0-6.4-6.4-12.8-12.8-12.8h-22.4c-6.4 0-12.8 6.4-12.8 12.8v230.4c0 6.4 6.4 12.8 12.8 12.8zm-192 0h22.4c6.4 0 12.8-6.4 12.8-12.8V140.8c0-6.4-6.4-12.8-12.8-12.8h-22.4c-6.4 0-12.8 6.4-12.8 12.8v198.4c0 6.4 6.4 12.8 12.8 12.8zm96 0h22.4c6.4 0 12.8-6.4 12.8-12.8V204.8c0-6.4-6.4-12.8-12.8-12.8h-22.4c-6.4 0-12.8 6.4-12.8 12.8v134.4c0 6.4 6.4 12.8 12.8 12.8zM496 400H48V80c0-8.84-7.16-16-16-16H16C7.16 64 0 71.16 0 80v336c0 17.67 14.33 32 32 32h464c8.84 0 16-7.16 16-16v-16c0-8.84-7.16-16-16-16zm-387.2-48h22.4c6.4 0 12.8-6.4 12.8-12.8v-70.4c0-6.4-6.4-12.8-12.8-12.8h-22.4c-6.4 0-12.8 6.4-12.8 12.8v70.4c0 6.4 6.4 12.8 12.8 12.8z\" class=\"\"><\/path><\/svg><\/i> <img loading=\"lazy\" decoding=\"async\" width=\"16\" height=\"16\" alt=\"Loading\" src=\"https:\/\/vocesdelacomuna15.com.ar\/wp-content\/plugins\/page-views-count\/ajax-loader-2x.gif\" border=0 \/><\/p>\n<div class=\"pvc_clear\"><\/div>\n","protected":false},"author":2,"featured_media":71055,"comment_status":"closed","ping_status":"closed","sticky":false,"template":"","format":"standard","meta":{"_et_pb_use_builder":"off","_et_pb_old_content":"","_et_gb_content_width":"","footnotes":""},"categories":[26,43],"tags":[],"class_list":["post-71054","post","type-post","status-publish","format-standard","has-post-thumbnail","hentry","category-ciudad","category-educacion","et-has-post-format-content","et_post_format-et-post-format-standard"],"a3_pvc":{"activated":true,"total_views":3,"today_views":3},"yoast_head":"<!-- This site is optimized with the Yoast SEO plugin v27.5 - https:\/\/yoast.com\/product\/yoast-seo-wordpress\/ -->\n<title>La Ciudad activ\u00f3 un Protocolo en las escuelas y lanz\u00f3 medidas de control y supervisi\u00f3n - Voces de la Comuna 15<\/title>\n<meta name=\"description\" content=\"Voces de la Comuna 15\" \/>\n<meta name=\"robots\" content=\"index, follow, max-snippet:-1, max-image-preview:large, max-video-preview:-1\" \/>\n<link rel=\"canonical\" href=\"https:\/\/vocesdelacomuna15.com.ar\/press\/la-ciudad-activo-un-protocolo-en-las-escuelas-y-lanzo-medidas-de-control-y-supervision\/\" \/>\n<meta property=\"og:locale\" content=\"es_ES\" \/>\n<meta property=\"og:type\" content=\"article\" \/>\n<meta property=\"og:title\" content=\"La Ciudad activ\u00f3 un Protocolo en las escuelas y lanz\u00f3 medidas de control y supervisi\u00f3n - Voces de la Comuna 15\" \/>\n<meta property=\"og:description\" content=\"Voces de la Comuna 15\" \/>\n<meta property=\"og:url\" content=\"https:\/\/vocesdelacomuna15.com.ar\/press\/la-ciudad-activo-un-protocolo-en-las-escuelas-y-lanzo-medidas-de-control-y-supervision\/\" \/>\n<meta property=\"og:site_name\" content=\"Voces de la Comuna 15\" \/>\n<meta property=\"article:publisher\" content=\"https:\/\/www.facebook.com\/VocesComuna15\/\" \/>\n<meta property=\"article:published_time\" content=\"2026-04-28T17:52:25+00:00\" \/>\n<meta property=\"article:modified_time\" content=\"2026-04-28T17:52:28+00:00\" \/>\n<meta property=\"og:image\" content=\"https:\/\/vocesdelacomuna15.com.ar\/wp-content\/uploads\/2026\/04\/WhatsApp-Image-2026-04-09-at-12.05.11-PM-1.avif\" \/>\n\t<meta property=\"og:image:width\" content=\"1280\" \/>\n\t<meta property=\"og:image:height\" content=\"851\" \/>\n\t<meta property=\"og:image:type\" content=\"image\/jpeg\" \/>\n<meta name=\"author\" content=\"Federico Arguto\" \/>\n<meta name=\"twitter:card\" content=\"summary_large_image\" \/>\n<meta name=\"twitter:creator\" content=\"@vocescomuna15\" \/>\n<meta name=\"twitter:site\" content=\"@vocescomuna15\" \/>\n<meta name=\"twitter:label1\" content=\"Escrito por\" \/>\n\t<meta name=\"twitter:data1\" content=\"Federico Arguto\" \/>\n\t<meta name=\"twitter:label2\" content=\"Tiempo de lectura\" \/>\n\t<meta name=\"twitter:data2\" content=\"5 minutos\" \/>\n<script type=\"application\/ld+json\" class=\"yoast-schema-graph\">{\"@context\":\"https:\\\/\\\/schema.org\",\"@graph\":[{\"@type\":\"Article\",\"@id\":\"https:\\\/\\\/vocesdelacomuna15.com.ar\\\/press\\\/la-ciudad-activo-un-protocolo-en-las-escuelas-y-lanzo-medidas-de-control-y-supervision\\\/#article\",\"isPartOf\":{\"@id\":\"https:\\\/\\\/vocesdelacomuna15.com.ar\\\/press\\\/la-ciudad-activo-un-protocolo-en-las-escuelas-y-lanzo-medidas-de-control-y-supervision\\\/\"},\"author\":{\"name\":\"Federico Arguto\",\"@id\":\"https:\\\/\\\/vocesdelacomuna15.com.ar\\\/press\\\/#\\\/schema\\\/person\\\/4739e109db25d799cd3d139eeb509e43\"},\"headline\":\"La Ciudad activ\u00f3 un Protocolo en las escuelas y lanz\u00f3 medidas de control y supervisi\u00f3n\",\"datePublished\":\"2026-04-28T17:52:25+00:00\",\"dateModified\":\"2026-04-28T17:52:28+00:00\",\"mainEntityOfPage\":{\"@id\":\"https:\\\/\\\/vocesdelacomuna15.com.ar\\\/press\\\/la-ciudad-activo-un-protocolo-en-las-escuelas-y-lanzo-medidas-de-control-y-supervision\\\/\"},\"wordCount\":921,\"publisher\":{\"@id\":\"https:\\\/\\\/vocesdelacomuna15.com.ar\\\/press\\\/#organization\"},\"image\":{\"@id\":\"https:\\\/\\\/vocesdelacomuna15.com.ar\\\/press\\\/la-ciudad-activo-un-protocolo-en-las-escuelas-y-lanzo-medidas-de-control-y-supervision\\\/#primaryimage\"},\"thumbnailUrl\":\"https:\\\/\\\/vocesdelacomuna15.com.ar\\\/wp-content\\\/uploads\\\/2026\\\/04\\\/WhatsApp-Image-2026-04-09-at-12.05.11-PM-1.avif\",\"articleSection\":[\"Ciudad\",\"Educacion\"],\"inLanguage\":\"es-AR\"},{\"@type\":\"WebPage\",\"@id\":\"https:\\\/\\\/vocesdelacomuna15.com.ar\\\/press\\\/la-ciudad-activo-un-protocolo-en-las-escuelas-y-lanzo-medidas-de-control-y-supervision\\\/\",\"url\":\"https:\\\/\\\/vocesdelacomuna15.com.ar\\\/press\\\/la-ciudad-activo-un-protocolo-en-las-escuelas-y-lanzo-medidas-de-control-y-supervision\\\/\",\"name\":\"La Ciudad activ\u00f3 un Protocolo en las escuelas y lanz\u00f3 medidas de control y supervisi\u00f3n - Voces de la Comuna 15\",\"isPartOf\":{\"@id\":\"https:\\\/\\\/vocesdelacomuna15.com.ar\\\/press\\\/#website\"},\"primaryImageOfPage\":{\"@id\":\"https:\\\/\\\/vocesdelacomuna15.com.ar\\\/press\\\/la-ciudad-activo-un-protocolo-en-las-escuelas-y-lanzo-medidas-de-control-y-supervision\\\/#primaryimage\"},\"image\":{\"@id\":\"https:\\\/\\\/vocesdelacomuna15.com.ar\\\/press\\\/la-ciudad-activo-un-protocolo-en-las-escuelas-y-lanzo-medidas-de-control-y-supervision\\\/#primaryimage\"},\"thumbnailUrl\":\"https:\\\/\\\/vocesdelacomuna15.com.ar\\\/wp-content\\\/uploads\\\/2026\\\/04\\\/WhatsApp-Image-2026-04-09-at-12.05.11-PM-1.avif\",\"datePublished\":\"2026-04-28T17:52:25+00:00\",\"dateModified\":\"2026-04-28T17:52:28+00:00\",\"description\":\"Voces de la Comuna 15\",\"breadcrumb\":{\"@id\":\"https:\\\/\\\/vocesdelacomuna15.com.ar\\\/press\\\/la-ciudad-activo-un-protocolo-en-las-escuelas-y-lanzo-medidas-de-control-y-supervision\\\/#breadcrumb\"},\"inLanguage\":\"es-AR\",\"potentialAction\":[{\"@type\":\"ReadAction\",\"target\":[\"https:\\\/\\\/vocesdelacomuna15.com.ar\\\/press\\\/la-ciudad-activo-un-protocolo-en-las-escuelas-y-lanzo-medidas-de-control-y-supervision\\\/\"]}]},{\"@type\":\"ImageObject\",\"inLanguage\":\"es-AR\",\"@id\":\"https:\\\/\\\/vocesdelacomuna15.com.ar\\\/press\\\/la-ciudad-activo-un-protocolo-en-las-escuelas-y-lanzo-medidas-de-control-y-supervision\\\/#primaryimage\",\"url\":\"https:\\\/\\\/vocesdelacomuna15.com.ar\\\/wp-content\\\/uploads\\\/2026\\\/04\\\/WhatsApp-Image-2026-04-09-at-12.05.11-PM-1.avif\",\"contentUrl\":\"https:\\\/\\\/vocesdelacomuna15.com.ar\\\/wp-content\\\/uploads\\\/2026\\\/04\\\/WhatsApp-Image-2026-04-09-at-12.05.11-PM-1.avif\",\"width\":1280,\"height\":851},{\"@type\":\"BreadcrumbList\",\"@id\":\"https:\\\/\\\/vocesdelacomuna15.com.ar\\\/press\\\/la-ciudad-activo-un-protocolo-en-las-escuelas-y-lanzo-medidas-de-control-y-supervision\\\/#breadcrumb\",\"itemListElement\":[{\"@type\":\"ListItem\",\"position\":1,\"name\":\"Inicio\",\"item\":\"https:\\\/\\\/vocesdelacomuna15.com.ar\\\/press\\\/\"},{\"@type\":\"ListItem\",\"position\":2,\"name\":\"La Ciudad activ\u00f3 un Protocolo en las escuelas y lanz\u00f3 medidas de control y supervisi\u00f3n\"}]},{\"@type\":\"WebSite\",\"@id\":\"https:\\\/\\\/vocesdelacomuna15.com.ar\\\/press\\\/#website\",\"url\":\"https:\\\/\\\/vocesdelacomuna15.com.ar\\\/press\\\/\",\"name\":\"Voces de la Comuna 15\",\"description\":\"Sitio web de noticias\",\"publisher\":{\"@id\":\"https:\\\/\\\/vocesdelacomuna15.com.ar\\\/press\\\/#organization\"},\"potentialAction\":[{\"@type\":\"SearchAction\",\"target\":{\"@type\":\"EntryPoint\",\"urlTemplate\":\"https:\\\/\\\/vocesdelacomuna15.com.ar\\\/press\\\/?s={search_term_string}\"},\"query-input\":{\"@type\":\"PropertyValueSpecification\",\"valueRequired\":true,\"valueName\":\"search_term_string\"}}],\"inLanguage\":\"es-AR\"},{\"@type\":\"Organization\",\"@id\":\"https:\\\/\\\/vocesdelacomuna15.com.ar\\\/press\\\/#organization\",\"name\":\"Voces de la Comuna 15\",\"url\":\"https:\\\/\\\/vocesdelacomuna15.com.ar\\\/press\\\/\",\"logo\":{\"@type\":\"ImageObject\",\"inLanguage\":\"es-AR\",\"@id\":\"https:\\\/\\\/vocesdelacomuna15.com.ar\\\/press\\\/#\\\/schema\\\/logo\\\/image\\\/\",\"url\":\"https:\\\/\\\/vocesdelacomuna15.com.ar\\\/wp-content\\\/uploads\\\/2024\\\/12\\\/cropped-logo_voces.jpg\",\"contentUrl\":\"https:\\\/\\\/vocesdelacomuna15.com.ar\\\/wp-content\\\/uploads\\\/2024\\\/12\\\/cropped-logo_voces.jpg\",\"width\":512,\"height\":512,\"caption\":\"Voces de la Comuna 15\"},\"image\":{\"@id\":\"https:\\\/\\\/vocesdelacomuna15.com.ar\\\/press\\\/#\\\/schema\\\/logo\\\/image\\\/\"},\"sameAs\":[\"https:\\\/\\\/www.facebook.com\\\/VocesComuna15\\\/\",\"https:\\\/\\\/x.com\\\/vocescomuna15\"]},{\"@type\":\"Person\",\"@id\":\"https:\\\/\\\/vocesdelacomuna15.com.ar\\\/press\\\/#\\\/schema\\\/person\\\/4739e109db25d799cd3d139eeb509e43\",\"name\":\"Federico Arguto\",\"image\":{\"@type\":\"ImageObject\",\"inLanguage\":\"es-AR\",\"@id\":\"https:\\\/\\\/vocesdelacomuna15.com.ar\\\/wp-content\\\/litespeed\\\/avatar\\\/82faf979976f1bae889b8b71f8a0a7e5.jpg?ver=1776814847\",\"url\":\"https:\\\/\\\/vocesdelacomuna15.com.ar\\\/wp-content\\\/litespeed\\\/avatar\\\/82faf979976f1bae889b8b71f8a0a7e5.jpg?ver=1776814847\",\"contentUrl\":\"https:\\\/\\\/vocesdelacomuna15.com.ar\\\/wp-content\\\/litespeed\\\/avatar\\\/82faf979976f1bae889b8b71f8a0a7e5.jpg?ver=1776814847\",\"caption\":\"Federico Arguto\"},\"url\":\"https:\\\/\\\/vocesdelacomuna15.com.ar\\\/press\\\/author\\\/fede\\\/\"}]}<\/script>\n<!-- \/ Yoast SEO plugin. -->","yoast_head_json":{"title":"La Ciudad activ\u00f3 un Protocolo en las escuelas y lanz\u00f3 medidas de control y supervisi\u00f3n - Voces de la Comuna 15","description":"Voces de la Comuna 15","robots":{"index":"index","follow":"follow","max-snippet":"max-snippet:-1","max-image-preview":"max-image-preview:large","max-video-preview":"max-video-preview:-1"},"canonical":"https:\/\/vocesdelacomuna15.com.ar\/press\/la-ciudad-activo-un-protocolo-en-las-escuelas-y-lanzo-medidas-de-control-y-supervision\/","og_locale":"es_ES","og_type":"article","og_title":"La Ciudad activ\u00f3 un Protocolo en las escuelas y lanz\u00f3 medidas de control y supervisi\u00f3n - Voces de la Comuna 15","og_description":"Voces de la Comuna 15","og_url":"https:\/\/vocesdelacomuna15.com.ar\/press\/la-ciudad-activo-un-protocolo-en-las-escuelas-y-lanzo-medidas-de-control-y-supervision\/","og_site_name":"Voces de la Comuna 15","article_publisher":"https:\/\/www.facebook.com\/VocesComuna15\/","article_published_time":"2026-04-28T17:52:25+00:00","article_modified_time":"2026-04-28T17:52:28+00:00","og_image":[{"width":1280,"height":851,"url":"https:\/\/vocesdelacomuna15.com.ar\/wp-content\/uploads\/2026\/04\/WhatsApp-Image-2026-04-09-at-12.05.11-PM-1.avif","type":"image\/jpeg"}],"author":"Federico Arguto","twitter_card":"summary_large_image","twitter_creator":"@vocescomuna15","twitter_site":"@vocescomuna15","twitter_misc":{"Escrito por":"Federico Arguto","Tiempo de lectura":"5 minutos"},"schema":{"@context":"https:\/\/schema.org","@graph":[{"@type":"Article","@id":"https:\/\/vocesdelacomuna15.com.ar\/press\/la-ciudad-activo-un-protocolo-en-las-escuelas-y-lanzo-medidas-de-control-y-supervision\/#article","isPartOf":{"@id":"https:\/\/vocesdelacomuna15.com.ar\/press\/la-ciudad-activo-un-protocolo-en-las-escuelas-y-lanzo-medidas-de-control-y-supervision\/"},"author":{"name":"Federico Arguto","@id":"https:\/\/vocesdelacomuna15.com.ar\/press\/#\/schema\/person\/4739e109db25d799cd3d139eeb509e43"},"headline":"La Ciudad activ\u00f3 un Protocolo en las escuelas y lanz\u00f3 medidas de control y supervisi\u00f3n","datePublished":"2026-04-28T17:52:25+00:00","dateModified":"2026-04-28T17:52:28+00:00","mainEntityOfPage":{"@id":"https:\/\/vocesdelacomuna15.com.ar\/press\/la-ciudad-activo-un-protocolo-en-las-escuelas-y-lanzo-medidas-de-control-y-supervision\/"},"wordCount":921,"publisher":{"@id":"https:\/\/vocesdelacomuna15.com.ar\/press\/#organization"},"image":{"@id":"https:\/\/vocesdelacomuna15.com.ar\/press\/la-ciudad-activo-un-protocolo-en-las-escuelas-y-lanzo-medidas-de-control-y-supervision\/#primaryimage"},"thumbnailUrl":"https:\/\/vocesdelacomuna15.com.ar\/wp-content\/uploads\/2026\/04\/WhatsApp-Image-2026-04-09-at-12.05.11-PM-1.avif","articleSection":["Ciudad","Educacion"],"inLanguage":"es-AR"},{"@type":"WebPage","@id":"https:\/\/vocesdelacomuna15.com.ar\/press\/la-ciudad-activo-un-protocolo-en-las-escuelas-y-lanzo-medidas-de-control-y-supervision\/","url":"https:\/\/vocesdelacomuna15.com.ar\/press\/la-ciudad-activo-un-protocolo-en-las-escuelas-y-lanzo-medidas-de-control-y-supervision\/","name":"La Ciudad activ\u00f3 un Protocolo en las escuelas y lanz\u00f3 medidas de control y supervisi\u00f3n - Voces de la Comuna 15","isPartOf":{"@id":"https:\/\/vocesdelacomuna15.com.ar\/press\/#website"},"primaryImageOfPage":{"@id":"https:\/\/vocesdelacomuna15.com.ar\/press\/la-ciudad-activo-un-protocolo-en-las-escuelas-y-lanzo-medidas-de-control-y-supervision\/#primaryimage"},"image":{"@id":"https:\/\/vocesdelacomuna15.com.ar\/press\/la-ciudad-activo-un-protocolo-en-las-escuelas-y-lanzo-medidas-de-control-y-supervision\/#primaryimage"},"thumbnailUrl":"https:\/\/vocesdelacomuna15.com.ar\/wp-content\/uploads\/2026\/04\/WhatsApp-Image-2026-04-09-at-12.05.11-PM-1.avif","datePublished":"2026-04-28T17:52:25+00:00","dateModified":"2026-04-28T17:52:28+00:00","description":"Voces de la Comuna 15","breadcrumb":{"@id":"https:\/\/vocesdelacomuna15.com.ar\/press\/la-ciudad-activo-un-protocolo-en-las-escuelas-y-lanzo-medidas-de-control-y-supervision\/#breadcrumb"},"inLanguage":"es-AR","potentialAction":[{"@type":"ReadAction","target":["https:\/\/vocesdelacomuna15.com.ar\/press\/la-ciudad-activo-un-protocolo-en-las-escuelas-y-lanzo-medidas-de-control-y-supervision\/"]}]},{"@type":"ImageObject","inLanguage":"es-AR","@id":"https:\/\/vocesdelacomuna15.com.ar\/press\/la-ciudad-activo-un-protocolo-en-las-escuelas-y-lanzo-medidas-de-control-y-supervision\/#primaryimage","url":"https:\/\/vocesdelacomuna15.com.ar\/wp-content\/uploads\/2026\/04\/WhatsApp-Image-2026-04-09-at-12.05.11-PM-1.avif","contentUrl":"https:\/\/vocesdelacomuna15.com.ar\/wp-content\/uploads\/2026\/04\/WhatsApp-Image-2026-04-09-at-12.05.11-PM-1.avif","width":1280,"height":851},{"@type":"BreadcrumbList","@id":"https:\/\/vocesdelacomuna15.com.ar\/press\/la-ciudad-activo-un-protocolo-en-las-escuelas-y-lanzo-medidas-de-control-y-supervision\/#breadcrumb","itemListElement":[{"@type":"ListItem","position":1,"name":"Inicio","item":"https:\/\/vocesdelacomuna15.com.ar\/press\/"},{"@type":"ListItem","position":2,"name":"La Ciudad activ\u00f3 un Protocolo en las escuelas y lanz\u00f3 medidas de control y supervisi\u00f3n"}]},{"@type":"WebSite","@id":"https:\/\/vocesdelacomuna15.com.ar\/press\/#website","url":"https:\/\/vocesdelacomuna15.com.ar\/press\/","name":"Voces de la Comuna 15","description":"Sitio web de noticias","publisher":{"@id":"https:\/\/vocesdelacomuna15.com.ar\/press\/#organization"},"potentialAction":[{"@type":"SearchAction","target":{"@type":"EntryPoint","urlTemplate":"https:\/\/vocesdelacomuna15.com.ar\/press\/?s={search_term_string}"},"query-input":{"@type":"PropertyValueSpecification","valueRequired":true,"valueName":"search_term_string"}}],"inLanguage":"es-AR"},{"@type":"Organization","@id":"https:\/\/vocesdelacomuna15.com.ar\/press\/#organization","name":"Voces de la Comuna 15","url":"https:\/\/vocesdelacomuna15.com.ar\/press\/","logo":{"@type":"ImageObject","inLanguage":"es-AR","@id":"https:\/\/vocesdelacomuna15.com.ar\/press\/#\/schema\/logo\/image\/","url":"https:\/\/vocesdelacomuna15.com.ar\/wp-content\/uploads\/2024\/12\/cropped-logo_voces.jpg","contentUrl":"https:\/\/vocesdelacomuna15.com.ar\/wp-content\/uploads\/2024\/12\/cropped-logo_voces.jpg","width":512,"height":512,"caption":"Voces de la Comuna 15"},"image":{"@id":"https:\/\/vocesdelacomuna15.com.ar\/press\/#\/schema\/logo\/image\/"},"sameAs":["https:\/\/www.facebook.com\/VocesComuna15\/","https:\/\/x.com\/vocescomuna15"]},{"@type":"Person","@id":"https:\/\/vocesdelacomuna15.com.ar\/press\/#\/schema\/person\/4739e109db25d799cd3d139eeb509e43","name":"Federico Arguto","image":{"@type":"ImageObject","inLanguage":"es-AR","@id":"https:\/\/vocesdelacomuna15.com.ar\/wp-content\/litespeed\/avatar\/82faf979976f1bae889b8b71f8a0a7e5.jpg?ver=1776814847","url":"https:\/\/vocesdelacomuna15.com.ar\/wp-content\/litespeed\/avatar\/82faf979976f1bae889b8b71f8a0a7e5.jpg?ver=1776814847","contentUrl":"https:\/\/vocesdelacomuna15.com.ar\/wp-content\/litespeed\/avatar\/82faf979976f1bae889b8b71f8a0a7e5.jpg?ver=1776814847","caption":"Federico Arguto"},"url":"https:\/\/vocesdelacomuna15.com.ar\/press\/author\/fede\/"}]}},"_links":{"self":[{"href":"https:\/\/vocesdelacomuna15.com.ar\/press\/wp-json\/wp\/v2\/posts\/71054","targetHints":{"allow":["GET"]}}],"collection":[{"href":"https:\/\/vocesdelacomuna15.com.ar\/press\/wp-json\/wp\/v2\/posts"}],"about":[{"href":"https:\/\/vocesdelacomuna15.com.ar\/press\/wp-json\/wp\/v2\/types\/post"}],"author":[{"embeddable":true,"href":"https:\/\/vocesdelacomuna15.com.ar\/press\/wp-json\/wp\/v2\/users\/2"}],"replies":[{"embeddable":true,"href":"https:\/\/vocesdelacomuna15.com.ar\/press\/wp-json\/wp\/v2\/comments?post=71054"}],"version-history":[{"count":1,"href":"https:\/\/vocesdelacomuna15.com.ar\/press\/wp-json\/wp\/v2\/posts\/71054\/revisions"}],"predecessor-version":[{"id":71056,"href":"https:\/\/vocesdelacomuna15.com.ar\/press\/wp-json\/wp\/v2\/posts\/71054\/revisions\/71056"}],"wp:featuredmedia":[{"embeddable":true,"href":"https:\/\/vocesdelacomuna15.com.ar\/press\/wp-json\/wp\/v2\/media\/71055"}],"wp:attachment":[{"href":"https:\/\/vocesdelacomuna15.com.ar\/press\/wp-json\/wp\/v2\/media?parent=71054"}],"wp:term":[{"taxonomy":"category","embeddable":true,"href":"https:\/\/vocesdelacomuna15.com.ar\/press\/wp-json\/wp\/v2\/categories?post=71054"},{"taxonomy":"post_tag","embeddable":true,"href":"https:\/\/vocesdelacomuna15.com.ar\/press\/wp-json\/wp\/v2\/tags?post=71054"}],"curies":[{"name":"wp","href":"https:\/\/api.w.org\/{rel}","templated":true}]}}