{"id":71049,"date":"2026-04-28T14:27:35","date_gmt":"2026-04-28T17:27:35","guid":{"rendered":"https:\/\/vocesdelacomuna15.com.ar\/press\/?p=71049"},"modified":"2026-04-28T14:27:38","modified_gmt":"2026-04-28T17:27:38","slug":"fallecio-alexandra-lopez-una-voz-joven-y-clave-del-periodismo","status":"publish","type":"post","link":"https:\/\/vocesdelacomuna15.com.ar\/press\/fallecio-alexandra-lopez-una-voz-joven-y-clave-del-periodismo\/","title":{"rendered":"Falleci\u00f3 Alexandra L\u00f3pez, una voz joven y clave del periodismo"},"content":{"rendered":"\n<p>Fuente: https:\/\/palermonline.com.ar\/<\/p>\n\n\n\n<p>La comunidad period\u00edstica y barrial de la Ciudad de Buenos Aires despidi\u00f3 con profundo dolor a&nbsp;<strong>Alexandra L\u00f3pez<\/strong>, presidenta en ejercicio de la Asociaci\u00f3n Civil Medios Vecinales, periodista, docente y una de las figuras m\u00e1s activas en la construcci\u00f3n del periodismo de cercan\u00eda en los \u00faltimos a\u00f1os.<\/p>\n\n\n\n<p>Su fallecimiento, ocurrido en la noche del lunes, dej\u00f3 un golpe seco en un sector que no siempre tiene nombres visibles, pero s\u00ed personas que empujan todos los d\u00edas desde abajo. Y Alexandra era exactamente eso: motor, gesti\u00f3n y presencia.<\/p>\n\n\n\n<p>Egresada de TEA y DeporTEA en 2008, su camino no fue el t\u00edpico. No esper\u00f3 oportunidades: las cre\u00f3. Se form\u00f3 en Social Media, Comunicaci\u00f3n Digital y Periodismo Digital, incluyendo una diplomatura en la Universidad Pompeu Fabra, en Espa\u00f1a, cuando el mundo digital todav\u00eda era una promesa y no una obligaci\u00f3n.<\/p>\n\n\n\n<p>Pero donde realmente marc\u00f3 diferencia fue en el hacer.<\/p>\n\n\n\n<p>En 2009 lanz\u00f3 su propia agencia de noticias parlamentarias, un proyecto que combinaba intuici\u00f3n, visi\u00f3n y una lectura adelantada del rol de la informaci\u00f3n pol\u00edtica. Ese emprendimiento fue reconocido con el premio Desarrollo Emprendedor de la Ciudad de Buenos Aires, un reconocimiento que no solo valid\u00f3 su idea, sino tambi\u00e9n su forma de trabajar: con independencia, con criterio y con coraje.<\/p>\n\n\n\n<p>Su perfil nunca fue est\u00e1tico. Se especializ\u00f3 en emprendedurismo, marketing y desarrollo de medios, entendiendo algo que hoy parece obvio pero que en ese momento no lo era: que el periodismo tambi\u00e9n ten\u00eda que aprender a sostenerse, a crecer y a adaptarse.<\/p>\n\n\n\n<p>Desde ese lugar, su vocaci\u00f3n docente se volvi\u00f3 central.<\/p>\n\n\n\n<p>Fue profesora de Autogesti\u00f3n y Marketing de medios en TEA y de Marketing Deportivo en DeporTEA, formando a generaciones de estudiantes que no solo aprend\u00edan teor\u00eda, sino una manera concreta de ejercer la profesi\u00f3n. Tambi\u00e9n integr\u00f3 la red de capacitadores de FOPEA, con el respaldo del programa Google News Initiative, desde donde llev\u00f3 herramientas y conocimiento a colegas de todo el pa\u00eds.<\/p>\n\n\n\n<p>Pero su rol m\u00e1s visible en los \u00faltimos a\u00f1os fue dentro de la Asociaci\u00f3n Civil Medios Vecinales, donde asumi\u00f3 la presidencia en un contexto complejo para el sector. All\u00ed impuls\u00f3 la profesionalizaci\u00f3n, la articulaci\u00f3n entre medios y la defensa de un periodismo que muchas veces queda fuera del radar, pero que es el primero en contar lo que pasa en los barrios.<\/p>\n\n\n\n<p>No era solo gesti\u00f3n. Era presencia.<\/p>\n\n\n\n<p>Quienes la conocieron coinciden en algo: estaba. En reuniones, en capacitaciones, en proyectos, en ideas nuevas. Siempre en movimiento. Siempre empujando.<\/p>\n\n\n\n<p>Su muerte deja un vac\u00edo dif\u00edcil de explicar en t\u00e9rminos formales. Porque no se trata solo de un cargo o una funci\u00f3n. Se trata de una generaci\u00f3n de periodistas que entendi\u00f3 que el oficio tambi\u00e9n se construye colectivamente.<\/p>\n\n\n\n<p>Hoy la despiden colegas, alumnos, amigos y medios de toda la ciudad.<\/p>\n\n\n\n<p>Quedan sus proyectos, sus clases, sus discusiones, sus ideas.<\/p>\n\n\n\n<p>Y queda, sobre todo, su forma de entender el periodismo: cerca, activo y comprometido.<\/p>\n\n\n\n<p>Acompa\u00f1an en este momento a su esposo, a sus hijos y a toda su familia.<\/p>\n\n\n\n<p>El periodismo vecinal pierde una referente.<br>Muchos periodistas, una maestra.<\/p>\n\n\n\n<p><strong>Que descanse en paz.<\/strong><\/p>\n\n\n\n<p><\/p>\n\n\n\n<p>Caracteres: 3.137<\/p>\n<div class=\"pvc_clear\"><\/div><p id=\"pvc_stats_71049\" class=\"pvc_stats all  \" data-element-id=\"71049\" style=\"\"><i class=\"pvc-stats-icon small\" aria-hidden=\"true\"><svg aria-hidden=\"true\" focusable=\"false\" data-prefix=\"far\" data-icon=\"chart-bar\" role=\"img\" xmlns=\"http:\/\/www.w3.org\/2000\/svg\" viewBox=\"0 0 512 512\" class=\"svg-inline--fa fa-chart-bar fa-w-16 fa-2x\"><path fill=\"currentColor\" d=\"M396.8 352h22.4c6.4 0 12.8-6.4 12.8-12.8V108.8c0-6.4-6.4-12.8-12.8-12.8h-22.4c-6.4 0-12.8 6.4-12.8 12.8v230.4c0 6.4 6.4 12.8 12.8 12.8zm-192 0h22.4c6.4 0 12.8-6.4 12.8-12.8V140.8c0-6.4-6.4-12.8-12.8-12.8h-22.4c-6.4 0-12.8 6.4-12.8 12.8v198.4c0 6.4 6.4 12.8 12.8 12.8zm96 0h22.4c6.4 0 12.8-6.4 12.8-12.8V204.8c0-6.4-6.4-12.8-12.8-12.8h-22.4c-6.4 0-12.8 6.4-12.8 12.8v134.4c0 6.4 6.4 12.8 12.8 12.8zM496 400H48V80c0-8.84-7.16-16-16-16H16C7.16 64 0 71.16 0 80v336c0 17.67 14.33 32 32 32h464c8.84 0 16-7.16 16-16v-16c0-8.84-7.16-16-16-16zm-387.2-48h22.4c6.4 0 12.8-6.4 12.8-12.8v-70.4c0-6.4-6.4-12.8-12.8-12.8h-22.4c-6.4 0-12.8 6.4-12.8 12.8v70.4c0 6.4 6.4 12.8 12.8 12.8z\" class=\"\"><\/path><\/svg><\/i> <img loading=\"lazy\" decoding=\"async\" width=\"16\" height=\"16\" alt=\"Loading\" src=\"https:\/\/vocesdelacomuna15.com.ar\/wp-content\/plugins\/page-views-count\/ajax-loader-2x.gif\" border=0 \/><\/p><div class=\"pvc_clear\"><\/div>","protected":false},"excerpt":{"rendered":"<p>Fuente: https:\/\/palermonline.com.ar\/ La comunidad period\u00edstica y barrial de la Ciudad de Buenos Aires despidi\u00f3 con profundo dolor a&nbsp;Alexandra L\u00f3pez, presidenta en ejercicio de la Asociaci\u00f3n Civil Medios Vecinales, periodista, docente y una de las figuras m\u00e1s activas en la construcci\u00f3n del periodismo de cercan\u00eda en los \u00faltimos a\u00f1os. Su fallecimiento, ocurrido en la noche del [&hellip;]<\/p>\n<div class=\"pvc_clear\"><\/div>\n<p id=\"pvc_stats_71049\" class=\"pvc_stats all  \" data-element-id=\"71049\" style=\"\"><i class=\"pvc-stats-icon small\" aria-hidden=\"true\"><svg aria-hidden=\"true\" focusable=\"false\" data-prefix=\"far\" data-icon=\"chart-bar\" role=\"img\" xmlns=\"http:\/\/www.w3.org\/2000\/svg\" viewBox=\"0 0 512 512\" class=\"svg-inline--fa fa-chart-bar fa-w-16 fa-2x\"><path fill=\"currentColor\" d=\"M396.8 352h22.4c6.4 0 12.8-6.4 12.8-12.8V108.8c0-6.4-6.4-12.8-12.8-12.8h-22.4c-6.4 0-12.8 6.4-12.8 12.8v230.4c0 6.4 6.4 12.8 12.8 12.8zm-192 0h22.4c6.4 0 12.8-6.4 12.8-12.8V140.8c0-6.4-6.4-12.8-12.8-12.8h-22.4c-6.4 0-12.8 6.4-12.8 12.8v198.4c0 6.4 6.4 12.8 12.8 12.8zm96 0h22.4c6.4 0 12.8-6.4 12.8-12.8V204.8c0-6.4-6.4-12.8-12.8-12.8h-22.4c-6.4 0-12.8 6.4-12.8 12.8v134.4c0 6.4 6.4 12.8 12.8 12.8zM496 400H48V80c0-8.84-7.16-16-16-16H16C7.16 64 0 71.16 0 80v336c0 17.67 14.33 32 32 32h464c8.84 0 16-7.16 16-16v-16c0-8.84-7.16-16-16-16zm-387.2-48h22.4c6.4 0 12.8-6.4 12.8-12.8v-70.4c0-6.4-6.4-12.8-12.8-12.8h-22.4c-6.4 0-12.8 6.4-12.8 12.8v70.4c0 6.4 6.4 12.8 12.8 12.8z\" class=\"\"><\/path><\/svg><\/i> <img loading=\"lazy\" decoding=\"async\" width=\"16\" height=\"16\" alt=\"Loading\" src=\"https:\/\/vocesdelacomuna15.com.ar\/wp-content\/plugins\/page-views-count\/ajax-loader-2x.gif\" border=0 \/><\/p>\n<div class=\"pvc_clear\"><\/div>\n","protected":false},"author":2,"featured_media":71051,"comment_status":"closed","ping_status":"closed","sticky":false,"template":"","format":"standard","meta":{"_et_pb_use_builder":"off","_et_pb_old_content":"<!-- wp:paragraph -->\n<p>Fuente: https:\/\/palermonline.com.ar\/<\/p>\n<!-- \/wp:paragraph -->\n\n<!-- wp:paragraph -->\n<p>La comunidad period\u00edstica y barrial de la Ciudad de Buenos Aires despidi\u00f3 con profundo dolor a&nbsp;<strong>Alexandra L\u00f3pez<\/strong>, presidenta en ejercicio de la Asociaci\u00f3n Civil Medios Vecinales, periodista, docente y una de las figuras m\u00e1s activas en la construcci\u00f3n del periodismo de cercan\u00eda en los \u00faltimos a\u00f1os.<\/p>\n<!-- \/wp:paragraph -->\n\n<!-- wp:paragraph -->\n<p>Su fallecimiento, ocurrido en la noche del lunes, dej\u00f3 un golpe seco en un sector que no siempre tiene nombres visibles, pero s\u00ed personas que empujan todos los d\u00edas desde abajo. Y Alexandra era exactamente eso: motor, gesti\u00f3n y presencia.<\/p>\n<!-- \/wp:paragraph -->\n\n<!-- wp:paragraph -->\n<p>Egresada de TEA y DeporTEA en 2008, su camino no fue el t\u00edpico. No esper\u00f3 oportunidades: las cre\u00f3. Se form\u00f3 en Social Media, Comunicaci\u00f3n Digital y Periodismo Digital, incluyendo una diplomatura en la Universidad Pompeu Fabra, en Espa\u00f1a, cuando el mundo digital todav\u00eda era una promesa y no una obligaci\u00f3n.<\/p>\n<!-- \/wp:paragraph -->\n\n<!-- wp:paragraph -->\n<p>Pero donde realmente marc\u00f3 diferencia fue en el hacer.<\/p>\n<!-- \/wp:paragraph -->\n\n<!-- wp:paragraph -->\n<p>En 2009 lanz\u00f3 su propia agencia de noticias parlamentarias, un proyecto que combinaba intuici\u00f3n, visi\u00f3n y una lectura adelantada del rol de la informaci\u00f3n pol\u00edtica. Ese emprendimiento fue reconocido con el premio Desarrollo Emprendedor de la Ciudad de Buenos Aires, un reconocimiento que no solo valid\u00f3 su idea, sino tambi\u00e9n su forma de trabajar: con independencia, con criterio y con coraje.<\/p>\n<!-- \/wp:paragraph -->\n\n<!-- wp:paragraph -->\n<p>Su perfil nunca fue est\u00e1tico. Se especializ\u00f3 en emprendedurismo, marketing y desarrollo de medios, entendiendo algo que hoy parece obvio pero que en ese momento no lo era: que el periodismo tambi\u00e9n ten\u00eda que aprender a sostenerse, a crecer y a adaptarse.<\/p>\n<!-- \/wp:paragraph -->\n\n<!-- wp:paragraph -->\n<p>Desde ese lugar, su vocaci\u00f3n docente se volvi\u00f3 central.<\/p>\n<!-- \/wp:paragraph -->\n\n<!-- wp:paragraph -->\n<p>Fue profesora de Autogesti\u00f3n y Marketing de medios en TEA y de Marketing Deportivo en DeporTEA, formando a generaciones de estudiantes que no solo aprend\u00edan teor\u00eda, sino una manera concreta de ejercer la profesi\u00f3n. Tambi\u00e9n integr\u00f3 la red de capacitadores de FOPEA, con el respaldo del programa Google News Initiative, desde donde llev\u00f3 herramientas y conocimiento a colegas de todo el pa\u00eds.<\/p>\n<!-- \/wp:paragraph -->\n\n<!-- wp:paragraph -->\n<p>Pero su rol m\u00e1s visible en los \u00faltimos a\u00f1os fue dentro de la Asociaci\u00f3n Civil Medios Vecinales, donde asumi\u00f3 la presidencia en un contexto complejo para el sector. All\u00ed impuls\u00f3 la profesionalizaci\u00f3n, la articulaci\u00f3n entre medios y la defensa de un periodismo que muchas veces queda fuera del radar, pero que es el primero en contar lo que pasa en los barrios.<\/p>\n<!-- \/wp:paragraph -->\n\n<!-- wp:paragraph -->\n<p>No era solo gesti\u00f3n. Era presencia.<\/p>\n<!-- \/wp:paragraph -->\n\n<!-- wp:paragraph -->\n<p>Quienes la conocieron coinciden en algo: estaba. En reuniones, en capacitaciones, en proyectos, en ideas nuevas. Siempre en movimiento. Siempre empujando.<\/p>\n<!-- \/wp:paragraph -->\n\n<!-- wp:paragraph -->\n<p>Su muerte deja un vac\u00edo dif\u00edcil de explicar en t\u00e9rminos formales. Porque no se trata solo de un cargo o una funci\u00f3n. Se trata de una generaci\u00f3n de periodistas que entendi\u00f3 que el oficio tambi\u00e9n se construye colectivamente.<\/p>\n<!-- \/wp:paragraph -->\n\n<!-- wp:paragraph -->\n<p>Hoy la despiden colegas, alumnos, amigos y medios de toda la ciudad.<\/p>\n<!-- \/wp:paragraph -->\n\n<!-- wp:paragraph -->\n<p>Quedan sus proyectos, sus clases, sus discusiones, sus ideas.<\/p>\n<!-- \/wp:paragraph -->\n\n<!-- wp:paragraph -->\n<p>Y queda, sobre todo, su forma de entender el periodismo: cerca, activo y comprometido.<\/p>\n<!-- \/wp:paragraph -->\n\n<!-- wp:paragraph -->\n<p>Acompa\u00f1an en este momento a su esposo, a sus hijos y a toda su familia.<\/p>\n<!-- \/wp:paragraph -->\n\n<!-- wp:paragraph -->\n<p>El periodismo vecinal pierde una referente.<br>Muchos periodistas, una maestra.<\/p>\n<!-- \/wp:paragraph -->\n\n<!-- wp:paragraph -->\n<p><strong>Que descanse en paz.<\/strong><\/p>\n<!-- \/wp:paragraph -->\n\n<!-- wp:paragraph -->\n<p><\/p>\n<!-- \/wp:paragraph -->\n\n<!-- wp:paragraph -->\n<p>Caracteres: <\/p>\n<!-- \/wp:paragraph -->","_et_gb_content_width":"","footnotes":""},"categories":[26],"tags":[],"class_list":["post-71049","post","type-post","status-publish","format-standard","has-post-thumbnail","hentry","category-ciudad","et-has-post-format-content","et_post_format-et-post-format-standard"],"a3_pvc":{"activated":true,"total_views":5,"today_views":5},"yoast_head":"<!-- This site is optimized with the Yoast SEO plugin v27.5 - https:\/\/yoast.com\/product\/yoast-seo-wordpress\/ -->\n<title>Falleci\u00f3 Alexandra L\u00f3pez, una voz joven y clave del periodismo - Voces de la Comuna 15<\/title>\n<meta name=\"description\" content=\"Voces de la Comuna 15\" \/>\n<meta name=\"robots\" content=\"index, follow, max-snippet:-1, max-image-preview:large, max-video-preview:-1\" \/>\n<link rel=\"canonical\" href=\"https:\/\/vocesdelacomuna15.com.ar\/press\/fallecio-alexandra-lopez-una-voz-joven-y-clave-del-periodismo\/\" \/>\n<meta property=\"og:locale\" content=\"es_ES\" \/>\n<meta property=\"og:type\" content=\"article\" \/>\n<meta property=\"og:title\" content=\"Falleci\u00f3 Alexandra L\u00f3pez, una voz joven y clave del periodismo - Voces de la Comuna 15\" \/>\n<meta property=\"og:description\" content=\"Voces de la Comuna 15\" \/>\n<meta property=\"og:url\" content=\"https:\/\/vocesdelacomuna15.com.ar\/press\/fallecio-alexandra-lopez-una-voz-joven-y-clave-del-periodismo\/\" \/>\n<meta property=\"og:site_name\" content=\"Voces de la Comuna 15\" \/>\n<meta property=\"article:publisher\" content=\"https:\/\/www.facebook.com\/VocesComuna15\/\" \/>\n<meta property=\"article:published_time\" content=\"2026-04-28T17:27:35+00:00\" \/>\n<meta property=\"article:modified_time\" content=\"2026-04-28T17:27:38+00:00\" \/>\n<meta property=\"og:image\" content=\"https:\/\/vocesdelacomuna15.com.ar\/wp-content\/uploads\/2026\/04\/02-2-1.avif\" \/>\n\t<meta property=\"og:image:width\" content=\"880\" \/>\n\t<meta property=\"og:image:height\" content=\"660\" \/>\n\t<meta property=\"og:image:type\" content=\"image\/jpeg\" \/>\n<meta name=\"author\" content=\"Federico Arguto\" \/>\n<meta name=\"twitter:card\" content=\"summary_large_image\" \/>\n<meta name=\"twitter:creator\" content=\"@vocescomuna15\" \/>\n<meta name=\"twitter:site\" content=\"@vocescomuna15\" \/>\n<meta name=\"twitter:label1\" content=\"Escrito por\" \/>\n\t<meta name=\"twitter:data1\" content=\"Federico Arguto\" \/>\n\t<meta name=\"twitter:label2\" content=\"Tiempo de lectura\" \/>\n\t<meta name=\"twitter:data2\" content=\"3 minutos\" \/>\n<script type=\"application\/ld+json\" class=\"yoast-schema-graph\">{\"@context\":\"https:\\\/\\\/schema.org\",\"@graph\":[{\"@type\":\"Article\",\"@id\":\"https:\\\/\\\/vocesdelacomuna15.com.ar\\\/press\\\/fallecio-alexandra-lopez-una-voz-joven-y-clave-del-periodismo\\\/#article\",\"isPartOf\":{\"@id\":\"https:\\\/\\\/vocesdelacomuna15.com.ar\\\/press\\\/fallecio-alexandra-lopez-una-voz-joven-y-clave-del-periodismo\\\/\"},\"author\":{\"name\":\"Federico Arguto\",\"@id\":\"https:\\\/\\\/vocesdelacomuna15.com.ar\\\/press\\\/#\\\/schema\\\/person\\\/4739e109db25d799cd3d139eeb509e43\"},\"headline\":\"Falleci\u00f3 Alexandra L\u00f3pez, una voz joven y clave del periodismo\",\"datePublished\":\"2026-04-28T17:27:35+00:00\",\"dateModified\":\"2026-04-28T17:27:38+00:00\",\"mainEntityOfPage\":{\"@id\":\"https:\\\/\\\/vocesdelacomuna15.com.ar\\\/press\\\/fallecio-alexandra-lopez-una-voz-joven-y-clave-del-periodismo\\\/\"},\"wordCount\":569,\"publisher\":{\"@id\":\"https:\\\/\\\/vocesdelacomuna15.com.ar\\\/press\\\/#organization\"},\"image\":{\"@id\":\"https:\\\/\\\/vocesdelacomuna15.com.ar\\\/press\\\/fallecio-alexandra-lopez-una-voz-joven-y-clave-del-periodismo\\\/#primaryimage\"},\"thumbnailUrl\":\"https:\\\/\\\/vocesdelacomuna15.com.ar\\\/wp-content\\\/uploads\\\/2026\\\/04\\\/02-2-1.avif\",\"articleSection\":[\"Ciudad\"],\"inLanguage\":\"es-AR\"},{\"@type\":\"WebPage\",\"@id\":\"https:\\\/\\\/vocesdelacomuna15.com.ar\\\/press\\\/fallecio-alexandra-lopez-una-voz-joven-y-clave-del-periodismo\\\/\",\"url\":\"https:\\\/\\\/vocesdelacomuna15.com.ar\\\/press\\\/fallecio-alexandra-lopez-una-voz-joven-y-clave-del-periodismo\\\/\",\"name\":\"Falleci\u00f3 Alexandra L\u00f3pez, una voz joven y clave del periodismo - Voces de la Comuna 15\",\"isPartOf\":{\"@id\":\"https:\\\/\\\/vocesdelacomuna15.com.ar\\\/press\\\/#website\"},\"primaryImageOfPage\":{\"@id\":\"https:\\\/\\\/vocesdelacomuna15.com.ar\\\/press\\\/fallecio-alexandra-lopez-una-voz-joven-y-clave-del-periodismo\\\/#primaryimage\"},\"image\":{\"@id\":\"https:\\\/\\\/vocesdelacomuna15.com.ar\\\/press\\\/fallecio-alexandra-lopez-una-voz-joven-y-clave-del-periodismo\\\/#primaryimage\"},\"thumbnailUrl\":\"https:\\\/\\\/vocesdelacomuna15.com.ar\\\/wp-content\\\/uploads\\\/2026\\\/04\\\/02-2-1.avif\",\"datePublished\":\"2026-04-28T17:27:35+00:00\",\"dateModified\":\"2026-04-28T17:27:38+00:00\",\"description\":\"Voces de la Comuna 15\",\"breadcrumb\":{\"@id\":\"https:\\\/\\\/vocesdelacomuna15.com.ar\\\/press\\\/fallecio-alexandra-lopez-una-voz-joven-y-clave-del-periodismo\\\/#breadcrumb\"},\"inLanguage\":\"es-AR\",\"potentialAction\":[{\"@type\":\"ReadAction\",\"target\":[\"https:\\\/\\\/vocesdelacomuna15.com.ar\\\/press\\\/fallecio-alexandra-lopez-una-voz-joven-y-clave-del-periodismo\\\/\"]}]},{\"@type\":\"ImageObject\",\"inLanguage\":\"es-AR\",\"@id\":\"https:\\\/\\\/vocesdelacomuna15.com.ar\\\/press\\\/fallecio-alexandra-lopez-una-voz-joven-y-clave-del-periodismo\\\/#primaryimage\",\"url\":\"https:\\\/\\\/vocesdelacomuna15.com.ar\\\/wp-content\\\/uploads\\\/2026\\\/04\\\/02-2-1.avif\",\"contentUrl\":\"https:\\\/\\\/vocesdelacomuna15.com.ar\\\/wp-content\\\/uploads\\\/2026\\\/04\\\/02-2-1.avif\",\"width\":880,\"height\":660},{\"@type\":\"BreadcrumbList\",\"@id\":\"https:\\\/\\\/vocesdelacomuna15.com.ar\\\/press\\\/fallecio-alexandra-lopez-una-voz-joven-y-clave-del-periodismo\\\/#breadcrumb\",\"itemListElement\":[{\"@type\":\"ListItem\",\"position\":1,\"name\":\"Inicio\",\"item\":\"https:\\\/\\\/vocesdelacomuna15.com.ar\\\/press\\\/\"},{\"@type\":\"ListItem\",\"position\":2,\"name\":\"Falleci\u00f3 Alexandra L\u00f3pez, una voz joven y clave del periodismo\"}]},{\"@type\":\"WebSite\",\"@id\":\"https:\\\/\\\/vocesdelacomuna15.com.ar\\\/press\\\/#website\",\"url\":\"https:\\\/\\\/vocesdelacomuna15.com.ar\\\/press\\\/\",\"name\":\"Voces de la Comuna 15\",\"description\":\"Sitio web de noticias\",\"publisher\":{\"@id\":\"https:\\\/\\\/vocesdelacomuna15.com.ar\\\/press\\\/#organization\"},\"potentialAction\":[{\"@type\":\"SearchAction\",\"target\":{\"@type\":\"EntryPoint\",\"urlTemplate\":\"https:\\\/\\\/vocesdelacomuna15.com.ar\\\/press\\\/?s={search_term_string}\"},\"query-input\":{\"@type\":\"PropertyValueSpecification\",\"valueRequired\":true,\"valueName\":\"search_term_string\"}}],\"inLanguage\":\"es-AR\"},{\"@type\":\"Organization\",\"@id\":\"https:\\\/\\\/vocesdelacomuna15.com.ar\\\/press\\\/#organization\",\"name\":\"Voces de la Comuna 15\",\"url\":\"https:\\\/\\\/vocesdelacomuna15.com.ar\\\/press\\\/\",\"logo\":{\"@type\":\"ImageObject\",\"inLanguage\":\"es-AR\",\"@id\":\"https:\\\/\\\/vocesdelacomuna15.com.ar\\\/press\\\/#\\\/schema\\\/logo\\\/image\\\/\",\"url\":\"https:\\\/\\\/vocesdelacomuna15.com.ar\\\/wp-content\\\/uploads\\\/2024\\\/12\\\/cropped-logo_voces.jpg\",\"contentUrl\":\"https:\\\/\\\/vocesdelacomuna15.com.ar\\\/wp-content\\\/uploads\\\/2024\\\/12\\\/cropped-logo_voces.jpg\",\"width\":512,\"height\":512,\"caption\":\"Voces de la Comuna 15\"},\"image\":{\"@id\":\"https:\\\/\\\/vocesdelacomuna15.com.ar\\\/press\\\/#\\\/schema\\\/logo\\\/image\\\/\"},\"sameAs\":[\"https:\\\/\\\/www.facebook.com\\\/VocesComuna15\\\/\",\"https:\\\/\\\/x.com\\\/vocescomuna15\"]},{\"@type\":\"Person\",\"@id\":\"https:\\\/\\\/vocesdelacomuna15.com.ar\\\/press\\\/#\\\/schema\\\/person\\\/4739e109db25d799cd3d139eeb509e43\",\"name\":\"Federico Arguto\",\"image\":{\"@type\":\"ImageObject\",\"inLanguage\":\"es-AR\",\"@id\":\"https:\\\/\\\/vocesdelacomuna15.com.ar\\\/wp-content\\\/litespeed\\\/avatar\\\/82faf979976f1bae889b8b71f8a0a7e5.jpg?ver=1776814847\",\"url\":\"https:\\\/\\\/vocesdelacomuna15.com.ar\\\/wp-content\\\/litespeed\\\/avatar\\\/82faf979976f1bae889b8b71f8a0a7e5.jpg?ver=1776814847\",\"contentUrl\":\"https:\\\/\\\/vocesdelacomuna15.com.ar\\\/wp-content\\\/litespeed\\\/avatar\\\/82faf979976f1bae889b8b71f8a0a7e5.jpg?ver=1776814847\",\"caption\":\"Federico Arguto\"},\"url\":\"https:\\\/\\\/vocesdelacomuna15.com.ar\\\/press\\\/author\\\/fede\\\/\"}]}<\/script>\n<!-- \/ Yoast SEO plugin. -->","yoast_head_json":{"title":"Falleci\u00f3 Alexandra L\u00f3pez, una voz joven y clave del periodismo - Voces de la Comuna 15","description":"Voces de la Comuna 15","robots":{"index":"index","follow":"follow","max-snippet":"max-snippet:-1","max-image-preview":"max-image-preview:large","max-video-preview":"max-video-preview:-1"},"canonical":"https:\/\/vocesdelacomuna15.com.ar\/press\/fallecio-alexandra-lopez-una-voz-joven-y-clave-del-periodismo\/","og_locale":"es_ES","og_type":"article","og_title":"Falleci\u00f3 Alexandra L\u00f3pez, una voz joven y clave del periodismo - Voces de la Comuna 15","og_description":"Voces de la Comuna 15","og_url":"https:\/\/vocesdelacomuna15.com.ar\/press\/fallecio-alexandra-lopez-una-voz-joven-y-clave-del-periodismo\/","og_site_name":"Voces de la Comuna 15","article_publisher":"https:\/\/www.facebook.com\/VocesComuna15\/","article_published_time":"2026-04-28T17:27:35+00:00","article_modified_time":"2026-04-28T17:27:38+00:00","og_image":[{"width":880,"height":660,"url":"https:\/\/vocesdelacomuna15.com.ar\/wp-content\/uploads\/2026\/04\/02-2-1.avif","type":"image\/jpeg"}],"author":"Federico Arguto","twitter_card":"summary_large_image","twitter_creator":"@vocescomuna15","twitter_site":"@vocescomuna15","twitter_misc":{"Escrito por":"Federico Arguto","Tiempo de lectura":"3 minutos"},"schema":{"@context":"https:\/\/schema.org","@graph":[{"@type":"Article","@id":"https:\/\/vocesdelacomuna15.com.ar\/press\/fallecio-alexandra-lopez-una-voz-joven-y-clave-del-periodismo\/#article","isPartOf":{"@id":"https:\/\/vocesdelacomuna15.com.ar\/press\/fallecio-alexandra-lopez-una-voz-joven-y-clave-del-periodismo\/"},"author":{"name":"Federico Arguto","@id":"https:\/\/vocesdelacomuna15.com.ar\/press\/#\/schema\/person\/4739e109db25d799cd3d139eeb509e43"},"headline":"Falleci\u00f3 Alexandra L\u00f3pez, una voz joven y clave del periodismo","datePublished":"2026-04-28T17:27:35+00:00","dateModified":"2026-04-28T17:27:38+00:00","mainEntityOfPage":{"@id":"https:\/\/vocesdelacomuna15.com.ar\/press\/fallecio-alexandra-lopez-una-voz-joven-y-clave-del-periodismo\/"},"wordCount":569,"publisher":{"@id":"https:\/\/vocesdelacomuna15.com.ar\/press\/#organization"},"image":{"@id":"https:\/\/vocesdelacomuna15.com.ar\/press\/fallecio-alexandra-lopez-una-voz-joven-y-clave-del-periodismo\/#primaryimage"},"thumbnailUrl":"https:\/\/vocesdelacomuna15.com.ar\/wp-content\/uploads\/2026\/04\/02-2-1.avif","articleSection":["Ciudad"],"inLanguage":"es-AR"},{"@type":"WebPage","@id":"https:\/\/vocesdelacomuna15.com.ar\/press\/fallecio-alexandra-lopez-una-voz-joven-y-clave-del-periodismo\/","url":"https:\/\/vocesdelacomuna15.com.ar\/press\/fallecio-alexandra-lopez-una-voz-joven-y-clave-del-periodismo\/","name":"Falleci\u00f3 Alexandra L\u00f3pez, una voz joven y clave del periodismo - Voces de la Comuna 15","isPartOf":{"@id":"https:\/\/vocesdelacomuna15.com.ar\/press\/#website"},"primaryImageOfPage":{"@id":"https:\/\/vocesdelacomuna15.com.ar\/press\/fallecio-alexandra-lopez-una-voz-joven-y-clave-del-periodismo\/#primaryimage"},"image":{"@id":"https:\/\/vocesdelacomuna15.com.ar\/press\/fallecio-alexandra-lopez-una-voz-joven-y-clave-del-periodismo\/#primaryimage"},"thumbnailUrl":"https:\/\/vocesdelacomuna15.com.ar\/wp-content\/uploads\/2026\/04\/02-2-1.avif","datePublished":"2026-04-28T17:27:35+00:00","dateModified":"2026-04-28T17:27:38+00:00","description":"Voces de la Comuna 15","breadcrumb":{"@id":"https:\/\/vocesdelacomuna15.com.ar\/press\/fallecio-alexandra-lopez-una-voz-joven-y-clave-del-periodismo\/#breadcrumb"},"inLanguage":"es-AR","potentialAction":[{"@type":"ReadAction","target":["https:\/\/vocesdelacomuna15.com.ar\/press\/fallecio-alexandra-lopez-una-voz-joven-y-clave-del-periodismo\/"]}]},{"@type":"ImageObject","inLanguage":"es-AR","@id":"https:\/\/vocesdelacomuna15.com.ar\/press\/fallecio-alexandra-lopez-una-voz-joven-y-clave-del-periodismo\/#primaryimage","url":"https:\/\/vocesdelacomuna15.com.ar\/wp-content\/uploads\/2026\/04\/02-2-1.avif","contentUrl":"https:\/\/vocesdelacomuna15.com.ar\/wp-content\/uploads\/2026\/04\/02-2-1.avif","width":880,"height":660},{"@type":"BreadcrumbList","@id":"https:\/\/vocesdelacomuna15.com.ar\/press\/fallecio-alexandra-lopez-una-voz-joven-y-clave-del-periodismo\/#breadcrumb","itemListElement":[{"@type":"ListItem","position":1,"name":"Inicio","item":"https:\/\/vocesdelacomuna15.com.ar\/press\/"},{"@type":"ListItem","position":2,"name":"Falleci\u00f3 Alexandra L\u00f3pez, una voz joven y clave del periodismo"}]},{"@type":"WebSite","@id":"https:\/\/vocesdelacomuna15.com.ar\/press\/#website","url":"https:\/\/vocesdelacomuna15.com.ar\/press\/","name":"Voces de la Comuna 15","description":"Sitio web de noticias","publisher":{"@id":"https:\/\/vocesdelacomuna15.com.ar\/press\/#organization"},"potentialAction":[{"@type":"SearchAction","target":{"@type":"EntryPoint","urlTemplate":"https:\/\/vocesdelacomuna15.com.ar\/press\/?s={search_term_string}"},"query-input":{"@type":"PropertyValueSpecification","valueRequired":true,"valueName":"search_term_string"}}],"inLanguage":"es-AR"},{"@type":"Organization","@id":"https:\/\/vocesdelacomuna15.com.ar\/press\/#organization","name":"Voces de la Comuna 15","url":"https:\/\/vocesdelacomuna15.com.ar\/press\/","logo":{"@type":"ImageObject","inLanguage":"es-AR","@id":"https:\/\/vocesdelacomuna15.com.ar\/press\/#\/schema\/logo\/image\/","url":"https:\/\/vocesdelacomuna15.com.ar\/wp-content\/uploads\/2024\/12\/cropped-logo_voces.jpg","contentUrl":"https:\/\/vocesdelacomuna15.com.ar\/wp-content\/uploads\/2024\/12\/cropped-logo_voces.jpg","width":512,"height":512,"caption":"Voces de la Comuna 15"},"image":{"@id":"https:\/\/vocesdelacomuna15.com.ar\/press\/#\/schema\/logo\/image\/"},"sameAs":["https:\/\/www.facebook.com\/VocesComuna15\/","https:\/\/x.com\/vocescomuna15"]},{"@type":"Person","@id":"https:\/\/vocesdelacomuna15.com.ar\/press\/#\/schema\/person\/4739e109db25d799cd3d139eeb509e43","name":"Federico Arguto","image":{"@type":"ImageObject","inLanguage":"es-AR","@id":"https:\/\/vocesdelacomuna15.com.ar\/wp-content\/litespeed\/avatar\/82faf979976f1bae889b8b71f8a0a7e5.jpg?ver=1776814847","url":"https:\/\/vocesdelacomuna15.com.ar\/wp-content\/litespeed\/avatar\/82faf979976f1bae889b8b71f8a0a7e5.jpg?ver=1776814847","contentUrl":"https:\/\/vocesdelacomuna15.com.ar\/wp-content\/litespeed\/avatar\/82faf979976f1bae889b8b71f8a0a7e5.jpg?ver=1776814847","caption":"Federico Arguto"},"url":"https:\/\/vocesdelacomuna15.com.ar\/press\/author\/fede\/"}]}},"_links":{"self":[{"href":"https:\/\/vocesdelacomuna15.com.ar\/press\/wp-json\/wp\/v2\/posts\/71049","targetHints":{"allow":["GET"]}}],"collection":[{"href":"https:\/\/vocesdelacomuna15.com.ar\/press\/wp-json\/wp\/v2\/posts"}],"about":[{"href":"https:\/\/vocesdelacomuna15.com.ar\/press\/wp-json\/wp\/v2\/types\/post"}],"author":[{"embeddable":true,"href":"https:\/\/vocesdelacomuna15.com.ar\/press\/wp-json\/wp\/v2\/users\/2"}],"replies":[{"embeddable":true,"href":"https:\/\/vocesdelacomuna15.com.ar\/press\/wp-json\/wp\/v2\/comments?post=71049"}],"version-history":[{"count":2,"href":"https:\/\/vocesdelacomuna15.com.ar\/press\/wp-json\/wp\/v2\/posts\/71049\/revisions"}],"predecessor-version":[{"id":71052,"href":"https:\/\/vocesdelacomuna15.com.ar\/press\/wp-json\/wp\/v2\/posts\/71049\/revisions\/71052"}],"wp:featuredmedia":[{"embeddable":true,"href":"https:\/\/vocesdelacomuna15.com.ar\/press\/wp-json\/wp\/v2\/media\/71051"}],"wp:attachment":[{"href":"https:\/\/vocesdelacomuna15.com.ar\/press\/wp-json\/wp\/v2\/media?parent=71049"}],"wp:term":[{"taxonomy":"category","embeddable":true,"href":"https:\/\/vocesdelacomuna15.com.ar\/press\/wp-json\/wp\/v2\/categories?post=71049"},{"taxonomy":"post_tag","embeddable":true,"href":"https:\/\/vocesdelacomuna15.com.ar\/press\/wp-json\/wp\/v2\/tags?post=71049"}],"curies":[{"name":"wp","href":"https:\/\/api.w.org\/{rel}","templated":true}]}}