{"id":71027,"date":"2026-04-28T00:26:29","date_gmt":"2026-04-28T03:26:29","guid":{"rendered":"https:\/\/vocesdelacomuna15.com.ar\/press\/?p=71027"},"modified":"2026-04-28T00:30:21","modified_gmt":"2026-04-28T03:30:21","slug":"gran-triunfo-del-bicho-ante-huracan-en-el-duco","status":"publish","type":"post","link":"https:\/\/vocesdelacomuna15.com.ar\/press\/gran-triunfo-del-bicho-ante-huracan-en-el-duco\/","title":{"rendered":"Gran triunfo del &#8220;Bicho&#8221; ante Hurac\u00e1n en el Duc\u00f3"},"content":{"rendered":"\n<p>Argentinos Juniors venci\u00f3 al &#8220;Globo&#8221; en Parque Patricios por 2 a 1<\/p>\n\n\n\n<p><\/p>\n\n\n\n<p>En la noche del lunes, cerrando la Fecha 16 de la Liga Profesional Argentina, el equipo de La Paternal venci\u00f3 a los &#8220;Quemeros&#8221; por 2 a 1 en el estadio Tom\u00e1s Adolfo Duc\u00f3. Fue por el mismo resultado que hab\u00eda logrado en 2010 el Argentinos del &#8220;Bichi&#8221; Borghi cuando se consagr\u00f3 campe\u00f3n en ese mismo estadio, logrando la \u00faltima estrella para Argentinos Juniors. Si bien qued\u00f3 ese gran recuerdo para los hinchas del &#8220;Bicho&#8221; este es un estadio en general dif\u00edcil para el &#8220;Tif\u00f3n de Boyac\u00e1&#8221;.<\/p>\n\n\n\n<figure class=\"wp-block-image size-large\"><img loading=\"lazy\" decoding=\"async\" width=\"819\" height=\"1024\" src=\"https:\/\/vocesdelacomuna15.com.ar\/wp-content\/uploads\/2026\/04\/equipo-1-819x1024.avif\" alt=\"\" class=\"wp-image-71030\" srcset=\"https:\/\/vocesdelacomuna15.com.ar\/wp-content\/uploads\/2026\/04\/equipo-1-819x1024.avif 819w, https:\/\/vocesdelacomuna15.com.ar\/wp-content\/uploads\/2026\/04\/equipo-1-240x300.avif 240w, https:\/\/vocesdelacomuna15.com.ar\/wp-content\/uploads\/2026\/04\/equipo-1-768x960.avif 768w, https:\/\/vocesdelacomuna15.com.ar\/wp-content\/uploads\/2026\/04\/equipo-1.avif 1024w\" sizes=\"(max-width: 819px) 100vw, 819px\" \/><\/figure>\n\n\n\n<p><em>La formaci\u00f3n inicial del &#8220;Bicho&#8221; ante Hurac\u00e1n<\/em><\/p>\n\n\n\n<p>A los 13 minutos, despu\u00e9s de errores defensivos y algo de fortuna, Facundo Waller pate\u00f3 desde afuera del \u00e1rea y ayudado por un rebote marc\u00f3 el gol que puso en ventaja al &#8220;Globo&#8221;. Pero a los 34 despu\u00e9s de un desborde y centro preciso de Sebasti\u00e1n Prieto, Tom\u00e1s Molina marc\u00f3 el empate con un soberbio cabezazo. En la segunda etapa el chileno Iv\u00e1n Morales a los 65 minutos puso cifras definitivas con una buena definici\u00f3n, colocando la pelota al costado despu\u00e9s de un buen control tras un exquisito pase de Facundo Jainikoski, de gran partido.<\/p>\n\n\n\n<figure class=\"wp-block-image size-large\"><img loading=\"lazy\" decoding=\"async\" width=\"819\" height=\"1024\" src=\"https:\/\/vocesdelacomuna15.com.ar\/wp-content\/uploads\/2026\/04\/Morales-1-819x1024.avif\" alt=\"\" class=\"wp-image-71031\" srcset=\"https:\/\/vocesdelacomuna15.com.ar\/wp-content\/uploads\/2026\/04\/Morales-1-819x1024.avif 819w, https:\/\/vocesdelacomuna15.com.ar\/wp-content\/uploads\/2026\/04\/Morales-1-240x300.avif 240w, https:\/\/vocesdelacomuna15.com.ar\/wp-content\/uploads\/2026\/04\/Morales-1-768x960.avif 768w, https:\/\/vocesdelacomuna15.com.ar\/wp-content\/uploads\/2026\/04\/Morales-1.avif 940w\" sizes=\"(max-width: 819px) 100vw, 819px\" \/><\/figure>\n\n\n\n<p><em>Iv\u00e1n Morales festejando el gol de la victoria<\/em><\/p>\n\n\n\n<p>Y fue nom\u00e1s victoria para el &#8220;Bicho&#8221;, que se llev\u00f3 un premio importante tras un partido parejo, en el que domin\u00f3 por poco en posesi\u00f3n pero no en llegadas. Con la victoria, Argentinos conserva el tercer lugar en la Zona B con 29 puntos (8 victorias, 5 empates y 2 derrotas), igualando a River en la tabla, pero el &#8220;Millonario&#8221; con mejor diferencia de gol. Independiente Rivadavia de Mendoza, que le gan\u00f3 a Gimnasia de esa provincia el cl\u00e1sico mendocino por 5-1 se asegur\u00f3 el primer lugar del grupo faltando una fecha, con 33 puntos. El &#8220;Bicho&#8221; jugar\u00e1 ante Gimnasia de La Plata como visitante por la fecha que queda para cerrar la primera ronda, pudiendo subir al segundo puesto, mantenerse en el tercero o bajar al cuarto, dependiendo de su resultado, del de River que recibe a Atl\u00e9tico Tucum\u00e1n y del de Rosario Central, que ser\u00e1 local ante Tigre. En la Zona A, el l\u00edder es Estudiantes de La Plata con 28 puntos.<\/p>\n\n\n\n<figure class=\"wp-block-image size-large\"><img loading=\"lazy\" decoding=\"async\" width=\"819\" height=\"1024\" src=\"https:\/\/vocesdelacomuna15.com.ar\/wp-content\/uploads\/2026\/04\/Arg-Hur-819x1024.avif\" alt=\"\" class=\"wp-image-71029\" srcset=\"https:\/\/vocesdelacomuna15.com.ar\/wp-content\/uploads\/2026\/04\/Arg-Hur-819x1024.avif 819w, https:\/\/vocesdelacomuna15.com.ar\/wp-content\/uploads\/2026\/04\/Arg-Hur-240x300.avif 240w, https:\/\/vocesdelacomuna15.com.ar\/wp-content\/uploads\/2026\/04\/Arg-Hur-768x960.avif 768w, https:\/\/vocesdelacomuna15.com.ar\/wp-content\/uploads\/2026\/04\/Arg-Hur.avif 1024w\" sizes=\"(max-width: 819px) 100vw, 819px\" \/><\/figure>\n\n\n\n<p><em>&#8220;Tomi&#8221; Molina convirti\u00f3 nuevamente y fue uno de los mejores del partido<\/em><\/p>\n\n\n\n<p>Ante Hurac\u00e1n, Argentinos form\u00f3 con Cort\u00e9s; Lozano, \u00c1lvarez, Riquelme, Prieto; Lescano, Fattori, Oroz; Morales, Molina y Jainikoski. Ingresaron en el equipo dirigido por Nicol\u00e1s Diez, a los 46 minutos Lucas G\u00f3mez por Oroz, a los 69 Bravo por Prieto, a los 78 Porcel por Morales y a los 87 Godoy por Lescano y Giaccone por Jainikoski.<\/p>\n\n\n\n<p><\/p>\n\n\n\n<p><strong>Resumen del partido <\/strong>(Fuente: TNT Sports \u2013 You Tube):<\/p>\n\n\n\n<figure class=\"wp-block-embed is-type-video is-provider-youtube wp-block-embed-youtube wp-embed-aspect-16-9 wp-has-aspect-ratio\"><div class=\"wp-block-embed__wrapper\">\n<iframe loading=\"lazy\" title=\"Con GOL de Morales y Molina GANA ARGENTINOS | #Hurac\u00e1n 1-2 #Argentinos | Resumen\" width=\"1080\" height=\"608\" src=\"https:\/\/www.youtube.com\/embed\/a1CYSyH2Dt8?feature=oembed\" frameborder=\"0\" allow=\"accelerometer; autoplay; clipboard-write; encrypted-media; gyroscope; picture-in-picture; web-share\" referrerpolicy=\"strict-origin-when-cross-origin\" allowfullscreen><\/iframe>\n<\/div><\/figure>\n\n\n\n<p><\/p>\n\n\n\n<p><strong>Fotos:<\/strong> Prensa AAAJ<\/p>\n\n\n\n<p><\/p>\n\n\n\n<p><strong>Caracteres:<\/strong> 2.266<\/p>\n<div class=\"pvc_clear\"><\/div><p id=\"pvc_stats_71027\" class=\"pvc_stats all  \" data-element-id=\"71027\" style=\"\"><i class=\"pvc-stats-icon small\" aria-hidden=\"true\"><svg aria-hidden=\"true\" focusable=\"false\" data-prefix=\"far\" data-icon=\"chart-bar\" role=\"img\" xmlns=\"http:\/\/www.w3.org\/2000\/svg\" viewBox=\"0 0 512 512\" class=\"svg-inline--fa fa-chart-bar fa-w-16 fa-2x\"><path fill=\"currentColor\" d=\"M396.8 352h22.4c6.4 0 12.8-6.4 12.8-12.8V108.8c0-6.4-6.4-12.8-12.8-12.8h-22.4c-6.4 0-12.8 6.4-12.8 12.8v230.4c0 6.4 6.4 12.8 12.8 12.8zm-192 0h22.4c6.4 0 12.8-6.4 12.8-12.8V140.8c0-6.4-6.4-12.8-12.8-12.8h-22.4c-6.4 0-12.8 6.4-12.8 12.8v198.4c0 6.4 6.4 12.8 12.8 12.8zm96 0h22.4c6.4 0 12.8-6.4 12.8-12.8V204.8c0-6.4-6.4-12.8-12.8-12.8h-22.4c-6.4 0-12.8 6.4-12.8 12.8v134.4c0 6.4 6.4 12.8 12.8 12.8zM496 400H48V80c0-8.84-7.16-16-16-16H16C7.16 64 0 71.16 0 80v336c0 17.67 14.33 32 32 32h464c8.84 0 16-7.16 16-16v-16c0-8.84-7.16-16-16-16zm-387.2-48h22.4c6.4 0 12.8-6.4 12.8-12.8v-70.4c0-6.4-6.4-12.8-12.8-12.8h-22.4c-6.4 0-12.8 6.4-12.8 12.8v70.4c0 6.4 6.4 12.8 12.8 12.8z\" class=\"\"><\/path><\/svg><\/i> <img loading=\"lazy\" decoding=\"async\" width=\"16\" height=\"16\" alt=\"Loading\" src=\"https:\/\/vocesdelacomuna15.com.ar\/wp-content\/plugins\/page-views-count\/ajax-loader-2x.gif\" border=0 \/><\/p><div class=\"pvc_clear\"><\/div>","protected":false},"excerpt":{"rendered":"<p>Argentinos Juniors venci\u00f3 al &#8220;Globo&#8221; en Parque Patricios por 2 a 1 En la noche del lunes, cerrando la Fecha 16 de la Liga Profesional Argentina, el equipo de La Paternal venci\u00f3 a los &#8220;Quemeros&#8221; por 2 a 1 en el estadio Tom\u00e1s Adolfo Duc\u00f3. Fue por el mismo resultado que hab\u00eda logrado en 2010 [&hellip;]<\/p>\n<div class=\"pvc_clear\"><\/div>\n<p id=\"pvc_stats_71027\" class=\"pvc_stats all  \" data-element-id=\"71027\" style=\"\"><i class=\"pvc-stats-icon small\" aria-hidden=\"true\"><svg aria-hidden=\"true\" focusable=\"false\" data-prefix=\"far\" data-icon=\"chart-bar\" role=\"img\" xmlns=\"http:\/\/www.w3.org\/2000\/svg\" viewBox=\"0 0 512 512\" class=\"svg-inline--fa fa-chart-bar fa-w-16 fa-2x\"><path fill=\"currentColor\" d=\"M396.8 352h22.4c6.4 0 12.8-6.4 12.8-12.8V108.8c0-6.4-6.4-12.8-12.8-12.8h-22.4c-6.4 0-12.8 6.4-12.8 12.8v230.4c0 6.4 6.4 12.8 12.8 12.8zm-192 0h22.4c6.4 0 12.8-6.4 12.8-12.8V140.8c0-6.4-6.4-12.8-12.8-12.8h-22.4c-6.4 0-12.8 6.4-12.8 12.8v198.4c0 6.4 6.4 12.8 12.8 12.8zm96 0h22.4c6.4 0 12.8-6.4 12.8-12.8V204.8c0-6.4-6.4-12.8-12.8-12.8h-22.4c-6.4 0-12.8 6.4-12.8 12.8v134.4c0 6.4 6.4 12.8 12.8 12.8zM496 400H48V80c0-8.84-7.16-16-16-16H16C7.16 64 0 71.16 0 80v336c0 17.67 14.33 32 32 32h464c8.84 0 16-7.16 16-16v-16c0-8.84-7.16-16-16-16zm-387.2-48h22.4c6.4 0 12.8-6.4 12.8-12.8v-70.4c0-6.4-6.4-12.8-12.8-12.8h-22.4c-6.4 0-12.8 6.4-12.8 12.8v70.4c0 6.4 6.4 12.8 12.8 12.8z\" class=\"\"><\/path><\/svg><\/i> <img loading=\"lazy\" decoding=\"async\" width=\"16\" height=\"16\" alt=\"Loading\" src=\"https:\/\/vocesdelacomuna15.com.ar\/wp-content\/plugins\/page-views-count\/ajax-loader-2x.gif\" border=0 \/><\/p>\n<div class=\"pvc_clear\"><\/div>\n","protected":false},"author":4,"featured_media":71035,"comment_status":"closed","ping_status":"closed","sticky":false,"template":"","format":"standard","meta":{"_et_pb_use_builder":"off","_et_pb_old_content":"","_et_gb_content_width":"","footnotes":""},"categories":[27,29],"tags":[],"class_list":["post-71027","post","type-post","status-publish","format-standard","has-post-thumbnail","hentry","category-deportes","category-lapa","et-has-post-format-content","et_post_format-et-post-format-standard"],"a3_pvc":{"activated":true,"total_views":4,"today_views":4},"yoast_head":"<!-- This site is optimized with the Yoast SEO plugin v27.5 - https:\/\/yoast.com\/product\/yoast-seo-wordpress\/ -->\n<title>Gran triunfo del &quot;Bicho&quot; ante Hurac\u00e1n en el Duc\u00f3 - Voces de la Comuna 15<\/title>\n<meta name=\"description\" content=\"Voces de la Comuna 15\" \/>\n<meta name=\"robots\" content=\"index, follow, max-snippet:-1, max-image-preview:large, max-video-preview:-1\" \/>\n<link rel=\"canonical\" href=\"https:\/\/vocesdelacomuna15.com.ar\/press\/gran-triunfo-del-bicho-ante-huracan-en-el-duco\/\" \/>\n<meta property=\"og:locale\" content=\"es_ES\" \/>\n<meta property=\"og:type\" content=\"article\" \/>\n<meta property=\"og:title\" content=\"Gran triunfo del &quot;Bicho&quot; ante Hurac\u00e1n en el Duc\u00f3 - Voces de la Comuna 15\" \/>\n<meta property=\"og:description\" content=\"Voces de la Comuna 15\" \/>\n<meta property=\"og:url\" content=\"https:\/\/vocesdelacomuna15.com.ar\/press\/gran-triunfo-del-bicho-ante-huracan-en-el-duco\/\" \/>\n<meta property=\"og:site_name\" content=\"Voces de la Comuna 15\" \/>\n<meta property=\"article:publisher\" content=\"https:\/\/www.facebook.com\/VocesComuna15\/\" \/>\n<meta property=\"article:published_time\" content=\"2026-04-28T03:26:29+00:00\" \/>\n<meta property=\"article:modified_time\" content=\"2026-04-28T03:30:21+00:00\" \/>\n<meta property=\"og:image\" content=\"https:\/\/vocesdelacomuna15.com.ar\/wp-content\/uploads\/2026\/04\/lescano.avif\" \/>\n\t<meta property=\"og:image:width\" content=\"902\" \/>\n\t<meta property=\"og:image:height\" content=\"1128\" \/>\n\t<meta property=\"og:image:type\" content=\"image\/jpeg\" \/>\n<meta name=\"author\" content=\"Santi Arguto\" \/>\n<meta name=\"twitter:card\" content=\"summary_large_image\" \/>\n<meta name=\"twitter:creator\" content=\"@vocescomuna15\" \/>\n<meta name=\"twitter:site\" content=\"@vocescomuna15\" \/>\n<meta name=\"twitter:label1\" content=\"Escrito por\" \/>\n\t<meta name=\"twitter:data1\" content=\"Santi Arguto\" \/>\n\t<meta name=\"twitter:label2\" content=\"Tiempo de lectura\" \/>\n\t<meta name=\"twitter:data2\" content=\"3 minutos\" \/>\n<script type=\"application\/ld+json\" class=\"yoast-schema-graph\">{\"@context\":\"https:\\\/\\\/schema.org\",\"@graph\":[{\"@type\":\"Article\",\"@id\":\"https:\\\/\\\/vocesdelacomuna15.com.ar\\\/press\\\/gran-triunfo-del-bicho-ante-huracan-en-el-duco\\\/#article\",\"isPartOf\":{\"@id\":\"https:\\\/\\\/vocesdelacomuna15.com.ar\\\/press\\\/gran-triunfo-del-bicho-ante-huracan-en-el-duco\\\/\"},\"author\":{\"name\":\"Santi Arguto\",\"@id\":\"https:\\\/\\\/vocesdelacomuna15.com.ar\\\/press\\\/#\\\/schema\\\/person\\\/5a9545e7d8bd893052ea3220f5e25923\"},\"headline\":\"Gran triunfo del &#8220;Bicho&#8221; ante Hurac\u00e1n en el Duc\u00f3\",\"datePublished\":\"2026-04-28T03:26:29+00:00\",\"dateModified\":\"2026-04-28T03:30:21+00:00\",\"mainEntityOfPage\":{\"@id\":\"https:\\\/\\\/vocesdelacomuna15.com.ar\\\/press\\\/gran-triunfo-del-bicho-ante-huracan-en-el-duco\\\/\"},\"wordCount\":477,\"publisher\":{\"@id\":\"https:\\\/\\\/vocesdelacomuna15.com.ar\\\/press\\\/#organization\"},\"image\":{\"@id\":\"https:\\\/\\\/vocesdelacomuna15.com.ar\\\/press\\\/gran-triunfo-del-bicho-ante-huracan-en-el-duco\\\/#primaryimage\"},\"thumbnailUrl\":\"https:\\\/\\\/vocesdelacomuna15.com.ar\\\/wp-content\\\/uploads\\\/2026\\\/04\\\/lescano.avif\",\"articleSection\":[\"Deportes\",\"La Paternal\"],\"inLanguage\":\"es-AR\"},{\"@type\":\"WebPage\",\"@id\":\"https:\\\/\\\/vocesdelacomuna15.com.ar\\\/press\\\/gran-triunfo-del-bicho-ante-huracan-en-el-duco\\\/\",\"url\":\"https:\\\/\\\/vocesdelacomuna15.com.ar\\\/press\\\/gran-triunfo-del-bicho-ante-huracan-en-el-duco\\\/\",\"name\":\"Gran triunfo del \\\"Bicho\\\" ante Hurac\u00e1n en el Duc\u00f3 - Voces de la Comuna 15\",\"isPartOf\":{\"@id\":\"https:\\\/\\\/vocesdelacomuna15.com.ar\\\/press\\\/#website\"},\"primaryImageOfPage\":{\"@id\":\"https:\\\/\\\/vocesdelacomuna15.com.ar\\\/press\\\/gran-triunfo-del-bicho-ante-huracan-en-el-duco\\\/#primaryimage\"},\"image\":{\"@id\":\"https:\\\/\\\/vocesdelacomuna15.com.ar\\\/press\\\/gran-triunfo-del-bicho-ante-huracan-en-el-duco\\\/#primaryimage\"},\"thumbnailUrl\":\"https:\\\/\\\/vocesdelacomuna15.com.ar\\\/wp-content\\\/uploads\\\/2026\\\/04\\\/lescano.avif\",\"datePublished\":\"2026-04-28T03:26:29+00:00\",\"dateModified\":\"2026-04-28T03:30:21+00:00\",\"description\":\"Voces de la Comuna 15\",\"breadcrumb\":{\"@id\":\"https:\\\/\\\/vocesdelacomuna15.com.ar\\\/press\\\/gran-triunfo-del-bicho-ante-huracan-en-el-duco\\\/#breadcrumb\"},\"inLanguage\":\"es-AR\",\"potentialAction\":[{\"@type\":\"ReadAction\",\"target\":[\"https:\\\/\\\/vocesdelacomuna15.com.ar\\\/press\\\/gran-triunfo-del-bicho-ante-huracan-en-el-duco\\\/\"]}]},{\"@type\":\"ImageObject\",\"inLanguage\":\"es-AR\",\"@id\":\"https:\\\/\\\/vocesdelacomuna15.com.ar\\\/press\\\/gran-triunfo-del-bicho-ante-huracan-en-el-duco\\\/#primaryimage\",\"url\":\"https:\\\/\\\/vocesdelacomuna15.com.ar\\\/wp-content\\\/uploads\\\/2026\\\/04\\\/lescano.avif\",\"contentUrl\":\"https:\\\/\\\/vocesdelacomuna15.com.ar\\\/wp-content\\\/uploads\\\/2026\\\/04\\\/lescano.avif\",\"width\":902,\"height\":1128},{\"@type\":\"BreadcrumbList\",\"@id\":\"https:\\\/\\\/vocesdelacomuna15.com.ar\\\/press\\\/gran-triunfo-del-bicho-ante-huracan-en-el-duco\\\/#breadcrumb\",\"itemListElement\":[{\"@type\":\"ListItem\",\"position\":1,\"name\":\"Inicio\",\"item\":\"https:\\\/\\\/vocesdelacomuna15.com.ar\\\/press\\\/\"},{\"@type\":\"ListItem\",\"position\":2,\"name\":\"Gran triunfo del &#8220;Bicho&#8221; ante Hurac\u00e1n en el Duc\u00f3\"}]},{\"@type\":\"WebSite\",\"@id\":\"https:\\\/\\\/vocesdelacomuna15.com.ar\\\/press\\\/#website\",\"url\":\"https:\\\/\\\/vocesdelacomuna15.com.ar\\\/press\\\/\",\"name\":\"Voces de la Comuna 15\",\"description\":\"Sitio web de noticias\",\"publisher\":{\"@id\":\"https:\\\/\\\/vocesdelacomuna15.com.ar\\\/press\\\/#organization\"},\"potentialAction\":[{\"@type\":\"SearchAction\",\"target\":{\"@type\":\"EntryPoint\",\"urlTemplate\":\"https:\\\/\\\/vocesdelacomuna15.com.ar\\\/press\\\/?s={search_term_string}\"},\"query-input\":{\"@type\":\"PropertyValueSpecification\",\"valueRequired\":true,\"valueName\":\"search_term_string\"}}],\"inLanguage\":\"es-AR\"},{\"@type\":\"Organization\",\"@id\":\"https:\\\/\\\/vocesdelacomuna15.com.ar\\\/press\\\/#organization\",\"name\":\"Voces de la Comuna 15\",\"url\":\"https:\\\/\\\/vocesdelacomuna15.com.ar\\\/press\\\/\",\"logo\":{\"@type\":\"ImageObject\",\"inLanguage\":\"es-AR\",\"@id\":\"https:\\\/\\\/vocesdelacomuna15.com.ar\\\/press\\\/#\\\/schema\\\/logo\\\/image\\\/\",\"url\":\"https:\\\/\\\/vocesdelacomuna15.com.ar\\\/wp-content\\\/uploads\\\/2024\\\/12\\\/cropped-logo_voces.jpg\",\"contentUrl\":\"https:\\\/\\\/vocesdelacomuna15.com.ar\\\/wp-content\\\/uploads\\\/2024\\\/12\\\/cropped-logo_voces.jpg\",\"width\":512,\"height\":512,\"caption\":\"Voces de la Comuna 15\"},\"image\":{\"@id\":\"https:\\\/\\\/vocesdelacomuna15.com.ar\\\/press\\\/#\\\/schema\\\/logo\\\/image\\\/\"},\"sameAs\":[\"https:\\\/\\\/www.facebook.com\\\/VocesComuna15\\\/\",\"https:\\\/\\\/x.com\\\/vocescomuna15\"]},{\"@type\":\"Person\",\"@id\":\"https:\\\/\\\/vocesdelacomuna15.com.ar\\\/press\\\/#\\\/schema\\\/person\\\/5a9545e7d8bd893052ea3220f5e25923\",\"name\":\"Santi Arguto\",\"image\":{\"@type\":\"ImageObject\",\"inLanguage\":\"es-AR\",\"@id\":\"https:\\\/\\\/vocesdelacomuna15.com.ar\\\/wp-content\\\/litespeed\\\/avatar\\\/6709381648ba56d01d55f394b7a4881a.jpg?ver=1777237776\",\"url\":\"https:\\\/\\\/vocesdelacomuna15.com.ar\\\/wp-content\\\/litespeed\\\/avatar\\\/6709381648ba56d01d55f394b7a4881a.jpg?ver=1777237776\",\"contentUrl\":\"https:\\\/\\\/vocesdelacomuna15.com.ar\\\/wp-content\\\/litespeed\\\/avatar\\\/6709381648ba56d01d55f394b7a4881a.jpg?ver=1777237776\",\"caption\":\"Santi Arguto\"},\"url\":\"https:\\\/\\\/vocesdelacomuna15.com.ar\\\/press\\\/author\\\/santi\\\/\"}]}<\/script>\n<!-- \/ Yoast SEO plugin. -->","yoast_head_json":{"title":"Gran triunfo del \"Bicho\" ante Hurac\u00e1n en el Duc\u00f3 - Voces de la Comuna 15","description":"Voces de la Comuna 15","robots":{"index":"index","follow":"follow","max-snippet":"max-snippet:-1","max-image-preview":"max-image-preview:large","max-video-preview":"max-video-preview:-1"},"canonical":"https:\/\/vocesdelacomuna15.com.ar\/press\/gran-triunfo-del-bicho-ante-huracan-en-el-duco\/","og_locale":"es_ES","og_type":"article","og_title":"Gran triunfo del \"Bicho\" ante Hurac\u00e1n en el Duc\u00f3 - Voces de la Comuna 15","og_description":"Voces de la Comuna 15","og_url":"https:\/\/vocesdelacomuna15.com.ar\/press\/gran-triunfo-del-bicho-ante-huracan-en-el-duco\/","og_site_name":"Voces de la Comuna 15","article_publisher":"https:\/\/www.facebook.com\/VocesComuna15\/","article_published_time":"2026-04-28T03:26:29+00:00","article_modified_time":"2026-04-28T03:30:21+00:00","og_image":[{"width":902,"height":1128,"url":"https:\/\/vocesdelacomuna15.com.ar\/wp-content\/uploads\/2026\/04\/lescano.avif","type":"image\/jpeg"}],"author":"Santi Arguto","twitter_card":"summary_large_image","twitter_creator":"@vocescomuna15","twitter_site":"@vocescomuna15","twitter_misc":{"Escrito por":"Santi Arguto","Tiempo de lectura":"3 minutos"},"schema":{"@context":"https:\/\/schema.org","@graph":[{"@type":"Article","@id":"https:\/\/vocesdelacomuna15.com.ar\/press\/gran-triunfo-del-bicho-ante-huracan-en-el-duco\/#article","isPartOf":{"@id":"https:\/\/vocesdelacomuna15.com.ar\/press\/gran-triunfo-del-bicho-ante-huracan-en-el-duco\/"},"author":{"name":"Santi Arguto","@id":"https:\/\/vocesdelacomuna15.com.ar\/press\/#\/schema\/person\/5a9545e7d8bd893052ea3220f5e25923"},"headline":"Gran triunfo del &#8220;Bicho&#8221; ante Hurac\u00e1n en el Duc\u00f3","datePublished":"2026-04-28T03:26:29+00:00","dateModified":"2026-04-28T03:30:21+00:00","mainEntityOfPage":{"@id":"https:\/\/vocesdelacomuna15.com.ar\/press\/gran-triunfo-del-bicho-ante-huracan-en-el-duco\/"},"wordCount":477,"publisher":{"@id":"https:\/\/vocesdelacomuna15.com.ar\/press\/#organization"},"image":{"@id":"https:\/\/vocesdelacomuna15.com.ar\/press\/gran-triunfo-del-bicho-ante-huracan-en-el-duco\/#primaryimage"},"thumbnailUrl":"https:\/\/vocesdelacomuna15.com.ar\/wp-content\/uploads\/2026\/04\/lescano.avif","articleSection":["Deportes","La Paternal"],"inLanguage":"es-AR"},{"@type":"WebPage","@id":"https:\/\/vocesdelacomuna15.com.ar\/press\/gran-triunfo-del-bicho-ante-huracan-en-el-duco\/","url":"https:\/\/vocesdelacomuna15.com.ar\/press\/gran-triunfo-del-bicho-ante-huracan-en-el-duco\/","name":"Gran triunfo del \"Bicho\" ante Hurac\u00e1n en el Duc\u00f3 - Voces de la Comuna 15","isPartOf":{"@id":"https:\/\/vocesdelacomuna15.com.ar\/press\/#website"},"primaryImageOfPage":{"@id":"https:\/\/vocesdelacomuna15.com.ar\/press\/gran-triunfo-del-bicho-ante-huracan-en-el-duco\/#primaryimage"},"image":{"@id":"https:\/\/vocesdelacomuna15.com.ar\/press\/gran-triunfo-del-bicho-ante-huracan-en-el-duco\/#primaryimage"},"thumbnailUrl":"https:\/\/vocesdelacomuna15.com.ar\/wp-content\/uploads\/2026\/04\/lescano.avif","datePublished":"2026-04-28T03:26:29+00:00","dateModified":"2026-04-28T03:30:21+00:00","description":"Voces de la Comuna 15","breadcrumb":{"@id":"https:\/\/vocesdelacomuna15.com.ar\/press\/gran-triunfo-del-bicho-ante-huracan-en-el-duco\/#breadcrumb"},"inLanguage":"es-AR","potentialAction":[{"@type":"ReadAction","target":["https:\/\/vocesdelacomuna15.com.ar\/press\/gran-triunfo-del-bicho-ante-huracan-en-el-duco\/"]}]},{"@type":"ImageObject","inLanguage":"es-AR","@id":"https:\/\/vocesdelacomuna15.com.ar\/press\/gran-triunfo-del-bicho-ante-huracan-en-el-duco\/#primaryimage","url":"https:\/\/vocesdelacomuna15.com.ar\/wp-content\/uploads\/2026\/04\/lescano.avif","contentUrl":"https:\/\/vocesdelacomuna15.com.ar\/wp-content\/uploads\/2026\/04\/lescano.avif","width":902,"height":1128},{"@type":"BreadcrumbList","@id":"https:\/\/vocesdelacomuna15.com.ar\/press\/gran-triunfo-del-bicho-ante-huracan-en-el-duco\/#breadcrumb","itemListElement":[{"@type":"ListItem","position":1,"name":"Inicio","item":"https:\/\/vocesdelacomuna15.com.ar\/press\/"},{"@type":"ListItem","position":2,"name":"Gran triunfo del &#8220;Bicho&#8221; ante Hurac\u00e1n en el Duc\u00f3"}]},{"@type":"WebSite","@id":"https:\/\/vocesdelacomuna15.com.ar\/press\/#website","url":"https:\/\/vocesdelacomuna15.com.ar\/press\/","name":"Voces de la Comuna 15","description":"Sitio web de noticias","publisher":{"@id":"https:\/\/vocesdelacomuna15.com.ar\/press\/#organization"},"potentialAction":[{"@type":"SearchAction","target":{"@type":"EntryPoint","urlTemplate":"https:\/\/vocesdelacomuna15.com.ar\/press\/?s={search_term_string}"},"query-input":{"@type":"PropertyValueSpecification","valueRequired":true,"valueName":"search_term_string"}}],"inLanguage":"es-AR"},{"@type":"Organization","@id":"https:\/\/vocesdelacomuna15.com.ar\/press\/#organization","name":"Voces de la Comuna 15","url":"https:\/\/vocesdelacomuna15.com.ar\/press\/","logo":{"@type":"ImageObject","inLanguage":"es-AR","@id":"https:\/\/vocesdelacomuna15.com.ar\/press\/#\/schema\/logo\/image\/","url":"https:\/\/vocesdelacomuna15.com.ar\/wp-content\/uploads\/2024\/12\/cropped-logo_voces.jpg","contentUrl":"https:\/\/vocesdelacomuna15.com.ar\/wp-content\/uploads\/2024\/12\/cropped-logo_voces.jpg","width":512,"height":512,"caption":"Voces de la Comuna 15"},"image":{"@id":"https:\/\/vocesdelacomuna15.com.ar\/press\/#\/schema\/logo\/image\/"},"sameAs":["https:\/\/www.facebook.com\/VocesComuna15\/","https:\/\/x.com\/vocescomuna15"]},{"@type":"Person","@id":"https:\/\/vocesdelacomuna15.com.ar\/press\/#\/schema\/person\/5a9545e7d8bd893052ea3220f5e25923","name":"Santi Arguto","image":{"@type":"ImageObject","inLanguage":"es-AR","@id":"https:\/\/vocesdelacomuna15.com.ar\/wp-content\/litespeed\/avatar\/6709381648ba56d01d55f394b7a4881a.jpg?ver=1777237776","url":"https:\/\/vocesdelacomuna15.com.ar\/wp-content\/litespeed\/avatar\/6709381648ba56d01d55f394b7a4881a.jpg?ver=1777237776","contentUrl":"https:\/\/vocesdelacomuna15.com.ar\/wp-content\/litespeed\/avatar\/6709381648ba56d01d55f394b7a4881a.jpg?ver=1777237776","caption":"Santi Arguto"},"url":"https:\/\/vocesdelacomuna15.com.ar\/press\/author\/santi\/"}]}},"_links":{"self":[{"href":"https:\/\/vocesdelacomuna15.com.ar\/press\/wp-json\/wp\/v2\/posts\/71027","targetHints":{"allow":["GET"]}}],"collection":[{"href":"https:\/\/vocesdelacomuna15.com.ar\/press\/wp-json\/wp\/v2\/posts"}],"about":[{"href":"https:\/\/vocesdelacomuna15.com.ar\/press\/wp-json\/wp\/v2\/types\/post"}],"author":[{"embeddable":true,"href":"https:\/\/vocesdelacomuna15.com.ar\/press\/wp-json\/wp\/v2\/users\/4"}],"replies":[{"embeddable":true,"href":"https:\/\/vocesdelacomuna15.com.ar\/press\/wp-json\/wp\/v2\/comments?post=71027"}],"version-history":[{"count":2,"href":"https:\/\/vocesdelacomuna15.com.ar\/press\/wp-json\/wp\/v2\/posts\/71027\/revisions"}],"predecessor-version":[{"id":71036,"href":"https:\/\/vocesdelacomuna15.com.ar\/press\/wp-json\/wp\/v2\/posts\/71027\/revisions\/71036"}],"wp:featuredmedia":[{"embeddable":true,"href":"https:\/\/vocesdelacomuna15.com.ar\/press\/wp-json\/wp\/v2\/media\/71035"}],"wp:attachment":[{"href":"https:\/\/vocesdelacomuna15.com.ar\/press\/wp-json\/wp\/v2\/media?parent=71027"}],"wp:term":[{"taxonomy":"category","embeddable":true,"href":"https:\/\/vocesdelacomuna15.com.ar\/press\/wp-json\/wp\/v2\/categories?post=71027"},{"taxonomy":"post_tag","embeddable":true,"href":"https:\/\/vocesdelacomuna15.com.ar\/press\/wp-json\/wp\/v2\/tags?post=71027"}],"curies":[{"name":"wp","href":"https:\/\/api.w.org\/{rel}","templated":true}]}}