{"id":70994,"date":"2026-04-27T10:09:27","date_gmt":"2026-04-27T13:09:27","guid":{"rendered":"https:\/\/vocesdelacomuna15.com.ar\/press\/?p=70994"},"modified":"2026-04-27T10:13:41","modified_gmt":"2026-04-27T13:13:41","slug":"que-paso-en-el-desalojo-de-un-predio-ocupado-de-la-paternal-y-el-operativo-que-monto-el-gobierno-porteno","status":"publish","type":"post","link":"https:\/\/vocesdelacomuna15.com.ar\/press\/que-paso-en-el-desalojo-de-un-predio-ocupado-de-la-paternal-y-el-operativo-que-monto-el-gobierno-porteno\/","title":{"rendered":"Qu\u00e9 pas\u00f3 en el desalojo de un predio ocupado de La Paternal y el operativo que mont\u00f3 el gobierno porte\u00f1o"},"content":{"rendered":"\n<p>Nota: La Naci\u00f3n. Link a nota original:<a href=\" https:\/\/www.lanacion.com.ar\/politica\/que-paso-en-el-desalojo-de-un-predio-ocupado-de-la-paternal-y-el-operativo-que-monto-el-gobierno-nid23042026\/\"> https:\/\/www.lanacion.com.ar\/politica\/que-paso-en-el-desalojo-de-un-predio-ocupado-de-la-paternal-y-el-operativo-que-monto-el-gobierno-nid23042026\/<\/a><\/p>\n\n\n\n<p><\/p>\n\n\n\n<p>Un\u00a0<strong>operativo de la Polic\u00eda de la Ciudad<\/strong>\u00a0se despleg\u00f3 el jueves en el barrio porte\u00f1o de\u00a0<strong>La Paternal\u00a0<\/strong>para desalojar un predio ocupado por m\u00e1s de 100 personas, en medio de un clima de tensi\u00f3n y denuncias cruzadas.<\/p>\n\n\n\n<p>El terreno est\u00e1 ubicado en la esquina de\u00a0<strong>San Blas y Andr\u00e9s Lamas<\/strong>\u00a0y cuenta con varias construcciones donde viven familias desde hace a\u00f1os.<\/p>\n\n\n\n<h2 class=\"wp-block-heading\">El l\u00edder de la toma es el hombre que se sac\u00f3 una foto con el cad\u00e1ver de Maradona<\/h2>\n\n\n\n<p>El&nbsp;<a href=\"https:\/\/www.lanacion.com.ar\/politica\/el-lider-de-la-toma-del-predio-desalojado-en-la-paternal-es-el-hombre-que-se-saco-una-foto-con-el-nid23042026\/\">l\u00edder de la usurpaci\u00f3n en el predio desalojado<\/a>&nbsp;result\u00f3 ser&nbsp;<strong>Diego Molina<\/strong>, el<a href=\"https:\/\/www.lanacion.com.ar\/seguridad\/condenaron-al-empleado-de-la-funeraria-que-se-saco-una-foto-con-el-cuerpo-de-diego-maradona-nid15122021\/\"><strong>&nbsp;empleado de una funeraria<\/strong><\/a>&nbsp;que en 2021 fue condenado por la Justicia por el delito de \u2018profanaci\u00f3n de cad\u00e1ver humano\u2019, tras la viralizaci\u00f3n de&nbsp;<strong>una foto suya junto al cuerpo de Diego Armando Maradona en el f\u00e9retro.<\/strong><\/p>\n\n\n\n<p>Su liderazgo en la toma del terreno fue confirmada por fuentes del gobierno porte\u00f1o a&nbsp;<strong>LA NACION<\/strong>. Si bien las autoridades identificaron su rol clave en la usurpaci\u00f3n, no fue detenido.<\/p>\n\n\n\n<figure class=\"wp-block-image size-full\"><img loading=\"lazy\" decoding=\"async\" width=\"780\" height=\"519\" src=\"https:\/\/vocesdelacomuna15.com.ar\/wp-content\/uploads\/2026\/04\/diego-molina-fue-el-tercer-funebrero-que-se-saco-QSID43XPUNA33LL5M5FDCTAR2A.avif\" alt=\"\" class=\"wp-image-70997\" srcset=\"https:\/\/vocesdelacomuna15.com.ar\/wp-content\/uploads\/2026\/04\/diego-molina-fue-el-tercer-funebrero-que-se-saco-QSID43XPUNA33LL5M5FDCTAR2A.avif 780w, https:\/\/vocesdelacomuna15.com.ar\/wp-content\/uploads\/2026\/04\/diego-molina-fue-el-tercer-funebrero-que-se-saco-QSID43XPUNA33LL5M5FDCTAR2A-300x200.avif 300w, https:\/\/vocesdelacomuna15.com.ar\/wp-content\/uploads\/2026\/04\/diego-molina-fue-el-tercer-funebrero-que-se-saco-QSID43XPUNA33LL5M5FDCTAR2A-768x511.avif 768w\" sizes=\"(max-width: 780px) 100vw, 780px\" \/><\/figure>\n\n\n\n<p><em>Diego Molina, junto al cuerpo de Maradona<\/em><\/p>\n\n\n\n<p><\/p>\n\n\n\n<h2 class=\"wp-block-heading\">Un conflicto que lleva d\u00e9cadas<\/h2>\n\n\n\n<p>El origen de la disputa se remonta a fines de los a\u00f1os 90. Seg\u00fan la reconstrucci\u00f3n oficial, la propietaria del lugar dej\u00f3 el inmueble a cargo de una persona en 1998 y, al regresar tiempo despu\u00e9s, encontr\u00f3 que hab\u00eda sido ocupado por m\u00faltiples familias.<\/p>\n\n\n\n<p>Desde entonces, se inici\u00f3 una prolongada batalla judicial que deriv\u00f3 en una&nbsp;<strong>sentencia firme de desalojo en 2009<\/strong>.<\/p>\n\n\n\n<h2 class=\"wp-block-heading\">C\u00f3mo fue el operativo<\/h2>\n\n\n\n<p>El procedimiento comenz\u00f3 por la ma\u00f1ana con un fuerte despliegue policial y la colocaci\u00f3n de vallas en los accesos al predio.<\/p>\n\n\n\n<p>Seg\u00fan fuentes oficiales, la intervenci\u00f3n tambi\u00e9n se vincul\u00f3 con una inspecci\u00f3n previa autorizada por la Justicia ante un presunto&nbsp;<strong>peligro estructural<\/strong>&nbsp;en las viviendas. Durante el operativo, algunas personas permanecieron dentro del lugar mientras otras se concentraron en el exterior para protestar.<\/p>\n\n\n\n<h2 class=\"wp-block-heading\">Denuncias de los ocupantes<\/h2>\n\n\n\n<p>Desde el lugar, los vecinos cuestionaron el procedimiento y denunciaron irregularidades.<\/p>\n\n\n\n<p><strong>\u201cEs un procedimiento irregular, no hay notificaciones previas\u201d<\/strong>, sostuvo una mujer en di\u00e1logo con&nbsp;<em>LN+<\/em>, y agreg\u00f3 que no se les exhibi\u00f3 una orden judicial.<\/p>\n\n\n\n<p>Otros testimonios se\u00f1alaron que entre los habitantes hay&nbsp;<strong>ni\u00f1os y personas con discapacidad<\/strong>, y que algunas familias aseguran haber sido estafadas al comprar o alquilar espacios dentro del predio.&nbsp;<strong>\u201cVamos a resistir hasta que nos muestren una orden\u201d<\/strong>, afirm\u00f3 otra de las personas afectadas.<\/p>\n\n\n\n<h2 class=\"wp-block-heading\">La postura del gobierno porte\u00f1o<\/h2>\n\n\n\n<p>Desde la administraci\u00f3n de la ciudad defendieron el operativo en el marco de una pol\u00edtica de recuperaci\u00f3n de propiedades ocupadas.<\/p>\n\n\n\n<p>En los \u00faltimos meses, el gobierno porte\u00f1o asegur\u00f3 haber recuperado cerca de&nbsp;<strong>600 inmuebles<\/strong>, con el objetivo de garantizar el \u201corden p\u00fablico\u201d y el respeto por la propiedad privada.<\/p>\n\n\n\n<p>El jefe de Gobierno,&nbsp;<strong>Jorge Macri<\/strong>, sostuvo que este tipo de intervenciones buscan evitar situaciones vinculadas a la ilegalidad y la conflictividad en los barrios.<\/p>\n\n\n\n<p><\/p>\n\n\n\n<p>Caracteres: 2.789<\/p>\n<div class=\"pvc_clear\"><\/div><p id=\"pvc_stats_70994\" class=\"pvc_stats all  \" data-element-id=\"70994\" style=\"\"><i class=\"pvc-stats-icon small\" aria-hidden=\"true\"><svg aria-hidden=\"true\" focusable=\"false\" data-prefix=\"far\" data-icon=\"chart-bar\" role=\"img\" xmlns=\"http:\/\/www.w3.org\/2000\/svg\" viewBox=\"0 0 512 512\" class=\"svg-inline--fa fa-chart-bar fa-w-16 fa-2x\"><path fill=\"currentColor\" d=\"M396.8 352h22.4c6.4 0 12.8-6.4 12.8-12.8V108.8c0-6.4-6.4-12.8-12.8-12.8h-22.4c-6.4 0-12.8 6.4-12.8 12.8v230.4c0 6.4 6.4 12.8 12.8 12.8zm-192 0h22.4c6.4 0 12.8-6.4 12.8-12.8V140.8c0-6.4-6.4-12.8-12.8-12.8h-22.4c-6.4 0-12.8 6.4-12.8 12.8v198.4c0 6.4 6.4 12.8 12.8 12.8zm96 0h22.4c6.4 0 12.8-6.4 12.8-12.8V204.8c0-6.4-6.4-12.8-12.8-12.8h-22.4c-6.4 0-12.8 6.4-12.8 12.8v134.4c0 6.4 6.4 12.8 12.8 12.8zM496 400H48V80c0-8.84-7.16-16-16-16H16C7.16 64 0 71.16 0 80v336c0 17.67 14.33 32 32 32h464c8.84 0 16-7.16 16-16v-16c0-8.84-7.16-16-16-16zm-387.2-48h22.4c6.4 0 12.8-6.4 12.8-12.8v-70.4c0-6.4-6.4-12.8-12.8-12.8h-22.4c-6.4 0-12.8 6.4-12.8 12.8v70.4c0 6.4 6.4 12.8 12.8 12.8z\" class=\"\"><\/path><\/svg><\/i> <img loading=\"lazy\" decoding=\"async\" width=\"16\" height=\"16\" alt=\"Loading\" src=\"https:\/\/vocesdelacomuna15.com.ar\/wp-content\/plugins\/page-views-count\/ajax-loader-2x.gif\" border=0 \/><\/p><div class=\"pvc_clear\"><\/div>","protected":false},"excerpt":{"rendered":"<p>Nota: La Naci\u00f3n. Link a nota original: https:\/\/www.lanacion.com.ar\/politica\/que-paso-en-el-desalojo-de-un-predio-ocupado-de-la-paternal-y-el-operativo-que-monto-el-gobierno-nid23042026\/ Un\u00a0operativo de la Polic\u00eda de la Ciudad\u00a0se despleg\u00f3 el jueves en el barrio porte\u00f1o de\u00a0La Paternal\u00a0para desalojar un predio ocupado por m\u00e1s de 100 personas, en medio de un clima de tensi\u00f3n y denuncias cruzadas. El terreno est\u00e1 ubicado en la esquina de\u00a0San Blas y Andr\u00e9s Lamas\u00a0y [&hellip;]<\/p>\n<div class=\"pvc_clear\"><\/div>\n<p id=\"pvc_stats_70994\" class=\"pvc_stats all  \" data-element-id=\"70994\" style=\"\"><i class=\"pvc-stats-icon small\" aria-hidden=\"true\"><svg aria-hidden=\"true\" focusable=\"false\" data-prefix=\"far\" data-icon=\"chart-bar\" role=\"img\" xmlns=\"http:\/\/www.w3.org\/2000\/svg\" viewBox=\"0 0 512 512\" class=\"svg-inline--fa fa-chart-bar fa-w-16 fa-2x\"><path fill=\"currentColor\" d=\"M396.8 352h22.4c6.4 0 12.8-6.4 12.8-12.8V108.8c0-6.4-6.4-12.8-12.8-12.8h-22.4c-6.4 0-12.8 6.4-12.8 12.8v230.4c0 6.4 6.4 12.8 12.8 12.8zm-192 0h22.4c6.4 0 12.8-6.4 12.8-12.8V140.8c0-6.4-6.4-12.8-12.8-12.8h-22.4c-6.4 0-12.8 6.4-12.8 12.8v198.4c0 6.4 6.4 12.8 12.8 12.8zm96 0h22.4c6.4 0 12.8-6.4 12.8-12.8V204.8c0-6.4-6.4-12.8-12.8-12.8h-22.4c-6.4 0-12.8 6.4-12.8 12.8v134.4c0 6.4 6.4 12.8 12.8 12.8zM496 400H48V80c0-8.84-7.16-16-16-16H16C7.16 64 0 71.16 0 80v336c0 17.67 14.33 32 32 32h464c8.84 0 16-7.16 16-16v-16c0-8.84-7.16-16-16-16zm-387.2-48h22.4c6.4 0 12.8-6.4 12.8-12.8v-70.4c0-6.4-6.4-12.8-12.8-12.8h-22.4c-6.4 0-12.8 6.4-12.8 12.8v70.4c0 6.4 6.4 12.8 12.8 12.8z\" class=\"\"><\/path><\/svg><\/i> <img loading=\"lazy\" decoding=\"async\" width=\"16\" height=\"16\" alt=\"Loading\" src=\"https:\/\/vocesdelacomuna15.com.ar\/wp-content\/plugins\/page-views-count\/ajax-loader-2x.gif\" border=0 \/><\/p>\n<div class=\"pvc_clear\"><\/div>\n","protected":false},"author":4,"featured_media":70996,"comment_status":"closed","ping_status":"closed","sticky":false,"template":"","format":"standard","meta":{"_et_pb_use_builder":"off","_et_pb_old_content":"","_et_gb_content_width":"","footnotes":""},"categories":[26],"tags":[],"class_list":["post-70994","post","type-post","status-publish","format-standard","has-post-thumbnail","hentry","category-ciudad","et-has-post-format-content","et_post_format-et-post-format-standard"],"a3_pvc":{"activated":true,"total_views":23,"today_views":0},"yoast_head":"<!-- This site is optimized with the Yoast SEO plugin v27.5 - https:\/\/yoast.com\/product\/yoast-seo-wordpress\/ -->\n<title>Qu\u00e9 pas\u00f3 en el desalojo de un predio ocupado de La Paternal y el operativo que mont\u00f3 el gobierno porte\u00f1o - Voces de la Comuna 15<\/title>\n<meta name=\"description\" content=\"Voces de la Comuna 15\" \/>\n<meta name=\"robots\" content=\"index, follow, max-snippet:-1, max-image-preview:large, max-video-preview:-1\" \/>\n<link rel=\"canonical\" href=\"https:\/\/vocesdelacomuna15.com.ar\/press\/que-paso-en-el-desalojo-de-un-predio-ocupado-de-la-paternal-y-el-operativo-que-monto-el-gobierno-porteno\/\" \/>\n<meta property=\"og:locale\" content=\"es_ES\" \/>\n<meta property=\"og:type\" content=\"article\" \/>\n<meta property=\"og:title\" content=\"Qu\u00e9 pas\u00f3 en el desalojo de un predio ocupado de La Paternal y el operativo que mont\u00f3 el gobierno porte\u00f1o - Voces de la Comuna 15\" \/>\n<meta property=\"og:description\" content=\"Voces de la Comuna 15\" \/>\n<meta property=\"og:url\" content=\"https:\/\/vocesdelacomuna15.com.ar\/press\/que-paso-en-el-desalojo-de-un-predio-ocupado-de-la-paternal-y-el-operativo-que-monto-el-gobierno-porteno\/\" \/>\n<meta property=\"og:site_name\" content=\"Voces de la Comuna 15\" \/>\n<meta property=\"article:publisher\" content=\"https:\/\/www.facebook.com\/VocesComuna15\/\" \/>\n<meta property=\"article:published_time\" content=\"2026-04-27T13:09:27+00:00\" \/>\n<meta property=\"article:modified_time\" content=\"2026-04-27T13:13:41+00:00\" \/>\n<meta property=\"og:image\" content=\"https:\/\/vocesdelacomuna15.com.ar\/wp-content\/uploads\/2024\/12\/cropped-logo_voces.jpg\" \/>\n\t<meta property=\"og:image:width\" content=\"512\" \/>\n\t<meta property=\"og:image:height\" content=\"512\" \/>\n\t<meta property=\"og:image:type\" content=\"image\/jpeg\" \/>\n<meta name=\"author\" content=\"Santi Arguto\" \/>\n<meta name=\"twitter:card\" content=\"summary_large_image\" \/>\n<meta name=\"twitter:creator\" content=\"@vocescomuna15\" \/>\n<meta name=\"twitter:site\" content=\"@vocescomuna15\" \/>\n<meta name=\"twitter:label1\" content=\"Escrito por\" \/>\n\t<meta name=\"twitter:data1\" content=\"Santi Arguto\" \/>\n\t<meta name=\"twitter:label2\" content=\"Tiempo de lectura\" \/>\n\t<meta name=\"twitter:data2\" content=\"3 minutos\" \/>\n<script type=\"application\/ld+json\" class=\"yoast-schema-graph\">{\"@context\":\"https:\\\/\\\/schema.org\",\"@graph\":[{\"@type\":\"Article\",\"@id\":\"https:\\\/\\\/vocesdelacomuna15.com.ar\\\/press\\\/que-paso-en-el-desalojo-de-un-predio-ocupado-de-la-paternal-y-el-operativo-que-monto-el-gobierno-porteno\\\/#article\",\"isPartOf\":{\"@id\":\"https:\\\/\\\/vocesdelacomuna15.com.ar\\\/press\\\/que-paso-en-el-desalojo-de-un-predio-ocupado-de-la-paternal-y-el-operativo-que-monto-el-gobierno-porteno\\\/\"},\"author\":{\"name\":\"Santi Arguto\",\"@id\":\"https:\\\/\\\/vocesdelacomuna15.com.ar\\\/press\\\/#\\\/schema\\\/person\\\/5a9545e7d8bd893052ea3220f5e25923\"},\"headline\":\"Qu\u00e9 pas\u00f3 en el desalojo de un predio ocupado de La Paternal y el operativo que mont\u00f3 el gobierno porte\u00f1o\",\"datePublished\":\"2026-04-27T13:09:27+00:00\",\"dateModified\":\"2026-04-27T13:13:41+00:00\",\"mainEntityOfPage\":{\"@id\":\"https:\\\/\\\/vocesdelacomuna15.com.ar\\\/press\\\/que-paso-en-el-desalojo-de-un-predio-ocupado-de-la-paternal-y-el-operativo-que-monto-el-gobierno-porteno\\\/\"},\"wordCount\":552,\"publisher\":{\"@id\":\"https:\\\/\\\/vocesdelacomuna15.com.ar\\\/press\\\/#organization\"},\"image\":{\"@id\":\"https:\\\/\\\/vocesdelacomuna15.com.ar\\\/press\\\/que-paso-en-el-desalojo-de-un-predio-ocupado-de-la-paternal-y-el-operativo-que-monto-el-gobierno-porteno\\\/#primaryimage\"},\"thumbnailUrl\":\"https:\\\/\\\/vocesdelacomuna15.com.ar\\\/wp-content\\\/uploads\\\/2026\\\/04\\\/desalojo-en-la-MYMM546RJNHSJPZDA7PTDIYSN4.avif\",\"articleSection\":[\"Ciudad\"],\"inLanguage\":\"es-AR\"},{\"@type\":\"WebPage\",\"@id\":\"https:\\\/\\\/vocesdelacomuna15.com.ar\\\/press\\\/que-paso-en-el-desalojo-de-un-predio-ocupado-de-la-paternal-y-el-operativo-que-monto-el-gobierno-porteno\\\/\",\"url\":\"https:\\\/\\\/vocesdelacomuna15.com.ar\\\/press\\\/que-paso-en-el-desalojo-de-un-predio-ocupado-de-la-paternal-y-el-operativo-que-monto-el-gobierno-porteno\\\/\",\"name\":\"Qu\u00e9 pas\u00f3 en el desalojo de un predio ocupado de La Paternal y el operativo que mont\u00f3 el gobierno porte\u00f1o - Voces de la Comuna 15\",\"isPartOf\":{\"@id\":\"https:\\\/\\\/vocesdelacomuna15.com.ar\\\/press\\\/#website\"},\"primaryImageOfPage\":{\"@id\":\"https:\\\/\\\/vocesdelacomuna15.com.ar\\\/press\\\/que-paso-en-el-desalojo-de-un-predio-ocupado-de-la-paternal-y-el-operativo-que-monto-el-gobierno-porteno\\\/#primaryimage\"},\"image\":{\"@id\":\"https:\\\/\\\/vocesdelacomuna15.com.ar\\\/press\\\/que-paso-en-el-desalojo-de-un-predio-ocupado-de-la-paternal-y-el-operativo-que-monto-el-gobierno-porteno\\\/#primaryimage\"},\"thumbnailUrl\":\"https:\\\/\\\/vocesdelacomuna15.com.ar\\\/wp-content\\\/uploads\\\/2026\\\/04\\\/desalojo-en-la-MYMM546RJNHSJPZDA7PTDIYSN4.avif\",\"datePublished\":\"2026-04-27T13:09:27+00:00\",\"dateModified\":\"2026-04-27T13:13:41+00:00\",\"description\":\"Voces de la Comuna 15\",\"breadcrumb\":{\"@id\":\"https:\\\/\\\/vocesdelacomuna15.com.ar\\\/press\\\/que-paso-en-el-desalojo-de-un-predio-ocupado-de-la-paternal-y-el-operativo-que-monto-el-gobierno-porteno\\\/#breadcrumb\"},\"inLanguage\":\"es-AR\",\"potentialAction\":[{\"@type\":\"ReadAction\",\"target\":[\"https:\\\/\\\/vocesdelacomuna15.com.ar\\\/press\\\/que-paso-en-el-desalojo-de-un-predio-ocupado-de-la-paternal-y-el-operativo-que-monto-el-gobierno-porteno\\\/\"]}]},{\"@type\":\"ImageObject\",\"inLanguage\":\"es-AR\",\"@id\":\"https:\\\/\\\/vocesdelacomuna15.com.ar\\\/press\\\/que-paso-en-el-desalojo-de-un-predio-ocupado-de-la-paternal-y-el-operativo-que-monto-el-gobierno-porteno\\\/#primaryimage\",\"url\":\"https:\\\/\\\/vocesdelacomuna15.com.ar\\\/wp-content\\\/uploads\\\/2026\\\/04\\\/desalojo-en-la-MYMM546RJNHSJPZDA7PTDIYSN4.avif\",\"contentUrl\":\"https:\\\/\\\/vocesdelacomuna15.com.ar\\\/wp-content\\\/uploads\\\/2026\\\/04\\\/desalojo-en-la-MYMM546RJNHSJPZDA7PTDIYSN4.avif\",\"width\":1200,\"height\":675},{\"@type\":\"BreadcrumbList\",\"@id\":\"https:\\\/\\\/vocesdelacomuna15.com.ar\\\/press\\\/que-paso-en-el-desalojo-de-un-predio-ocupado-de-la-paternal-y-el-operativo-que-monto-el-gobierno-porteno\\\/#breadcrumb\",\"itemListElement\":[{\"@type\":\"ListItem\",\"position\":1,\"name\":\"Inicio\",\"item\":\"https:\\\/\\\/vocesdelacomuna15.com.ar\\\/press\\\/\"},{\"@type\":\"ListItem\",\"position\":2,\"name\":\"Qu\u00e9 pas\u00f3 en el desalojo de un predio ocupado de La Paternal y el operativo que mont\u00f3 el gobierno porte\u00f1o\"}]},{\"@type\":\"WebSite\",\"@id\":\"https:\\\/\\\/vocesdelacomuna15.com.ar\\\/press\\\/#website\",\"url\":\"https:\\\/\\\/vocesdelacomuna15.com.ar\\\/press\\\/\",\"name\":\"Voces de la Comuna 15\",\"description\":\"Sitio web de noticias\",\"publisher\":{\"@id\":\"https:\\\/\\\/vocesdelacomuna15.com.ar\\\/press\\\/#organization\"},\"potentialAction\":[{\"@type\":\"SearchAction\",\"target\":{\"@type\":\"EntryPoint\",\"urlTemplate\":\"https:\\\/\\\/vocesdelacomuna15.com.ar\\\/press\\\/?s={search_term_string}\"},\"query-input\":{\"@type\":\"PropertyValueSpecification\",\"valueRequired\":true,\"valueName\":\"search_term_string\"}}],\"inLanguage\":\"es-AR\"},{\"@type\":\"Organization\",\"@id\":\"https:\\\/\\\/vocesdelacomuna15.com.ar\\\/press\\\/#organization\",\"name\":\"Voces de la Comuna 15\",\"url\":\"https:\\\/\\\/vocesdelacomuna15.com.ar\\\/press\\\/\",\"logo\":{\"@type\":\"ImageObject\",\"inLanguage\":\"es-AR\",\"@id\":\"https:\\\/\\\/vocesdelacomuna15.com.ar\\\/press\\\/#\\\/schema\\\/logo\\\/image\\\/\",\"url\":\"https:\\\/\\\/vocesdelacomuna15.com.ar\\\/wp-content\\\/uploads\\\/2024\\\/12\\\/cropped-logo_voces.jpg\",\"contentUrl\":\"https:\\\/\\\/vocesdelacomuna15.com.ar\\\/wp-content\\\/uploads\\\/2024\\\/12\\\/cropped-logo_voces.jpg\",\"width\":512,\"height\":512,\"caption\":\"Voces de la Comuna 15\"},\"image\":{\"@id\":\"https:\\\/\\\/vocesdelacomuna15.com.ar\\\/press\\\/#\\\/schema\\\/logo\\\/image\\\/\"},\"sameAs\":[\"https:\\\/\\\/www.facebook.com\\\/VocesComuna15\\\/\",\"https:\\\/\\\/x.com\\\/vocescomuna15\"]},{\"@type\":\"Person\",\"@id\":\"https:\\\/\\\/vocesdelacomuna15.com.ar\\\/press\\\/#\\\/schema\\\/person\\\/5a9545e7d8bd893052ea3220f5e25923\",\"name\":\"Santi Arguto\",\"image\":{\"@type\":\"ImageObject\",\"inLanguage\":\"es-AR\",\"@id\":\"https:\\\/\\\/vocesdelacomuna15.com.ar\\\/wp-content\\\/litespeed\\\/avatar\\\/6709381648ba56d01d55f394b7a4881a.jpg?ver=1777237776\",\"url\":\"https:\\\/\\\/vocesdelacomuna15.com.ar\\\/wp-content\\\/litespeed\\\/avatar\\\/6709381648ba56d01d55f394b7a4881a.jpg?ver=1777237776\",\"contentUrl\":\"https:\\\/\\\/vocesdelacomuna15.com.ar\\\/wp-content\\\/litespeed\\\/avatar\\\/6709381648ba56d01d55f394b7a4881a.jpg?ver=1777237776\",\"caption\":\"Santi Arguto\"},\"url\":\"https:\\\/\\\/vocesdelacomuna15.com.ar\\\/press\\\/author\\\/santi\\\/\"}]}<\/script>\n<!-- \/ Yoast SEO plugin. -->","yoast_head_json":{"title":"Qu\u00e9 pas\u00f3 en el desalojo de un predio ocupado de La Paternal y el operativo que mont\u00f3 el gobierno porte\u00f1o - Voces de la Comuna 15","description":"Voces de la Comuna 15","robots":{"index":"index","follow":"follow","max-snippet":"max-snippet:-1","max-image-preview":"max-image-preview:large","max-video-preview":"max-video-preview:-1"},"canonical":"https:\/\/vocesdelacomuna15.com.ar\/press\/que-paso-en-el-desalojo-de-un-predio-ocupado-de-la-paternal-y-el-operativo-que-monto-el-gobierno-porteno\/","og_locale":"es_ES","og_type":"article","og_title":"Qu\u00e9 pas\u00f3 en el desalojo de un predio ocupado de La Paternal y el operativo que mont\u00f3 el gobierno porte\u00f1o - Voces de la Comuna 15","og_description":"Voces de la Comuna 15","og_url":"https:\/\/vocesdelacomuna15.com.ar\/press\/que-paso-en-el-desalojo-de-un-predio-ocupado-de-la-paternal-y-el-operativo-que-monto-el-gobierno-porteno\/","og_site_name":"Voces de la Comuna 15","article_publisher":"https:\/\/www.facebook.com\/VocesComuna15\/","article_published_time":"2026-04-27T13:09:27+00:00","article_modified_time":"2026-04-27T13:13:41+00:00","og_image":[{"width":512,"height":512,"url":"https:\/\/vocesdelacomuna15.com.ar\/wp-content\/uploads\/2024\/12\/cropped-logo_voces.jpg","type":"image\/jpeg"}],"author":"Santi Arguto","twitter_card":"summary_large_image","twitter_creator":"@vocescomuna15","twitter_site":"@vocescomuna15","twitter_misc":{"Escrito por":"Santi Arguto","Tiempo de lectura":"3 minutos"},"schema":{"@context":"https:\/\/schema.org","@graph":[{"@type":"Article","@id":"https:\/\/vocesdelacomuna15.com.ar\/press\/que-paso-en-el-desalojo-de-un-predio-ocupado-de-la-paternal-y-el-operativo-que-monto-el-gobierno-porteno\/#article","isPartOf":{"@id":"https:\/\/vocesdelacomuna15.com.ar\/press\/que-paso-en-el-desalojo-de-un-predio-ocupado-de-la-paternal-y-el-operativo-que-monto-el-gobierno-porteno\/"},"author":{"name":"Santi Arguto","@id":"https:\/\/vocesdelacomuna15.com.ar\/press\/#\/schema\/person\/5a9545e7d8bd893052ea3220f5e25923"},"headline":"Qu\u00e9 pas\u00f3 en el desalojo de un predio ocupado de La Paternal y el operativo que mont\u00f3 el gobierno porte\u00f1o","datePublished":"2026-04-27T13:09:27+00:00","dateModified":"2026-04-27T13:13:41+00:00","mainEntityOfPage":{"@id":"https:\/\/vocesdelacomuna15.com.ar\/press\/que-paso-en-el-desalojo-de-un-predio-ocupado-de-la-paternal-y-el-operativo-que-monto-el-gobierno-porteno\/"},"wordCount":552,"publisher":{"@id":"https:\/\/vocesdelacomuna15.com.ar\/press\/#organization"},"image":{"@id":"https:\/\/vocesdelacomuna15.com.ar\/press\/que-paso-en-el-desalojo-de-un-predio-ocupado-de-la-paternal-y-el-operativo-que-monto-el-gobierno-porteno\/#primaryimage"},"thumbnailUrl":"https:\/\/vocesdelacomuna15.com.ar\/wp-content\/uploads\/2026\/04\/desalojo-en-la-MYMM546RJNHSJPZDA7PTDIYSN4.avif","articleSection":["Ciudad"],"inLanguage":"es-AR"},{"@type":"WebPage","@id":"https:\/\/vocesdelacomuna15.com.ar\/press\/que-paso-en-el-desalojo-de-un-predio-ocupado-de-la-paternal-y-el-operativo-que-monto-el-gobierno-porteno\/","url":"https:\/\/vocesdelacomuna15.com.ar\/press\/que-paso-en-el-desalojo-de-un-predio-ocupado-de-la-paternal-y-el-operativo-que-monto-el-gobierno-porteno\/","name":"Qu\u00e9 pas\u00f3 en el desalojo de un predio ocupado de La Paternal y el operativo que mont\u00f3 el gobierno porte\u00f1o - Voces de la Comuna 15","isPartOf":{"@id":"https:\/\/vocesdelacomuna15.com.ar\/press\/#website"},"primaryImageOfPage":{"@id":"https:\/\/vocesdelacomuna15.com.ar\/press\/que-paso-en-el-desalojo-de-un-predio-ocupado-de-la-paternal-y-el-operativo-que-monto-el-gobierno-porteno\/#primaryimage"},"image":{"@id":"https:\/\/vocesdelacomuna15.com.ar\/press\/que-paso-en-el-desalojo-de-un-predio-ocupado-de-la-paternal-y-el-operativo-que-monto-el-gobierno-porteno\/#primaryimage"},"thumbnailUrl":"https:\/\/vocesdelacomuna15.com.ar\/wp-content\/uploads\/2026\/04\/desalojo-en-la-MYMM546RJNHSJPZDA7PTDIYSN4.avif","datePublished":"2026-04-27T13:09:27+00:00","dateModified":"2026-04-27T13:13:41+00:00","description":"Voces de la Comuna 15","breadcrumb":{"@id":"https:\/\/vocesdelacomuna15.com.ar\/press\/que-paso-en-el-desalojo-de-un-predio-ocupado-de-la-paternal-y-el-operativo-que-monto-el-gobierno-porteno\/#breadcrumb"},"inLanguage":"es-AR","potentialAction":[{"@type":"ReadAction","target":["https:\/\/vocesdelacomuna15.com.ar\/press\/que-paso-en-el-desalojo-de-un-predio-ocupado-de-la-paternal-y-el-operativo-que-monto-el-gobierno-porteno\/"]}]},{"@type":"ImageObject","inLanguage":"es-AR","@id":"https:\/\/vocesdelacomuna15.com.ar\/press\/que-paso-en-el-desalojo-de-un-predio-ocupado-de-la-paternal-y-el-operativo-que-monto-el-gobierno-porteno\/#primaryimage","url":"https:\/\/vocesdelacomuna15.com.ar\/wp-content\/uploads\/2026\/04\/desalojo-en-la-MYMM546RJNHSJPZDA7PTDIYSN4.avif","contentUrl":"https:\/\/vocesdelacomuna15.com.ar\/wp-content\/uploads\/2026\/04\/desalojo-en-la-MYMM546RJNHSJPZDA7PTDIYSN4.avif","width":1200,"height":675},{"@type":"BreadcrumbList","@id":"https:\/\/vocesdelacomuna15.com.ar\/press\/que-paso-en-el-desalojo-de-un-predio-ocupado-de-la-paternal-y-el-operativo-que-monto-el-gobierno-porteno\/#breadcrumb","itemListElement":[{"@type":"ListItem","position":1,"name":"Inicio","item":"https:\/\/vocesdelacomuna15.com.ar\/press\/"},{"@type":"ListItem","position":2,"name":"Qu\u00e9 pas\u00f3 en el desalojo de un predio ocupado de La Paternal y el operativo que mont\u00f3 el gobierno porte\u00f1o"}]},{"@type":"WebSite","@id":"https:\/\/vocesdelacomuna15.com.ar\/press\/#website","url":"https:\/\/vocesdelacomuna15.com.ar\/press\/","name":"Voces de la Comuna 15","description":"Sitio web de noticias","publisher":{"@id":"https:\/\/vocesdelacomuna15.com.ar\/press\/#organization"},"potentialAction":[{"@type":"SearchAction","target":{"@type":"EntryPoint","urlTemplate":"https:\/\/vocesdelacomuna15.com.ar\/press\/?s={search_term_string}"},"query-input":{"@type":"PropertyValueSpecification","valueRequired":true,"valueName":"search_term_string"}}],"inLanguage":"es-AR"},{"@type":"Organization","@id":"https:\/\/vocesdelacomuna15.com.ar\/press\/#organization","name":"Voces de la Comuna 15","url":"https:\/\/vocesdelacomuna15.com.ar\/press\/","logo":{"@type":"ImageObject","inLanguage":"es-AR","@id":"https:\/\/vocesdelacomuna15.com.ar\/press\/#\/schema\/logo\/image\/","url":"https:\/\/vocesdelacomuna15.com.ar\/wp-content\/uploads\/2024\/12\/cropped-logo_voces.jpg","contentUrl":"https:\/\/vocesdelacomuna15.com.ar\/wp-content\/uploads\/2024\/12\/cropped-logo_voces.jpg","width":512,"height":512,"caption":"Voces de la Comuna 15"},"image":{"@id":"https:\/\/vocesdelacomuna15.com.ar\/press\/#\/schema\/logo\/image\/"},"sameAs":["https:\/\/www.facebook.com\/VocesComuna15\/","https:\/\/x.com\/vocescomuna15"]},{"@type":"Person","@id":"https:\/\/vocesdelacomuna15.com.ar\/press\/#\/schema\/person\/5a9545e7d8bd893052ea3220f5e25923","name":"Santi Arguto","image":{"@type":"ImageObject","inLanguage":"es-AR","@id":"https:\/\/vocesdelacomuna15.com.ar\/wp-content\/litespeed\/avatar\/6709381648ba56d01d55f394b7a4881a.jpg?ver=1777237776","url":"https:\/\/vocesdelacomuna15.com.ar\/wp-content\/litespeed\/avatar\/6709381648ba56d01d55f394b7a4881a.jpg?ver=1777237776","contentUrl":"https:\/\/vocesdelacomuna15.com.ar\/wp-content\/litespeed\/avatar\/6709381648ba56d01d55f394b7a4881a.jpg?ver=1777237776","caption":"Santi Arguto"},"url":"https:\/\/vocesdelacomuna15.com.ar\/press\/author\/santi\/"}]}},"_links":{"self":[{"href":"https:\/\/vocesdelacomuna15.com.ar\/press\/wp-json\/wp\/v2\/posts\/70994","targetHints":{"allow":["GET"]}}],"collection":[{"href":"https:\/\/vocesdelacomuna15.com.ar\/press\/wp-json\/wp\/v2\/posts"}],"about":[{"href":"https:\/\/vocesdelacomuna15.com.ar\/press\/wp-json\/wp\/v2\/types\/post"}],"author":[{"embeddable":true,"href":"https:\/\/vocesdelacomuna15.com.ar\/press\/wp-json\/wp\/v2\/users\/4"}],"replies":[{"embeddable":true,"href":"https:\/\/vocesdelacomuna15.com.ar\/press\/wp-json\/wp\/v2\/comments?post=70994"}],"version-history":[{"count":2,"href":"https:\/\/vocesdelacomuna15.com.ar\/press\/wp-json\/wp\/v2\/posts\/70994\/revisions"}],"predecessor-version":[{"id":70999,"href":"https:\/\/vocesdelacomuna15.com.ar\/press\/wp-json\/wp\/v2\/posts\/70994\/revisions\/70999"}],"wp:featuredmedia":[{"embeddable":true,"href":"https:\/\/vocesdelacomuna15.com.ar\/press\/wp-json\/wp\/v2\/media\/70996"}],"wp:attachment":[{"href":"https:\/\/vocesdelacomuna15.com.ar\/press\/wp-json\/wp\/v2\/media?parent=70994"}],"wp:term":[{"taxonomy":"category","embeddable":true,"href":"https:\/\/vocesdelacomuna15.com.ar\/press\/wp-json\/wp\/v2\/categories?post=70994"},{"taxonomy":"post_tag","embeddable":true,"href":"https:\/\/vocesdelacomuna15.com.ar\/press\/wp-json\/wp\/v2\/tags?post=70994"}],"curies":[{"name":"wp","href":"https:\/\/api.w.org\/{rel}","templated":true}]}}