{"id":70990,"date":"2026-04-23T11:59:00","date_gmt":"2026-04-23T14:59:00","guid":{"rendered":"https:\/\/vocesdelacomuna15.com.ar\/press\/?p=70990"},"modified":"2026-04-27T10:00:37","modified_gmt":"2026-04-27T13:00:37","slug":"mas-de-100-personas-en-la-calle-denuncian-que-jorge-macri-realiza-otro-desalojo-por-decreto-y-sin-orden-judicial","status":"publish","type":"post","link":"https:\/\/vocesdelacomuna15.com.ar\/press\/mas-de-100-personas-en-la-calle-denuncian-que-jorge-macri-realiza-otro-desalojo-por-decreto-y-sin-orden-judicial\/","title":{"rendered":"M\u00e1s de 100 personas en la calle: denuncian que Jorge Macri realiza otro desalojo por decreto y sin orden judicial"},"content":{"rendered":"\n<p>Hay ni\u00f1os y personas con discapacidad. Con decenas de efectivos de la Polic\u00eda porte\u00f1a y personal de la brigada de emergencias, el gobierno porte\u00f1o realiza otro desalojo masivo. El hecho ocurre en Villa General Mitre. M\u00e1s de 40 familias resisten en el lugar. Fuente: Tiempo AR (Por Mart\u00edn Su\u00e1rez)<\/p>\n\n\n\n<p>Link a nota original: <a href=\"https:\/\/www.tiempoar.com.ar\/ta_article\/100-calle-macri-desalojo-decreto\/\">https:\/\/www.tiempoar.com.ar\/ta_article\/100-calle-macri-desalojo-decreto\/<\/a><\/p>\n\n\n\n<p><\/p>\n\n\n\n<p><strong>El gobierno porte\u00f1o sigue dejando a m\u00e1s familias en la calle<\/strong>. En esta ocasi\u00f3n mediante el procedimiento de un desalojo de un inmueble ubicado en San Blas 1974 (San Blas y Andr\u00e9s lamas) en el barrio de Villa General Mitre.\u00a0<strong>El procedimiento comenz\u00f3 a las seis de la madrugada y, seg\u00fan voceros oficiales del gobierno porte\u00f1o<\/strong>, est\u00e1n esperando que la fiscal\u00eda env\u00ede la orden judicial para concretar el desalojo.<\/p>\n\n\n\n<p>El inmueble es habitado por m\u00e1s de 100 personas, algunas de ellas con discapacidad y decenas de ni\u00f1os y ni\u00f1as. Al lugar se acercaron referentes pol\u00edticos,&nbsp;<strong>vecinos y vecinas de barrios linderos y docentes de escuelas aleda\u00f1as, una de ellas, casualmente<\/strong>, de la extinta escuela Fray Justo, establecimiento educativo que fue recientemente cerrado por la gesti\u00f3n de Jorge Macri.<\/p>\n\n\n\n<p>Los legisladores de Fuerza por Buenos Aires,&nbsp;<strong>Delfina Vel\u00e1zquez y Andr\u00e9s La Blunda<\/strong>, se acercaron al inmueble pero r\u00e1pidamente la Polic\u00eda de la Ciudad vall\u00f3 todo el lugar.<\/p>\n\n\n\n<p>\u201c\u00c9ste es uno m\u00e1s de los procedimientos absolutamente ilegales que est\u00e1 llevando adelante el gobierno de la ciudad para poder desalojar a familias sin tener que dar una respuesta habitacional correspondiente,<strong>&nbsp;violando todas las garant\u00edas de las familias porque dicen que tienen una orden telef\u00f3nica<\/strong>&nbsp;de una fiscal\u00eda para ingresar al domicilio cuando no hay ninguna denuncia penal, no hay ning\u00fan delito y no dan cuenta de ninguna orden por escrito\u201d, cont\u00f3 a Tiempo la diputada porte\u00f1a Delfina Vel\u00e1zquez,<\/p>\n\n\n\n<p>\u201cHacen uso de la fuerza para ingresar a los domicilios sin darle ninguna notificaci\u00f3n y violando todos los derechos de las familias Ya ingresaron y les est\u00e1n diciendo que los van a desalojar\u201d, agreg\u00f3 la eferente pol\u00edtica de la Ciudad.<\/p>\n\n\n\n<p><strong>Emir hace 29 a\u00f1os que vive en el inmueble que Jorge Macri est\u00e1 desalojando<\/strong>, y su mam\u00e1 hace m\u00e1s de 40 a\u00f1os que reside en el mismo lugar<\/p>\n\n\n\n<p>\u201cVinieron a las 6 de la ma\u00f1ana 4 camionetas de infanter\u00eda, 4 camionetas de una brigada de la L\u00ednea 103 de emergencias de la Ciudad.&nbsp;<strong>Se quisieron meter si n orden judicial y no los dejamos<\/strong>. Esperaron un rato pas\u00f3 una hora y volvieron a reunirnos a todos y dijeron que s\u00ed, que ya hab\u00eda una orden de&nbsp;<strong>la Fiscal\u00eda n\u00famero 8 y que supuestamente la orden fue por tel\u00e9fono<\/strong>, y tampoco los dejamos pasar\u201d, cont\u00f3 a&nbsp;<strong><em>Tiempo<\/em><\/strong>&nbsp;Emir<\/p>\n\n\n\n<p>\u201cNos quedamos en la puerta con la puerta cerrada bueno pusieron a la Fuerza de Seguridad, nos dijeron que si no sal\u00edamos o no dej\u00e1bamos que entren a sacar fotos lo iban a hacer por la fuerza, dejamos que entren sacaron fotos y dem\u00e1s salieron y ahora nos est\u00e1n haciendo la parte censal.&nbsp;<strong>Aparentemente dicen que nos van a reubicar en otro lado es lo que nosotros queremos<\/strong>. Nosotros no queremos que nos den 200 lucas o 50 lucas por mes. No queremos eso tampoco queremos que nos lleven a ning\u00fan parador porque todos sabemos que es peor que una c\u00e1rcel\u201d, agreg\u00f3.<\/p>\n\n\n\n<p><em>Tiempo<\/em>&nbsp;se puso en contacto con la&nbsp;<strong>Agencia Gubernamental de Control&nbsp;<\/strong>para conocer los motivos del desalojo, pero hasta el momento ning\u00fan funcionario dio respuesta a nuestro pedido.<\/p>\n\n\n\n<p>Uno de los legisladores que tambi\u00e9n estuvo presente y que tras intentar detener el avance de la polic\u00eda fue reprimido junto a las familias, es&nbsp;<strong>Pitu Salvatierra<\/strong>, tambi\u00e9n de Fuerza por Buenos Aires.<\/p>\n\n\n\n<p>\u201cLuego de ser desalojadas las familias, algunas consiguen resolver con un hotel r\u00e1pidamente, otras tardan m\u00e1s tiempo. El problema es que las soluciones son moment\u00e1neas, son temporarias. Entonces las familias quedan en un hotel durante alg\u00fan tiempo que el gobierno se los paga, pero despu\u00e9s se los deja de pagar y quedan en situaci\u00f3n de calle\u201d, cont\u00f3 el diputado a&nbsp;<em>Tiempo<\/em>.<\/p>\n\n\n\n<p>\u201cOtros van a parar a paradores, que son lugares inclusive m\u00e1s precarios que un Hotel. Lo que podemos decir es que el Gobierno de la Ciudad no da una soluci\u00f3n habitacional a ninguna de estas personas que est\u00e1 desalojando. No le da opci\u00f3n de ninguna posibilidad de resolver su problem\u00e1tica. Lo \u00fanico que le importa al gobierno en estos operativos es sacar a la gente afuera del lugar como sea: usando la fuerza, usando lo que tenga que usar\u201d, termina Salvatierra.<\/p>\n<div class=\"pvc_clear\"><\/div><p id=\"pvc_stats_70990\" class=\"pvc_stats all  \" data-element-id=\"70990\" style=\"\"><i class=\"pvc-stats-icon small\" aria-hidden=\"true\"><svg aria-hidden=\"true\" focusable=\"false\" data-prefix=\"far\" data-icon=\"chart-bar\" role=\"img\" xmlns=\"http:\/\/www.w3.org\/2000\/svg\" viewBox=\"0 0 512 512\" class=\"svg-inline--fa fa-chart-bar fa-w-16 fa-2x\"><path fill=\"currentColor\" d=\"M396.8 352h22.4c6.4 0 12.8-6.4 12.8-12.8V108.8c0-6.4-6.4-12.8-12.8-12.8h-22.4c-6.4 0-12.8 6.4-12.8 12.8v230.4c0 6.4 6.4 12.8 12.8 12.8zm-192 0h22.4c6.4 0 12.8-6.4 12.8-12.8V140.8c0-6.4-6.4-12.8-12.8-12.8h-22.4c-6.4 0-12.8 6.4-12.8 12.8v198.4c0 6.4 6.4 12.8 12.8 12.8zm96 0h22.4c6.4 0 12.8-6.4 12.8-12.8V204.8c0-6.4-6.4-12.8-12.8-12.8h-22.4c-6.4 0-12.8 6.4-12.8 12.8v134.4c0 6.4 6.4 12.8 12.8 12.8zM496 400H48V80c0-8.84-7.16-16-16-16H16C7.16 64 0 71.16 0 80v336c0 17.67 14.33 32 32 32h464c8.84 0 16-7.16 16-16v-16c0-8.84-7.16-16-16-16zm-387.2-48h22.4c6.4 0 12.8-6.4 12.8-12.8v-70.4c0-6.4-6.4-12.8-12.8-12.8h-22.4c-6.4 0-12.8 6.4-12.8 12.8v70.4c0 6.4 6.4 12.8 12.8 12.8z\" class=\"\"><\/path><\/svg><\/i> <img loading=\"lazy\" decoding=\"async\" width=\"16\" height=\"16\" alt=\"Loading\" src=\"https:\/\/vocesdelacomuna15.com.ar\/wp-content\/plugins\/page-views-count\/ajax-loader-2x.gif\" border=0 \/><\/p><div class=\"pvc_clear\"><\/div>","protected":false},"excerpt":{"rendered":"<p>Hay ni\u00f1os y personas con discapacidad. Con decenas de efectivos de la Polic\u00eda porte\u00f1a y personal de la brigada de emergencias, el gobierno porte\u00f1o realiza otro desalojo masivo. El hecho ocurre en Villa General Mitre. M\u00e1s de 40 familias resisten en el lugar. Fuente: Tiempo AR (Por Mart\u00edn Su\u00e1rez) Link a nota original: https:\/\/www.tiempoar.com.ar\/ta_article\/100-calle-macri-desalojo-decreto\/ El [&hellip;]<\/p>\n<div class=\"pvc_clear\"><\/div>\n<p id=\"pvc_stats_70990\" class=\"pvc_stats all  \" data-element-id=\"70990\" style=\"\"><i class=\"pvc-stats-icon small\" aria-hidden=\"true\"><svg aria-hidden=\"true\" focusable=\"false\" data-prefix=\"far\" data-icon=\"chart-bar\" role=\"img\" xmlns=\"http:\/\/www.w3.org\/2000\/svg\" viewBox=\"0 0 512 512\" class=\"svg-inline--fa fa-chart-bar fa-w-16 fa-2x\"><path fill=\"currentColor\" d=\"M396.8 352h22.4c6.4 0 12.8-6.4 12.8-12.8V108.8c0-6.4-6.4-12.8-12.8-12.8h-22.4c-6.4 0-12.8 6.4-12.8 12.8v230.4c0 6.4 6.4 12.8 12.8 12.8zm-192 0h22.4c6.4 0 12.8-6.4 12.8-12.8V140.8c0-6.4-6.4-12.8-12.8-12.8h-22.4c-6.4 0-12.8 6.4-12.8 12.8v198.4c0 6.4 6.4 12.8 12.8 12.8zm96 0h22.4c6.4 0 12.8-6.4 12.8-12.8V204.8c0-6.4-6.4-12.8-12.8-12.8h-22.4c-6.4 0-12.8 6.4-12.8 12.8v134.4c0 6.4 6.4 12.8 12.8 12.8zM496 400H48V80c0-8.84-7.16-16-16-16H16C7.16 64 0 71.16 0 80v336c0 17.67 14.33 32 32 32h464c8.84 0 16-7.16 16-16v-16c0-8.84-7.16-16-16-16zm-387.2-48h22.4c6.4 0 12.8-6.4 12.8-12.8v-70.4c0-6.4-6.4-12.8-12.8-12.8h-22.4c-6.4 0-12.8 6.4-12.8 12.8v70.4c0 6.4 6.4 12.8 12.8 12.8z\" class=\"\"><\/path><\/svg><\/i> <img loading=\"lazy\" decoding=\"async\" width=\"16\" height=\"16\" alt=\"Loading\" src=\"https:\/\/vocesdelacomuna15.com.ar\/wp-content\/plugins\/page-views-count\/ajax-loader-2x.gif\" border=0 \/><\/p>\n<div class=\"pvc_clear\"><\/div>\n","protected":false},"author":4,"featured_media":70992,"comment_status":"closed","ping_status":"closed","sticky":false,"template":"","format":"standard","meta":{"_et_pb_use_builder":"off","_et_pb_old_content":"","_et_gb_content_width":"","footnotes":""},"categories":[26],"tags":[],"class_list":["post-70990","post","type-post","status-publish","format-standard","has-post-thumbnail","hentry","category-ciudad","et-has-post-format-content","et_post_format-et-post-format-standard"],"a3_pvc":{"activated":true,"total_views":4,"today_views":0},"yoast_head":"<!-- This site is optimized with the Yoast SEO plugin v27.5 - https:\/\/yoast.com\/product\/yoast-seo-wordpress\/ -->\n<title>M\u00e1s de 100 personas en la calle: denuncian que Jorge Macri realiza otro desalojo por decreto y sin orden judicial - Voces de la Comuna 15<\/title>\n<meta name=\"description\" content=\"Voces de la Comuna 15\" \/>\n<meta name=\"robots\" content=\"index, follow, max-snippet:-1, max-image-preview:large, max-video-preview:-1\" \/>\n<link rel=\"canonical\" href=\"https:\/\/vocesdelacomuna15.com.ar\/press\/mas-de-100-personas-en-la-calle-denuncian-que-jorge-macri-realiza-otro-desalojo-por-decreto-y-sin-orden-judicial\/\" \/>\n<meta property=\"og:locale\" content=\"es_ES\" \/>\n<meta property=\"og:type\" content=\"article\" \/>\n<meta property=\"og:title\" content=\"M\u00e1s de 100 personas en la calle: denuncian que Jorge Macri realiza otro desalojo por decreto y sin orden judicial - Voces de la Comuna 15\" \/>\n<meta property=\"og:description\" content=\"Voces de la Comuna 15\" \/>\n<meta property=\"og:url\" content=\"https:\/\/vocesdelacomuna15.com.ar\/press\/mas-de-100-personas-en-la-calle-denuncian-que-jorge-macri-realiza-otro-desalojo-por-decreto-y-sin-orden-judicial\/\" \/>\n<meta property=\"og:site_name\" content=\"Voces de la Comuna 15\" \/>\n<meta property=\"article:publisher\" content=\"https:\/\/www.facebook.com\/VocesComuna15\/\" \/>\n<meta property=\"article:published_time\" content=\"2026-04-23T14:59:00+00:00\" \/>\n<meta property=\"article:modified_time\" content=\"2026-04-27T13:00:37+00:00\" \/>\n<meta property=\"og:image\" content=\"https:\/\/vocesdelacomuna15.com.ar\/wp-content\/uploads\/2026\/04\/desalojo-2x1-1.avif\" \/>\n\t<meta property=\"og:image:width\" content=\"1200\" \/>\n\t<meta property=\"og:image:height\" content=\"800\" \/>\n\t<meta property=\"og:image:type\" content=\"image\/jpeg\" \/>\n<meta name=\"author\" content=\"Santi Arguto\" \/>\n<meta name=\"twitter:card\" content=\"summary_large_image\" \/>\n<meta name=\"twitter:creator\" content=\"@vocescomuna15\" \/>\n<meta name=\"twitter:site\" content=\"@vocescomuna15\" \/>\n<meta name=\"twitter:label1\" content=\"Escrito por\" \/>\n\t<meta name=\"twitter:data1\" content=\"Santi Arguto\" \/>\n\t<meta name=\"twitter:label2\" content=\"Tiempo de lectura\" \/>\n\t<meta name=\"twitter:data2\" content=\"4 minutos\" \/>\n<script type=\"application\/ld+json\" class=\"yoast-schema-graph\">{\"@context\":\"https:\\\/\\\/schema.org\",\"@graph\":[{\"@type\":\"Article\",\"@id\":\"https:\\\/\\\/vocesdelacomuna15.com.ar\\\/press\\\/mas-de-100-personas-en-la-calle-denuncian-que-jorge-macri-realiza-otro-desalojo-por-decreto-y-sin-orden-judicial\\\/#article\",\"isPartOf\":{\"@id\":\"https:\\\/\\\/vocesdelacomuna15.com.ar\\\/press\\\/mas-de-100-personas-en-la-calle-denuncian-que-jorge-macri-realiza-otro-desalojo-por-decreto-y-sin-orden-judicial\\\/\"},\"author\":{\"name\":\"Santi Arguto\",\"@id\":\"https:\\\/\\\/vocesdelacomuna15.com.ar\\\/press\\\/#\\\/schema\\\/person\\\/5a9545e7d8bd893052ea3220f5e25923\"},\"headline\":\"M\u00e1s de 100 personas en la calle: denuncian que Jorge Macri realiza otro desalojo por decreto y sin orden judicial\",\"datePublished\":\"2026-04-23T14:59:00+00:00\",\"dateModified\":\"2026-04-27T13:00:37+00:00\",\"mainEntityOfPage\":{\"@id\":\"https:\\\/\\\/vocesdelacomuna15.com.ar\\\/press\\\/mas-de-100-personas-en-la-calle-denuncian-que-jorge-macri-realiza-otro-desalojo-por-decreto-y-sin-orden-judicial\\\/\"},\"wordCount\":836,\"publisher\":{\"@id\":\"https:\\\/\\\/vocesdelacomuna15.com.ar\\\/press\\\/#organization\"},\"image\":{\"@id\":\"https:\\\/\\\/vocesdelacomuna15.com.ar\\\/press\\\/mas-de-100-personas-en-la-calle-denuncian-que-jorge-macri-realiza-otro-desalojo-por-decreto-y-sin-orden-judicial\\\/#primaryimage\"},\"thumbnailUrl\":\"https:\\\/\\\/vocesdelacomuna15.com.ar\\\/wp-content\\\/uploads\\\/2026\\\/04\\\/desalojo-2x1-1.avif\",\"articleSection\":[\"Ciudad\"],\"inLanguage\":\"es-AR\"},{\"@type\":\"WebPage\",\"@id\":\"https:\\\/\\\/vocesdelacomuna15.com.ar\\\/press\\\/mas-de-100-personas-en-la-calle-denuncian-que-jorge-macri-realiza-otro-desalojo-por-decreto-y-sin-orden-judicial\\\/\",\"url\":\"https:\\\/\\\/vocesdelacomuna15.com.ar\\\/press\\\/mas-de-100-personas-en-la-calle-denuncian-que-jorge-macri-realiza-otro-desalojo-por-decreto-y-sin-orden-judicial\\\/\",\"name\":\"M\u00e1s de 100 personas en la calle: denuncian que Jorge Macri realiza otro desalojo por decreto y sin orden judicial - Voces de la Comuna 15\",\"isPartOf\":{\"@id\":\"https:\\\/\\\/vocesdelacomuna15.com.ar\\\/press\\\/#website\"},\"primaryImageOfPage\":{\"@id\":\"https:\\\/\\\/vocesdelacomuna15.com.ar\\\/press\\\/mas-de-100-personas-en-la-calle-denuncian-que-jorge-macri-realiza-otro-desalojo-por-decreto-y-sin-orden-judicial\\\/#primaryimage\"},\"image\":{\"@id\":\"https:\\\/\\\/vocesdelacomuna15.com.ar\\\/press\\\/mas-de-100-personas-en-la-calle-denuncian-que-jorge-macri-realiza-otro-desalojo-por-decreto-y-sin-orden-judicial\\\/#primaryimage\"},\"thumbnailUrl\":\"https:\\\/\\\/vocesdelacomuna15.com.ar\\\/wp-content\\\/uploads\\\/2026\\\/04\\\/desalojo-2x1-1.avif\",\"datePublished\":\"2026-04-23T14:59:00+00:00\",\"dateModified\":\"2026-04-27T13:00:37+00:00\",\"description\":\"Voces de la Comuna 15\",\"breadcrumb\":{\"@id\":\"https:\\\/\\\/vocesdelacomuna15.com.ar\\\/press\\\/mas-de-100-personas-en-la-calle-denuncian-que-jorge-macri-realiza-otro-desalojo-por-decreto-y-sin-orden-judicial\\\/#breadcrumb\"},\"inLanguage\":\"es-AR\",\"potentialAction\":[{\"@type\":\"ReadAction\",\"target\":[\"https:\\\/\\\/vocesdelacomuna15.com.ar\\\/press\\\/mas-de-100-personas-en-la-calle-denuncian-que-jorge-macri-realiza-otro-desalojo-por-decreto-y-sin-orden-judicial\\\/\"]}]},{\"@type\":\"ImageObject\",\"inLanguage\":\"es-AR\",\"@id\":\"https:\\\/\\\/vocesdelacomuna15.com.ar\\\/press\\\/mas-de-100-personas-en-la-calle-denuncian-que-jorge-macri-realiza-otro-desalojo-por-decreto-y-sin-orden-judicial\\\/#primaryimage\",\"url\":\"https:\\\/\\\/vocesdelacomuna15.com.ar\\\/wp-content\\\/uploads\\\/2026\\\/04\\\/desalojo-2x1-1.avif\",\"contentUrl\":\"https:\\\/\\\/vocesdelacomuna15.com.ar\\\/wp-content\\\/uploads\\\/2026\\\/04\\\/desalojo-2x1-1.avif\",\"width\":1200,\"height\":800},{\"@type\":\"BreadcrumbList\",\"@id\":\"https:\\\/\\\/vocesdelacomuna15.com.ar\\\/press\\\/mas-de-100-personas-en-la-calle-denuncian-que-jorge-macri-realiza-otro-desalojo-por-decreto-y-sin-orden-judicial\\\/#breadcrumb\",\"itemListElement\":[{\"@type\":\"ListItem\",\"position\":1,\"name\":\"Inicio\",\"item\":\"https:\\\/\\\/vocesdelacomuna15.com.ar\\\/press\\\/\"},{\"@type\":\"ListItem\",\"position\":2,\"name\":\"M\u00e1s de 100 personas en la calle: denuncian que Jorge Macri realiza otro desalojo por decreto y sin orden judicial\"}]},{\"@type\":\"WebSite\",\"@id\":\"https:\\\/\\\/vocesdelacomuna15.com.ar\\\/press\\\/#website\",\"url\":\"https:\\\/\\\/vocesdelacomuna15.com.ar\\\/press\\\/\",\"name\":\"Voces de la Comuna 15\",\"description\":\"Sitio web de noticias\",\"publisher\":{\"@id\":\"https:\\\/\\\/vocesdelacomuna15.com.ar\\\/press\\\/#organization\"},\"potentialAction\":[{\"@type\":\"SearchAction\",\"target\":{\"@type\":\"EntryPoint\",\"urlTemplate\":\"https:\\\/\\\/vocesdelacomuna15.com.ar\\\/press\\\/?s={search_term_string}\"},\"query-input\":{\"@type\":\"PropertyValueSpecification\",\"valueRequired\":true,\"valueName\":\"search_term_string\"}}],\"inLanguage\":\"es-AR\"},{\"@type\":\"Organization\",\"@id\":\"https:\\\/\\\/vocesdelacomuna15.com.ar\\\/press\\\/#organization\",\"name\":\"Voces de la Comuna 15\",\"url\":\"https:\\\/\\\/vocesdelacomuna15.com.ar\\\/press\\\/\",\"logo\":{\"@type\":\"ImageObject\",\"inLanguage\":\"es-AR\",\"@id\":\"https:\\\/\\\/vocesdelacomuna15.com.ar\\\/press\\\/#\\\/schema\\\/logo\\\/image\\\/\",\"url\":\"https:\\\/\\\/vocesdelacomuna15.com.ar\\\/wp-content\\\/uploads\\\/2024\\\/12\\\/cropped-logo_voces.jpg\",\"contentUrl\":\"https:\\\/\\\/vocesdelacomuna15.com.ar\\\/wp-content\\\/uploads\\\/2024\\\/12\\\/cropped-logo_voces.jpg\",\"width\":512,\"height\":512,\"caption\":\"Voces de la Comuna 15\"},\"image\":{\"@id\":\"https:\\\/\\\/vocesdelacomuna15.com.ar\\\/press\\\/#\\\/schema\\\/logo\\\/image\\\/\"},\"sameAs\":[\"https:\\\/\\\/www.facebook.com\\\/VocesComuna15\\\/\",\"https:\\\/\\\/x.com\\\/vocescomuna15\"]},{\"@type\":\"Person\",\"@id\":\"https:\\\/\\\/vocesdelacomuna15.com.ar\\\/press\\\/#\\\/schema\\\/person\\\/5a9545e7d8bd893052ea3220f5e25923\",\"name\":\"Santi Arguto\",\"image\":{\"@type\":\"ImageObject\",\"inLanguage\":\"es-AR\",\"@id\":\"https:\\\/\\\/vocesdelacomuna15.com.ar\\\/wp-content\\\/litespeed\\\/avatar\\\/6709381648ba56d01d55f394b7a4881a.jpg?ver=1777237776\",\"url\":\"https:\\\/\\\/vocesdelacomuna15.com.ar\\\/wp-content\\\/litespeed\\\/avatar\\\/6709381648ba56d01d55f394b7a4881a.jpg?ver=1777237776\",\"contentUrl\":\"https:\\\/\\\/vocesdelacomuna15.com.ar\\\/wp-content\\\/litespeed\\\/avatar\\\/6709381648ba56d01d55f394b7a4881a.jpg?ver=1777237776\",\"caption\":\"Santi Arguto\"},\"url\":\"https:\\\/\\\/vocesdelacomuna15.com.ar\\\/press\\\/author\\\/santi\\\/\"}]}<\/script>\n<!-- \/ Yoast SEO plugin. -->","yoast_head_json":{"title":"M\u00e1s de 100 personas en la calle: denuncian que Jorge Macri realiza otro desalojo por decreto y sin orden judicial - Voces de la Comuna 15","description":"Voces de la Comuna 15","robots":{"index":"index","follow":"follow","max-snippet":"max-snippet:-1","max-image-preview":"max-image-preview:large","max-video-preview":"max-video-preview:-1"},"canonical":"https:\/\/vocesdelacomuna15.com.ar\/press\/mas-de-100-personas-en-la-calle-denuncian-que-jorge-macri-realiza-otro-desalojo-por-decreto-y-sin-orden-judicial\/","og_locale":"es_ES","og_type":"article","og_title":"M\u00e1s de 100 personas en la calle: denuncian que Jorge Macri realiza otro desalojo por decreto y sin orden judicial - Voces de la Comuna 15","og_description":"Voces de la Comuna 15","og_url":"https:\/\/vocesdelacomuna15.com.ar\/press\/mas-de-100-personas-en-la-calle-denuncian-que-jorge-macri-realiza-otro-desalojo-por-decreto-y-sin-orden-judicial\/","og_site_name":"Voces de la Comuna 15","article_publisher":"https:\/\/www.facebook.com\/VocesComuna15\/","article_published_time":"2026-04-23T14:59:00+00:00","article_modified_time":"2026-04-27T13:00:37+00:00","og_image":[{"width":1200,"height":800,"url":"https:\/\/vocesdelacomuna15.com.ar\/wp-content\/uploads\/2026\/04\/desalojo-2x1-1.avif","type":"image\/jpeg"}],"author":"Santi Arguto","twitter_card":"summary_large_image","twitter_creator":"@vocescomuna15","twitter_site":"@vocescomuna15","twitter_misc":{"Escrito por":"Santi Arguto","Tiempo de lectura":"4 minutos"},"schema":{"@context":"https:\/\/schema.org","@graph":[{"@type":"Article","@id":"https:\/\/vocesdelacomuna15.com.ar\/press\/mas-de-100-personas-en-la-calle-denuncian-que-jorge-macri-realiza-otro-desalojo-por-decreto-y-sin-orden-judicial\/#article","isPartOf":{"@id":"https:\/\/vocesdelacomuna15.com.ar\/press\/mas-de-100-personas-en-la-calle-denuncian-que-jorge-macri-realiza-otro-desalojo-por-decreto-y-sin-orden-judicial\/"},"author":{"name":"Santi Arguto","@id":"https:\/\/vocesdelacomuna15.com.ar\/press\/#\/schema\/person\/5a9545e7d8bd893052ea3220f5e25923"},"headline":"M\u00e1s de 100 personas en la calle: denuncian que Jorge Macri realiza otro desalojo por decreto y sin orden judicial","datePublished":"2026-04-23T14:59:00+00:00","dateModified":"2026-04-27T13:00:37+00:00","mainEntityOfPage":{"@id":"https:\/\/vocesdelacomuna15.com.ar\/press\/mas-de-100-personas-en-la-calle-denuncian-que-jorge-macri-realiza-otro-desalojo-por-decreto-y-sin-orden-judicial\/"},"wordCount":836,"publisher":{"@id":"https:\/\/vocesdelacomuna15.com.ar\/press\/#organization"},"image":{"@id":"https:\/\/vocesdelacomuna15.com.ar\/press\/mas-de-100-personas-en-la-calle-denuncian-que-jorge-macri-realiza-otro-desalojo-por-decreto-y-sin-orden-judicial\/#primaryimage"},"thumbnailUrl":"https:\/\/vocesdelacomuna15.com.ar\/wp-content\/uploads\/2026\/04\/desalojo-2x1-1.avif","articleSection":["Ciudad"],"inLanguage":"es-AR"},{"@type":"WebPage","@id":"https:\/\/vocesdelacomuna15.com.ar\/press\/mas-de-100-personas-en-la-calle-denuncian-que-jorge-macri-realiza-otro-desalojo-por-decreto-y-sin-orden-judicial\/","url":"https:\/\/vocesdelacomuna15.com.ar\/press\/mas-de-100-personas-en-la-calle-denuncian-que-jorge-macri-realiza-otro-desalojo-por-decreto-y-sin-orden-judicial\/","name":"M\u00e1s de 100 personas en la calle: denuncian que Jorge Macri realiza otro desalojo por decreto y sin orden judicial - Voces de la Comuna 15","isPartOf":{"@id":"https:\/\/vocesdelacomuna15.com.ar\/press\/#website"},"primaryImageOfPage":{"@id":"https:\/\/vocesdelacomuna15.com.ar\/press\/mas-de-100-personas-en-la-calle-denuncian-que-jorge-macri-realiza-otro-desalojo-por-decreto-y-sin-orden-judicial\/#primaryimage"},"image":{"@id":"https:\/\/vocesdelacomuna15.com.ar\/press\/mas-de-100-personas-en-la-calle-denuncian-que-jorge-macri-realiza-otro-desalojo-por-decreto-y-sin-orden-judicial\/#primaryimage"},"thumbnailUrl":"https:\/\/vocesdelacomuna15.com.ar\/wp-content\/uploads\/2026\/04\/desalojo-2x1-1.avif","datePublished":"2026-04-23T14:59:00+00:00","dateModified":"2026-04-27T13:00:37+00:00","description":"Voces de la Comuna 15","breadcrumb":{"@id":"https:\/\/vocesdelacomuna15.com.ar\/press\/mas-de-100-personas-en-la-calle-denuncian-que-jorge-macri-realiza-otro-desalojo-por-decreto-y-sin-orden-judicial\/#breadcrumb"},"inLanguage":"es-AR","potentialAction":[{"@type":"ReadAction","target":["https:\/\/vocesdelacomuna15.com.ar\/press\/mas-de-100-personas-en-la-calle-denuncian-que-jorge-macri-realiza-otro-desalojo-por-decreto-y-sin-orden-judicial\/"]}]},{"@type":"ImageObject","inLanguage":"es-AR","@id":"https:\/\/vocesdelacomuna15.com.ar\/press\/mas-de-100-personas-en-la-calle-denuncian-que-jorge-macri-realiza-otro-desalojo-por-decreto-y-sin-orden-judicial\/#primaryimage","url":"https:\/\/vocesdelacomuna15.com.ar\/wp-content\/uploads\/2026\/04\/desalojo-2x1-1.avif","contentUrl":"https:\/\/vocesdelacomuna15.com.ar\/wp-content\/uploads\/2026\/04\/desalojo-2x1-1.avif","width":1200,"height":800},{"@type":"BreadcrumbList","@id":"https:\/\/vocesdelacomuna15.com.ar\/press\/mas-de-100-personas-en-la-calle-denuncian-que-jorge-macri-realiza-otro-desalojo-por-decreto-y-sin-orden-judicial\/#breadcrumb","itemListElement":[{"@type":"ListItem","position":1,"name":"Inicio","item":"https:\/\/vocesdelacomuna15.com.ar\/press\/"},{"@type":"ListItem","position":2,"name":"M\u00e1s de 100 personas en la calle: denuncian que Jorge Macri realiza otro desalojo por decreto y sin orden judicial"}]},{"@type":"WebSite","@id":"https:\/\/vocesdelacomuna15.com.ar\/press\/#website","url":"https:\/\/vocesdelacomuna15.com.ar\/press\/","name":"Voces de la Comuna 15","description":"Sitio web de noticias","publisher":{"@id":"https:\/\/vocesdelacomuna15.com.ar\/press\/#organization"},"potentialAction":[{"@type":"SearchAction","target":{"@type":"EntryPoint","urlTemplate":"https:\/\/vocesdelacomuna15.com.ar\/press\/?s={search_term_string}"},"query-input":{"@type":"PropertyValueSpecification","valueRequired":true,"valueName":"search_term_string"}}],"inLanguage":"es-AR"},{"@type":"Organization","@id":"https:\/\/vocesdelacomuna15.com.ar\/press\/#organization","name":"Voces de la Comuna 15","url":"https:\/\/vocesdelacomuna15.com.ar\/press\/","logo":{"@type":"ImageObject","inLanguage":"es-AR","@id":"https:\/\/vocesdelacomuna15.com.ar\/press\/#\/schema\/logo\/image\/","url":"https:\/\/vocesdelacomuna15.com.ar\/wp-content\/uploads\/2024\/12\/cropped-logo_voces.jpg","contentUrl":"https:\/\/vocesdelacomuna15.com.ar\/wp-content\/uploads\/2024\/12\/cropped-logo_voces.jpg","width":512,"height":512,"caption":"Voces de la Comuna 15"},"image":{"@id":"https:\/\/vocesdelacomuna15.com.ar\/press\/#\/schema\/logo\/image\/"},"sameAs":["https:\/\/www.facebook.com\/VocesComuna15\/","https:\/\/x.com\/vocescomuna15"]},{"@type":"Person","@id":"https:\/\/vocesdelacomuna15.com.ar\/press\/#\/schema\/person\/5a9545e7d8bd893052ea3220f5e25923","name":"Santi Arguto","image":{"@type":"ImageObject","inLanguage":"es-AR","@id":"https:\/\/vocesdelacomuna15.com.ar\/wp-content\/litespeed\/avatar\/6709381648ba56d01d55f394b7a4881a.jpg?ver=1777237776","url":"https:\/\/vocesdelacomuna15.com.ar\/wp-content\/litespeed\/avatar\/6709381648ba56d01d55f394b7a4881a.jpg?ver=1777237776","contentUrl":"https:\/\/vocesdelacomuna15.com.ar\/wp-content\/litespeed\/avatar\/6709381648ba56d01d55f394b7a4881a.jpg?ver=1777237776","caption":"Santi Arguto"},"url":"https:\/\/vocesdelacomuna15.com.ar\/press\/author\/santi\/"}]}},"_links":{"self":[{"href":"https:\/\/vocesdelacomuna15.com.ar\/press\/wp-json\/wp\/v2\/posts\/70990","targetHints":{"allow":["GET"]}}],"collection":[{"href":"https:\/\/vocesdelacomuna15.com.ar\/press\/wp-json\/wp\/v2\/posts"}],"about":[{"href":"https:\/\/vocesdelacomuna15.com.ar\/press\/wp-json\/wp\/v2\/types\/post"}],"author":[{"embeddable":true,"href":"https:\/\/vocesdelacomuna15.com.ar\/press\/wp-json\/wp\/v2\/users\/4"}],"replies":[{"embeddable":true,"href":"https:\/\/vocesdelacomuna15.com.ar\/press\/wp-json\/wp\/v2\/comments?post=70990"}],"version-history":[{"count":1,"href":"https:\/\/vocesdelacomuna15.com.ar\/press\/wp-json\/wp\/v2\/posts\/70990\/revisions"}],"predecessor-version":[{"id":70993,"href":"https:\/\/vocesdelacomuna15.com.ar\/press\/wp-json\/wp\/v2\/posts\/70990\/revisions\/70993"}],"wp:featuredmedia":[{"embeddable":true,"href":"https:\/\/vocesdelacomuna15.com.ar\/press\/wp-json\/wp\/v2\/media\/70992"}],"wp:attachment":[{"href":"https:\/\/vocesdelacomuna15.com.ar\/press\/wp-json\/wp\/v2\/media?parent=70990"}],"wp:term":[{"taxonomy":"category","embeddable":true,"href":"https:\/\/vocesdelacomuna15.com.ar\/press\/wp-json\/wp\/v2\/categories?post=70990"},{"taxonomy":"post_tag","embeddable":true,"href":"https:\/\/vocesdelacomuna15.com.ar\/press\/wp-json\/wp\/v2\/tags?post=70990"}],"curies":[{"name":"wp","href":"https:\/\/api.w.org\/{rel}","templated":true}]}}