{"id":70922,"date":"2026-04-24T22:01:51","date_gmt":"2026-04-25T01:01:51","guid":{"rendered":"https:\/\/vocesdelacomuna15.com.ar\/press\/?p=70922"},"modified":"2026-04-24T22:01:53","modified_gmt":"2026-04-25T01:01:53","slug":"la-paternal-hay-tres-detenidos-por-el-desalojo-de-un-predio-tomado-por-mas-de-100-ocupas","status":"publish","type":"post","link":"https:\/\/vocesdelacomuna15.com.ar\/press\/la-paternal-hay-tres-detenidos-por-el-desalojo-de-un-predio-tomado-por-mas-de-100-ocupas\/","title":{"rendered":"La Paternal: hay tres detenidos por el desalojo de un predio tomado por m\u00e1s de 100 ocupas"},"content":{"rendered":"\n<p>Fuente: https:\/\/www.clarin.com\/<\/p>\n\n\n\n<ul class=\"wp-block-list\">\n<li>El lugar se encuentra ubicado en la esquina de las calles San Blas y Andr\u00e9s Lamas.<\/li>\n\n\n\n<li>Estaba usurpado desde el a\u00f1o 2000, y ten\u00eda sentencia firma de desalojo desde 2009.<\/li>\n<\/ul>\n\n\n\n<p>El Gobierno porte\u00f1o llev\u00f3 a cabo este jueves el&nbsp;<strong>desalojo<\/strong>&nbsp;de un predio de&nbsp;<strong>La Paternal<\/strong>&nbsp;que se encontraba tomado por&nbsp;<strong>m\u00e1s de 100 ocupas desde el a\u00f1o 2000.&nbsp;<\/strong>Durante el procedimiento&nbsp;<strong>se detuvo a tres personas&nbsp;<\/strong>por los delitos de atentado y resistencia a la autoridad.<\/p>\n\n\n\n<p>La propiedad, que abarca desde la calle&nbsp;<strong>San Blas 1972 hasta Andr\u00e9s Lamas 2097,<\/strong>&nbsp;le pertenece a una sola persona y tiene&nbsp;<strong>sentencia firme para desalojo desde 2009.<\/strong><\/p>\n\n\n\n<p>\u2060El lugar ya ten\u00eda&nbsp;<strong>denuncias<\/strong>&nbsp;y los ocupas cuentan con&nbsp;<strong>antecedentes, algunos est\u00e1n imputados y tienen sumarios judiciales,<\/strong>&nbsp;seg\u00fan le revelaron a&nbsp;<strong>Clar\u00edn<\/strong>&nbsp;fuentes de la administraci\u00f3n de Jorge Macri.<\/p>\n\n\n\n<p>En este sentido, agregaron que en un primer momento los usurpadores\u00a0<strong>no permit\u00edan que se realizara una inspecci\u00f3n al inmueble,<\/strong>\u00a0que fue autorizado por la titular del \u00c1rea de Flagrancia Este del Ministerio P\u00fablico de la Ciudad, Nancy Aron, por el\u00a0<strong>peligro de derrumbe<\/strong>\u00a0que existe.<\/p>\n\n\n\n<p><img loading=\"lazy\" decoding=\"async\" width=\"720\" height=\"480\" src=\"https:\/\/www.clarin.com\/img\/2026\/04\/24\/-ge2gtN8w_720x0__1.jpg\" alt=\"Desalojo en Paternal San Blas y Andr\u00e9s Lamas.\nFoto Santi Garcia D\u00edaz\"><\/p>\n\n\n\n<p><em>Desalojo en Paternal San Blas y Andr\u00e9s Lamas. Foto Santi Garcia D\u00edaz<\/em><\/p>\n\n\n\n<p>Por su parte, la Polic\u00eda no permiti\u00f3 el ingreso a la cuadra cortada por el operativo. Hubo un&nbsp;<strong>grupo de vecinos que apoy\u00f3 a los habitantes del predio<\/strong>&nbsp;en conflicto para que trataran de resistir el desalojo.&nbsp;<strong>&#8220;No hay una orden judicial. Ac\u00e1 hay gente discapacitada y ni\u00f1os&#8221;<\/strong>, aseguraron para justificar su postura contraria al operativo.<\/p>\n\n\n\n<p>La Guardia de Auxilio porte\u00f1a lleg\u00f3 este jueves muy temprano a la zona, y tras la revisi\u00f3n del lugar se decidi\u00f3 un&nbsp;<strong>desalojo administrativo.<\/strong>&nbsp;Luego de esto una mujer, que dec\u00eda ser hija de una de las ocupantes de la vivienda, quiso ingresar a la misma, pero las fuerzas de seguridad no se lo permitieron y por ello se produjeron&nbsp;<strong>golpes y empujones.<\/strong><\/p>\n\n\n\n<p>Asimismo, en el lugar se hizo un\u00a0<strong>censo<\/strong>\u00a0para determinar con una mayor precisi\u00f3n\u00a0<strong>cu\u00e1ntas personas viven<\/strong>\u00a0en el predio. Esto fue para poder ofrecerles un\u00a0<strong>subsidio habitacional,<\/strong>\u00a0que podr\u00eda ser de\u00a0<strong>$ 150.000 por persona y de hasta $ 227.000<\/strong>\u00a0per c\u00e1pita si el habitante cuenta con un Certificado \u00danico de\u00a0<strong>Discapacidad<\/strong>\u00a0que acredite su condici\u00f3n de salud, y que se otorga por el plazo de\u00a0<strong>un a\u00f1o<\/strong>.<\/p>\n\n\n\n<p><strong>.<\/strong><img loading=\"lazy\" decoding=\"async\" width=\"720\" height=\"480\" src=\"https:\/\/www.clarin.com\/img\/2026\/04\/23\/yPZD_qhMG_720x0__1.jpg\" alt=\"Golpes y empujones en el desalojo. Foto: Luciano Thieberger. \"><\/p>\n\n\n\n<p><em>Golpes y empujones en el desalojo. Foto: Luciano Thieberger.<\/em><\/p>\n\n\n\n<p><\/p>\n\n\n\n<h2 class=\"wp-block-heading\">Desalojo en La Paternal: cu\u00e1ndo comenz\u00f3 el conflicto por el predio usurpado<\/h2>\n\n\n\n<p>El conflicto por el predio de La Paternal comenz\u00f3 en el a\u00f1o&nbsp;<strong>1998,<\/strong>&nbsp;cuando&nbsp;<strong>la due\u00f1a dej\u00f3 a cargo del inmueble a una mujer<\/strong>&nbsp;y, cuando regres\u00f3 a\u00f1os despu\u00e9s, se encontr\u00f3 con que&nbsp;<strong>m\u00e1s personas viv\u00edan<\/strong>&nbsp;en el lugar.<\/p>\n\n\n\n<p>A partir de aquel momento, y hasta ahora, se dio una puja legal en la cual los ocupas acumularon una serie de denuncias y antecedentes, e incluso algunos est\u00e1n imputados y tienen sumarios. Uno de ellos, incluso, ser\u00eda\u00a0<strong>delegado de la Asociaci\u00f3n Trabajadores del Estado (ATE),<\/strong>\u00a0de acuerdo a las fuentes consultadas.<\/p>\n\n\n\n<p><img loading=\"lazy\" decoding=\"async\" width=\"720\" height=\"480\" src=\"https:\/\/www.clarin.com\/img\/2026\/04\/23\/oDzDIKfyr_720x0__1.jpg\" alt=\"El conflicto por el predio de La Paternal comenz\u00f3 en el a\u00f1o 1998 Foto: Luciano Thieberger. \"><\/p>\n\n\n\n<p><em>El conflicto por el predio de La Paternal comenz\u00f3 en el a\u00f1o 1998 Foto: Luciano Thieberger.<\/em><\/p>\n\n\n\n<p>En di\u00e1logo con&nbsp;<em>LN+<\/em>, una de las personas que se acerc\u00f3 hasta el lugar afirm\u00f3: \u201cLas personas adentro est\u00e1n&nbsp;<strong>incomunicadas,<\/strong>&nbsp;no nos dejan entrar. Es un&nbsp;<strong>procedimiento irregular: no hay notificaciones previas.<\/strong>&nbsp;Vienen por un pedido de inspecci\u00f3n. Las familias tienen derecho a decir s\u00ed o no\u201d.<\/p>\n\n\n\n<p>A su vez, otra persona asegur\u00f3 que&nbsp;<strong>\u201clos estafaron, hay familias que pagaban&#8230;<\/strong>&nbsp;Los estafaron porque era alguien que seguro hab\u00eda comprado esta propiedad. Hay una mam\u00e1 que la compr\u00f3 a quien dec\u00eda ser el due\u00f1o. \u00bfLes parece justo esto? Esto es todo mentira&#8221;.<\/p>\n\n\n\n<p><\/p>\n\n\n\n<p>Caracteres: 3.298<\/p>\n<div class=\"pvc_clear\"><\/div><p id=\"pvc_stats_70922\" class=\"pvc_stats all  \" data-element-id=\"70922\" style=\"\"><i class=\"pvc-stats-icon small\" aria-hidden=\"true\"><svg aria-hidden=\"true\" focusable=\"false\" data-prefix=\"far\" data-icon=\"chart-bar\" role=\"img\" xmlns=\"http:\/\/www.w3.org\/2000\/svg\" viewBox=\"0 0 512 512\" class=\"svg-inline--fa fa-chart-bar fa-w-16 fa-2x\"><path fill=\"currentColor\" d=\"M396.8 352h22.4c6.4 0 12.8-6.4 12.8-12.8V108.8c0-6.4-6.4-12.8-12.8-12.8h-22.4c-6.4 0-12.8 6.4-12.8 12.8v230.4c0 6.4 6.4 12.8 12.8 12.8zm-192 0h22.4c6.4 0 12.8-6.4 12.8-12.8V140.8c0-6.4-6.4-12.8-12.8-12.8h-22.4c-6.4 0-12.8 6.4-12.8 12.8v198.4c0 6.4 6.4 12.8 12.8 12.8zm96 0h22.4c6.4 0 12.8-6.4 12.8-12.8V204.8c0-6.4-6.4-12.8-12.8-12.8h-22.4c-6.4 0-12.8 6.4-12.8 12.8v134.4c0 6.4 6.4 12.8 12.8 12.8zM496 400H48V80c0-8.84-7.16-16-16-16H16C7.16 64 0 71.16 0 80v336c0 17.67 14.33 32 32 32h464c8.84 0 16-7.16 16-16v-16c0-8.84-7.16-16-16-16zm-387.2-48h22.4c6.4 0 12.8-6.4 12.8-12.8v-70.4c0-6.4-6.4-12.8-12.8-12.8h-22.4c-6.4 0-12.8 6.4-12.8 12.8v70.4c0 6.4 6.4 12.8 12.8 12.8z\" class=\"\"><\/path><\/svg><\/i> <img loading=\"lazy\" decoding=\"async\" width=\"16\" height=\"16\" alt=\"Loading\" src=\"https:\/\/vocesdelacomuna15.com.ar\/wp-content\/plugins\/page-views-count\/ajax-loader-2x.gif\" border=0 \/><\/p><div class=\"pvc_clear\"><\/div>","protected":false},"excerpt":{"rendered":"<p>Fuente: https:\/\/www.clarin.com\/ El Gobierno porte\u00f1o llev\u00f3 a cabo este jueves el&nbsp;desalojo&nbsp;de un predio de&nbsp;La Paternal&nbsp;que se encontraba tomado por&nbsp;m\u00e1s de 100 ocupas desde el a\u00f1o 2000.&nbsp;Durante el procedimiento&nbsp;se detuvo a tres personas&nbsp;por los delitos de atentado y resistencia a la autoridad. La propiedad, que abarca desde la calle&nbsp;San Blas 1972 hasta Andr\u00e9s Lamas 2097,&nbsp;le pertenece [&hellip;]<\/p>\n<div class=\"pvc_clear\"><\/div>\n<p id=\"pvc_stats_70922\" class=\"pvc_stats all  \" data-element-id=\"70922\" style=\"\"><i class=\"pvc-stats-icon small\" aria-hidden=\"true\"><svg aria-hidden=\"true\" focusable=\"false\" data-prefix=\"far\" data-icon=\"chart-bar\" role=\"img\" xmlns=\"http:\/\/www.w3.org\/2000\/svg\" viewBox=\"0 0 512 512\" class=\"svg-inline--fa fa-chart-bar fa-w-16 fa-2x\"><path fill=\"currentColor\" d=\"M396.8 352h22.4c6.4 0 12.8-6.4 12.8-12.8V108.8c0-6.4-6.4-12.8-12.8-12.8h-22.4c-6.4 0-12.8 6.4-12.8 12.8v230.4c0 6.4 6.4 12.8 12.8 12.8zm-192 0h22.4c6.4 0 12.8-6.4 12.8-12.8V140.8c0-6.4-6.4-12.8-12.8-12.8h-22.4c-6.4 0-12.8 6.4-12.8 12.8v198.4c0 6.4 6.4 12.8 12.8 12.8zm96 0h22.4c6.4 0 12.8-6.4 12.8-12.8V204.8c0-6.4-6.4-12.8-12.8-12.8h-22.4c-6.4 0-12.8 6.4-12.8 12.8v134.4c0 6.4 6.4 12.8 12.8 12.8zM496 400H48V80c0-8.84-7.16-16-16-16H16C7.16 64 0 71.16 0 80v336c0 17.67 14.33 32 32 32h464c8.84 0 16-7.16 16-16v-16c0-8.84-7.16-16-16-16zm-387.2-48h22.4c6.4 0 12.8-6.4 12.8-12.8v-70.4c0-6.4-6.4-12.8-12.8-12.8h-22.4c-6.4 0-12.8 6.4-12.8 12.8v70.4c0 6.4 6.4 12.8 12.8 12.8z\" class=\"\"><\/path><\/svg><\/i> <img loading=\"lazy\" decoding=\"async\" width=\"16\" height=\"16\" alt=\"Loading\" src=\"https:\/\/vocesdelacomuna15.com.ar\/wp-content\/plugins\/page-views-count\/ajax-loader-2x.gif\" border=0 \/><\/p>\n<div class=\"pvc_clear\"><\/div>\n","protected":false},"author":2,"featured_media":70923,"comment_status":"closed","ping_status":"closed","sticky":false,"template":"","format":"standard","meta":{"_et_pb_use_builder":"off","_et_pb_old_content":"","_et_gb_content_width":"","footnotes":""},"categories":[8],"tags":[],"class_list":["post-70922","post","type-post","status-publish","format-standard","has-post-thumbnail","hentry","category-sociedad","et-has-post-format-content","et_post_format-et-post-format-standard"],"a3_pvc":{"activated":true,"total_views":9,"today_views":1},"yoast_head":"<!-- This site is optimized with the Yoast SEO plugin v27.4 - https:\/\/yoast.com\/product\/yoast-seo-wordpress\/ -->\n<title>La Paternal: hay tres detenidos por el desalojo de un predio tomado por m\u00e1s de 100 ocupas - Voces de la Comuna 15<\/title>\n<meta name=\"description\" content=\"Voces de la Comuna 15\" \/>\n<meta name=\"robots\" content=\"index, follow, max-snippet:-1, max-image-preview:large, max-video-preview:-1\" \/>\n<link rel=\"canonical\" href=\"https:\/\/vocesdelacomuna15.com.ar\/press\/la-paternal-hay-tres-detenidos-por-el-desalojo-de-un-predio-tomado-por-mas-de-100-ocupas\/\" \/>\n<meta property=\"og:locale\" content=\"es_ES\" \/>\n<meta property=\"og:type\" content=\"article\" \/>\n<meta property=\"og:title\" content=\"La Paternal: hay tres detenidos por el desalojo de un predio tomado por m\u00e1s de 100 ocupas - Voces de la Comuna 15\" \/>\n<meta property=\"og:description\" content=\"Voces de la Comuna 15\" \/>\n<meta property=\"og:url\" content=\"https:\/\/vocesdelacomuna15.com.ar\/press\/la-paternal-hay-tres-detenidos-por-el-desalojo-de-un-predio-tomado-por-mas-de-100-ocupas\/\" \/>\n<meta property=\"og:site_name\" content=\"Voces de la Comuna 15\" \/>\n<meta property=\"article:publisher\" content=\"https:\/\/www.facebook.com\/VocesComuna15\/\" \/>\n<meta property=\"article:published_time\" content=\"2026-04-25T01:01:51+00:00\" \/>\n<meta property=\"article:modified_time\" content=\"2026-04-25T01:01:53+00:00\" \/>\n<meta property=\"og:image\" content=\"https:\/\/vocesdelacomuna15.com.ar\/wp-content\/uploads\/2026\/04\/Sin-titulo-1.avif\" \/>\n\t<meta property=\"og:image:width\" content=\"1356\" \/>\n\t<meta property=\"og:image:height\" content=\"750\" \/>\n\t<meta property=\"og:image:type\" content=\"image\/jpeg\" \/>\n<meta name=\"author\" content=\"Federico Arguto\" \/>\n<meta name=\"twitter:card\" content=\"summary_large_image\" \/>\n<meta name=\"twitter:creator\" content=\"@vocescomuna15\" \/>\n<meta name=\"twitter:site\" content=\"@vocescomuna15\" \/>\n<meta name=\"twitter:label1\" content=\"Escrito por\" \/>\n\t<meta name=\"twitter:data1\" content=\"Federico Arguto\" \/>\n\t<meta name=\"twitter:label2\" content=\"Tiempo de lectura\" \/>\n\t<meta name=\"twitter:data2\" content=\"4 minutos\" \/>\n<script type=\"application\/ld+json\" class=\"yoast-schema-graph\">{\"@context\":\"https:\\\/\\\/schema.org\",\"@graph\":[{\"@type\":\"Article\",\"@id\":\"https:\\\/\\\/vocesdelacomuna15.com.ar\\\/press\\\/la-paternal-hay-tres-detenidos-por-el-desalojo-de-un-predio-tomado-por-mas-de-100-ocupas\\\/#article\",\"isPartOf\":{\"@id\":\"https:\\\/\\\/vocesdelacomuna15.com.ar\\\/press\\\/la-paternal-hay-tres-detenidos-por-el-desalojo-de-un-predio-tomado-por-mas-de-100-ocupas\\\/\"},\"author\":{\"name\":\"Federico Arguto\",\"@id\":\"https:\\\/\\\/vocesdelacomuna15.com.ar\\\/press\\\/#\\\/schema\\\/person\\\/4739e109db25d799cd3d139eeb509e43\"},\"headline\":\"La Paternal: hay tres detenidos por el desalojo de un predio tomado por m\u00e1s de 100 ocupas\",\"datePublished\":\"2026-04-25T01:01:51+00:00\",\"dateModified\":\"2026-04-25T01:01:53+00:00\",\"mainEntityOfPage\":{\"@id\":\"https:\\\/\\\/vocesdelacomuna15.com.ar\\\/press\\\/la-paternal-hay-tres-detenidos-por-el-desalojo-de-un-predio-tomado-por-mas-de-100-ocupas\\\/\"},\"wordCount\":691,\"publisher\":{\"@id\":\"https:\\\/\\\/vocesdelacomuna15.com.ar\\\/press\\\/#organization\"},\"image\":{\"@id\":\"https:\\\/\\\/vocesdelacomuna15.com.ar\\\/press\\\/la-paternal-hay-tres-detenidos-por-el-desalojo-de-un-predio-tomado-por-mas-de-100-ocupas\\\/#primaryimage\"},\"thumbnailUrl\":\"https:\\\/\\\/vocesdelacomuna15.com.ar\\\/wp-content\\\/uploads\\\/2026\\\/04\\\/Sin-titulo-1.avif\",\"articleSection\":[\"Sociedad\"],\"inLanguage\":\"es-AR\"},{\"@type\":\"WebPage\",\"@id\":\"https:\\\/\\\/vocesdelacomuna15.com.ar\\\/press\\\/la-paternal-hay-tres-detenidos-por-el-desalojo-de-un-predio-tomado-por-mas-de-100-ocupas\\\/\",\"url\":\"https:\\\/\\\/vocesdelacomuna15.com.ar\\\/press\\\/la-paternal-hay-tres-detenidos-por-el-desalojo-de-un-predio-tomado-por-mas-de-100-ocupas\\\/\",\"name\":\"La Paternal: hay tres detenidos por el desalojo de un predio tomado por m\u00e1s de 100 ocupas - Voces de la Comuna 15\",\"isPartOf\":{\"@id\":\"https:\\\/\\\/vocesdelacomuna15.com.ar\\\/press\\\/#website\"},\"primaryImageOfPage\":{\"@id\":\"https:\\\/\\\/vocesdelacomuna15.com.ar\\\/press\\\/la-paternal-hay-tres-detenidos-por-el-desalojo-de-un-predio-tomado-por-mas-de-100-ocupas\\\/#primaryimage\"},\"image\":{\"@id\":\"https:\\\/\\\/vocesdelacomuna15.com.ar\\\/press\\\/la-paternal-hay-tres-detenidos-por-el-desalojo-de-un-predio-tomado-por-mas-de-100-ocupas\\\/#primaryimage\"},\"thumbnailUrl\":\"https:\\\/\\\/vocesdelacomuna15.com.ar\\\/wp-content\\\/uploads\\\/2026\\\/04\\\/Sin-titulo-1.avif\",\"datePublished\":\"2026-04-25T01:01:51+00:00\",\"dateModified\":\"2026-04-25T01:01:53+00:00\",\"description\":\"Voces de la Comuna 15\",\"breadcrumb\":{\"@id\":\"https:\\\/\\\/vocesdelacomuna15.com.ar\\\/press\\\/la-paternal-hay-tres-detenidos-por-el-desalojo-de-un-predio-tomado-por-mas-de-100-ocupas\\\/#breadcrumb\"},\"inLanguage\":\"es-AR\",\"potentialAction\":[{\"@type\":\"ReadAction\",\"target\":[\"https:\\\/\\\/vocesdelacomuna15.com.ar\\\/press\\\/la-paternal-hay-tres-detenidos-por-el-desalojo-de-un-predio-tomado-por-mas-de-100-ocupas\\\/\"]}]},{\"@type\":\"ImageObject\",\"inLanguage\":\"es-AR\",\"@id\":\"https:\\\/\\\/vocesdelacomuna15.com.ar\\\/press\\\/la-paternal-hay-tres-detenidos-por-el-desalojo-de-un-predio-tomado-por-mas-de-100-ocupas\\\/#primaryimage\",\"url\":\"https:\\\/\\\/vocesdelacomuna15.com.ar\\\/wp-content\\\/uploads\\\/2026\\\/04\\\/Sin-titulo-1.avif\",\"contentUrl\":\"https:\\\/\\\/vocesdelacomuna15.com.ar\\\/wp-content\\\/uploads\\\/2026\\\/04\\\/Sin-titulo-1.avif\",\"width\":1356,\"height\":750},{\"@type\":\"BreadcrumbList\",\"@id\":\"https:\\\/\\\/vocesdelacomuna15.com.ar\\\/press\\\/la-paternal-hay-tres-detenidos-por-el-desalojo-de-un-predio-tomado-por-mas-de-100-ocupas\\\/#breadcrumb\",\"itemListElement\":[{\"@type\":\"ListItem\",\"position\":1,\"name\":\"Inicio\",\"item\":\"https:\\\/\\\/vocesdelacomuna15.com.ar\\\/press\\\/\"},{\"@type\":\"ListItem\",\"position\":2,\"name\":\"La Paternal: hay tres detenidos por el desalojo de un predio tomado por m\u00e1s de 100 ocupas\"}]},{\"@type\":\"WebSite\",\"@id\":\"https:\\\/\\\/vocesdelacomuna15.com.ar\\\/press\\\/#website\",\"url\":\"https:\\\/\\\/vocesdelacomuna15.com.ar\\\/press\\\/\",\"name\":\"Voces de la Comuna 15\",\"description\":\"Sitio web de noticias\",\"publisher\":{\"@id\":\"https:\\\/\\\/vocesdelacomuna15.com.ar\\\/press\\\/#organization\"},\"potentialAction\":[{\"@type\":\"SearchAction\",\"target\":{\"@type\":\"EntryPoint\",\"urlTemplate\":\"https:\\\/\\\/vocesdelacomuna15.com.ar\\\/press\\\/?s={search_term_string}\"},\"query-input\":{\"@type\":\"PropertyValueSpecification\",\"valueRequired\":true,\"valueName\":\"search_term_string\"}}],\"inLanguage\":\"es-AR\"},{\"@type\":\"Organization\",\"@id\":\"https:\\\/\\\/vocesdelacomuna15.com.ar\\\/press\\\/#organization\",\"name\":\"Voces de la Comuna 15\",\"url\":\"https:\\\/\\\/vocesdelacomuna15.com.ar\\\/press\\\/\",\"logo\":{\"@type\":\"ImageObject\",\"inLanguage\":\"es-AR\",\"@id\":\"https:\\\/\\\/vocesdelacomuna15.com.ar\\\/press\\\/#\\\/schema\\\/logo\\\/image\\\/\",\"url\":\"https:\\\/\\\/vocesdelacomuna15.com.ar\\\/wp-content\\\/uploads\\\/2024\\\/12\\\/cropped-logo_voces.jpg\",\"contentUrl\":\"https:\\\/\\\/vocesdelacomuna15.com.ar\\\/wp-content\\\/uploads\\\/2024\\\/12\\\/cropped-logo_voces.jpg\",\"width\":512,\"height\":512,\"caption\":\"Voces de la Comuna 15\"},\"image\":{\"@id\":\"https:\\\/\\\/vocesdelacomuna15.com.ar\\\/press\\\/#\\\/schema\\\/logo\\\/image\\\/\"},\"sameAs\":[\"https:\\\/\\\/www.facebook.com\\\/VocesComuna15\\\/\",\"https:\\\/\\\/x.com\\\/vocescomuna15\"]},{\"@type\":\"Person\",\"@id\":\"https:\\\/\\\/vocesdelacomuna15.com.ar\\\/press\\\/#\\\/schema\\\/person\\\/4739e109db25d799cd3d139eeb509e43\",\"name\":\"Federico Arguto\",\"image\":{\"@type\":\"ImageObject\",\"inLanguage\":\"es-AR\",\"@id\":\"https:\\\/\\\/vocesdelacomuna15.com.ar\\\/wp-content\\\/litespeed\\\/avatar\\\/82faf979976f1bae889b8b71f8a0a7e5.jpg?ver=1776814847\",\"url\":\"https:\\\/\\\/vocesdelacomuna15.com.ar\\\/wp-content\\\/litespeed\\\/avatar\\\/82faf979976f1bae889b8b71f8a0a7e5.jpg?ver=1776814847\",\"contentUrl\":\"https:\\\/\\\/vocesdelacomuna15.com.ar\\\/wp-content\\\/litespeed\\\/avatar\\\/82faf979976f1bae889b8b71f8a0a7e5.jpg?ver=1776814847\",\"caption\":\"Federico Arguto\"},\"url\":\"https:\\\/\\\/vocesdelacomuna15.com.ar\\\/press\\\/author\\\/fede\\\/\"}]}<\/script>\n<!-- \/ Yoast SEO plugin. -->","yoast_head_json":{"title":"La Paternal: hay tres detenidos por el desalojo de un predio tomado por m\u00e1s de 100 ocupas - Voces de la Comuna 15","description":"Voces de la Comuna 15","robots":{"index":"index","follow":"follow","max-snippet":"max-snippet:-1","max-image-preview":"max-image-preview:large","max-video-preview":"max-video-preview:-1"},"canonical":"https:\/\/vocesdelacomuna15.com.ar\/press\/la-paternal-hay-tres-detenidos-por-el-desalojo-de-un-predio-tomado-por-mas-de-100-ocupas\/","og_locale":"es_ES","og_type":"article","og_title":"La Paternal: hay tres detenidos por el desalojo de un predio tomado por m\u00e1s de 100 ocupas - Voces de la Comuna 15","og_description":"Voces de la Comuna 15","og_url":"https:\/\/vocesdelacomuna15.com.ar\/press\/la-paternal-hay-tres-detenidos-por-el-desalojo-de-un-predio-tomado-por-mas-de-100-ocupas\/","og_site_name":"Voces de la Comuna 15","article_publisher":"https:\/\/www.facebook.com\/VocesComuna15\/","article_published_time":"2026-04-25T01:01:51+00:00","article_modified_time":"2026-04-25T01:01:53+00:00","og_image":[{"width":1356,"height":750,"url":"https:\/\/vocesdelacomuna15.com.ar\/wp-content\/uploads\/2026\/04\/Sin-titulo-1.avif","type":"image\/jpeg"}],"author":"Federico Arguto","twitter_card":"summary_large_image","twitter_creator":"@vocescomuna15","twitter_site":"@vocescomuna15","twitter_misc":{"Escrito por":"Federico Arguto","Tiempo de lectura":"4 minutos"},"schema":{"@context":"https:\/\/schema.org","@graph":[{"@type":"Article","@id":"https:\/\/vocesdelacomuna15.com.ar\/press\/la-paternal-hay-tres-detenidos-por-el-desalojo-de-un-predio-tomado-por-mas-de-100-ocupas\/#article","isPartOf":{"@id":"https:\/\/vocesdelacomuna15.com.ar\/press\/la-paternal-hay-tres-detenidos-por-el-desalojo-de-un-predio-tomado-por-mas-de-100-ocupas\/"},"author":{"name":"Federico Arguto","@id":"https:\/\/vocesdelacomuna15.com.ar\/press\/#\/schema\/person\/4739e109db25d799cd3d139eeb509e43"},"headline":"La Paternal: hay tres detenidos por el desalojo de un predio tomado por m\u00e1s de 100 ocupas","datePublished":"2026-04-25T01:01:51+00:00","dateModified":"2026-04-25T01:01:53+00:00","mainEntityOfPage":{"@id":"https:\/\/vocesdelacomuna15.com.ar\/press\/la-paternal-hay-tres-detenidos-por-el-desalojo-de-un-predio-tomado-por-mas-de-100-ocupas\/"},"wordCount":691,"publisher":{"@id":"https:\/\/vocesdelacomuna15.com.ar\/press\/#organization"},"image":{"@id":"https:\/\/vocesdelacomuna15.com.ar\/press\/la-paternal-hay-tres-detenidos-por-el-desalojo-de-un-predio-tomado-por-mas-de-100-ocupas\/#primaryimage"},"thumbnailUrl":"https:\/\/vocesdelacomuna15.com.ar\/wp-content\/uploads\/2026\/04\/Sin-titulo-1.avif","articleSection":["Sociedad"],"inLanguage":"es-AR"},{"@type":"WebPage","@id":"https:\/\/vocesdelacomuna15.com.ar\/press\/la-paternal-hay-tres-detenidos-por-el-desalojo-de-un-predio-tomado-por-mas-de-100-ocupas\/","url":"https:\/\/vocesdelacomuna15.com.ar\/press\/la-paternal-hay-tres-detenidos-por-el-desalojo-de-un-predio-tomado-por-mas-de-100-ocupas\/","name":"La Paternal: hay tres detenidos por el desalojo de un predio tomado por m\u00e1s de 100 ocupas - Voces de la Comuna 15","isPartOf":{"@id":"https:\/\/vocesdelacomuna15.com.ar\/press\/#website"},"primaryImageOfPage":{"@id":"https:\/\/vocesdelacomuna15.com.ar\/press\/la-paternal-hay-tres-detenidos-por-el-desalojo-de-un-predio-tomado-por-mas-de-100-ocupas\/#primaryimage"},"image":{"@id":"https:\/\/vocesdelacomuna15.com.ar\/press\/la-paternal-hay-tres-detenidos-por-el-desalojo-de-un-predio-tomado-por-mas-de-100-ocupas\/#primaryimage"},"thumbnailUrl":"https:\/\/vocesdelacomuna15.com.ar\/wp-content\/uploads\/2026\/04\/Sin-titulo-1.avif","datePublished":"2026-04-25T01:01:51+00:00","dateModified":"2026-04-25T01:01:53+00:00","description":"Voces de la Comuna 15","breadcrumb":{"@id":"https:\/\/vocesdelacomuna15.com.ar\/press\/la-paternal-hay-tres-detenidos-por-el-desalojo-de-un-predio-tomado-por-mas-de-100-ocupas\/#breadcrumb"},"inLanguage":"es-AR","potentialAction":[{"@type":"ReadAction","target":["https:\/\/vocesdelacomuna15.com.ar\/press\/la-paternal-hay-tres-detenidos-por-el-desalojo-de-un-predio-tomado-por-mas-de-100-ocupas\/"]}]},{"@type":"ImageObject","inLanguage":"es-AR","@id":"https:\/\/vocesdelacomuna15.com.ar\/press\/la-paternal-hay-tres-detenidos-por-el-desalojo-de-un-predio-tomado-por-mas-de-100-ocupas\/#primaryimage","url":"https:\/\/vocesdelacomuna15.com.ar\/wp-content\/uploads\/2026\/04\/Sin-titulo-1.avif","contentUrl":"https:\/\/vocesdelacomuna15.com.ar\/wp-content\/uploads\/2026\/04\/Sin-titulo-1.avif","width":1356,"height":750},{"@type":"BreadcrumbList","@id":"https:\/\/vocesdelacomuna15.com.ar\/press\/la-paternal-hay-tres-detenidos-por-el-desalojo-de-un-predio-tomado-por-mas-de-100-ocupas\/#breadcrumb","itemListElement":[{"@type":"ListItem","position":1,"name":"Inicio","item":"https:\/\/vocesdelacomuna15.com.ar\/press\/"},{"@type":"ListItem","position":2,"name":"La Paternal: hay tres detenidos por el desalojo de un predio tomado por m\u00e1s de 100 ocupas"}]},{"@type":"WebSite","@id":"https:\/\/vocesdelacomuna15.com.ar\/press\/#website","url":"https:\/\/vocesdelacomuna15.com.ar\/press\/","name":"Voces de la Comuna 15","description":"Sitio web de noticias","publisher":{"@id":"https:\/\/vocesdelacomuna15.com.ar\/press\/#organization"},"potentialAction":[{"@type":"SearchAction","target":{"@type":"EntryPoint","urlTemplate":"https:\/\/vocesdelacomuna15.com.ar\/press\/?s={search_term_string}"},"query-input":{"@type":"PropertyValueSpecification","valueRequired":true,"valueName":"search_term_string"}}],"inLanguage":"es-AR"},{"@type":"Organization","@id":"https:\/\/vocesdelacomuna15.com.ar\/press\/#organization","name":"Voces de la Comuna 15","url":"https:\/\/vocesdelacomuna15.com.ar\/press\/","logo":{"@type":"ImageObject","inLanguage":"es-AR","@id":"https:\/\/vocesdelacomuna15.com.ar\/press\/#\/schema\/logo\/image\/","url":"https:\/\/vocesdelacomuna15.com.ar\/wp-content\/uploads\/2024\/12\/cropped-logo_voces.jpg","contentUrl":"https:\/\/vocesdelacomuna15.com.ar\/wp-content\/uploads\/2024\/12\/cropped-logo_voces.jpg","width":512,"height":512,"caption":"Voces de la Comuna 15"},"image":{"@id":"https:\/\/vocesdelacomuna15.com.ar\/press\/#\/schema\/logo\/image\/"},"sameAs":["https:\/\/www.facebook.com\/VocesComuna15\/","https:\/\/x.com\/vocescomuna15"]},{"@type":"Person","@id":"https:\/\/vocesdelacomuna15.com.ar\/press\/#\/schema\/person\/4739e109db25d799cd3d139eeb509e43","name":"Federico Arguto","image":{"@type":"ImageObject","inLanguage":"es-AR","@id":"https:\/\/vocesdelacomuna15.com.ar\/wp-content\/litespeed\/avatar\/82faf979976f1bae889b8b71f8a0a7e5.jpg?ver=1776814847","url":"https:\/\/vocesdelacomuna15.com.ar\/wp-content\/litespeed\/avatar\/82faf979976f1bae889b8b71f8a0a7e5.jpg?ver=1776814847","contentUrl":"https:\/\/vocesdelacomuna15.com.ar\/wp-content\/litespeed\/avatar\/82faf979976f1bae889b8b71f8a0a7e5.jpg?ver=1776814847","caption":"Federico Arguto"},"url":"https:\/\/vocesdelacomuna15.com.ar\/press\/author\/fede\/"}]}},"_links":{"self":[{"href":"https:\/\/vocesdelacomuna15.com.ar\/press\/wp-json\/wp\/v2\/posts\/70922","targetHints":{"allow":["GET"]}}],"collection":[{"href":"https:\/\/vocesdelacomuna15.com.ar\/press\/wp-json\/wp\/v2\/posts"}],"about":[{"href":"https:\/\/vocesdelacomuna15.com.ar\/press\/wp-json\/wp\/v2\/types\/post"}],"author":[{"embeddable":true,"href":"https:\/\/vocesdelacomuna15.com.ar\/press\/wp-json\/wp\/v2\/users\/2"}],"replies":[{"embeddable":true,"href":"https:\/\/vocesdelacomuna15.com.ar\/press\/wp-json\/wp\/v2\/comments?post=70922"}],"version-history":[{"count":1,"href":"https:\/\/vocesdelacomuna15.com.ar\/press\/wp-json\/wp\/v2\/posts\/70922\/revisions"}],"predecessor-version":[{"id":70924,"href":"https:\/\/vocesdelacomuna15.com.ar\/press\/wp-json\/wp\/v2\/posts\/70922\/revisions\/70924"}],"wp:featuredmedia":[{"embeddable":true,"href":"https:\/\/vocesdelacomuna15.com.ar\/press\/wp-json\/wp\/v2\/media\/70923"}],"wp:attachment":[{"href":"https:\/\/vocesdelacomuna15.com.ar\/press\/wp-json\/wp\/v2\/media?parent=70922"}],"wp:term":[{"taxonomy":"category","embeddable":true,"href":"https:\/\/vocesdelacomuna15.com.ar\/press\/wp-json\/wp\/v2\/categories?post=70922"},{"taxonomy":"post_tag","embeddable":true,"href":"https:\/\/vocesdelacomuna15.com.ar\/press\/wp-json\/wp\/v2\/tags?post=70922"}],"curies":[{"name":"wp","href":"https:\/\/api.w.org\/{rel}","templated":true}]}}