{"id":69714,"date":"2026-03-18T17:15:26","date_gmt":"2026-03-18T20:15:26","guid":{"rendered":"https:\/\/vocesdelacomuna15.com.ar\/press\/?p=69714"},"modified":"2026-03-18T17:18:15","modified_gmt":"2026-03-18T20:18:15","slug":"almeida-zingman-y-cibrian-comentario-sobre-tres-obras-en-cartelera","status":"publish","type":"post","link":"https:\/\/vocesdelacomuna15.com.ar\/press\/almeida-zingman-y-cibrian-comentario-sobre-tres-obras-en-cartelera\/","title":{"rendered":"Almeida, Zingman y Cibri\u00e1n: Comentario sobre tres obras en cartelera."},"content":{"rendered":"\n<p><strong><u>Por Manuel Germano<\/u><\/strong><\/p>\n\n\n\n<p>Llegan los estrenos que apuntan a estar una temporada en la primera parte del a\u00f1o. En esta oportunidad les traigo tres obras que vi estas semanas, dos muy interesantes para apuntar, con entradas accesibles, y otra que si bien era bastante esperada por los seguidores del musical, no super\u00f3 las expectativas.<\/p>\n\n\n\n<p><em><strong>\u201cLa fragilidad de las casas\u201d<\/strong><\/em>, de&nbsp;<strong>Victoria Almeida<\/strong>, con&nbsp;<strong>Agustina Castro, Guadalupe Docampo, Facundo Livio Mej\u00edas y Juli\u00e1n Rodr\u00edguez Rona<\/strong>, en el precioso teatro Armenia (Armenia 1366, Palermo). En la obra se relata la historia de Casandra de acuerdo a las casas en las que vivi\u00f3. Desde su infancia hasta su presente, los distintos espacios\/hogares fueron construyendo la actual identidad del personaje principal, con algunos recuerdos felices y otros que prefiere olvidar. Su madre y las parejas que iban cambiando, la presencia de sus hermanos, las amistades y noviazgos de la juventud y la adultez. Todo lo que a una mujer puede sucederle se construye &nbsp;no solo a partir de la dramaturgia y la inteligente escenograf\u00eda, que cambia de acuerdo a la casa en d\u00f3nde se sit\u00faa la obra, sino tambi\u00e9n por elementos t\u00e9cnicos como iluminaci\u00f3n, m\u00fasica en vivo y decisiones de la puesta en escena que dialogan con otros lenguajes y construyen una est\u00e9tica con identidad propia. La obra es un&nbsp;<em>coming of age&nbsp;<\/em>que entretiene y permite reflexionar sobre algunos temas dram\u00e1ticos de mayor densidad que encuentran cierto contrapunto en el tono c\u00f3mico por el que tambi\u00e9n navega el material. Las entradas se consiguen por&nbsp;<a href=\"https:\/\/www.alternativateatral.com\/obra94925-la-fragilidad-de-las-casas\">Alternativa.<\/a><\/p>\n\n\n\n<p><\/p>\n\n\n\n<figure class=\"wp-block-image size-full\"><img loading=\"lazy\" decoding=\"async\" width=\"1006\" height=\"675\" src=\"https:\/\/vocesdelacomuna15.com.ar\/wp-content\/uploads\/2026\/03\/Nota-Germano-2.avif\" alt=\"\" class=\"wp-image-69715\" srcset=\"https:\/\/vocesdelacomuna15.com.ar\/wp-content\/uploads\/2026\/03\/Nota-Germano-2.avif 1006w, https:\/\/vocesdelacomuna15.com.ar\/wp-content\/uploads\/2026\/03\/Nota-Germano-2-300x201.avif 300w, https:\/\/vocesdelacomuna15.com.ar\/wp-content\/uploads\/2026\/03\/Nota-Germano-2-768x515.avif 768w\" sizes=\"(max-width: 1006px) 100vw, 1006px\" \/><\/figure>\n\n\n\n<p><\/p>\n\n\n\n<p><em><strong>\u201cEl \u00e1vido espectador\u201d,\u00a0<\/strong><\/em>de\u00a0<strong>Alejandro Zingman<\/strong>, con direcci\u00f3n de\u00a0<strong>Carolina Adamovsky.<\/strong>\u00a0Estren\u00f3 el pasado jueves en el Teatro Nacional Cervantes la obra p\u00f3stuma de Zingman, una comedia inteligente y \u00e1cida sobre el universo de los espectadores. Luego de una funci\u00f3n de teatro, un grupo de amigos se re\u00fane a cenar y charlar de la vida, y como ir al teatro es algo que los une hace tiempo, no faltar\u00e1 este tema en la conversaci\u00f3n. El lenguaje de las artes esc\u00e9nicas, el de la pintura (una del grupo es artista visual, otra, actriz), el rol del espectador, el \u00ab\u00e9xito\u00bb y reconocimiento, y qu\u00e9 es lo que se aprecia o no en el arte son algunos de los ejes que recorre la obra, en una l\u00ednea narrativa que tiene un desenlace en la trama interesante para pensar desde lo metateatral. La obra se r\u00ede, con inteligencia y audacia, del espectador frecuente de\u00a0 teatro, siendo este el destinatario ideal del material. Un homenaje a las artes esc\u00e9nicas con un c\u00f3digo de humor particular, que juega con la relaci\u00f3n espect\u00e1culo-espectador y nos pone un espejo para vernos reflejados en ese lugar. La obra se presentar\u00e1 de jueves a domingo, a las 21 h, hasta el domingo 10 de mayo. El elenco est\u00e1 integrado por\u00a0<strong>Carolina Adamovsky, Javier Lorenzo, Juliana Muras, Anal\u00eda S\u00e1nchez, Mariano Sayavedra y Carolina Tejeda.<\/strong>\u00a0Las entradas se consiguen por Alternativa, por la\u00a0<a href=\"https:\/\/www.teatrocervantes.gob.ar\/obra\/el-avido-espectador\/\">web del teatro<\/a>, o en la boleter\u00eda (Libertad 815).<\/p>\n\n\n\n<figure class=\"wp-block-image size-full\"><img loading=\"lazy\" decoding=\"async\" width=\"1024\" height=\"768\" src=\"https:\/\/vocesdelacomuna15.com.ar\/wp-content\/uploads\/2026\/03\/Nota-Germano-3.avif\" alt=\"\" class=\"wp-image-69716\" srcset=\"https:\/\/vocesdelacomuna15.com.ar\/wp-content\/uploads\/2026\/03\/Nota-Germano-3.avif 1024w, https:\/\/vocesdelacomuna15.com.ar\/wp-content\/uploads\/2026\/03\/Nota-Germano-3-300x225.avif 300w, https:\/\/vocesdelacomuna15.com.ar\/wp-content\/uploads\/2026\/03\/Nota-Germano-3-768x576.avif 768w\" sizes=\"(max-width: 1024px) 100vw, 1024px\" \/><\/figure>\n\n\n\n<p>\u00a0<\/p>\n\n\n\n<p><strong><em>\u201cAqu\u00ed no podemos hacerlo\u201d<\/em>,\u00a0<\/strong>de Pepe Cibri\u00e1n. Se estren\u00f3 en el Teatro Regina una nueva versi\u00f3n del primer gran musical argentino (1978), con el protag\u00f3nico de Mat\u00edas Asenjo, quien se destaca entre sus compa\u00f1eros, y un numeroso elenco. La obra relata lo que le sucede a un joven teatrista que desea estrenar su obra, m\u00e1s all\u00e1 de ciertas complicaciones que deber\u00e1 atravesar. \u00bfSer\u00e1 posible hacer la obra? \u00bfCuentan con los recursos necesarios? \u00bfEst\u00e1n todos preparados? Con una clara referencia al musical \u201c<em>A chorus line<\/em>\u201d, la obra abre interrogantes y presenta a sus personajes a trav\u00e9s de cuadros musicales corales e individuales. Queda expuesto cierto desequilibrio en las interpretaciones, tanto en la parte vocal como actoral. Las marcaciones de la direcci\u00f3n resultan estridentes, cayendo en lugares comunes y personajes estereotipados y exagerados. La tem\u00e1tica es interesante y actual, con gui\u00f1os a la realidad art\u00edstica m\u00e1s que pertinentes, pero la direcci\u00f3n de actores y la direcci\u00f3n musical no lograron armonizar la fuerza y entrega (desmedida) de su elenco.<\/p>\n\n\n\n<figure class=\"wp-block-image size-full\"><img loading=\"lazy\" decoding=\"async\" width=\"768\" height=\"479\" src=\"https:\/\/vocesdelacomuna15.com.ar\/wp-content\/uploads\/2026\/03\/Nota-Germano-4.avif\" alt=\"\" class=\"wp-image-69717\" srcset=\"https:\/\/vocesdelacomuna15.com.ar\/wp-content\/uploads\/2026\/03\/Nota-Germano-4.avif 768w, https:\/\/vocesdelacomuna15.com.ar\/wp-content\/uploads\/2026\/03\/Nota-Germano-4-300x187.avif 300w, https:\/\/vocesdelacomuna15.com.ar\/wp-content\/uploads\/2026\/03\/Nota-Germano-4-400x250.avif 400w\" sizes=\"(max-width: 768px) 100vw, 768px\" \/><\/figure>\n\n\n\n<p><\/p>\n\n\n\n<p>Caracteres: 3.966<\/p>\n<div class=\"pvc_clear\"><\/div><p id=\"pvc_stats_69714\" class=\"pvc_stats all  \" data-element-id=\"69714\" style=\"\"><i class=\"pvc-stats-icon small\" aria-hidden=\"true\"><svg aria-hidden=\"true\" focusable=\"false\" data-prefix=\"far\" data-icon=\"chart-bar\" role=\"img\" xmlns=\"http:\/\/www.w3.org\/2000\/svg\" viewBox=\"0 0 512 512\" class=\"svg-inline--fa fa-chart-bar fa-w-16 fa-2x\"><path fill=\"currentColor\" d=\"M396.8 352h22.4c6.4 0 12.8-6.4 12.8-12.8V108.8c0-6.4-6.4-12.8-12.8-12.8h-22.4c-6.4 0-12.8 6.4-12.8 12.8v230.4c0 6.4 6.4 12.8 12.8 12.8zm-192 0h22.4c6.4 0 12.8-6.4 12.8-12.8V140.8c0-6.4-6.4-12.8-12.8-12.8h-22.4c-6.4 0-12.8 6.4-12.8 12.8v198.4c0 6.4 6.4 12.8 12.8 12.8zm96 0h22.4c6.4 0 12.8-6.4 12.8-12.8V204.8c0-6.4-6.4-12.8-12.8-12.8h-22.4c-6.4 0-12.8 6.4-12.8 12.8v134.4c0 6.4 6.4 12.8 12.8 12.8zM496 400H48V80c0-8.84-7.16-16-16-16H16C7.16 64 0 71.16 0 80v336c0 17.67 14.33 32 32 32h464c8.84 0 16-7.16 16-16v-16c0-8.84-7.16-16-16-16zm-387.2-48h22.4c6.4 0 12.8-6.4 12.8-12.8v-70.4c0-6.4-6.4-12.8-12.8-12.8h-22.4c-6.4 0-12.8 6.4-12.8 12.8v70.4c0 6.4 6.4 12.8 12.8 12.8z\" class=\"\"><\/path><\/svg><\/i> <img loading=\"lazy\" decoding=\"async\" width=\"16\" height=\"16\" alt=\"Loading\" src=\"https:\/\/vocesdelacomuna15.com.ar\/wp-content\/plugins\/page-views-count\/ajax-loader-2x.gif\" border=0 \/><\/p><div class=\"pvc_clear\"><\/div>","protected":false},"excerpt":{"rendered":"<p>Por Manuel Germano Llegan los estrenos que apuntan a estar una temporada en la primera parte del a\u00f1o. En esta oportunidad les traigo tres obras que vi estas semanas, dos muy interesantes para apuntar, con entradas accesibles, y otra que si bien era bastante esperada por los seguidores del musical, no super\u00f3 las expectativas. \u201cLa [&hellip;]<\/p>\n<div class=\"pvc_clear\"><\/div>\n<p id=\"pvc_stats_69714\" class=\"pvc_stats all  \" data-element-id=\"69714\" style=\"\"><i class=\"pvc-stats-icon small\" aria-hidden=\"true\"><svg aria-hidden=\"true\" focusable=\"false\" data-prefix=\"far\" data-icon=\"chart-bar\" role=\"img\" xmlns=\"http:\/\/www.w3.org\/2000\/svg\" viewBox=\"0 0 512 512\" class=\"svg-inline--fa fa-chart-bar fa-w-16 fa-2x\"><path fill=\"currentColor\" d=\"M396.8 352h22.4c6.4 0 12.8-6.4 12.8-12.8V108.8c0-6.4-6.4-12.8-12.8-12.8h-22.4c-6.4 0-12.8 6.4-12.8 12.8v230.4c0 6.4 6.4 12.8 12.8 12.8zm-192 0h22.4c6.4 0 12.8-6.4 12.8-12.8V140.8c0-6.4-6.4-12.8-12.8-12.8h-22.4c-6.4 0-12.8 6.4-12.8 12.8v198.4c0 6.4 6.4 12.8 12.8 12.8zm96 0h22.4c6.4 0 12.8-6.4 12.8-12.8V204.8c0-6.4-6.4-12.8-12.8-12.8h-22.4c-6.4 0-12.8 6.4-12.8 12.8v134.4c0 6.4 6.4 12.8 12.8 12.8zM496 400H48V80c0-8.84-7.16-16-16-16H16C7.16 64 0 71.16 0 80v336c0 17.67 14.33 32 32 32h464c8.84 0 16-7.16 16-16v-16c0-8.84-7.16-16-16-16zm-387.2-48h22.4c6.4 0 12.8-6.4 12.8-12.8v-70.4c0-6.4-6.4-12.8-12.8-12.8h-22.4c-6.4 0-12.8 6.4-12.8 12.8v70.4c0 6.4 6.4 12.8 12.8 12.8z\" class=\"\"><\/path><\/svg><\/i> <img loading=\"lazy\" decoding=\"async\" width=\"16\" height=\"16\" alt=\"Loading\" src=\"https:\/\/vocesdelacomuna15.com.ar\/wp-content\/plugins\/page-views-count\/ajax-loader-2x.gif\" border=0 \/><\/p>\n<div class=\"pvc_clear\"><\/div>\n","protected":false},"author":4,"featured_media":69718,"comment_status":"closed","ping_status":"closed","sticky":false,"template":"","format":"standard","meta":{"_et_pb_use_builder":"off","_et_pb_old_content":"","_et_gb_content_width":"","footnotes":""},"categories":[37],"tags":[],"class_list":["post-69714","post","type-post","status-publish","format-standard","has-post-thumbnail","hentry","category-teatro","et-has-post-format-content","et_post_format-et-post-format-standard"],"a3_pvc":{"activated":true,"total_views":7,"today_views":0},"yoast_head":"<!-- This site is optimized with the Yoast SEO plugin v27.5 - https:\/\/yoast.com\/product\/yoast-seo-wordpress\/ -->\n<title>Almeida, Zingman y Cibri\u00e1n: Comentario sobre tres obras en cartelera. - Voces de la Comuna 15<\/title>\n<meta name=\"description\" content=\"Voces de la Comuna 15\" \/>\n<meta name=\"robots\" content=\"index, follow, max-snippet:-1, max-image-preview:large, max-video-preview:-1\" \/>\n<link rel=\"canonical\" href=\"https:\/\/vocesdelacomuna15.com.ar\/press\/almeida-zingman-y-cibrian-comentario-sobre-tres-obras-en-cartelera\/\" \/>\n<meta property=\"og:locale\" content=\"es_ES\" \/>\n<meta property=\"og:type\" content=\"article\" \/>\n<meta property=\"og:title\" content=\"Almeida, Zingman y Cibri\u00e1n: Comentario sobre tres obras en cartelera. - Voces de la Comuna 15\" \/>\n<meta property=\"og:description\" content=\"Voces de la Comuna 15\" \/>\n<meta property=\"og:url\" content=\"https:\/\/vocesdelacomuna15.com.ar\/press\/almeida-zingman-y-cibrian-comentario-sobre-tres-obras-en-cartelera\/\" \/>\n<meta property=\"og:site_name\" content=\"Voces de la Comuna 15\" \/>\n<meta property=\"article:publisher\" content=\"https:\/\/www.facebook.com\/VocesComuna15\/\" \/>\n<meta property=\"article:published_time\" content=\"2026-03-18T20:15:26+00:00\" \/>\n<meta property=\"article:modified_time\" content=\"2026-03-18T20:18:15+00:00\" \/>\n<meta property=\"og:image\" content=\"https:\/\/vocesdelacomuna15.com.ar\/wp-content\/uploads\/2026\/03\/nota-germano.avif\" \/>\n\t<meta property=\"og:image:width\" content=\"559\" \/>\n\t<meta property=\"og:image:height\" content=\"559\" \/>\n\t<meta property=\"og:image:type\" content=\"image\/png\" \/>\n<meta name=\"author\" content=\"Santi Arguto\" \/>\n<meta name=\"twitter:card\" content=\"summary_large_image\" \/>\n<meta name=\"twitter:creator\" content=\"@vocescomuna15\" \/>\n<meta name=\"twitter:site\" content=\"@vocescomuna15\" \/>\n<meta name=\"twitter:label1\" content=\"Escrito por\" \/>\n\t<meta name=\"twitter:data1\" content=\"Santi Arguto\" \/>\n\t<meta name=\"twitter:label2\" content=\"Tiempo de lectura\" \/>\n\t<meta name=\"twitter:data2\" content=\"4 minutos\" \/>\n<script type=\"application\/ld+json\" class=\"yoast-schema-graph\">{\"@context\":\"https:\\\/\\\/schema.org\",\"@graph\":[{\"@type\":\"Article\",\"@id\":\"https:\\\/\\\/vocesdelacomuna15.com.ar\\\/press\\\/almeida-zingman-y-cibrian-comentario-sobre-tres-obras-en-cartelera\\\/#article\",\"isPartOf\":{\"@id\":\"https:\\\/\\\/vocesdelacomuna15.com.ar\\\/press\\\/almeida-zingman-y-cibrian-comentario-sobre-tres-obras-en-cartelera\\\/\"},\"author\":{\"name\":\"Santi Arguto\",\"@id\":\"https:\\\/\\\/vocesdelacomuna15.com.ar\\\/press\\\/#\\\/schema\\\/person\\\/5a9545e7d8bd893052ea3220f5e25923\"},\"headline\":\"Almeida, Zingman y Cibri\u00e1n: Comentario sobre tres obras en cartelera.\",\"datePublished\":\"2026-03-18T20:15:26+00:00\",\"dateModified\":\"2026-03-18T20:18:15+00:00\",\"mainEntityOfPage\":{\"@id\":\"https:\\\/\\\/vocesdelacomuna15.com.ar\\\/press\\\/almeida-zingman-y-cibrian-comentario-sobre-tres-obras-en-cartelera\\\/\"},\"wordCount\":717,\"publisher\":{\"@id\":\"https:\\\/\\\/vocesdelacomuna15.com.ar\\\/press\\\/#organization\"},\"image\":{\"@id\":\"https:\\\/\\\/vocesdelacomuna15.com.ar\\\/press\\\/almeida-zingman-y-cibrian-comentario-sobre-tres-obras-en-cartelera\\\/#primaryimage\"},\"thumbnailUrl\":\"https:\\\/\\\/vocesdelacomuna15.com.ar\\\/wp-content\\\/uploads\\\/2026\\\/03\\\/nota-germano.avif\",\"articleSection\":[\"Teatro\"],\"inLanguage\":\"es-AR\"},{\"@type\":\"WebPage\",\"@id\":\"https:\\\/\\\/vocesdelacomuna15.com.ar\\\/press\\\/almeida-zingman-y-cibrian-comentario-sobre-tres-obras-en-cartelera\\\/\",\"url\":\"https:\\\/\\\/vocesdelacomuna15.com.ar\\\/press\\\/almeida-zingman-y-cibrian-comentario-sobre-tres-obras-en-cartelera\\\/\",\"name\":\"Almeida, Zingman y Cibri\u00e1n: Comentario sobre tres obras en cartelera. - Voces de la Comuna 15\",\"isPartOf\":{\"@id\":\"https:\\\/\\\/vocesdelacomuna15.com.ar\\\/press\\\/#website\"},\"primaryImageOfPage\":{\"@id\":\"https:\\\/\\\/vocesdelacomuna15.com.ar\\\/press\\\/almeida-zingman-y-cibrian-comentario-sobre-tres-obras-en-cartelera\\\/#primaryimage\"},\"image\":{\"@id\":\"https:\\\/\\\/vocesdelacomuna15.com.ar\\\/press\\\/almeida-zingman-y-cibrian-comentario-sobre-tres-obras-en-cartelera\\\/#primaryimage\"},\"thumbnailUrl\":\"https:\\\/\\\/vocesdelacomuna15.com.ar\\\/wp-content\\\/uploads\\\/2026\\\/03\\\/nota-germano.avif\",\"datePublished\":\"2026-03-18T20:15:26+00:00\",\"dateModified\":\"2026-03-18T20:18:15+00:00\",\"description\":\"Voces de la Comuna 15\",\"breadcrumb\":{\"@id\":\"https:\\\/\\\/vocesdelacomuna15.com.ar\\\/press\\\/almeida-zingman-y-cibrian-comentario-sobre-tres-obras-en-cartelera\\\/#breadcrumb\"},\"inLanguage\":\"es-AR\",\"potentialAction\":[{\"@type\":\"ReadAction\",\"target\":[\"https:\\\/\\\/vocesdelacomuna15.com.ar\\\/press\\\/almeida-zingman-y-cibrian-comentario-sobre-tres-obras-en-cartelera\\\/\"]}]},{\"@type\":\"ImageObject\",\"inLanguage\":\"es-AR\",\"@id\":\"https:\\\/\\\/vocesdelacomuna15.com.ar\\\/press\\\/almeida-zingman-y-cibrian-comentario-sobre-tres-obras-en-cartelera\\\/#primaryimage\",\"url\":\"https:\\\/\\\/vocesdelacomuna15.com.ar\\\/wp-content\\\/uploads\\\/2026\\\/03\\\/nota-germano.avif\",\"contentUrl\":\"https:\\\/\\\/vocesdelacomuna15.com.ar\\\/wp-content\\\/uploads\\\/2026\\\/03\\\/nota-germano.avif\",\"width\":559,\"height\":559},{\"@type\":\"BreadcrumbList\",\"@id\":\"https:\\\/\\\/vocesdelacomuna15.com.ar\\\/press\\\/almeida-zingman-y-cibrian-comentario-sobre-tres-obras-en-cartelera\\\/#breadcrumb\",\"itemListElement\":[{\"@type\":\"ListItem\",\"position\":1,\"name\":\"Inicio\",\"item\":\"https:\\\/\\\/vocesdelacomuna15.com.ar\\\/press\\\/\"},{\"@type\":\"ListItem\",\"position\":2,\"name\":\"Almeida, Zingman y Cibri\u00e1n: Comentario sobre tres obras en cartelera.\"}]},{\"@type\":\"WebSite\",\"@id\":\"https:\\\/\\\/vocesdelacomuna15.com.ar\\\/press\\\/#website\",\"url\":\"https:\\\/\\\/vocesdelacomuna15.com.ar\\\/press\\\/\",\"name\":\"Voces de la Comuna 15\",\"description\":\"Sitio web de noticias\",\"publisher\":{\"@id\":\"https:\\\/\\\/vocesdelacomuna15.com.ar\\\/press\\\/#organization\"},\"potentialAction\":[{\"@type\":\"SearchAction\",\"target\":{\"@type\":\"EntryPoint\",\"urlTemplate\":\"https:\\\/\\\/vocesdelacomuna15.com.ar\\\/press\\\/?s={search_term_string}\"},\"query-input\":{\"@type\":\"PropertyValueSpecification\",\"valueRequired\":true,\"valueName\":\"search_term_string\"}}],\"inLanguage\":\"es-AR\"},{\"@type\":\"Organization\",\"@id\":\"https:\\\/\\\/vocesdelacomuna15.com.ar\\\/press\\\/#organization\",\"name\":\"Voces de la Comuna 15\",\"url\":\"https:\\\/\\\/vocesdelacomuna15.com.ar\\\/press\\\/\",\"logo\":{\"@type\":\"ImageObject\",\"inLanguage\":\"es-AR\",\"@id\":\"https:\\\/\\\/vocesdelacomuna15.com.ar\\\/press\\\/#\\\/schema\\\/logo\\\/image\\\/\",\"url\":\"https:\\\/\\\/vocesdelacomuna15.com.ar\\\/wp-content\\\/uploads\\\/2024\\\/12\\\/cropped-logo_voces.jpg\",\"contentUrl\":\"https:\\\/\\\/vocesdelacomuna15.com.ar\\\/wp-content\\\/uploads\\\/2024\\\/12\\\/cropped-logo_voces.jpg\",\"width\":512,\"height\":512,\"caption\":\"Voces de la Comuna 15\"},\"image\":{\"@id\":\"https:\\\/\\\/vocesdelacomuna15.com.ar\\\/press\\\/#\\\/schema\\\/logo\\\/image\\\/\"},\"sameAs\":[\"https:\\\/\\\/www.facebook.com\\\/VocesComuna15\\\/\",\"https:\\\/\\\/x.com\\\/vocescomuna15\"]},{\"@type\":\"Person\",\"@id\":\"https:\\\/\\\/vocesdelacomuna15.com.ar\\\/press\\\/#\\\/schema\\\/person\\\/5a9545e7d8bd893052ea3220f5e25923\",\"name\":\"Santi Arguto\",\"image\":{\"@type\":\"ImageObject\",\"inLanguage\":\"es-AR\",\"@id\":\"https:\\\/\\\/vocesdelacomuna15.com.ar\\\/wp-content\\\/litespeed\\\/avatar\\\/6709381648ba56d01d55f394b7a4881a.jpg?ver=1777237776\",\"url\":\"https:\\\/\\\/vocesdelacomuna15.com.ar\\\/wp-content\\\/litespeed\\\/avatar\\\/6709381648ba56d01d55f394b7a4881a.jpg?ver=1777237776\",\"contentUrl\":\"https:\\\/\\\/vocesdelacomuna15.com.ar\\\/wp-content\\\/litespeed\\\/avatar\\\/6709381648ba56d01d55f394b7a4881a.jpg?ver=1777237776\",\"caption\":\"Santi Arguto\"},\"url\":\"https:\\\/\\\/vocesdelacomuna15.com.ar\\\/press\\\/author\\\/santi\\\/\"}]}<\/script>\n<!-- \/ Yoast SEO plugin. -->","yoast_head_json":{"title":"Almeida, Zingman y Cibri\u00e1n: Comentario sobre tres obras en cartelera. - Voces de la Comuna 15","description":"Voces de la Comuna 15","robots":{"index":"index","follow":"follow","max-snippet":"max-snippet:-1","max-image-preview":"max-image-preview:large","max-video-preview":"max-video-preview:-1"},"canonical":"https:\/\/vocesdelacomuna15.com.ar\/press\/almeida-zingman-y-cibrian-comentario-sobre-tres-obras-en-cartelera\/","og_locale":"es_ES","og_type":"article","og_title":"Almeida, Zingman y Cibri\u00e1n: Comentario sobre tres obras en cartelera. - Voces de la Comuna 15","og_description":"Voces de la Comuna 15","og_url":"https:\/\/vocesdelacomuna15.com.ar\/press\/almeida-zingman-y-cibrian-comentario-sobre-tres-obras-en-cartelera\/","og_site_name":"Voces de la Comuna 15","article_publisher":"https:\/\/www.facebook.com\/VocesComuna15\/","article_published_time":"2026-03-18T20:15:26+00:00","article_modified_time":"2026-03-18T20:18:15+00:00","og_image":[{"width":559,"height":559,"url":"https:\/\/vocesdelacomuna15.com.ar\/wp-content\/uploads\/2026\/03\/nota-germano.avif","type":"image\/png"}],"author":"Santi Arguto","twitter_card":"summary_large_image","twitter_creator":"@vocescomuna15","twitter_site":"@vocescomuna15","twitter_misc":{"Escrito por":"Santi Arguto","Tiempo de lectura":"4 minutos"},"schema":{"@context":"https:\/\/schema.org","@graph":[{"@type":"Article","@id":"https:\/\/vocesdelacomuna15.com.ar\/press\/almeida-zingman-y-cibrian-comentario-sobre-tres-obras-en-cartelera\/#article","isPartOf":{"@id":"https:\/\/vocesdelacomuna15.com.ar\/press\/almeida-zingman-y-cibrian-comentario-sobre-tres-obras-en-cartelera\/"},"author":{"name":"Santi Arguto","@id":"https:\/\/vocesdelacomuna15.com.ar\/press\/#\/schema\/person\/5a9545e7d8bd893052ea3220f5e25923"},"headline":"Almeida, Zingman y Cibri\u00e1n: Comentario sobre tres obras en cartelera.","datePublished":"2026-03-18T20:15:26+00:00","dateModified":"2026-03-18T20:18:15+00:00","mainEntityOfPage":{"@id":"https:\/\/vocesdelacomuna15.com.ar\/press\/almeida-zingman-y-cibrian-comentario-sobre-tres-obras-en-cartelera\/"},"wordCount":717,"publisher":{"@id":"https:\/\/vocesdelacomuna15.com.ar\/press\/#organization"},"image":{"@id":"https:\/\/vocesdelacomuna15.com.ar\/press\/almeida-zingman-y-cibrian-comentario-sobre-tres-obras-en-cartelera\/#primaryimage"},"thumbnailUrl":"https:\/\/vocesdelacomuna15.com.ar\/wp-content\/uploads\/2026\/03\/nota-germano.avif","articleSection":["Teatro"],"inLanguage":"es-AR"},{"@type":"WebPage","@id":"https:\/\/vocesdelacomuna15.com.ar\/press\/almeida-zingman-y-cibrian-comentario-sobre-tres-obras-en-cartelera\/","url":"https:\/\/vocesdelacomuna15.com.ar\/press\/almeida-zingman-y-cibrian-comentario-sobre-tres-obras-en-cartelera\/","name":"Almeida, Zingman y Cibri\u00e1n: Comentario sobre tres obras en cartelera. - Voces de la Comuna 15","isPartOf":{"@id":"https:\/\/vocesdelacomuna15.com.ar\/press\/#website"},"primaryImageOfPage":{"@id":"https:\/\/vocesdelacomuna15.com.ar\/press\/almeida-zingman-y-cibrian-comentario-sobre-tres-obras-en-cartelera\/#primaryimage"},"image":{"@id":"https:\/\/vocesdelacomuna15.com.ar\/press\/almeida-zingman-y-cibrian-comentario-sobre-tres-obras-en-cartelera\/#primaryimage"},"thumbnailUrl":"https:\/\/vocesdelacomuna15.com.ar\/wp-content\/uploads\/2026\/03\/nota-germano.avif","datePublished":"2026-03-18T20:15:26+00:00","dateModified":"2026-03-18T20:18:15+00:00","description":"Voces de la Comuna 15","breadcrumb":{"@id":"https:\/\/vocesdelacomuna15.com.ar\/press\/almeida-zingman-y-cibrian-comentario-sobre-tres-obras-en-cartelera\/#breadcrumb"},"inLanguage":"es-AR","potentialAction":[{"@type":"ReadAction","target":["https:\/\/vocesdelacomuna15.com.ar\/press\/almeida-zingman-y-cibrian-comentario-sobre-tres-obras-en-cartelera\/"]}]},{"@type":"ImageObject","inLanguage":"es-AR","@id":"https:\/\/vocesdelacomuna15.com.ar\/press\/almeida-zingman-y-cibrian-comentario-sobre-tres-obras-en-cartelera\/#primaryimage","url":"https:\/\/vocesdelacomuna15.com.ar\/wp-content\/uploads\/2026\/03\/nota-germano.avif","contentUrl":"https:\/\/vocesdelacomuna15.com.ar\/wp-content\/uploads\/2026\/03\/nota-germano.avif","width":559,"height":559},{"@type":"BreadcrumbList","@id":"https:\/\/vocesdelacomuna15.com.ar\/press\/almeida-zingman-y-cibrian-comentario-sobre-tres-obras-en-cartelera\/#breadcrumb","itemListElement":[{"@type":"ListItem","position":1,"name":"Inicio","item":"https:\/\/vocesdelacomuna15.com.ar\/press\/"},{"@type":"ListItem","position":2,"name":"Almeida, Zingman y Cibri\u00e1n: Comentario sobre tres obras en cartelera."}]},{"@type":"WebSite","@id":"https:\/\/vocesdelacomuna15.com.ar\/press\/#website","url":"https:\/\/vocesdelacomuna15.com.ar\/press\/","name":"Voces de la Comuna 15","description":"Sitio web de noticias","publisher":{"@id":"https:\/\/vocesdelacomuna15.com.ar\/press\/#organization"},"potentialAction":[{"@type":"SearchAction","target":{"@type":"EntryPoint","urlTemplate":"https:\/\/vocesdelacomuna15.com.ar\/press\/?s={search_term_string}"},"query-input":{"@type":"PropertyValueSpecification","valueRequired":true,"valueName":"search_term_string"}}],"inLanguage":"es-AR"},{"@type":"Organization","@id":"https:\/\/vocesdelacomuna15.com.ar\/press\/#organization","name":"Voces de la Comuna 15","url":"https:\/\/vocesdelacomuna15.com.ar\/press\/","logo":{"@type":"ImageObject","inLanguage":"es-AR","@id":"https:\/\/vocesdelacomuna15.com.ar\/press\/#\/schema\/logo\/image\/","url":"https:\/\/vocesdelacomuna15.com.ar\/wp-content\/uploads\/2024\/12\/cropped-logo_voces.jpg","contentUrl":"https:\/\/vocesdelacomuna15.com.ar\/wp-content\/uploads\/2024\/12\/cropped-logo_voces.jpg","width":512,"height":512,"caption":"Voces de la Comuna 15"},"image":{"@id":"https:\/\/vocesdelacomuna15.com.ar\/press\/#\/schema\/logo\/image\/"},"sameAs":["https:\/\/www.facebook.com\/VocesComuna15\/","https:\/\/x.com\/vocescomuna15"]},{"@type":"Person","@id":"https:\/\/vocesdelacomuna15.com.ar\/press\/#\/schema\/person\/5a9545e7d8bd893052ea3220f5e25923","name":"Santi Arguto","image":{"@type":"ImageObject","inLanguage":"es-AR","@id":"https:\/\/vocesdelacomuna15.com.ar\/wp-content\/litespeed\/avatar\/6709381648ba56d01d55f394b7a4881a.jpg?ver=1777237776","url":"https:\/\/vocesdelacomuna15.com.ar\/wp-content\/litespeed\/avatar\/6709381648ba56d01d55f394b7a4881a.jpg?ver=1777237776","contentUrl":"https:\/\/vocesdelacomuna15.com.ar\/wp-content\/litespeed\/avatar\/6709381648ba56d01d55f394b7a4881a.jpg?ver=1777237776","caption":"Santi Arguto"},"url":"https:\/\/vocesdelacomuna15.com.ar\/press\/author\/santi\/"}]}},"_links":{"self":[{"href":"https:\/\/vocesdelacomuna15.com.ar\/press\/wp-json\/wp\/v2\/posts\/69714","targetHints":{"allow":["GET"]}}],"collection":[{"href":"https:\/\/vocesdelacomuna15.com.ar\/press\/wp-json\/wp\/v2\/posts"}],"about":[{"href":"https:\/\/vocesdelacomuna15.com.ar\/press\/wp-json\/wp\/v2\/types\/post"}],"author":[{"embeddable":true,"href":"https:\/\/vocesdelacomuna15.com.ar\/press\/wp-json\/wp\/v2\/users\/4"}],"replies":[{"embeddable":true,"href":"https:\/\/vocesdelacomuna15.com.ar\/press\/wp-json\/wp\/v2\/comments?post=69714"}],"version-history":[{"count":2,"href":"https:\/\/vocesdelacomuna15.com.ar\/press\/wp-json\/wp\/v2\/posts\/69714\/revisions"}],"predecessor-version":[{"id":69721,"href":"https:\/\/vocesdelacomuna15.com.ar\/press\/wp-json\/wp\/v2\/posts\/69714\/revisions\/69721"}],"wp:featuredmedia":[{"embeddable":true,"href":"https:\/\/vocesdelacomuna15.com.ar\/press\/wp-json\/wp\/v2\/media\/69718"}],"wp:attachment":[{"href":"https:\/\/vocesdelacomuna15.com.ar\/press\/wp-json\/wp\/v2\/media?parent=69714"}],"wp:term":[{"taxonomy":"category","embeddable":true,"href":"https:\/\/vocesdelacomuna15.com.ar\/press\/wp-json\/wp\/v2\/categories?post=69714"},{"taxonomy":"post_tag","embeddable":true,"href":"https:\/\/vocesdelacomuna15.com.ar\/press\/wp-json\/wp\/v2\/tags?post=69714"}],"curies":[{"name":"wp","href":"https:\/\/api.w.org\/{rel}","templated":true}]}}