{"id":69711,"date":"2026-03-18T16:50:43","date_gmt":"2026-03-18T19:50:43","guid":{"rendered":"https:\/\/vocesdelacomuna15.com.ar\/press\/?p=69711"},"modified":"2026-03-18T16:50:45","modified_gmt":"2026-03-18T19:50:45","slug":"el-gobierno-porteno-anuncio-un-programa-de-creditos-para-la-vivienda-con-tasas-subsidiadas","status":"publish","type":"post","link":"https:\/\/vocesdelacomuna15.com.ar\/press\/el-gobierno-porteno-anuncio-un-programa-de-creditos-para-la-vivienda-con-tasas-subsidiadas\/","title":{"rendered":"El gobierno porte\u00f1o anunci\u00f3 un programa de cr\u00e9ditos para la vivienda con tasas subsidiadas"},"content":{"rendered":"\n<p>Seg\u00fan inform\u00f3 Jorge Macri, el plan est\u00e1 orientado a la clase media. La financiaci\u00f3n, a trav\u00e9s del Banco Ciudad, podr\u00eda alcanzar hasta el 75% del valor del inmueble, con un tope de 80 metros cuadrados cubiertos, hasta un monto m\u00e1ximo de $100 millones. Fuente: Infobae (Jorge Tesei)<\/p>\n\n\n\n<p><\/p>\n\n\n\n<p>Link a nota original: <a href=\"https:\/\/www.infobae.com\/politica\/2026\/03\/18\/el-gobierno-porteno-anuncio-un-programa-de-creditos-para-la-vivienda-con-tasas-subsidiadas\/\">https:\/\/www.infobae.com\/politica\/2026\/03\/18\/el-gobierno-porteno-anuncio-un-programa-de-creditos-para-la-vivienda-con-tasas-subsidiadas\/<\/a><\/p>\n\n\n\n<p>El jefe de Gobierno porte\u00f1o,&nbsp;Jorge Macri, anunci\u00f3 hoy las&nbsp;nuevas l\u00edneas de cr\u00e9ditos hipotecarios con tasa subsidiada, destinada a familias de clase media, para facilitar el acceso a la primera vivienda propia en la Ciudad de Buenos Aires. Seg\u00fan inform\u00f3, el nuevo programa permite financiar hasta el&nbsp;75% del valor de la propiedad&nbsp;(65% si presenta un garante) de&nbsp;80 metros cuadrados cubiertos como tope y un valor m\u00e1ximo de&nbsp;USD 2.800 por metro cuadrado.<\/p>\n\n\n\n<p>La&nbsp;tasa subsidiada establecida ser\u00e1 del 7,5% + UVAs, dos puntos porcentuales por debajo del promedio del mercado, que ronda el&nbsp;9,5%. Los requisitos contemplan ingresos comprobables y, seg\u00fan se\u00f1alaron desde el gobierno porte\u00f1o, se prev\u00e9 una cuota inicial de $80.600 por cada $10 millones solicitados, e ingresos desde $322.000 mensuales.&nbsp;El monto m\u00e1ximo del pr\u00e9stamo es de 100 millones de pesos.<\/p>\n\n\n\n<p>El veh\u00edculo para acceder a los cr\u00e9ditos ser\u00e1 el Banco Ciudad, y se utilizar\u00e1n parte de los fondos que el Instituto de Vivienda de la Ciudad (IVC) destinaba a la urbanizaci\u00f3n de villas y asentamientos. Macri ya hab\u00eda anunciado a principios de este a\u00f1o un cambio en la pol\u00edtica en esta \u00e1rea. Adem\u00e1s, y seg\u00fan se inform\u00f3, se utilizar\u00e1n los recursos de la concesi\u00f3n de los medios p\u00fablicos de comunicaci\u00f3n que se anunci\u00f3 la semana pasada.<\/p>\n\n\n\n<p>El tr\u00e1mite podr\u00e1 gestionarse a trav\u00e9s del asistente virtual Bit, que opera v\u00eda WhatsApp, la p\u00e1gina oficial del banco y la red de sucursales dentro de la&nbsp;CABA. Quienes cumplan los requisitos podr\u00e1n iniciar el proceso de forma remota o presencial, con el fin de simplificar el acceso y extender el beneficio a m\u00e1s familias de la Capital Federal.<\/p>\n\n\n\n<p>\u201cTener la casa propia va a dejar de ser una aspiraci\u00f3n para ser una realidad\u201d, se\u00f1al\u00f3 Macri. Y agreg\u00f3: \u201cDurante mucho tiempo, los recursos del Instituto de Vivienda de la Ciudad se concentraron casi exclusivamente en villas y asentamientos. Esa pol\u00edtica fracas\u00f3. Y adem\u00e1s, gener\u00f3 una profunda injusticia. Porque mientras a unos pocos se les regalaron casas, miles de familias, parejas, j\u00f3venes y personas que viven de su trabajo, mes a mes, priorizan el alquiler por sobre muchas otras cosas. Nosotros queremos terminar con esa injusticia\u201d.<\/p>\n\n\n\n<p>Seg\u00fan el gobierno porte\u00f1o, estos cr\u00e9ditos ponen el foco en los sectores que necesitan financiamiento m\u00e1s accesible y de largo plazo, con cuotas similares o por debajo de las de un alquiler.<\/p>\n\n\n\n<p>\u201cAntes, la subvenci\u00f3n se utilizaba para regalar viviendas en las villas. Ahora, para que m\u00e1s porte\u00f1os puedan acceder a un cr\u00e9dito. As\u00ed, reparamos esa deuda hist\u00f3rica con esa clase media porte\u00f1a que es el motor de esta Ciudad. Que no pide privilegios, que cumple las reglas, paga sus impuestos y nunca deja de empujar para salir adelante. Hoy le quiero decir a esa clase media que el esfuerzo y el trabajo vuelven a tener recompensa\u201d, agreg\u00f3 el Jefe de Gobierno en conferencia de prensa, y acompa\u00f1ado por el presidente del Banco Ciudad, Guillermo&nbsp;Laje; el ministro de Hacienda y Finanzas, Gustavo&nbsp;Arengo; y la legisladora Roc\u00edo&nbsp;Figueroa.<\/p>\n\n\n\n<p>Seg\u00fan el programa,&nbsp;la cuota de entrada al cr\u00e9dito no va a superar el 25% de los ingresos del hogar. Como ejemplo, por cada $10 millones solicitados a un plazo de 20 a\u00f1os, la cuota inicial ser\u00e1 de $80.600, requiriendo ingresos familiares mensuales desde los $322.000. Aquellos que busquen alcanzar el monto m\u00e1ximo de $100 millones, deber\u00e1n acreditar ingresos desde $3.222.000, con&nbsp;una cuota inicial de $806.600.<\/p>\n\n\n\n<p>\u201cQueremos que muchos de los que hoy alquilan, tengan el orgullo de decir en alg\u00fan momento: esto es m\u00edo, esta es mi casa. Y que cada porte\u00f1o vuelva a sentir que su esfuerzo de todos los d\u00edas vuelve a valer la pena y sirve para salir adelante y progresar\u201d, cerr\u00f3 el Jefe de Gobierno.<\/p>\n\n\n\n<p>Caracteres: 3.676<\/p>\n<div class=\"pvc_clear\"><\/div><p id=\"pvc_stats_69711\" class=\"pvc_stats all  \" data-element-id=\"69711\" style=\"\"><i class=\"pvc-stats-icon small\" aria-hidden=\"true\"><svg aria-hidden=\"true\" focusable=\"false\" data-prefix=\"far\" data-icon=\"chart-bar\" role=\"img\" xmlns=\"http:\/\/www.w3.org\/2000\/svg\" viewBox=\"0 0 512 512\" class=\"svg-inline--fa fa-chart-bar fa-w-16 fa-2x\"><path fill=\"currentColor\" d=\"M396.8 352h22.4c6.4 0 12.8-6.4 12.8-12.8V108.8c0-6.4-6.4-12.8-12.8-12.8h-22.4c-6.4 0-12.8 6.4-12.8 12.8v230.4c0 6.4 6.4 12.8 12.8 12.8zm-192 0h22.4c6.4 0 12.8-6.4 12.8-12.8V140.8c0-6.4-6.4-12.8-12.8-12.8h-22.4c-6.4 0-12.8 6.4-12.8 12.8v198.4c0 6.4 6.4 12.8 12.8 12.8zm96 0h22.4c6.4 0 12.8-6.4 12.8-12.8V204.8c0-6.4-6.4-12.8-12.8-12.8h-22.4c-6.4 0-12.8 6.4-12.8 12.8v134.4c0 6.4 6.4 12.8 12.8 12.8zM496 400H48V80c0-8.84-7.16-16-16-16H16C7.16 64 0 71.16 0 80v336c0 17.67 14.33 32 32 32h464c8.84 0 16-7.16 16-16v-16c0-8.84-7.16-16-16-16zm-387.2-48h22.4c6.4 0 12.8-6.4 12.8-12.8v-70.4c0-6.4-6.4-12.8-12.8-12.8h-22.4c-6.4 0-12.8 6.4-12.8 12.8v70.4c0 6.4 6.4 12.8 12.8 12.8z\" class=\"\"><\/path><\/svg><\/i> <img loading=\"lazy\" decoding=\"async\" width=\"16\" height=\"16\" alt=\"Loading\" src=\"https:\/\/vocesdelacomuna15.com.ar\/wp-content\/plugins\/page-views-count\/ajax-loader-2x.gif\" border=0 \/><\/p><div class=\"pvc_clear\"><\/div>","protected":false},"excerpt":{"rendered":"<p>Seg\u00fan inform\u00f3 Jorge Macri, el plan est\u00e1 orientado a la clase media. La financiaci\u00f3n, a trav\u00e9s del Banco Ciudad, podr\u00eda alcanzar hasta el 75% del valor del inmueble, con un tope de 80 metros cuadrados cubiertos, hasta un monto m\u00e1ximo de $100 millones. Fuente: Infobae (Jorge Tesei) Link a nota original: https:\/\/www.infobae.com\/politica\/2026\/03\/18\/el-gobierno-porteno-anuncio-un-programa-de-creditos-para-la-vivienda-con-tasas-subsidiadas\/ El jefe de [&hellip;]<\/p>\n<div class=\"pvc_clear\"><\/div>\n<p id=\"pvc_stats_69711\" class=\"pvc_stats all  \" data-element-id=\"69711\" style=\"\"><i class=\"pvc-stats-icon small\" aria-hidden=\"true\"><svg aria-hidden=\"true\" focusable=\"false\" data-prefix=\"far\" data-icon=\"chart-bar\" role=\"img\" xmlns=\"http:\/\/www.w3.org\/2000\/svg\" viewBox=\"0 0 512 512\" class=\"svg-inline--fa fa-chart-bar fa-w-16 fa-2x\"><path fill=\"currentColor\" d=\"M396.8 352h22.4c6.4 0 12.8-6.4 12.8-12.8V108.8c0-6.4-6.4-12.8-12.8-12.8h-22.4c-6.4 0-12.8 6.4-12.8 12.8v230.4c0 6.4 6.4 12.8 12.8 12.8zm-192 0h22.4c6.4 0 12.8-6.4 12.8-12.8V140.8c0-6.4-6.4-12.8-12.8-12.8h-22.4c-6.4 0-12.8 6.4-12.8 12.8v198.4c0 6.4 6.4 12.8 12.8 12.8zm96 0h22.4c6.4 0 12.8-6.4 12.8-12.8V204.8c0-6.4-6.4-12.8-12.8-12.8h-22.4c-6.4 0-12.8 6.4-12.8 12.8v134.4c0 6.4 6.4 12.8 12.8 12.8zM496 400H48V80c0-8.84-7.16-16-16-16H16C7.16 64 0 71.16 0 80v336c0 17.67 14.33 32 32 32h464c8.84 0 16-7.16 16-16v-16c0-8.84-7.16-16-16-16zm-387.2-48h22.4c6.4 0 12.8-6.4 12.8-12.8v-70.4c0-6.4-6.4-12.8-12.8-12.8h-22.4c-6.4 0-12.8 6.4-12.8 12.8v70.4c0 6.4 6.4 12.8 12.8 12.8z\" class=\"\"><\/path><\/svg><\/i> <img loading=\"lazy\" decoding=\"async\" width=\"16\" height=\"16\" alt=\"Loading\" src=\"https:\/\/vocesdelacomuna15.com.ar\/wp-content\/plugins\/page-views-count\/ajax-loader-2x.gif\" border=0 \/><\/p>\n<div class=\"pvc_clear\"><\/div>\n","protected":false},"author":4,"featured_media":69712,"comment_status":"closed","ping_status":"closed","sticky":false,"template":"","format":"standard","meta":{"_et_pb_use_builder":"off","_et_pb_old_content":"","_et_gb_content_width":"","footnotes":""},"categories":[26],"tags":[],"class_list":["post-69711","post","type-post","status-publish","format-standard","has-post-thumbnail","hentry","category-ciudad","et-has-post-format-content","et_post_format-et-post-format-standard"],"a3_pvc":{"activated":true,"total_views":10,"today_views":0},"yoast_head":"<!-- This site is optimized with the Yoast SEO plugin v27.5 - https:\/\/yoast.com\/product\/yoast-seo-wordpress\/ -->\n<title>El gobierno porte\u00f1o anunci\u00f3 un programa de cr\u00e9ditos para la vivienda con tasas subsidiadas - Voces de la Comuna 15<\/title>\n<meta name=\"description\" content=\"Voces de la Comuna 15\" \/>\n<meta name=\"robots\" content=\"index, follow, max-snippet:-1, max-image-preview:large, max-video-preview:-1\" \/>\n<link rel=\"canonical\" href=\"https:\/\/vocesdelacomuna15.com.ar\/press\/el-gobierno-porteno-anuncio-un-programa-de-creditos-para-la-vivienda-con-tasas-subsidiadas\/\" \/>\n<meta property=\"og:locale\" content=\"es_ES\" \/>\n<meta property=\"og:type\" content=\"article\" \/>\n<meta property=\"og:title\" content=\"El gobierno porte\u00f1o anunci\u00f3 un programa de cr\u00e9ditos para la vivienda con tasas subsidiadas - Voces de la Comuna 15\" \/>\n<meta property=\"og:description\" content=\"Voces de la Comuna 15\" \/>\n<meta property=\"og:url\" content=\"https:\/\/vocesdelacomuna15.com.ar\/press\/el-gobierno-porteno-anuncio-un-programa-de-creditos-para-la-vivienda-con-tasas-subsidiadas\/\" \/>\n<meta property=\"og:site_name\" content=\"Voces de la Comuna 15\" \/>\n<meta property=\"article:publisher\" content=\"https:\/\/www.facebook.com\/VocesComuna15\/\" \/>\n<meta property=\"article:published_time\" content=\"2026-03-18T19:50:43+00:00\" \/>\n<meta property=\"article:modified_time\" content=\"2026-03-18T19:50:45+00:00\" \/>\n<meta property=\"og:image\" content=\"https:\/\/vocesdelacomuna15.com.ar\/wp-content\/uploads\/2026\/03\/jorge-macri-1803.avif\" \/>\n\t<meta property=\"og:image:width\" content=\"571\" \/>\n\t<meta property=\"og:image:height\" content=\"315\" \/>\n\t<meta property=\"og:image:type\" content=\"image\/png\" \/>\n<meta name=\"author\" content=\"Santi Arguto\" \/>\n<meta name=\"twitter:card\" content=\"summary_large_image\" \/>\n<meta name=\"twitter:creator\" content=\"@vocescomuna15\" \/>\n<meta name=\"twitter:site\" content=\"@vocescomuna15\" \/>\n<meta name=\"twitter:label1\" content=\"Escrito por\" \/>\n\t<meta name=\"twitter:data1\" content=\"Santi Arguto\" \/>\n\t<meta name=\"twitter:label2\" content=\"Tiempo de lectura\" \/>\n\t<meta name=\"twitter:data2\" content=\"4 minutos\" \/>\n<script type=\"application\/ld+json\" class=\"yoast-schema-graph\">{\"@context\":\"https:\\\/\\\/schema.org\",\"@graph\":[{\"@type\":\"Article\",\"@id\":\"https:\\\/\\\/vocesdelacomuna15.com.ar\\\/press\\\/el-gobierno-porteno-anuncio-un-programa-de-creditos-para-la-vivienda-con-tasas-subsidiadas\\\/#article\",\"isPartOf\":{\"@id\":\"https:\\\/\\\/vocesdelacomuna15.com.ar\\\/press\\\/el-gobierno-porteno-anuncio-un-programa-de-creditos-para-la-vivienda-con-tasas-subsidiadas\\\/\"},\"author\":{\"name\":\"Santi Arguto\",\"@id\":\"https:\\\/\\\/vocesdelacomuna15.com.ar\\\/press\\\/#\\\/schema\\\/person\\\/5a9545e7d8bd893052ea3220f5e25923\"},\"headline\":\"El gobierno porte\u00f1o anunci\u00f3 un programa de cr\u00e9ditos para la vivienda con tasas subsidiadas\",\"datePublished\":\"2026-03-18T19:50:43+00:00\",\"dateModified\":\"2026-03-18T19:50:45+00:00\",\"mainEntityOfPage\":{\"@id\":\"https:\\\/\\\/vocesdelacomuna15.com.ar\\\/press\\\/el-gobierno-porteno-anuncio-un-programa-de-creditos-para-la-vivienda-con-tasas-subsidiadas\\\/\"},\"wordCount\":746,\"publisher\":{\"@id\":\"https:\\\/\\\/vocesdelacomuna15.com.ar\\\/press\\\/#organization\"},\"image\":{\"@id\":\"https:\\\/\\\/vocesdelacomuna15.com.ar\\\/press\\\/el-gobierno-porteno-anuncio-un-programa-de-creditos-para-la-vivienda-con-tasas-subsidiadas\\\/#primaryimage\"},\"thumbnailUrl\":\"https:\\\/\\\/vocesdelacomuna15.com.ar\\\/wp-content\\\/uploads\\\/2026\\\/03\\\/jorge-macri-1803.avif\",\"articleSection\":[\"Ciudad\"],\"inLanguage\":\"es-AR\"},{\"@type\":\"WebPage\",\"@id\":\"https:\\\/\\\/vocesdelacomuna15.com.ar\\\/press\\\/el-gobierno-porteno-anuncio-un-programa-de-creditos-para-la-vivienda-con-tasas-subsidiadas\\\/\",\"url\":\"https:\\\/\\\/vocesdelacomuna15.com.ar\\\/press\\\/el-gobierno-porteno-anuncio-un-programa-de-creditos-para-la-vivienda-con-tasas-subsidiadas\\\/\",\"name\":\"El gobierno porte\u00f1o anunci\u00f3 un programa de cr\u00e9ditos para la vivienda con tasas subsidiadas - Voces de la Comuna 15\",\"isPartOf\":{\"@id\":\"https:\\\/\\\/vocesdelacomuna15.com.ar\\\/press\\\/#website\"},\"primaryImageOfPage\":{\"@id\":\"https:\\\/\\\/vocesdelacomuna15.com.ar\\\/press\\\/el-gobierno-porteno-anuncio-un-programa-de-creditos-para-la-vivienda-con-tasas-subsidiadas\\\/#primaryimage\"},\"image\":{\"@id\":\"https:\\\/\\\/vocesdelacomuna15.com.ar\\\/press\\\/el-gobierno-porteno-anuncio-un-programa-de-creditos-para-la-vivienda-con-tasas-subsidiadas\\\/#primaryimage\"},\"thumbnailUrl\":\"https:\\\/\\\/vocesdelacomuna15.com.ar\\\/wp-content\\\/uploads\\\/2026\\\/03\\\/jorge-macri-1803.avif\",\"datePublished\":\"2026-03-18T19:50:43+00:00\",\"dateModified\":\"2026-03-18T19:50:45+00:00\",\"description\":\"Voces de la Comuna 15\",\"breadcrumb\":{\"@id\":\"https:\\\/\\\/vocesdelacomuna15.com.ar\\\/press\\\/el-gobierno-porteno-anuncio-un-programa-de-creditos-para-la-vivienda-con-tasas-subsidiadas\\\/#breadcrumb\"},\"inLanguage\":\"es-AR\",\"potentialAction\":[{\"@type\":\"ReadAction\",\"target\":[\"https:\\\/\\\/vocesdelacomuna15.com.ar\\\/press\\\/el-gobierno-porteno-anuncio-un-programa-de-creditos-para-la-vivienda-con-tasas-subsidiadas\\\/\"]}]},{\"@type\":\"ImageObject\",\"inLanguage\":\"es-AR\",\"@id\":\"https:\\\/\\\/vocesdelacomuna15.com.ar\\\/press\\\/el-gobierno-porteno-anuncio-un-programa-de-creditos-para-la-vivienda-con-tasas-subsidiadas\\\/#primaryimage\",\"url\":\"https:\\\/\\\/vocesdelacomuna15.com.ar\\\/wp-content\\\/uploads\\\/2026\\\/03\\\/jorge-macri-1803.avif\",\"contentUrl\":\"https:\\\/\\\/vocesdelacomuna15.com.ar\\\/wp-content\\\/uploads\\\/2026\\\/03\\\/jorge-macri-1803.avif\",\"width\":571,\"height\":315},{\"@type\":\"BreadcrumbList\",\"@id\":\"https:\\\/\\\/vocesdelacomuna15.com.ar\\\/press\\\/el-gobierno-porteno-anuncio-un-programa-de-creditos-para-la-vivienda-con-tasas-subsidiadas\\\/#breadcrumb\",\"itemListElement\":[{\"@type\":\"ListItem\",\"position\":1,\"name\":\"Inicio\",\"item\":\"https:\\\/\\\/vocesdelacomuna15.com.ar\\\/press\\\/\"},{\"@type\":\"ListItem\",\"position\":2,\"name\":\"El gobierno porte\u00f1o anunci\u00f3 un programa de cr\u00e9ditos para la vivienda con tasas subsidiadas\"}]},{\"@type\":\"WebSite\",\"@id\":\"https:\\\/\\\/vocesdelacomuna15.com.ar\\\/press\\\/#website\",\"url\":\"https:\\\/\\\/vocesdelacomuna15.com.ar\\\/press\\\/\",\"name\":\"Voces de la Comuna 15\",\"description\":\"Sitio web de noticias\",\"publisher\":{\"@id\":\"https:\\\/\\\/vocesdelacomuna15.com.ar\\\/press\\\/#organization\"},\"potentialAction\":[{\"@type\":\"SearchAction\",\"target\":{\"@type\":\"EntryPoint\",\"urlTemplate\":\"https:\\\/\\\/vocesdelacomuna15.com.ar\\\/press\\\/?s={search_term_string}\"},\"query-input\":{\"@type\":\"PropertyValueSpecification\",\"valueRequired\":true,\"valueName\":\"search_term_string\"}}],\"inLanguage\":\"es-AR\"},{\"@type\":\"Organization\",\"@id\":\"https:\\\/\\\/vocesdelacomuna15.com.ar\\\/press\\\/#organization\",\"name\":\"Voces de la Comuna 15\",\"url\":\"https:\\\/\\\/vocesdelacomuna15.com.ar\\\/press\\\/\",\"logo\":{\"@type\":\"ImageObject\",\"inLanguage\":\"es-AR\",\"@id\":\"https:\\\/\\\/vocesdelacomuna15.com.ar\\\/press\\\/#\\\/schema\\\/logo\\\/image\\\/\",\"url\":\"https:\\\/\\\/vocesdelacomuna15.com.ar\\\/wp-content\\\/uploads\\\/2024\\\/12\\\/cropped-logo_voces.jpg\",\"contentUrl\":\"https:\\\/\\\/vocesdelacomuna15.com.ar\\\/wp-content\\\/uploads\\\/2024\\\/12\\\/cropped-logo_voces.jpg\",\"width\":512,\"height\":512,\"caption\":\"Voces de la Comuna 15\"},\"image\":{\"@id\":\"https:\\\/\\\/vocesdelacomuna15.com.ar\\\/press\\\/#\\\/schema\\\/logo\\\/image\\\/\"},\"sameAs\":[\"https:\\\/\\\/www.facebook.com\\\/VocesComuna15\\\/\",\"https:\\\/\\\/x.com\\\/vocescomuna15\"]},{\"@type\":\"Person\",\"@id\":\"https:\\\/\\\/vocesdelacomuna15.com.ar\\\/press\\\/#\\\/schema\\\/person\\\/5a9545e7d8bd893052ea3220f5e25923\",\"name\":\"Santi Arguto\",\"image\":{\"@type\":\"ImageObject\",\"inLanguage\":\"es-AR\",\"@id\":\"https:\\\/\\\/vocesdelacomuna15.com.ar\\\/wp-content\\\/litespeed\\\/avatar\\\/6709381648ba56d01d55f394b7a4881a.jpg?ver=1777237776\",\"url\":\"https:\\\/\\\/vocesdelacomuna15.com.ar\\\/wp-content\\\/litespeed\\\/avatar\\\/6709381648ba56d01d55f394b7a4881a.jpg?ver=1777237776\",\"contentUrl\":\"https:\\\/\\\/vocesdelacomuna15.com.ar\\\/wp-content\\\/litespeed\\\/avatar\\\/6709381648ba56d01d55f394b7a4881a.jpg?ver=1777237776\",\"caption\":\"Santi Arguto\"},\"url\":\"https:\\\/\\\/vocesdelacomuna15.com.ar\\\/press\\\/author\\\/santi\\\/\"}]}<\/script>\n<!-- \/ Yoast SEO plugin. -->","yoast_head_json":{"title":"El gobierno porte\u00f1o anunci\u00f3 un programa de cr\u00e9ditos para la vivienda con tasas subsidiadas - Voces de la Comuna 15","description":"Voces de la Comuna 15","robots":{"index":"index","follow":"follow","max-snippet":"max-snippet:-1","max-image-preview":"max-image-preview:large","max-video-preview":"max-video-preview:-1"},"canonical":"https:\/\/vocesdelacomuna15.com.ar\/press\/el-gobierno-porteno-anuncio-un-programa-de-creditos-para-la-vivienda-con-tasas-subsidiadas\/","og_locale":"es_ES","og_type":"article","og_title":"El gobierno porte\u00f1o anunci\u00f3 un programa de cr\u00e9ditos para la vivienda con tasas subsidiadas - Voces de la Comuna 15","og_description":"Voces de la Comuna 15","og_url":"https:\/\/vocesdelacomuna15.com.ar\/press\/el-gobierno-porteno-anuncio-un-programa-de-creditos-para-la-vivienda-con-tasas-subsidiadas\/","og_site_name":"Voces de la Comuna 15","article_publisher":"https:\/\/www.facebook.com\/VocesComuna15\/","article_published_time":"2026-03-18T19:50:43+00:00","article_modified_time":"2026-03-18T19:50:45+00:00","og_image":[{"width":571,"height":315,"url":"https:\/\/vocesdelacomuna15.com.ar\/wp-content\/uploads\/2026\/03\/jorge-macri-1803.avif","type":"image\/png"}],"author":"Santi Arguto","twitter_card":"summary_large_image","twitter_creator":"@vocescomuna15","twitter_site":"@vocescomuna15","twitter_misc":{"Escrito por":"Santi Arguto","Tiempo de lectura":"4 minutos"},"schema":{"@context":"https:\/\/schema.org","@graph":[{"@type":"Article","@id":"https:\/\/vocesdelacomuna15.com.ar\/press\/el-gobierno-porteno-anuncio-un-programa-de-creditos-para-la-vivienda-con-tasas-subsidiadas\/#article","isPartOf":{"@id":"https:\/\/vocesdelacomuna15.com.ar\/press\/el-gobierno-porteno-anuncio-un-programa-de-creditos-para-la-vivienda-con-tasas-subsidiadas\/"},"author":{"name":"Santi Arguto","@id":"https:\/\/vocesdelacomuna15.com.ar\/press\/#\/schema\/person\/5a9545e7d8bd893052ea3220f5e25923"},"headline":"El gobierno porte\u00f1o anunci\u00f3 un programa de cr\u00e9ditos para la vivienda con tasas subsidiadas","datePublished":"2026-03-18T19:50:43+00:00","dateModified":"2026-03-18T19:50:45+00:00","mainEntityOfPage":{"@id":"https:\/\/vocesdelacomuna15.com.ar\/press\/el-gobierno-porteno-anuncio-un-programa-de-creditos-para-la-vivienda-con-tasas-subsidiadas\/"},"wordCount":746,"publisher":{"@id":"https:\/\/vocesdelacomuna15.com.ar\/press\/#organization"},"image":{"@id":"https:\/\/vocesdelacomuna15.com.ar\/press\/el-gobierno-porteno-anuncio-un-programa-de-creditos-para-la-vivienda-con-tasas-subsidiadas\/#primaryimage"},"thumbnailUrl":"https:\/\/vocesdelacomuna15.com.ar\/wp-content\/uploads\/2026\/03\/jorge-macri-1803.avif","articleSection":["Ciudad"],"inLanguage":"es-AR"},{"@type":"WebPage","@id":"https:\/\/vocesdelacomuna15.com.ar\/press\/el-gobierno-porteno-anuncio-un-programa-de-creditos-para-la-vivienda-con-tasas-subsidiadas\/","url":"https:\/\/vocesdelacomuna15.com.ar\/press\/el-gobierno-porteno-anuncio-un-programa-de-creditos-para-la-vivienda-con-tasas-subsidiadas\/","name":"El gobierno porte\u00f1o anunci\u00f3 un programa de cr\u00e9ditos para la vivienda con tasas subsidiadas - Voces de la Comuna 15","isPartOf":{"@id":"https:\/\/vocesdelacomuna15.com.ar\/press\/#website"},"primaryImageOfPage":{"@id":"https:\/\/vocesdelacomuna15.com.ar\/press\/el-gobierno-porteno-anuncio-un-programa-de-creditos-para-la-vivienda-con-tasas-subsidiadas\/#primaryimage"},"image":{"@id":"https:\/\/vocesdelacomuna15.com.ar\/press\/el-gobierno-porteno-anuncio-un-programa-de-creditos-para-la-vivienda-con-tasas-subsidiadas\/#primaryimage"},"thumbnailUrl":"https:\/\/vocesdelacomuna15.com.ar\/wp-content\/uploads\/2026\/03\/jorge-macri-1803.avif","datePublished":"2026-03-18T19:50:43+00:00","dateModified":"2026-03-18T19:50:45+00:00","description":"Voces de la Comuna 15","breadcrumb":{"@id":"https:\/\/vocesdelacomuna15.com.ar\/press\/el-gobierno-porteno-anuncio-un-programa-de-creditos-para-la-vivienda-con-tasas-subsidiadas\/#breadcrumb"},"inLanguage":"es-AR","potentialAction":[{"@type":"ReadAction","target":["https:\/\/vocesdelacomuna15.com.ar\/press\/el-gobierno-porteno-anuncio-un-programa-de-creditos-para-la-vivienda-con-tasas-subsidiadas\/"]}]},{"@type":"ImageObject","inLanguage":"es-AR","@id":"https:\/\/vocesdelacomuna15.com.ar\/press\/el-gobierno-porteno-anuncio-un-programa-de-creditos-para-la-vivienda-con-tasas-subsidiadas\/#primaryimage","url":"https:\/\/vocesdelacomuna15.com.ar\/wp-content\/uploads\/2026\/03\/jorge-macri-1803.avif","contentUrl":"https:\/\/vocesdelacomuna15.com.ar\/wp-content\/uploads\/2026\/03\/jorge-macri-1803.avif","width":571,"height":315},{"@type":"BreadcrumbList","@id":"https:\/\/vocesdelacomuna15.com.ar\/press\/el-gobierno-porteno-anuncio-un-programa-de-creditos-para-la-vivienda-con-tasas-subsidiadas\/#breadcrumb","itemListElement":[{"@type":"ListItem","position":1,"name":"Inicio","item":"https:\/\/vocesdelacomuna15.com.ar\/press\/"},{"@type":"ListItem","position":2,"name":"El gobierno porte\u00f1o anunci\u00f3 un programa de cr\u00e9ditos para la vivienda con tasas subsidiadas"}]},{"@type":"WebSite","@id":"https:\/\/vocesdelacomuna15.com.ar\/press\/#website","url":"https:\/\/vocesdelacomuna15.com.ar\/press\/","name":"Voces de la Comuna 15","description":"Sitio web de noticias","publisher":{"@id":"https:\/\/vocesdelacomuna15.com.ar\/press\/#organization"},"potentialAction":[{"@type":"SearchAction","target":{"@type":"EntryPoint","urlTemplate":"https:\/\/vocesdelacomuna15.com.ar\/press\/?s={search_term_string}"},"query-input":{"@type":"PropertyValueSpecification","valueRequired":true,"valueName":"search_term_string"}}],"inLanguage":"es-AR"},{"@type":"Organization","@id":"https:\/\/vocesdelacomuna15.com.ar\/press\/#organization","name":"Voces de la Comuna 15","url":"https:\/\/vocesdelacomuna15.com.ar\/press\/","logo":{"@type":"ImageObject","inLanguage":"es-AR","@id":"https:\/\/vocesdelacomuna15.com.ar\/press\/#\/schema\/logo\/image\/","url":"https:\/\/vocesdelacomuna15.com.ar\/wp-content\/uploads\/2024\/12\/cropped-logo_voces.jpg","contentUrl":"https:\/\/vocesdelacomuna15.com.ar\/wp-content\/uploads\/2024\/12\/cropped-logo_voces.jpg","width":512,"height":512,"caption":"Voces de la Comuna 15"},"image":{"@id":"https:\/\/vocesdelacomuna15.com.ar\/press\/#\/schema\/logo\/image\/"},"sameAs":["https:\/\/www.facebook.com\/VocesComuna15\/","https:\/\/x.com\/vocescomuna15"]},{"@type":"Person","@id":"https:\/\/vocesdelacomuna15.com.ar\/press\/#\/schema\/person\/5a9545e7d8bd893052ea3220f5e25923","name":"Santi Arguto","image":{"@type":"ImageObject","inLanguage":"es-AR","@id":"https:\/\/vocesdelacomuna15.com.ar\/wp-content\/litespeed\/avatar\/6709381648ba56d01d55f394b7a4881a.jpg?ver=1777237776","url":"https:\/\/vocesdelacomuna15.com.ar\/wp-content\/litespeed\/avatar\/6709381648ba56d01d55f394b7a4881a.jpg?ver=1777237776","contentUrl":"https:\/\/vocesdelacomuna15.com.ar\/wp-content\/litespeed\/avatar\/6709381648ba56d01d55f394b7a4881a.jpg?ver=1777237776","caption":"Santi Arguto"},"url":"https:\/\/vocesdelacomuna15.com.ar\/press\/author\/santi\/"}]}},"_links":{"self":[{"href":"https:\/\/vocesdelacomuna15.com.ar\/press\/wp-json\/wp\/v2\/posts\/69711","targetHints":{"allow":["GET"]}}],"collection":[{"href":"https:\/\/vocesdelacomuna15.com.ar\/press\/wp-json\/wp\/v2\/posts"}],"about":[{"href":"https:\/\/vocesdelacomuna15.com.ar\/press\/wp-json\/wp\/v2\/types\/post"}],"author":[{"embeddable":true,"href":"https:\/\/vocesdelacomuna15.com.ar\/press\/wp-json\/wp\/v2\/users\/4"}],"replies":[{"embeddable":true,"href":"https:\/\/vocesdelacomuna15.com.ar\/press\/wp-json\/wp\/v2\/comments?post=69711"}],"version-history":[{"count":1,"href":"https:\/\/vocesdelacomuna15.com.ar\/press\/wp-json\/wp\/v2\/posts\/69711\/revisions"}],"predecessor-version":[{"id":69713,"href":"https:\/\/vocesdelacomuna15.com.ar\/press\/wp-json\/wp\/v2\/posts\/69711\/revisions\/69713"}],"wp:featuredmedia":[{"embeddable":true,"href":"https:\/\/vocesdelacomuna15.com.ar\/press\/wp-json\/wp\/v2\/media\/69712"}],"wp:attachment":[{"href":"https:\/\/vocesdelacomuna15.com.ar\/press\/wp-json\/wp\/v2\/media?parent=69711"}],"wp:term":[{"taxonomy":"category","embeddable":true,"href":"https:\/\/vocesdelacomuna15.com.ar\/press\/wp-json\/wp\/v2\/categories?post=69711"},{"taxonomy":"post_tag","embeddable":true,"href":"https:\/\/vocesdelacomuna15.com.ar\/press\/wp-json\/wp\/v2\/tags?post=69711"}],"curies":[{"name":"wp","href":"https:\/\/api.w.org\/{rel}","templated":true}]}}