{"id":69681,"date":"2026-03-17T17:04:23","date_gmt":"2026-03-17T20:04:23","guid":{"rendered":"https:\/\/vocesdelacomuna15.com.ar\/press\/?p=69681"},"modified":"2026-03-17T17:04:26","modified_gmt":"2026-03-17T20:04:26","slug":"de-que-murio-marcelo-araujo","status":"publish","type":"post","link":"https:\/\/vocesdelacomuna15.com.ar\/press\/de-que-murio-marcelo-araujo\/","title":{"rendered":"De qu\u00e9 muri\u00f3 Marcelo Araujo"},"content":{"rendered":"\n<p><strong><em>El hist\u00f3rico locutor deportivo ten\u00eda una larga trayectoria de central importancia en esta actividad; falleci\u00f3 tras contraer neumon\u00eda<\/em><\/strong><\/p>\n\n\n\n<p>Fuente: https:\/\/www.lanacion.com.ar\/<\/p>\n\n\n\n<p><a href=\"https:\/\/www.lanacion.com.ar\/deportes\/murio-marcelo-araujo-relator-iconico-del-futbol-argentino-nid16032026\/\"><strong>Marcelo Araujo muri\u00f3<\/strong><\/a><strong>&nbsp;<\/strong>este lunes 16 de marzo a la madrugada. El locutor, de 78 a\u00f1os, ten\u00eda un hist\u00f3rico recorrido en el periodismo deportivo.<\/p>\n\n\n\n<p>En los \u00faltimos d\u00edas su salud se hab\u00eda debilitado y&nbsp;<strong>falleci\u00f3 tras contraer neumon\u00eda.&nbsp;<\/strong>El periodista, e hist\u00f3rico compa\u00f1ero de&nbsp;<strong>Enrique Macaya M\u00e1rquez,&nbsp;<\/strong>se encontraba internado en el Hospital Italiano y, seg\u00fan pudo saber&nbsp;<strong>LA NACION<\/strong>, viv\u00eda hac\u00eda un tiempo en un geri\u00e1trico.<\/p>\n\n\n\n<p>En 2023, a los 75 a\u00f1os brind\u00f3&nbsp;<a href=\"https:\/\/www.lanacion.com.ar\/deportes\/futbol\/marcelo-araujo-el-futbol-argentino-me-aburre-el-relator-que-revoluciono-las-transmisiones-de-tv-y-nid15062023\/\">una entrevista a este medio&nbsp;<\/a>en la que pudo explayarse sobre temas de su propia salud. Seg\u00fan cont\u00f3 en esa ocasi\u00f3n, tras un accidente dom\u00e9stico, en 2021, en plena pandemia, el relator contrajo&nbsp;<strong>Covid&nbsp;<\/strong>y fue internado. Estuvo casi&nbsp;<strong>dos meses en terapia intensiva<\/strong>&nbsp;y&nbsp;<strong>otros ocho en un centro de recuperaci\u00f3n<\/strong>.<\/p>\n\n\n\n<p>Si bien en ese entonces su salud no estaba en el mejor momento,&nbsp;<strong>la desmejora se hab\u00eda dado en los \u00faltimos tres a\u00f1os<\/strong>.<\/p>\n\n\n\n<h2 class=\"wp-block-heading\">Qui\u00e9n era Marcelo Araujo<\/h2>\n\n\n\n<p><strong>Marcelo Araujo<\/strong>, cuyo nombre real era&nbsp;<strong>L\u00e1zaro Jaime Zilberman<\/strong>, fue un ic\u00f3nico periodista y relator deportivo argentino que falleci\u00f3 este lunes a los 78 a\u00f1os. Su voz&nbsp;<strong>marc\u00f3 generaciones en la narraci\u00f3n del f\u00fatbol argentino<\/strong>, convirti\u00e9ndose en una figura central de los medios deportivos.<\/p>\n\n\n\n<figure class=\"wp-block-image size-full is-resized\"><img loading=\"lazy\" decoding=\"async\" width=\"780\" height=\"520\" src=\"https:\/\/vocesdelacomuna15.com.ar\/wp-content\/uploads\/2026\/03\/el-relator-deportivo-marcelo-IOH4IEX5RZAHVPCVKUR4RJ65OY.avif\" alt=\"\" class=\"wp-image-69683\" style=\"width:780px;height:auto\" srcset=\"https:\/\/vocesdelacomuna15.com.ar\/wp-content\/uploads\/2026\/03\/el-relator-deportivo-marcelo-IOH4IEX5RZAHVPCVKUR4RJ65OY.avif 780w, https:\/\/vocesdelacomuna15.com.ar\/wp-content\/uploads\/2026\/03\/el-relator-deportivo-marcelo-IOH4IEX5RZAHVPCVKUR4RJ65OY-300x200.avif 300w, https:\/\/vocesdelacomuna15.com.ar\/wp-content\/uploads\/2026\/03\/el-relator-deportivo-marcelo-IOH4IEX5RZAHVPCVKUR4RJ65OY-768x512.avif 768w\" sizes=\"(max-width: 780px) 100vw, 780px\" \/><\/figure>\n\n\n\n<p><em>El relator deportivo Marcelo Araujo<\/em><\/p>\n\n\n\n<p><\/p>\n\n\n\n<p>Nacido el 12 de junio de 1947 en Villa Crespo, Araujo se destac\u00f3 desde los a\u00f1os 80 y 90 como el relator principal en programas clave. Condujo&nbsp;<em><strong>F\u00fatbol de primera<\/strong><\/em>&nbsp;desde 1989 hasta 2004 en&nbsp;<strong>TyC Sports<\/strong>, donde relat\u00f3 el \u201c<strong>cl\u00e1sico del domingo<\/strong>\u201d junto a&nbsp;<strong>Enrique Macaya M\u00e1rquez<\/strong>, dupla que defini\u00f3 la era previa a las transmisiones masivas en vivo.<\/p>\n\n\n\n<p>Tras dejar&nbsp;<em>F\u00fatbol de primera<\/em>, condujo&nbsp;<em>3 en el fondo<\/em>&nbsp;en Canal 7 (2005-2006) y, durante la etapa de la televisaci\u00f3n abierta en la Argentina, su labor como relator en el programa&nbsp;<strong>F\u00fatbol para Todos<\/strong>&nbsp;lo consolid\u00f3 como una referencia ineludible para las nuevas generaciones, hasta el a\u00f1o 2013.<\/p>\n\n\n\n<figure class=\"wp-block-image size-full\"><img loading=\"lazy\" decoding=\"async\" width=\"780\" height=\"520\" src=\"https:\/\/vocesdelacomuna15.com.ar\/wp-content\/uploads\/2026\/03\/enrique-macaya-marquez-fue-un-companero-central-NFMJA4F5FRCNDLZ6BKL3FSICDI.avif\" alt=\"\" class=\"wp-image-69684\" srcset=\"https:\/\/vocesdelacomuna15.com.ar\/wp-content\/uploads\/2026\/03\/enrique-macaya-marquez-fue-un-companero-central-NFMJA4F5FRCNDLZ6BKL3FSICDI.avif 780w, https:\/\/vocesdelacomuna15.com.ar\/wp-content\/uploads\/2026\/03\/enrique-macaya-marquez-fue-un-companero-central-NFMJA4F5FRCNDLZ6BKL3FSICDI-300x200.avif 300w, https:\/\/vocesdelacomuna15.com.ar\/wp-content\/uploads\/2026\/03\/enrique-macaya-marquez-fue-un-companero-central-NFMJA4F5FRCNDLZ6BKL3FSICDI-768x512.avif 768w\" sizes=\"(max-width: 780px) 100vw, 780px\" \/><\/figure>\n\n\n\n<p><em>Enrique Macaya M\u00e1rquez fue un compa\u00f1ero central en la carrera de Araujo<\/em><\/p>\n\n\n\n<p><\/p>\n\n\n\n<p>Si bien su participaci\u00f3n principal concluy\u00f3 en ese ciclo, mantuvo una presencia activa en la pantalla con diversos&nbsp;<strong>retornos espor\u00e1dicos durante 2014<\/strong>, acompa\u00f1ando la transici\u00f3n de las transmisiones oficiales en el pa\u00eds.<\/p>\n\n\n\n<p>Narr\u00f3 eventos de m\u00e1xima jerarqu\u00eda como la&nbsp;<strong>Copa Libertadores de Am\u00e9rica<\/strong>&nbsp;y las Eliminatorias Sudamericanas. Tambi\u00e9n destaca su cobertura en la Copa del Mundo de&nbsp;<strong>Alemania 2006<\/strong>, a\u00f1o en el que tambi\u00e9n expandi\u00f3 su alcance regional al participar en las transmisiones de la&nbsp;<strong>Copa Mustang<\/strong>&nbsp;en Colombia, demostrando versatilidad para adaptarse a diferentes mercados y audiencias del continente.<\/p>\n\n\n\n<p>Su carrera, llena de caracter\u00edsticas distintivas en su forma de relatar, llenos de pasi\u00f3n y momentos memorables, lo posicion\u00f3 como uno de los mejores locutores deportivos de la historia argentina.<\/p>\n\n\n\n<p><\/p>\n\n\n\n<p>Caracteres: 2.574<\/p>\n<div class=\"pvc_clear\"><\/div><p id=\"pvc_stats_69681\" class=\"pvc_stats all  \" data-element-id=\"69681\" style=\"\"><i class=\"pvc-stats-icon small\" aria-hidden=\"true\"><svg aria-hidden=\"true\" focusable=\"false\" data-prefix=\"far\" data-icon=\"chart-bar\" role=\"img\" xmlns=\"http:\/\/www.w3.org\/2000\/svg\" viewBox=\"0 0 512 512\" class=\"svg-inline--fa fa-chart-bar fa-w-16 fa-2x\"><path fill=\"currentColor\" d=\"M396.8 352h22.4c6.4 0 12.8-6.4 12.8-12.8V108.8c0-6.4-6.4-12.8-12.8-12.8h-22.4c-6.4 0-12.8 6.4-12.8 12.8v230.4c0 6.4 6.4 12.8 12.8 12.8zm-192 0h22.4c6.4 0 12.8-6.4 12.8-12.8V140.8c0-6.4-6.4-12.8-12.8-12.8h-22.4c-6.4 0-12.8 6.4-12.8 12.8v198.4c0 6.4 6.4 12.8 12.8 12.8zm96 0h22.4c6.4 0 12.8-6.4 12.8-12.8V204.8c0-6.4-6.4-12.8-12.8-12.8h-22.4c-6.4 0-12.8 6.4-12.8 12.8v134.4c0 6.4 6.4 12.8 12.8 12.8zM496 400H48V80c0-8.84-7.16-16-16-16H16C7.16 64 0 71.16 0 80v336c0 17.67 14.33 32 32 32h464c8.84 0 16-7.16 16-16v-16c0-8.84-7.16-16-16-16zm-387.2-48h22.4c6.4 0 12.8-6.4 12.8-12.8v-70.4c0-6.4-6.4-12.8-12.8-12.8h-22.4c-6.4 0-12.8 6.4-12.8 12.8v70.4c0 6.4 6.4 12.8 12.8 12.8z\" class=\"\"><\/path><\/svg><\/i> <img loading=\"lazy\" decoding=\"async\" width=\"16\" height=\"16\" alt=\"Loading\" src=\"https:\/\/vocesdelacomuna15.com.ar\/wp-content\/plugins\/page-views-count\/ajax-loader-2x.gif\" border=0 \/><\/p><div class=\"pvc_clear\"><\/div>","protected":false},"excerpt":{"rendered":"<p>El hist\u00f3rico locutor deportivo ten\u00eda una larga trayectoria de central importancia en esta actividad; falleci\u00f3 tras contraer neumon\u00eda Fuente: https:\/\/www.lanacion.com.ar\/ Marcelo Araujo muri\u00f3&nbsp;este lunes 16 de marzo a la madrugada. El locutor, de 78 a\u00f1os, ten\u00eda un hist\u00f3rico recorrido en el periodismo deportivo. En los \u00faltimos d\u00edas su salud se hab\u00eda debilitado y&nbsp;falleci\u00f3 tras contraer [&hellip;]<\/p>\n<div class=\"pvc_clear\"><\/div>\n<p id=\"pvc_stats_69681\" class=\"pvc_stats all  \" data-element-id=\"69681\" style=\"\"><i class=\"pvc-stats-icon small\" aria-hidden=\"true\"><svg aria-hidden=\"true\" focusable=\"false\" data-prefix=\"far\" data-icon=\"chart-bar\" role=\"img\" xmlns=\"http:\/\/www.w3.org\/2000\/svg\" viewBox=\"0 0 512 512\" class=\"svg-inline--fa fa-chart-bar fa-w-16 fa-2x\"><path fill=\"currentColor\" d=\"M396.8 352h22.4c6.4 0 12.8-6.4 12.8-12.8V108.8c0-6.4-6.4-12.8-12.8-12.8h-22.4c-6.4 0-12.8 6.4-12.8 12.8v230.4c0 6.4 6.4 12.8 12.8 12.8zm-192 0h22.4c6.4 0 12.8-6.4 12.8-12.8V140.8c0-6.4-6.4-12.8-12.8-12.8h-22.4c-6.4 0-12.8 6.4-12.8 12.8v198.4c0 6.4 6.4 12.8 12.8 12.8zm96 0h22.4c6.4 0 12.8-6.4 12.8-12.8V204.8c0-6.4-6.4-12.8-12.8-12.8h-22.4c-6.4 0-12.8 6.4-12.8 12.8v134.4c0 6.4 6.4 12.8 12.8 12.8zM496 400H48V80c0-8.84-7.16-16-16-16H16C7.16 64 0 71.16 0 80v336c0 17.67 14.33 32 32 32h464c8.84 0 16-7.16 16-16v-16c0-8.84-7.16-16-16-16zm-387.2-48h22.4c6.4 0 12.8-6.4 12.8-12.8v-70.4c0-6.4-6.4-12.8-12.8-12.8h-22.4c-6.4 0-12.8 6.4-12.8 12.8v70.4c0 6.4 6.4 12.8 12.8 12.8z\" class=\"\"><\/path><\/svg><\/i> <img loading=\"lazy\" decoding=\"async\" width=\"16\" height=\"16\" alt=\"Loading\" src=\"https:\/\/vocesdelacomuna15.com.ar\/wp-content\/plugins\/page-views-count\/ajax-loader-2x.gif\" border=0 \/><\/p>\n<div class=\"pvc_clear\"><\/div>\n","protected":false},"author":2,"featured_media":69682,"comment_status":"closed","ping_status":"closed","sticky":false,"template":"","format":"standard","meta":{"_et_pb_use_builder":"off","_et_pb_old_content":"","_et_gb_content_width":"","footnotes":""},"categories":[27],"tags":[],"class_list":["post-69681","post","type-post","status-publish","format-standard","has-post-thumbnail","hentry","category-deportes","et-has-post-format-content","et_post_format-et-post-format-standard"],"a3_pvc":{"activated":true,"total_views":21,"today_views":0},"yoast_head":"<!-- This site is optimized with the Yoast SEO plugin v27.5 - https:\/\/yoast.com\/product\/yoast-seo-wordpress\/ -->\n<title>De qu\u00e9 muri\u00f3 Marcelo Araujo - Voces de la Comuna 15<\/title>\n<meta name=\"description\" content=\"Voces de la Comuna 15\" \/>\n<meta name=\"robots\" content=\"index, follow, max-snippet:-1, max-image-preview:large, max-video-preview:-1\" \/>\n<link rel=\"canonical\" href=\"https:\/\/vocesdelacomuna15.com.ar\/press\/de-que-murio-marcelo-araujo\/\" \/>\n<meta property=\"og:locale\" content=\"es_ES\" \/>\n<meta property=\"og:type\" content=\"article\" \/>\n<meta property=\"og:title\" content=\"De qu\u00e9 muri\u00f3 Marcelo Araujo - Voces de la Comuna 15\" \/>\n<meta property=\"og:description\" content=\"Voces de la Comuna 15\" \/>\n<meta property=\"og:url\" content=\"https:\/\/vocesdelacomuna15.com.ar\/press\/de-que-murio-marcelo-araujo\/\" \/>\n<meta property=\"og:site_name\" content=\"Voces de la Comuna 15\" \/>\n<meta property=\"article:publisher\" content=\"https:\/\/www.facebook.com\/VocesComuna15\/\" \/>\n<meta property=\"article:published_time\" content=\"2026-03-17T20:04:23+00:00\" \/>\n<meta property=\"article:modified_time\" content=\"2026-03-17T20:04:26+00:00\" \/>\n<meta property=\"og:image\" content=\"https:\/\/vocesdelacomuna15.com.ar\/wp-content\/uploads\/2024\/12\/cropped-logo_voces.jpg\" \/>\n\t<meta property=\"og:image:width\" content=\"512\" \/>\n\t<meta property=\"og:image:height\" content=\"512\" \/>\n\t<meta property=\"og:image:type\" content=\"image\/jpeg\" \/>\n<meta name=\"author\" content=\"Federico Arguto\" \/>\n<meta name=\"twitter:card\" content=\"summary_large_image\" \/>\n<meta name=\"twitter:creator\" content=\"@vocescomuna15\" \/>\n<meta name=\"twitter:site\" content=\"@vocescomuna15\" \/>\n<meta name=\"twitter:label1\" content=\"Escrito por\" \/>\n\t<meta name=\"twitter:data1\" content=\"Federico Arguto\" \/>\n\t<meta name=\"twitter:label2\" content=\"Tiempo de lectura\" \/>\n\t<meta name=\"twitter:data2\" content=\"3 minutos\" \/>\n<script type=\"application\/ld+json\" class=\"yoast-schema-graph\">{\"@context\":\"https:\\\/\\\/schema.org\",\"@graph\":[{\"@type\":\"Article\",\"@id\":\"https:\\\/\\\/vocesdelacomuna15.com.ar\\\/press\\\/de-que-murio-marcelo-araujo\\\/#article\",\"isPartOf\":{\"@id\":\"https:\\\/\\\/vocesdelacomuna15.com.ar\\\/press\\\/de-que-murio-marcelo-araujo\\\/\"},\"author\":{\"name\":\"Federico Arguto\",\"@id\":\"https:\\\/\\\/vocesdelacomuna15.com.ar\\\/press\\\/#\\\/schema\\\/person\\\/4739e109db25d799cd3d139eeb509e43\"},\"headline\":\"De qu\u00e9 muri\u00f3 Marcelo Araujo\",\"datePublished\":\"2026-03-17T20:04:23+00:00\",\"dateModified\":\"2026-03-17T20:04:26+00:00\",\"mainEntityOfPage\":{\"@id\":\"https:\\\/\\\/vocesdelacomuna15.com.ar\\\/press\\\/de-que-murio-marcelo-araujo\\\/\"},\"wordCount\":540,\"publisher\":{\"@id\":\"https:\\\/\\\/vocesdelacomuna15.com.ar\\\/press\\\/#organization\"},\"image\":{\"@id\":\"https:\\\/\\\/vocesdelacomuna15.com.ar\\\/press\\\/de-que-murio-marcelo-araujo\\\/#primaryimage\"},\"thumbnailUrl\":\"https:\\\/\\\/vocesdelacomuna15.com.ar\\\/wp-content\\\/uploads\\\/2026\\\/03\\\/murio-marcelo-BUA6VCBVYREYRGDZTNTMZJZHX4.avif\",\"articleSection\":[\"Deportes\"],\"inLanguage\":\"es-AR\"},{\"@type\":\"WebPage\",\"@id\":\"https:\\\/\\\/vocesdelacomuna15.com.ar\\\/press\\\/de-que-murio-marcelo-araujo\\\/\",\"url\":\"https:\\\/\\\/vocesdelacomuna15.com.ar\\\/press\\\/de-que-murio-marcelo-araujo\\\/\",\"name\":\"De qu\u00e9 muri\u00f3 Marcelo Araujo - Voces de la Comuna 15\",\"isPartOf\":{\"@id\":\"https:\\\/\\\/vocesdelacomuna15.com.ar\\\/press\\\/#website\"},\"primaryImageOfPage\":{\"@id\":\"https:\\\/\\\/vocesdelacomuna15.com.ar\\\/press\\\/de-que-murio-marcelo-araujo\\\/#primaryimage\"},\"image\":{\"@id\":\"https:\\\/\\\/vocesdelacomuna15.com.ar\\\/press\\\/de-que-murio-marcelo-araujo\\\/#primaryimage\"},\"thumbnailUrl\":\"https:\\\/\\\/vocesdelacomuna15.com.ar\\\/wp-content\\\/uploads\\\/2026\\\/03\\\/murio-marcelo-BUA6VCBVYREYRGDZTNTMZJZHX4.avif\",\"datePublished\":\"2026-03-17T20:04:23+00:00\",\"dateModified\":\"2026-03-17T20:04:26+00:00\",\"description\":\"Voces de la Comuna 15\",\"breadcrumb\":{\"@id\":\"https:\\\/\\\/vocesdelacomuna15.com.ar\\\/press\\\/de-que-murio-marcelo-araujo\\\/#breadcrumb\"},\"inLanguage\":\"es-AR\",\"potentialAction\":[{\"@type\":\"ReadAction\",\"target\":[\"https:\\\/\\\/vocesdelacomuna15.com.ar\\\/press\\\/de-que-murio-marcelo-araujo\\\/\"]}]},{\"@type\":\"ImageObject\",\"inLanguage\":\"es-AR\",\"@id\":\"https:\\\/\\\/vocesdelacomuna15.com.ar\\\/press\\\/de-que-murio-marcelo-araujo\\\/#primaryimage\",\"url\":\"https:\\\/\\\/vocesdelacomuna15.com.ar\\\/wp-content\\\/uploads\\\/2026\\\/03\\\/murio-marcelo-BUA6VCBVYREYRGDZTNTMZJZHX4.avif\",\"contentUrl\":\"https:\\\/\\\/vocesdelacomuna15.com.ar\\\/wp-content\\\/uploads\\\/2026\\\/03\\\/murio-marcelo-BUA6VCBVYREYRGDZTNTMZJZHX4.avif\",\"width\":880,\"height\":586},{\"@type\":\"BreadcrumbList\",\"@id\":\"https:\\\/\\\/vocesdelacomuna15.com.ar\\\/press\\\/de-que-murio-marcelo-araujo\\\/#breadcrumb\",\"itemListElement\":[{\"@type\":\"ListItem\",\"position\":1,\"name\":\"Inicio\",\"item\":\"https:\\\/\\\/vocesdelacomuna15.com.ar\\\/press\\\/\"},{\"@type\":\"ListItem\",\"position\":2,\"name\":\"De qu\u00e9 muri\u00f3 Marcelo Araujo\"}]},{\"@type\":\"WebSite\",\"@id\":\"https:\\\/\\\/vocesdelacomuna15.com.ar\\\/press\\\/#website\",\"url\":\"https:\\\/\\\/vocesdelacomuna15.com.ar\\\/press\\\/\",\"name\":\"Voces de la Comuna 15\",\"description\":\"Sitio web de noticias\",\"publisher\":{\"@id\":\"https:\\\/\\\/vocesdelacomuna15.com.ar\\\/press\\\/#organization\"},\"potentialAction\":[{\"@type\":\"SearchAction\",\"target\":{\"@type\":\"EntryPoint\",\"urlTemplate\":\"https:\\\/\\\/vocesdelacomuna15.com.ar\\\/press\\\/?s={search_term_string}\"},\"query-input\":{\"@type\":\"PropertyValueSpecification\",\"valueRequired\":true,\"valueName\":\"search_term_string\"}}],\"inLanguage\":\"es-AR\"},{\"@type\":\"Organization\",\"@id\":\"https:\\\/\\\/vocesdelacomuna15.com.ar\\\/press\\\/#organization\",\"name\":\"Voces de la Comuna 15\",\"url\":\"https:\\\/\\\/vocesdelacomuna15.com.ar\\\/press\\\/\",\"logo\":{\"@type\":\"ImageObject\",\"inLanguage\":\"es-AR\",\"@id\":\"https:\\\/\\\/vocesdelacomuna15.com.ar\\\/press\\\/#\\\/schema\\\/logo\\\/image\\\/\",\"url\":\"https:\\\/\\\/vocesdelacomuna15.com.ar\\\/wp-content\\\/uploads\\\/2024\\\/12\\\/cropped-logo_voces.jpg\",\"contentUrl\":\"https:\\\/\\\/vocesdelacomuna15.com.ar\\\/wp-content\\\/uploads\\\/2024\\\/12\\\/cropped-logo_voces.jpg\",\"width\":512,\"height\":512,\"caption\":\"Voces de la Comuna 15\"},\"image\":{\"@id\":\"https:\\\/\\\/vocesdelacomuna15.com.ar\\\/press\\\/#\\\/schema\\\/logo\\\/image\\\/\"},\"sameAs\":[\"https:\\\/\\\/www.facebook.com\\\/VocesComuna15\\\/\",\"https:\\\/\\\/x.com\\\/vocescomuna15\"]},{\"@type\":\"Person\",\"@id\":\"https:\\\/\\\/vocesdelacomuna15.com.ar\\\/press\\\/#\\\/schema\\\/person\\\/4739e109db25d799cd3d139eeb509e43\",\"name\":\"Federico Arguto\",\"image\":{\"@type\":\"ImageObject\",\"inLanguage\":\"es-AR\",\"@id\":\"https:\\\/\\\/vocesdelacomuna15.com.ar\\\/wp-content\\\/litespeed\\\/avatar\\\/82faf979976f1bae889b8b71f8a0a7e5.jpg?ver=1777419741\",\"url\":\"https:\\\/\\\/vocesdelacomuna15.com.ar\\\/wp-content\\\/litespeed\\\/avatar\\\/82faf979976f1bae889b8b71f8a0a7e5.jpg?ver=1777419741\",\"contentUrl\":\"https:\\\/\\\/vocesdelacomuna15.com.ar\\\/wp-content\\\/litespeed\\\/avatar\\\/82faf979976f1bae889b8b71f8a0a7e5.jpg?ver=1777419741\",\"caption\":\"Federico Arguto\"},\"url\":\"https:\\\/\\\/vocesdelacomuna15.com.ar\\\/press\\\/author\\\/fede\\\/\"}]}<\/script>\n<!-- \/ Yoast SEO plugin. -->","yoast_head_json":{"title":"De qu\u00e9 muri\u00f3 Marcelo Araujo - Voces de la Comuna 15","description":"Voces de la Comuna 15","robots":{"index":"index","follow":"follow","max-snippet":"max-snippet:-1","max-image-preview":"max-image-preview:large","max-video-preview":"max-video-preview:-1"},"canonical":"https:\/\/vocesdelacomuna15.com.ar\/press\/de-que-murio-marcelo-araujo\/","og_locale":"es_ES","og_type":"article","og_title":"De qu\u00e9 muri\u00f3 Marcelo Araujo - Voces de la Comuna 15","og_description":"Voces de la Comuna 15","og_url":"https:\/\/vocesdelacomuna15.com.ar\/press\/de-que-murio-marcelo-araujo\/","og_site_name":"Voces de la Comuna 15","article_publisher":"https:\/\/www.facebook.com\/VocesComuna15\/","article_published_time":"2026-03-17T20:04:23+00:00","article_modified_time":"2026-03-17T20:04:26+00:00","og_image":[{"width":512,"height":512,"url":"https:\/\/vocesdelacomuna15.com.ar\/wp-content\/uploads\/2024\/12\/cropped-logo_voces.jpg","type":"image\/jpeg"}],"author":"Federico Arguto","twitter_card":"summary_large_image","twitter_creator":"@vocescomuna15","twitter_site":"@vocescomuna15","twitter_misc":{"Escrito por":"Federico Arguto","Tiempo de lectura":"3 minutos"},"schema":{"@context":"https:\/\/schema.org","@graph":[{"@type":"Article","@id":"https:\/\/vocesdelacomuna15.com.ar\/press\/de-que-murio-marcelo-araujo\/#article","isPartOf":{"@id":"https:\/\/vocesdelacomuna15.com.ar\/press\/de-que-murio-marcelo-araujo\/"},"author":{"name":"Federico Arguto","@id":"https:\/\/vocesdelacomuna15.com.ar\/press\/#\/schema\/person\/4739e109db25d799cd3d139eeb509e43"},"headline":"De qu\u00e9 muri\u00f3 Marcelo Araujo","datePublished":"2026-03-17T20:04:23+00:00","dateModified":"2026-03-17T20:04:26+00:00","mainEntityOfPage":{"@id":"https:\/\/vocesdelacomuna15.com.ar\/press\/de-que-murio-marcelo-araujo\/"},"wordCount":540,"publisher":{"@id":"https:\/\/vocesdelacomuna15.com.ar\/press\/#organization"},"image":{"@id":"https:\/\/vocesdelacomuna15.com.ar\/press\/de-que-murio-marcelo-araujo\/#primaryimage"},"thumbnailUrl":"https:\/\/vocesdelacomuna15.com.ar\/wp-content\/uploads\/2026\/03\/murio-marcelo-BUA6VCBVYREYRGDZTNTMZJZHX4.avif","articleSection":["Deportes"],"inLanguage":"es-AR"},{"@type":"WebPage","@id":"https:\/\/vocesdelacomuna15.com.ar\/press\/de-que-murio-marcelo-araujo\/","url":"https:\/\/vocesdelacomuna15.com.ar\/press\/de-que-murio-marcelo-araujo\/","name":"De qu\u00e9 muri\u00f3 Marcelo Araujo - Voces de la Comuna 15","isPartOf":{"@id":"https:\/\/vocesdelacomuna15.com.ar\/press\/#website"},"primaryImageOfPage":{"@id":"https:\/\/vocesdelacomuna15.com.ar\/press\/de-que-murio-marcelo-araujo\/#primaryimage"},"image":{"@id":"https:\/\/vocesdelacomuna15.com.ar\/press\/de-que-murio-marcelo-araujo\/#primaryimage"},"thumbnailUrl":"https:\/\/vocesdelacomuna15.com.ar\/wp-content\/uploads\/2026\/03\/murio-marcelo-BUA6VCBVYREYRGDZTNTMZJZHX4.avif","datePublished":"2026-03-17T20:04:23+00:00","dateModified":"2026-03-17T20:04:26+00:00","description":"Voces de la Comuna 15","breadcrumb":{"@id":"https:\/\/vocesdelacomuna15.com.ar\/press\/de-que-murio-marcelo-araujo\/#breadcrumb"},"inLanguage":"es-AR","potentialAction":[{"@type":"ReadAction","target":["https:\/\/vocesdelacomuna15.com.ar\/press\/de-que-murio-marcelo-araujo\/"]}]},{"@type":"ImageObject","inLanguage":"es-AR","@id":"https:\/\/vocesdelacomuna15.com.ar\/press\/de-que-murio-marcelo-araujo\/#primaryimage","url":"https:\/\/vocesdelacomuna15.com.ar\/wp-content\/uploads\/2026\/03\/murio-marcelo-BUA6VCBVYREYRGDZTNTMZJZHX4.avif","contentUrl":"https:\/\/vocesdelacomuna15.com.ar\/wp-content\/uploads\/2026\/03\/murio-marcelo-BUA6VCBVYREYRGDZTNTMZJZHX4.avif","width":880,"height":586},{"@type":"BreadcrumbList","@id":"https:\/\/vocesdelacomuna15.com.ar\/press\/de-que-murio-marcelo-araujo\/#breadcrumb","itemListElement":[{"@type":"ListItem","position":1,"name":"Inicio","item":"https:\/\/vocesdelacomuna15.com.ar\/press\/"},{"@type":"ListItem","position":2,"name":"De qu\u00e9 muri\u00f3 Marcelo Araujo"}]},{"@type":"WebSite","@id":"https:\/\/vocesdelacomuna15.com.ar\/press\/#website","url":"https:\/\/vocesdelacomuna15.com.ar\/press\/","name":"Voces de la Comuna 15","description":"Sitio web de noticias","publisher":{"@id":"https:\/\/vocesdelacomuna15.com.ar\/press\/#organization"},"potentialAction":[{"@type":"SearchAction","target":{"@type":"EntryPoint","urlTemplate":"https:\/\/vocesdelacomuna15.com.ar\/press\/?s={search_term_string}"},"query-input":{"@type":"PropertyValueSpecification","valueRequired":true,"valueName":"search_term_string"}}],"inLanguage":"es-AR"},{"@type":"Organization","@id":"https:\/\/vocesdelacomuna15.com.ar\/press\/#organization","name":"Voces de la Comuna 15","url":"https:\/\/vocesdelacomuna15.com.ar\/press\/","logo":{"@type":"ImageObject","inLanguage":"es-AR","@id":"https:\/\/vocesdelacomuna15.com.ar\/press\/#\/schema\/logo\/image\/","url":"https:\/\/vocesdelacomuna15.com.ar\/wp-content\/uploads\/2024\/12\/cropped-logo_voces.jpg","contentUrl":"https:\/\/vocesdelacomuna15.com.ar\/wp-content\/uploads\/2024\/12\/cropped-logo_voces.jpg","width":512,"height":512,"caption":"Voces de la Comuna 15"},"image":{"@id":"https:\/\/vocesdelacomuna15.com.ar\/press\/#\/schema\/logo\/image\/"},"sameAs":["https:\/\/www.facebook.com\/VocesComuna15\/","https:\/\/x.com\/vocescomuna15"]},{"@type":"Person","@id":"https:\/\/vocesdelacomuna15.com.ar\/press\/#\/schema\/person\/4739e109db25d799cd3d139eeb509e43","name":"Federico Arguto","image":{"@type":"ImageObject","inLanguage":"es-AR","@id":"https:\/\/vocesdelacomuna15.com.ar\/wp-content\/litespeed\/avatar\/82faf979976f1bae889b8b71f8a0a7e5.jpg?ver=1777419741","url":"https:\/\/vocesdelacomuna15.com.ar\/wp-content\/litespeed\/avatar\/82faf979976f1bae889b8b71f8a0a7e5.jpg?ver=1777419741","contentUrl":"https:\/\/vocesdelacomuna15.com.ar\/wp-content\/litespeed\/avatar\/82faf979976f1bae889b8b71f8a0a7e5.jpg?ver=1777419741","caption":"Federico Arguto"},"url":"https:\/\/vocesdelacomuna15.com.ar\/press\/author\/fede\/"}]}},"_links":{"self":[{"href":"https:\/\/vocesdelacomuna15.com.ar\/press\/wp-json\/wp\/v2\/posts\/69681","targetHints":{"allow":["GET"]}}],"collection":[{"href":"https:\/\/vocesdelacomuna15.com.ar\/press\/wp-json\/wp\/v2\/posts"}],"about":[{"href":"https:\/\/vocesdelacomuna15.com.ar\/press\/wp-json\/wp\/v2\/types\/post"}],"author":[{"embeddable":true,"href":"https:\/\/vocesdelacomuna15.com.ar\/press\/wp-json\/wp\/v2\/users\/2"}],"replies":[{"embeddable":true,"href":"https:\/\/vocesdelacomuna15.com.ar\/press\/wp-json\/wp\/v2\/comments?post=69681"}],"version-history":[{"count":1,"href":"https:\/\/vocesdelacomuna15.com.ar\/press\/wp-json\/wp\/v2\/posts\/69681\/revisions"}],"predecessor-version":[{"id":69685,"href":"https:\/\/vocesdelacomuna15.com.ar\/press\/wp-json\/wp\/v2\/posts\/69681\/revisions\/69685"}],"wp:featuredmedia":[{"embeddable":true,"href":"https:\/\/vocesdelacomuna15.com.ar\/press\/wp-json\/wp\/v2\/media\/69682"}],"wp:attachment":[{"href":"https:\/\/vocesdelacomuna15.com.ar\/press\/wp-json\/wp\/v2\/media?parent=69681"}],"wp:term":[{"taxonomy":"category","embeddable":true,"href":"https:\/\/vocesdelacomuna15.com.ar\/press\/wp-json\/wp\/v2\/categories?post=69681"},{"taxonomy":"post_tag","embeddable":true,"href":"https:\/\/vocesdelacomuna15.com.ar\/press\/wp-json\/wp\/v2\/tags?post=69681"}],"curies":[{"name":"wp","href":"https:\/\/api.w.org\/{rel}","templated":true}]}}