{"id":69634,"date":"2026-03-13T19:03:51","date_gmt":"2026-03-13T22:03:51","guid":{"rendered":"https:\/\/vocesdelacomuna15.com.ar\/press\/?p=69634"},"modified":"2026-03-13T19:03:52","modified_gmt":"2026-03-13T22:03:52","slug":"cayeron-tres-estafadores-que-le-habian-robado-con-el-cuento-del-tio-a-una-jubilada-japonesa-en-villa-ortuzar","status":"publish","type":"post","link":"https:\/\/vocesdelacomuna15.com.ar\/press\/cayeron-tres-estafadores-que-le-habian-robado-con-el-cuento-del-tio-a-una-jubilada-japonesa-en-villa-ortuzar\/","title":{"rendered":"Cayeron tres estafadores que le hab\u00edan robado con el \u201ccuento del t\u00edo\u201d a una jubilada japonesa en Villa Ort\u00fazar"},"content":{"rendered":"\n<h3 class=\"wp-block-heading\">Los delincuentes ten\u00edan antecedentes por homicidio, robo y encubrimiento agravado.<br>Ocurri\u00f3 en el barrio porte\u00f1o de Villa Ort\u00fazar.<br><\/h3>\n\n\n\n<p><em>Fuente: www.clarin.com<\/em><\/p>\n\n\n\n<p>La Polic\u00eda de la Ciudad detuvo a&nbsp;<strong>tres delincuentes que estafaron a una jubilada japonesa bajo la modalidad del &#8220;cuento del t\u00edo&#8221;.<\/strong>&nbsp;Sucedi\u00f3 en&nbsp;<strong>Villa Ort\u00fazar,&nbsp;<\/strong>y los ladrones contaban con un largo prontuario de antecedentes.<\/p>\n\n\n\n<p><strong>Se hicieron pasar por amigos de su hijo con la excusa de llevarle dinero<\/strong>. La jubilada, de 71 a\u00f1os, cay\u00f3 y fue v\u00edctima de la estafa. La se\u00f1ora fue abordada por dos hombres y una mujer en su propiedad, ubicada en la calle Urdininea al 1700.<\/p>\n\n\n\n<p>Naturalizada argentina,&nbsp;<strong>la mujer de origen japon\u00e9s sufri\u00f3 el robo de cuatro anillos de oro<\/strong>. Horas m\u00e1s tarde, tras la alerta emitida, agentes de la Polic\u00eda localizaron el veh\u00edculo en el que se trasladaban los ladrones y dieron con ellos en G\u00e1ndara al 3300, donde fueron capturados.<\/p>\n\n\n\n<figure class=\"wp-block-image size-full\"><img loading=\"lazy\" decoding=\"async\" width=\"720\" height=\"232\" src=\"https:\/\/vocesdelacomuna15.com.ar\/wp-content\/uploads\/2026\/03\/p2CYVKnEB_720x0__1.avif\" alt=\"\" class=\"wp-image-69636\" srcset=\"https:\/\/vocesdelacomuna15.com.ar\/wp-content\/uploads\/2026\/03\/p2CYVKnEB_720x0__1.avif 720w, https:\/\/vocesdelacomuna15.com.ar\/wp-content\/uploads\/2026\/03\/p2CYVKnEB_720x0__1-300x97.avif 300w\" sizes=\"(max-width: 720px) 100vw, 720px\" \/><\/figure>\n\n\n\n<p><em>Las joyas recuperadas por la Polic\u00eda.<\/em><\/p>\n\n\n\n<p><\/p>\n\n\n\n<p>Entre las pertenencias de los asaltantes, la Polic\u00eda hall\u00f3 los anillos sustra\u00eddos momentos antes. Los tres imputados, de 30, 36 y 29 a\u00f1os,&nbsp;<strong>ya registraban antecedentes por homicidio, robo, encubrimiento agravado y tentativa de robo.<\/strong><\/p>\n\n\n\n<p>Tras la detenci\u00f3n, la Polic\u00eda procedi\u00f3 a incautar el veh\u00edculo utilizado para el robo, un Fiat Mobi negro. Esto adem\u00e1s de&nbsp;<strong>dinero en efectivo, joyas, precintos, guantes de l\u00e1tex, gas pimienta, un cuchillo<\/strong>&nbsp;y documentaci\u00f3n vehicular.<\/p>\n\n\n\n<p>La investigaci\u00f3n qued\u00f3 a cargo del Juzgado Nacional en lo Criminal y Correccional N\u00b051. Fue la Dra. Graciela Angulo quien dispuso la detenci\u00f3n de los imputados por el delito de &#8220;robo&#8221;.<\/p>\n\n\n\n<p><\/p>\n\n\n\n<p>Caracteres: 1.381<\/p>\n<div class=\"pvc_clear\"><\/div><p id=\"pvc_stats_69634\" class=\"pvc_stats all  \" data-element-id=\"69634\" style=\"\"><i class=\"pvc-stats-icon small\" aria-hidden=\"true\"><svg aria-hidden=\"true\" focusable=\"false\" data-prefix=\"far\" data-icon=\"chart-bar\" role=\"img\" xmlns=\"http:\/\/www.w3.org\/2000\/svg\" viewBox=\"0 0 512 512\" class=\"svg-inline--fa fa-chart-bar fa-w-16 fa-2x\"><path fill=\"currentColor\" d=\"M396.8 352h22.4c6.4 0 12.8-6.4 12.8-12.8V108.8c0-6.4-6.4-12.8-12.8-12.8h-22.4c-6.4 0-12.8 6.4-12.8 12.8v230.4c0 6.4 6.4 12.8 12.8 12.8zm-192 0h22.4c6.4 0 12.8-6.4 12.8-12.8V140.8c0-6.4-6.4-12.8-12.8-12.8h-22.4c-6.4 0-12.8 6.4-12.8 12.8v198.4c0 6.4 6.4 12.8 12.8 12.8zm96 0h22.4c6.4 0 12.8-6.4 12.8-12.8V204.8c0-6.4-6.4-12.8-12.8-12.8h-22.4c-6.4 0-12.8 6.4-12.8 12.8v134.4c0 6.4 6.4 12.8 12.8 12.8zM496 400H48V80c0-8.84-7.16-16-16-16H16C7.16 64 0 71.16 0 80v336c0 17.67 14.33 32 32 32h464c8.84 0 16-7.16 16-16v-16c0-8.84-7.16-16-16-16zm-387.2-48h22.4c6.4 0 12.8-6.4 12.8-12.8v-70.4c0-6.4-6.4-12.8-12.8-12.8h-22.4c-6.4 0-12.8 6.4-12.8 12.8v70.4c0 6.4 6.4 12.8 12.8 12.8z\" class=\"\"><\/path><\/svg><\/i> <img loading=\"lazy\" decoding=\"async\" width=\"16\" height=\"16\" alt=\"Loading\" src=\"https:\/\/vocesdelacomuna15.com.ar\/wp-content\/plugins\/page-views-count\/ajax-loader-2x.gif\" border=0 \/><\/p><div class=\"pvc_clear\"><\/div>","protected":false},"excerpt":{"rendered":"<p>Los delincuentes ten\u00edan antecedentes por homicidio, robo y encubrimiento agravado.Ocurri\u00f3 en el barrio porte\u00f1o de Villa Ort\u00fazar. Fuente: www.clarin.com La Polic\u00eda de la Ciudad detuvo a&nbsp;tres delincuentes que estafaron a una jubilada japonesa bajo la modalidad del &#8220;cuento del t\u00edo&#8221;.&nbsp;Sucedi\u00f3 en&nbsp;Villa Ort\u00fazar,&nbsp;y los ladrones contaban con un largo prontuario de antecedentes. Se hicieron pasar por [&hellip;]<\/p>\n<div class=\"pvc_clear\"><\/div>\n<p id=\"pvc_stats_69634\" class=\"pvc_stats all  \" data-element-id=\"69634\" style=\"\"><i class=\"pvc-stats-icon small\" aria-hidden=\"true\"><svg aria-hidden=\"true\" focusable=\"false\" data-prefix=\"far\" data-icon=\"chart-bar\" role=\"img\" xmlns=\"http:\/\/www.w3.org\/2000\/svg\" viewBox=\"0 0 512 512\" class=\"svg-inline--fa fa-chart-bar fa-w-16 fa-2x\"><path fill=\"currentColor\" d=\"M396.8 352h22.4c6.4 0 12.8-6.4 12.8-12.8V108.8c0-6.4-6.4-12.8-12.8-12.8h-22.4c-6.4 0-12.8 6.4-12.8 12.8v230.4c0 6.4 6.4 12.8 12.8 12.8zm-192 0h22.4c6.4 0 12.8-6.4 12.8-12.8V140.8c0-6.4-6.4-12.8-12.8-12.8h-22.4c-6.4 0-12.8 6.4-12.8 12.8v198.4c0 6.4 6.4 12.8 12.8 12.8zm96 0h22.4c6.4 0 12.8-6.4 12.8-12.8V204.8c0-6.4-6.4-12.8-12.8-12.8h-22.4c-6.4 0-12.8 6.4-12.8 12.8v134.4c0 6.4 6.4 12.8 12.8 12.8zM496 400H48V80c0-8.84-7.16-16-16-16H16C7.16 64 0 71.16 0 80v336c0 17.67 14.33 32 32 32h464c8.84 0 16-7.16 16-16v-16c0-8.84-7.16-16-16-16zm-387.2-48h22.4c6.4 0 12.8-6.4 12.8-12.8v-70.4c0-6.4-6.4-12.8-12.8-12.8h-22.4c-6.4 0-12.8 6.4-12.8 12.8v70.4c0 6.4 6.4 12.8 12.8 12.8z\" class=\"\"><\/path><\/svg><\/i> <img loading=\"lazy\" decoding=\"async\" width=\"16\" height=\"16\" alt=\"Loading\" src=\"https:\/\/vocesdelacomuna15.com.ar\/wp-content\/plugins\/page-views-count\/ajax-loader-2x.gif\" border=0 \/><\/p>\n<div class=\"pvc_clear\"><\/div>\n","protected":false},"author":2,"featured_media":69639,"comment_status":"closed","ping_status":"closed","sticky":false,"template":"","format":"standard","meta":{"_et_pb_use_builder":"off","_et_pb_old_content":"","_et_gb_content_width":"","footnotes":""},"categories":[28],"tags":[],"class_list":["post-69634","post","type-post","status-publish","format-standard","has-post-thumbnail","hentry","category-policial","et-has-post-format-content","et_post_format-et-post-format-standard"],"a3_pvc":{"activated":true,"total_views":16,"today_views":0},"yoast_head":"<!-- This site is optimized with the Yoast SEO plugin v27.5 - https:\/\/yoast.com\/product\/yoast-seo-wordpress\/ -->\n<title>Cayeron tres estafadores que le hab\u00edan robado con el \u201ccuento del t\u00edo\u201d a una jubilada japonesa en Villa Ort\u00fazar - Voces de la Comuna 15<\/title>\n<meta name=\"description\" content=\"Voces de la Comuna 15\" \/>\n<meta name=\"robots\" content=\"index, follow, max-snippet:-1, max-image-preview:large, max-video-preview:-1\" \/>\n<link rel=\"canonical\" href=\"https:\/\/vocesdelacomuna15.com.ar\/press\/cayeron-tres-estafadores-que-le-habian-robado-con-el-cuento-del-tio-a-una-jubilada-japonesa-en-villa-ortuzar\/\" \/>\n<meta property=\"og:locale\" content=\"es_ES\" \/>\n<meta property=\"og:type\" content=\"article\" \/>\n<meta property=\"og:title\" content=\"Cayeron tres estafadores que le hab\u00edan robado con el \u201ccuento del t\u00edo\u201d a una jubilada japonesa en Villa Ort\u00fazar - Voces de la Comuna 15\" \/>\n<meta property=\"og:description\" content=\"Voces de la Comuna 15\" \/>\n<meta property=\"og:url\" content=\"https:\/\/vocesdelacomuna15.com.ar\/press\/cayeron-tres-estafadores-que-le-habian-robado-con-el-cuento-del-tio-a-una-jubilada-japonesa-en-villa-ortuzar\/\" \/>\n<meta property=\"og:site_name\" content=\"Voces de la Comuna 15\" \/>\n<meta property=\"article:publisher\" content=\"https:\/\/www.facebook.com\/VocesComuna15\/\" \/>\n<meta property=\"article:published_time\" content=\"2026-03-13T22:03:51+00:00\" \/>\n<meta property=\"article:modified_time\" content=\"2026-03-13T22:03:52+00:00\" \/>\n<meta property=\"og:image\" content=\"https:\/\/vocesdelacomuna15.com.ar\/wp-content\/uploads\/2026\/03\/6.avif\" \/>\n\t<meta property=\"og:image:width\" content=\"1151\" \/>\n\t<meta property=\"og:image:height\" content=\"595\" \/>\n\t<meta property=\"og:image:type\" content=\"image\/jpeg\" \/>\n<meta name=\"author\" content=\"Federico Arguto\" \/>\n<meta name=\"twitter:card\" content=\"summary_large_image\" \/>\n<meta name=\"twitter:creator\" content=\"@vocescomuna15\" \/>\n<meta name=\"twitter:site\" content=\"@vocescomuna15\" \/>\n<meta name=\"twitter:label1\" content=\"Escrito por\" \/>\n\t<meta name=\"twitter:data1\" content=\"Federico Arguto\" \/>\n\t<meta name=\"twitter:label2\" content=\"Tiempo de lectura\" \/>\n\t<meta name=\"twitter:data2\" content=\"2 minutos\" \/>\n<script type=\"application\/ld+json\" class=\"yoast-schema-graph\">{\"@context\":\"https:\\\/\\\/schema.org\",\"@graph\":[{\"@type\":\"Article\",\"@id\":\"https:\\\/\\\/vocesdelacomuna15.com.ar\\\/press\\\/cayeron-tres-estafadores-que-le-habian-robado-con-el-cuento-del-tio-a-una-jubilada-japonesa-en-villa-ortuzar\\\/#article\",\"isPartOf\":{\"@id\":\"https:\\\/\\\/vocesdelacomuna15.com.ar\\\/press\\\/cayeron-tres-estafadores-que-le-habian-robado-con-el-cuento-del-tio-a-una-jubilada-japonesa-en-villa-ortuzar\\\/\"},\"author\":{\"name\":\"Federico Arguto\",\"@id\":\"https:\\\/\\\/vocesdelacomuna15.com.ar\\\/press\\\/#\\\/schema\\\/person\\\/4739e109db25d799cd3d139eeb509e43\"},\"headline\":\"Cayeron tres estafadores que le hab\u00edan robado con el \u201ccuento del t\u00edo\u201d a una jubilada japonesa en Villa Ort\u00fazar\",\"datePublished\":\"2026-03-13T22:03:51+00:00\",\"dateModified\":\"2026-03-13T22:03:52+00:00\",\"mainEntityOfPage\":{\"@id\":\"https:\\\/\\\/vocesdelacomuna15.com.ar\\\/press\\\/cayeron-tres-estafadores-que-le-habian-robado-con-el-cuento-del-tio-a-una-jubilada-japonesa-en-villa-ortuzar\\\/\"},\"wordCount\":310,\"publisher\":{\"@id\":\"https:\\\/\\\/vocesdelacomuna15.com.ar\\\/press\\\/#organization\"},\"image\":{\"@id\":\"https:\\\/\\\/vocesdelacomuna15.com.ar\\\/press\\\/cayeron-tres-estafadores-que-le-habian-robado-con-el-cuento-del-tio-a-una-jubilada-japonesa-en-villa-ortuzar\\\/#primaryimage\"},\"thumbnailUrl\":\"https:\\\/\\\/vocesdelacomuna15.com.ar\\\/wp-content\\\/uploads\\\/2026\\\/03\\\/6.avif\",\"articleSection\":[\"Policial\"],\"inLanguage\":\"es-AR\"},{\"@type\":\"WebPage\",\"@id\":\"https:\\\/\\\/vocesdelacomuna15.com.ar\\\/press\\\/cayeron-tres-estafadores-que-le-habian-robado-con-el-cuento-del-tio-a-una-jubilada-japonesa-en-villa-ortuzar\\\/\",\"url\":\"https:\\\/\\\/vocesdelacomuna15.com.ar\\\/press\\\/cayeron-tres-estafadores-que-le-habian-robado-con-el-cuento-del-tio-a-una-jubilada-japonesa-en-villa-ortuzar\\\/\",\"name\":\"Cayeron tres estafadores que le hab\u00edan robado con el \u201ccuento del t\u00edo\u201d a una jubilada japonesa en Villa Ort\u00fazar - Voces de la Comuna 15\",\"isPartOf\":{\"@id\":\"https:\\\/\\\/vocesdelacomuna15.com.ar\\\/press\\\/#website\"},\"primaryImageOfPage\":{\"@id\":\"https:\\\/\\\/vocesdelacomuna15.com.ar\\\/press\\\/cayeron-tres-estafadores-que-le-habian-robado-con-el-cuento-del-tio-a-una-jubilada-japonesa-en-villa-ortuzar\\\/#primaryimage\"},\"image\":{\"@id\":\"https:\\\/\\\/vocesdelacomuna15.com.ar\\\/press\\\/cayeron-tres-estafadores-que-le-habian-robado-con-el-cuento-del-tio-a-una-jubilada-japonesa-en-villa-ortuzar\\\/#primaryimage\"},\"thumbnailUrl\":\"https:\\\/\\\/vocesdelacomuna15.com.ar\\\/wp-content\\\/uploads\\\/2026\\\/03\\\/6.avif\",\"datePublished\":\"2026-03-13T22:03:51+00:00\",\"dateModified\":\"2026-03-13T22:03:52+00:00\",\"description\":\"Voces de la Comuna 15\",\"breadcrumb\":{\"@id\":\"https:\\\/\\\/vocesdelacomuna15.com.ar\\\/press\\\/cayeron-tres-estafadores-que-le-habian-robado-con-el-cuento-del-tio-a-una-jubilada-japonesa-en-villa-ortuzar\\\/#breadcrumb\"},\"inLanguage\":\"es-AR\",\"potentialAction\":[{\"@type\":\"ReadAction\",\"target\":[\"https:\\\/\\\/vocesdelacomuna15.com.ar\\\/press\\\/cayeron-tres-estafadores-que-le-habian-robado-con-el-cuento-del-tio-a-una-jubilada-japonesa-en-villa-ortuzar\\\/\"]}]},{\"@type\":\"ImageObject\",\"inLanguage\":\"es-AR\",\"@id\":\"https:\\\/\\\/vocesdelacomuna15.com.ar\\\/press\\\/cayeron-tres-estafadores-que-le-habian-robado-con-el-cuento-del-tio-a-una-jubilada-japonesa-en-villa-ortuzar\\\/#primaryimage\",\"url\":\"https:\\\/\\\/vocesdelacomuna15.com.ar\\\/wp-content\\\/uploads\\\/2026\\\/03\\\/6.avif\",\"contentUrl\":\"https:\\\/\\\/vocesdelacomuna15.com.ar\\\/wp-content\\\/uploads\\\/2026\\\/03\\\/6.avif\",\"width\":1151,\"height\":595},{\"@type\":\"BreadcrumbList\",\"@id\":\"https:\\\/\\\/vocesdelacomuna15.com.ar\\\/press\\\/cayeron-tres-estafadores-que-le-habian-robado-con-el-cuento-del-tio-a-una-jubilada-japonesa-en-villa-ortuzar\\\/#breadcrumb\",\"itemListElement\":[{\"@type\":\"ListItem\",\"position\":1,\"name\":\"Inicio\",\"item\":\"https:\\\/\\\/vocesdelacomuna15.com.ar\\\/press\\\/\"},{\"@type\":\"ListItem\",\"position\":2,\"name\":\"Cayeron tres estafadores que le hab\u00edan robado con el \u201ccuento del t\u00edo\u201d a una jubilada japonesa en Villa Ort\u00fazar\"}]},{\"@type\":\"WebSite\",\"@id\":\"https:\\\/\\\/vocesdelacomuna15.com.ar\\\/press\\\/#website\",\"url\":\"https:\\\/\\\/vocesdelacomuna15.com.ar\\\/press\\\/\",\"name\":\"Voces de la Comuna 15\",\"description\":\"Sitio web de noticias\",\"publisher\":{\"@id\":\"https:\\\/\\\/vocesdelacomuna15.com.ar\\\/press\\\/#organization\"},\"potentialAction\":[{\"@type\":\"SearchAction\",\"target\":{\"@type\":\"EntryPoint\",\"urlTemplate\":\"https:\\\/\\\/vocesdelacomuna15.com.ar\\\/press\\\/?s={search_term_string}\"},\"query-input\":{\"@type\":\"PropertyValueSpecification\",\"valueRequired\":true,\"valueName\":\"search_term_string\"}}],\"inLanguage\":\"es-AR\"},{\"@type\":\"Organization\",\"@id\":\"https:\\\/\\\/vocesdelacomuna15.com.ar\\\/press\\\/#organization\",\"name\":\"Voces de la Comuna 15\",\"url\":\"https:\\\/\\\/vocesdelacomuna15.com.ar\\\/press\\\/\",\"logo\":{\"@type\":\"ImageObject\",\"inLanguage\":\"es-AR\",\"@id\":\"https:\\\/\\\/vocesdelacomuna15.com.ar\\\/press\\\/#\\\/schema\\\/logo\\\/image\\\/\",\"url\":\"https:\\\/\\\/vocesdelacomuna15.com.ar\\\/wp-content\\\/uploads\\\/2024\\\/12\\\/cropped-logo_voces.jpg\",\"contentUrl\":\"https:\\\/\\\/vocesdelacomuna15.com.ar\\\/wp-content\\\/uploads\\\/2024\\\/12\\\/cropped-logo_voces.jpg\",\"width\":512,\"height\":512,\"caption\":\"Voces de la Comuna 15\"},\"image\":{\"@id\":\"https:\\\/\\\/vocesdelacomuna15.com.ar\\\/press\\\/#\\\/schema\\\/logo\\\/image\\\/\"},\"sameAs\":[\"https:\\\/\\\/www.facebook.com\\\/VocesComuna15\\\/\",\"https:\\\/\\\/x.com\\\/vocescomuna15\"]},{\"@type\":\"Person\",\"@id\":\"https:\\\/\\\/vocesdelacomuna15.com.ar\\\/press\\\/#\\\/schema\\\/person\\\/4739e109db25d799cd3d139eeb509e43\",\"name\":\"Federico Arguto\",\"image\":{\"@type\":\"ImageObject\",\"inLanguage\":\"es-AR\",\"@id\":\"https:\\\/\\\/vocesdelacomuna15.com.ar\\\/wp-content\\\/litespeed\\\/avatar\\\/82faf979976f1bae889b8b71f8a0a7e5.jpg?ver=1776814847\",\"url\":\"https:\\\/\\\/vocesdelacomuna15.com.ar\\\/wp-content\\\/litespeed\\\/avatar\\\/82faf979976f1bae889b8b71f8a0a7e5.jpg?ver=1776814847\",\"contentUrl\":\"https:\\\/\\\/vocesdelacomuna15.com.ar\\\/wp-content\\\/litespeed\\\/avatar\\\/82faf979976f1bae889b8b71f8a0a7e5.jpg?ver=1776814847\",\"caption\":\"Federico Arguto\"},\"url\":\"https:\\\/\\\/vocesdelacomuna15.com.ar\\\/press\\\/author\\\/fede\\\/\"}]}<\/script>\n<!-- \/ Yoast SEO plugin. -->","yoast_head_json":{"title":"Cayeron tres estafadores que le hab\u00edan robado con el \u201ccuento del t\u00edo\u201d a una jubilada japonesa en Villa Ort\u00fazar - Voces de la Comuna 15","description":"Voces de la Comuna 15","robots":{"index":"index","follow":"follow","max-snippet":"max-snippet:-1","max-image-preview":"max-image-preview:large","max-video-preview":"max-video-preview:-1"},"canonical":"https:\/\/vocesdelacomuna15.com.ar\/press\/cayeron-tres-estafadores-que-le-habian-robado-con-el-cuento-del-tio-a-una-jubilada-japonesa-en-villa-ortuzar\/","og_locale":"es_ES","og_type":"article","og_title":"Cayeron tres estafadores que le hab\u00edan robado con el \u201ccuento del t\u00edo\u201d a una jubilada japonesa en Villa Ort\u00fazar - Voces de la Comuna 15","og_description":"Voces de la Comuna 15","og_url":"https:\/\/vocesdelacomuna15.com.ar\/press\/cayeron-tres-estafadores-que-le-habian-robado-con-el-cuento-del-tio-a-una-jubilada-japonesa-en-villa-ortuzar\/","og_site_name":"Voces de la Comuna 15","article_publisher":"https:\/\/www.facebook.com\/VocesComuna15\/","article_published_time":"2026-03-13T22:03:51+00:00","article_modified_time":"2026-03-13T22:03:52+00:00","og_image":[{"width":1151,"height":595,"url":"https:\/\/vocesdelacomuna15.com.ar\/wp-content\/uploads\/2026\/03\/6.avif","type":"image\/jpeg"}],"author":"Federico Arguto","twitter_card":"summary_large_image","twitter_creator":"@vocescomuna15","twitter_site":"@vocescomuna15","twitter_misc":{"Escrito por":"Federico Arguto","Tiempo de lectura":"2 minutos"},"schema":{"@context":"https:\/\/schema.org","@graph":[{"@type":"Article","@id":"https:\/\/vocesdelacomuna15.com.ar\/press\/cayeron-tres-estafadores-que-le-habian-robado-con-el-cuento-del-tio-a-una-jubilada-japonesa-en-villa-ortuzar\/#article","isPartOf":{"@id":"https:\/\/vocesdelacomuna15.com.ar\/press\/cayeron-tres-estafadores-que-le-habian-robado-con-el-cuento-del-tio-a-una-jubilada-japonesa-en-villa-ortuzar\/"},"author":{"name":"Federico Arguto","@id":"https:\/\/vocesdelacomuna15.com.ar\/press\/#\/schema\/person\/4739e109db25d799cd3d139eeb509e43"},"headline":"Cayeron tres estafadores que le hab\u00edan robado con el \u201ccuento del t\u00edo\u201d a una jubilada japonesa en Villa Ort\u00fazar","datePublished":"2026-03-13T22:03:51+00:00","dateModified":"2026-03-13T22:03:52+00:00","mainEntityOfPage":{"@id":"https:\/\/vocesdelacomuna15.com.ar\/press\/cayeron-tres-estafadores-que-le-habian-robado-con-el-cuento-del-tio-a-una-jubilada-japonesa-en-villa-ortuzar\/"},"wordCount":310,"publisher":{"@id":"https:\/\/vocesdelacomuna15.com.ar\/press\/#organization"},"image":{"@id":"https:\/\/vocesdelacomuna15.com.ar\/press\/cayeron-tres-estafadores-que-le-habian-robado-con-el-cuento-del-tio-a-una-jubilada-japonesa-en-villa-ortuzar\/#primaryimage"},"thumbnailUrl":"https:\/\/vocesdelacomuna15.com.ar\/wp-content\/uploads\/2026\/03\/6.avif","articleSection":["Policial"],"inLanguage":"es-AR"},{"@type":"WebPage","@id":"https:\/\/vocesdelacomuna15.com.ar\/press\/cayeron-tres-estafadores-que-le-habian-robado-con-el-cuento-del-tio-a-una-jubilada-japonesa-en-villa-ortuzar\/","url":"https:\/\/vocesdelacomuna15.com.ar\/press\/cayeron-tres-estafadores-que-le-habian-robado-con-el-cuento-del-tio-a-una-jubilada-japonesa-en-villa-ortuzar\/","name":"Cayeron tres estafadores que le hab\u00edan robado con el \u201ccuento del t\u00edo\u201d a una jubilada japonesa en Villa Ort\u00fazar - Voces de la Comuna 15","isPartOf":{"@id":"https:\/\/vocesdelacomuna15.com.ar\/press\/#website"},"primaryImageOfPage":{"@id":"https:\/\/vocesdelacomuna15.com.ar\/press\/cayeron-tres-estafadores-que-le-habian-robado-con-el-cuento-del-tio-a-una-jubilada-japonesa-en-villa-ortuzar\/#primaryimage"},"image":{"@id":"https:\/\/vocesdelacomuna15.com.ar\/press\/cayeron-tres-estafadores-que-le-habian-robado-con-el-cuento-del-tio-a-una-jubilada-japonesa-en-villa-ortuzar\/#primaryimage"},"thumbnailUrl":"https:\/\/vocesdelacomuna15.com.ar\/wp-content\/uploads\/2026\/03\/6.avif","datePublished":"2026-03-13T22:03:51+00:00","dateModified":"2026-03-13T22:03:52+00:00","description":"Voces de la Comuna 15","breadcrumb":{"@id":"https:\/\/vocesdelacomuna15.com.ar\/press\/cayeron-tres-estafadores-que-le-habian-robado-con-el-cuento-del-tio-a-una-jubilada-japonesa-en-villa-ortuzar\/#breadcrumb"},"inLanguage":"es-AR","potentialAction":[{"@type":"ReadAction","target":["https:\/\/vocesdelacomuna15.com.ar\/press\/cayeron-tres-estafadores-que-le-habian-robado-con-el-cuento-del-tio-a-una-jubilada-japonesa-en-villa-ortuzar\/"]}]},{"@type":"ImageObject","inLanguage":"es-AR","@id":"https:\/\/vocesdelacomuna15.com.ar\/press\/cayeron-tres-estafadores-que-le-habian-robado-con-el-cuento-del-tio-a-una-jubilada-japonesa-en-villa-ortuzar\/#primaryimage","url":"https:\/\/vocesdelacomuna15.com.ar\/wp-content\/uploads\/2026\/03\/6.avif","contentUrl":"https:\/\/vocesdelacomuna15.com.ar\/wp-content\/uploads\/2026\/03\/6.avif","width":1151,"height":595},{"@type":"BreadcrumbList","@id":"https:\/\/vocesdelacomuna15.com.ar\/press\/cayeron-tres-estafadores-que-le-habian-robado-con-el-cuento-del-tio-a-una-jubilada-japonesa-en-villa-ortuzar\/#breadcrumb","itemListElement":[{"@type":"ListItem","position":1,"name":"Inicio","item":"https:\/\/vocesdelacomuna15.com.ar\/press\/"},{"@type":"ListItem","position":2,"name":"Cayeron tres estafadores que le hab\u00edan robado con el \u201ccuento del t\u00edo\u201d a una jubilada japonesa en Villa Ort\u00fazar"}]},{"@type":"WebSite","@id":"https:\/\/vocesdelacomuna15.com.ar\/press\/#website","url":"https:\/\/vocesdelacomuna15.com.ar\/press\/","name":"Voces de la Comuna 15","description":"Sitio web de noticias","publisher":{"@id":"https:\/\/vocesdelacomuna15.com.ar\/press\/#organization"},"potentialAction":[{"@type":"SearchAction","target":{"@type":"EntryPoint","urlTemplate":"https:\/\/vocesdelacomuna15.com.ar\/press\/?s={search_term_string}"},"query-input":{"@type":"PropertyValueSpecification","valueRequired":true,"valueName":"search_term_string"}}],"inLanguage":"es-AR"},{"@type":"Organization","@id":"https:\/\/vocesdelacomuna15.com.ar\/press\/#organization","name":"Voces de la Comuna 15","url":"https:\/\/vocesdelacomuna15.com.ar\/press\/","logo":{"@type":"ImageObject","inLanguage":"es-AR","@id":"https:\/\/vocesdelacomuna15.com.ar\/press\/#\/schema\/logo\/image\/","url":"https:\/\/vocesdelacomuna15.com.ar\/wp-content\/uploads\/2024\/12\/cropped-logo_voces.jpg","contentUrl":"https:\/\/vocesdelacomuna15.com.ar\/wp-content\/uploads\/2024\/12\/cropped-logo_voces.jpg","width":512,"height":512,"caption":"Voces de la Comuna 15"},"image":{"@id":"https:\/\/vocesdelacomuna15.com.ar\/press\/#\/schema\/logo\/image\/"},"sameAs":["https:\/\/www.facebook.com\/VocesComuna15\/","https:\/\/x.com\/vocescomuna15"]},{"@type":"Person","@id":"https:\/\/vocesdelacomuna15.com.ar\/press\/#\/schema\/person\/4739e109db25d799cd3d139eeb509e43","name":"Federico Arguto","image":{"@type":"ImageObject","inLanguage":"es-AR","@id":"https:\/\/vocesdelacomuna15.com.ar\/wp-content\/litespeed\/avatar\/82faf979976f1bae889b8b71f8a0a7e5.jpg?ver=1776814847","url":"https:\/\/vocesdelacomuna15.com.ar\/wp-content\/litespeed\/avatar\/82faf979976f1bae889b8b71f8a0a7e5.jpg?ver=1776814847","contentUrl":"https:\/\/vocesdelacomuna15.com.ar\/wp-content\/litespeed\/avatar\/82faf979976f1bae889b8b71f8a0a7e5.jpg?ver=1776814847","caption":"Federico Arguto"},"url":"https:\/\/vocesdelacomuna15.com.ar\/press\/author\/fede\/"}]}},"_links":{"self":[{"href":"https:\/\/vocesdelacomuna15.com.ar\/press\/wp-json\/wp\/v2\/posts\/69634","targetHints":{"allow":["GET"]}}],"collection":[{"href":"https:\/\/vocesdelacomuna15.com.ar\/press\/wp-json\/wp\/v2\/posts"}],"about":[{"href":"https:\/\/vocesdelacomuna15.com.ar\/press\/wp-json\/wp\/v2\/types\/post"}],"author":[{"embeddable":true,"href":"https:\/\/vocesdelacomuna15.com.ar\/press\/wp-json\/wp\/v2\/users\/2"}],"replies":[{"embeddable":true,"href":"https:\/\/vocesdelacomuna15.com.ar\/press\/wp-json\/wp\/v2\/comments?post=69634"}],"version-history":[{"count":1,"href":"https:\/\/vocesdelacomuna15.com.ar\/press\/wp-json\/wp\/v2\/posts\/69634\/revisions"}],"predecessor-version":[{"id":69646,"href":"https:\/\/vocesdelacomuna15.com.ar\/press\/wp-json\/wp\/v2\/posts\/69634\/revisions\/69646"}],"wp:featuredmedia":[{"embeddable":true,"href":"https:\/\/vocesdelacomuna15.com.ar\/press\/wp-json\/wp\/v2\/media\/69639"}],"wp:attachment":[{"href":"https:\/\/vocesdelacomuna15.com.ar\/press\/wp-json\/wp\/v2\/media?parent=69634"}],"wp:term":[{"taxonomy":"category","embeddable":true,"href":"https:\/\/vocesdelacomuna15.com.ar\/press\/wp-json\/wp\/v2\/categories?post=69634"},{"taxonomy":"post_tag","embeddable":true,"href":"https:\/\/vocesdelacomuna15.com.ar\/press\/wp-json\/wp\/v2\/tags?post=69634"}],"curies":[{"name":"wp","href":"https:\/\/api.w.org\/{rel}","templated":true}]}}