{"id":69622,"date":"2026-03-13T12:22:35","date_gmt":"2026-03-13T15:22:35","guid":{"rendered":"https:\/\/vocesdelacomuna15.com.ar\/press\/?p=69622"},"modified":"2026-03-13T12:22:39","modified_gmt":"2026-03-13T15:22:39","slug":"argentina-tiene-buena-disponibilidad-de-datos-educativos-pero-faltan-registros-de-ausentismo-y-consolidar-evaluaciones","status":"publish","type":"post","link":"https:\/\/vocesdelacomuna15.com.ar\/press\/argentina-tiene-buena-disponibilidad-de-datos-educativos-pero-faltan-registros-de-ausentismo-y-consolidar-evaluaciones\/","title":{"rendered":"Argentina tiene buena disponibilidad de datos educativos, pero faltan registros de ausentismo y consolidar evaluaciones"},"content":{"rendered":"\n<p><em>El pa\u00eds se ubica en el tercer lugar de Am\u00e9rica Latina en disponibilidad de informaci\u00f3n educativa, detr\u00e1s de Chile y Uruguay. Aun as\u00ed, tiene deudas pendientes, como la consolidaci\u00f3n de un sistema nominal que permita contar con datos sobre ausentismo estudiantil y la implementaci\u00f3n de un plan de evaluaci\u00f3n con pruebas censales anuales. Fortalecer estos aspectos permitir\u00eda producir mejor evidencia para la toma de decisiones en materia de pol\u00edtica educativa.<\/em><\/p>\n\n\n\n<p>Fuente: Prensa Argentinos por la Educaci\u00f3n<\/p>\n\n\n\n<p>Seg\u00fan un nuevo \u00edndice elaborado por&nbsp;<strong>Argentinos por la Educaci\u00f3n<\/strong>, el pa\u00eds obtiene un puntaje de 0,67 en el&nbsp;<strong>\u00cdndice de Disponibilidad de Datos Educativos (IDDE)<\/strong>, en una escala que va de 0 a 1, por detr\u00e1s de Chile (0,95) y Uruguay (0,72), pero por encima de Brasil (0,60) y de otros siete pa\u00edses analizados en la regi\u00f3n.<\/p>\n\n\n\n<p>Los datos surgen del informe \u201c<strong>\u00cdndice de disponibilidad de datos educativos: acceso a la informaci\u00f3n en pa\u00edses de Am\u00e9rica Latina<\/strong>\u201d, elaborado por Juan Suasn\u00e1bar (UNICEN\/UNIPE), Nancy Montes (FLACSO) y Mar\u00eda Sol Alz\u00fa, Mart\u00edn Nistal y Luc\u00eda Vallejo (Argentinos por la Educaci\u00f3n). El \u00edndice compara el nivel de desarrollo y apertura de los sistemas de informaci\u00f3n educativa en once pa\u00edses de Am\u00e9rica Latina a partir de tres tipos de datos: relevamientos escolares, evaluaciones nacionales de aprendizaje y registros nominales (individuales) de ausentismo estudiantil.<\/p>\n\n\n\n<p>Cada una de estas dimensiones se eval\u00faa seg\u00fan tres criterios: cobertura, frecuencia de actualizaci\u00f3n y transparencia en la publicaci\u00f3n de la informaci\u00f3n. La f\u00f3rmula utiliza una escala que va de 0 (ausencia total de informaci\u00f3n) a 1 (m\u00e1ximo nivel de apertura). El \u00edndice es un promedio de nueve variables (las tres dimensiones cruzadas con los tres componentes).<\/p>\n\n\n\n<p>Los resultados muestran fuertes diferencias entre los pa\u00edses de la regi\u00f3n. Chile (0,95) lidera el \u00edndice, con altos niveles de cobertura y apertura de datos: la brecha de 0,3 puntos con respecto a Argentina (0,67) implica que Chile tiene un sistema de informaci\u00f3n educativo un 42% mejor que el argentino. Uruguay (0,72) se ubica en un segundo escal\u00f3n.<\/p>\n\n\n\n<p>Detr\u00e1s de Argentina aparecen Brasil (0,60), Ecuador (0,57), Colombia (0,55) y Per\u00fa (0,51). Luego figuran Paraguay (0,19), Bolivia (0,18) y M\u00e9xico (0,09) que presentan los niveles m\u00e1s bajos de disponibilidad de informaci\u00f3n educativa. Venezuela, en tanto, no cuenta con datos p\u00fablicos en las dimensiones analizadas y obtiene un IDDE de 0.<\/p>\n\n\n\n<p>El desempe\u00f1o de Argentina se explica principalmente por la disponibilidad de datos de relevamientos escolares, centrados en aspectos estructurales como matr\u00edcula, cargos y establecimientos, dimensi\u00f3n en la que el pa\u00eds alcanza uno de los puntajes m\u00e1s altos de la regi\u00f3n (0,84). En cambio, obtiene valores m\u00e1s moderados en evaluaciones estandarizadas (0,67) y en datos nominales sobre ausentismo (0,49), una dimensi\u00f3n en la que s\u00f3lo cuatro pa\u00edses \u2013Argentina, Brasil, Chile y Uruguay\u2013 cuentan con datos abiertos al p\u00fablico general.<\/p>\n\n\n\n<p>Al analizar los componentes del \u00edndice, Argentina muestra un desempe\u00f1o equilibrado: 0,72 en cobertura, 0,64 en frecuencia y 0,64 en transparencia. La principal fortaleza del pa\u00eds se vincula con la amplitud de la cobertura de la informaci\u00f3n que produce el sistema educativo. Sin embargo, el informe advierte que el principal desaf\u00edo est\u00e1 en la transparencia, especialmente en comparaci\u00f3n con Chile.<\/p>\n\n\n\n<p>El informe tambi\u00e9n destaca que algunas jurisdicciones registran informaci\u00f3n sobre ausentismo estudiantil con frecuencia diaria, lo que constituye un avance en t\u00e9rminos de periodicidad de datos. Sin embargo, la cobertura todav\u00eda es limitada, ya que el sistema no incluye a todas las provincias ni a todas las escuelas, y la informaci\u00f3n disponible p\u00fablicamente se difunde solo en informes agregados.<\/p>\n\n\n\n<p>Anal\u00eda Jaimovich, Directora de Estudios y Asistencia T\u00e9cnica en SUMMA: &#8220;El informe llama la atenci\u00f3n sobre un tema crucial para el desarrollo de pol\u00edticas educativas basadas en evidencia en Am\u00e9rica Latina: la disponibilidad de datos clave sobre resultados de los sistemas educativos tales como acceso, aprendizajes, y ausentismo estudiantil. Se destaca tambi\u00e9n en el sentido de avanzar en la importancia de la granularidad de los datos. Por ejemplo, la disponibilidad de datos nominales de ausentismo y matr\u00edcula estudiantil permite hacer un seguimiento detallado de sus trayectorias educativas, informaci\u00f3n sin la cual es complejo el dise\u00f1o de pol\u00edticas y estrategias destinadas a protegerlas. El sistema de protecci\u00f3n de trayectorias educativas recientemente desarrollado en Chile, por ejemplo, avanza en esa l\u00ednea y no hubiera sido posible desarrollarlo si no existieran datos nominales. En este sentido, el informe es un aporte relevante en tanto destaca caracter\u00edsticas de los sistemas de datos que los hacen m\u00e1s \u00fatiles para sostener pol\u00edticas educativas basadas en evidencia.&#8221;<\/p>\n\n\n\n<p>\u201cEl IDDE permite visualizar de manera sint\u00e9tica los logros, el estado actual y los desaf\u00edos que tienen los pa\u00edses de la regi\u00f3n en relaci\u00f3n con la producci\u00f3n y disponibilizaci\u00f3n de los principales datos que se requieren sobre el sector educativo. En la muestra que constituyen los once pa\u00edses bajo an\u00e1lisis se observa, adem\u00e1s de una fuerte heterogeneidad en esos desarrollos, que ning\u00fan pa\u00eds est\u00e1 en una condici\u00f3n \u00f3ptima y que, a\u00fan, cuatro de ellos evidencian importantes d\u00e9ficits\u201d, se\u00f1ala&nbsp;<strong>Nancy Montes<\/strong>, profesora e investigadora de FLACSO y coautora del informe.<\/p>\n\n\n\n<p>\u201cLos sistemas educativos est\u00e1n atravesando una transici\u00f3n profunda en la forma de producir, almacenar, gestionar y utilizar informaci\u00f3n. El desarrollo de registros nominales, las plataformas digitales de ense\u00f1anza y la digitalizaci\u00f3n de los procesos administrativos hacen que hoy se generen de manera permanente datos sobre lo que ocurre en las escuelas. Sin embargo, este proceso avanza a ritmos desiguales entre pa\u00edses: en el terreno de los datos se reproducen muchas de las desigualdades estructurales que caracterizan a los sistemas educativos de la regi\u00f3n\u201d, sostiene&nbsp;<strong>Juan Suasn\u00e1bar<\/strong>, coautor del informe, docente e investigador de la UNICEN y coordinador del Observatorio Educativo y Social de UNIPE.<\/p>\n\n\n\n<p>Seg\u00fan los autores, contar con sistemas de informaci\u00f3n educativa s\u00f3lidos y accesibles es clave para mejorar las pol\u00edticas p\u00fablicas. Los mismos se\u00f1alan que la disponibilidad de datos no solo permite orientar las decisiones gubernamentales, sino que tambi\u00e9n es valiosa para las escuelas, familias, investigadores y la sociedad civil en su conjunto.<\/p>\n\n\n\n<p>\u201cEl \u00cdndice de Disponibilidad de Datos Educativos (IDDE) hace posible la comparaci\u00f3n entre los diferentes pa\u00edses, propone una desagregaci\u00f3n de componentes y dimensiones y permite, en nuestro pa\u00eds, ordenar la conversaci\u00f3n sobre estos diferentes aspectos que integran la compleja tem\u00e1tica de la informaci\u00f3n educativa. Adem\u00e1s, abre un espacio muy interesante para identificar logros y desaf\u00edos a\u00fan pendientes en especial en diferentes aspectos: la gobernanza de la informaci\u00f3n, la construcci\u00f3n federal de un sistema integral de informaci\u00f3n educativa y la promoci\u00f3n de usos espec\u00edficos de la informaci\u00f3n en diferentes niveles del sistema educativo, especialmente el escolar e intermedio\u201d, indica&nbsp;<strong>Lilia Toranzos<\/strong>, docente e investigadora en la UNIPE y especialista en evaluaci\u00f3n.<\/p>\n\n\n\n<p>\u201cEn Argentina, la legislaci\u00f3n vigente establece restricciones para la publicaci\u00f3n de resultados de evaluaci\u00f3n a nivel de escuela con el objetivo de evitar procesos de estigmatizaci\u00f3n. Sin embargo, cabe preguntarse si esa restricci\u00f3n sigue siendo la mejor forma de alcanzar ese objetivo. La experiencia internacional muestra que es posible difundir informaci\u00f3n a nivel de escuela resguardando adecuadamente a estudiantes, docentes e instituciones, al tiempo que se fortalece la investigaci\u00f3n, el an\u00e1lisis independiente y el uso de evidencia por parte de escuelas, gobiernos y familias\u201d, afirma\u00a0<strong>Juan Cruz Perusia<\/strong>, investigador principal de Educaci\u00f3n de CIPPEC.<\/p>\n\n\n\n<figure class=\"wp-block-image size-large\"><img loading=\"lazy\" decoding=\"async\" width=\"1024\" height=\"560\" src=\"https:\/\/vocesdelacomuna15.com.ar\/wp-content\/uploads\/2026\/03\/unnamed-1-1024x560.avif\" alt=\"\" class=\"wp-image-69624\" srcset=\"https:\/\/vocesdelacomuna15.com.ar\/wp-content\/uploads\/2026\/03\/unnamed-1-1024x560.avif 1024w, https:\/\/vocesdelacomuna15.com.ar\/wp-content\/uploads\/2026\/03\/unnamed-1-300x164.avif 300w, https:\/\/vocesdelacomuna15.com.ar\/wp-content\/uploads\/2026\/03\/unnamed-1-768x420.avif 768w, https:\/\/vocesdelacomuna15.com.ar\/wp-content\/uploads\/2026\/03\/unnamed-1-1080x590.avif 1080w, https:\/\/vocesdelacomuna15.com.ar\/wp-content\/uploads\/2026\/03\/unnamed-1.avif 1120w\" sizes=\"(max-width: 1024px) 100vw, 1024px\" \/><\/figure>\n\n\n\n<p>Gr\u00e1fico 1. \u00cdndice de disponibilidad de datos educativos (IDDE), por pa\u00edses seleccionados de Am\u00e9rica Latina.<\/p>\n\n\n\n<figure class=\"wp-block-image size-large\"><img loading=\"lazy\" decoding=\"async\" width=\"1024\" height=\"538\" src=\"https:\/\/vocesdelacomuna15.com.ar\/wp-content\/uploads\/2026\/03\/unnamed-3-1024x538.avif\" alt=\"\" class=\"wp-image-69626\" srcset=\"https:\/\/vocesdelacomuna15.com.ar\/wp-content\/uploads\/2026\/03\/unnamed-3-1024x538.avif 1024w, https:\/\/vocesdelacomuna15.com.ar\/wp-content\/uploads\/2026\/03\/unnamed-3-300x158.avif 300w, https:\/\/vocesdelacomuna15.com.ar\/wp-content\/uploads\/2026\/03\/unnamed-3-768x403.avif 768w, https:\/\/vocesdelacomuna15.com.ar\/wp-content\/uploads\/2026\/03\/unnamed-3-1080x567.avif 1080w, https:\/\/vocesdelacomuna15.com.ar\/wp-content\/uploads\/2026\/03\/unnamed-3.avif 1120w\" sizes=\"(max-width: 1024px) 100vw, 1024px\" \/><\/figure>\n\n\n\n<p>Gr\u00e1fico 2. Descomposici\u00f3n del \u00edndice de disponibilidad de datos educativos por dimensi\u00f3n de an\u00e1lisis, por pa\u00edses seleccionados de Am\u00e9rica Latina.<\/p>\n\n\n\n<figure class=\"wp-block-image size-large\"><img loading=\"lazy\" decoding=\"async\" width=\"1024\" height=\"524\" src=\"https:\/\/vocesdelacomuna15.com.ar\/wp-content\/uploads\/2026\/03\/unnamed-1-1-1024x524.avif\" alt=\"\" class=\"wp-image-69627\" srcset=\"https:\/\/vocesdelacomuna15.com.ar\/wp-content\/uploads\/2026\/03\/unnamed-1-1-1024x524.avif 1024w, https:\/\/vocesdelacomuna15.com.ar\/wp-content\/uploads\/2026\/03\/unnamed-1-1-300x153.avif 300w, https:\/\/vocesdelacomuna15.com.ar\/wp-content\/uploads\/2026\/03\/unnamed-1-1-768x393.avif 768w, https:\/\/vocesdelacomuna15.com.ar\/wp-content\/uploads\/2026\/03\/unnamed-1-1-1080x553.avif 1080w, https:\/\/vocesdelacomuna15.com.ar\/wp-content\/uploads\/2026\/03\/unnamed-1-1.avif 1120w\" sizes=\"(max-width: 1024px) 100vw, 1024px\" \/><\/figure>\n\n\n\n<p>Gr\u00e1fico 3. Descomposici\u00f3n del \u00edndice de disponibilidad de datos educativos (IDDE) por componente, por pa\u00edses seleccionados de Am\u00e9rica Latina.<\/p>\n\n\n\n<p><\/p>\n<div class=\"pvc_clear\"><\/div><p id=\"pvc_stats_69622\" class=\"pvc_stats all  \" data-element-id=\"69622\" style=\"\"><i class=\"pvc-stats-icon small\" aria-hidden=\"true\"><svg aria-hidden=\"true\" focusable=\"false\" data-prefix=\"far\" data-icon=\"chart-bar\" role=\"img\" xmlns=\"http:\/\/www.w3.org\/2000\/svg\" viewBox=\"0 0 512 512\" class=\"svg-inline--fa fa-chart-bar fa-w-16 fa-2x\"><path fill=\"currentColor\" d=\"M396.8 352h22.4c6.4 0 12.8-6.4 12.8-12.8V108.8c0-6.4-6.4-12.8-12.8-12.8h-22.4c-6.4 0-12.8 6.4-12.8 12.8v230.4c0 6.4 6.4 12.8 12.8 12.8zm-192 0h22.4c6.4 0 12.8-6.4 12.8-12.8V140.8c0-6.4-6.4-12.8-12.8-12.8h-22.4c-6.4 0-12.8 6.4-12.8 12.8v198.4c0 6.4 6.4 12.8 12.8 12.8zm96 0h22.4c6.4 0 12.8-6.4 12.8-12.8V204.8c0-6.4-6.4-12.8-12.8-12.8h-22.4c-6.4 0-12.8 6.4-12.8 12.8v134.4c0 6.4 6.4 12.8 12.8 12.8zM496 400H48V80c0-8.84-7.16-16-16-16H16C7.16 64 0 71.16 0 80v336c0 17.67 14.33 32 32 32h464c8.84 0 16-7.16 16-16v-16c0-8.84-7.16-16-16-16zm-387.2-48h22.4c6.4 0 12.8-6.4 12.8-12.8v-70.4c0-6.4-6.4-12.8-12.8-12.8h-22.4c-6.4 0-12.8 6.4-12.8 12.8v70.4c0 6.4 6.4 12.8 12.8 12.8z\" class=\"\"><\/path><\/svg><\/i> <img loading=\"lazy\" decoding=\"async\" width=\"16\" height=\"16\" alt=\"Loading\" src=\"https:\/\/vocesdelacomuna15.com.ar\/wp-content\/plugins\/page-views-count\/ajax-loader-2x.gif\" border=0 \/><\/p><div class=\"pvc_clear\"><\/div>","protected":false},"excerpt":{"rendered":"<p>El pa\u00eds se ubica en el tercer lugar de Am\u00e9rica Latina en disponibilidad de informaci\u00f3n educativa, detr\u00e1s de Chile y Uruguay. Aun as\u00ed, tiene deudas pendientes, como la consolidaci\u00f3n de un sistema nominal que permita contar con datos sobre ausentismo estudiantil y la implementaci\u00f3n de un plan de evaluaci\u00f3n con pruebas censales anuales. Fortalecer estos [&hellip;]<\/p>\n<div class=\"pvc_clear\"><\/div>\n<p id=\"pvc_stats_69622\" class=\"pvc_stats all  \" data-element-id=\"69622\" style=\"\"><i class=\"pvc-stats-icon small\" aria-hidden=\"true\"><svg aria-hidden=\"true\" focusable=\"false\" data-prefix=\"far\" data-icon=\"chart-bar\" role=\"img\" xmlns=\"http:\/\/www.w3.org\/2000\/svg\" viewBox=\"0 0 512 512\" class=\"svg-inline--fa fa-chart-bar fa-w-16 fa-2x\"><path fill=\"currentColor\" d=\"M396.8 352h22.4c6.4 0 12.8-6.4 12.8-12.8V108.8c0-6.4-6.4-12.8-12.8-12.8h-22.4c-6.4 0-12.8 6.4-12.8 12.8v230.4c0 6.4 6.4 12.8 12.8 12.8zm-192 0h22.4c6.4 0 12.8-6.4 12.8-12.8V140.8c0-6.4-6.4-12.8-12.8-12.8h-22.4c-6.4 0-12.8 6.4-12.8 12.8v198.4c0 6.4 6.4 12.8 12.8 12.8zm96 0h22.4c6.4 0 12.8-6.4 12.8-12.8V204.8c0-6.4-6.4-12.8-12.8-12.8h-22.4c-6.4 0-12.8 6.4-12.8 12.8v134.4c0 6.4 6.4 12.8 12.8 12.8zM496 400H48V80c0-8.84-7.16-16-16-16H16C7.16 64 0 71.16 0 80v336c0 17.67 14.33 32 32 32h464c8.84 0 16-7.16 16-16v-16c0-8.84-7.16-16-16-16zm-387.2-48h22.4c6.4 0 12.8-6.4 12.8-12.8v-70.4c0-6.4-6.4-12.8-12.8-12.8h-22.4c-6.4 0-12.8 6.4-12.8 12.8v70.4c0 6.4 6.4 12.8 12.8 12.8z\" class=\"\"><\/path><\/svg><\/i> <img loading=\"lazy\" decoding=\"async\" width=\"16\" height=\"16\" alt=\"Loading\" src=\"https:\/\/vocesdelacomuna15.com.ar\/wp-content\/plugins\/page-views-count\/ajax-loader-2x.gif\" border=0 \/><\/p>\n<div class=\"pvc_clear\"><\/div>\n","protected":false},"author":2,"featured_media":69626,"comment_status":"closed","ping_status":"closed","sticky":false,"template":"","format":"standard","meta":{"_et_pb_use_builder":"off","_et_pb_old_content":"","_et_gb_content_width":"","footnotes":""},"categories":[8],"tags":[],"class_list":["post-69622","post","type-post","status-publish","format-standard","has-post-thumbnail","hentry","category-sociedad","et-has-post-format-content","et_post_format-et-post-format-standard"],"a3_pvc":{"activated":true,"total_views":9,"today_views":0},"yoast_head":"<!-- This site is optimized with the Yoast SEO plugin v27.5 - https:\/\/yoast.com\/product\/yoast-seo-wordpress\/ -->\n<title>Argentina tiene buena disponibilidad de datos educativos, pero faltan registros de ausentismo y consolidar evaluaciones - Voces de la Comuna 15<\/title>\n<meta name=\"description\" content=\"Voces de la Comuna 15\" \/>\n<meta name=\"robots\" content=\"index, follow, max-snippet:-1, max-image-preview:large, max-video-preview:-1\" \/>\n<link rel=\"canonical\" href=\"https:\/\/vocesdelacomuna15.com.ar\/press\/argentina-tiene-buena-disponibilidad-de-datos-educativos-pero-faltan-registros-de-ausentismo-y-consolidar-evaluaciones\/\" \/>\n<meta property=\"og:locale\" content=\"es_ES\" \/>\n<meta property=\"og:type\" content=\"article\" \/>\n<meta property=\"og:title\" content=\"Argentina tiene buena disponibilidad de datos educativos, pero faltan registros de ausentismo y consolidar evaluaciones - Voces de la Comuna 15\" \/>\n<meta property=\"og:description\" content=\"Voces de la Comuna 15\" \/>\n<meta property=\"og:url\" content=\"https:\/\/vocesdelacomuna15.com.ar\/press\/argentina-tiene-buena-disponibilidad-de-datos-educativos-pero-faltan-registros-de-ausentismo-y-consolidar-evaluaciones\/\" \/>\n<meta property=\"og:site_name\" content=\"Voces de la Comuna 15\" \/>\n<meta property=\"article:publisher\" content=\"https:\/\/www.facebook.com\/VocesComuna15\/\" \/>\n<meta property=\"article:published_time\" content=\"2026-03-13T15:22:35+00:00\" \/>\n<meta property=\"article:modified_time\" content=\"2026-03-13T15:22:39+00:00\" \/>\n<meta property=\"og:image\" content=\"https:\/\/vocesdelacomuna15.com.ar\/wp-content\/uploads\/2026\/03\/unnamed-3.avif\" \/>\n\t<meta property=\"og:image:width\" content=\"1120\" \/>\n\t<meta property=\"og:image:height\" content=\"588\" \/>\n\t<meta property=\"og:image:type\" content=\"image\/jpeg\" \/>\n<meta name=\"author\" content=\"Federico Arguto\" \/>\n<meta name=\"twitter:card\" content=\"summary_large_image\" \/>\n<meta name=\"twitter:creator\" content=\"@vocescomuna15\" \/>\n<meta name=\"twitter:site\" content=\"@vocescomuna15\" \/>\n<meta name=\"twitter:label1\" content=\"Escrito por\" \/>\n\t<meta name=\"twitter:data1\" content=\"Federico Arguto\" \/>\n\t<meta name=\"twitter:label2\" content=\"Tiempo de lectura\" \/>\n\t<meta name=\"twitter:data2\" content=\"7 minutos\" \/>\n<script type=\"application\/ld+json\" class=\"yoast-schema-graph\">{\"@context\":\"https:\\\/\\\/schema.org\",\"@graph\":[{\"@type\":\"Article\",\"@id\":\"https:\\\/\\\/vocesdelacomuna15.com.ar\\\/press\\\/argentina-tiene-buena-disponibilidad-de-datos-educativos-pero-faltan-registros-de-ausentismo-y-consolidar-evaluaciones\\\/#article\",\"isPartOf\":{\"@id\":\"https:\\\/\\\/vocesdelacomuna15.com.ar\\\/press\\\/argentina-tiene-buena-disponibilidad-de-datos-educativos-pero-faltan-registros-de-ausentismo-y-consolidar-evaluaciones\\\/\"},\"author\":{\"name\":\"Federico Arguto\",\"@id\":\"https:\\\/\\\/vocesdelacomuna15.com.ar\\\/press\\\/#\\\/schema\\\/person\\\/4739e109db25d799cd3d139eeb509e43\"},\"headline\":\"Argentina tiene buena disponibilidad de datos educativos, pero faltan registros de ausentismo y consolidar evaluaciones\",\"datePublished\":\"2026-03-13T15:22:35+00:00\",\"dateModified\":\"2026-03-13T15:22:39+00:00\",\"mainEntityOfPage\":{\"@id\":\"https:\\\/\\\/vocesdelacomuna15.com.ar\\\/press\\\/argentina-tiene-buena-disponibilidad-de-datos-educativos-pero-faltan-registros-de-ausentismo-y-consolidar-evaluaciones\\\/\"},\"wordCount\":1383,\"publisher\":{\"@id\":\"https:\\\/\\\/vocesdelacomuna15.com.ar\\\/press\\\/#organization\"},\"image\":{\"@id\":\"https:\\\/\\\/vocesdelacomuna15.com.ar\\\/press\\\/argentina-tiene-buena-disponibilidad-de-datos-educativos-pero-faltan-registros-de-ausentismo-y-consolidar-evaluaciones\\\/#primaryimage\"},\"thumbnailUrl\":\"https:\\\/\\\/vocesdelacomuna15.com.ar\\\/wp-content\\\/uploads\\\/2026\\\/03\\\/unnamed-3.avif\",\"articleSection\":[\"Sociedad\"],\"inLanguage\":\"es-AR\"},{\"@type\":\"WebPage\",\"@id\":\"https:\\\/\\\/vocesdelacomuna15.com.ar\\\/press\\\/argentina-tiene-buena-disponibilidad-de-datos-educativos-pero-faltan-registros-de-ausentismo-y-consolidar-evaluaciones\\\/\",\"url\":\"https:\\\/\\\/vocesdelacomuna15.com.ar\\\/press\\\/argentina-tiene-buena-disponibilidad-de-datos-educativos-pero-faltan-registros-de-ausentismo-y-consolidar-evaluaciones\\\/\",\"name\":\"Argentina tiene buena disponibilidad de datos educativos, pero faltan registros de ausentismo y consolidar evaluaciones - Voces de la Comuna 15\",\"isPartOf\":{\"@id\":\"https:\\\/\\\/vocesdelacomuna15.com.ar\\\/press\\\/#website\"},\"primaryImageOfPage\":{\"@id\":\"https:\\\/\\\/vocesdelacomuna15.com.ar\\\/press\\\/argentina-tiene-buena-disponibilidad-de-datos-educativos-pero-faltan-registros-de-ausentismo-y-consolidar-evaluaciones\\\/#primaryimage\"},\"image\":{\"@id\":\"https:\\\/\\\/vocesdelacomuna15.com.ar\\\/press\\\/argentina-tiene-buena-disponibilidad-de-datos-educativos-pero-faltan-registros-de-ausentismo-y-consolidar-evaluaciones\\\/#primaryimage\"},\"thumbnailUrl\":\"https:\\\/\\\/vocesdelacomuna15.com.ar\\\/wp-content\\\/uploads\\\/2026\\\/03\\\/unnamed-3.avif\",\"datePublished\":\"2026-03-13T15:22:35+00:00\",\"dateModified\":\"2026-03-13T15:22:39+00:00\",\"description\":\"Voces de la Comuna 15\",\"breadcrumb\":{\"@id\":\"https:\\\/\\\/vocesdelacomuna15.com.ar\\\/press\\\/argentina-tiene-buena-disponibilidad-de-datos-educativos-pero-faltan-registros-de-ausentismo-y-consolidar-evaluaciones\\\/#breadcrumb\"},\"inLanguage\":\"es-AR\",\"potentialAction\":[{\"@type\":\"ReadAction\",\"target\":[\"https:\\\/\\\/vocesdelacomuna15.com.ar\\\/press\\\/argentina-tiene-buena-disponibilidad-de-datos-educativos-pero-faltan-registros-de-ausentismo-y-consolidar-evaluaciones\\\/\"]}]},{\"@type\":\"ImageObject\",\"inLanguage\":\"es-AR\",\"@id\":\"https:\\\/\\\/vocesdelacomuna15.com.ar\\\/press\\\/argentina-tiene-buena-disponibilidad-de-datos-educativos-pero-faltan-registros-de-ausentismo-y-consolidar-evaluaciones\\\/#primaryimage\",\"url\":\"https:\\\/\\\/vocesdelacomuna15.com.ar\\\/wp-content\\\/uploads\\\/2026\\\/03\\\/unnamed-3.avif\",\"contentUrl\":\"https:\\\/\\\/vocesdelacomuna15.com.ar\\\/wp-content\\\/uploads\\\/2026\\\/03\\\/unnamed-3.avif\",\"width\":1120,\"height\":588},{\"@type\":\"BreadcrumbList\",\"@id\":\"https:\\\/\\\/vocesdelacomuna15.com.ar\\\/press\\\/argentina-tiene-buena-disponibilidad-de-datos-educativos-pero-faltan-registros-de-ausentismo-y-consolidar-evaluaciones\\\/#breadcrumb\",\"itemListElement\":[{\"@type\":\"ListItem\",\"position\":1,\"name\":\"Inicio\",\"item\":\"https:\\\/\\\/vocesdelacomuna15.com.ar\\\/press\\\/\"},{\"@type\":\"ListItem\",\"position\":2,\"name\":\"Argentina tiene buena disponibilidad de datos educativos, pero faltan registros de ausentismo y consolidar evaluaciones\"}]},{\"@type\":\"WebSite\",\"@id\":\"https:\\\/\\\/vocesdelacomuna15.com.ar\\\/press\\\/#website\",\"url\":\"https:\\\/\\\/vocesdelacomuna15.com.ar\\\/press\\\/\",\"name\":\"Voces de la Comuna 15\",\"description\":\"Sitio web de noticias\",\"publisher\":{\"@id\":\"https:\\\/\\\/vocesdelacomuna15.com.ar\\\/press\\\/#organization\"},\"potentialAction\":[{\"@type\":\"SearchAction\",\"target\":{\"@type\":\"EntryPoint\",\"urlTemplate\":\"https:\\\/\\\/vocesdelacomuna15.com.ar\\\/press\\\/?s={search_term_string}\"},\"query-input\":{\"@type\":\"PropertyValueSpecification\",\"valueRequired\":true,\"valueName\":\"search_term_string\"}}],\"inLanguage\":\"es-AR\"},{\"@type\":\"Organization\",\"@id\":\"https:\\\/\\\/vocesdelacomuna15.com.ar\\\/press\\\/#organization\",\"name\":\"Voces de la Comuna 15\",\"url\":\"https:\\\/\\\/vocesdelacomuna15.com.ar\\\/press\\\/\",\"logo\":{\"@type\":\"ImageObject\",\"inLanguage\":\"es-AR\",\"@id\":\"https:\\\/\\\/vocesdelacomuna15.com.ar\\\/press\\\/#\\\/schema\\\/logo\\\/image\\\/\",\"url\":\"https:\\\/\\\/vocesdelacomuna15.com.ar\\\/wp-content\\\/uploads\\\/2024\\\/12\\\/cropped-logo_voces.jpg\",\"contentUrl\":\"https:\\\/\\\/vocesdelacomuna15.com.ar\\\/wp-content\\\/uploads\\\/2024\\\/12\\\/cropped-logo_voces.jpg\",\"width\":512,\"height\":512,\"caption\":\"Voces de la Comuna 15\"},\"image\":{\"@id\":\"https:\\\/\\\/vocesdelacomuna15.com.ar\\\/press\\\/#\\\/schema\\\/logo\\\/image\\\/\"},\"sameAs\":[\"https:\\\/\\\/www.facebook.com\\\/VocesComuna15\\\/\",\"https:\\\/\\\/x.com\\\/vocescomuna15\"]},{\"@type\":\"Person\",\"@id\":\"https:\\\/\\\/vocesdelacomuna15.com.ar\\\/press\\\/#\\\/schema\\\/person\\\/4739e109db25d799cd3d139eeb509e43\",\"name\":\"Federico Arguto\",\"image\":{\"@type\":\"ImageObject\",\"inLanguage\":\"es-AR\",\"@id\":\"https:\\\/\\\/vocesdelacomuna15.com.ar\\\/wp-content\\\/litespeed\\\/avatar\\\/82faf979976f1bae889b8b71f8a0a7e5.jpg?ver=1776814847\",\"url\":\"https:\\\/\\\/vocesdelacomuna15.com.ar\\\/wp-content\\\/litespeed\\\/avatar\\\/82faf979976f1bae889b8b71f8a0a7e5.jpg?ver=1776814847\",\"contentUrl\":\"https:\\\/\\\/vocesdelacomuna15.com.ar\\\/wp-content\\\/litespeed\\\/avatar\\\/82faf979976f1bae889b8b71f8a0a7e5.jpg?ver=1776814847\",\"caption\":\"Federico Arguto\"},\"url\":\"https:\\\/\\\/vocesdelacomuna15.com.ar\\\/press\\\/author\\\/fede\\\/\"}]}<\/script>\n<!-- \/ Yoast SEO plugin. -->","yoast_head_json":{"title":"Argentina tiene buena disponibilidad de datos educativos, pero faltan registros de ausentismo y consolidar evaluaciones - Voces de la Comuna 15","description":"Voces de la Comuna 15","robots":{"index":"index","follow":"follow","max-snippet":"max-snippet:-1","max-image-preview":"max-image-preview:large","max-video-preview":"max-video-preview:-1"},"canonical":"https:\/\/vocesdelacomuna15.com.ar\/press\/argentina-tiene-buena-disponibilidad-de-datos-educativos-pero-faltan-registros-de-ausentismo-y-consolidar-evaluaciones\/","og_locale":"es_ES","og_type":"article","og_title":"Argentina tiene buena disponibilidad de datos educativos, pero faltan registros de ausentismo y consolidar evaluaciones - Voces de la Comuna 15","og_description":"Voces de la Comuna 15","og_url":"https:\/\/vocesdelacomuna15.com.ar\/press\/argentina-tiene-buena-disponibilidad-de-datos-educativos-pero-faltan-registros-de-ausentismo-y-consolidar-evaluaciones\/","og_site_name":"Voces de la Comuna 15","article_publisher":"https:\/\/www.facebook.com\/VocesComuna15\/","article_published_time":"2026-03-13T15:22:35+00:00","article_modified_time":"2026-03-13T15:22:39+00:00","og_image":[{"width":1120,"height":588,"url":"https:\/\/vocesdelacomuna15.com.ar\/wp-content\/uploads\/2026\/03\/unnamed-3.avif","type":"image\/jpeg"}],"author":"Federico Arguto","twitter_card":"summary_large_image","twitter_creator":"@vocescomuna15","twitter_site":"@vocescomuna15","twitter_misc":{"Escrito por":"Federico Arguto","Tiempo de lectura":"7 minutos"},"schema":{"@context":"https:\/\/schema.org","@graph":[{"@type":"Article","@id":"https:\/\/vocesdelacomuna15.com.ar\/press\/argentina-tiene-buena-disponibilidad-de-datos-educativos-pero-faltan-registros-de-ausentismo-y-consolidar-evaluaciones\/#article","isPartOf":{"@id":"https:\/\/vocesdelacomuna15.com.ar\/press\/argentina-tiene-buena-disponibilidad-de-datos-educativos-pero-faltan-registros-de-ausentismo-y-consolidar-evaluaciones\/"},"author":{"name":"Federico Arguto","@id":"https:\/\/vocesdelacomuna15.com.ar\/press\/#\/schema\/person\/4739e109db25d799cd3d139eeb509e43"},"headline":"Argentina tiene buena disponibilidad de datos educativos, pero faltan registros de ausentismo y consolidar evaluaciones","datePublished":"2026-03-13T15:22:35+00:00","dateModified":"2026-03-13T15:22:39+00:00","mainEntityOfPage":{"@id":"https:\/\/vocesdelacomuna15.com.ar\/press\/argentina-tiene-buena-disponibilidad-de-datos-educativos-pero-faltan-registros-de-ausentismo-y-consolidar-evaluaciones\/"},"wordCount":1383,"publisher":{"@id":"https:\/\/vocesdelacomuna15.com.ar\/press\/#organization"},"image":{"@id":"https:\/\/vocesdelacomuna15.com.ar\/press\/argentina-tiene-buena-disponibilidad-de-datos-educativos-pero-faltan-registros-de-ausentismo-y-consolidar-evaluaciones\/#primaryimage"},"thumbnailUrl":"https:\/\/vocesdelacomuna15.com.ar\/wp-content\/uploads\/2026\/03\/unnamed-3.avif","articleSection":["Sociedad"],"inLanguage":"es-AR"},{"@type":"WebPage","@id":"https:\/\/vocesdelacomuna15.com.ar\/press\/argentina-tiene-buena-disponibilidad-de-datos-educativos-pero-faltan-registros-de-ausentismo-y-consolidar-evaluaciones\/","url":"https:\/\/vocesdelacomuna15.com.ar\/press\/argentina-tiene-buena-disponibilidad-de-datos-educativos-pero-faltan-registros-de-ausentismo-y-consolidar-evaluaciones\/","name":"Argentina tiene buena disponibilidad de datos educativos, pero faltan registros de ausentismo y consolidar evaluaciones - Voces de la Comuna 15","isPartOf":{"@id":"https:\/\/vocesdelacomuna15.com.ar\/press\/#website"},"primaryImageOfPage":{"@id":"https:\/\/vocesdelacomuna15.com.ar\/press\/argentina-tiene-buena-disponibilidad-de-datos-educativos-pero-faltan-registros-de-ausentismo-y-consolidar-evaluaciones\/#primaryimage"},"image":{"@id":"https:\/\/vocesdelacomuna15.com.ar\/press\/argentina-tiene-buena-disponibilidad-de-datos-educativos-pero-faltan-registros-de-ausentismo-y-consolidar-evaluaciones\/#primaryimage"},"thumbnailUrl":"https:\/\/vocesdelacomuna15.com.ar\/wp-content\/uploads\/2026\/03\/unnamed-3.avif","datePublished":"2026-03-13T15:22:35+00:00","dateModified":"2026-03-13T15:22:39+00:00","description":"Voces de la Comuna 15","breadcrumb":{"@id":"https:\/\/vocesdelacomuna15.com.ar\/press\/argentina-tiene-buena-disponibilidad-de-datos-educativos-pero-faltan-registros-de-ausentismo-y-consolidar-evaluaciones\/#breadcrumb"},"inLanguage":"es-AR","potentialAction":[{"@type":"ReadAction","target":["https:\/\/vocesdelacomuna15.com.ar\/press\/argentina-tiene-buena-disponibilidad-de-datos-educativos-pero-faltan-registros-de-ausentismo-y-consolidar-evaluaciones\/"]}]},{"@type":"ImageObject","inLanguage":"es-AR","@id":"https:\/\/vocesdelacomuna15.com.ar\/press\/argentina-tiene-buena-disponibilidad-de-datos-educativos-pero-faltan-registros-de-ausentismo-y-consolidar-evaluaciones\/#primaryimage","url":"https:\/\/vocesdelacomuna15.com.ar\/wp-content\/uploads\/2026\/03\/unnamed-3.avif","contentUrl":"https:\/\/vocesdelacomuna15.com.ar\/wp-content\/uploads\/2026\/03\/unnamed-3.avif","width":1120,"height":588},{"@type":"BreadcrumbList","@id":"https:\/\/vocesdelacomuna15.com.ar\/press\/argentina-tiene-buena-disponibilidad-de-datos-educativos-pero-faltan-registros-de-ausentismo-y-consolidar-evaluaciones\/#breadcrumb","itemListElement":[{"@type":"ListItem","position":1,"name":"Inicio","item":"https:\/\/vocesdelacomuna15.com.ar\/press\/"},{"@type":"ListItem","position":2,"name":"Argentina tiene buena disponibilidad de datos educativos, pero faltan registros de ausentismo y consolidar evaluaciones"}]},{"@type":"WebSite","@id":"https:\/\/vocesdelacomuna15.com.ar\/press\/#website","url":"https:\/\/vocesdelacomuna15.com.ar\/press\/","name":"Voces de la Comuna 15","description":"Sitio web de noticias","publisher":{"@id":"https:\/\/vocesdelacomuna15.com.ar\/press\/#organization"},"potentialAction":[{"@type":"SearchAction","target":{"@type":"EntryPoint","urlTemplate":"https:\/\/vocesdelacomuna15.com.ar\/press\/?s={search_term_string}"},"query-input":{"@type":"PropertyValueSpecification","valueRequired":true,"valueName":"search_term_string"}}],"inLanguage":"es-AR"},{"@type":"Organization","@id":"https:\/\/vocesdelacomuna15.com.ar\/press\/#organization","name":"Voces de la Comuna 15","url":"https:\/\/vocesdelacomuna15.com.ar\/press\/","logo":{"@type":"ImageObject","inLanguage":"es-AR","@id":"https:\/\/vocesdelacomuna15.com.ar\/press\/#\/schema\/logo\/image\/","url":"https:\/\/vocesdelacomuna15.com.ar\/wp-content\/uploads\/2024\/12\/cropped-logo_voces.jpg","contentUrl":"https:\/\/vocesdelacomuna15.com.ar\/wp-content\/uploads\/2024\/12\/cropped-logo_voces.jpg","width":512,"height":512,"caption":"Voces de la Comuna 15"},"image":{"@id":"https:\/\/vocesdelacomuna15.com.ar\/press\/#\/schema\/logo\/image\/"},"sameAs":["https:\/\/www.facebook.com\/VocesComuna15\/","https:\/\/x.com\/vocescomuna15"]},{"@type":"Person","@id":"https:\/\/vocesdelacomuna15.com.ar\/press\/#\/schema\/person\/4739e109db25d799cd3d139eeb509e43","name":"Federico Arguto","image":{"@type":"ImageObject","inLanguage":"es-AR","@id":"https:\/\/vocesdelacomuna15.com.ar\/wp-content\/litespeed\/avatar\/82faf979976f1bae889b8b71f8a0a7e5.jpg?ver=1776814847","url":"https:\/\/vocesdelacomuna15.com.ar\/wp-content\/litespeed\/avatar\/82faf979976f1bae889b8b71f8a0a7e5.jpg?ver=1776814847","contentUrl":"https:\/\/vocesdelacomuna15.com.ar\/wp-content\/litespeed\/avatar\/82faf979976f1bae889b8b71f8a0a7e5.jpg?ver=1776814847","caption":"Federico Arguto"},"url":"https:\/\/vocesdelacomuna15.com.ar\/press\/author\/fede\/"}]}},"_links":{"self":[{"href":"https:\/\/vocesdelacomuna15.com.ar\/press\/wp-json\/wp\/v2\/posts\/69622","targetHints":{"allow":["GET"]}}],"collection":[{"href":"https:\/\/vocesdelacomuna15.com.ar\/press\/wp-json\/wp\/v2\/posts"}],"about":[{"href":"https:\/\/vocesdelacomuna15.com.ar\/press\/wp-json\/wp\/v2\/types\/post"}],"author":[{"embeddable":true,"href":"https:\/\/vocesdelacomuna15.com.ar\/press\/wp-json\/wp\/v2\/users\/2"}],"replies":[{"embeddable":true,"href":"https:\/\/vocesdelacomuna15.com.ar\/press\/wp-json\/wp\/v2\/comments?post=69622"}],"version-history":[{"count":1,"href":"https:\/\/vocesdelacomuna15.com.ar\/press\/wp-json\/wp\/v2\/posts\/69622\/revisions"}],"predecessor-version":[{"id":69628,"href":"https:\/\/vocesdelacomuna15.com.ar\/press\/wp-json\/wp\/v2\/posts\/69622\/revisions\/69628"}],"wp:featuredmedia":[{"embeddable":true,"href":"https:\/\/vocesdelacomuna15.com.ar\/press\/wp-json\/wp\/v2\/media\/69626"}],"wp:attachment":[{"href":"https:\/\/vocesdelacomuna15.com.ar\/press\/wp-json\/wp\/v2\/media?parent=69622"}],"wp:term":[{"taxonomy":"category","embeddable":true,"href":"https:\/\/vocesdelacomuna15.com.ar\/press\/wp-json\/wp\/v2\/categories?post=69622"},{"taxonomy":"post_tag","embeddable":true,"href":"https:\/\/vocesdelacomuna15.com.ar\/press\/wp-json\/wp\/v2\/tags?post=69622"}],"curies":[{"name":"wp","href":"https:\/\/api.w.org\/{rel}","templated":true}]}}