{"id":69558,"date":"2026-03-11T13:06:00","date_gmt":"2026-03-11T16:06:00","guid":{"rendered":"https:\/\/vocesdelacomuna15.com.ar\/press\/?p=69558"},"modified":"2026-03-12T08:59:19","modified_gmt":"2026-03-12T11:59:19","slug":"ciro-y-los-persas-anuncio-un-show-en-argentinos-juniors-cuando-sera-y-como-comprar-entradas","status":"publish","type":"post","link":"https:\/\/vocesdelacomuna15.com.ar\/press\/ciro-y-los-persas-anuncio-un-show-en-argentinos-juniors-cuando-sera-y-como-comprar-entradas\/","title":{"rendered":"Ciro y Los Persas anunci\u00f3 un show en Argentinos Juniors: cu\u00e1ndo ser\u00e1 y c\u00f3mo comprar entradas"},"content":{"rendered":"\n<h2 class=\"wp-block-heading\">La banda liderada por Andr\u00e9s Ciro Mart\u00ednez confirm\u00f3 un recital en Buenos Aires para octubre y las entradas ya salieron a la venta. Fuente: Minuto Uno<\/h2>\n\n\n\n<p>Link a nota original: <a href=\"https:\/\/www.minutouno.com\/espectaculos\/ciro-y-los-persas-anuncio-un-show-argentinos-juniors-cuando-sera-y-como-comprar-entradas-n6253071\">https:\/\/www.minutouno.com\/espectaculos\/ciro-y-los-persas-anuncio-un-show-argentinos-juniors-cuando-sera-y-como-comprar-entradas-n6253071<\/a><\/p>\n\n\n\n<p><strong>Ciro y los Persas confirm\u00f3 un nuevo recital en la Ciudad de Buenos Aires: se presentar\u00e1 el pr\u00f3ximo 24 de octubre de 2026 en el Estadio Diego Armando Maradona, la cancha de Argentinos Juniors<\/strong>, ubicada en el barrio porte\u00f1o de La Paternal.<\/p>\n\n\n\n<p>El anuncio fue realizado por el propio Andr\u00e9s Ciro Mart\u00ednez durante su presentaci\u00f3n en el Cosqu\u00edn Rock, uno de los festivales m\u00e1s importantes del pa\u00eds. Desde el escenario, el cantante sorprendi\u00f3 al p\u00fablico al revelar que la banda regresar\u00e1 a Buenos Aires con un show en ese estadio hacia finales de a\u00f1o.<\/p>\n\n\n\n<p><strong>El recital marcar\u00e1 un hecho particular dentro de la trayectoria del grupo, ya que ser\u00e1 la primera vez que Ciro y los Persas se presente en la cancha de Argentinos Juniors<\/strong>. El estadio, que lleva el nombre de Diego Maradona, tiene una capacidad que supera las 20 mil personas y en los \u00faltimos a\u00f1os comenz\u00f3 a ser elegido para distintos espect\u00e1culos masivos, adem\u00e1s de su actividad habitual en el f\u00fatbol argentino.<\/p>\n\n\n\n<p><strong>Las entradas para el show se venden a trav\u00e9s del sistema Ticketek, con el inicio de la venta anunciado para este 6 de marzo desde las 12 del mediod\u00eda<\/strong>. Se espera una fuerte demanda por parte de los fan\u00e1ticos, teniendo en cuenta la convocatoria que suele generar la banda cada vez que anuncia presentaciones en la Ciudad de Buenos Aires.<\/p>\n\n\n\n<p><\/p>\n\n\n\n<figure class=\"wp-block-image size-full\" id=\"8196041-Libre-940568356_wrap\"><img loading=\"lazy\" decoding=\"async\" width=\"610\" height=\"331\" src=\"https:\/\/vocesdelacomuna15.com.ar\/wp-content\/uploads\/2026\/03\/ciro-y-los-persas-1.avif\" alt=\"\" class=\"wp-image-69559\" title=\"\" srcset=\"https:\/\/vocesdelacomuna15.com.ar\/wp-content\/uploads\/2026\/03\/ciro-y-los-persas-1.avif 610w, https:\/\/vocesdelacomuna15.com.ar\/wp-content\/uploads\/2026\/03\/ciro-y-los-persas-1-300x163.avif 300w\" sizes=\"(max-width: 610px) 100vw, 610px\" \/><\/figure>\n\n\n\n<p>En los \u00faltimos a\u00f1os, Ciro y los Persas se consolid\u00f3 como uno de los proyectos m\u00e1s convocantes del rock argentino, con giras constantes por el pa\u00eds y presentaciones en grandes escenarios. Con una carrera que supera la d\u00e9cada y media, el grupo mantiene un repertorio que combina canciones propias con algunos cl\u00e1sicos muy celebrados por el p\u00fablico en vivo.<\/p>\n\n\n\n<p>De esta manera, el recital anunciado para octubre se perfila como uno de los shows destacados del calendario musical de 2026 en Buenos Aires y una nueva oportunidad para que miles de fan\u00e1ticos vuelvan a encontrarse con la banda en un estadio.<\/p>\n\n\n\n<p>Caracteres: 1.880<\/p>\n<div class=\"pvc_clear\"><\/div><p id=\"pvc_stats_69558\" class=\"pvc_stats all  \" data-element-id=\"69558\" style=\"\"><i class=\"pvc-stats-icon small\" aria-hidden=\"true\"><svg aria-hidden=\"true\" focusable=\"false\" data-prefix=\"far\" data-icon=\"chart-bar\" role=\"img\" xmlns=\"http:\/\/www.w3.org\/2000\/svg\" viewBox=\"0 0 512 512\" class=\"svg-inline--fa fa-chart-bar fa-w-16 fa-2x\"><path fill=\"currentColor\" d=\"M396.8 352h22.4c6.4 0 12.8-6.4 12.8-12.8V108.8c0-6.4-6.4-12.8-12.8-12.8h-22.4c-6.4 0-12.8 6.4-12.8 12.8v230.4c0 6.4 6.4 12.8 12.8 12.8zm-192 0h22.4c6.4 0 12.8-6.4 12.8-12.8V140.8c0-6.4-6.4-12.8-12.8-12.8h-22.4c-6.4 0-12.8 6.4-12.8 12.8v198.4c0 6.4 6.4 12.8 12.8 12.8zm96 0h22.4c6.4 0 12.8-6.4 12.8-12.8V204.8c0-6.4-6.4-12.8-12.8-12.8h-22.4c-6.4 0-12.8 6.4-12.8 12.8v134.4c0 6.4 6.4 12.8 12.8 12.8zM496 400H48V80c0-8.84-7.16-16-16-16H16C7.16 64 0 71.16 0 80v336c0 17.67 14.33 32 32 32h464c8.84 0 16-7.16 16-16v-16c0-8.84-7.16-16-16-16zm-387.2-48h22.4c6.4 0 12.8-6.4 12.8-12.8v-70.4c0-6.4-6.4-12.8-12.8-12.8h-22.4c-6.4 0-12.8 6.4-12.8 12.8v70.4c0 6.4 6.4 12.8 12.8 12.8z\" class=\"\"><\/path><\/svg><\/i> <img loading=\"lazy\" decoding=\"async\" width=\"16\" height=\"16\" alt=\"Loading\" src=\"https:\/\/vocesdelacomuna15.com.ar\/wp-content\/plugins\/page-views-count\/ajax-loader-2x.gif\" border=0 \/><\/p><div class=\"pvc_clear\"><\/div>","protected":false},"excerpt":{"rendered":"<p>La banda liderada por Andr\u00e9s Ciro Mart\u00ednez confirm\u00f3 un recital en Buenos Aires para octubre y las entradas ya salieron a la venta. Fuente: Minuto Uno Link a nota original: https:\/\/www.minutouno.com\/espectaculos\/ciro-y-los-persas-anuncio-un-show-argentinos-juniors-cuando-sera-y-como-comprar-entradas-n6253071 Ciro y los Persas confirm\u00f3 un nuevo recital en la Ciudad de Buenos Aires: se presentar\u00e1 el pr\u00f3ximo 24 de octubre de 2026 en [&hellip;]<\/p>\n<div class=\"pvc_clear\"><\/div>\n<p id=\"pvc_stats_69558\" class=\"pvc_stats all  \" data-element-id=\"69558\" style=\"\"><i class=\"pvc-stats-icon small\" aria-hidden=\"true\"><svg aria-hidden=\"true\" focusable=\"false\" data-prefix=\"far\" data-icon=\"chart-bar\" role=\"img\" xmlns=\"http:\/\/www.w3.org\/2000\/svg\" viewBox=\"0 0 512 512\" class=\"svg-inline--fa fa-chart-bar fa-w-16 fa-2x\"><path fill=\"currentColor\" d=\"M396.8 352h22.4c6.4 0 12.8-6.4 12.8-12.8V108.8c0-6.4-6.4-12.8-12.8-12.8h-22.4c-6.4 0-12.8 6.4-12.8 12.8v230.4c0 6.4 6.4 12.8 12.8 12.8zm-192 0h22.4c6.4 0 12.8-6.4 12.8-12.8V140.8c0-6.4-6.4-12.8-12.8-12.8h-22.4c-6.4 0-12.8 6.4-12.8 12.8v198.4c0 6.4 6.4 12.8 12.8 12.8zm96 0h22.4c6.4 0 12.8-6.4 12.8-12.8V204.8c0-6.4-6.4-12.8-12.8-12.8h-22.4c-6.4 0-12.8 6.4-12.8 12.8v134.4c0 6.4 6.4 12.8 12.8 12.8zM496 400H48V80c0-8.84-7.16-16-16-16H16C7.16 64 0 71.16 0 80v336c0 17.67 14.33 32 32 32h464c8.84 0 16-7.16 16-16v-16c0-8.84-7.16-16-16-16zm-387.2-48h22.4c6.4 0 12.8-6.4 12.8-12.8v-70.4c0-6.4-6.4-12.8-12.8-12.8h-22.4c-6.4 0-12.8 6.4-12.8 12.8v70.4c0 6.4 6.4 12.8 12.8 12.8z\" class=\"\"><\/path><\/svg><\/i> <img loading=\"lazy\" decoding=\"async\" width=\"16\" height=\"16\" alt=\"Loading\" src=\"https:\/\/vocesdelacomuna15.com.ar\/wp-content\/plugins\/page-views-count\/ajax-loader-2x.gif\" border=0 \/><\/p>\n<div class=\"pvc_clear\"><\/div>\n","protected":false},"author":2,"featured_media":69560,"comment_status":"closed","ping_status":"closed","sticky":false,"template":"","format":"standard","meta":{"_et_pb_use_builder":"off","_et_pb_old_content":"","_et_gb_content_width":"","footnotes":""},"categories":[24],"tags":[],"class_list":["post-69558","post","type-post","status-publish","format-standard","has-post-thumbnail","hentry","category-cultura","et-has-post-format-content","et_post_format-et-post-format-standard"],"a3_pvc":{"activated":true,"total_views":23,"today_views":0},"yoast_head":"<!-- This site is optimized with the Yoast SEO plugin v27.5 - https:\/\/yoast.com\/product\/yoast-seo-wordpress\/ -->\n<title>Ciro y Los Persas anunci\u00f3 un show en Argentinos Juniors: cu\u00e1ndo ser\u00e1 y c\u00f3mo comprar entradas - Voces de la Comuna 15<\/title>\n<meta name=\"description\" content=\"Voces de la Comuna 15\" \/>\n<meta name=\"robots\" content=\"index, follow, max-snippet:-1, max-image-preview:large, max-video-preview:-1\" \/>\n<link rel=\"canonical\" href=\"https:\/\/vocesdelacomuna15.com.ar\/press\/ciro-y-los-persas-anuncio-un-show-en-argentinos-juniors-cuando-sera-y-como-comprar-entradas\/\" \/>\n<meta property=\"og:locale\" content=\"es_ES\" \/>\n<meta property=\"og:type\" content=\"article\" \/>\n<meta property=\"og:title\" content=\"Ciro y Los Persas anunci\u00f3 un show en Argentinos Juniors: cu\u00e1ndo ser\u00e1 y c\u00f3mo comprar entradas - Voces de la Comuna 15\" \/>\n<meta property=\"og:description\" content=\"Voces de la Comuna 15\" \/>\n<meta property=\"og:url\" content=\"https:\/\/vocesdelacomuna15.com.ar\/press\/ciro-y-los-persas-anuncio-un-show-en-argentinos-juniors-cuando-sera-y-como-comprar-entradas\/\" \/>\n<meta property=\"og:site_name\" content=\"Voces de la Comuna 15\" \/>\n<meta property=\"article:publisher\" content=\"https:\/\/www.facebook.com\/VocesComuna15\/\" \/>\n<meta property=\"article:published_time\" content=\"2026-03-11T16:06:00+00:00\" \/>\n<meta property=\"article:modified_time\" content=\"2026-03-12T11:59:19+00:00\" \/>\n<meta property=\"og:image\" content=\"https:\/\/vocesdelacomuna15.com.ar\/wp-content\/uploads\/2026\/03\/ciro-y-los-persas.avif\" \/>\n\t<meta property=\"og:image:width\" content=\"610\" \/>\n\t<meta property=\"og:image:height\" content=\"457\" \/>\n\t<meta property=\"og:image:type\" content=\"image\/webp\" \/>\n<meta name=\"author\" content=\"Federico Arguto\" \/>\n<meta name=\"twitter:card\" content=\"summary_large_image\" \/>\n<meta name=\"twitter:creator\" content=\"@vocescomuna15\" \/>\n<meta name=\"twitter:site\" content=\"@vocescomuna15\" \/>\n<meta name=\"twitter:label1\" content=\"Escrito por\" \/>\n\t<meta name=\"twitter:data1\" content=\"Federico Arguto\" \/>\n\t<meta name=\"twitter:label2\" content=\"Tiempo de lectura\" \/>\n\t<meta name=\"twitter:data2\" content=\"3 minutos\" \/>\n<script type=\"application\/ld+json\" class=\"yoast-schema-graph\">{\"@context\":\"https:\\\/\\\/schema.org\",\"@graph\":[{\"@type\":\"Article\",\"@id\":\"https:\\\/\\\/vocesdelacomuna15.com.ar\\\/press\\\/ciro-y-los-persas-anuncio-un-show-en-argentinos-juniors-cuando-sera-y-como-comprar-entradas\\\/#article\",\"isPartOf\":{\"@id\":\"https:\\\/\\\/vocesdelacomuna15.com.ar\\\/press\\\/ciro-y-los-persas-anuncio-un-show-en-argentinos-juniors-cuando-sera-y-como-comprar-entradas\\\/\"},\"author\":{\"name\":\"Federico Arguto\",\"@id\":\"https:\\\/\\\/vocesdelacomuna15.com.ar\\\/press\\\/#\\\/schema\\\/person\\\/4739e109db25d799cd3d139eeb509e43\"},\"headline\":\"Ciro y Los Persas anunci\u00f3 un show en Argentinos Juniors: cu\u00e1ndo ser\u00e1 y c\u00f3mo comprar entradas\",\"datePublished\":\"2026-03-11T16:06:00+00:00\",\"dateModified\":\"2026-03-12T11:59:19+00:00\",\"mainEntityOfPage\":{\"@id\":\"https:\\\/\\\/vocesdelacomuna15.com.ar\\\/press\\\/ciro-y-los-persas-anuncio-un-show-en-argentinos-juniors-cuando-sera-y-como-comprar-entradas\\\/\"},\"wordCount\":401,\"publisher\":{\"@id\":\"https:\\\/\\\/vocesdelacomuna15.com.ar\\\/press\\\/#organization\"},\"image\":{\"@id\":\"https:\\\/\\\/vocesdelacomuna15.com.ar\\\/press\\\/ciro-y-los-persas-anuncio-un-show-en-argentinos-juniors-cuando-sera-y-como-comprar-entradas\\\/#primaryimage\"},\"thumbnailUrl\":\"https:\\\/\\\/vocesdelacomuna15.com.ar\\\/wp-content\\\/uploads\\\/2026\\\/03\\\/ciro-y-los-persas.avif\",\"articleSection\":[\"Cultura\"],\"inLanguage\":\"es-AR\"},{\"@type\":\"WebPage\",\"@id\":\"https:\\\/\\\/vocesdelacomuna15.com.ar\\\/press\\\/ciro-y-los-persas-anuncio-un-show-en-argentinos-juniors-cuando-sera-y-como-comprar-entradas\\\/\",\"url\":\"https:\\\/\\\/vocesdelacomuna15.com.ar\\\/press\\\/ciro-y-los-persas-anuncio-un-show-en-argentinos-juniors-cuando-sera-y-como-comprar-entradas\\\/\",\"name\":\"Ciro y Los Persas anunci\u00f3 un show en Argentinos Juniors: cu\u00e1ndo ser\u00e1 y c\u00f3mo comprar entradas - Voces de la Comuna 15\",\"isPartOf\":{\"@id\":\"https:\\\/\\\/vocesdelacomuna15.com.ar\\\/press\\\/#website\"},\"primaryImageOfPage\":{\"@id\":\"https:\\\/\\\/vocesdelacomuna15.com.ar\\\/press\\\/ciro-y-los-persas-anuncio-un-show-en-argentinos-juniors-cuando-sera-y-como-comprar-entradas\\\/#primaryimage\"},\"image\":{\"@id\":\"https:\\\/\\\/vocesdelacomuna15.com.ar\\\/press\\\/ciro-y-los-persas-anuncio-un-show-en-argentinos-juniors-cuando-sera-y-como-comprar-entradas\\\/#primaryimage\"},\"thumbnailUrl\":\"https:\\\/\\\/vocesdelacomuna15.com.ar\\\/wp-content\\\/uploads\\\/2026\\\/03\\\/ciro-y-los-persas.avif\",\"datePublished\":\"2026-03-11T16:06:00+00:00\",\"dateModified\":\"2026-03-12T11:59:19+00:00\",\"description\":\"Voces de la Comuna 15\",\"breadcrumb\":{\"@id\":\"https:\\\/\\\/vocesdelacomuna15.com.ar\\\/press\\\/ciro-y-los-persas-anuncio-un-show-en-argentinos-juniors-cuando-sera-y-como-comprar-entradas\\\/#breadcrumb\"},\"inLanguage\":\"es-AR\",\"potentialAction\":[{\"@type\":\"ReadAction\",\"target\":[\"https:\\\/\\\/vocesdelacomuna15.com.ar\\\/press\\\/ciro-y-los-persas-anuncio-un-show-en-argentinos-juniors-cuando-sera-y-como-comprar-entradas\\\/\"]}]},{\"@type\":\"ImageObject\",\"inLanguage\":\"es-AR\",\"@id\":\"https:\\\/\\\/vocesdelacomuna15.com.ar\\\/press\\\/ciro-y-los-persas-anuncio-un-show-en-argentinos-juniors-cuando-sera-y-como-comprar-entradas\\\/#primaryimage\",\"url\":\"https:\\\/\\\/vocesdelacomuna15.com.ar\\\/wp-content\\\/uploads\\\/2026\\\/03\\\/ciro-y-los-persas.avif\",\"contentUrl\":\"https:\\\/\\\/vocesdelacomuna15.com.ar\\\/wp-content\\\/uploads\\\/2026\\\/03\\\/ciro-y-los-persas.avif\",\"width\":610,\"height\":457},{\"@type\":\"BreadcrumbList\",\"@id\":\"https:\\\/\\\/vocesdelacomuna15.com.ar\\\/press\\\/ciro-y-los-persas-anuncio-un-show-en-argentinos-juniors-cuando-sera-y-como-comprar-entradas\\\/#breadcrumb\",\"itemListElement\":[{\"@type\":\"ListItem\",\"position\":1,\"name\":\"Inicio\",\"item\":\"https:\\\/\\\/vocesdelacomuna15.com.ar\\\/press\\\/\"},{\"@type\":\"ListItem\",\"position\":2,\"name\":\"Ciro y Los Persas anunci\u00f3 un show en Argentinos Juniors: cu\u00e1ndo ser\u00e1 y c\u00f3mo comprar entradas\"}]},{\"@type\":\"WebSite\",\"@id\":\"https:\\\/\\\/vocesdelacomuna15.com.ar\\\/press\\\/#website\",\"url\":\"https:\\\/\\\/vocesdelacomuna15.com.ar\\\/press\\\/\",\"name\":\"Voces de la Comuna 15\",\"description\":\"Sitio web de noticias\",\"publisher\":{\"@id\":\"https:\\\/\\\/vocesdelacomuna15.com.ar\\\/press\\\/#organization\"},\"potentialAction\":[{\"@type\":\"SearchAction\",\"target\":{\"@type\":\"EntryPoint\",\"urlTemplate\":\"https:\\\/\\\/vocesdelacomuna15.com.ar\\\/press\\\/?s={search_term_string}\"},\"query-input\":{\"@type\":\"PropertyValueSpecification\",\"valueRequired\":true,\"valueName\":\"search_term_string\"}}],\"inLanguage\":\"es-AR\"},{\"@type\":\"Organization\",\"@id\":\"https:\\\/\\\/vocesdelacomuna15.com.ar\\\/press\\\/#organization\",\"name\":\"Voces de la Comuna 15\",\"url\":\"https:\\\/\\\/vocesdelacomuna15.com.ar\\\/press\\\/\",\"logo\":{\"@type\":\"ImageObject\",\"inLanguage\":\"es-AR\",\"@id\":\"https:\\\/\\\/vocesdelacomuna15.com.ar\\\/press\\\/#\\\/schema\\\/logo\\\/image\\\/\",\"url\":\"https:\\\/\\\/vocesdelacomuna15.com.ar\\\/wp-content\\\/uploads\\\/2024\\\/12\\\/cropped-logo_voces.jpg\",\"contentUrl\":\"https:\\\/\\\/vocesdelacomuna15.com.ar\\\/wp-content\\\/uploads\\\/2024\\\/12\\\/cropped-logo_voces.jpg\",\"width\":512,\"height\":512,\"caption\":\"Voces de la Comuna 15\"},\"image\":{\"@id\":\"https:\\\/\\\/vocesdelacomuna15.com.ar\\\/press\\\/#\\\/schema\\\/logo\\\/image\\\/\"},\"sameAs\":[\"https:\\\/\\\/www.facebook.com\\\/VocesComuna15\\\/\",\"https:\\\/\\\/x.com\\\/vocescomuna15\"]},{\"@type\":\"Person\",\"@id\":\"https:\\\/\\\/vocesdelacomuna15.com.ar\\\/press\\\/#\\\/schema\\\/person\\\/4739e109db25d799cd3d139eeb509e43\",\"name\":\"Federico Arguto\",\"image\":{\"@type\":\"ImageObject\",\"inLanguage\":\"es-AR\",\"@id\":\"https:\\\/\\\/vocesdelacomuna15.com.ar\\\/wp-content\\\/litespeed\\\/avatar\\\/82faf979976f1bae889b8b71f8a0a7e5.jpg?ver=1776814847\",\"url\":\"https:\\\/\\\/vocesdelacomuna15.com.ar\\\/wp-content\\\/litespeed\\\/avatar\\\/82faf979976f1bae889b8b71f8a0a7e5.jpg?ver=1776814847\",\"contentUrl\":\"https:\\\/\\\/vocesdelacomuna15.com.ar\\\/wp-content\\\/litespeed\\\/avatar\\\/82faf979976f1bae889b8b71f8a0a7e5.jpg?ver=1776814847\",\"caption\":\"Federico Arguto\"},\"url\":\"https:\\\/\\\/vocesdelacomuna15.com.ar\\\/press\\\/author\\\/fede\\\/\"}]}<\/script>\n<!-- \/ Yoast SEO plugin. -->","yoast_head_json":{"title":"Ciro y Los Persas anunci\u00f3 un show en Argentinos Juniors: cu\u00e1ndo ser\u00e1 y c\u00f3mo comprar entradas - Voces de la Comuna 15","description":"Voces de la Comuna 15","robots":{"index":"index","follow":"follow","max-snippet":"max-snippet:-1","max-image-preview":"max-image-preview:large","max-video-preview":"max-video-preview:-1"},"canonical":"https:\/\/vocesdelacomuna15.com.ar\/press\/ciro-y-los-persas-anuncio-un-show-en-argentinos-juniors-cuando-sera-y-como-comprar-entradas\/","og_locale":"es_ES","og_type":"article","og_title":"Ciro y Los Persas anunci\u00f3 un show en Argentinos Juniors: cu\u00e1ndo ser\u00e1 y c\u00f3mo comprar entradas - Voces de la Comuna 15","og_description":"Voces de la Comuna 15","og_url":"https:\/\/vocesdelacomuna15.com.ar\/press\/ciro-y-los-persas-anuncio-un-show-en-argentinos-juniors-cuando-sera-y-como-comprar-entradas\/","og_site_name":"Voces de la Comuna 15","article_publisher":"https:\/\/www.facebook.com\/VocesComuna15\/","article_published_time":"2026-03-11T16:06:00+00:00","article_modified_time":"2026-03-12T11:59:19+00:00","og_image":[{"width":610,"height":457,"url":"https:\/\/vocesdelacomuna15.com.ar\/wp-content\/uploads\/2026\/03\/ciro-y-los-persas.avif","type":"image\/webp"}],"author":"Federico Arguto","twitter_card":"summary_large_image","twitter_creator":"@vocescomuna15","twitter_site":"@vocescomuna15","twitter_misc":{"Escrito por":"Federico Arguto","Tiempo de lectura":"3 minutos"},"schema":{"@context":"https:\/\/schema.org","@graph":[{"@type":"Article","@id":"https:\/\/vocesdelacomuna15.com.ar\/press\/ciro-y-los-persas-anuncio-un-show-en-argentinos-juniors-cuando-sera-y-como-comprar-entradas\/#article","isPartOf":{"@id":"https:\/\/vocesdelacomuna15.com.ar\/press\/ciro-y-los-persas-anuncio-un-show-en-argentinos-juniors-cuando-sera-y-como-comprar-entradas\/"},"author":{"name":"Federico Arguto","@id":"https:\/\/vocesdelacomuna15.com.ar\/press\/#\/schema\/person\/4739e109db25d799cd3d139eeb509e43"},"headline":"Ciro y Los Persas anunci\u00f3 un show en Argentinos Juniors: cu\u00e1ndo ser\u00e1 y c\u00f3mo comprar entradas","datePublished":"2026-03-11T16:06:00+00:00","dateModified":"2026-03-12T11:59:19+00:00","mainEntityOfPage":{"@id":"https:\/\/vocesdelacomuna15.com.ar\/press\/ciro-y-los-persas-anuncio-un-show-en-argentinos-juniors-cuando-sera-y-como-comprar-entradas\/"},"wordCount":401,"publisher":{"@id":"https:\/\/vocesdelacomuna15.com.ar\/press\/#organization"},"image":{"@id":"https:\/\/vocesdelacomuna15.com.ar\/press\/ciro-y-los-persas-anuncio-un-show-en-argentinos-juniors-cuando-sera-y-como-comprar-entradas\/#primaryimage"},"thumbnailUrl":"https:\/\/vocesdelacomuna15.com.ar\/wp-content\/uploads\/2026\/03\/ciro-y-los-persas.avif","articleSection":["Cultura"],"inLanguage":"es-AR"},{"@type":"WebPage","@id":"https:\/\/vocesdelacomuna15.com.ar\/press\/ciro-y-los-persas-anuncio-un-show-en-argentinos-juniors-cuando-sera-y-como-comprar-entradas\/","url":"https:\/\/vocesdelacomuna15.com.ar\/press\/ciro-y-los-persas-anuncio-un-show-en-argentinos-juniors-cuando-sera-y-como-comprar-entradas\/","name":"Ciro y Los Persas anunci\u00f3 un show en Argentinos Juniors: cu\u00e1ndo ser\u00e1 y c\u00f3mo comprar entradas - Voces de la Comuna 15","isPartOf":{"@id":"https:\/\/vocesdelacomuna15.com.ar\/press\/#website"},"primaryImageOfPage":{"@id":"https:\/\/vocesdelacomuna15.com.ar\/press\/ciro-y-los-persas-anuncio-un-show-en-argentinos-juniors-cuando-sera-y-como-comprar-entradas\/#primaryimage"},"image":{"@id":"https:\/\/vocesdelacomuna15.com.ar\/press\/ciro-y-los-persas-anuncio-un-show-en-argentinos-juniors-cuando-sera-y-como-comprar-entradas\/#primaryimage"},"thumbnailUrl":"https:\/\/vocesdelacomuna15.com.ar\/wp-content\/uploads\/2026\/03\/ciro-y-los-persas.avif","datePublished":"2026-03-11T16:06:00+00:00","dateModified":"2026-03-12T11:59:19+00:00","description":"Voces de la Comuna 15","breadcrumb":{"@id":"https:\/\/vocesdelacomuna15.com.ar\/press\/ciro-y-los-persas-anuncio-un-show-en-argentinos-juniors-cuando-sera-y-como-comprar-entradas\/#breadcrumb"},"inLanguage":"es-AR","potentialAction":[{"@type":"ReadAction","target":["https:\/\/vocesdelacomuna15.com.ar\/press\/ciro-y-los-persas-anuncio-un-show-en-argentinos-juniors-cuando-sera-y-como-comprar-entradas\/"]}]},{"@type":"ImageObject","inLanguage":"es-AR","@id":"https:\/\/vocesdelacomuna15.com.ar\/press\/ciro-y-los-persas-anuncio-un-show-en-argentinos-juniors-cuando-sera-y-como-comprar-entradas\/#primaryimage","url":"https:\/\/vocesdelacomuna15.com.ar\/wp-content\/uploads\/2026\/03\/ciro-y-los-persas.avif","contentUrl":"https:\/\/vocesdelacomuna15.com.ar\/wp-content\/uploads\/2026\/03\/ciro-y-los-persas.avif","width":610,"height":457},{"@type":"BreadcrumbList","@id":"https:\/\/vocesdelacomuna15.com.ar\/press\/ciro-y-los-persas-anuncio-un-show-en-argentinos-juniors-cuando-sera-y-como-comprar-entradas\/#breadcrumb","itemListElement":[{"@type":"ListItem","position":1,"name":"Inicio","item":"https:\/\/vocesdelacomuna15.com.ar\/press\/"},{"@type":"ListItem","position":2,"name":"Ciro y Los Persas anunci\u00f3 un show en Argentinos Juniors: cu\u00e1ndo ser\u00e1 y c\u00f3mo comprar entradas"}]},{"@type":"WebSite","@id":"https:\/\/vocesdelacomuna15.com.ar\/press\/#website","url":"https:\/\/vocesdelacomuna15.com.ar\/press\/","name":"Voces de la Comuna 15","description":"Sitio web de noticias","publisher":{"@id":"https:\/\/vocesdelacomuna15.com.ar\/press\/#organization"},"potentialAction":[{"@type":"SearchAction","target":{"@type":"EntryPoint","urlTemplate":"https:\/\/vocesdelacomuna15.com.ar\/press\/?s={search_term_string}"},"query-input":{"@type":"PropertyValueSpecification","valueRequired":true,"valueName":"search_term_string"}}],"inLanguage":"es-AR"},{"@type":"Organization","@id":"https:\/\/vocesdelacomuna15.com.ar\/press\/#organization","name":"Voces de la Comuna 15","url":"https:\/\/vocesdelacomuna15.com.ar\/press\/","logo":{"@type":"ImageObject","inLanguage":"es-AR","@id":"https:\/\/vocesdelacomuna15.com.ar\/press\/#\/schema\/logo\/image\/","url":"https:\/\/vocesdelacomuna15.com.ar\/wp-content\/uploads\/2024\/12\/cropped-logo_voces.jpg","contentUrl":"https:\/\/vocesdelacomuna15.com.ar\/wp-content\/uploads\/2024\/12\/cropped-logo_voces.jpg","width":512,"height":512,"caption":"Voces de la Comuna 15"},"image":{"@id":"https:\/\/vocesdelacomuna15.com.ar\/press\/#\/schema\/logo\/image\/"},"sameAs":["https:\/\/www.facebook.com\/VocesComuna15\/","https:\/\/x.com\/vocescomuna15"]},{"@type":"Person","@id":"https:\/\/vocesdelacomuna15.com.ar\/press\/#\/schema\/person\/4739e109db25d799cd3d139eeb509e43","name":"Federico Arguto","image":{"@type":"ImageObject","inLanguage":"es-AR","@id":"https:\/\/vocesdelacomuna15.com.ar\/wp-content\/litespeed\/avatar\/82faf979976f1bae889b8b71f8a0a7e5.jpg?ver=1776814847","url":"https:\/\/vocesdelacomuna15.com.ar\/wp-content\/litespeed\/avatar\/82faf979976f1bae889b8b71f8a0a7e5.jpg?ver=1776814847","contentUrl":"https:\/\/vocesdelacomuna15.com.ar\/wp-content\/litespeed\/avatar\/82faf979976f1bae889b8b71f8a0a7e5.jpg?ver=1776814847","caption":"Federico Arguto"},"url":"https:\/\/vocesdelacomuna15.com.ar\/press\/author\/fede\/"}]}},"_links":{"self":[{"href":"https:\/\/vocesdelacomuna15.com.ar\/press\/wp-json\/wp\/v2\/posts\/69558","targetHints":{"allow":["GET"]}}],"collection":[{"href":"https:\/\/vocesdelacomuna15.com.ar\/press\/wp-json\/wp\/v2\/posts"}],"about":[{"href":"https:\/\/vocesdelacomuna15.com.ar\/press\/wp-json\/wp\/v2\/types\/post"}],"author":[{"embeddable":true,"href":"https:\/\/vocesdelacomuna15.com.ar\/press\/wp-json\/wp\/v2\/users\/2"}],"replies":[{"embeddable":true,"href":"https:\/\/vocesdelacomuna15.com.ar\/press\/wp-json\/wp\/v2\/comments?post=69558"}],"version-history":[{"count":2,"href":"https:\/\/vocesdelacomuna15.com.ar\/press\/wp-json\/wp\/v2\/posts\/69558\/revisions"}],"predecessor-version":[{"id":69611,"href":"https:\/\/vocesdelacomuna15.com.ar\/press\/wp-json\/wp\/v2\/posts\/69558\/revisions\/69611"}],"wp:featuredmedia":[{"embeddable":true,"href":"https:\/\/vocesdelacomuna15.com.ar\/press\/wp-json\/wp\/v2\/media\/69560"}],"wp:attachment":[{"href":"https:\/\/vocesdelacomuna15.com.ar\/press\/wp-json\/wp\/v2\/media?parent=69558"}],"wp:term":[{"taxonomy":"category","embeddable":true,"href":"https:\/\/vocesdelacomuna15.com.ar\/press\/wp-json\/wp\/v2\/categories?post=69558"},{"taxonomy":"post_tag","embeddable":true,"href":"https:\/\/vocesdelacomuna15.com.ar\/press\/wp-json\/wp\/v2\/tags?post=69558"}],"curies":[{"name":"wp","href":"https:\/\/api.w.org\/{rel}","templated":true}]}}