{"id":69545,"date":"2026-03-10T11:46:59","date_gmt":"2026-03-10T14:46:59","guid":{"rendered":"https:\/\/vocesdelacomuna15.com.ar\/press\/?p=69545"},"modified":"2026-03-07T12:10:52","modified_gmt":"2026-03-07T15:10:52","slug":"la-policia-custodia-los-edificios-evacuados-tras-el-derrumbe-en-el-complejo-estacion-buenos-aires-se-iniciaran-los-trabajos-de-apuntalamiento","status":"publish","type":"post","link":"https:\/\/vocesdelacomuna15.com.ar\/press\/la-policia-custodia-los-edificios-evacuados-tras-el-derrumbe-en-el-complejo-estacion-buenos-aires-se-iniciaran-los-trabajos-de-apuntalamiento\/","title":{"rendered":"La Polic\u00eda custodia los edificios evacuados tras el derrumbe en el complejo \u201cEstaci\u00f3n Buenos Aires\u201d: se iniciar\u00e1n los trabajos de apuntalamiento"},"content":{"rendered":"\n<p><strong><em>Efectivos de Defensa Civil y personal de la Guardia de Auxilio iniciar\u00e1n junto a la empresa constructora COSUD las obras de apuntalamiento de los edificios.<\/em><\/strong><\/p>\n\n\n\n<p>Fuente: buenosaires.gob.ar<\/p>\n\n\n\n<p>En el marco del operativo de emergencia tras el derrumbe del estacionamiento en el complejo \u201cEstaci\u00f3n Buenos Aires\u201d, de Parque Patricios, la Polic\u00eda de la Ciudad mont\u00f3 un dispositivo de custodia de los edificios evacuados. Efectivos de Defensa Civil y personal de la Guardia de Auxilio iniciar\u00e1n junto a la empresa constructora COSUD las obras de apuntalamiento de los edificios.<\/p>\n\n\n\n<p>Luego de que los \u00faltimos vecinos terminaron de entrar a sus departamentos acompa\u00f1ados por personal de Bomberos para retirar algunas pertenencias, el \u00e1rea de Log\u00edstica de la Subsecretar\u00eda de Emergencias instal\u00f3 torres de iluminaci\u00f3n en el per\u00edmetro afectado. Fue vallado y se dispuso en forma permanente presencia de Polic\u00eda de la Ciudad junto a equipos de Defensa Civil, Bomberos y Agentes de Prevenci\u00f3n.&nbsp;<\/p>\n\n\n\n<p>Los constructores deber\u00e1n avanzar ahora en un plan de apuntalamiento estructural del complejo. Un informe t\u00e9cnico preliminar de Bomberos, Defensa Civil y Guardia de Auxilio determin\u00f3 un potencial riesgo estructural en los edificios tras la ca\u00edda de la losa del techo del estacionamiento de la calle Mafalda 907.&nbsp;<\/p>\n\n\n\n<p>La Ciudad, en un trabajo y relevamiento conjunto con la constructora, les garantiz\u00f3 lugares para dormir a los vecinos evacuados tras el derrumbe y todos tuvieron donde pasar la noche. Fueron evacuados 175 departamentos, &nbsp;correspondientes a los cuatro edificios que rodean el estacionamiento afectado.<\/p>\n\n\n\n<figure class=\"wp-block-image size-large\"><img loading=\"lazy\" decoding=\"async\" width=\"1024\" height=\"682\" src=\"https:\/\/vocesdelacomuna15.com.ar\/wp-content\/uploads\/2026\/03\/WhatsApp-Image-2026-03-04-at-8.39.01-AM-1024x682.avif\" alt=\"\" class=\"wp-image-69549\" srcset=\"https:\/\/vocesdelacomuna15.com.ar\/wp-content\/uploads\/2026\/03\/WhatsApp-Image-2026-03-04-at-8.39.01-AM-1024x682.avif 1024w, https:\/\/vocesdelacomuna15.com.ar\/wp-content\/uploads\/2026\/03\/WhatsApp-Image-2026-03-04-at-8.39.01-AM-300x200.avif 300w, https:\/\/vocesdelacomuna15.com.ar\/wp-content\/uploads\/2026\/03\/WhatsApp-Image-2026-03-04-at-8.39.01-AM-768x511.avif 768w, https:\/\/vocesdelacomuna15.com.ar\/wp-content\/uploads\/2026\/03\/WhatsApp-Image-2026-03-04-at-8.39.01-AM-1080x719.avif 1080w, https:\/\/vocesdelacomuna15.com.ar\/wp-content\/uploads\/2026\/03\/WhatsApp-Image-2026-03-04-at-8.39.01-AM.avif 1280w\" sizes=\"(max-width: 1024px) 100vw, 1024px\" \/><\/figure>\n\n\n\n<p><strong>Se dispuso en forma permanente presencia de Polic\u00eda de la Ciudad junto a equipos de Defensa Civil, Bomberos y Agentes de Prevenci\u00f3n. Foto: GCBA.<\/strong><br>&nbsp;<\/p>\n\n\n\n<p>Los vecinos no podr\u00e1n regresar a sus departamentos hasta tanto la empresa constructora y el administrador realicen de manera urgente un plan de recomposici\u00f3n de seguridad estructural en las \u00e1reas afectadas.<\/p>\n\n\n\n<p>Los departamentos del complejo habitacional Estaci\u00f3n Buenos Aires fueron desarrollados por el Gobierno Nacional a trav\u00e9s del plan ProCreAr y comenzaron a ser entregados en 2021.<\/p>\n\n\n\n<figure class=\"wp-block-image size-large\"><img loading=\"lazy\" decoding=\"async\" width=\"1024\" height=\"682\" src=\"https:\/\/vocesdelacomuna15.com.ar\/wp-content\/uploads\/2026\/03\/WhatsApp-Image-2026-03-04-at-8.39.02-AM-1024x682.avif\" alt=\"\" class=\"wp-image-69548\" srcset=\"https:\/\/vocesdelacomuna15.com.ar\/wp-content\/uploads\/2026\/03\/WhatsApp-Image-2026-03-04-at-8.39.02-AM-1024x682.avif 1024w, https:\/\/vocesdelacomuna15.com.ar\/wp-content\/uploads\/2026\/03\/WhatsApp-Image-2026-03-04-at-8.39.02-AM-300x200.avif 300w, https:\/\/vocesdelacomuna15.com.ar\/wp-content\/uploads\/2026\/03\/WhatsApp-Image-2026-03-04-at-8.39.02-AM-768x511.avif 768w, https:\/\/vocesdelacomuna15.com.ar\/wp-content\/uploads\/2026\/03\/WhatsApp-Image-2026-03-04-at-8.39.02-AM-1080x719.avif 1080w, https:\/\/vocesdelacomuna15.com.ar\/wp-content\/uploads\/2026\/03\/WhatsApp-Image-2026-03-04-at-8.39.02-AM.avif 1280w\" sizes=\"(max-width: 1024px) 100vw, 1024px\" \/><\/figure>\n\n\n\n<p><strong>La Polic\u00eda de la Ciudad mont\u00f3 un dispositivo de custodia de los edificios evacuados. Foto: GCBA.<\/strong><\/p>\n\n\n\n<figure class=\"wp-block-image size-large\"><img loading=\"lazy\" decoding=\"async\" width=\"1024\" height=\"682\" src=\"https:\/\/vocesdelacomuna15.com.ar\/wp-content\/uploads\/2026\/03\/WhatsApp-Image-2026-03-04-at-8.41.53-AM-1024x682.avif\" alt=\"\" class=\"wp-image-69547\" srcset=\"https:\/\/vocesdelacomuna15.com.ar\/wp-content\/uploads\/2026\/03\/WhatsApp-Image-2026-03-04-at-8.41.53-AM-1024x682.avif 1024w, https:\/\/vocesdelacomuna15.com.ar\/wp-content\/uploads\/2026\/03\/WhatsApp-Image-2026-03-04-at-8.41.53-AM-300x200.avif 300w, https:\/\/vocesdelacomuna15.com.ar\/wp-content\/uploads\/2026\/03\/WhatsApp-Image-2026-03-04-at-8.41.53-AM-768x511.avif 768w, https:\/\/vocesdelacomuna15.com.ar\/wp-content\/uploads\/2026\/03\/WhatsApp-Image-2026-03-04-at-8.41.53-AM-1080x719.avif 1080w, https:\/\/vocesdelacomuna15.com.ar\/wp-content\/uploads\/2026\/03\/WhatsApp-Image-2026-03-04-at-8.41.53-AM.avif 1280w\" sizes=\"(max-width: 1024px) 100vw, 1024px\" \/><\/figure>\n\n\n\n<p>Caracteres: 1.779<\/p>\n<div class=\"pvc_clear\"><\/div><p id=\"pvc_stats_69545\" class=\"pvc_stats all  \" data-element-id=\"69545\" style=\"\"><i class=\"pvc-stats-icon small\" aria-hidden=\"true\"><svg aria-hidden=\"true\" focusable=\"false\" data-prefix=\"far\" data-icon=\"chart-bar\" role=\"img\" xmlns=\"http:\/\/www.w3.org\/2000\/svg\" viewBox=\"0 0 512 512\" class=\"svg-inline--fa fa-chart-bar fa-w-16 fa-2x\"><path fill=\"currentColor\" d=\"M396.8 352h22.4c6.4 0 12.8-6.4 12.8-12.8V108.8c0-6.4-6.4-12.8-12.8-12.8h-22.4c-6.4 0-12.8 6.4-12.8 12.8v230.4c0 6.4 6.4 12.8 12.8 12.8zm-192 0h22.4c6.4 0 12.8-6.4 12.8-12.8V140.8c0-6.4-6.4-12.8-12.8-12.8h-22.4c-6.4 0-12.8 6.4-12.8 12.8v198.4c0 6.4 6.4 12.8 12.8 12.8zm96 0h22.4c6.4 0 12.8-6.4 12.8-12.8V204.8c0-6.4-6.4-12.8-12.8-12.8h-22.4c-6.4 0-12.8 6.4-12.8 12.8v134.4c0 6.4 6.4 12.8 12.8 12.8zM496 400H48V80c0-8.84-7.16-16-16-16H16C7.16 64 0 71.16 0 80v336c0 17.67 14.33 32 32 32h464c8.84 0 16-7.16 16-16v-16c0-8.84-7.16-16-16-16zm-387.2-48h22.4c6.4 0 12.8-6.4 12.8-12.8v-70.4c0-6.4-6.4-12.8-12.8-12.8h-22.4c-6.4 0-12.8 6.4-12.8 12.8v70.4c0 6.4 6.4 12.8 12.8 12.8z\" class=\"\"><\/path><\/svg><\/i> <img loading=\"lazy\" decoding=\"async\" width=\"16\" height=\"16\" alt=\"Loading\" src=\"https:\/\/vocesdelacomuna15.com.ar\/wp-content\/plugins\/page-views-count\/ajax-loader-2x.gif\" border=0 \/><\/p><div class=\"pvc_clear\"><\/div>","protected":false},"excerpt":{"rendered":"<p>Efectivos de Defensa Civil y personal de la Guardia de Auxilio iniciar\u00e1n junto a la empresa constructora COSUD las obras de apuntalamiento de los edificios. Fuente: buenosaires.gob.ar En el marco del operativo de emergencia tras el derrumbe del estacionamiento en el complejo \u201cEstaci\u00f3n Buenos Aires\u201d, de Parque Patricios, la Polic\u00eda de la Ciudad mont\u00f3 un [&hellip;]<\/p>\n<div class=\"pvc_clear\"><\/div>\n<p id=\"pvc_stats_69545\" class=\"pvc_stats all  \" data-element-id=\"69545\" style=\"\"><i class=\"pvc-stats-icon small\" aria-hidden=\"true\"><svg aria-hidden=\"true\" focusable=\"false\" data-prefix=\"far\" data-icon=\"chart-bar\" role=\"img\" xmlns=\"http:\/\/www.w3.org\/2000\/svg\" viewBox=\"0 0 512 512\" class=\"svg-inline--fa fa-chart-bar fa-w-16 fa-2x\"><path fill=\"currentColor\" d=\"M396.8 352h22.4c6.4 0 12.8-6.4 12.8-12.8V108.8c0-6.4-6.4-12.8-12.8-12.8h-22.4c-6.4 0-12.8 6.4-12.8 12.8v230.4c0 6.4 6.4 12.8 12.8 12.8zm-192 0h22.4c6.4 0 12.8-6.4 12.8-12.8V140.8c0-6.4-6.4-12.8-12.8-12.8h-22.4c-6.4 0-12.8 6.4-12.8 12.8v198.4c0 6.4 6.4 12.8 12.8 12.8zm96 0h22.4c6.4 0 12.8-6.4 12.8-12.8V204.8c0-6.4-6.4-12.8-12.8-12.8h-22.4c-6.4 0-12.8 6.4-12.8 12.8v134.4c0 6.4 6.4 12.8 12.8 12.8zM496 400H48V80c0-8.84-7.16-16-16-16H16C7.16 64 0 71.16 0 80v336c0 17.67 14.33 32 32 32h464c8.84 0 16-7.16 16-16v-16c0-8.84-7.16-16-16-16zm-387.2-48h22.4c6.4 0 12.8-6.4 12.8-12.8v-70.4c0-6.4-6.4-12.8-12.8-12.8h-22.4c-6.4 0-12.8 6.4-12.8 12.8v70.4c0 6.4 6.4 12.8 12.8 12.8z\" class=\"\"><\/path><\/svg><\/i> <img loading=\"lazy\" decoding=\"async\" width=\"16\" height=\"16\" alt=\"Loading\" src=\"https:\/\/vocesdelacomuna15.com.ar\/wp-content\/plugins\/page-views-count\/ajax-loader-2x.gif\" border=0 \/><\/p>\n<div class=\"pvc_clear\"><\/div>\n","protected":false},"author":2,"featured_media":69546,"comment_status":"closed","ping_status":"closed","sticky":false,"template":"","format":"standard","meta":{"_et_pb_use_builder":"off","_et_pb_old_content":"","_et_gb_content_width":"","footnotes":""},"categories":[26],"tags":[],"class_list":["post-69545","post","type-post","status-publish","format-standard","has-post-thumbnail","hentry","category-ciudad","et-has-post-format-content","et_post_format-et-post-format-standard"],"a3_pvc":{"activated":true,"total_views":10,"today_views":0},"yoast_head":"<!-- This site is optimized with the Yoast SEO plugin v27.5 - https:\/\/yoast.com\/product\/yoast-seo-wordpress\/ -->\n<title>La Polic\u00eda custodia los edificios evacuados tras el derrumbe en el complejo \u201cEstaci\u00f3n Buenos Aires\u201d: se iniciar\u00e1n los trabajos de apuntalamiento - Voces de la Comuna 15<\/title>\n<meta name=\"description\" content=\"Voces de la Comuna 15\" \/>\n<meta name=\"robots\" content=\"index, follow, max-snippet:-1, max-image-preview:large, max-video-preview:-1\" \/>\n<link rel=\"canonical\" href=\"https:\/\/vocesdelacomuna15.com.ar\/press\/la-policia-custodia-los-edificios-evacuados-tras-el-derrumbe-en-el-complejo-estacion-buenos-aires-se-iniciaran-los-trabajos-de-apuntalamiento\/\" \/>\n<meta property=\"og:locale\" content=\"es_ES\" \/>\n<meta property=\"og:type\" content=\"article\" \/>\n<meta property=\"og:title\" content=\"La Polic\u00eda custodia los edificios evacuados tras el derrumbe en el complejo \u201cEstaci\u00f3n Buenos Aires\u201d: se iniciar\u00e1n los trabajos de apuntalamiento - Voces de la Comuna 15\" \/>\n<meta property=\"og:description\" content=\"Voces de la Comuna 15\" \/>\n<meta property=\"og:url\" content=\"https:\/\/vocesdelacomuna15.com.ar\/press\/la-policia-custodia-los-edificios-evacuados-tras-el-derrumbe-en-el-complejo-estacion-buenos-aires-se-iniciaran-los-trabajos-de-apuntalamiento\/\" \/>\n<meta property=\"og:site_name\" content=\"Voces de la Comuna 15\" \/>\n<meta property=\"article:publisher\" content=\"https:\/\/www.facebook.com\/VocesComuna15\/\" \/>\n<meta property=\"article:published_time\" content=\"2026-03-10T14:46:59+00:00\" \/>\n<meta property=\"og:image\" content=\"https:\/\/vocesdelacomuna15.com.ar\/wp-content\/uploads\/2026\/03\/WhatsApp-Image-2026-03-04-at-8.39.00-AM.avif\" \/>\n\t<meta property=\"og:image:width\" content=\"1280\" \/>\n\t<meta property=\"og:image:height\" content=\"804\" \/>\n\t<meta property=\"og:image:type\" content=\"image\/jpeg\" \/>\n<meta name=\"author\" content=\"Federico Arguto\" \/>\n<meta name=\"twitter:card\" content=\"summary_large_image\" \/>\n<meta name=\"twitter:creator\" content=\"@vocescomuna15\" \/>\n<meta name=\"twitter:site\" content=\"@vocescomuna15\" \/>\n<meta name=\"twitter:label1\" content=\"Escrito por\" \/>\n\t<meta name=\"twitter:data1\" content=\"Federico Arguto\" \/>\n\t<meta name=\"twitter:label2\" content=\"Tiempo de lectura\" \/>\n\t<meta name=\"twitter:data2\" content=\"3 minutos\" \/>\n<script type=\"application\/ld+json\" class=\"yoast-schema-graph\">{\"@context\":\"https:\\\/\\\/schema.org\",\"@graph\":[{\"@type\":\"Article\",\"@id\":\"https:\\\/\\\/vocesdelacomuna15.com.ar\\\/press\\\/la-policia-custodia-los-edificios-evacuados-tras-el-derrumbe-en-el-complejo-estacion-buenos-aires-se-iniciaran-los-trabajos-de-apuntalamiento\\\/#article\",\"isPartOf\":{\"@id\":\"https:\\\/\\\/vocesdelacomuna15.com.ar\\\/press\\\/la-policia-custodia-los-edificios-evacuados-tras-el-derrumbe-en-el-complejo-estacion-buenos-aires-se-iniciaran-los-trabajos-de-apuntalamiento\\\/\"},\"author\":{\"name\":\"Federico Arguto\",\"@id\":\"https:\\\/\\\/vocesdelacomuna15.com.ar\\\/press\\\/#\\\/schema\\\/person\\\/4739e109db25d799cd3d139eeb509e43\"},\"headline\":\"La Polic\u00eda custodia los edificios evacuados tras el derrumbe en el complejo \u201cEstaci\u00f3n Buenos Aires\u201d: se iniciar\u00e1n los trabajos de apuntalamiento\",\"datePublished\":\"2026-03-10T14:46:59+00:00\",\"mainEntityOfPage\":{\"@id\":\"https:\\\/\\\/vocesdelacomuna15.com.ar\\\/press\\\/la-policia-custodia-los-edificios-evacuados-tras-el-derrumbe-en-el-complejo-estacion-buenos-aires-se-iniciaran-los-trabajos-de-apuntalamiento\\\/\"},\"wordCount\":388,\"publisher\":{\"@id\":\"https:\\\/\\\/vocesdelacomuna15.com.ar\\\/press\\\/#organization\"},\"image\":{\"@id\":\"https:\\\/\\\/vocesdelacomuna15.com.ar\\\/press\\\/la-policia-custodia-los-edificios-evacuados-tras-el-derrumbe-en-el-complejo-estacion-buenos-aires-se-iniciaran-los-trabajos-de-apuntalamiento\\\/#primaryimage\"},\"thumbnailUrl\":\"https:\\\/\\\/vocesdelacomuna15.com.ar\\\/wp-content\\\/uploads\\\/2026\\\/03\\\/WhatsApp-Image-2026-03-04-at-8.39.00-AM.avif\",\"articleSection\":[\"Ciudad\"],\"inLanguage\":\"es-AR\"},{\"@type\":\"WebPage\",\"@id\":\"https:\\\/\\\/vocesdelacomuna15.com.ar\\\/press\\\/la-policia-custodia-los-edificios-evacuados-tras-el-derrumbe-en-el-complejo-estacion-buenos-aires-se-iniciaran-los-trabajos-de-apuntalamiento\\\/\",\"url\":\"https:\\\/\\\/vocesdelacomuna15.com.ar\\\/press\\\/la-policia-custodia-los-edificios-evacuados-tras-el-derrumbe-en-el-complejo-estacion-buenos-aires-se-iniciaran-los-trabajos-de-apuntalamiento\\\/\",\"name\":\"La Polic\u00eda custodia los edificios evacuados tras el derrumbe en el complejo \u201cEstaci\u00f3n Buenos Aires\u201d: se iniciar\u00e1n los trabajos de apuntalamiento - Voces de la Comuna 15\",\"isPartOf\":{\"@id\":\"https:\\\/\\\/vocesdelacomuna15.com.ar\\\/press\\\/#website\"},\"primaryImageOfPage\":{\"@id\":\"https:\\\/\\\/vocesdelacomuna15.com.ar\\\/press\\\/la-policia-custodia-los-edificios-evacuados-tras-el-derrumbe-en-el-complejo-estacion-buenos-aires-se-iniciaran-los-trabajos-de-apuntalamiento\\\/#primaryimage\"},\"image\":{\"@id\":\"https:\\\/\\\/vocesdelacomuna15.com.ar\\\/press\\\/la-policia-custodia-los-edificios-evacuados-tras-el-derrumbe-en-el-complejo-estacion-buenos-aires-se-iniciaran-los-trabajos-de-apuntalamiento\\\/#primaryimage\"},\"thumbnailUrl\":\"https:\\\/\\\/vocesdelacomuna15.com.ar\\\/wp-content\\\/uploads\\\/2026\\\/03\\\/WhatsApp-Image-2026-03-04-at-8.39.00-AM.avif\",\"datePublished\":\"2026-03-10T14:46:59+00:00\",\"description\":\"Voces de la Comuna 15\",\"breadcrumb\":{\"@id\":\"https:\\\/\\\/vocesdelacomuna15.com.ar\\\/press\\\/la-policia-custodia-los-edificios-evacuados-tras-el-derrumbe-en-el-complejo-estacion-buenos-aires-se-iniciaran-los-trabajos-de-apuntalamiento\\\/#breadcrumb\"},\"inLanguage\":\"es-AR\",\"potentialAction\":[{\"@type\":\"ReadAction\",\"target\":[\"https:\\\/\\\/vocesdelacomuna15.com.ar\\\/press\\\/la-policia-custodia-los-edificios-evacuados-tras-el-derrumbe-en-el-complejo-estacion-buenos-aires-se-iniciaran-los-trabajos-de-apuntalamiento\\\/\"]}]},{\"@type\":\"ImageObject\",\"inLanguage\":\"es-AR\",\"@id\":\"https:\\\/\\\/vocesdelacomuna15.com.ar\\\/press\\\/la-policia-custodia-los-edificios-evacuados-tras-el-derrumbe-en-el-complejo-estacion-buenos-aires-se-iniciaran-los-trabajos-de-apuntalamiento\\\/#primaryimage\",\"url\":\"https:\\\/\\\/vocesdelacomuna15.com.ar\\\/wp-content\\\/uploads\\\/2026\\\/03\\\/WhatsApp-Image-2026-03-04-at-8.39.00-AM.avif\",\"contentUrl\":\"https:\\\/\\\/vocesdelacomuna15.com.ar\\\/wp-content\\\/uploads\\\/2026\\\/03\\\/WhatsApp-Image-2026-03-04-at-8.39.00-AM.avif\",\"width\":1280,\"height\":804},{\"@type\":\"BreadcrumbList\",\"@id\":\"https:\\\/\\\/vocesdelacomuna15.com.ar\\\/press\\\/la-policia-custodia-los-edificios-evacuados-tras-el-derrumbe-en-el-complejo-estacion-buenos-aires-se-iniciaran-los-trabajos-de-apuntalamiento\\\/#breadcrumb\",\"itemListElement\":[{\"@type\":\"ListItem\",\"position\":1,\"name\":\"Inicio\",\"item\":\"https:\\\/\\\/vocesdelacomuna15.com.ar\\\/press\\\/\"},{\"@type\":\"ListItem\",\"position\":2,\"name\":\"La Polic\u00eda custodia los edificios evacuados tras el derrumbe en el complejo \u201cEstaci\u00f3n Buenos Aires\u201d: se iniciar\u00e1n los trabajos de apuntalamiento\"}]},{\"@type\":\"WebSite\",\"@id\":\"https:\\\/\\\/vocesdelacomuna15.com.ar\\\/press\\\/#website\",\"url\":\"https:\\\/\\\/vocesdelacomuna15.com.ar\\\/press\\\/\",\"name\":\"Voces de la Comuna 15\",\"description\":\"Sitio web de noticias\",\"publisher\":{\"@id\":\"https:\\\/\\\/vocesdelacomuna15.com.ar\\\/press\\\/#organization\"},\"potentialAction\":[{\"@type\":\"SearchAction\",\"target\":{\"@type\":\"EntryPoint\",\"urlTemplate\":\"https:\\\/\\\/vocesdelacomuna15.com.ar\\\/press\\\/?s={search_term_string}\"},\"query-input\":{\"@type\":\"PropertyValueSpecification\",\"valueRequired\":true,\"valueName\":\"search_term_string\"}}],\"inLanguage\":\"es-AR\"},{\"@type\":\"Organization\",\"@id\":\"https:\\\/\\\/vocesdelacomuna15.com.ar\\\/press\\\/#organization\",\"name\":\"Voces de la Comuna 15\",\"url\":\"https:\\\/\\\/vocesdelacomuna15.com.ar\\\/press\\\/\",\"logo\":{\"@type\":\"ImageObject\",\"inLanguage\":\"es-AR\",\"@id\":\"https:\\\/\\\/vocesdelacomuna15.com.ar\\\/press\\\/#\\\/schema\\\/logo\\\/image\\\/\",\"url\":\"https:\\\/\\\/vocesdelacomuna15.com.ar\\\/wp-content\\\/uploads\\\/2024\\\/12\\\/cropped-logo_voces.jpg\",\"contentUrl\":\"https:\\\/\\\/vocesdelacomuna15.com.ar\\\/wp-content\\\/uploads\\\/2024\\\/12\\\/cropped-logo_voces.jpg\",\"width\":512,\"height\":512,\"caption\":\"Voces de la Comuna 15\"},\"image\":{\"@id\":\"https:\\\/\\\/vocesdelacomuna15.com.ar\\\/press\\\/#\\\/schema\\\/logo\\\/image\\\/\"},\"sameAs\":[\"https:\\\/\\\/www.facebook.com\\\/VocesComuna15\\\/\",\"https:\\\/\\\/x.com\\\/vocescomuna15\"]},{\"@type\":\"Person\",\"@id\":\"https:\\\/\\\/vocesdelacomuna15.com.ar\\\/press\\\/#\\\/schema\\\/person\\\/4739e109db25d799cd3d139eeb509e43\",\"name\":\"Federico Arguto\",\"image\":{\"@type\":\"ImageObject\",\"inLanguage\":\"es-AR\",\"@id\":\"https:\\\/\\\/vocesdelacomuna15.com.ar\\\/wp-content\\\/litespeed\\\/avatar\\\/82faf979976f1bae889b8b71f8a0a7e5.jpg?ver=1776814847\",\"url\":\"https:\\\/\\\/vocesdelacomuna15.com.ar\\\/wp-content\\\/litespeed\\\/avatar\\\/82faf979976f1bae889b8b71f8a0a7e5.jpg?ver=1776814847\",\"contentUrl\":\"https:\\\/\\\/vocesdelacomuna15.com.ar\\\/wp-content\\\/litespeed\\\/avatar\\\/82faf979976f1bae889b8b71f8a0a7e5.jpg?ver=1776814847\",\"caption\":\"Federico Arguto\"},\"url\":\"https:\\\/\\\/vocesdelacomuna15.com.ar\\\/press\\\/author\\\/fede\\\/\"}]}<\/script>\n<!-- \/ Yoast SEO plugin. -->","yoast_head_json":{"title":"La Polic\u00eda custodia los edificios evacuados tras el derrumbe en el complejo \u201cEstaci\u00f3n Buenos Aires\u201d: se iniciar\u00e1n los trabajos de apuntalamiento - Voces de la Comuna 15","description":"Voces de la Comuna 15","robots":{"index":"index","follow":"follow","max-snippet":"max-snippet:-1","max-image-preview":"max-image-preview:large","max-video-preview":"max-video-preview:-1"},"canonical":"https:\/\/vocesdelacomuna15.com.ar\/press\/la-policia-custodia-los-edificios-evacuados-tras-el-derrumbe-en-el-complejo-estacion-buenos-aires-se-iniciaran-los-trabajos-de-apuntalamiento\/","og_locale":"es_ES","og_type":"article","og_title":"La Polic\u00eda custodia los edificios evacuados tras el derrumbe en el complejo \u201cEstaci\u00f3n Buenos Aires\u201d: se iniciar\u00e1n los trabajos de apuntalamiento - Voces de la Comuna 15","og_description":"Voces de la Comuna 15","og_url":"https:\/\/vocesdelacomuna15.com.ar\/press\/la-policia-custodia-los-edificios-evacuados-tras-el-derrumbe-en-el-complejo-estacion-buenos-aires-se-iniciaran-los-trabajos-de-apuntalamiento\/","og_site_name":"Voces de la Comuna 15","article_publisher":"https:\/\/www.facebook.com\/VocesComuna15\/","article_published_time":"2026-03-10T14:46:59+00:00","og_image":[{"width":1280,"height":804,"url":"https:\/\/vocesdelacomuna15.com.ar\/wp-content\/uploads\/2026\/03\/WhatsApp-Image-2026-03-04-at-8.39.00-AM.avif","type":"image\/jpeg"}],"author":"Federico Arguto","twitter_card":"summary_large_image","twitter_creator":"@vocescomuna15","twitter_site":"@vocescomuna15","twitter_misc":{"Escrito por":"Federico Arguto","Tiempo de lectura":"3 minutos"},"schema":{"@context":"https:\/\/schema.org","@graph":[{"@type":"Article","@id":"https:\/\/vocesdelacomuna15.com.ar\/press\/la-policia-custodia-los-edificios-evacuados-tras-el-derrumbe-en-el-complejo-estacion-buenos-aires-se-iniciaran-los-trabajos-de-apuntalamiento\/#article","isPartOf":{"@id":"https:\/\/vocesdelacomuna15.com.ar\/press\/la-policia-custodia-los-edificios-evacuados-tras-el-derrumbe-en-el-complejo-estacion-buenos-aires-se-iniciaran-los-trabajos-de-apuntalamiento\/"},"author":{"name":"Federico Arguto","@id":"https:\/\/vocesdelacomuna15.com.ar\/press\/#\/schema\/person\/4739e109db25d799cd3d139eeb509e43"},"headline":"La Polic\u00eda custodia los edificios evacuados tras el derrumbe en el complejo \u201cEstaci\u00f3n Buenos Aires\u201d: se iniciar\u00e1n los trabajos de apuntalamiento","datePublished":"2026-03-10T14:46:59+00:00","mainEntityOfPage":{"@id":"https:\/\/vocesdelacomuna15.com.ar\/press\/la-policia-custodia-los-edificios-evacuados-tras-el-derrumbe-en-el-complejo-estacion-buenos-aires-se-iniciaran-los-trabajos-de-apuntalamiento\/"},"wordCount":388,"publisher":{"@id":"https:\/\/vocesdelacomuna15.com.ar\/press\/#organization"},"image":{"@id":"https:\/\/vocesdelacomuna15.com.ar\/press\/la-policia-custodia-los-edificios-evacuados-tras-el-derrumbe-en-el-complejo-estacion-buenos-aires-se-iniciaran-los-trabajos-de-apuntalamiento\/#primaryimage"},"thumbnailUrl":"https:\/\/vocesdelacomuna15.com.ar\/wp-content\/uploads\/2026\/03\/WhatsApp-Image-2026-03-04-at-8.39.00-AM.avif","articleSection":["Ciudad"],"inLanguage":"es-AR"},{"@type":"WebPage","@id":"https:\/\/vocesdelacomuna15.com.ar\/press\/la-policia-custodia-los-edificios-evacuados-tras-el-derrumbe-en-el-complejo-estacion-buenos-aires-se-iniciaran-los-trabajos-de-apuntalamiento\/","url":"https:\/\/vocesdelacomuna15.com.ar\/press\/la-policia-custodia-los-edificios-evacuados-tras-el-derrumbe-en-el-complejo-estacion-buenos-aires-se-iniciaran-los-trabajos-de-apuntalamiento\/","name":"La Polic\u00eda custodia los edificios evacuados tras el derrumbe en el complejo \u201cEstaci\u00f3n Buenos Aires\u201d: se iniciar\u00e1n los trabajos de apuntalamiento - Voces de la Comuna 15","isPartOf":{"@id":"https:\/\/vocesdelacomuna15.com.ar\/press\/#website"},"primaryImageOfPage":{"@id":"https:\/\/vocesdelacomuna15.com.ar\/press\/la-policia-custodia-los-edificios-evacuados-tras-el-derrumbe-en-el-complejo-estacion-buenos-aires-se-iniciaran-los-trabajos-de-apuntalamiento\/#primaryimage"},"image":{"@id":"https:\/\/vocesdelacomuna15.com.ar\/press\/la-policia-custodia-los-edificios-evacuados-tras-el-derrumbe-en-el-complejo-estacion-buenos-aires-se-iniciaran-los-trabajos-de-apuntalamiento\/#primaryimage"},"thumbnailUrl":"https:\/\/vocesdelacomuna15.com.ar\/wp-content\/uploads\/2026\/03\/WhatsApp-Image-2026-03-04-at-8.39.00-AM.avif","datePublished":"2026-03-10T14:46:59+00:00","description":"Voces de la Comuna 15","breadcrumb":{"@id":"https:\/\/vocesdelacomuna15.com.ar\/press\/la-policia-custodia-los-edificios-evacuados-tras-el-derrumbe-en-el-complejo-estacion-buenos-aires-se-iniciaran-los-trabajos-de-apuntalamiento\/#breadcrumb"},"inLanguage":"es-AR","potentialAction":[{"@type":"ReadAction","target":["https:\/\/vocesdelacomuna15.com.ar\/press\/la-policia-custodia-los-edificios-evacuados-tras-el-derrumbe-en-el-complejo-estacion-buenos-aires-se-iniciaran-los-trabajos-de-apuntalamiento\/"]}]},{"@type":"ImageObject","inLanguage":"es-AR","@id":"https:\/\/vocesdelacomuna15.com.ar\/press\/la-policia-custodia-los-edificios-evacuados-tras-el-derrumbe-en-el-complejo-estacion-buenos-aires-se-iniciaran-los-trabajos-de-apuntalamiento\/#primaryimage","url":"https:\/\/vocesdelacomuna15.com.ar\/wp-content\/uploads\/2026\/03\/WhatsApp-Image-2026-03-04-at-8.39.00-AM.avif","contentUrl":"https:\/\/vocesdelacomuna15.com.ar\/wp-content\/uploads\/2026\/03\/WhatsApp-Image-2026-03-04-at-8.39.00-AM.avif","width":1280,"height":804},{"@type":"BreadcrumbList","@id":"https:\/\/vocesdelacomuna15.com.ar\/press\/la-policia-custodia-los-edificios-evacuados-tras-el-derrumbe-en-el-complejo-estacion-buenos-aires-se-iniciaran-los-trabajos-de-apuntalamiento\/#breadcrumb","itemListElement":[{"@type":"ListItem","position":1,"name":"Inicio","item":"https:\/\/vocesdelacomuna15.com.ar\/press\/"},{"@type":"ListItem","position":2,"name":"La Polic\u00eda custodia los edificios evacuados tras el derrumbe en el complejo \u201cEstaci\u00f3n Buenos Aires\u201d: se iniciar\u00e1n los trabajos de apuntalamiento"}]},{"@type":"WebSite","@id":"https:\/\/vocesdelacomuna15.com.ar\/press\/#website","url":"https:\/\/vocesdelacomuna15.com.ar\/press\/","name":"Voces de la Comuna 15","description":"Sitio web de noticias","publisher":{"@id":"https:\/\/vocesdelacomuna15.com.ar\/press\/#organization"},"potentialAction":[{"@type":"SearchAction","target":{"@type":"EntryPoint","urlTemplate":"https:\/\/vocesdelacomuna15.com.ar\/press\/?s={search_term_string}"},"query-input":{"@type":"PropertyValueSpecification","valueRequired":true,"valueName":"search_term_string"}}],"inLanguage":"es-AR"},{"@type":"Organization","@id":"https:\/\/vocesdelacomuna15.com.ar\/press\/#organization","name":"Voces de la Comuna 15","url":"https:\/\/vocesdelacomuna15.com.ar\/press\/","logo":{"@type":"ImageObject","inLanguage":"es-AR","@id":"https:\/\/vocesdelacomuna15.com.ar\/press\/#\/schema\/logo\/image\/","url":"https:\/\/vocesdelacomuna15.com.ar\/wp-content\/uploads\/2024\/12\/cropped-logo_voces.jpg","contentUrl":"https:\/\/vocesdelacomuna15.com.ar\/wp-content\/uploads\/2024\/12\/cropped-logo_voces.jpg","width":512,"height":512,"caption":"Voces de la Comuna 15"},"image":{"@id":"https:\/\/vocesdelacomuna15.com.ar\/press\/#\/schema\/logo\/image\/"},"sameAs":["https:\/\/www.facebook.com\/VocesComuna15\/","https:\/\/x.com\/vocescomuna15"]},{"@type":"Person","@id":"https:\/\/vocesdelacomuna15.com.ar\/press\/#\/schema\/person\/4739e109db25d799cd3d139eeb509e43","name":"Federico Arguto","image":{"@type":"ImageObject","inLanguage":"es-AR","@id":"https:\/\/vocesdelacomuna15.com.ar\/wp-content\/litespeed\/avatar\/82faf979976f1bae889b8b71f8a0a7e5.jpg?ver=1776814847","url":"https:\/\/vocesdelacomuna15.com.ar\/wp-content\/litespeed\/avatar\/82faf979976f1bae889b8b71f8a0a7e5.jpg?ver=1776814847","contentUrl":"https:\/\/vocesdelacomuna15.com.ar\/wp-content\/litespeed\/avatar\/82faf979976f1bae889b8b71f8a0a7e5.jpg?ver=1776814847","caption":"Federico Arguto"},"url":"https:\/\/vocesdelacomuna15.com.ar\/press\/author\/fede\/"}]}},"_links":{"self":[{"href":"https:\/\/vocesdelacomuna15.com.ar\/press\/wp-json\/wp\/v2\/posts\/69545","targetHints":{"allow":["GET"]}}],"collection":[{"href":"https:\/\/vocesdelacomuna15.com.ar\/press\/wp-json\/wp\/v2\/posts"}],"about":[{"href":"https:\/\/vocesdelacomuna15.com.ar\/press\/wp-json\/wp\/v2\/types\/post"}],"author":[{"embeddable":true,"href":"https:\/\/vocesdelacomuna15.com.ar\/press\/wp-json\/wp\/v2\/users\/2"}],"replies":[{"embeddable":true,"href":"https:\/\/vocesdelacomuna15.com.ar\/press\/wp-json\/wp\/v2\/comments?post=69545"}],"version-history":[{"count":1,"href":"https:\/\/vocesdelacomuna15.com.ar\/press\/wp-json\/wp\/v2\/posts\/69545\/revisions"}],"predecessor-version":[{"id":69550,"href":"https:\/\/vocesdelacomuna15.com.ar\/press\/wp-json\/wp\/v2\/posts\/69545\/revisions\/69550"}],"wp:featuredmedia":[{"embeddable":true,"href":"https:\/\/vocesdelacomuna15.com.ar\/press\/wp-json\/wp\/v2\/media\/69546"}],"wp:attachment":[{"href":"https:\/\/vocesdelacomuna15.com.ar\/press\/wp-json\/wp\/v2\/media?parent=69545"}],"wp:term":[{"taxonomy":"category","embeddable":true,"href":"https:\/\/vocesdelacomuna15.com.ar\/press\/wp-json\/wp\/v2\/categories?post=69545"},{"taxonomy":"post_tag","embeddable":true,"href":"https:\/\/vocesdelacomuna15.com.ar\/press\/wp-json\/wp\/v2\/tags?post=69545"}],"curies":[{"name":"wp","href":"https:\/\/api.w.org\/{rel}","templated":true}]}}