{"id":68990,"date":"2026-01-28T15:28:36","date_gmt":"2026-01-28T18:28:36","guid":{"rendered":"https:\/\/vocesdelacomuna15.com.ar\/press\/?p=68990"},"modified":"2026-01-28T15:28:39","modified_gmt":"2026-01-28T18:28:39","slug":"ciudad-de-buenos-aires-se-duplican-las-obras-en-escuelas-y-superan-las-600-intervenciones","status":"publish","type":"post","link":"https:\/\/vocesdelacomuna15.com.ar\/press\/ciudad-de-buenos-aires-se-duplican-las-obras-en-escuelas-y-superan-las-600-intervenciones\/","title":{"rendered":"Ciudad de Buenos Aires: se duplican las obras en escuelas y superan las 600 intervenciones"},"content":{"rendered":"\n<p>Durante las vacaciones, el gobierno porte\u00f1o realiza m\u00e1s de 600 obras en 400 colegios, duplicando las del verano pasado. El objetivo es mejorar la infraestructura y las condiciones educativas.<\/p>\n\n\n\n<p>Fuente: https:\/\/www.diariopopular.com.ar\/<\/p>\n\n\n\n<p>Durante el receso de verano, el Gobierno de la Ciudad de Buenos Aires avanza con un amplio plan de infraestructura escolar que permitir\u00e1 concretar&nbsp;<strong>m\u00e1s de 600 obras de renovaci\u00f3n y mantenimiento en m\u00e1s de 400 escuelas de todos los niveles<\/strong>&nbsp;y modalidades. La cifra duplica la cantidad de trabajos realizados durante las vacaciones del a\u00f1o pasado y apunta a garantizar establecimientos en condiciones \u00f3ptimas para el inicio del ciclo lectivo.<\/p>\n\n\n\n<p>Las intervenciones forman parte del<strong>&nbsp;Plan de Obras de Verano<\/strong>&nbsp;e incluyen tareas de mantenimiento preventivo y mejoras integrales en instalaciones sanitarias, el\u00e9ctricas y termomec\u00e1nicas, adem\u00e1s de trabajos de impermeabilizaci\u00f3n, renovaci\u00f3n de fachadas, solados y otras adecuaciones edilicias consideradas clave para&nbsp;<strong>asegurar espacios seguros y funcionales para estudiantes y docentes.<\/strong><\/p>\n\n\n\n<figure class=\"wp-block-image\" id=\"779447-Libre-1561718318_wrap\"><img decoding=\"async\" src=\"https:\/\/media.diariopopular.com.ar\/p\/b5b8de13432c25fd8c44774fbc393458\/adjuntos\/143\/imagenes\/008\/224\/0008224619\/1140x0\/smart\/obras-escuelas-caba-2.jpeg\" alt=\"El jefe de Gobierno, Jorge Macri, supervisa los trabajos.\" title=\"El jefe de Gobierno, Jorge Macri, supervisa los trabajos.\"\/><figcaption class=\"wp-element-caption\">El jefe de Gobierno, Jorge Macri, supervisa los trabajos.<\/figcaption><\/figure>\n\n\n\n<p>La educaci\u00f3n ocupa un lugar central en la planificaci\u00f3n presupuestaria de la Ciudad.<strong>\u00a0En el Presupuesto 2026 sancionado en diciembre por la Legislatura porte\u00f1a, el \u00e1rea concentra el 20% de la inversi\u00f3n total, equivalente a $3,245 billones, y se consolida como uno de los principales ejes de la gesti\u00f3n del jefe de Gobierno, Jorge Macri<\/strong>. \u201cEn la Ciudad demostramos que la educaci\u00f3n es una prioridad con hechos concretos. Queremos que nuestro sistema educativo est\u00e9 a la altura de los cambios que se vienen y que prepare a los chicos para ser ciudadanos del mundo\u201d, expres\u00f3.<\/p>\n\n\n\n<p>En ese marco,\u00a0<strong>Macri recorri\u00f3 distintas instituciones donde se ejecutan obras<\/strong>: la escuela N\u00b030 \u201cGranaderos de San Mart\u00edn\u201d, en Palermo, donde se realiza una puesta en valor integral del edificio; el Instituto Superior de Educaci\u00f3n F\u00edsica N\u00b01 \u201cDr. Enrique Romero Brest\u201d, en N\u00fa\u00f1ez, con la construcci\u00f3n de una nueva pileta de nataci\u00f3n; la escuela de Educaci\u00f3n Media N\u00b03, en Parque Avellaneda, donde se refuncionalizan las plantas baja y alta en dos etapas; y el colegio N\u00b03 \u201cMariano Moreno\u201d, en Almagro, donde se lleva adelante la restauraci\u00f3n del sal\u00f3n de actos.<\/p>\n\n\n\n<figure class=\"wp-block-image\" id=\"779445-Libre-827351381_wrap\"><img decoding=\"async\" src=\"https:\/\/media.diariopopular.com.ar\/p\/37eb4d586f744e5884bedf0a2db1a42a\/adjuntos\/143\/imagenes\/008\/224\/0008224617\/1140x0\/smart\/obras-escuelas-caba-3.jpeg\" alt=\"\" title=\"\"\/><\/figure>\n\n\n\n<p>En paralelo a las mejoras edilicias, la Ciudad impulsa el programa estrat\u00e9gico&nbsp;<strong>\u201cBuenos Aires Aprende\u201d<\/strong>, orientado a mejorar los aprendizajes en Lengua y Matem\u00e1tica tanto en escuelas p\u00fablicas como privadas. Entre las medidas implementadas se destacan la actualizaci\u00f3n del Dise\u00f1o Curricular de nivel Inicial y Primaria,<strong>&nbsp;la regulaci\u00f3n del uso de tel\u00e9fonos celulares en las aulas y la puesta en marcha del programa \u201cSecundaria Aprende\u201d<\/strong>, que propone una transformaci\u00f3n profunda en la forma de ense\u00f1ar y aprender en ese nivel.<\/p>\n\n\n\n<p><strong>La ministra de Educaci\u00f3n, Mercedes Miguel, subray\u00f3 que el Plan de Obras de Verano responde a una pol\u00edtica sostenida de mejora del sistema educativo.<\/strong>&nbsp;<em>\u201cNo hay mejora educativa posible sin escuelas en buenas condiciones. Cada obra es una inversi\u00f3n directa en el aprendizaje de los chicos\u201d<\/em>, se\u00f1al\u00f3, y remarc\u00f3 que a lo largo de 2026 se destinar\u00e1n m\u00e1s de $160 mil millones al cuidado y fortalecimiento de los edificios escolares porte\u00f1os.<\/p>\n\n\n\n<p><strong>Durante 2025, la Ciudad ya hab\u00eda ejecutado unas 2.800 obras en establecimientos educativos de todas las comunas<\/strong>, con trabajos de impermeabilizaci\u00f3n, refrigeraci\u00f3n, electricidad, pintura, alba\u00f1iler\u00eda, herrer\u00eda y mejoras edilicias integrales, que permitieron reforzar la seguridad, la calidad edilicia y el funcionamiento general de las escuelas.<\/p>\n\n\n\n<p>Caracteres: 3243<\/p>\n<div class=\"pvc_clear\"><\/div><p id=\"pvc_stats_68990\" class=\"pvc_stats all  \" data-element-id=\"68990\" style=\"\"><i class=\"pvc-stats-icon small\" aria-hidden=\"true\"><svg aria-hidden=\"true\" focusable=\"false\" data-prefix=\"far\" data-icon=\"chart-bar\" role=\"img\" xmlns=\"http:\/\/www.w3.org\/2000\/svg\" viewBox=\"0 0 512 512\" class=\"svg-inline--fa fa-chart-bar fa-w-16 fa-2x\"><path fill=\"currentColor\" d=\"M396.8 352h22.4c6.4 0 12.8-6.4 12.8-12.8V108.8c0-6.4-6.4-12.8-12.8-12.8h-22.4c-6.4 0-12.8 6.4-12.8 12.8v230.4c0 6.4 6.4 12.8 12.8 12.8zm-192 0h22.4c6.4 0 12.8-6.4 12.8-12.8V140.8c0-6.4-6.4-12.8-12.8-12.8h-22.4c-6.4 0-12.8 6.4-12.8 12.8v198.4c0 6.4 6.4 12.8 12.8 12.8zm96 0h22.4c6.4 0 12.8-6.4 12.8-12.8V204.8c0-6.4-6.4-12.8-12.8-12.8h-22.4c-6.4 0-12.8 6.4-12.8 12.8v134.4c0 6.4 6.4 12.8 12.8 12.8zM496 400H48V80c0-8.84-7.16-16-16-16H16C7.16 64 0 71.16 0 80v336c0 17.67 14.33 32 32 32h464c8.84 0 16-7.16 16-16v-16c0-8.84-7.16-16-16-16zm-387.2-48h22.4c6.4 0 12.8-6.4 12.8-12.8v-70.4c0-6.4-6.4-12.8-12.8-12.8h-22.4c-6.4 0-12.8 6.4-12.8 12.8v70.4c0 6.4 6.4 12.8 12.8 12.8z\" class=\"\"><\/path><\/svg><\/i> <img loading=\"lazy\" decoding=\"async\" width=\"16\" height=\"16\" alt=\"Loading\" src=\"https:\/\/vocesdelacomuna15.com.ar\/wp-content\/plugins\/page-views-count\/ajax-loader-2x.gif\" border=0 \/><\/p><div class=\"pvc_clear\"><\/div>","protected":false},"excerpt":{"rendered":"<p>Durante las vacaciones, el gobierno porte\u00f1o realiza m\u00e1s de 600 obras en 400 colegios, duplicando las del verano pasado. El objetivo es mejorar la infraestructura y las condiciones educativas. Fuente: https:\/\/www.diariopopular.com.ar\/ Durante el receso de verano, el Gobierno de la Ciudad de Buenos Aires avanza con un amplio plan de infraestructura escolar que permitir\u00e1 concretar&nbsp;m\u00e1s [&hellip;]<\/p>\n<div class=\"pvc_clear\"><\/div>\n<p id=\"pvc_stats_68990\" class=\"pvc_stats all  \" data-element-id=\"68990\" style=\"\"><i class=\"pvc-stats-icon small\" aria-hidden=\"true\"><svg aria-hidden=\"true\" focusable=\"false\" data-prefix=\"far\" data-icon=\"chart-bar\" role=\"img\" xmlns=\"http:\/\/www.w3.org\/2000\/svg\" viewBox=\"0 0 512 512\" class=\"svg-inline--fa fa-chart-bar fa-w-16 fa-2x\"><path fill=\"currentColor\" d=\"M396.8 352h22.4c6.4 0 12.8-6.4 12.8-12.8V108.8c0-6.4-6.4-12.8-12.8-12.8h-22.4c-6.4 0-12.8 6.4-12.8 12.8v230.4c0 6.4 6.4 12.8 12.8 12.8zm-192 0h22.4c6.4 0 12.8-6.4 12.8-12.8V140.8c0-6.4-6.4-12.8-12.8-12.8h-22.4c-6.4 0-12.8 6.4-12.8 12.8v198.4c0 6.4 6.4 12.8 12.8 12.8zm96 0h22.4c6.4 0 12.8-6.4 12.8-12.8V204.8c0-6.4-6.4-12.8-12.8-12.8h-22.4c-6.4 0-12.8 6.4-12.8 12.8v134.4c0 6.4 6.4 12.8 12.8 12.8zM496 400H48V80c0-8.84-7.16-16-16-16H16C7.16 64 0 71.16 0 80v336c0 17.67 14.33 32 32 32h464c8.84 0 16-7.16 16-16v-16c0-8.84-7.16-16-16-16zm-387.2-48h22.4c6.4 0 12.8-6.4 12.8-12.8v-70.4c0-6.4-6.4-12.8-12.8-12.8h-22.4c-6.4 0-12.8 6.4-12.8 12.8v70.4c0 6.4 6.4 12.8 12.8 12.8z\" class=\"\"><\/path><\/svg><\/i> <img loading=\"lazy\" decoding=\"async\" width=\"16\" height=\"16\" alt=\"Loading\" src=\"https:\/\/vocesdelacomuna15.com.ar\/wp-content\/plugins\/page-views-count\/ajax-loader-2x.gif\" border=0 \/><\/p>\n<div class=\"pvc_clear\"><\/div>\n","protected":false},"author":2,"featured_media":68991,"comment_status":"open","ping_status":"open","sticky":false,"template":"","format":"standard","meta":{"_et_pb_use_builder":"off","_et_pb_old_content":"","_et_gb_content_width":"","footnotes":""},"categories":[26],"tags":[],"class_list":["post-68990","post","type-post","status-publish","format-standard","has-post-thumbnail","hentry","category-ciudad","et-has-post-format-content","et_post_format-et-post-format-standard"],"a3_pvc":{"activated":true,"total_views":14,"today_views":0},"yoast_head":"<!-- This site is optimized with the Yoast SEO plugin v27.5 - https:\/\/yoast.com\/product\/yoast-seo-wordpress\/ -->\n<title>Ciudad de Buenos Aires: se duplican las obras en escuelas y superan las 600 intervenciones - Voces de la Comuna 15<\/title>\n<meta name=\"description\" content=\"Voces de la Comuna 15\" \/>\n<meta name=\"robots\" content=\"index, follow, max-snippet:-1, max-image-preview:large, max-video-preview:-1\" \/>\n<link rel=\"canonical\" href=\"https:\/\/vocesdelacomuna15.com.ar\/press\/ciudad-de-buenos-aires-se-duplican-las-obras-en-escuelas-y-superan-las-600-intervenciones\/\" \/>\n<meta property=\"og:locale\" content=\"es_ES\" \/>\n<meta property=\"og:type\" content=\"article\" \/>\n<meta property=\"og:title\" content=\"Ciudad de Buenos Aires: se duplican las obras en escuelas y superan las 600 intervenciones - Voces de la Comuna 15\" \/>\n<meta property=\"og:description\" content=\"Voces de la Comuna 15\" \/>\n<meta property=\"og:url\" content=\"https:\/\/vocesdelacomuna15.com.ar\/press\/ciudad-de-buenos-aires-se-duplican-las-obras-en-escuelas-y-superan-las-600-intervenciones\/\" \/>\n<meta property=\"og:site_name\" content=\"Voces de la Comuna 15\" \/>\n<meta property=\"article:publisher\" content=\"https:\/\/www.facebook.com\/VocesComuna15\/\" \/>\n<meta property=\"article:published_time\" content=\"2026-01-28T18:28:36+00:00\" \/>\n<meta property=\"article:modified_time\" content=\"2026-01-28T18:28:39+00:00\" \/>\n<meta property=\"og:image\" content=\"https:\/\/vocesdelacomuna15.com.ar\/wp-content\/uploads\/2026\/01\/obras-escuelas-caba.avif\" \/>\n\t<meta property=\"og:image:width\" content=\"1140\" \/>\n\t<meta property=\"og:image:height\" content=\"760\" \/>\n\t<meta property=\"og:image:type\" content=\"image\/webp\" \/>\n<meta name=\"author\" content=\"Federico Arguto\" \/>\n<meta name=\"twitter:card\" content=\"summary_large_image\" \/>\n<meta name=\"twitter:creator\" content=\"@vocescomuna15\" \/>\n<meta name=\"twitter:site\" content=\"@vocescomuna15\" \/>\n<meta name=\"twitter:label1\" content=\"Escrito por\" \/>\n\t<meta name=\"twitter:data1\" content=\"Federico Arguto\" \/>\n\t<meta name=\"twitter:label2\" content=\"Tiempo de lectura\" \/>\n\t<meta name=\"twitter:data2\" content=\"4 minutos\" \/>\n<script type=\"application\/ld+json\" class=\"yoast-schema-graph\">{\"@context\":\"https:\\\/\\\/schema.org\",\"@graph\":[{\"@type\":\"Article\",\"@id\":\"https:\\\/\\\/vocesdelacomuna15.com.ar\\\/press\\\/ciudad-de-buenos-aires-se-duplican-las-obras-en-escuelas-y-superan-las-600-intervenciones\\\/#article\",\"isPartOf\":{\"@id\":\"https:\\\/\\\/vocesdelacomuna15.com.ar\\\/press\\\/ciudad-de-buenos-aires-se-duplican-las-obras-en-escuelas-y-superan-las-600-intervenciones\\\/\"},\"author\":{\"name\":\"Federico Arguto\",\"@id\":\"https:\\\/\\\/vocesdelacomuna15.com.ar\\\/press\\\/#\\\/schema\\\/person\\\/4739e109db25d799cd3d139eeb509e43\"},\"headline\":\"Ciudad de Buenos Aires: se duplican las obras en escuelas y superan las 600 intervenciones\",\"datePublished\":\"2026-01-28T18:28:36+00:00\",\"dateModified\":\"2026-01-28T18:28:39+00:00\",\"mainEntityOfPage\":{\"@id\":\"https:\\\/\\\/vocesdelacomuna15.com.ar\\\/press\\\/ciudad-de-buenos-aires-se-duplican-las-obras-en-escuelas-y-superan-las-600-intervenciones\\\/\"},\"wordCount\":606,\"commentCount\":0,\"publisher\":{\"@id\":\"https:\\\/\\\/vocesdelacomuna15.com.ar\\\/press\\\/#organization\"},\"image\":{\"@id\":\"https:\\\/\\\/vocesdelacomuna15.com.ar\\\/press\\\/ciudad-de-buenos-aires-se-duplican-las-obras-en-escuelas-y-superan-las-600-intervenciones\\\/#primaryimage\"},\"thumbnailUrl\":\"https:\\\/\\\/vocesdelacomuna15.com.ar\\\/wp-content\\\/uploads\\\/2026\\\/01\\\/obras-escuelas-caba.avif\",\"articleSection\":[\"Ciudad\"],\"inLanguage\":\"es-AR\",\"potentialAction\":[{\"@type\":\"CommentAction\",\"name\":\"Comment\",\"target\":[\"https:\\\/\\\/vocesdelacomuna15.com.ar\\\/press\\\/ciudad-de-buenos-aires-se-duplican-las-obras-en-escuelas-y-superan-las-600-intervenciones\\\/#respond\"]}]},{\"@type\":\"WebPage\",\"@id\":\"https:\\\/\\\/vocesdelacomuna15.com.ar\\\/press\\\/ciudad-de-buenos-aires-se-duplican-las-obras-en-escuelas-y-superan-las-600-intervenciones\\\/\",\"url\":\"https:\\\/\\\/vocesdelacomuna15.com.ar\\\/press\\\/ciudad-de-buenos-aires-se-duplican-las-obras-en-escuelas-y-superan-las-600-intervenciones\\\/\",\"name\":\"Ciudad de Buenos Aires: se duplican las obras en escuelas y superan las 600 intervenciones - Voces de la Comuna 15\",\"isPartOf\":{\"@id\":\"https:\\\/\\\/vocesdelacomuna15.com.ar\\\/press\\\/#website\"},\"primaryImageOfPage\":{\"@id\":\"https:\\\/\\\/vocesdelacomuna15.com.ar\\\/press\\\/ciudad-de-buenos-aires-se-duplican-las-obras-en-escuelas-y-superan-las-600-intervenciones\\\/#primaryimage\"},\"image\":{\"@id\":\"https:\\\/\\\/vocesdelacomuna15.com.ar\\\/press\\\/ciudad-de-buenos-aires-se-duplican-las-obras-en-escuelas-y-superan-las-600-intervenciones\\\/#primaryimage\"},\"thumbnailUrl\":\"https:\\\/\\\/vocesdelacomuna15.com.ar\\\/wp-content\\\/uploads\\\/2026\\\/01\\\/obras-escuelas-caba.avif\",\"datePublished\":\"2026-01-28T18:28:36+00:00\",\"dateModified\":\"2026-01-28T18:28:39+00:00\",\"description\":\"Voces de la Comuna 15\",\"breadcrumb\":{\"@id\":\"https:\\\/\\\/vocesdelacomuna15.com.ar\\\/press\\\/ciudad-de-buenos-aires-se-duplican-las-obras-en-escuelas-y-superan-las-600-intervenciones\\\/#breadcrumb\"},\"inLanguage\":\"es-AR\",\"potentialAction\":[{\"@type\":\"ReadAction\",\"target\":[\"https:\\\/\\\/vocesdelacomuna15.com.ar\\\/press\\\/ciudad-de-buenos-aires-se-duplican-las-obras-en-escuelas-y-superan-las-600-intervenciones\\\/\"]}]},{\"@type\":\"ImageObject\",\"inLanguage\":\"es-AR\",\"@id\":\"https:\\\/\\\/vocesdelacomuna15.com.ar\\\/press\\\/ciudad-de-buenos-aires-se-duplican-las-obras-en-escuelas-y-superan-las-600-intervenciones\\\/#primaryimage\",\"url\":\"https:\\\/\\\/vocesdelacomuna15.com.ar\\\/wp-content\\\/uploads\\\/2026\\\/01\\\/obras-escuelas-caba.avif\",\"contentUrl\":\"https:\\\/\\\/vocesdelacomuna15.com.ar\\\/wp-content\\\/uploads\\\/2026\\\/01\\\/obras-escuelas-caba.avif\",\"width\":1140,\"height\":760},{\"@type\":\"BreadcrumbList\",\"@id\":\"https:\\\/\\\/vocesdelacomuna15.com.ar\\\/press\\\/ciudad-de-buenos-aires-se-duplican-las-obras-en-escuelas-y-superan-las-600-intervenciones\\\/#breadcrumb\",\"itemListElement\":[{\"@type\":\"ListItem\",\"position\":1,\"name\":\"Inicio\",\"item\":\"https:\\\/\\\/vocesdelacomuna15.com.ar\\\/press\\\/\"},{\"@type\":\"ListItem\",\"position\":2,\"name\":\"Ciudad de Buenos Aires: se duplican las obras en escuelas y superan las 600 intervenciones\"}]},{\"@type\":\"WebSite\",\"@id\":\"https:\\\/\\\/vocesdelacomuna15.com.ar\\\/press\\\/#website\",\"url\":\"https:\\\/\\\/vocesdelacomuna15.com.ar\\\/press\\\/\",\"name\":\"Voces de la Comuna 15\",\"description\":\"Sitio web de noticias\",\"publisher\":{\"@id\":\"https:\\\/\\\/vocesdelacomuna15.com.ar\\\/press\\\/#organization\"},\"potentialAction\":[{\"@type\":\"SearchAction\",\"target\":{\"@type\":\"EntryPoint\",\"urlTemplate\":\"https:\\\/\\\/vocesdelacomuna15.com.ar\\\/press\\\/?s={search_term_string}\"},\"query-input\":{\"@type\":\"PropertyValueSpecification\",\"valueRequired\":true,\"valueName\":\"search_term_string\"}}],\"inLanguage\":\"es-AR\"},{\"@type\":\"Organization\",\"@id\":\"https:\\\/\\\/vocesdelacomuna15.com.ar\\\/press\\\/#organization\",\"name\":\"Voces de la Comuna 15\",\"url\":\"https:\\\/\\\/vocesdelacomuna15.com.ar\\\/press\\\/\",\"logo\":{\"@type\":\"ImageObject\",\"inLanguage\":\"es-AR\",\"@id\":\"https:\\\/\\\/vocesdelacomuna15.com.ar\\\/press\\\/#\\\/schema\\\/logo\\\/image\\\/\",\"url\":\"https:\\\/\\\/vocesdelacomuna15.com.ar\\\/wp-content\\\/uploads\\\/2024\\\/12\\\/cropped-logo_voces.jpg\",\"contentUrl\":\"https:\\\/\\\/vocesdelacomuna15.com.ar\\\/wp-content\\\/uploads\\\/2024\\\/12\\\/cropped-logo_voces.jpg\",\"width\":512,\"height\":512,\"caption\":\"Voces de la Comuna 15\"},\"image\":{\"@id\":\"https:\\\/\\\/vocesdelacomuna15.com.ar\\\/press\\\/#\\\/schema\\\/logo\\\/image\\\/\"},\"sameAs\":[\"https:\\\/\\\/www.facebook.com\\\/VocesComuna15\\\/\",\"https:\\\/\\\/x.com\\\/vocescomuna15\"]},{\"@type\":\"Person\",\"@id\":\"https:\\\/\\\/vocesdelacomuna15.com.ar\\\/press\\\/#\\\/schema\\\/person\\\/4739e109db25d799cd3d139eeb509e43\",\"name\":\"Federico Arguto\",\"image\":{\"@type\":\"ImageObject\",\"inLanguage\":\"es-AR\",\"@id\":\"https:\\\/\\\/vocesdelacomuna15.com.ar\\\/wp-content\\\/litespeed\\\/avatar\\\/82faf979976f1bae889b8b71f8a0a7e5.jpg?ver=1777419741\",\"url\":\"https:\\\/\\\/vocesdelacomuna15.com.ar\\\/wp-content\\\/litespeed\\\/avatar\\\/82faf979976f1bae889b8b71f8a0a7e5.jpg?ver=1777419741\",\"contentUrl\":\"https:\\\/\\\/vocesdelacomuna15.com.ar\\\/wp-content\\\/litespeed\\\/avatar\\\/82faf979976f1bae889b8b71f8a0a7e5.jpg?ver=1777419741\",\"caption\":\"Federico Arguto\"},\"url\":\"https:\\\/\\\/vocesdelacomuna15.com.ar\\\/press\\\/author\\\/fede\\\/\"}]}<\/script>\n<!-- \/ Yoast SEO plugin. -->","yoast_head_json":{"title":"Ciudad de Buenos Aires: se duplican las obras en escuelas y superan las 600 intervenciones - Voces de la Comuna 15","description":"Voces de la Comuna 15","robots":{"index":"index","follow":"follow","max-snippet":"max-snippet:-1","max-image-preview":"max-image-preview:large","max-video-preview":"max-video-preview:-1"},"canonical":"https:\/\/vocesdelacomuna15.com.ar\/press\/ciudad-de-buenos-aires-se-duplican-las-obras-en-escuelas-y-superan-las-600-intervenciones\/","og_locale":"es_ES","og_type":"article","og_title":"Ciudad de Buenos Aires: se duplican las obras en escuelas y superan las 600 intervenciones - Voces de la Comuna 15","og_description":"Voces de la Comuna 15","og_url":"https:\/\/vocesdelacomuna15.com.ar\/press\/ciudad-de-buenos-aires-se-duplican-las-obras-en-escuelas-y-superan-las-600-intervenciones\/","og_site_name":"Voces de la Comuna 15","article_publisher":"https:\/\/www.facebook.com\/VocesComuna15\/","article_published_time":"2026-01-28T18:28:36+00:00","article_modified_time":"2026-01-28T18:28:39+00:00","og_image":[{"width":1140,"height":760,"url":"https:\/\/vocesdelacomuna15.com.ar\/wp-content\/uploads\/2026\/01\/obras-escuelas-caba.avif","type":"image\/webp"}],"author":"Federico Arguto","twitter_card":"summary_large_image","twitter_creator":"@vocescomuna15","twitter_site":"@vocescomuna15","twitter_misc":{"Escrito por":"Federico Arguto","Tiempo de lectura":"4 minutos"},"schema":{"@context":"https:\/\/schema.org","@graph":[{"@type":"Article","@id":"https:\/\/vocesdelacomuna15.com.ar\/press\/ciudad-de-buenos-aires-se-duplican-las-obras-en-escuelas-y-superan-las-600-intervenciones\/#article","isPartOf":{"@id":"https:\/\/vocesdelacomuna15.com.ar\/press\/ciudad-de-buenos-aires-se-duplican-las-obras-en-escuelas-y-superan-las-600-intervenciones\/"},"author":{"name":"Federico Arguto","@id":"https:\/\/vocesdelacomuna15.com.ar\/press\/#\/schema\/person\/4739e109db25d799cd3d139eeb509e43"},"headline":"Ciudad de Buenos Aires: se duplican las obras en escuelas y superan las 600 intervenciones","datePublished":"2026-01-28T18:28:36+00:00","dateModified":"2026-01-28T18:28:39+00:00","mainEntityOfPage":{"@id":"https:\/\/vocesdelacomuna15.com.ar\/press\/ciudad-de-buenos-aires-se-duplican-las-obras-en-escuelas-y-superan-las-600-intervenciones\/"},"wordCount":606,"commentCount":0,"publisher":{"@id":"https:\/\/vocesdelacomuna15.com.ar\/press\/#organization"},"image":{"@id":"https:\/\/vocesdelacomuna15.com.ar\/press\/ciudad-de-buenos-aires-se-duplican-las-obras-en-escuelas-y-superan-las-600-intervenciones\/#primaryimage"},"thumbnailUrl":"https:\/\/vocesdelacomuna15.com.ar\/wp-content\/uploads\/2026\/01\/obras-escuelas-caba.avif","articleSection":["Ciudad"],"inLanguage":"es-AR","potentialAction":[{"@type":"CommentAction","name":"Comment","target":["https:\/\/vocesdelacomuna15.com.ar\/press\/ciudad-de-buenos-aires-se-duplican-las-obras-en-escuelas-y-superan-las-600-intervenciones\/#respond"]}]},{"@type":"WebPage","@id":"https:\/\/vocesdelacomuna15.com.ar\/press\/ciudad-de-buenos-aires-se-duplican-las-obras-en-escuelas-y-superan-las-600-intervenciones\/","url":"https:\/\/vocesdelacomuna15.com.ar\/press\/ciudad-de-buenos-aires-se-duplican-las-obras-en-escuelas-y-superan-las-600-intervenciones\/","name":"Ciudad de Buenos Aires: se duplican las obras en escuelas y superan las 600 intervenciones - Voces de la Comuna 15","isPartOf":{"@id":"https:\/\/vocesdelacomuna15.com.ar\/press\/#website"},"primaryImageOfPage":{"@id":"https:\/\/vocesdelacomuna15.com.ar\/press\/ciudad-de-buenos-aires-se-duplican-las-obras-en-escuelas-y-superan-las-600-intervenciones\/#primaryimage"},"image":{"@id":"https:\/\/vocesdelacomuna15.com.ar\/press\/ciudad-de-buenos-aires-se-duplican-las-obras-en-escuelas-y-superan-las-600-intervenciones\/#primaryimage"},"thumbnailUrl":"https:\/\/vocesdelacomuna15.com.ar\/wp-content\/uploads\/2026\/01\/obras-escuelas-caba.avif","datePublished":"2026-01-28T18:28:36+00:00","dateModified":"2026-01-28T18:28:39+00:00","description":"Voces de la Comuna 15","breadcrumb":{"@id":"https:\/\/vocesdelacomuna15.com.ar\/press\/ciudad-de-buenos-aires-se-duplican-las-obras-en-escuelas-y-superan-las-600-intervenciones\/#breadcrumb"},"inLanguage":"es-AR","potentialAction":[{"@type":"ReadAction","target":["https:\/\/vocesdelacomuna15.com.ar\/press\/ciudad-de-buenos-aires-se-duplican-las-obras-en-escuelas-y-superan-las-600-intervenciones\/"]}]},{"@type":"ImageObject","inLanguage":"es-AR","@id":"https:\/\/vocesdelacomuna15.com.ar\/press\/ciudad-de-buenos-aires-se-duplican-las-obras-en-escuelas-y-superan-las-600-intervenciones\/#primaryimage","url":"https:\/\/vocesdelacomuna15.com.ar\/wp-content\/uploads\/2026\/01\/obras-escuelas-caba.avif","contentUrl":"https:\/\/vocesdelacomuna15.com.ar\/wp-content\/uploads\/2026\/01\/obras-escuelas-caba.avif","width":1140,"height":760},{"@type":"BreadcrumbList","@id":"https:\/\/vocesdelacomuna15.com.ar\/press\/ciudad-de-buenos-aires-se-duplican-las-obras-en-escuelas-y-superan-las-600-intervenciones\/#breadcrumb","itemListElement":[{"@type":"ListItem","position":1,"name":"Inicio","item":"https:\/\/vocesdelacomuna15.com.ar\/press\/"},{"@type":"ListItem","position":2,"name":"Ciudad de Buenos Aires: se duplican las obras en escuelas y superan las 600 intervenciones"}]},{"@type":"WebSite","@id":"https:\/\/vocesdelacomuna15.com.ar\/press\/#website","url":"https:\/\/vocesdelacomuna15.com.ar\/press\/","name":"Voces de la Comuna 15","description":"Sitio web de noticias","publisher":{"@id":"https:\/\/vocesdelacomuna15.com.ar\/press\/#organization"},"potentialAction":[{"@type":"SearchAction","target":{"@type":"EntryPoint","urlTemplate":"https:\/\/vocesdelacomuna15.com.ar\/press\/?s={search_term_string}"},"query-input":{"@type":"PropertyValueSpecification","valueRequired":true,"valueName":"search_term_string"}}],"inLanguage":"es-AR"},{"@type":"Organization","@id":"https:\/\/vocesdelacomuna15.com.ar\/press\/#organization","name":"Voces de la Comuna 15","url":"https:\/\/vocesdelacomuna15.com.ar\/press\/","logo":{"@type":"ImageObject","inLanguage":"es-AR","@id":"https:\/\/vocesdelacomuna15.com.ar\/press\/#\/schema\/logo\/image\/","url":"https:\/\/vocesdelacomuna15.com.ar\/wp-content\/uploads\/2024\/12\/cropped-logo_voces.jpg","contentUrl":"https:\/\/vocesdelacomuna15.com.ar\/wp-content\/uploads\/2024\/12\/cropped-logo_voces.jpg","width":512,"height":512,"caption":"Voces de la Comuna 15"},"image":{"@id":"https:\/\/vocesdelacomuna15.com.ar\/press\/#\/schema\/logo\/image\/"},"sameAs":["https:\/\/www.facebook.com\/VocesComuna15\/","https:\/\/x.com\/vocescomuna15"]},{"@type":"Person","@id":"https:\/\/vocesdelacomuna15.com.ar\/press\/#\/schema\/person\/4739e109db25d799cd3d139eeb509e43","name":"Federico Arguto","image":{"@type":"ImageObject","inLanguage":"es-AR","@id":"https:\/\/vocesdelacomuna15.com.ar\/wp-content\/litespeed\/avatar\/82faf979976f1bae889b8b71f8a0a7e5.jpg?ver=1777419741","url":"https:\/\/vocesdelacomuna15.com.ar\/wp-content\/litespeed\/avatar\/82faf979976f1bae889b8b71f8a0a7e5.jpg?ver=1777419741","contentUrl":"https:\/\/vocesdelacomuna15.com.ar\/wp-content\/litespeed\/avatar\/82faf979976f1bae889b8b71f8a0a7e5.jpg?ver=1777419741","caption":"Federico Arguto"},"url":"https:\/\/vocesdelacomuna15.com.ar\/press\/author\/fede\/"}]}},"_links":{"self":[{"href":"https:\/\/vocesdelacomuna15.com.ar\/press\/wp-json\/wp\/v2\/posts\/68990","targetHints":{"allow":["GET"]}}],"collection":[{"href":"https:\/\/vocesdelacomuna15.com.ar\/press\/wp-json\/wp\/v2\/posts"}],"about":[{"href":"https:\/\/vocesdelacomuna15.com.ar\/press\/wp-json\/wp\/v2\/types\/post"}],"author":[{"embeddable":true,"href":"https:\/\/vocesdelacomuna15.com.ar\/press\/wp-json\/wp\/v2\/users\/2"}],"replies":[{"embeddable":true,"href":"https:\/\/vocesdelacomuna15.com.ar\/press\/wp-json\/wp\/v2\/comments?post=68990"}],"version-history":[{"count":1,"href":"https:\/\/vocesdelacomuna15.com.ar\/press\/wp-json\/wp\/v2\/posts\/68990\/revisions"}],"predecessor-version":[{"id":68992,"href":"https:\/\/vocesdelacomuna15.com.ar\/press\/wp-json\/wp\/v2\/posts\/68990\/revisions\/68992"}],"wp:featuredmedia":[{"embeddable":true,"href":"https:\/\/vocesdelacomuna15.com.ar\/press\/wp-json\/wp\/v2\/media\/68991"}],"wp:attachment":[{"href":"https:\/\/vocesdelacomuna15.com.ar\/press\/wp-json\/wp\/v2\/media?parent=68990"}],"wp:term":[{"taxonomy":"category","embeddable":true,"href":"https:\/\/vocesdelacomuna15.com.ar\/press\/wp-json\/wp\/v2\/categories?post=68990"},{"taxonomy":"post_tag","embeddable":true,"href":"https:\/\/vocesdelacomuna15.com.ar\/press\/wp-json\/wp\/v2\/tags?post=68990"}],"curies":[{"name":"wp","href":"https:\/\/api.w.org\/{rel}","templated":true}]}}