{"id":68985,"date":"2026-01-28T15:05:04","date_gmt":"2026-01-28T18:05:04","guid":{"rendered":"https:\/\/vocesdelacomuna15.com.ar\/press\/?p=68985"},"modified":"2026-01-28T15:05:06","modified_gmt":"2026-01-28T18:05:06","slug":"preadjudicaron-la-compra-de-rieles-para-la-renovacion-de-vias-de-la-linea-b","status":"publish","type":"post","link":"https:\/\/vocesdelacomuna15.com.ar\/press\/preadjudicaron-la-compra-de-rieles-para-la-renovacion-de-vias-de-la-linea-b\/","title":{"rendered":"Preadjudicaron la compra de rieles para la renovaci\u00f3n de v\u00edas de la l\u00ednea B"},"content":{"rendered":"\n<p><em>Subterr\u00e1neos de Buenos Aires (SBA) preadjudic\u00f3 la licitaci\u00f3n para la compra de 3400 toneladas de rieles, que ser\u00e1n destinados a obras en la l\u00ednea B. Una sola empresa se hab\u00eda presentado a la compulsa. Los insumos ser\u00e1n utilizados para la renovaci\u00f3n del tramo Alem &#8211; Lacroze, lo que todav\u00eda no fue licitado. El proyecto, al igual que la elevaci\u00f3n de tensi\u00f3n de la l\u00ednea, forma parte de los trabajos de modernizaci\u00f3n para la puesta en marcha de los nuevos trenes CRRC, que sustituir\u00e1n a las actuales flotas Mitsubishi y CAF 6000.<\/em><\/p>\n\n\n\n<p>Fuente: https:\/\/enelsubte.com\/<\/p>\n\n\n\n<p><strong>Subterr\u00e1neos de Buenos Aires<\/strong>&nbsp;(SBA)<strong>&nbsp;preadjudic\u00f3 la licitaci\u00f3n para la compra de rieles para la obra de renovaci\u00f3n de v\u00edas de la l\u00ednea B<\/strong>,&nbsp;que hab\u00eda sido lanzada en noviembre pasado.<\/p>\n\n\n\n<p>De acuerdo a un documento oficial, al que tuvo acceso&nbsp;<em>enelSubte<\/em>,&nbsp;<strong>la contrataci\u00f3n fue preadjudicada en favor de<\/strong>&nbsp;<strong>la empresa&nbsp;Hierro y Rueda,&nbsp;<\/strong>la \u00fanica firma que se hab\u00eda presentado a la compulsa.<\/p>\n\n\n\n<p>De no mediar contratiempos,&nbsp;<strong>se espera que en los pr\u00f3ximos d\u00edas el Directorio de SBA tome la decisi\u00f3n formal de adjudicar el contrato.<\/strong><\/p>\n\n\n\n<p>Cabe recordar que&nbsp;<strong>la contrataci\u00f3n \u00fanicamente contempla la compra de los rieles y no su instalaci\u00f3n<\/strong>, que ser\u00e1 objeto de otras licitaciones que todav\u00eda no fueron lanzadas.<\/p>\n\n\n\n<p>Tal como detall\u00f3&nbsp;<em>enelSubte<\/em>,&nbsp;<strong>la operaci\u00f3n&nbsp;comprende la provisi\u00f3n de 3400 toneladas de rieles de perfil 115RE AREMA&nbsp;<\/strong>de 56,90 Kg\/m, que ser\u00e1n&nbsp;<strong>destinados al recambio de las v\u00edas de la l\u00ednea B<\/strong>&nbsp;en un tramo de aproximadamente 8,5 km&nbsp;<strong>entre las estaciones&nbsp;Leandro N. Alem y Federico Lacroze<\/strong>, que fue renovado por \u00faltima vez en 1998.<\/p>\n\n\n\n<p><strong>En particular, la obra apunta a intervenir \u201ctramos cr\u00edticos\u201d&nbsp;<\/strong>entre Alem \u2013 Carlos Gardel, Carlos Gardel \u2013 Dorrego, Dorrego \u2013 Lacroze y el Taller Rancagua,&nbsp;<strong>ya que el dise\u00f1o original de la l\u00ednea B carece de contrab\u00f3veda<\/strong>&nbsp;en varios sectores.<\/p>\n\n\n\n<p><strong>Este factor, sumado \u201cal incremento en la frecuencia e intensidad de las lluvias<\/strong>&nbsp;asociada al cambio clim\u00e1tico\u201d,&nbsp;<strong>genera que&nbsp;la infraestructura actual resulte insuficiente para&nbsp;la correcta absorci\u00f3n de los crecientes vol\u00famenes de agua<\/strong>, lo que genera un deterioro m\u00e1s acelerado del tendido.<\/p>\n\n\n\n<p>La modernizaci\u00f3n de la infraestructura&nbsp;<strong>forma parte del proyecto de puesta a punto de la l\u00ednea B de cara a&nbsp;la renovaci\u00f3n de la totalidad de la flota por nuevos trenes de fabricaci\u00f3n china<\/strong>. En este marco, tambi\u00e9n se prev\u00e9 la elevaci\u00f3n de tensi\u00f3n de 600 V a 1500 V y otras obras el\u00e9ctricas,&nbsp;licitaci\u00f3n que tiene fecha de apertura de sobres prevista para este martes 27.<\/p>\n\n\n\n<p>La renovaci\u00f3n tiene como objetivo \u201cla recuperaci\u00f3n de la capacidad de soportar en el tiempo las cargas&nbsp;del nuevo material rodante&nbsp;por medio de la readecuaci\u00f3n del sistema de drenaje y recambio de la infraestructura de v\u00edas\u201d. A su vez,&nbsp;<strong>se estima que este tipo de \u201crieles de mayor dureza y resistencia, permitir\u00e1 un \u00f3ptimo desplazamiento del nuevo material rodante y mejorar\u00e1 sustancialmente la velocidad<\/strong>&nbsp;y comodidad de marcha y la frecuencia del servicio\u201d.<\/p>\n\n\n\n<h4 class=\"wp-block-heading\">La modernizaci\u00f3n de la l\u00ednea B y el financiamiento de la CAF<\/h4>\n\n\n\n<p><strong>Tal como revel\u00f3&nbsp;<\/strong><em>enelSubte<\/em><strong>&nbsp;en exclusiva, esta obra<\/strong>&nbsp;-junto con la compra de los 29 nuevos trenes y otras inversiones necesarias para su puesta en marcha, como las adaptaciones el\u00e9ctricas-&nbsp;<strong>ser\u00eda financiada con un cr\u00e9dito que la Ciudad se encuentra negociando actualmente con la CAF<\/strong>&nbsp;\u2013 Banco de Desarrollo de Am\u00e9rica Latina.<\/p>\n\n\n\n<p><strong>La l\u00ednea de financiamiento ser\u00eda&nbsp;de&nbsp;hasta 300 millones de d\u00f3lares<\/strong>, con 120 millones de aporte local, para&nbsp;<strong>un total de 420 millones<\/strong>&nbsp;de d\u00f3lares.<\/p>\n\n\n\n<p><strong>La autorizaci\u00f3n para el endeudamiento&nbsp;fue aprobada en diciembre pasado por la Legislatura.&nbsp;<\/strong>El monto autorizado asciende a 375 millones de d\u00f3lares, lo que incluye los citados 300 millones de la CAF y los 75 millones de la adenda con CITIC para la compra de ocho trenes adicionales para las l\u00edneas A y C,&nbsp;cuyo adelanto ya fue abonado por el GCBA. Ambas inversiones, cabe recordar,&nbsp;est\u00e1n incluidas en el Presupuesto 2026.<\/p>\n\n\n\n<p><strong>Vale notar que&nbsp;el Estado nacional ya ha otorgado su aval al endeudamiento mediante el DNU 186\/25<\/strong>, por un monto m\u00e1ximo de 300 millones de d\u00f3lares.&nbsp;<strong>No obstante, \u201cel proceso de desembolso de dichos fondos se encuentra paralizado en diferentes instancias\u201d<\/strong>, lo que motiv\u00f3 la presentaci\u00f3n de un proyecto de resoluci\u00f3n en la C\u00e1mara de Diputados de la Naci\u00f3n para que el Ministerio de Econom\u00eda \u201cpriorice con urgencia\u201d el cr\u00e9dito con la CAF para la l\u00ednea B.<\/p>\n\n\n\n<p>La mayor parte del cr\u00e9dito con la CAF&nbsp;<strong>ser\u00eda destinado a costear la compra de los 29 nuevos trenes<\/strong>&nbsp;con los que se reemplazar\u00e1 la totalidad de la flota actual (Mitsubishi y&nbsp;CAF 6000).<\/p>\n\n\n\n<p><strong>La operaci\u00f3n<\/strong>, que&nbsp;<strong>fue adjudicada en julio pasado a la china CRRC Changchun&nbsp;y&nbsp;cuyo contrato ya fue firmado<\/strong>, tiene un costo apenas superior a los 300 millones de d\u00f3lares, impuestos y gastos de nacionalizaci\u00f3n incluidos, lo que arroja&nbsp;<strong>un valor aproximado de 1,7 mill\u00f3n de d\u00f3lares por coche.<\/strong><\/p>\n\n\n\n<p>Los 120 millones restantes del cr\u00e9dito de la CAF&nbsp;<strong>ser\u00edan destinados a realizar obras de infraestructura<\/strong>&nbsp;en la l\u00ednea B, entre las que se cuenta la a\u00fan no licitada renovaci\u00f3n de v\u00edas -como se se\u00f1al\u00f3, hasta el momento solo se lanz\u00f3 la compra de los rieles-&nbsp;y las obras el\u00e9ctricas para elevar la tensi\u00f3n a 1500 V.&nbsp;<strong>Se trata de trabajos imprescindibles, ya que los nuevos trenes no podr\u00edan circular con la actual tensi\u00f3n de la l\u00ednea, de 600 V.&nbsp;<\/strong><\/p>\n\n\n\n<p>Otros trabajos previstos comprenden&nbsp;<strong>intervenciones en los talleres Rancagua y Villa Urquiza, entre las que se contempla la instalaci\u00f3n de un torno bajo piso<\/strong>&nbsp;en el primero de ellos. Se trata de una obra largamente demorada -est\u00e1 planeada desde hace m\u00e1s de una d\u00e9cada, pero nunca fue ejecutada- que se vuelve&nbsp;necesaria ante la perspectiva de que los nuevos trenes -por alimentaci\u00f3n y tensi\u00f3n- ser\u00e1n&nbsp;incapaces de circular por sus propios medios por la l\u00ednea Urquiza&nbsp;para utilizar el torno del taller Rub\u00e9n Dar\u00edo, como ocurre con la flota actual.<\/p>\n\n\n\n<p>Por \u00faltimo, una vez completada la renovaci\u00f3n del total de la flota,&nbsp;<strong>tambi\u00e9n se prev\u00e9 la remoci\u00f3n del tercer riel<\/strong>, ya que dejar\u00e1 de ser utilizado. Esto quebrar\u00e1 la posibilidad de que&nbsp;los trenes de la l\u00ednea Urquiza ingresen al t\u00fanel de la l\u00ednea B, proyecto varias veces contemplado pero nunca implementado. A su vez,<strong>&nbsp;se prev\u00e9 el desasbestizado y disposici\u00f3n final de la flota actual<\/strong>, trabajo que&nbsp;deber\u00e1 ser encomendado a contratistas certificados.<\/p>\n\n\n\n<p>Caracteres: 5617<\/p>\n<div class=\"pvc_clear\"><\/div><p id=\"pvc_stats_68985\" class=\"pvc_stats all  \" data-element-id=\"68985\" style=\"\"><i class=\"pvc-stats-icon small\" aria-hidden=\"true\"><svg aria-hidden=\"true\" focusable=\"false\" data-prefix=\"far\" data-icon=\"chart-bar\" role=\"img\" xmlns=\"http:\/\/www.w3.org\/2000\/svg\" viewBox=\"0 0 512 512\" class=\"svg-inline--fa fa-chart-bar fa-w-16 fa-2x\"><path fill=\"currentColor\" d=\"M396.8 352h22.4c6.4 0 12.8-6.4 12.8-12.8V108.8c0-6.4-6.4-12.8-12.8-12.8h-22.4c-6.4 0-12.8 6.4-12.8 12.8v230.4c0 6.4 6.4 12.8 12.8 12.8zm-192 0h22.4c6.4 0 12.8-6.4 12.8-12.8V140.8c0-6.4-6.4-12.8-12.8-12.8h-22.4c-6.4 0-12.8 6.4-12.8 12.8v198.4c0 6.4 6.4 12.8 12.8 12.8zm96 0h22.4c6.4 0 12.8-6.4 12.8-12.8V204.8c0-6.4-6.4-12.8-12.8-12.8h-22.4c-6.4 0-12.8 6.4-12.8 12.8v134.4c0 6.4 6.4 12.8 12.8 12.8zM496 400H48V80c0-8.84-7.16-16-16-16H16C7.16 64 0 71.16 0 80v336c0 17.67 14.33 32 32 32h464c8.84 0 16-7.16 16-16v-16c0-8.84-7.16-16-16-16zm-387.2-48h22.4c6.4 0 12.8-6.4 12.8-12.8v-70.4c0-6.4-6.4-12.8-12.8-12.8h-22.4c-6.4 0-12.8 6.4-12.8 12.8v70.4c0 6.4 6.4 12.8 12.8 12.8z\" class=\"\"><\/path><\/svg><\/i> <img loading=\"lazy\" decoding=\"async\" width=\"16\" height=\"16\" alt=\"Loading\" src=\"https:\/\/vocesdelacomuna15.com.ar\/wp-content\/plugins\/page-views-count\/ajax-loader-2x.gif\" border=0 \/><\/p><div class=\"pvc_clear\"><\/div>","protected":false},"excerpt":{"rendered":"<p>Subterr\u00e1neos de Buenos Aires (SBA) preadjudic\u00f3 la licitaci\u00f3n para la compra de 3400 toneladas de rieles, que ser\u00e1n destinados a obras en la l\u00ednea B. Una sola empresa se hab\u00eda presentado a la compulsa. Los insumos ser\u00e1n utilizados para la renovaci\u00f3n del tramo Alem &#8211; Lacroze, lo que todav\u00eda no fue licitado. El proyecto, al [&hellip;]<\/p>\n<div class=\"pvc_clear\"><\/div>\n<p id=\"pvc_stats_68985\" class=\"pvc_stats all  \" data-element-id=\"68985\" style=\"\"><i class=\"pvc-stats-icon small\" aria-hidden=\"true\"><svg aria-hidden=\"true\" focusable=\"false\" data-prefix=\"far\" data-icon=\"chart-bar\" role=\"img\" xmlns=\"http:\/\/www.w3.org\/2000\/svg\" viewBox=\"0 0 512 512\" class=\"svg-inline--fa fa-chart-bar fa-w-16 fa-2x\"><path fill=\"currentColor\" d=\"M396.8 352h22.4c6.4 0 12.8-6.4 12.8-12.8V108.8c0-6.4-6.4-12.8-12.8-12.8h-22.4c-6.4 0-12.8 6.4-12.8 12.8v230.4c0 6.4 6.4 12.8 12.8 12.8zm-192 0h22.4c6.4 0 12.8-6.4 12.8-12.8V140.8c0-6.4-6.4-12.8-12.8-12.8h-22.4c-6.4 0-12.8 6.4-12.8 12.8v198.4c0 6.4 6.4 12.8 12.8 12.8zm96 0h22.4c6.4 0 12.8-6.4 12.8-12.8V204.8c0-6.4-6.4-12.8-12.8-12.8h-22.4c-6.4 0-12.8 6.4-12.8 12.8v134.4c0 6.4 6.4 12.8 12.8 12.8zM496 400H48V80c0-8.84-7.16-16-16-16H16C7.16 64 0 71.16 0 80v336c0 17.67 14.33 32 32 32h464c8.84 0 16-7.16 16-16v-16c0-8.84-7.16-16-16-16zm-387.2-48h22.4c6.4 0 12.8-6.4 12.8-12.8v-70.4c0-6.4-6.4-12.8-12.8-12.8h-22.4c-6.4 0-12.8 6.4-12.8 12.8v70.4c0 6.4 6.4 12.8 12.8 12.8z\" class=\"\"><\/path><\/svg><\/i> <img loading=\"lazy\" decoding=\"async\" width=\"16\" height=\"16\" alt=\"Loading\" src=\"https:\/\/vocesdelacomuna15.com.ar\/wp-content\/plugins\/page-views-count\/ajax-loader-2x.gif\" border=0 \/><\/p>\n<div class=\"pvc_clear\"><\/div>\n","protected":false},"author":2,"featured_media":68987,"comment_status":"open","ping_status":"open","sticky":false,"template":"","format":"standard","meta":{"_et_pb_use_builder":"off","_et_pb_old_content":"","_et_gb_content_width":"","footnotes":""},"categories":[26],"tags":[],"class_list":["post-68985","post","type-post","status-publish","format-standard","has-post-thumbnail","hentry","category-ciudad","et-has-post-format-content","et_post_format-et-post-format-standard"],"a3_pvc":{"activated":true,"total_views":18,"today_views":0},"yoast_head":"<!-- This site is optimized with the Yoast SEO plugin v27.5 - https:\/\/yoast.com\/product\/yoast-seo-wordpress\/ -->\n<title>Preadjudicaron la compra de rieles para la renovaci\u00f3n de v\u00edas de la l\u00ednea B - Voces de la Comuna 15<\/title>\n<meta name=\"description\" content=\"Voces de la Comuna 15\" \/>\n<meta name=\"robots\" content=\"index, follow, max-snippet:-1, max-image-preview:large, max-video-preview:-1\" \/>\n<link rel=\"canonical\" href=\"https:\/\/vocesdelacomuna15.com.ar\/press\/preadjudicaron-la-compra-de-rieles-para-la-renovacion-de-vias-de-la-linea-b\/\" \/>\n<meta property=\"og:locale\" content=\"es_ES\" \/>\n<meta property=\"og:type\" content=\"article\" \/>\n<meta property=\"og:title\" content=\"Preadjudicaron la compra de rieles para la renovaci\u00f3n de v\u00edas de la l\u00ednea B - Voces de la Comuna 15\" \/>\n<meta property=\"og:description\" content=\"Voces de la Comuna 15\" \/>\n<meta property=\"og:url\" content=\"https:\/\/vocesdelacomuna15.com.ar\/press\/preadjudicaron-la-compra-de-rieles-para-la-renovacion-de-vias-de-la-linea-b\/\" \/>\n<meta property=\"og:site_name\" content=\"Voces de la Comuna 15\" \/>\n<meta property=\"article:publisher\" content=\"https:\/\/www.facebook.com\/VocesComuna15\/\" \/>\n<meta property=\"article:published_time\" content=\"2026-01-28T18:05:04+00:00\" \/>\n<meta property=\"article:modified_time\" content=\"2026-01-28T18:05:06+00:00\" \/>\n<meta property=\"og:image\" content=\"https:\/\/vocesdelacomuna15.com.ar\/wp-content\/uploads\/2026\/01\/estacion-pueyrredon-b-vias-1068x712-1.avif\" \/>\n\t<meta property=\"og:image:width\" content=\"1068\" \/>\n\t<meta property=\"og:image:height\" content=\"712\" \/>\n\t<meta property=\"og:image:type\" content=\"image\/jpeg\" \/>\n<meta name=\"author\" content=\"Federico Arguto\" \/>\n<meta name=\"twitter:card\" content=\"summary_large_image\" \/>\n<meta name=\"twitter:creator\" content=\"@vocescomuna15\" \/>\n<meta name=\"twitter:site\" content=\"@vocescomuna15\" \/>\n<meta name=\"twitter:label1\" content=\"Escrito por\" \/>\n\t<meta name=\"twitter:data1\" content=\"Federico Arguto\" \/>\n\t<meta name=\"twitter:label2\" content=\"Tiempo de lectura\" \/>\n\t<meta name=\"twitter:data2\" content=\"6 minutos\" \/>\n<script type=\"application\/ld+json\" class=\"yoast-schema-graph\">{\"@context\":\"https:\\\/\\\/schema.org\",\"@graph\":[{\"@type\":\"Article\",\"@id\":\"https:\\\/\\\/vocesdelacomuna15.com.ar\\\/press\\\/preadjudicaron-la-compra-de-rieles-para-la-renovacion-de-vias-de-la-linea-b\\\/#article\",\"isPartOf\":{\"@id\":\"https:\\\/\\\/vocesdelacomuna15.com.ar\\\/press\\\/preadjudicaron-la-compra-de-rieles-para-la-renovacion-de-vias-de-la-linea-b\\\/\"},\"author\":{\"name\":\"Federico Arguto\",\"@id\":\"https:\\\/\\\/vocesdelacomuna15.com.ar\\\/press\\\/#\\\/schema\\\/person\\\/4739e109db25d799cd3d139eeb509e43\"},\"headline\":\"Preadjudicaron la compra de rieles para la renovaci\u00f3n de v\u00edas de la l\u00ednea B\",\"datePublished\":\"2026-01-28T18:05:04+00:00\",\"dateModified\":\"2026-01-28T18:05:06+00:00\",\"mainEntityOfPage\":{\"@id\":\"https:\\\/\\\/vocesdelacomuna15.com.ar\\\/press\\\/preadjudicaron-la-compra-de-rieles-para-la-renovacion-de-vias-de-la-linea-b\\\/\"},\"wordCount\":1223,\"commentCount\":0,\"publisher\":{\"@id\":\"https:\\\/\\\/vocesdelacomuna15.com.ar\\\/press\\\/#organization\"},\"image\":{\"@id\":\"https:\\\/\\\/vocesdelacomuna15.com.ar\\\/press\\\/preadjudicaron-la-compra-de-rieles-para-la-renovacion-de-vias-de-la-linea-b\\\/#primaryimage\"},\"thumbnailUrl\":\"https:\\\/\\\/vocesdelacomuna15.com.ar\\\/wp-content\\\/uploads\\\/2026\\\/01\\\/estacion-pueyrredon-b-vias-1068x712-1.avif\",\"articleSection\":[\"Ciudad\"],\"inLanguage\":\"es-AR\",\"potentialAction\":[{\"@type\":\"CommentAction\",\"name\":\"Comment\",\"target\":[\"https:\\\/\\\/vocesdelacomuna15.com.ar\\\/press\\\/preadjudicaron-la-compra-de-rieles-para-la-renovacion-de-vias-de-la-linea-b\\\/#respond\"]}]},{\"@type\":\"WebPage\",\"@id\":\"https:\\\/\\\/vocesdelacomuna15.com.ar\\\/press\\\/preadjudicaron-la-compra-de-rieles-para-la-renovacion-de-vias-de-la-linea-b\\\/\",\"url\":\"https:\\\/\\\/vocesdelacomuna15.com.ar\\\/press\\\/preadjudicaron-la-compra-de-rieles-para-la-renovacion-de-vias-de-la-linea-b\\\/\",\"name\":\"Preadjudicaron la compra de rieles para la renovaci\u00f3n de v\u00edas de la l\u00ednea B - Voces de la Comuna 15\",\"isPartOf\":{\"@id\":\"https:\\\/\\\/vocesdelacomuna15.com.ar\\\/press\\\/#website\"},\"primaryImageOfPage\":{\"@id\":\"https:\\\/\\\/vocesdelacomuna15.com.ar\\\/press\\\/preadjudicaron-la-compra-de-rieles-para-la-renovacion-de-vias-de-la-linea-b\\\/#primaryimage\"},\"image\":{\"@id\":\"https:\\\/\\\/vocesdelacomuna15.com.ar\\\/press\\\/preadjudicaron-la-compra-de-rieles-para-la-renovacion-de-vias-de-la-linea-b\\\/#primaryimage\"},\"thumbnailUrl\":\"https:\\\/\\\/vocesdelacomuna15.com.ar\\\/wp-content\\\/uploads\\\/2026\\\/01\\\/estacion-pueyrredon-b-vias-1068x712-1.avif\",\"datePublished\":\"2026-01-28T18:05:04+00:00\",\"dateModified\":\"2026-01-28T18:05:06+00:00\",\"description\":\"Voces de la Comuna 15\",\"breadcrumb\":{\"@id\":\"https:\\\/\\\/vocesdelacomuna15.com.ar\\\/press\\\/preadjudicaron-la-compra-de-rieles-para-la-renovacion-de-vias-de-la-linea-b\\\/#breadcrumb\"},\"inLanguage\":\"es-AR\",\"potentialAction\":[{\"@type\":\"ReadAction\",\"target\":[\"https:\\\/\\\/vocesdelacomuna15.com.ar\\\/press\\\/preadjudicaron-la-compra-de-rieles-para-la-renovacion-de-vias-de-la-linea-b\\\/\"]}]},{\"@type\":\"ImageObject\",\"inLanguage\":\"es-AR\",\"@id\":\"https:\\\/\\\/vocesdelacomuna15.com.ar\\\/press\\\/preadjudicaron-la-compra-de-rieles-para-la-renovacion-de-vias-de-la-linea-b\\\/#primaryimage\",\"url\":\"https:\\\/\\\/vocesdelacomuna15.com.ar\\\/wp-content\\\/uploads\\\/2026\\\/01\\\/estacion-pueyrredon-b-vias-1068x712-1.avif\",\"contentUrl\":\"https:\\\/\\\/vocesdelacomuna15.com.ar\\\/wp-content\\\/uploads\\\/2026\\\/01\\\/estacion-pueyrredon-b-vias-1068x712-1.avif\",\"width\":1068,\"height\":712},{\"@type\":\"BreadcrumbList\",\"@id\":\"https:\\\/\\\/vocesdelacomuna15.com.ar\\\/press\\\/preadjudicaron-la-compra-de-rieles-para-la-renovacion-de-vias-de-la-linea-b\\\/#breadcrumb\",\"itemListElement\":[{\"@type\":\"ListItem\",\"position\":1,\"name\":\"Inicio\",\"item\":\"https:\\\/\\\/vocesdelacomuna15.com.ar\\\/press\\\/\"},{\"@type\":\"ListItem\",\"position\":2,\"name\":\"Preadjudicaron la compra de rieles para la renovaci\u00f3n de v\u00edas de la l\u00ednea B\"}]},{\"@type\":\"WebSite\",\"@id\":\"https:\\\/\\\/vocesdelacomuna15.com.ar\\\/press\\\/#website\",\"url\":\"https:\\\/\\\/vocesdelacomuna15.com.ar\\\/press\\\/\",\"name\":\"Voces de la Comuna 15\",\"description\":\"Sitio web de noticias\",\"publisher\":{\"@id\":\"https:\\\/\\\/vocesdelacomuna15.com.ar\\\/press\\\/#organization\"},\"potentialAction\":[{\"@type\":\"SearchAction\",\"target\":{\"@type\":\"EntryPoint\",\"urlTemplate\":\"https:\\\/\\\/vocesdelacomuna15.com.ar\\\/press\\\/?s={search_term_string}\"},\"query-input\":{\"@type\":\"PropertyValueSpecification\",\"valueRequired\":true,\"valueName\":\"search_term_string\"}}],\"inLanguage\":\"es-AR\"},{\"@type\":\"Organization\",\"@id\":\"https:\\\/\\\/vocesdelacomuna15.com.ar\\\/press\\\/#organization\",\"name\":\"Voces de la Comuna 15\",\"url\":\"https:\\\/\\\/vocesdelacomuna15.com.ar\\\/press\\\/\",\"logo\":{\"@type\":\"ImageObject\",\"inLanguage\":\"es-AR\",\"@id\":\"https:\\\/\\\/vocesdelacomuna15.com.ar\\\/press\\\/#\\\/schema\\\/logo\\\/image\\\/\",\"url\":\"https:\\\/\\\/vocesdelacomuna15.com.ar\\\/wp-content\\\/uploads\\\/2024\\\/12\\\/cropped-logo_voces.jpg\",\"contentUrl\":\"https:\\\/\\\/vocesdelacomuna15.com.ar\\\/wp-content\\\/uploads\\\/2024\\\/12\\\/cropped-logo_voces.jpg\",\"width\":512,\"height\":512,\"caption\":\"Voces de la Comuna 15\"},\"image\":{\"@id\":\"https:\\\/\\\/vocesdelacomuna15.com.ar\\\/press\\\/#\\\/schema\\\/logo\\\/image\\\/\"},\"sameAs\":[\"https:\\\/\\\/www.facebook.com\\\/VocesComuna15\\\/\",\"https:\\\/\\\/x.com\\\/vocescomuna15\"]},{\"@type\":\"Person\",\"@id\":\"https:\\\/\\\/vocesdelacomuna15.com.ar\\\/press\\\/#\\\/schema\\\/person\\\/4739e109db25d799cd3d139eeb509e43\",\"name\":\"Federico Arguto\",\"image\":{\"@type\":\"ImageObject\",\"inLanguage\":\"es-AR\",\"@id\":\"https:\\\/\\\/vocesdelacomuna15.com.ar\\\/wp-content\\\/litespeed\\\/avatar\\\/82faf979976f1bae889b8b71f8a0a7e5.jpg?ver=1777419741\",\"url\":\"https:\\\/\\\/vocesdelacomuna15.com.ar\\\/wp-content\\\/litespeed\\\/avatar\\\/82faf979976f1bae889b8b71f8a0a7e5.jpg?ver=1777419741\",\"contentUrl\":\"https:\\\/\\\/vocesdelacomuna15.com.ar\\\/wp-content\\\/litespeed\\\/avatar\\\/82faf979976f1bae889b8b71f8a0a7e5.jpg?ver=1777419741\",\"caption\":\"Federico Arguto\"},\"url\":\"https:\\\/\\\/vocesdelacomuna15.com.ar\\\/press\\\/author\\\/fede\\\/\"}]}<\/script>\n<!-- \/ Yoast SEO plugin. -->","yoast_head_json":{"title":"Preadjudicaron la compra de rieles para la renovaci\u00f3n de v\u00edas de la l\u00ednea B - Voces de la Comuna 15","description":"Voces de la Comuna 15","robots":{"index":"index","follow":"follow","max-snippet":"max-snippet:-1","max-image-preview":"max-image-preview:large","max-video-preview":"max-video-preview:-1"},"canonical":"https:\/\/vocesdelacomuna15.com.ar\/press\/preadjudicaron-la-compra-de-rieles-para-la-renovacion-de-vias-de-la-linea-b\/","og_locale":"es_ES","og_type":"article","og_title":"Preadjudicaron la compra de rieles para la renovaci\u00f3n de v\u00edas de la l\u00ednea B - Voces de la Comuna 15","og_description":"Voces de la Comuna 15","og_url":"https:\/\/vocesdelacomuna15.com.ar\/press\/preadjudicaron-la-compra-de-rieles-para-la-renovacion-de-vias-de-la-linea-b\/","og_site_name":"Voces de la Comuna 15","article_publisher":"https:\/\/www.facebook.com\/VocesComuna15\/","article_published_time":"2026-01-28T18:05:04+00:00","article_modified_time":"2026-01-28T18:05:06+00:00","og_image":[{"width":1068,"height":712,"url":"https:\/\/vocesdelacomuna15.com.ar\/wp-content\/uploads\/2026\/01\/estacion-pueyrredon-b-vias-1068x712-1.avif","type":"image\/jpeg"}],"author":"Federico Arguto","twitter_card":"summary_large_image","twitter_creator":"@vocescomuna15","twitter_site":"@vocescomuna15","twitter_misc":{"Escrito por":"Federico Arguto","Tiempo de lectura":"6 minutos"},"schema":{"@context":"https:\/\/schema.org","@graph":[{"@type":"Article","@id":"https:\/\/vocesdelacomuna15.com.ar\/press\/preadjudicaron-la-compra-de-rieles-para-la-renovacion-de-vias-de-la-linea-b\/#article","isPartOf":{"@id":"https:\/\/vocesdelacomuna15.com.ar\/press\/preadjudicaron-la-compra-de-rieles-para-la-renovacion-de-vias-de-la-linea-b\/"},"author":{"name":"Federico Arguto","@id":"https:\/\/vocesdelacomuna15.com.ar\/press\/#\/schema\/person\/4739e109db25d799cd3d139eeb509e43"},"headline":"Preadjudicaron la compra de rieles para la renovaci\u00f3n de v\u00edas de la l\u00ednea B","datePublished":"2026-01-28T18:05:04+00:00","dateModified":"2026-01-28T18:05:06+00:00","mainEntityOfPage":{"@id":"https:\/\/vocesdelacomuna15.com.ar\/press\/preadjudicaron-la-compra-de-rieles-para-la-renovacion-de-vias-de-la-linea-b\/"},"wordCount":1223,"commentCount":0,"publisher":{"@id":"https:\/\/vocesdelacomuna15.com.ar\/press\/#organization"},"image":{"@id":"https:\/\/vocesdelacomuna15.com.ar\/press\/preadjudicaron-la-compra-de-rieles-para-la-renovacion-de-vias-de-la-linea-b\/#primaryimage"},"thumbnailUrl":"https:\/\/vocesdelacomuna15.com.ar\/wp-content\/uploads\/2026\/01\/estacion-pueyrredon-b-vias-1068x712-1.avif","articleSection":["Ciudad"],"inLanguage":"es-AR","potentialAction":[{"@type":"CommentAction","name":"Comment","target":["https:\/\/vocesdelacomuna15.com.ar\/press\/preadjudicaron-la-compra-de-rieles-para-la-renovacion-de-vias-de-la-linea-b\/#respond"]}]},{"@type":"WebPage","@id":"https:\/\/vocesdelacomuna15.com.ar\/press\/preadjudicaron-la-compra-de-rieles-para-la-renovacion-de-vias-de-la-linea-b\/","url":"https:\/\/vocesdelacomuna15.com.ar\/press\/preadjudicaron-la-compra-de-rieles-para-la-renovacion-de-vias-de-la-linea-b\/","name":"Preadjudicaron la compra de rieles para la renovaci\u00f3n de v\u00edas de la l\u00ednea B - Voces de la Comuna 15","isPartOf":{"@id":"https:\/\/vocesdelacomuna15.com.ar\/press\/#website"},"primaryImageOfPage":{"@id":"https:\/\/vocesdelacomuna15.com.ar\/press\/preadjudicaron-la-compra-de-rieles-para-la-renovacion-de-vias-de-la-linea-b\/#primaryimage"},"image":{"@id":"https:\/\/vocesdelacomuna15.com.ar\/press\/preadjudicaron-la-compra-de-rieles-para-la-renovacion-de-vias-de-la-linea-b\/#primaryimage"},"thumbnailUrl":"https:\/\/vocesdelacomuna15.com.ar\/wp-content\/uploads\/2026\/01\/estacion-pueyrredon-b-vias-1068x712-1.avif","datePublished":"2026-01-28T18:05:04+00:00","dateModified":"2026-01-28T18:05:06+00:00","description":"Voces de la Comuna 15","breadcrumb":{"@id":"https:\/\/vocesdelacomuna15.com.ar\/press\/preadjudicaron-la-compra-de-rieles-para-la-renovacion-de-vias-de-la-linea-b\/#breadcrumb"},"inLanguage":"es-AR","potentialAction":[{"@type":"ReadAction","target":["https:\/\/vocesdelacomuna15.com.ar\/press\/preadjudicaron-la-compra-de-rieles-para-la-renovacion-de-vias-de-la-linea-b\/"]}]},{"@type":"ImageObject","inLanguage":"es-AR","@id":"https:\/\/vocesdelacomuna15.com.ar\/press\/preadjudicaron-la-compra-de-rieles-para-la-renovacion-de-vias-de-la-linea-b\/#primaryimage","url":"https:\/\/vocesdelacomuna15.com.ar\/wp-content\/uploads\/2026\/01\/estacion-pueyrredon-b-vias-1068x712-1.avif","contentUrl":"https:\/\/vocesdelacomuna15.com.ar\/wp-content\/uploads\/2026\/01\/estacion-pueyrredon-b-vias-1068x712-1.avif","width":1068,"height":712},{"@type":"BreadcrumbList","@id":"https:\/\/vocesdelacomuna15.com.ar\/press\/preadjudicaron-la-compra-de-rieles-para-la-renovacion-de-vias-de-la-linea-b\/#breadcrumb","itemListElement":[{"@type":"ListItem","position":1,"name":"Inicio","item":"https:\/\/vocesdelacomuna15.com.ar\/press\/"},{"@type":"ListItem","position":2,"name":"Preadjudicaron la compra de rieles para la renovaci\u00f3n de v\u00edas de la l\u00ednea B"}]},{"@type":"WebSite","@id":"https:\/\/vocesdelacomuna15.com.ar\/press\/#website","url":"https:\/\/vocesdelacomuna15.com.ar\/press\/","name":"Voces de la Comuna 15","description":"Sitio web de noticias","publisher":{"@id":"https:\/\/vocesdelacomuna15.com.ar\/press\/#organization"},"potentialAction":[{"@type":"SearchAction","target":{"@type":"EntryPoint","urlTemplate":"https:\/\/vocesdelacomuna15.com.ar\/press\/?s={search_term_string}"},"query-input":{"@type":"PropertyValueSpecification","valueRequired":true,"valueName":"search_term_string"}}],"inLanguage":"es-AR"},{"@type":"Organization","@id":"https:\/\/vocesdelacomuna15.com.ar\/press\/#organization","name":"Voces de la Comuna 15","url":"https:\/\/vocesdelacomuna15.com.ar\/press\/","logo":{"@type":"ImageObject","inLanguage":"es-AR","@id":"https:\/\/vocesdelacomuna15.com.ar\/press\/#\/schema\/logo\/image\/","url":"https:\/\/vocesdelacomuna15.com.ar\/wp-content\/uploads\/2024\/12\/cropped-logo_voces.jpg","contentUrl":"https:\/\/vocesdelacomuna15.com.ar\/wp-content\/uploads\/2024\/12\/cropped-logo_voces.jpg","width":512,"height":512,"caption":"Voces de la Comuna 15"},"image":{"@id":"https:\/\/vocesdelacomuna15.com.ar\/press\/#\/schema\/logo\/image\/"},"sameAs":["https:\/\/www.facebook.com\/VocesComuna15\/","https:\/\/x.com\/vocescomuna15"]},{"@type":"Person","@id":"https:\/\/vocesdelacomuna15.com.ar\/press\/#\/schema\/person\/4739e109db25d799cd3d139eeb509e43","name":"Federico Arguto","image":{"@type":"ImageObject","inLanguage":"es-AR","@id":"https:\/\/vocesdelacomuna15.com.ar\/wp-content\/litespeed\/avatar\/82faf979976f1bae889b8b71f8a0a7e5.jpg?ver=1777419741","url":"https:\/\/vocesdelacomuna15.com.ar\/wp-content\/litespeed\/avatar\/82faf979976f1bae889b8b71f8a0a7e5.jpg?ver=1777419741","contentUrl":"https:\/\/vocesdelacomuna15.com.ar\/wp-content\/litespeed\/avatar\/82faf979976f1bae889b8b71f8a0a7e5.jpg?ver=1777419741","caption":"Federico Arguto"},"url":"https:\/\/vocesdelacomuna15.com.ar\/press\/author\/fede\/"}]}},"_links":{"self":[{"href":"https:\/\/vocesdelacomuna15.com.ar\/press\/wp-json\/wp\/v2\/posts\/68985","targetHints":{"allow":["GET"]}}],"collection":[{"href":"https:\/\/vocesdelacomuna15.com.ar\/press\/wp-json\/wp\/v2\/posts"}],"about":[{"href":"https:\/\/vocesdelacomuna15.com.ar\/press\/wp-json\/wp\/v2\/types\/post"}],"author":[{"embeddable":true,"href":"https:\/\/vocesdelacomuna15.com.ar\/press\/wp-json\/wp\/v2\/users\/2"}],"replies":[{"embeddable":true,"href":"https:\/\/vocesdelacomuna15.com.ar\/press\/wp-json\/wp\/v2\/comments?post=68985"}],"version-history":[{"count":1,"href":"https:\/\/vocesdelacomuna15.com.ar\/press\/wp-json\/wp\/v2\/posts\/68985\/revisions"}],"predecessor-version":[{"id":68988,"href":"https:\/\/vocesdelacomuna15.com.ar\/press\/wp-json\/wp\/v2\/posts\/68985\/revisions\/68988"}],"wp:featuredmedia":[{"embeddable":true,"href":"https:\/\/vocesdelacomuna15.com.ar\/press\/wp-json\/wp\/v2\/media\/68987"}],"wp:attachment":[{"href":"https:\/\/vocesdelacomuna15.com.ar\/press\/wp-json\/wp\/v2\/media?parent=68985"}],"wp:term":[{"taxonomy":"category","embeddable":true,"href":"https:\/\/vocesdelacomuna15.com.ar\/press\/wp-json\/wp\/v2\/categories?post=68985"},{"taxonomy":"post_tag","embeddable":true,"href":"https:\/\/vocesdelacomuna15.com.ar\/press\/wp-json\/wp\/v2\/tags?post=68985"}],"curies":[{"name":"wp","href":"https:\/\/api.w.org\/{rel}","templated":true}]}}