{"id":68975,"date":"2026-01-28T13:04:41","date_gmt":"2026-01-28T16:04:41","guid":{"rendered":"https:\/\/vocesdelacomuna15.com.ar\/press\/?p=68975"},"modified":"2026-01-28T20:06:02","modified_gmt":"2026-01-28T23:06:02","slug":"me-indicaron-ir-al-psiquiatra-y-ahora-que","status":"publish","type":"post","link":"https:\/\/vocesdelacomuna15.com.ar\/press\/me-indicaron-ir-al-psiquiatra-y-ahora-que\/","title":{"rendered":"Me indicaron ir al psiquiatra, y ahora qu\u00e9?"},"content":{"rendered":"\n<p>A\u00fan hoy, la palabra \u201cpsiquiatra\u201d contin\u00faa generando ciertos temores o desconfianza en el imaginario popular, siendo vista como un profesional limitado para los \u201clocos\u201d o \u201clos que est\u00e1n muy mal\u201d. Y esto en los mejores casos en donde se habla de un \u201cprofesional\u201d, ya que en algunas minor\u00edas se lo sigue considerando una especie de brujo que lee la mente, o un chanta que da drogas, como si la psiquiatr\u00eda, en lugar de una ciencia, fuera una creencia a la cual se puede adherir o no.<\/p>\n\n\n\n<p>Si bien estas muestras de desconocimiento son cada vez menos frecuentes, los profesionales de la salud mental nos continuamos encontrando con personas que dudan o tienen miedo de consultar, llegando en algunos casos a dejar que s\u00edntomas importantes empeoren, o hasta prefiriendo utilizar m\u00e9todos sin ninguna evidencia cient\u00edfica que prometen soluciones milagrosas. Cuando esto sucede, nos indignamos de la falta de educaci\u00f3n general sobre temas de salud tan importantes, mientras continuamos en el espacio de nuestro consultorio d\u00e1ndole informaci\u00f3n a aquellos valientes que se atrevieron a traspasar la sala de espera, siendo esencial que podamos llegar a los que a\u00fan siguen del otro lado.<\/p>\n\n\n\n<p>Uno de los motivos de rechazo a consultar con un psiquiatra es que no hay mucha informaci\u00f3n sobre lo que sucede en la primera consulta, siendo \u00e9sta asociada a una medicalizaci\u00f3n autom\u00e1tica de los s\u00edntomas, cuando en realidad, el medicar es solo una parte del obrar profesional. Desde la infancia nos ense\u00f1an lo que hace un doctor en la consulta, nos escucha el coraz\u00f3n, nos revisa la panza si duele o nos ve la garganta, entonces, \u00bfc\u00f3mo nos examinan cuando lo que duele no es el cuerpo?<\/p>\n\n\n\n<p>El estetoscopio del psiquiatra es la palabra, a trav\u00e9s de ella se identifican los s\u00edntomas que trae la persona a la consulta y puede evaluarse el estado de los pensamientos y las emociones, claves para llegar a un diagn\u00f3stico que nos gu\u00ede para ayudar a quien sufre. Debido a esto, en la primer consulta podemos esperar lo siguiente:<\/p>\n\n\n\n<ul class=\"wp-block-list\">\n<li>Preguntas de datos personales: m\u00e1s all\u00e1 de lo meramente administrativo, esto permite conocer la cotidianeidad del paciente, si vive solo, como est\u00e1 formada su familia, a que se dedica, su nivel de instrucci\u00f3n, etc.<\/li>\n\n\n\n<li>Preguntas sobre antecedentes m\u00e9dicos y farmacol\u00f3gicos: algunas enfermedades consideradas \u201cm\u00e9dicas\u201d (dividiendo lo m\u00e9dico como corporal de lo mental o ps\u00edquico, simplificando a modo ilustrativo) pueden manifestar s\u00edntomas psiqui\u00e1tricos, como por ejemplo, en el caso de algunas personas con hipotiroidismo, pueden darse s\u00edntomas depresivos. Esto es importante para descartar una posible causa org\u00e1nica y para tener en cuenta a la hora de elegir los f\u00e1rmacos a utilizar.<\/li>\n\n\n\n<li>Preguntas sobre el motivo de la consulta: seg\u00fan sea el motivo por el cual se consulta, el profesional indaga en profundidad sobre las caracter\u00edsticas de los s\u00edntomas y su asociaci\u00f3n con otras posibles manifestaciones.<\/li>\n\n\n\n<li>Entrevistas a familiares: en algunos casos, sobre todo el menores de edad o en ciertas patolog\u00edas, puede requerirse una sesi\u00f3n con un familiar o persona cercana al paciente, a fin de complementar la informaci\u00f3n otorgada por el mismo.<\/li>\n\n\n\n<li>Pedido de estudios: podr\u00e1n solicitarse an\u00e1lisis de sangre, orina o estudios m\u00e1s espec\u00edficos seg\u00fan las manifestaciones cl\u00ednicas, lo que permitir\u00e1 un diagn\u00f3stico m\u00e1s certero.<\/li>\n\n\n\n<li>Diagn\u00f3stico y tratamiento: este paso no siempre se da en la primera consulta ya que muchas veces se requiere del anterior para completarlo.<\/li>\n<\/ul>\n\n\n\n<p>Es importante tener en cuenta que el diagn\u00f3stico psiqui\u00e1trico no es algo autom\u00e1tico, que muchas veces requiere un tiempo de investigaci\u00f3n y es importante respetar el mismo. Con respecto al tratamiento, amplio tema a profundizar, puede incluir el uso de un f\u00e1rmaco que ayude a mejorar los s\u00edntomas principales, para poder profundizar en otras herramientas para tratar el cuadro general, como por ejemplo la psicoterapia. La elecci\u00f3n de dicho f\u00e1rmaco se realiza mediante una evaluaci\u00f3n de las caracter\u00edsticas del paciente, las manifestaciones predominantes, el costo y el estilo de vida, as\u00ed como las patolog\u00edas concomitantes que pueda llegar a presentar.<\/p>\n\n\n\n<p>Asistir a la consulta de psiquiatr\u00eda conlleva establecer un v\u00ednculo con un profesional capacitado para atender las demandas y poder ver m\u00e1s all\u00e1 de lo que se nombra. Tambi\u00e9n es ser part\u00edcipe del propio tratamiento, manifestando dudas, miedos o prejuicios que puedan llegar a existir, para construir una mejor calidad de vida y demoler un poco m\u00e1s el desconocimiento general.<\/p>\n\n\n\n<p>Julieta Bonino<br>M\u00e9dica Psiquiatra<br>Ig: dra.julietabonino<br><br>Caracteres: 4523<\/p>\n<div class=\"pvc_clear\"><\/div><p id=\"pvc_stats_68975\" class=\"pvc_stats all  \" data-element-id=\"68975\" style=\"\"><i class=\"pvc-stats-icon small\" aria-hidden=\"true\"><svg aria-hidden=\"true\" focusable=\"false\" data-prefix=\"far\" data-icon=\"chart-bar\" role=\"img\" xmlns=\"http:\/\/www.w3.org\/2000\/svg\" viewBox=\"0 0 512 512\" class=\"svg-inline--fa fa-chart-bar fa-w-16 fa-2x\"><path fill=\"currentColor\" d=\"M396.8 352h22.4c6.4 0 12.8-6.4 12.8-12.8V108.8c0-6.4-6.4-12.8-12.8-12.8h-22.4c-6.4 0-12.8 6.4-12.8 12.8v230.4c0 6.4 6.4 12.8 12.8 12.8zm-192 0h22.4c6.4 0 12.8-6.4 12.8-12.8V140.8c0-6.4-6.4-12.8-12.8-12.8h-22.4c-6.4 0-12.8 6.4-12.8 12.8v198.4c0 6.4 6.4 12.8 12.8 12.8zm96 0h22.4c6.4 0 12.8-6.4 12.8-12.8V204.8c0-6.4-6.4-12.8-12.8-12.8h-22.4c-6.4 0-12.8 6.4-12.8 12.8v134.4c0 6.4 6.4 12.8 12.8 12.8zM496 400H48V80c0-8.84-7.16-16-16-16H16C7.16 64 0 71.16 0 80v336c0 17.67 14.33 32 32 32h464c8.84 0 16-7.16 16-16v-16c0-8.84-7.16-16-16-16zm-387.2-48h22.4c6.4 0 12.8-6.4 12.8-12.8v-70.4c0-6.4-6.4-12.8-12.8-12.8h-22.4c-6.4 0-12.8 6.4-12.8 12.8v70.4c0 6.4 6.4 12.8 12.8 12.8z\" class=\"\"><\/path><\/svg><\/i> <img loading=\"lazy\" decoding=\"async\" width=\"16\" height=\"16\" alt=\"Loading\" src=\"https:\/\/vocesdelacomuna15.com.ar\/wp-content\/plugins\/page-views-count\/ajax-loader-2x.gif\" border=0 \/><\/p><div class=\"pvc_clear\"><\/div>","protected":false},"excerpt":{"rendered":"<p>A\u00fan hoy, la palabra \u201cpsiquiatra\u201d contin\u00faa generando ciertos temores o desconfianza en el imaginario popular, siendo vista como un profesional limitado para los \u201clocos\u201d o \u201clos que est\u00e1n muy mal\u201d. Y esto en los mejores casos en donde se habla de un \u201cprofesional\u201d, ya que en algunas minor\u00edas se lo sigue considerando una especie de [&hellip;]<\/p>\n<div class=\"pvc_clear\"><\/div>\n<p id=\"pvc_stats_68975\" class=\"pvc_stats all  \" data-element-id=\"68975\" style=\"\"><i class=\"pvc-stats-icon small\" aria-hidden=\"true\"><svg aria-hidden=\"true\" focusable=\"false\" data-prefix=\"far\" data-icon=\"chart-bar\" role=\"img\" xmlns=\"http:\/\/www.w3.org\/2000\/svg\" viewBox=\"0 0 512 512\" class=\"svg-inline--fa fa-chart-bar fa-w-16 fa-2x\"><path fill=\"currentColor\" d=\"M396.8 352h22.4c6.4 0 12.8-6.4 12.8-12.8V108.8c0-6.4-6.4-12.8-12.8-12.8h-22.4c-6.4 0-12.8 6.4-12.8 12.8v230.4c0 6.4 6.4 12.8 12.8 12.8zm-192 0h22.4c6.4 0 12.8-6.4 12.8-12.8V140.8c0-6.4-6.4-12.8-12.8-12.8h-22.4c-6.4 0-12.8 6.4-12.8 12.8v198.4c0 6.4 6.4 12.8 12.8 12.8zm96 0h22.4c6.4 0 12.8-6.4 12.8-12.8V204.8c0-6.4-6.4-12.8-12.8-12.8h-22.4c-6.4 0-12.8 6.4-12.8 12.8v134.4c0 6.4 6.4 12.8 12.8 12.8zM496 400H48V80c0-8.84-7.16-16-16-16H16C7.16 64 0 71.16 0 80v336c0 17.67 14.33 32 32 32h464c8.84 0 16-7.16 16-16v-16c0-8.84-7.16-16-16-16zm-387.2-48h22.4c6.4 0 12.8-6.4 12.8-12.8v-70.4c0-6.4-6.4-12.8-12.8-12.8h-22.4c-6.4 0-12.8 6.4-12.8 12.8v70.4c0 6.4 6.4 12.8 12.8 12.8z\" class=\"\"><\/path><\/svg><\/i> <img loading=\"lazy\" decoding=\"async\" width=\"16\" height=\"16\" alt=\"Loading\" src=\"https:\/\/vocesdelacomuna15.com.ar\/wp-content\/plugins\/page-views-count\/ajax-loader-2x.gif\" border=0 \/><\/p>\n<div class=\"pvc_clear\"><\/div>\n","protected":false},"author":2,"featured_media":68976,"comment_status":"open","ping_status":"open","sticky":false,"template":"","format":"standard","meta":{"_et_pb_use_builder":"off","_et_pb_old_content":"","_et_gb_content_width":"","footnotes":""},"categories":[8],"tags":[],"class_list":["post-68975","post","type-post","status-publish","format-standard","has-post-thumbnail","hentry","category-sociedad","et-has-post-format-content","et_post_format-et-post-format-standard"],"a3_pvc":{"activated":true,"total_views":48,"today_views":0},"yoast_head":"<!-- This site is optimized with the Yoast SEO plugin v27.5 - https:\/\/yoast.com\/product\/yoast-seo-wordpress\/ -->\n<title>Me indicaron ir al psiquiatra, y ahora qu\u00e9? - Voces de la Comuna 15<\/title>\n<meta name=\"description\" content=\"Voces de la Comuna 15\" \/>\n<meta name=\"robots\" content=\"index, follow, max-snippet:-1, max-image-preview:large, max-video-preview:-1\" \/>\n<link rel=\"canonical\" href=\"https:\/\/vocesdelacomuna15.com.ar\/press\/me-indicaron-ir-al-psiquiatra-y-ahora-que\/\" \/>\n<meta property=\"og:locale\" content=\"es_ES\" \/>\n<meta property=\"og:type\" content=\"article\" \/>\n<meta property=\"og:title\" content=\"Me indicaron ir al psiquiatra, y ahora qu\u00e9? - Voces de la Comuna 15\" \/>\n<meta property=\"og:description\" content=\"Voces de la Comuna 15\" \/>\n<meta property=\"og:url\" content=\"https:\/\/vocesdelacomuna15.com.ar\/press\/me-indicaron-ir-al-psiquiatra-y-ahora-que\/\" \/>\n<meta property=\"og:site_name\" content=\"Voces de la Comuna 15\" \/>\n<meta property=\"article:publisher\" content=\"https:\/\/www.facebook.com\/VocesComuna15\/\" \/>\n<meta property=\"article:published_time\" content=\"2026-01-28T16:04:41+00:00\" \/>\n<meta property=\"article:modified_time\" content=\"2026-01-28T23:06:02+00:00\" \/>\n<meta property=\"og:image\" content=\"https:\/\/vocesdelacomuna15.com.ar\/wp-content\/uploads\/2026\/01\/PSIQUIATRA.avif\" \/>\n\t<meta property=\"og:image:width\" content=\"800\" \/>\n\t<meta property=\"og:image:height\" content=\"533\" \/>\n\t<meta property=\"og:image:type\" content=\"image\/jpeg\" \/>\n<meta name=\"author\" content=\"Federico Arguto\" \/>\n<meta name=\"twitter:card\" content=\"summary_large_image\" \/>\n<meta name=\"twitter:creator\" content=\"@vocescomuna15\" \/>\n<meta name=\"twitter:site\" content=\"@vocescomuna15\" \/>\n<meta name=\"twitter:label1\" content=\"Escrito por\" \/>\n\t<meta name=\"twitter:data1\" content=\"Federico Arguto\" \/>\n\t<meta name=\"twitter:label2\" content=\"Tiempo de lectura\" \/>\n\t<meta name=\"twitter:data2\" content=\"4 minutos\" \/>\n<script type=\"application\/ld+json\" class=\"yoast-schema-graph\">{\"@context\":\"https:\\\/\\\/schema.org\",\"@graph\":[{\"@type\":\"Article\",\"@id\":\"https:\\\/\\\/vocesdelacomuna15.com.ar\\\/press\\\/me-indicaron-ir-al-psiquiatra-y-ahora-que\\\/#article\",\"isPartOf\":{\"@id\":\"https:\\\/\\\/vocesdelacomuna15.com.ar\\\/press\\\/me-indicaron-ir-al-psiquiatra-y-ahora-que\\\/\"},\"author\":{\"name\":\"Federico Arguto\",\"@id\":\"https:\\\/\\\/vocesdelacomuna15.com.ar\\\/press\\\/#\\\/schema\\\/person\\\/4739e109db25d799cd3d139eeb509e43\"},\"headline\":\"Me indicaron ir al psiquiatra, y ahora qu\u00e9?\",\"datePublished\":\"2026-01-28T16:04:41+00:00\",\"dateModified\":\"2026-01-28T23:06:02+00:00\",\"mainEntityOfPage\":{\"@id\":\"https:\\\/\\\/vocesdelacomuna15.com.ar\\\/press\\\/me-indicaron-ir-al-psiquiatra-y-ahora-que\\\/\"},\"wordCount\":797,\"commentCount\":0,\"publisher\":{\"@id\":\"https:\\\/\\\/vocesdelacomuna15.com.ar\\\/press\\\/#organization\"},\"image\":{\"@id\":\"https:\\\/\\\/vocesdelacomuna15.com.ar\\\/press\\\/me-indicaron-ir-al-psiquiatra-y-ahora-que\\\/#primaryimage\"},\"thumbnailUrl\":\"https:\\\/\\\/vocesdelacomuna15.com.ar\\\/wp-content\\\/uploads\\\/2026\\\/01\\\/PSIQUIATRA.avif\",\"articleSection\":[\"Sociedad\"],\"inLanguage\":\"es-AR\",\"potentialAction\":[{\"@type\":\"CommentAction\",\"name\":\"Comment\",\"target\":[\"https:\\\/\\\/vocesdelacomuna15.com.ar\\\/press\\\/me-indicaron-ir-al-psiquiatra-y-ahora-que\\\/#respond\"]}]},{\"@type\":\"WebPage\",\"@id\":\"https:\\\/\\\/vocesdelacomuna15.com.ar\\\/press\\\/me-indicaron-ir-al-psiquiatra-y-ahora-que\\\/\",\"url\":\"https:\\\/\\\/vocesdelacomuna15.com.ar\\\/press\\\/me-indicaron-ir-al-psiquiatra-y-ahora-que\\\/\",\"name\":\"Me indicaron ir al psiquiatra, y ahora qu\u00e9? - Voces de la Comuna 15\",\"isPartOf\":{\"@id\":\"https:\\\/\\\/vocesdelacomuna15.com.ar\\\/press\\\/#website\"},\"primaryImageOfPage\":{\"@id\":\"https:\\\/\\\/vocesdelacomuna15.com.ar\\\/press\\\/me-indicaron-ir-al-psiquiatra-y-ahora-que\\\/#primaryimage\"},\"image\":{\"@id\":\"https:\\\/\\\/vocesdelacomuna15.com.ar\\\/press\\\/me-indicaron-ir-al-psiquiatra-y-ahora-que\\\/#primaryimage\"},\"thumbnailUrl\":\"https:\\\/\\\/vocesdelacomuna15.com.ar\\\/wp-content\\\/uploads\\\/2026\\\/01\\\/PSIQUIATRA.avif\",\"datePublished\":\"2026-01-28T16:04:41+00:00\",\"dateModified\":\"2026-01-28T23:06:02+00:00\",\"description\":\"Voces de la Comuna 15\",\"breadcrumb\":{\"@id\":\"https:\\\/\\\/vocesdelacomuna15.com.ar\\\/press\\\/me-indicaron-ir-al-psiquiatra-y-ahora-que\\\/#breadcrumb\"},\"inLanguage\":\"es-AR\",\"potentialAction\":[{\"@type\":\"ReadAction\",\"target\":[\"https:\\\/\\\/vocesdelacomuna15.com.ar\\\/press\\\/me-indicaron-ir-al-psiquiatra-y-ahora-que\\\/\"]}]},{\"@type\":\"ImageObject\",\"inLanguage\":\"es-AR\",\"@id\":\"https:\\\/\\\/vocesdelacomuna15.com.ar\\\/press\\\/me-indicaron-ir-al-psiquiatra-y-ahora-que\\\/#primaryimage\",\"url\":\"https:\\\/\\\/vocesdelacomuna15.com.ar\\\/wp-content\\\/uploads\\\/2026\\\/01\\\/PSIQUIATRA.avif\",\"contentUrl\":\"https:\\\/\\\/vocesdelacomuna15.com.ar\\\/wp-content\\\/uploads\\\/2026\\\/01\\\/PSIQUIATRA.avif\",\"width\":800,\"height\":533},{\"@type\":\"BreadcrumbList\",\"@id\":\"https:\\\/\\\/vocesdelacomuna15.com.ar\\\/press\\\/me-indicaron-ir-al-psiquiatra-y-ahora-que\\\/#breadcrumb\",\"itemListElement\":[{\"@type\":\"ListItem\",\"position\":1,\"name\":\"Inicio\",\"item\":\"https:\\\/\\\/vocesdelacomuna15.com.ar\\\/press\\\/\"},{\"@type\":\"ListItem\",\"position\":2,\"name\":\"Me indicaron ir al psiquiatra, y ahora qu\u00e9?\"}]},{\"@type\":\"WebSite\",\"@id\":\"https:\\\/\\\/vocesdelacomuna15.com.ar\\\/press\\\/#website\",\"url\":\"https:\\\/\\\/vocesdelacomuna15.com.ar\\\/press\\\/\",\"name\":\"Voces de la Comuna 15\",\"description\":\"Sitio web de noticias\",\"publisher\":{\"@id\":\"https:\\\/\\\/vocesdelacomuna15.com.ar\\\/press\\\/#organization\"},\"potentialAction\":[{\"@type\":\"SearchAction\",\"target\":{\"@type\":\"EntryPoint\",\"urlTemplate\":\"https:\\\/\\\/vocesdelacomuna15.com.ar\\\/press\\\/?s={search_term_string}\"},\"query-input\":{\"@type\":\"PropertyValueSpecification\",\"valueRequired\":true,\"valueName\":\"search_term_string\"}}],\"inLanguage\":\"es-AR\"},{\"@type\":\"Organization\",\"@id\":\"https:\\\/\\\/vocesdelacomuna15.com.ar\\\/press\\\/#organization\",\"name\":\"Voces de la Comuna 15\",\"url\":\"https:\\\/\\\/vocesdelacomuna15.com.ar\\\/press\\\/\",\"logo\":{\"@type\":\"ImageObject\",\"inLanguage\":\"es-AR\",\"@id\":\"https:\\\/\\\/vocesdelacomuna15.com.ar\\\/press\\\/#\\\/schema\\\/logo\\\/image\\\/\",\"url\":\"https:\\\/\\\/vocesdelacomuna15.com.ar\\\/wp-content\\\/uploads\\\/2024\\\/12\\\/cropped-logo_voces.jpg\",\"contentUrl\":\"https:\\\/\\\/vocesdelacomuna15.com.ar\\\/wp-content\\\/uploads\\\/2024\\\/12\\\/cropped-logo_voces.jpg\",\"width\":512,\"height\":512,\"caption\":\"Voces de la Comuna 15\"},\"image\":{\"@id\":\"https:\\\/\\\/vocesdelacomuna15.com.ar\\\/press\\\/#\\\/schema\\\/logo\\\/image\\\/\"},\"sameAs\":[\"https:\\\/\\\/www.facebook.com\\\/VocesComuna15\\\/\",\"https:\\\/\\\/x.com\\\/vocescomuna15\"]},{\"@type\":\"Person\",\"@id\":\"https:\\\/\\\/vocesdelacomuna15.com.ar\\\/press\\\/#\\\/schema\\\/person\\\/4739e109db25d799cd3d139eeb509e43\",\"name\":\"Federico Arguto\",\"image\":{\"@type\":\"ImageObject\",\"inLanguage\":\"es-AR\",\"@id\":\"https:\\\/\\\/vocesdelacomuna15.com.ar\\\/wp-content\\\/litespeed\\\/avatar\\\/82faf979976f1bae889b8b71f8a0a7e5.jpg?ver=1777419741\",\"url\":\"https:\\\/\\\/vocesdelacomuna15.com.ar\\\/wp-content\\\/litespeed\\\/avatar\\\/82faf979976f1bae889b8b71f8a0a7e5.jpg?ver=1777419741\",\"contentUrl\":\"https:\\\/\\\/vocesdelacomuna15.com.ar\\\/wp-content\\\/litespeed\\\/avatar\\\/82faf979976f1bae889b8b71f8a0a7e5.jpg?ver=1777419741\",\"caption\":\"Federico Arguto\"},\"url\":\"https:\\\/\\\/vocesdelacomuna15.com.ar\\\/press\\\/author\\\/fede\\\/\"}]}<\/script>\n<!-- \/ Yoast SEO plugin. -->","yoast_head_json":{"title":"Me indicaron ir al psiquiatra, y ahora qu\u00e9? - Voces de la Comuna 15","description":"Voces de la Comuna 15","robots":{"index":"index","follow":"follow","max-snippet":"max-snippet:-1","max-image-preview":"max-image-preview:large","max-video-preview":"max-video-preview:-1"},"canonical":"https:\/\/vocesdelacomuna15.com.ar\/press\/me-indicaron-ir-al-psiquiatra-y-ahora-que\/","og_locale":"es_ES","og_type":"article","og_title":"Me indicaron ir al psiquiatra, y ahora qu\u00e9? - Voces de la Comuna 15","og_description":"Voces de la Comuna 15","og_url":"https:\/\/vocesdelacomuna15.com.ar\/press\/me-indicaron-ir-al-psiquiatra-y-ahora-que\/","og_site_name":"Voces de la Comuna 15","article_publisher":"https:\/\/www.facebook.com\/VocesComuna15\/","article_published_time":"2026-01-28T16:04:41+00:00","article_modified_time":"2026-01-28T23:06:02+00:00","og_image":[{"width":800,"height":533,"url":"https:\/\/vocesdelacomuna15.com.ar\/wp-content\/uploads\/2026\/01\/PSIQUIATRA.avif","type":"image\/jpeg"}],"author":"Federico Arguto","twitter_card":"summary_large_image","twitter_creator":"@vocescomuna15","twitter_site":"@vocescomuna15","twitter_misc":{"Escrito por":"Federico Arguto","Tiempo de lectura":"4 minutos"},"schema":{"@context":"https:\/\/schema.org","@graph":[{"@type":"Article","@id":"https:\/\/vocesdelacomuna15.com.ar\/press\/me-indicaron-ir-al-psiquiatra-y-ahora-que\/#article","isPartOf":{"@id":"https:\/\/vocesdelacomuna15.com.ar\/press\/me-indicaron-ir-al-psiquiatra-y-ahora-que\/"},"author":{"name":"Federico Arguto","@id":"https:\/\/vocesdelacomuna15.com.ar\/press\/#\/schema\/person\/4739e109db25d799cd3d139eeb509e43"},"headline":"Me indicaron ir al psiquiatra, y ahora qu\u00e9?","datePublished":"2026-01-28T16:04:41+00:00","dateModified":"2026-01-28T23:06:02+00:00","mainEntityOfPage":{"@id":"https:\/\/vocesdelacomuna15.com.ar\/press\/me-indicaron-ir-al-psiquiatra-y-ahora-que\/"},"wordCount":797,"commentCount":0,"publisher":{"@id":"https:\/\/vocesdelacomuna15.com.ar\/press\/#organization"},"image":{"@id":"https:\/\/vocesdelacomuna15.com.ar\/press\/me-indicaron-ir-al-psiquiatra-y-ahora-que\/#primaryimage"},"thumbnailUrl":"https:\/\/vocesdelacomuna15.com.ar\/wp-content\/uploads\/2026\/01\/PSIQUIATRA.avif","articleSection":["Sociedad"],"inLanguage":"es-AR","potentialAction":[{"@type":"CommentAction","name":"Comment","target":["https:\/\/vocesdelacomuna15.com.ar\/press\/me-indicaron-ir-al-psiquiatra-y-ahora-que\/#respond"]}]},{"@type":"WebPage","@id":"https:\/\/vocesdelacomuna15.com.ar\/press\/me-indicaron-ir-al-psiquiatra-y-ahora-que\/","url":"https:\/\/vocesdelacomuna15.com.ar\/press\/me-indicaron-ir-al-psiquiatra-y-ahora-que\/","name":"Me indicaron ir al psiquiatra, y ahora qu\u00e9? - Voces de la Comuna 15","isPartOf":{"@id":"https:\/\/vocesdelacomuna15.com.ar\/press\/#website"},"primaryImageOfPage":{"@id":"https:\/\/vocesdelacomuna15.com.ar\/press\/me-indicaron-ir-al-psiquiatra-y-ahora-que\/#primaryimage"},"image":{"@id":"https:\/\/vocesdelacomuna15.com.ar\/press\/me-indicaron-ir-al-psiquiatra-y-ahora-que\/#primaryimage"},"thumbnailUrl":"https:\/\/vocesdelacomuna15.com.ar\/wp-content\/uploads\/2026\/01\/PSIQUIATRA.avif","datePublished":"2026-01-28T16:04:41+00:00","dateModified":"2026-01-28T23:06:02+00:00","description":"Voces de la Comuna 15","breadcrumb":{"@id":"https:\/\/vocesdelacomuna15.com.ar\/press\/me-indicaron-ir-al-psiquiatra-y-ahora-que\/#breadcrumb"},"inLanguage":"es-AR","potentialAction":[{"@type":"ReadAction","target":["https:\/\/vocesdelacomuna15.com.ar\/press\/me-indicaron-ir-al-psiquiatra-y-ahora-que\/"]}]},{"@type":"ImageObject","inLanguage":"es-AR","@id":"https:\/\/vocesdelacomuna15.com.ar\/press\/me-indicaron-ir-al-psiquiatra-y-ahora-que\/#primaryimage","url":"https:\/\/vocesdelacomuna15.com.ar\/wp-content\/uploads\/2026\/01\/PSIQUIATRA.avif","contentUrl":"https:\/\/vocesdelacomuna15.com.ar\/wp-content\/uploads\/2026\/01\/PSIQUIATRA.avif","width":800,"height":533},{"@type":"BreadcrumbList","@id":"https:\/\/vocesdelacomuna15.com.ar\/press\/me-indicaron-ir-al-psiquiatra-y-ahora-que\/#breadcrumb","itemListElement":[{"@type":"ListItem","position":1,"name":"Inicio","item":"https:\/\/vocesdelacomuna15.com.ar\/press\/"},{"@type":"ListItem","position":2,"name":"Me indicaron ir al psiquiatra, y ahora qu\u00e9?"}]},{"@type":"WebSite","@id":"https:\/\/vocesdelacomuna15.com.ar\/press\/#website","url":"https:\/\/vocesdelacomuna15.com.ar\/press\/","name":"Voces de la Comuna 15","description":"Sitio web de noticias","publisher":{"@id":"https:\/\/vocesdelacomuna15.com.ar\/press\/#organization"},"potentialAction":[{"@type":"SearchAction","target":{"@type":"EntryPoint","urlTemplate":"https:\/\/vocesdelacomuna15.com.ar\/press\/?s={search_term_string}"},"query-input":{"@type":"PropertyValueSpecification","valueRequired":true,"valueName":"search_term_string"}}],"inLanguage":"es-AR"},{"@type":"Organization","@id":"https:\/\/vocesdelacomuna15.com.ar\/press\/#organization","name":"Voces de la Comuna 15","url":"https:\/\/vocesdelacomuna15.com.ar\/press\/","logo":{"@type":"ImageObject","inLanguage":"es-AR","@id":"https:\/\/vocesdelacomuna15.com.ar\/press\/#\/schema\/logo\/image\/","url":"https:\/\/vocesdelacomuna15.com.ar\/wp-content\/uploads\/2024\/12\/cropped-logo_voces.jpg","contentUrl":"https:\/\/vocesdelacomuna15.com.ar\/wp-content\/uploads\/2024\/12\/cropped-logo_voces.jpg","width":512,"height":512,"caption":"Voces de la Comuna 15"},"image":{"@id":"https:\/\/vocesdelacomuna15.com.ar\/press\/#\/schema\/logo\/image\/"},"sameAs":["https:\/\/www.facebook.com\/VocesComuna15\/","https:\/\/x.com\/vocescomuna15"]},{"@type":"Person","@id":"https:\/\/vocesdelacomuna15.com.ar\/press\/#\/schema\/person\/4739e109db25d799cd3d139eeb509e43","name":"Federico Arguto","image":{"@type":"ImageObject","inLanguage":"es-AR","@id":"https:\/\/vocesdelacomuna15.com.ar\/wp-content\/litespeed\/avatar\/82faf979976f1bae889b8b71f8a0a7e5.jpg?ver=1777419741","url":"https:\/\/vocesdelacomuna15.com.ar\/wp-content\/litespeed\/avatar\/82faf979976f1bae889b8b71f8a0a7e5.jpg?ver=1777419741","contentUrl":"https:\/\/vocesdelacomuna15.com.ar\/wp-content\/litespeed\/avatar\/82faf979976f1bae889b8b71f8a0a7e5.jpg?ver=1777419741","caption":"Federico Arguto"},"url":"https:\/\/vocesdelacomuna15.com.ar\/press\/author\/fede\/"}]}},"_links":{"self":[{"href":"https:\/\/vocesdelacomuna15.com.ar\/press\/wp-json\/wp\/v2\/posts\/68975","targetHints":{"allow":["GET"]}}],"collection":[{"href":"https:\/\/vocesdelacomuna15.com.ar\/press\/wp-json\/wp\/v2\/posts"}],"about":[{"href":"https:\/\/vocesdelacomuna15.com.ar\/press\/wp-json\/wp\/v2\/types\/post"}],"author":[{"embeddable":true,"href":"https:\/\/vocesdelacomuna15.com.ar\/press\/wp-json\/wp\/v2\/users\/2"}],"replies":[{"embeddable":true,"href":"https:\/\/vocesdelacomuna15.com.ar\/press\/wp-json\/wp\/v2\/comments?post=68975"}],"version-history":[{"count":1,"href":"https:\/\/vocesdelacomuna15.com.ar\/press\/wp-json\/wp\/v2\/posts\/68975\/revisions"}],"predecessor-version":[{"id":68977,"href":"https:\/\/vocesdelacomuna15.com.ar\/press\/wp-json\/wp\/v2\/posts\/68975\/revisions\/68977"}],"wp:featuredmedia":[{"embeddable":true,"href":"https:\/\/vocesdelacomuna15.com.ar\/press\/wp-json\/wp\/v2\/media\/68976"}],"wp:attachment":[{"href":"https:\/\/vocesdelacomuna15.com.ar\/press\/wp-json\/wp\/v2\/media?parent=68975"}],"wp:term":[{"taxonomy":"category","embeddable":true,"href":"https:\/\/vocesdelacomuna15.com.ar\/press\/wp-json\/wp\/v2\/categories?post=68975"},{"taxonomy":"post_tag","embeddable":true,"href":"https:\/\/vocesdelacomuna15.com.ar\/press\/wp-json\/wp\/v2\/tags?post=68975"}],"curies":[{"name":"wp","href":"https:\/\/api.w.org\/{rel}","templated":true}]}}