{"id":68965,"date":"2026-01-28T12:41:41","date_gmt":"2026-01-28T15:41:41","guid":{"rendered":"https:\/\/vocesdelacomuna15.com.ar\/press\/?p=68965"},"modified":"2026-01-28T12:52:46","modified_gmt":"2026-01-28T15:52:46","slug":"personas-mayores-en-comunidad-se-renueva-simple-la-aplicacion-gratuita-que-reune-cultura-formacion-y-beneficios-de-la-ciudad-en-un-solo-lugar","status":"publish","type":"post","link":"https:\/\/vocesdelacomuna15.com.ar\/press\/personas-mayores-en-comunidad-se-renueva-simple-la-aplicacion-gratuita-que-reune-cultura-formacion-y-beneficios-de-la-ciudad-en-un-solo-lugar\/","title":{"rendered":"Personas mayores en comunidad: Se renueva +Simple, la aplicaci\u00f3n gratuita que re\u00fane cultura, formaci\u00f3n y beneficios de la Ciudad en un solo lugar."},"content":{"rendered":"\n<p>Con una nueva interfaz m\u00e1s intuitiva y contenidos a medida, la aplicaci\u00f3n busca que cada persona mayor pueda disfrutar, aprender, trabajar y participar plenamente de la vida en la Ciudad.<\/p>\n\n\n\n<p>Fuente:\u00a0Prensa SSPMA<\/p>\n\n\n\n<figure class=\"wp-block-image aligncenter size-large is-resized\"><img loading=\"lazy\" decoding=\"async\" width=\"542\" height=\"1024\" src=\"https:\/\/vocesdelacomuna15.com.ar\/wp-content\/uploads\/2026\/01\/1-542x1024.avif\" alt=\"\" class=\"wp-image-68966\" style=\"aspect-ratio:0.5292996758668107;width:315px;height:auto\" srcset=\"https:\/\/vocesdelacomuna15.com.ar\/wp-content\/uploads\/2026\/01\/1-542x1024.avif 542w, https:\/\/vocesdelacomuna15.com.ar\/wp-content\/uploads\/2026\/01\/1-159x300.avif 159w, https:\/\/vocesdelacomuna15.com.ar\/wp-content\/uploads\/2026\/01\/1-768x1451.avif 768w, https:\/\/vocesdelacomuna15.com.ar\/wp-content\/uploads\/2026\/01\/1-813x1536.avif 813w, https:\/\/vocesdelacomuna15.com.ar\/wp-content\/uploads\/2026\/01\/1-1084x2048.avif 1084w, https:\/\/vocesdelacomuna15.com.ar\/wp-content\/uploads\/2026\/01\/1-1080x2040.avif 1080w, https:\/\/vocesdelacomuna15.com.ar\/wp-content\/uploads\/2026\/01\/1-scaled.avif 1355w\" sizes=\"(max-width: 542px) 100vw, 542px\" \/><\/figure>\n\n\n\n<p>La Ciudad de Buenos Aires presenta una nueva versi\u00f3n de +Simple, la aplicaci\u00f3n desarrollada especialmente para personas mayores. Se trata de una actualizaci\u00f3n integral que pone el foco en mejorar la experiencia de uso, la accesibilidad y la navegabilidad, con el objetivo de consolidarla como una herramienta central de acceso a las oportunidades, servicios y propuestas que la Ciudad ofrece para este segmento de la poblaci\u00f3n.<\/p>\n\n\n\n<p>Una actualizaci\u00f3n que suma funcionalidades y mejora la experiencia de uso A comienzos de 2026 se implement\u00f3 una actualizaci\u00f3n integral de la aplicaci\u00f3n, con importantes mejoras orientadas a facilitar su uso y ampliar el acceso a contenidos relevantes para las personas mayores.<\/p>\n\n\n\n<figure class=\"wp-block-image aligncenter size-large is-resized\"><img loading=\"lazy\" decoding=\"async\" width=\"503\" height=\"1024\" src=\"https:\/\/vocesdelacomuna15.com.ar\/wp-content\/uploads\/2026\/01\/2-2-503x1024.avif\" alt=\"\" class=\"wp-image-68970\" style=\"aspect-ratio:0.4912141804666711;width:303px;height:auto\" srcset=\"https:\/\/vocesdelacomuna15.com.ar\/wp-content\/uploads\/2026\/01\/2-2-503x1024.avif 503w, https:\/\/vocesdelacomuna15.com.ar\/wp-content\/uploads\/2026\/01\/2-2-147x300.avif 147w, https:\/\/vocesdelacomuna15.com.ar\/wp-content\/uploads\/2026\/01\/2-2-768x1563.avif 768w, https:\/\/vocesdelacomuna15.com.ar\/wp-content\/uploads\/2026\/01\/2-2-755x1536.avif 755w, https:\/\/vocesdelacomuna15.com.ar\/wp-content\/uploads\/2026\/01\/2-2-1006x2048.avif 1006w, https:\/\/vocesdelacomuna15.com.ar\/wp-content\/uploads\/2026\/01\/2-2-1080x2198.avif 1080w, https:\/\/vocesdelacomuna15.com.ar\/wp-content\/uploads\/2026\/01\/2-2-scaled.avif 1258w\" sizes=\"(max-width: 503px) 100vw, 503px\" \/><\/figure>\n\n\n\n<p>Entre las principales novedades se destacan:<\/p>\n\n\n\n<p>\u25cf Integraci\u00f3n de BOTI en la aplicaci\u00f3n: incorporaci\u00f3n del chatbot de la Ciudad, que permite realizar consultas y resolver tr\u00e1mites desde un \u00fanico canal.<\/p>\n\n\n\n<p>\u25cf Nueva pantalla de inicio: redise\u00f1o con una botonera de accesos directos a las secciones Empleo +50, Voluntariado y Discapacidad, que facilita la navegaci\u00f3n y el acceso r\u00e1pido a contenidos clave.<\/p>\n\n\n\n<p>\u25cf Carrusel de descuentos destacados: visualizaci\u00f3n inmediata de las \u00faltimas novedades en beneficios y promociones al ingresar a la aplicaci\u00f3n.<\/p>\n\n\n\n<p>\u25cf Lectura de pantalla: incorporaci\u00f3n de la funcionalidad de lectura de contenido en voz alta, que mejora la accesibilidad para personas con dificultades visuales y refuerza el enfoque de inclusi\u00f3n digital.<\/p>\n\n\n\n<p>El uso de aplicaciones por parte de las personas mayores se encuentra en crecimiento, aunque persiste una brecha digital significativa. Muchas aplicaciones no est\u00e1n dise\u00f1adas para este p\u00fablico, ya que presentan interfaces complejas y contenidos poco relevantes.<\/p>\n\n\n\n<p>+Simple surge como respuesta directa a esta necesidad, con un enfoque 100 % inclusivo y adaptado.<\/p>\n\n\n\n<p>A trav\u00e9s de la aplicaci\u00f3n, las personas mayores pueden:<\/p>\n\n\n\n<p>\u25cf Participar de la vida cultural y recreativa de la Ciudad mediante una agenda actualizada de espect\u00e1culos, talleres y visitas guiadas.<\/p>\n\n\n\n<p>\u25cf Acceder a beneficios y promociones en salud, gastronom\u00eda, turismo y comercios de cercan\u00eda.<\/p>\n\n\n\n<p>\u25cf Formarse y mantenerse activas a trav\u00e9s de talleres de inclusi\u00f3n digital, cursos de bienestar y contenidos de aprendizaje permanente.<\/p>\n\n\n\n<p>\u25cf Reinsertarse en el mercado laboral mediante el portal Empleo +50, con orientaci\u00f3n profesional y talleres de actualizaci\u00f3n de competencias.<\/p>\n\n\n\n<p>\u25cf Recibir informaci\u00f3n clave sobre servicios p\u00fablicos, alertas de salud, seguridad y movilidad urbana.<\/p>\n\n\n\n<figure class=\"wp-block-image aligncenter size-large is-resized\"><img loading=\"lazy\" decoding=\"async\" width=\"542\" height=\"1024\" src=\"https:\/\/vocesdelacomuna15.com.ar\/wp-content\/uploads\/2026\/01\/3-542x1024.avif\" alt=\"\" class=\"wp-image-68967\" style=\"aspect-ratio:0.5293060050341604;width:323px;height:auto\" srcset=\"https:\/\/vocesdelacomuna15.com.ar\/wp-content\/uploads\/2026\/01\/3-542x1024.avif 542w, https:\/\/vocesdelacomuna15.com.ar\/wp-content\/uploads\/2026\/01\/3-159x300.avif 159w, https:\/\/vocesdelacomuna15.com.ar\/wp-content\/uploads\/2026\/01\/3-768x1451.avif 768w, https:\/\/vocesdelacomuna15.com.ar\/wp-content\/uploads\/2026\/01\/3-813x1536.avif 813w, https:\/\/vocesdelacomuna15.com.ar\/wp-content\/uploads\/2026\/01\/3-1084x2048.avif 1084w, https:\/\/vocesdelacomuna15.com.ar\/wp-content\/uploads\/2026\/01\/3-1080x2040.avif 1080w, https:\/\/vocesdelacomuna15.com.ar\/wp-content\/uploads\/2026\/01\/3-scaled.avif 1355w\" sizes=\"(max-width: 542px) 100vw, 542px\" \/><\/figure>\n\n\n\n<p>Mercedes Joury, Subsecretaria de Personas Mayores del GCBA, se\u00f1al\u00f3: \u201c+Simple es una herramienta pensada para que las personas mayores puedan seguir siendo protagonistas de la Ciudad. No se trata solo de una aplicaci\u00f3n, sino de una puerta de entrada a la participaci\u00f3n, al encuentro con otros, a nuevas oportunidades de formaci\u00f3n, empleo y voluntariado.<\/p>\n\n\n\n<p>Apostamos a la tecnolog\u00eda como aliada para fortalecer la autonom\u00eda, reducir la soledad no deseada y acompa\u00f1ar un envejecimiento activo, con prop\u00f3sito y en comunidad &#8220;.<\/p>\n\n\n\n<p>Desde su lanzamiento, +Simple ya cuenta con m\u00e1s de 125.000 usuarios totales, que generan m\u00e1s de 500.000 impresiones. La aplicaci\u00f3n puede descargarse de forma gratuita en iOS y Android, o utilizarse directamente desde la web: mas-simple-ba.buenosaires.gob.ar.<\/p>\n\n\n\n<p>La iniciativa forma parte de una pol\u00edtica p\u00fablica orientada a promover la inclusi\u00f3n digital, garantizar el acceso a la cultura y contribuir a prevenir la soledad no deseada. En un entorno gratuito, accesible e intuitivo, +Simple integra la oferta cultural, formativa, laboral y de servicios p\u00fablicos disponible en la Ciudad.<\/p>\n\n\n\n<figure class=\"wp-block-image aligncenter size-large is-resized\"><img loading=\"lazy\" decoding=\"async\" width=\"542\" height=\"1024\" src=\"https:\/\/vocesdelacomuna15.com.ar\/wp-content\/uploads\/2026\/01\/5-542x1024.avif\" alt=\"\" class=\"wp-image-68968\" style=\"aspect-ratio:0.5292988994993715;width:322px;height:auto\" srcset=\"https:\/\/vocesdelacomuna15.com.ar\/wp-content\/uploads\/2026\/01\/5-542x1024.avif 542w, https:\/\/vocesdelacomuna15.com.ar\/wp-content\/uploads\/2026\/01\/5-159x300.avif 159w, https:\/\/vocesdelacomuna15.com.ar\/wp-content\/uploads\/2026\/01\/5-768x1451.avif 768w, https:\/\/vocesdelacomuna15.com.ar\/wp-content\/uploads\/2026\/01\/5-813x1536.avif 813w, https:\/\/vocesdelacomuna15.com.ar\/wp-content\/uploads\/2026\/01\/5-1084x2048.avif 1084w, https:\/\/vocesdelacomuna15.com.ar\/wp-content\/uploads\/2026\/01\/5-1080x2040.avif 1080w, https:\/\/vocesdelacomuna15.com.ar\/wp-content\/uploads\/2026\/01\/5-scaled.avif 1355w\" sizes=\"(max-width: 542px) 100vw, 542px\" \/><\/figure>\n\n\n\n<p>Con esta iniciativa, el Gobierno de la Ciudad reafirma su compromiso con la inclusi\u00f3n digital y el bienestar de las personas mayores. Al reconocer a las personas +60 como protagonistas de la vida social y cultural, y brindarles herramientas concretas que fortalezcan su autonom\u00eda, Buenos Aires contin\u00faa consolid\u00e1ndose como una ciudad accesible, participativa y preparada para todas las etapas de la vida.<\/p>\n\n\n\n<p>Caracteres: 3929<\/p>\n<div class=\"pvc_clear\"><\/div><p id=\"pvc_stats_68965\" class=\"pvc_stats all  \" data-element-id=\"68965\" style=\"\"><i class=\"pvc-stats-icon small\" aria-hidden=\"true\"><svg aria-hidden=\"true\" focusable=\"false\" data-prefix=\"far\" data-icon=\"chart-bar\" role=\"img\" xmlns=\"http:\/\/www.w3.org\/2000\/svg\" viewBox=\"0 0 512 512\" class=\"svg-inline--fa fa-chart-bar fa-w-16 fa-2x\"><path fill=\"currentColor\" d=\"M396.8 352h22.4c6.4 0 12.8-6.4 12.8-12.8V108.8c0-6.4-6.4-12.8-12.8-12.8h-22.4c-6.4 0-12.8 6.4-12.8 12.8v230.4c0 6.4 6.4 12.8 12.8 12.8zm-192 0h22.4c6.4 0 12.8-6.4 12.8-12.8V140.8c0-6.4-6.4-12.8-12.8-12.8h-22.4c-6.4 0-12.8 6.4-12.8 12.8v198.4c0 6.4 6.4 12.8 12.8 12.8zm96 0h22.4c6.4 0 12.8-6.4 12.8-12.8V204.8c0-6.4-6.4-12.8-12.8-12.8h-22.4c-6.4 0-12.8 6.4-12.8 12.8v134.4c0 6.4 6.4 12.8 12.8 12.8zM496 400H48V80c0-8.84-7.16-16-16-16H16C7.16 64 0 71.16 0 80v336c0 17.67 14.33 32 32 32h464c8.84 0 16-7.16 16-16v-16c0-8.84-7.16-16-16-16zm-387.2-48h22.4c6.4 0 12.8-6.4 12.8-12.8v-70.4c0-6.4-6.4-12.8-12.8-12.8h-22.4c-6.4 0-12.8 6.4-12.8 12.8v70.4c0 6.4 6.4 12.8 12.8 12.8z\" class=\"\"><\/path><\/svg><\/i> <img loading=\"lazy\" decoding=\"async\" width=\"16\" height=\"16\" alt=\"Loading\" src=\"https:\/\/vocesdelacomuna15.com.ar\/wp-content\/plugins\/page-views-count\/ajax-loader-2x.gif\" border=0 \/><\/p><div class=\"pvc_clear\"><\/div>","protected":false},"excerpt":{"rendered":"<p>Con una nueva interfaz m\u00e1s intuitiva y contenidos a medida, la aplicaci\u00f3n busca que cada persona mayor pueda disfrutar, aprender, trabajar y participar plenamente de la vida en la Ciudad. Fuente:\u00a0Prensa SSPMA La Ciudad de Buenos Aires presenta una nueva versi\u00f3n de +Simple, la aplicaci\u00f3n desarrollada especialmente para personas mayores. Se trata de una actualizaci\u00f3n [&hellip;]<\/p>\n<div class=\"pvc_clear\"><\/div>\n<p id=\"pvc_stats_68965\" class=\"pvc_stats all  \" data-element-id=\"68965\" style=\"\"><i class=\"pvc-stats-icon small\" aria-hidden=\"true\"><svg aria-hidden=\"true\" focusable=\"false\" data-prefix=\"far\" data-icon=\"chart-bar\" role=\"img\" xmlns=\"http:\/\/www.w3.org\/2000\/svg\" viewBox=\"0 0 512 512\" class=\"svg-inline--fa fa-chart-bar fa-w-16 fa-2x\"><path fill=\"currentColor\" d=\"M396.8 352h22.4c6.4 0 12.8-6.4 12.8-12.8V108.8c0-6.4-6.4-12.8-12.8-12.8h-22.4c-6.4 0-12.8 6.4-12.8 12.8v230.4c0 6.4 6.4 12.8 12.8 12.8zm-192 0h22.4c6.4 0 12.8-6.4 12.8-12.8V140.8c0-6.4-6.4-12.8-12.8-12.8h-22.4c-6.4 0-12.8 6.4-12.8 12.8v198.4c0 6.4 6.4 12.8 12.8 12.8zm96 0h22.4c6.4 0 12.8-6.4 12.8-12.8V204.8c0-6.4-6.4-12.8-12.8-12.8h-22.4c-6.4 0-12.8 6.4-12.8 12.8v134.4c0 6.4 6.4 12.8 12.8 12.8zM496 400H48V80c0-8.84-7.16-16-16-16H16C7.16 64 0 71.16 0 80v336c0 17.67 14.33 32 32 32h464c8.84 0 16-7.16 16-16v-16c0-8.84-7.16-16-16-16zm-387.2-48h22.4c6.4 0 12.8-6.4 12.8-12.8v-70.4c0-6.4-6.4-12.8-12.8-12.8h-22.4c-6.4 0-12.8 6.4-12.8 12.8v70.4c0 6.4 6.4 12.8 12.8 12.8z\" class=\"\"><\/path><\/svg><\/i> <img loading=\"lazy\" decoding=\"async\" width=\"16\" height=\"16\" alt=\"Loading\" src=\"https:\/\/vocesdelacomuna15.com.ar\/wp-content\/plugins\/page-views-count\/ajax-loader-2x.gif\" border=0 \/><\/p>\n<div class=\"pvc_clear\"><\/div>\n","protected":false},"author":2,"featured_media":68969,"comment_status":"open","ping_status":"open","sticky":false,"template":"","format":"standard","meta":{"_et_pb_use_builder":"off","_et_pb_old_content":"","_et_gb_content_width":"","footnotes":""},"categories":[26],"tags":[],"class_list":["post-68965","post","type-post","status-publish","format-standard","has-post-thumbnail","hentry","category-ciudad","et-has-post-format-content","et_post_format-et-post-format-standard"],"a3_pvc":{"activated":true,"total_views":14,"today_views":0},"yoast_head":"<!-- This site is optimized with the Yoast SEO plugin v27.5 - https:\/\/yoast.com\/product\/yoast-seo-wordpress\/ -->\n<title>Personas mayores en comunidad: Se renueva +Simple, la aplicaci\u00f3n gratuita que re\u00fane cultura, formaci\u00f3n y beneficios de la Ciudad en un solo lugar. - Voces de la Comuna 15<\/title>\n<meta name=\"description\" content=\"Voces de la Comuna 15\" \/>\n<meta name=\"robots\" content=\"index, follow, max-snippet:-1, max-image-preview:large, max-video-preview:-1\" \/>\n<link rel=\"canonical\" href=\"https:\/\/vocesdelacomuna15.com.ar\/press\/personas-mayores-en-comunidad-se-renueva-simple-la-aplicacion-gratuita-que-reune-cultura-formacion-y-beneficios-de-la-ciudad-en-un-solo-lugar\/\" \/>\n<meta property=\"og:locale\" content=\"es_ES\" \/>\n<meta property=\"og:type\" content=\"article\" \/>\n<meta property=\"og:title\" content=\"Personas mayores en comunidad: Se renueva +Simple, la aplicaci\u00f3n gratuita que re\u00fane cultura, formaci\u00f3n y beneficios de la Ciudad en un solo lugar. - Voces de la Comuna 15\" \/>\n<meta property=\"og:description\" content=\"Voces de la Comuna 15\" \/>\n<meta property=\"og:url\" content=\"https:\/\/vocesdelacomuna15.com.ar\/press\/personas-mayores-en-comunidad-se-renueva-simple-la-aplicacion-gratuita-que-reune-cultura-formacion-y-beneficios-de-la-ciudad-en-un-solo-lugar\/\" \/>\n<meta property=\"og:site_name\" content=\"Voces de la Comuna 15\" \/>\n<meta property=\"article:publisher\" content=\"https:\/\/www.facebook.com\/VocesComuna15\/\" \/>\n<meta property=\"article:published_time\" content=\"2026-01-28T15:41:41+00:00\" \/>\n<meta property=\"article:modified_time\" content=\"2026-01-28T15:52:46+00:00\" \/>\n<meta property=\"og:image\" content=\"https:\/\/vocesdelacomuna15.com.ar\/wp-content\/uploads\/2026\/01\/1-mano.avif\" \/>\n\t<meta property=\"og:image:width\" content=\"700\" \/>\n\t<meta property=\"og:image:height\" content=\"472\" \/>\n\t<meta property=\"og:image:type\" content=\"image\/png\" \/>\n<meta name=\"author\" content=\"Federico Arguto\" \/>\n<meta name=\"twitter:card\" content=\"summary_large_image\" \/>\n<meta name=\"twitter:creator\" content=\"@vocescomuna15\" \/>\n<meta name=\"twitter:site\" content=\"@vocescomuna15\" \/>\n<meta name=\"twitter:label1\" content=\"Escrito por\" \/>\n\t<meta name=\"twitter:data1\" content=\"Federico Arguto\" \/>\n\t<meta name=\"twitter:label2\" content=\"Tiempo de lectura\" \/>\n\t<meta name=\"twitter:data2\" content=\"4 minutos\" \/>\n<script type=\"application\/ld+json\" class=\"yoast-schema-graph\">{\"@context\":\"https:\\\/\\\/schema.org\",\"@graph\":[{\"@type\":\"Article\",\"@id\":\"https:\\\/\\\/vocesdelacomuna15.com.ar\\\/press\\\/personas-mayores-en-comunidad-se-renueva-simple-la-aplicacion-gratuita-que-reune-cultura-formacion-y-beneficios-de-la-ciudad-en-un-solo-lugar\\\/#article\",\"isPartOf\":{\"@id\":\"https:\\\/\\\/vocesdelacomuna15.com.ar\\\/press\\\/personas-mayores-en-comunidad-se-renueva-simple-la-aplicacion-gratuita-que-reune-cultura-formacion-y-beneficios-de-la-ciudad-en-un-solo-lugar\\\/\"},\"author\":{\"name\":\"Federico Arguto\",\"@id\":\"https:\\\/\\\/vocesdelacomuna15.com.ar\\\/press\\\/#\\\/schema\\\/person\\\/4739e109db25d799cd3d139eeb509e43\"},\"headline\":\"Personas mayores en comunidad: Se renueva +Simple, la aplicaci\u00f3n gratuita que re\u00fane cultura, formaci\u00f3n y beneficios de la Ciudad en un solo lugar.\",\"datePublished\":\"2026-01-28T15:41:41+00:00\",\"dateModified\":\"2026-01-28T15:52:46+00:00\",\"mainEntityOfPage\":{\"@id\":\"https:\\\/\\\/vocesdelacomuna15.com.ar\\\/press\\\/personas-mayores-en-comunidad-se-renueva-simple-la-aplicacion-gratuita-que-reune-cultura-formacion-y-beneficios-de-la-ciudad-en-un-solo-lugar\\\/\"},\"wordCount\":697,\"commentCount\":0,\"publisher\":{\"@id\":\"https:\\\/\\\/vocesdelacomuna15.com.ar\\\/press\\\/#organization\"},\"image\":{\"@id\":\"https:\\\/\\\/vocesdelacomuna15.com.ar\\\/press\\\/personas-mayores-en-comunidad-se-renueva-simple-la-aplicacion-gratuita-que-reune-cultura-formacion-y-beneficios-de-la-ciudad-en-un-solo-lugar\\\/#primaryimage\"},\"thumbnailUrl\":\"https:\\\/\\\/vocesdelacomuna15.com.ar\\\/wp-content\\\/uploads\\\/2026\\\/01\\\/1-mano.avif\",\"articleSection\":[\"Ciudad\"],\"inLanguage\":\"es-AR\",\"potentialAction\":[{\"@type\":\"CommentAction\",\"name\":\"Comment\",\"target\":[\"https:\\\/\\\/vocesdelacomuna15.com.ar\\\/press\\\/personas-mayores-en-comunidad-se-renueva-simple-la-aplicacion-gratuita-que-reune-cultura-formacion-y-beneficios-de-la-ciudad-en-un-solo-lugar\\\/#respond\"]}]},{\"@type\":\"WebPage\",\"@id\":\"https:\\\/\\\/vocesdelacomuna15.com.ar\\\/press\\\/personas-mayores-en-comunidad-se-renueva-simple-la-aplicacion-gratuita-que-reune-cultura-formacion-y-beneficios-de-la-ciudad-en-un-solo-lugar\\\/\",\"url\":\"https:\\\/\\\/vocesdelacomuna15.com.ar\\\/press\\\/personas-mayores-en-comunidad-se-renueva-simple-la-aplicacion-gratuita-que-reune-cultura-formacion-y-beneficios-de-la-ciudad-en-un-solo-lugar\\\/\",\"name\":\"Personas mayores en comunidad: Se renueva +Simple, la aplicaci\u00f3n gratuita que re\u00fane cultura, formaci\u00f3n y beneficios de la Ciudad en un solo lugar. - Voces de la Comuna 15\",\"isPartOf\":{\"@id\":\"https:\\\/\\\/vocesdelacomuna15.com.ar\\\/press\\\/#website\"},\"primaryImageOfPage\":{\"@id\":\"https:\\\/\\\/vocesdelacomuna15.com.ar\\\/press\\\/personas-mayores-en-comunidad-se-renueva-simple-la-aplicacion-gratuita-que-reune-cultura-formacion-y-beneficios-de-la-ciudad-en-un-solo-lugar\\\/#primaryimage\"},\"image\":{\"@id\":\"https:\\\/\\\/vocesdelacomuna15.com.ar\\\/press\\\/personas-mayores-en-comunidad-se-renueva-simple-la-aplicacion-gratuita-que-reune-cultura-formacion-y-beneficios-de-la-ciudad-en-un-solo-lugar\\\/#primaryimage\"},\"thumbnailUrl\":\"https:\\\/\\\/vocesdelacomuna15.com.ar\\\/wp-content\\\/uploads\\\/2026\\\/01\\\/1-mano.avif\",\"datePublished\":\"2026-01-28T15:41:41+00:00\",\"dateModified\":\"2026-01-28T15:52:46+00:00\",\"description\":\"Voces de la Comuna 15\",\"breadcrumb\":{\"@id\":\"https:\\\/\\\/vocesdelacomuna15.com.ar\\\/press\\\/personas-mayores-en-comunidad-se-renueva-simple-la-aplicacion-gratuita-que-reune-cultura-formacion-y-beneficios-de-la-ciudad-en-un-solo-lugar\\\/#breadcrumb\"},\"inLanguage\":\"es-AR\",\"potentialAction\":[{\"@type\":\"ReadAction\",\"target\":[\"https:\\\/\\\/vocesdelacomuna15.com.ar\\\/press\\\/personas-mayores-en-comunidad-se-renueva-simple-la-aplicacion-gratuita-que-reune-cultura-formacion-y-beneficios-de-la-ciudad-en-un-solo-lugar\\\/\"]}]},{\"@type\":\"ImageObject\",\"inLanguage\":\"es-AR\",\"@id\":\"https:\\\/\\\/vocesdelacomuna15.com.ar\\\/press\\\/personas-mayores-en-comunidad-se-renueva-simple-la-aplicacion-gratuita-que-reune-cultura-formacion-y-beneficios-de-la-ciudad-en-un-solo-lugar\\\/#primaryimage\",\"url\":\"https:\\\/\\\/vocesdelacomuna15.com.ar\\\/wp-content\\\/uploads\\\/2026\\\/01\\\/1-mano.avif\",\"contentUrl\":\"https:\\\/\\\/vocesdelacomuna15.com.ar\\\/wp-content\\\/uploads\\\/2026\\\/01\\\/1-mano.avif\",\"width\":700,\"height\":472},{\"@type\":\"BreadcrumbList\",\"@id\":\"https:\\\/\\\/vocesdelacomuna15.com.ar\\\/press\\\/personas-mayores-en-comunidad-se-renueva-simple-la-aplicacion-gratuita-que-reune-cultura-formacion-y-beneficios-de-la-ciudad-en-un-solo-lugar\\\/#breadcrumb\",\"itemListElement\":[{\"@type\":\"ListItem\",\"position\":1,\"name\":\"Inicio\",\"item\":\"https:\\\/\\\/vocesdelacomuna15.com.ar\\\/press\\\/\"},{\"@type\":\"ListItem\",\"position\":2,\"name\":\"Personas mayores en comunidad: Se renueva +Simple, la aplicaci\u00f3n gratuita que re\u00fane cultura, formaci\u00f3n y beneficios de la Ciudad en un solo lugar.\"}]},{\"@type\":\"WebSite\",\"@id\":\"https:\\\/\\\/vocesdelacomuna15.com.ar\\\/press\\\/#website\",\"url\":\"https:\\\/\\\/vocesdelacomuna15.com.ar\\\/press\\\/\",\"name\":\"Voces de la Comuna 15\",\"description\":\"Sitio web de noticias\",\"publisher\":{\"@id\":\"https:\\\/\\\/vocesdelacomuna15.com.ar\\\/press\\\/#organization\"},\"potentialAction\":[{\"@type\":\"SearchAction\",\"target\":{\"@type\":\"EntryPoint\",\"urlTemplate\":\"https:\\\/\\\/vocesdelacomuna15.com.ar\\\/press\\\/?s={search_term_string}\"},\"query-input\":{\"@type\":\"PropertyValueSpecification\",\"valueRequired\":true,\"valueName\":\"search_term_string\"}}],\"inLanguage\":\"es-AR\"},{\"@type\":\"Organization\",\"@id\":\"https:\\\/\\\/vocesdelacomuna15.com.ar\\\/press\\\/#organization\",\"name\":\"Voces de la Comuna 15\",\"url\":\"https:\\\/\\\/vocesdelacomuna15.com.ar\\\/press\\\/\",\"logo\":{\"@type\":\"ImageObject\",\"inLanguage\":\"es-AR\",\"@id\":\"https:\\\/\\\/vocesdelacomuna15.com.ar\\\/press\\\/#\\\/schema\\\/logo\\\/image\\\/\",\"url\":\"https:\\\/\\\/vocesdelacomuna15.com.ar\\\/wp-content\\\/uploads\\\/2024\\\/12\\\/cropped-logo_voces.jpg\",\"contentUrl\":\"https:\\\/\\\/vocesdelacomuna15.com.ar\\\/wp-content\\\/uploads\\\/2024\\\/12\\\/cropped-logo_voces.jpg\",\"width\":512,\"height\":512,\"caption\":\"Voces de la Comuna 15\"},\"image\":{\"@id\":\"https:\\\/\\\/vocesdelacomuna15.com.ar\\\/press\\\/#\\\/schema\\\/logo\\\/image\\\/\"},\"sameAs\":[\"https:\\\/\\\/www.facebook.com\\\/VocesComuna15\\\/\",\"https:\\\/\\\/x.com\\\/vocescomuna15\"]},{\"@type\":\"Person\",\"@id\":\"https:\\\/\\\/vocesdelacomuna15.com.ar\\\/press\\\/#\\\/schema\\\/person\\\/4739e109db25d799cd3d139eeb509e43\",\"name\":\"Federico Arguto\",\"image\":{\"@type\":\"ImageObject\",\"inLanguage\":\"es-AR\",\"@id\":\"https:\\\/\\\/vocesdelacomuna15.com.ar\\\/wp-content\\\/litespeed\\\/avatar\\\/82faf979976f1bae889b8b71f8a0a7e5.jpg?ver=1777419741\",\"url\":\"https:\\\/\\\/vocesdelacomuna15.com.ar\\\/wp-content\\\/litespeed\\\/avatar\\\/82faf979976f1bae889b8b71f8a0a7e5.jpg?ver=1777419741\",\"contentUrl\":\"https:\\\/\\\/vocesdelacomuna15.com.ar\\\/wp-content\\\/litespeed\\\/avatar\\\/82faf979976f1bae889b8b71f8a0a7e5.jpg?ver=1777419741\",\"caption\":\"Federico Arguto\"},\"url\":\"https:\\\/\\\/vocesdelacomuna15.com.ar\\\/press\\\/author\\\/fede\\\/\"}]}<\/script>\n<!-- \/ Yoast SEO plugin. -->","yoast_head_json":{"title":"Personas mayores en comunidad: Se renueva +Simple, la aplicaci\u00f3n gratuita que re\u00fane cultura, formaci\u00f3n y beneficios de la Ciudad en un solo lugar. - Voces de la Comuna 15","description":"Voces de la Comuna 15","robots":{"index":"index","follow":"follow","max-snippet":"max-snippet:-1","max-image-preview":"max-image-preview:large","max-video-preview":"max-video-preview:-1"},"canonical":"https:\/\/vocesdelacomuna15.com.ar\/press\/personas-mayores-en-comunidad-se-renueva-simple-la-aplicacion-gratuita-que-reune-cultura-formacion-y-beneficios-de-la-ciudad-en-un-solo-lugar\/","og_locale":"es_ES","og_type":"article","og_title":"Personas mayores en comunidad: Se renueva +Simple, la aplicaci\u00f3n gratuita que re\u00fane cultura, formaci\u00f3n y beneficios de la Ciudad en un solo lugar. - Voces de la Comuna 15","og_description":"Voces de la Comuna 15","og_url":"https:\/\/vocesdelacomuna15.com.ar\/press\/personas-mayores-en-comunidad-se-renueva-simple-la-aplicacion-gratuita-que-reune-cultura-formacion-y-beneficios-de-la-ciudad-en-un-solo-lugar\/","og_site_name":"Voces de la Comuna 15","article_publisher":"https:\/\/www.facebook.com\/VocesComuna15\/","article_published_time":"2026-01-28T15:41:41+00:00","article_modified_time":"2026-01-28T15:52:46+00:00","og_image":[{"width":700,"height":472,"url":"https:\/\/vocesdelacomuna15.com.ar\/wp-content\/uploads\/2026\/01\/1-mano.avif","type":"image\/png"}],"author":"Federico Arguto","twitter_card":"summary_large_image","twitter_creator":"@vocescomuna15","twitter_site":"@vocescomuna15","twitter_misc":{"Escrito por":"Federico Arguto","Tiempo de lectura":"4 minutos"},"schema":{"@context":"https:\/\/schema.org","@graph":[{"@type":"Article","@id":"https:\/\/vocesdelacomuna15.com.ar\/press\/personas-mayores-en-comunidad-se-renueva-simple-la-aplicacion-gratuita-que-reune-cultura-formacion-y-beneficios-de-la-ciudad-en-un-solo-lugar\/#article","isPartOf":{"@id":"https:\/\/vocesdelacomuna15.com.ar\/press\/personas-mayores-en-comunidad-se-renueva-simple-la-aplicacion-gratuita-que-reune-cultura-formacion-y-beneficios-de-la-ciudad-en-un-solo-lugar\/"},"author":{"name":"Federico Arguto","@id":"https:\/\/vocesdelacomuna15.com.ar\/press\/#\/schema\/person\/4739e109db25d799cd3d139eeb509e43"},"headline":"Personas mayores en comunidad: Se renueva +Simple, la aplicaci\u00f3n gratuita que re\u00fane cultura, formaci\u00f3n y beneficios de la Ciudad en un solo lugar.","datePublished":"2026-01-28T15:41:41+00:00","dateModified":"2026-01-28T15:52:46+00:00","mainEntityOfPage":{"@id":"https:\/\/vocesdelacomuna15.com.ar\/press\/personas-mayores-en-comunidad-se-renueva-simple-la-aplicacion-gratuita-que-reune-cultura-formacion-y-beneficios-de-la-ciudad-en-un-solo-lugar\/"},"wordCount":697,"commentCount":0,"publisher":{"@id":"https:\/\/vocesdelacomuna15.com.ar\/press\/#organization"},"image":{"@id":"https:\/\/vocesdelacomuna15.com.ar\/press\/personas-mayores-en-comunidad-se-renueva-simple-la-aplicacion-gratuita-que-reune-cultura-formacion-y-beneficios-de-la-ciudad-en-un-solo-lugar\/#primaryimage"},"thumbnailUrl":"https:\/\/vocesdelacomuna15.com.ar\/wp-content\/uploads\/2026\/01\/1-mano.avif","articleSection":["Ciudad"],"inLanguage":"es-AR","potentialAction":[{"@type":"CommentAction","name":"Comment","target":["https:\/\/vocesdelacomuna15.com.ar\/press\/personas-mayores-en-comunidad-se-renueva-simple-la-aplicacion-gratuita-que-reune-cultura-formacion-y-beneficios-de-la-ciudad-en-un-solo-lugar\/#respond"]}]},{"@type":"WebPage","@id":"https:\/\/vocesdelacomuna15.com.ar\/press\/personas-mayores-en-comunidad-se-renueva-simple-la-aplicacion-gratuita-que-reune-cultura-formacion-y-beneficios-de-la-ciudad-en-un-solo-lugar\/","url":"https:\/\/vocesdelacomuna15.com.ar\/press\/personas-mayores-en-comunidad-se-renueva-simple-la-aplicacion-gratuita-que-reune-cultura-formacion-y-beneficios-de-la-ciudad-en-un-solo-lugar\/","name":"Personas mayores en comunidad: Se renueva +Simple, la aplicaci\u00f3n gratuita que re\u00fane cultura, formaci\u00f3n y beneficios de la Ciudad en un solo lugar. - Voces de la Comuna 15","isPartOf":{"@id":"https:\/\/vocesdelacomuna15.com.ar\/press\/#website"},"primaryImageOfPage":{"@id":"https:\/\/vocesdelacomuna15.com.ar\/press\/personas-mayores-en-comunidad-se-renueva-simple-la-aplicacion-gratuita-que-reune-cultura-formacion-y-beneficios-de-la-ciudad-en-un-solo-lugar\/#primaryimage"},"image":{"@id":"https:\/\/vocesdelacomuna15.com.ar\/press\/personas-mayores-en-comunidad-se-renueva-simple-la-aplicacion-gratuita-que-reune-cultura-formacion-y-beneficios-de-la-ciudad-en-un-solo-lugar\/#primaryimage"},"thumbnailUrl":"https:\/\/vocesdelacomuna15.com.ar\/wp-content\/uploads\/2026\/01\/1-mano.avif","datePublished":"2026-01-28T15:41:41+00:00","dateModified":"2026-01-28T15:52:46+00:00","description":"Voces de la Comuna 15","breadcrumb":{"@id":"https:\/\/vocesdelacomuna15.com.ar\/press\/personas-mayores-en-comunidad-se-renueva-simple-la-aplicacion-gratuita-que-reune-cultura-formacion-y-beneficios-de-la-ciudad-en-un-solo-lugar\/#breadcrumb"},"inLanguage":"es-AR","potentialAction":[{"@type":"ReadAction","target":["https:\/\/vocesdelacomuna15.com.ar\/press\/personas-mayores-en-comunidad-se-renueva-simple-la-aplicacion-gratuita-que-reune-cultura-formacion-y-beneficios-de-la-ciudad-en-un-solo-lugar\/"]}]},{"@type":"ImageObject","inLanguage":"es-AR","@id":"https:\/\/vocesdelacomuna15.com.ar\/press\/personas-mayores-en-comunidad-se-renueva-simple-la-aplicacion-gratuita-que-reune-cultura-formacion-y-beneficios-de-la-ciudad-en-un-solo-lugar\/#primaryimage","url":"https:\/\/vocesdelacomuna15.com.ar\/wp-content\/uploads\/2026\/01\/1-mano.avif","contentUrl":"https:\/\/vocesdelacomuna15.com.ar\/wp-content\/uploads\/2026\/01\/1-mano.avif","width":700,"height":472},{"@type":"BreadcrumbList","@id":"https:\/\/vocesdelacomuna15.com.ar\/press\/personas-mayores-en-comunidad-se-renueva-simple-la-aplicacion-gratuita-que-reune-cultura-formacion-y-beneficios-de-la-ciudad-en-un-solo-lugar\/#breadcrumb","itemListElement":[{"@type":"ListItem","position":1,"name":"Inicio","item":"https:\/\/vocesdelacomuna15.com.ar\/press\/"},{"@type":"ListItem","position":2,"name":"Personas mayores en comunidad: Se renueva +Simple, la aplicaci\u00f3n gratuita que re\u00fane cultura, formaci\u00f3n y beneficios de la Ciudad en un solo lugar."}]},{"@type":"WebSite","@id":"https:\/\/vocesdelacomuna15.com.ar\/press\/#website","url":"https:\/\/vocesdelacomuna15.com.ar\/press\/","name":"Voces de la Comuna 15","description":"Sitio web de noticias","publisher":{"@id":"https:\/\/vocesdelacomuna15.com.ar\/press\/#organization"},"potentialAction":[{"@type":"SearchAction","target":{"@type":"EntryPoint","urlTemplate":"https:\/\/vocesdelacomuna15.com.ar\/press\/?s={search_term_string}"},"query-input":{"@type":"PropertyValueSpecification","valueRequired":true,"valueName":"search_term_string"}}],"inLanguage":"es-AR"},{"@type":"Organization","@id":"https:\/\/vocesdelacomuna15.com.ar\/press\/#organization","name":"Voces de la Comuna 15","url":"https:\/\/vocesdelacomuna15.com.ar\/press\/","logo":{"@type":"ImageObject","inLanguage":"es-AR","@id":"https:\/\/vocesdelacomuna15.com.ar\/press\/#\/schema\/logo\/image\/","url":"https:\/\/vocesdelacomuna15.com.ar\/wp-content\/uploads\/2024\/12\/cropped-logo_voces.jpg","contentUrl":"https:\/\/vocesdelacomuna15.com.ar\/wp-content\/uploads\/2024\/12\/cropped-logo_voces.jpg","width":512,"height":512,"caption":"Voces de la Comuna 15"},"image":{"@id":"https:\/\/vocesdelacomuna15.com.ar\/press\/#\/schema\/logo\/image\/"},"sameAs":["https:\/\/www.facebook.com\/VocesComuna15\/","https:\/\/x.com\/vocescomuna15"]},{"@type":"Person","@id":"https:\/\/vocesdelacomuna15.com.ar\/press\/#\/schema\/person\/4739e109db25d799cd3d139eeb509e43","name":"Federico Arguto","image":{"@type":"ImageObject","inLanguage":"es-AR","@id":"https:\/\/vocesdelacomuna15.com.ar\/wp-content\/litespeed\/avatar\/82faf979976f1bae889b8b71f8a0a7e5.jpg?ver=1777419741","url":"https:\/\/vocesdelacomuna15.com.ar\/wp-content\/litespeed\/avatar\/82faf979976f1bae889b8b71f8a0a7e5.jpg?ver=1777419741","contentUrl":"https:\/\/vocesdelacomuna15.com.ar\/wp-content\/litespeed\/avatar\/82faf979976f1bae889b8b71f8a0a7e5.jpg?ver=1777419741","caption":"Federico Arguto"},"url":"https:\/\/vocesdelacomuna15.com.ar\/press\/author\/fede\/"}]}},"_links":{"self":[{"href":"https:\/\/vocesdelacomuna15.com.ar\/press\/wp-json\/wp\/v2\/posts\/68965","targetHints":{"allow":["GET"]}}],"collection":[{"href":"https:\/\/vocesdelacomuna15.com.ar\/press\/wp-json\/wp\/v2\/posts"}],"about":[{"href":"https:\/\/vocesdelacomuna15.com.ar\/press\/wp-json\/wp\/v2\/types\/post"}],"author":[{"embeddable":true,"href":"https:\/\/vocesdelacomuna15.com.ar\/press\/wp-json\/wp\/v2\/users\/2"}],"replies":[{"embeddable":true,"href":"https:\/\/vocesdelacomuna15.com.ar\/press\/wp-json\/wp\/v2\/comments?post=68965"}],"version-history":[{"count":2,"href":"https:\/\/vocesdelacomuna15.com.ar\/press\/wp-json\/wp\/v2\/posts\/68965\/revisions"}],"predecessor-version":[{"id":68974,"href":"https:\/\/vocesdelacomuna15.com.ar\/press\/wp-json\/wp\/v2\/posts\/68965\/revisions\/68974"}],"wp:featuredmedia":[{"embeddable":true,"href":"https:\/\/vocesdelacomuna15.com.ar\/press\/wp-json\/wp\/v2\/media\/68969"}],"wp:attachment":[{"href":"https:\/\/vocesdelacomuna15.com.ar\/press\/wp-json\/wp\/v2\/media?parent=68965"}],"wp:term":[{"taxonomy":"category","embeddable":true,"href":"https:\/\/vocesdelacomuna15.com.ar\/press\/wp-json\/wp\/v2\/categories?post=68965"},{"taxonomy":"post_tag","embeddable":true,"href":"https:\/\/vocesdelacomuna15.com.ar\/press\/wp-json\/wp\/v2\/tags?post=68965"}],"curies":[{"name":"wp","href":"https:\/\/api.w.org\/{rel}","templated":true}]}}