{"id":68938,"date":"2026-01-23T17:04:31","date_gmt":"2026-01-23T20:04:31","guid":{"rendered":"https:\/\/vocesdelacomuna15.com.ar\/press\/?p=68938"},"modified":"2026-01-23T17:04:33","modified_gmt":"2026-01-23T20:04:33","slug":"por-que-cambiara-de-nombre-la-historia-de-lucha-detras-de-una-estacion-del-metrobus-san-martin","status":"publish","type":"post","link":"https:\/\/vocesdelacomuna15.com.ar\/press\/por-que-cambiara-de-nombre-la-historia-de-lucha-detras-de-una-estacion-del-metrobus-san-martin\/","title":{"rendered":"\u00bfPor qu\u00e9 cambiar\u00e1 de nombre? La historia de lucha detr\u00e1s de una estaci\u00f3n del Metrob\u00fas San Mart\u00edn"},"content":{"rendered":"\n<p>Fuente: https:\/\/villadelparqueinfo.com.ar\/<\/p>\n\n\n\n<p>La Legislatura porte\u00f1a aprob\u00f3 renombrar como\u00a0<strong>\u00abCiencias Veterinarias\u00bb<\/strong>\u00a0a la actual estaci\u00f3n\u00a0<strong>\u00abEmpedrado\u00bb<\/strong>\u00a0del Metrob\u00fas San Mart\u00edn. Ubicada en el l\u00edmite estrat\u00e9gico entre\u00a0<strong>Villa del Parque y Agronom\u00eda<\/strong>\u00a0(frontera de las Comunas 11 y 15), la medida impulsada por la Comisi\u00f3n de Cultura busca dar mayor precisi\u00f3n geogr\u00e1fica y reconocimiento institucional a esta intersecci\u00f3n fundamental de la Avenida San Mart\u00edn.<\/p>\n\n\n\n<h3 class=\"wp-block-heading\"><strong>Precisi\u00f3n geogr\u00e1fica y autonom\u00eda universitaria<\/strong><\/h3>\n\n\n\n<p>La estaci\u00f3n en cuesti\u00f3n se encuentra ubicada entre las calles Basilio Cittadini y General Rivas, un sector que&nbsp;<strong>linda directamente con el predio de la Facultad de Ciencias Veterinarias<\/strong>&nbsp;de la Universidad de Buenos Aires (UBA). Seg\u00fan los fundamentos del despacho, los l\u00edmites de esta facultad abarcan desde la l\u00ednea media de la Avenida de las Casuarinas hasta la Avenida Chorroar\u00edn, incluyendo las v\u00edas del Ferrocarril Urquiza.<\/p>\n\n\n\n<figure class=\"wp-block-image\"><img decoding=\"async\" src=\"https:\/\/villadelparqueinfo.com.ar\/wp-content\/uploads\/2026\/01\/estacion-veterinarias-3.jpg\" alt=\"Estaci\u00f3n Metrobus Veterinaria\" class=\"wp-image-21463\"\/><\/figure>\n\n\n\n<p>El cambio de nombre responde a la necesidad de distinguir esta instituci\u00f3n de la Facultad de Agronom\u00eda. Si bien ya existe una estaci\u00f3n denominada \u00abAgronom\u00eda\u00bb cerca de la entrada com\u00fan de ambas facultades, la Legislatura destac\u00f3 que se trata de&nbsp;<strong>dos casas de estudios separadas y aut\u00f3nomas<\/strong>.<\/p>\n\n\n\n<h3 class=\"wp-block-heading\"><strong>Un homenaje a la lucha estudiantil de 1972<\/strong><\/h3>\n\n\n\n<p>M\u00e1s all\u00e1 de la ubicaci\u00f3n, la nueva denominaci\u00f3n posee un profundo&nbsp;<strong>trasfondo hist\u00f3rico<\/strong>. El proyecto reivindica la&nbsp;<strong>protesta estudiantil que comenz\u00f3 el 28 de agosto de 1972<\/strong>, cuando alumnos de la entonces Escuela de Veterinaria reclamaron la separaci\u00f3n de las carreras de Agronom\u00eda y Veterinaria.<\/p>\n\n\n\n<p>Aquel movimiento incluy\u00f3 movilizaciones a Plaza de Mayo, el dictado de clases p\u00fablicas e incluso una&nbsp;<strong>huelga de hambre<\/strong>&nbsp;iniciada por 21 alumnos y dos docentes en septiembre de ese a\u00f1o. El objetivo de estas acciones era&nbsp;<strong>jerarquizar el contenido social de la carrera<\/strong>&nbsp;y enfatizar su contribuci\u00f3n a la salud p\u00fablica y la econom\u00eda nacional.<\/p>\n\n\n\n<h3 class=\"wp-block-heading\"><strong>Respaldo legislativo y actualizaci\u00f3n de se\u00f1ales<\/strong><\/h3>\n\n\n\n<p>La propuesta cont\u00f3 con el aval de la Comisi\u00f3n Permanente de Nomenclatura Urbana, cumpliendo con la Ley N\u00ba 83 que exige&nbsp;<strong>razones institucionales e hist\u00f3ricas s\u00f3lidas<\/strong>&nbsp;para modificar nombres de espacios p\u00fablicos. En la votaci\u00f3n, la iniciativa recibi\u00f3 un&nbsp;<strong>amplio apoyo de diversos bloques<\/strong>, incluyendo 17 votos afirmativos de Uni\u00f3n por la Patria, 10 de Vamos por m\u00e1s, 8 de La Libertad Avanza y 5 de UCR\/Evoluci\u00f3n, entre otros.<\/p>\n\n\n\n<p>Tras la sanci\u00f3n definitiva, el Poder Ejecutivo de la Ciudad ser\u00e1 el responsable de&nbsp;<strong>modificar y actualizar toda la se\u00f1alizaci\u00f3n<\/strong>, tanto en formatos virtuales como anal\u00f3gicos, para que concuerden con el nuevo nombre de la parada.<\/p>\n\n\n\n<p>Caracteres: 2520<\/p>\n<div class=\"pvc_clear\"><\/div><p id=\"pvc_stats_68938\" class=\"pvc_stats all  \" data-element-id=\"68938\" style=\"\"><i class=\"pvc-stats-icon small\" aria-hidden=\"true\"><svg aria-hidden=\"true\" focusable=\"false\" data-prefix=\"far\" data-icon=\"chart-bar\" role=\"img\" xmlns=\"http:\/\/www.w3.org\/2000\/svg\" viewBox=\"0 0 512 512\" class=\"svg-inline--fa fa-chart-bar fa-w-16 fa-2x\"><path fill=\"currentColor\" d=\"M396.8 352h22.4c6.4 0 12.8-6.4 12.8-12.8V108.8c0-6.4-6.4-12.8-12.8-12.8h-22.4c-6.4 0-12.8 6.4-12.8 12.8v230.4c0 6.4 6.4 12.8 12.8 12.8zm-192 0h22.4c6.4 0 12.8-6.4 12.8-12.8V140.8c0-6.4-6.4-12.8-12.8-12.8h-22.4c-6.4 0-12.8 6.4-12.8 12.8v198.4c0 6.4 6.4 12.8 12.8 12.8zm96 0h22.4c6.4 0 12.8-6.4 12.8-12.8V204.8c0-6.4-6.4-12.8-12.8-12.8h-22.4c-6.4 0-12.8 6.4-12.8 12.8v134.4c0 6.4 6.4 12.8 12.8 12.8zM496 400H48V80c0-8.84-7.16-16-16-16H16C7.16 64 0 71.16 0 80v336c0 17.67 14.33 32 32 32h464c8.84 0 16-7.16 16-16v-16c0-8.84-7.16-16-16-16zm-387.2-48h22.4c6.4 0 12.8-6.4 12.8-12.8v-70.4c0-6.4-6.4-12.8-12.8-12.8h-22.4c-6.4 0-12.8 6.4-12.8 12.8v70.4c0 6.4 6.4 12.8 12.8 12.8z\" class=\"\"><\/path><\/svg><\/i> <img loading=\"lazy\" decoding=\"async\" width=\"16\" height=\"16\" alt=\"Loading\" src=\"https:\/\/vocesdelacomuna15.com.ar\/wp-content\/plugins\/page-views-count\/ajax-loader-2x.gif\" border=0 \/><\/p><div class=\"pvc_clear\"><\/div>","protected":false},"excerpt":{"rendered":"<p>Fuente: https:\/\/villadelparqueinfo.com.ar\/ La Legislatura porte\u00f1a aprob\u00f3 renombrar como\u00a0\u00abCiencias Veterinarias\u00bb\u00a0a la actual estaci\u00f3n\u00a0\u00abEmpedrado\u00bb\u00a0del Metrob\u00fas San Mart\u00edn. Ubicada en el l\u00edmite estrat\u00e9gico entre\u00a0Villa del Parque y Agronom\u00eda\u00a0(frontera de las Comunas 11 y 15), la medida impulsada por la Comisi\u00f3n de Cultura busca dar mayor precisi\u00f3n geogr\u00e1fica y reconocimiento institucional a esta intersecci\u00f3n fundamental de la Avenida San [&hellip;]<\/p>\n<div class=\"pvc_clear\"><\/div>\n<p id=\"pvc_stats_68938\" class=\"pvc_stats all  \" data-element-id=\"68938\" style=\"\"><i class=\"pvc-stats-icon small\" aria-hidden=\"true\"><svg aria-hidden=\"true\" focusable=\"false\" data-prefix=\"far\" data-icon=\"chart-bar\" role=\"img\" xmlns=\"http:\/\/www.w3.org\/2000\/svg\" viewBox=\"0 0 512 512\" class=\"svg-inline--fa fa-chart-bar fa-w-16 fa-2x\"><path fill=\"currentColor\" d=\"M396.8 352h22.4c6.4 0 12.8-6.4 12.8-12.8V108.8c0-6.4-6.4-12.8-12.8-12.8h-22.4c-6.4 0-12.8 6.4-12.8 12.8v230.4c0 6.4 6.4 12.8 12.8 12.8zm-192 0h22.4c6.4 0 12.8-6.4 12.8-12.8V140.8c0-6.4-6.4-12.8-12.8-12.8h-22.4c-6.4 0-12.8 6.4-12.8 12.8v198.4c0 6.4 6.4 12.8 12.8 12.8zm96 0h22.4c6.4 0 12.8-6.4 12.8-12.8V204.8c0-6.4-6.4-12.8-12.8-12.8h-22.4c-6.4 0-12.8 6.4-12.8 12.8v134.4c0 6.4 6.4 12.8 12.8 12.8zM496 400H48V80c0-8.84-7.16-16-16-16H16C7.16 64 0 71.16 0 80v336c0 17.67 14.33 32 32 32h464c8.84 0 16-7.16 16-16v-16c0-8.84-7.16-16-16-16zm-387.2-48h22.4c6.4 0 12.8-6.4 12.8-12.8v-70.4c0-6.4-6.4-12.8-12.8-12.8h-22.4c-6.4 0-12.8 6.4-12.8 12.8v70.4c0 6.4 6.4 12.8 12.8 12.8z\" class=\"\"><\/path><\/svg><\/i> <img loading=\"lazy\" decoding=\"async\" width=\"16\" height=\"16\" alt=\"Loading\" src=\"https:\/\/vocesdelacomuna15.com.ar\/wp-content\/plugins\/page-views-count\/ajax-loader-2x.gif\" border=0 \/><\/p>\n<div class=\"pvc_clear\"><\/div>\n","protected":false},"author":2,"featured_media":68939,"comment_status":"open","ping_status":"open","sticky":false,"template":"","format":"standard","meta":{"_et_pb_use_builder":"off","_et_pb_old_content":"","_et_gb_content_width":"","footnotes":""},"categories":[6],"tags":[],"class_list":["post-68938","post","type-post","status-publish","format-standard","has-post-thumbnail","hentry","category-agro","et-has-post-format-content","et_post_format-et-post-format-standard"],"a3_pvc":{"activated":true,"total_views":13,"today_views":0},"yoast_head":"<!-- This site is optimized with the Yoast SEO plugin v27.5 - https:\/\/yoast.com\/product\/yoast-seo-wordpress\/ -->\n<title>\u00bfPor qu\u00e9 cambiar\u00e1 de nombre? La historia de lucha detr\u00e1s de una estaci\u00f3n del Metrob\u00fas San Mart\u00edn - Voces de la Comuna 15<\/title>\n<meta name=\"description\" content=\"Voces de la Comuna 15\" \/>\n<meta name=\"robots\" content=\"index, follow, max-snippet:-1, max-image-preview:large, max-video-preview:-1\" \/>\n<link rel=\"canonical\" href=\"https:\/\/vocesdelacomuna15.com.ar\/press\/por-que-cambiara-de-nombre-la-historia-de-lucha-detras-de-una-estacion-del-metrobus-san-martin\/\" \/>\n<meta property=\"og:locale\" content=\"es_ES\" \/>\n<meta property=\"og:type\" content=\"article\" \/>\n<meta property=\"og:title\" content=\"\u00bfPor qu\u00e9 cambiar\u00e1 de nombre? La historia de lucha detr\u00e1s de una estaci\u00f3n del Metrob\u00fas San Mart\u00edn - Voces de la Comuna 15\" \/>\n<meta property=\"og:description\" content=\"Voces de la Comuna 15\" \/>\n<meta property=\"og:url\" content=\"https:\/\/vocesdelacomuna15.com.ar\/press\/por-que-cambiara-de-nombre-la-historia-de-lucha-detras-de-una-estacion-del-metrobus-san-martin\/\" \/>\n<meta property=\"og:site_name\" content=\"Voces de la Comuna 15\" \/>\n<meta property=\"article:publisher\" content=\"https:\/\/www.facebook.com\/VocesComuna15\/\" \/>\n<meta property=\"article:published_time\" content=\"2026-01-23T20:04:31+00:00\" \/>\n<meta property=\"article:modified_time\" content=\"2026-01-23T20:04:33+00:00\" \/>\n<meta property=\"og:image\" content=\"https:\/\/vocesdelacomuna15.com.ar\/wp-content\/uploads\/2026\/01\/metrobus-san-martin-veterinarias.avif\" \/>\n\t<meta property=\"og:image:width\" content=\"1024\" \/>\n\t<meta property=\"og:image:height\" content=\"683\" \/>\n\t<meta property=\"og:image:type\" content=\"image\/jpeg\" \/>\n<meta name=\"author\" content=\"Federico Arguto\" \/>\n<meta name=\"twitter:card\" content=\"summary_large_image\" \/>\n<meta name=\"twitter:creator\" content=\"@vocescomuna15\" \/>\n<meta name=\"twitter:site\" content=\"@vocescomuna15\" \/>\n<meta name=\"twitter:label1\" content=\"Escrito por\" \/>\n\t<meta name=\"twitter:data1\" content=\"Federico Arguto\" \/>\n\t<meta name=\"twitter:label2\" content=\"Tiempo de lectura\" \/>\n\t<meta name=\"twitter:data2\" content=\"3 minutos\" \/>\n<script type=\"application\/ld+json\" class=\"yoast-schema-graph\">{\"@context\":\"https:\\\/\\\/schema.org\",\"@graph\":[{\"@type\":\"Article\",\"@id\":\"https:\\\/\\\/vocesdelacomuna15.com.ar\\\/press\\\/por-que-cambiara-de-nombre-la-historia-de-lucha-detras-de-una-estacion-del-metrobus-san-martin\\\/#article\",\"isPartOf\":{\"@id\":\"https:\\\/\\\/vocesdelacomuna15.com.ar\\\/press\\\/por-que-cambiara-de-nombre-la-historia-de-lucha-detras-de-una-estacion-del-metrobus-san-martin\\\/\"},\"author\":{\"name\":\"Federico Arguto\",\"@id\":\"https:\\\/\\\/vocesdelacomuna15.com.ar\\\/press\\\/#\\\/schema\\\/person\\\/4739e109db25d799cd3d139eeb509e43\"},\"headline\":\"\u00bfPor qu\u00e9 cambiar\u00e1 de nombre? La historia de lucha detr\u00e1s de una estaci\u00f3n del Metrob\u00fas San Mart\u00edn\",\"datePublished\":\"2026-01-23T20:04:31+00:00\",\"dateModified\":\"2026-01-23T20:04:33+00:00\",\"mainEntityOfPage\":{\"@id\":\"https:\\\/\\\/vocesdelacomuna15.com.ar\\\/press\\\/por-que-cambiara-de-nombre-la-historia-de-lucha-detras-de-una-estacion-del-metrobus-san-martin\\\/\"},\"wordCount\":482,\"commentCount\":0,\"publisher\":{\"@id\":\"https:\\\/\\\/vocesdelacomuna15.com.ar\\\/press\\\/#organization\"},\"image\":{\"@id\":\"https:\\\/\\\/vocesdelacomuna15.com.ar\\\/press\\\/por-que-cambiara-de-nombre-la-historia-de-lucha-detras-de-una-estacion-del-metrobus-san-martin\\\/#primaryimage\"},\"thumbnailUrl\":\"https:\\\/\\\/vocesdelacomuna15.com.ar\\\/wp-content\\\/uploads\\\/2026\\\/01\\\/metrobus-san-martin-veterinarias.avif\",\"articleSection\":[\"Agronom\u00eda\"],\"inLanguage\":\"es-AR\",\"potentialAction\":[{\"@type\":\"CommentAction\",\"name\":\"Comment\",\"target\":[\"https:\\\/\\\/vocesdelacomuna15.com.ar\\\/press\\\/por-que-cambiara-de-nombre-la-historia-de-lucha-detras-de-una-estacion-del-metrobus-san-martin\\\/#respond\"]}]},{\"@type\":\"WebPage\",\"@id\":\"https:\\\/\\\/vocesdelacomuna15.com.ar\\\/press\\\/por-que-cambiara-de-nombre-la-historia-de-lucha-detras-de-una-estacion-del-metrobus-san-martin\\\/\",\"url\":\"https:\\\/\\\/vocesdelacomuna15.com.ar\\\/press\\\/por-que-cambiara-de-nombre-la-historia-de-lucha-detras-de-una-estacion-del-metrobus-san-martin\\\/\",\"name\":\"\u00bfPor qu\u00e9 cambiar\u00e1 de nombre? La historia de lucha detr\u00e1s de una estaci\u00f3n del Metrob\u00fas San Mart\u00edn - Voces de la Comuna 15\",\"isPartOf\":{\"@id\":\"https:\\\/\\\/vocesdelacomuna15.com.ar\\\/press\\\/#website\"},\"primaryImageOfPage\":{\"@id\":\"https:\\\/\\\/vocesdelacomuna15.com.ar\\\/press\\\/por-que-cambiara-de-nombre-la-historia-de-lucha-detras-de-una-estacion-del-metrobus-san-martin\\\/#primaryimage\"},\"image\":{\"@id\":\"https:\\\/\\\/vocesdelacomuna15.com.ar\\\/press\\\/por-que-cambiara-de-nombre-la-historia-de-lucha-detras-de-una-estacion-del-metrobus-san-martin\\\/#primaryimage\"},\"thumbnailUrl\":\"https:\\\/\\\/vocesdelacomuna15.com.ar\\\/wp-content\\\/uploads\\\/2026\\\/01\\\/metrobus-san-martin-veterinarias.avif\",\"datePublished\":\"2026-01-23T20:04:31+00:00\",\"dateModified\":\"2026-01-23T20:04:33+00:00\",\"description\":\"Voces de la Comuna 15\",\"breadcrumb\":{\"@id\":\"https:\\\/\\\/vocesdelacomuna15.com.ar\\\/press\\\/por-que-cambiara-de-nombre-la-historia-de-lucha-detras-de-una-estacion-del-metrobus-san-martin\\\/#breadcrumb\"},\"inLanguage\":\"es-AR\",\"potentialAction\":[{\"@type\":\"ReadAction\",\"target\":[\"https:\\\/\\\/vocesdelacomuna15.com.ar\\\/press\\\/por-que-cambiara-de-nombre-la-historia-de-lucha-detras-de-una-estacion-del-metrobus-san-martin\\\/\"]}]},{\"@type\":\"ImageObject\",\"inLanguage\":\"es-AR\",\"@id\":\"https:\\\/\\\/vocesdelacomuna15.com.ar\\\/press\\\/por-que-cambiara-de-nombre-la-historia-de-lucha-detras-de-una-estacion-del-metrobus-san-martin\\\/#primaryimage\",\"url\":\"https:\\\/\\\/vocesdelacomuna15.com.ar\\\/wp-content\\\/uploads\\\/2026\\\/01\\\/metrobus-san-martin-veterinarias.avif\",\"contentUrl\":\"https:\\\/\\\/vocesdelacomuna15.com.ar\\\/wp-content\\\/uploads\\\/2026\\\/01\\\/metrobus-san-martin-veterinarias.avif\",\"width\":1024,\"height\":683},{\"@type\":\"BreadcrumbList\",\"@id\":\"https:\\\/\\\/vocesdelacomuna15.com.ar\\\/press\\\/por-que-cambiara-de-nombre-la-historia-de-lucha-detras-de-una-estacion-del-metrobus-san-martin\\\/#breadcrumb\",\"itemListElement\":[{\"@type\":\"ListItem\",\"position\":1,\"name\":\"Inicio\",\"item\":\"https:\\\/\\\/vocesdelacomuna15.com.ar\\\/press\\\/\"},{\"@type\":\"ListItem\",\"position\":2,\"name\":\"\u00bfPor qu\u00e9 cambiar\u00e1 de nombre? La historia de lucha detr\u00e1s de una estaci\u00f3n del Metrob\u00fas San Mart\u00edn\"}]},{\"@type\":\"WebSite\",\"@id\":\"https:\\\/\\\/vocesdelacomuna15.com.ar\\\/press\\\/#website\",\"url\":\"https:\\\/\\\/vocesdelacomuna15.com.ar\\\/press\\\/\",\"name\":\"Voces de la Comuna 15\",\"description\":\"Sitio web de noticias\",\"publisher\":{\"@id\":\"https:\\\/\\\/vocesdelacomuna15.com.ar\\\/press\\\/#organization\"},\"potentialAction\":[{\"@type\":\"SearchAction\",\"target\":{\"@type\":\"EntryPoint\",\"urlTemplate\":\"https:\\\/\\\/vocesdelacomuna15.com.ar\\\/press\\\/?s={search_term_string}\"},\"query-input\":{\"@type\":\"PropertyValueSpecification\",\"valueRequired\":true,\"valueName\":\"search_term_string\"}}],\"inLanguage\":\"es-AR\"},{\"@type\":\"Organization\",\"@id\":\"https:\\\/\\\/vocesdelacomuna15.com.ar\\\/press\\\/#organization\",\"name\":\"Voces de la Comuna 15\",\"url\":\"https:\\\/\\\/vocesdelacomuna15.com.ar\\\/press\\\/\",\"logo\":{\"@type\":\"ImageObject\",\"inLanguage\":\"es-AR\",\"@id\":\"https:\\\/\\\/vocesdelacomuna15.com.ar\\\/press\\\/#\\\/schema\\\/logo\\\/image\\\/\",\"url\":\"https:\\\/\\\/vocesdelacomuna15.com.ar\\\/wp-content\\\/uploads\\\/2024\\\/12\\\/cropped-logo_voces.jpg\",\"contentUrl\":\"https:\\\/\\\/vocesdelacomuna15.com.ar\\\/wp-content\\\/uploads\\\/2024\\\/12\\\/cropped-logo_voces.jpg\",\"width\":512,\"height\":512,\"caption\":\"Voces de la Comuna 15\"},\"image\":{\"@id\":\"https:\\\/\\\/vocesdelacomuna15.com.ar\\\/press\\\/#\\\/schema\\\/logo\\\/image\\\/\"},\"sameAs\":[\"https:\\\/\\\/www.facebook.com\\\/VocesComuna15\\\/\",\"https:\\\/\\\/x.com\\\/vocescomuna15\"]},{\"@type\":\"Person\",\"@id\":\"https:\\\/\\\/vocesdelacomuna15.com.ar\\\/press\\\/#\\\/schema\\\/person\\\/4739e109db25d799cd3d139eeb509e43\",\"name\":\"Federico Arguto\",\"image\":{\"@type\":\"ImageObject\",\"inLanguage\":\"es-AR\",\"@id\":\"https:\\\/\\\/vocesdelacomuna15.com.ar\\\/wp-content\\\/litespeed\\\/avatar\\\/82faf979976f1bae889b8b71f8a0a7e5.jpg?ver=1777419741\",\"url\":\"https:\\\/\\\/vocesdelacomuna15.com.ar\\\/wp-content\\\/litespeed\\\/avatar\\\/82faf979976f1bae889b8b71f8a0a7e5.jpg?ver=1777419741\",\"contentUrl\":\"https:\\\/\\\/vocesdelacomuna15.com.ar\\\/wp-content\\\/litespeed\\\/avatar\\\/82faf979976f1bae889b8b71f8a0a7e5.jpg?ver=1777419741\",\"caption\":\"Federico Arguto\"},\"url\":\"https:\\\/\\\/vocesdelacomuna15.com.ar\\\/press\\\/author\\\/fede\\\/\"}]}<\/script>\n<!-- \/ Yoast SEO plugin. -->","yoast_head_json":{"title":"\u00bfPor qu\u00e9 cambiar\u00e1 de nombre? La historia de lucha detr\u00e1s de una estaci\u00f3n del Metrob\u00fas San Mart\u00edn - Voces de la Comuna 15","description":"Voces de la Comuna 15","robots":{"index":"index","follow":"follow","max-snippet":"max-snippet:-1","max-image-preview":"max-image-preview:large","max-video-preview":"max-video-preview:-1"},"canonical":"https:\/\/vocesdelacomuna15.com.ar\/press\/por-que-cambiara-de-nombre-la-historia-de-lucha-detras-de-una-estacion-del-metrobus-san-martin\/","og_locale":"es_ES","og_type":"article","og_title":"\u00bfPor qu\u00e9 cambiar\u00e1 de nombre? La historia de lucha detr\u00e1s de una estaci\u00f3n del Metrob\u00fas San Mart\u00edn - Voces de la Comuna 15","og_description":"Voces de la Comuna 15","og_url":"https:\/\/vocesdelacomuna15.com.ar\/press\/por-que-cambiara-de-nombre-la-historia-de-lucha-detras-de-una-estacion-del-metrobus-san-martin\/","og_site_name":"Voces de la Comuna 15","article_publisher":"https:\/\/www.facebook.com\/VocesComuna15\/","article_published_time":"2026-01-23T20:04:31+00:00","article_modified_time":"2026-01-23T20:04:33+00:00","og_image":[{"width":1024,"height":683,"url":"https:\/\/vocesdelacomuna15.com.ar\/wp-content\/uploads\/2026\/01\/metrobus-san-martin-veterinarias.avif","type":"image\/jpeg"}],"author":"Federico Arguto","twitter_card":"summary_large_image","twitter_creator":"@vocescomuna15","twitter_site":"@vocescomuna15","twitter_misc":{"Escrito por":"Federico Arguto","Tiempo de lectura":"3 minutos"},"schema":{"@context":"https:\/\/schema.org","@graph":[{"@type":"Article","@id":"https:\/\/vocesdelacomuna15.com.ar\/press\/por-que-cambiara-de-nombre-la-historia-de-lucha-detras-de-una-estacion-del-metrobus-san-martin\/#article","isPartOf":{"@id":"https:\/\/vocesdelacomuna15.com.ar\/press\/por-que-cambiara-de-nombre-la-historia-de-lucha-detras-de-una-estacion-del-metrobus-san-martin\/"},"author":{"name":"Federico Arguto","@id":"https:\/\/vocesdelacomuna15.com.ar\/press\/#\/schema\/person\/4739e109db25d799cd3d139eeb509e43"},"headline":"\u00bfPor qu\u00e9 cambiar\u00e1 de nombre? La historia de lucha detr\u00e1s de una estaci\u00f3n del Metrob\u00fas San Mart\u00edn","datePublished":"2026-01-23T20:04:31+00:00","dateModified":"2026-01-23T20:04:33+00:00","mainEntityOfPage":{"@id":"https:\/\/vocesdelacomuna15.com.ar\/press\/por-que-cambiara-de-nombre-la-historia-de-lucha-detras-de-una-estacion-del-metrobus-san-martin\/"},"wordCount":482,"commentCount":0,"publisher":{"@id":"https:\/\/vocesdelacomuna15.com.ar\/press\/#organization"},"image":{"@id":"https:\/\/vocesdelacomuna15.com.ar\/press\/por-que-cambiara-de-nombre-la-historia-de-lucha-detras-de-una-estacion-del-metrobus-san-martin\/#primaryimage"},"thumbnailUrl":"https:\/\/vocesdelacomuna15.com.ar\/wp-content\/uploads\/2026\/01\/metrobus-san-martin-veterinarias.avif","articleSection":["Agronom\u00eda"],"inLanguage":"es-AR","potentialAction":[{"@type":"CommentAction","name":"Comment","target":["https:\/\/vocesdelacomuna15.com.ar\/press\/por-que-cambiara-de-nombre-la-historia-de-lucha-detras-de-una-estacion-del-metrobus-san-martin\/#respond"]}]},{"@type":"WebPage","@id":"https:\/\/vocesdelacomuna15.com.ar\/press\/por-que-cambiara-de-nombre-la-historia-de-lucha-detras-de-una-estacion-del-metrobus-san-martin\/","url":"https:\/\/vocesdelacomuna15.com.ar\/press\/por-que-cambiara-de-nombre-la-historia-de-lucha-detras-de-una-estacion-del-metrobus-san-martin\/","name":"\u00bfPor qu\u00e9 cambiar\u00e1 de nombre? La historia de lucha detr\u00e1s de una estaci\u00f3n del Metrob\u00fas San Mart\u00edn - Voces de la Comuna 15","isPartOf":{"@id":"https:\/\/vocesdelacomuna15.com.ar\/press\/#website"},"primaryImageOfPage":{"@id":"https:\/\/vocesdelacomuna15.com.ar\/press\/por-que-cambiara-de-nombre-la-historia-de-lucha-detras-de-una-estacion-del-metrobus-san-martin\/#primaryimage"},"image":{"@id":"https:\/\/vocesdelacomuna15.com.ar\/press\/por-que-cambiara-de-nombre-la-historia-de-lucha-detras-de-una-estacion-del-metrobus-san-martin\/#primaryimage"},"thumbnailUrl":"https:\/\/vocesdelacomuna15.com.ar\/wp-content\/uploads\/2026\/01\/metrobus-san-martin-veterinarias.avif","datePublished":"2026-01-23T20:04:31+00:00","dateModified":"2026-01-23T20:04:33+00:00","description":"Voces de la Comuna 15","breadcrumb":{"@id":"https:\/\/vocesdelacomuna15.com.ar\/press\/por-que-cambiara-de-nombre-la-historia-de-lucha-detras-de-una-estacion-del-metrobus-san-martin\/#breadcrumb"},"inLanguage":"es-AR","potentialAction":[{"@type":"ReadAction","target":["https:\/\/vocesdelacomuna15.com.ar\/press\/por-que-cambiara-de-nombre-la-historia-de-lucha-detras-de-una-estacion-del-metrobus-san-martin\/"]}]},{"@type":"ImageObject","inLanguage":"es-AR","@id":"https:\/\/vocesdelacomuna15.com.ar\/press\/por-que-cambiara-de-nombre-la-historia-de-lucha-detras-de-una-estacion-del-metrobus-san-martin\/#primaryimage","url":"https:\/\/vocesdelacomuna15.com.ar\/wp-content\/uploads\/2026\/01\/metrobus-san-martin-veterinarias.avif","contentUrl":"https:\/\/vocesdelacomuna15.com.ar\/wp-content\/uploads\/2026\/01\/metrobus-san-martin-veterinarias.avif","width":1024,"height":683},{"@type":"BreadcrumbList","@id":"https:\/\/vocesdelacomuna15.com.ar\/press\/por-que-cambiara-de-nombre-la-historia-de-lucha-detras-de-una-estacion-del-metrobus-san-martin\/#breadcrumb","itemListElement":[{"@type":"ListItem","position":1,"name":"Inicio","item":"https:\/\/vocesdelacomuna15.com.ar\/press\/"},{"@type":"ListItem","position":2,"name":"\u00bfPor qu\u00e9 cambiar\u00e1 de nombre? La historia de lucha detr\u00e1s de una estaci\u00f3n del Metrob\u00fas San Mart\u00edn"}]},{"@type":"WebSite","@id":"https:\/\/vocesdelacomuna15.com.ar\/press\/#website","url":"https:\/\/vocesdelacomuna15.com.ar\/press\/","name":"Voces de la Comuna 15","description":"Sitio web de noticias","publisher":{"@id":"https:\/\/vocesdelacomuna15.com.ar\/press\/#organization"},"potentialAction":[{"@type":"SearchAction","target":{"@type":"EntryPoint","urlTemplate":"https:\/\/vocesdelacomuna15.com.ar\/press\/?s={search_term_string}"},"query-input":{"@type":"PropertyValueSpecification","valueRequired":true,"valueName":"search_term_string"}}],"inLanguage":"es-AR"},{"@type":"Organization","@id":"https:\/\/vocesdelacomuna15.com.ar\/press\/#organization","name":"Voces de la Comuna 15","url":"https:\/\/vocesdelacomuna15.com.ar\/press\/","logo":{"@type":"ImageObject","inLanguage":"es-AR","@id":"https:\/\/vocesdelacomuna15.com.ar\/press\/#\/schema\/logo\/image\/","url":"https:\/\/vocesdelacomuna15.com.ar\/wp-content\/uploads\/2024\/12\/cropped-logo_voces.jpg","contentUrl":"https:\/\/vocesdelacomuna15.com.ar\/wp-content\/uploads\/2024\/12\/cropped-logo_voces.jpg","width":512,"height":512,"caption":"Voces de la Comuna 15"},"image":{"@id":"https:\/\/vocesdelacomuna15.com.ar\/press\/#\/schema\/logo\/image\/"},"sameAs":["https:\/\/www.facebook.com\/VocesComuna15\/","https:\/\/x.com\/vocescomuna15"]},{"@type":"Person","@id":"https:\/\/vocesdelacomuna15.com.ar\/press\/#\/schema\/person\/4739e109db25d799cd3d139eeb509e43","name":"Federico Arguto","image":{"@type":"ImageObject","inLanguage":"es-AR","@id":"https:\/\/vocesdelacomuna15.com.ar\/wp-content\/litespeed\/avatar\/82faf979976f1bae889b8b71f8a0a7e5.jpg?ver=1777419741","url":"https:\/\/vocesdelacomuna15.com.ar\/wp-content\/litespeed\/avatar\/82faf979976f1bae889b8b71f8a0a7e5.jpg?ver=1777419741","contentUrl":"https:\/\/vocesdelacomuna15.com.ar\/wp-content\/litespeed\/avatar\/82faf979976f1bae889b8b71f8a0a7e5.jpg?ver=1777419741","caption":"Federico Arguto"},"url":"https:\/\/vocesdelacomuna15.com.ar\/press\/author\/fede\/"}]}},"_links":{"self":[{"href":"https:\/\/vocesdelacomuna15.com.ar\/press\/wp-json\/wp\/v2\/posts\/68938","targetHints":{"allow":["GET"]}}],"collection":[{"href":"https:\/\/vocesdelacomuna15.com.ar\/press\/wp-json\/wp\/v2\/posts"}],"about":[{"href":"https:\/\/vocesdelacomuna15.com.ar\/press\/wp-json\/wp\/v2\/types\/post"}],"author":[{"embeddable":true,"href":"https:\/\/vocesdelacomuna15.com.ar\/press\/wp-json\/wp\/v2\/users\/2"}],"replies":[{"embeddable":true,"href":"https:\/\/vocesdelacomuna15.com.ar\/press\/wp-json\/wp\/v2\/comments?post=68938"}],"version-history":[{"count":1,"href":"https:\/\/vocesdelacomuna15.com.ar\/press\/wp-json\/wp\/v2\/posts\/68938\/revisions"}],"predecessor-version":[{"id":68940,"href":"https:\/\/vocesdelacomuna15.com.ar\/press\/wp-json\/wp\/v2\/posts\/68938\/revisions\/68940"}],"wp:featuredmedia":[{"embeddable":true,"href":"https:\/\/vocesdelacomuna15.com.ar\/press\/wp-json\/wp\/v2\/media\/68939"}],"wp:attachment":[{"href":"https:\/\/vocesdelacomuna15.com.ar\/press\/wp-json\/wp\/v2\/media?parent=68938"}],"wp:term":[{"taxonomy":"category","embeddable":true,"href":"https:\/\/vocesdelacomuna15.com.ar\/press\/wp-json\/wp\/v2\/categories?post=68938"},{"taxonomy":"post_tag","embeddable":true,"href":"https:\/\/vocesdelacomuna15.com.ar\/press\/wp-json\/wp\/v2\/tags?post=68938"}],"curies":[{"name":"wp","href":"https:\/\/api.w.org\/{rel}","templated":true}]}}