{"id":68933,"date":"2026-01-23T16:52:22","date_gmt":"2026-01-23T19:52:22","guid":{"rendered":"https:\/\/vocesdelacomuna15.com.ar\/press\/?p=68933"},"modified":"2026-01-23T16:52:24","modified_gmt":"2026-01-23T19:52:24","slug":"copa-argentina-papelon-del-bicho-ante-midland","status":"publish","type":"post","link":"https:\/\/vocesdelacomuna15.com.ar\/press\/copa-argentina-papelon-del-bicho-ante-midland\/","title":{"rendered":"Copa Argentina: Papel\u00f3n del \u201cBicho\u201d ante Midland"},"content":{"rendered":"\n<p>Argentinos Juniors fue eliminado en los penales tras empatar 1-1 ante un equipo reci\u00e9n ascendido a la Primera Nacional<\/p>\n\n\n\n<p>Foto de portada: Captura TyC Sports<\/p>\n\n\n\n<p>Foto del estadio: Diego Benenati para \u201cVoces de la Comuna 15\u201d<\/p>\n\n\n\n<p>En la noche del mi\u00e9rcoles, por la Copa Argentina, Argentinos Juniors perdi\u00f3 por penales ante Midland, siendo eliminado en los 32avos de final de esta competici\u00f3n, es decir la primera ronda.<\/p>\n\n\n\n<p>Fue en el estadio del Club Atl\u00e9tico Lan\u00fas, llamado \u201cCiudad de Lan\u00fas \u2013 N\u00e9stor D\u00edaz P\u00e9rez\u201d, donde la gente del \u201cBicho\u201d asisti\u00f3 parcialmente, en parte debido a las entradas caras para esta instancia de la competencia (la popular costaba 50.000 pesos).<\/p>\n\n\n\n<p>En un aceptable primer tiempo para los de La Paternal, Argentinos se puso en ventaja a los 23 minutos tras una gran jugada colectiva, que termin\u00f3 con un centro rasante de Leandro Lozano, que pas\u00f3 al ataque, siendo conectado este por Alan Lescano, que empuj\u00f3 el bal\u00f3n para el 1-0.<\/p>\n\n\n\n<figure class=\"wp-block-image size-large\"><img loading=\"lazy\" decoding=\"async\" width=\"1024\" height=\"576\" src=\"https:\/\/vocesdelacomuna15.com.ar\/wp-content\/uploads\/2026\/01\/Previa-de-Argentinos-VS-Midland.-Foto-Diego-Benenati-1024x576.avif\" alt=\"\" class=\"wp-image-68935\" srcset=\"https:\/\/vocesdelacomuna15.com.ar\/wp-content\/uploads\/2026\/01\/Previa-de-Argentinos-VS-Midland.-Foto-Diego-Benenati-1024x576.avif 1024w, https:\/\/vocesdelacomuna15.com.ar\/wp-content\/uploads\/2026\/01\/Previa-de-Argentinos-VS-Midland.-Foto-Diego-Benenati-300x169.avif 300w, https:\/\/vocesdelacomuna15.com.ar\/wp-content\/uploads\/2026\/01\/Previa-de-Argentinos-VS-Midland.-Foto-Diego-Benenati-768x432.avif 768w, https:\/\/vocesdelacomuna15.com.ar\/wp-content\/uploads\/2026\/01\/Previa-de-Argentinos-VS-Midland.-Foto-Diego-Benenati-1536x864.avif 1536w, https:\/\/vocesdelacomuna15.com.ar\/wp-content\/uploads\/2026\/01\/Previa-de-Argentinos-VS-Midland.-Foto-Diego-Benenati-1080x608.avif 1080w, https:\/\/vocesdelacomuna15.com.ar\/wp-content\/uploads\/2026\/01\/Previa-de-Argentinos-VS-Midland.-Foto-Diego-Benenati.avif 1600w\" sizes=\"(max-width: 1024px) 100vw, 1024px\" \/><\/figure>\n\n\n\n<p>En la segunda etapa, el partido se emparej\u00f3 y Midland logr\u00f3 el empate a los 56 minutos por medio de Agust\u00edn Campana. Tras un centro desde la izquierda, Sebasti\u00e1n Prieto intent\u00f3 rechazar de cabeza pero le pifi\u00f3; y la pelota le qued\u00f3 a Campana, que la par\u00f3 de pecho y fusil\u00f3 al arquero chileno del \u201cBicho\u201d Bryan Cort\u00e9s, que no tuvo el debut m\u00e1s feliz. Sobre el final, tuvo una chance importante Diego Porcel para Argentinos, que conect\u00f3 un centro desde la izquierda y la pelota termin\u00f3 dando en un palo, tras un desv\u00edo en el arquero del \u201cFunebrero\u201d Mauro Leguiza, que fue la figura del partido.<\/p>\n\n\n\n<p>Lleg\u00f3 la definici\u00f3n por penales y Midland se impuso 6-5. Para Argentinos, que empez\u00f3 pateando, convirtieron Lescano, Lozano, Francis Mac Allister, Francisco \u00c1lvarez y Tob\u00edas Ram\u00edrez, mientras que erraron Leandro Fern\u00e1ndez (si convert\u00eda el suyo pasaba el \u201cBicho\u201d pero tir\u00f3 una \u201cmasita\u201d que ataj\u00f3 Leguiza), Gino Infantino y Porcel (estos dos atajados con m\u00e9rito por el arquero del \u201cFunebrero\u201d). Para Midland convirtieron todos, menos D\u00edaz que lo desvi\u00f3 y Violini, cuyo remate fue tapado por Cort\u00e9s. El mismo Leguiza defini\u00f3 la serie, convirtiendo el octavo penal para el equipo que milita en la Primera Nacional.<\/p>\n\n\n\n<p>Ante Midland, Argentinos form\u00f3 con Cort\u00e9s; Lozano, \u00c1lvarez, Ram\u00edrez, Prieto; Enzo P\u00e9rez, Oroz; L\u00f3pez Mu\u00f1oz, Lescano, Giaccone; y Molina. Ingresaron en el equipo dirigido por Nicol\u00e1s Diez, Porcel por L\u00f3pez Mu\u00f1oz a los 46 minutos, Francis Mac Allister por Enzo P\u00e9rez a los 51, Leandro Fern\u00e1ndez por Giaccone a los 62 y Bravo e Infantino por Prieto y Oroz a los 73.<\/p>\n\n\n\n<p>Resumen del partido (Fuente: TyC Sports &#8211; You Tube):<\/p>\n\n\n\n<figure class=\"wp-block-embed is-type-video is-provider-youtube wp-block-embed-youtube wp-embed-aspect-16-9 wp-has-aspect-ratio\"><div class=\"wp-block-embed__wrapper\">\n<iframe loading=\"lazy\" title=\"Argentinos Juniors 1 (5) \u2013 (6) 1 Midland | Copa Argentina 2026 | 32avos de final\" width=\"1080\" height=\"608\" src=\"https:\/\/www.youtube.com\/embed\/k8fG5HzQ7So?start=1&#038;feature=oembed\" frameborder=\"0\" allow=\"accelerometer; autoplay; clipboard-write; encrypted-media; gyroscope; picture-in-picture; web-share\" referrerpolicy=\"strict-origin-when-cross-origin\" allowfullscreen><\/iframe>\n<\/div><\/figure>\n\n\n\n<p>Caracteres: 2.333<\/p>\n<div class=\"pvc_clear\"><\/div><p id=\"pvc_stats_68933\" class=\"pvc_stats all  \" data-element-id=\"68933\" style=\"\"><i class=\"pvc-stats-icon small\" aria-hidden=\"true\"><svg aria-hidden=\"true\" focusable=\"false\" data-prefix=\"far\" data-icon=\"chart-bar\" role=\"img\" xmlns=\"http:\/\/www.w3.org\/2000\/svg\" viewBox=\"0 0 512 512\" class=\"svg-inline--fa fa-chart-bar fa-w-16 fa-2x\"><path fill=\"currentColor\" d=\"M396.8 352h22.4c6.4 0 12.8-6.4 12.8-12.8V108.8c0-6.4-6.4-12.8-12.8-12.8h-22.4c-6.4 0-12.8 6.4-12.8 12.8v230.4c0 6.4 6.4 12.8 12.8 12.8zm-192 0h22.4c6.4 0 12.8-6.4 12.8-12.8V140.8c0-6.4-6.4-12.8-12.8-12.8h-22.4c-6.4 0-12.8 6.4-12.8 12.8v198.4c0 6.4 6.4 12.8 12.8 12.8zm96 0h22.4c6.4 0 12.8-6.4 12.8-12.8V204.8c0-6.4-6.4-12.8-12.8-12.8h-22.4c-6.4 0-12.8 6.4-12.8 12.8v134.4c0 6.4 6.4 12.8 12.8 12.8zM496 400H48V80c0-8.84-7.16-16-16-16H16C7.16 64 0 71.16 0 80v336c0 17.67 14.33 32 32 32h464c8.84 0 16-7.16 16-16v-16c0-8.84-7.16-16-16-16zm-387.2-48h22.4c6.4 0 12.8-6.4 12.8-12.8v-70.4c0-6.4-6.4-12.8-12.8-12.8h-22.4c-6.4 0-12.8 6.4-12.8 12.8v70.4c0 6.4 6.4 12.8 12.8 12.8z\" class=\"\"><\/path><\/svg><\/i> <img loading=\"lazy\" decoding=\"async\" width=\"16\" height=\"16\" alt=\"Loading\" src=\"https:\/\/vocesdelacomuna15.com.ar\/wp-content\/plugins\/page-views-count\/ajax-loader-2x.gif\" border=0 \/><\/p><div class=\"pvc_clear\"><\/div>","protected":false},"excerpt":{"rendered":"<p>Argentinos Juniors fue eliminado en los penales tras empatar 1-1 ante un equipo reci\u00e9n ascendido a la Primera Nacional Foto de portada: Captura TyC Sports Foto del estadio: Diego Benenati para \u201cVoces de la Comuna 15\u201d En la noche del mi\u00e9rcoles, por la Copa Argentina, Argentinos Juniors perdi\u00f3 por penales ante Midland, siendo eliminado en [&hellip;]<\/p>\n<div class=\"pvc_clear\"><\/div>\n<p id=\"pvc_stats_68933\" class=\"pvc_stats all  \" data-element-id=\"68933\" style=\"\"><i class=\"pvc-stats-icon small\" aria-hidden=\"true\"><svg aria-hidden=\"true\" focusable=\"false\" data-prefix=\"far\" data-icon=\"chart-bar\" role=\"img\" xmlns=\"http:\/\/www.w3.org\/2000\/svg\" viewBox=\"0 0 512 512\" class=\"svg-inline--fa fa-chart-bar fa-w-16 fa-2x\"><path fill=\"currentColor\" d=\"M396.8 352h22.4c6.4 0 12.8-6.4 12.8-12.8V108.8c0-6.4-6.4-12.8-12.8-12.8h-22.4c-6.4 0-12.8 6.4-12.8 12.8v230.4c0 6.4 6.4 12.8 12.8 12.8zm-192 0h22.4c6.4 0 12.8-6.4 12.8-12.8V140.8c0-6.4-6.4-12.8-12.8-12.8h-22.4c-6.4 0-12.8 6.4-12.8 12.8v198.4c0 6.4 6.4 12.8 12.8 12.8zm96 0h22.4c6.4 0 12.8-6.4 12.8-12.8V204.8c0-6.4-6.4-12.8-12.8-12.8h-22.4c-6.4 0-12.8 6.4-12.8 12.8v134.4c0 6.4 6.4 12.8 12.8 12.8zM496 400H48V80c0-8.84-7.16-16-16-16H16C7.16 64 0 71.16 0 80v336c0 17.67 14.33 32 32 32h464c8.84 0 16-7.16 16-16v-16c0-8.84-7.16-16-16-16zm-387.2-48h22.4c6.4 0 12.8-6.4 12.8-12.8v-70.4c0-6.4-6.4-12.8-12.8-12.8h-22.4c-6.4 0-12.8 6.4-12.8 12.8v70.4c0 6.4 6.4 12.8 12.8 12.8z\" class=\"\"><\/path><\/svg><\/i> <img loading=\"lazy\" decoding=\"async\" width=\"16\" height=\"16\" alt=\"Loading\" src=\"https:\/\/vocesdelacomuna15.com.ar\/wp-content\/plugins\/page-views-count\/ajax-loader-2x.gif\" border=0 \/><\/p>\n<div class=\"pvc_clear\"><\/div>\n","protected":false},"author":2,"featured_media":68934,"comment_status":"open","ping_status":"open","sticky":false,"template":"","format":"standard","meta":{"_et_pb_use_builder":"off","_et_pb_old_content":"","_et_gb_content_width":"","footnotes":""},"categories":[27],"tags":[],"class_list":["post-68933","post","type-post","status-publish","format-standard","has-post-thumbnail","hentry","category-deportes","et-has-post-format-content","et_post_format-et-post-format-standard"],"a3_pvc":{"activated":true,"total_views":14,"today_views":0},"yoast_head":"<!-- This site is optimized with the Yoast SEO plugin v27.5 - https:\/\/yoast.com\/product\/yoast-seo-wordpress\/ -->\n<title>Copa Argentina: Papel\u00f3n del \u201cBicho\u201d ante Midland - Voces de la Comuna 15<\/title>\n<meta name=\"description\" content=\"Voces de la Comuna 15\" \/>\n<meta name=\"robots\" content=\"index, follow, max-snippet:-1, max-image-preview:large, max-video-preview:-1\" \/>\n<link rel=\"canonical\" href=\"https:\/\/vocesdelacomuna15.com.ar\/press\/copa-argentina-papelon-del-bicho-ante-midland\/\" \/>\n<meta property=\"og:locale\" content=\"es_ES\" \/>\n<meta property=\"og:type\" content=\"article\" \/>\n<meta property=\"og:title\" content=\"Copa Argentina: Papel\u00f3n del \u201cBicho\u201d ante Midland - Voces de la Comuna 15\" \/>\n<meta property=\"og:description\" content=\"Voces de la Comuna 15\" \/>\n<meta property=\"og:url\" content=\"https:\/\/vocesdelacomuna15.com.ar\/press\/copa-argentina-papelon-del-bicho-ante-midland\/\" \/>\n<meta property=\"og:site_name\" content=\"Voces de la Comuna 15\" \/>\n<meta property=\"article:publisher\" content=\"https:\/\/www.facebook.com\/VocesComuna15\/\" \/>\n<meta property=\"article:published_time\" content=\"2026-01-23T19:52:22+00:00\" \/>\n<meta property=\"article:modified_time\" content=\"2026-01-23T19:52:24+00:00\" \/>\n<meta property=\"og:image\" content=\"https:\/\/vocesdelacomuna15.com.ar\/wp-content\/uploads\/2026\/01\/Foto-de-Portada.-Gol-de-Lescano.-Captura-TyC-Sports.avif\" \/>\n\t<meta property=\"og:image:width\" content=\"1080\" \/>\n\t<meta property=\"og:image:height\" content=\"591\" \/>\n\t<meta property=\"og:image:type\" content=\"image\/jpeg\" \/>\n<meta name=\"author\" content=\"Federico Arguto\" \/>\n<meta name=\"twitter:card\" content=\"summary_large_image\" \/>\n<meta name=\"twitter:creator\" content=\"@vocescomuna15\" \/>\n<meta name=\"twitter:site\" content=\"@vocescomuna15\" \/>\n<meta name=\"twitter:label1\" content=\"Escrito por\" \/>\n\t<meta name=\"twitter:data1\" content=\"Federico Arguto\" \/>\n\t<meta name=\"twitter:label2\" content=\"Tiempo de lectura\" \/>\n\t<meta name=\"twitter:data2\" content=\"3 minutos\" \/>\n<script type=\"application\/ld+json\" class=\"yoast-schema-graph\">{\"@context\":\"https:\\\/\\\/schema.org\",\"@graph\":[{\"@type\":\"Article\",\"@id\":\"https:\\\/\\\/vocesdelacomuna15.com.ar\\\/press\\\/copa-argentina-papelon-del-bicho-ante-midland\\\/#article\",\"isPartOf\":{\"@id\":\"https:\\\/\\\/vocesdelacomuna15.com.ar\\\/press\\\/copa-argentina-papelon-del-bicho-ante-midland\\\/\"},\"author\":{\"name\":\"Federico Arguto\",\"@id\":\"https:\\\/\\\/vocesdelacomuna15.com.ar\\\/press\\\/#\\\/schema\\\/person\\\/4739e109db25d799cd3d139eeb509e43\"},\"headline\":\"Copa Argentina: Papel\u00f3n del \u201cBicho\u201d ante Midland\",\"datePublished\":\"2026-01-23T19:52:22+00:00\",\"dateModified\":\"2026-01-23T19:52:24+00:00\",\"mainEntityOfPage\":{\"@id\":\"https:\\\/\\\/vocesdelacomuna15.com.ar\\\/press\\\/copa-argentina-papelon-del-bicho-ante-midland\\\/\"},\"wordCount\":477,\"commentCount\":0,\"publisher\":{\"@id\":\"https:\\\/\\\/vocesdelacomuna15.com.ar\\\/press\\\/#organization\"},\"image\":{\"@id\":\"https:\\\/\\\/vocesdelacomuna15.com.ar\\\/press\\\/copa-argentina-papelon-del-bicho-ante-midland\\\/#primaryimage\"},\"thumbnailUrl\":\"https:\\\/\\\/vocesdelacomuna15.com.ar\\\/wp-content\\\/uploads\\\/2026\\\/01\\\/Foto-de-Portada.-Gol-de-Lescano.-Captura-TyC-Sports.avif\",\"articleSection\":[\"Deportes\"],\"inLanguage\":\"es-AR\",\"potentialAction\":[{\"@type\":\"CommentAction\",\"name\":\"Comment\",\"target\":[\"https:\\\/\\\/vocesdelacomuna15.com.ar\\\/press\\\/copa-argentina-papelon-del-bicho-ante-midland\\\/#respond\"]}]},{\"@type\":\"WebPage\",\"@id\":\"https:\\\/\\\/vocesdelacomuna15.com.ar\\\/press\\\/copa-argentina-papelon-del-bicho-ante-midland\\\/\",\"url\":\"https:\\\/\\\/vocesdelacomuna15.com.ar\\\/press\\\/copa-argentina-papelon-del-bicho-ante-midland\\\/\",\"name\":\"Copa Argentina: Papel\u00f3n del \u201cBicho\u201d ante Midland - Voces de la Comuna 15\",\"isPartOf\":{\"@id\":\"https:\\\/\\\/vocesdelacomuna15.com.ar\\\/press\\\/#website\"},\"primaryImageOfPage\":{\"@id\":\"https:\\\/\\\/vocesdelacomuna15.com.ar\\\/press\\\/copa-argentina-papelon-del-bicho-ante-midland\\\/#primaryimage\"},\"image\":{\"@id\":\"https:\\\/\\\/vocesdelacomuna15.com.ar\\\/press\\\/copa-argentina-papelon-del-bicho-ante-midland\\\/#primaryimage\"},\"thumbnailUrl\":\"https:\\\/\\\/vocesdelacomuna15.com.ar\\\/wp-content\\\/uploads\\\/2026\\\/01\\\/Foto-de-Portada.-Gol-de-Lescano.-Captura-TyC-Sports.avif\",\"datePublished\":\"2026-01-23T19:52:22+00:00\",\"dateModified\":\"2026-01-23T19:52:24+00:00\",\"description\":\"Voces de la Comuna 15\",\"breadcrumb\":{\"@id\":\"https:\\\/\\\/vocesdelacomuna15.com.ar\\\/press\\\/copa-argentina-papelon-del-bicho-ante-midland\\\/#breadcrumb\"},\"inLanguage\":\"es-AR\",\"potentialAction\":[{\"@type\":\"ReadAction\",\"target\":[\"https:\\\/\\\/vocesdelacomuna15.com.ar\\\/press\\\/copa-argentina-papelon-del-bicho-ante-midland\\\/\"]}]},{\"@type\":\"ImageObject\",\"inLanguage\":\"es-AR\",\"@id\":\"https:\\\/\\\/vocesdelacomuna15.com.ar\\\/press\\\/copa-argentina-papelon-del-bicho-ante-midland\\\/#primaryimage\",\"url\":\"https:\\\/\\\/vocesdelacomuna15.com.ar\\\/wp-content\\\/uploads\\\/2026\\\/01\\\/Foto-de-Portada.-Gol-de-Lescano.-Captura-TyC-Sports.avif\",\"contentUrl\":\"https:\\\/\\\/vocesdelacomuna15.com.ar\\\/wp-content\\\/uploads\\\/2026\\\/01\\\/Foto-de-Portada.-Gol-de-Lescano.-Captura-TyC-Sports.avif\",\"width\":1080,\"height\":591},{\"@type\":\"BreadcrumbList\",\"@id\":\"https:\\\/\\\/vocesdelacomuna15.com.ar\\\/press\\\/copa-argentina-papelon-del-bicho-ante-midland\\\/#breadcrumb\",\"itemListElement\":[{\"@type\":\"ListItem\",\"position\":1,\"name\":\"Inicio\",\"item\":\"https:\\\/\\\/vocesdelacomuna15.com.ar\\\/press\\\/\"},{\"@type\":\"ListItem\",\"position\":2,\"name\":\"Copa Argentina: Papel\u00f3n del \u201cBicho\u201d ante Midland\"}]},{\"@type\":\"WebSite\",\"@id\":\"https:\\\/\\\/vocesdelacomuna15.com.ar\\\/press\\\/#website\",\"url\":\"https:\\\/\\\/vocesdelacomuna15.com.ar\\\/press\\\/\",\"name\":\"Voces de la Comuna 15\",\"description\":\"Sitio web de noticias\",\"publisher\":{\"@id\":\"https:\\\/\\\/vocesdelacomuna15.com.ar\\\/press\\\/#organization\"},\"potentialAction\":[{\"@type\":\"SearchAction\",\"target\":{\"@type\":\"EntryPoint\",\"urlTemplate\":\"https:\\\/\\\/vocesdelacomuna15.com.ar\\\/press\\\/?s={search_term_string}\"},\"query-input\":{\"@type\":\"PropertyValueSpecification\",\"valueRequired\":true,\"valueName\":\"search_term_string\"}}],\"inLanguage\":\"es-AR\"},{\"@type\":\"Organization\",\"@id\":\"https:\\\/\\\/vocesdelacomuna15.com.ar\\\/press\\\/#organization\",\"name\":\"Voces de la Comuna 15\",\"url\":\"https:\\\/\\\/vocesdelacomuna15.com.ar\\\/press\\\/\",\"logo\":{\"@type\":\"ImageObject\",\"inLanguage\":\"es-AR\",\"@id\":\"https:\\\/\\\/vocesdelacomuna15.com.ar\\\/press\\\/#\\\/schema\\\/logo\\\/image\\\/\",\"url\":\"https:\\\/\\\/vocesdelacomuna15.com.ar\\\/wp-content\\\/uploads\\\/2024\\\/12\\\/cropped-logo_voces.jpg\",\"contentUrl\":\"https:\\\/\\\/vocesdelacomuna15.com.ar\\\/wp-content\\\/uploads\\\/2024\\\/12\\\/cropped-logo_voces.jpg\",\"width\":512,\"height\":512,\"caption\":\"Voces de la Comuna 15\"},\"image\":{\"@id\":\"https:\\\/\\\/vocesdelacomuna15.com.ar\\\/press\\\/#\\\/schema\\\/logo\\\/image\\\/\"},\"sameAs\":[\"https:\\\/\\\/www.facebook.com\\\/VocesComuna15\\\/\",\"https:\\\/\\\/x.com\\\/vocescomuna15\"]},{\"@type\":\"Person\",\"@id\":\"https:\\\/\\\/vocesdelacomuna15.com.ar\\\/press\\\/#\\\/schema\\\/person\\\/4739e109db25d799cd3d139eeb509e43\",\"name\":\"Federico Arguto\",\"image\":{\"@type\":\"ImageObject\",\"inLanguage\":\"es-AR\",\"@id\":\"https:\\\/\\\/vocesdelacomuna15.com.ar\\\/wp-content\\\/litespeed\\\/avatar\\\/82faf979976f1bae889b8b71f8a0a7e5.jpg?ver=1777419741\",\"url\":\"https:\\\/\\\/vocesdelacomuna15.com.ar\\\/wp-content\\\/litespeed\\\/avatar\\\/82faf979976f1bae889b8b71f8a0a7e5.jpg?ver=1777419741\",\"contentUrl\":\"https:\\\/\\\/vocesdelacomuna15.com.ar\\\/wp-content\\\/litespeed\\\/avatar\\\/82faf979976f1bae889b8b71f8a0a7e5.jpg?ver=1777419741\",\"caption\":\"Federico Arguto\"},\"url\":\"https:\\\/\\\/vocesdelacomuna15.com.ar\\\/press\\\/author\\\/fede\\\/\"}]}<\/script>\n<!-- \/ Yoast SEO plugin. -->","yoast_head_json":{"title":"Copa Argentina: Papel\u00f3n del \u201cBicho\u201d ante Midland - Voces de la Comuna 15","description":"Voces de la Comuna 15","robots":{"index":"index","follow":"follow","max-snippet":"max-snippet:-1","max-image-preview":"max-image-preview:large","max-video-preview":"max-video-preview:-1"},"canonical":"https:\/\/vocesdelacomuna15.com.ar\/press\/copa-argentina-papelon-del-bicho-ante-midland\/","og_locale":"es_ES","og_type":"article","og_title":"Copa Argentina: Papel\u00f3n del \u201cBicho\u201d ante Midland - Voces de la Comuna 15","og_description":"Voces de la Comuna 15","og_url":"https:\/\/vocesdelacomuna15.com.ar\/press\/copa-argentina-papelon-del-bicho-ante-midland\/","og_site_name":"Voces de la Comuna 15","article_publisher":"https:\/\/www.facebook.com\/VocesComuna15\/","article_published_time":"2026-01-23T19:52:22+00:00","article_modified_time":"2026-01-23T19:52:24+00:00","og_image":[{"width":1080,"height":591,"url":"https:\/\/vocesdelacomuna15.com.ar\/wp-content\/uploads\/2026\/01\/Foto-de-Portada.-Gol-de-Lescano.-Captura-TyC-Sports.avif","type":"image\/jpeg"}],"author":"Federico Arguto","twitter_card":"summary_large_image","twitter_creator":"@vocescomuna15","twitter_site":"@vocescomuna15","twitter_misc":{"Escrito por":"Federico Arguto","Tiempo de lectura":"3 minutos"},"schema":{"@context":"https:\/\/schema.org","@graph":[{"@type":"Article","@id":"https:\/\/vocesdelacomuna15.com.ar\/press\/copa-argentina-papelon-del-bicho-ante-midland\/#article","isPartOf":{"@id":"https:\/\/vocesdelacomuna15.com.ar\/press\/copa-argentina-papelon-del-bicho-ante-midland\/"},"author":{"name":"Federico Arguto","@id":"https:\/\/vocesdelacomuna15.com.ar\/press\/#\/schema\/person\/4739e109db25d799cd3d139eeb509e43"},"headline":"Copa Argentina: Papel\u00f3n del \u201cBicho\u201d ante Midland","datePublished":"2026-01-23T19:52:22+00:00","dateModified":"2026-01-23T19:52:24+00:00","mainEntityOfPage":{"@id":"https:\/\/vocesdelacomuna15.com.ar\/press\/copa-argentina-papelon-del-bicho-ante-midland\/"},"wordCount":477,"commentCount":0,"publisher":{"@id":"https:\/\/vocesdelacomuna15.com.ar\/press\/#organization"},"image":{"@id":"https:\/\/vocesdelacomuna15.com.ar\/press\/copa-argentina-papelon-del-bicho-ante-midland\/#primaryimage"},"thumbnailUrl":"https:\/\/vocesdelacomuna15.com.ar\/wp-content\/uploads\/2026\/01\/Foto-de-Portada.-Gol-de-Lescano.-Captura-TyC-Sports.avif","articleSection":["Deportes"],"inLanguage":"es-AR","potentialAction":[{"@type":"CommentAction","name":"Comment","target":["https:\/\/vocesdelacomuna15.com.ar\/press\/copa-argentina-papelon-del-bicho-ante-midland\/#respond"]}]},{"@type":"WebPage","@id":"https:\/\/vocesdelacomuna15.com.ar\/press\/copa-argentina-papelon-del-bicho-ante-midland\/","url":"https:\/\/vocesdelacomuna15.com.ar\/press\/copa-argentina-papelon-del-bicho-ante-midland\/","name":"Copa Argentina: Papel\u00f3n del \u201cBicho\u201d ante Midland - Voces de la Comuna 15","isPartOf":{"@id":"https:\/\/vocesdelacomuna15.com.ar\/press\/#website"},"primaryImageOfPage":{"@id":"https:\/\/vocesdelacomuna15.com.ar\/press\/copa-argentina-papelon-del-bicho-ante-midland\/#primaryimage"},"image":{"@id":"https:\/\/vocesdelacomuna15.com.ar\/press\/copa-argentina-papelon-del-bicho-ante-midland\/#primaryimage"},"thumbnailUrl":"https:\/\/vocesdelacomuna15.com.ar\/wp-content\/uploads\/2026\/01\/Foto-de-Portada.-Gol-de-Lescano.-Captura-TyC-Sports.avif","datePublished":"2026-01-23T19:52:22+00:00","dateModified":"2026-01-23T19:52:24+00:00","description":"Voces de la Comuna 15","breadcrumb":{"@id":"https:\/\/vocesdelacomuna15.com.ar\/press\/copa-argentina-papelon-del-bicho-ante-midland\/#breadcrumb"},"inLanguage":"es-AR","potentialAction":[{"@type":"ReadAction","target":["https:\/\/vocesdelacomuna15.com.ar\/press\/copa-argentina-papelon-del-bicho-ante-midland\/"]}]},{"@type":"ImageObject","inLanguage":"es-AR","@id":"https:\/\/vocesdelacomuna15.com.ar\/press\/copa-argentina-papelon-del-bicho-ante-midland\/#primaryimage","url":"https:\/\/vocesdelacomuna15.com.ar\/wp-content\/uploads\/2026\/01\/Foto-de-Portada.-Gol-de-Lescano.-Captura-TyC-Sports.avif","contentUrl":"https:\/\/vocesdelacomuna15.com.ar\/wp-content\/uploads\/2026\/01\/Foto-de-Portada.-Gol-de-Lescano.-Captura-TyC-Sports.avif","width":1080,"height":591},{"@type":"BreadcrumbList","@id":"https:\/\/vocesdelacomuna15.com.ar\/press\/copa-argentina-papelon-del-bicho-ante-midland\/#breadcrumb","itemListElement":[{"@type":"ListItem","position":1,"name":"Inicio","item":"https:\/\/vocesdelacomuna15.com.ar\/press\/"},{"@type":"ListItem","position":2,"name":"Copa Argentina: Papel\u00f3n del \u201cBicho\u201d ante Midland"}]},{"@type":"WebSite","@id":"https:\/\/vocesdelacomuna15.com.ar\/press\/#website","url":"https:\/\/vocesdelacomuna15.com.ar\/press\/","name":"Voces de la Comuna 15","description":"Sitio web de noticias","publisher":{"@id":"https:\/\/vocesdelacomuna15.com.ar\/press\/#organization"},"potentialAction":[{"@type":"SearchAction","target":{"@type":"EntryPoint","urlTemplate":"https:\/\/vocesdelacomuna15.com.ar\/press\/?s={search_term_string}"},"query-input":{"@type":"PropertyValueSpecification","valueRequired":true,"valueName":"search_term_string"}}],"inLanguage":"es-AR"},{"@type":"Organization","@id":"https:\/\/vocesdelacomuna15.com.ar\/press\/#organization","name":"Voces de la Comuna 15","url":"https:\/\/vocesdelacomuna15.com.ar\/press\/","logo":{"@type":"ImageObject","inLanguage":"es-AR","@id":"https:\/\/vocesdelacomuna15.com.ar\/press\/#\/schema\/logo\/image\/","url":"https:\/\/vocesdelacomuna15.com.ar\/wp-content\/uploads\/2024\/12\/cropped-logo_voces.jpg","contentUrl":"https:\/\/vocesdelacomuna15.com.ar\/wp-content\/uploads\/2024\/12\/cropped-logo_voces.jpg","width":512,"height":512,"caption":"Voces de la Comuna 15"},"image":{"@id":"https:\/\/vocesdelacomuna15.com.ar\/press\/#\/schema\/logo\/image\/"},"sameAs":["https:\/\/www.facebook.com\/VocesComuna15\/","https:\/\/x.com\/vocescomuna15"]},{"@type":"Person","@id":"https:\/\/vocesdelacomuna15.com.ar\/press\/#\/schema\/person\/4739e109db25d799cd3d139eeb509e43","name":"Federico Arguto","image":{"@type":"ImageObject","inLanguage":"es-AR","@id":"https:\/\/vocesdelacomuna15.com.ar\/wp-content\/litespeed\/avatar\/82faf979976f1bae889b8b71f8a0a7e5.jpg?ver=1777419741","url":"https:\/\/vocesdelacomuna15.com.ar\/wp-content\/litespeed\/avatar\/82faf979976f1bae889b8b71f8a0a7e5.jpg?ver=1777419741","contentUrl":"https:\/\/vocesdelacomuna15.com.ar\/wp-content\/litespeed\/avatar\/82faf979976f1bae889b8b71f8a0a7e5.jpg?ver=1777419741","caption":"Federico Arguto"},"url":"https:\/\/vocesdelacomuna15.com.ar\/press\/author\/fede\/"}]}},"_links":{"self":[{"href":"https:\/\/vocesdelacomuna15.com.ar\/press\/wp-json\/wp\/v2\/posts\/68933","targetHints":{"allow":["GET"]}}],"collection":[{"href":"https:\/\/vocesdelacomuna15.com.ar\/press\/wp-json\/wp\/v2\/posts"}],"about":[{"href":"https:\/\/vocesdelacomuna15.com.ar\/press\/wp-json\/wp\/v2\/types\/post"}],"author":[{"embeddable":true,"href":"https:\/\/vocesdelacomuna15.com.ar\/press\/wp-json\/wp\/v2\/users\/2"}],"replies":[{"embeddable":true,"href":"https:\/\/vocesdelacomuna15.com.ar\/press\/wp-json\/wp\/v2\/comments?post=68933"}],"version-history":[{"count":1,"href":"https:\/\/vocesdelacomuna15.com.ar\/press\/wp-json\/wp\/v2\/posts\/68933\/revisions"}],"predecessor-version":[{"id":68936,"href":"https:\/\/vocesdelacomuna15.com.ar\/press\/wp-json\/wp\/v2\/posts\/68933\/revisions\/68936"}],"wp:featuredmedia":[{"embeddable":true,"href":"https:\/\/vocesdelacomuna15.com.ar\/press\/wp-json\/wp\/v2\/media\/68934"}],"wp:attachment":[{"href":"https:\/\/vocesdelacomuna15.com.ar\/press\/wp-json\/wp\/v2\/media?parent=68933"}],"wp:term":[{"taxonomy":"category","embeddable":true,"href":"https:\/\/vocesdelacomuna15.com.ar\/press\/wp-json\/wp\/v2\/categories?post=68933"},{"taxonomy":"post_tag","embeddable":true,"href":"https:\/\/vocesdelacomuna15.com.ar\/press\/wp-json\/wp\/v2\/tags?post=68933"}],"curies":[{"name":"wp","href":"https:\/\/api.w.org\/{rel}","templated":true}]}}