{"id":68924,"date":"2026-01-23T16:29:18","date_gmt":"2026-01-23T19:29:18","guid":{"rendered":"https:\/\/vocesdelacomuna15.com.ar\/press\/?p=68924"},"modified":"2026-01-23T16:31:16","modified_gmt":"2026-01-23T19:31:16","slug":"tiroteo-en-villa-crespo-un-policia-se-bajo-del-auto-disparo-14-veces-e-hirio-a-un-hombre","status":"publish","type":"post","link":"https:\/\/vocesdelacomuna15.com.ar\/press\/tiroteo-en-villa-crespo-un-policia-se-bajo-del-auto-disparo-14-veces-e-hirio-a-un-hombre\/","title":{"rendered":"Tiroteo en Villa Crespo: un polic\u00eda se baj\u00f3 del auto, dispar\u00f3 14 veces e hiri\u00f3 a un hombre"},"content":{"rendered":"\n<p>El peat\u00f3n tuvo que ser atendido por m\u00e9dicos del SAME y trasladado a un hospital, aunque sin riesgo de vida; el efectivo de la Federal fue reducido por uniformados porte\u00f1os de la Comisar\u00eda Vecinal 15 B<\/p>\n\n\n\n<p>Fuente: https:\/\/www.lanacion.com.ar\/<\/p>\n\n\n\n<p>A primera hora de este martes se registr\u00f3 un episodio con disparos en el barrio porte\u00f1o de\u00a0<strong>Villa Crespo<\/strong>, luego de que<strong>\u00a0un hombre descendiera de un veh\u00edculo y comenzara a los tiros en la v\u00eda p\u00fablica<\/strong>. En el lugar, los peritos\u00a0<strong>hallaron 14 vainas servidas<\/strong>.\u00a0<strong>Un peat\u00f3n result\u00f3 herido de bala<\/strong>\u00a0en su pierna izquierda\u00a0<strong>y la Polic\u00eda de la Ciudad intervino para detener al agresor<\/strong>. Seg\u00fan informaron fuentes consultadas por<strong>\u00a0LA NACION<\/strong>, el sospechoso fue identificado como un\u00a0<strong>cabo de la Polic\u00eda Federal<\/strong>\u00a0y\u00a0<strong>la Justicia investiga si estaba alcoholizado o hab\u00eda consumido estupefacientes debido al estado de alteraci\u00f3n<\/strong>\u00a0en el que se encontraba.<\/p>\n\n\n\n<p>Personal de la Comisar\u00eda Vecinal 15 B de la Polic\u00eda de la Ciudad fue desplazado en la madrugada de este martes hasta el&nbsp;<strong>cruce de las calles Fitz Roy y Mu\u00f1ecas<\/strong>&nbsp;tras ser alertado por los vecinos de un hecho de disparos de arma de fuego.<\/p>\n\n\n\n<figure class=\"wp-block-image aligncenter\"><img decoding=\"async\" src=\"https:\/\/resizer.glanacion.com\/resizer\/v2\/https%3A%2F%2Fcdn.jwplayer.com%2Fv2%2Fmedia%2F1vuePQHx%2Fposter.jpg%3Fwidth%3D720?auth=66650477014cc8d198d60f861b2bb238d4cdd1fbfe77e542f064b874d9f3759b&amp;width=720&amp;quality=70&amp;smart=false\" alt=\"Un efectivo de la Polic\u00eda Federal dispar\u00f3 a vecinos en Villa Crespo\"\/><figcaption class=\"wp-element-caption\">Un efectivo de la Polic\u00eda Federal dispar\u00f3 a vecinos en Villa Crespo<\/figcaption><\/figure>\n\n\n\n<p>Al llegar al lugar indicado, los efectivos se encontraron con un hombre que hab\u00eda descendido de su veh\u00edculo Volkswagen negro y, por motivos que ahora son materia de investigaci\u00f3n, comenz\u00f3 a disparar, vaci\u00f3 todo el cargador de su arma reglamentaria e hiri\u00f3 en una pierna a un transe\u00fante. Luego,&nbsp;<strong>intent\u00f3 escapar por Fitz Roy, donde descart\u00f3 el arma<\/strong>. All\u00ed fue reducido y detenido por el personal policial porte\u00f1o.<\/p>\n\n\n\n<figure class=\"wp-block-image aligncenter\"><img decoding=\"async\" src=\"https:\/\/resizer.glanacion.com\/resizer\/v2\/tiroteo-en-villa-crespo-un-policia-se-bajo-del-PDBMMJ6NOJFFRJRX5FTJMCV4P4.jpeg?auth=29389c587fb5f8c63b68681654934cba6ded196e9308b7c2dabedf9eeaf74973&amp;width=420&amp;height=290&amp;quality=70&amp;smart=true\" alt=\"Tiroteo en Villa Crespo: un polic\u00eda se baj\u00f3 del auto, comenz\u00f3 a disparar e hiri\u00f3 a un hombre.\"\/><figcaption class=\"wp-element-caption\">Tiroteo en Villa Crespo: un polic\u00eda se baj\u00f3 del auto, comenz\u00f3 a disparar e hiri\u00f3 a un hombre.Polic\u00eda de la Ciudad<\/figcaption><\/figure>\n\n\n\n<p><strong>Walter<\/strong>, el empleado de una empresa distribuidora de comida de la zona que estaba llegando a su lugar de trabajo cuando fue impactado por una de las balas,&nbsp;<strong>debi\u00f3 ser trasladado por una ambulancia del SAME, en principio al Hospital Durand, sin riesgo de vida<\/strong>.<\/p>\n\n\n\n<p><strong>\u201cSali\u00f3 de la nada, a los tiros limpio. Nunca lo hab\u00eda visto. Estaba solo\u201d<\/strong>, dijo la v\u00edctima en di\u00e1logo telef\u00f3nico con&nbsp;<em>TN<\/em>&nbsp;y mientras se dirig\u00eda en camino al Sanatorio G\u00fcemes por la obra social. El hombre cont\u00f3 que cuando lleg\u00f3 hasta la puerta de su lugar de trabajo, el atacante ya le hab\u00eda disparado a unos compa\u00f1eros.<\/p>\n\n\n\n<p>En medio de un&nbsp;<strong>fuerte operativo<\/strong>, el autor de los disparos, en tanto, fue identificado como un<strong>&nbsp;cabo de la Polic\u00eda Federal asignado a la comisar\u00eda del Belgrano Sur<\/strong>.<\/p>\n\n\n\n<figure class=\"wp-block-image aligncenter\"><img decoding=\"async\" src=\"https:\/\/resizer.glanacion.com\/resizer\/v2\/tiroteo-en-villa-crespo-un-policia-se-bajo-del-UG7MHJ7N5FCNXOHIGT5NEMEGME.jpeg?auth=3470dad10325e6025f5c32ebc4298c3edb6e44137e3428dd26fd9ab674702379&amp;width=420&amp;height=560&amp;quality=70&amp;smart=true\" alt=\"Tiroteo en Villa Crespo: un polic\u00eda se baj\u00f3 del auto, comenz\u00f3 a disparar e hiri\u00f3 a un hombre.\"\/><figcaption class=\"wp-element-caption\">Tiroteo en Villa Crespo: un polic\u00eda se baj\u00f3 del auto, comenz\u00f3 a disparar e hiri\u00f3 a un hombre.Polic\u00eda de la Ciudad<\/figcaption><\/figure>\n\n\n\n<p>La Unidad de Flagrancia Norte dispuso la detenci\u00f3n del efectivo, el&nbsp;<strong>secuestro del veh\u00edculo y de su pistola reglamentaria Pietro Beretta 9 mil\u00edmetros, la incautaci\u00f3n de las 14 vainas servidas y orden\u00f3 que se le realice el dermotest al imputado<\/strong>.<\/p>\n\n\n\n<figure class=\"wp-block-image aligncenter\"><img decoding=\"async\" src=\"https:\/\/resizer.glanacion.com\/resizer\/v2\/tiroteo-en-villa-crespo-un-policia-se-bajo-del-AF4RDK2VIRCHPCKWFIC7Z6LD3A.jpeg?auth=8b38e5b301ed8361b665cf8616620da8234e600ce56231738f1676e93ec4d9de&amp;width=420&amp;height=560&amp;quality=70&amp;smart=true\" alt=\"Tiroteo en Villa Crespo: un polic\u00eda se baj\u00f3 del auto, comenz\u00f3 a disparar e hiri\u00f3 a un hombre.\"\/><figcaption class=\"wp-element-caption\">Tiroteo en Villa Crespo: un polic\u00eda se baj\u00f3 del auto, comenz\u00f3 a disparar e hiri\u00f3 a un hombre.Polic\u00eda de la Ciudad<\/figcaption><\/figure>\n\n\n\n<p><strong>\u201cEstaba fuera de s\u00ed, totalmente puesto. Disparaba para cualquier lado. Estaba a los gritos, pero no lo escuch\u00e9 porque solo me met\u00ed y atin\u00e9 a cerrar la puerta\u201d<\/strong>, dijo una testigo a&nbsp;<em>TN<\/em>&nbsp;que vio al polic\u00eda con el arma en una de sus manos.&nbsp;<strong>\u201cCuando llegu\u00e9 a la zona, lo vi como que sali\u00f3 del fondo [una de las calles est\u00e1 cortada], pero no del auto sino como que estaba escondido, como si estuviera esperando que llegara alguien\u201d<\/strong>, agreg\u00f3 la joven.<\/p>\n\n\n\n<p><strong>Facundo, otro testigo del violento hecho ocurrido alrededor de las 6 de la ma\u00f1ana<\/strong>, cont\u00f3, en di\u00e1logo con&nbsp;<strong>LN+<\/strong>, que cuando estaba por ingresar al mismo lugar de trabajo que la v\u00edctima, vio llegar al auto negro del atacante que, tras avanzar hasta el fondo de la calle, retrocedi\u00f3 unos metros.<strong>&nbsp;Tras detenerse, descendi\u00f3 y \u201cme empez\u00f3 a hablar lo m\u00e1s bien\u201d<\/strong>.<\/p>\n\n\n\n<p><strong>\u201cMe dijo que me quede quieto y que levante las manos. Se me qued\u00f3 apuntando con el arma. Pens\u00e9 que me quer\u00eda robar, pero nunca tuvo la intenci\u00f3n de hacerlo. Me pregunt\u00f3 que hac\u00eda yo ah\u00ed y le contest\u00e9 que estaba esperando para entrar al laburo\u201d<\/strong>, agreg\u00f3 el hombre, que&nbsp;<strong>narr\u00f3 que el agresor sac\u00f3 la pistola del ba\u00fal del rodado<\/strong>.<\/p>\n\n\n\n<p>Caracteres: 3768<\/p>\n<div class=\"pvc_clear\"><\/div><p id=\"pvc_stats_68924\" class=\"pvc_stats all  \" data-element-id=\"68924\" style=\"\"><i class=\"pvc-stats-icon small\" aria-hidden=\"true\"><svg aria-hidden=\"true\" focusable=\"false\" data-prefix=\"far\" data-icon=\"chart-bar\" role=\"img\" xmlns=\"http:\/\/www.w3.org\/2000\/svg\" viewBox=\"0 0 512 512\" class=\"svg-inline--fa fa-chart-bar fa-w-16 fa-2x\"><path fill=\"currentColor\" d=\"M396.8 352h22.4c6.4 0 12.8-6.4 12.8-12.8V108.8c0-6.4-6.4-12.8-12.8-12.8h-22.4c-6.4 0-12.8 6.4-12.8 12.8v230.4c0 6.4 6.4 12.8 12.8 12.8zm-192 0h22.4c6.4 0 12.8-6.4 12.8-12.8V140.8c0-6.4-6.4-12.8-12.8-12.8h-22.4c-6.4 0-12.8 6.4-12.8 12.8v198.4c0 6.4 6.4 12.8 12.8 12.8zm96 0h22.4c6.4 0 12.8-6.4 12.8-12.8V204.8c0-6.4-6.4-12.8-12.8-12.8h-22.4c-6.4 0-12.8 6.4-12.8 12.8v134.4c0 6.4 6.4 12.8 12.8 12.8zM496 400H48V80c0-8.84-7.16-16-16-16H16C7.16 64 0 71.16 0 80v336c0 17.67 14.33 32 32 32h464c8.84 0 16-7.16 16-16v-16c0-8.84-7.16-16-16-16zm-387.2-48h22.4c6.4 0 12.8-6.4 12.8-12.8v-70.4c0-6.4-6.4-12.8-12.8-12.8h-22.4c-6.4 0-12.8 6.4-12.8 12.8v70.4c0 6.4 6.4 12.8 12.8 12.8z\" class=\"\"><\/path><\/svg><\/i> <img loading=\"lazy\" decoding=\"async\" width=\"16\" height=\"16\" alt=\"Loading\" src=\"https:\/\/vocesdelacomuna15.com.ar\/wp-content\/plugins\/page-views-count\/ajax-loader-2x.gif\" border=0 \/><\/p><div class=\"pvc_clear\"><\/div>","protected":false},"excerpt":{"rendered":"<p>El peat\u00f3n tuvo que ser atendido por m\u00e9dicos del SAME y trasladado a un hospital, aunque sin riesgo de vida; el efectivo de la Federal fue reducido por uniformados porte\u00f1os de la Comisar\u00eda Vecinal 15 B Fuente: https:\/\/www.lanacion.com.ar\/ A primera hora de este martes se registr\u00f3 un episodio con disparos en el barrio porte\u00f1o de\u00a0Villa [&hellip;]<\/p>\n<div class=\"pvc_clear\"><\/div>\n<p id=\"pvc_stats_68924\" class=\"pvc_stats all  \" data-element-id=\"68924\" style=\"\"><i class=\"pvc-stats-icon small\" aria-hidden=\"true\"><svg aria-hidden=\"true\" focusable=\"false\" data-prefix=\"far\" data-icon=\"chart-bar\" role=\"img\" xmlns=\"http:\/\/www.w3.org\/2000\/svg\" viewBox=\"0 0 512 512\" class=\"svg-inline--fa fa-chart-bar fa-w-16 fa-2x\"><path fill=\"currentColor\" d=\"M396.8 352h22.4c6.4 0 12.8-6.4 12.8-12.8V108.8c0-6.4-6.4-12.8-12.8-12.8h-22.4c-6.4 0-12.8 6.4-12.8 12.8v230.4c0 6.4 6.4 12.8 12.8 12.8zm-192 0h22.4c6.4 0 12.8-6.4 12.8-12.8V140.8c0-6.4-6.4-12.8-12.8-12.8h-22.4c-6.4 0-12.8 6.4-12.8 12.8v198.4c0 6.4 6.4 12.8 12.8 12.8zm96 0h22.4c6.4 0 12.8-6.4 12.8-12.8V204.8c0-6.4-6.4-12.8-12.8-12.8h-22.4c-6.4 0-12.8 6.4-12.8 12.8v134.4c0 6.4 6.4 12.8 12.8 12.8zM496 400H48V80c0-8.84-7.16-16-16-16H16C7.16 64 0 71.16 0 80v336c0 17.67 14.33 32 32 32h464c8.84 0 16-7.16 16-16v-16c0-8.84-7.16-16-16-16zm-387.2-48h22.4c6.4 0 12.8-6.4 12.8-12.8v-70.4c0-6.4-6.4-12.8-12.8-12.8h-22.4c-6.4 0-12.8 6.4-12.8 12.8v70.4c0 6.4 6.4 12.8 12.8 12.8z\" class=\"\"><\/path><\/svg><\/i> <img loading=\"lazy\" decoding=\"async\" width=\"16\" height=\"16\" alt=\"Loading\" src=\"https:\/\/vocesdelacomuna15.com.ar\/wp-content\/plugins\/page-views-count\/ajax-loader-2x.gif\" border=0 \/><\/p>\n<div class=\"pvc_clear\"><\/div>\n","protected":false},"author":2,"featured_media":68925,"comment_status":"open","ping_status":"open","sticky":false,"template":"","format":"standard","meta":{"_et_pb_use_builder":"off","_et_pb_old_content":"","_et_gb_content_width":"","footnotes":""},"categories":[28,32],"tags":[],"class_list":["post-68924","post","type-post","status-publish","format-standard","has-post-thumbnail","hentry","category-policial","category-vcre","et-has-post-format-content","et_post_format-et-post-format-standard"],"a3_pvc":{"activated":true,"total_views":19,"today_views":0},"yoast_head":"<!-- This site is optimized with the Yoast SEO plugin v27.5 - https:\/\/yoast.com\/product\/yoast-seo-wordpress\/ -->\n<title>Tiroteo en Villa Crespo: un polic\u00eda se baj\u00f3 del auto, dispar\u00f3 14 veces e hiri\u00f3 a un hombre - Voces de la Comuna 15<\/title>\n<meta name=\"description\" content=\"Voces de la Comuna 15\" \/>\n<meta name=\"robots\" content=\"index, follow, max-snippet:-1, max-image-preview:large, max-video-preview:-1\" \/>\n<link rel=\"canonical\" href=\"https:\/\/vocesdelacomuna15.com.ar\/press\/tiroteo-en-villa-crespo-un-policia-se-bajo-del-auto-disparo-14-veces-e-hirio-a-un-hombre\/\" \/>\n<meta property=\"og:locale\" content=\"es_ES\" \/>\n<meta property=\"og:type\" content=\"article\" \/>\n<meta property=\"og:title\" content=\"Tiroteo en Villa Crespo: un polic\u00eda se baj\u00f3 del auto, dispar\u00f3 14 veces e hiri\u00f3 a un hombre - Voces de la Comuna 15\" \/>\n<meta property=\"og:description\" content=\"Voces de la Comuna 15\" \/>\n<meta property=\"og:url\" content=\"https:\/\/vocesdelacomuna15.com.ar\/press\/tiroteo-en-villa-crespo-un-policia-se-bajo-del-auto-disparo-14-veces-e-hirio-a-un-hombre\/\" \/>\n<meta property=\"og:site_name\" content=\"Voces de la Comuna 15\" \/>\n<meta property=\"article:publisher\" content=\"https:\/\/www.facebook.com\/VocesComuna15\/\" \/>\n<meta property=\"article:published_time\" content=\"2026-01-23T19:29:18+00:00\" \/>\n<meta property=\"article:modified_time\" content=\"2026-01-23T19:31:16+00:00\" \/>\n<meta property=\"og:image\" content=\"https:\/\/vocesdelacomuna15.com.ar\/wp-content\/uploads\/2024\/12\/cropped-logo_voces.jpg\" \/>\n\t<meta property=\"og:image:width\" content=\"512\" \/>\n\t<meta property=\"og:image:height\" content=\"512\" \/>\n\t<meta property=\"og:image:type\" content=\"image\/jpeg\" \/>\n<meta name=\"author\" content=\"Federico Arguto\" \/>\n<meta name=\"twitter:card\" content=\"summary_large_image\" \/>\n<meta name=\"twitter:creator\" content=\"@vocescomuna15\" \/>\n<meta name=\"twitter:site\" content=\"@vocescomuna15\" \/>\n<meta name=\"twitter:label1\" content=\"Escrito por\" \/>\n\t<meta name=\"twitter:data1\" content=\"Federico Arguto\" \/>\n\t<meta name=\"twitter:label2\" content=\"Tiempo de lectura\" \/>\n\t<meta name=\"twitter:data2\" content=\"5 minutos\" \/>\n<script type=\"application\/ld+json\" class=\"yoast-schema-graph\">{\"@context\":\"https:\\\/\\\/schema.org\",\"@graph\":[{\"@type\":\"Article\",\"@id\":\"https:\\\/\\\/vocesdelacomuna15.com.ar\\\/press\\\/tiroteo-en-villa-crespo-un-policia-se-bajo-del-auto-disparo-14-veces-e-hirio-a-un-hombre\\\/#article\",\"isPartOf\":{\"@id\":\"https:\\\/\\\/vocesdelacomuna15.com.ar\\\/press\\\/tiroteo-en-villa-crespo-un-policia-se-bajo-del-auto-disparo-14-veces-e-hirio-a-un-hombre\\\/\"},\"author\":{\"name\":\"Federico Arguto\",\"@id\":\"https:\\\/\\\/vocesdelacomuna15.com.ar\\\/press\\\/#\\\/schema\\\/person\\\/4739e109db25d799cd3d139eeb509e43\"},\"headline\":\"Tiroteo en Villa Crespo: un polic\u00eda se baj\u00f3 del auto, dispar\u00f3 14 veces e hiri\u00f3 a un hombre\",\"datePublished\":\"2026-01-23T19:29:18+00:00\",\"dateModified\":\"2026-01-23T19:31:16+00:00\",\"mainEntityOfPage\":{\"@id\":\"https:\\\/\\\/vocesdelacomuna15.com.ar\\\/press\\\/tiroteo-en-villa-crespo-un-policia-se-bajo-del-auto-disparo-14-veces-e-hirio-a-un-hombre\\\/\"},\"wordCount\":797,\"commentCount\":0,\"publisher\":{\"@id\":\"https:\\\/\\\/vocesdelacomuna15.com.ar\\\/press\\\/#organization\"},\"image\":{\"@id\":\"https:\\\/\\\/vocesdelacomuna15.com.ar\\\/press\\\/tiroteo-en-villa-crespo-un-policia-se-bajo-del-auto-disparo-14-veces-e-hirio-a-un-hombre\\\/#primaryimage\"},\"thumbnailUrl\":\"https:\\\/\\\/vocesdelacomuna15.com.ar\\\/wp-content\\\/uploads\\\/2026\\\/01\\\/un-hombre-abrio-fuego-en-la-esquina-de-fitz-roy-y-JBL2DYMPQ5GCZCCZYVYZFWBJEI.avif\",\"articleSection\":[\"Policial\",\"Villa Crespo\"],\"inLanguage\":\"es-AR\",\"potentialAction\":[{\"@type\":\"CommentAction\",\"name\":\"Comment\",\"target\":[\"https:\\\/\\\/vocesdelacomuna15.com.ar\\\/press\\\/tiroteo-en-villa-crespo-un-policia-se-bajo-del-auto-disparo-14-veces-e-hirio-a-un-hombre\\\/#respond\"]}]},{\"@type\":\"WebPage\",\"@id\":\"https:\\\/\\\/vocesdelacomuna15.com.ar\\\/press\\\/tiroteo-en-villa-crespo-un-policia-se-bajo-del-auto-disparo-14-veces-e-hirio-a-un-hombre\\\/\",\"url\":\"https:\\\/\\\/vocesdelacomuna15.com.ar\\\/press\\\/tiroteo-en-villa-crespo-un-policia-se-bajo-del-auto-disparo-14-veces-e-hirio-a-un-hombre\\\/\",\"name\":\"Tiroteo en Villa Crespo: un polic\u00eda se baj\u00f3 del auto, dispar\u00f3 14 veces e hiri\u00f3 a un hombre - Voces de la Comuna 15\",\"isPartOf\":{\"@id\":\"https:\\\/\\\/vocesdelacomuna15.com.ar\\\/press\\\/#website\"},\"primaryImageOfPage\":{\"@id\":\"https:\\\/\\\/vocesdelacomuna15.com.ar\\\/press\\\/tiroteo-en-villa-crespo-un-policia-se-bajo-del-auto-disparo-14-veces-e-hirio-a-un-hombre\\\/#primaryimage\"},\"image\":{\"@id\":\"https:\\\/\\\/vocesdelacomuna15.com.ar\\\/press\\\/tiroteo-en-villa-crespo-un-policia-se-bajo-del-auto-disparo-14-veces-e-hirio-a-un-hombre\\\/#primaryimage\"},\"thumbnailUrl\":\"https:\\\/\\\/vocesdelacomuna15.com.ar\\\/wp-content\\\/uploads\\\/2026\\\/01\\\/un-hombre-abrio-fuego-en-la-esquina-de-fitz-roy-y-JBL2DYMPQ5GCZCCZYVYZFWBJEI.avif\",\"datePublished\":\"2026-01-23T19:29:18+00:00\",\"dateModified\":\"2026-01-23T19:31:16+00:00\",\"description\":\"Voces de la Comuna 15\",\"breadcrumb\":{\"@id\":\"https:\\\/\\\/vocesdelacomuna15.com.ar\\\/press\\\/tiroteo-en-villa-crespo-un-policia-se-bajo-del-auto-disparo-14-veces-e-hirio-a-un-hombre\\\/#breadcrumb\"},\"inLanguage\":\"es-AR\",\"potentialAction\":[{\"@type\":\"ReadAction\",\"target\":[\"https:\\\/\\\/vocesdelacomuna15.com.ar\\\/press\\\/tiroteo-en-villa-crespo-un-policia-se-bajo-del-auto-disparo-14-veces-e-hirio-a-un-hombre\\\/\"]}]},{\"@type\":\"ImageObject\",\"inLanguage\":\"es-AR\",\"@id\":\"https:\\\/\\\/vocesdelacomuna15.com.ar\\\/press\\\/tiroteo-en-villa-crespo-un-policia-se-bajo-del-auto-disparo-14-veces-e-hirio-a-un-hombre\\\/#primaryimage\",\"url\":\"https:\\\/\\\/vocesdelacomuna15.com.ar\\\/wp-content\\\/uploads\\\/2026\\\/01\\\/un-hombre-abrio-fuego-en-la-esquina-de-fitz-roy-y-JBL2DYMPQ5GCZCCZYVYZFWBJEI.avif\",\"contentUrl\":\"https:\\\/\\\/vocesdelacomuna15.com.ar\\\/wp-content\\\/uploads\\\/2026\\\/01\\\/un-hombre-abrio-fuego-en-la-esquina-de-fitz-roy-y-JBL2DYMPQ5GCZCCZYVYZFWBJEI.avif\",\"width\":880,\"height\":586},{\"@type\":\"BreadcrumbList\",\"@id\":\"https:\\\/\\\/vocesdelacomuna15.com.ar\\\/press\\\/tiroteo-en-villa-crespo-un-policia-se-bajo-del-auto-disparo-14-veces-e-hirio-a-un-hombre\\\/#breadcrumb\",\"itemListElement\":[{\"@type\":\"ListItem\",\"position\":1,\"name\":\"Inicio\",\"item\":\"https:\\\/\\\/vocesdelacomuna15.com.ar\\\/press\\\/\"},{\"@type\":\"ListItem\",\"position\":2,\"name\":\"Tiroteo en Villa Crespo: un polic\u00eda se baj\u00f3 del auto, dispar\u00f3 14 veces e hiri\u00f3 a un hombre\"}]},{\"@type\":\"WebSite\",\"@id\":\"https:\\\/\\\/vocesdelacomuna15.com.ar\\\/press\\\/#website\",\"url\":\"https:\\\/\\\/vocesdelacomuna15.com.ar\\\/press\\\/\",\"name\":\"Voces de la Comuna 15\",\"description\":\"Sitio web de noticias\",\"publisher\":{\"@id\":\"https:\\\/\\\/vocesdelacomuna15.com.ar\\\/press\\\/#organization\"},\"potentialAction\":[{\"@type\":\"SearchAction\",\"target\":{\"@type\":\"EntryPoint\",\"urlTemplate\":\"https:\\\/\\\/vocesdelacomuna15.com.ar\\\/press\\\/?s={search_term_string}\"},\"query-input\":{\"@type\":\"PropertyValueSpecification\",\"valueRequired\":true,\"valueName\":\"search_term_string\"}}],\"inLanguage\":\"es-AR\"},{\"@type\":\"Organization\",\"@id\":\"https:\\\/\\\/vocesdelacomuna15.com.ar\\\/press\\\/#organization\",\"name\":\"Voces de la Comuna 15\",\"url\":\"https:\\\/\\\/vocesdelacomuna15.com.ar\\\/press\\\/\",\"logo\":{\"@type\":\"ImageObject\",\"inLanguage\":\"es-AR\",\"@id\":\"https:\\\/\\\/vocesdelacomuna15.com.ar\\\/press\\\/#\\\/schema\\\/logo\\\/image\\\/\",\"url\":\"https:\\\/\\\/vocesdelacomuna15.com.ar\\\/wp-content\\\/uploads\\\/2024\\\/12\\\/cropped-logo_voces.jpg\",\"contentUrl\":\"https:\\\/\\\/vocesdelacomuna15.com.ar\\\/wp-content\\\/uploads\\\/2024\\\/12\\\/cropped-logo_voces.jpg\",\"width\":512,\"height\":512,\"caption\":\"Voces de la Comuna 15\"},\"image\":{\"@id\":\"https:\\\/\\\/vocesdelacomuna15.com.ar\\\/press\\\/#\\\/schema\\\/logo\\\/image\\\/\"},\"sameAs\":[\"https:\\\/\\\/www.facebook.com\\\/VocesComuna15\\\/\",\"https:\\\/\\\/x.com\\\/vocescomuna15\"]},{\"@type\":\"Person\",\"@id\":\"https:\\\/\\\/vocesdelacomuna15.com.ar\\\/press\\\/#\\\/schema\\\/person\\\/4739e109db25d799cd3d139eeb509e43\",\"name\":\"Federico Arguto\",\"image\":{\"@type\":\"ImageObject\",\"inLanguage\":\"es-AR\",\"@id\":\"https:\\\/\\\/vocesdelacomuna15.com.ar\\\/wp-content\\\/litespeed\\\/avatar\\\/82faf979976f1bae889b8b71f8a0a7e5.jpg?ver=1777419741\",\"url\":\"https:\\\/\\\/vocesdelacomuna15.com.ar\\\/wp-content\\\/litespeed\\\/avatar\\\/82faf979976f1bae889b8b71f8a0a7e5.jpg?ver=1777419741\",\"contentUrl\":\"https:\\\/\\\/vocesdelacomuna15.com.ar\\\/wp-content\\\/litespeed\\\/avatar\\\/82faf979976f1bae889b8b71f8a0a7e5.jpg?ver=1777419741\",\"caption\":\"Federico Arguto\"},\"url\":\"https:\\\/\\\/vocesdelacomuna15.com.ar\\\/press\\\/author\\\/fede\\\/\"}]}<\/script>\n<!-- \/ Yoast SEO plugin. -->","yoast_head_json":{"title":"Tiroteo en Villa Crespo: un polic\u00eda se baj\u00f3 del auto, dispar\u00f3 14 veces e hiri\u00f3 a un hombre - Voces de la Comuna 15","description":"Voces de la Comuna 15","robots":{"index":"index","follow":"follow","max-snippet":"max-snippet:-1","max-image-preview":"max-image-preview:large","max-video-preview":"max-video-preview:-1"},"canonical":"https:\/\/vocesdelacomuna15.com.ar\/press\/tiroteo-en-villa-crespo-un-policia-se-bajo-del-auto-disparo-14-veces-e-hirio-a-un-hombre\/","og_locale":"es_ES","og_type":"article","og_title":"Tiroteo en Villa Crespo: un polic\u00eda se baj\u00f3 del auto, dispar\u00f3 14 veces e hiri\u00f3 a un hombre - Voces de la Comuna 15","og_description":"Voces de la Comuna 15","og_url":"https:\/\/vocesdelacomuna15.com.ar\/press\/tiroteo-en-villa-crespo-un-policia-se-bajo-del-auto-disparo-14-veces-e-hirio-a-un-hombre\/","og_site_name":"Voces de la Comuna 15","article_publisher":"https:\/\/www.facebook.com\/VocesComuna15\/","article_published_time":"2026-01-23T19:29:18+00:00","article_modified_time":"2026-01-23T19:31:16+00:00","og_image":[{"width":512,"height":512,"url":"https:\/\/vocesdelacomuna15.com.ar\/wp-content\/uploads\/2024\/12\/cropped-logo_voces.jpg","type":"image\/jpeg"}],"author":"Federico Arguto","twitter_card":"summary_large_image","twitter_creator":"@vocescomuna15","twitter_site":"@vocescomuna15","twitter_misc":{"Escrito por":"Federico Arguto","Tiempo de lectura":"5 minutos"},"schema":{"@context":"https:\/\/schema.org","@graph":[{"@type":"Article","@id":"https:\/\/vocesdelacomuna15.com.ar\/press\/tiroteo-en-villa-crespo-un-policia-se-bajo-del-auto-disparo-14-veces-e-hirio-a-un-hombre\/#article","isPartOf":{"@id":"https:\/\/vocesdelacomuna15.com.ar\/press\/tiroteo-en-villa-crespo-un-policia-se-bajo-del-auto-disparo-14-veces-e-hirio-a-un-hombre\/"},"author":{"name":"Federico Arguto","@id":"https:\/\/vocesdelacomuna15.com.ar\/press\/#\/schema\/person\/4739e109db25d799cd3d139eeb509e43"},"headline":"Tiroteo en Villa Crespo: un polic\u00eda se baj\u00f3 del auto, dispar\u00f3 14 veces e hiri\u00f3 a un hombre","datePublished":"2026-01-23T19:29:18+00:00","dateModified":"2026-01-23T19:31:16+00:00","mainEntityOfPage":{"@id":"https:\/\/vocesdelacomuna15.com.ar\/press\/tiroteo-en-villa-crespo-un-policia-se-bajo-del-auto-disparo-14-veces-e-hirio-a-un-hombre\/"},"wordCount":797,"commentCount":0,"publisher":{"@id":"https:\/\/vocesdelacomuna15.com.ar\/press\/#organization"},"image":{"@id":"https:\/\/vocesdelacomuna15.com.ar\/press\/tiroteo-en-villa-crespo-un-policia-se-bajo-del-auto-disparo-14-veces-e-hirio-a-un-hombre\/#primaryimage"},"thumbnailUrl":"https:\/\/vocesdelacomuna15.com.ar\/wp-content\/uploads\/2026\/01\/un-hombre-abrio-fuego-en-la-esquina-de-fitz-roy-y-JBL2DYMPQ5GCZCCZYVYZFWBJEI.avif","articleSection":["Policial","Villa Crespo"],"inLanguage":"es-AR","potentialAction":[{"@type":"CommentAction","name":"Comment","target":["https:\/\/vocesdelacomuna15.com.ar\/press\/tiroteo-en-villa-crespo-un-policia-se-bajo-del-auto-disparo-14-veces-e-hirio-a-un-hombre\/#respond"]}]},{"@type":"WebPage","@id":"https:\/\/vocesdelacomuna15.com.ar\/press\/tiroteo-en-villa-crespo-un-policia-se-bajo-del-auto-disparo-14-veces-e-hirio-a-un-hombre\/","url":"https:\/\/vocesdelacomuna15.com.ar\/press\/tiroteo-en-villa-crespo-un-policia-se-bajo-del-auto-disparo-14-veces-e-hirio-a-un-hombre\/","name":"Tiroteo en Villa Crespo: un polic\u00eda se baj\u00f3 del auto, dispar\u00f3 14 veces e hiri\u00f3 a un hombre - Voces de la Comuna 15","isPartOf":{"@id":"https:\/\/vocesdelacomuna15.com.ar\/press\/#website"},"primaryImageOfPage":{"@id":"https:\/\/vocesdelacomuna15.com.ar\/press\/tiroteo-en-villa-crespo-un-policia-se-bajo-del-auto-disparo-14-veces-e-hirio-a-un-hombre\/#primaryimage"},"image":{"@id":"https:\/\/vocesdelacomuna15.com.ar\/press\/tiroteo-en-villa-crespo-un-policia-se-bajo-del-auto-disparo-14-veces-e-hirio-a-un-hombre\/#primaryimage"},"thumbnailUrl":"https:\/\/vocesdelacomuna15.com.ar\/wp-content\/uploads\/2026\/01\/un-hombre-abrio-fuego-en-la-esquina-de-fitz-roy-y-JBL2DYMPQ5GCZCCZYVYZFWBJEI.avif","datePublished":"2026-01-23T19:29:18+00:00","dateModified":"2026-01-23T19:31:16+00:00","description":"Voces de la Comuna 15","breadcrumb":{"@id":"https:\/\/vocesdelacomuna15.com.ar\/press\/tiroteo-en-villa-crespo-un-policia-se-bajo-del-auto-disparo-14-veces-e-hirio-a-un-hombre\/#breadcrumb"},"inLanguage":"es-AR","potentialAction":[{"@type":"ReadAction","target":["https:\/\/vocesdelacomuna15.com.ar\/press\/tiroteo-en-villa-crespo-un-policia-se-bajo-del-auto-disparo-14-veces-e-hirio-a-un-hombre\/"]}]},{"@type":"ImageObject","inLanguage":"es-AR","@id":"https:\/\/vocesdelacomuna15.com.ar\/press\/tiroteo-en-villa-crespo-un-policia-se-bajo-del-auto-disparo-14-veces-e-hirio-a-un-hombre\/#primaryimage","url":"https:\/\/vocesdelacomuna15.com.ar\/wp-content\/uploads\/2026\/01\/un-hombre-abrio-fuego-en-la-esquina-de-fitz-roy-y-JBL2DYMPQ5GCZCCZYVYZFWBJEI.avif","contentUrl":"https:\/\/vocesdelacomuna15.com.ar\/wp-content\/uploads\/2026\/01\/un-hombre-abrio-fuego-en-la-esquina-de-fitz-roy-y-JBL2DYMPQ5GCZCCZYVYZFWBJEI.avif","width":880,"height":586},{"@type":"BreadcrumbList","@id":"https:\/\/vocesdelacomuna15.com.ar\/press\/tiroteo-en-villa-crespo-un-policia-se-bajo-del-auto-disparo-14-veces-e-hirio-a-un-hombre\/#breadcrumb","itemListElement":[{"@type":"ListItem","position":1,"name":"Inicio","item":"https:\/\/vocesdelacomuna15.com.ar\/press\/"},{"@type":"ListItem","position":2,"name":"Tiroteo en Villa Crespo: un polic\u00eda se baj\u00f3 del auto, dispar\u00f3 14 veces e hiri\u00f3 a un hombre"}]},{"@type":"WebSite","@id":"https:\/\/vocesdelacomuna15.com.ar\/press\/#website","url":"https:\/\/vocesdelacomuna15.com.ar\/press\/","name":"Voces de la Comuna 15","description":"Sitio web de noticias","publisher":{"@id":"https:\/\/vocesdelacomuna15.com.ar\/press\/#organization"},"potentialAction":[{"@type":"SearchAction","target":{"@type":"EntryPoint","urlTemplate":"https:\/\/vocesdelacomuna15.com.ar\/press\/?s={search_term_string}"},"query-input":{"@type":"PropertyValueSpecification","valueRequired":true,"valueName":"search_term_string"}}],"inLanguage":"es-AR"},{"@type":"Organization","@id":"https:\/\/vocesdelacomuna15.com.ar\/press\/#organization","name":"Voces de la Comuna 15","url":"https:\/\/vocesdelacomuna15.com.ar\/press\/","logo":{"@type":"ImageObject","inLanguage":"es-AR","@id":"https:\/\/vocesdelacomuna15.com.ar\/press\/#\/schema\/logo\/image\/","url":"https:\/\/vocesdelacomuna15.com.ar\/wp-content\/uploads\/2024\/12\/cropped-logo_voces.jpg","contentUrl":"https:\/\/vocesdelacomuna15.com.ar\/wp-content\/uploads\/2024\/12\/cropped-logo_voces.jpg","width":512,"height":512,"caption":"Voces de la Comuna 15"},"image":{"@id":"https:\/\/vocesdelacomuna15.com.ar\/press\/#\/schema\/logo\/image\/"},"sameAs":["https:\/\/www.facebook.com\/VocesComuna15\/","https:\/\/x.com\/vocescomuna15"]},{"@type":"Person","@id":"https:\/\/vocesdelacomuna15.com.ar\/press\/#\/schema\/person\/4739e109db25d799cd3d139eeb509e43","name":"Federico Arguto","image":{"@type":"ImageObject","inLanguage":"es-AR","@id":"https:\/\/vocesdelacomuna15.com.ar\/wp-content\/litespeed\/avatar\/82faf979976f1bae889b8b71f8a0a7e5.jpg?ver=1777419741","url":"https:\/\/vocesdelacomuna15.com.ar\/wp-content\/litespeed\/avatar\/82faf979976f1bae889b8b71f8a0a7e5.jpg?ver=1777419741","contentUrl":"https:\/\/vocesdelacomuna15.com.ar\/wp-content\/litespeed\/avatar\/82faf979976f1bae889b8b71f8a0a7e5.jpg?ver=1777419741","caption":"Federico Arguto"},"url":"https:\/\/vocesdelacomuna15.com.ar\/press\/author\/fede\/"}]}},"_links":{"self":[{"href":"https:\/\/vocesdelacomuna15.com.ar\/press\/wp-json\/wp\/v2\/posts\/68924","targetHints":{"allow":["GET"]}}],"collection":[{"href":"https:\/\/vocesdelacomuna15.com.ar\/press\/wp-json\/wp\/v2\/posts"}],"about":[{"href":"https:\/\/vocesdelacomuna15.com.ar\/press\/wp-json\/wp\/v2\/types\/post"}],"author":[{"embeddable":true,"href":"https:\/\/vocesdelacomuna15.com.ar\/press\/wp-json\/wp\/v2\/users\/2"}],"replies":[{"embeddable":true,"href":"https:\/\/vocesdelacomuna15.com.ar\/press\/wp-json\/wp\/v2\/comments?post=68924"}],"version-history":[{"count":2,"href":"https:\/\/vocesdelacomuna15.com.ar\/press\/wp-json\/wp\/v2\/posts\/68924\/revisions"}],"predecessor-version":[{"id":68928,"href":"https:\/\/vocesdelacomuna15.com.ar\/press\/wp-json\/wp\/v2\/posts\/68924\/revisions\/68928"}],"wp:featuredmedia":[{"embeddable":true,"href":"https:\/\/vocesdelacomuna15.com.ar\/press\/wp-json\/wp\/v2\/media\/68925"}],"wp:attachment":[{"href":"https:\/\/vocesdelacomuna15.com.ar\/press\/wp-json\/wp\/v2\/media?parent=68924"}],"wp:term":[{"taxonomy":"category","embeddable":true,"href":"https:\/\/vocesdelacomuna15.com.ar\/press\/wp-json\/wp\/v2\/categories?post=68924"},{"taxonomy":"post_tag","embeddable":true,"href":"https:\/\/vocesdelacomuna15.com.ar\/press\/wp-json\/wp\/v2\/tags?post=68924"}],"curies":[{"name":"wp","href":"https:\/\/api.w.org\/{rel}","templated":true}]}}