{"id":68918,"date":"2026-01-23T16:14:53","date_gmt":"2026-01-23T19:14:53","guid":{"rendered":"https:\/\/vocesdelacomuna15.com.ar\/press\/?p=68918"},"modified":"2026-01-23T16:14:55","modified_gmt":"2026-01-23T19:14:55","slug":"derrumbe-en-villa-crespo-cayo-un-balancin-de-una-obra-en-construccion-sobre-el-techo-de-una-casa-y-rompio-el-tanque-de-agua","status":"publish","type":"post","link":"https:\/\/vocesdelacomuna15.com.ar\/press\/derrumbe-en-villa-crespo-cayo-un-balancin-de-una-obra-en-construccion-sobre-el-techo-de-una-casa-y-rompio-el-tanque-de-agua\/","title":{"rendered":"Derrumbe en Villa Crespo: cay\u00f3 un balanc\u00edn de una obra en construcci\u00f3n sobre el techo de una casa y rompi\u00f3 el tanque de agua"},"content":{"rendered":"\n<p>Los due\u00f1os de la casa denunciaron que faltan medidas de seguridad, y que los obreros no respetan los horarios de ruidos molestos. Adem\u00e1s dijeron que hay al menos seis obras en construcci\u00f3n en la misma manzana.<\/p>\n\n\n\n<p>Fuente: https:\/\/www.clarin.com\/<\/p>\n\n\n\n<p>Este martes por la ma\u00f1ana,&nbsp;<strong>una obra en construcci\u00f3n sufri\u00f3 un derrumbe&nbsp;<\/strong>en el barrio porte\u00f1o de&nbsp;<strong>Villa Crespo:&nbsp;<\/strong>un balanc\u00edn, estructura met\u00e1lica que se cuelga para realizar tareas en altura, colaps\u00f3 sobre la vivienda lindera, provocando la ruptura del tanque de agua.<\/p>\n\n\n\n<p>Los due\u00f1os de la vivienda afectada, Daniel y Graciela, denunciaron que el balanc\u00edn cay\u00f3 sobre el techo de la habitaci\u00f3n de sus hijos y apuntaron contra el Gobierno de la Ciudad de Buenos Aires por no exigir medidas de precauci\u00f3n en la&nbsp;<strong>gran cantidad de obras que se realizan en el barrio.<\/strong><\/p>\n\n\n\n<p>En este sentido, Graciela se\u00f1al\u00f3 que la ca\u00edda del balanc\u00edn fue producto de &#8220;un acto de inconsciencia, como tantos que hay en las obras en edificaci\u00f3n.&nbsp;<strong>Las autoridades no responden<\/strong>, s\u00f3lo pasan a ver c\u00f3mo est\u00e1 todo y siguen de largo hasta que pasan estas cosas&#8221;.<\/p>\n\n\n\n<p>En di\u00e1logo con&nbsp;<em>C5N<\/em>, Daniel agreg\u00f3 que esta situaci\u00f3n &#8220;no es la primera&#8221;, sino que &#8220;desde que empez\u00f3 la obra se sumaron molestias, grietas en paredes, humedad, ruidos excesivos durante el d\u00eda&#8221;.<\/p>\n\n\n\n<p class=\"has-text-align-left\">Asimismo, marc\u00f3 que adem\u00e1s del edificio en construcci\u00f3n de al lado, causante del derrumbe de esta ma\u00f1ana, hay otros &#8220;seis o siete&#8221; obras habilitadas en la cuadra, algunas ya encaminadas y otras por comenzar. &#8220;Una locura&#8221;, expres\u00f3 con indignaci\u00f3n.<\/p>\n\n\n\n<p class=\"has-text-align-center\"><img loading=\"lazy\" decoding=\"async\" width=\"720\" height=\"480\" src=\"https:\/\/www.clarin.com\/img\/2026\/01\/20\/8qhxiRejE_720x0__1.jpg\" alt=\"Derrumbe en una obra construccion Villa Crespo: cayo un balancin y rompio tanque de agua. Foto Maxi Failla.\"><\/p>\n\n\n\n<p>El incidente ocurri\u00f3 sobre la calle&nbsp;<strong>Bonpland al 1000, entre Aguirre y Loyola,&nbsp;<\/strong>a las 10 de la ma\u00f1ana. Desde el SAME reportaron a&nbsp;<em>Clar\u00edn<\/em>&nbsp;que por el momento no han atendido a ning\u00fan herido de la obra en construcci\u00f3n. Sin embargo, Daniel aclar\u00f3 que no han permitido ingresar a los param\u00e9dicos para constatar que est\u00e9n todos los trabajadores bien.<\/p>\n\n\n\n<p>&#8220;La gente del SAME no pudo entrar, me dijeron&#8221;, indic\u00f3 Daniel al m\u00f3vil televisivo y se\u00f1al\u00f3 adem\u00e1s que luego de m\u00e1s de una hora desde la ca\u00edda del balanc\u00edn sobre el techo de su casa todav\u00eda\u00a0<strong>no se hab\u00eda acercado ning\u00fan responsable<\/strong>\u00a0de la construcci\u00f3n para hacerse cargo.<\/p>\n\n\n\n<p class=\"has-text-align-left\">&#8220;No es la primera vez que pedimos presencia de responsables. Les avisamos que nos est\u00e1n generando malestar y no aparecen. Hace tres d\u00edas se quedaron trabajando hasta las 8 de la noche. Esto es la frutilla del postre.\u00a0<strong>Esta destrucci\u00f3n que tengo ac\u00e1 arriba, \u00bfqui\u00e9n se hace cargo?<\/strong>&#8220;, cuestion\u00f3 el vecino de Villa Crespo.<\/p>\n\n\n\n<p>Por su parte, Graciela coment\u00f3 que estaba en la habitaci\u00f3n que recibi\u00f3 el impacto del balac\u00edn.&nbsp;<strong>&#8220;No me mat\u00f3 por casualidad&#8221;,&nbsp;<\/strong>expres\u00f3 y dijo que &#8220;hace d\u00edas ten\u00eda el presentimiento de que algo as\u00ed iba a pasar&#8221;.<\/p>\n\n\n\n<p>&#8220;Pago todos los impuestos, porque no me perdonan un centavo, incluido el ABL, que es impagable, para vivir en el caos&#8221;, protest\u00f3 la mujer.<\/p>\n\n\n\n<p class=\"has-text-align-center\"><img loading=\"lazy\" decoding=\"async\" width=\"720\" height=\"480\" src=\"https:\/\/www.clarin.com\/img\/2026\/01\/20\/ISCr4ifIQ_720x0__1.jpg\" alt=\"Obras en construcci\u00f3n en Villa Crespo: denuncian que no cumplen normas de seguridad. Foto Maxi Failla\"><\/p>\n\n\n\n<p>En tanto que la pareja no descart\u00f3 iniciar&nbsp;<strong>acciones legales<\/strong>&nbsp;contra la constructora responsable del derrumbe y Daniel marc\u00f3: &#8220;No estamos en condiciones de seguridad suficientes. M\u00e1s all\u00e1 de las molestias, es una cuesti\u00f3n de vida&#8221;.<\/p>\n\n\n\n<p>&#8220;El otro d\u00eda estaban con ese balanc\u00edn sobre el jard\u00edn de casa. Si pasaba esto, nos mataba. Me hicieron un desastre, que tuve que limpiar yo&#8221;, detall\u00f3.<\/p>\n\n\n\n<p class=\"has-text-align-center\"><img loading=\"lazy\" decoding=\"async\" width=\"720\" height=\"480\" src=\"https:\/\/www.clarin.com\/img\/2026\/01\/20\/x8JO4YRU4_720x0__1.jpg\" alt=\"Vecinos de Villa Crespo denuncian a una constructora por derrumbe y molestias permanentes.\"><\/p>\n\n\n\n<p>Asimismo, la pareja revel\u00f3 que tuvieron que pedir un pr\u00e9stamo para levantar una divisi\u00f3n por sobre la medianera porque la presencia de los obreros invad\u00eda su privacidad, dado que se puede ver desde la obra directamente hacia su cuarto y otras \u00e1reas de la casa.<\/p>\n\n\n\n<p>&#8220;Todav\u00eda falta para la finalizaci\u00f3n de la obra. \u00bfCu\u00e1nto m\u00e1s da\u00f1o puede llegar a hacernos?&#8221;, se pregunt\u00f3 Daniel.<\/p>\n\n\n\n<p>Caracteres: 3269<\/p>\n<div class=\"pvc_clear\"><\/div><p id=\"pvc_stats_68918\" class=\"pvc_stats all  \" data-element-id=\"68918\" style=\"\"><i class=\"pvc-stats-icon small\" aria-hidden=\"true\"><svg aria-hidden=\"true\" focusable=\"false\" data-prefix=\"far\" data-icon=\"chart-bar\" role=\"img\" xmlns=\"http:\/\/www.w3.org\/2000\/svg\" viewBox=\"0 0 512 512\" class=\"svg-inline--fa fa-chart-bar fa-w-16 fa-2x\"><path fill=\"currentColor\" d=\"M396.8 352h22.4c6.4 0 12.8-6.4 12.8-12.8V108.8c0-6.4-6.4-12.8-12.8-12.8h-22.4c-6.4 0-12.8 6.4-12.8 12.8v230.4c0 6.4 6.4 12.8 12.8 12.8zm-192 0h22.4c6.4 0 12.8-6.4 12.8-12.8V140.8c0-6.4-6.4-12.8-12.8-12.8h-22.4c-6.4 0-12.8 6.4-12.8 12.8v198.4c0 6.4 6.4 12.8 12.8 12.8zm96 0h22.4c6.4 0 12.8-6.4 12.8-12.8V204.8c0-6.4-6.4-12.8-12.8-12.8h-22.4c-6.4 0-12.8 6.4-12.8 12.8v134.4c0 6.4 6.4 12.8 12.8 12.8zM496 400H48V80c0-8.84-7.16-16-16-16H16C7.16 64 0 71.16 0 80v336c0 17.67 14.33 32 32 32h464c8.84 0 16-7.16 16-16v-16c0-8.84-7.16-16-16-16zm-387.2-48h22.4c6.4 0 12.8-6.4 12.8-12.8v-70.4c0-6.4-6.4-12.8-12.8-12.8h-22.4c-6.4 0-12.8 6.4-12.8 12.8v70.4c0 6.4 6.4 12.8 12.8 12.8z\" class=\"\"><\/path><\/svg><\/i> <img loading=\"lazy\" decoding=\"async\" width=\"16\" height=\"16\" alt=\"Loading\" src=\"https:\/\/vocesdelacomuna15.com.ar\/wp-content\/plugins\/page-views-count\/ajax-loader-2x.gif\" border=0 \/><\/p><div class=\"pvc_clear\"><\/div>","protected":false},"excerpt":{"rendered":"<p>Los due\u00f1os de la casa denunciaron que faltan medidas de seguridad, y que los obreros no respetan los horarios de ruidos molestos. Adem\u00e1s dijeron que hay al menos seis obras en construcci\u00f3n en la misma manzana. Fuente: https:\/\/www.clarin.com\/ Este martes por la ma\u00f1ana,&nbsp;una obra en construcci\u00f3n sufri\u00f3 un derrumbe&nbsp;en el barrio porte\u00f1o de&nbsp;Villa Crespo:&nbsp;un balanc\u00edn, [&hellip;]<\/p>\n<div class=\"pvc_clear\"><\/div>\n<p id=\"pvc_stats_68918\" class=\"pvc_stats all  \" data-element-id=\"68918\" style=\"\"><i class=\"pvc-stats-icon small\" aria-hidden=\"true\"><svg aria-hidden=\"true\" focusable=\"false\" data-prefix=\"far\" data-icon=\"chart-bar\" role=\"img\" xmlns=\"http:\/\/www.w3.org\/2000\/svg\" viewBox=\"0 0 512 512\" class=\"svg-inline--fa fa-chart-bar fa-w-16 fa-2x\"><path fill=\"currentColor\" d=\"M396.8 352h22.4c6.4 0 12.8-6.4 12.8-12.8V108.8c0-6.4-6.4-12.8-12.8-12.8h-22.4c-6.4 0-12.8 6.4-12.8 12.8v230.4c0 6.4 6.4 12.8 12.8 12.8zm-192 0h22.4c6.4 0 12.8-6.4 12.8-12.8V140.8c0-6.4-6.4-12.8-12.8-12.8h-22.4c-6.4 0-12.8 6.4-12.8 12.8v198.4c0 6.4 6.4 12.8 12.8 12.8zm96 0h22.4c6.4 0 12.8-6.4 12.8-12.8V204.8c0-6.4-6.4-12.8-12.8-12.8h-22.4c-6.4 0-12.8 6.4-12.8 12.8v134.4c0 6.4 6.4 12.8 12.8 12.8zM496 400H48V80c0-8.84-7.16-16-16-16H16C7.16 64 0 71.16 0 80v336c0 17.67 14.33 32 32 32h464c8.84 0 16-7.16 16-16v-16c0-8.84-7.16-16-16-16zm-387.2-48h22.4c6.4 0 12.8-6.4 12.8-12.8v-70.4c0-6.4-6.4-12.8-12.8-12.8h-22.4c-6.4 0-12.8 6.4-12.8 12.8v70.4c0 6.4 6.4 12.8 12.8 12.8z\" class=\"\"><\/path><\/svg><\/i> <img loading=\"lazy\" decoding=\"async\" width=\"16\" height=\"16\" alt=\"Loading\" src=\"https:\/\/vocesdelacomuna15.com.ar\/wp-content\/plugins\/page-views-count\/ajax-loader-2x.gif\" border=0 \/><\/p>\n<div class=\"pvc_clear\"><\/div>\n","protected":false},"author":2,"featured_media":68920,"comment_status":"open","ping_status":"open","sticky":false,"template":"","format":"standard","meta":{"_et_pb_use_builder":"off","_et_pb_old_content":"","_et_gb_content_width":"","footnotes":""},"categories":[8,32],"tags":[],"class_list":["post-68918","post","type-post","status-publish","format-standard","has-post-thumbnail","hentry","category-sociedad","category-vcre","et-has-post-format-content","et_post_format-et-post-format-standard"],"a3_pvc":{"activated":true,"total_views":37,"today_views":1},"yoast_head":"<!-- This site is optimized with the Yoast SEO plugin v27.5 - https:\/\/yoast.com\/product\/yoast-seo-wordpress\/ -->\n<title>Derrumbe en Villa Crespo: cay\u00f3 un balanc\u00edn de una obra en construcci\u00f3n sobre el techo de una casa y rompi\u00f3 el tanque de agua - Voces de la Comuna 15<\/title>\n<meta name=\"description\" content=\"Voces de la Comuna 15\" \/>\n<meta name=\"robots\" content=\"index, follow, max-snippet:-1, max-image-preview:large, max-video-preview:-1\" \/>\n<link rel=\"canonical\" href=\"https:\/\/vocesdelacomuna15.com.ar\/press\/derrumbe-en-villa-crespo-cayo-un-balancin-de-una-obra-en-construccion-sobre-el-techo-de-una-casa-y-rompio-el-tanque-de-agua\/\" \/>\n<meta property=\"og:locale\" content=\"es_ES\" \/>\n<meta property=\"og:type\" content=\"article\" \/>\n<meta property=\"og:title\" content=\"Derrumbe en Villa Crespo: cay\u00f3 un balanc\u00edn de una obra en construcci\u00f3n sobre el techo de una casa y rompi\u00f3 el tanque de agua - Voces de la Comuna 15\" \/>\n<meta property=\"og:description\" content=\"Voces de la Comuna 15\" \/>\n<meta property=\"og:url\" content=\"https:\/\/vocesdelacomuna15.com.ar\/press\/derrumbe-en-villa-crespo-cayo-un-balancin-de-una-obra-en-construccion-sobre-el-techo-de-una-casa-y-rompio-el-tanque-de-agua\/\" \/>\n<meta property=\"og:site_name\" content=\"Voces de la Comuna 15\" \/>\n<meta property=\"article:publisher\" content=\"https:\/\/www.facebook.com\/VocesComuna15\/\" \/>\n<meta property=\"article:published_time\" content=\"2026-01-23T19:14:53+00:00\" \/>\n<meta property=\"article:modified_time\" content=\"2026-01-23T19:14:55+00:00\" \/>\n<meta property=\"og:image\" content=\"https:\/\/vocesdelacomuna15.com.ar\/wp-content\/uploads\/2026\/01\/sOaFgxgUw_720x0__1.avif\" \/>\n\t<meta property=\"og:image:width\" content=\"720\" \/>\n\t<meta property=\"og:image:height\" content=\"480\" \/>\n\t<meta property=\"og:image:type\" content=\"image\/jpeg\" \/>\n<meta name=\"author\" content=\"Federico Arguto\" \/>\n<meta name=\"twitter:card\" content=\"summary_large_image\" \/>\n<meta name=\"twitter:creator\" content=\"@vocescomuna15\" \/>\n<meta name=\"twitter:site\" content=\"@vocescomuna15\" \/>\n<meta name=\"twitter:label1\" content=\"Escrito por\" \/>\n\t<meta name=\"twitter:data1\" content=\"Federico Arguto\" \/>\n\t<meta name=\"twitter:label2\" content=\"Tiempo de lectura\" \/>\n\t<meta name=\"twitter:data2\" content=\"4 minutos\" \/>\n<script type=\"application\/ld+json\" class=\"yoast-schema-graph\">{\"@context\":\"https:\\\/\\\/schema.org\",\"@graph\":[{\"@type\":\"Article\",\"@id\":\"https:\\\/\\\/vocesdelacomuna15.com.ar\\\/press\\\/derrumbe-en-villa-crespo-cayo-un-balancin-de-una-obra-en-construccion-sobre-el-techo-de-una-casa-y-rompio-el-tanque-de-agua\\\/#article\",\"isPartOf\":{\"@id\":\"https:\\\/\\\/vocesdelacomuna15.com.ar\\\/press\\\/derrumbe-en-villa-crespo-cayo-un-balancin-de-una-obra-en-construccion-sobre-el-techo-de-una-casa-y-rompio-el-tanque-de-agua\\\/\"},\"author\":{\"name\":\"Federico Arguto\",\"@id\":\"https:\\\/\\\/vocesdelacomuna15.com.ar\\\/press\\\/#\\\/schema\\\/person\\\/4739e109db25d799cd3d139eeb509e43\"},\"headline\":\"Derrumbe en Villa Crespo: cay\u00f3 un balanc\u00edn de una obra en construcci\u00f3n sobre el techo de una casa y rompi\u00f3 el tanque de agua\",\"datePublished\":\"2026-01-23T19:14:53+00:00\",\"dateModified\":\"2026-01-23T19:14:55+00:00\",\"mainEntityOfPage\":{\"@id\":\"https:\\\/\\\/vocesdelacomuna15.com.ar\\\/press\\\/derrumbe-en-villa-crespo-cayo-un-balancin-de-una-obra-en-construccion-sobre-el-techo-de-una-casa-y-rompio-el-tanque-de-agua\\\/\"},\"wordCount\":704,\"commentCount\":0,\"publisher\":{\"@id\":\"https:\\\/\\\/vocesdelacomuna15.com.ar\\\/press\\\/#organization\"},\"image\":{\"@id\":\"https:\\\/\\\/vocesdelacomuna15.com.ar\\\/press\\\/derrumbe-en-villa-crespo-cayo-un-balancin-de-una-obra-en-construccion-sobre-el-techo-de-una-casa-y-rompio-el-tanque-de-agua\\\/#primaryimage\"},\"thumbnailUrl\":\"https:\\\/\\\/vocesdelacomuna15.com.ar\\\/wp-content\\\/uploads\\\/2026\\\/01\\\/sOaFgxgUw_720x0__1.avif\",\"articleSection\":[\"Sociedad\",\"Villa Crespo\"],\"inLanguage\":\"es-AR\",\"potentialAction\":[{\"@type\":\"CommentAction\",\"name\":\"Comment\",\"target\":[\"https:\\\/\\\/vocesdelacomuna15.com.ar\\\/press\\\/derrumbe-en-villa-crespo-cayo-un-balancin-de-una-obra-en-construccion-sobre-el-techo-de-una-casa-y-rompio-el-tanque-de-agua\\\/#respond\"]}]},{\"@type\":\"WebPage\",\"@id\":\"https:\\\/\\\/vocesdelacomuna15.com.ar\\\/press\\\/derrumbe-en-villa-crespo-cayo-un-balancin-de-una-obra-en-construccion-sobre-el-techo-de-una-casa-y-rompio-el-tanque-de-agua\\\/\",\"url\":\"https:\\\/\\\/vocesdelacomuna15.com.ar\\\/press\\\/derrumbe-en-villa-crespo-cayo-un-balancin-de-una-obra-en-construccion-sobre-el-techo-de-una-casa-y-rompio-el-tanque-de-agua\\\/\",\"name\":\"Derrumbe en Villa Crespo: cay\u00f3 un balanc\u00edn de una obra en construcci\u00f3n sobre el techo de una casa y rompi\u00f3 el tanque de agua - Voces de la Comuna 15\",\"isPartOf\":{\"@id\":\"https:\\\/\\\/vocesdelacomuna15.com.ar\\\/press\\\/#website\"},\"primaryImageOfPage\":{\"@id\":\"https:\\\/\\\/vocesdelacomuna15.com.ar\\\/press\\\/derrumbe-en-villa-crespo-cayo-un-balancin-de-una-obra-en-construccion-sobre-el-techo-de-una-casa-y-rompio-el-tanque-de-agua\\\/#primaryimage\"},\"image\":{\"@id\":\"https:\\\/\\\/vocesdelacomuna15.com.ar\\\/press\\\/derrumbe-en-villa-crespo-cayo-un-balancin-de-una-obra-en-construccion-sobre-el-techo-de-una-casa-y-rompio-el-tanque-de-agua\\\/#primaryimage\"},\"thumbnailUrl\":\"https:\\\/\\\/vocesdelacomuna15.com.ar\\\/wp-content\\\/uploads\\\/2026\\\/01\\\/sOaFgxgUw_720x0__1.avif\",\"datePublished\":\"2026-01-23T19:14:53+00:00\",\"dateModified\":\"2026-01-23T19:14:55+00:00\",\"description\":\"Voces de la Comuna 15\",\"breadcrumb\":{\"@id\":\"https:\\\/\\\/vocesdelacomuna15.com.ar\\\/press\\\/derrumbe-en-villa-crespo-cayo-un-balancin-de-una-obra-en-construccion-sobre-el-techo-de-una-casa-y-rompio-el-tanque-de-agua\\\/#breadcrumb\"},\"inLanguage\":\"es-AR\",\"potentialAction\":[{\"@type\":\"ReadAction\",\"target\":[\"https:\\\/\\\/vocesdelacomuna15.com.ar\\\/press\\\/derrumbe-en-villa-crespo-cayo-un-balancin-de-una-obra-en-construccion-sobre-el-techo-de-una-casa-y-rompio-el-tanque-de-agua\\\/\"]}]},{\"@type\":\"ImageObject\",\"inLanguage\":\"es-AR\",\"@id\":\"https:\\\/\\\/vocesdelacomuna15.com.ar\\\/press\\\/derrumbe-en-villa-crespo-cayo-un-balancin-de-una-obra-en-construccion-sobre-el-techo-de-una-casa-y-rompio-el-tanque-de-agua\\\/#primaryimage\",\"url\":\"https:\\\/\\\/vocesdelacomuna15.com.ar\\\/wp-content\\\/uploads\\\/2026\\\/01\\\/sOaFgxgUw_720x0__1.avif\",\"contentUrl\":\"https:\\\/\\\/vocesdelacomuna15.com.ar\\\/wp-content\\\/uploads\\\/2026\\\/01\\\/sOaFgxgUw_720x0__1.avif\",\"width\":720,\"height\":480,\"caption\":\"Derrumbe en una obra en construccion en Villa Crespo: cayo un balancin y rompio un tanque de agua en Bonpland 1090. 20.01.2026 Foto Maxi Failla\"},{\"@type\":\"BreadcrumbList\",\"@id\":\"https:\\\/\\\/vocesdelacomuna15.com.ar\\\/press\\\/derrumbe-en-villa-crespo-cayo-un-balancin-de-una-obra-en-construccion-sobre-el-techo-de-una-casa-y-rompio-el-tanque-de-agua\\\/#breadcrumb\",\"itemListElement\":[{\"@type\":\"ListItem\",\"position\":1,\"name\":\"Inicio\",\"item\":\"https:\\\/\\\/vocesdelacomuna15.com.ar\\\/press\\\/\"},{\"@type\":\"ListItem\",\"position\":2,\"name\":\"Derrumbe en Villa Crespo: cay\u00f3 un balanc\u00edn de una obra en construcci\u00f3n sobre el techo de una casa y rompi\u00f3 el tanque de agua\"}]},{\"@type\":\"WebSite\",\"@id\":\"https:\\\/\\\/vocesdelacomuna15.com.ar\\\/press\\\/#website\",\"url\":\"https:\\\/\\\/vocesdelacomuna15.com.ar\\\/press\\\/\",\"name\":\"Voces de la Comuna 15\",\"description\":\"Sitio web de noticias\",\"publisher\":{\"@id\":\"https:\\\/\\\/vocesdelacomuna15.com.ar\\\/press\\\/#organization\"},\"potentialAction\":[{\"@type\":\"SearchAction\",\"target\":{\"@type\":\"EntryPoint\",\"urlTemplate\":\"https:\\\/\\\/vocesdelacomuna15.com.ar\\\/press\\\/?s={search_term_string}\"},\"query-input\":{\"@type\":\"PropertyValueSpecification\",\"valueRequired\":true,\"valueName\":\"search_term_string\"}}],\"inLanguage\":\"es-AR\"},{\"@type\":\"Organization\",\"@id\":\"https:\\\/\\\/vocesdelacomuna15.com.ar\\\/press\\\/#organization\",\"name\":\"Voces de la Comuna 15\",\"url\":\"https:\\\/\\\/vocesdelacomuna15.com.ar\\\/press\\\/\",\"logo\":{\"@type\":\"ImageObject\",\"inLanguage\":\"es-AR\",\"@id\":\"https:\\\/\\\/vocesdelacomuna15.com.ar\\\/press\\\/#\\\/schema\\\/logo\\\/image\\\/\",\"url\":\"https:\\\/\\\/vocesdelacomuna15.com.ar\\\/wp-content\\\/uploads\\\/2024\\\/12\\\/cropped-logo_voces.jpg\",\"contentUrl\":\"https:\\\/\\\/vocesdelacomuna15.com.ar\\\/wp-content\\\/uploads\\\/2024\\\/12\\\/cropped-logo_voces.jpg\",\"width\":512,\"height\":512,\"caption\":\"Voces de la Comuna 15\"},\"image\":{\"@id\":\"https:\\\/\\\/vocesdelacomuna15.com.ar\\\/press\\\/#\\\/schema\\\/logo\\\/image\\\/\"},\"sameAs\":[\"https:\\\/\\\/www.facebook.com\\\/VocesComuna15\\\/\",\"https:\\\/\\\/x.com\\\/vocescomuna15\"]},{\"@type\":\"Person\",\"@id\":\"https:\\\/\\\/vocesdelacomuna15.com.ar\\\/press\\\/#\\\/schema\\\/person\\\/4739e109db25d799cd3d139eeb509e43\",\"name\":\"Federico Arguto\",\"image\":{\"@type\":\"ImageObject\",\"inLanguage\":\"es-AR\",\"@id\":\"https:\\\/\\\/vocesdelacomuna15.com.ar\\\/wp-content\\\/litespeed\\\/avatar\\\/82faf979976f1bae889b8b71f8a0a7e5.jpg?ver=1777419741\",\"url\":\"https:\\\/\\\/vocesdelacomuna15.com.ar\\\/wp-content\\\/litespeed\\\/avatar\\\/82faf979976f1bae889b8b71f8a0a7e5.jpg?ver=1777419741\",\"contentUrl\":\"https:\\\/\\\/vocesdelacomuna15.com.ar\\\/wp-content\\\/litespeed\\\/avatar\\\/82faf979976f1bae889b8b71f8a0a7e5.jpg?ver=1777419741\",\"caption\":\"Federico Arguto\"},\"url\":\"https:\\\/\\\/vocesdelacomuna15.com.ar\\\/press\\\/author\\\/fede\\\/\"}]}<\/script>\n<!-- \/ Yoast SEO plugin. -->","yoast_head_json":{"title":"Derrumbe en Villa Crespo: cay\u00f3 un balanc\u00edn de una obra en construcci\u00f3n sobre el techo de una casa y rompi\u00f3 el tanque de agua - Voces de la Comuna 15","description":"Voces de la Comuna 15","robots":{"index":"index","follow":"follow","max-snippet":"max-snippet:-1","max-image-preview":"max-image-preview:large","max-video-preview":"max-video-preview:-1"},"canonical":"https:\/\/vocesdelacomuna15.com.ar\/press\/derrumbe-en-villa-crespo-cayo-un-balancin-de-una-obra-en-construccion-sobre-el-techo-de-una-casa-y-rompio-el-tanque-de-agua\/","og_locale":"es_ES","og_type":"article","og_title":"Derrumbe en Villa Crespo: cay\u00f3 un balanc\u00edn de una obra en construcci\u00f3n sobre el techo de una casa y rompi\u00f3 el tanque de agua - Voces de la Comuna 15","og_description":"Voces de la Comuna 15","og_url":"https:\/\/vocesdelacomuna15.com.ar\/press\/derrumbe-en-villa-crespo-cayo-un-balancin-de-una-obra-en-construccion-sobre-el-techo-de-una-casa-y-rompio-el-tanque-de-agua\/","og_site_name":"Voces de la Comuna 15","article_publisher":"https:\/\/www.facebook.com\/VocesComuna15\/","article_published_time":"2026-01-23T19:14:53+00:00","article_modified_time":"2026-01-23T19:14:55+00:00","og_image":[{"width":720,"height":480,"url":"https:\/\/vocesdelacomuna15.com.ar\/wp-content\/uploads\/2026\/01\/sOaFgxgUw_720x0__1.avif","type":"image\/jpeg"}],"author":"Federico Arguto","twitter_card":"summary_large_image","twitter_creator":"@vocescomuna15","twitter_site":"@vocescomuna15","twitter_misc":{"Escrito por":"Federico Arguto","Tiempo de lectura":"4 minutos"},"schema":{"@context":"https:\/\/schema.org","@graph":[{"@type":"Article","@id":"https:\/\/vocesdelacomuna15.com.ar\/press\/derrumbe-en-villa-crespo-cayo-un-balancin-de-una-obra-en-construccion-sobre-el-techo-de-una-casa-y-rompio-el-tanque-de-agua\/#article","isPartOf":{"@id":"https:\/\/vocesdelacomuna15.com.ar\/press\/derrumbe-en-villa-crespo-cayo-un-balancin-de-una-obra-en-construccion-sobre-el-techo-de-una-casa-y-rompio-el-tanque-de-agua\/"},"author":{"name":"Federico Arguto","@id":"https:\/\/vocesdelacomuna15.com.ar\/press\/#\/schema\/person\/4739e109db25d799cd3d139eeb509e43"},"headline":"Derrumbe en Villa Crespo: cay\u00f3 un balanc\u00edn de una obra en construcci\u00f3n sobre el techo de una casa y rompi\u00f3 el tanque de agua","datePublished":"2026-01-23T19:14:53+00:00","dateModified":"2026-01-23T19:14:55+00:00","mainEntityOfPage":{"@id":"https:\/\/vocesdelacomuna15.com.ar\/press\/derrumbe-en-villa-crespo-cayo-un-balancin-de-una-obra-en-construccion-sobre-el-techo-de-una-casa-y-rompio-el-tanque-de-agua\/"},"wordCount":704,"commentCount":0,"publisher":{"@id":"https:\/\/vocesdelacomuna15.com.ar\/press\/#organization"},"image":{"@id":"https:\/\/vocesdelacomuna15.com.ar\/press\/derrumbe-en-villa-crespo-cayo-un-balancin-de-una-obra-en-construccion-sobre-el-techo-de-una-casa-y-rompio-el-tanque-de-agua\/#primaryimage"},"thumbnailUrl":"https:\/\/vocesdelacomuna15.com.ar\/wp-content\/uploads\/2026\/01\/sOaFgxgUw_720x0__1.avif","articleSection":["Sociedad","Villa Crespo"],"inLanguage":"es-AR","potentialAction":[{"@type":"CommentAction","name":"Comment","target":["https:\/\/vocesdelacomuna15.com.ar\/press\/derrumbe-en-villa-crespo-cayo-un-balancin-de-una-obra-en-construccion-sobre-el-techo-de-una-casa-y-rompio-el-tanque-de-agua\/#respond"]}]},{"@type":"WebPage","@id":"https:\/\/vocesdelacomuna15.com.ar\/press\/derrumbe-en-villa-crespo-cayo-un-balancin-de-una-obra-en-construccion-sobre-el-techo-de-una-casa-y-rompio-el-tanque-de-agua\/","url":"https:\/\/vocesdelacomuna15.com.ar\/press\/derrumbe-en-villa-crespo-cayo-un-balancin-de-una-obra-en-construccion-sobre-el-techo-de-una-casa-y-rompio-el-tanque-de-agua\/","name":"Derrumbe en Villa Crespo: cay\u00f3 un balanc\u00edn de una obra en construcci\u00f3n sobre el techo de una casa y rompi\u00f3 el tanque de agua - Voces de la Comuna 15","isPartOf":{"@id":"https:\/\/vocesdelacomuna15.com.ar\/press\/#website"},"primaryImageOfPage":{"@id":"https:\/\/vocesdelacomuna15.com.ar\/press\/derrumbe-en-villa-crespo-cayo-un-balancin-de-una-obra-en-construccion-sobre-el-techo-de-una-casa-y-rompio-el-tanque-de-agua\/#primaryimage"},"image":{"@id":"https:\/\/vocesdelacomuna15.com.ar\/press\/derrumbe-en-villa-crespo-cayo-un-balancin-de-una-obra-en-construccion-sobre-el-techo-de-una-casa-y-rompio-el-tanque-de-agua\/#primaryimage"},"thumbnailUrl":"https:\/\/vocesdelacomuna15.com.ar\/wp-content\/uploads\/2026\/01\/sOaFgxgUw_720x0__1.avif","datePublished":"2026-01-23T19:14:53+00:00","dateModified":"2026-01-23T19:14:55+00:00","description":"Voces de la Comuna 15","breadcrumb":{"@id":"https:\/\/vocesdelacomuna15.com.ar\/press\/derrumbe-en-villa-crespo-cayo-un-balancin-de-una-obra-en-construccion-sobre-el-techo-de-una-casa-y-rompio-el-tanque-de-agua\/#breadcrumb"},"inLanguage":"es-AR","potentialAction":[{"@type":"ReadAction","target":["https:\/\/vocesdelacomuna15.com.ar\/press\/derrumbe-en-villa-crespo-cayo-un-balancin-de-una-obra-en-construccion-sobre-el-techo-de-una-casa-y-rompio-el-tanque-de-agua\/"]}]},{"@type":"ImageObject","inLanguage":"es-AR","@id":"https:\/\/vocesdelacomuna15.com.ar\/press\/derrumbe-en-villa-crespo-cayo-un-balancin-de-una-obra-en-construccion-sobre-el-techo-de-una-casa-y-rompio-el-tanque-de-agua\/#primaryimage","url":"https:\/\/vocesdelacomuna15.com.ar\/wp-content\/uploads\/2026\/01\/sOaFgxgUw_720x0__1.avif","contentUrl":"https:\/\/vocesdelacomuna15.com.ar\/wp-content\/uploads\/2026\/01\/sOaFgxgUw_720x0__1.avif","width":720,"height":480,"caption":"Derrumbe en una obra en construccion en Villa Crespo: cayo un balancin y rompio un tanque de agua en Bonpland 1090. 20.01.2026 Foto Maxi Failla"},{"@type":"BreadcrumbList","@id":"https:\/\/vocesdelacomuna15.com.ar\/press\/derrumbe-en-villa-crespo-cayo-un-balancin-de-una-obra-en-construccion-sobre-el-techo-de-una-casa-y-rompio-el-tanque-de-agua\/#breadcrumb","itemListElement":[{"@type":"ListItem","position":1,"name":"Inicio","item":"https:\/\/vocesdelacomuna15.com.ar\/press\/"},{"@type":"ListItem","position":2,"name":"Derrumbe en Villa Crespo: cay\u00f3 un balanc\u00edn de una obra en construcci\u00f3n sobre el techo de una casa y rompi\u00f3 el tanque de agua"}]},{"@type":"WebSite","@id":"https:\/\/vocesdelacomuna15.com.ar\/press\/#website","url":"https:\/\/vocesdelacomuna15.com.ar\/press\/","name":"Voces de la Comuna 15","description":"Sitio web de noticias","publisher":{"@id":"https:\/\/vocesdelacomuna15.com.ar\/press\/#organization"},"potentialAction":[{"@type":"SearchAction","target":{"@type":"EntryPoint","urlTemplate":"https:\/\/vocesdelacomuna15.com.ar\/press\/?s={search_term_string}"},"query-input":{"@type":"PropertyValueSpecification","valueRequired":true,"valueName":"search_term_string"}}],"inLanguage":"es-AR"},{"@type":"Organization","@id":"https:\/\/vocesdelacomuna15.com.ar\/press\/#organization","name":"Voces de la Comuna 15","url":"https:\/\/vocesdelacomuna15.com.ar\/press\/","logo":{"@type":"ImageObject","inLanguage":"es-AR","@id":"https:\/\/vocesdelacomuna15.com.ar\/press\/#\/schema\/logo\/image\/","url":"https:\/\/vocesdelacomuna15.com.ar\/wp-content\/uploads\/2024\/12\/cropped-logo_voces.jpg","contentUrl":"https:\/\/vocesdelacomuna15.com.ar\/wp-content\/uploads\/2024\/12\/cropped-logo_voces.jpg","width":512,"height":512,"caption":"Voces de la Comuna 15"},"image":{"@id":"https:\/\/vocesdelacomuna15.com.ar\/press\/#\/schema\/logo\/image\/"},"sameAs":["https:\/\/www.facebook.com\/VocesComuna15\/","https:\/\/x.com\/vocescomuna15"]},{"@type":"Person","@id":"https:\/\/vocesdelacomuna15.com.ar\/press\/#\/schema\/person\/4739e109db25d799cd3d139eeb509e43","name":"Federico Arguto","image":{"@type":"ImageObject","inLanguage":"es-AR","@id":"https:\/\/vocesdelacomuna15.com.ar\/wp-content\/litespeed\/avatar\/82faf979976f1bae889b8b71f8a0a7e5.jpg?ver=1777419741","url":"https:\/\/vocesdelacomuna15.com.ar\/wp-content\/litespeed\/avatar\/82faf979976f1bae889b8b71f8a0a7e5.jpg?ver=1777419741","contentUrl":"https:\/\/vocesdelacomuna15.com.ar\/wp-content\/litespeed\/avatar\/82faf979976f1bae889b8b71f8a0a7e5.jpg?ver=1777419741","caption":"Federico Arguto"},"url":"https:\/\/vocesdelacomuna15.com.ar\/press\/author\/fede\/"}]}},"_links":{"self":[{"href":"https:\/\/vocesdelacomuna15.com.ar\/press\/wp-json\/wp\/v2\/posts\/68918","targetHints":{"allow":["GET"]}}],"collection":[{"href":"https:\/\/vocesdelacomuna15.com.ar\/press\/wp-json\/wp\/v2\/posts"}],"about":[{"href":"https:\/\/vocesdelacomuna15.com.ar\/press\/wp-json\/wp\/v2\/types\/post"}],"author":[{"embeddable":true,"href":"https:\/\/vocesdelacomuna15.com.ar\/press\/wp-json\/wp\/v2\/users\/2"}],"replies":[{"embeddable":true,"href":"https:\/\/vocesdelacomuna15.com.ar\/press\/wp-json\/wp\/v2\/comments?post=68918"}],"version-history":[{"count":1,"href":"https:\/\/vocesdelacomuna15.com.ar\/press\/wp-json\/wp\/v2\/posts\/68918\/revisions"}],"predecessor-version":[{"id":68921,"href":"https:\/\/vocesdelacomuna15.com.ar\/press\/wp-json\/wp\/v2\/posts\/68918\/revisions\/68921"}],"wp:featuredmedia":[{"embeddable":true,"href":"https:\/\/vocesdelacomuna15.com.ar\/press\/wp-json\/wp\/v2\/media\/68920"}],"wp:attachment":[{"href":"https:\/\/vocesdelacomuna15.com.ar\/press\/wp-json\/wp\/v2\/media?parent=68918"}],"wp:term":[{"taxonomy":"category","embeddable":true,"href":"https:\/\/vocesdelacomuna15.com.ar\/press\/wp-json\/wp\/v2\/categories?post=68918"},{"taxonomy":"post_tag","embeddable":true,"href":"https:\/\/vocesdelacomuna15.com.ar\/press\/wp-json\/wp\/v2\/tags?post=68918"}],"curies":[{"name":"wp","href":"https:\/\/api.w.org\/{rel}","templated":true}]}}