{"id":68914,"date":"2026-01-23T13:01:25","date_gmt":"2026-01-23T16:01:25","guid":{"rendered":"https:\/\/vocesdelacomuna15.com.ar\/press\/?p=68914"},"modified":"2026-01-23T13:01:27","modified_gmt":"2026-01-23T16:01:27","slug":"verano-2026-ya-funcionan-las-colonias-deportivas-en-la-ciudad","status":"publish","type":"post","link":"https:\/\/vocesdelacomuna15.com.ar\/press\/verano-2026-ya-funcionan-las-colonias-deportivas-en-la-ciudad\/","title":{"rendered":"Verano 2026: ya funcionan las colonias deportivas en la Ciudad"},"content":{"rendered":"\n<p>Est\u00e1n en 14 sedes de todo el territorio porte\u00f1o y son gratuitas. Los colonos reciben desayuno, almuerzo y merienda<\/p>\n\n\n\n<p>Foto: Buenosaires.gob.ar<\/p>\n\n\n\n<p>Regresaron las Colonias Deportivas de la Ciudad de Buenos Aires, que est\u00e1n funcionando desde el lunes 5 hasta el viernes 30 de enero, reuniendo a m\u00e1s de 20.000 ni\u00f1os y ni\u00f1as de esta gran urbe. Es una propuesta organizada por el gobierno porte\u00f1o de forma completamente gratuita, desarrollada en 14 sedes repartidas en todo el territorio de la ciudad.<\/p>\n\n\n\n<p>Pueden asistir chicos de entre 4 y 12 a\u00f1os (cumplidos al inicio de la colonia), que cuentan con tres comidas en el d\u00eda: desayuno, almuerzo y merienda. El horario en cuesti\u00f3n es de 9 a 16 horas para la colonia convencional y de 10 a 17 para personas con discapacidades.<\/p>\n\n\n\n<p>Este a\u00f1o, las colonias funcionan en los siguientes polideportivos:<\/p>\n\n\n\n<p><strong>Parque Manuel Belgrano<\/strong>: <a href=\"https:\/\/mapa.buenosaires.gob.ar\/comollego\/?lat=-34.572235&amp;lng=-58.400831&amp;zl=15&amp;modo=transporte&amp;dir=Salguero%2C+Jeronimo+3450\">Salguero 3450<\/a> Tel: 4807-7700<\/p>\n\n\n\n<p><strong>Parque Sarmiento<\/strong>: <a href=\"https:\/\/mapa.buenosaires.gob.ar\/comollego\/?lat=-34.553125&amp;lng=-58.498287&amp;zl=15&amp;modo=transporte&amp;dir=Balbin%2C+Ricardo%2C+Dr.+Av.+4750\">Av. R. Balb\u00edn 4750<\/a> Tel: 4547-0882<\/p>\n\n\n\n<p><strong>Polideportivo Colegiales<\/strong>: <a href=\"https:\/\/mapa.buenosaires.gob.ar\/comollego\/?lat=-34.579023&amp;lng=-58.445184&amp;zl=15&amp;modo=transporte&amp;dir=Freire%2C+Ramon%2C+Cap.+Gral.+234\">Freire 234<\/a> Tel: 4555-6838<\/p>\n\n\n\n<p><strong>Polideportivo Costa Rica<\/strong>: <a href=\"https:\/\/mapa.buenosaires.gob.ar\/comollego\/?lat=-34.592343&amp;lng=-58.476083&amp;zl=15&amp;modo=transporte&amp;dir=De+Los+Constituyentes+Av.+y+Chorroarin+Av.\">Constituyentes y Chorroar\u00edn<\/a> Tel: 4521-8063<\/p>\n\n\n\n<p><strong>Polideportivo Chacabuco<\/strong>: <a href=\"https:\/\/mapa.buenosaires.gob.ar\/comollego\/?lat=-34.632903&amp;lng=-58.444763&amp;zl=15&amp;modo=transporte&amp;dir=Peron%2C+Eva+Av.+1410\">Av. Eva Per\u00f3n 1410<\/a> Tel: 4921- 5776<\/p>\n\n\n\n<p><strong>Polideportivo Avellaneda<\/strong>: <a href=\"https:\/\/mapa.buenosaires.gob.ar\/comollego\/?lat=-34.645813&amp;lng=-58.474195&amp;zl=15&amp;modo=transporte&amp;dir=Lacarra+Av.+1257\">Lacarra 1257<\/a> Tel: 4671-5932<\/p>\n\n\n\n<p><strong>Polideportivo Pomar<\/strong>: <a href=\"https:\/\/mapa.buenosaires.gob.ar\/comollego\/?lat=-34.622614&amp;lng=-58.491061&amp;zl=15&amp;modo=transporte&amp;dir=Mercedes+1300\">Mercedes 1300<\/a> Tel: 4568-0184<\/p>\n\n\n\n<p><strong>Polideportivo Santojanni<\/strong>: <a href=\"https:\/\/mapa.buenosaires.gob.ar\/comollego\/?lat=-34.646554&amp;lng=-58.513634&amp;zl=15&amp;modo=transporte&amp;dir=Patron+6222\">Patr\u00f3n 6222<\/a> Tel: 4641-2462<\/p>\n\n\n\n<p><strong>Polideportivo Dorrego<\/strong>: <a href=\"https:\/\/mapa.buenosaires.gob.ar\/comollego\/?lat=-34.666747&amp;lng=-58.495095&amp;zl=15&amp;modo=transporte&amp;dir=De+La+Torre%2C+Lisandro+Av.+y+Monte\">Lisandro de la Torre y Monte<\/a> Tel: 4687- 6823<\/p>\n\n\n\n<p><strong>Polideportivo Mart\u00edn Fierro<\/strong>: <a href=\"https:\/\/mapa.buenosaires.gob.ar\/comollego\/?lat=-34.626076&amp;lng=-58.408967&amp;zl=15&amp;modo=transporte&amp;dir=Oruro+1300\">Oruro 1300<\/a> Tel: 4941-2054<\/p>\n\n\n\n<p><strong>Polideportivo Patricios<\/strong>: <a href=\"https:\/\/mapa.buenosaires.gob.ar\/comollego\/?lat=-34.639564&amp;lng=-58.408663&amp;zl=15&amp;modo=transporte&amp;dir=Pepiri+135\">Pepiri 135<\/a> Tel: 4911-4642<\/p>\n\n\n\n<p><strong>Polideportivo Pereyra<\/strong>: <a href=\"https:\/\/mapa.buenosaires.gob.ar\/comollego\/?lat=-34.649026&amp;lng=-58.389308&amp;zl=15&amp;modo=transporte&amp;dir=Velez+Sarsfield+Av.+1271\">Velez Sarsfield 1271<\/a> Tel: 4301-3700<\/p>\n\n\n\n<p><strong>Club de Amigos<\/strong>: <a href=\"https:\/\/mapa.buenosaires.gob.ar\/comollego\/?lat=-34.572145&amp;lng=-58.411020&amp;zl=15&amp;modo=transporte&amp;dir=Figueroa+Alcorta%2C+Pres.+Av.+3885\">Av. Pres. Figueroa Alcorta 3885<\/a> Tel. 4801-1213<\/p>\n\n\n\n<p><strong>Parque Roca<\/strong>: <a href=\"https:\/\/mapa.buenosaires.gob.ar\/comollego\/?lat=-34.668255&amp;lng=-58.442266&amp;zl=15&amp;modo=transporte&amp;dir=Roca%2C+Cnel.+Av.+3490\">Avenida Presidente Roca 3490<\/a><\/p>\n\n\n\n<p><strong>Es menester saber que la colonia no cuenta con transporte oficial, por lo que los padres deben llevar y retirar a sus ni\u00f1os. Quienes no asistan por 3 d\u00edas consecutivos sin justificaci\u00f3n perder\u00e1n el cupo, d\u00e1ndose lugar a quienes queden en lista de espera. Esta misma es dada por orden de inscripci\u00f3n y de sede y estar anotado en ella no garantiza la confirmaci\u00f3n. En caso de que los ni\u00f1os necesitan dieta especial para el comedor, habr\u00e1 que presentar el certificado m\u00e9dico el primer d\u00eda de la colonia a los directores de la misma. Y en caso de requerir medicaci\u00f3n habr\u00e1 que informar al m\u00e9dico por escrito en esa misma fecha. Cuando no pueda retirarse al ni\u00f1o de la colonia, este tendr\u00e1 que hacerlo con otra persona, que deber\u00e1 dejar sus datos y fotocopia del DNI al director de la colonia. Cuando llueve, cada polideportivo o parque informar\u00e1 como se desarollar\u00e1n las actividades, dependiendo estas de la disponibildad de espacios cerrados. Es recomendable que cada ni\u00f1o\/a lleve protector solar, repelente, muda de ropa, toallas, ojotas, gorra de pileta, gorro para el sol. Se recomienda tambi\u00e9n que vayan con zapatillas, pudiendo llevar sus propios vasos o botellas para hidrataci\u00f3n personal. Las pertenencias de cada ni\u00f1o\/a tienen que tener nombre y apellido para evitar p\u00e9rdidas. Los chicos\/as no pueden llevar aparatos electr\u00f3nicos como celulares ni alimentos o bebidas, ya que la hidrataci\u00f3n y la comida son provistas por la colonia. Si alg\u00fan ni\u00f1o\/a cumple a\u00f1os, podr\u00e1 llevar golosinas para repartir con sus compa\u00f1eros\/as.<\/strong><\/p>\n\n\n\n<p><strong>COLONIAS PARA PERSONAS CON DISCAPACIDAD<\/strong><\/p>\n\n\n\n<p><strong>Las Colonias Deportivas de la Ciudad de Buenos Aires ofrecen tambi\u00e9n un espacio para personas con discapacidades desde los 6 a\u00f1os, con el objetivo de garantizar su inclusi\u00f3n en un entorno agradable y adaptado. Tambi\u00e9n son gratuitas y se desarollan en distintas sedes porte\u00f1as. Estas colonias est\u00e1n destinadas a personas con discapacidad desde 6 a\u00f1os y sin l\u00edmite de edad, que cuenten con control de esf\u00ednteres (con una excepci\u00f3n que se detalla en el siguiente p\u00e1rrafo) y puedan someterse de forma aut\u00f3noma en actividades grupales.<\/strong><\/p>\n\n\n\n<p><strong>Este a\u00f1o se incorporaron dos espacios en Parque Sarmiento: el Espacio Azul y El Espacio Crecer. El primero est\u00e1 destinado a ni\u00f1os\/as de 6 a 14 a\u00f1os con Trastorno del Especto Autista (TEA), que requieren acompa\u00f1amiento terap\u00e9utico propio. El segundo est\u00e1 orientado a ni\u00f1os\/as de 6 a 14 con discapacidad intelectual sin control de esf\u00ednteres a\u00fan debido a procesos madurativos diferenciados que puedan requerir de su acompa\u00f1ante terap\u00e9utico. Este acompa\u00f1amiento est\u00e1 previsto solo para estos dos espacios mencionados. En estas colonias tambi\u00e9n se ofrece a los colonos desayuno, almuerzo y merienda y hay actividades deportivas, recreativas y acu\u00e1ticas adaptadas a necesidades, intereses y caracter\u00edsticas de cada persona. Se ofrecen adem\u00e1s actividades de estimulaci\u00f3n motriz, juegos sensoriales y propuestas acu\u00e1ticas adaptadas a quienes asisten a las colonias.<\/strong><\/p>\n\n\n\n<h3 class=\"wp-block-heading\">Sedes de colonias para personas con discapacidad:<\/h3>\n\n\n\n<p><strong>Parque Sarmiento<\/strong>: <a href=\"https:\/\/mapa.buenosaires.gob.ar\/comollego\/?lat=-34.553125&amp;lng=-58.498287&amp;zl=15&amp;modo=transporte&amp;dir=Balbin%2C+Ricardo%2C+Dr.+Av.+4750\">Av. R. Balb\u00edn 4750<\/a> Tel: 4547-0882<\/p>\n\n\n\n<p><strong>Polideportivo Avellaneda<\/strong>: <a href=\"https:\/\/mapa.buenosaires.gob.ar\/comollego\/?lat=-34.645813&amp;lng=-58.474195&amp;zl=15&amp;modo=transporte&amp;dir=Lacarra+Av.+1257\">Lacarra 1257<\/a> Tel: 4671-5932<\/p>\n\n\n\n<p><strong>Polideportivo Chacabuco<\/strong>: <a href=\"https:\/\/mapa.buenosaires.gob.ar\/comollego\/?lat=-34.632903&amp;lng=-58.444763&amp;zl=15&amp;modo=transporte&amp;dir=Peron%2C+Eva+Av.+1410\">Av. Eva Per\u00f3n 1410<\/a> Tel: 4921- 5776<\/p>\n\n\n\n<p><strong>Polideportivo Patricios<\/strong>: <a href=\"https:\/\/mapa.buenosaires.gob.ar\/comollego\/?lat=-34.639564&amp;lng=-58.408663&amp;zl=15&amp;modo=transporte&amp;dir=Pepiri+135\">Pepiri 135<\/a> Tel: 4911-4642<\/p>\n\n\n\n<p><strong>Parque Manuel Belgrano<\/strong>: <a href=\"https:\/\/mapa.buenosaires.gob.ar\/comollego\/?lat=-34.572235&amp;lng=-58.400831&amp;zl=15&amp;modo=transporte&amp;dir=Salguero%2C+Jeronimo+3450\">Salguero 3450<\/a>. Tel: 4807-7700<\/p>\n\n\n\n<h3 class=\"wp-block-heading\"><br><\/h3>\n\n\n\n<h3 class=\"wp-block-heading\">Contactos:<\/h3>\n\n\n\n<p>Para m\u00e1s informaci\u00f3n, hay una v\u00eda de contacto, que se suma a los canales habituales de comunicaci\u00f3n de la Secretar\u00eda de Deportes:<\/p>\n\n\n\n<p><strong>Direcci\u00f3n<\/strong>: <a href=\"https:\/\/mapa.buenosaires.gob.ar\/comollego\/?lat=-34.630211&amp;lng=-58.371248&amp;zl=15&amp;modo=transporte&amp;dir=Garcia%2C+Martin+Av.+456\">Av. Mart\u00edn Garc\u00eda 456<\/a>, Edificio Cruz de Malta.<\/p>\n\n\n\n<p><strong>D\u00edas y horario de atenci\u00f3n<\/strong>: de 9 a 15 horas.<\/p>\n\n\n\n<p><strong>Mails<\/strong>:<\/p>\n\n\n\n<p><a href=\"mailto:coloniadeportesba@gmail.com\">coloniadeportes@buenosaires.gob.ar<\/a><\/p>\n\n\n\n<p><a href=\"https:\/\/buenosaires.gob.ar\/noticias\/administracionprogramadiscapacidad@buenosaires.gob.ar\">administracionprogramadiscapacidad@buenosaires.gob.ar<\/a><\/p>\n\n\n\n<p><strong>Redes sociales:<\/strong><\/p>\n\n\n\n<p><a href=\"https:\/\/www.instagram.com\/deportesba\/\">Instagram<\/a>&nbsp;<a href=\"https:\/\/www.facebook.com\/DeportesBA\">Facebook<\/a>&nbsp;<a href=\"https:\/\/twitter.com\/DeportesBA\">Twitter<\/a>&nbsp;<a href=\"https:\/\/www.youtube.com\/user\/DEPORTESBA\">Youtube<\/a><\/p>\n\n\n\n<p><a><\/a> Caracteres: 5.101<\/p>\n<div class=\"pvc_clear\"><\/div><p id=\"pvc_stats_68914\" class=\"pvc_stats all  \" data-element-id=\"68914\" style=\"\"><i class=\"pvc-stats-icon small\" aria-hidden=\"true\"><svg aria-hidden=\"true\" focusable=\"false\" data-prefix=\"far\" data-icon=\"chart-bar\" role=\"img\" xmlns=\"http:\/\/www.w3.org\/2000\/svg\" viewBox=\"0 0 512 512\" class=\"svg-inline--fa fa-chart-bar fa-w-16 fa-2x\"><path fill=\"currentColor\" d=\"M396.8 352h22.4c6.4 0 12.8-6.4 12.8-12.8V108.8c0-6.4-6.4-12.8-12.8-12.8h-22.4c-6.4 0-12.8 6.4-12.8 12.8v230.4c0 6.4 6.4 12.8 12.8 12.8zm-192 0h22.4c6.4 0 12.8-6.4 12.8-12.8V140.8c0-6.4-6.4-12.8-12.8-12.8h-22.4c-6.4 0-12.8 6.4-12.8 12.8v198.4c0 6.4 6.4 12.8 12.8 12.8zm96 0h22.4c6.4 0 12.8-6.4 12.8-12.8V204.8c0-6.4-6.4-12.8-12.8-12.8h-22.4c-6.4 0-12.8 6.4-12.8 12.8v134.4c0 6.4 6.4 12.8 12.8 12.8zM496 400H48V80c0-8.84-7.16-16-16-16H16C7.16 64 0 71.16 0 80v336c0 17.67 14.33 32 32 32h464c8.84 0 16-7.16 16-16v-16c0-8.84-7.16-16-16-16zm-387.2-48h22.4c6.4 0 12.8-6.4 12.8-12.8v-70.4c0-6.4-6.4-12.8-12.8-12.8h-22.4c-6.4 0-12.8 6.4-12.8 12.8v70.4c0 6.4 6.4 12.8 12.8 12.8z\" class=\"\"><\/path><\/svg><\/i> <img loading=\"lazy\" decoding=\"async\" width=\"16\" height=\"16\" alt=\"Loading\" src=\"https:\/\/vocesdelacomuna15.com.ar\/wp-content\/plugins\/page-views-count\/ajax-loader-2x.gif\" border=0 \/><\/p><div class=\"pvc_clear\"><\/div>","protected":false},"excerpt":{"rendered":"<p>Est\u00e1n en 14 sedes de todo el territorio porte\u00f1o y son gratuitas. Los colonos reciben desayuno, almuerzo y merienda Foto: Buenosaires.gob.ar Regresaron las Colonias Deportivas de la Ciudad de Buenos Aires, que est\u00e1n funcionando desde el lunes 5 hasta el viernes 30 de enero, reuniendo a m\u00e1s de 20.000 ni\u00f1os y ni\u00f1as de esta gran [&hellip;]<\/p>\n<div class=\"pvc_clear\"><\/div>\n<p id=\"pvc_stats_68914\" class=\"pvc_stats all  \" data-element-id=\"68914\" style=\"\"><i class=\"pvc-stats-icon small\" aria-hidden=\"true\"><svg aria-hidden=\"true\" focusable=\"false\" data-prefix=\"far\" data-icon=\"chart-bar\" role=\"img\" xmlns=\"http:\/\/www.w3.org\/2000\/svg\" viewBox=\"0 0 512 512\" class=\"svg-inline--fa fa-chart-bar fa-w-16 fa-2x\"><path fill=\"currentColor\" d=\"M396.8 352h22.4c6.4 0 12.8-6.4 12.8-12.8V108.8c0-6.4-6.4-12.8-12.8-12.8h-22.4c-6.4 0-12.8 6.4-12.8 12.8v230.4c0 6.4 6.4 12.8 12.8 12.8zm-192 0h22.4c6.4 0 12.8-6.4 12.8-12.8V140.8c0-6.4-6.4-12.8-12.8-12.8h-22.4c-6.4 0-12.8 6.4-12.8 12.8v198.4c0 6.4 6.4 12.8 12.8 12.8zm96 0h22.4c6.4 0 12.8-6.4 12.8-12.8V204.8c0-6.4-6.4-12.8-12.8-12.8h-22.4c-6.4 0-12.8 6.4-12.8 12.8v134.4c0 6.4 6.4 12.8 12.8 12.8zM496 400H48V80c0-8.84-7.16-16-16-16H16C7.16 64 0 71.16 0 80v336c0 17.67 14.33 32 32 32h464c8.84 0 16-7.16 16-16v-16c0-8.84-7.16-16-16-16zm-387.2-48h22.4c6.4 0 12.8-6.4 12.8-12.8v-70.4c0-6.4-6.4-12.8-12.8-12.8h-22.4c-6.4 0-12.8 6.4-12.8 12.8v70.4c0 6.4 6.4 12.8 12.8 12.8z\" class=\"\"><\/path><\/svg><\/i> <img loading=\"lazy\" decoding=\"async\" width=\"16\" height=\"16\" alt=\"Loading\" src=\"https:\/\/vocesdelacomuna15.com.ar\/wp-content\/plugins\/page-views-count\/ajax-loader-2x.gif\" border=0 \/><\/p>\n<div class=\"pvc_clear\"><\/div>\n","protected":false},"author":2,"featured_media":68916,"comment_status":"open","ping_status":"open","sticky":false,"template":"","format":"standard","meta":{"_et_pb_use_builder":"off","_et_pb_old_content":"","_et_gb_content_width":"","footnotes":""},"categories":[26],"tags":[],"class_list":["post-68914","post","type-post","status-publish","format-standard","has-post-thumbnail","hentry","category-ciudad","et-has-post-format-content","et_post_format-et-post-format-standard"],"a3_pvc":{"activated":true,"total_views":20,"today_views":0},"yoast_head":"<!-- This site is optimized with the Yoast SEO plugin v27.5 - https:\/\/yoast.com\/product\/yoast-seo-wordpress\/ -->\n<title>Verano 2026: ya funcionan las colonias deportivas en la Ciudad - Voces de la Comuna 15<\/title>\n<meta name=\"description\" content=\"Voces de la Comuna 15\" \/>\n<meta name=\"robots\" content=\"index, follow, max-snippet:-1, max-image-preview:large, max-video-preview:-1\" \/>\n<link rel=\"canonical\" href=\"https:\/\/vocesdelacomuna15.com.ar\/press\/verano-2026-ya-funcionan-las-colonias-deportivas-en-la-ciudad\/\" \/>\n<meta property=\"og:locale\" content=\"es_ES\" \/>\n<meta property=\"og:type\" content=\"article\" \/>\n<meta property=\"og:title\" content=\"Verano 2026: ya funcionan las colonias deportivas en la Ciudad - Voces de la Comuna 15\" \/>\n<meta property=\"og:description\" content=\"Voces de la Comuna 15\" \/>\n<meta property=\"og:url\" content=\"https:\/\/vocesdelacomuna15.com.ar\/press\/verano-2026-ya-funcionan-las-colonias-deportivas-en-la-ciudad\/\" \/>\n<meta property=\"og:site_name\" content=\"Voces de la Comuna 15\" \/>\n<meta property=\"article:publisher\" content=\"https:\/\/www.facebook.com\/VocesComuna15\/\" \/>\n<meta property=\"article:published_time\" content=\"2026-01-23T16:01:25+00:00\" \/>\n<meta property=\"article:modified_time\" content=\"2026-01-23T16:01:27+00:00\" \/>\n<meta property=\"og:image\" content=\"https:\/\/vocesdelacomuna15.com.ar\/wp-content\/uploads\/2026\/01\/colonias-GCBA-scaled.avif\" \/>\n\t<meta property=\"og:image:width\" content=\"2560\" \/>\n\t<meta property=\"og:image:height\" content=\"1703\" \/>\n\t<meta property=\"og:image:type\" content=\"image\/jpeg\" \/>\n<meta name=\"author\" content=\"Federico Arguto\" \/>\n<meta name=\"twitter:card\" content=\"summary_large_image\" \/>\n<meta name=\"twitter:creator\" content=\"@vocescomuna15\" \/>\n<meta name=\"twitter:site\" content=\"@vocescomuna15\" \/>\n<meta name=\"twitter:label1\" content=\"Escrito por\" \/>\n\t<meta name=\"twitter:data1\" content=\"Federico Arguto\" \/>\n\t<meta name=\"twitter:label2\" content=\"Tiempo de lectura\" \/>\n\t<meta name=\"twitter:data2\" content=\"4 minutos\" \/>\n<script type=\"application\/ld+json\" class=\"yoast-schema-graph\">{\"@context\":\"https:\\\/\\\/schema.org\",\"@graph\":[{\"@type\":\"Article\",\"@id\":\"https:\\\/\\\/vocesdelacomuna15.com.ar\\\/press\\\/verano-2026-ya-funcionan-las-colonias-deportivas-en-la-ciudad\\\/#article\",\"isPartOf\":{\"@id\":\"https:\\\/\\\/vocesdelacomuna15.com.ar\\\/press\\\/verano-2026-ya-funcionan-las-colonias-deportivas-en-la-ciudad\\\/\"},\"author\":{\"name\":\"Federico Arguto\",\"@id\":\"https:\\\/\\\/vocesdelacomuna15.com.ar\\\/press\\\/#\\\/schema\\\/person\\\/4739e109db25d799cd3d139eeb509e43\"},\"headline\":\"Verano 2026: ya funcionan las colonias deportivas en la Ciudad\",\"datePublished\":\"2026-01-23T16:01:25+00:00\",\"dateModified\":\"2026-01-23T16:01:27+00:00\",\"mainEntityOfPage\":{\"@id\":\"https:\\\/\\\/vocesdelacomuna15.com.ar\\\/press\\\/verano-2026-ya-funcionan-las-colonias-deportivas-en-la-ciudad\\\/\"},\"wordCount\":872,\"commentCount\":0,\"publisher\":{\"@id\":\"https:\\\/\\\/vocesdelacomuna15.com.ar\\\/press\\\/#organization\"},\"image\":{\"@id\":\"https:\\\/\\\/vocesdelacomuna15.com.ar\\\/press\\\/verano-2026-ya-funcionan-las-colonias-deportivas-en-la-ciudad\\\/#primaryimage\"},\"thumbnailUrl\":\"https:\\\/\\\/vocesdelacomuna15.com.ar\\\/wp-content\\\/uploads\\\/2026\\\/01\\\/colonias-GCBA-scaled.avif\",\"articleSection\":[\"Ciudad\"],\"inLanguage\":\"es-AR\",\"potentialAction\":[{\"@type\":\"CommentAction\",\"name\":\"Comment\",\"target\":[\"https:\\\/\\\/vocesdelacomuna15.com.ar\\\/press\\\/verano-2026-ya-funcionan-las-colonias-deportivas-en-la-ciudad\\\/#respond\"]}]},{\"@type\":\"WebPage\",\"@id\":\"https:\\\/\\\/vocesdelacomuna15.com.ar\\\/press\\\/verano-2026-ya-funcionan-las-colonias-deportivas-en-la-ciudad\\\/\",\"url\":\"https:\\\/\\\/vocesdelacomuna15.com.ar\\\/press\\\/verano-2026-ya-funcionan-las-colonias-deportivas-en-la-ciudad\\\/\",\"name\":\"Verano 2026: ya funcionan las colonias deportivas en la Ciudad - Voces de la Comuna 15\",\"isPartOf\":{\"@id\":\"https:\\\/\\\/vocesdelacomuna15.com.ar\\\/press\\\/#website\"},\"primaryImageOfPage\":{\"@id\":\"https:\\\/\\\/vocesdelacomuna15.com.ar\\\/press\\\/verano-2026-ya-funcionan-las-colonias-deportivas-en-la-ciudad\\\/#primaryimage\"},\"image\":{\"@id\":\"https:\\\/\\\/vocesdelacomuna15.com.ar\\\/press\\\/verano-2026-ya-funcionan-las-colonias-deportivas-en-la-ciudad\\\/#primaryimage\"},\"thumbnailUrl\":\"https:\\\/\\\/vocesdelacomuna15.com.ar\\\/wp-content\\\/uploads\\\/2026\\\/01\\\/colonias-GCBA-scaled.avif\",\"datePublished\":\"2026-01-23T16:01:25+00:00\",\"dateModified\":\"2026-01-23T16:01:27+00:00\",\"description\":\"Voces de la Comuna 15\",\"breadcrumb\":{\"@id\":\"https:\\\/\\\/vocesdelacomuna15.com.ar\\\/press\\\/verano-2026-ya-funcionan-las-colonias-deportivas-en-la-ciudad\\\/#breadcrumb\"},\"inLanguage\":\"es-AR\",\"potentialAction\":[{\"@type\":\"ReadAction\",\"target\":[\"https:\\\/\\\/vocesdelacomuna15.com.ar\\\/press\\\/verano-2026-ya-funcionan-las-colonias-deportivas-en-la-ciudad\\\/\"]}]},{\"@type\":\"ImageObject\",\"inLanguage\":\"es-AR\",\"@id\":\"https:\\\/\\\/vocesdelacomuna15.com.ar\\\/press\\\/verano-2026-ya-funcionan-las-colonias-deportivas-en-la-ciudad\\\/#primaryimage\",\"url\":\"https:\\\/\\\/vocesdelacomuna15.com.ar\\\/wp-content\\\/uploads\\\/2026\\\/01\\\/colonias-GCBA-scaled.avif\",\"contentUrl\":\"https:\\\/\\\/vocesdelacomuna15.com.ar\\\/wp-content\\\/uploads\\\/2026\\\/01\\\/colonias-GCBA-scaled.avif\",\"width\":2560,\"height\":1703},{\"@type\":\"BreadcrumbList\",\"@id\":\"https:\\\/\\\/vocesdelacomuna15.com.ar\\\/press\\\/verano-2026-ya-funcionan-las-colonias-deportivas-en-la-ciudad\\\/#breadcrumb\",\"itemListElement\":[{\"@type\":\"ListItem\",\"position\":1,\"name\":\"Inicio\",\"item\":\"https:\\\/\\\/vocesdelacomuna15.com.ar\\\/press\\\/\"},{\"@type\":\"ListItem\",\"position\":2,\"name\":\"Verano 2026: ya funcionan las colonias deportivas en la Ciudad\"}]},{\"@type\":\"WebSite\",\"@id\":\"https:\\\/\\\/vocesdelacomuna15.com.ar\\\/press\\\/#website\",\"url\":\"https:\\\/\\\/vocesdelacomuna15.com.ar\\\/press\\\/\",\"name\":\"Voces de la Comuna 15\",\"description\":\"Sitio web de noticias\",\"publisher\":{\"@id\":\"https:\\\/\\\/vocesdelacomuna15.com.ar\\\/press\\\/#organization\"},\"potentialAction\":[{\"@type\":\"SearchAction\",\"target\":{\"@type\":\"EntryPoint\",\"urlTemplate\":\"https:\\\/\\\/vocesdelacomuna15.com.ar\\\/press\\\/?s={search_term_string}\"},\"query-input\":{\"@type\":\"PropertyValueSpecification\",\"valueRequired\":true,\"valueName\":\"search_term_string\"}}],\"inLanguage\":\"es-AR\"},{\"@type\":\"Organization\",\"@id\":\"https:\\\/\\\/vocesdelacomuna15.com.ar\\\/press\\\/#organization\",\"name\":\"Voces de la Comuna 15\",\"url\":\"https:\\\/\\\/vocesdelacomuna15.com.ar\\\/press\\\/\",\"logo\":{\"@type\":\"ImageObject\",\"inLanguage\":\"es-AR\",\"@id\":\"https:\\\/\\\/vocesdelacomuna15.com.ar\\\/press\\\/#\\\/schema\\\/logo\\\/image\\\/\",\"url\":\"https:\\\/\\\/vocesdelacomuna15.com.ar\\\/wp-content\\\/uploads\\\/2024\\\/12\\\/cropped-logo_voces.jpg\",\"contentUrl\":\"https:\\\/\\\/vocesdelacomuna15.com.ar\\\/wp-content\\\/uploads\\\/2024\\\/12\\\/cropped-logo_voces.jpg\",\"width\":512,\"height\":512,\"caption\":\"Voces de la Comuna 15\"},\"image\":{\"@id\":\"https:\\\/\\\/vocesdelacomuna15.com.ar\\\/press\\\/#\\\/schema\\\/logo\\\/image\\\/\"},\"sameAs\":[\"https:\\\/\\\/www.facebook.com\\\/VocesComuna15\\\/\",\"https:\\\/\\\/x.com\\\/vocescomuna15\"]},{\"@type\":\"Person\",\"@id\":\"https:\\\/\\\/vocesdelacomuna15.com.ar\\\/press\\\/#\\\/schema\\\/person\\\/4739e109db25d799cd3d139eeb509e43\",\"name\":\"Federico Arguto\",\"image\":{\"@type\":\"ImageObject\",\"inLanguage\":\"es-AR\",\"@id\":\"https:\\\/\\\/vocesdelacomuna15.com.ar\\\/wp-content\\\/litespeed\\\/avatar\\\/82faf979976f1bae889b8b71f8a0a7e5.jpg?ver=1777419741\",\"url\":\"https:\\\/\\\/vocesdelacomuna15.com.ar\\\/wp-content\\\/litespeed\\\/avatar\\\/82faf979976f1bae889b8b71f8a0a7e5.jpg?ver=1777419741\",\"contentUrl\":\"https:\\\/\\\/vocesdelacomuna15.com.ar\\\/wp-content\\\/litespeed\\\/avatar\\\/82faf979976f1bae889b8b71f8a0a7e5.jpg?ver=1777419741\",\"caption\":\"Federico Arguto\"},\"url\":\"https:\\\/\\\/vocesdelacomuna15.com.ar\\\/press\\\/author\\\/fede\\\/\"}]}<\/script>\n<!-- \/ Yoast SEO plugin. -->","yoast_head_json":{"title":"Verano 2026: ya funcionan las colonias deportivas en la Ciudad - Voces de la Comuna 15","description":"Voces de la Comuna 15","robots":{"index":"index","follow":"follow","max-snippet":"max-snippet:-1","max-image-preview":"max-image-preview:large","max-video-preview":"max-video-preview:-1"},"canonical":"https:\/\/vocesdelacomuna15.com.ar\/press\/verano-2026-ya-funcionan-las-colonias-deportivas-en-la-ciudad\/","og_locale":"es_ES","og_type":"article","og_title":"Verano 2026: ya funcionan las colonias deportivas en la Ciudad - Voces de la Comuna 15","og_description":"Voces de la Comuna 15","og_url":"https:\/\/vocesdelacomuna15.com.ar\/press\/verano-2026-ya-funcionan-las-colonias-deportivas-en-la-ciudad\/","og_site_name":"Voces de la Comuna 15","article_publisher":"https:\/\/www.facebook.com\/VocesComuna15\/","article_published_time":"2026-01-23T16:01:25+00:00","article_modified_time":"2026-01-23T16:01:27+00:00","og_image":[{"width":2560,"height":1703,"url":"https:\/\/vocesdelacomuna15.com.ar\/wp-content\/uploads\/2026\/01\/colonias-GCBA-scaled.avif","type":"image\/jpeg"}],"author":"Federico Arguto","twitter_card":"summary_large_image","twitter_creator":"@vocescomuna15","twitter_site":"@vocescomuna15","twitter_misc":{"Escrito por":"Federico Arguto","Tiempo de lectura":"4 minutos"},"schema":{"@context":"https:\/\/schema.org","@graph":[{"@type":"Article","@id":"https:\/\/vocesdelacomuna15.com.ar\/press\/verano-2026-ya-funcionan-las-colonias-deportivas-en-la-ciudad\/#article","isPartOf":{"@id":"https:\/\/vocesdelacomuna15.com.ar\/press\/verano-2026-ya-funcionan-las-colonias-deportivas-en-la-ciudad\/"},"author":{"name":"Federico Arguto","@id":"https:\/\/vocesdelacomuna15.com.ar\/press\/#\/schema\/person\/4739e109db25d799cd3d139eeb509e43"},"headline":"Verano 2026: ya funcionan las colonias deportivas en la Ciudad","datePublished":"2026-01-23T16:01:25+00:00","dateModified":"2026-01-23T16:01:27+00:00","mainEntityOfPage":{"@id":"https:\/\/vocesdelacomuna15.com.ar\/press\/verano-2026-ya-funcionan-las-colonias-deportivas-en-la-ciudad\/"},"wordCount":872,"commentCount":0,"publisher":{"@id":"https:\/\/vocesdelacomuna15.com.ar\/press\/#organization"},"image":{"@id":"https:\/\/vocesdelacomuna15.com.ar\/press\/verano-2026-ya-funcionan-las-colonias-deportivas-en-la-ciudad\/#primaryimage"},"thumbnailUrl":"https:\/\/vocesdelacomuna15.com.ar\/wp-content\/uploads\/2026\/01\/colonias-GCBA-scaled.avif","articleSection":["Ciudad"],"inLanguage":"es-AR","potentialAction":[{"@type":"CommentAction","name":"Comment","target":["https:\/\/vocesdelacomuna15.com.ar\/press\/verano-2026-ya-funcionan-las-colonias-deportivas-en-la-ciudad\/#respond"]}]},{"@type":"WebPage","@id":"https:\/\/vocesdelacomuna15.com.ar\/press\/verano-2026-ya-funcionan-las-colonias-deportivas-en-la-ciudad\/","url":"https:\/\/vocesdelacomuna15.com.ar\/press\/verano-2026-ya-funcionan-las-colonias-deportivas-en-la-ciudad\/","name":"Verano 2026: ya funcionan las colonias deportivas en la Ciudad - Voces de la Comuna 15","isPartOf":{"@id":"https:\/\/vocesdelacomuna15.com.ar\/press\/#website"},"primaryImageOfPage":{"@id":"https:\/\/vocesdelacomuna15.com.ar\/press\/verano-2026-ya-funcionan-las-colonias-deportivas-en-la-ciudad\/#primaryimage"},"image":{"@id":"https:\/\/vocesdelacomuna15.com.ar\/press\/verano-2026-ya-funcionan-las-colonias-deportivas-en-la-ciudad\/#primaryimage"},"thumbnailUrl":"https:\/\/vocesdelacomuna15.com.ar\/wp-content\/uploads\/2026\/01\/colonias-GCBA-scaled.avif","datePublished":"2026-01-23T16:01:25+00:00","dateModified":"2026-01-23T16:01:27+00:00","description":"Voces de la Comuna 15","breadcrumb":{"@id":"https:\/\/vocesdelacomuna15.com.ar\/press\/verano-2026-ya-funcionan-las-colonias-deportivas-en-la-ciudad\/#breadcrumb"},"inLanguage":"es-AR","potentialAction":[{"@type":"ReadAction","target":["https:\/\/vocesdelacomuna15.com.ar\/press\/verano-2026-ya-funcionan-las-colonias-deportivas-en-la-ciudad\/"]}]},{"@type":"ImageObject","inLanguage":"es-AR","@id":"https:\/\/vocesdelacomuna15.com.ar\/press\/verano-2026-ya-funcionan-las-colonias-deportivas-en-la-ciudad\/#primaryimage","url":"https:\/\/vocesdelacomuna15.com.ar\/wp-content\/uploads\/2026\/01\/colonias-GCBA-scaled.avif","contentUrl":"https:\/\/vocesdelacomuna15.com.ar\/wp-content\/uploads\/2026\/01\/colonias-GCBA-scaled.avif","width":2560,"height":1703},{"@type":"BreadcrumbList","@id":"https:\/\/vocesdelacomuna15.com.ar\/press\/verano-2026-ya-funcionan-las-colonias-deportivas-en-la-ciudad\/#breadcrumb","itemListElement":[{"@type":"ListItem","position":1,"name":"Inicio","item":"https:\/\/vocesdelacomuna15.com.ar\/press\/"},{"@type":"ListItem","position":2,"name":"Verano 2026: ya funcionan las colonias deportivas en la Ciudad"}]},{"@type":"WebSite","@id":"https:\/\/vocesdelacomuna15.com.ar\/press\/#website","url":"https:\/\/vocesdelacomuna15.com.ar\/press\/","name":"Voces de la Comuna 15","description":"Sitio web de noticias","publisher":{"@id":"https:\/\/vocesdelacomuna15.com.ar\/press\/#organization"},"potentialAction":[{"@type":"SearchAction","target":{"@type":"EntryPoint","urlTemplate":"https:\/\/vocesdelacomuna15.com.ar\/press\/?s={search_term_string}"},"query-input":{"@type":"PropertyValueSpecification","valueRequired":true,"valueName":"search_term_string"}}],"inLanguage":"es-AR"},{"@type":"Organization","@id":"https:\/\/vocesdelacomuna15.com.ar\/press\/#organization","name":"Voces de la Comuna 15","url":"https:\/\/vocesdelacomuna15.com.ar\/press\/","logo":{"@type":"ImageObject","inLanguage":"es-AR","@id":"https:\/\/vocesdelacomuna15.com.ar\/press\/#\/schema\/logo\/image\/","url":"https:\/\/vocesdelacomuna15.com.ar\/wp-content\/uploads\/2024\/12\/cropped-logo_voces.jpg","contentUrl":"https:\/\/vocesdelacomuna15.com.ar\/wp-content\/uploads\/2024\/12\/cropped-logo_voces.jpg","width":512,"height":512,"caption":"Voces de la Comuna 15"},"image":{"@id":"https:\/\/vocesdelacomuna15.com.ar\/press\/#\/schema\/logo\/image\/"},"sameAs":["https:\/\/www.facebook.com\/VocesComuna15\/","https:\/\/x.com\/vocescomuna15"]},{"@type":"Person","@id":"https:\/\/vocesdelacomuna15.com.ar\/press\/#\/schema\/person\/4739e109db25d799cd3d139eeb509e43","name":"Federico Arguto","image":{"@type":"ImageObject","inLanguage":"es-AR","@id":"https:\/\/vocesdelacomuna15.com.ar\/wp-content\/litespeed\/avatar\/82faf979976f1bae889b8b71f8a0a7e5.jpg?ver=1777419741","url":"https:\/\/vocesdelacomuna15.com.ar\/wp-content\/litespeed\/avatar\/82faf979976f1bae889b8b71f8a0a7e5.jpg?ver=1777419741","contentUrl":"https:\/\/vocesdelacomuna15.com.ar\/wp-content\/litespeed\/avatar\/82faf979976f1bae889b8b71f8a0a7e5.jpg?ver=1777419741","caption":"Federico Arguto"},"url":"https:\/\/vocesdelacomuna15.com.ar\/press\/author\/fede\/"}]}},"_links":{"self":[{"href":"https:\/\/vocesdelacomuna15.com.ar\/press\/wp-json\/wp\/v2\/posts\/68914","targetHints":{"allow":["GET"]}}],"collection":[{"href":"https:\/\/vocesdelacomuna15.com.ar\/press\/wp-json\/wp\/v2\/posts"}],"about":[{"href":"https:\/\/vocesdelacomuna15.com.ar\/press\/wp-json\/wp\/v2\/types\/post"}],"author":[{"embeddable":true,"href":"https:\/\/vocesdelacomuna15.com.ar\/press\/wp-json\/wp\/v2\/users\/2"}],"replies":[{"embeddable":true,"href":"https:\/\/vocesdelacomuna15.com.ar\/press\/wp-json\/wp\/v2\/comments?post=68914"}],"version-history":[{"count":1,"href":"https:\/\/vocesdelacomuna15.com.ar\/press\/wp-json\/wp\/v2\/posts\/68914\/revisions"}],"predecessor-version":[{"id":68917,"href":"https:\/\/vocesdelacomuna15.com.ar\/press\/wp-json\/wp\/v2\/posts\/68914\/revisions\/68917"}],"wp:featuredmedia":[{"embeddable":true,"href":"https:\/\/vocesdelacomuna15.com.ar\/press\/wp-json\/wp\/v2\/media\/68916"}],"wp:attachment":[{"href":"https:\/\/vocesdelacomuna15.com.ar\/press\/wp-json\/wp\/v2\/media?parent=68914"}],"wp:term":[{"taxonomy":"category","embeddable":true,"href":"https:\/\/vocesdelacomuna15.com.ar\/press\/wp-json\/wp\/v2\/categories?post=68914"},{"taxonomy":"post_tag","embeddable":true,"href":"https:\/\/vocesdelacomuna15.com.ar\/press\/wp-json\/wp\/v2\/tags?post=68914"}],"curies":[{"name":"wp","href":"https:\/\/api.w.org\/{rel}","templated":true}]}}