{"id":65383,"date":"2025-05-05T15:02:56","date_gmt":"2025-05-05T18:02:56","guid":{"rendered":"https:\/\/vocesdelacomuna15.com.ar\/press\/?p=65383"},"modified":"2025-05-03T15:04:22","modified_gmt":"2025-05-03T18:04:22","slug":"comenzaron-las-primeras-visitas-de-vecinos-al-mirador-del-obelisco","status":"publish","type":"post","link":"https:\/\/vocesdelacomuna15.com.ar\/press\/comenzaron-las-primeras-visitas-de-vecinos-al-mirador-del-obelisco\/","title":{"rendered":"Comenzaron las primeras visitas de vecinos al mirador del Obelisco"},"content":{"rendered":"\n<p>&#8220;Es un nuevo atractivo tur\u00edstico que cambiar\u00e1 la manera de ver nuestra Ciudad y su patrimonio&#8221;, dijo el Jefe de Gobierno, Jorge Macri. Fuente: Buenosaires.gob.ar<\/p>\n\n\n\n<figure class=\"wp-block-embed is-type-video is-provider-youtube wp-block-embed-youtube wp-embed-aspect-16-9 wp-has-aspect-ratio\"><div class=\"wp-block-embed__wrapper\">\n<iframe loading=\"lazy\" title=\"El Obelisco estrena un mirador con las mejores vistas panor\u00e1micas de la Ciudad\" width=\"1080\" height=\"608\" src=\"https:\/\/www.youtube.com\/embed\/OrM8Zkzy7KM?feature=oembed\" frameborder=\"0\" allow=\"accelerometer; autoplay; clipboard-write; encrypted-media; gyroscope; picture-in-picture; web-share\" referrerpolicy=\"strict-origin-when-cross-origin\" allowfullscreen><\/iframe>\n<\/div><\/figure>\n\n\n\n<p>Durante todo este fin de semana largo los primeros vecinos ya pueden vivir la experiencia de subir al mirador del Obelisco y&nbsp;<strong>disfrutar de una de las mejores vistas panor\u00e1micas de la Ciudad<\/strong><strong>.<\/strong><\/p>\n\n\n\n<p>Para eso se hizo una convocatoria a trav\u00e9s de las redes sociales de&nbsp;<a href=\"https:\/\/www.instagram.com\/baparticipacionciudadana\" target=\"_blank\" rel=\"noreferrer noopener\">@baparticipacionciudadana<\/a>&nbsp;y&nbsp;<strong>hubo m\u00e1s de 22 mil inscriptos<\/strong>. Luego se llam\u00f3 a quienes se inscribieron para confirmar.&nbsp;<\/p>\n\n\n\n<p>\u201cEste gran proyecto de ingenier\u00eda revaloriza uno de los s\u00edmbolos porte\u00f1os.&nbsp;<strong>El mirador panor\u00e1mico es un nuevo atractivo tur\u00edstico que cambiar\u00e1 la manera de ver nuestra Ciudad y su patrimonio<\/strong>, como en las grandes metr\u00f3polis del mundo\u201d, destac\u00f3 el Jefe de Gobierno,&nbsp;<a href=\"https:\/\/www.facebook.com\/jorgemacri\/\" target=\"_blank\" rel=\"noreferrer noopener\">Jorge Macri<\/a>.<\/p>\n\n\n\n<h3 class=\"wp-block-heading\"><strong>El Obelisco cumple 89 a\u00f1os<\/strong><\/h3>\n\n\n\n<p>El Obelisco fue dise\u00f1ado por el arquitecto Alberto Prebisch y construido en 1936, con motivo del cuarto centenario de la primera fundaci\u00f3n de Buenos Aires por Pedro de Mendoza:&nbsp;<strong>cumple 89 a\u00f1os<\/strong>. Se entra desde la Plaza de la Rep\u00fablica y se accede al ascensor a trav\u00e9s de 8 escalones. El ascensor est\u00e1 sostenido mediante un sistema de anclajes y rodeado por una escalera met\u00e1lica para casos de emergencia.<\/p>\n\n\n\n<p><strong>El Obelisco es Monumento Hist\u00f3rico Nacional<\/strong>, se debe resguardar y preservar su exterior. Originalmente estaba revestido con lajas de piedra blanca calc\u00e1rea de C\u00f3rdoba, que en 1939 fueron cambiadas por revoque porque algunas se desprendieron.<\/p>\n\n\n\n<figure class=\"wp-block-image size-large\"><img loading=\"lazy\" decoding=\"async\" width=\"1024\" height=\"683\" src=\"https:\/\/vocesdelacomuna15.com.ar\/wp-content\/uploads\/2025\/05\/obe2-1024x683.avif\" alt=\"\" class=\"wp-image-65385\" srcset=\"https:\/\/vocesdelacomuna15.com.ar\/wp-content\/uploads\/2025\/05\/obe2-1024x683.avif 1024w, https:\/\/vocesdelacomuna15.com.ar\/wp-content\/uploads\/2025\/05\/obe2-300x200.avif 300w, https:\/\/vocesdelacomuna15.com.ar\/wp-content\/uploads\/2025\/05\/obe2-768x512.avif 768w, https:\/\/vocesdelacomuna15.com.ar\/wp-content\/uploads\/2025\/05\/obe2-1080x721.avif 1080w, https:\/\/vocesdelacomuna15.com.ar\/wp-content\/uploads\/2025\/05\/obe2.avif 1280w\" sizes=\"(max-width: 1024px) 100vw, 1024px\" \/><\/figure>\n\n\n\n<p>Al bajar del ascensor, tras un minuto de viaje, hay que subir 35 escalones para llegar al mirador. Ah\u00ed,&nbsp;<strong>a 67 metros de altura, est\u00e1n las cuatro ventanas para disfrutar las vistas porte\u00f1as<\/strong>.&nbsp;<\/p>\n\n\n\n<p>El proyecto de incorporar un ascensor dentro del Obelisco existe desde el mismo momento en que lo ide\u00f3 Prebisch. El intendente De Vedia y Mitre, en una carta del 4 de mayo de 1936 dirigida al doctor Ram\u00f3n S. Castillo, interinamente a cargo del Ministerio del Interior de la Naci\u00f3n, afirm\u00f3: \u00abExiste el prop\u00f3sito de dotarlo de un ascensor interno que permita el acceso del pueblo a la c\u00faspide del monumento\u00bb.<\/p>\n\n\n\n<p><strong>La obra termin\u00f3 hace unos d\u00edas y ahora se trabaja en la pintura exterior del monumento<\/strong>. Las visitas de este fin de semana fueron organizadas en conjunto por el Ministerio de Espacio P\u00fablico e Higiene Urbana, el Ente de Turismo y la Secretar\u00eda de Gobierno y V\u00ednculo Ciudadano.<\/p>\n\n\n\n<p>Caracteres: 2.187<\/p>\n<div class=\"pvc_clear\"><\/div><p id=\"pvc_stats_65383\" class=\"pvc_stats all  \" data-element-id=\"65383\" style=\"\"><i class=\"pvc-stats-icon small\" aria-hidden=\"true\"><svg aria-hidden=\"true\" focusable=\"false\" data-prefix=\"far\" data-icon=\"chart-bar\" role=\"img\" xmlns=\"http:\/\/www.w3.org\/2000\/svg\" viewBox=\"0 0 512 512\" class=\"svg-inline--fa fa-chart-bar fa-w-16 fa-2x\"><path fill=\"currentColor\" d=\"M396.8 352h22.4c6.4 0 12.8-6.4 12.8-12.8V108.8c0-6.4-6.4-12.8-12.8-12.8h-22.4c-6.4 0-12.8 6.4-12.8 12.8v230.4c0 6.4 6.4 12.8 12.8 12.8zm-192 0h22.4c6.4 0 12.8-6.4 12.8-12.8V140.8c0-6.4-6.4-12.8-12.8-12.8h-22.4c-6.4 0-12.8 6.4-12.8 12.8v198.4c0 6.4 6.4 12.8 12.8 12.8zm96 0h22.4c6.4 0 12.8-6.4 12.8-12.8V204.8c0-6.4-6.4-12.8-12.8-12.8h-22.4c-6.4 0-12.8 6.4-12.8 12.8v134.4c0 6.4 6.4 12.8 12.8 12.8zM496 400H48V80c0-8.84-7.16-16-16-16H16C7.16 64 0 71.16 0 80v336c0 17.67 14.33 32 32 32h464c8.84 0 16-7.16 16-16v-16c0-8.84-7.16-16-16-16zm-387.2-48h22.4c6.4 0 12.8-6.4 12.8-12.8v-70.4c0-6.4-6.4-12.8-12.8-12.8h-22.4c-6.4 0-12.8 6.4-12.8 12.8v70.4c0 6.4 6.4 12.8 12.8 12.8z\" class=\"\"><\/path><\/svg><\/i> <img loading=\"lazy\" decoding=\"async\" width=\"16\" height=\"16\" alt=\"Loading\" src=\"https:\/\/vocesdelacomuna15.com.ar\/wp-content\/plugins\/page-views-count\/ajax-loader-2x.gif\" border=0 \/><\/p><div class=\"pvc_clear\"><\/div>","protected":false},"excerpt":{"rendered":"<p>&#8220;Es un nuevo atractivo tur\u00edstico que cambiar\u00e1 la manera de ver nuestra Ciudad y su patrimonio&#8221;, dijo el Jefe de Gobierno, Jorge Macri. Fuente: Buenosaires.gob.ar Durante todo este fin de semana largo los primeros vecinos ya pueden vivir la experiencia de subir al mirador del Obelisco y&nbsp;disfrutar de una de las mejores vistas panor\u00e1micas de [&hellip;]<\/p>\n<div class=\"pvc_clear\"><\/div>\n<p id=\"pvc_stats_65383\" class=\"pvc_stats all  \" data-element-id=\"65383\" style=\"\"><i class=\"pvc-stats-icon small\" aria-hidden=\"true\"><svg aria-hidden=\"true\" focusable=\"false\" data-prefix=\"far\" data-icon=\"chart-bar\" role=\"img\" xmlns=\"http:\/\/www.w3.org\/2000\/svg\" viewBox=\"0 0 512 512\" class=\"svg-inline--fa fa-chart-bar fa-w-16 fa-2x\"><path fill=\"currentColor\" d=\"M396.8 352h22.4c6.4 0 12.8-6.4 12.8-12.8V108.8c0-6.4-6.4-12.8-12.8-12.8h-22.4c-6.4 0-12.8 6.4-12.8 12.8v230.4c0 6.4 6.4 12.8 12.8 12.8zm-192 0h22.4c6.4 0 12.8-6.4 12.8-12.8V140.8c0-6.4-6.4-12.8-12.8-12.8h-22.4c-6.4 0-12.8 6.4-12.8 12.8v198.4c0 6.4 6.4 12.8 12.8 12.8zm96 0h22.4c6.4 0 12.8-6.4 12.8-12.8V204.8c0-6.4-6.4-12.8-12.8-12.8h-22.4c-6.4 0-12.8 6.4-12.8 12.8v134.4c0 6.4 6.4 12.8 12.8 12.8zM496 400H48V80c0-8.84-7.16-16-16-16H16C7.16 64 0 71.16 0 80v336c0 17.67 14.33 32 32 32h464c8.84 0 16-7.16 16-16v-16c0-8.84-7.16-16-16-16zm-387.2-48h22.4c6.4 0 12.8-6.4 12.8-12.8v-70.4c0-6.4-6.4-12.8-12.8-12.8h-22.4c-6.4 0-12.8 6.4-12.8 12.8v70.4c0 6.4 6.4 12.8 12.8 12.8z\" class=\"\"><\/path><\/svg><\/i> <img loading=\"lazy\" decoding=\"async\" width=\"16\" height=\"16\" alt=\"Loading\" src=\"https:\/\/vocesdelacomuna15.com.ar\/wp-content\/plugins\/page-views-count\/ajax-loader-2x.gif\" border=0 \/><\/p>\n<div class=\"pvc_clear\"><\/div>\n","protected":false},"author":2,"featured_media":65384,"comment_status":"open","ping_status":"open","sticky":false,"template":"","format":"standard","meta":{"_et_pb_use_builder":"off","_et_pb_old_content":"","_et_gb_content_width":"","footnotes":""},"categories":[26],"tags":[],"class_list":["post-65383","post","type-post","status-publish","format-standard","has-post-thumbnail","hentry","category-ciudad","et-has-post-format-content","et_post_format-et-post-format-standard"],"a3_pvc":{"activated":true,"total_views":47,"today_views":0},"yoast_head":"<!-- This site is optimized with the Yoast SEO plugin v27.5 - https:\/\/yoast.com\/product\/yoast-seo-wordpress\/ -->\n<title>Comenzaron las primeras visitas de vecinos al mirador del Obelisco - Voces de la Comuna 15<\/title>\n<meta name=\"description\" content=\"Voces de la Comuna 15\" \/>\n<meta name=\"robots\" content=\"index, follow, max-snippet:-1, max-image-preview:large, max-video-preview:-1\" \/>\n<link rel=\"canonical\" href=\"https:\/\/vocesdelacomuna15.com.ar\/press\/comenzaron-las-primeras-visitas-de-vecinos-al-mirador-del-obelisco\/\" \/>\n<meta property=\"og:locale\" content=\"es_ES\" \/>\n<meta property=\"og:type\" content=\"article\" \/>\n<meta property=\"og:title\" content=\"Comenzaron las primeras visitas de vecinos al mirador del Obelisco - Voces de la Comuna 15\" \/>\n<meta property=\"og:description\" content=\"Voces de la Comuna 15\" \/>\n<meta property=\"og:url\" content=\"https:\/\/vocesdelacomuna15.com.ar\/press\/comenzaron-las-primeras-visitas-de-vecinos-al-mirador-del-obelisco\/\" \/>\n<meta property=\"og:site_name\" content=\"Voces de la Comuna 15\" \/>\n<meta property=\"article:publisher\" content=\"https:\/\/www.facebook.com\/VocesComuna15\/\" \/>\n<meta property=\"article:published_time\" content=\"2025-05-05T18:02:56+00:00\" \/>\n<meta property=\"og:image\" content=\"https:\/\/vocesdelacomuna15.com.ar\/wp-content\/uploads\/2025\/05\/obe1.avif\" \/>\n\t<meta property=\"og:image:width\" content=\"1280\" \/>\n\t<meta property=\"og:image:height\" content=\"854\" \/>\n\t<meta property=\"og:image:type\" content=\"image\/jpeg\" \/>\n<meta name=\"author\" content=\"Federico Arguto\" \/>\n<meta name=\"twitter:card\" content=\"summary_large_image\" \/>\n<meta name=\"twitter:creator\" content=\"@vocescomuna15\" \/>\n<meta name=\"twitter:site\" content=\"@vocescomuna15\" \/>\n<meta name=\"twitter:label1\" content=\"Escrito por\" \/>\n\t<meta name=\"twitter:data1\" content=\"Federico Arguto\" \/>\n\t<meta name=\"twitter:label2\" content=\"Tiempo de lectura\" \/>\n\t<meta name=\"twitter:data2\" content=\"3 minutos\" \/>\n<script type=\"application\/ld+json\" class=\"yoast-schema-graph\">{\"@context\":\"https:\\\/\\\/schema.org\",\"@graph\":[{\"@type\":\"Article\",\"@id\":\"https:\\\/\\\/vocesdelacomuna15.com.ar\\\/press\\\/comenzaron-las-primeras-visitas-de-vecinos-al-mirador-del-obelisco\\\/#article\",\"isPartOf\":{\"@id\":\"https:\\\/\\\/vocesdelacomuna15.com.ar\\\/press\\\/comenzaron-las-primeras-visitas-de-vecinos-al-mirador-del-obelisco\\\/\"},\"author\":{\"name\":\"Federico Arguto\",\"@id\":\"https:\\\/\\\/vocesdelacomuna15.com.ar\\\/press\\\/#\\\/schema\\\/person\\\/4739e109db25d799cd3d139eeb509e43\"},\"headline\":\"Comenzaron las primeras visitas de vecinos al mirador del Obelisco\",\"datePublished\":\"2025-05-05T18:02:56+00:00\",\"mainEntityOfPage\":{\"@id\":\"https:\\\/\\\/vocesdelacomuna15.com.ar\\\/press\\\/comenzaron-las-primeras-visitas-de-vecinos-al-mirador-del-obelisco\\\/\"},\"wordCount\":445,\"commentCount\":0,\"publisher\":{\"@id\":\"https:\\\/\\\/vocesdelacomuna15.com.ar\\\/press\\\/#organization\"},\"image\":{\"@id\":\"https:\\\/\\\/vocesdelacomuna15.com.ar\\\/press\\\/comenzaron-las-primeras-visitas-de-vecinos-al-mirador-del-obelisco\\\/#primaryimage\"},\"thumbnailUrl\":\"https:\\\/\\\/vocesdelacomuna15.com.ar\\\/wp-content\\\/uploads\\\/2025\\\/05\\\/obe1.avif\",\"articleSection\":[\"Ciudad\"],\"inLanguage\":\"es-AR\",\"potentialAction\":[{\"@type\":\"CommentAction\",\"name\":\"Comment\",\"target\":[\"https:\\\/\\\/vocesdelacomuna15.com.ar\\\/press\\\/comenzaron-las-primeras-visitas-de-vecinos-al-mirador-del-obelisco\\\/#respond\"]}]},{\"@type\":\"WebPage\",\"@id\":\"https:\\\/\\\/vocesdelacomuna15.com.ar\\\/press\\\/comenzaron-las-primeras-visitas-de-vecinos-al-mirador-del-obelisco\\\/\",\"url\":\"https:\\\/\\\/vocesdelacomuna15.com.ar\\\/press\\\/comenzaron-las-primeras-visitas-de-vecinos-al-mirador-del-obelisco\\\/\",\"name\":\"Comenzaron las primeras visitas de vecinos al mirador del Obelisco - Voces de la Comuna 15\",\"isPartOf\":{\"@id\":\"https:\\\/\\\/vocesdelacomuna15.com.ar\\\/press\\\/#website\"},\"primaryImageOfPage\":{\"@id\":\"https:\\\/\\\/vocesdelacomuna15.com.ar\\\/press\\\/comenzaron-las-primeras-visitas-de-vecinos-al-mirador-del-obelisco\\\/#primaryimage\"},\"image\":{\"@id\":\"https:\\\/\\\/vocesdelacomuna15.com.ar\\\/press\\\/comenzaron-las-primeras-visitas-de-vecinos-al-mirador-del-obelisco\\\/#primaryimage\"},\"thumbnailUrl\":\"https:\\\/\\\/vocesdelacomuna15.com.ar\\\/wp-content\\\/uploads\\\/2025\\\/05\\\/obe1.avif\",\"datePublished\":\"2025-05-05T18:02:56+00:00\",\"description\":\"Voces de la Comuna 15\",\"breadcrumb\":{\"@id\":\"https:\\\/\\\/vocesdelacomuna15.com.ar\\\/press\\\/comenzaron-las-primeras-visitas-de-vecinos-al-mirador-del-obelisco\\\/#breadcrumb\"},\"inLanguage\":\"es-AR\",\"potentialAction\":[{\"@type\":\"ReadAction\",\"target\":[\"https:\\\/\\\/vocesdelacomuna15.com.ar\\\/press\\\/comenzaron-las-primeras-visitas-de-vecinos-al-mirador-del-obelisco\\\/\"]}]},{\"@type\":\"ImageObject\",\"inLanguage\":\"es-AR\",\"@id\":\"https:\\\/\\\/vocesdelacomuna15.com.ar\\\/press\\\/comenzaron-las-primeras-visitas-de-vecinos-al-mirador-del-obelisco\\\/#primaryimage\",\"url\":\"https:\\\/\\\/vocesdelacomuna15.com.ar\\\/wp-content\\\/uploads\\\/2025\\\/05\\\/obe1.avif\",\"contentUrl\":\"https:\\\/\\\/vocesdelacomuna15.com.ar\\\/wp-content\\\/uploads\\\/2025\\\/05\\\/obe1.avif\",\"width\":1280,\"height\":854},{\"@type\":\"BreadcrumbList\",\"@id\":\"https:\\\/\\\/vocesdelacomuna15.com.ar\\\/press\\\/comenzaron-las-primeras-visitas-de-vecinos-al-mirador-del-obelisco\\\/#breadcrumb\",\"itemListElement\":[{\"@type\":\"ListItem\",\"position\":1,\"name\":\"Inicio\",\"item\":\"https:\\\/\\\/vocesdelacomuna15.com.ar\\\/press\\\/\"},{\"@type\":\"ListItem\",\"position\":2,\"name\":\"Comenzaron las primeras visitas de vecinos al mirador del Obelisco\"}]},{\"@type\":\"WebSite\",\"@id\":\"https:\\\/\\\/vocesdelacomuna15.com.ar\\\/press\\\/#website\",\"url\":\"https:\\\/\\\/vocesdelacomuna15.com.ar\\\/press\\\/\",\"name\":\"Voces de la Comuna 15\",\"description\":\"Sitio web de noticias\",\"publisher\":{\"@id\":\"https:\\\/\\\/vocesdelacomuna15.com.ar\\\/press\\\/#organization\"},\"potentialAction\":[{\"@type\":\"SearchAction\",\"target\":{\"@type\":\"EntryPoint\",\"urlTemplate\":\"https:\\\/\\\/vocesdelacomuna15.com.ar\\\/press\\\/?s={search_term_string}\"},\"query-input\":{\"@type\":\"PropertyValueSpecification\",\"valueRequired\":true,\"valueName\":\"search_term_string\"}}],\"inLanguage\":\"es-AR\"},{\"@type\":\"Organization\",\"@id\":\"https:\\\/\\\/vocesdelacomuna15.com.ar\\\/press\\\/#organization\",\"name\":\"Voces de la Comuna 15\",\"url\":\"https:\\\/\\\/vocesdelacomuna15.com.ar\\\/press\\\/\",\"logo\":{\"@type\":\"ImageObject\",\"inLanguage\":\"es-AR\",\"@id\":\"https:\\\/\\\/vocesdelacomuna15.com.ar\\\/press\\\/#\\\/schema\\\/logo\\\/image\\\/\",\"url\":\"https:\\\/\\\/vocesdelacomuna15.com.ar\\\/wp-content\\\/uploads\\\/2024\\\/12\\\/cropped-logo_voces.jpg\",\"contentUrl\":\"https:\\\/\\\/vocesdelacomuna15.com.ar\\\/wp-content\\\/uploads\\\/2024\\\/12\\\/cropped-logo_voces.jpg\",\"width\":512,\"height\":512,\"caption\":\"Voces de la Comuna 15\"},\"image\":{\"@id\":\"https:\\\/\\\/vocesdelacomuna15.com.ar\\\/press\\\/#\\\/schema\\\/logo\\\/image\\\/\"},\"sameAs\":[\"https:\\\/\\\/www.facebook.com\\\/VocesComuna15\\\/\",\"https:\\\/\\\/x.com\\\/vocescomuna15\"]},{\"@type\":\"Person\",\"@id\":\"https:\\\/\\\/vocesdelacomuna15.com.ar\\\/press\\\/#\\\/schema\\\/person\\\/4739e109db25d799cd3d139eeb509e43\",\"name\":\"Federico Arguto\",\"image\":{\"@type\":\"ImageObject\",\"inLanguage\":\"es-AR\",\"@id\":\"https:\\\/\\\/vocesdelacomuna15.com.ar\\\/wp-content\\\/litespeed\\\/avatar\\\/82faf979976f1bae889b8b71f8a0a7e5.jpg?ver=1777419741\",\"url\":\"https:\\\/\\\/vocesdelacomuna15.com.ar\\\/wp-content\\\/litespeed\\\/avatar\\\/82faf979976f1bae889b8b71f8a0a7e5.jpg?ver=1777419741\",\"contentUrl\":\"https:\\\/\\\/vocesdelacomuna15.com.ar\\\/wp-content\\\/litespeed\\\/avatar\\\/82faf979976f1bae889b8b71f8a0a7e5.jpg?ver=1777419741\",\"caption\":\"Federico Arguto\"},\"url\":\"https:\\\/\\\/vocesdelacomuna15.com.ar\\\/press\\\/author\\\/fede\\\/\"}]}<\/script>\n<!-- \/ Yoast SEO plugin. -->","yoast_head_json":{"title":"Comenzaron las primeras visitas de vecinos al mirador del Obelisco - Voces de la Comuna 15","description":"Voces de la Comuna 15","robots":{"index":"index","follow":"follow","max-snippet":"max-snippet:-1","max-image-preview":"max-image-preview:large","max-video-preview":"max-video-preview:-1"},"canonical":"https:\/\/vocesdelacomuna15.com.ar\/press\/comenzaron-las-primeras-visitas-de-vecinos-al-mirador-del-obelisco\/","og_locale":"es_ES","og_type":"article","og_title":"Comenzaron las primeras visitas de vecinos al mirador del Obelisco - Voces de la Comuna 15","og_description":"Voces de la Comuna 15","og_url":"https:\/\/vocesdelacomuna15.com.ar\/press\/comenzaron-las-primeras-visitas-de-vecinos-al-mirador-del-obelisco\/","og_site_name":"Voces de la Comuna 15","article_publisher":"https:\/\/www.facebook.com\/VocesComuna15\/","article_published_time":"2025-05-05T18:02:56+00:00","og_image":[{"width":1280,"height":854,"url":"https:\/\/vocesdelacomuna15.com.ar\/wp-content\/uploads\/2025\/05\/obe1.avif","type":"image\/jpeg"}],"author":"Federico Arguto","twitter_card":"summary_large_image","twitter_creator":"@vocescomuna15","twitter_site":"@vocescomuna15","twitter_misc":{"Escrito por":"Federico Arguto","Tiempo de lectura":"3 minutos"},"schema":{"@context":"https:\/\/schema.org","@graph":[{"@type":"Article","@id":"https:\/\/vocesdelacomuna15.com.ar\/press\/comenzaron-las-primeras-visitas-de-vecinos-al-mirador-del-obelisco\/#article","isPartOf":{"@id":"https:\/\/vocesdelacomuna15.com.ar\/press\/comenzaron-las-primeras-visitas-de-vecinos-al-mirador-del-obelisco\/"},"author":{"name":"Federico Arguto","@id":"https:\/\/vocesdelacomuna15.com.ar\/press\/#\/schema\/person\/4739e109db25d799cd3d139eeb509e43"},"headline":"Comenzaron las primeras visitas de vecinos al mirador del Obelisco","datePublished":"2025-05-05T18:02:56+00:00","mainEntityOfPage":{"@id":"https:\/\/vocesdelacomuna15.com.ar\/press\/comenzaron-las-primeras-visitas-de-vecinos-al-mirador-del-obelisco\/"},"wordCount":445,"commentCount":0,"publisher":{"@id":"https:\/\/vocesdelacomuna15.com.ar\/press\/#organization"},"image":{"@id":"https:\/\/vocesdelacomuna15.com.ar\/press\/comenzaron-las-primeras-visitas-de-vecinos-al-mirador-del-obelisco\/#primaryimage"},"thumbnailUrl":"https:\/\/vocesdelacomuna15.com.ar\/wp-content\/uploads\/2025\/05\/obe1.avif","articleSection":["Ciudad"],"inLanguage":"es-AR","potentialAction":[{"@type":"CommentAction","name":"Comment","target":["https:\/\/vocesdelacomuna15.com.ar\/press\/comenzaron-las-primeras-visitas-de-vecinos-al-mirador-del-obelisco\/#respond"]}]},{"@type":"WebPage","@id":"https:\/\/vocesdelacomuna15.com.ar\/press\/comenzaron-las-primeras-visitas-de-vecinos-al-mirador-del-obelisco\/","url":"https:\/\/vocesdelacomuna15.com.ar\/press\/comenzaron-las-primeras-visitas-de-vecinos-al-mirador-del-obelisco\/","name":"Comenzaron las primeras visitas de vecinos al mirador del Obelisco - Voces de la Comuna 15","isPartOf":{"@id":"https:\/\/vocesdelacomuna15.com.ar\/press\/#website"},"primaryImageOfPage":{"@id":"https:\/\/vocesdelacomuna15.com.ar\/press\/comenzaron-las-primeras-visitas-de-vecinos-al-mirador-del-obelisco\/#primaryimage"},"image":{"@id":"https:\/\/vocesdelacomuna15.com.ar\/press\/comenzaron-las-primeras-visitas-de-vecinos-al-mirador-del-obelisco\/#primaryimage"},"thumbnailUrl":"https:\/\/vocesdelacomuna15.com.ar\/wp-content\/uploads\/2025\/05\/obe1.avif","datePublished":"2025-05-05T18:02:56+00:00","description":"Voces de la Comuna 15","breadcrumb":{"@id":"https:\/\/vocesdelacomuna15.com.ar\/press\/comenzaron-las-primeras-visitas-de-vecinos-al-mirador-del-obelisco\/#breadcrumb"},"inLanguage":"es-AR","potentialAction":[{"@type":"ReadAction","target":["https:\/\/vocesdelacomuna15.com.ar\/press\/comenzaron-las-primeras-visitas-de-vecinos-al-mirador-del-obelisco\/"]}]},{"@type":"ImageObject","inLanguage":"es-AR","@id":"https:\/\/vocesdelacomuna15.com.ar\/press\/comenzaron-las-primeras-visitas-de-vecinos-al-mirador-del-obelisco\/#primaryimage","url":"https:\/\/vocesdelacomuna15.com.ar\/wp-content\/uploads\/2025\/05\/obe1.avif","contentUrl":"https:\/\/vocesdelacomuna15.com.ar\/wp-content\/uploads\/2025\/05\/obe1.avif","width":1280,"height":854},{"@type":"BreadcrumbList","@id":"https:\/\/vocesdelacomuna15.com.ar\/press\/comenzaron-las-primeras-visitas-de-vecinos-al-mirador-del-obelisco\/#breadcrumb","itemListElement":[{"@type":"ListItem","position":1,"name":"Inicio","item":"https:\/\/vocesdelacomuna15.com.ar\/press\/"},{"@type":"ListItem","position":2,"name":"Comenzaron las primeras visitas de vecinos al mirador del Obelisco"}]},{"@type":"WebSite","@id":"https:\/\/vocesdelacomuna15.com.ar\/press\/#website","url":"https:\/\/vocesdelacomuna15.com.ar\/press\/","name":"Voces de la Comuna 15","description":"Sitio web de noticias","publisher":{"@id":"https:\/\/vocesdelacomuna15.com.ar\/press\/#organization"},"potentialAction":[{"@type":"SearchAction","target":{"@type":"EntryPoint","urlTemplate":"https:\/\/vocesdelacomuna15.com.ar\/press\/?s={search_term_string}"},"query-input":{"@type":"PropertyValueSpecification","valueRequired":true,"valueName":"search_term_string"}}],"inLanguage":"es-AR"},{"@type":"Organization","@id":"https:\/\/vocesdelacomuna15.com.ar\/press\/#organization","name":"Voces de la Comuna 15","url":"https:\/\/vocesdelacomuna15.com.ar\/press\/","logo":{"@type":"ImageObject","inLanguage":"es-AR","@id":"https:\/\/vocesdelacomuna15.com.ar\/press\/#\/schema\/logo\/image\/","url":"https:\/\/vocesdelacomuna15.com.ar\/wp-content\/uploads\/2024\/12\/cropped-logo_voces.jpg","contentUrl":"https:\/\/vocesdelacomuna15.com.ar\/wp-content\/uploads\/2024\/12\/cropped-logo_voces.jpg","width":512,"height":512,"caption":"Voces de la Comuna 15"},"image":{"@id":"https:\/\/vocesdelacomuna15.com.ar\/press\/#\/schema\/logo\/image\/"},"sameAs":["https:\/\/www.facebook.com\/VocesComuna15\/","https:\/\/x.com\/vocescomuna15"]},{"@type":"Person","@id":"https:\/\/vocesdelacomuna15.com.ar\/press\/#\/schema\/person\/4739e109db25d799cd3d139eeb509e43","name":"Federico Arguto","image":{"@type":"ImageObject","inLanguage":"es-AR","@id":"https:\/\/vocesdelacomuna15.com.ar\/wp-content\/litespeed\/avatar\/82faf979976f1bae889b8b71f8a0a7e5.jpg?ver=1777419741","url":"https:\/\/vocesdelacomuna15.com.ar\/wp-content\/litespeed\/avatar\/82faf979976f1bae889b8b71f8a0a7e5.jpg?ver=1777419741","contentUrl":"https:\/\/vocesdelacomuna15.com.ar\/wp-content\/litespeed\/avatar\/82faf979976f1bae889b8b71f8a0a7e5.jpg?ver=1777419741","caption":"Federico Arguto"},"url":"https:\/\/vocesdelacomuna15.com.ar\/press\/author\/fede\/"}]}},"_links":{"self":[{"href":"https:\/\/vocesdelacomuna15.com.ar\/press\/wp-json\/wp\/v2\/posts\/65383","targetHints":{"allow":["GET"]}}],"collection":[{"href":"https:\/\/vocesdelacomuna15.com.ar\/press\/wp-json\/wp\/v2\/posts"}],"about":[{"href":"https:\/\/vocesdelacomuna15.com.ar\/press\/wp-json\/wp\/v2\/types\/post"}],"author":[{"embeddable":true,"href":"https:\/\/vocesdelacomuna15.com.ar\/press\/wp-json\/wp\/v2\/users\/2"}],"replies":[{"embeddable":true,"href":"https:\/\/vocesdelacomuna15.com.ar\/press\/wp-json\/wp\/v2\/comments?post=65383"}],"version-history":[{"count":1,"href":"https:\/\/vocesdelacomuna15.com.ar\/press\/wp-json\/wp\/v2\/posts\/65383\/revisions"}],"predecessor-version":[{"id":65386,"href":"https:\/\/vocesdelacomuna15.com.ar\/press\/wp-json\/wp\/v2\/posts\/65383\/revisions\/65386"}],"wp:featuredmedia":[{"embeddable":true,"href":"https:\/\/vocesdelacomuna15.com.ar\/press\/wp-json\/wp\/v2\/media\/65384"}],"wp:attachment":[{"href":"https:\/\/vocesdelacomuna15.com.ar\/press\/wp-json\/wp\/v2\/media?parent=65383"}],"wp:term":[{"taxonomy":"category","embeddable":true,"href":"https:\/\/vocesdelacomuna15.com.ar\/press\/wp-json\/wp\/v2\/categories?post=65383"},{"taxonomy":"post_tag","embeddable":true,"href":"https:\/\/vocesdelacomuna15.com.ar\/press\/wp-json\/wp\/v2\/tags?post=65383"}],"curies":[{"name":"wp","href":"https:\/\/api.w.org\/{rel}","templated":true}]}}