{"id":65374,"date":"2025-05-05T08:00:00","date_gmt":"2025-05-05T11:00:00","guid":{"rendered":"https:\/\/vocesdelacomuna15.com.ar\/press\/?p=65374"},"modified":"2025-05-03T14:54:15","modified_gmt":"2025-05-03T17:54:15","slug":"megaoperativo-en-chacarita-la-ciudad-desalojo-a-5-mil-manteros-que-ocupaban-el-parque-los-andes","status":"publish","type":"post","link":"https:\/\/vocesdelacomuna15.com.ar\/press\/megaoperativo-en-chacarita-la-ciudad-desalojo-a-5-mil-manteros-que-ocupaban-el-parque-los-andes\/","title":{"rendered":"Megaoperativo en Chacarita: la Ciudad desaloj\u00f3 a 5 mil manteros que ocupaban el Parque Los Andes"},"content":{"rendered":"\n<p>&#8220;La usurpaci\u00f3n genera inseguridad, desorden, suciedad y una competencia desleal&#8221;, dijo el Jefe de Gobierno, Jorge Macri. Fuente: Buenosaires.gob.ar<\/p>\n\n\n\n<p>\u201c<strong>Tom\u00e9 un compromiso muy claro con los porte\u00f1os y lo estoy cumpliendo<\/strong>, seguimos recuperando el orden en todos los barrios de la Ciudad. En el Parque de los Andes ve\u00eda creciendo la presencia de manteros que genera una competencia injusta con el comerciante que cumple e inclusive con los feriantes que trabajan legalmente en el Parque\u201d, sostuvo el Jefe de Gobierno,&nbsp;<a href=\"https:\/\/www.facebook.com\/jorgemacri\/\" target=\"_blank\" rel=\"noreferrer noopener\">Jorge Macri<\/a>, en Chacarita.&nbsp;<\/p>\n\n\n\n<p>Fue tras el desalojo de 5 mil manteros que ocupaban ilegalmente el Parque Los Andes, en Chacarita, en un megaoperativo que comenz\u00f3 anoche,&nbsp;<strong>con 200 efectivos de la Polic\u00eda de la Ciudad y 110 inspectores de Espacio P\u00fablico<\/strong><strong>.<\/strong><\/p>\n\n\n\n<figure class=\"wp-block-image size-large\"><img loading=\"lazy\" decoding=\"async\" width=\"705\" height=\"1024\" src=\"https:\/\/vocesdelacomuna15.com.ar\/wp-content\/uploads\/2025\/05\/estacion-705x1024.avif\" alt=\"\" class=\"wp-image-65376\" srcset=\"https:\/\/vocesdelacomuna15.com.ar\/wp-content\/uploads\/2025\/05\/estacion-705x1024.avif 705w, https:\/\/vocesdelacomuna15.com.ar\/wp-content\/uploads\/2025\/05\/estacion-206x300.avif 206w, https:\/\/vocesdelacomuna15.com.ar\/wp-content\/uploads\/2025\/05\/estacion-768x1116.avif 768w, https:\/\/vocesdelacomuna15.com.ar\/wp-content\/uploads\/2025\/05\/estacion-1057x1536.avif 1057w, https:\/\/vocesdelacomuna15.com.ar\/wp-content\/uploads\/2025\/05\/estacion-1080x1569.avif 1080w, https:\/\/vocesdelacomuna15.com.ar\/wp-content\/uploads\/2025\/05\/estacion.avif 1101w\" sizes=\"(max-width: 705px) 100vw, 705px\" \/><\/figure>\n\n\n\n<p>\u201c<strong>El espacio p\u00fablico es de los vecinos, nadie puede ocupar un lugar o cobrar por estacionar en la calle<\/strong>. No hay derecho a tomar el espacio p\u00fablico, porque entonces si uno no tiene casa puede usurpar una. Hay que terminar con naturalizar el desorden como forma de subsistencia. Son discusiones importantes porque vuelven a ordenar la Argentina\u201d, agreg\u00f3 Jorge Macri. Lo acompa\u00f1aron los responsables del megaoperativo, el Jefe de Gabinete, Gabriel S\u00e1nchez Zinny, el Ministro de Seguridad, Horacio Gim\u00e9nez, el secretario de Seguridad, Maximiliano Pi\u00f1eiro, y el ministro de Espacio P\u00fablico, Ignacio Baistrocchi.<\/p>\n\n\n\n<p>En el Parque conviv\u00edan manteros dedicados a la venta ilegal de ropa, tecnolog\u00eda, comida, antig\u00fcedades y libros los s\u00e1bados, domingos y feriados, con&nbsp;<strong>una feria legal con 310 puestos para feriantes, emprendedores y artesanos que ofrecen sus manualidades<\/strong>&nbsp;en tela, cuero, metal, vidrio o en papel, bijouterie, juegos did\u00e1cticos o art\u00edculos de decoraci\u00f3n, por ejemplo, y que tienen los permisos correspondientes.&nbsp;<\/p>\n\n\n\n<p>En el Parque conviv\u00edan manteros dedicados a la venta ilegal de ropa, tecnolog\u00eda, comida, antig\u00fcedades y libros los s\u00e1bados, domingos y feriados, con&nbsp;<strong>una feria legal con 310 puestos para feriantes, emprendedores y artesanos que ofrecen sus manualidades<\/strong>&nbsp;en tela, cuero, metal, vidrio o en papel, bijouterie, juegos did\u00e1cticos o art\u00edculos de decoraci\u00f3n, por ejemplo, y que tienen los permisos correspondientes.&nbsp;<\/p>\n\n\n\n<p>El Jefe de Gobierno agreg\u00f3: \u201cCuando hay decisi\u00f3n pol\u00edtica y se trabaja con el apoyo de la Justicia, se investiga a la organizaci\u00f3n, se secuestra la mercader\u00eda ilegal. Por eso otra vez tenemos un operativo exitoso para impedir que se instalen los manteros. Cada vez que liberamos una zona no vuelven m\u00e1s.&nbsp;<strong>La usurpaci\u00f3n genera inseguridad, desorden, suciedad y una competencia desleal<\/strong>\u201d. En el operativo en Chacarita interviene la Fiscal\u00eda Especializada en Investigaciones Complejas a cargo de Celsa Ram\u00edrez, secretar\u00eda \u00fanica de Daniel Gonz\u00e1lez.<\/p>\n\n\n\n<p><strong>A metros del Parque Los Andes, la Ciudad construye un polideportivo pedido por los vecinos<\/strong><strong>&nbsp;<\/strong>en la calle Rodney y a metros, un centro TUMO que es un sistema educativo a contraturno de la escuela para que los chicos se formen y capaciten.<\/p>\n\n\n\n<p>En el megaoperativo la Polic\u00eda de la Ciudad junto con Inspectores de Espacio P\u00fablico<strong>&nbsp;<\/strong><strong>secuestr\u00f3 m\u00e1s de 6.700 bultos de mercader\u00eda<\/strong>, 127 estructuras de armado de puestos y 112 hierros de estructura met\u00e1lica, adem\u00e1s de dos camionetas sin documentaci\u00f3n o VTV.<\/p>\n\n\n\n<h3 class=\"wp-block-heading\"><strong>Los operativos de orden p\u00fablico en la Ciudad<\/strong><\/h3>\n\n\n\n<p>Liberar el espacio p\u00fablico para los porte\u00f1os y cuidar a los comerciantes que pagan impuestos es una prioridad en la gesti\u00f3n de Jorge Macri. Este operativo de orden p\u00fablico se suma a los ya realizados en el barrio de Once, en la zona de la Avenida Avellaneda en Flores, frente a las terminales de Retiro, en la peatonal Florida, Plaza Constituci\u00f3n, Parque Centenario y en el Parque Patricios, donde tambi\u00e9n se logr\u00f3 la liberaci\u00f3n total del espacio.&nbsp;<\/p>\n\n\n\n<figure class=\"wp-block-image size-large\"><img loading=\"lazy\" decoding=\"async\" width=\"705\" height=\"1024\" src=\"https:\/\/vocesdelacomuna15.com.ar\/wp-content\/uploads\/2025\/05\/sin-manteros-1-705x1024.avif\" alt=\"\" class=\"wp-image-65381\" srcset=\"https:\/\/vocesdelacomuna15.com.ar\/wp-content\/uploads\/2025\/05\/sin-manteros-1-705x1024.avif 705w, https:\/\/vocesdelacomuna15.com.ar\/wp-content\/uploads\/2025\/05\/sin-manteros-1-206x300.avif 206w, https:\/\/vocesdelacomuna15.com.ar\/wp-content\/uploads\/2025\/05\/sin-manteros-1-768x1116.avif 768w, https:\/\/vocesdelacomuna15.com.ar\/wp-content\/uploads\/2025\/05\/sin-manteros-1-1057x1536.avif 1057w, https:\/\/vocesdelacomuna15.com.ar\/wp-content\/uploads\/2025\/05\/sin-manteros-1-1080x1569.avif 1080w, https:\/\/vocesdelacomuna15.com.ar\/wp-content\/uploads\/2025\/05\/sin-manteros-1.avif 1101w\" sizes=\"(max-width: 705px) 100vw, 705px\" \/><\/figure>\n\n\n\n<p>Tanto en Once como en Flores, por orden de la Justicia, se decomis\u00f3 mercader\u00eda ilegal en dep\u00f3sitos y talleres textiles clandestinos. Tras los megaoperativos, la Polic\u00eda y los inspectores de Espacio P\u00fablico mantienen controles en las zonas para evitar que vuelvan a instalarse los manteros.&nbsp;<\/p>\n\n\n\n<p>El Gobierno de la Ciudad sigue trabajando en la recuperaci\u00f3n del espacio p\u00fablico. Desde el comienzo de la gesti\u00f3n fueron desmanteladas las ferias ilegales en la calle Perette en Retiro, y ranchadas en el Aeroparque Jorge Newbery, Plaza de Mayo, Plaza Lavalle y las veredas del Congreso de la Naci\u00f3n.<\/p>\n\n\n\n<p><\/p>\n\n\n\n<p>Caracteres: 4.145<\/p>\n\n\n\n<p>Fotos GCBA<\/p>\n<div class=\"pvc_clear\"><\/div><p id=\"pvc_stats_65374\" class=\"pvc_stats all  \" data-element-id=\"65374\" style=\"\"><i class=\"pvc-stats-icon small\" aria-hidden=\"true\"><svg aria-hidden=\"true\" focusable=\"false\" data-prefix=\"far\" data-icon=\"chart-bar\" role=\"img\" xmlns=\"http:\/\/www.w3.org\/2000\/svg\" viewBox=\"0 0 512 512\" class=\"svg-inline--fa fa-chart-bar fa-w-16 fa-2x\"><path fill=\"currentColor\" d=\"M396.8 352h22.4c6.4 0 12.8-6.4 12.8-12.8V108.8c0-6.4-6.4-12.8-12.8-12.8h-22.4c-6.4 0-12.8 6.4-12.8 12.8v230.4c0 6.4 6.4 12.8 12.8 12.8zm-192 0h22.4c6.4 0 12.8-6.4 12.8-12.8V140.8c0-6.4-6.4-12.8-12.8-12.8h-22.4c-6.4 0-12.8 6.4-12.8 12.8v198.4c0 6.4 6.4 12.8 12.8 12.8zm96 0h22.4c6.4 0 12.8-6.4 12.8-12.8V204.8c0-6.4-6.4-12.8-12.8-12.8h-22.4c-6.4 0-12.8 6.4-12.8 12.8v134.4c0 6.4 6.4 12.8 12.8 12.8zM496 400H48V80c0-8.84-7.16-16-16-16H16C7.16 64 0 71.16 0 80v336c0 17.67 14.33 32 32 32h464c8.84 0 16-7.16 16-16v-16c0-8.84-7.16-16-16-16zm-387.2-48h22.4c6.4 0 12.8-6.4 12.8-12.8v-70.4c0-6.4-6.4-12.8-12.8-12.8h-22.4c-6.4 0-12.8 6.4-12.8 12.8v70.4c0 6.4 6.4 12.8 12.8 12.8z\" class=\"\"><\/path><\/svg><\/i> <img loading=\"lazy\" decoding=\"async\" width=\"16\" height=\"16\" alt=\"Loading\" src=\"https:\/\/vocesdelacomuna15.com.ar\/wp-content\/plugins\/page-views-count\/ajax-loader-2x.gif\" border=0 \/><\/p><div class=\"pvc_clear\"><\/div>","protected":false},"excerpt":{"rendered":"<p>&#8220;La usurpaci\u00f3n genera inseguridad, desorden, suciedad y una competencia desleal&#8221;, dijo el Jefe de Gobierno, Jorge Macri. Fuente: Buenosaires.gob.ar \u201cTom\u00e9 un compromiso muy claro con los porte\u00f1os y lo estoy cumpliendo, seguimos recuperando el orden en todos los barrios de la Ciudad. En el Parque de los Andes ve\u00eda creciendo la presencia de manteros que [&hellip;]<\/p>\n<div class=\"pvc_clear\"><\/div>\n<p id=\"pvc_stats_65374\" class=\"pvc_stats all  \" data-element-id=\"65374\" style=\"\"><i class=\"pvc-stats-icon small\" aria-hidden=\"true\"><svg aria-hidden=\"true\" focusable=\"false\" data-prefix=\"far\" data-icon=\"chart-bar\" role=\"img\" xmlns=\"http:\/\/www.w3.org\/2000\/svg\" viewBox=\"0 0 512 512\" class=\"svg-inline--fa fa-chart-bar fa-w-16 fa-2x\"><path fill=\"currentColor\" d=\"M396.8 352h22.4c6.4 0 12.8-6.4 12.8-12.8V108.8c0-6.4-6.4-12.8-12.8-12.8h-22.4c-6.4 0-12.8 6.4-12.8 12.8v230.4c0 6.4 6.4 12.8 12.8 12.8zm-192 0h22.4c6.4 0 12.8-6.4 12.8-12.8V140.8c0-6.4-6.4-12.8-12.8-12.8h-22.4c-6.4 0-12.8 6.4-12.8 12.8v198.4c0 6.4 6.4 12.8 12.8 12.8zm96 0h22.4c6.4 0 12.8-6.4 12.8-12.8V204.8c0-6.4-6.4-12.8-12.8-12.8h-22.4c-6.4 0-12.8 6.4-12.8 12.8v134.4c0 6.4 6.4 12.8 12.8 12.8zM496 400H48V80c0-8.84-7.16-16-16-16H16C7.16 64 0 71.16 0 80v336c0 17.67 14.33 32 32 32h464c8.84 0 16-7.16 16-16v-16c0-8.84-7.16-16-16-16zm-387.2-48h22.4c6.4 0 12.8-6.4 12.8-12.8v-70.4c0-6.4-6.4-12.8-12.8-12.8h-22.4c-6.4 0-12.8 6.4-12.8 12.8v70.4c0 6.4 6.4 12.8 12.8 12.8z\" class=\"\"><\/path><\/svg><\/i> <img loading=\"lazy\" decoding=\"async\" width=\"16\" height=\"16\" alt=\"Loading\" src=\"https:\/\/vocesdelacomuna15.com.ar\/wp-content\/plugins\/page-views-count\/ajax-loader-2x.gif\" border=0 \/><\/p>\n<div class=\"pvc_clear\"><\/div>\n","protected":false},"author":2,"featured_media":65379,"comment_status":"open","ping_status":"open","sticky":false,"template":"","format":"standard","meta":{"_et_pb_use_builder":"off","_et_pb_old_content":"","_et_gb_content_width":"","footnotes":""},"categories":[23],"tags":[],"class_list":["post-65374","post","type-post","status-publish","format-standard","has-post-thumbnail","hentry","category-chacarita","et-has-post-format-content","et_post_format-et-post-format-standard"],"a3_pvc":{"activated":true,"total_views":44,"today_views":0},"yoast_head":"<!-- This site is optimized with the Yoast SEO plugin v27.5 - https:\/\/yoast.com\/product\/yoast-seo-wordpress\/ -->\n<title>Megaoperativo en Chacarita: la Ciudad desaloj\u00f3 a 5 mil manteros que ocupaban el Parque Los Andes - Voces de la Comuna 15<\/title>\n<meta name=\"description\" content=\"Voces de la Comuna 15\" \/>\n<meta name=\"robots\" content=\"index, follow, max-snippet:-1, max-image-preview:large, max-video-preview:-1\" \/>\n<link rel=\"canonical\" href=\"https:\/\/vocesdelacomuna15.com.ar\/press\/megaoperativo-en-chacarita-la-ciudad-desalojo-a-5-mil-manteros-que-ocupaban-el-parque-los-andes\/\" \/>\n<meta property=\"og:locale\" content=\"es_ES\" \/>\n<meta property=\"og:type\" content=\"article\" \/>\n<meta property=\"og:title\" content=\"Megaoperativo en Chacarita: la Ciudad desaloj\u00f3 a 5 mil manteros que ocupaban el Parque Los Andes - Voces de la Comuna 15\" \/>\n<meta property=\"og:description\" content=\"Voces de la Comuna 15\" \/>\n<meta property=\"og:url\" content=\"https:\/\/vocesdelacomuna15.com.ar\/press\/megaoperativo-en-chacarita-la-ciudad-desalojo-a-5-mil-manteros-que-ocupaban-el-parque-los-andes\/\" \/>\n<meta property=\"og:site_name\" content=\"Voces de la Comuna 15\" \/>\n<meta property=\"article:publisher\" content=\"https:\/\/www.facebook.com\/VocesComuna15\/\" \/>\n<meta property=\"article:published_time\" content=\"2025-05-05T11:00:00+00:00\" \/>\n<meta property=\"og:image\" content=\"https:\/\/vocesdelacomuna15.com.ar\/wp-content\/uploads\/2025\/05\/macri-1.avif\" \/>\n\t<meta property=\"og:image:width\" content=\"1600\" \/>\n\t<meta property=\"og:image:height\" content=\"1066\" \/>\n\t<meta property=\"og:image:type\" content=\"image\/jpeg\" \/>\n<meta name=\"author\" content=\"Federico Arguto\" \/>\n<meta name=\"twitter:card\" content=\"summary_large_image\" \/>\n<meta name=\"twitter:creator\" content=\"@vocescomuna15\" \/>\n<meta name=\"twitter:site\" content=\"@vocescomuna15\" \/>\n<meta name=\"twitter:label1\" content=\"Escrito por\" \/>\n\t<meta name=\"twitter:data1\" content=\"Federico Arguto\" \/>\n\t<meta name=\"twitter:label2\" content=\"Tiempo de lectura\" \/>\n\t<meta name=\"twitter:data2\" content=\"4 minutos\" \/>\n<script type=\"application\/ld+json\" class=\"yoast-schema-graph\">{\"@context\":\"https:\\\/\\\/schema.org\",\"@graph\":[{\"@type\":\"Article\",\"@id\":\"https:\\\/\\\/vocesdelacomuna15.com.ar\\\/press\\\/megaoperativo-en-chacarita-la-ciudad-desalojo-a-5-mil-manteros-que-ocupaban-el-parque-los-andes\\\/#article\",\"isPartOf\":{\"@id\":\"https:\\\/\\\/vocesdelacomuna15.com.ar\\\/press\\\/megaoperativo-en-chacarita-la-ciudad-desalojo-a-5-mil-manteros-que-ocupaban-el-parque-los-andes\\\/\"},\"author\":{\"name\":\"Federico Arguto\",\"@id\":\"https:\\\/\\\/vocesdelacomuna15.com.ar\\\/press\\\/#\\\/schema\\\/person\\\/4739e109db25d799cd3d139eeb509e43\"},\"headline\":\"Megaoperativo en Chacarita: la Ciudad desaloj\u00f3 a 5 mil manteros que ocupaban el Parque Los Andes\",\"datePublished\":\"2025-05-05T11:00:00+00:00\",\"mainEntityOfPage\":{\"@id\":\"https:\\\/\\\/vocesdelacomuna15.com.ar\\\/press\\\/megaoperativo-en-chacarita-la-ciudad-desalojo-a-5-mil-manteros-que-ocupaban-el-parque-los-andes\\\/\"},\"wordCount\":770,\"commentCount\":0,\"publisher\":{\"@id\":\"https:\\\/\\\/vocesdelacomuna15.com.ar\\\/press\\\/#organization\"},\"image\":{\"@id\":\"https:\\\/\\\/vocesdelacomuna15.com.ar\\\/press\\\/megaoperativo-en-chacarita-la-ciudad-desalojo-a-5-mil-manteros-que-ocupaban-el-parque-los-andes\\\/#primaryimage\"},\"thumbnailUrl\":\"https:\\\/\\\/vocesdelacomuna15.com.ar\\\/wp-content\\\/uploads\\\/2025\\\/05\\\/macri-1.avif\",\"articleSection\":[\"Chacarita\"],\"inLanguage\":\"es-AR\",\"potentialAction\":[{\"@type\":\"CommentAction\",\"name\":\"Comment\",\"target\":[\"https:\\\/\\\/vocesdelacomuna15.com.ar\\\/press\\\/megaoperativo-en-chacarita-la-ciudad-desalojo-a-5-mil-manteros-que-ocupaban-el-parque-los-andes\\\/#respond\"]}]},{\"@type\":\"WebPage\",\"@id\":\"https:\\\/\\\/vocesdelacomuna15.com.ar\\\/press\\\/megaoperativo-en-chacarita-la-ciudad-desalojo-a-5-mil-manteros-que-ocupaban-el-parque-los-andes\\\/\",\"url\":\"https:\\\/\\\/vocesdelacomuna15.com.ar\\\/press\\\/megaoperativo-en-chacarita-la-ciudad-desalojo-a-5-mil-manteros-que-ocupaban-el-parque-los-andes\\\/\",\"name\":\"Megaoperativo en Chacarita: la Ciudad desaloj\u00f3 a 5 mil manteros que ocupaban el Parque Los Andes - Voces de la Comuna 15\",\"isPartOf\":{\"@id\":\"https:\\\/\\\/vocesdelacomuna15.com.ar\\\/press\\\/#website\"},\"primaryImageOfPage\":{\"@id\":\"https:\\\/\\\/vocesdelacomuna15.com.ar\\\/press\\\/megaoperativo-en-chacarita-la-ciudad-desalojo-a-5-mil-manteros-que-ocupaban-el-parque-los-andes\\\/#primaryimage\"},\"image\":{\"@id\":\"https:\\\/\\\/vocesdelacomuna15.com.ar\\\/press\\\/megaoperativo-en-chacarita-la-ciudad-desalojo-a-5-mil-manteros-que-ocupaban-el-parque-los-andes\\\/#primaryimage\"},\"thumbnailUrl\":\"https:\\\/\\\/vocesdelacomuna15.com.ar\\\/wp-content\\\/uploads\\\/2025\\\/05\\\/macri-1.avif\",\"datePublished\":\"2025-05-05T11:00:00+00:00\",\"description\":\"Voces de la Comuna 15\",\"breadcrumb\":{\"@id\":\"https:\\\/\\\/vocesdelacomuna15.com.ar\\\/press\\\/megaoperativo-en-chacarita-la-ciudad-desalojo-a-5-mil-manteros-que-ocupaban-el-parque-los-andes\\\/#breadcrumb\"},\"inLanguage\":\"es-AR\",\"potentialAction\":[{\"@type\":\"ReadAction\",\"target\":[\"https:\\\/\\\/vocesdelacomuna15.com.ar\\\/press\\\/megaoperativo-en-chacarita-la-ciudad-desalojo-a-5-mil-manteros-que-ocupaban-el-parque-los-andes\\\/\"]}]},{\"@type\":\"ImageObject\",\"inLanguage\":\"es-AR\",\"@id\":\"https:\\\/\\\/vocesdelacomuna15.com.ar\\\/press\\\/megaoperativo-en-chacarita-la-ciudad-desalojo-a-5-mil-manteros-que-ocupaban-el-parque-los-andes\\\/#primaryimage\",\"url\":\"https:\\\/\\\/vocesdelacomuna15.com.ar\\\/wp-content\\\/uploads\\\/2025\\\/05\\\/macri-1.avif\",\"contentUrl\":\"https:\\\/\\\/vocesdelacomuna15.com.ar\\\/wp-content\\\/uploads\\\/2025\\\/05\\\/macri-1.avif\",\"width\":1600,\"height\":1066},{\"@type\":\"BreadcrumbList\",\"@id\":\"https:\\\/\\\/vocesdelacomuna15.com.ar\\\/press\\\/megaoperativo-en-chacarita-la-ciudad-desalojo-a-5-mil-manteros-que-ocupaban-el-parque-los-andes\\\/#breadcrumb\",\"itemListElement\":[{\"@type\":\"ListItem\",\"position\":1,\"name\":\"Inicio\",\"item\":\"https:\\\/\\\/vocesdelacomuna15.com.ar\\\/press\\\/\"},{\"@type\":\"ListItem\",\"position\":2,\"name\":\"Megaoperativo en Chacarita: la Ciudad desaloj\u00f3 a 5 mil manteros que ocupaban el Parque Los Andes\"}]},{\"@type\":\"WebSite\",\"@id\":\"https:\\\/\\\/vocesdelacomuna15.com.ar\\\/press\\\/#website\",\"url\":\"https:\\\/\\\/vocesdelacomuna15.com.ar\\\/press\\\/\",\"name\":\"Voces de la Comuna 15\",\"description\":\"Sitio web de noticias\",\"publisher\":{\"@id\":\"https:\\\/\\\/vocesdelacomuna15.com.ar\\\/press\\\/#organization\"},\"potentialAction\":[{\"@type\":\"SearchAction\",\"target\":{\"@type\":\"EntryPoint\",\"urlTemplate\":\"https:\\\/\\\/vocesdelacomuna15.com.ar\\\/press\\\/?s={search_term_string}\"},\"query-input\":{\"@type\":\"PropertyValueSpecification\",\"valueRequired\":true,\"valueName\":\"search_term_string\"}}],\"inLanguage\":\"es-AR\"},{\"@type\":\"Organization\",\"@id\":\"https:\\\/\\\/vocesdelacomuna15.com.ar\\\/press\\\/#organization\",\"name\":\"Voces de la Comuna 15\",\"url\":\"https:\\\/\\\/vocesdelacomuna15.com.ar\\\/press\\\/\",\"logo\":{\"@type\":\"ImageObject\",\"inLanguage\":\"es-AR\",\"@id\":\"https:\\\/\\\/vocesdelacomuna15.com.ar\\\/press\\\/#\\\/schema\\\/logo\\\/image\\\/\",\"url\":\"https:\\\/\\\/vocesdelacomuna15.com.ar\\\/wp-content\\\/uploads\\\/2024\\\/12\\\/cropped-logo_voces.jpg\",\"contentUrl\":\"https:\\\/\\\/vocesdelacomuna15.com.ar\\\/wp-content\\\/uploads\\\/2024\\\/12\\\/cropped-logo_voces.jpg\",\"width\":512,\"height\":512,\"caption\":\"Voces de la Comuna 15\"},\"image\":{\"@id\":\"https:\\\/\\\/vocesdelacomuna15.com.ar\\\/press\\\/#\\\/schema\\\/logo\\\/image\\\/\"},\"sameAs\":[\"https:\\\/\\\/www.facebook.com\\\/VocesComuna15\\\/\",\"https:\\\/\\\/x.com\\\/vocescomuna15\"]},{\"@type\":\"Person\",\"@id\":\"https:\\\/\\\/vocesdelacomuna15.com.ar\\\/press\\\/#\\\/schema\\\/person\\\/4739e109db25d799cd3d139eeb509e43\",\"name\":\"Federico Arguto\",\"image\":{\"@type\":\"ImageObject\",\"inLanguage\":\"es-AR\",\"@id\":\"https:\\\/\\\/vocesdelacomuna15.com.ar\\\/wp-content\\\/litespeed\\\/avatar\\\/82faf979976f1bae889b8b71f8a0a7e5.jpg?ver=1777419741\",\"url\":\"https:\\\/\\\/vocesdelacomuna15.com.ar\\\/wp-content\\\/litespeed\\\/avatar\\\/82faf979976f1bae889b8b71f8a0a7e5.jpg?ver=1777419741\",\"contentUrl\":\"https:\\\/\\\/vocesdelacomuna15.com.ar\\\/wp-content\\\/litespeed\\\/avatar\\\/82faf979976f1bae889b8b71f8a0a7e5.jpg?ver=1777419741\",\"caption\":\"Federico Arguto\"},\"url\":\"https:\\\/\\\/vocesdelacomuna15.com.ar\\\/press\\\/author\\\/fede\\\/\"}]}<\/script>\n<!-- \/ Yoast SEO plugin. -->","yoast_head_json":{"title":"Megaoperativo en Chacarita: la Ciudad desaloj\u00f3 a 5 mil manteros que ocupaban el Parque Los Andes - Voces de la Comuna 15","description":"Voces de la Comuna 15","robots":{"index":"index","follow":"follow","max-snippet":"max-snippet:-1","max-image-preview":"max-image-preview:large","max-video-preview":"max-video-preview:-1"},"canonical":"https:\/\/vocesdelacomuna15.com.ar\/press\/megaoperativo-en-chacarita-la-ciudad-desalojo-a-5-mil-manteros-que-ocupaban-el-parque-los-andes\/","og_locale":"es_ES","og_type":"article","og_title":"Megaoperativo en Chacarita: la Ciudad desaloj\u00f3 a 5 mil manteros que ocupaban el Parque Los Andes - Voces de la Comuna 15","og_description":"Voces de la Comuna 15","og_url":"https:\/\/vocesdelacomuna15.com.ar\/press\/megaoperativo-en-chacarita-la-ciudad-desalojo-a-5-mil-manteros-que-ocupaban-el-parque-los-andes\/","og_site_name":"Voces de la Comuna 15","article_publisher":"https:\/\/www.facebook.com\/VocesComuna15\/","article_published_time":"2025-05-05T11:00:00+00:00","og_image":[{"width":1600,"height":1066,"url":"https:\/\/vocesdelacomuna15.com.ar\/wp-content\/uploads\/2025\/05\/macri-1.avif","type":"image\/jpeg"}],"author":"Federico Arguto","twitter_card":"summary_large_image","twitter_creator":"@vocescomuna15","twitter_site":"@vocescomuna15","twitter_misc":{"Escrito por":"Federico Arguto","Tiempo de lectura":"4 minutos"},"schema":{"@context":"https:\/\/schema.org","@graph":[{"@type":"Article","@id":"https:\/\/vocesdelacomuna15.com.ar\/press\/megaoperativo-en-chacarita-la-ciudad-desalojo-a-5-mil-manteros-que-ocupaban-el-parque-los-andes\/#article","isPartOf":{"@id":"https:\/\/vocesdelacomuna15.com.ar\/press\/megaoperativo-en-chacarita-la-ciudad-desalojo-a-5-mil-manteros-que-ocupaban-el-parque-los-andes\/"},"author":{"name":"Federico Arguto","@id":"https:\/\/vocesdelacomuna15.com.ar\/press\/#\/schema\/person\/4739e109db25d799cd3d139eeb509e43"},"headline":"Megaoperativo en Chacarita: la Ciudad desaloj\u00f3 a 5 mil manteros que ocupaban el Parque Los Andes","datePublished":"2025-05-05T11:00:00+00:00","mainEntityOfPage":{"@id":"https:\/\/vocesdelacomuna15.com.ar\/press\/megaoperativo-en-chacarita-la-ciudad-desalojo-a-5-mil-manteros-que-ocupaban-el-parque-los-andes\/"},"wordCount":770,"commentCount":0,"publisher":{"@id":"https:\/\/vocesdelacomuna15.com.ar\/press\/#organization"},"image":{"@id":"https:\/\/vocesdelacomuna15.com.ar\/press\/megaoperativo-en-chacarita-la-ciudad-desalojo-a-5-mil-manteros-que-ocupaban-el-parque-los-andes\/#primaryimage"},"thumbnailUrl":"https:\/\/vocesdelacomuna15.com.ar\/wp-content\/uploads\/2025\/05\/macri-1.avif","articleSection":["Chacarita"],"inLanguage":"es-AR","potentialAction":[{"@type":"CommentAction","name":"Comment","target":["https:\/\/vocesdelacomuna15.com.ar\/press\/megaoperativo-en-chacarita-la-ciudad-desalojo-a-5-mil-manteros-que-ocupaban-el-parque-los-andes\/#respond"]}]},{"@type":"WebPage","@id":"https:\/\/vocesdelacomuna15.com.ar\/press\/megaoperativo-en-chacarita-la-ciudad-desalojo-a-5-mil-manteros-que-ocupaban-el-parque-los-andes\/","url":"https:\/\/vocesdelacomuna15.com.ar\/press\/megaoperativo-en-chacarita-la-ciudad-desalojo-a-5-mil-manteros-que-ocupaban-el-parque-los-andes\/","name":"Megaoperativo en Chacarita: la Ciudad desaloj\u00f3 a 5 mil manteros que ocupaban el Parque Los Andes - Voces de la Comuna 15","isPartOf":{"@id":"https:\/\/vocesdelacomuna15.com.ar\/press\/#website"},"primaryImageOfPage":{"@id":"https:\/\/vocesdelacomuna15.com.ar\/press\/megaoperativo-en-chacarita-la-ciudad-desalojo-a-5-mil-manteros-que-ocupaban-el-parque-los-andes\/#primaryimage"},"image":{"@id":"https:\/\/vocesdelacomuna15.com.ar\/press\/megaoperativo-en-chacarita-la-ciudad-desalojo-a-5-mil-manteros-que-ocupaban-el-parque-los-andes\/#primaryimage"},"thumbnailUrl":"https:\/\/vocesdelacomuna15.com.ar\/wp-content\/uploads\/2025\/05\/macri-1.avif","datePublished":"2025-05-05T11:00:00+00:00","description":"Voces de la Comuna 15","breadcrumb":{"@id":"https:\/\/vocesdelacomuna15.com.ar\/press\/megaoperativo-en-chacarita-la-ciudad-desalojo-a-5-mil-manteros-que-ocupaban-el-parque-los-andes\/#breadcrumb"},"inLanguage":"es-AR","potentialAction":[{"@type":"ReadAction","target":["https:\/\/vocesdelacomuna15.com.ar\/press\/megaoperativo-en-chacarita-la-ciudad-desalojo-a-5-mil-manteros-que-ocupaban-el-parque-los-andes\/"]}]},{"@type":"ImageObject","inLanguage":"es-AR","@id":"https:\/\/vocesdelacomuna15.com.ar\/press\/megaoperativo-en-chacarita-la-ciudad-desalojo-a-5-mil-manteros-que-ocupaban-el-parque-los-andes\/#primaryimage","url":"https:\/\/vocesdelacomuna15.com.ar\/wp-content\/uploads\/2025\/05\/macri-1.avif","contentUrl":"https:\/\/vocesdelacomuna15.com.ar\/wp-content\/uploads\/2025\/05\/macri-1.avif","width":1600,"height":1066},{"@type":"BreadcrumbList","@id":"https:\/\/vocesdelacomuna15.com.ar\/press\/megaoperativo-en-chacarita-la-ciudad-desalojo-a-5-mil-manteros-que-ocupaban-el-parque-los-andes\/#breadcrumb","itemListElement":[{"@type":"ListItem","position":1,"name":"Inicio","item":"https:\/\/vocesdelacomuna15.com.ar\/press\/"},{"@type":"ListItem","position":2,"name":"Megaoperativo en Chacarita: la Ciudad desaloj\u00f3 a 5 mil manteros que ocupaban el Parque Los Andes"}]},{"@type":"WebSite","@id":"https:\/\/vocesdelacomuna15.com.ar\/press\/#website","url":"https:\/\/vocesdelacomuna15.com.ar\/press\/","name":"Voces de la Comuna 15","description":"Sitio web de noticias","publisher":{"@id":"https:\/\/vocesdelacomuna15.com.ar\/press\/#organization"},"potentialAction":[{"@type":"SearchAction","target":{"@type":"EntryPoint","urlTemplate":"https:\/\/vocesdelacomuna15.com.ar\/press\/?s={search_term_string}"},"query-input":{"@type":"PropertyValueSpecification","valueRequired":true,"valueName":"search_term_string"}}],"inLanguage":"es-AR"},{"@type":"Organization","@id":"https:\/\/vocesdelacomuna15.com.ar\/press\/#organization","name":"Voces de la Comuna 15","url":"https:\/\/vocesdelacomuna15.com.ar\/press\/","logo":{"@type":"ImageObject","inLanguage":"es-AR","@id":"https:\/\/vocesdelacomuna15.com.ar\/press\/#\/schema\/logo\/image\/","url":"https:\/\/vocesdelacomuna15.com.ar\/wp-content\/uploads\/2024\/12\/cropped-logo_voces.jpg","contentUrl":"https:\/\/vocesdelacomuna15.com.ar\/wp-content\/uploads\/2024\/12\/cropped-logo_voces.jpg","width":512,"height":512,"caption":"Voces de la Comuna 15"},"image":{"@id":"https:\/\/vocesdelacomuna15.com.ar\/press\/#\/schema\/logo\/image\/"},"sameAs":["https:\/\/www.facebook.com\/VocesComuna15\/","https:\/\/x.com\/vocescomuna15"]},{"@type":"Person","@id":"https:\/\/vocesdelacomuna15.com.ar\/press\/#\/schema\/person\/4739e109db25d799cd3d139eeb509e43","name":"Federico Arguto","image":{"@type":"ImageObject","inLanguage":"es-AR","@id":"https:\/\/vocesdelacomuna15.com.ar\/wp-content\/litespeed\/avatar\/82faf979976f1bae889b8b71f8a0a7e5.jpg?ver=1777419741","url":"https:\/\/vocesdelacomuna15.com.ar\/wp-content\/litespeed\/avatar\/82faf979976f1bae889b8b71f8a0a7e5.jpg?ver=1777419741","contentUrl":"https:\/\/vocesdelacomuna15.com.ar\/wp-content\/litespeed\/avatar\/82faf979976f1bae889b8b71f8a0a7e5.jpg?ver=1777419741","caption":"Federico Arguto"},"url":"https:\/\/vocesdelacomuna15.com.ar\/press\/author\/fede\/"}]}},"_links":{"self":[{"href":"https:\/\/vocesdelacomuna15.com.ar\/press\/wp-json\/wp\/v2\/posts\/65374","targetHints":{"allow":["GET"]}}],"collection":[{"href":"https:\/\/vocesdelacomuna15.com.ar\/press\/wp-json\/wp\/v2\/posts"}],"about":[{"href":"https:\/\/vocesdelacomuna15.com.ar\/press\/wp-json\/wp\/v2\/types\/post"}],"author":[{"embeddable":true,"href":"https:\/\/vocesdelacomuna15.com.ar\/press\/wp-json\/wp\/v2\/users\/2"}],"replies":[{"embeddable":true,"href":"https:\/\/vocesdelacomuna15.com.ar\/press\/wp-json\/wp\/v2\/comments?post=65374"}],"version-history":[{"count":2,"href":"https:\/\/vocesdelacomuna15.com.ar\/press\/wp-json\/wp\/v2\/posts\/65374\/revisions"}],"predecessor-version":[{"id":65382,"href":"https:\/\/vocesdelacomuna15.com.ar\/press\/wp-json\/wp\/v2\/posts\/65374\/revisions\/65382"}],"wp:featuredmedia":[{"embeddable":true,"href":"https:\/\/vocesdelacomuna15.com.ar\/press\/wp-json\/wp\/v2\/media\/65379"}],"wp:attachment":[{"href":"https:\/\/vocesdelacomuna15.com.ar\/press\/wp-json\/wp\/v2\/media?parent=65374"}],"wp:term":[{"taxonomy":"category","embeddable":true,"href":"https:\/\/vocesdelacomuna15.com.ar\/press\/wp-json\/wp\/v2\/categories?post=65374"},{"taxonomy":"post_tag","embeddable":true,"href":"https:\/\/vocesdelacomuna15.com.ar\/press\/wp-json\/wp\/v2\/tags?post=65374"}],"curies":[{"name":"wp","href":"https:\/\/api.w.org\/{rel}","templated":true}]}}