{"id":65363,"date":"2025-05-01T11:42:58","date_gmt":"2025-05-01T14:42:58","guid":{"rendered":"https:\/\/vocesdelacomuna15.com.ar\/press\/?p=65363"},"modified":"2025-05-01T11:42:59","modified_gmt":"2025-05-01T14:42:59","slug":"dos-festejos-en-el-163o-aniversario-de-villa-ortuzar","status":"publish","type":"post","link":"https:\/\/vocesdelacomuna15.com.ar\/press\/dos-festejos-en-el-163o-aniversario-de-villa-ortuzar\/","title":{"rendered":"Dos festejos en el 163\u00ba aniversario de Villa Ort\u00fazar"},"content":{"rendered":"\n<p>El 26 de abril es el d\u00eda del barrio<\/p>\n\n\n\n<p>En sus dos plazas el barrio de Villa Ort\u00fazar celebr\u00f3 sus 163 a\u00f1os con distintas actividades festivas. Por un lado se hizo el cl\u00e1sico festejo en la Plaza 25 de Agosto, en Charlone y Heredia y por otro, en la Plaza Malaver, de Estomba y Girardot.<\/p>\n\n\n\n<p>La celebraci\u00f3n de la Plaza 25 de Agosto fue organizada por el colectivo \u201cFestival Cumple\u201d. En la jornada, que se extendi\u00f3 desde las 15 hasta pasadas las 19 horas hubo talleres, m\u00fasica en vivo y feria de emprendedores. Adem\u00e1s se otorgaron premios a varios vecinos por sus trabajos en el barrio. Entre los stands de la feria se destac\u00f3 el de la Junta de Estudios Hist\u00f3ricos de Villa Ort\u00fazar. Tambi\u00e9n estuvieron presentes cooperadoras de las escuelas del barrio y la Comisi\u00f3n de Memoria de Villa Ort\u00fazar.<\/p>\n\n\n\n<p>Cerca del final del evento hubo un show de una orquesta de tango y lleg\u00f3 como broche una gigante torta de cumplea\u00f1os con el n\u00famero 163. El vecino Juan Mart\u00edn Chippano, del Gal\u00f3n de Ort\u00fazar dijo ante los presentes: \u201cDesde el galp\u00f3n queremos agradecer a nuestras vecinas y vecinos que volvieron a acompa\u00f1arnos y a renovar la decisi\u00f3n de seguir construyendo juntos una comunidad organizada y solidaria en Villa Ort\u00fazar.\u201d. Terminado el evento tuvo lugar el festival \u201cVeinticiclo\u201d, con distintos recitales.<\/p>\n\n\n\n<p>Por su parte, en la Plaza Malaver, hubo murgas, danza y canto de distintos conjuntos musicales. Estuvieron presentes las murgas \u201cPortadores de Alegr\u00eda\u201d y \u201cEndiablados de Villa Ort\u00fazar\u201d. En la calle Montenegro, que estuvo cortada para el festejo,&nbsp; hubo candombe, folklore, cumbia y tango. Tambi\u00e9n hubo feria de emprendedores del barrio. Se presentaron tambi\u00e9n los grupos \u201cKimba Candombe\u201d, \u201cTamborcitos del Ecunhi\u201d, \u201cOrquesta Negro Valor\u201d \u201cRequiebro en la calle\u201d, \u201cMabel Cumbia\u201d \u201cCampo Adentro Folclore\u201d y el Taller de Danza Folcl\u00f3rica\u201d.<\/p>\n\n\n\n<figure class=\"wp-block-image size-large\"><img loading=\"lazy\" decoding=\"async\" width=\"1024\" height=\"768\" src=\"https:\/\/vocesdelacomuna15.com.ar\/wp-content\/uploads\/2025\/05\/ortuzar-gcba-1024x768.avif\" alt=\"\" class=\"wp-image-65365\" srcset=\"https:\/\/vocesdelacomuna15.com.ar\/wp-content\/uploads\/2025\/05\/ortuzar-gcba-1024x768.avif 1024w, https:\/\/vocesdelacomuna15.com.ar\/wp-content\/uploads\/2025\/05\/ortuzar-gcba-300x225.avif 300w, https:\/\/vocesdelacomuna15.com.ar\/wp-content\/uploads\/2025\/05\/ortuzar-gcba-768x576.avif 768w, https:\/\/vocesdelacomuna15.com.ar\/wp-content\/uploads\/2025\/05\/ortuzar-gcba-1536x1152.avif 1536w, https:\/\/vocesdelacomuna15.com.ar\/wp-content\/uploads\/2025\/05\/ortuzar-gcba-1080x810.avif 1080w, https:\/\/vocesdelacomuna15.com.ar\/wp-content\/uploads\/2025\/05\/ortuzar-gcba.avif 1600w\" sizes=\"(max-width: 1024px) 100vw, 1024px\" \/><\/figure>\n\n\n\n<p>Festejo en la Plaza Malaver<\/p>\n\n\n\n<p><br>En tanto, desde la Comuna 15, para celebrar el aniversario de este barrio se llev\u00f3 a cabo una plantaci\u00f3n de \u00e1rboles en la Plaza 25 de Agosto.<\/p>\n\n\n\n<p><\/p>\n\n\n\n<p>Foto de portada: Festejo en la Plaza 25 de Agosto<\/p>\n\n\n\n<p>Caracteres: 1.925<\/p>\n<div class=\"pvc_clear\"><\/div><p id=\"pvc_stats_65363\" class=\"pvc_stats all  \" data-element-id=\"65363\" style=\"\"><i class=\"pvc-stats-icon small\" aria-hidden=\"true\"><svg aria-hidden=\"true\" focusable=\"false\" data-prefix=\"far\" data-icon=\"chart-bar\" role=\"img\" xmlns=\"http:\/\/www.w3.org\/2000\/svg\" viewBox=\"0 0 512 512\" class=\"svg-inline--fa fa-chart-bar fa-w-16 fa-2x\"><path fill=\"currentColor\" d=\"M396.8 352h22.4c6.4 0 12.8-6.4 12.8-12.8V108.8c0-6.4-6.4-12.8-12.8-12.8h-22.4c-6.4 0-12.8 6.4-12.8 12.8v230.4c0 6.4 6.4 12.8 12.8 12.8zm-192 0h22.4c6.4 0 12.8-6.4 12.8-12.8V140.8c0-6.4-6.4-12.8-12.8-12.8h-22.4c-6.4 0-12.8 6.4-12.8 12.8v198.4c0 6.4 6.4 12.8 12.8 12.8zm96 0h22.4c6.4 0 12.8-6.4 12.8-12.8V204.8c0-6.4-6.4-12.8-12.8-12.8h-22.4c-6.4 0-12.8 6.4-12.8 12.8v134.4c0 6.4 6.4 12.8 12.8 12.8zM496 400H48V80c0-8.84-7.16-16-16-16H16C7.16 64 0 71.16 0 80v336c0 17.67 14.33 32 32 32h464c8.84 0 16-7.16 16-16v-16c0-8.84-7.16-16-16-16zm-387.2-48h22.4c6.4 0 12.8-6.4 12.8-12.8v-70.4c0-6.4-6.4-12.8-12.8-12.8h-22.4c-6.4 0-12.8 6.4-12.8 12.8v70.4c0 6.4 6.4 12.8 12.8 12.8z\" class=\"\"><\/path><\/svg><\/i> <img loading=\"lazy\" decoding=\"async\" width=\"16\" height=\"16\" alt=\"Loading\" src=\"https:\/\/vocesdelacomuna15.com.ar\/wp-content\/plugins\/page-views-count\/ajax-loader-2x.gif\" border=0 \/><\/p><div class=\"pvc_clear\"><\/div>","protected":false},"excerpt":{"rendered":"<p>El 26 de abril es el d\u00eda del barrio En sus dos plazas el barrio de Villa Ort\u00fazar celebr\u00f3 sus 163 a\u00f1os con distintas actividades festivas. Por un lado se hizo el cl\u00e1sico festejo en la Plaza 25 de Agosto, en Charlone y Heredia y por otro, en la Plaza Malaver, de Estomba y Girardot. [&hellip;]<\/p>\n<div class=\"pvc_clear\"><\/div>\n<p id=\"pvc_stats_65363\" class=\"pvc_stats all  \" data-element-id=\"65363\" style=\"\"><i class=\"pvc-stats-icon small\" aria-hidden=\"true\"><svg aria-hidden=\"true\" focusable=\"false\" data-prefix=\"far\" data-icon=\"chart-bar\" role=\"img\" xmlns=\"http:\/\/www.w3.org\/2000\/svg\" viewBox=\"0 0 512 512\" class=\"svg-inline--fa fa-chart-bar fa-w-16 fa-2x\"><path fill=\"currentColor\" d=\"M396.8 352h22.4c6.4 0 12.8-6.4 12.8-12.8V108.8c0-6.4-6.4-12.8-12.8-12.8h-22.4c-6.4 0-12.8 6.4-12.8 12.8v230.4c0 6.4 6.4 12.8 12.8 12.8zm-192 0h22.4c6.4 0 12.8-6.4 12.8-12.8V140.8c0-6.4-6.4-12.8-12.8-12.8h-22.4c-6.4 0-12.8 6.4-12.8 12.8v198.4c0 6.4 6.4 12.8 12.8 12.8zm96 0h22.4c6.4 0 12.8-6.4 12.8-12.8V204.8c0-6.4-6.4-12.8-12.8-12.8h-22.4c-6.4 0-12.8 6.4-12.8 12.8v134.4c0 6.4 6.4 12.8 12.8 12.8zM496 400H48V80c0-8.84-7.16-16-16-16H16C7.16 64 0 71.16 0 80v336c0 17.67 14.33 32 32 32h464c8.84 0 16-7.16 16-16v-16c0-8.84-7.16-16-16-16zm-387.2-48h22.4c6.4 0 12.8-6.4 12.8-12.8v-70.4c0-6.4-6.4-12.8-12.8-12.8h-22.4c-6.4 0-12.8 6.4-12.8 12.8v70.4c0 6.4 6.4 12.8 12.8 12.8z\" class=\"\"><\/path><\/svg><\/i> <img loading=\"lazy\" decoding=\"async\" width=\"16\" height=\"16\" alt=\"Loading\" src=\"https:\/\/vocesdelacomuna15.com.ar\/wp-content\/plugins\/page-views-count\/ajax-loader-2x.gif\" border=0 \/><\/p>\n<div class=\"pvc_clear\"><\/div>\n","protected":false},"author":2,"featured_media":65364,"comment_status":"open","ping_status":"open","sticky":false,"template":"","format":"standard","meta":{"_et_pb_use_builder":"off","_et_pb_old_content":"","_et_gb_content_width":"","footnotes":""},"categories":[8,33],"tags":[],"class_list":["post-65363","post","type-post","status-publish","format-standard","has-post-thumbnail","hentry","category-sociedad","category-vort","et-has-post-format-content","et_post_format-et-post-format-standard"],"a3_pvc":{"activated":true,"total_views":48,"today_views":0},"yoast_head":"<!-- This site is optimized with the Yoast SEO plugin v27.5 - https:\/\/yoast.com\/product\/yoast-seo-wordpress\/ -->\n<title>Dos festejos en el 163\u00ba aniversario de Villa Ort\u00fazar - Voces de la Comuna 15<\/title>\n<meta name=\"description\" content=\"Voces de la Comuna 15\" \/>\n<meta name=\"robots\" content=\"index, follow, max-snippet:-1, max-image-preview:large, max-video-preview:-1\" \/>\n<link rel=\"canonical\" href=\"https:\/\/vocesdelacomuna15.com.ar\/press\/dos-festejos-en-el-163o-aniversario-de-villa-ortuzar\/\" \/>\n<meta property=\"og:locale\" content=\"es_ES\" \/>\n<meta property=\"og:type\" content=\"article\" \/>\n<meta property=\"og:title\" content=\"Dos festejos en el 163\u00ba aniversario de Villa Ort\u00fazar - Voces de la Comuna 15\" \/>\n<meta property=\"og:description\" content=\"Voces de la Comuna 15\" \/>\n<meta property=\"og:url\" content=\"https:\/\/vocesdelacomuna15.com.ar\/press\/dos-festejos-en-el-163o-aniversario-de-villa-ortuzar\/\" \/>\n<meta property=\"og:site_name\" content=\"Voces de la Comuna 15\" \/>\n<meta property=\"article:publisher\" content=\"https:\/\/www.facebook.com\/VocesComuna15\/\" \/>\n<meta property=\"article:published_time\" content=\"2025-05-01T14:42:58+00:00\" \/>\n<meta property=\"article:modified_time\" content=\"2025-05-01T14:42:59+00:00\" \/>\n<meta property=\"og:image\" content=\"https:\/\/vocesdelacomuna15.com.ar\/wp-content\/uploads\/2025\/05\/ortuzar-25-ago.avif\" \/>\n\t<meta property=\"og:image:width\" content=\"1600\" \/>\n\t<meta property=\"og:image:height\" content=\"1200\" \/>\n\t<meta property=\"og:image:type\" content=\"image\/jpeg\" \/>\n<meta name=\"author\" content=\"Federico Arguto\" \/>\n<meta name=\"twitter:card\" content=\"summary_large_image\" \/>\n<meta name=\"twitter:creator\" content=\"@vocescomuna15\" \/>\n<meta name=\"twitter:site\" content=\"@vocescomuna15\" \/>\n<meta name=\"twitter:label1\" content=\"Escrito por\" \/>\n\t<meta name=\"twitter:data1\" content=\"Federico Arguto\" \/>\n\t<meta name=\"twitter:label2\" content=\"Tiempo de lectura\" \/>\n\t<meta name=\"twitter:data2\" content=\"2 minutos\" \/>\n<script type=\"application\/ld+json\" class=\"yoast-schema-graph\">{\"@context\":\"https:\\\/\\\/schema.org\",\"@graph\":[{\"@type\":\"Article\",\"@id\":\"https:\\\/\\\/vocesdelacomuna15.com.ar\\\/press\\\/dos-festejos-en-el-163o-aniversario-de-villa-ortuzar\\\/#article\",\"isPartOf\":{\"@id\":\"https:\\\/\\\/vocesdelacomuna15.com.ar\\\/press\\\/dos-festejos-en-el-163o-aniversario-de-villa-ortuzar\\\/\"},\"author\":{\"name\":\"Federico Arguto\",\"@id\":\"https:\\\/\\\/vocesdelacomuna15.com.ar\\\/press\\\/#\\\/schema\\\/person\\\/4739e109db25d799cd3d139eeb509e43\"},\"headline\":\"Dos festejos en el 163\u00ba aniversario de Villa Ort\u00fazar\",\"datePublished\":\"2025-05-01T14:42:58+00:00\",\"dateModified\":\"2025-05-01T14:42:59+00:00\",\"mainEntityOfPage\":{\"@id\":\"https:\\\/\\\/vocesdelacomuna15.com.ar\\\/press\\\/dos-festejos-en-el-163o-aniversario-de-villa-ortuzar\\\/\"},\"wordCount\":371,\"commentCount\":0,\"publisher\":{\"@id\":\"https:\\\/\\\/vocesdelacomuna15.com.ar\\\/press\\\/#organization\"},\"image\":{\"@id\":\"https:\\\/\\\/vocesdelacomuna15.com.ar\\\/press\\\/dos-festejos-en-el-163o-aniversario-de-villa-ortuzar\\\/#primaryimage\"},\"thumbnailUrl\":\"https:\\\/\\\/vocesdelacomuna15.com.ar\\\/wp-content\\\/uploads\\\/2025\\\/05\\\/ortuzar-25-ago.avif\",\"articleSection\":[\"Sociedad\",\"Villa Ort\u00fazar\"],\"inLanguage\":\"es-AR\",\"potentialAction\":[{\"@type\":\"CommentAction\",\"name\":\"Comment\",\"target\":[\"https:\\\/\\\/vocesdelacomuna15.com.ar\\\/press\\\/dos-festejos-en-el-163o-aniversario-de-villa-ortuzar\\\/#respond\"]}]},{\"@type\":\"WebPage\",\"@id\":\"https:\\\/\\\/vocesdelacomuna15.com.ar\\\/press\\\/dos-festejos-en-el-163o-aniversario-de-villa-ortuzar\\\/\",\"url\":\"https:\\\/\\\/vocesdelacomuna15.com.ar\\\/press\\\/dos-festejos-en-el-163o-aniversario-de-villa-ortuzar\\\/\",\"name\":\"Dos festejos en el 163\u00ba aniversario de Villa Ort\u00fazar - Voces de la Comuna 15\",\"isPartOf\":{\"@id\":\"https:\\\/\\\/vocesdelacomuna15.com.ar\\\/press\\\/#website\"},\"primaryImageOfPage\":{\"@id\":\"https:\\\/\\\/vocesdelacomuna15.com.ar\\\/press\\\/dos-festejos-en-el-163o-aniversario-de-villa-ortuzar\\\/#primaryimage\"},\"image\":{\"@id\":\"https:\\\/\\\/vocesdelacomuna15.com.ar\\\/press\\\/dos-festejos-en-el-163o-aniversario-de-villa-ortuzar\\\/#primaryimage\"},\"thumbnailUrl\":\"https:\\\/\\\/vocesdelacomuna15.com.ar\\\/wp-content\\\/uploads\\\/2025\\\/05\\\/ortuzar-25-ago.avif\",\"datePublished\":\"2025-05-01T14:42:58+00:00\",\"dateModified\":\"2025-05-01T14:42:59+00:00\",\"description\":\"Voces de la Comuna 15\",\"breadcrumb\":{\"@id\":\"https:\\\/\\\/vocesdelacomuna15.com.ar\\\/press\\\/dos-festejos-en-el-163o-aniversario-de-villa-ortuzar\\\/#breadcrumb\"},\"inLanguage\":\"es-AR\",\"potentialAction\":[{\"@type\":\"ReadAction\",\"target\":[\"https:\\\/\\\/vocesdelacomuna15.com.ar\\\/press\\\/dos-festejos-en-el-163o-aniversario-de-villa-ortuzar\\\/\"]}]},{\"@type\":\"ImageObject\",\"inLanguage\":\"es-AR\",\"@id\":\"https:\\\/\\\/vocesdelacomuna15.com.ar\\\/press\\\/dos-festejos-en-el-163o-aniversario-de-villa-ortuzar\\\/#primaryimage\",\"url\":\"https:\\\/\\\/vocesdelacomuna15.com.ar\\\/wp-content\\\/uploads\\\/2025\\\/05\\\/ortuzar-25-ago.avif\",\"contentUrl\":\"https:\\\/\\\/vocesdelacomuna15.com.ar\\\/wp-content\\\/uploads\\\/2025\\\/05\\\/ortuzar-25-ago.avif\",\"width\":1600,\"height\":1200},{\"@type\":\"BreadcrumbList\",\"@id\":\"https:\\\/\\\/vocesdelacomuna15.com.ar\\\/press\\\/dos-festejos-en-el-163o-aniversario-de-villa-ortuzar\\\/#breadcrumb\",\"itemListElement\":[{\"@type\":\"ListItem\",\"position\":1,\"name\":\"Inicio\",\"item\":\"https:\\\/\\\/vocesdelacomuna15.com.ar\\\/press\\\/\"},{\"@type\":\"ListItem\",\"position\":2,\"name\":\"Dos festejos en el 163\u00ba aniversario de Villa Ort\u00fazar\"}]},{\"@type\":\"WebSite\",\"@id\":\"https:\\\/\\\/vocesdelacomuna15.com.ar\\\/press\\\/#website\",\"url\":\"https:\\\/\\\/vocesdelacomuna15.com.ar\\\/press\\\/\",\"name\":\"Voces de la Comuna 15\",\"description\":\"Sitio web de noticias\",\"publisher\":{\"@id\":\"https:\\\/\\\/vocesdelacomuna15.com.ar\\\/press\\\/#organization\"},\"potentialAction\":[{\"@type\":\"SearchAction\",\"target\":{\"@type\":\"EntryPoint\",\"urlTemplate\":\"https:\\\/\\\/vocesdelacomuna15.com.ar\\\/press\\\/?s={search_term_string}\"},\"query-input\":{\"@type\":\"PropertyValueSpecification\",\"valueRequired\":true,\"valueName\":\"search_term_string\"}}],\"inLanguage\":\"es-AR\"},{\"@type\":\"Organization\",\"@id\":\"https:\\\/\\\/vocesdelacomuna15.com.ar\\\/press\\\/#organization\",\"name\":\"Voces de la Comuna 15\",\"url\":\"https:\\\/\\\/vocesdelacomuna15.com.ar\\\/press\\\/\",\"logo\":{\"@type\":\"ImageObject\",\"inLanguage\":\"es-AR\",\"@id\":\"https:\\\/\\\/vocesdelacomuna15.com.ar\\\/press\\\/#\\\/schema\\\/logo\\\/image\\\/\",\"url\":\"https:\\\/\\\/vocesdelacomuna15.com.ar\\\/wp-content\\\/uploads\\\/2024\\\/12\\\/cropped-logo_voces.jpg\",\"contentUrl\":\"https:\\\/\\\/vocesdelacomuna15.com.ar\\\/wp-content\\\/uploads\\\/2024\\\/12\\\/cropped-logo_voces.jpg\",\"width\":512,\"height\":512,\"caption\":\"Voces de la Comuna 15\"},\"image\":{\"@id\":\"https:\\\/\\\/vocesdelacomuna15.com.ar\\\/press\\\/#\\\/schema\\\/logo\\\/image\\\/\"},\"sameAs\":[\"https:\\\/\\\/www.facebook.com\\\/VocesComuna15\\\/\",\"https:\\\/\\\/x.com\\\/vocescomuna15\"]},{\"@type\":\"Person\",\"@id\":\"https:\\\/\\\/vocesdelacomuna15.com.ar\\\/press\\\/#\\\/schema\\\/person\\\/4739e109db25d799cd3d139eeb509e43\",\"name\":\"Federico Arguto\",\"image\":{\"@type\":\"ImageObject\",\"inLanguage\":\"es-AR\",\"@id\":\"https:\\\/\\\/vocesdelacomuna15.com.ar\\\/wp-content\\\/litespeed\\\/avatar\\\/82faf979976f1bae889b8b71f8a0a7e5.jpg?ver=1777419741\",\"url\":\"https:\\\/\\\/vocesdelacomuna15.com.ar\\\/wp-content\\\/litespeed\\\/avatar\\\/82faf979976f1bae889b8b71f8a0a7e5.jpg?ver=1777419741\",\"contentUrl\":\"https:\\\/\\\/vocesdelacomuna15.com.ar\\\/wp-content\\\/litespeed\\\/avatar\\\/82faf979976f1bae889b8b71f8a0a7e5.jpg?ver=1777419741\",\"caption\":\"Federico Arguto\"},\"url\":\"https:\\\/\\\/vocesdelacomuna15.com.ar\\\/press\\\/author\\\/fede\\\/\"}]}<\/script>\n<!-- \/ Yoast SEO plugin. -->","yoast_head_json":{"title":"Dos festejos en el 163\u00ba aniversario de Villa Ort\u00fazar - Voces de la Comuna 15","description":"Voces de la Comuna 15","robots":{"index":"index","follow":"follow","max-snippet":"max-snippet:-1","max-image-preview":"max-image-preview:large","max-video-preview":"max-video-preview:-1"},"canonical":"https:\/\/vocesdelacomuna15.com.ar\/press\/dos-festejos-en-el-163o-aniversario-de-villa-ortuzar\/","og_locale":"es_ES","og_type":"article","og_title":"Dos festejos en el 163\u00ba aniversario de Villa Ort\u00fazar - Voces de la Comuna 15","og_description":"Voces de la Comuna 15","og_url":"https:\/\/vocesdelacomuna15.com.ar\/press\/dos-festejos-en-el-163o-aniversario-de-villa-ortuzar\/","og_site_name":"Voces de la Comuna 15","article_publisher":"https:\/\/www.facebook.com\/VocesComuna15\/","article_published_time":"2025-05-01T14:42:58+00:00","article_modified_time":"2025-05-01T14:42:59+00:00","og_image":[{"width":1600,"height":1200,"url":"https:\/\/vocesdelacomuna15.com.ar\/wp-content\/uploads\/2025\/05\/ortuzar-25-ago.avif","type":"image\/jpeg"}],"author":"Federico Arguto","twitter_card":"summary_large_image","twitter_creator":"@vocescomuna15","twitter_site":"@vocescomuna15","twitter_misc":{"Escrito por":"Federico Arguto","Tiempo de lectura":"2 minutos"},"schema":{"@context":"https:\/\/schema.org","@graph":[{"@type":"Article","@id":"https:\/\/vocesdelacomuna15.com.ar\/press\/dos-festejos-en-el-163o-aniversario-de-villa-ortuzar\/#article","isPartOf":{"@id":"https:\/\/vocesdelacomuna15.com.ar\/press\/dos-festejos-en-el-163o-aniversario-de-villa-ortuzar\/"},"author":{"name":"Federico Arguto","@id":"https:\/\/vocesdelacomuna15.com.ar\/press\/#\/schema\/person\/4739e109db25d799cd3d139eeb509e43"},"headline":"Dos festejos en el 163\u00ba aniversario de Villa Ort\u00fazar","datePublished":"2025-05-01T14:42:58+00:00","dateModified":"2025-05-01T14:42:59+00:00","mainEntityOfPage":{"@id":"https:\/\/vocesdelacomuna15.com.ar\/press\/dos-festejos-en-el-163o-aniversario-de-villa-ortuzar\/"},"wordCount":371,"commentCount":0,"publisher":{"@id":"https:\/\/vocesdelacomuna15.com.ar\/press\/#organization"},"image":{"@id":"https:\/\/vocesdelacomuna15.com.ar\/press\/dos-festejos-en-el-163o-aniversario-de-villa-ortuzar\/#primaryimage"},"thumbnailUrl":"https:\/\/vocesdelacomuna15.com.ar\/wp-content\/uploads\/2025\/05\/ortuzar-25-ago.avif","articleSection":["Sociedad","Villa Ort\u00fazar"],"inLanguage":"es-AR","potentialAction":[{"@type":"CommentAction","name":"Comment","target":["https:\/\/vocesdelacomuna15.com.ar\/press\/dos-festejos-en-el-163o-aniversario-de-villa-ortuzar\/#respond"]}]},{"@type":"WebPage","@id":"https:\/\/vocesdelacomuna15.com.ar\/press\/dos-festejos-en-el-163o-aniversario-de-villa-ortuzar\/","url":"https:\/\/vocesdelacomuna15.com.ar\/press\/dos-festejos-en-el-163o-aniversario-de-villa-ortuzar\/","name":"Dos festejos en el 163\u00ba aniversario de Villa Ort\u00fazar - Voces de la Comuna 15","isPartOf":{"@id":"https:\/\/vocesdelacomuna15.com.ar\/press\/#website"},"primaryImageOfPage":{"@id":"https:\/\/vocesdelacomuna15.com.ar\/press\/dos-festejos-en-el-163o-aniversario-de-villa-ortuzar\/#primaryimage"},"image":{"@id":"https:\/\/vocesdelacomuna15.com.ar\/press\/dos-festejos-en-el-163o-aniversario-de-villa-ortuzar\/#primaryimage"},"thumbnailUrl":"https:\/\/vocesdelacomuna15.com.ar\/wp-content\/uploads\/2025\/05\/ortuzar-25-ago.avif","datePublished":"2025-05-01T14:42:58+00:00","dateModified":"2025-05-01T14:42:59+00:00","description":"Voces de la Comuna 15","breadcrumb":{"@id":"https:\/\/vocesdelacomuna15.com.ar\/press\/dos-festejos-en-el-163o-aniversario-de-villa-ortuzar\/#breadcrumb"},"inLanguage":"es-AR","potentialAction":[{"@type":"ReadAction","target":["https:\/\/vocesdelacomuna15.com.ar\/press\/dos-festejos-en-el-163o-aniversario-de-villa-ortuzar\/"]}]},{"@type":"ImageObject","inLanguage":"es-AR","@id":"https:\/\/vocesdelacomuna15.com.ar\/press\/dos-festejos-en-el-163o-aniversario-de-villa-ortuzar\/#primaryimage","url":"https:\/\/vocesdelacomuna15.com.ar\/wp-content\/uploads\/2025\/05\/ortuzar-25-ago.avif","contentUrl":"https:\/\/vocesdelacomuna15.com.ar\/wp-content\/uploads\/2025\/05\/ortuzar-25-ago.avif","width":1600,"height":1200},{"@type":"BreadcrumbList","@id":"https:\/\/vocesdelacomuna15.com.ar\/press\/dos-festejos-en-el-163o-aniversario-de-villa-ortuzar\/#breadcrumb","itemListElement":[{"@type":"ListItem","position":1,"name":"Inicio","item":"https:\/\/vocesdelacomuna15.com.ar\/press\/"},{"@type":"ListItem","position":2,"name":"Dos festejos en el 163\u00ba aniversario de Villa Ort\u00fazar"}]},{"@type":"WebSite","@id":"https:\/\/vocesdelacomuna15.com.ar\/press\/#website","url":"https:\/\/vocesdelacomuna15.com.ar\/press\/","name":"Voces de la Comuna 15","description":"Sitio web de noticias","publisher":{"@id":"https:\/\/vocesdelacomuna15.com.ar\/press\/#organization"},"potentialAction":[{"@type":"SearchAction","target":{"@type":"EntryPoint","urlTemplate":"https:\/\/vocesdelacomuna15.com.ar\/press\/?s={search_term_string}"},"query-input":{"@type":"PropertyValueSpecification","valueRequired":true,"valueName":"search_term_string"}}],"inLanguage":"es-AR"},{"@type":"Organization","@id":"https:\/\/vocesdelacomuna15.com.ar\/press\/#organization","name":"Voces de la Comuna 15","url":"https:\/\/vocesdelacomuna15.com.ar\/press\/","logo":{"@type":"ImageObject","inLanguage":"es-AR","@id":"https:\/\/vocesdelacomuna15.com.ar\/press\/#\/schema\/logo\/image\/","url":"https:\/\/vocesdelacomuna15.com.ar\/wp-content\/uploads\/2024\/12\/cropped-logo_voces.jpg","contentUrl":"https:\/\/vocesdelacomuna15.com.ar\/wp-content\/uploads\/2024\/12\/cropped-logo_voces.jpg","width":512,"height":512,"caption":"Voces de la Comuna 15"},"image":{"@id":"https:\/\/vocesdelacomuna15.com.ar\/press\/#\/schema\/logo\/image\/"},"sameAs":["https:\/\/www.facebook.com\/VocesComuna15\/","https:\/\/x.com\/vocescomuna15"]},{"@type":"Person","@id":"https:\/\/vocesdelacomuna15.com.ar\/press\/#\/schema\/person\/4739e109db25d799cd3d139eeb509e43","name":"Federico Arguto","image":{"@type":"ImageObject","inLanguage":"es-AR","@id":"https:\/\/vocesdelacomuna15.com.ar\/wp-content\/litespeed\/avatar\/82faf979976f1bae889b8b71f8a0a7e5.jpg?ver=1777419741","url":"https:\/\/vocesdelacomuna15.com.ar\/wp-content\/litespeed\/avatar\/82faf979976f1bae889b8b71f8a0a7e5.jpg?ver=1777419741","contentUrl":"https:\/\/vocesdelacomuna15.com.ar\/wp-content\/litespeed\/avatar\/82faf979976f1bae889b8b71f8a0a7e5.jpg?ver=1777419741","caption":"Federico Arguto"},"url":"https:\/\/vocesdelacomuna15.com.ar\/press\/author\/fede\/"}]}},"_links":{"self":[{"href":"https:\/\/vocesdelacomuna15.com.ar\/press\/wp-json\/wp\/v2\/posts\/65363","targetHints":{"allow":["GET"]}}],"collection":[{"href":"https:\/\/vocesdelacomuna15.com.ar\/press\/wp-json\/wp\/v2\/posts"}],"about":[{"href":"https:\/\/vocesdelacomuna15.com.ar\/press\/wp-json\/wp\/v2\/types\/post"}],"author":[{"embeddable":true,"href":"https:\/\/vocesdelacomuna15.com.ar\/press\/wp-json\/wp\/v2\/users\/2"}],"replies":[{"embeddable":true,"href":"https:\/\/vocesdelacomuna15.com.ar\/press\/wp-json\/wp\/v2\/comments?post=65363"}],"version-history":[{"count":1,"href":"https:\/\/vocesdelacomuna15.com.ar\/press\/wp-json\/wp\/v2\/posts\/65363\/revisions"}],"predecessor-version":[{"id":65366,"href":"https:\/\/vocesdelacomuna15.com.ar\/press\/wp-json\/wp\/v2\/posts\/65363\/revisions\/65366"}],"wp:featuredmedia":[{"embeddable":true,"href":"https:\/\/vocesdelacomuna15.com.ar\/press\/wp-json\/wp\/v2\/media\/65364"}],"wp:attachment":[{"href":"https:\/\/vocesdelacomuna15.com.ar\/press\/wp-json\/wp\/v2\/media?parent=65363"}],"wp:term":[{"taxonomy":"category","embeddable":true,"href":"https:\/\/vocesdelacomuna15.com.ar\/press\/wp-json\/wp\/v2\/categories?post=65363"},{"taxonomy":"post_tag","embeddable":true,"href":"https:\/\/vocesdelacomuna15.com.ar\/press\/wp-json\/wp\/v2\/tags?post=65363"}],"curies":[{"name":"wp","href":"https:\/\/api.w.org\/{rel}","templated":true}]}}