{"id":64779,"date":"2025-02-05T10:09:19","date_gmt":"2025-02-05T13:09:19","guid":{"rendered":"https:\/\/vocesdelacomuna15.com.ar\/press\/?p=64779"},"modified":"2025-02-05T10:09:21","modified_gmt":"2025-02-05T13:09:21","slug":"el-brutalista-de-brady-corbet","status":"publish","type":"post","link":"https:\/\/vocesdelacomuna15.com.ar\/press\/el-brutalista-de-brady-corbet\/","title":{"rendered":"\u00abEl brutalista\u00bb, de Brady Corbet"},"content":{"rendered":"\n<p><strong>Por Manuel Germano<\/strong><\/p>\n\n\n\n<p>Desde su presentaci\u00f3n en la Mostra de Venecia el a\u00f1o pasado, la pel\u00edcula escrita por&nbsp;<strong>Brady Corbet<\/strong>&nbsp;(\u00ab<em>Oscura inocencia<\/em>\u00ab, \u00ab<em>La ni\u00f1ez de un l\u00edder<\/em>\u00ab) y&nbsp;<strong>Mona Fastvold<\/strong>&nbsp;viene dando de qu\u00e9 hablar. El monumental largometraje de 235 minutos de duraci\u00f3n, sobre un arquitecto jud\u00edo que huye de la posguerra en Hungr\u00eda para empezar de cero en Pennsylvania, cosech\u00f3 muchos premios importantes y es una de las candidatas a ganar el Oscar a Mejor Pel\u00edcula el pr\u00f3ximo 2 de marzo.&nbsp;<\/p>\n\n\n\n<p><em>\u00abEl brutalista\u00bb,<\/em>&nbsp;en su obertura, narra la llegada de Laszlo Toth (Brody) a Nueva York, mientras el espectador escucha la carta que su esposa Erzs\u00e9bet le escribe desde Europa, cont\u00e1ndole que est\u00e1 viva. La profesi\u00f3n de arquitecto, nada m\u00e1s ni nada menos que formado en la Bauhaus, le sirve a Laszlo para comenzar a trabajar con su primo, radicado en Pensilvania, pero un conflicto inesperado lo coloca en un lugar de desamparo y vulnerabilidad, hasta que el multimillonario Harrison Lee Van Buren (Guy Pearce), fascinado por los trabajos&nbsp; de Toth, lo encuentra y le ofrece ayuda.&nbsp;<\/p>\n\n\n\n<figure class=\"wp-block-image aligncenter size-full\"><img loading=\"lazy\" decoding=\"async\" width=\"512\" height=\"288\" src=\"https:\/\/vocesdelacomuna15.com.ar\/wp-content\/uploads\/2025\/02\/brutalist-3.avif\" alt=\"\" class=\"wp-image-64780\" srcset=\"https:\/\/vocesdelacomuna15.com.ar\/wp-content\/uploads\/2025\/02\/brutalist-3.avif 512w, https:\/\/vocesdelacomuna15.com.ar\/wp-content\/uploads\/2025\/02\/brutalist-3-300x169.avif 300w\" sizes=\"(max-width: 512px) 100vw, 512px\" \/><\/figure>\n\n\n\n<p>En sus tres horas y media de duraci\u00f3n el filme relata con precisi\u00f3n y belleza, sin caer en golpes bajos de ning\u00fan tipo, el v\u00ednculo que Toth construye con Harrison y c\u00f3mo su presente se modifica, en primer lugar, de manera favorable. De ser un exiliado en un pa\u00eds ajeno sin nada que le d\u00e9 seguridad ni sustento, se transforma en el hombre de confianza de un poderoso mecenas, y comienza a rodearse de personas de renombre que pueden ayudarlo a lograr que su esposa y su sobrina viajen a EE.UU. para reunirse con \u00e9l. Adem\u00e1s de los vaivenes de la trama en relaci\u00f3n con sus personajes y las relaciones que entablan, la pel\u00edcula se aprecia como un homenaje al movimiento de arquitectura modernista que le da nombre al filme, caracterizado por la exposici\u00f3n de los materiales en la construcci\u00f3n.<\/p>\n\n\n\n<p>\u201c<em>El personaje es la imaginaci\u00f3n de muchas personas reales como (los arquitectos)&nbsp;Marcel Breuer, Louis Kahn, Paul Rudolph, pero para m\u00ed es la mejor forma de acceder al pasado<\/em>\u00ab. Brady Corbet.&nbsp;<\/p>\n\n\n\n<figure class=\"wp-block-image aligncenter size-large\"><img loading=\"lazy\" decoding=\"async\" width=\"1024\" height=\"617\" src=\"https:\/\/vocesdelacomuna15.com.ar\/wp-content\/uploads\/2025\/02\/brutalist-4-1024x617.avif\" alt=\"\" class=\"wp-image-64781\" srcset=\"https:\/\/vocesdelacomuna15.com.ar\/wp-content\/uploads\/2025\/02\/brutalist-4-1024x617.avif 1024w, https:\/\/vocesdelacomuna15.com.ar\/wp-content\/uploads\/2025\/02\/brutalist-4-300x181.avif 300w, https:\/\/vocesdelacomuna15.com.ar\/wp-content\/uploads\/2025\/02\/brutalist-4-768x463.avif 768w, https:\/\/vocesdelacomuna15.com.ar\/wp-content\/uploads\/2025\/02\/brutalist-4-1080x651.avif 1080w, https:\/\/vocesdelacomuna15.com.ar\/wp-content\/uploads\/2025\/02\/brutalist-4-440x264.avif 440w, https:\/\/vocesdelacomuna15.com.ar\/wp-content\/uploads\/2025\/02\/brutalist-4.avif 1200w\" sizes=\"(max-width: 1024px) 100vw, 1024px\" \/><\/figure>\n\n\n\n<p>El drama hist\u00f3rico realista, cuyo proceso de trabajo se extendi\u00f3 por un lapso de 7 a\u00f1os, estuvo inspirado en el libro \u00ab<em>Architecture in Uniform\u00bb<\/em>, de&nbsp;<strong>Jean Louis Cohen<\/strong>. \u00ab<em>El brutalista<\/em>\u00bb cuenta con una potente direcci\u00f3n de fotograf\u00eda y edici\u00f3n de sonido que acompa\u00f1an las distintas etapas narrativas de la pel\u00edcula a lo largo de varios a\u00f1os, elipsis mediante. Se aprecia la profundidad del personaje (ficticio) de Laszlo Toth en el guion y en la composici\u00f3n a cargo de Brody: es evidente que Corbet ten\u00eda muy en claro qu\u00e9 quer\u00eda contar y el actor supo entenderlo a la perfecci\u00f3n. El protagonista, con el compromiso que lo caracteriza a la hora de interpretar este tipo de papeles (todos recordar\u00e1n \u00abEl pianista\u00bb, del a\u00f1o 2002), transmite lo que significa empezar de nuevo en un lugar en el que es un extra\u00f1o, el sometimiento ante quien detenta el poder, o de quien depende para tener cierta estabilidad, convivir con el dolor f\u00edsico y emocional, y aun as\u00ed seguir adelante para terminar un proyecto descomunal que habla por s\u00ed solo. Brody es uno de los favoritos para ganar el premio de la Academia a Mejor Actor Protag\u00f3nico. El cast se completa con Felicity Jones, en un rol llevado adelante con sensibilidad y matices, Guy Pearce, Joe Alwyn, Raffey Cassidy, Stacy Martin, Isaach De Bankol\u00e9 y Alessandro Nivola, quienes brindan valiosas interpretaciones.<\/p>\n\n\n\n<p>La pel\u00edcula, una coproducci\u00f3n entre EE.UU. y Reino Unido, en la que intervinieron varias productoras asociadas, es una apuesta enorme y ambiciosa desde todo punto de vista que permite pensar en una forma de hacer cine que escasea en esta \u00e9poca, salvo muy pocas excepciones. No es corriente hoy por hoy pensar en procesos tan extensos y art\u00edsticamente tan cuidados. Corbet se luce como coguionista y director de un material que capta la atenci\u00f3n del espectador a trav\u00e9s de un viaje hist\u00f3rico, est\u00e9tico y po\u00e9tico de alt\u00edsimo nivel.<\/p>\n\n\n\n<p class=\"has-text-align-center\"><strong>Calificaci\u00f3n: EXCELENTE.<\/strong><\/p>\n\n\n\n<figure class=\"wp-block-embed is-type-video is-provider-youtube wp-block-embed-youtube wp-embed-aspect-16-9 wp-has-aspect-ratio\"><div class=\"wp-block-embed__wrapper\">\n<iframe loading=\"lazy\" title=\"EL BRUTALISTA - Tr\u00e1iler oficial\" width=\"1080\" height=\"608\" src=\"https:\/\/www.youtube.com\/embed\/IIeEw16cChc?feature=oembed\" frameborder=\"0\" allow=\"accelerometer; autoplay; clipboard-write; encrypted-media; gyroscope; picture-in-picture; web-share\" referrerpolicy=\"strict-origin-when-cross-origin\" allowfullscreen><\/iframe>\n<\/div><\/figure>\n\n\n\n<p><em>La pelicula cuenta con un intervalo&nbsp;de&nbsp;15&nbsp;minutos.<\/em><em>&nbsp;Del director Brady Corbet, escrita por Brady Corbet y Mona Fastvold, y protagonizada por Adrien Brody, Felicity Jones, Guy Pearce, Joe Alwyn, Raffey Cassidy, Stacy Martin, Emma Laird, con Isaach De Bankol\u00e9, y Alessandro Nivola.<\/em><strong><\/strong><\/p>\n\n\n\n<p><\/p>\n\n\n\n<p><\/p>\n\n\n\n<p><\/p>\n\n\n\n<p>Caracteres: 3895<\/p>\n<div class=\"pvc_clear\"><\/div><p id=\"pvc_stats_64779\" class=\"pvc_stats all  \" data-element-id=\"64779\" style=\"\"><i class=\"pvc-stats-icon small\" aria-hidden=\"true\"><svg aria-hidden=\"true\" focusable=\"false\" data-prefix=\"far\" data-icon=\"chart-bar\" role=\"img\" xmlns=\"http:\/\/www.w3.org\/2000\/svg\" viewBox=\"0 0 512 512\" class=\"svg-inline--fa fa-chart-bar fa-w-16 fa-2x\"><path fill=\"currentColor\" d=\"M396.8 352h22.4c6.4 0 12.8-6.4 12.8-12.8V108.8c0-6.4-6.4-12.8-12.8-12.8h-22.4c-6.4 0-12.8 6.4-12.8 12.8v230.4c0 6.4 6.4 12.8 12.8 12.8zm-192 0h22.4c6.4 0 12.8-6.4 12.8-12.8V140.8c0-6.4-6.4-12.8-12.8-12.8h-22.4c-6.4 0-12.8 6.4-12.8 12.8v198.4c0 6.4 6.4 12.8 12.8 12.8zm96 0h22.4c6.4 0 12.8-6.4 12.8-12.8V204.8c0-6.4-6.4-12.8-12.8-12.8h-22.4c-6.4 0-12.8 6.4-12.8 12.8v134.4c0 6.4 6.4 12.8 12.8 12.8zM496 400H48V80c0-8.84-7.16-16-16-16H16C7.16 64 0 71.16 0 80v336c0 17.67 14.33 32 32 32h464c8.84 0 16-7.16 16-16v-16c0-8.84-7.16-16-16-16zm-387.2-48h22.4c6.4 0 12.8-6.4 12.8-12.8v-70.4c0-6.4-6.4-12.8-12.8-12.8h-22.4c-6.4 0-12.8 6.4-12.8 12.8v70.4c0 6.4 6.4 12.8 12.8 12.8z\" class=\"\"><\/path><\/svg><\/i> <img loading=\"lazy\" decoding=\"async\" width=\"16\" height=\"16\" alt=\"Loading\" src=\"https:\/\/vocesdelacomuna15.com.ar\/wp-content\/plugins\/page-views-count\/ajax-loader-2x.gif\" border=0 \/><\/p><div class=\"pvc_clear\"><\/div>","protected":false},"excerpt":{"rendered":"<p>Por Manuel Germano Desde su presentaci\u00f3n en la Mostra de Venecia el a\u00f1o pasado, la pel\u00edcula escrita por&nbsp;Brady Corbet&nbsp;(\u00abOscura inocencia\u00ab, \u00abLa ni\u00f1ez de un l\u00edder\u00ab) y&nbsp;Mona Fastvold&nbsp;viene dando de qu\u00e9 hablar. El monumental largometraje de 235 minutos de duraci\u00f3n, sobre un arquitecto jud\u00edo que huye de la posguerra en Hungr\u00eda para empezar de cero en [&hellip;]<\/p>\n<div class=\"pvc_clear\"><\/div>\n<p id=\"pvc_stats_64779\" class=\"pvc_stats all  \" data-element-id=\"64779\" style=\"\"><i class=\"pvc-stats-icon small\" aria-hidden=\"true\"><svg aria-hidden=\"true\" focusable=\"false\" data-prefix=\"far\" data-icon=\"chart-bar\" role=\"img\" xmlns=\"http:\/\/www.w3.org\/2000\/svg\" viewBox=\"0 0 512 512\" class=\"svg-inline--fa fa-chart-bar fa-w-16 fa-2x\"><path fill=\"currentColor\" d=\"M396.8 352h22.4c6.4 0 12.8-6.4 12.8-12.8V108.8c0-6.4-6.4-12.8-12.8-12.8h-22.4c-6.4 0-12.8 6.4-12.8 12.8v230.4c0 6.4 6.4 12.8 12.8 12.8zm-192 0h22.4c6.4 0 12.8-6.4 12.8-12.8V140.8c0-6.4-6.4-12.8-12.8-12.8h-22.4c-6.4 0-12.8 6.4-12.8 12.8v198.4c0 6.4 6.4 12.8 12.8 12.8zm96 0h22.4c6.4 0 12.8-6.4 12.8-12.8V204.8c0-6.4-6.4-12.8-12.8-12.8h-22.4c-6.4 0-12.8 6.4-12.8 12.8v134.4c0 6.4 6.4 12.8 12.8 12.8zM496 400H48V80c0-8.84-7.16-16-16-16H16C7.16 64 0 71.16 0 80v336c0 17.67 14.33 32 32 32h464c8.84 0 16-7.16 16-16v-16c0-8.84-7.16-16-16-16zm-387.2-48h22.4c6.4 0 12.8-6.4 12.8-12.8v-70.4c0-6.4-6.4-12.8-12.8-12.8h-22.4c-6.4 0-12.8 6.4-12.8 12.8v70.4c0 6.4 6.4 12.8 12.8 12.8z\" class=\"\"><\/path><\/svg><\/i> <img loading=\"lazy\" decoding=\"async\" width=\"16\" height=\"16\" alt=\"Loading\" src=\"https:\/\/vocesdelacomuna15.com.ar\/wp-content\/plugins\/page-views-count\/ajax-loader-2x.gif\" border=0 \/><\/p>\n<div class=\"pvc_clear\"><\/div>\n","protected":false},"author":2,"featured_media":64782,"comment_status":"open","ping_status":"open","sticky":false,"template":"","format":"standard","meta":{"_et_pb_use_builder":"off","_et_pb_old_content":"","_et_gb_content_width":"","footnotes":""},"categories":[24],"tags":[],"class_list":["post-64779","post","type-post","status-publish","format-standard","has-post-thumbnail","hentry","category-cultura","et-has-post-format-content","et_post_format-et-post-format-standard"],"a3_pvc":{"activated":true,"total_views":34,"today_views":0},"yoast_head":"<!-- This site is optimized with the Yoast SEO plugin v27.4 - https:\/\/yoast.com\/product\/yoast-seo-wordpress\/ -->\n<title>\u00abEl brutalista\u00bb, de Brady Corbet - Voces de la Comuna 15<\/title>\n<meta name=\"description\" content=\"Voces de la Comuna 15\" \/>\n<meta name=\"robots\" content=\"index, follow, max-snippet:-1, max-image-preview:large, max-video-preview:-1\" \/>\n<link rel=\"canonical\" href=\"https:\/\/vocesdelacomuna15.com.ar\/press\/el-brutalista-de-brady-corbet\/\" \/>\n<meta property=\"og:locale\" content=\"es_ES\" \/>\n<meta property=\"og:type\" content=\"article\" \/>\n<meta property=\"og:title\" content=\"\u00abEl brutalista\u00bb, de Brady Corbet - Voces de la Comuna 15\" \/>\n<meta property=\"og:description\" content=\"Voces de la Comuna 15\" \/>\n<meta property=\"og:url\" content=\"https:\/\/vocesdelacomuna15.com.ar\/press\/el-brutalista-de-brady-corbet\/\" \/>\n<meta property=\"og:site_name\" content=\"Voces de la Comuna 15\" \/>\n<meta property=\"article:publisher\" content=\"https:\/\/www.facebook.com\/VocesComuna15\/\" \/>\n<meta property=\"article:published_time\" content=\"2025-02-05T13:09:19+00:00\" \/>\n<meta property=\"article:modified_time\" content=\"2025-02-05T13:09:21+00:00\" \/>\n<meta property=\"og:image\" content=\"https:\/\/vocesdelacomuna15.com.ar\/wp-content\/uploads\/2025\/02\/brutalist-1-copia.avif\" \/>\n\t<meta property=\"og:image:width\" content=\"2360\" \/>\n\t<meta property=\"og:image:height\" content=\"1258\" \/>\n\t<meta property=\"og:image:type\" content=\"image\/jpeg\" \/>\n<meta name=\"author\" content=\"Federico Arguto\" \/>\n<meta name=\"twitter:card\" content=\"summary_large_image\" \/>\n<meta name=\"twitter:creator\" content=\"@vocescomuna15\" \/>\n<meta name=\"twitter:site\" content=\"@vocescomuna15\" \/>\n<meta name=\"twitter:label1\" content=\"Escrito por\" \/>\n\t<meta name=\"twitter:data1\" content=\"Federico Arguto\" \/>\n\t<meta name=\"twitter:label2\" content=\"Tiempo de lectura\" \/>\n\t<meta name=\"twitter:data2\" content=\"4 minutos\" \/>\n<script type=\"application\/ld+json\" class=\"yoast-schema-graph\">{\"@context\":\"https:\\\/\\\/schema.org\",\"@graph\":[{\"@type\":\"Article\",\"@id\":\"https:\\\/\\\/vocesdelacomuna15.com.ar\\\/press\\\/el-brutalista-de-brady-corbet\\\/#article\",\"isPartOf\":{\"@id\":\"https:\\\/\\\/vocesdelacomuna15.com.ar\\\/press\\\/el-brutalista-de-brady-corbet\\\/\"},\"author\":{\"name\":\"Federico Arguto\",\"@id\":\"https:\\\/\\\/vocesdelacomuna15.com.ar\\\/press\\\/#\\\/schema\\\/person\\\/4739e109db25d799cd3d139eeb509e43\"},\"headline\":\"\u00abEl brutalista\u00bb, de Brady Corbet\",\"datePublished\":\"2025-02-05T13:09:19+00:00\",\"dateModified\":\"2025-02-05T13:09:21+00:00\",\"mainEntityOfPage\":{\"@id\":\"https:\\\/\\\/vocesdelacomuna15.com.ar\\\/press\\\/el-brutalista-de-brady-corbet\\\/\"},\"wordCount\":788,\"commentCount\":0,\"publisher\":{\"@id\":\"https:\\\/\\\/vocesdelacomuna15.com.ar\\\/press\\\/#organization\"},\"image\":{\"@id\":\"https:\\\/\\\/vocesdelacomuna15.com.ar\\\/press\\\/el-brutalista-de-brady-corbet\\\/#primaryimage\"},\"thumbnailUrl\":\"https:\\\/\\\/vocesdelacomuna15.com.ar\\\/wp-content\\\/uploads\\\/2025\\\/02\\\/brutalist-1-copia.avif\",\"articleSection\":[\"Cultura\"],\"inLanguage\":\"es-AR\",\"potentialAction\":[{\"@type\":\"CommentAction\",\"name\":\"Comment\",\"target\":[\"https:\\\/\\\/vocesdelacomuna15.com.ar\\\/press\\\/el-brutalista-de-brady-corbet\\\/#respond\"]}]},{\"@type\":\"WebPage\",\"@id\":\"https:\\\/\\\/vocesdelacomuna15.com.ar\\\/press\\\/el-brutalista-de-brady-corbet\\\/\",\"url\":\"https:\\\/\\\/vocesdelacomuna15.com.ar\\\/press\\\/el-brutalista-de-brady-corbet\\\/\",\"name\":\"\u00abEl brutalista\u00bb, de Brady Corbet - Voces de la Comuna 15\",\"isPartOf\":{\"@id\":\"https:\\\/\\\/vocesdelacomuna15.com.ar\\\/press\\\/#website\"},\"primaryImageOfPage\":{\"@id\":\"https:\\\/\\\/vocesdelacomuna15.com.ar\\\/press\\\/el-brutalista-de-brady-corbet\\\/#primaryimage\"},\"image\":{\"@id\":\"https:\\\/\\\/vocesdelacomuna15.com.ar\\\/press\\\/el-brutalista-de-brady-corbet\\\/#primaryimage\"},\"thumbnailUrl\":\"https:\\\/\\\/vocesdelacomuna15.com.ar\\\/wp-content\\\/uploads\\\/2025\\\/02\\\/brutalist-1-copia.avif\",\"datePublished\":\"2025-02-05T13:09:19+00:00\",\"dateModified\":\"2025-02-05T13:09:21+00:00\",\"description\":\"Voces de la Comuna 15\",\"breadcrumb\":{\"@id\":\"https:\\\/\\\/vocesdelacomuna15.com.ar\\\/press\\\/el-brutalista-de-brady-corbet\\\/#breadcrumb\"},\"inLanguage\":\"es-AR\",\"potentialAction\":[{\"@type\":\"ReadAction\",\"target\":[\"https:\\\/\\\/vocesdelacomuna15.com.ar\\\/press\\\/el-brutalista-de-brady-corbet\\\/\"]}]},{\"@type\":\"ImageObject\",\"inLanguage\":\"es-AR\",\"@id\":\"https:\\\/\\\/vocesdelacomuna15.com.ar\\\/press\\\/el-brutalista-de-brady-corbet\\\/#primaryimage\",\"url\":\"https:\\\/\\\/vocesdelacomuna15.com.ar\\\/wp-content\\\/uploads\\\/2025\\\/02\\\/brutalist-1-copia.avif\",\"contentUrl\":\"https:\\\/\\\/vocesdelacomuna15.com.ar\\\/wp-content\\\/uploads\\\/2025\\\/02\\\/brutalist-1-copia.avif\",\"width\":2360,\"height\":1258},{\"@type\":\"BreadcrumbList\",\"@id\":\"https:\\\/\\\/vocesdelacomuna15.com.ar\\\/press\\\/el-brutalista-de-brady-corbet\\\/#breadcrumb\",\"itemListElement\":[{\"@type\":\"ListItem\",\"position\":1,\"name\":\"Inicio\",\"item\":\"https:\\\/\\\/vocesdelacomuna15.com.ar\\\/press\\\/\"},{\"@type\":\"ListItem\",\"position\":2,\"name\":\"\u00abEl brutalista\u00bb, de Brady Corbet\"}]},{\"@type\":\"WebSite\",\"@id\":\"https:\\\/\\\/vocesdelacomuna15.com.ar\\\/press\\\/#website\",\"url\":\"https:\\\/\\\/vocesdelacomuna15.com.ar\\\/press\\\/\",\"name\":\"Voces de la Comuna 15\",\"description\":\"Sitio web de noticias\",\"publisher\":{\"@id\":\"https:\\\/\\\/vocesdelacomuna15.com.ar\\\/press\\\/#organization\"},\"potentialAction\":[{\"@type\":\"SearchAction\",\"target\":{\"@type\":\"EntryPoint\",\"urlTemplate\":\"https:\\\/\\\/vocesdelacomuna15.com.ar\\\/press\\\/?s={search_term_string}\"},\"query-input\":{\"@type\":\"PropertyValueSpecification\",\"valueRequired\":true,\"valueName\":\"search_term_string\"}}],\"inLanguage\":\"es-AR\"},{\"@type\":\"Organization\",\"@id\":\"https:\\\/\\\/vocesdelacomuna15.com.ar\\\/press\\\/#organization\",\"name\":\"Voces de la Comuna 15\",\"url\":\"https:\\\/\\\/vocesdelacomuna15.com.ar\\\/press\\\/\",\"logo\":{\"@type\":\"ImageObject\",\"inLanguage\":\"es-AR\",\"@id\":\"https:\\\/\\\/vocesdelacomuna15.com.ar\\\/press\\\/#\\\/schema\\\/logo\\\/image\\\/\",\"url\":\"https:\\\/\\\/vocesdelacomuna15.com.ar\\\/wp-content\\\/uploads\\\/2024\\\/12\\\/cropped-logo_voces.jpg\",\"contentUrl\":\"https:\\\/\\\/vocesdelacomuna15.com.ar\\\/wp-content\\\/uploads\\\/2024\\\/12\\\/cropped-logo_voces.jpg\",\"width\":512,\"height\":512,\"caption\":\"Voces de la Comuna 15\"},\"image\":{\"@id\":\"https:\\\/\\\/vocesdelacomuna15.com.ar\\\/press\\\/#\\\/schema\\\/logo\\\/image\\\/\"},\"sameAs\":[\"https:\\\/\\\/www.facebook.com\\\/VocesComuna15\\\/\",\"https:\\\/\\\/x.com\\\/vocescomuna15\"]},{\"@type\":\"Person\",\"@id\":\"https:\\\/\\\/vocesdelacomuna15.com.ar\\\/press\\\/#\\\/schema\\\/person\\\/4739e109db25d799cd3d139eeb509e43\",\"name\":\"Federico Arguto\",\"image\":{\"@type\":\"ImageObject\",\"inLanguage\":\"es-AR\",\"@id\":\"https:\\\/\\\/vocesdelacomuna15.com.ar\\\/wp-content\\\/litespeed\\\/avatar\\\/82faf979976f1bae889b8b71f8a0a7e5.jpg?ver=1776814847\",\"url\":\"https:\\\/\\\/vocesdelacomuna15.com.ar\\\/wp-content\\\/litespeed\\\/avatar\\\/82faf979976f1bae889b8b71f8a0a7e5.jpg?ver=1776814847\",\"contentUrl\":\"https:\\\/\\\/vocesdelacomuna15.com.ar\\\/wp-content\\\/litespeed\\\/avatar\\\/82faf979976f1bae889b8b71f8a0a7e5.jpg?ver=1776814847\",\"caption\":\"Federico Arguto\"},\"url\":\"https:\\\/\\\/vocesdelacomuna15.com.ar\\\/press\\\/author\\\/fede\\\/\"}]}<\/script>\n<!-- \/ Yoast SEO plugin. -->","yoast_head_json":{"title":"\u00abEl brutalista\u00bb, de Brady Corbet - Voces de la Comuna 15","description":"Voces de la Comuna 15","robots":{"index":"index","follow":"follow","max-snippet":"max-snippet:-1","max-image-preview":"max-image-preview:large","max-video-preview":"max-video-preview:-1"},"canonical":"https:\/\/vocesdelacomuna15.com.ar\/press\/el-brutalista-de-brady-corbet\/","og_locale":"es_ES","og_type":"article","og_title":"\u00abEl brutalista\u00bb, de Brady Corbet - Voces de la Comuna 15","og_description":"Voces de la Comuna 15","og_url":"https:\/\/vocesdelacomuna15.com.ar\/press\/el-brutalista-de-brady-corbet\/","og_site_name":"Voces de la Comuna 15","article_publisher":"https:\/\/www.facebook.com\/VocesComuna15\/","article_published_time":"2025-02-05T13:09:19+00:00","article_modified_time":"2025-02-05T13:09:21+00:00","og_image":[{"width":2360,"height":1258,"url":"https:\/\/vocesdelacomuna15.com.ar\/wp-content\/uploads\/2025\/02\/brutalist-1-copia.avif","type":"image\/jpeg"}],"author":"Federico Arguto","twitter_card":"summary_large_image","twitter_creator":"@vocescomuna15","twitter_site":"@vocescomuna15","twitter_misc":{"Escrito por":"Federico Arguto","Tiempo de lectura":"4 minutos"},"schema":{"@context":"https:\/\/schema.org","@graph":[{"@type":"Article","@id":"https:\/\/vocesdelacomuna15.com.ar\/press\/el-brutalista-de-brady-corbet\/#article","isPartOf":{"@id":"https:\/\/vocesdelacomuna15.com.ar\/press\/el-brutalista-de-brady-corbet\/"},"author":{"name":"Federico Arguto","@id":"https:\/\/vocesdelacomuna15.com.ar\/press\/#\/schema\/person\/4739e109db25d799cd3d139eeb509e43"},"headline":"\u00abEl brutalista\u00bb, de Brady Corbet","datePublished":"2025-02-05T13:09:19+00:00","dateModified":"2025-02-05T13:09:21+00:00","mainEntityOfPage":{"@id":"https:\/\/vocesdelacomuna15.com.ar\/press\/el-brutalista-de-brady-corbet\/"},"wordCount":788,"commentCount":0,"publisher":{"@id":"https:\/\/vocesdelacomuna15.com.ar\/press\/#organization"},"image":{"@id":"https:\/\/vocesdelacomuna15.com.ar\/press\/el-brutalista-de-brady-corbet\/#primaryimage"},"thumbnailUrl":"https:\/\/vocesdelacomuna15.com.ar\/wp-content\/uploads\/2025\/02\/brutalist-1-copia.avif","articleSection":["Cultura"],"inLanguage":"es-AR","potentialAction":[{"@type":"CommentAction","name":"Comment","target":["https:\/\/vocesdelacomuna15.com.ar\/press\/el-brutalista-de-brady-corbet\/#respond"]}]},{"@type":"WebPage","@id":"https:\/\/vocesdelacomuna15.com.ar\/press\/el-brutalista-de-brady-corbet\/","url":"https:\/\/vocesdelacomuna15.com.ar\/press\/el-brutalista-de-brady-corbet\/","name":"\u00abEl brutalista\u00bb, de Brady Corbet - Voces de la Comuna 15","isPartOf":{"@id":"https:\/\/vocesdelacomuna15.com.ar\/press\/#website"},"primaryImageOfPage":{"@id":"https:\/\/vocesdelacomuna15.com.ar\/press\/el-brutalista-de-brady-corbet\/#primaryimage"},"image":{"@id":"https:\/\/vocesdelacomuna15.com.ar\/press\/el-brutalista-de-brady-corbet\/#primaryimage"},"thumbnailUrl":"https:\/\/vocesdelacomuna15.com.ar\/wp-content\/uploads\/2025\/02\/brutalist-1-copia.avif","datePublished":"2025-02-05T13:09:19+00:00","dateModified":"2025-02-05T13:09:21+00:00","description":"Voces de la Comuna 15","breadcrumb":{"@id":"https:\/\/vocesdelacomuna15.com.ar\/press\/el-brutalista-de-brady-corbet\/#breadcrumb"},"inLanguage":"es-AR","potentialAction":[{"@type":"ReadAction","target":["https:\/\/vocesdelacomuna15.com.ar\/press\/el-brutalista-de-brady-corbet\/"]}]},{"@type":"ImageObject","inLanguage":"es-AR","@id":"https:\/\/vocesdelacomuna15.com.ar\/press\/el-brutalista-de-brady-corbet\/#primaryimage","url":"https:\/\/vocesdelacomuna15.com.ar\/wp-content\/uploads\/2025\/02\/brutalist-1-copia.avif","contentUrl":"https:\/\/vocesdelacomuna15.com.ar\/wp-content\/uploads\/2025\/02\/brutalist-1-copia.avif","width":2360,"height":1258},{"@type":"BreadcrumbList","@id":"https:\/\/vocesdelacomuna15.com.ar\/press\/el-brutalista-de-brady-corbet\/#breadcrumb","itemListElement":[{"@type":"ListItem","position":1,"name":"Inicio","item":"https:\/\/vocesdelacomuna15.com.ar\/press\/"},{"@type":"ListItem","position":2,"name":"\u00abEl brutalista\u00bb, de Brady Corbet"}]},{"@type":"WebSite","@id":"https:\/\/vocesdelacomuna15.com.ar\/press\/#website","url":"https:\/\/vocesdelacomuna15.com.ar\/press\/","name":"Voces de la Comuna 15","description":"Sitio web de noticias","publisher":{"@id":"https:\/\/vocesdelacomuna15.com.ar\/press\/#organization"},"potentialAction":[{"@type":"SearchAction","target":{"@type":"EntryPoint","urlTemplate":"https:\/\/vocesdelacomuna15.com.ar\/press\/?s={search_term_string}"},"query-input":{"@type":"PropertyValueSpecification","valueRequired":true,"valueName":"search_term_string"}}],"inLanguage":"es-AR"},{"@type":"Organization","@id":"https:\/\/vocesdelacomuna15.com.ar\/press\/#organization","name":"Voces de la Comuna 15","url":"https:\/\/vocesdelacomuna15.com.ar\/press\/","logo":{"@type":"ImageObject","inLanguage":"es-AR","@id":"https:\/\/vocesdelacomuna15.com.ar\/press\/#\/schema\/logo\/image\/","url":"https:\/\/vocesdelacomuna15.com.ar\/wp-content\/uploads\/2024\/12\/cropped-logo_voces.jpg","contentUrl":"https:\/\/vocesdelacomuna15.com.ar\/wp-content\/uploads\/2024\/12\/cropped-logo_voces.jpg","width":512,"height":512,"caption":"Voces de la Comuna 15"},"image":{"@id":"https:\/\/vocesdelacomuna15.com.ar\/press\/#\/schema\/logo\/image\/"},"sameAs":["https:\/\/www.facebook.com\/VocesComuna15\/","https:\/\/x.com\/vocescomuna15"]},{"@type":"Person","@id":"https:\/\/vocesdelacomuna15.com.ar\/press\/#\/schema\/person\/4739e109db25d799cd3d139eeb509e43","name":"Federico Arguto","image":{"@type":"ImageObject","inLanguage":"es-AR","@id":"https:\/\/vocesdelacomuna15.com.ar\/wp-content\/litespeed\/avatar\/82faf979976f1bae889b8b71f8a0a7e5.jpg?ver=1776814847","url":"https:\/\/vocesdelacomuna15.com.ar\/wp-content\/litespeed\/avatar\/82faf979976f1bae889b8b71f8a0a7e5.jpg?ver=1776814847","contentUrl":"https:\/\/vocesdelacomuna15.com.ar\/wp-content\/litespeed\/avatar\/82faf979976f1bae889b8b71f8a0a7e5.jpg?ver=1776814847","caption":"Federico Arguto"},"url":"https:\/\/vocesdelacomuna15.com.ar\/press\/author\/fede\/"}]}},"_links":{"self":[{"href":"https:\/\/vocesdelacomuna15.com.ar\/press\/wp-json\/wp\/v2\/posts\/64779","targetHints":{"allow":["GET"]}}],"collection":[{"href":"https:\/\/vocesdelacomuna15.com.ar\/press\/wp-json\/wp\/v2\/posts"}],"about":[{"href":"https:\/\/vocesdelacomuna15.com.ar\/press\/wp-json\/wp\/v2\/types\/post"}],"author":[{"embeddable":true,"href":"https:\/\/vocesdelacomuna15.com.ar\/press\/wp-json\/wp\/v2\/users\/2"}],"replies":[{"embeddable":true,"href":"https:\/\/vocesdelacomuna15.com.ar\/press\/wp-json\/wp\/v2\/comments?post=64779"}],"version-history":[{"count":1,"href":"https:\/\/vocesdelacomuna15.com.ar\/press\/wp-json\/wp\/v2\/posts\/64779\/revisions"}],"predecessor-version":[{"id":64783,"href":"https:\/\/vocesdelacomuna15.com.ar\/press\/wp-json\/wp\/v2\/posts\/64779\/revisions\/64783"}],"wp:featuredmedia":[{"embeddable":true,"href":"https:\/\/vocesdelacomuna15.com.ar\/press\/wp-json\/wp\/v2\/media\/64782"}],"wp:attachment":[{"href":"https:\/\/vocesdelacomuna15.com.ar\/press\/wp-json\/wp\/v2\/media?parent=64779"}],"wp:term":[{"taxonomy":"category","embeddable":true,"href":"https:\/\/vocesdelacomuna15.com.ar\/press\/wp-json\/wp\/v2\/categories?post=64779"},{"taxonomy":"post_tag","embeddable":true,"href":"https:\/\/vocesdelacomuna15.com.ar\/press\/wp-json\/wp\/v2\/tags?post=64779"}],"curies":[{"name":"wp","href":"https:\/\/api.w.org\/{rel}","templated":true}]}}