{"id":64767,"date":"2025-02-04T12:31:54","date_gmt":"2025-02-04T15:31:54","guid":{"rendered":"https:\/\/vocesdelacomuna15.com.ar\/press\/?p=64767"},"modified":"2025-02-04T16:10:23","modified_gmt":"2025-02-04T19:10:23","slug":"el-bicho-gano-sobre-el-final-el-clasico-ante-platense","status":"publish","type":"post","link":"https:\/\/vocesdelacomuna15.com.ar\/press\/el-bicho-gano-sobre-el-final-el-clasico-ante-platense\/","title":{"rendered":"El \u201cBicho\u201d gan\u00f3 sobre el final el cl\u00e1sico ante Platense"},"content":{"rendered":"\n<p>Fue 1-0 con gol de Erik Godoy<\/p>\n\n\n\n<p>Con autoridad Argentinos Juniors se impuso sobre Platense por 1 a 0 en un partido correspondiente a la fecha 3 del Apertura de la Liga Profesional Argentina. En el primer tiempo el \u201cBicho\u201d domin\u00f3 el encuentro y tuvo buena parte de la posesi\u00f3n del bal\u00f3n. Sin embargo Platense se defendi\u00f3 bien y la buena actuaci\u00f3n de Juan Pablo Cozzani impidi\u00f3 que el local pueda convertir.<\/p>\n\n\n\n<figure class=\"wp-block-image size-large\"><img loading=\"lazy\" decoding=\"async\" width=\"1024\" height=\"576\" src=\"https:\/\/vocesdelacomuna15.com.ar\/wp-content\/uploads\/2025\/02\/Recibimiento-1024x576.avif\" alt=\"\" class=\"wp-image-64769\" srcset=\"https:\/\/vocesdelacomuna15.com.ar\/wp-content\/uploads\/2025\/02\/Recibimiento-1024x576.avif 1024w, https:\/\/vocesdelacomuna15.com.ar\/wp-content\/uploads\/2025\/02\/Recibimiento-300x169.avif 300w, https:\/\/vocesdelacomuna15.com.ar\/wp-content\/uploads\/2025\/02\/Recibimiento-768x432.avif 768w, https:\/\/vocesdelacomuna15.com.ar\/wp-content\/uploads\/2025\/02\/Recibimiento-1536x864.avif 1536w, https:\/\/vocesdelacomuna15.com.ar\/wp-content\/uploads\/2025\/02\/Recibimiento-1080x608.avif 1080w, https:\/\/vocesdelacomuna15.com.ar\/wp-content\/uploads\/2025\/02\/Recibimiento.avif 1600w\" sizes=\"(max-width: 1024px) 100vw, 1024px\" \/><\/figure>\n\n\n\n<figure class=\"wp-block-image size-large\"><img loading=\"lazy\" decoding=\"async\" width=\"1024\" height=\"683\" src=\"https:\/\/vocesdelacomuna15.com.ar\/wp-content\/uploads\/2025\/02\/Formacion-Inicial-1024x683.avif\" alt=\"\" class=\"wp-image-64770\" srcset=\"https:\/\/vocesdelacomuna15.com.ar\/wp-content\/uploads\/2025\/02\/Formacion-Inicial-1024x683.avif 1024w, https:\/\/vocesdelacomuna15.com.ar\/wp-content\/uploads\/2025\/02\/Formacion-Inicial-300x200.avif 300w, https:\/\/vocesdelacomuna15.com.ar\/wp-content\/uploads\/2025\/02\/Formacion-Inicial-768x512.avif 768w, https:\/\/vocesdelacomuna15.com.ar\/wp-content\/uploads\/2025\/02\/Formacion-Inicial-1536x1024.avif 1536w, https:\/\/vocesdelacomuna15.com.ar\/wp-content\/uploads\/2025\/02\/Formacion-Inicial-1080x720.avif 1080w, https:\/\/vocesdelacomuna15.com.ar\/wp-content\/uploads\/2025\/02\/Formacion-Inicial.avif 1600w\" sizes=\"(max-width: 1024px) 100vw, 1024px\" \/><\/figure>\n\n\n\n<p>El segundo tiempo fue mucho m\u00e1s parejo. Argentinos afloj\u00f3 la intensidad mientras que Platense se solt\u00f3 un poco y comenz\u00f3 a atacar. A los 90 minutos el \u201cCalamar\u201d casi tiene el triunfo con un cabezazo de Vicente Taborda que tap\u00f3 Diego Rodr\u00edguez. Y ya en tiempo de descuento lleg\u00f3 el gol del \u201cBicho\u201d. El ingresado Ismael \u201cChuco\u201d Sosa \u2013de buena actuaci\u00f3n- desbord\u00f3 por la derecha y tir\u00f3 un centro que fue rechazado al corner. En el tiro de esquina, tras el env\u00edo, Francisco \u00c1lvarez toc\u00f3 la pelota con el taco para que Erik Godoy la empuje. El arquero Cozzani manote\u00f3 la pelota pero esta entr\u00f3 como pidiendo permiso para el estallido de la gente que colm\u00f3 el Diego Armando Maradona. La Paternal festej\u00f3 mucho la victoria en el cl\u00e1sico, que dej\u00f3 a Argentinos como uno de los punteros del Grupo A del certamen. El \u201cBicho\u201d tiene 7 puntos, igual que Estudiantes de La Plata e Independiente Rivadavia de Mendoza.<\/p>\n\n\n\n<figure class=\"wp-block-image size-large\"><img loading=\"lazy\" decoding=\"async\" width=\"1024\" height=\"768\" src=\"https:\/\/vocesdelacomuna15.com.ar\/wp-content\/uploads\/2025\/02\/Gol-1-1024x768.avif\" alt=\"\" class=\"wp-image-64771\" srcset=\"https:\/\/vocesdelacomuna15.com.ar\/wp-content\/uploads\/2025\/02\/Gol-1-1024x768.avif 1024w, https:\/\/vocesdelacomuna15.com.ar\/wp-content\/uploads\/2025\/02\/Gol-1-300x225.avif 300w, https:\/\/vocesdelacomuna15.com.ar\/wp-content\/uploads\/2025\/02\/Gol-1-768x576.avif 768w, https:\/\/vocesdelacomuna15.com.ar\/wp-content\/uploads\/2025\/02\/Gol-1-1536x1152.avif 1536w, https:\/\/vocesdelacomuna15.com.ar\/wp-content\/uploads\/2025\/02\/Gol-1-1080x810.avif 1080w, https:\/\/vocesdelacomuna15.com.ar\/wp-content\/uploads\/2025\/02\/Gol-1.avif 1600w\" sizes=\"(max-width: 1024px) 100vw, 1024px\" \/><\/figure>\n\n\n\n<figure class=\"wp-block-image size-large\"><img loading=\"lazy\" decoding=\"async\" width=\"1024\" height=\"683\" src=\"https:\/\/vocesdelacomuna15.com.ar\/wp-content\/uploads\/2025\/02\/Festejo-1024x683.avif\" alt=\"\" class=\"wp-image-64772\" srcset=\"https:\/\/vocesdelacomuna15.com.ar\/wp-content\/uploads\/2025\/02\/Festejo-1024x683.avif 1024w, https:\/\/vocesdelacomuna15.com.ar\/wp-content\/uploads\/2025\/02\/Festejo-300x200.avif 300w, https:\/\/vocesdelacomuna15.com.ar\/wp-content\/uploads\/2025\/02\/Festejo-768x512.avif 768w, https:\/\/vocesdelacomuna15.com.ar\/wp-content\/uploads\/2025\/02\/Festejo-1536x1024.avif 1536w, https:\/\/vocesdelacomuna15.com.ar\/wp-content\/uploads\/2025\/02\/Festejo-1080x720.avif 1080w, https:\/\/vocesdelacomuna15.com.ar\/wp-content\/uploads\/2025\/02\/Festejo.avif 1599w\" sizes=\"(max-width: 1024px) 100vw, 1024px\" \/><\/figure>\n\n\n\n<p>Las figuras del encuentro fueron Federico Fattori, que organiz\u00f3 el juego desde el fondo en el \u201cBicho\u201d e Ismael Sosa, que pese a haber jugado pocos minutos fue desequilibrante para que Argentinos pudiera ganar el partido.<\/p>\n\n\n\n<p>Ante Platense, Argentinos form\u00f3 con Diego Rodr\u00edguez; \u00c1lvarez, Fattori, Godoy; Lozano, Lescano, Oroz, Prieto; Alan Rodr\u00edguez, Herrera; y Molina. Ingresaron en el equipo dirigido por Nicol\u00e1s Diez a los 67 minutos; Ismael Sosa, Santiago Rodr\u00edguez y Manuel Brondo por Oroz, Herrera y Molina; a los 73 Coronel por Lozano y a los 90 Antoni por Lescano.<\/p>\n\n\n\n<p>En la pr\u00f3xima fecha, Argentinos visitar\u00e1 a Uni\u00f3n, el viernes a las 22.15 horas, por la fecha 4 del torneo.<\/p>\n\n\n\n<p>Resumen del partido (Fuente: TNT Sports Argentina- You Tube):<\/p>\n\n\n\n<figure class=\"wp-block-embed is-type-video is-provider-youtube wp-block-embed-youtube wp-embed-aspect-16-9 wp-has-aspect-ratio\"><div class=\"wp-block-embed__wrapper\">\n<iframe loading=\"lazy\" title=\"ARGENTINOS SE QUED\u00d3 CON EL CL\u00c1SICO EN EL FINAL \ud83d\udd25 | #ArgentinosJuniors 1-0 #Platense | Resumen\" width=\"1080\" height=\"608\" src=\"https:\/\/www.youtube.com\/embed\/TEuW2ZHjzlk?feature=oembed\" frameborder=\"0\" allow=\"accelerometer; autoplay; clipboard-write; encrypted-media; gyroscope; picture-in-picture; web-share\" referrerpolicy=\"strict-origin-when-cross-origin\" allowfullscreen><\/iframe>\n<\/div><\/figure>\n\n\n\n<figure class=\"wp-block-embed is-type-video is-provider-youtube wp-block-embed-youtube wp-embed-aspect-16-9 wp-has-aspect-ratio\"><div class=\"wp-block-embed__wrapper\">\n<iframe loading=\"lazy\" title=\"CONFERENCIA: Nicol\u00e1s DIEZ vs Platense \/ Torneo Apertura 2025 \ud83c\udfc6\" width=\"1080\" height=\"608\" src=\"https:\/\/www.youtube.com\/embed\/oER_zvAcLGw?feature=oembed\" frameborder=\"0\" allow=\"accelerometer; autoplay; clipboard-write; encrypted-media; gyroscope; picture-in-picture; web-share\" referrerpolicy=\"strict-origin-when-cross-origin\" allowfullscreen><\/iframe>\n<\/div><\/figure>\n\n\n\n<p><\/p>\n\n\n\n<p>Caracteres: 1.947<\/p>\n\n\n\n<p>Fotos tomadas desde el campo de juego: Prensa AAAJ<\/p>\n\n\n\n<p>Fotos tomadas desde la platea: Voces de la Comuna 15<\/p>\n<div class=\"pvc_clear\"><\/div><p id=\"pvc_stats_64767\" class=\"pvc_stats all  \" data-element-id=\"64767\" style=\"\"><i class=\"pvc-stats-icon small\" aria-hidden=\"true\"><svg aria-hidden=\"true\" focusable=\"false\" data-prefix=\"far\" data-icon=\"chart-bar\" role=\"img\" xmlns=\"http:\/\/www.w3.org\/2000\/svg\" viewBox=\"0 0 512 512\" class=\"svg-inline--fa fa-chart-bar fa-w-16 fa-2x\"><path fill=\"currentColor\" d=\"M396.8 352h22.4c6.4 0 12.8-6.4 12.8-12.8V108.8c0-6.4-6.4-12.8-12.8-12.8h-22.4c-6.4 0-12.8 6.4-12.8 12.8v230.4c0 6.4 6.4 12.8 12.8 12.8zm-192 0h22.4c6.4 0 12.8-6.4 12.8-12.8V140.8c0-6.4-6.4-12.8-12.8-12.8h-22.4c-6.4 0-12.8 6.4-12.8 12.8v198.4c0 6.4 6.4 12.8 12.8 12.8zm96 0h22.4c6.4 0 12.8-6.4 12.8-12.8V204.8c0-6.4-6.4-12.8-12.8-12.8h-22.4c-6.4 0-12.8 6.4-12.8 12.8v134.4c0 6.4 6.4 12.8 12.8 12.8zM496 400H48V80c0-8.84-7.16-16-16-16H16C7.16 64 0 71.16 0 80v336c0 17.67 14.33 32 32 32h464c8.84 0 16-7.16 16-16v-16c0-8.84-7.16-16-16-16zm-387.2-48h22.4c6.4 0 12.8-6.4 12.8-12.8v-70.4c0-6.4-6.4-12.8-12.8-12.8h-22.4c-6.4 0-12.8 6.4-12.8 12.8v70.4c0 6.4 6.4 12.8 12.8 12.8z\" class=\"\"><\/path><\/svg><\/i> <img loading=\"lazy\" decoding=\"async\" width=\"16\" height=\"16\" alt=\"Loading\" src=\"https:\/\/vocesdelacomuna15.com.ar\/wp-content\/plugins\/page-views-count\/ajax-loader-2x.gif\" border=0 \/><\/p><div class=\"pvc_clear\"><\/div>","protected":false},"excerpt":{"rendered":"<p>Fue 1-0 con gol de Erik Godoy Con autoridad Argentinos Juniors se impuso sobre Platense por 1 a 0 en un partido correspondiente a la fecha 3 del Apertura de la Liga Profesional Argentina. En el primer tiempo el \u201cBicho\u201d domin\u00f3 el encuentro y tuvo buena parte de la posesi\u00f3n del bal\u00f3n. Sin embargo Platense [&hellip;]<\/p>\n<div class=\"pvc_clear\"><\/div>\n<p id=\"pvc_stats_64767\" class=\"pvc_stats all  \" data-element-id=\"64767\" style=\"\"><i class=\"pvc-stats-icon small\" aria-hidden=\"true\"><svg aria-hidden=\"true\" focusable=\"false\" data-prefix=\"far\" data-icon=\"chart-bar\" role=\"img\" xmlns=\"http:\/\/www.w3.org\/2000\/svg\" viewBox=\"0 0 512 512\" class=\"svg-inline--fa fa-chart-bar fa-w-16 fa-2x\"><path fill=\"currentColor\" d=\"M396.8 352h22.4c6.4 0 12.8-6.4 12.8-12.8V108.8c0-6.4-6.4-12.8-12.8-12.8h-22.4c-6.4 0-12.8 6.4-12.8 12.8v230.4c0 6.4 6.4 12.8 12.8 12.8zm-192 0h22.4c6.4 0 12.8-6.4 12.8-12.8V140.8c0-6.4-6.4-12.8-12.8-12.8h-22.4c-6.4 0-12.8 6.4-12.8 12.8v198.4c0 6.4 6.4 12.8 12.8 12.8zm96 0h22.4c6.4 0 12.8-6.4 12.8-12.8V204.8c0-6.4-6.4-12.8-12.8-12.8h-22.4c-6.4 0-12.8 6.4-12.8 12.8v134.4c0 6.4 6.4 12.8 12.8 12.8zM496 400H48V80c0-8.84-7.16-16-16-16H16C7.16 64 0 71.16 0 80v336c0 17.67 14.33 32 32 32h464c8.84 0 16-7.16 16-16v-16c0-8.84-7.16-16-16-16zm-387.2-48h22.4c6.4 0 12.8-6.4 12.8-12.8v-70.4c0-6.4-6.4-12.8-12.8-12.8h-22.4c-6.4 0-12.8 6.4-12.8 12.8v70.4c0 6.4 6.4 12.8 12.8 12.8z\" class=\"\"><\/path><\/svg><\/i> <img loading=\"lazy\" decoding=\"async\" width=\"16\" height=\"16\" alt=\"Loading\" src=\"https:\/\/vocesdelacomuna15.com.ar\/wp-content\/plugins\/page-views-count\/ajax-loader-2x.gif\" border=0 \/><\/p>\n<div class=\"pvc_clear\"><\/div>\n","protected":false},"author":2,"featured_media":64776,"comment_status":"open","ping_status":"open","sticky":false,"template":"","format":"standard","meta":{"_et_pb_use_builder":"off","_et_pb_old_content":"","_et_gb_content_width":"","footnotes":""},"categories":[27],"tags":[],"class_list":["post-64767","post","type-post","status-publish","format-standard","has-post-thumbnail","hentry","category-deportes","et-has-post-format-content","et_post_format-et-post-format-standard"],"a3_pvc":{"activated":true,"total_views":57,"today_views":0},"yoast_head":"<!-- This site is optimized with the Yoast SEO plugin v27.5 - https:\/\/yoast.com\/product\/yoast-seo-wordpress\/ -->\n<title>El \u201cBicho\u201d gan\u00f3 sobre el final el cl\u00e1sico ante Platense - Voces de la Comuna 15<\/title>\n<meta name=\"description\" content=\"Voces de la Comuna 15\" \/>\n<meta name=\"robots\" content=\"index, follow, max-snippet:-1, max-image-preview:large, max-video-preview:-1\" \/>\n<link rel=\"canonical\" href=\"https:\/\/vocesdelacomuna15.com.ar\/press\/el-bicho-gano-sobre-el-final-el-clasico-ante-platense\/\" \/>\n<meta property=\"og:locale\" content=\"es_ES\" \/>\n<meta property=\"og:type\" content=\"article\" \/>\n<meta property=\"og:title\" content=\"El \u201cBicho\u201d gan\u00f3 sobre el final el cl\u00e1sico ante Platense - Voces de la Comuna 15\" \/>\n<meta property=\"og:description\" content=\"Voces de la Comuna 15\" \/>\n<meta property=\"og:url\" content=\"https:\/\/vocesdelacomuna15.com.ar\/press\/el-bicho-gano-sobre-el-final-el-clasico-ante-platense\/\" \/>\n<meta property=\"og:site_name\" content=\"Voces de la Comuna 15\" \/>\n<meta property=\"article:publisher\" content=\"https:\/\/www.facebook.com\/VocesComuna15\/\" \/>\n<meta property=\"article:published_time\" content=\"2025-02-04T15:31:54+00:00\" \/>\n<meta property=\"article:modified_time\" content=\"2025-02-04T19:10:23+00:00\" \/>\n<meta property=\"og:image\" content=\"https:\/\/vocesdelacomuna15.com.ar\/wp-content\/uploads\/2025\/02\/WhatsApp-Image-2025-02-04-at-12.34.03.avif\" \/>\n\t<meta property=\"og:image:width\" content=\"1542\" \/>\n\t<meta property=\"og:image:height\" content=\"1028\" \/>\n\t<meta property=\"og:image:type\" content=\"image\/jpeg\" \/>\n<meta name=\"author\" content=\"Federico Arguto\" \/>\n<meta name=\"twitter:card\" content=\"summary_large_image\" \/>\n<meta name=\"twitter:creator\" content=\"@vocescomuna15\" \/>\n<meta name=\"twitter:site\" content=\"@vocescomuna15\" \/>\n<meta name=\"twitter:label1\" content=\"Escrito por\" \/>\n\t<meta name=\"twitter:data1\" content=\"Federico Arguto\" \/>\n\t<meta name=\"twitter:label2\" content=\"Tiempo de lectura\" \/>\n\t<meta name=\"twitter:data2\" content=\"3 minutos\" \/>\n<script type=\"application\/ld+json\" class=\"yoast-schema-graph\">{\"@context\":\"https:\\\/\\\/schema.org\",\"@graph\":[{\"@type\":\"Article\",\"@id\":\"https:\\\/\\\/vocesdelacomuna15.com.ar\\\/press\\\/el-bicho-gano-sobre-el-final-el-clasico-ante-platense\\\/#article\",\"isPartOf\":{\"@id\":\"https:\\\/\\\/vocesdelacomuna15.com.ar\\\/press\\\/el-bicho-gano-sobre-el-final-el-clasico-ante-platense\\\/\"},\"author\":{\"name\":\"Federico Arguto\",\"@id\":\"https:\\\/\\\/vocesdelacomuna15.com.ar\\\/press\\\/#\\\/schema\\\/person\\\/4739e109db25d799cd3d139eeb509e43\"},\"headline\":\"El \u201cBicho\u201d gan\u00f3 sobre el final el cl\u00e1sico ante Platense\",\"datePublished\":\"2025-02-04T15:31:54+00:00\",\"dateModified\":\"2025-02-04T19:10:23+00:00\",\"mainEntityOfPage\":{\"@id\":\"https:\\\/\\\/vocesdelacomuna15.com.ar\\\/press\\\/el-bicho-gano-sobre-el-final-el-clasico-ante-platense\\\/\"},\"wordCount\":406,\"commentCount\":0,\"publisher\":{\"@id\":\"https:\\\/\\\/vocesdelacomuna15.com.ar\\\/press\\\/#organization\"},\"image\":{\"@id\":\"https:\\\/\\\/vocesdelacomuna15.com.ar\\\/press\\\/el-bicho-gano-sobre-el-final-el-clasico-ante-platense\\\/#primaryimage\"},\"thumbnailUrl\":\"https:\\\/\\\/vocesdelacomuna15.com.ar\\\/wp-content\\\/uploads\\\/2025\\\/02\\\/WhatsApp-Image-2025-02-04-at-12.34.03.avif\",\"articleSection\":[\"Deportes\"],\"inLanguage\":\"es-AR\",\"potentialAction\":[{\"@type\":\"CommentAction\",\"name\":\"Comment\",\"target\":[\"https:\\\/\\\/vocesdelacomuna15.com.ar\\\/press\\\/el-bicho-gano-sobre-el-final-el-clasico-ante-platense\\\/#respond\"]}]},{\"@type\":\"WebPage\",\"@id\":\"https:\\\/\\\/vocesdelacomuna15.com.ar\\\/press\\\/el-bicho-gano-sobre-el-final-el-clasico-ante-platense\\\/\",\"url\":\"https:\\\/\\\/vocesdelacomuna15.com.ar\\\/press\\\/el-bicho-gano-sobre-el-final-el-clasico-ante-platense\\\/\",\"name\":\"El \u201cBicho\u201d gan\u00f3 sobre el final el cl\u00e1sico ante Platense - Voces de la Comuna 15\",\"isPartOf\":{\"@id\":\"https:\\\/\\\/vocesdelacomuna15.com.ar\\\/press\\\/#website\"},\"primaryImageOfPage\":{\"@id\":\"https:\\\/\\\/vocesdelacomuna15.com.ar\\\/press\\\/el-bicho-gano-sobre-el-final-el-clasico-ante-platense\\\/#primaryimage\"},\"image\":{\"@id\":\"https:\\\/\\\/vocesdelacomuna15.com.ar\\\/press\\\/el-bicho-gano-sobre-el-final-el-clasico-ante-platense\\\/#primaryimage\"},\"thumbnailUrl\":\"https:\\\/\\\/vocesdelacomuna15.com.ar\\\/wp-content\\\/uploads\\\/2025\\\/02\\\/WhatsApp-Image-2025-02-04-at-12.34.03.avif\",\"datePublished\":\"2025-02-04T15:31:54+00:00\",\"dateModified\":\"2025-02-04T19:10:23+00:00\",\"description\":\"Voces de la Comuna 15\",\"breadcrumb\":{\"@id\":\"https:\\\/\\\/vocesdelacomuna15.com.ar\\\/press\\\/el-bicho-gano-sobre-el-final-el-clasico-ante-platense\\\/#breadcrumb\"},\"inLanguage\":\"es-AR\",\"potentialAction\":[{\"@type\":\"ReadAction\",\"target\":[\"https:\\\/\\\/vocesdelacomuna15.com.ar\\\/press\\\/el-bicho-gano-sobre-el-final-el-clasico-ante-platense\\\/\"]}]},{\"@type\":\"ImageObject\",\"inLanguage\":\"es-AR\",\"@id\":\"https:\\\/\\\/vocesdelacomuna15.com.ar\\\/press\\\/el-bicho-gano-sobre-el-final-el-clasico-ante-platense\\\/#primaryimage\",\"url\":\"https:\\\/\\\/vocesdelacomuna15.com.ar\\\/wp-content\\\/uploads\\\/2025\\\/02\\\/WhatsApp-Image-2025-02-04-at-12.34.03.avif\",\"contentUrl\":\"https:\\\/\\\/vocesdelacomuna15.com.ar\\\/wp-content\\\/uploads\\\/2025\\\/02\\\/WhatsApp-Image-2025-02-04-at-12.34.03.avif\",\"width\":1542,\"height\":1028},{\"@type\":\"BreadcrumbList\",\"@id\":\"https:\\\/\\\/vocesdelacomuna15.com.ar\\\/press\\\/el-bicho-gano-sobre-el-final-el-clasico-ante-platense\\\/#breadcrumb\",\"itemListElement\":[{\"@type\":\"ListItem\",\"position\":1,\"name\":\"Inicio\",\"item\":\"https:\\\/\\\/vocesdelacomuna15.com.ar\\\/press\\\/\"},{\"@type\":\"ListItem\",\"position\":2,\"name\":\"El \u201cBicho\u201d gan\u00f3 sobre el final el cl\u00e1sico ante Platense\"}]},{\"@type\":\"WebSite\",\"@id\":\"https:\\\/\\\/vocesdelacomuna15.com.ar\\\/press\\\/#website\",\"url\":\"https:\\\/\\\/vocesdelacomuna15.com.ar\\\/press\\\/\",\"name\":\"Voces de la Comuna 15\",\"description\":\"Sitio web de noticias\",\"publisher\":{\"@id\":\"https:\\\/\\\/vocesdelacomuna15.com.ar\\\/press\\\/#organization\"},\"potentialAction\":[{\"@type\":\"SearchAction\",\"target\":{\"@type\":\"EntryPoint\",\"urlTemplate\":\"https:\\\/\\\/vocesdelacomuna15.com.ar\\\/press\\\/?s={search_term_string}\"},\"query-input\":{\"@type\":\"PropertyValueSpecification\",\"valueRequired\":true,\"valueName\":\"search_term_string\"}}],\"inLanguage\":\"es-AR\"},{\"@type\":\"Organization\",\"@id\":\"https:\\\/\\\/vocesdelacomuna15.com.ar\\\/press\\\/#organization\",\"name\":\"Voces de la Comuna 15\",\"url\":\"https:\\\/\\\/vocesdelacomuna15.com.ar\\\/press\\\/\",\"logo\":{\"@type\":\"ImageObject\",\"inLanguage\":\"es-AR\",\"@id\":\"https:\\\/\\\/vocesdelacomuna15.com.ar\\\/press\\\/#\\\/schema\\\/logo\\\/image\\\/\",\"url\":\"https:\\\/\\\/vocesdelacomuna15.com.ar\\\/wp-content\\\/uploads\\\/2024\\\/12\\\/cropped-logo_voces.jpg\",\"contentUrl\":\"https:\\\/\\\/vocesdelacomuna15.com.ar\\\/wp-content\\\/uploads\\\/2024\\\/12\\\/cropped-logo_voces.jpg\",\"width\":512,\"height\":512,\"caption\":\"Voces de la Comuna 15\"},\"image\":{\"@id\":\"https:\\\/\\\/vocesdelacomuna15.com.ar\\\/press\\\/#\\\/schema\\\/logo\\\/image\\\/\"},\"sameAs\":[\"https:\\\/\\\/www.facebook.com\\\/VocesComuna15\\\/\",\"https:\\\/\\\/x.com\\\/vocescomuna15\"]},{\"@type\":\"Person\",\"@id\":\"https:\\\/\\\/vocesdelacomuna15.com.ar\\\/press\\\/#\\\/schema\\\/person\\\/4739e109db25d799cd3d139eeb509e43\",\"name\":\"Federico Arguto\",\"image\":{\"@type\":\"ImageObject\",\"inLanguage\":\"es-AR\",\"@id\":\"https:\\\/\\\/vocesdelacomuna15.com.ar\\\/wp-content\\\/litespeed\\\/avatar\\\/82faf979976f1bae889b8b71f8a0a7e5.jpg?ver=1776814847\",\"url\":\"https:\\\/\\\/vocesdelacomuna15.com.ar\\\/wp-content\\\/litespeed\\\/avatar\\\/82faf979976f1bae889b8b71f8a0a7e5.jpg?ver=1776814847\",\"contentUrl\":\"https:\\\/\\\/vocesdelacomuna15.com.ar\\\/wp-content\\\/litespeed\\\/avatar\\\/82faf979976f1bae889b8b71f8a0a7e5.jpg?ver=1776814847\",\"caption\":\"Federico Arguto\"},\"url\":\"https:\\\/\\\/vocesdelacomuna15.com.ar\\\/press\\\/author\\\/fede\\\/\"}]}<\/script>\n<!-- \/ Yoast SEO plugin. -->","yoast_head_json":{"title":"El \u201cBicho\u201d gan\u00f3 sobre el final el cl\u00e1sico ante Platense - Voces de la Comuna 15","description":"Voces de la Comuna 15","robots":{"index":"index","follow":"follow","max-snippet":"max-snippet:-1","max-image-preview":"max-image-preview:large","max-video-preview":"max-video-preview:-1"},"canonical":"https:\/\/vocesdelacomuna15.com.ar\/press\/el-bicho-gano-sobre-el-final-el-clasico-ante-platense\/","og_locale":"es_ES","og_type":"article","og_title":"El \u201cBicho\u201d gan\u00f3 sobre el final el cl\u00e1sico ante Platense - Voces de la Comuna 15","og_description":"Voces de la Comuna 15","og_url":"https:\/\/vocesdelacomuna15.com.ar\/press\/el-bicho-gano-sobre-el-final-el-clasico-ante-platense\/","og_site_name":"Voces de la Comuna 15","article_publisher":"https:\/\/www.facebook.com\/VocesComuna15\/","article_published_time":"2025-02-04T15:31:54+00:00","article_modified_time":"2025-02-04T19:10:23+00:00","og_image":[{"width":1542,"height":1028,"url":"https:\/\/vocesdelacomuna15.com.ar\/wp-content\/uploads\/2025\/02\/WhatsApp-Image-2025-02-04-at-12.34.03.avif","type":"image\/jpeg"}],"author":"Federico Arguto","twitter_card":"summary_large_image","twitter_creator":"@vocescomuna15","twitter_site":"@vocescomuna15","twitter_misc":{"Escrito por":"Federico Arguto","Tiempo de lectura":"3 minutos"},"schema":{"@context":"https:\/\/schema.org","@graph":[{"@type":"Article","@id":"https:\/\/vocesdelacomuna15.com.ar\/press\/el-bicho-gano-sobre-el-final-el-clasico-ante-platense\/#article","isPartOf":{"@id":"https:\/\/vocesdelacomuna15.com.ar\/press\/el-bicho-gano-sobre-el-final-el-clasico-ante-platense\/"},"author":{"name":"Federico Arguto","@id":"https:\/\/vocesdelacomuna15.com.ar\/press\/#\/schema\/person\/4739e109db25d799cd3d139eeb509e43"},"headline":"El \u201cBicho\u201d gan\u00f3 sobre el final el cl\u00e1sico ante Platense","datePublished":"2025-02-04T15:31:54+00:00","dateModified":"2025-02-04T19:10:23+00:00","mainEntityOfPage":{"@id":"https:\/\/vocesdelacomuna15.com.ar\/press\/el-bicho-gano-sobre-el-final-el-clasico-ante-platense\/"},"wordCount":406,"commentCount":0,"publisher":{"@id":"https:\/\/vocesdelacomuna15.com.ar\/press\/#organization"},"image":{"@id":"https:\/\/vocesdelacomuna15.com.ar\/press\/el-bicho-gano-sobre-el-final-el-clasico-ante-platense\/#primaryimage"},"thumbnailUrl":"https:\/\/vocesdelacomuna15.com.ar\/wp-content\/uploads\/2025\/02\/WhatsApp-Image-2025-02-04-at-12.34.03.avif","articleSection":["Deportes"],"inLanguage":"es-AR","potentialAction":[{"@type":"CommentAction","name":"Comment","target":["https:\/\/vocesdelacomuna15.com.ar\/press\/el-bicho-gano-sobre-el-final-el-clasico-ante-platense\/#respond"]}]},{"@type":"WebPage","@id":"https:\/\/vocesdelacomuna15.com.ar\/press\/el-bicho-gano-sobre-el-final-el-clasico-ante-platense\/","url":"https:\/\/vocesdelacomuna15.com.ar\/press\/el-bicho-gano-sobre-el-final-el-clasico-ante-platense\/","name":"El \u201cBicho\u201d gan\u00f3 sobre el final el cl\u00e1sico ante Platense - Voces de la Comuna 15","isPartOf":{"@id":"https:\/\/vocesdelacomuna15.com.ar\/press\/#website"},"primaryImageOfPage":{"@id":"https:\/\/vocesdelacomuna15.com.ar\/press\/el-bicho-gano-sobre-el-final-el-clasico-ante-platense\/#primaryimage"},"image":{"@id":"https:\/\/vocesdelacomuna15.com.ar\/press\/el-bicho-gano-sobre-el-final-el-clasico-ante-platense\/#primaryimage"},"thumbnailUrl":"https:\/\/vocesdelacomuna15.com.ar\/wp-content\/uploads\/2025\/02\/WhatsApp-Image-2025-02-04-at-12.34.03.avif","datePublished":"2025-02-04T15:31:54+00:00","dateModified":"2025-02-04T19:10:23+00:00","description":"Voces de la Comuna 15","breadcrumb":{"@id":"https:\/\/vocesdelacomuna15.com.ar\/press\/el-bicho-gano-sobre-el-final-el-clasico-ante-platense\/#breadcrumb"},"inLanguage":"es-AR","potentialAction":[{"@type":"ReadAction","target":["https:\/\/vocesdelacomuna15.com.ar\/press\/el-bicho-gano-sobre-el-final-el-clasico-ante-platense\/"]}]},{"@type":"ImageObject","inLanguage":"es-AR","@id":"https:\/\/vocesdelacomuna15.com.ar\/press\/el-bicho-gano-sobre-el-final-el-clasico-ante-platense\/#primaryimage","url":"https:\/\/vocesdelacomuna15.com.ar\/wp-content\/uploads\/2025\/02\/WhatsApp-Image-2025-02-04-at-12.34.03.avif","contentUrl":"https:\/\/vocesdelacomuna15.com.ar\/wp-content\/uploads\/2025\/02\/WhatsApp-Image-2025-02-04-at-12.34.03.avif","width":1542,"height":1028},{"@type":"BreadcrumbList","@id":"https:\/\/vocesdelacomuna15.com.ar\/press\/el-bicho-gano-sobre-el-final-el-clasico-ante-platense\/#breadcrumb","itemListElement":[{"@type":"ListItem","position":1,"name":"Inicio","item":"https:\/\/vocesdelacomuna15.com.ar\/press\/"},{"@type":"ListItem","position":2,"name":"El \u201cBicho\u201d gan\u00f3 sobre el final el cl\u00e1sico ante Platense"}]},{"@type":"WebSite","@id":"https:\/\/vocesdelacomuna15.com.ar\/press\/#website","url":"https:\/\/vocesdelacomuna15.com.ar\/press\/","name":"Voces de la Comuna 15","description":"Sitio web de noticias","publisher":{"@id":"https:\/\/vocesdelacomuna15.com.ar\/press\/#organization"},"potentialAction":[{"@type":"SearchAction","target":{"@type":"EntryPoint","urlTemplate":"https:\/\/vocesdelacomuna15.com.ar\/press\/?s={search_term_string}"},"query-input":{"@type":"PropertyValueSpecification","valueRequired":true,"valueName":"search_term_string"}}],"inLanguage":"es-AR"},{"@type":"Organization","@id":"https:\/\/vocesdelacomuna15.com.ar\/press\/#organization","name":"Voces de la Comuna 15","url":"https:\/\/vocesdelacomuna15.com.ar\/press\/","logo":{"@type":"ImageObject","inLanguage":"es-AR","@id":"https:\/\/vocesdelacomuna15.com.ar\/press\/#\/schema\/logo\/image\/","url":"https:\/\/vocesdelacomuna15.com.ar\/wp-content\/uploads\/2024\/12\/cropped-logo_voces.jpg","contentUrl":"https:\/\/vocesdelacomuna15.com.ar\/wp-content\/uploads\/2024\/12\/cropped-logo_voces.jpg","width":512,"height":512,"caption":"Voces de la Comuna 15"},"image":{"@id":"https:\/\/vocesdelacomuna15.com.ar\/press\/#\/schema\/logo\/image\/"},"sameAs":["https:\/\/www.facebook.com\/VocesComuna15\/","https:\/\/x.com\/vocescomuna15"]},{"@type":"Person","@id":"https:\/\/vocesdelacomuna15.com.ar\/press\/#\/schema\/person\/4739e109db25d799cd3d139eeb509e43","name":"Federico Arguto","image":{"@type":"ImageObject","inLanguage":"es-AR","@id":"https:\/\/vocesdelacomuna15.com.ar\/wp-content\/litespeed\/avatar\/82faf979976f1bae889b8b71f8a0a7e5.jpg?ver=1776814847","url":"https:\/\/vocesdelacomuna15.com.ar\/wp-content\/litespeed\/avatar\/82faf979976f1bae889b8b71f8a0a7e5.jpg?ver=1776814847","contentUrl":"https:\/\/vocesdelacomuna15.com.ar\/wp-content\/litespeed\/avatar\/82faf979976f1bae889b8b71f8a0a7e5.jpg?ver=1776814847","caption":"Federico Arguto"},"url":"https:\/\/vocesdelacomuna15.com.ar\/press\/author\/fede\/"}]}},"_links":{"self":[{"href":"https:\/\/vocesdelacomuna15.com.ar\/press\/wp-json\/wp\/v2\/posts\/64767","targetHints":{"allow":["GET"]}}],"collection":[{"href":"https:\/\/vocesdelacomuna15.com.ar\/press\/wp-json\/wp\/v2\/posts"}],"about":[{"href":"https:\/\/vocesdelacomuna15.com.ar\/press\/wp-json\/wp\/v2\/types\/post"}],"author":[{"embeddable":true,"href":"https:\/\/vocesdelacomuna15.com.ar\/press\/wp-json\/wp\/v2\/users\/2"}],"replies":[{"embeddable":true,"href":"https:\/\/vocesdelacomuna15.com.ar\/press\/wp-json\/wp\/v2\/comments?post=64767"}],"version-history":[{"count":2,"href":"https:\/\/vocesdelacomuna15.com.ar\/press\/wp-json\/wp\/v2\/posts\/64767\/revisions"}],"predecessor-version":[{"id":64778,"href":"https:\/\/vocesdelacomuna15.com.ar\/press\/wp-json\/wp\/v2\/posts\/64767\/revisions\/64778"}],"wp:featuredmedia":[{"embeddable":true,"href":"https:\/\/vocesdelacomuna15.com.ar\/press\/wp-json\/wp\/v2\/media\/64776"}],"wp:attachment":[{"href":"https:\/\/vocesdelacomuna15.com.ar\/press\/wp-json\/wp\/v2\/media?parent=64767"}],"wp:term":[{"taxonomy":"category","embeddable":true,"href":"https:\/\/vocesdelacomuna15.com.ar\/press\/wp-json\/wp\/v2\/categories?post=64767"},{"taxonomy":"post_tag","embeddable":true,"href":"https:\/\/vocesdelacomuna15.com.ar\/press\/wp-json\/wp\/v2\/tags?post=64767"}],"curies":[{"name":"wp","href":"https:\/\/api.w.org\/{rel}","templated":true}]}}