{"id":64762,"date":"2025-02-04T09:40:59","date_gmt":"2025-02-04T12:40:59","guid":{"rendered":"https:\/\/vocesdelacomuna15.com.ar\/press\/?p=64762"},"modified":"2025-02-04T09:41:00","modified_gmt":"2025-02-04T12:41:00","slug":"cayo-en-paternal-el-ladron-del-queso-fue-descubierto-mientras-robaba-casi-4-kilos-de-un-supermercado","status":"publish","type":"post","link":"https:\/\/vocesdelacomuna15.com.ar\/press\/cayo-en-paternal-el-ladron-del-queso-fue-descubierto-mientras-robaba-casi-4-kilos-de-un-supermercado\/","title":{"rendered":"Cay\u00f3 en Paternal el &#8220;Ladr\u00f3n del Queso&#8221;: fue descubierto mientras robaba casi 4 kilos de un supermercado"},"content":{"rendered":"\n<p>La Polic\u00eda de la Ciudad detuvo en el barrio de Paternal a un delincuente con un amplio prontuario delictivo que rob\u00f3 diez paquetes de medio kilo de queso de un supermercado y luego, al verse descubierto, intent\u00f3 darse a la fuga.<\/p>\n\n\n\n<p>Fuente: Enrique Grinberg (Buenosaires.gob.ar)<\/p>\n\n\n\n<p>El hecho ocurri\u00f3 cuando el delincuente de 45 a\u00f1os fue sorprendido por el encargado del comercio situado en Paisand\u00fa al 1800 mientras intentaba salir sin pagar con un bolso lleno de los mencionados productos l\u00e1cteos.<\/p>\n\n\n\n<p>Al verse descubierto, el ladr\u00f3n intent\u00f3 escapar a la carrera, pero fue perseguido y detenido por efectivos de la Comisar\u00eda Vecinal 15 A en San Mart\u00edn al 2000.&nbsp;<\/p>\n\n\n\n<p>Durante la persecuci\u00f3n, el delincuente arroj\u00f3 un bolso con el bot\u00edn a la calle y luego al ser recuperado se hall\u00f3 en su interior diez quesos sellados de medio kilo cada uno, con un valor de mercado de casi 70.000 pesos.<\/p>\n\n\n\n<p>Se corrobor\u00f3, asimismo, que el imputado cuenta con antecedentes por varios delitos, entre ellos por hurto, tentativa de robo, robos reiterados, arrebatos, amenazas simples, desobediencia en reiteradas oportunidades, tentativa de homicidio y hasta homicidio doblemente agravado en grado de tentativa en concurso real con abuso sexual con acceso carnal y lesiones leves agravadas por el v\u00ednculo en concurso real con amenazas coactivas.<\/p>\n\n\n\n<p>Intervino en la causa el Juzgado Nacional en lo Criminal y Correccional Nro. 36 a cargo del Dr. Ferro que labr\u00f3 actuaciones por tentativa de robo.<\/p>\n\n\n\n<p>Caracteres: 1172<\/p>\n<div class=\"pvc_clear\"><\/div><p id=\"pvc_stats_64762\" class=\"pvc_stats all  \" data-element-id=\"64762\" style=\"\"><i class=\"pvc-stats-icon small\" aria-hidden=\"true\"><svg aria-hidden=\"true\" focusable=\"false\" data-prefix=\"far\" data-icon=\"chart-bar\" role=\"img\" xmlns=\"http:\/\/www.w3.org\/2000\/svg\" viewBox=\"0 0 512 512\" class=\"svg-inline--fa fa-chart-bar fa-w-16 fa-2x\"><path fill=\"currentColor\" d=\"M396.8 352h22.4c6.4 0 12.8-6.4 12.8-12.8V108.8c0-6.4-6.4-12.8-12.8-12.8h-22.4c-6.4 0-12.8 6.4-12.8 12.8v230.4c0 6.4 6.4 12.8 12.8 12.8zm-192 0h22.4c6.4 0 12.8-6.4 12.8-12.8V140.8c0-6.4-6.4-12.8-12.8-12.8h-22.4c-6.4 0-12.8 6.4-12.8 12.8v198.4c0 6.4 6.4 12.8 12.8 12.8zm96 0h22.4c6.4 0 12.8-6.4 12.8-12.8V204.8c0-6.4-6.4-12.8-12.8-12.8h-22.4c-6.4 0-12.8 6.4-12.8 12.8v134.4c0 6.4 6.4 12.8 12.8 12.8zM496 400H48V80c0-8.84-7.16-16-16-16H16C7.16 64 0 71.16 0 80v336c0 17.67 14.33 32 32 32h464c8.84 0 16-7.16 16-16v-16c0-8.84-7.16-16-16-16zm-387.2-48h22.4c6.4 0 12.8-6.4 12.8-12.8v-70.4c0-6.4-6.4-12.8-12.8-12.8h-22.4c-6.4 0-12.8 6.4-12.8 12.8v70.4c0 6.4 6.4 12.8 12.8 12.8z\" class=\"\"><\/path><\/svg><\/i> <img loading=\"lazy\" decoding=\"async\" width=\"16\" height=\"16\" alt=\"Loading\" src=\"https:\/\/vocesdelacomuna15.com.ar\/wp-content\/plugins\/page-views-count\/ajax-loader-2x.gif\" border=0 \/><\/p><div class=\"pvc_clear\"><\/div>","protected":false},"excerpt":{"rendered":"<p>La Polic\u00eda de la Ciudad detuvo en el barrio de Paternal a un delincuente con un amplio prontuario delictivo que rob\u00f3 diez paquetes de medio kilo de queso de un supermercado y luego, al verse descubierto, intent\u00f3 darse a la fuga. Fuente: Enrique Grinberg (Buenosaires.gob.ar) El hecho ocurri\u00f3 cuando el delincuente de 45 a\u00f1os fue [&hellip;]<\/p>\n<div class=\"pvc_clear\"><\/div>\n<p id=\"pvc_stats_64762\" class=\"pvc_stats all  \" data-element-id=\"64762\" style=\"\"><i class=\"pvc-stats-icon small\" aria-hidden=\"true\"><svg aria-hidden=\"true\" focusable=\"false\" data-prefix=\"far\" data-icon=\"chart-bar\" role=\"img\" xmlns=\"http:\/\/www.w3.org\/2000\/svg\" viewBox=\"0 0 512 512\" class=\"svg-inline--fa fa-chart-bar fa-w-16 fa-2x\"><path fill=\"currentColor\" d=\"M396.8 352h22.4c6.4 0 12.8-6.4 12.8-12.8V108.8c0-6.4-6.4-12.8-12.8-12.8h-22.4c-6.4 0-12.8 6.4-12.8 12.8v230.4c0 6.4 6.4 12.8 12.8 12.8zm-192 0h22.4c6.4 0 12.8-6.4 12.8-12.8V140.8c0-6.4-6.4-12.8-12.8-12.8h-22.4c-6.4 0-12.8 6.4-12.8 12.8v198.4c0 6.4 6.4 12.8 12.8 12.8zm96 0h22.4c6.4 0 12.8-6.4 12.8-12.8V204.8c0-6.4-6.4-12.8-12.8-12.8h-22.4c-6.4 0-12.8 6.4-12.8 12.8v134.4c0 6.4 6.4 12.8 12.8 12.8zM496 400H48V80c0-8.84-7.16-16-16-16H16C7.16 64 0 71.16 0 80v336c0 17.67 14.33 32 32 32h464c8.84 0 16-7.16 16-16v-16c0-8.84-7.16-16-16-16zm-387.2-48h22.4c6.4 0 12.8-6.4 12.8-12.8v-70.4c0-6.4-6.4-12.8-12.8-12.8h-22.4c-6.4 0-12.8 6.4-12.8 12.8v70.4c0 6.4 6.4 12.8 12.8 12.8z\" class=\"\"><\/path><\/svg><\/i> <img loading=\"lazy\" decoding=\"async\" width=\"16\" height=\"16\" alt=\"Loading\" src=\"https:\/\/vocesdelacomuna15.com.ar\/wp-content\/plugins\/page-views-count\/ajax-loader-2x.gif\" border=0 \/><\/p>\n<div class=\"pvc_clear\"><\/div>\n","protected":false},"author":2,"featured_media":64763,"comment_status":"open","ping_status":"open","sticky":false,"template":"","format":"standard","meta":{"_et_pb_use_builder":"off","_et_pb_old_content":"","_et_gb_content_width":"","footnotes":""},"categories":[28],"tags":[],"class_list":["post-64762","post","type-post","status-publish","format-standard","has-post-thumbnail","hentry","category-policial","et-has-post-format-content","et_post_format-et-post-format-standard"],"a3_pvc":{"activated":true,"total_views":52,"today_views":0},"yoast_head":"<!-- This site is optimized with the Yoast SEO plugin v27.4 - https:\/\/yoast.com\/product\/yoast-seo-wordpress\/ -->\n<title>Cay\u00f3 en Paternal el &quot;Ladr\u00f3n del Queso&quot;: fue descubierto mientras robaba casi 4 kilos de un supermercado - Voces de la Comuna 15<\/title>\n<meta name=\"description\" content=\"Voces de la Comuna 15\" \/>\n<meta name=\"robots\" content=\"index, follow, max-snippet:-1, max-image-preview:large, max-video-preview:-1\" \/>\n<link rel=\"canonical\" href=\"https:\/\/vocesdelacomuna15.com.ar\/press\/cayo-en-paternal-el-ladron-del-queso-fue-descubierto-mientras-robaba-casi-4-kilos-de-un-supermercado\/\" \/>\n<meta property=\"og:locale\" content=\"es_ES\" \/>\n<meta property=\"og:type\" content=\"article\" \/>\n<meta property=\"og:title\" content=\"Cay\u00f3 en Paternal el &quot;Ladr\u00f3n del Queso&quot;: fue descubierto mientras robaba casi 4 kilos de un supermercado - Voces de la Comuna 15\" \/>\n<meta property=\"og:description\" content=\"Voces de la Comuna 15\" \/>\n<meta property=\"og:url\" content=\"https:\/\/vocesdelacomuna15.com.ar\/press\/cayo-en-paternal-el-ladron-del-queso-fue-descubierto-mientras-robaba-casi-4-kilos-de-un-supermercado\/\" \/>\n<meta property=\"og:site_name\" content=\"Voces de la Comuna 15\" \/>\n<meta property=\"article:publisher\" content=\"https:\/\/www.facebook.com\/VocesComuna15\/\" \/>\n<meta property=\"article:published_time\" content=\"2025-02-04T12:40:59+00:00\" \/>\n<meta property=\"article:modified_time\" content=\"2025-02-04T12:41:00+00:00\" \/>\n<meta property=\"og:image\" content=\"https:\/\/vocesdelacomuna15.com.ar\/wp-content\/uploads\/2025\/02\/1.gif\" \/>\n\t<meta property=\"og:image:width\" content=\"203\" \/>\n\t<meta property=\"og:image:height\" content=\"263\" \/>\n\t<meta property=\"og:image:type\" content=\"image\/gif\" \/>\n<meta name=\"author\" content=\"Federico Arguto\" \/>\n<meta name=\"twitter:card\" content=\"summary_large_image\" \/>\n<meta name=\"twitter:creator\" content=\"@vocescomuna15\" \/>\n<meta name=\"twitter:site\" content=\"@vocescomuna15\" \/>\n<meta name=\"twitter:label1\" content=\"Escrito por\" \/>\n\t<meta name=\"twitter:data1\" content=\"Federico Arguto\" \/>\n\t<meta name=\"twitter:label2\" content=\"Tiempo de lectura\" \/>\n\t<meta name=\"twitter:data2\" content=\"2 minutos\" \/>\n<script type=\"application\/ld+json\" class=\"yoast-schema-graph\">{\"@context\":\"https:\\\/\\\/schema.org\",\"@graph\":[{\"@type\":\"Article\",\"@id\":\"https:\\\/\\\/vocesdelacomuna15.com.ar\\\/press\\\/cayo-en-paternal-el-ladron-del-queso-fue-descubierto-mientras-robaba-casi-4-kilos-de-un-supermercado\\\/#article\",\"isPartOf\":{\"@id\":\"https:\\\/\\\/vocesdelacomuna15.com.ar\\\/press\\\/cayo-en-paternal-el-ladron-del-queso-fue-descubierto-mientras-robaba-casi-4-kilos-de-un-supermercado\\\/\"},\"author\":{\"name\":\"Federico Arguto\",\"@id\":\"https:\\\/\\\/vocesdelacomuna15.com.ar\\\/press\\\/#\\\/schema\\\/person\\\/4739e109db25d799cd3d139eeb509e43\"},\"headline\":\"Cay\u00f3 en Paternal el &#8220;Ladr\u00f3n del Queso&#8221;: fue descubierto mientras robaba casi 4 kilos de un supermercado\",\"datePublished\":\"2025-02-04T12:40:59+00:00\",\"dateModified\":\"2025-02-04T12:41:00+00:00\",\"mainEntityOfPage\":{\"@id\":\"https:\\\/\\\/vocesdelacomuna15.com.ar\\\/press\\\/cayo-en-paternal-el-ladron-del-queso-fue-descubierto-mientras-robaba-casi-4-kilos-de-un-supermercado\\\/\"},\"wordCount\":261,\"commentCount\":0,\"publisher\":{\"@id\":\"https:\\\/\\\/vocesdelacomuna15.com.ar\\\/press\\\/#organization\"},\"image\":{\"@id\":\"https:\\\/\\\/vocesdelacomuna15.com.ar\\\/press\\\/cayo-en-paternal-el-ladron-del-queso-fue-descubierto-mientras-robaba-casi-4-kilos-de-un-supermercado\\\/#primaryimage\"},\"thumbnailUrl\":\"https:\\\/\\\/vocesdelacomuna15.com.ar\\\/wp-content\\\/uploads\\\/2025\\\/02\\\/1.gif\",\"articleSection\":[\"Policial\"],\"inLanguage\":\"es-AR\",\"potentialAction\":[{\"@type\":\"CommentAction\",\"name\":\"Comment\",\"target\":[\"https:\\\/\\\/vocesdelacomuna15.com.ar\\\/press\\\/cayo-en-paternal-el-ladron-del-queso-fue-descubierto-mientras-robaba-casi-4-kilos-de-un-supermercado\\\/#respond\"]}]},{\"@type\":\"WebPage\",\"@id\":\"https:\\\/\\\/vocesdelacomuna15.com.ar\\\/press\\\/cayo-en-paternal-el-ladron-del-queso-fue-descubierto-mientras-robaba-casi-4-kilos-de-un-supermercado\\\/\",\"url\":\"https:\\\/\\\/vocesdelacomuna15.com.ar\\\/press\\\/cayo-en-paternal-el-ladron-del-queso-fue-descubierto-mientras-robaba-casi-4-kilos-de-un-supermercado\\\/\",\"name\":\"Cay\u00f3 en Paternal el \\\"Ladr\u00f3n del Queso\\\": fue descubierto mientras robaba casi 4 kilos de un supermercado - Voces de la Comuna 15\",\"isPartOf\":{\"@id\":\"https:\\\/\\\/vocesdelacomuna15.com.ar\\\/press\\\/#website\"},\"primaryImageOfPage\":{\"@id\":\"https:\\\/\\\/vocesdelacomuna15.com.ar\\\/press\\\/cayo-en-paternal-el-ladron-del-queso-fue-descubierto-mientras-robaba-casi-4-kilos-de-un-supermercado\\\/#primaryimage\"},\"image\":{\"@id\":\"https:\\\/\\\/vocesdelacomuna15.com.ar\\\/press\\\/cayo-en-paternal-el-ladron-del-queso-fue-descubierto-mientras-robaba-casi-4-kilos-de-un-supermercado\\\/#primaryimage\"},\"thumbnailUrl\":\"https:\\\/\\\/vocesdelacomuna15.com.ar\\\/wp-content\\\/uploads\\\/2025\\\/02\\\/1.gif\",\"datePublished\":\"2025-02-04T12:40:59+00:00\",\"dateModified\":\"2025-02-04T12:41:00+00:00\",\"description\":\"Voces de la Comuna 15\",\"breadcrumb\":{\"@id\":\"https:\\\/\\\/vocesdelacomuna15.com.ar\\\/press\\\/cayo-en-paternal-el-ladron-del-queso-fue-descubierto-mientras-robaba-casi-4-kilos-de-un-supermercado\\\/#breadcrumb\"},\"inLanguage\":\"es-AR\",\"potentialAction\":[{\"@type\":\"ReadAction\",\"target\":[\"https:\\\/\\\/vocesdelacomuna15.com.ar\\\/press\\\/cayo-en-paternal-el-ladron-del-queso-fue-descubierto-mientras-robaba-casi-4-kilos-de-un-supermercado\\\/\"]}]},{\"@type\":\"ImageObject\",\"inLanguage\":\"es-AR\",\"@id\":\"https:\\\/\\\/vocesdelacomuna15.com.ar\\\/press\\\/cayo-en-paternal-el-ladron-del-queso-fue-descubierto-mientras-robaba-casi-4-kilos-de-un-supermercado\\\/#primaryimage\",\"url\":\"https:\\\/\\\/vocesdelacomuna15.com.ar\\\/wp-content\\\/uploads\\\/2025\\\/02\\\/1.gif\",\"contentUrl\":\"https:\\\/\\\/vocesdelacomuna15.com.ar\\\/wp-content\\\/uploads\\\/2025\\\/02\\\/1.gif\",\"width\":203,\"height\":263},{\"@type\":\"BreadcrumbList\",\"@id\":\"https:\\\/\\\/vocesdelacomuna15.com.ar\\\/press\\\/cayo-en-paternal-el-ladron-del-queso-fue-descubierto-mientras-robaba-casi-4-kilos-de-un-supermercado\\\/#breadcrumb\",\"itemListElement\":[{\"@type\":\"ListItem\",\"position\":1,\"name\":\"Inicio\",\"item\":\"https:\\\/\\\/vocesdelacomuna15.com.ar\\\/press\\\/\"},{\"@type\":\"ListItem\",\"position\":2,\"name\":\"Cay\u00f3 en Paternal el &#8220;Ladr\u00f3n del Queso&#8221;: fue descubierto mientras robaba casi 4 kilos de un supermercado\"}]},{\"@type\":\"WebSite\",\"@id\":\"https:\\\/\\\/vocesdelacomuna15.com.ar\\\/press\\\/#website\",\"url\":\"https:\\\/\\\/vocesdelacomuna15.com.ar\\\/press\\\/\",\"name\":\"Voces de la Comuna 15\",\"description\":\"Sitio web de noticias\",\"publisher\":{\"@id\":\"https:\\\/\\\/vocesdelacomuna15.com.ar\\\/press\\\/#organization\"},\"potentialAction\":[{\"@type\":\"SearchAction\",\"target\":{\"@type\":\"EntryPoint\",\"urlTemplate\":\"https:\\\/\\\/vocesdelacomuna15.com.ar\\\/press\\\/?s={search_term_string}\"},\"query-input\":{\"@type\":\"PropertyValueSpecification\",\"valueRequired\":true,\"valueName\":\"search_term_string\"}}],\"inLanguage\":\"es-AR\"},{\"@type\":\"Organization\",\"@id\":\"https:\\\/\\\/vocesdelacomuna15.com.ar\\\/press\\\/#organization\",\"name\":\"Voces de la Comuna 15\",\"url\":\"https:\\\/\\\/vocesdelacomuna15.com.ar\\\/press\\\/\",\"logo\":{\"@type\":\"ImageObject\",\"inLanguage\":\"es-AR\",\"@id\":\"https:\\\/\\\/vocesdelacomuna15.com.ar\\\/press\\\/#\\\/schema\\\/logo\\\/image\\\/\",\"url\":\"https:\\\/\\\/vocesdelacomuna15.com.ar\\\/wp-content\\\/uploads\\\/2024\\\/12\\\/cropped-logo_voces.jpg\",\"contentUrl\":\"https:\\\/\\\/vocesdelacomuna15.com.ar\\\/wp-content\\\/uploads\\\/2024\\\/12\\\/cropped-logo_voces.jpg\",\"width\":512,\"height\":512,\"caption\":\"Voces de la Comuna 15\"},\"image\":{\"@id\":\"https:\\\/\\\/vocesdelacomuna15.com.ar\\\/press\\\/#\\\/schema\\\/logo\\\/image\\\/\"},\"sameAs\":[\"https:\\\/\\\/www.facebook.com\\\/VocesComuna15\\\/\",\"https:\\\/\\\/x.com\\\/vocescomuna15\"]},{\"@type\":\"Person\",\"@id\":\"https:\\\/\\\/vocesdelacomuna15.com.ar\\\/press\\\/#\\\/schema\\\/person\\\/4739e109db25d799cd3d139eeb509e43\",\"name\":\"Federico Arguto\",\"image\":{\"@type\":\"ImageObject\",\"inLanguage\":\"es-AR\",\"@id\":\"https:\\\/\\\/vocesdelacomuna15.com.ar\\\/wp-content\\\/litespeed\\\/avatar\\\/82faf979976f1bae889b8b71f8a0a7e5.jpg?ver=1776814847\",\"url\":\"https:\\\/\\\/vocesdelacomuna15.com.ar\\\/wp-content\\\/litespeed\\\/avatar\\\/82faf979976f1bae889b8b71f8a0a7e5.jpg?ver=1776814847\",\"contentUrl\":\"https:\\\/\\\/vocesdelacomuna15.com.ar\\\/wp-content\\\/litespeed\\\/avatar\\\/82faf979976f1bae889b8b71f8a0a7e5.jpg?ver=1776814847\",\"caption\":\"Federico Arguto\"},\"url\":\"https:\\\/\\\/vocesdelacomuna15.com.ar\\\/press\\\/author\\\/fede\\\/\"}]}<\/script>\n<!-- \/ Yoast SEO plugin. -->","yoast_head_json":{"title":"Cay\u00f3 en Paternal el \"Ladr\u00f3n del Queso\": fue descubierto mientras robaba casi 4 kilos de un supermercado - Voces de la Comuna 15","description":"Voces de la Comuna 15","robots":{"index":"index","follow":"follow","max-snippet":"max-snippet:-1","max-image-preview":"max-image-preview:large","max-video-preview":"max-video-preview:-1"},"canonical":"https:\/\/vocesdelacomuna15.com.ar\/press\/cayo-en-paternal-el-ladron-del-queso-fue-descubierto-mientras-robaba-casi-4-kilos-de-un-supermercado\/","og_locale":"es_ES","og_type":"article","og_title":"Cay\u00f3 en Paternal el \"Ladr\u00f3n del Queso\": fue descubierto mientras robaba casi 4 kilos de un supermercado - Voces de la Comuna 15","og_description":"Voces de la Comuna 15","og_url":"https:\/\/vocesdelacomuna15.com.ar\/press\/cayo-en-paternal-el-ladron-del-queso-fue-descubierto-mientras-robaba-casi-4-kilos-de-un-supermercado\/","og_site_name":"Voces de la Comuna 15","article_publisher":"https:\/\/www.facebook.com\/VocesComuna15\/","article_published_time":"2025-02-04T12:40:59+00:00","article_modified_time":"2025-02-04T12:41:00+00:00","og_image":[{"width":203,"height":263,"url":"https:\/\/vocesdelacomuna15.com.ar\/wp-content\/uploads\/2025\/02\/1.gif","type":"image\/gif"}],"author":"Federico Arguto","twitter_card":"summary_large_image","twitter_creator":"@vocescomuna15","twitter_site":"@vocescomuna15","twitter_misc":{"Escrito por":"Federico Arguto","Tiempo de lectura":"2 minutos"},"schema":{"@context":"https:\/\/schema.org","@graph":[{"@type":"Article","@id":"https:\/\/vocesdelacomuna15.com.ar\/press\/cayo-en-paternal-el-ladron-del-queso-fue-descubierto-mientras-robaba-casi-4-kilos-de-un-supermercado\/#article","isPartOf":{"@id":"https:\/\/vocesdelacomuna15.com.ar\/press\/cayo-en-paternal-el-ladron-del-queso-fue-descubierto-mientras-robaba-casi-4-kilos-de-un-supermercado\/"},"author":{"name":"Federico Arguto","@id":"https:\/\/vocesdelacomuna15.com.ar\/press\/#\/schema\/person\/4739e109db25d799cd3d139eeb509e43"},"headline":"Cay\u00f3 en Paternal el &#8220;Ladr\u00f3n del Queso&#8221;: fue descubierto mientras robaba casi 4 kilos de un supermercado","datePublished":"2025-02-04T12:40:59+00:00","dateModified":"2025-02-04T12:41:00+00:00","mainEntityOfPage":{"@id":"https:\/\/vocesdelacomuna15.com.ar\/press\/cayo-en-paternal-el-ladron-del-queso-fue-descubierto-mientras-robaba-casi-4-kilos-de-un-supermercado\/"},"wordCount":261,"commentCount":0,"publisher":{"@id":"https:\/\/vocesdelacomuna15.com.ar\/press\/#organization"},"image":{"@id":"https:\/\/vocesdelacomuna15.com.ar\/press\/cayo-en-paternal-el-ladron-del-queso-fue-descubierto-mientras-robaba-casi-4-kilos-de-un-supermercado\/#primaryimage"},"thumbnailUrl":"https:\/\/vocesdelacomuna15.com.ar\/wp-content\/uploads\/2025\/02\/1.gif","articleSection":["Policial"],"inLanguage":"es-AR","potentialAction":[{"@type":"CommentAction","name":"Comment","target":["https:\/\/vocesdelacomuna15.com.ar\/press\/cayo-en-paternal-el-ladron-del-queso-fue-descubierto-mientras-robaba-casi-4-kilos-de-un-supermercado\/#respond"]}]},{"@type":"WebPage","@id":"https:\/\/vocesdelacomuna15.com.ar\/press\/cayo-en-paternal-el-ladron-del-queso-fue-descubierto-mientras-robaba-casi-4-kilos-de-un-supermercado\/","url":"https:\/\/vocesdelacomuna15.com.ar\/press\/cayo-en-paternal-el-ladron-del-queso-fue-descubierto-mientras-robaba-casi-4-kilos-de-un-supermercado\/","name":"Cay\u00f3 en Paternal el \"Ladr\u00f3n del Queso\": fue descubierto mientras robaba casi 4 kilos de un supermercado - Voces de la Comuna 15","isPartOf":{"@id":"https:\/\/vocesdelacomuna15.com.ar\/press\/#website"},"primaryImageOfPage":{"@id":"https:\/\/vocesdelacomuna15.com.ar\/press\/cayo-en-paternal-el-ladron-del-queso-fue-descubierto-mientras-robaba-casi-4-kilos-de-un-supermercado\/#primaryimage"},"image":{"@id":"https:\/\/vocesdelacomuna15.com.ar\/press\/cayo-en-paternal-el-ladron-del-queso-fue-descubierto-mientras-robaba-casi-4-kilos-de-un-supermercado\/#primaryimage"},"thumbnailUrl":"https:\/\/vocesdelacomuna15.com.ar\/wp-content\/uploads\/2025\/02\/1.gif","datePublished":"2025-02-04T12:40:59+00:00","dateModified":"2025-02-04T12:41:00+00:00","description":"Voces de la Comuna 15","breadcrumb":{"@id":"https:\/\/vocesdelacomuna15.com.ar\/press\/cayo-en-paternal-el-ladron-del-queso-fue-descubierto-mientras-robaba-casi-4-kilos-de-un-supermercado\/#breadcrumb"},"inLanguage":"es-AR","potentialAction":[{"@type":"ReadAction","target":["https:\/\/vocesdelacomuna15.com.ar\/press\/cayo-en-paternal-el-ladron-del-queso-fue-descubierto-mientras-robaba-casi-4-kilos-de-un-supermercado\/"]}]},{"@type":"ImageObject","inLanguage":"es-AR","@id":"https:\/\/vocesdelacomuna15.com.ar\/press\/cayo-en-paternal-el-ladron-del-queso-fue-descubierto-mientras-robaba-casi-4-kilos-de-un-supermercado\/#primaryimage","url":"https:\/\/vocesdelacomuna15.com.ar\/wp-content\/uploads\/2025\/02\/1.gif","contentUrl":"https:\/\/vocesdelacomuna15.com.ar\/wp-content\/uploads\/2025\/02\/1.gif","width":203,"height":263},{"@type":"BreadcrumbList","@id":"https:\/\/vocesdelacomuna15.com.ar\/press\/cayo-en-paternal-el-ladron-del-queso-fue-descubierto-mientras-robaba-casi-4-kilos-de-un-supermercado\/#breadcrumb","itemListElement":[{"@type":"ListItem","position":1,"name":"Inicio","item":"https:\/\/vocesdelacomuna15.com.ar\/press\/"},{"@type":"ListItem","position":2,"name":"Cay\u00f3 en Paternal el &#8220;Ladr\u00f3n del Queso&#8221;: fue descubierto mientras robaba casi 4 kilos de un supermercado"}]},{"@type":"WebSite","@id":"https:\/\/vocesdelacomuna15.com.ar\/press\/#website","url":"https:\/\/vocesdelacomuna15.com.ar\/press\/","name":"Voces de la Comuna 15","description":"Sitio web de noticias","publisher":{"@id":"https:\/\/vocesdelacomuna15.com.ar\/press\/#organization"},"potentialAction":[{"@type":"SearchAction","target":{"@type":"EntryPoint","urlTemplate":"https:\/\/vocesdelacomuna15.com.ar\/press\/?s={search_term_string}"},"query-input":{"@type":"PropertyValueSpecification","valueRequired":true,"valueName":"search_term_string"}}],"inLanguage":"es-AR"},{"@type":"Organization","@id":"https:\/\/vocesdelacomuna15.com.ar\/press\/#organization","name":"Voces de la Comuna 15","url":"https:\/\/vocesdelacomuna15.com.ar\/press\/","logo":{"@type":"ImageObject","inLanguage":"es-AR","@id":"https:\/\/vocesdelacomuna15.com.ar\/press\/#\/schema\/logo\/image\/","url":"https:\/\/vocesdelacomuna15.com.ar\/wp-content\/uploads\/2024\/12\/cropped-logo_voces.jpg","contentUrl":"https:\/\/vocesdelacomuna15.com.ar\/wp-content\/uploads\/2024\/12\/cropped-logo_voces.jpg","width":512,"height":512,"caption":"Voces de la Comuna 15"},"image":{"@id":"https:\/\/vocesdelacomuna15.com.ar\/press\/#\/schema\/logo\/image\/"},"sameAs":["https:\/\/www.facebook.com\/VocesComuna15\/","https:\/\/x.com\/vocescomuna15"]},{"@type":"Person","@id":"https:\/\/vocesdelacomuna15.com.ar\/press\/#\/schema\/person\/4739e109db25d799cd3d139eeb509e43","name":"Federico Arguto","image":{"@type":"ImageObject","inLanguage":"es-AR","@id":"https:\/\/vocesdelacomuna15.com.ar\/wp-content\/litespeed\/avatar\/82faf979976f1bae889b8b71f8a0a7e5.jpg?ver=1776814847","url":"https:\/\/vocesdelacomuna15.com.ar\/wp-content\/litespeed\/avatar\/82faf979976f1bae889b8b71f8a0a7e5.jpg?ver=1776814847","contentUrl":"https:\/\/vocesdelacomuna15.com.ar\/wp-content\/litespeed\/avatar\/82faf979976f1bae889b8b71f8a0a7e5.jpg?ver=1776814847","caption":"Federico Arguto"},"url":"https:\/\/vocesdelacomuna15.com.ar\/press\/author\/fede\/"}]}},"_links":{"self":[{"href":"https:\/\/vocesdelacomuna15.com.ar\/press\/wp-json\/wp\/v2\/posts\/64762","targetHints":{"allow":["GET"]}}],"collection":[{"href":"https:\/\/vocesdelacomuna15.com.ar\/press\/wp-json\/wp\/v2\/posts"}],"about":[{"href":"https:\/\/vocesdelacomuna15.com.ar\/press\/wp-json\/wp\/v2\/types\/post"}],"author":[{"embeddable":true,"href":"https:\/\/vocesdelacomuna15.com.ar\/press\/wp-json\/wp\/v2\/users\/2"}],"replies":[{"embeddable":true,"href":"https:\/\/vocesdelacomuna15.com.ar\/press\/wp-json\/wp\/v2\/comments?post=64762"}],"version-history":[{"count":1,"href":"https:\/\/vocesdelacomuna15.com.ar\/press\/wp-json\/wp\/v2\/posts\/64762\/revisions"}],"predecessor-version":[{"id":64764,"href":"https:\/\/vocesdelacomuna15.com.ar\/press\/wp-json\/wp\/v2\/posts\/64762\/revisions\/64764"}],"wp:featuredmedia":[{"embeddable":true,"href":"https:\/\/vocesdelacomuna15.com.ar\/press\/wp-json\/wp\/v2\/media\/64763"}],"wp:attachment":[{"href":"https:\/\/vocesdelacomuna15.com.ar\/press\/wp-json\/wp\/v2\/media?parent=64762"}],"wp:term":[{"taxonomy":"category","embeddable":true,"href":"https:\/\/vocesdelacomuna15.com.ar\/press\/wp-json\/wp\/v2\/categories?post=64762"},{"taxonomy":"post_tag","embeddable":true,"href":"https:\/\/vocesdelacomuna15.com.ar\/press\/wp-json\/wp\/v2\/tags?post=64762"}],"curies":[{"name":"wp","href":"https:\/\/api.w.org\/{rel}","templated":true}]}}