{"id":64714,"date":"2025-02-03T15:36:30","date_gmt":"2025-02-03T18:36:30","guid":{"rendered":"https:\/\/vocesdelacomuna15.com.ar\/press\/?p=64714"},"modified":"2025-01-30T15:38:53","modified_gmt":"2025-01-30T18:38:53","slug":"colocaron-una-baldosa-por-la-memoria-en-chacarita","status":"publish","type":"post","link":"https:\/\/vocesdelacomuna15.com.ar\/press\/colocaron-una-baldosa-por-la-memoria-en-chacarita\/","title":{"rendered":"Colocaron una baldosa por la memoria en Chacarita"},"content":{"rendered":"\n<p><em>Recordaron a los militantes populares Estela Mar\u00eda Moya, Gustavo Gaya y Ana Mar\u00eda P\u00e9rez en avenida Forest 1010, en el barrio de Chacarita<\/em><\/p>\n\n\n\n<p><em>Fuente: Nueva Ciudad<\/em><\/p>\n\n\n\n<p><em><br>\u201c<\/em><em>Aqu\u00ed fueron secuestrados los militante populares Gustavo Gaya, Ana Mar\u00eda P\u00e9rez (embarazada), Estela Mar\u00eda Moya (asesinada) el 14 de septiembre de 1976 por el terrorismo de Estado. Barrios por Memoria y Justicia\u201d,<\/em><em>&nbsp;<\/em><em>la nueva&nbsp;<\/em><strong>Baldosa por la Memoria&nbsp;<\/strong><em>fue colocada el s\u00e1bado pasado en avenida Forest 1010, en el barrio de&nbsp;<\/em><strong>Chacarita.<\/strong><em><br><\/em><em>&nbsp;<\/em><em><br><\/em><em>El s\u00e1bado pasado fue colocada la&nbsp;<\/em><strong>baldosa en memoria&nbsp;<\/strong><em>de la familia del militante de&nbsp;<\/em><strong>HIJOS, Ernesto Gaya,&nbsp;<\/strong><em>frente al edificio en el que los genocidas asesinaron a su madre,<\/em><strong>&nbsp;<\/strong><strong>Estela Mar\u00eda Moya,<\/strong><em>&nbsp;<\/em><em>y secuestraron y desaparecieron a su padre,&nbsp;<\/em><strong>Gustavo Gaya<\/strong><em>, y su t\u00eda,&nbsp;<\/em><strong>Ana Mar\u00eda P\u00e9rez<\/strong><em>, militantes del&nbsp;<\/em><strong>PRT-ERP<\/strong><em>&nbsp;<\/em><em>v\u00edctimas del<\/em><strong>&nbsp;<\/strong><strong>terrorismo de Estado de la \u00faltima dictadura c\u00edvico militar.<br>&nbsp;<\/strong><em><br><\/em><em>La colocaci\u00f3n de la&nbsp;<\/em><strong>baldosa<\/strong><em>&nbsp;<\/em><em>reuni\u00f3 a un numeroso grupo de personas en un acto cargado de emoci\u00f3n. Quienes pasen por ah\u00ed ver\u00e1n est\u00e1 marca de la memoria que cuenta que el 14 de septiembre de 1976 fue cometido un operativo y los genocidas asesinaron a&nbsp;<\/em><strong>Estela Mar\u00eda Moya<\/strong><em>&nbsp;<\/em><em>y secuestraron y desaparecieron a su compa\u00f1ero,&nbsp;<\/em><strong>Gustavo Gaya<\/strong><em>&nbsp;<\/em><em>y a&nbsp;<\/em><strong>Ana Mar\u00eda P\u00e9rez<\/strong><em>&nbsp;<\/em><em>(embarazada de 8 meses), pareja de&nbsp;<\/em><strong>Ricardo Gaya<\/strong><em>, desaparecido el 30 de julio de 1976.<\/em><em><br><\/em><em>&nbsp;<\/em><em><br><\/em><strong>Ernesto<\/strong><em>, de 15 meses de edad, fue entregado a sus abuelos.&nbsp;<\/em><strong>Gustavo y Ana<\/strong><em>&nbsp;<\/em><em>fueron llevados al c<\/em><strong>entro clandestino Orletti<\/strong><em>; lo mismo hab\u00edan hecho con<\/em><strong>&nbsp;<\/strong><strong>Ricardo.<\/strong><em>&nbsp;<\/em><em>Los tres fueron asesinados y sus restos fueron introducidos en tambores que los genocidas rellenaron con cal y cemento y tiraron en el&nbsp;<\/em><strong>Canal de San Fernando<\/strong><em>, al igual que hicieron con otras cinco personas que tambi\u00e9n hab\u00edan estado desaparecidas en<\/em><strong>&nbsp;<\/strong><strong>Orletti.<\/strong><em><br><\/em><em>&nbsp;<\/em><em><br><\/em><em>All\u00ed los encontr\u00f3 la&nbsp;<\/em><strong>Prefectura Naval Argentina&nbsp;<\/strong><em>el 13 de octubre de 1976. No se los identific\u00f3 y fueron enterrados sin nombre en el&nbsp;<\/em><strong>Cementerio Municipal de San Fernando<\/strong><em>. En 1989, con un peritaje del&nbsp;<\/em><strong>Equipo Argentino de Antropolog\u00eda Forense,<\/strong><em>&nbsp;<\/em><em>los restos fueron identificados como pertenecientes a&nbsp;<\/em><strong>Ana Mar\u00eda del Carmen P\u00e9rez y a Ricardo y Gustavo Gaya.&nbsp;<\/strong><em>El peritaje del&nbsp;<\/em><strong>EAAF<\/strong><em>&nbsp;<\/em><em>determin\u00f3 que&nbsp;<\/em><strong>Ricardo y Gustavo<\/strong><em>&nbsp;<\/em><em>hab\u00edan muerto como consecuencia de la destrucci\u00f3n de masa encef\u00e1lica producida por herida de arma de fuego, a partir de disparos efectuados a corta distancia de las v\u00edctimas.<\/em><em><br><\/em><em>&nbsp;<\/em><em><br><\/em><em>Respecto de<\/em><strong>&nbsp;<\/strong><strong>Ana Mar\u00eda<\/strong><em>, se determin\u00f3 que su muerte se debi\u00f3 a un shock traum\u00e1tico-hemorr\u00e1gico producido por tres disparos de arma de fuego en la zona pelviana, y en su vientre se encontr\u00f3 a su beb\u00e9, en posici\u00f3n de<\/em><strong>&nbsp;\u201c<\/strong><strong>preparto\u201d<\/strong><em>. En los tres casos se concluy\u00f3 que las heridas eran compatibles con<\/em><strong>&nbsp;<\/strong><strong>homicidio.<\/strong><em><\/em><\/p>\n\n\n\n<p>Caracteres: 2434<\/p>\n<div class=\"pvc_clear\"><\/div><p id=\"pvc_stats_64714\" class=\"pvc_stats all  \" data-element-id=\"64714\" style=\"\"><i class=\"pvc-stats-icon small\" aria-hidden=\"true\"><svg aria-hidden=\"true\" focusable=\"false\" data-prefix=\"far\" data-icon=\"chart-bar\" role=\"img\" xmlns=\"http:\/\/www.w3.org\/2000\/svg\" viewBox=\"0 0 512 512\" class=\"svg-inline--fa fa-chart-bar fa-w-16 fa-2x\"><path fill=\"currentColor\" d=\"M396.8 352h22.4c6.4 0 12.8-6.4 12.8-12.8V108.8c0-6.4-6.4-12.8-12.8-12.8h-22.4c-6.4 0-12.8 6.4-12.8 12.8v230.4c0 6.4 6.4 12.8 12.8 12.8zm-192 0h22.4c6.4 0 12.8-6.4 12.8-12.8V140.8c0-6.4-6.4-12.8-12.8-12.8h-22.4c-6.4 0-12.8 6.4-12.8 12.8v198.4c0 6.4 6.4 12.8 12.8 12.8zm96 0h22.4c6.4 0 12.8-6.4 12.8-12.8V204.8c0-6.4-6.4-12.8-12.8-12.8h-22.4c-6.4 0-12.8 6.4-12.8 12.8v134.4c0 6.4 6.4 12.8 12.8 12.8zM496 400H48V80c0-8.84-7.16-16-16-16H16C7.16 64 0 71.16 0 80v336c0 17.67 14.33 32 32 32h464c8.84 0 16-7.16 16-16v-16c0-8.84-7.16-16-16-16zm-387.2-48h22.4c6.4 0 12.8-6.4 12.8-12.8v-70.4c0-6.4-6.4-12.8-12.8-12.8h-22.4c-6.4 0-12.8 6.4-12.8 12.8v70.4c0 6.4 6.4 12.8 12.8 12.8z\" class=\"\"><\/path><\/svg><\/i> <img loading=\"lazy\" decoding=\"async\" width=\"16\" height=\"16\" alt=\"Loading\" src=\"https:\/\/vocesdelacomuna15.com.ar\/wp-content\/plugins\/page-views-count\/ajax-loader-2x.gif\" border=0 \/><\/p><div class=\"pvc_clear\"><\/div>","protected":false},"excerpt":{"rendered":"<p>Recordaron a los militantes populares Estela Mar\u00eda Moya, Gustavo Gaya y Ana Mar\u00eda P\u00e9rez en avenida Forest 1010, en el barrio de Chacarita Fuente: Nueva Ciudad \u201cAqu\u00ed fueron secuestrados los militante populares Gustavo Gaya, Ana Mar\u00eda P\u00e9rez (embarazada), Estela Mar\u00eda Moya (asesinada) el 14 de septiembre de 1976 por el terrorismo de Estado. Barrios por [&hellip;]<\/p>\n<div class=\"pvc_clear\"><\/div>\n<p id=\"pvc_stats_64714\" class=\"pvc_stats all  \" data-element-id=\"64714\" style=\"\"><i class=\"pvc-stats-icon small\" aria-hidden=\"true\"><svg aria-hidden=\"true\" focusable=\"false\" data-prefix=\"far\" data-icon=\"chart-bar\" role=\"img\" xmlns=\"http:\/\/www.w3.org\/2000\/svg\" viewBox=\"0 0 512 512\" class=\"svg-inline--fa fa-chart-bar fa-w-16 fa-2x\"><path fill=\"currentColor\" d=\"M396.8 352h22.4c6.4 0 12.8-6.4 12.8-12.8V108.8c0-6.4-6.4-12.8-12.8-12.8h-22.4c-6.4 0-12.8 6.4-12.8 12.8v230.4c0 6.4 6.4 12.8 12.8 12.8zm-192 0h22.4c6.4 0 12.8-6.4 12.8-12.8V140.8c0-6.4-6.4-12.8-12.8-12.8h-22.4c-6.4 0-12.8 6.4-12.8 12.8v198.4c0 6.4 6.4 12.8 12.8 12.8zm96 0h22.4c6.4 0 12.8-6.4 12.8-12.8V204.8c0-6.4-6.4-12.8-12.8-12.8h-22.4c-6.4 0-12.8 6.4-12.8 12.8v134.4c0 6.4 6.4 12.8 12.8 12.8zM496 400H48V80c0-8.84-7.16-16-16-16H16C7.16 64 0 71.16 0 80v336c0 17.67 14.33 32 32 32h464c8.84 0 16-7.16 16-16v-16c0-8.84-7.16-16-16-16zm-387.2-48h22.4c6.4 0 12.8-6.4 12.8-12.8v-70.4c0-6.4-6.4-12.8-12.8-12.8h-22.4c-6.4 0-12.8 6.4-12.8 12.8v70.4c0 6.4 6.4 12.8 12.8 12.8z\" class=\"\"><\/path><\/svg><\/i> <img loading=\"lazy\" decoding=\"async\" width=\"16\" height=\"16\" alt=\"Loading\" src=\"https:\/\/vocesdelacomuna15.com.ar\/wp-content\/plugins\/page-views-count\/ajax-loader-2x.gif\" border=0 \/><\/p>\n<div class=\"pvc_clear\"><\/div>\n","protected":false},"author":2,"featured_media":64715,"comment_status":"open","ping_status":"open","sticky":false,"template":"","format":"standard","meta":{"_et_pb_use_builder":"off","_et_pb_old_content":"","_et_gb_content_width":"","footnotes":""},"categories":[23],"tags":[],"class_list":["post-64714","post","type-post","status-publish","format-standard","has-post-thumbnail","hentry","category-chacarita","et-has-post-format-content","et_post_format-et-post-format-standard"],"a3_pvc":{"activated":true,"total_views":29,"today_views":0},"yoast_head":"<!-- This site is optimized with the Yoast SEO plugin v27.4 - https:\/\/yoast.com\/product\/yoast-seo-wordpress\/ -->\n<title>Colocaron una baldosa por la memoria en Chacarita - Voces de la Comuna 15<\/title>\n<meta name=\"description\" content=\"Voces de la Comuna 15\" \/>\n<meta name=\"robots\" content=\"index, follow, max-snippet:-1, max-image-preview:large, max-video-preview:-1\" \/>\n<link rel=\"canonical\" href=\"https:\/\/vocesdelacomuna15.com.ar\/press\/colocaron-una-baldosa-por-la-memoria-en-chacarita\/\" \/>\n<meta property=\"og:locale\" content=\"es_ES\" \/>\n<meta property=\"og:type\" content=\"article\" \/>\n<meta property=\"og:title\" content=\"Colocaron una baldosa por la memoria en Chacarita - Voces de la Comuna 15\" \/>\n<meta property=\"og:description\" content=\"Voces de la Comuna 15\" \/>\n<meta property=\"og:url\" content=\"https:\/\/vocesdelacomuna15.com.ar\/press\/colocaron-una-baldosa-por-la-memoria-en-chacarita\/\" \/>\n<meta property=\"og:site_name\" content=\"Voces de la Comuna 15\" \/>\n<meta property=\"article:publisher\" content=\"https:\/\/www.facebook.com\/VocesComuna15\/\" \/>\n<meta property=\"article:published_time\" content=\"2025-02-03T18:36:30+00:00\" \/>\n<meta property=\"og:image\" content=\"https:\/\/vocesdelacomuna15.com.ar\/wp-content\/uploads\/2025\/01\/67446f0082aec_800x800.jpg\" \/>\n\t<meta property=\"og:image:width\" content=\"800\" \/>\n\t<meta property=\"og:image:height\" content=\"800\" \/>\n\t<meta property=\"og:image:type\" content=\"image\/jpeg\" \/>\n<meta name=\"author\" content=\"Federico Arguto\" \/>\n<meta name=\"twitter:card\" content=\"summary_large_image\" \/>\n<meta name=\"twitter:creator\" content=\"@vocescomuna15\" \/>\n<meta name=\"twitter:site\" content=\"@vocescomuna15\" \/>\n<meta name=\"twitter:label1\" content=\"Escrito por\" \/>\n\t<meta name=\"twitter:data1\" content=\"Federico Arguto\" \/>\n\t<meta name=\"twitter:label2\" content=\"Tiempo de lectura\" \/>\n\t<meta name=\"twitter:data2\" content=\"3 minutos\" \/>\n<script type=\"application\/ld+json\" class=\"yoast-schema-graph\">{\"@context\":\"https:\\\/\\\/schema.org\",\"@graph\":[{\"@type\":\"Article\",\"@id\":\"https:\\\/\\\/vocesdelacomuna15.com.ar\\\/press\\\/colocaron-una-baldosa-por-la-memoria-en-chacarita\\\/#article\",\"isPartOf\":{\"@id\":\"https:\\\/\\\/vocesdelacomuna15.com.ar\\\/press\\\/colocaron-una-baldosa-por-la-memoria-en-chacarita\\\/\"},\"author\":{\"name\":\"Federico Arguto\",\"@id\":\"https:\\\/\\\/vocesdelacomuna15.com.ar\\\/press\\\/#\\\/schema\\\/person\\\/4739e109db25d799cd3d139eeb509e43\"},\"headline\":\"Colocaron una baldosa por la memoria en Chacarita\",\"datePublished\":\"2025-02-03T18:36:30+00:00\",\"mainEntityOfPage\":{\"@id\":\"https:\\\/\\\/vocesdelacomuna15.com.ar\\\/press\\\/colocaron-una-baldosa-por-la-memoria-en-chacarita\\\/\"},\"wordCount\":515,\"commentCount\":0,\"publisher\":{\"@id\":\"https:\\\/\\\/vocesdelacomuna15.com.ar\\\/press\\\/#organization\"},\"image\":{\"@id\":\"https:\\\/\\\/vocesdelacomuna15.com.ar\\\/press\\\/colocaron-una-baldosa-por-la-memoria-en-chacarita\\\/#primaryimage\"},\"thumbnailUrl\":\"https:\\\/\\\/vocesdelacomuna15.com.ar\\\/wp-content\\\/uploads\\\/2025\\\/01\\\/67446f0082aec_800x800.jpg\",\"articleSection\":[\"Chacarita\"],\"inLanguage\":\"es-AR\",\"potentialAction\":[{\"@type\":\"CommentAction\",\"name\":\"Comment\",\"target\":[\"https:\\\/\\\/vocesdelacomuna15.com.ar\\\/press\\\/colocaron-una-baldosa-por-la-memoria-en-chacarita\\\/#respond\"]}]},{\"@type\":\"WebPage\",\"@id\":\"https:\\\/\\\/vocesdelacomuna15.com.ar\\\/press\\\/colocaron-una-baldosa-por-la-memoria-en-chacarita\\\/\",\"url\":\"https:\\\/\\\/vocesdelacomuna15.com.ar\\\/press\\\/colocaron-una-baldosa-por-la-memoria-en-chacarita\\\/\",\"name\":\"Colocaron una baldosa por la memoria en Chacarita - Voces de la Comuna 15\",\"isPartOf\":{\"@id\":\"https:\\\/\\\/vocesdelacomuna15.com.ar\\\/press\\\/#website\"},\"primaryImageOfPage\":{\"@id\":\"https:\\\/\\\/vocesdelacomuna15.com.ar\\\/press\\\/colocaron-una-baldosa-por-la-memoria-en-chacarita\\\/#primaryimage\"},\"image\":{\"@id\":\"https:\\\/\\\/vocesdelacomuna15.com.ar\\\/press\\\/colocaron-una-baldosa-por-la-memoria-en-chacarita\\\/#primaryimage\"},\"thumbnailUrl\":\"https:\\\/\\\/vocesdelacomuna15.com.ar\\\/wp-content\\\/uploads\\\/2025\\\/01\\\/67446f0082aec_800x800.jpg\",\"datePublished\":\"2025-02-03T18:36:30+00:00\",\"description\":\"Voces de la Comuna 15\",\"breadcrumb\":{\"@id\":\"https:\\\/\\\/vocesdelacomuna15.com.ar\\\/press\\\/colocaron-una-baldosa-por-la-memoria-en-chacarita\\\/#breadcrumb\"},\"inLanguage\":\"es-AR\",\"potentialAction\":[{\"@type\":\"ReadAction\",\"target\":[\"https:\\\/\\\/vocesdelacomuna15.com.ar\\\/press\\\/colocaron-una-baldosa-por-la-memoria-en-chacarita\\\/\"]}]},{\"@type\":\"ImageObject\",\"inLanguage\":\"es-AR\",\"@id\":\"https:\\\/\\\/vocesdelacomuna15.com.ar\\\/press\\\/colocaron-una-baldosa-por-la-memoria-en-chacarita\\\/#primaryimage\",\"url\":\"https:\\\/\\\/vocesdelacomuna15.com.ar\\\/wp-content\\\/uploads\\\/2025\\\/01\\\/67446f0082aec_800x800.jpg\",\"contentUrl\":\"https:\\\/\\\/vocesdelacomuna15.com.ar\\\/wp-content\\\/uploads\\\/2025\\\/01\\\/67446f0082aec_800x800.jpg\",\"width\":800,\"height\":800},{\"@type\":\"BreadcrumbList\",\"@id\":\"https:\\\/\\\/vocesdelacomuna15.com.ar\\\/press\\\/colocaron-una-baldosa-por-la-memoria-en-chacarita\\\/#breadcrumb\",\"itemListElement\":[{\"@type\":\"ListItem\",\"position\":1,\"name\":\"Inicio\",\"item\":\"https:\\\/\\\/vocesdelacomuna15.com.ar\\\/press\\\/\"},{\"@type\":\"ListItem\",\"position\":2,\"name\":\"Colocaron una baldosa por la memoria en Chacarita\"}]},{\"@type\":\"WebSite\",\"@id\":\"https:\\\/\\\/vocesdelacomuna15.com.ar\\\/press\\\/#website\",\"url\":\"https:\\\/\\\/vocesdelacomuna15.com.ar\\\/press\\\/\",\"name\":\"Voces de la Comuna 15\",\"description\":\"Sitio web de noticias\",\"publisher\":{\"@id\":\"https:\\\/\\\/vocesdelacomuna15.com.ar\\\/press\\\/#organization\"},\"potentialAction\":[{\"@type\":\"SearchAction\",\"target\":{\"@type\":\"EntryPoint\",\"urlTemplate\":\"https:\\\/\\\/vocesdelacomuna15.com.ar\\\/press\\\/?s={search_term_string}\"},\"query-input\":{\"@type\":\"PropertyValueSpecification\",\"valueRequired\":true,\"valueName\":\"search_term_string\"}}],\"inLanguage\":\"es-AR\"},{\"@type\":\"Organization\",\"@id\":\"https:\\\/\\\/vocesdelacomuna15.com.ar\\\/press\\\/#organization\",\"name\":\"Voces de la Comuna 15\",\"url\":\"https:\\\/\\\/vocesdelacomuna15.com.ar\\\/press\\\/\",\"logo\":{\"@type\":\"ImageObject\",\"inLanguage\":\"es-AR\",\"@id\":\"https:\\\/\\\/vocesdelacomuna15.com.ar\\\/press\\\/#\\\/schema\\\/logo\\\/image\\\/\",\"url\":\"https:\\\/\\\/vocesdelacomuna15.com.ar\\\/wp-content\\\/uploads\\\/2024\\\/12\\\/cropped-logo_voces.jpg\",\"contentUrl\":\"https:\\\/\\\/vocesdelacomuna15.com.ar\\\/wp-content\\\/uploads\\\/2024\\\/12\\\/cropped-logo_voces.jpg\",\"width\":512,\"height\":512,\"caption\":\"Voces de la Comuna 15\"},\"image\":{\"@id\":\"https:\\\/\\\/vocesdelacomuna15.com.ar\\\/press\\\/#\\\/schema\\\/logo\\\/image\\\/\"},\"sameAs\":[\"https:\\\/\\\/www.facebook.com\\\/VocesComuna15\\\/\",\"https:\\\/\\\/x.com\\\/vocescomuna15\"]},{\"@type\":\"Person\",\"@id\":\"https:\\\/\\\/vocesdelacomuna15.com.ar\\\/press\\\/#\\\/schema\\\/person\\\/4739e109db25d799cd3d139eeb509e43\",\"name\":\"Federico Arguto\",\"image\":{\"@type\":\"ImageObject\",\"inLanguage\":\"es-AR\",\"@id\":\"https:\\\/\\\/vocesdelacomuna15.com.ar\\\/wp-content\\\/litespeed\\\/avatar\\\/82faf979976f1bae889b8b71f8a0a7e5.jpg?ver=1776814847\",\"url\":\"https:\\\/\\\/vocesdelacomuna15.com.ar\\\/wp-content\\\/litespeed\\\/avatar\\\/82faf979976f1bae889b8b71f8a0a7e5.jpg?ver=1776814847\",\"contentUrl\":\"https:\\\/\\\/vocesdelacomuna15.com.ar\\\/wp-content\\\/litespeed\\\/avatar\\\/82faf979976f1bae889b8b71f8a0a7e5.jpg?ver=1776814847\",\"caption\":\"Federico Arguto\"},\"url\":\"https:\\\/\\\/vocesdelacomuna15.com.ar\\\/press\\\/author\\\/fede\\\/\"}]}<\/script>\n<!-- \/ Yoast SEO plugin. -->","yoast_head_json":{"title":"Colocaron una baldosa por la memoria en Chacarita - Voces de la Comuna 15","description":"Voces de la Comuna 15","robots":{"index":"index","follow":"follow","max-snippet":"max-snippet:-1","max-image-preview":"max-image-preview:large","max-video-preview":"max-video-preview:-1"},"canonical":"https:\/\/vocesdelacomuna15.com.ar\/press\/colocaron-una-baldosa-por-la-memoria-en-chacarita\/","og_locale":"es_ES","og_type":"article","og_title":"Colocaron una baldosa por la memoria en Chacarita - Voces de la Comuna 15","og_description":"Voces de la Comuna 15","og_url":"https:\/\/vocesdelacomuna15.com.ar\/press\/colocaron-una-baldosa-por-la-memoria-en-chacarita\/","og_site_name":"Voces de la Comuna 15","article_publisher":"https:\/\/www.facebook.com\/VocesComuna15\/","article_published_time":"2025-02-03T18:36:30+00:00","og_image":[{"width":800,"height":800,"url":"https:\/\/vocesdelacomuna15.com.ar\/wp-content\/uploads\/2025\/01\/67446f0082aec_800x800.jpg","type":"image\/jpeg"}],"author":"Federico Arguto","twitter_card":"summary_large_image","twitter_creator":"@vocescomuna15","twitter_site":"@vocescomuna15","twitter_misc":{"Escrito por":"Federico Arguto","Tiempo de lectura":"3 minutos"},"schema":{"@context":"https:\/\/schema.org","@graph":[{"@type":"Article","@id":"https:\/\/vocesdelacomuna15.com.ar\/press\/colocaron-una-baldosa-por-la-memoria-en-chacarita\/#article","isPartOf":{"@id":"https:\/\/vocesdelacomuna15.com.ar\/press\/colocaron-una-baldosa-por-la-memoria-en-chacarita\/"},"author":{"name":"Federico Arguto","@id":"https:\/\/vocesdelacomuna15.com.ar\/press\/#\/schema\/person\/4739e109db25d799cd3d139eeb509e43"},"headline":"Colocaron una baldosa por la memoria en Chacarita","datePublished":"2025-02-03T18:36:30+00:00","mainEntityOfPage":{"@id":"https:\/\/vocesdelacomuna15.com.ar\/press\/colocaron-una-baldosa-por-la-memoria-en-chacarita\/"},"wordCount":515,"commentCount":0,"publisher":{"@id":"https:\/\/vocesdelacomuna15.com.ar\/press\/#organization"},"image":{"@id":"https:\/\/vocesdelacomuna15.com.ar\/press\/colocaron-una-baldosa-por-la-memoria-en-chacarita\/#primaryimage"},"thumbnailUrl":"https:\/\/vocesdelacomuna15.com.ar\/wp-content\/uploads\/2025\/01\/67446f0082aec_800x800.jpg","articleSection":["Chacarita"],"inLanguage":"es-AR","potentialAction":[{"@type":"CommentAction","name":"Comment","target":["https:\/\/vocesdelacomuna15.com.ar\/press\/colocaron-una-baldosa-por-la-memoria-en-chacarita\/#respond"]}]},{"@type":"WebPage","@id":"https:\/\/vocesdelacomuna15.com.ar\/press\/colocaron-una-baldosa-por-la-memoria-en-chacarita\/","url":"https:\/\/vocesdelacomuna15.com.ar\/press\/colocaron-una-baldosa-por-la-memoria-en-chacarita\/","name":"Colocaron una baldosa por la memoria en Chacarita - Voces de la Comuna 15","isPartOf":{"@id":"https:\/\/vocesdelacomuna15.com.ar\/press\/#website"},"primaryImageOfPage":{"@id":"https:\/\/vocesdelacomuna15.com.ar\/press\/colocaron-una-baldosa-por-la-memoria-en-chacarita\/#primaryimage"},"image":{"@id":"https:\/\/vocesdelacomuna15.com.ar\/press\/colocaron-una-baldosa-por-la-memoria-en-chacarita\/#primaryimage"},"thumbnailUrl":"https:\/\/vocesdelacomuna15.com.ar\/wp-content\/uploads\/2025\/01\/67446f0082aec_800x800.jpg","datePublished":"2025-02-03T18:36:30+00:00","description":"Voces de la Comuna 15","breadcrumb":{"@id":"https:\/\/vocesdelacomuna15.com.ar\/press\/colocaron-una-baldosa-por-la-memoria-en-chacarita\/#breadcrumb"},"inLanguage":"es-AR","potentialAction":[{"@type":"ReadAction","target":["https:\/\/vocesdelacomuna15.com.ar\/press\/colocaron-una-baldosa-por-la-memoria-en-chacarita\/"]}]},{"@type":"ImageObject","inLanguage":"es-AR","@id":"https:\/\/vocesdelacomuna15.com.ar\/press\/colocaron-una-baldosa-por-la-memoria-en-chacarita\/#primaryimage","url":"https:\/\/vocesdelacomuna15.com.ar\/wp-content\/uploads\/2025\/01\/67446f0082aec_800x800.jpg","contentUrl":"https:\/\/vocesdelacomuna15.com.ar\/wp-content\/uploads\/2025\/01\/67446f0082aec_800x800.jpg","width":800,"height":800},{"@type":"BreadcrumbList","@id":"https:\/\/vocesdelacomuna15.com.ar\/press\/colocaron-una-baldosa-por-la-memoria-en-chacarita\/#breadcrumb","itemListElement":[{"@type":"ListItem","position":1,"name":"Inicio","item":"https:\/\/vocesdelacomuna15.com.ar\/press\/"},{"@type":"ListItem","position":2,"name":"Colocaron una baldosa por la memoria en Chacarita"}]},{"@type":"WebSite","@id":"https:\/\/vocesdelacomuna15.com.ar\/press\/#website","url":"https:\/\/vocesdelacomuna15.com.ar\/press\/","name":"Voces de la Comuna 15","description":"Sitio web de noticias","publisher":{"@id":"https:\/\/vocesdelacomuna15.com.ar\/press\/#organization"},"potentialAction":[{"@type":"SearchAction","target":{"@type":"EntryPoint","urlTemplate":"https:\/\/vocesdelacomuna15.com.ar\/press\/?s={search_term_string}"},"query-input":{"@type":"PropertyValueSpecification","valueRequired":true,"valueName":"search_term_string"}}],"inLanguage":"es-AR"},{"@type":"Organization","@id":"https:\/\/vocesdelacomuna15.com.ar\/press\/#organization","name":"Voces de la Comuna 15","url":"https:\/\/vocesdelacomuna15.com.ar\/press\/","logo":{"@type":"ImageObject","inLanguage":"es-AR","@id":"https:\/\/vocesdelacomuna15.com.ar\/press\/#\/schema\/logo\/image\/","url":"https:\/\/vocesdelacomuna15.com.ar\/wp-content\/uploads\/2024\/12\/cropped-logo_voces.jpg","contentUrl":"https:\/\/vocesdelacomuna15.com.ar\/wp-content\/uploads\/2024\/12\/cropped-logo_voces.jpg","width":512,"height":512,"caption":"Voces de la Comuna 15"},"image":{"@id":"https:\/\/vocesdelacomuna15.com.ar\/press\/#\/schema\/logo\/image\/"},"sameAs":["https:\/\/www.facebook.com\/VocesComuna15\/","https:\/\/x.com\/vocescomuna15"]},{"@type":"Person","@id":"https:\/\/vocesdelacomuna15.com.ar\/press\/#\/schema\/person\/4739e109db25d799cd3d139eeb509e43","name":"Federico Arguto","image":{"@type":"ImageObject","inLanguage":"es-AR","@id":"https:\/\/vocesdelacomuna15.com.ar\/wp-content\/litespeed\/avatar\/82faf979976f1bae889b8b71f8a0a7e5.jpg?ver=1776814847","url":"https:\/\/vocesdelacomuna15.com.ar\/wp-content\/litespeed\/avatar\/82faf979976f1bae889b8b71f8a0a7e5.jpg?ver=1776814847","contentUrl":"https:\/\/vocesdelacomuna15.com.ar\/wp-content\/litespeed\/avatar\/82faf979976f1bae889b8b71f8a0a7e5.jpg?ver=1776814847","caption":"Federico Arguto"},"url":"https:\/\/vocesdelacomuna15.com.ar\/press\/author\/fede\/"}]}},"_links":{"self":[{"href":"https:\/\/vocesdelacomuna15.com.ar\/press\/wp-json\/wp\/v2\/posts\/64714","targetHints":{"allow":["GET"]}}],"collection":[{"href":"https:\/\/vocesdelacomuna15.com.ar\/press\/wp-json\/wp\/v2\/posts"}],"about":[{"href":"https:\/\/vocesdelacomuna15.com.ar\/press\/wp-json\/wp\/v2\/types\/post"}],"author":[{"embeddable":true,"href":"https:\/\/vocesdelacomuna15.com.ar\/press\/wp-json\/wp\/v2\/users\/2"}],"replies":[{"embeddable":true,"href":"https:\/\/vocesdelacomuna15.com.ar\/press\/wp-json\/wp\/v2\/comments?post=64714"}],"version-history":[{"count":1,"href":"https:\/\/vocesdelacomuna15.com.ar\/press\/wp-json\/wp\/v2\/posts\/64714\/revisions"}],"predecessor-version":[{"id":64716,"href":"https:\/\/vocesdelacomuna15.com.ar\/press\/wp-json\/wp\/v2\/posts\/64714\/revisions\/64716"}],"wp:featuredmedia":[{"embeddable":true,"href":"https:\/\/vocesdelacomuna15.com.ar\/press\/wp-json\/wp\/v2\/media\/64715"}],"wp:attachment":[{"href":"https:\/\/vocesdelacomuna15.com.ar\/press\/wp-json\/wp\/v2\/media?parent=64714"}],"wp:term":[{"taxonomy":"category","embeddable":true,"href":"https:\/\/vocesdelacomuna15.com.ar\/press\/wp-json\/wp\/v2\/categories?post=64714"},{"taxonomy":"post_tag","embeddable":true,"href":"https:\/\/vocesdelacomuna15.com.ar\/press\/wp-json\/wp\/v2\/tags?post=64714"}],"curies":[{"name":"wp","href":"https:\/\/api.w.org\/{rel}","templated":true}]}}