{"id":64708,"date":"2025-01-29T20:13:24","date_gmt":"2025-01-29T23:13:24","guid":{"rendered":"https:\/\/vocesdelacomuna15.com.ar\/press\/?p=64708"},"modified":"2025-01-29T20:13:27","modified_gmt":"2025-01-29T23:13:27","slug":"villa-crespo-rindio-tributo-a-su-precursor-el-industrialista-salvador-benedit","status":"publish","type":"post","link":"https:\/\/vocesdelacomuna15.com.ar\/press\/villa-crespo-rindio-tributo-a-su-precursor-el-industrialista-salvador-benedit\/","title":{"rendered":"Villa Crespo rindi\u00f3 tributo a su precursor, el industrialista Salvador Benedit"},"content":{"rendered":"\n<p>Se conmemor\u00f3 el 121\u00ba aniversario del Padre de Villa Crespo e impulsor de la industria nacional del calzado<\/p>\n\n\n\n<p>El pasado domingo 26 de enero se realiz\u00f3 el homenaje anual a Don Salvador Benedit, Gerente de la F\u00e1brica Nacional de Calzados, a trav\u00e9s de la cual este dio origen a una peque\u00f1a aldea que se dio en llamar la Villa de Antonio Francisco Crespo. El barrio debe su nombre a que, el Segundo Intendente de la Capital Federal, apadrin\u00f3 la construcci\u00f3n de dicha f\u00e1brica pobladora.<\/p>\n\n\n\n<p>El evento se inici\u00f3 a las 18:00 hs en la sede de la Rep\u00fablica de Villa Crespo ubicada en Olaya 1792, donde funciona el Museo Barrial, una Biblioteca, Mapoteca y Hemeroteca. En la sala \u201cCarlos Levin\u201d de dicho museo se dieron cita entidades a\u00f1eras del barrio y las Juntas Vecinales de los 9 vecindarios villacrespenses. Tambi\u00e9n se invit\u00f3 a vecinos notables, sindicatos y comercios locales. Organiz\u00f3 el acto la Junta Hist\u00f3rica de Villa Crespo. Cont\u00f3 con la presencia del nieto del 1er Comisario Vecinal y Contador de la citada f\u00e1brica, Marcelo Bourdeu y del Vecino Notable Carlos Levin, Secretario de la Rep\u00fablica de Villa Crespo., quienes hicieron entrega de distinciones a la hist\u00f3rica ex Comisar\u00eda 27, antes 21 y hoy Vecinal 15B, al hist\u00f3rico Cuartel VI\u00ba Villa Crespo de Bomberos, hoy justificadamente denominado \u201cMaximiliano Firma Paz\u201d y a Mart\u00edn Ayerbe, quien residi\u00f3 en Villa Crespo y preside el Movimiento Industrialista Federal (M.I.FE.)<\/p>\n\n\n\n<p>El acto fue conducido por Ariel Magirena, prestigioso conductor de programas de radio y televisi\u00f3n tanto en el pa\u00eds como en el exterior. Se entonaron las estrofas del Himno Nacional y el Secretario Acad\u00e9mico de la Junta Hist\u00f3rica Barrial Hugo Tornese dio la bienvenida, rese\u00f1o brevemente la historia barrial y destac\u00f3 la importancia del evento a nivel nacional. <em>\u201cBenedit fue un empresario con criterio social y un dirigente ejemplar\u201d, <\/em>dijo. <em>\u201cTuvo poder econ\u00f3mico y pol\u00edtico. Y lo puso al servicio de la comunidad\u201d<\/em>. Por su parte Mart\u00edn Ayerbe expres\u00f3: <em>\u201cLa convivencia, la integraci\u00f3n y la solidaridad que constan en el emblema de Villa Crespo son la conducta natural del ser argentino\u201d. \u201cLa industria da empleo. Hay que facilitar en la capital, la apertura de m\u00e1s talleres y pymes tan tradicionales en este barrio, mediante la eliminaci\u00f3n de las trabas burocr\u00e1ticas e impositivas que restringen su desarrollo\u201d.<\/em><\/p>\n\n\n\n<p>Finalmente se escucharon varias melod\u00edas t\u00edpicas de las colectividades villacrespenses y el Tango \u201cBarrio Universal\u201d, referido a Villa Crespo, escrito por Hugo Tornese y musicalizado por la inteligencia artificial.<\/p>\n\n\n\n<p>Fuente: Sec de Prensa de La Rep de V C <a href=\"mailto:larepublicadevillacrespo@gmail.com\">larepublicadevillacrespo@gmail.com<\/a> cel: de contacto 1169403438 Dr Julio Sparer Presidente<\/p>\n<div class=\"pvc_clear\"><\/div><p id=\"pvc_stats_64708\" class=\"pvc_stats all  \" data-element-id=\"64708\" style=\"\"><i class=\"pvc-stats-icon small\" aria-hidden=\"true\"><svg aria-hidden=\"true\" focusable=\"false\" data-prefix=\"far\" data-icon=\"chart-bar\" role=\"img\" xmlns=\"http:\/\/www.w3.org\/2000\/svg\" viewBox=\"0 0 512 512\" class=\"svg-inline--fa fa-chart-bar fa-w-16 fa-2x\"><path fill=\"currentColor\" d=\"M396.8 352h22.4c6.4 0 12.8-6.4 12.8-12.8V108.8c0-6.4-6.4-12.8-12.8-12.8h-22.4c-6.4 0-12.8 6.4-12.8 12.8v230.4c0 6.4 6.4 12.8 12.8 12.8zm-192 0h22.4c6.4 0 12.8-6.4 12.8-12.8V140.8c0-6.4-6.4-12.8-12.8-12.8h-22.4c-6.4 0-12.8 6.4-12.8 12.8v198.4c0 6.4 6.4 12.8 12.8 12.8zm96 0h22.4c6.4 0 12.8-6.4 12.8-12.8V204.8c0-6.4-6.4-12.8-12.8-12.8h-22.4c-6.4 0-12.8 6.4-12.8 12.8v134.4c0 6.4 6.4 12.8 12.8 12.8zM496 400H48V80c0-8.84-7.16-16-16-16H16C7.16 64 0 71.16 0 80v336c0 17.67 14.33 32 32 32h464c8.84 0 16-7.16 16-16v-16c0-8.84-7.16-16-16-16zm-387.2-48h22.4c6.4 0 12.8-6.4 12.8-12.8v-70.4c0-6.4-6.4-12.8-12.8-12.8h-22.4c-6.4 0-12.8 6.4-12.8 12.8v70.4c0 6.4 6.4 12.8 12.8 12.8z\" class=\"\"><\/path><\/svg><\/i> <img loading=\"lazy\" decoding=\"async\" width=\"16\" height=\"16\" alt=\"Loading\" src=\"https:\/\/vocesdelacomuna15.com.ar\/wp-content\/plugins\/page-views-count\/ajax-loader-2x.gif\" border=0 \/><\/p><div class=\"pvc_clear\"><\/div>","protected":false},"excerpt":{"rendered":"<p>Se conmemor\u00f3 el 121\u00ba aniversario del Padre de Villa Crespo e impulsor de la industria nacional del calzado El pasado domingo 26 de enero se realiz\u00f3 el homenaje anual a Don Salvador Benedit, Gerente de la F\u00e1brica Nacional de Calzados, a trav\u00e9s de la cual este dio origen a una peque\u00f1a aldea que se dio [&hellip;]<\/p>\n<div class=\"pvc_clear\"><\/div>\n<p id=\"pvc_stats_64708\" class=\"pvc_stats all  \" data-element-id=\"64708\" style=\"\"><i class=\"pvc-stats-icon small\" aria-hidden=\"true\"><svg aria-hidden=\"true\" focusable=\"false\" data-prefix=\"far\" data-icon=\"chart-bar\" role=\"img\" xmlns=\"http:\/\/www.w3.org\/2000\/svg\" viewBox=\"0 0 512 512\" class=\"svg-inline--fa fa-chart-bar fa-w-16 fa-2x\"><path fill=\"currentColor\" d=\"M396.8 352h22.4c6.4 0 12.8-6.4 12.8-12.8V108.8c0-6.4-6.4-12.8-12.8-12.8h-22.4c-6.4 0-12.8 6.4-12.8 12.8v230.4c0 6.4 6.4 12.8 12.8 12.8zm-192 0h22.4c6.4 0 12.8-6.4 12.8-12.8V140.8c0-6.4-6.4-12.8-12.8-12.8h-22.4c-6.4 0-12.8 6.4-12.8 12.8v198.4c0 6.4 6.4 12.8 12.8 12.8zm96 0h22.4c6.4 0 12.8-6.4 12.8-12.8V204.8c0-6.4-6.4-12.8-12.8-12.8h-22.4c-6.4 0-12.8 6.4-12.8 12.8v134.4c0 6.4 6.4 12.8 12.8 12.8zM496 400H48V80c0-8.84-7.16-16-16-16H16C7.16 64 0 71.16 0 80v336c0 17.67 14.33 32 32 32h464c8.84 0 16-7.16 16-16v-16c0-8.84-7.16-16-16-16zm-387.2-48h22.4c6.4 0 12.8-6.4 12.8-12.8v-70.4c0-6.4-6.4-12.8-12.8-12.8h-22.4c-6.4 0-12.8 6.4-12.8 12.8v70.4c0 6.4 6.4 12.8 12.8 12.8z\" class=\"\"><\/path><\/svg><\/i> <img loading=\"lazy\" decoding=\"async\" width=\"16\" height=\"16\" alt=\"Loading\" src=\"https:\/\/vocesdelacomuna15.com.ar\/wp-content\/plugins\/page-views-count\/ajax-loader-2x.gif\" border=0 \/><\/p>\n<div class=\"pvc_clear\"><\/div>\n","protected":false},"author":2,"featured_media":64709,"comment_status":"open","ping_status":"open","sticky":false,"template":"","format":"standard","meta":{"_et_pb_use_builder":"off","_et_pb_old_content":"","_et_gb_content_width":"","footnotes":""},"categories":[32],"tags":[],"class_list":["post-64708","post","type-post","status-publish","format-standard","has-post-thumbnail","hentry","category-vcre","et-has-post-format-content","et_post_format-et-post-format-standard"],"a3_pvc":{"activated":true,"total_views":57,"today_views":0},"yoast_head":"<!-- This site is optimized with the Yoast SEO plugin v27.4 - https:\/\/yoast.com\/product\/yoast-seo-wordpress\/ -->\n<title>Villa Crespo rindi\u00f3 tributo a su precursor, el industrialista Salvador Benedit - Voces de la Comuna 15<\/title>\n<meta name=\"description\" content=\"Voces de la Comuna 15\" \/>\n<meta name=\"robots\" content=\"index, follow, max-snippet:-1, max-image-preview:large, max-video-preview:-1\" \/>\n<link rel=\"canonical\" href=\"https:\/\/vocesdelacomuna15.com.ar\/press\/villa-crespo-rindio-tributo-a-su-precursor-el-industrialista-salvador-benedit\/\" \/>\n<meta property=\"og:locale\" content=\"es_ES\" \/>\n<meta property=\"og:type\" content=\"article\" \/>\n<meta property=\"og:title\" content=\"Villa Crespo rindi\u00f3 tributo a su precursor, el industrialista Salvador Benedit - Voces de la Comuna 15\" \/>\n<meta property=\"og:description\" content=\"Voces de la Comuna 15\" \/>\n<meta property=\"og:url\" content=\"https:\/\/vocesdelacomuna15.com.ar\/press\/villa-crespo-rindio-tributo-a-su-precursor-el-industrialista-salvador-benedit\/\" \/>\n<meta property=\"og:site_name\" content=\"Voces de la Comuna 15\" \/>\n<meta property=\"article:publisher\" content=\"https:\/\/www.facebook.com\/VocesComuna15\/\" \/>\n<meta property=\"article:published_time\" content=\"2025-01-29T23:13:24+00:00\" \/>\n<meta property=\"article:modified_time\" content=\"2025-01-29T23:13:27+00:00\" \/>\n<meta property=\"og:image\" content=\"https:\/\/vocesdelacomuna15.com.ar\/wp-content\/uploads\/2025\/01\/villa-crespo.jpg\" \/>\n\t<meta property=\"og:image:width\" content=\"2183\" \/>\n\t<meta property=\"og:image:height\" content=\"886\" \/>\n\t<meta property=\"og:image:type\" content=\"image\/jpeg\" \/>\n<meta name=\"author\" content=\"Federico Arguto\" \/>\n<meta name=\"twitter:card\" content=\"summary_large_image\" \/>\n<meta name=\"twitter:creator\" content=\"@vocescomuna15\" \/>\n<meta name=\"twitter:site\" content=\"@vocescomuna15\" \/>\n<meta name=\"twitter:label1\" content=\"Escrito por\" \/>\n\t<meta name=\"twitter:data1\" content=\"Federico Arguto\" \/>\n\t<meta name=\"twitter:label2\" content=\"Tiempo de lectura\" \/>\n\t<meta name=\"twitter:data2\" content=\"2 minutos\" \/>\n<script type=\"application\/ld+json\" class=\"yoast-schema-graph\">{\"@context\":\"https:\\\/\\\/schema.org\",\"@graph\":[{\"@type\":\"Article\",\"@id\":\"https:\\\/\\\/vocesdelacomuna15.com.ar\\\/press\\\/villa-crespo-rindio-tributo-a-su-precursor-el-industrialista-salvador-benedit\\\/#article\",\"isPartOf\":{\"@id\":\"https:\\\/\\\/vocesdelacomuna15.com.ar\\\/press\\\/villa-crespo-rindio-tributo-a-su-precursor-el-industrialista-salvador-benedit\\\/\"},\"author\":{\"name\":\"Federico Arguto\",\"@id\":\"https:\\\/\\\/vocesdelacomuna15.com.ar\\\/press\\\/#\\\/schema\\\/person\\\/4739e109db25d799cd3d139eeb509e43\"},\"headline\":\"Villa Crespo rindi\u00f3 tributo a su precursor, el industrialista Salvador Benedit\",\"datePublished\":\"2025-01-29T23:13:24+00:00\",\"dateModified\":\"2025-01-29T23:13:27+00:00\",\"mainEntityOfPage\":{\"@id\":\"https:\\\/\\\/vocesdelacomuna15.com.ar\\\/press\\\/villa-crespo-rindio-tributo-a-su-precursor-el-industrialista-salvador-benedit\\\/\"},\"wordCount\":466,\"commentCount\":0,\"publisher\":{\"@id\":\"https:\\\/\\\/vocesdelacomuna15.com.ar\\\/press\\\/#organization\"},\"image\":{\"@id\":\"https:\\\/\\\/vocesdelacomuna15.com.ar\\\/press\\\/villa-crespo-rindio-tributo-a-su-precursor-el-industrialista-salvador-benedit\\\/#primaryimage\"},\"thumbnailUrl\":\"https:\\\/\\\/vocesdelacomuna15.com.ar\\\/wp-content\\\/uploads\\\/2025\\\/01\\\/villa-crespo.jpg\",\"articleSection\":[\"Villa Crespo\"],\"inLanguage\":\"es-AR\",\"potentialAction\":[{\"@type\":\"CommentAction\",\"name\":\"Comment\",\"target\":[\"https:\\\/\\\/vocesdelacomuna15.com.ar\\\/press\\\/villa-crespo-rindio-tributo-a-su-precursor-el-industrialista-salvador-benedit\\\/#respond\"]}]},{\"@type\":\"WebPage\",\"@id\":\"https:\\\/\\\/vocesdelacomuna15.com.ar\\\/press\\\/villa-crespo-rindio-tributo-a-su-precursor-el-industrialista-salvador-benedit\\\/\",\"url\":\"https:\\\/\\\/vocesdelacomuna15.com.ar\\\/press\\\/villa-crespo-rindio-tributo-a-su-precursor-el-industrialista-salvador-benedit\\\/\",\"name\":\"Villa Crespo rindi\u00f3 tributo a su precursor, el industrialista Salvador Benedit - Voces de la Comuna 15\",\"isPartOf\":{\"@id\":\"https:\\\/\\\/vocesdelacomuna15.com.ar\\\/press\\\/#website\"},\"primaryImageOfPage\":{\"@id\":\"https:\\\/\\\/vocesdelacomuna15.com.ar\\\/press\\\/villa-crespo-rindio-tributo-a-su-precursor-el-industrialista-salvador-benedit\\\/#primaryimage\"},\"image\":{\"@id\":\"https:\\\/\\\/vocesdelacomuna15.com.ar\\\/press\\\/villa-crespo-rindio-tributo-a-su-precursor-el-industrialista-salvador-benedit\\\/#primaryimage\"},\"thumbnailUrl\":\"https:\\\/\\\/vocesdelacomuna15.com.ar\\\/wp-content\\\/uploads\\\/2025\\\/01\\\/villa-crespo.jpg\",\"datePublished\":\"2025-01-29T23:13:24+00:00\",\"dateModified\":\"2025-01-29T23:13:27+00:00\",\"description\":\"Voces de la Comuna 15\",\"breadcrumb\":{\"@id\":\"https:\\\/\\\/vocesdelacomuna15.com.ar\\\/press\\\/villa-crespo-rindio-tributo-a-su-precursor-el-industrialista-salvador-benedit\\\/#breadcrumb\"},\"inLanguage\":\"es-AR\",\"potentialAction\":[{\"@type\":\"ReadAction\",\"target\":[\"https:\\\/\\\/vocesdelacomuna15.com.ar\\\/press\\\/villa-crespo-rindio-tributo-a-su-precursor-el-industrialista-salvador-benedit\\\/\"]}]},{\"@type\":\"ImageObject\",\"inLanguage\":\"es-AR\",\"@id\":\"https:\\\/\\\/vocesdelacomuna15.com.ar\\\/press\\\/villa-crespo-rindio-tributo-a-su-precursor-el-industrialista-salvador-benedit\\\/#primaryimage\",\"url\":\"https:\\\/\\\/vocesdelacomuna15.com.ar\\\/wp-content\\\/uploads\\\/2025\\\/01\\\/villa-crespo.jpg\",\"contentUrl\":\"https:\\\/\\\/vocesdelacomuna15.com.ar\\\/wp-content\\\/uploads\\\/2025\\\/01\\\/villa-crespo.jpg\",\"width\":2183,\"height\":886},{\"@type\":\"BreadcrumbList\",\"@id\":\"https:\\\/\\\/vocesdelacomuna15.com.ar\\\/press\\\/villa-crespo-rindio-tributo-a-su-precursor-el-industrialista-salvador-benedit\\\/#breadcrumb\",\"itemListElement\":[{\"@type\":\"ListItem\",\"position\":1,\"name\":\"Inicio\",\"item\":\"https:\\\/\\\/vocesdelacomuna15.com.ar\\\/press\\\/\"},{\"@type\":\"ListItem\",\"position\":2,\"name\":\"Villa Crespo rindi\u00f3 tributo a su precursor, el industrialista Salvador Benedit\"}]},{\"@type\":\"WebSite\",\"@id\":\"https:\\\/\\\/vocesdelacomuna15.com.ar\\\/press\\\/#website\",\"url\":\"https:\\\/\\\/vocesdelacomuna15.com.ar\\\/press\\\/\",\"name\":\"Voces de la Comuna 15\",\"description\":\"Sitio web de noticias\",\"publisher\":{\"@id\":\"https:\\\/\\\/vocesdelacomuna15.com.ar\\\/press\\\/#organization\"},\"potentialAction\":[{\"@type\":\"SearchAction\",\"target\":{\"@type\":\"EntryPoint\",\"urlTemplate\":\"https:\\\/\\\/vocesdelacomuna15.com.ar\\\/press\\\/?s={search_term_string}\"},\"query-input\":{\"@type\":\"PropertyValueSpecification\",\"valueRequired\":true,\"valueName\":\"search_term_string\"}}],\"inLanguage\":\"es-AR\"},{\"@type\":\"Organization\",\"@id\":\"https:\\\/\\\/vocesdelacomuna15.com.ar\\\/press\\\/#organization\",\"name\":\"Voces de la Comuna 15\",\"url\":\"https:\\\/\\\/vocesdelacomuna15.com.ar\\\/press\\\/\",\"logo\":{\"@type\":\"ImageObject\",\"inLanguage\":\"es-AR\",\"@id\":\"https:\\\/\\\/vocesdelacomuna15.com.ar\\\/press\\\/#\\\/schema\\\/logo\\\/image\\\/\",\"url\":\"https:\\\/\\\/vocesdelacomuna15.com.ar\\\/wp-content\\\/uploads\\\/2024\\\/12\\\/cropped-logo_voces.jpg\",\"contentUrl\":\"https:\\\/\\\/vocesdelacomuna15.com.ar\\\/wp-content\\\/uploads\\\/2024\\\/12\\\/cropped-logo_voces.jpg\",\"width\":512,\"height\":512,\"caption\":\"Voces de la Comuna 15\"},\"image\":{\"@id\":\"https:\\\/\\\/vocesdelacomuna15.com.ar\\\/press\\\/#\\\/schema\\\/logo\\\/image\\\/\"},\"sameAs\":[\"https:\\\/\\\/www.facebook.com\\\/VocesComuna15\\\/\",\"https:\\\/\\\/x.com\\\/vocescomuna15\"]},{\"@type\":\"Person\",\"@id\":\"https:\\\/\\\/vocesdelacomuna15.com.ar\\\/press\\\/#\\\/schema\\\/person\\\/4739e109db25d799cd3d139eeb509e43\",\"name\":\"Federico Arguto\",\"image\":{\"@type\":\"ImageObject\",\"inLanguage\":\"es-AR\",\"@id\":\"https:\\\/\\\/vocesdelacomuna15.com.ar\\\/wp-content\\\/litespeed\\\/avatar\\\/82faf979976f1bae889b8b71f8a0a7e5.jpg?ver=1776814847\",\"url\":\"https:\\\/\\\/vocesdelacomuna15.com.ar\\\/wp-content\\\/litespeed\\\/avatar\\\/82faf979976f1bae889b8b71f8a0a7e5.jpg?ver=1776814847\",\"contentUrl\":\"https:\\\/\\\/vocesdelacomuna15.com.ar\\\/wp-content\\\/litespeed\\\/avatar\\\/82faf979976f1bae889b8b71f8a0a7e5.jpg?ver=1776814847\",\"caption\":\"Federico Arguto\"},\"url\":\"https:\\\/\\\/vocesdelacomuna15.com.ar\\\/press\\\/author\\\/fede\\\/\"}]}<\/script>\n<!-- \/ Yoast SEO plugin. -->","yoast_head_json":{"title":"Villa Crespo rindi\u00f3 tributo a su precursor, el industrialista Salvador Benedit - Voces de la Comuna 15","description":"Voces de la Comuna 15","robots":{"index":"index","follow":"follow","max-snippet":"max-snippet:-1","max-image-preview":"max-image-preview:large","max-video-preview":"max-video-preview:-1"},"canonical":"https:\/\/vocesdelacomuna15.com.ar\/press\/villa-crespo-rindio-tributo-a-su-precursor-el-industrialista-salvador-benedit\/","og_locale":"es_ES","og_type":"article","og_title":"Villa Crespo rindi\u00f3 tributo a su precursor, el industrialista Salvador Benedit - Voces de la Comuna 15","og_description":"Voces de la Comuna 15","og_url":"https:\/\/vocesdelacomuna15.com.ar\/press\/villa-crespo-rindio-tributo-a-su-precursor-el-industrialista-salvador-benedit\/","og_site_name":"Voces de la Comuna 15","article_publisher":"https:\/\/www.facebook.com\/VocesComuna15\/","article_published_time":"2025-01-29T23:13:24+00:00","article_modified_time":"2025-01-29T23:13:27+00:00","og_image":[{"width":2183,"height":886,"url":"https:\/\/vocesdelacomuna15.com.ar\/wp-content\/uploads\/2025\/01\/villa-crespo.jpg","type":"image\/jpeg"}],"author":"Federico Arguto","twitter_card":"summary_large_image","twitter_creator":"@vocescomuna15","twitter_site":"@vocescomuna15","twitter_misc":{"Escrito por":"Federico Arguto","Tiempo de lectura":"2 minutos"},"schema":{"@context":"https:\/\/schema.org","@graph":[{"@type":"Article","@id":"https:\/\/vocesdelacomuna15.com.ar\/press\/villa-crespo-rindio-tributo-a-su-precursor-el-industrialista-salvador-benedit\/#article","isPartOf":{"@id":"https:\/\/vocesdelacomuna15.com.ar\/press\/villa-crespo-rindio-tributo-a-su-precursor-el-industrialista-salvador-benedit\/"},"author":{"name":"Federico Arguto","@id":"https:\/\/vocesdelacomuna15.com.ar\/press\/#\/schema\/person\/4739e109db25d799cd3d139eeb509e43"},"headline":"Villa Crespo rindi\u00f3 tributo a su precursor, el industrialista Salvador Benedit","datePublished":"2025-01-29T23:13:24+00:00","dateModified":"2025-01-29T23:13:27+00:00","mainEntityOfPage":{"@id":"https:\/\/vocesdelacomuna15.com.ar\/press\/villa-crespo-rindio-tributo-a-su-precursor-el-industrialista-salvador-benedit\/"},"wordCount":466,"commentCount":0,"publisher":{"@id":"https:\/\/vocesdelacomuna15.com.ar\/press\/#organization"},"image":{"@id":"https:\/\/vocesdelacomuna15.com.ar\/press\/villa-crespo-rindio-tributo-a-su-precursor-el-industrialista-salvador-benedit\/#primaryimage"},"thumbnailUrl":"https:\/\/vocesdelacomuna15.com.ar\/wp-content\/uploads\/2025\/01\/villa-crespo.jpg","articleSection":["Villa Crespo"],"inLanguage":"es-AR","potentialAction":[{"@type":"CommentAction","name":"Comment","target":["https:\/\/vocesdelacomuna15.com.ar\/press\/villa-crespo-rindio-tributo-a-su-precursor-el-industrialista-salvador-benedit\/#respond"]}]},{"@type":"WebPage","@id":"https:\/\/vocesdelacomuna15.com.ar\/press\/villa-crespo-rindio-tributo-a-su-precursor-el-industrialista-salvador-benedit\/","url":"https:\/\/vocesdelacomuna15.com.ar\/press\/villa-crespo-rindio-tributo-a-su-precursor-el-industrialista-salvador-benedit\/","name":"Villa Crespo rindi\u00f3 tributo a su precursor, el industrialista Salvador Benedit - Voces de la Comuna 15","isPartOf":{"@id":"https:\/\/vocesdelacomuna15.com.ar\/press\/#website"},"primaryImageOfPage":{"@id":"https:\/\/vocesdelacomuna15.com.ar\/press\/villa-crespo-rindio-tributo-a-su-precursor-el-industrialista-salvador-benedit\/#primaryimage"},"image":{"@id":"https:\/\/vocesdelacomuna15.com.ar\/press\/villa-crespo-rindio-tributo-a-su-precursor-el-industrialista-salvador-benedit\/#primaryimage"},"thumbnailUrl":"https:\/\/vocesdelacomuna15.com.ar\/wp-content\/uploads\/2025\/01\/villa-crespo.jpg","datePublished":"2025-01-29T23:13:24+00:00","dateModified":"2025-01-29T23:13:27+00:00","description":"Voces de la Comuna 15","breadcrumb":{"@id":"https:\/\/vocesdelacomuna15.com.ar\/press\/villa-crespo-rindio-tributo-a-su-precursor-el-industrialista-salvador-benedit\/#breadcrumb"},"inLanguage":"es-AR","potentialAction":[{"@type":"ReadAction","target":["https:\/\/vocesdelacomuna15.com.ar\/press\/villa-crespo-rindio-tributo-a-su-precursor-el-industrialista-salvador-benedit\/"]}]},{"@type":"ImageObject","inLanguage":"es-AR","@id":"https:\/\/vocesdelacomuna15.com.ar\/press\/villa-crespo-rindio-tributo-a-su-precursor-el-industrialista-salvador-benedit\/#primaryimage","url":"https:\/\/vocesdelacomuna15.com.ar\/wp-content\/uploads\/2025\/01\/villa-crespo.jpg","contentUrl":"https:\/\/vocesdelacomuna15.com.ar\/wp-content\/uploads\/2025\/01\/villa-crespo.jpg","width":2183,"height":886},{"@type":"BreadcrumbList","@id":"https:\/\/vocesdelacomuna15.com.ar\/press\/villa-crespo-rindio-tributo-a-su-precursor-el-industrialista-salvador-benedit\/#breadcrumb","itemListElement":[{"@type":"ListItem","position":1,"name":"Inicio","item":"https:\/\/vocesdelacomuna15.com.ar\/press\/"},{"@type":"ListItem","position":2,"name":"Villa Crespo rindi\u00f3 tributo a su precursor, el industrialista Salvador Benedit"}]},{"@type":"WebSite","@id":"https:\/\/vocesdelacomuna15.com.ar\/press\/#website","url":"https:\/\/vocesdelacomuna15.com.ar\/press\/","name":"Voces de la Comuna 15","description":"Sitio web de noticias","publisher":{"@id":"https:\/\/vocesdelacomuna15.com.ar\/press\/#organization"},"potentialAction":[{"@type":"SearchAction","target":{"@type":"EntryPoint","urlTemplate":"https:\/\/vocesdelacomuna15.com.ar\/press\/?s={search_term_string}"},"query-input":{"@type":"PropertyValueSpecification","valueRequired":true,"valueName":"search_term_string"}}],"inLanguage":"es-AR"},{"@type":"Organization","@id":"https:\/\/vocesdelacomuna15.com.ar\/press\/#organization","name":"Voces de la Comuna 15","url":"https:\/\/vocesdelacomuna15.com.ar\/press\/","logo":{"@type":"ImageObject","inLanguage":"es-AR","@id":"https:\/\/vocesdelacomuna15.com.ar\/press\/#\/schema\/logo\/image\/","url":"https:\/\/vocesdelacomuna15.com.ar\/wp-content\/uploads\/2024\/12\/cropped-logo_voces.jpg","contentUrl":"https:\/\/vocesdelacomuna15.com.ar\/wp-content\/uploads\/2024\/12\/cropped-logo_voces.jpg","width":512,"height":512,"caption":"Voces de la Comuna 15"},"image":{"@id":"https:\/\/vocesdelacomuna15.com.ar\/press\/#\/schema\/logo\/image\/"},"sameAs":["https:\/\/www.facebook.com\/VocesComuna15\/","https:\/\/x.com\/vocescomuna15"]},{"@type":"Person","@id":"https:\/\/vocesdelacomuna15.com.ar\/press\/#\/schema\/person\/4739e109db25d799cd3d139eeb509e43","name":"Federico Arguto","image":{"@type":"ImageObject","inLanguage":"es-AR","@id":"https:\/\/vocesdelacomuna15.com.ar\/wp-content\/litespeed\/avatar\/82faf979976f1bae889b8b71f8a0a7e5.jpg?ver=1776814847","url":"https:\/\/vocesdelacomuna15.com.ar\/wp-content\/litespeed\/avatar\/82faf979976f1bae889b8b71f8a0a7e5.jpg?ver=1776814847","contentUrl":"https:\/\/vocesdelacomuna15.com.ar\/wp-content\/litespeed\/avatar\/82faf979976f1bae889b8b71f8a0a7e5.jpg?ver=1776814847","caption":"Federico Arguto"},"url":"https:\/\/vocesdelacomuna15.com.ar\/press\/author\/fede\/"}]}},"_links":{"self":[{"href":"https:\/\/vocesdelacomuna15.com.ar\/press\/wp-json\/wp\/v2\/posts\/64708","targetHints":{"allow":["GET"]}}],"collection":[{"href":"https:\/\/vocesdelacomuna15.com.ar\/press\/wp-json\/wp\/v2\/posts"}],"about":[{"href":"https:\/\/vocesdelacomuna15.com.ar\/press\/wp-json\/wp\/v2\/types\/post"}],"author":[{"embeddable":true,"href":"https:\/\/vocesdelacomuna15.com.ar\/press\/wp-json\/wp\/v2\/users\/2"}],"replies":[{"embeddable":true,"href":"https:\/\/vocesdelacomuna15.com.ar\/press\/wp-json\/wp\/v2\/comments?post=64708"}],"version-history":[{"count":1,"href":"https:\/\/vocesdelacomuna15.com.ar\/press\/wp-json\/wp\/v2\/posts\/64708\/revisions"}],"predecessor-version":[{"id":64710,"href":"https:\/\/vocesdelacomuna15.com.ar\/press\/wp-json\/wp\/v2\/posts\/64708\/revisions\/64710"}],"wp:featuredmedia":[{"embeddable":true,"href":"https:\/\/vocesdelacomuna15.com.ar\/press\/wp-json\/wp\/v2\/media\/64709"}],"wp:attachment":[{"href":"https:\/\/vocesdelacomuna15.com.ar\/press\/wp-json\/wp\/v2\/media?parent=64708"}],"wp:term":[{"taxonomy":"category","embeddable":true,"href":"https:\/\/vocesdelacomuna15.com.ar\/press\/wp-json\/wp\/v2\/categories?post=64708"},{"taxonomy":"post_tag","embeddable":true,"href":"https:\/\/vocesdelacomuna15.com.ar\/press\/wp-json\/wp\/v2\/tags?post=64708"}],"curies":[{"name":"wp","href":"https:\/\/api.w.org\/{rel}","templated":true}]}}