{"id":64705,"date":"2025-01-27T20:45:15","date_gmt":"2025-01-27T23:45:15","guid":{"rendered":"https:\/\/vocesdelacomuna15.com.ar\/press\/?p=64705"},"modified":"2025-01-27T20:45:18","modified_gmt":"2025-01-27T23:45:18","slug":"la-ciudad-amplia-el-hospital-de-estatuas-y-obras-de-arte-que-sera-abierto-para-los-vecinos","status":"publish","type":"post","link":"https:\/\/vocesdelacomuna15.com.ar\/press\/la-ciudad-amplia-el-hospital-de-estatuas-y-obras-de-arte-que-sera-abierto-para-los-vecinos\/","title":{"rendered":"La Ciudad ampl\u00eda el \u201chospital de estatuas y obras de arte\u201d que ser\u00e1 abierto para los vecinos"},"content":{"rendered":"\n<p>&#8220;Cada escultura y cada monumento es testimonio de nuestra identidad, de nuestra historia y de la enorme riqueza cultural que nos distingue&#8221;, dijo el Jefe de Gobierno, Jorge Macri.<\/p>\n\n\n\n<p>Fuente: Buenosaires.gob.ar<\/p>\n\n\n\n<p>Link a nota completa: https:\/\/buenosaires.gob.ar\/noticias\/la-ciudad-amplia-el-hospital-de-estatuas-y-obras-de-arte-que-sera-abierto-para-los-vecinos<\/p>\n\n\n\n<p>El&nbsp;<strong>MOA (Monumentos y Obras de Arte)<\/strong>, tambi\u00e9n conocido como el&nbsp;<strong>\u201c<\/strong><strong>hospital de estatuas y obras de arte\u201d<\/strong>&nbsp;de la Ciudad, se encuentra en plena etapa de ampliaci\u00f3n y restauraci\u00f3n para que los vecinos puedan visitarlo. Su funci\u00f3n es esencial en la conservaci\u00f3n del patrimonio: un grupo de especialistas se encarga de arreglar y mantener los&nbsp;<strong>2.482 monumentos<\/strong>&nbsp;p\u00fablicos porte\u00f1os entre bustos, placas, m\u00e1stiles, fuentes y monolitos que se deterioran por el paso del tiempo o son vandalizados.<\/p>\n\n\n\n<p>&#8220;Las plazas y parques de la Ciudad son un museo a cielo abierto: cada escultura y cada monumento es testimonio de nuestra identidad, de nuestra historia y de la enorme riqueza cultural que nos distingue. Por eso trabajamos para cuidarlos y preservarlos&#8221;, dijo el Jefe de Gobierno,&nbsp;<a href=\"https:\/\/www.facebook.com\/jorgemacri\/videos\/?locale=es_LA&amp;_rdr\"><u>Jorge Macri<\/u><\/a>, en el taller ubicado en la calle Berro 3880, en Plaza Sicilia, dentro del<strong>&nbsp;<\/strong><strong>Parque Tres de Febrero<\/strong>. Lo acompa\u00f1\u00f3 el subsecretario de Paisaje Urbano del Ministerio de Espacio P\u00fablico e Higiene Urbana,&nbsp;<strong>Juan Vacas<\/strong>.<\/p>\n\n\n\n<blockquote class=\"wp-block-quote is-layout-flow wp-block-quote-is-layout-flow\">\n<p><em>&#8220;Las plazas y parques de la Ciudad son un museo a cielo abierto&#8221;.&nbsp;<\/em><\/p>\n\n\n\n<p><strong><em><strong>(Jorge Macri)<\/strong><\/em><\/strong><\/p>\n<\/blockquote>\n\n\n\n<p>En el MOA trabaja un equipo de&nbsp;<strong>20 escultores, restauradores, artesanos y choferes<\/strong>. El a\u00f1o pasado, ellos restauraron m\u00e1s de 50 monumentos, a raz\u00f3n de uno por semana, como el de los Dos Congresos, Las Nereidas, el Monumento Almirante Brown y Saturnalia, entre otros. Con las nuevas obras de ampliaci\u00f3n del edificio, la administraci\u00f3n de Jorge Macri busca generar un espacio m\u00e1s accesible para que cada vez m\u00e1s vecinos y turistas lo visiten y valoren, y puedan recorrer el Patio de las Esculturas, donde se ubican las obras que debieron ser retiradas de sus emplazamientos originales para su preservaci\u00f3n.&nbsp;<\/p>\n\n\n\n<p>Inaugurado en 1952, el&nbsp;<strong>Patio de Esculturas<\/strong>&nbsp;es un \u201cmuseo a cielo abierto\u201d. Y forma parte del patrimonio hist\u00f3rico de la Ciudad porque sus instalaciones se ubican en terrenos donde antiguamente se encontraba una fracci\u00f3n de la quinta de Juan Manuel de Rosas. Entre 1835 y 1854 estuvo habitado por el personal dom\u00e9stico del gobernador de Buenos Aires.<\/p>\n\n\n\n<blockquote class=\"wp-block-quote is-layout-flow wp-block-quote-is-layout-flow\">\n<p><em>En el MOA trabaja un equipo de 20 escultores, restauradores, artesanos y choferes.<\/em><\/p>\n<\/blockquote>\n\n\n\n<p>Las obras en el MOA incluyen una<strong>&nbsp;<\/strong><strong>refuncionalizaci\u00f3n del interior y el exterior del edificio, as\u00ed como la creaci\u00f3n de un espacio de exposiciones para el p\u00fablico<\/strong>. Como parte de la ampliaci\u00f3n, habr\u00e1 un pabell\u00f3n con \u00e1reas de trabajo que incorpora un comedor, vestuarios y oficinas. Adem\u00e1s se instalar\u00e1n las herramientas y el nuevo equipamiento, como mesadas m\u00e1s amplias y estanter\u00edas que ayuden a ordenar el espacio y faciliten las tareas.<\/p>\n\n\n\n<p>Al nuevo pabell\u00f3n tambi\u00e9n podr\u00e1 acceder el p\u00fablico en general. Tendr\u00e1 un \u00e1rea de archivo hist\u00f3rico para investigadores y un sal\u00f3n de usos m\u00faltiples para eventos, exposiciones y charlas. &nbsp;\u201cVamos a poner en valor el edificio del MOA y a mejorar el entorno de trabajo del equipo de artesanos y restauradores que con gran dedicaci\u00f3n y detalle recuperan las obras de arte desgastadas por el paso del tiempo, o que fueron vandalizadas\u201d, expres\u00f3&nbsp;<strong>Ignacio Baistrocchi<\/strong>, ministro de Espacio P\u00fablico e Higiene Urbana.<\/p>\n\n\n\n<p>Caracteres: 3034<\/p>\n<div class=\"pvc_clear\"><\/div><p id=\"pvc_stats_64705\" class=\"pvc_stats all  \" data-element-id=\"64705\" style=\"\"><i class=\"pvc-stats-icon small\" aria-hidden=\"true\"><svg aria-hidden=\"true\" focusable=\"false\" data-prefix=\"far\" data-icon=\"chart-bar\" role=\"img\" xmlns=\"http:\/\/www.w3.org\/2000\/svg\" viewBox=\"0 0 512 512\" class=\"svg-inline--fa fa-chart-bar fa-w-16 fa-2x\"><path fill=\"currentColor\" d=\"M396.8 352h22.4c6.4 0 12.8-6.4 12.8-12.8V108.8c0-6.4-6.4-12.8-12.8-12.8h-22.4c-6.4 0-12.8 6.4-12.8 12.8v230.4c0 6.4 6.4 12.8 12.8 12.8zm-192 0h22.4c6.4 0 12.8-6.4 12.8-12.8V140.8c0-6.4-6.4-12.8-12.8-12.8h-22.4c-6.4 0-12.8 6.4-12.8 12.8v198.4c0 6.4 6.4 12.8 12.8 12.8zm96 0h22.4c6.4 0 12.8-6.4 12.8-12.8V204.8c0-6.4-6.4-12.8-12.8-12.8h-22.4c-6.4 0-12.8 6.4-12.8 12.8v134.4c0 6.4 6.4 12.8 12.8 12.8zM496 400H48V80c0-8.84-7.16-16-16-16H16C7.16 64 0 71.16 0 80v336c0 17.67 14.33 32 32 32h464c8.84 0 16-7.16 16-16v-16c0-8.84-7.16-16-16-16zm-387.2-48h22.4c6.4 0 12.8-6.4 12.8-12.8v-70.4c0-6.4-6.4-12.8-12.8-12.8h-22.4c-6.4 0-12.8 6.4-12.8 12.8v70.4c0 6.4 6.4 12.8 12.8 12.8z\" class=\"\"><\/path><\/svg><\/i> <img loading=\"lazy\" decoding=\"async\" width=\"16\" height=\"16\" alt=\"Loading\" src=\"https:\/\/vocesdelacomuna15.com.ar\/wp-content\/plugins\/page-views-count\/ajax-loader-2x.gif\" border=0 \/><\/p><div class=\"pvc_clear\"><\/div>","protected":false},"excerpt":{"rendered":"<p>&#8220;Cada escultura y cada monumento es testimonio de nuestra identidad, de nuestra historia y de la enorme riqueza cultural que nos distingue&#8221;, dijo el Jefe de Gobierno, Jorge Macri. Fuente: Buenosaires.gob.ar Link a nota completa: https:\/\/buenosaires.gob.ar\/noticias\/la-ciudad-amplia-el-hospital-de-estatuas-y-obras-de-arte-que-sera-abierto-para-los-vecinos El&nbsp;MOA (Monumentos y Obras de Arte), tambi\u00e9n conocido como el&nbsp;\u201chospital de estatuas y obras de arte\u201d&nbsp;de la Ciudad, se [&hellip;]<\/p>\n<div class=\"pvc_clear\"><\/div>\n<p id=\"pvc_stats_64705\" class=\"pvc_stats all  \" data-element-id=\"64705\" style=\"\"><i class=\"pvc-stats-icon small\" aria-hidden=\"true\"><svg aria-hidden=\"true\" focusable=\"false\" data-prefix=\"far\" data-icon=\"chart-bar\" role=\"img\" xmlns=\"http:\/\/www.w3.org\/2000\/svg\" viewBox=\"0 0 512 512\" class=\"svg-inline--fa fa-chart-bar fa-w-16 fa-2x\"><path fill=\"currentColor\" d=\"M396.8 352h22.4c6.4 0 12.8-6.4 12.8-12.8V108.8c0-6.4-6.4-12.8-12.8-12.8h-22.4c-6.4 0-12.8 6.4-12.8 12.8v230.4c0 6.4 6.4 12.8 12.8 12.8zm-192 0h22.4c6.4 0 12.8-6.4 12.8-12.8V140.8c0-6.4-6.4-12.8-12.8-12.8h-22.4c-6.4 0-12.8 6.4-12.8 12.8v198.4c0 6.4 6.4 12.8 12.8 12.8zm96 0h22.4c6.4 0 12.8-6.4 12.8-12.8V204.8c0-6.4-6.4-12.8-12.8-12.8h-22.4c-6.4 0-12.8 6.4-12.8 12.8v134.4c0 6.4 6.4 12.8 12.8 12.8zM496 400H48V80c0-8.84-7.16-16-16-16H16C7.16 64 0 71.16 0 80v336c0 17.67 14.33 32 32 32h464c8.84 0 16-7.16 16-16v-16c0-8.84-7.16-16-16-16zm-387.2-48h22.4c6.4 0 12.8-6.4 12.8-12.8v-70.4c0-6.4-6.4-12.8-12.8-12.8h-22.4c-6.4 0-12.8 6.4-12.8 12.8v70.4c0 6.4 6.4 12.8 12.8 12.8z\" class=\"\"><\/path><\/svg><\/i> <img loading=\"lazy\" decoding=\"async\" width=\"16\" height=\"16\" alt=\"Loading\" src=\"https:\/\/vocesdelacomuna15.com.ar\/wp-content\/plugins\/page-views-count\/ajax-loader-2x.gif\" border=0 \/><\/p>\n<div class=\"pvc_clear\"><\/div>\n","protected":false},"author":2,"featured_media":64706,"comment_status":"open","ping_status":"open","sticky":false,"template":"","format":"standard","meta":{"_et_pb_use_builder":"off","_et_pb_old_content":"","_et_gb_content_width":"","footnotes":""},"categories":[26],"tags":[],"class_list":["post-64705","post","type-post","status-publish","format-standard","has-post-thumbnail","hentry","category-ciudad","et-has-post-format-content","et_post_format-et-post-format-standard"],"a3_pvc":{"activated":true,"total_views":76,"today_views":0},"yoast_head":"<!-- This site is optimized with the Yoast SEO plugin v27.4 - https:\/\/yoast.com\/product\/yoast-seo-wordpress\/ -->\n<title>La Ciudad ampl\u00eda el \u201chospital de estatuas y obras de arte\u201d que ser\u00e1 abierto para los vecinos - Voces de la Comuna 15<\/title>\n<meta name=\"description\" content=\"Voces de la Comuna 15\" \/>\n<meta name=\"robots\" content=\"index, follow, max-snippet:-1, max-image-preview:large, max-video-preview:-1\" \/>\n<link rel=\"canonical\" href=\"https:\/\/vocesdelacomuna15.com.ar\/press\/la-ciudad-amplia-el-hospital-de-estatuas-y-obras-de-arte-que-sera-abierto-para-los-vecinos\/\" \/>\n<meta property=\"og:locale\" content=\"es_ES\" \/>\n<meta property=\"og:type\" content=\"article\" \/>\n<meta property=\"og:title\" content=\"La Ciudad ampl\u00eda el \u201chospital de estatuas y obras de arte\u201d que ser\u00e1 abierto para los vecinos - Voces de la Comuna 15\" \/>\n<meta property=\"og:description\" content=\"Voces de la Comuna 15\" \/>\n<meta property=\"og:url\" content=\"https:\/\/vocesdelacomuna15.com.ar\/press\/la-ciudad-amplia-el-hospital-de-estatuas-y-obras-de-arte-que-sera-abierto-para-los-vecinos\/\" \/>\n<meta property=\"og:site_name\" content=\"Voces de la Comuna 15\" \/>\n<meta property=\"article:publisher\" content=\"https:\/\/www.facebook.com\/VocesComuna15\/\" \/>\n<meta property=\"article:published_time\" content=\"2025-01-27T23:45:15+00:00\" \/>\n<meta property=\"article:modified_time\" content=\"2025-01-27T23:45:18+00:00\" \/>\n<meta property=\"og:image\" content=\"https:\/\/vocesdelacomuna15.com.ar\/wp-content\/uploads\/2025\/01\/WhatsApp-Image-2025-01-27-at-14.32.44-scaled.jpeg\" \/>\n\t<meta property=\"og:image:width\" content=\"2560\" \/>\n\t<meta property=\"og:image:height\" content=\"1705\" \/>\n\t<meta property=\"og:image:type\" content=\"image\/jpeg\" \/>\n<meta name=\"author\" content=\"Federico Arguto\" \/>\n<meta name=\"twitter:card\" content=\"summary_large_image\" \/>\n<meta name=\"twitter:creator\" content=\"@vocescomuna15\" \/>\n<meta name=\"twitter:site\" content=\"@vocescomuna15\" \/>\n<meta name=\"twitter:label1\" content=\"Escrito por\" \/>\n\t<meta name=\"twitter:data1\" content=\"Federico Arguto\" \/>\n\t<meta name=\"twitter:label2\" content=\"Tiempo de lectura\" \/>\n\t<meta name=\"twitter:data2\" content=\"3 minutos\" \/>\n<script type=\"application\/ld+json\" class=\"yoast-schema-graph\">{\"@context\":\"https:\\\/\\\/schema.org\",\"@graph\":[{\"@type\":\"Article\",\"@id\":\"https:\\\/\\\/vocesdelacomuna15.com.ar\\\/press\\\/la-ciudad-amplia-el-hospital-de-estatuas-y-obras-de-arte-que-sera-abierto-para-los-vecinos\\\/#article\",\"isPartOf\":{\"@id\":\"https:\\\/\\\/vocesdelacomuna15.com.ar\\\/press\\\/la-ciudad-amplia-el-hospital-de-estatuas-y-obras-de-arte-que-sera-abierto-para-los-vecinos\\\/\"},\"author\":{\"name\":\"Federico Arguto\",\"@id\":\"https:\\\/\\\/vocesdelacomuna15.com.ar\\\/press\\\/#\\\/schema\\\/person\\\/4739e109db25d799cd3d139eeb509e43\"},\"headline\":\"La Ciudad ampl\u00eda el \u201chospital de estatuas y obras de arte\u201d que ser\u00e1 abierto para los vecinos\",\"datePublished\":\"2025-01-27T23:45:15+00:00\",\"dateModified\":\"2025-01-27T23:45:18+00:00\",\"mainEntityOfPage\":{\"@id\":\"https:\\\/\\\/vocesdelacomuna15.com.ar\\\/press\\\/la-ciudad-amplia-el-hospital-de-estatuas-y-obras-de-arte-que-sera-abierto-para-los-vecinos\\\/\"},\"wordCount\":607,\"commentCount\":0,\"publisher\":{\"@id\":\"https:\\\/\\\/vocesdelacomuna15.com.ar\\\/press\\\/#organization\"},\"image\":{\"@id\":\"https:\\\/\\\/vocesdelacomuna15.com.ar\\\/press\\\/la-ciudad-amplia-el-hospital-de-estatuas-y-obras-de-arte-que-sera-abierto-para-los-vecinos\\\/#primaryimage\"},\"thumbnailUrl\":\"https:\\\/\\\/vocesdelacomuna15.com.ar\\\/wp-content\\\/uploads\\\/2025\\\/01\\\/WhatsApp-Image-2025-01-27-at-14.32.44-scaled.jpeg\",\"articleSection\":[\"Ciudad\"],\"inLanguage\":\"es-AR\",\"potentialAction\":[{\"@type\":\"CommentAction\",\"name\":\"Comment\",\"target\":[\"https:\\\/\\\/vocesdelacomuna15.com.ar\\\/press\\\/la-ciudad-amplia-el-hospital-de-estatuas-y-obras-de-arte-que-sera-abierto-para-los-vecinos\\\/#respond\"]}]},{\"@type\":\"WebPage\",\"@id\":\"https:\\\/\\\/vocesdelacomuna15.com.ar\\\/press\\\/la-ciudad-amplia-el-hospital-de-estatuas-y-obras-de-arte-que-sera-abierto-para-los-vecinos\\\/\",\"url\":\"https:\\\/\\\/vocesdelacomuna15.com.ar\\\/press\\\/la-ciudad-amplia-el-hospital-de-estatuas-y-obras-de-arte-que-sera-abierto-para-los-vecinos\\\/\",\"name\":\"La Ciudad ampl\u00eda el \u201chospital de estatuas y obras de arte\u201d que ser\u00e1 abierto para los vecinos - Voces de la Comuna 15\",\"isPartOf\":{\"@id\":\"https:\\\/\\\/vocesdelacomuna15.com.ar\\\/press\\\/#website\"},\"primaryImageOfPage\":{\"@id\":\"https:\\\/\\\/vocesdelacomuna15.com.ar\\\/press\\\/la-ciudad-amplia-el-hospital-de-estatuas-y-obras-de-arte-que-sera-abierto-para-los-vecinos\\\/#primaryimage\"},\"image\":{\"@id\":\"https:\\\/\\\/vocesdelacomuna15.com.ar\\\/press\\\/la-ciudad-amplia-el-hospital-de-estatuas-y-obras-de-arte-que-sera-abierto-para-los-vecinos\\\/#primaryimage\"},\"thumbnailUrl\":\"https:\\\/\\\/vocesdelacomuna15.com.ar\\\/wp-content\\\/uploads\\\/2025\\\/01\\\/WhatsApp-Image-2025-01-27-at-14.32.44-scaled.jpeg\",\"datePublished\":\"2025-01-27T23:45:15+00:00\",\"dateModified\":\"2025-01-27T23:45:18+00:00\",\"description\":\"Voces de la Comuna 15\",\"breadcrumb\":{\"@id\":\"https:\\\/\\\/vocesdelacomuna15.com.ar\\\/press\\\/la-ciudad-amplia-el-hospital-de-estatuas-y-obras-de-arte-que-sera-abierto-para-los-vecinos\\\/#breadcrumb\"},\"inLanguage\":\"es-AR\",\"potentialAction\":[{\"@type\":\"ReadAction\",\"target\":[\"https:\\\/\\\/vocesdelacomuna15.com.ar\\\/press\\\/la-ciudad-amplia-el-hospital-de-estatuas-y-obras-de-arte-que-sera-abierto-para-los-vecinos\\\/\"]}]},{\"@type\":\"ImageObject\",\"inLanguage\":\"es-AR\",\"@id\":\"https:\\\/\\\/vocesdelacomuna15.com.ar\\\/press\\\/la-ciudad-amplia-el-hospital-de-estatuas-y-obras-de-arte-que-sera-abierto-para-los-vecinos\\\/#primaryimage\",\"url\":\"https:\\\/\\\/vocesdelacomuna15.com.ar\\\/wp-content\\\/uploads\\\/2025\\\/01\\\/WhatsApp-Image-2025-01-27-at-14.32.44-scaled.jpeg\",\"contentUrl\":\"https:\\\/\\\/vocesdelacomuna15.com.ar\\\/wp-content\\\/uploads\\\/2025\\\/01\\\/WhatsApp-Image-2025-01-27-at-14.32.44-scaled.jpeg\",\"width\":2560,\"height\":1705},{\"@type\":\"BreadcrumbList\",\"@id\":\"https:\\\/\\\/vocesdelacomuna15.com.ar\\\/press\\\/la-ciudad-amplia-el-hospital-de-estatuas-y-obras-de-arte-que-sera-abierto-para-los-vecinos\\\/#breadcrumb\",\"itemListElement\":[{\"@type\":\"ListItem\",\"position\":1,\"name\":\"Inicio\",\"item\":\"https:\\\/\\\/vocesdelacomuna15.com.ar\\\/press\\\/\"},{\"@type\":\"ListItem\",\"position\":2,\"name\":\"La Ciudad ampl\u00eda el \u201chospital de estatuas y obras de arte\u201d que ser\u00e1 abierto para los vecinos\"}]},{\"@type\":\"WebSite\",\"@id\":\"https:\\\/\\\/vocesdelacomuna15.com.ar\\\/press\\\/#website\",\"url\":\"https:\\\/\\\/vocesdelacomuna15.com.ar\\\/press\\\/\",\"name\":\"Voces de la Comuna 15\",\"description\":\"Sitio web de noticias\",\"publisher\":{\"@id\":\"https:\\\/\\\/vocesdelacomuna15.com.ar\\\/press\\\/#organization\"},\"potentialAction\":[{\"@type\":\"SearchAction\",\"target\":{\"@type\":\"EntryPoint\",\"urlTemplate\":\"https:\\\/\\\/vocesdelacomuna15.com.ar\\\/press\\\/?s={search_term_string}\"},\"query-input\":{\"@type\":\"PropertyValueSpecification\",\"valueRequired\":true,\"valueName\":\"search_term_string\"}}],\"inLanguage\":\"es-AR\"},{\"@type\":\"Organization\",\"@id\":\"https:\\\/\\\/vocesdelacomuna15.com.ar\\\/press\\\/#organization\",\"name\":\"Voces de la Comuna 15\",\"url\":\"https:\\\/\\\/vocesdelacomuna15.com.ar\\\/press\\\/\",\"logo\":{\"@type\":\"ImageObject\",\"inLanguage\":\"es-AR\",\"@id\":\"https:\\\/\\\/vocesdelacomuna15.com.ar\\\/press\\\/#\\\/schema\\\/logo\\\/image\\\/\",\"url\":\"https:\\\/\\\/vocesdelacomuna15.com.ar\\\/wp-content\\\/uploads\\\/2024\\\/12\\\/cropped-logo_voces.jpg\",\"contentUrl\":\"https:\\\/\\\/vocesdelacomuna15.com.ar\\\/wp-content\\\/uploads\\\/2024\\\/12\\\/cropped-logo_voces.jpg\",\"width\":512,\"height\":512,\"caption\":\"Voces de la Comuna 15\"},\"image\":{\"@id\":\"https:\\\/\\\/vocesdelacomuna15.com.ar\\\/press\\\/#\\\/schema\\\/logo\\\/image\\\/\"},\"sameAs\":[\"https:\\\/\\\/www.facebook.com\\\/VocesComuna15\\\/\",\"https:\\\/\\\/x.com\\\/vocescomuna15\"]},{\"@type\":\"Person\",\"@id\":\"https:\\\/\\\/vocesdelacomuna15.com.ar\\\/press\\\/#\\\/schema\\\/person\\\/4739e109db25d799cd3d139eeb509e43\",\"name\":\"Federico Arguto\",\"image\":{\"@type\":\"ImageObject\",\"inLanguage\":\"es-AR\",\"@id\":\"https:\\\/\\\/vocesdelacomuna15.com.ar\\\/wp-content\\\/litespeed\\\/avatar\\\/82faf979976f1bae889b8b71f8a0a7e5.jpg?ver=1776814847\",\"url\":\"https:\\\/\\\/vocesdelacomuna15.com.ar\\\/wp-content\\\/litespeed\\\/avatar\\\/82faf979976f1bae889b8b71f8a0a7e5.jpg?ver=1776814847\",\"contentUrl\":\"https:\\\/\\\/vocesdelacomuna15.com.ar\\\/wp-content\\\/litespeed\\\/avatar\\\/82faf979976f1bae889b8b71f8a0a7e5.jpg?ver=1776814847\",\"caption\":\"Federico Arguto\"},\"url\":\"https:\\\/\\\/vocesdelacomuna15.com.ar\\\/press\\\/author\\\/fede\\\/\"}]}<\/script>\n<!-- \/ Yoast SEO plugin. -->","yoast_head_json":{"title":"La Ciudad ampl\u00eda el \u201chospital de estatuas y obras de arte\u201d que ser\u00e1 abierto para los vecinos - Voces de la Comuna 15","description":"Voces de la Comuna 15","robots":{"index":"index","follow":"follow","max-snippet":"max-snippet:-1","max-image-preview":"max-image-preview:large","max-video-preview":"max-video-preview:-1"},"canonical":"https:\/\/vocesdelacomuna15.com.ar\/press\/la-ciudad-amplia-el-hospital-de-estatuas-y-obras-de-arte-que-sera-abierto-para-los-vecinos\/","og_locale":"es_ES","og_type":"article","og_title":"La Ciudad ampl\u00eda el \u201chospital de estatuas y obras de arte\u201d que ser\u00e1 abierto para los vecinos - Voces de la Comuna 15","og_description":"Voces de la Comuna 15","og_url":"https:\/\/vocesdelacomuna15.com.ar\/press\/la-ciudad-amplia-el-hospital-de-estatuas-y-obras-de-arte-que-sera-abierto-para-los-vecinos\/","og_site_name":"Voces de la Comuna 15","article_publisher":"https:\/\/www.facebook.com\/VocesComuna15\/","article_published_time":"2025-01-27T23:45:15+00:00","article_modified_time":"2025-01-27T23:45:18+00:00","og_image":[{"width":2560,"height":1705,"url":"https:\/\/vocesdelacomuna15.com.ar\/wp-content\/uploads\/2025\/01\/WhatsApp-Image-2025-01-27-at-14.32.44-scaled.jpeg","type":"image\/jpeg"}],"author":"Federico Arguto","twitter_card":"summary_large_image","twitter_creator":"@vocescomuna15","twitter_site":"@vocescomuna15","twitter_misc":{"Escrito por":"Federico Arguto","Tiempo de lectura":"3 minutos"},"schema":{"@context":"https:\/\/schema.org","@graph":[{"@type":"Article","@id":"https:\/\/vocesdelacomuna15.com.ar\/press\/la-ciudad-amplia-el-hospital-de-estatuas-y-obras-de-arte-que-sera-abierto-para-los-vecinos\/#article","isPartOf":{"@id":"https:\/\/vocesdelacomuna15.com.ar\/press\/la-ciudad-amplia-el-hospital-de-estatuas-y-obras-de-arte-que-sera-abierto-para-los-vecinos\/"},"author":{"name":"Federico Arguto","@id":"https:\/\/vocesdelacomuna15.com.ar\/press\/#\/schema\/person\/4739e109db25d799cd3d139eeb509e43"},"headline":"La Ciudad ampl\u00eda el \u201chospital de estatuas y obras de arte\u201d que ser\u00e1 abierto para los vecinos","datePublished":"2025-01-27T23:45:15+00:00","dateModified":"2025-01-27T23:45:18+00:00","mainEntityOfPage":{"@id":"https:\/\/vocesdelacomuna15.com.ar\/press\/la-ciudad-amplia-el-hospital-de-estatuas-y-obras-de-arte-que-sera-abierto-para-los-vecinos\/"},"wordCount":607,"commentCount":0,"publisher":{"@id":"https:\/\/vocesdelacomuna15.com.ar\/press\/#organization"},"image":{"@id":"https:\/\/vocesdelacomuna15.com.ar\/press\/la-ciudad-amplia-el-hospital-de-estatuas-y-obras-de-arte-que-sera-abierto-para-los-vecinos\/#primaryimage"},"thumbnailUrl":"https:\/\/vocesdelacomuna15.com.ar\/wp-content\/uploads\/2025\/01\/WhatsApp-Image-2025-01-27-at-14.32.44-scaled.jpeg","articleSection":["Ciudad"],"inLanguage":"es-AR","potentialAction":[{"@type":"CommentAction","name":"Comment","target":["https:\/\/vocesdelacomuna15.com.ar\/press\/la-ciudad-amplia-el-hospital-de-estatuas-y-obras-de-arte-que-sera-abierto-para-los-vecinos\/#respond"]}]},{"@type":"WebPage","@id":"https:\/\/vocesdelacomuna15.com.ar\/press\/la-ciudad-amplia-el-hospital-de-estatuas-y-obras-de-arte-que-sera-abierto-para-los-vecinos\/","url":"https:\/\/vocesdelacomuna15.com.ar\/press\/la-ciudad-amplia-el-hospital-de-estatuas-y-obras-de-arte-que-sera-abierto-para-los-vecinos\/","name":"La Ciudad ampl\u00eda el \u201chospital de estatuas y obras de arte\u201d que ser\u00e1 abierto para los vecinos - Voces de la Comuna 15","isPartOf":{"@id":"https:\/\/vocesdelacomuna15.com.ar\/press\/#website"},"primaryImageOfPage":{"@id":"https:\/\/vocesdelacomuna15.com.ar\/press\/la-ciudad-amplia-el-hospital-de-estatuas-y-obras-de-arte-que-sera-abierto-para-los-vecinos\/#primaryimage"},"image":{"@id":"https:\/\/vocesdelacomuna15.com.ar\/press\/la-ciudad-amplia-el-hospital-de-estatuas-y-obras-de-arte-que-sera-abierto-para-los-vecinos\/#primaryimage"},"thumbnailUrl":"https:\/\/vocesdelacomuna15.com.ar\/wp-content\/uploads\/2025\/01\/WhatsApp-Image-2025-01-27-at-14.32.44-scaled.jpeg","datePublished":"2025-01-27T23:45:15+00:00","dateModified":"2025-01-27T23:45:18+00:00","description":"Voces de la Comuna 15","breadcrumb":{"@id":"https:\/\/vocesdelacomuna15.com.ar\/press\/la-ciudad-amplia-el-hospital-de-estatuas-y-obras-de-arte-que-sera-abierto-para-los-vecinos\/#breadcrumb"},"inLanguage":"es-AR","potentialAction":[{"@type":"ReadAction","target":["https:\/\/vocesdelacomuna15.com.ar\/press\/la-ciudad-amplia-el-hospital-de-estatuas-y-obras-de-arte-que-sera-abierto-para-los-vecinos\/"]}]},{"@type":"ImageObject","inLanguage":"es-AR","@id":"https:\/\/vocesdelacomuna15.com.ar\/press\/la-ciudad-amplia-el-hospital-de-estatuas-y-obras-de-arte-que-sera-abierto-para-los-vecinos\/#primaryimage","url":"https:\/\/vocesdelacomuna15.com.ar\/wp-content\/uploads\/2025\/01\/WhatsApp-Image-2025-01-27-at-14.32.44-scaled.jpeg","contentUrl":"https:\/\/vocesdelacomuna15.com.ar\/wp-content\/uploads\/2025\/01\/WhatsApp-Image-2025-01-27-at-14.32.44-scaled.jpeg","width":2560,"height":1705},{"@type":"BreadcrumbList","@id":"https:\/\/vocesdelacomuna15.com.ar\/press\/la-ciudad-amplia-el-hospital-de-estatuas-y-obras-de-arte-que-sera-abierto-para-los-vecinos\/#breadcrumb","itemListElement":[{"@type":"ListItem","position":1,"name":"Inicio","item":"https:\/\/vocesdelacomuna15.com.ar\/press\/"},{"@type":"ListItem","position":2,"name":"La Ciudad ampl\u00eda el \u201chospital de estatuas y obras de arte\u201d que ser\u00e1 abierto para los vecinos"}]},{"@type":"WebSite","@id":"https:\/\/vocesdelacomuna15.com.ar\/press\/#website","url":"https:\/\/vocesdelacomuna15.com.ar\/press\/","name":"Voces de la Comuna 15","description":"Sitio web de noticias","publisher":{"@id":"https:\/\/vocesdelacomuna15.com.ar\/press\/#organization"},"potentialAction":[{"@type":"SearchAction","target":{"@type":"EntryPoint","urlTemplate":"https:\/\/vocesdelacomuna15.com.ar\/press\/?s={search_term_string}"},"query-input":{"@type":"PropertyValueSpecification","valueRequired":true,"valueName":"search_term_string"}}],"inLanguage":"es-AR"},{"@type":"Organization","@id":"https:\/\/vocesdelacomuna15.com.ar\/press\/#organization","name":"Voces de la Comuna 15","url":"https:\/\/vocesdelacomuna15.com.ar\/press\/","logo":{"@type":"ImageObject","inLanguage":"es-AR","@id":"https:\/\/vocesdelacomuna15.com.ar\/press\/#\/schema\/logo\/image\/","url":"https:\/\/vocesdelacomuna15.com.ar\/wp-content\/uploads\/2024\/12\/cropped-logo_voces.jpg","contentUrl":"https:\/\/vocesdelacomuna15.com.ar\/wp-content\/uploads\/2024\/12\/cropped-logo_voces.jpg","width":512,"height":512,"caption":"Voces de la Comuna 15"},"image":{"@id":"https:\/\/vocesdelacomuna15.com.ar\/press\/#\/schema\/logo\/image\/"},"sameAs":["https:\/\/www.facebook.com\/VocesComuna15\/","https:\/\/x.com\/vocescomuna15"]},{"@type":"Person","@id":"https:\/\/vocesdelacomuna15.com.ar\/press\/#\/schema\/person\/4739e109db25d799cd3d139eeb509e43","name":"Federico Arguto","image":{"@type":"ImageObject","inLanguage":"es-AR","@id":"https:\/\/vocesdelacomuna15.com.ar\/wp-content\/litespeed\/avatar\/82faf979976f1bae889b8b71f8a0a7e5.jpg?ver=1776814847","url":"https:\/\/vocesdelacomuna15.com.ar\/wp-content\/litespeed\/avatar\/82faf979976f1bae889b8b71f8a0a7e5.jpg?ver=1776814847","contentUrl":"https:\/\/vocesdelacomuna15.com.ar\/wp-content\/litespeed\/avatar\/82faf979976f1bae889b8b71f8a0a7e5.jpg?ver=1776814847","caption":"Federico Arguto"},"url":"https:\/\/vocesdelacomuna15.com.ar\/press\/author\/fede\/"}]}},"_links":{"self":[{"href":"https:\/\/vocesdelacomuna15.com.ar\/press\/wp-json\/wp\/v2\/posts\/64705","targetHints":{"allow":["GET"]}}],"collection":[{"href":"https:\/\/vocesdelacomuna15.com.ar\/press\/wp-json\/wp\/v2\/posts"}],"about":[{"href":"https:\/\/vocesdelacomuna15.com.ar\/press\/wp-json\/wp\/v2\/types\/post"}],"author":[{"embeddable":true,"href":"https:\/\/vocesdelacomuna15.com.ar\/press\/wp-json\/wp\/v2\/users\/2"}],"replies":[{"embeddable":true,"href":"https:\/\/vocesdelacomuna15.com.ar\/press\/wp-json\/wp\/v2\/comments?post=64705"}],"version-history":[{"count":1,"href":"https:\/\/vocesdelacomuna15.com.ar\/press\/wp-json\/wp\/v2\/posts\/64705\/revisions"}],"predecessor-version":[{"id":64707,"href":"https:\/\/vocesdelacomuna15.com.ar\/press\/wp-json\/wp\/v2\/posts\/64705\/revisions\/64707"}],"wp:featuredmedia":[{"embeddable":true,"href":"https:\/\/vocesdelacomuna15.com.ar\/press\/wp-json\/wp\/v2\/media\/64706"}],"wp:attachment":[{"href":"https:\/\/vocesdelacomuna15.com.ar\/press\/wp-json\/wp\/v2\/media?parent=64705"}],"wp:term":[{"taxonomy":"category","embeddable":true,"href":"https:\/\/vocesdelacomuna15.com.ar\/press\/wp-json\/wp\/v2\/categories?post=64705"},{"taxonomy":"post_tag","embeddable":true,"href":"https:\/\/vocesdelacomuna15.com.ar\/press\/wp-json\/wp\/v2\/tags?post=64705"}],"curies":[{"name":"wp","href":"https:\/\/api.w.org\/{rel}","templated":true}]}}