{"id":64699,"date":"2025-01-27T15:35:59","date_gmt":"2025-01-27T18:35:59","guid":{"rendered":"https:\/\/vocesdelacomuna15.com.ar\/press\/?p=64699"},"modified":"2025-01-27T15:36:02","modified_gmt":"2025-01-27T18:36:02","slug":"javier-milei-respondio-a-las-criticas-de-jorge-macri-y-dijo-que-hay-una-campana-de-difamacion-en-su-contra","status":"publish","type":"post","link":"https:\/\/vocesdelacomuna15.com.ar\/press\/javier-milei-respondio-a-las-criticas-de-jorge-macri-y-dijo-que-hay-una-campana-de-difamacion-en-su-contra\/","title":{"rendered":"Javier Milei respondi\u00f3 a las cr\u00edticas de Jorge Macri y dijo que hay una campa\u00f1a de difamaci\u00f3n en su contra"},"content":{"rendered":"\n<p>Tras declaraciones del presidente en el Foro de Davos<\/p>\n\n\n\n<p>El presidente escribi\u00f3 en su cuenta de X: \u201cNo se pongan en nuestro camino\u201d, despu\u00e9s de haber sido cuestionado por su discurso pol\u00e9mico en el Foro de Davos, donde se posicion\u00f3 en contra de las diversidades sexuales.<\/p>\n\n\n\n<p>Uno de los principales apuntados por Milei fue el Jefe de Gobierno de la Ciudad Aut\u00f3noma de Buenos Aires, Jorge Macri, que se mostr\u00f3 en la posici\u00f3n contraria. Recordemos que el Presidente relacion\u00f3 a la diversidad sexual con la pedofilia y diciendo que hay una campa\u00f1a en su contra se\u00f1al\u00f3: \u201cNo le funcion\u00f3 a Massa en la campa\u00f1a. No les va a funcionar a ustedes tampoco\u201d.<\/p>\n\n\n\n<p>\u201cDijimos que como no tienen argumentos para defender sus ideas utilizan la estigmatizaci\u00f3n, la categorizaci\u00f3n y las falacias para desprestigiar a quienes tienen el coraje de enfrentarlos\u201d, indic\u00f3 Milei a las cr\u00edticas por su postura contra la ideolog\u00eda woke. Y continu\u00f3:&nbsp;\u201cLa respuesta que tuvimos de las \u00e9lites globales y locales fue tildar a Elon Musk de nazi (falacia ad hominem) y acusarnos de decir cosas que no dijimos (falacia del hombre de las paja). Desde Tenembaum a Jorge Macri, pasando por el hijo del humorista Tato Bores, todos se montaron a una campa\u00f1a de indignaci\u00f3n frente a supuestas cosas que nunca dijimos, con el solo fin de hacer da\u00f1o y anotarse un poroto pol\u00edtico en la peque\u00f1a disputa electoral argentina\u201c.<\/p>\n\n\n\n<p>Por su parte, el jefe de Gobierno porte\u00f1o rechaz\u00f3 los dichos del Presidente, acus\u00e1ndolo de generar nuevas divisiones. \u201cQue hay que defender a los ni\u00f1os no tengo dudas, pero agarrar un caso y transformarlo es tremendamente injusto. Me gustar\u00eda ver un Presidente que abogue m\u00e1s la unidad de la Argentina que por seguir instalando nuevas divisiones\u201d, dijo Jorge Macri en Radio Mitre.&nbsp;<\/p>\n\n\n\n<p>Y Milei respondi\u00f3: \u201cSomos liberales. El respeto irrestricto al proyecto de vida del pr\u00f3jimo es parte de nuestro ADN. Lo que no vamos a tolerar nunca, y lo que la sociedad ya no tolera m\u00e1s, es pretender imponer desde el Estado un trato desigual frente a la ley, con el \u00fanico fin de obtener privilegios y seguir expandiendo el Estado del que los pol\u00edticos ladrones roban\u201d. Luego a\u00f1adi\u00f3: \u201cNo nos conmueven sus actos de falsa indignaci\u00f3n. No nos van a hacer sentir culpables de algo que no somos. No somos nosotros los que tienen que andar encubriendo actos de abuso. Ni tampoco nos van a torcer la mano con sus campa\u00f1as de difamaci\u00f3n. No le funcion\u00f3 a [Sergio] Massa en la campa\u00f1a, no les va a funcionar a ustedes tampoco. No importa que hayan tra\u00eddo al mismo estratega para ensuciarnos\u201d.<\/p>\n\n\n\n<p>Caracteres: 2.478<\/p>\n<div class=\"pvc_clear\"><\/div><p id=\"pvc_stats_64699\" class=\"pvc_stats all  \" data-element-id=\"64699\" style=\"\"><i class=\"pvc-stats-icon small\" aria-hidden=\"true\"><svg aria-hidden=\"true\" focusable=\"false\" data-prefix=\"far\" data-icon=\"chart-bar\" role=\"img\" xmlns=\"http:\/\/www.w3.org\/2000\/svg\" viewBox=\"0 0 512 512\" class=\"svg-inline--fa fa-chart-bar fa-w-16 fa-2x\"><path fill=\"currentColor\" d=\"M396.8 352h22.4c6.4 0 12.8-6.4 12.8-12.8V108.8c0-6.4-6.4-12.8-12.8-12.8h-22.4c-6.4 0-12.8 6.4-12.8 12.8v230.4c0 6.4 6.4 12.8 12.8 12.8zm-192 0h22.4c6.4 0 12.8-6.4 12.8-12.8V140.8c0-6.4-6.4-12.8-12.8-12.8h-22.4c-6.4 0-12.8 6.4-12.8 12.8v198.4c0 6.4 6.4 12.8 12.8 12.8zm96 0h22.4c6.4 0 12.8-6.4 12.8-12.8V204.8c0-6.4-6.4-12.8-12.8-12.8h-22.4c-6.4 0-12.8 6.4-12.8 12.8v134.4c0 6.4 6.4 12.8 12.8 12.8zM496 400H48V80c0-8.84-7.16-16-16-16H16C7.16 64 0 71.16 0 80v336c0 17.67 14.33 32 32 32h464c8.84 0 16-7.16 16-16v-16c0-8.84-7.16-16-16-16zm-387.2-48h22.4c6.4 0 12.8-6.4 12.8-12.8v-70.4c0-6.4-6.4-12.8-12.8-12.8h-22.4c-6.4 0-12.8 6.4-12.8 12.8v70.4c0 6.4 6.4 12.8 12.8 12.8z\" class=\"\"><\/path><\/svg><\/i> <img loading=\"lazy\" decoding=\"async\" width=\"16\" height=\"16\" alt=\"Loading\" src=\"https:\/\/vocesdelacomuna15.com.ar\/wp-content\/plugins\/page-views-count\/ajax-loader-2x.gif\" border=0 \/><\/p><div class=\"pvc_clear\"><\/div>","protected":false},"excerpt":{"rendered":"<p>Tras declaraciones del presidente en el Foro de Davos El presidente escribi\u00f3 en su cuenta de X: \u201cNo se pongan en nuestro camino\u201d, despu\u00e9s de haber sido cuestionado por su discurso pol\u00e9mico en el Foro de Davos, donde se posicion\u00f3 en contra de las diversidades sexuales. Uno de los principales apuntados por Milei fue el [&hellip;]<\/p>\n<div class=\"pvc_clear\"><\/div>\n<p id=\"pvc_stats_64699\" class=\"pvc_stats all  \" data-element-id=\"64699\" style=\"\"><i class=\"pvc-stats-icon small\" aria-hidden=\"true\"><svg aria-hidden=\"true\" focusable=\"false\" data-prefix=\"far\" data-icon=\"chart-bar\" role=\"img\" xmlns=\"http:\/\/www.w3.org\/2000\/svg\" viewBox=\"0 0 512 512\" class=\"svg-inline--fa fa-chart-bar fa-w-16 fa-2x\"><path fill=\"currentColor\" d=\"M396.8 352h22.4c6.4 0 12.8-6.4 12.8-12.8V108.8c0-6.4-6.4-12.8-12.8-12.8h-22.4c-6.4 0-12.8 6.4-12.8 12.8v230.4c0 6.4 6.4 12.8 12.8 12.8zm-192 0h22.4c6.4 0 12.8-6.4 12.8-12.8V140.8c0-6.4-6.4-12.8-12.8-12.8h-22.4c-6.4 0-12.8 6.4-12.8 12.8v198.4c0 6.4 6.4 12.8 12.8 12.8zm96 0h22.4c6.4 0 12.8-6.4 12.8-12.8V204.8c0-6.4-6.4-12.8-12.8-12.8h-22.4c-6.4 0-12.8 6.4-12.8 12.8v134.4c0 6.4 6.4 12.8 12.8 12.8zM496 400H48V80c0-8.84-7.16-16-16-16H16C7.16 64 0 71.16 0 80v336c0 17.67 14.33 32 32 32h464c8.84 0 16-7.16 16-16v-16c0-8.84-7.16-16-16-16zm-387.2-48h22.4c6.4 0 12.8-6.4 12.8-12.8v-70.4c0-6.4-6.4-12.8-12.8-12.8h-22.4c-6.4 0-12.8 6.4-12.8 12.8v70.4c0 6.4 6.4 12.8 12.8 12.8z\" class=\"\"><\/path><\/svg><\/i> <img loading=\"lazy\" decoding=\"async\" width=\"16\" height=\"16\" alt=\"Loading\" src=\"https:\/\/vocesdelacomuna15.com.ar\/wp-content\/plugins\/page-views-count\/ajax-loader-2x.gif\" border=0 \/><\/p>\n<div class=\"pvc_clear\"><\/div>\n","protected":false},"author":2,"featured_media":64700,"comment_status":"open","ping_status":"open","sticky":false,"template":"","format":"standard","meta":{"_et_pb_use_builder":"off","_et_pb_old_content":"","_et_gb_content_width":"","footnotes":""},"categories":[31],"tags":[],"class_list":["post-64699","post","type-post","status-publish","format-standard","has-post-thumbnail","hentry","category-politica","et-has-post-format-content","et_post_format-et-post-format-standard"],"a3_pvc":{"activated":true,"total_views":37,"today_views":0},"yoast_head":"<!-- This site is optimized with the Yoast SEO plugin v27.4 - https:\/\/yoast.com\/product\/yoast-seo-wordpress\/ -->\n<title>Javier Milei respondi\u00f3 a las cr\u00edticas de Jorge Macri y dijo que hay una campa\u00f1a de difamaci\u00f3n en su contra - Voces de la Comuna 15<\/title>\n<meta name=\"description\" content=\"Voces de la Comuna 15\" \/>\n<meta name=\"robots\" content=\"index, follow, max-snippet:-1, max-image-preview:large, max-video-preview:-1\" \/>\n<link rel=\"canonical\" href=\"https:\/\/vocesdelacomuna15.com.ar\/press\/javier-milei-respondio-a-las-criticas-de-jorge-macri-y-dijo-que-hay-una-campana-de-difamacion-en-su-contra\/\" \/>\n<meta property=\"og:locale\" content=\"es_ES\" \/>\n<meta property=\"og:type\" content=\"article\" \/>\n<meta property=\"og:title\" content=\"Javier Milei respondi\u00f3 a las cr\u00edticas de Jorge Macri y dijo que hay una campa\u00f1a de difamaci\u00f3n en su contra - Voces de la Comuna 15\" \/>\n<meta property=\"og:description\" content=\"Voces de la Comuna 15\" \/>\n<meta property=\"og:url\" content=\"https:\/\/vocesdelacomuna15.com.ar\/press\/javier-milei-respondio-a-las-criticas-de-jorge-macri-y-dijo-que-hay-una-campana-de-difamacion-en-su-contra\/\" \/>\n<meta property=\"og:site_name\" content=\"Voces de la Comuna 15\" \/>\n<meta property=\"article:publisher\" content=\"https:\/\/www.facebook.com\/VocesComuna15\/\" \/>\n<meta property=\"article:published_time\" content=\"2025-01-27T18:35:59+00:00\" \/>\n<meta property=\"article:modified_time\" content=\"2025-01-27T18:36:02+00:00\" \/>\n<meta property=\"og:image\" content=\"https:\/\/vocesdelacomuna15.com.ar\/wp-content\/uploads\/2025\/01\/macri-milei.jpg\" \/>\n\t<meta property=\"og:image:width\" content=\"800\" \/>\n\t<meta property=\"og:image:height\" content=\"595\" \/>\n\t<meta property=\"og:image:type\" content=\"image\/jpeg\" \/>\n<meta name=\"author\" content=\"Federico Arguto\" \/>\n<meta name=\"twitter:card\" content=\"summary_large_image\" \/>\n<meta name=\"twitter:creator\" content=\"@vocescomuna15\" \/>\n<meta name=\"twitter:site\" content=\"@vocescomuna15\" \/>\n<meta name=\"twitter:label1\" content=\"Escrito por\" \/>\n\t<meta name=\"twitter:data1\" content=\"Federico Arguto\" \/>\n\t<meta name=\"twitter:label2\" content=\"Tiempo de lectura\" \/>\n\t<meta name=\"twitter:data2\" content=\"2 minutos\" \/>\n<script type=\"application\/ld+json\" class=\"yoast-schema-graph\">{\"@context\":\"https:\\\/\\\/schema.org\",\"@graph\":[{\"@type\":\"Article\",\"@id\":\"https:\\\/\\\/vocesdelacomuna15.com.ar\\\/press\\\/javier-milei-respondio-a-las-criticas-de-jorge-macri-y-dijo-que-hay-una-campana-de-difamacion-en-su-contra\\\/#article\",\"isPartOf\":{\"@id\":\"https:\\\/\\\/vocesdelacomuna15.com.ar\\\/press\\\/javier-milei-respondio-a-las-criticas-de-jorge-macri-y-dijo-que-hay-una-campana-de-difamacion-en-su-contra\\\/\"},\"author\":{\"name\":\"Federico Arguto\",\"@id\":\"https:\\\/\\\/vocesdelacomuna15.com.ar\\\/press\\\/#\\\/schema\\\/person\\\/4739e109db25d799cd3d139eeb509e43\"},\"headline\":\"Javier Milei respondi\u00f3 a las cr\u00edticas de Jorge Macri y dijo que hay una campa\u00f1a de difamaci\u00f3n en su contra\",\"datePublished\":\"2025-01-27T18:35:59+00:00\",\"dateModified\":\"2025-01-27T18:36:02+00:00\",\"mainEntityOfPage\":{\"@id\":\"https:\\\/\\\/vocesdelacomuna15.com.ar\\\/press\\\/javier-milei-respondio-a-las-criticas-de-jorge-macri-y-dijo-que-hay-una-campana-de-difamacion-en-su-contra\\\/\"},\"wordCount\":491,\"commentCount\":0,\"publisher\":{\"@id\":\"https:\\\/\\\/vocesdelacomuna15.com.ar\\\/press\\\/#organization\"},\"image\":{\"@id\":\"https:\\\/\\\/vocesdelacomuna15.com.ar\\\/press\\\/javier-milei-respondio-a-las-criticas-de-jorge-macri-y-dijo-que-hay-una-campana-de-difamacion-en-su-contra\\\/#primaryimage\"},\"thumbnailUrl\":\"https:\\\/\\\/vocesdelacomuna15.com.ar\\\/wp-content\\\/uploads\\\/2025\\\/01\\\/macri-milei.jpg\",\"articleSection\":[\"Pol\u00edtica\"],\"inLanguage\":\"es-AR\",\"potentialAction\":[{\"@type\":\"CommentAction\",\"name\":\"Comment\",\"target\":[\"https:\\\/\\\/vocesdelacomuna15.com.ar\\\/press\\\/javier-milei-respondio-a-las-criticas-de-jorge-macri-y-dijo-que-hay-una-campana-de-difamacion-en-su-contra\\\/#respond\"]}]},{\"@type\":\"WebPage\",\"@id\":\"https:\\\/\\\/vocesdelacomuna15.com.ar\\\/press\\\/javier-milei-respondio-a-las-criticas-de-jorge-macri-y-dijo-que-hay-una-campana-de-difamacion-en-su-contra\\\/\",\"url\":\"https:\\\/\\\/vocesdelacomuna15.com.ar\\\/press\\\/javier-milei-respondio-a-las-criticas-de-jorge-macri-y-dijo-que-hay-una-campana-de-difamacion-en-su-contra\\\/\",\"name\":\"Javier Milei respondi\u00f3 a las cr\u00edticas de Jorge Macri y dijo que hay una campa\u00f1a de difamaci\u00f3n en su contra - Voces de la Comuna 15\",\"isPartOf\":{\"@id\":\"https:\\\/\\\/vocesdelacomuna15.com.ar\\\/press\\\/#website\"},\"primaryImageOfPage\":{\"@id\":\"https:\\\/\\\/vocesdelacomuna15.com.ar\\\/press\\\/javier-milei-respondio-a-las-criticas-de-jorge-macri-y-dijo-que-hay-una-campana-de-difamacion-en-su-contra\\\/#primaryimage\"},\"image\":{\"@id\":\"https:\\\/\\\/vocesdelacomuna15.com.ar\\\/press\\\/javier-milei-respondio-a-las-criticas-de-jorge-macri-y-dijo-que-hay-una-campana-de-difamacion-en-su-contra\\\/#primaryimage\"},\"thumbnailUrl\":\"https:\\\/\\\/vocesdelacomuna15.com.ar\\\/wp-content\\\/uploads\\\/2025\\\/01\\\/macri-milei.jpg\",\"datePublished\":\"2025-01-27T18:35:59+00:00\",\"dateModified\":\"2025-01-27T18:36:02+00:00\",\"description\":\"Voces de la Comuna 15\",\"breadcrumb\":{\"@id\":\"https:\\\/\\\/vocesdelacomuna15.com.ar\\\/press\\\/javier-milei-respondio-a-las-criticas-de-jorge-macri-y-dijo-que-hay-una-campana-de-difamacion-en-su-contra\\\/#breadcrumb\"},\"inLanguage\":\"es-AR\",\"potentialAction\":[{\"@type\":\"ReadAction\",\"target\":[\"https:\\\/\\\/vocesdelacomuna15.com.ar\\\/press\\\/javier-milei-respondio-a-las-criticas-de-jorge-macri-y-dijo-que-hay-una-campana-de-difamacion-en-su-contra\\\/\"]}]},{\"@type\":\"ImageObject\",\"inLanguage\":\"es-AR\",\"@id\":\"https:\\\/\\\/vocesdelacomuna15.com.ar\\\/press\\\/javier-milei-respondio-a-las-criticas-de-jorge-macri-y-dijo-que-hay-una-campana-de-difamacion-en-su-contra\\\/#primaryimage\",\"url\":\"https:\\\/\\\/vocesdelacomuna15.com.ar\\\/wp-content\\\/uploads\\\/2025\\\/01\\\/macri-milei.jpg\",\"contentUrl\":\"https:\\\/\\\/vocesdelacomuna15.com.ar\\\/wp-content\\\/uploads\\\/2025\\\/01\\\/macri-milei.jpg\",\"width\":800,\"height\":595},{\"@type\":\"BreadcrumbList\",\"@id\":\"https:\\\/\\\/vocesdelacomuna15.com.ar\\\/press\\\/javier-milei-respondio-a-las-criticas-de-jorge-macri-y-dijo-que-hay-una-campana-de-difamacion-en-su-contra\\\/#breadcrumb\",\"itemListElement\":[{\"@type\":\"ListItem\",\"position\":1,\"name\":\"Inicio\",\"item\":\"https:\\\/\\\/vocesdelacomuna15.com.ar\\\/press\\\/\"},{\"@type\":\"ListItem\",\"position\":2,\"name\":\"Javier Milei respondi\u00f3 a las cr\u00edticas de Jorge Macri y dijo que hay una campa\u00f1a de difamaci\u00f3n en su contra\"}]},{\"@type\":\"WebSite\",\"@id\":\"https:\\\/\\\/vocesdelacomuna15.com.ar\\\/press\\\/#website\",\"url\":\"https:\\\/\\\/vocesdelacomuna15.com.ar\\\/press\\\/\",\"name\":\"Voces de la Comuna 15\",\"description\":\"Sitio web de noticias\",\"publisher\":{\"@id\":\"https:\\\/\\\/vocesdelacomuna15.com.ar\\\/press\\\/#organization\"},\"potentialAction\":[{\"@type\":\"SearchAction\",\"target\":{\"@type\":\"EntryPoint\",\"urlTemplate\":\"https:\\\/\\\/vocesdelacomuna15.com.ar\\\/press\\\/?s={search_term_string}\"},\"query-input\":{\"@type\":\"PropertyValueSpecification\",\"valueRequired\":true,\"valueName\":\"search_term_string\"}}],\"inLanguage\":\"es-AR\"},{\"@type\":\"Organization\",\"@id\":\"https:\\\/\\\/vocesdelacomuna15.com.ar\\\/press\\\/#organization\",\"name\":\"Voces de la Comuna 15\",\"url\":\"https:\\\/\\\/vocesdelacomuna15.com.ar\\\/press\\\/\",\"logo\":{\"@type\":\"ImageObject\",\"inLanguage\":\"es-AR\",\"@id\":\"https:\\\/\\\/vocesdelacomuna15.com.ar\\\/press\\\/#\\\/schema\\\/logo\\\/image\\\/\",\"url\":\"https:\\\/\\\/vocesdelacomuna15.com.ar\\\/wp-content\\\/uploads\\\/2024\\\/12\\\/cropped-logo_voces.jpg\",\"contentUrl\":\"https:\\\/\\\/vocesdelacomuna15.com.ar\\\/wp-content\\\/uploads\\\/2024\\\/12\\\/cropped-logo_voces.jpg\",\"width\":512,\"height\":512,\"caption\":\"Voces de la Comuna 15\"},\"image\":{\"@id\":\"https:\\\/\\\/vocesdelacomuna15.com.ar\\\/press\\\/#\\\/schema\\\/logo\\\/image\\\/\"},\"sameAs\":[\"https:\\\/\\\/www.facebook.com\\\/VocesComuna15\\\/\",\"https:\\\/\\\/x.com\\\/vocescomuna15\"]},{\"@type\":\"Person\",\"@id\":\"https:\\\/\\\/vocesdelacomuna15.com.ar\\\/press\\\/#\\\/schema\\\/person\\\/4739e109db25d799cd3d139eeb509e43\",\"name\":\"Federico Arguto\",\"image\":{\"@type\":\"ImageObject\",\"inLanguage\":\"es-AR\",\"@id\":\"https:\\\/\\\/vocesdelacomuna15.com.ar\\\/wp-content\\\/litespeed\\\/avatar\\\/82faf979976f1bae889b8b71f8a0a7e5.jpg?ver=1776814847\",\"url\":\"https:\\\/\\\/vocesdelacomuna15.com.ar\\\/wp-content\\\/litespeed\\\/avatar\\\/82faf979976f1bae889b8b71f8a0a7e5.jpg?ver=1776814847\",\"contentUrl\":\"https:\\\/\\\/vocesdelacomuna15.com.ar\\\/wp-content\\\/litespeed\\\/avatar\\\/82faf979976f1bae889b8b71f8a0a7e5.jpg?ver=1776814847\",\"caption\":\"Federico Arguto\"},\"url\":\"https:\\\/\\\/vocesdelacomuna15.com.ar\\\/press\\\/author\\\/fede\\\/\"}]}<\/script>\n<!-- \/ Yoast SEO plugin. -->","yoast_head_json":{"title":"Javier Milei respondi\u00f3 a las cr\u00edticas de Jorge Macri y dijo que hay una campa\u00f1a de difamaci\u00f3n en su contra - Voces de la Comuna 15","description":"Voces de la Comuna 15","robots":{"index":"index","follow":"follow","max-snippet":"max-snippet:-1","max-image-preview":"max-image-preview:large","max-video-preview":"max-video-preview:-1"},"canonical":"https:\/\/vocesdelacomuna15.com.ar\/press\/javier-milei-respondio-a-las-criticas-de-jorge-macri-y-dijo-que-hay-una-campana-de-difamacion-en-su-contra\/","og_locale":"es_ES","og_type":"article","og_title":"Javier Milei respondi\u00f3 a las cr\u00edticas de Jorge Macri y dijo que hay una campa\u00f1a de difamaci\u00f3n en su contra - Voces de la Comuna 15","og_description":"Voces de la Comuna 15","og_url":"https:\/\/vocesdelacomuna15.com.ar\/press\/javier-milei-respondio-a-las-criticas-de-jorge-macri-y-dijo-que-hay-una-campana-de-difamacion-en-su-contra\/","og_site_name":"Voces de la Comuna 15","article_publisher":"https:\/\/www.facebook.com\/VocesComuna15\/","article_published_time":"2025-01-27T18:35:59+00:00","article_modified_time":"2025-01-27T18:36:02+00:00","og_image":[{"width":800,"height":595,"url":"https:\/\/vocesdelacomuna15.com.ar\/wp-content\/uploads\/2025\/01\/macri-milei.jpg","type":"image\/jpeg"}],"author":"Federico Arguto","twitter_card":"summary_large_image","twitter_creator":"@vocescomuna15","twitter_site":"@vocescomuna15","twitter_misc":{"Escrito por":"Federico Arguto","Tiempo de lectura":"2 minutos"},"schema":{"@context":"https:\/\/schema.org","@graph":[{"@type":"Article","@id":"https:\/\/vocesdelacomuna15.com.ar\/press\/javier-milei-respondio-a-las-criticas-de-jorge-macri-y-dijo-que-hay-una-campana-de-difamacion-en-su-contra\/#article","isPartOf":{"@id":"https:\/\/vocesdelacomuna15.com.ar\/press\/javier-milei-respondio-a-las-criticas-de-jorge-macri-y-dijo-que-hay-una-campana-de-difamacion-en-su-contra\/"},"author":{"name":"Federico Arguto","@id":"https:\/\/vocesdelacomuna15.com.ar\/press\/#\/schema\/person\/4739e109db25d799cd3d139eeb509e43"},"headline":"Javier Milei respondi\u00f3 a las cr\u00edticas de Jorge Macri y dijo que hay una campa\u00f1a de difamaci\u00f3n en su contra","datePublished":"2025-01-27T18:35:59+00:00","dateModified":"2025-01-27T18:36:02+00:00","mainEntityOfPage":{"@id":"https:\/\/vocesdelacomuna15.com.ar\/press\/javier-milei-respondio-a-las-criticas-de-jorge-macri-y-dijo-que-hay-una-campana-de-difamacion-en-su-contra\/"},"wordCount":491,"commentCount":0,"publisher":{"@id":"https:\/\/vocesdelacomuna15.com.ar\/press\/#organization"},"image":{"@id":"https:\/\/vocesdelacomuna15.com.ar\/press\/javier-milei-respondio-a-las-criticas-de-jorge-macri-y-dijo-que-hay-una-campana-de-difamacion-en-su-contra\/#primaryimage"},"thumbnailUrl":"https:\/\/vocesdelacomuna15.com.ar\/wp-content\/uploads\/2025\/01\/macri-milei.jpg","articleSection":["Pol\u00edtica"],"inLanguage":"es-AR","potentialAction":[{"@type":"CommentAction","name":"Comment","target":["https:\/\/vocesdelacomuna15.com.ar\/press\/javier-milei-respondio-a-las-criticas-de-jorge-macri-y-dijo-que-hay-una-campana-de-difamacion-en-su-contra\/#respond"]}]},{"@type":"WebPage","@id":"https:\/\/vocesdelacomuna15.com.ar\/press\/javier-milei-respondio-a-las-criticas-de-jorge-macri-y-dijo-que-hay-una-campana-de-difamacion-en-su-contra\/","url":"https:\/\/vocesdelacomuna15.com.ar\/press\/javier-milei-respondio-a-las-criticas-de-jorge-macri-y-dijo-que-hay-una-campana-de-difamacion-en-su-contra\/","name":"Javier Milei respondi\u00f3 a las cr\u00edticas de Jorge Macri y dijo que hay una campa\u00f1a de difamaci\u00f3n en su contra - Voces de la Comuna 15","isPartOf":{"@id":"https:\/\/vocesdelacomuna15.com.ar\/press\/#website"},"primaryImageOfPage":{"@id":"https:\/\/vocesdelacomuna15.com.ar\/press\/javier-milei-respondio-a-las-criticas-de-jorge-macri-y-dijo-que-hay-una-campana-de-difamacion-en-su-contra\/#primaryimage"},"image":{"@id":"https:\/\/vocesdelacomuna15.com.ar\/press\/javier-milei-respondio-a-las-criticas-de-jorge-macri-y-dijo-que-hay-una-campana-de-difamacion-en-su-contra\/#primaryimage"},"thumbnailUrl":"https:\/\/vocesdelacomuna15.com.ar\/wp-content\/uploads\/2025\/01\/macri-milei.jpg","datePublished":"2025-01-27T18:35:59+00:00","dateModified":"2025-01-27T18:36:02+00:00","description":"Voces de la Comuna 15","breadcrumb":{"@id":"https:\/\/vocesdelacomuna15.com.ar\/press\/javier-milei-respondio-a-las-criticas-de-jorge-macri-y-dijo-que-hay-una-campana-de-difamacion-en-su-contra\/#breadcrumb"},"inLanguage":"es-AR","potentialAction":[{"@type":"ReadAction","target":["https:\/\/vocesdelacomuna15.com.ar\/press\/javier-milei-respondio-a-las-criticas-de-jorge-macri-y-dijo-que-hay-una-campana-de-difamacion-en-su-contra\/"]}]},{"@type":"ImageObject","inLanguage":"es-AR","@id":"https:\/\/vocesdelacomuna15.com.ar\/press\/javier-milei-respondio-a-las-criticas-de-jorge-macri-y-dijo-que-hay-una-campana-de-difamacion-en-su-contra\/#primaryimage","url":"https:\/\/vocesdelacomuna15.com.ar\/wp-content\/uploads\/2025\/01\/macri-milei.jpg","contentUrl":"https:\/\/vocesdelacomuna15.com.ar\/wp-content\/uploads\/2025\/01\/macri-milei.jpg","width":800,"height":595},{"@type":"BreadcrumbList","@id":"https:\/\/vocesdelacomuna15.com.ar\/press\/javier-milei-respondio-a-las-criticas-de-jorge-macri-y-dijo-que-hay-una-campana-de-difamacion-en-su-contra\/#breadcrumb","itemListElement":[{"@type":"ListItem","position":1,"name":"Inicio","item":"https:\/\/vocesdelacomuna15.com.ar\/press\/"},{"@type":"ListItem","position":2,"name":"Javier Milei respondi\u00f3 a las cr\u00edticas de Jorge Macri y dijo que hay una campa\u00f1a de difamaci\u00f3n en su contra"}]},{"@type":"WebSite","@id":"https:\/\/vocesdelacomuna15.com.ar\/press\/#website","url":"https:\/\/vocesdelacomuna15.com.ar\/press\/","name":"Voces de la Comuna 15","description":"Sitio web de noticias","publisher":{"@id":"https:\/\/vocesdelacomuna15.com.ar\/press\/#organization"},"potentialAction":[{"@type":"SearchAction","target":{"@type":"EntryPoint","urlTemplate":"https:\/\/vocesdelacomuna15.com.ar\/press\/?s={search_term_string}"},"query-input":{"@type":"PropertyValueSpecification","valueRequired":true,"valueName":"search_term_string"}}],"inLanguage":"es-AR"},{"@type":"Organization","@id":"https:\/\/vocesdelacomuna15.com.ar\/press\/#organization","name":"Voces de la Comuna 15","url":"https:\/\/vocesdelacomuna15.com.ar\/press\/","logo":{"@type":"ImageObject","inLanguage":"es-AR","@id":"https:\/\/vocesdelacomuna15.com.ar\/press\/#\/schema\/logo\/image\/","url":"https:\/\/vocesdelacomuna15.com.ar\/wp-content\/uploads\/2024\/12\/cropped-logo_voces.jpg","contentUrl":"https:\/\/vocesdelacomuna15.com.ar\/wp-content\/uploads\/2024\/12\/cropped-logo_voces.jpg","width":512,"height":512,"caption":"Voces de la Comuna 15"},"image":{"@id":"https:\/\/vocesdelacomuna15.com.ar\/press\/#\/schema\/logo\/image\/"},"sameAs":["https:\/\/www.facebook.com\/VocesComuna15\/","https:\/\/x.com\/vocescomuna15"]},{"@type":"Person","@id":"https:\/\/vocesdelacomuna15.com.ar\/press\/#\/schema\/person\/4739e109db25d799cd3d139eeb509e43","name":"Federico Arguto","image":{"@type":"ImageObject","inLanguage":"es-AR","@id":"https:\/\/vocesdelacomuna15.com.ar\/wp-content\/litespeed\/avatar\/82faf979976f1bae889b8b71f8a0a7e5.jpg?ver=1776814847","url":"https:\/\/vocesdelacomuna15.com.ar\/wp-content\/litespeed\/avatar\/82faf979976f1bae889b8b71f8a0a7e5.jpg?ver=1776814847","contentUrl":"https:\/\/vocesdelacomuna15.com.ar\/wp-content\/litespeed\/avatar\/82faf979976f1bae889b8b71f8a0a7e5.jpg?ver=1776814847","caption":"Federico Arguto"},"url":"https:\/\/vocesdelacomuna15.com.ar\/press\/author\/fede\/"}]}},"_links":{"self":[{"href":"https:\/\/vocesdelacomuna15.com.ar\/press\/wp-json\/wp\/v2\/posts\/64699","targetHints":{"allow":["GET"]}}],"collection":[{"href":"https:\/\/vocesdelacomuna15.com.ar\/press\/wp-json\/wp\/v2\/posts"}],"about":[{"href":"https:\/\/vocesdelacomuna15.com.ar\/press\/wp-json\/wp\/v2\/types\/post"}],"author":[{"embeddable":true,"href":"https:\/\/vocesdelacomuna15.com.ar\/press\/wp-json\/wp\/v2\/users\/2"}],"replies":[{"embeddable":true,"href":"https:\/\/vocesdelacomuna15.com.ar\/press\/wp-json\/wp\/v2\/comments?post=64699"}],"version-history":[{"count":1,"href":"https:\/\/vocesdelacomuna15.com.ar\/press\/wp-json\/wp\/v2\/posts\/64699\/revisions"}],"predecessor-version":[{"id":64701,"href":"https:\/\/vocesdelacomuna15.com.ar\/press\/wp-json\/wp\/v2\/posts\/64699\/revisions\/64701"}],"wp:featuredmedia":[{"embeddable":true,"href":"https:\/\/vocesdelacomuna15.com.ar\/press\/wp-json\/wp\/v2\/media\/64700"}],"wp:attachment":[{"href":"https:\/\/vocesdelacomuna15.com.ar\/press\/wp-json\/wp\/v2\/media?parent=64699"}],"wp:term":[{"taxonomy":"category","embeddable":true,"href":"https:\/\/vocesdelacomuna15.com.ar\/press\/wp-json\/wp\/v2\/categories?post=64699"},{"taxonomy":"post_tag","embeddable":true,"href":"https:\/\/vocesdelacomuna15.com.ar\/press\/wp-json\/wp\/v2\/tags?post=64699"}],"curies":[{"name":"wp","href":"https:\/\/api.w.org\/{rel}","templated":true}]}}