{"id":64693,"date":"2025-01-27T11:43:32","date_gmt":"2025-01-27T14:43:32","guid":{"rendered":"https:\/\/vocesdelacomuna15.com.ar\/press\/?p=64693"},"modified":"2025-01-27T11:43:36","modified_gmt":"2025-01-27T14:43:36","slug":"conoce-los-parques-y-museos-de-la-ciudad-habilitados-para-casarse-en-verano","status":"publish","type":"post","link":"https:\/\/vocesdelacomuna15.com.ar\/press\/conoce-los-parques-y-museos-de-la-ciudad-habilitados-para-casarse-en-verano\/","title":{"rendered":"Conoc\u00e9 los parques y museos de la Ciudad habilitados para casarse en verano"},"content":{"rendered":"\n<p>La Secretar\u00eda de Gobierno y V\u00ednculo Ciudadano, a trav\u00e9s del Registro Civil de la Ciudad, ofrece una selecci\u00f3n de espacios para formalizar los matrimonios. Las uniones pueden concretarse en espacios como el Parque de la Ciudad, el Rosedal o el Museo Fern\u00e1ndez Blanco.<\/p>\n\n\n\n<p>Fuente: Buenosaires.gob.ar<\/p>\n\n\n\n<p>Link a nota completa: https:\/\/buenosaires.gob.ar\/noticias\/conoce-los-parques-y-museos-de-la-ciudad-habilitados-para-casarse-en-verano-0<\/p>\n\n\n\n<p>Para quienes sue\u00f1an con casarse en un entorno original, la Ciudad de Buenos Aires ofrece&nbsp;<strong>m\u00faltiples opciones para una ceremonia especial en una selecci\u00f3n de lugares emblem\u00e1ticos<\/strong>. Este verano, el programa sum\u00f3 al Parque de la Ciudad como nueva locaci\u00f3n, junto a cl\u00e1sicos como El Rosedal, la Glorieta de Belgrano y el Museo Fern\u00e1ndez Blanco, ampliando las opciones para quienes planean formalizar su uni\u00f3n en estos meses.<\/p>\n\n\n\n<p>\u201cEl ic\u00f3nico Parque de la Ciudad volvi\u00f3 a recibir casamientos despu\u00e9s de un evento inaugural con varias parejas de la Comuna 8 que pudieron celebrar su boda en este espacio hist\u00f3rico\u201d, destaca C\u00e9sar Torres, secretario de Gobierno y V\u00ednculo Ciudadano porte\u00f1o.<\/p>\n\n\n\n<blockquote class=\"wp-block-quote is-layout-flow wp-block-quote-is-layout-flow\">\n<p>\u201c<em>El ic\u00f3nico Parque de la Ciudad volvi\u00f3 a recibir casamientos despu\u00e9s de un evento inaugural con varias parejas de la Comuna 8 que pudieron celebrar su boda en este espacio hist\u00f3rico\u201d (C\u00e9sar Torres).<\/em><\/p>\n<\/blockquote>\n\n\n\n<p>Cada uno de estos escenarios ofrece un marco \u00fanico ideal para ceremonias \u00edntimas y rodeadas de belleza arquitect\u00f3nica, hist\u00f3rica o natural. La planificaci\u00f3n anticipada es esencial, ya que la turnera habilita las reservas con un margen de 30 a 45 d\u00edas de antelaci\u00f3n.&nbsp;<\/p>\n\n\n\n<p>Las ceremonias tienen horarios espec\u00edficos seg\u00fan la locaci\u00f3n elegida. Si se opta por el Rosedal de Palermo, los casamientos se realizan entre las 9 y las 13 horas. En tanto, otras locaciones destacadas, como el Parque de la Ciudad y el Museo Fern\u00e1ndez Blanco, ofrecen horarios de 10 a 14 horas.<\/p>\n\n\n\n<p>Las bodas en estos lugares cuentan con una capacidad m\u00e1xima de 40 personas, incluyendo a los novios y los testigos. El costo del tr\u00e1mite es de $302.090, y si se opta por sumar testigos adicionales, cada uno presenta un costo extra de $13.170.<\/p>\n\n\n\n<p>Casarse en uno de estos lugares requiere del cumplimiento de ciertos requisitos. Para realizar la reserva, las parejas deben solicitar un turno a trav\u00e9s de la&nbsp;<a href=\"https:\/\/buenosaires.gob.ar\/tramites\/solicitud-de-reserva-de-turno-para-matrimonios-en-lugares-emblematicos\"><u>web del Gobierno de la Ciudad<\/u><\/a>. La reserva de fecha para esta modalidad est\u00e1 sujeta a disponibilidad y cupo.&nbsp;<\/p>\n\n\n\n<p>La documentaci\u00f3n a presentar para realizar el tr\u00e1mite incluye el DNI vigente de ambos contrayentes (al menos uno de ellos debe tener domicilio en la Ciudad Aut\u00f3noma de Buenos Aires), la consignaci\u00f3n de cuatro testigos mayores de edad, con DNI vigente y domicilio en Argentina, el pago de aranceles y que se carguen en la web los datos de los contrayentes, testigos, y el lugar, d\u00eda y hora de la celebraci\u00f3n. En caso de que alguno de los contrayentes sea viudo o divorciado, se deben presentar las partidas correspondientes, debidamente legalizadas si es necesario.<\/p>\n\n\n\n<p><strong>Locaciones destacadas para el verano<\/strong><\/p>\n\n\n\n<p>Entre los lugares habilitados para formalizar matrimonios este verano (las locaciones habilitadas var\u00edan seg\u00fan el mes y pueden sumarse nuevas) se encuentran:<\/p>\n\n\n\n<ul class=\"wp-block-list\">\n<li>Parque de la Ciudad: Ubicado en Villa Lugano, este espacio hist\u00f3rico brinda una combinaci\u00f3n de naturaleza y arquitectura ideal para bodas al aire libre. Las recientes ceremonias all\u00ed no solo celebraron el amor, sino tambi\u00e9n la reapertura de este ic\u00f3nico lugar.<\/li>\n\n\n\n<li>Rosedal de Palermo: Un cl\u00e1sico porte\u00f1o para bodas rom\u00e1nticas. Sus jardines llenos de rosas y el ic\u00f3nico puente blanco ofrecen un escenario perfecto para las fotos y la ceremonia.<\/li>\n\n\n\n<li>Jard\u00edn Japon\u00e9s: Este espacio, con su dise\u00f1o paisaj\u00edstico tradicional japon\u00e9s, ofrece un ambiente de paz y serenidad. Los puentes de madera, su arquitectura y los cerezos en flor crean un entorno m\u00e1gico para una boda \u00edntima.<\/li>\n\n\n\n<li>Glorieta Barrancas de Belgrano: Con su estructura abierta y sus vistas panor\u00e1micas, este espacio situado en el coraz\u00f3n de Belgrano ofrece una opci\u00f3n ideal para una boda a cielo abierto.<\/li>\n\n\n\n<li>Chacra de los Remedios: Se ubica dentro de uno de los principales espacios verdes de la Ciudad, el Parque Avellaneda, que destaca por su amplia extensi\u00f3n verde, su diversidad de \u00e1rboles y su valioso patrimonio sociocultural.<\/li>\n<\/ul>\n\n\n\n<p>Caracteres: 3581<\/p>\n<div class=\"pvc_clear\"><\/div><p id=\"pvc_stats_64693\" class=\"pvc_stats all  \" data-element-id=\"64693\" style=\"\"><i class=\"pvc-stats-icon small\" aria-hidden=\"true\"><svg aria-hidden=\"true\" focusable=\"false\" data-prefix=\"far\" data-icon=\"chart-bar\" role=\"img\" xmlns=\"http:\/\/www.w3.org\/2000\/svg\" viewBox=\"0 0 512 512\" class=\"svg-inline--fa fa-chart-bar fa-w-16 fa-2x\"><path fill=\"currentColor\" d=\"M396.8 352h22.4c6.4 0 12.8-6.4 12.8-12.8V108.8c0-6.4-6.4-12.8-12.8-12.8h-22.4c-6.4 0-12.8 6.4-12.8 12.8v230.4c0 6.4 6.4 12.8 12.8 12.8zm-192 0h22.4c6.4 0 12.8-6.4 12.8-12.8V140.8c0-6.4-6.4-12.8-12.8-12.8h-22.4c-6.4 0-12.8 6.4-12.8 12.8v198.4c0 6.4 6.4 12.8 12.8 12.8zm96 0h22.4c6.4 0 12.8-6.4 12.8-12.8V204.8c0-6.4-6.4-12.8-12.8-12.8h-22.4c-6.4 0-12.8 6.4-12.8 12.8v134.4c0 6.4 6.4 12.8 12.8 12.8zM496 400H48V80c0-8.84-7.16-16-16-16H16C7.16 64 0 71.16 0 80v336c0 17.67 14.33 32 32 32h464c8.84 0 16-7.16 16-16v-16c0-8.84-7.16-16-16-16zm-387.2-48h22.4c6.4 0 12.8-6.4 12.8-12.8v-70.4c0-6.4-6.4-12.8-12.8-12.8h-22.4c-6.4 0-12.8 6.4-12.8 12.8v70.4c0 6.4 6.4 12.8 12.8 12.8z\" class=\"\"><\/path><\/svg><\/i> <img loading=\"lazy\" decoding=\"async\" width=\"16\" height=\"16\" alt=\"Loading\" src=\"https:\/\/vocesdelacomuna15.com.ar\/wp-content\/plugins\/page-views-count\/ajax-loader-2x.gif\" border=0 \/><\/p><div class=\"pvc_clear\"><\/div>","protected":false},"excerpt":{"rendered":"<p>La Secretar\u00eda de Gobierno y V\u00ednculo Ciudadano, a trav\u00e9s del Registro Civil de la Ciudad, ofrece una selecci\u00f3n de espacios para formalizar los matrimonios. Las uniones pueden concretarse en espacios como el Parque de la Ciudad, el Rosedal o el Museo Fern\u00e1ndez Blanco. Fuente: Buenosaires.gob.ar Link a nota completa: https:\/\/buenosaires.gob.ar\/noticias\/conoce-los-parques-y-museos-de-la-ciudad-habilitados-para-casarse-en-verano-0 Para quienes sue\u00f1an con casarse [&hellip;]<\/p>\n<div class=\"pvc_clear\"><\/div>\n<p id=\"pvc_stats_64693\" class=\"pvc_stats all  \" data-element-id=\"64693\" style=\"\"><i class=\"pvc-stats-icon small\" aria-hidden=\"true\"><svg aria-hidden=\"true\" focusable=\"false\" data-prefix=\"far\" data-icon=\"chart-bar\" role=\"img\" xmlns=\"http:\/\/www.w3.org\/2000\/svg\" viewBox=\"0 0 512 512\" class=\"svg-inline--fa fa-chart-bar fa-w-16 fa-2x\"><path fill=\"currentColor\" d=\"M396.8 352h22.4c6.4 0 12.8-6.4 12.8-12.8V108.8c0-6.4-6.4-12.8-12.8-12.8h-22.4c-6.4 0-12.8 6.4-12.8 12.8v230.4c0 6.4 6.4 12.8 12.8 12.8zm-192 0h22.4c6.4 0 12.8-6.4 12.8-12.8V140.8c0-6.4-6.4-12.8-12.8-12.8h-22.4c-6.4 0-12.8 6.4-12.8 12.8v198.4c0 6.4 6.4 12.8 12.8 12.8zm96 0h22.4c6.4 0 12.8-6.4 12.8-12.8V204.8c0-6.4-6.4-12.8-12.8-12.8h-22.4c-6.4 0-12.8 6.4-12.8 12.8v134.4c0 6.4 6.4 12.8 12.8 12.8zM496 400H48V80c0-8.84-7.16-16-16-16H16C7.16 64 0 71.16 0 80v336c0 17.67 14.33 32 32 32h464c8.84 0 16-7.16 16-16v-16c0-8.84-7.16-16-16-16zm-387.2-48h22.4c6.4 0 12.8-6.4 12.8-12.8v-70.4c0-6.4-6.4-12.8-12.8-12.8h-22.4c-6.4 0-12.8 6.4-12.8 12.8v70.4c0 6.4 6.4 12.8 12.8 12.8z\" class=\"\"><\/path><\/svg><\/i> <img loading=\"lazy\" decoding=\"async\" width=\"16\" height=\"16\" alt=\"Loading\" src=\"https:\/\/vocesdelacomuna15.com.ar\/wp-content\/plugins\/page-views-count\/ajax-loader-2x.gif\" border=0 \/><\/p>\n<div class=\"pvc_clear\"><\/div>\n","protected":false},"author":2,"featured_media":64694,"comment_status":"open","ping_status":"open","sticky":false,"template":"","format":"standard","meta":{"_et_pb_use_builder":"off","_et_pb_old_content":"","_et_gb_content_width":"","footnotes":""},"categories":[8],"tags":[],"class_list":["post-64693","post","type-post","status-publish","format-standard","has-post-thumbnail","hentry","category-sociedad","et-has-post-format-content","et_post_format-et-post-format-standard"],"a3_pvc":{"activated":true,"total_views":44,"today_views":0},"yoast_head":"<!-- This site is optimized with the Yoast SEO plugin v27.4 - https:\/\/yoast.com\/product\/yoast-seo-wordpress\/ -->\n<title>Conoc\u00e9 los parques y museos de la Ciudad habilitados para casarse en verano - Voces de la Comuna 15<\/title>\n<meta name=\"description\" content=\"Voces de la Comuna 15\" \/>\n<meta name=\"robots\" content=\"index, follow, max-snippet:-1, max-image-preview:large, max-video-preview:-1\" \/>\n<link rel=\"canonical\" href=\"https:\/\/vocesdelacomuna15.com.ar\/press\/conoce-los-parques-y-museos-de-la-ciudad-habilitados-para-casarse-en-verano\/\" \/>\n<meta property=\"og:locale\" content=\"es_ES\" \/>\n<meta property=\"og:type\" content=\"article\" \/>\n<meta property=\"og:title\" content=\"Conoc\u00e9 los parques y museos de la Ciudad habilitados para casarse en verano - Voces de la Comuna 15\" \/>\n<meta property=\"og:description\" content=\"Voces de la Comuna 15\" \/>\n<meta property=\"og:url\" content=\"https:\/\/vocesdelacomuna15.com.ar\/press\/conoce-los-parques-y-museos-de-la-ciudad-habilitados-para-casarse-en-verano\/\" \/>\n<meta property=\"og:site_name\" content=\"Voces de la Comuna 15\" \/>\n<meta property=\"article:publisher\" content=\"https:\/\/www.facebook.com\/VocesComuna15\/\" \/>\n<meta property=\"article:published_time\" content=\"2025-01-27T14:43:32+00:00\" \/>\n<meta property=\"article:modified_time\" content=\"2025-01-27T14:43:36+00:00\" \/>\n<meta property=\"og:image\" content=\"https:\/\/vocesdelacomuna15.com.ar\/wp-content\/uploads\/2025\/01\/Casamientos-copia-1024x630.png\" \/>\n\t<meta property=\"og:image:width\" content=\"1024\" \/>\n\t<meta property=\"og:image:height\" content=\"630\" \/>\n\t<meta property=\"og:image:type\" content=\"image\/png\" \/>\n<meta name=\"author\" content=\"Federico Arguto\" \/>\n<meta name=\"twitter:card\" content=\"summary_large_image\" \/>\n<meta name=\"twitter:creator\" content=\"@vocescomuna15\" \/>\n<meta name=\"twitter:site\" content=\"@vocescomuna15\" \/>\n<meta name=\"twitter:label1\" content=\"Escrito por\" \/>\n\t<meta name=\"twitter:data1\" content=\"Federico Arguto\" \/>\n\t<meta name=\"twitter:label2\" content=\"Tiempo de lectura\" \/>\n\t<meta name=\"twitter:data2\" content=\"4 minutos\" \/>\n<script type=\"application\/ld+json\" class=\"yoast-schema-graph\">{\"@context\":\"https:\\\/\\\/schema.org\",\"@graph\":[{\"@type\":\"Article\",\"@id\":\"https:\\\/\\\/vocesdelacomuna15.com.ar\\\/press\\\/conoce-los-parques-y-museos-de-la-ciudad-habilitados-para-casarse-en-verano\\\/#article\",\"isPartOf\":{\"@id\":\"https:\\\/\\\/vocesdelacomuna15.com.ar\\\/press\\\/conoce-los-parques-y-museos-de-la-ciudad-habilitados-para-casarse-en-verano\\\/\"},\"author\":{\"name\":\"Federico Arguto\",\"@id\":\"https:\\\/\\\/vocesdelacomuna15.com.ar\\\/press\\\/#\\\/schema\\\/person\\\/4739e109db25d799cd3d139eeb509e43\"},\"headline\":\"Conoc\u00e9 los parques y museos de la Ciudad habilitados para casarse en verano\",\"datePublished\":\"2025-01-27T14:43:32+00:00\",\"dateModified\":\"2025-01-27T14:43:36+00:00\",\"mainEntityOfPage\":{\"@id\":\"https:\\\/\\\/vocesdelacomuna15.com.ar\\\/press\\\/conoce-los-parques-y-museos-de-la-ciudad-habilitados-para-casarse-en-verano\\\/\"},\"wordCount\":741,\"commentCount\":0,\"publisher\":{\"@id\":\"https:\\\/\\\/vocesdelacomuna15.com.ar\\\/press\\\/#organization\"},\"image\":{\"@id\":\"https:\\\/\\\/vocesdelacomuna15.com.ar\\\/press\\\/conoce-los-parques-y-museos-de-la-ciudad-habilitados-para-casarse-en-verano\\\/#primaryimage\"},\"thumbnailUrl\":\"https:\\\/\\\/vocesdelacomuna15.com.ar\\\/wp-content\\\/uploads\\\/2025\\\/01\\\/Casamientos-copia.png\",\"articleSection\":[\"Sociedad\"],\"inLanguage\":\"es-AR\",\"potentialAction\":[{\"@type\":\"CommentAction\",\"name\":\"Comment\",\"target\":[\"https:\\\/\\\/vocesdelacomuna15.com.ar\\\/press\\\/conoce-los-parques-y-museos-de-la-ciudad-habilitados-para-casarse-en-verano\\\/#respond\"]}]},{\"@type\":\"WebPage\",\"@id\":\"https:\\\/\\\/vocesdelacomuna15.com.ar\\\/press\\\/conoce-los-parques-y-museos-de-la-ciudad-habilitados-para-casarse-en-verano\\\/\",\"url\":\"https:\\\/\\\/vocesdelacomuna15.com.ar\\\/press\\\/conoce-los-parques-y-museos-de-la-ciudad-habilitados-para-casarse-en-verano\\\/\",\"name\":\"Conoc\u00e9 los parques y museos de la Ciudad habilitados para casarse en verano - Voces de la Comuna 15\",\"isPartOf\":{\"@id\":\"https:\\\/\\\/vocesdelacomuna15.com.ar\\\/press\\\/#website\"},\"primaryImageOfPage\":{\"@id\":\"https:\\\/\\\/vocesdelacomuna15.com.ar\\\/press\\\/conoce-los-parques-y-museos-de-la-ciudad-habilitados-para-casarse-en-verano\\\/#primaryimage\"},\"image\":{\"@id\":\"https:\\\/\\\/vocesdelacomuna15.com.ar\\\/press\\\/conoce-los-parques-y-museos-de-la-ciudad-habilitados-para-casarse-en-verano\\\/#primaryimage\"},\"thumbnailUrl\":\"https:\\\/\\\/vocesdelacomuna15.com.ar\\\/wp-content\\\/uploads\\\/2025\\\/01\\\/Casamientos-copia.png\",\"datePublished\":\"2025-01-27T14:43:32+00:00\",\"dateModified\":\"2025-01-27T14:43:36+00:00\",\"description\":\"Voces de la Comuna 15\",\"breadcrumb\":{\"@id\":\"https:\\\/\\\/vocesdelacomuna15.com.ar\\\/press\\\/conoce-los-parques-y-museos-de-la-ciudad-habilitados-para-casarse-en-verano\\\/#breadcrumb\"},\"inLanguage\":\"es-AR\",\"potentialAction\":[{\"@type\":\"ReadAction\",\"target\":[\"https:\\\/\\\/vocesdelacomuna15.com.ar\\\/press\\\/conoce-los-parques-y-museos-de-la-ciudad-habilitados-para-casarse-en-verano\\\/\"]}]},{\"@type\":\"ImageObject\",\"inLanguage\":\"es-AR\",\"@id\":\"https:\\\/\\\/vocesdelacomuna15.com.ar\\\/press\\\/conoce-los-parques-y-museos-de-la-ciudad-habilitados-para-casarse-en-verano\\\/#primaryimage\",\"url\":\"https:\\\/\\\/vocesdelacomuna15.com.ar\\\/wp-content\\\/uploads\\\/2025\\\/01\\\/Casamientos-copia.png\",\"contentUrl\":\"https:\\\/\\\/vocesdelacomuna15.com.ar\\\/wp-content\\\/uploads\\\/2025\\\/01\\\/Casamientos-copia.png\",\"width\":1924,\"height\":1184},{\"@type\":\"BreadcrumbList\",\"@id\":\"https:\\\/\\\/vocesdelacomuna15.com.ar\\\/press\\\/conoce-los-parques-y-museos-de-la-ciudad-habilitados-para-casarse-en-verano\\\/#breadcrumb\",\"itemListElement\":[{\"@type\":\"ListItem\",\"position\":1,\"name\":\"Inicio\",\"item\":\"https:\\\/\\\/vocesdelacomuna15.com.ar\\\/press\\\/\"},{\"@type\":\"ListItem\",\"position\":2,\"name\":\"Conoc\u00e9 los parques y museos de la Ciudad habilitados para casarse en verano\"}]},{\"@type\":\"WebSite\",\"@id\":\"https:\\\/\\\/vocesdelacomuna15.com.ar\\\/press\\\/#website\",\"url\":\"https:\\\/\\\/vocesdelacomuna15.com.ar\\\/press\\\/\",\"name\":\"Voces de la Comuna 15\",\"description\":\"Sitio web de noticias\",\"publisher\":{\"@id\":\"https:\\\/\\\/vocesdelacomuna15.com.ar\\\/press\\\/#organization\"},\"potentialAction\":[{\"@type\":\"SearchAction\",\"target\":{\"@type\":\"EntryPoint\",\"urlTemplate\":\"https:\\\/\\\/vocesdelacomuna15.com.ar\\\/press\\\/?s={search_term_string}\"},\"query-input\":{\"@type\":\"PropertyValueSpecification\",\"valueRequired\":true,\"valueName\":\"search_term_string\"}}],\"inLanguage\":\"es-AR\"},{\"@type\":\"Organization\",\"@id\":\"https:\\\/\\\/vocesdelacomuna15.com.ar\\\/press\\\/#organization\",\"name\":\"Voces de la Comuna 15\",\"url\":\"https:\\\/\\\/vocesdelacomuna15.com.ar\\\/press\\\/\",\"logo\":{\"@type\":\"ImageObject\",\"inLanguage\":\"es-AR\",\"@id\":\"https:\\\/\\\/vocesdelacomuna15.com.ar\\\/press\\\/#\\\/schema\\\/logo\\\/image\\\/\",\"url\":\"https:\\\/\\\/vocesdelacomuna15.com.ar\\\/wp-content\\\/uploads\\\/2024\\\/12\\\/cropped-logo_voces.jpg\",\"contentUrl\":\"https:\\\/\\\/vocesdelacomuna15.com.ar\\\/wp-content\\\/uploads\\\/2024\\\/12\\\/cropped-logo_voces.jpg\",\"width\":512,\"height\":512,\"caption\":\"Voces de la Comuna 15\"},\"image\":{\"@id\":\"https:\\\/\\\/vocesdelacomuna15.com.ar\\\/press\\\/#\\\/schema\\\/logo\\\/image\\\/\"},\"sameAs\":[\"https:\\\/\\\/www.facebook.com\\\/VocesComuna15\\\/\",\"https:\\\/\\\/x.com\\\/vocescomuna15\"]},{\"@type\":\"Person\",\"@id\":\"https:\\\/\\\/vocesdelacomuna15.com.ar\\\/press\\\/#\\\/schema\\\/person\\\/4739e109db25d799cd3d139eeb509e43\",\"name\":\"Federico Arguto\",\"image\":{\"@type\":\"ImageObject\",\"inLanguage\":\"es-AR\",\"@id\":\"https:\\\/\\\/vocesdelacomuna15.com.ar\\\/wp-content\\\/litespeed\\\/avatar\\\/82faf979976f1bae889b8b71f8a0a7e5.jpg?ver=1776814847\",\"url\":\"https:\\\/\\\/vocesdelacomuna15.com.ar\\\/wp-content\\\/litespeed\\\/avatar\\\/82faf979976f1bae889b8b71f8a0a7e5.jpg?ver=1776814847\",\"contentUrl\":\"https:\\\/\\\/vocesdelacomuna15.com.ar\\\/wp-content\\\/litespeed\\\/avatar\\\/82faf979976f1bae889b8b71f8a0a7e5.jpg?ver=1776814847\",\"caption\":\"Federico Arguto\"},\"url\":\"https:\\\/\\\/vocesdelacomuna15.com.ar\\\/press\\\/author\\\/fede\\\/\"}]}<\/script>\n<!-- \/ Yoast SEO plugin. -->","yoast_head_json":{"title":"Conoc\u00e9 los parques y museos de la Ciudad habilitados para casarse en verano - Voces de la Comuna 15","description":"Voces de la Comuna 15","robots":{"index":"index","follow":"follow","max-snippet":"max-snippet:-1","max-image-preview":"max-image-preview:large","max-video-preview":"max-video-preview:-1"},"canonical":"https:\/\/vocesdelacomuna15.com.ar\/press\/conoce-los-parques-y-museos-de-la-ciudad-habilitados-para-casarse-en-verano\/","og_locale":"es_ES","og_type":"article","og_title":"Conoc\u00e9 los parques y museos de la Ciudad habilitados para casarse en verano - Voces de la Comuna 15","og_description":"Voces de la Comuna 15","og_url":"https:\/\/vocesdelacomuna15.com.ar\/press\/conoce-los-parques-y-museos-de-la-ciudad-habilitados-para-casarse-en-verano\/","og_site_name":"Voces de la Comuna 15","article_publisher":"https:\/\/www.facebook.com\/VocesComuna15\/","article_published_time":"2025-01-27T14:43:32+00:00","article_modified_time":"2025-01-27T14:43:36+00:00","og_image":[{"width":1024,"height":630,"url":"https:\/\/vocesdelacomuna15.com.ar\/wp-content\/uploads\/2025\/01\/Casamientos-copia-1024x630.png","type":"image\/png"}],"author":"Federico Arguto","twitter_card":"summary_large_image","twitter_creator":"@vocescomuna15","twitter_site":"@vocescomuna15","twitter_misc":{"Escrito por":"Federico Arguto","Tiempo de lectura":"4 minutos"},"schema":{"@context":"https:\/\/schema.org","@graph":[{"@type":"Article","@id":"https:\/\/vocesdelacomuna15.com.ar\/press\/conoce-los-parques-y-museos-de-la-ciudad-habilitados-para-casarse-en-verano\/#article","isPartOf":{"@id":"https:\/\/vocesdelacomuna15.com.ar\/press\/conoce-los-parques-y-museos-de-la-ciudad-habilitados-para-casarse-en-verano\/"},"author":{"name":"Federico Arguto","@id":"https:\/\/vocesdelacomuna15.com.ar\/press\/#\/schema\/person\/4739e109db25d799cd3d139eeb509e43"},"headline":"Conoc\u00e9 los parques y museos de la Ciudad habilitados para casarse en verano","datePublished":"2025-01-27T14:43:32+00:00","dateModified":"2025-01-27T14:43:36+00:00","mainEntityOfPage":{"@id":"https:\/\/vocesdelacomuna15.com.ar\/press\/conoce-los-parques-y-museos-de-la-ciudad-habilitados-para-casarse-en-verano\/"},"wordCount":741,"commentCount":0,"publisher":{"@id":"https:\/\/vocesdelacomuna15.com.ar\/press\/#organization"},"image":{"@id":"https:\/\/vocesdelacomuna15.com.ar\/press\/conoce-los-parques-y-museos-de-la-ciudad-habilitados-para-casarse-en-verano\/#primaryimage"},"thumbnailUrl":"https:\/\/vocesdelacomuna15.com.ar\/wp-content\/uploads\/2025\/01\/Casamientos-copia.png","articleSection":["Sociedad"],"inLanguage":"es-AR","potentialAction":[{"@type":"CommentAction","name":"Comment","target":["https:\/\/vocesdelacomuna15.com.ar\/press\/conoce-los-parques-y-museos-de-la-ciudad-habilitados-para-casarse-en-verano\/#respond"]}]},{"@type":"WebPage","@id":"https:\/\/vocesdelacomuna15.com.ar\/press\/conoce-los-parques-y-museos-de-la-ciudad-habilitados-para-casarse-en-verano\/","url":"https:\/\/vocesdelacomuna15.com.ar\/press\/conoce-los-parques-y-museos-de-la-ciudad-habilitados-para-casarse-en-verano\/","name":"Conoc\u00e9 los parques y museos de la Ciudad habilitados para casarse en verano - Voces de la Comuna 15","isPartOf":{"@id":"https:\/\/vocesdelacomuna15.com.ar\/press\/#website"},"primaryImageOfPage":{"@id":"https:\/\/vocesdelacomuna15.com.ar\/press\/conoce-los-parques-y-museos-de-la-ciudad-habilitados-para-casarse-en-verano\/#primaryimage"},"image":{"@id":"https:\/\/vocesdelacomuna15.com.ar\/press\/conoce-los-parques-y-museos-de-la-ciudad-habilitados-para-casarse-en-verano\/#primaryimage"},"thumbnailUrl":"https:\/\/vocesdelacomuna15.com.ar\/wp-content\/uploads\/2025\/01\/Casamientos-copia.png","datePublished":"2025-01-27T14:43:32+00:00","dateModified":"2025-01-27T14:43:36+00:00","description":"Voces de la Comuna 15","breadcrumb":{"@id":"https:\/\/vocesdelacomuna15.com.ar\/press\/conoce-los-parques-y-museos-de-la-ciudad-habilitados-para-casarse-en-verano\/#breadcrumb"},"inLanguage":"es-AR","potentialAction":[{"@type":"ReadAction","target":["https:\/\/vocesdelacomuna15.com.ar\/press\/conoce-los-parques-y-museos-de-la-ciudad-habilitados-para-casarse-en-verano\/"]}]},{"@type":"ImageObject","inLanguage":"es-AR","@id":"https:\/\/vocesdelacomuna15.com.ar\/press\/conoce-los-parques-y-museos-de-la-ciudad-habilitados-para-casarse-en-verano\/#primaryimage","url":"https:\/\/vocesdelacomuna15.com.ar\/wp-content\/uploads\/2025\/01\/Casamientos-copia.png","contentUrl":"https:\/\/vocesdelacomuna15.com.ar\/wp-content\/uploads\/2025\/01\/Casamientos-copia.png","width":1924,"height":1184},{"@type":"BreadcrumbList","@id":"https:\/\/vocesdelacomuna15.com.ar\/press\/conoce-los-parques-y-museos-de-la-ciudad-habilitados-para-casarse-en-verano\/#breadcrumb","itemListElement":[{"@type":"ListItem","position":1,"name":"Inicio","item":"https:\/\/vocesdelacomuna15.com.ar\/press\/"},{"@type":"ListItem","position":2,"name":"Conoc\u00e9 los parques y museos de la Ciudad habilitados para casarse en verano"}]},{"@type":"WebSite","@id":"https:\/\/vocesdelacomuna15.com.ar\/press\/#website","url":"https:\/\/vocesdelacomuna15.com.ar\/press\/","name":"Voces de la Comuna 15","description":"Sitio web de noticias","publisher":{"@id":"https:\/\/vocesdelacomuna15.com.ar\/press\/#organization"},"potentialAction":[{"@type":"SearchAction","target":{"@type":"EntryPoint","urlTemplate":"https:\/\/vocesdelacomuna15.com.ar\/press\/?s={search_term_string}"},"query-input":{"@type":"PropertyValueSpecification","valueRequired":true,"valueName":"search_term_string"}}],"inLanguage":"es-AR"},{"@type":"Organization","@id":"https:\/\/vocesdelacomuna15.com.ar\/press\/#organization","name":"Voces de la Comuna 15","url":"https:\/\/vocesdelacomuna15.com.ar\/press\/","logo":{"@type":"ImageObject","inLanguage":"es-AR","@id":"https:\/\/vocesdelacomuna15.com.ar\/press\/#\/schema\/logo\/image\/","url":"https:\/\/vocesdelacomuna15.com.ar\/wp-content\/uploads\/2024\/12\/cropped-logo_voces.jpg","contentUrl":"https:\/\/vocesdelacomuna15.com.ar\/wp-content\/uploads\/2024\/12\/cropped-logo_voces.jpg","width":512,"height":512,"caption":"Voces de la Comuna 15"},"image":{"@id":"https:\/\/vocesdelacomuna15.com.ar\/press\/#\/schema\/logo\/image\/"},"sameAs":["https:\/\/www.facebook.com\/VocesComuna15\/","https:\/\/x.com\/vocescomuna15"]},{"@type":"Person","@id":"https:\/\/vocesdelacomuna15.com.ar\/press\/#\/schema\/person\/4739e109db25d799cd3d139eeb509e43","name":"Federico Arguto","image":{"@type":"ImageObject","inLanguage":"es-AR","@id":"https:\/\/vocesdelacomuna15.com.ar\/wp-content\/litespeed\/avatar\/82faf979976f1bae889b8b71f8a0a7e5.jpg?ver=1776814847","url":"https:\/\/vocesdelacomuna15.com.ar\/wp-content\/litespeed\/avatar\/82faf979976f1bae889b8b71f8a0a7e5.jpg?ver=1776814847","contentUrl":"https:\/\/vocesdelacomuna15.com.ar\/wp-content\/litespeed\/avatar\/82faf979976f1bae889b8b71f8a0a7e5.jpg?ver=1776814847","caption":"Federico Arguto"},"url":"https:\/\/vocesdelacomuna15.com.ar\/press\/author\/fede\/"}]}},"_links":{"self":[{"href":"https:\/\/vocesdelacomuna15.com.ar\/press\/wp-json\/wp\/v2\/posts\/64693","targetHints":{"allow":["GET"]}}],"collection":[{"href":"https:\/\/vocesdelacomuna15.com.ar\/press\/wp-json\/wp\/v2\/posts"}],"about":[{"href":"https:\/\/vocesdelacomuna15.com.ar\/press\/wp-json\/wp\/v2\/types\/post"}],"author":[{"embeddable":true,"href":"https:\/\/vocesdelacomuna15.com.ar\/press\/wp-json\/wp\/v2\/users\/2"}],"replies":[{"embeddable":true,"href":"https:\/\/vocesdelacomuna15.com.ar\/press\/wp-json\/wp\/v2\/comments?post=64693"}],"version-history":[{"count":1,"href":"https:\/\/vocesdelacomuna15.com.ar\/press\/wp-json\/wp\/v2\/posts\/64693\/revisions"}],"predecessor-version":[{"id":64695,"href":"https:\/\/vocesdelacomuna15.com.ar\/press\/wp-json\/wp\/v2\/posts\/64693\/revisions\/64695"}],"wp:featuredmedia":[{"embeddable":true,"href":"https:\/\/vocesdelacomuna15.com.ar\/press\/wp-json\/wp\/v2\/media\/64694"}],"wp:attachment":[{"href":"https:\/\/vocesdelacomuna15.com.ar\/press\/wp-json\/wp\/v2\/media?parent=64693"}],"wp:term":[{"taxonomy":"category","embeddable":true,"href":"https:\/\/vocesdelacomuna15.com.ar\/press\/wp-json\/wp\/v2\/categories?post=64693"},{"taxonomy":"post_tag","embeddable":true,"href":"https:\/\/vocesdelacomuna15.com.ar\/press\/wp-json\/wp\/v2\/tags?post=64693"}],"curies":[{"name":"wp","href":"https:\/\/api.w.org\/{rel}","templated":true}]}}