{"id":64690,"date":"2025-01-27T11:32:14","date_gmt":"2025-01-27T14:32:14","guid":{"rendered":"https:\/\/vocesdelacomuna15.com.ar\/press\/?p=64690"},"modified":"2025-01-27T11:32:17","modified_gmt":"2025-01-27T14:32:17","slug":"jorge-macri-y-su-gabinete-se-sumaron-a-la-campana-mundial-por-el-dia-internacional-de-conmemoracion-en-memoria-de-las-victimas-del-holocausto","status":"publish","type":"post","link":"https:\/\/vocesdelacomuna15.com.ar\/press\/jorge-macri-y-su-gabinete-se-sumaron-a-la-campana-mundial-por-el-dia-internacional-de-conmemoracion-en-memoria-de-las-victimas-del-holocausto\/","title":{"rendered":"Jorge Macri y su gabinete se sumaron a la campa\u00f1a mundial por el D\u00eda Internacional de Conmemoraci\u00f3n en Memoria de las V\u00edctimas del Holocausto"},"content":{"rendered":"\n<p>\u201cRecordamos porque olvidar no es una opci\u00f3n y porque de nuestras acciones depende que este horror no se repita nunca m\u00e1s\u201d, sostuvo el Jefe de Gobierno porte\u00f1o.<\/p>\n\n\n\n<p>Fuente: Buenosaires.gob.ar<\/p>\n\n\n\n<p>Link a nota completa: https:\/\/buenosaires.gob.ar\/noticias\/jorge-macri-y-su-gabinete-se-sumaron-la-campana-mundial-por-el-dia-internacional-de<\/p>\n\n\n\n<p>La Ciudad se sum\u00f3 a la campa\u00f1a mundial #WeRemember en homenaje a los seis millones de jud\u00edos y a todas las v\u00edctimas del r\u00e9gimen nazi, en el marco del D\u00eda Internacional de Conmemoraci\u00f3n en Memoria de las V\u00edctimas del Holocausto, que se celebra todos los 27 de enero.<\/p>\n\n\n\n<p>\u201c<strong>Hoy decimos: \u2018We Remember\u2019. Recordamos porque olvidar no es una opci\u00f3n y porque de nuestras acciones depende que este horror no se repita nunca m\u00e1s\u201d<\/strong>, sostuvo el Jefe de Gobierno porte\u00f1o, Jorge Macri, este domingo.<\/p>\n\n\n\n<blockquote class=\"wp-block-quote is-layout-flow wp-block-quote-is-layout-flow\">\n<p>En homenaje a los seis millones de jud\u00edos y a todas las v\u00edctimas del r\u00e9gimen nazi.<\/p>\n<\/blockquote>\n\n\n\n<p>Tambi\u00e9n se sumaron a la campa\u00f1a la vocera institucional, Laura Alonso; el jefe de Gabinete, Gabriel S\u00e1nchez Zinny; los ministros Gabriel Mraida (Desarrollo Humano y H\u00e1bitat), Pablo Bereciartua (Infraestructura), Gabino Tapia (Justicia), Mercedes Miguel (Educaci\u00f3n), Fern\u00e1n Quir\u00f3s (Salud), Gabriela Ricardes (Cultura) y Gustavo Arengo (Hacienda y Finanzas); y los secretarios N\u00e9stor Grindetti (Estrategia Pol\u00edtica), C\u00e9sar Torres (Gobierno y V\u00ednculo Ciudadano) y Fulvio Pompeo (General y de Relaciones Internacionales).<\/p>\n\n\n\n<p>El 1 de noviembre de 2005 la Asamblea General de las Naciones Unidas design\u00f3 el 27 de enero como el D\u00eda Internacional en Memoria del Holocausto. La fecha marca la liberaci\u00f3n del campo de concentraci\u00f3n de Auschwitz-Birkenau. La misma resoluci\u00f3n apoya el desarrollo de programas educativos para recordar el Holocausto y prevenir futuros genocidios y rechaza cualquier manera de negar su existencia.<\/p>\n\n\n\n<p>Caracteres:1392<\/p>\n<div class=\"pvc_clear\"><\/div><p id=\"pvc_stats_64690\" class=\"pvc_stats all  \" data-element-id=\"64690\" style=\"\"><i class=\"pvc-stats-icon small\" aria-hidden=\"true\"><svg aria-hidden=\"true\" focusable=\"false\" data-prefix=\"far\" data-icon=\"chart-bar\" role=\"img\" xmlns=\"http:\/\/www.w3.org\/2000\/svg\" viewBox=\"0 0 512 512\" class=\"svg-inline--fa fa-chart-bar fa-w-16 fa-2x\"><path fill=\"currentColor\" d=\"M396.8 352h22.4c6.4 0 12.8-6.4 12.8-12.8V108.8c0-6.4-6.4-12.8-12.8-12.8h-22.4c-6.4 0-12.8 6.4-12.8 12.8v230.4c0 6.4 6.4 12.8 12.8 12.8zm-192 0h22.4c6.4 0 12.8-6.4 12.8-12.8V140.8c0-6.4-6.4-12.8-12.8-12.8h-22.4c-6.4 0-12.8 6.4-12.8 12.8v198.4c0 6.4 6.4 12.8 12.8 12.8zm96 0h22.4c6.4 0 12.8-6.4 12.8-12.8V204.8c0-6.4-6.4-12.8-12.8-12.8h-22.4c-6.4 0-12.8 6.4-12.8 12.8v134.4c0 6.4 6.4 12.8 12.8 12.8zM496 400H48V80c0-8.84-7.16-16-16-16H16C7.16 64 0 71.16 0 80v336c0 17.67 14.33 32 32 32h464c8.84 0 16-7.16 16-16v-16c0-8.84-7.16-16-16-16zm-387.2-48h22.4c6.4 0 12.8-6.4 12.8-12.8v-70.4c0-6.4-6.4-12.8-12.8-12.8h-22.4c-6.4 0-12.8 6.4-12.8 12.8v70.4c0 6.4 6.4 12.8 12.8 12.8z\" class=\"\"><\/path><\/svg><\/i> <img loading=\"lazy\" decoding=\"async\" width=\"16\" height=\"16\" alt=\"Loading\" src=\"https:\/\/vocesdelacomuna15.com.ar\/wp-content\/plugins\/page-views-count\/ajax-loader-2x.gif\" border=0 \/><\/p><div class=\"pvc_clear\"><\/div>","protected":false},"excerpt":{"rendered":"<p>\u201cRecordamos porque olvidar no es una opci\u00f3n y porque de nuestras acciones depende que este horror no se repita nunca m\u00e1s\u201d, sostuvo el Jefe de Gobierno porte\u00f1o. Fuente: Buenosaires.gob.ar Link a nota completa: https:\/\/buenosaires.gob.ar\/noticias\/jorge-macri-y-su-gabinete-se-sumaron-la-campana-mundial-por-el-dia-internacional-de La Ciudad se sum\u00f3 a la campa\u00f1a mundial #WeRemember en homenaje a los seis millones de jud\u00edos y a todas las [&hellip;]<\/p>\n<div class=\"pvc_clear\"><\/div>\n<p id=\"pvc_stats_64690\" class=\"pvc_stats all  \" data-element-id=\"64690\" style=\"\"><i class=\"pvc-stats-icon small\" aria-hidden=\"true\"><svg aria-hidden=\"true\" focusable=\"false\" data-prefix=\"far\" data-icon=\"chart-bar\" role=\"img\" xmlns=\"http:\/\/www.w3.org\/2000\/svg\" viewBox=\"0 0 512 512\" class=\"svg-inline--fa fa-chart-bar fa-w-16 fa-2x\"><path fill=\"currentColor\" d=\"M396.8 352h22.4c6.4 0 12.8-6.4 12.8-12.8V108.8c0-6.4-6.4-12.8-12.8-12.8h-22.4c-6.4 0-12.8 6.4-12.8 12.8v230.4c0 6.4 6.4 12.8 12.8 12.8zm-192 0h22.4c6.4 0 12.8-6.4 12.8-12.8V140.8c0-6.4-6.4-12.8-12.8-12.8h-22.4c-6.4 0-12.8 6.4-12.8 12.8v198.4c0 6.4 6.4 12.8 12.8 12.8zm96 0h22.4c6.4 0 12.8-6.4 12.8-12.8V204.8c0-6.4-6.4-12.8-12.8-12.8h-22.4c-6.4 0-12.8 6.4-12.8 12.8v134.4c0 6.4 6.4 12.8 12.8 12.8zM496 400H48V80c0-8.84-7.16-16-16-16H16C7.16 64 0 71.16 0 80v336c0 17.67 14.33 32 32 32h464c8.84 0 16-7.16 16-16v-16c0-8.84-7.16-16-16-16zm-387.2-48h22.4c6.4 0 12.8-6.4 12.8-12.8v-70.4c0-6.4-6.4-12.8-12.8-12.8h-22.4c-6.4 0-12.8 6.4-12.8 12.8v70.4c0 6.4 6.4 12.8 12.8 12.8z\" class=\"\"><\/path><\/svg><\/i> <img loading=\"lazy\" decoding=\"async\" width=\"16\" height=\"16\" alt=\"Loading\" src=\"https:\/\/vocesdelacomuna15.com.ar\/wp-content\/plugins\/page-views-count\/ajax-loader-2x.gif\" border=0 \/><\/p>\n<div class=\"pvc_clear\"><\/div>\n","protected":false},"author":2,"featured_media":64691,"comment_status":"open","ping_status":"open","sticky":false,"template":"","format":"standard","meta":{"_et_pb_use_builder":"off","_et_pb_old_content":"","_et_gb_content_width":"","footnotes":""},"categories":[26],"tags":[],"class_list":["post-64690","post","type-post","status-publish","format-standard","has-post-thumbnail","hentry","category-ciudad","et-has-post-format-content","et_post_format-et-post-format-standard"],"a3_pvc":{"activated":true,"total_views":30,"today_views":0},"yoast_head":"<!-- This site is optimized with the Yoast SEO plugin v27.4 - https:\/\/yoast.com\/product\/yoast-seo-wordpress\/ -->\n<title>Jorge Macri y su gabinete se sumaron a la campa\u00f1a mundial por el D\u00eda Internacional de Conmemoraci\u00f3n en Memoria de las V\u00edctimas del Holocausto - Voces de la Comuna 15<\/title>\n<meta name=\"description\" content=\"Voces de la Comuna 15\" \/>\n<meta name=\"robots\" content=\"index, follow, max-snippet:-1, max-image-preview:large, max-video-preview:-1\" \/>\n<link rel=\"canonical\" href=\"https:\/\/vocesdelacomuna15.com.ar\/press\/jorge-macri-y-su-gabinete-se-sumaron-a-la-campana-mundial-por-el-dia-internacional-de-conmemoracion-en-memoria-de-las-victimas-del-holocausto\/\" \/>\n<meta property=\"og:locale\" content=\"es_ES\" \/>\n<meta property=\"og:type\" content=\"article\" \/>\n<meta property=\"og:title\" content=\"Jorge Macri y su gabinete se sumaron a la campa\u00f1a mundial por el D\u00eda Internacional de Conmemoraci\u00f3n en Memoria de las V\u00edctimas del Holocausto - Voces de la Comuna 15\" \/>\n<meta property=\"og:description\" content=\"Voces de la Comuna 15\" \/>\n<meta property=\"og:url\" content=\"https:\/\/vocesdelacomuna15.com.ar\/press\/jorge-macri-y-su-gabinete-se-sumaron-a-la-campana-mundial-por-el-dia-internacional-de-conmemoracion-en-memoria-de-las-victimas-del-holocausto\/\" \/>\n<meta property=\"og:site_name\" content=\"Voces de la Comuna 15\" \/>\n<meta property=\"article:publisher\" content=\"https:\/\/www.facebook.com\/VocesComuna15\/\" \/>\n<meta property=\"article:published_time\" content=\"2025-01-27T14:32:14+00:00\" \/>\n<meta property=\"article:modified_time\" content=\"2025-01-27T14:32:17+00:00\" \/>\n<meta property=\"og:image\" content=\"https:\/\/vocesdelacomuna15.com.ar\/wp-content\/uploads\/2025\/01\/GiOAwj0XwAAPXFv.jpeg\" \/>\n\t<meta property=\"og:image:width\" content=\"2048\" \/>\n\t<meta property=\"og:image:height\" content=\"1364\" \/>\n\t<meta property=\"og:image:type\" content=\"image\/jpeg\" \/>\n<meta name=\"author\" content=\"Federico Arguto\" \/>\n<meta name=\"twitter:card\" content=\"summary_large_image\" \/>\n<meta name=\"twitter:creator\" content=\"@vocescomuna15\" \/>\n<meta name=\"twitter:site\" content=\"@vocescomuna15\" \/>\n<meta name=\"twitter:label1\" content=\"Escrito por\" \/>\n\t<meta name=\"twitter:data1\" content=\"Federico Arguto\" \/>\n\t<meta name=\"twitter:label2\" content=\"Tiempo de lectura\" \/>\n\t<meta name=\"twitter:data2\" content=\"1 minuto\" \/>\n<script type=\"application\/ld+json\" class=\"yoast-schema-graph\">{\"@context\":\"https:\\\/\\\/schema.org\",\"@graph\":[{\"@type\":\"Article\",\"@id\":\"https:\\\/\\\/vocesdelacomuna15.com.ar\\\/press\\\/jorge-macri-y-su-gabinete-se-sumaron-a-la-campana-mundial-por-el-dia-internacional-de-conmemoracion-en-memoria-de-las-victimas-del-holocausto\\\/#article\",\"isPartOf\":{\"@id\":\"https:\\\/\\\/vocesdelacomuna15.com.ar\\\/press\\\/jorge-macri-y-su-gabinete-se-sumaron-a-la-campana-mundial-por-el-dia-internacional-de-conmemoracion-en-memoria-de-las-victimas-del-holocausto\\\/\"},\"author\":{\"name\":\"Federico Arguto\",\"@id\":\"https:\\\/\\\/vocesdelacomuna15.com.ar\\\/press\\\/#\\\/schema\\\/person\\\/4739e109db25d799cd3d139eeb509e43\"},\"headline\":\"Jorge Macri y su gabinete se sumaron a la campa\u00f1a mundial por el D\u00eda Internacional de Conmemoraci\u00f3n en Memoria de las V\u00edctimas del Holocausto\",\"datePublished\":\"2025-01-27T14:32:14+00:00\",\"dateModified\":\"2025-01-27T14:32:17+00:00\",\"mainEntityOfPage\":{\"@id\":\"https:\\\/\\\/vocesdelacomuna15.com.ar\\\/press\\\/jorge-macri-y-su-gabinete-se-sumaron-a-la-campana-mundial-por-el-dia-internacional-de-conmemoracion-en-memoria-de-las-victimas-del-holocausto\\\/\"},\"wordCount\":326,\"commentCount\":0,\"publisher\":{\"@id\":\"https:\\\/\\\/vocesdelacomuna15.com.ar\\\/press\\\/#organization\"},\"image\":{\"@id\":\"https:\\\/\\\/vocesdelacomuna15.com.ar\\\/press\\\/jorge-macri-y-su-gabinete-se-sumaron-a-la-campana-mundial-por-el-dia-internacional-de-conmemoracion-en-memoria-de-las-victimas-del-holocausto\\\/#primaryimage\"},\"thumbnailUrl\":\"https:\\\/\\\/vocesdelacomuna15.com.ar\\\/wp-content\\\/uploads\\\/2025\\\/01\\\/GiOAwj0XwAAPXFv.jpeg\",\"articleSection\":[\"Ciudad\"],\"inLanguage\":\"es-AR\",\"potentialAction\":[{\"@type\":\"CommentAction\",\"name\":\"Comment\",\"target\":[\"https:\\\/\\\/vocesdelacomuna15.com.ar\\\/press\\\/jorge-macri-y-su-gabinete-se-sumaron-a-la-campana-mundial-por-el-dia-internacional-de-conmemoracion-en-memoria-de-las-victimas-del-holocausto\\\/#respond\"]}]},{\"@type\":\"WebPage\",\"@id\":\"https:\\\/\\\/vocesdelacomuna15.com.ar\\\/press\\\/jorge-macri-y-su-gabinete-se-sumaron-a-la-campana-mundial-por-el-dia-internacional-de-conmemoracion-en-memoria-de-las-victimas-del-holocausto\\\/\",\"url\":\"https:\\\/\\\/vocesdelacomuna15.com.ar\\\/press\\\/jorge-macri-y-su-gabinete-se-sumaron-a-la-campana-mundial-por-el-dia-internacional-de-conmemoracion-en-memoria-de-las-victimas-del-holocausto\\\/\",\"name\":\"Jorge Macri y su gabinete se sumaron a la campa\u00f1a mundial por el D\u00eda Internacional de Conmemoraci\u00f3n en Memoria de las V\u00edctimas del Holocausto - Voces de la Comuna 15\",\"isPartOf\":{\"@id\":\"https:\\\/\\\/vocesdelacomuna15.com.ar\\\/press\\\/#website\"},\"primaryImageOfPage\":{\"@id\":\"https:\\\/\\\/vocesdelacomuna15.com.ar\\\/press\\\/jorge-macri-y-su-gabinete-se-sumaron-a-la-campana-mundial-por-el-dia-internacional-de-conmemoracion-en-memoria-de-las-victimas-del-holocausto\\\/#primaryimage\"},\"image\":{\"@id\":\"https:\\\/\\\/vocesdelacomuna15.com.ar\\\/press\\\/jorge-macri-y-su-gabinete-se-sumaron-a-la-campana-mundial-por-el-dia-internacional-de-conmemoracion-en-memoria-de-las-victimas-del-holocausto\\\/#primaryimage\"},\"thumbnailUrl\":\"https:\\\/\\\/vocesdelacomuna15.com.ar\\\/wp-content\\\/uploads\\\/2025\\\/01\\\/GiOAwj0XwAAPXFv.jpeg\",\"datePublished\":\"2025-01-27T14:32:14+00:00\",\"dateModified\":\"2025-01-27T14:32:17+00:00\",\"description\":\"Voces de la Comuna 15\",\"breadcrumb\":{\"@id\":\"https:\\\/\\\/vocesdelacomuna15.com.ar\\\/press\\\/jorge-macri-y-su-gabinete-se-sumaron-a-la-campana-mundial-por-el-dia-internacional-de-conmemoracion-en-memoria-de-las-victimas-del-holocausto\\\/#breadcrumb\"},\"inLanguage\":\"es-AR\",\"potentialAction\":[{\"@type\":\"ReadAction\",\"target\":[\"https:\\\/\\\/vocesdelacomuna15.com.ar\\\/press\\\/jorge-macri-y-su-gabinete-se-sumaron-a-la-campana-mundial-por-el-dia-internacional-de-conmemoracion-en-memoria-de-las-victimas-del-holocausto\\\/\"]}]},{\"@type\":\"ImageObject\",\"inLanguage\":\"es-AR\",\"@id\":\"https:\\\/\\\/vocesdelacomuna15.com.ar\\\/press\\\/jorge-macri-y-su-gabinete-se-sumaron-a-la-campana-mundial-por-el-dia-internacional-de-conmemoracion-en-memoria-de-las-victimas-del-holocausto\\\/#primaryimage\",\"url\":\"https:\\\/\\\/vocesdelacomuna15.com.ar\\\/wp-content\\\/uploads\\\/2025\\\/01\\\/GiOAwj0XwAAPXFv.jpeg\",\"contentUrl\":\"https:\\\/\\\/vocesdelacomuna15.com.ar\\\/wp-content\\\/uploads\\\/2025\\\/01\\\/GiOAwj0XwAAPXFv.jpeg\",\"width\":2048,\"height\":1364},{\"@type\":\"BreadcrumbList\",\"@id\":\"https:\\\/\\\/vocesdelacomuna15.com.ar\\\/press\\\/jorge-macri-y-su-gabinete-se-sumaron-a-la-campana-mundial-por-el-dia-internacional-de-conmemoracion-en-memoria-de-las-victimas-del-holocausto\\\/#breadcrumb\",\"itemListElement\":[{\"@type\":\"ListItem\",\"position\":1,\"name\":\"Inicio\",\"item\":\"https:\\\/\\\/vocesdelacomuna15.com.ar\\\/press\\\/\"},{\"@type\":\"ListItem\",\"position\":2,\"name\":\"Jorge Macri y su gabinete se sumaron a la campa\u00f1a mundial por el D\u00eda Internacional de Conmemoraci\u00f3n en Memoria de las V\u00edctimas del Holocausto\"}]},{\"@type\":\"WebSite\",\"@id\":\"https:\\\/\\\/vocesdelacomuna15.com.ar\\\/press\\\/#website\",\"url\":\"https:\\\/\\\/vocesdelacomuna15.com.ar\\\/press\\\/\",\"name\":\"Voces de la Comuna 15\",\"description\":\"Sitio web de noticias\",\"publisher\":{\"@id\":\"https:\\\/\\\/vocesdelacomuna15.com.ar\\\/press\\\/#organization\"},\"potentialAction\":[{\"@type\":\"SearchAction\",\"target\":{\"@type\":\"EntryPoint\",\"urlTemplate\":\"https:\\\/\\\/vocesdelacomuna15.com.ar\\\/press\\\/?s={search_term_string}\"},\"query-input\":{\"@type\":\"PropertyValueSpecification\",\"valueRequired\":true,\"valueName\":\"search_term_string\"}}],\"inLanguage\":\"es-AR\"},{\"@type\":\"Organization\",\"@id\":\"https:\\\/\\\/vocesdelacomuna15.com.ar\\\/press\\\/#organization\",\"name\":\"Voces de la Comuna 15\",\"url\":\"https:\\\/\\\/vocesdelacomuna15.com.ar\\\/press\\\/\",\"logo\":{\"@type\":\"ImageObject\",\"inLanguage\":\"es-AR\",\"@id\":\"https:\\\/\\\/vocesdelacomuna15.com.ar\\\/press\\\/#\\\/schema\\\/logo\\\/image\\\/\",\"url\":\"https:\\\/\\\/vocesdelacomuna15.com.ar\\\/wp-content\\\/uploads\\\/2024\\\/12\\\/cropped-logo_voces.jpg\",\"contentUrl\":\"https:\\\/\\\/vocesdelacomuna15.com.ar\\\/wp-content\\\/uploads\\\/2024\\\/12\\\/cropped-logo_voces.jpg\",\"width\":512,\"height\":512,\"caption\":\"Voces de la Comuna 15\"},\"image\":{\"@id\":\"https:\\\/\\\/vocesdelacomuna15.com.ar\\\/press\\\/#\\\/schema\\\/logo\\\/image\\\/\"},\"sameAs\":[\"https:\\\/\\\/www.facebook.com\\\/VocesComuna15\\\/\",\"https:\\\/\\\/x.com\\\/vocescomuna15\"]},{\"@type\":\"Person\",\"@id\":\"https:\\\/\\\/vocesdelacomuna15.com.ar\\\/press\\\/#\\\/schema\\\/person\\\/4739e109db25d799cd3d139eeb509e43\",\"name\":\"Federico Arguto\",\"image\":{\"@type\":\"ImageObject\",\"inLanguage\":\"es-AR\",\"@id\":\"https:\\\/\\\/vocesdelacomuna15.com.ar\\\/wp-content\\\/litespeed\\\/avatar\\\/82faf979976f1bae889b8b71f8a0a7e5.jpg?ver=1776814847\",\"url\":\"https:\\\/\\\/vocesdelacomuna15.com.ar\\\/wp-content\\\/litespeed\\\/avatar\\\/82faf979976f1bae889b8b71f8a0a7e5.jpg?ver=1776814847\",\"contentUrl\":\"https:\\\/\\\/vocesdelacomuna15.com.ar\\\/wp-content\\\/litespeed\\\/avatar\\\/82faf979976f1bae889b8b71f8a0a7e5.jpg?ver=1776814847\",\"caption\":\"Federico Arguto\"},\"url\":\"https:\\\/\\\/vocesdelacomuna15.com.ar\\\/press\\\/author\\\/fede\\\/\"}]}<\/script>\n<!-- \/ Yoast SEO plugin. -->","yoast_head_json":{"title":"Jorge Macri y su gabinete se sumaron a la campa\u00f1a mundial por el D\u00eda Internacional de Conmemoraci\u00f3n en Memoria de las V\u00edctimas del Holocausto - Voces de la Comuna 15","description":"Voces de la Comuna 15","robots":{"index":"index","follow":"follow","max-snippet":"max-snippet:-1","max-image-preview":"max-image-preview:large","max-video-preview":"max-video-preview:-1"},"canonical":"https:\/\/vocesdelacomuna15.com.ar\/press\/jorge-macri-y-su-gabinete-se-sumaron-a-la-campana-mundial-por-el-dia-internacional-de-conmemoracion-en-memoria-de-las-victimas-del-holocausto\/","og_locale":"es_ES","og_type":"article","og_title":"Jorge Macri y su gabinete se sumaron a la campa\u00f1a mundial por el D\u00eda Internacional de Conmemoraci\u00f3n en Memoria de las V\u00edctimas del Holocausto - Voces de la Comuna 15","og_description":"Voces de la Comuna 15","og_url":"https:\/\/vocesdelacomuna15.com.ar\/press\/jorge-macri-y-su-gabinete-se-sumaron-a-la-campana-mundial-por-el-dia-internacional-de-conmemoracion-en-memoria-de-las-victimas-del-holocausto\/","og_site_name":"Voces de la Comuna 15","article_publisher":"https:\/\/www.facebook.com\/VocesComuna15\/","article_published_time":"2025-01-27T14:32:14+00:00","article_modified_time":"2025-01-27T14:32:17+00:00","og_image":[{"width":2048,"height":1364,"url":"https:\/\/vocesdelacomuna15.com.ar\/wp-content\/uploads\/2025\/01\/GiOAwj0XwAAPXFv.jpeg","type":"image\/jpeg"}],"author":"Federico Arguto","twitter_card":"summary_large_image","twitter_creator":"@vocescomuna15","twitter_site":"@vocescomuna15","twitter_misc":{"Escrito por":"Federico Arguto","Tiempo de lectura":"1 minuto"},"schema":{"@context":"https:\/\/schema.org","@graph":[{"@type":"Article","@id":"https:\/\/vocesdelacomuna15.com.ar\/press\/jorge-macri-y-su-gabinete-se-sumaron-a-la-campana-mundial-por-el-dia-internacional-de-conmemoracion-en-memoria-de-las-victimas-del-holocausto\/#article","isPartOf":{"@id":"https:\/\/vocesdelacomuna15.com.ar\/press\/jorge-macri-y-su-gabinete-se-sumaron-a-la-campana-mundial-por-el-dia-internacional-de-conmemoracion-en-memoria-de-las-victimas-del-holocausto\/"},"author":{"name":"Federico Arguto","@id":"https:\/\/vocesdelacomuna15.com.ar\/press\/#\/schema\/person\/4739e109db25d799cd3d139eeb509e43"},"headline":"Jorge Macri y su gabinete se sumaron a la campa\u00f1a mundial por el D\u00eda Internacional de Conmemoraci\u00f3n en Memoria de las V\u00edctimas del Holocausto","datePublished":"2025-01-27T14:32:14+00:00","dateModified":"2025-01-27T14:32:17+00:00","mainEntityOfPage":{"@id":"https:\/\/vocesdelacomuna15.com.ar\/press\/jorge-macri-y-su-gabinete-se-sumaron-a-la-campana-mundial-por-el-dia-internacional-de-conmemoracion-en-memoria-de-las-victimas-del-holocausto\/"},"wordCount":326,"commentCount":0,"publisher":{"@id":"https:\/\/vocesdelacomuna15.com.ar\/press\/#organization"},"image":{"@id":"https:\/\/vocesdelacomuna15.com.ar\/press\/jorge-macri-y-su-gabinete-se-sumaron-a-la-campana-mundial-por-el-dia-internacional-de-conmemoracion-en-memoria-de-las-victimas-del-holocausto\/#primaryimage"},"thumbnailUrl":"https:\/\/vocesdelacomuna15.com.ar\/wp-content\/uploads\/2025\/01\/GiOAwj0XwAAPXFv.jpeg","articleSection":["Ciudad"],"inLanguage":"es-AR","potentialAction":[{"@type":"CommentAction","name":"Comment","target":["https:\/\/vocesdelacomuna15.com.ar\/press\/jorge-macri-y-su-gabinete-se-sumaron-a-la-campana-mundial-por-el-dia-internacional-de-conmemoracion-en-memoria-de-las-victimas-del-holocausto\/#respond"]}]},{"@type":"WebPage","@id":"https:\/\/vocesdelacomuna15.com.ar\/press\/jorge-macri-y-su-gabinete-se-sumaron-a-la-campana-mundial-por-el-dia-internacional-de-conmemoracion-en-memoria-de-las-victimas-del-holocausto\/","url":"https:\/\/vocesdelacomuna15.com.ar\/press\/jorge-macri-y-su-gabinete-se-sumaron-a-la-campana-mundial-por-el-dia-internacional-de-conmemoracion-en-memoria-de-las-victimas-del-holocausto\/","name":"Jorge Macri y su gabinete se sumaron a la campa\u00f1a mundial por el D\u00eda Internacional de Conmemoraci\u00f3n en Memoria de las V\u00edctimas del Holocausto - Voces de la Comuna 15","isPartOf":{"@id":"https:\/\/vocesdelacomuna15.com.ar\/press\/#website"},"primaryImageOfPage":{"@id":"https:\/\/vocesdelacomuna15.com.ar\/press\/jorge-macri-y-su-gabinete-se-sumaron-a-la-campana-mundial-por-el-dia-internacional-de-conmemoracion-en-memoria-de-las-victimas-del-holocausto\/#primaryimage"},"image":{"@id":"https:\/\/vocesdelacomuna15.com.ar\/press\/jorge-macri-y-su-gabinete-se-sumaron-a-la-campana-mundial-por-el-dia-internacional-de-conmemoracion-en-memoria-de-las-victimas-del-holocausto\/#primaryimage"},"thumbnailUrl":"https:\/\/vocesdelacomuna15.com.ar\/wp-content\/uploads\/2025\/01\/GiOAwj0XwAAPXFv.jpeg","datePublished":"2025-01-27T14:32:14+00:00","dateModified":"2025-01-27T14:32:17+00:00","description":"Voces de la Comuna 15","breadcrumb":{"@id":"https:\/\/vocesdelacomuna15.com.ar\/press\/jorge-macri-y-su-gabinete-se-sumaron-a-la-campana-mundial-por-el-dia-internacional-de-conmemoracion-en-memoria-de-las-victimas-del-holocausto\/#breadcrumb"},"inLanguage":"es-AR","potentialAction":[{"@type":"ReadAction","target":["https:\/\/vocesdelacomuna15.com.ar\/press\/jorge-macri-y-su-gabinete-se-sumaron-a-la-campana-mundial-por-el-dia-internacional-de-conmemoracion-en-memoria-de-las-victimas-del-holocausto\/"]}]},{"@type":"ImageObject","inLanguage":"es-AR","@id":"https:\/\/vocesdelacomuna15.com.ar\/press\/jorge-macri-y-su-gabinete-se-sumaron-a-la-campana-mundial-por-el-dia-internacional-de-conmemoracion-en-memoria-de-las-victimas-del-holocausto\/#primaryimage","url":"https:\/\/vocesdelacomuna15.com.ar\/wp-content\/uploads\/2025\/01\/GiOAwj0XwAAPXFv.jpeg","contentUrl":"https:\/\/vocesdelacomuna15.com.ar\/wp-content\/uploads\/2025\/01\/GiOAwj0XwAAPXFv.jpeg","width":2048,"height":1364},{"@type":"BreadcrumbList","@id":"https:\/\/vocesdelacomuna15.com.ar\/press\/jorge-macri-y-su-gabinete-se-sumaron-a-la-campana-mundial-por-el-dia-internacional-de-conmemoracion-en-memoria-de-las-victimas-del-holocausto\/#breadcrumb","itemListElement":[{"@type":"ListItem","position":1,"name":"Inicio","item":"https:\/\/vocesdelacomuna15.com.ar\/press\/"},{"@type":"ListItem","position":2,"name":"Jorge Macri y su gabinete se sumaron a la campa\u00f1a mundial por el D\u00eda Internacional de Conmemoraci\u00f3n en Memoria de las V\u00edctimas del Holocausto"}]},{"@type":"WebSite","@id":"https:\/\/vocesdelacomuna15.com.ar\/press\/#website","url":"https:\/\/vocesdelacomuna15.com.ar\/press\/","name":"Voces de la Comuna 15","description":"Sitio web de noticias","publisher":{"@id":"https:\/\/vocesdelacomuna15.com.ar\/press\/#organization"},"potentialAction":[{"@type":"SearchAction","target":{"@type":"EntryPoint","urlTemplate":"https:\/\/vocesdelacomuna15.com.ar\/press\/?s={search_term_string}"},"query-input":{"@type":"PropertyValueSpecification","valueRequired":true,"valueName":"search_term_string"}}],"inLanguage":"es-AR"},{"@type":"Organization","@id":"https:\/\/vocesdelacomuna15.com.ar\/press\/#organization","name":"Voces de la Comuna 15","url":"https:\/\/vocesdelacomuna15.com.ar\/press\/","logo":{"@type":"ImageObject","inLanguage":"es-AR","@id":"https:\/\/vocesdelacomuna15.com.ar\/press\/#\/schema\/logo\/image\/","url":"https:\/\/vocesdelacomuna15.com.ar\/wp-content\/uploads\/2024\/12\/cropped-logo_voces.jpg","contentUrl":"https:\/\/vocesdelacomuna15.com.ar\/wp-content\/uploads\/2024\/12\/cropped-logo_voces.jpg","width":512,"height":512,"caption":"Voces de la Comuna 15"},"image":{"@id":"https:\/\/vocesdelacomuna15.com.ar\/press\/#\/schema\/logo\/image\/"},"sameAs":["https:\/\/www.facebook.com\/VocesComuna15\/","https:\/\/x.com\/vocescomuna15"]},{"@type":"Person","@id":"https:\/\/vocesdelacomuna15.com.ar\/press\/#\/schema\/person\/4739e109db25d799cd3d139eeb509e43","name":"Federico Arguto","image":{"@type":"ImageObject","inLanguage":"es-AR","@id":"https:\/\/vocesdelacomuna15.com.ar\/wp-content\/litespeed\/avatar\/82faf979976f1bae889b8b71f8a0a7e5.jpg?ver=1776814847","url":"https:\/\/vocesdelacomuna15.com.ar\/wp-content\/litespeed\/avatar\/82faf979976f1bae889b8b71f8a0a7e5.jpg?ver=1776814847","contentUrl":"https:\/\/vocesdelacomuna15.com.ar\/wp-content\/litespeed\/avatar\/82faf979976f1bae889b8b71f8a0a7e5.jpg?ver=1776814847","caption":"Federico Arguto"},"url":"https:\/\/vocesdelacomuna15.com.ar\/press\/author\/fede\/"}]}},"_links":{"self":[{"href":"https:\/\/vocesdelacomuna15.com.ar\/press\/wp-json\/wp\/v2\/posts\/64690","targetHints":{"allow":["GET"]}}],"collection":[{"href":"https:\/\/vocesdelacomuna15.com.ar\/press\/wp-json\/wp\/v2\/posts"}],"about":[{"href":"https:\/\/vocesdelacomuna15.com.ar\/press\/wp-json\/wp\/v2\/types\/post"}],"author":[{"embeddable":true,"href":"https:\/\/vocesdelacomuna15.com.ar\/press\/wp-json\/wp\/v2\/users\/2"}],"replies":[{"embeddable":true,"href":"https:\/\/vocesdelacomuna15.com.ar\/press\/wp-json\/wp\/v2\/comments?post=64690"}],"version-history":[{"count":1,"href":"https:\/\/vocesdelacomuna15.com.ar\/press\/wp-json\/wp\/v2\/posts\/64690\/revisions"}],"predecessor-version":[{"id":64692,"href":"https:\/\/vocesdelacomuna15.com.ar\/press\/wp-json\/wp\/v2\/posts\/64690\/revisions\/64692"}],"wp:featuredmedia":[{"embeddable":true,"href":"https:\/\/vocesdelacomuna15.com.ar\/press\/wp-json\/wp\/v2\/media\/64691"}],"wp:attachment":[{"href":"https:\/\/vocesdelacomuna15.com.ar\/press\/wp-json\/wp\/v2\/media?parent=64690"}],"wp:term":[{"taxonomy":"category","embeddable":true,"href":"https:\/\/vocesdelacomuna15.com.ar\/press\/wp-json\/wp\/v2\/categories?post=64690"},{"taxonomy":"post_tag","embeddable":true,"href":"https:\/\/vocesdelacomuna15.com.ar\/press\/wp-json\/wp\/v2\/tags?post=64690"}],"curies":[{"name":"wp","href":"https:\/\/api.w.org\/{rel}","templated":true}]}}