{"id":64685,"date":"2025-01-24T16:08:09","date_gmt":"2025-01-24T19:08:09","guid":{"rendered":"https:\/\/vocesdelacomuna15.com.ar\/press\/?p=64685"},"modified":"2025-01-24T16:08:12","modified_gmt":"2025-01-24T19:08:12","slug":"empieza-con-d-siete-letras-de-juan-jose-campanella-y-cecilia-monti","status":"publish","type":"post","link":"https:\/\/vocesdelacomuna15.com.ar\/press\/empieza-con-d-siete-letras-de-juan-jose-campanella-y-cecilia-monti\/","title":{"rendered":"\u00abEmpieza con D, Siete letras\u00bb, de Juan Jos\u00e9 Campanella y Cecilia Monti"},"content":{"rendered":"\n<p><em>Por Manuel Germano<\/em>&nbsp;(@mangermano).<\/p>\n\n\n\n<p>El realizador y &nbsp;dramaturgo&nbsp;<strong>Juan Jos\u00e9 Campanella<\/strong>&nbsp;(<em>El secreto de sus ojos, Metegol, Parque Lezama<\/em>) estren\u00f3 el 10 de enero en el Teatro Politeama \u201c<em>Empieza con D siete letras\u201d<\/em>&nbsp;(la cual escribi\u00f3 junto a su mujer, Cecilia Monti), protagonizada por&nbsp;<strong>Eduardo Blanco<\/strong>&nbsp;<em>(Parque Lezama, Luna de Avellaneda, El hijo de la novia<\/em>) y&nbsp;<strong>Fernanda Metilli<\/strong>&nbsp;(<em>Exit, Inmaduros, Las chicas de la culpa<\/em>).<\/p>\n\n\n\n<p>Estamos ante una puesta realista y convencional que ubica al espectador, en primer lugar en un consultorio odontol\u00f3gico en el cual Miranda (Metilli) espera ser atendida. Tiene treinta y pocos, se la ve s\u00faper activa, en\u00e9rgica y con un humor desopilante. Cerca de ella, Luis (Blanco), aguarda tambi\u00e9n su turno. La dobla en edad, es formal, serio, pero se presta a la conversaci\u00f3n de esa mujer atractiva profesora de yoga que comienza a jugar al crucigrama que est\u00e1 en una de las revistas. Ninguno de los dos sabe que ese encuentro casual es el comienzo de una relaci\u00f3n que les har\u00e1 volver a creer en el amor y en las segundas oportunidades.<\/p>\n\n\n\n<p>Miranda termin\u00f3 un v\u00ednculo de muchos a\u00f1os y si bien sale con chicos que conoce a trav\u00e9s de distintas apps, no logra encontrar a alguien que la quiera y respete de verdad. Luis, alejado de ese mundo, acepta la invitaci\u00f3n de Miranda de crearse un perfil y darse as\u00ed la posibilidad de volver a tener una relaci\u00f3n, algo que no se le hab\u00eda pasado por la cabeza tras la p\u00e9rdida de su esposa. Entre charlas, chistes y miradas c\u00f3mplices, ambos se dan cuenta de que la persona que buscan es la que tienen enfrente. No importa la edad, sino lo que sucede entre ellos, c\u00f3mo se cuidan, se ven y se complementan.<\/p>\n\n\n\n<figure class=\"wp-block-image aligncenter size-full\"><img loading=\"lazy\" decoding=\"async\" width=\"791\" height=\"1023\" src=\"https:\/\/vocesdelacomuna15.com.ar\/wp-content\/uploads\/2025\/01\/whatsapp-image-2025-01-13-at-16.44.13-1.webp\" alt=\"\" class=\"wp-image-64687\" srcset=\"https:\/\/vocesdelacomuna15.com.ar\/wp-content\/uploads\/2025\/01\/whatsapp-image-2025-01-13-at-16.44.13-1.webp 791w, https:\/\/vocesdelacomuna15.com.ar\/wp-content\/uploads\/2025\/01\/whatsapp-image-2025-01-13-at-16.44.13-1-232x300.webp 232w, https:\/\/vocesdelacomuna15.com.ar\/wp-content\/uploads\/2025\/01\/whatsapp-image-2025-01-13-at-16.44.13-1-768x993.webp 768w, https:\/\/vocesdelacomuna15.com.ar\/wp-content\/uploads\/2025\/01\/whatsapp-image-2025-01-13-at-16.44.13-1-400x516.webp 400w\" sizes=\"(max-width: 791px) 100vw, 791px\" \/><figcaption class=\"wp-element-caption\">Foto gentileza de prensa<\/figcaption><\/figure>\n\n\n\n<p>La obra recorre la construcci\u00f3n de esa pareja, sus mejores momentos y tambi\u00e9n sus tropiezos, idas y vueltas, pues, como en la vida misma, no todo siempre es color de rosas. La escenograf\u00eda funciona y se modifica de acuerdo con los distintos espacios y se recurre al audiovisual para ilustrar ciertos pasajes del texto. La dupla protagonista rara vez abandona el escenario y ambos tienen momentos de gran lucimiento individual. Metilli se luce en un protag\u00f3nico que logra despertar las carcajadas y la complicidad del p\u00fablico; es uno de los mejores papeles de su carrera. Blanco, reconocido actor con vasta trayectoria, empatiza con la audiencia con un personaje cargado de matices, desde el dolor que le causa haberse quedado viudo, hasta la esperanza, alegr\u00eda, e incluso el miedo que le produce haberse enamorado nuevamente. Est\u00e1n acompa\u00f1ados en escena por&nbsp;<strong>Gast\u00f3n Cocchiarale<\/strong>, en un doble rol bien ejecutado, y&nbsp;<strong>Maru Zapata<\/strong>, que interpreta a la secretaria del consultorio. &nbsp;<\/p>\n\n\n\n<p><em>\u201c<\/em><em>Empieza con D siete letras\u201d<\/em>&nbsp;es una obra tan bien escrita y planteada que entretiene a j\u00f3venes y adultos por igual, pues all\u00ed se plasman tem\u00e1ticas que nos atraviesan a todos, independientemente de la edad: la necesidad de ser querido, las ausencias, la familia y, sobre todo, la b\u00fasqueda de la felicidad, de por lo menos intentarlo. Campanella y Monti narran un cuento lleno de humanidad, humor y ternura.<\/p>\n\n\n\n<p>Una obra de teatro que no podes dejar de ver esta temporada.<\/p>\n\n\n\n<p><strong>Calificaci\u00f3n: Muy buena. &nbsp;<\/strong><\/p>\n\n\n\n<figure class=\"wp-block-image aligncenter size-full\"><img loading=\"lazy\" decoding=\"async\" width=\"1024\" height=\"576\" src=\"https:\/\/vocesdelacomuna15.com.ar\/wp-content\/uploads\/2025\/01\/whatsapp-image-2025-01-13-at-16.44.10-2.webp\" alt=\"\" class=\"wp-image-64688\" srcset=\"https:\/\/vocesdelacomuna15.com.ar\/wp-content\/uploads\/2025\/01\/whatsapp-image-2025-01-13-at-16.44.10-2.webp 1024w, https:\/\/vocesdelacomuna15.com.ar\/wp-content\/uploads\/2025\/01\/whatsapp-image-2025-01-13-at-16.44.10-2-300x169.webp 300w, https:\/\/vocesdelacomuna15.com.ar\/wp-content\/uploads\/2025\/01\/whatsapp-image-2025-01-13-at-16.44.10-2-768x432.webp 768w\" sizes=\"(max-width: 1024px) 100vw, 1024px\" \/><figcaption class=\"wp-element-caption\"><em>Foto gentileza de prensa.<\/em><\/figcaption><\/figure>\n\n\n\n<p><em>Ficha t\u00e9cnica.<\/em><\/p>\n\n\n\n<p><strong>Dramaturgia:<\/strong><em>&nbsp;Cecilia Monti, Juan Jos\u00e9 Campanella.&nbsp;<\/em><strong>Direcci\u00f3n:<\/strong><em>&nbsp;Juan Jos\u00e9 Campanella.&nbsp;<\/em><strong>Int\u00e9rpretes:<\/strong><em>&nbsp;Eduardo Blanco, Fernanda Metilli, Gast\u00f3n Cocchiarale, Maru Zapata.&nbsp;<\/em><strong>Vestuario y escenograf\u00eda:<\/strong><em>&nbsp;Cecilia Monti.&nbsp;<\/em><strong>Iluminaci\u00f3n y video:<\/strong><em>&nbsp;Mat\u00edas Canony.&nbsp;<\/em><strong>M\u00fasica:<\/strong><em>&nbsp;Emilio Kauderer.&nbsp;<\/em><strong>Sala:<\/strong><em>&nbsp;Politeama, Paran\u00e1 353.&nbsp;<\/em><strong>Funciones:<\/strong><em>&nbsp;mi\u00e9rcoles a viernes a las 20, s\u00e1bados a las 19 y 21.30, domingos a las 19.&nbsp;<\/em><strong>Duraci\u00f3n:<\/strong><em>&nbsp;120 minutos.<\/em><\/p>\n\n\n\n<p><em>FUNCIONES<\/em><\/p>\n\n\n\n<p>Mi\u00e9rcoles 20 hs<\/p>\n\n\n\n<p>Jueves 20 hs<\/p>\n\n\n\n<p>Viernes 20 hs<\/p>\n\n\n\n<p>S\u00e1bado 19 &nbsp;21:30 hs<\/p>\n\n\n\n<p>Domingo 19 hs<\/p>\n\n\n\n<p><strong>ENTRADAS<\/strong>:&nbsp;<em><a href=\"http:\/\/www.plateanet.com\/\" target=\"_blank\" rel=\"noreferrer noopener\">www.plateanet.com<\/a><\/em><\/p>\n\n\n\n<p><strong>BOLETERIA DEL TEATRO<\/strong>: Paran\u00e1 353, CABA<\/p>\n<div class=\"pvc_clear\"><\/div><p id=\"pvc_stats_64685\" class=\"pvc_stats all  \" data-element-id=\"64685\" style=\"\"><i class=\"pvc-stats-icon small\" aria-hidden=\"true\"><svg aria-hidden=\"true\" focusable=\"false\" data-prefix=\"far\" data-icon=\"chart-bar\" role=\"img\" xmlns=\"http:\/\/www.w3.org\/2000\/svg\" viewBox=\"0 0 512 512\" class=\"svg-inline--fa fa-chart-bar fa-w-16 fa-2x\"><path fill=\"currentColor\" d=\"M396.8 352h22.4c6.4 0 12.8-6.4 12.8-12.8V108.8c0-6.4-6.4-12.8-12.8-12.8h-22.4c-6.4 0-12.8 6.4-12.8 12.8v230.4c0 6.4 6.4 12.8 12.8 12.8zm-192 0h22.4c6.4 0 12.8-6.4 12.8-12.8V140.8c0-6.4-6.4-12.8-12.8-12.8h-22.4c-6.4 0-12.8 6.4-12.8 12.8v198.4c0 6.4 6.4 12.8 12.8 12.8zm96 0h22.4c6.4 0 12.8-6.4 12.8-12.8V204.8c0-6.4-6.4-12.8-12.8-12.8h-22.4c-6.4 0-12.8 6.4-12.8 12.8v134.4c0 6.4 6.4 12.8 12.8 12.8zM496 400H48V80c0-8.84-7.16-16-16-16H16C7.16 64 0 71.16 0 80v336c0 17.67 14.33 32 32 32h464c8.84 0 16-7.16 16-16v-16c0-8.84-7.16-16-16-16zm-387.2-48h22.4c6.4 0 12.8-6.4 12.8-12.8v-70.4c0-6.4-6.4-12.8-12.8-12.8h-22.4c-6.4 0-12.8 6.4-12.8 12.8v70.4c0 6.4 6.4 12.8 12.8 12.8z\" class=\"\"><\/path><\/svg><\/i> <img loading=\"lazy\" decoding=\"async\" width=\"16\" height=\"16\" alt=\"Loading\" src=\"https:\/\/vocesdelacomuna15.com.ar\/wp-content\/plugins\/page-views-count\/ajax-loader-2x.gif\" border=0 \/><\/p><div class=\"pvc_clear\"><\/div>","protected":false},"excerpt":{"rendered":"<p>Por Manuel Germano&nbsp;(@mangermano). El realizador y &nbsp;dramaturgo&nbsp;Juan Jos\u00e9 Campanella&nbsp;(El secreto de sus ojos, Metegol, Parque Lezama) estren\u00f3 el 10 de enero en el Teatro Politeama \u201cEmpieza con D siete letras\u201d&nbsp;(la cual escribi\u00f3 junto a su mujer, Cecilia Monti), protagonizada por&nbsp;Eduardo Blanco&nbsp;(Parque Lezama, Luna de Avellaneda, El hijo de la novia) y&nbsp;Fernanda Metilli&nbsp;(Exit, Inmaduros, Las chicas [&hellip;]<\/p>\n<div class=\"pvc_clear\"><\/div>\n<p id=\"pvc_stats_64685\" class=\"pvc_stats all  \" data-element-id=\"64685\" style=\"\"><i class=\"pvc-stats-icon small\" aria-hidden=\"true\"><svg aria-hidden=\"true\" focusable=\"false\" data-prefix=\"far\" data-icon=\"chart-bar\" role=\"img\" xmlns=\"http:\/\/www.w3.org\/2000\/svg\" viewBox=\"0 0 512 512\" class=\"svg-inline--fa fa-chart-bar fa-w-16 fa-2x\"><path fill=\"currentColor\" d=\"M396.8 352h22.4c6.4 0 12.8-6.4 12.8-12.8V108.8c0-6.4-6.4-12.8-12.8-12.8h-22.4c-6.4 0-12.8 6.4-12.8 12.8v230.4c0 6.4 6.4 12.8 12.8 12.8zm-192 0h22.4c6.4 0 12.8-6.4 12.8-12.8V140.8c0-6.4-6.4-12.8-12.8-12.8h-22.4c-6.4 0-12.8 6.4-12.8 12.8v198.4c0 6.4 6.4 12.8 12.8 12.8zm96 0h22.4c6.4 0 12.8-6.4 12.8-12.8V204.8c0-6.4-6.4-12.8-12.8-12.8h-22.4c-6.4 0-12.8 6.4-12.8 12.8v134.4c0 6.4 6.4 12.8 12.8 12.8zM496 400H48V80c0-8.84-7.16-16-16-16H16C7.16 64 0 71.16 0 80v336c0 17.67 14.33 32 32 32h464c8.84 0 16-7.16 16-16v-16c0-8.84-7.16-16-16-16zm-387.2-48h22.4c6.4 0 12.8-6.4 12.8-12.8v-70.4c0-6.4-6.4-12.8-12.8-12.8h-22.4c-6.4 0-12.8 6.4-12.8 12.8v70.4c0 6.4 6.4 12.8 12.8 12.8z\" class=\"\"><\/path><\/svg><\/i> <img loading=\"lazy\" decoding=\"async\" width=\"16\" height=\"16\" alt=\"Loading\" src=\"https:\/\/vocesdelacomuna15.com.ar\/wp-content\/plugins\/page-views-count\/ajax-loader-2x.gif\" border=0 \/><\/p>\n<div class=\"pvc_clear\"><\/div>\n","protected":false},"author":2,"featured_media":64686,"comment_status":"open","ping_status":"open","sticky":false,"template":"","format":"standard","meta":{"_et_pb_use_builder":"off","_et_pb_old_content":"","_et_gb_content_width":"","footnotes":""},"categories":[24],"tags":[],"class_list":["post-64685","post","type-post","status-publish","format-standard","has-post-thumbnail","hentry","category-cultura","et-has-post-format-content","et_post_format-et-post-format-standard"],"a3_pvc":{"activated":true,"total_views":94,"today_views":0},"yoast_head":"<!-- This site is optimized with the Yoast SEO plugin v27.4 - https:\/\/yoast.com\/product\/yoast-seo-wordpress\/ -->\n<title>\u00abEmpieza con D, Siete letras\u00bb, de Juan Jos\u00e9 Campanella y Cecilia Monti - Voces de la Comuna 15<\/title>\n<meta name=\"description\" content=\"Voces de la Comuna 15\" \/>\n<meta name=\"robots\" content=\"index, follow, max-snippet:-1, max-image-preview:large, max-video-preview:-1\" \/>\n<link rel=\"canonical\" href=\"https:\/\/vocesdelacomuna15.com.ar\/press\/empieza-con-d-siete-letras-de-juan-jose-campanella-y-cecilia-monti\/\" \/>\n<meta property=\"og:locale\" content=\"es_ES\" \/>\n<meta property=\"og:type\" content=\"article\" \/>\n<meta property=\"og:title\" content=\"\u00abEmpieza con D, Siete letras\u00bb, de Juan Jos\u00e9 Campanella y Cecilia Monti - Voces de la Comuna 15\" \/>\n<meta property=\"og:description\" content=\"Voces de la Comuna 15\" \/>\n<meta property=\"og:url\" content=\"https:\/\/vocesdelacomuna15.com.ar\/press\/empieza-con-d-siete-letras-de-juan-jose-campanella-y-cecilia-monti\/\" \/>\n<meta property=\"og:site_name\" content=\"Voces de la Comuna 15\" \/>\n<meta property=\"article:publisher\" content=\"https:\/\/www.facebook.com\/VocesComuna15\/\" \/>\n<meta property=\"article:published_time\" content=\"2025-01-24T19:08:09+00:00\" \/>\n<meta property=\"article:modified_time\" content=\"2025-01-24T19:08:12+00:00\" \/>\n<meta property=\"og:image\" content=\"https:\/\/vocesdelacomuna15.com.ar\/wp-content\/uploads\/2025\/01\/unnamed-8.png\" \/>\n\t<meta property=\"og:image:width\" content=\"651\" \/>\n\t<meta property=\"og:image:height\" content=\"407\" \/>\n\t<meta property=\"og:image:type\" content=\"image\/png\" \/>\n<meta name=\"author\" content=\"Federico Arguto\" \/>\n<meta name=\"twitter:card\" content=\"summary_large_image\" \/>\n<meta name=\"twitter:creator\" content=\"@vocescomuna15\" \/>\n<meta name=\"twitter:site\" content=\"@vocescomuna15\" \/>\n<meta name=\"twitter:label1\" content=\"Escrito por\" \/>\n\t<meta name=\"twitter:data1\" content=\"Federico Arguto\" \/>\n\t<meta name=\"twitter:label2\" content=\"Tiempo de lectura\" \/>\n\t<meta name=\"twitter:data2\" content=\"3 minutos\" \/>\n<script type=\"application\/ld+json\" class=\"yoast-schema-graph\">{\"@context\":\"https:\\\/\\\/schema.org\",\"@graph\":[{\"@type\":\"Article\",\"@id\":\"https:\\\/\\\/vocesdelacomuna15.com.ar\\\/press\\\/empieza-con-d-siete-letras-de-juan-jose-campanella-y-cecilia-monti\\\/#article\",\"isPartOf\":{\"@id\":\"https:\\\/\\\/vocesdelacomuna15.com.ar\\\/press\\\/empieza-con-d-siete-letras-de-juan-jose-campanella-y-cecilia-monti\\\/\"},\"author\":{\"name\":\"Federico Arguto\",\"@id\":\"https:\\\/\\\/vocesdelacomuna15.com.ar\\\/press\\\/#\\\/schema\\\/person\\\/4739e109db25d799cd3d139eeb509e43\"},\"headline\":\"\u00abEmpieza con D, Siete letras\u00bb, de Juan Jos\u00e9 Campanella y Cecilia Monti\",\"datePublished\":\"2025-01-24T19:08:09+00:00\",\"dateModified\":\"2025-01-24T19:08:12+00:00\",\"mainEntityOfPage\":{\"@id\":\"https:\\\/\\\/vocesdelacomuna15.com.ar\\\/press\\\/empieza-con-d-siete-letras-de-juan-jose-campanella-y-cecilia-monti\\\/\"},\"wordCount\":696,\"commentCount\":0,\"publisher\":{\"@id\":\"https:\\\/\\\/vocesdelacomuna15.com.ar\\\/press\\\/#organization\"},\"image\":{\"@id\":\"https:\\\/\\\/vocesdelacomuna15.com.ar\\\/press\\\/empieza-con-d-siete-letras-de-juan-jose-campanella-y-cecilia-monti\\\/#primaryimage\"},\"thumbnailUrl\":\"https:\\\/\\\/vocesdelacomuna15.com.ar\\\/wp-content\\\/uploads\\\/2025\\\/01\\\/unnamed-8.png\",\"articleSection\":[\"Cultura\"],\"inLanguage\":\"es-AR\",\"potentialAction\":[{\"@type\":\"CommentAction\",\"name\":\"Comment\",\"target\":[\"https:\\\/\\\/vocesdelacomuna15.com.ar\\\/press\\\/empieza-con-d-siete-letras-de-juan-jose-campanella-y-cecilia-monti\\\/#respond\"]}]},{\"@type\":\"WebPage\",\"@id\":\"https:\\\/\\\/vocesdelacomuna15.com.ar\\\/press\\\/empieza-con-d-siete-letras-de-juan-jose-campanella-y-cecilia-monti\\\/\",\"url\":\"https:\\\/\\\/vocesdelacomuna15.com.ar\\\/press\\\/empieza-con-d-siete-letras-de-juan-jose-campanella-y-cecilia-monti\\\/\",\"name\":\"\u00abEmpieza con D, Siete letras\u00bb, de Juan Jos\u00e9 Campanella y Cecilia Monti - Voces de la Comuna 15\",\"isPartOf\":{\"@id\":\"https:\\\/\\\/vocesdelacomuna15.com.ar\\\/press\\\/#website\"},\"primaryImageOfPage\":{\"@id\":\"https:\\\/\\\/vocesdelacomuna15.com.ar\\\/press\\\/empieza-con-d-siete-letras-de-juan-jose-campanella-y-cecilia-monti\\\/#primaryimage\"},\"image\":{\"@id\":\"https:\\\/\\\/vocesdelacomuna15.com.ar\\\/press\\\/empieza-con-d-siete-letras-de-juan-jose-campanella-y-cecilia-monti\\\/#primaryimage\"},\"thumbnailUrl\":\"https:\\\/\\\/vocesdelacomuna15.com.ar\\\/wp-content\\\/uploads\\\/2025\\\/01\\\/unnamed-8.png\",\"datePublished\":\"2025-01-24T19:08:09+00:00\",\"dateModified\":\"2025-01-24T19:08:12+00:00\",\"description\":\"Voces de la Comuna 15\",\"breadcrumb\":{\"@id\":\"https:\\\/\\\/vocesdelacomuna15.com.ar\\\/press\\\/empieza-con-d-siete-letras-de-juan-jose-campanella-y-cecilia-monti\\\/#breadcrumb\"},\"inLanguage\":\"es-AR\",\"potentialAction\":[{\"@type\":\"ReadAction\",\"target\":[\"https:\\\/\\\/vocesdelacomuna15.com.ar\\\/press\\\/empieza-con-d-siete-letras-de-juan-jose-campanella-y-cecilia-monti\\\/\"]}]},{\"@type\":\"ImageObject\",\"inLanguage\":\"es-AR\",\"@id\":\"https:\\\/\\\/vocesdelacomuna15.com.ar\\\/press\\\/empieza-con-d-siete-letras-de-juan-jose-campanella-y-cecilia-monti\\\/#primaryimage\",\"url\":\"https:\\\/\\\/vocesdelacomuna15.com.ar\\\/wp-content\\\/uploads\\\/2025\\\/01\\\/unnamed-8.png\",\"contentUrl\":\"https:\\\/\\\/vocesdelacomuna15.com.ar\\\/wp-content\\\/uploads\\\/2025\\\/01\\\/unnamed-8.png\",\"width\":651,\"height\":407},{\"@type\":\"BreadcrumbList\",\"@id\":\"https:\\\/\\\/vocesdelacomuna15.com.ar\\\/press\\\/empieza-con-d-siete-letras-de-juan-jose-campanella-y-cecilia-monti\\\/#breadcrumb\",\"itemListElement\":[{\"@type\":\"ListItem\",\"position\":1,\"name\":\"Inicio\",\"item\":\"https:\\\/\\\/vocesdelacomuna15.com.ar\\\/press\\\/\"},{\"@type\":\"ListItem\",\"position\":2,\"name\":\"\u00abEmpieza con D, Siete letras\u00bb, de Juan Jos\u00e9 Campanella y Cecilia Monti\"}]},{\"@type\":\"WebSite\",\"@id\":\"https:\\\/\\\/vocesdelacomuna15.com.ar\\\/press\\\/#website\",\"url\":\"https:\\\/\\\/vocesdelacomuna15.com.ar\\\/press\\\/\",\"name\":\"Voces de la Comuna 15\",\"description\":\"Sitio web de noticias\",\"publisher\":{\"@id\":\"https:\\\/\\\/vocesdelacomuna15.com.ar\\\/press\\\/#organization\"},\"potentialAction\":[{\"@type\":\"SearchAction\",\"target\":{\"@type\":\"EntryPoint\",\"urlTemplate\":\"https:\\\/\\\/vocesdelacomuna15.com.ar\\\/press\\\/?s={search_term_string}\"},\"query-input\":{\"@type\":\"PropertyValueSpecification\",\"valueRequired\":true,\"valueName\":\"search_term_string\"}}],\"inLanguage\":\"es-AR\"},{\"@type\":\"Organization\",\"@id\":\"https:\\\/\\\/vocesdelacomuna15.com.ar\\\/press\\\/#organization\",\"name\":\"Voces de la Comuna 15\",\"url\":\"https:\\\/\\\/vocesdelacomuna15.com.ar\\\/press\\\/\",\"logo\":{\"@type\":\"ImageObject\",\"inLanguage\":\"es-AR\",\"@id\":\"https:\\\/\\\/vocesdelacomuna15.com.ar\\\/press\\\/#\\\/schema\\\/logo\\\/image\\\/\",\"url\":\"https:\\\/\\\/vocesdelacomuna15.com.ar\\\/wp-content\\\/uploads\\\/2024\\\/12\\\/cropped-logo_voces.jpg\",\"contentUrl\":\"https:\\\/\\\/vocesdelacomuna15.com.ar\\\/wp-content\\\/uploads\\\/2024\\\/12\\\/cropped-logo_voces.jpg\",\"width\":512,\"height\":512,\"caption\":\"Voces de la Comuna 15\"},\"image\":{\"@id\":\"https:\\\/\\\/vocesdelacomuna15.com.ar\\\/press\\\/#\\\/schema\\\/logo\\\/image\\\/\"},\"sameAs\":[\"https:\\\/\\\/www.facebook.com\\\/VocesComuna15\\\/\",\"https:\\\/\\\/x.com\\\/vocescomuna15\"]},{\"@type\":\"Person\",\"@id\":\"https:\\\/\\\/vocesdelacomuna15.com.ar\\\/press\\\/#\\\/schema\\\/person\\\/4739e109db25d799cd3d139eeb509e43\",\"name\":\"Federico Arguto\",\"image\":{\"@type\":\"ImageObject\",\"inLanguage\":\"es-AR\",\"@id\":\"https:\\\/\\\/vocesdelacomuna15.com.ar\\\/wp-content\\\/litespeed\\\/avatar\\\/82faf979976f1bae889b8b71f8a0a7e5.jpg?ver=1776814847\",\"url\":\"https:\\\/\\\/vocesdelacomuna15.com.ar\\\/wp-content\\\/litespeed\\\/avatar\\\/82faf979976f1bae889b8b71f8a0a7e5.jpg?ver=1776814847\",\"contentUrl\":\"https:\\\/\\\/vocesdelacomuna15.com.ar\\\/wp-content\\\/litespeed\\\/avatar\\\/82faf979976f1bae889b8b71f8a0a7e5.jpg?ver=1776814847\",\"caption\":\"Federico Arguto\"},\"url\":\"https:\\\/\\\/vocesdelacomuna15.com.ar\\\/press\\\/author\\\/fede\\\/\"}]}<\/script>\n<!-- \/ Yoast SEO plugin. -->","yoast_head_json":{"title":"\u00abEmpieza con D, Siete letras\u00bb, de Juan Jos\u00e9 Campanella y Cecilia Monti - Voces de la Comuna 15","description":"Voces de la Comuna 15","robots":{"index":"index","follow":"follow","max-snippet":"max-snippet:-1","max-image-preview":"max-image-preview:large","max-video-preview":"max-video-preview:-1"},"canonical":"https:\/\/vocesdelacomuna15.com.ar\/press\/empieza-con-d-siete-letras-de-juan-jose-campanella-y-cecilia-monti\/","og_locale":"es_ES","og_type":"article","og_title":"\u00abEmpieza con D, Siete letras\u00bb, de Juan Jos\u00e9 Campanella y Cecilia Monti - Voces de la Comuna 15","og_description":"Voces de la Comuna 15","og_url":"https:\/\/vocesdelacomuna15.com.ar\/press\/empieza-con-d-siete-letras-de-juan-jose-campanella-y-cecilia-monti\/","og_site_name":"Voces de la Comuna 15","article_publisher":"https:\/\/www.facebook.com\/VocesComuna15\/","article_published_time":"2025-01-24T19:08:09+00:00","article_modified_time":"2025-01-24T19:08:12+00:00","og_image":[{"width":651,"height":407,"url":"https:\/\/vocesdelacomuna15.com.ar\/wp-content\/uploads\/2025\/01\/unnamed-8.png","type":"image\/png"}],"author":"Federico Arguto","twitter_card":"summary_large_image","twitter_creator":"@vocescomuna15","twitter_site":"@vocescomuna15","twitter_misc":{"Escrito por":"Federico Arguto","Tiempo de lectura":"3 minutos"},"schema":{"@context":"https:\/\/schema.org","@graph":[{"@type":"Article","@id":"https:\/\/vocesdelacomuna15.com.ar\/press\/empieza-con-d-siete-letras-de-juan-jose-campanella-y-cecilia-monti\/#article","isPartOf":{"@id":"https:\/\/vocesdelacomuna15.com.ar\/press\/empieza-con-d-siete-letras-de-juan-jose-campanella-y-cecilia-monti\/"},"author":{"name":"Federico Arguto","@id":"https:\/\/vocesdelacomuna15.com.ar\/press\/#\/schema\/person\/4739e109db25d799cd3d139eeb509e43"},"headline":"\u00abEmpieza con D, Siete letras\u00bb, de Juan Jos\u00e9 Campanella y Cecilia Monti","datePublished":"2025-01-24T19:08:09+00:00","dateModified":"2025-01-24T19:08:12+00:00","mainEntityOfPage":{"@id":"https:\/\/vocesdelacomuna15.com.ar\/press\/empieza-con-d-siete-letras-de-juan-jose-campanella-y-cecilia-monti\/"},"wordCount":696,"commentCount":0,"publisher":{"@id":"https:\/\/vocesdelacomuna15.com.ar\/press\/#organization"},"image":{"@id":"https:\/\/vocesdelacomuna15.com.ar\/press\/empieza-con-d-siete-letras-de-juan-jose-campanella-y-cecilia-monti\/#primaryimage"},"thumbnailUrl":"https:\/\/vocesdelacomuna15.com.ar\/wp-content\/uploads\/2025\/01\/unnamed-8.png","articleSection":["Cultura"],"inLanguage":"es-AR","potentialAction":[{"@type":"CommentAction","name":"Comment","target":["https:\/\/vocesdelacomuna15.com.ar\/press\/empieza-con-d-siete-letras-de-juan-jose-campanella-y-cecilia-monti\/#respond"]}]},{"@type":"WebPage","@id":"https:\/\/vocesdelacomuna15.com.ar\/press\/empieza-con-d-siete-letras-de-juan-jose-campanella-y-cecilia-monti\/","url":"https:\/\/vocesdelacomuna15.com.ar\/press\/empieza-con-d-siete-letras-de-juan-jose-campanella-y-cecilia-monti\/","name":"\u00abEmpieza con D, Siete letras\u00bb, de Juan Jos\u00e9 Campanella y Cecilia Monti - Voces de la Comuna 15","isPartOf":{"@id":"https:\/\/vocesdelacomuna15.com.ar\/press\/#website"},"primaryImageOfPage":{"@id":"https:\/\/vocesdelacomuna15.com.ar\/press\/empieza-con-d-siete-letras-de-juan-jose-campanella-y-cecilia-monti\/#primaryimage"},"image":{"@id":"https:\/\/vocesdelacomuna15.com.ar\/press\/empieza-con-d-siete-letras-de-juan-jose-campanella-y-cecilia-monti\/#primaryimage"},"thumbnailUrl":"https:\/\/vocesdelacomuna15.com.ar\/wp-content\/uploads\/2025\/01\/unnamed-8.png","datePublished":"2025-01-24T19:08:09+00:00","dateModified":"2025-01-24T19:08:12+00:00","description":"Voces de la Comuna 15","breadcrumb":{"@id":"https:\/\/vocesdelacomuna15.com.ar\/press\/empieza-con-d-siete-letras-de-juan-jose-campanella-y-cecilia-monti\/#breadcrumb"},"inLanguage":"es-AR","potentialAction":[{"@type":"ReadAction","target":["https:\/\/vocesdelacomuna15.com.ar\/press\/empieza-con-d-siete-letras-de-juan-jose-campanella-y-cecilia-monti\/"]}]},{"@type":"ImageObject","inLanguage":"es-AR","@id":"https:\/\/vocesdelacomuna15.com.ar\/press\/empieza-con-d-siete-letras-de-juan-jose-campanella-y-cecilia-monti\/#primaryimage","url":"https:\/\/vocesdelacomuna15.com.ar\/wp-content\/uploads\/2025\/01\/unnamed-8.png","contentUrl":"https:\/\/vocesdelacomuna15.com.ar\/wp-content\/uploads\/2025\/01\/unnamed-8.png","width":651,"height":407},{"@type":"BreadcrumbList","@id":"https:\/\/vocesdelacomuna15.com.ar\/press\/empieza-con-d-siete-letras-de-juan-jose-campanella-y-cecilia-monti\/#breadcrumb","itemListElement":[{"@type":"ListItem","position":1,"name":"Inicio","item":"https:\/\/vocesdelacomuna15.com.ar\/press\/"},{"@type":"ListItem","position":2,"name":"\u00abEmpieza con D, Siete letras\u00bb, de Juan Jos\u00e9 Campanella y Cecilia Monti"}]},{"@type":"WebSite","@id":"https:\/\/vocesdelacomuna15.com.ar\/press\/#website","url":"https:\/\/vocesdelacomuna15.com.ar\/press\/","name":"Voces de la Comuna 15","description":"Sitio web de noticias","publisher":{"@id":"https:\/\/vocesdelacomuna15.com.ar\/press\/#organization"},"potentialAction":[{"@type":"SearchAction","target":{"@type":"EntryPoint","urlTemplate":"https:\/\/vocesdelacomuna15.com.ar\/press\/?s={search_term_string}"},"query-input":{"@type":"PropertyValueSpecification","valueRequired":true,"valueName":"search_term_string"}}],"inLanguage":"es-AR"},{"@type":"Organization","@id":"https:\/\/vocesdelacomuna15.com.ar\/press\/#organization","name":"Voces de la Comuna 15","url":"https:\/\/vocesdelacomuna15.com.ar\/press\/","logo":{"@type":"ImageObject","inLanguage":"es-AR","@id":"https:\/\/vocesdelacomuna15.com.ar\/press\/#\/schema\/logo\/image\/","url":"https:\/\/vocesdelacomuna15.com.ar\/wp-content\/uploads\/2024\/12\/cropped-logo_voces.jpg","contentUrl":"https:\/\/vocesdelacomuna15.com.ar\/wp-content\/uploads\/2024\/12\/cropped-logo_voces.jpg","width":512,"height":512,"caption":"Voces de la Comuna 15"},"image":{"@id":"https:\/\/vocesdelacomuna15.com.ar\/press\/#\/schema\/logo\/image\/"},"sameAs":["https:\/\/www.facebook.com\/VocesComuna15\/","https:\/\/x.com\/vocescomuna15"]},{"@type":"Person","@id":"https:\/\/vocesdelacomuna15.com.ar\/press\/#\/schema\/person\/4739e109db25d799cd3d139eeb509e43","name":"Federico Arguto","image":{"@type":"ImageObject","inLanguage":"es-AR","@id":"https:\/\/vocesdelacomuna15.com.ar\/wp-content\/litespeed\/avatar\/82faf979976f1bae889b8b71f8a0a7e5.jpg?ver=1776814847","url":"https:\/\/vocesdelacomuna15.com.ar\/wp-content\/litespeed\/avatar\/82faf979976f1bae889b8b71f8a0a7e5.jpg?ver=1776814847","contentUrl":"https:\/\/vocesdelacomuna15.com.ar\/wp-content\/litespeed\/avatar\/82faf979976f1bae889b8b71f8a0a7e5.jpg?ver=1776814847","caption":"Federico Arguto"},"url":"https:\/\/vocesdelacomuna15.com.ar\/press\/author\/fede\/"}]}},"_links":{"self":[{"href":"https:\/\/vocesdelacomuna15.com.ar\/press\/wp-json\/wp\/v2\/posts\/64685","targetHints":{"allow":["GET"]}}],"collection":[{"href":"https:\/\/vocesdelacomuna15.com.ar\/press\/wp-json\/wp\/v2\/posts"}],"about":[{"href":"https:\/\/vocesdelacomuna15.com.ar\/press\/wp-json\/wp\/v2\/types\/post"}],"author":[{"embeddable":true,"href":"https:\/\/vocesdelacomuna15.com.ar\/press\/wp-json\/wp\/v2\/users\/2"}],"replies":[{"embeddable":true,"href":"https:\/\/vocesdelacomuna15.com.ar\/press\/wp-json\/wp\/v2\/comments?post=64685"}],"version-history":[{"count":1,"href":"https:\/\/vocesdelacomuna15.com.ar\/press\/wp-json\/wp\/v2\/posts\/64685\/revisions"}],"predecessor-version":[{"id":64689,"href":"https:\/\/vocesdelacomuna15.com.ar\/press\/wp-json\/wp\/v2\/posts\/64685\/revisions\/64689"}],"wp:featuredmedia":[{"embeddable":true,"href":"https:\/\/vocesdelacomuna15.com.ar\/press\/wp-json\/wp\/v2\/media\/64686"}],"wp:attachment":[{"href":"https:\/\/vocesdelacomuna15.com.ar\/press\/wp-json\/wp\/v2\/media?parent=64685"}],"wp:term":[{"taxonomy":"category","embeddable":true,"href":"https:\/\/vocesdelacomuna15.com.ar\/press\/wp-json\/wp\/v2\/categories?post=64685"},{"taxonomy":"post_tag","embeddable":true,"href":"https:\/\/vocesdelacomuna15.com.ar\/press\/wp-json\/wp\/v2\/tags?post=64685"}],"curies":[{"name":"wp","href":"https:\/\/api.w.org\/{rel}","templated":true}]}}