{"id":64682,"date":"2025-01-24T14:08:39","date_gmt":"2025-01-24T17:08:39","guid":{"rendered":"https:\/\/vocesdelacomuna15.com.ar\/press\/?p=64682"},"modified":"2025-01-24T14:08:42","modified_gmt":"2025-01-24T17:08:42","slug":"los-docentes-piden-mayor-formacion-en-alfabetizacion-educacion-inclusiva-y-tecnologia","status":"publish","type":"post","link":"https:\/\/vocesdelacomuna15.com.ar\/press\/los-docentes-piden-mayor-formacion-en-alfabetizacion-educacion-inclusiva-y-tecnologia\/","title":{"rendered":"Los docentes piden mayor formaci\u00f3n en alfabetizaci\u00f3n, educaci\u00f3n inclusiva y tecnolog\u00eda"},"content":{"rendered":"\n<p><em>El dato surge de las respuestas de los maestros a los cuestionarios del operativo Aprender de primaria 2023. Ah\u00ed tambi\u00e9n se puede ver que a nivel nacional, el 97% de los docentes realiza capacitaciones despu\u00e9s de recibirse. Pedagog\u00eda, Lengua y Matem\u00e1tica son las tres \u00e1reas tem\u00e1ticas m\u00e1s elegidas. Adem\u00e1s de hacer cursos, 3 de cada 10 docentes contin\u00faan su formaci\u00f3n con post\u00edtulos, diplomaturas y otras opciones acad\u00e9micas.<\/em><\/p>\n\n\n\n<p><strong>Fuente: Prensa Argentinos por la Educaci\u00f3n<\/strong><\/p>\n\n\n\n<p><strong>Link a nota completa: <a href=\"https:\/\/prensa.argentinosporlaeducacion.org\/los-docentes-piden-mayor-formacion-en-alfabetizacion\">https:\/\/prensa.argentinosporlaeducacion.org\/los-docentes-piden-mayor-formacion-en-alfabetizacion<\/a><\/strong><\/p>\n\n\n\n<p>Entre los docentes m\u00e1s j\u00f3venes, la alfabetizaci\u00f3n figura como el tema de mayor inter\u00e9s. Educaci\u00f3n inclusiva y discapacidad, junto con uso pedag\u00f3gico de las nuevas tecnolog\u00edas, son las dos tem\u00e1ticas que m\u00e1s interesan a los maestros argentinos de primaria a la hora de buscar capacitaciones.<\/p>\n\n\n\n<p>Los datos surgen del informe \u201c<strong>Formaci\u00f3n continua de los maestros de grado<\/strong>\u201d, de Argentinos por la Educaci\u00f3n, con autor\u00eda de Emmanuel Lista (experto en formaci\u00f3n docente), Eugenia Orlicki y Leyre S\u00e1enz Guill\u00e9n (Observatorio de Argentinos por la Educaci\u00f3n). El documento analiza las principales tem\u00e1ticas, motivaciones e intereses de formaci\u00f3n continua de los docentes a nivel nacional, a partir de los cuestionarios que respondieron los maestros de 6\u00ba grado de primaria en la prueba Aprender 2023.<\/p>\n\n\n\n<p>Potenciar la formaci\u00f3n docente, incluyendo la capacitaci\u00f3n continua, es una de las 10 prioridades de la agenda educativa incluidas en el Acuerdo por la Educaci\u00f3n presentado en 2024 por m\u00e1s de 200 expertos del \u00e1mbito educativo .<\/p>\n\n\n\n<p>El 92,6% de los maestros de grado cuentan con un profesorado como su formaci\u00f3n inicial. El 58% posee exclusivamente el t\u00edtulo de profesor, es decir que no realiz\u00f3 formaciones adicionales en institutos de formaci\u00f3n docente o en universidades. Entre los que s\u00ed continuaron: el 17% declara haber realizado un post\u00edtulo, el 11,5% curs\u00f3 una diplomatura y el 8% alcanz\u00f3 una especializaci\u00f3n. Son m\u00e1s bajos los porcentajes de docentes que cursaron maestr\u00edas (0,6%) o doctorados (0,1%).<\/p>\n\n\n\n<p>A nivel nacional, solo el 3% de los docentes declararon no haber realizado capacitaciones de perfeccionamiento en los \u00faltimos dos a\u00f1os. Estas cifras var\u00edan entre provincias: en Santa Fe, el 7% no realiz\u00f3 capacitaciones, mientras que provincias como Chaco, Entre R\u00edos, Formosa, Misiones y Tucum\u00e1n registran apenas un 1%<\/p>\n\n\n\n<p>Las tem\u00e1ticas m\u00e1s recurrentes en las opciones de formaci\u00f3n continua que eligen los docentes se refieren a cuestiones de Pedagog\u00eda general (como evaluaci\u00f3n, curr\u00edculum y procesos de aprendizaje), con una participaci\u00f3n del 71% entre los docentes con menos de 5 a\u00f1os de antig\u00fcedad y del 78% para aquellos con entre 6 y 20 a\u00f1os y m\u00e1s de 20 a\u00f1os de antig\u00fcedad. Luego siguen las capacitaciones en Pr\u00e1cticas del Lenguaje\/Lengua con un 62% para los docentes de menos de 5 a\u00f1os de antig\u00fcedad y un 69% para aquellos con entre 6 y 20 a\u00f1os y m\u00e1s de 20 a\u00f1os. En tercer lugar, figura problem\u00e1ticas socioeducativas para los docentes de menos de 5 a\u00f1os de antig\u00fcedad (58%) y Matem\u00e1tica para aquellos entre 6 y 20 a\u00f1os y m\u00e1s de 20 a\u00f1os (61% y 63% respectivamente). M\u00e1s atr\u00e1s quedan las tem\u00e1ticas vinculadas con Ciencias Naturales y Ciencias Sociales.<\/p>\n\n\n\n<p>El informe encontr\u00f3 algunas diferencias entre los intereses formativos de los docentes seg\u00fan su antig\u00fcedad. En el grupo de menos de 5 a\u00f1os de antig\u00fcedad los principales intereses son: ense\u00f1anza de la lectura y escritura y alfabetizaci\u00f3n inicial (72%) y educaci\u00f3n inclusiva y discapacidad (71%). \u200b En los docentes de entre 6 y 20 a\u00f1os de antig\u00fcedad y con m\u00e1s de 20 a\u00f1os de antig\u00fcedad, las tres tem\u00e1ticas m\u00e1s mencionadas coinciden: educaci\u00f3n inclusiva y discapacidad (66% y 60%), uso pedag\u00f3gico de las TICs (61% y 59%).<\/p>\n\n\n\n<p><strong>Emmanuel Lista<\/strong>, coautor del informe, asegura: \u201cNuestro pa\u00eds lleva d\u00e9cadas ofreciendo formaci\u00f3n docente continua en diversas \u00e1reas, como la ense\u00f1anza con tecnolog\u00edas o la alfabetizaci\u00f3n inicial. Sin embargo, estas y otras \u00e1reas contin\u00faan siendo altamente demandadas por docentes de todos los niveles de experiencia. Esto invita a reflexionar, sobre la efectividad de las formaciones que se ofrecen para abordar las necesidades reales de la pr\u00e1ctica docente, la disponibilidad y cobertura de las ofertas formativas o la complejidad de implementar pol\u00edticas efectivas de formaci\u00f3n sobre una amplia variedad de temas.\u201d<\/p>\n\n\n\n<p>\u201cLa formaci\u00f3n continua de los docentes es la piedra angular de cualquier sistema educativo que aspire a la excelencia y la equidad. En el caso de Argentina, destacar\u00eda la necesidad de un enfoque que conecte las demandas reales de los educadores con ofertas formativas relevantes. Invertir en el desarrollo profesional de los docentes no solo mejora la calidad de la ense\u00f1anza, sino que tambi\u00e9n es un motor de justicia social, ya que fortalece la capacidad del sistema educativo para atender la diversidad en las aulas y cerrar brechas de aprendizaje\u201d, se\u00f1ala&nbsp;<strong>Romina Busain<\/strong>, profesora de Matem\u00e1tica en el nivel secundario.<\/p>\n\n\n\n<p><strong>Marina Bertone<\/strong>, docente del nivel primario, cuenta que desde su experiencia ha atravesado diferentes enfoques did\u00e1cticos, cambios en las curr\u00edculas y diversas corrientes pedag\u00f3gicas. \u201cConsidero fundamental e irrenunciable la formaci\u00f3n continua, ya que lo adquirido en la formaci\u00f3n de base es solo una certificaci\u00f3n que te habilita para comenzar. Por supuesto que la experiencia y los a\u00f1os frente al aula van delineando mucho del perfil, pero eso no alcanza. Involucrar a los docentes en la identificaci\u00f3n de necesidades y la elaboraci\u00f3n de los programas de formaci\u00f3n podr\u00eda ser un gran paso\u201d, concluye.<\/p>\n\n\n\n<p><\/p>\n\n\n\n<p><\/p>\n\n\n\n<p>Caracteres: 5417<\/p>\n<div class=\"pvc_clear\"><\/div><p id=\"pvc_stats_64682\" class=\"pvc_stats all  \" data-element-id=\"64682\" style=\"\"><i class=\"pvc-stats-icon small\" aria-hidden=\"true\"><svg aria-hidden=\"true\" focusable=\"false\" data-prefix=\"far\" data-icon=\"chart-bar\" role=\"img\" xmlns=\"http:\/\/www.w3.org\/2000\/svg\" viewBox=\"0 0 512 512\" class=\"svg-inline--fa fa-chart-bar fa-w-16 fa-2x\"><path fill=\"currentColor\" d=\"M396.8 352h22.4c6.4 0 12.8-6.4 12.8-12.8V108.8c0-6.4-6.4-12.8-12.8-12.8h-22.4c-6.4 0-12.8 6.4-12.8 12.8v230.4c0 6.4 6.4 12.8 12.8 12.8zm-192 0h22.4c6.4 0 12.8-6.4 12.8-12.8V140.8c0-6.4-6.4-12.8-12.8-12.8h-22.4c-6.4 0-12.8 6.4-12.8 12.8v198.4c0 6.4 6.4 12.8 12.8 12.8zm96 0h22.4c6.4 0 12.8-6.4 12.8-12.8V204.8c0-6.4-6.4-12.8-12.8-12.8h-22.4c-6.4 0-12.8 6.4-12.8 12.8v134.4c0 6.4 6.4 12.8 12.8 12.8zM496 400H48V80c0-8.84-7.16-16-16-16H16C7.16 64 0 71.16 0 80v336c0 17.67 14.33 32 32 32h464c8.84 0 16-7.16 16-16v-16c0-8.84-7.16-16-16-16zm-387.2-48h22.4c6.4 0 12.8-6.4 12.8-12.8v-70.4c0-6.4-6.4-12.8-12.8-12.8h-22.4c-6.4 0-12.8 6.4-12.8 12.8v70.4c0 6.4 6.4 12.8 12.8 12.8z\" class=\"\"><\/path><\/svg><\/i> <img loading=\"lazy\" decoding=\"async\" width=\"16\" height=\"16\" alt=\"Loading\" src=\"https:\/\/vocesdelacomuna15.com.ar\/wp-content\/plugins\/page-views-count\/ajax-loader-2x.gif\" border=0 \/><\/p><div class=\"pvc_clear\"><\/div>","protected":false},"excerpt":{"rendered":"<p>El dato surge de las respuestas de los maestros a los cuestionarios del operativo Aprender de primaria 2023. Ah\u00ed tambi\u00e9n se puede ver que a nivel nacional, el 97% de los docentes realiza capacitaciones despu\u00e9s de recibirse. Pedagog\u00eda, Lengua y Matem\u00e1tica son las tres \u00e1reas tem\u00e1ticas m\u00e1s elegidas. Adem\u00e1s de hacer cursos, 3 de cada [&hellip;]<\/p>\n<div class=\"pvc_clear\"><\/div>\n<p id=\"pvc_stats_64682\" class=\"pvc_stats all  \" data-element-id=\"64682\" style=\"\"><i class=\"pvc-stats-icon small\" aria-hidden=\"true\"><svg aria-hidden=\"true\" focusable=\"false\" data-prefix=\"far\" data-icon=\"chart-bar\" role=\"img\" xmlns=\"http:\/\/www.w3.org\/2000\/svg\" viewBox=\"0 0 512 512\" class=\"svg-inline--fa fa-chart-bar fa-w-16 fa-2x\"><path fill=\"currentColor\" d=\"M396.8 352h22.4c6.4 0 12.8-6.4 12.8-12.8V108.8c0-6.4-6.4-12.8-12.8-12.8h-22.4c-6.4 0-12.8 6.4-12.8 12.8v230.4c0 6.4 6.4 12.8 12.8 12.8zm-192 0h22.4c6.4 0 12.8-6.4 12.8-12.8V140.8c0-6.4-6.4-12.8-12.8-12.8h-22.4c-6.4 0-12.8 6.4-12.8 12.8v198.4c0 6.4 6.4 12.8 12.8 12.8zm96 0h22.4c6.4 0 12.8-6.4 12.8-12.8V204.8c0-6.4-6.4-12.8-12.8-12.8h-22.4c-6.4 0-12.8 6.4-12.8 12.8v134.4c0 6.4 6.4 12.8 12.8 12.8zM496 400H48V80c0-8.84-7.16-16-16-16H16C7.16 64 0 71.16 0 80v336c0 17.67 14.33 32 32 32h464c8.84 0 16-7.16 16-16v-16c0-8.84-7.16-16-16-16zm-387.2-48h22.4c6.4 0 12.8-6.4 12.8-12.8v-70.4c0-6.4-6.4-12.8-12.8-12.8h-22.4c-6.4 0-12.8 6.4-12.8 12.8v70.4c0 6.4 6.4 12.8 12.8 12.8z\" class=\"\"><\/path><\/svg><\/i> <img loading=\"lazy\" decoding=\"async\" width=\"16\" height=\"16\" alt=\"Loading\" src=\"https:\/\/vocesdelacomuna15.com.ar\/wp-content\/plugins\/page-views-count\/ajax-loader-2x.gif\" border=0 \/><\/p>\n<div class=\"pvc_clear\"><\/div>\n","protected":false},"author":2,"featured_media":64683,"comment_status":"open","ping_status":"open","sticky":false,"template":"","format":"standard","meta":{"_et_pb_use_builder":"off","_et_pb_old_content":"","_et_gb_content_width":"","footnotes":""},"categories":[8],"tags":[],"class_list":["post-64682","post","type-post","status-publish","format-standard","has-post-thumbnail","hentry","category-sociedad","et-has-post-format-content","et_post_format-et-post-format-standard"],"a3_pvc":{"activated":true,"total_views":31,"today_views":0},"yoast_head":"<!-- This site is optimized with the Yoast SEO plugin v27.4 - https:\/\/yoast.com\/product\/yoast-seo-wordpress\/ -->\n<title>Los docentes piden mayor formaci\u00f3n en alfabetizaci\u00f3n, educaci\u00f3n inclusiva y tecnolog\u00eda - Voces de la Comuna 15<\/title>\n<meta name=\"description\" content=\"Voces de la Comuna 15\" \/>\n<meta name=\"robots\" content=\"index, follow, max-snippet:-1, max-image-preview:large, max-video-preview:-1\" \/>\n<link rel=\"canonical\" href=\"https:\/\/vocesdelacomuna15.com.ar\/press\/los-docentes-piden-mayor-formacion-en-alfabetizacion-educacion-inclusiva-y-tecnologia\/\" \/>\n<meta property=\"og:locale\" content=\"es_ES\" \/>\n<meta property=\"og:type\" content=\"article\" \/>\n<meta property=\"og:title\" content=\"Los docentes piden mayor formaci\u00f3n en alfabetizaci\u00f3n, educaci\u00f3n inclusiva y tecnolog\u00eda - Voces de la Comuna 15\" \/>\n<meta property=\"og:description\" content=\"Voces de la Comuna 15\" \/>\n<meta property=\"og:url\" content=\"https:\/\/vocesdelacomuna15.com.ar\/press\/los-docentes-piden-mayor-formacion-en-alfabetizacion-educacion-inclusiva-y-tecnologia\/\" \/>\n<meta property=\"og:site_name\" content=\"Voces de la Comuna 15\" \/>\n<meta property=\"article:publisher\" content=\"https:\/\/www.facebook.com\/VocesComuna15\/\" \/>\n<meta property=\"article:published_time\" content=\"2025-01-24T17:08:39+00:00\" \/>\n<meta property=\"article:modified_time\" content=\"2025-01-24T17:08:42+00:00\" \/>\n<meta property=\"og:image\" content=\"https:\/\/vocesdelacomuna15.com.ar\/wp-content\/uploads\/2024\/12\/cropped-logo_voces.jpg\" \/>\n\t<meta property=\"og:image:width\" content=\"512\" \/>\n\t<meta property=\"og:image:height\" content=\"512\" \/>\n\t<meta property=\"og:image:type\" content=\"image\/jpeg\" \/>\n<meta name=\"author\" content=\"Federico Arguto\" \/>\n<meta name=\"twitter:card\" content=\"summary_large_image\" \/>\n<meta name=\"twitter:creator\" content=\"@vocescomuna15\" \/>\n<meta name=\"twitter:site\" content=\"@vocescomuna15\" \/>\n<meta name=\"twitter:label1\" content=\"Escrito por\" \/>\n\t<meta name=\"twitter:data1\" content=\"Federico Arguto\" \/>\n\t<meta name=\"twitter:label2\" content=\"Tiempo de lectura\" \/>\n\t<meta name=\"twitter:data2\" content=\"5 minutos\" \/>\n<script type=\"application\/ld+json\" class=\"yoast-schema-graph\">{\"@context\":\"https:\\\/\\\/schema.org\",\"@graph\":[{\"@type\":\"Article\",\"@id\":\"https:\\\/\\\/vocesdelacomuna15.com.ar\\\/press\\\/los-docentes-piden-mayor-formacion-en-alfabetizacion-educacion-inclusiva-y-tecnologia\\\/#article\",\"isPartOf\":{\"@id\":\"https:\\\/\\\/vocesdelacomuna15.com.ar\\\/press\\\/los-docentes-piden-mayor-formacion-en-alfabetizacion-educacion-inclusiva-y-tecnologia\\\/\"},\"author\":{\"name\":\"Federico Arguto\",\"@id\":\"https:\\\/\\\/vocesdelacomuna15.com.ar\\\/press\\\/#\\\/schema\\\/person\\\/4739e109db25d799cd3d139eeb509e43\"},\"headline\":\"Los docentes piden mayor formaci\u00f3n en alfabetizaci\u00f3n, educaci\u00f3n inclusiva y tecnolog\u00eda\",\"datePublished\":\"2025-01-24T17:08:39+00:00\",\"dateModified\":\"2025-01-24T17:08:42+00:00\",\"mainEntityOfPage\":{\"@id\":\"https:\\\/\\\/vocesdelacomuna15.com.ar\\\/press\\\/los-docentes-piden-mayor-formacion-en-alfabetizacion-educacion-inclusiva-y-tecnologia\\\/\"},\"wordCount\":960,\"commentCount\":0,\"publisher\":{\"@id\":\"https:\\\/\\\/vocesdelacomuna15.com.ar\\\/press\\\/#organization\"},\"image\":{\"@id\":\"https:\\\/\\\/vocesdelacomuna15.com.ar\\\/press\\\/los-docentes-piden-mayor-formacion-en-alfabetizacion-educacion-inclusiva-y-tecnologia\\\/#primaryimage\"},\"thumbnailUrl\":\"https:\\\/\\\/vocesdelacomuna15.com.ar\\\/wp-content\\\/uploads\\\/2025\\\/01\\\/Grafico-1.-Nivel-educativo-adicional-a-la-formacion-inicial-de-los-docentes-de-sexto-grado-2023.avif\",\"articleSection\":[\"Sociedad\"],\"inLanguage\":\"es-AR\",\"potentialAction\":[{\"@type\":\"CommentAction\",\"name\":\"Comment\",\"target\":[\"https:\\\/\\\/vocesdelacomuna15.com.ar\\\/press\\\/los-docentes-piden-mayor-formacion-en-alfabetizacion-educacion-inclusiva-y-tecnologia\\\/#respond\"]}]},{\"@type\":\"WebPage\",\"@id\":\"https:\\\/\\\/vocesdelacomuna15.com.ar\\\/press\\\/los-docentes-piden-mayor-formacion-en-alfabetizacion-educacion-inclusiva-y-tecnologia\\\/\",\"url\":\"https:\\\/\\\/vocesdelacomuna15.com.ar\\\/press\\\/los-docentes-piden-mayor-formacion-en-alfabetizacion-educacion-inclusiva-y-tecnologia\\\/\",\"name\":\"Los docentes piden mayor formaci\u00f3n en alfabetizaci\u00f3n, educaci\u00f3n inclusiva y tecnolog\u00eda - Voces de la Comuna 15\",\"isPartOf\":{\"@id\":\"https:\\\/\\\/vocesdelacomuna15.com.ar\\\/press\\\/#website\"},\"primaryImageOfPage\":{\"@id\":\"https:\\\/\\\/vocesdelacomuna15.com.ar\\\/press\\\/los-docentes-piden-mayor-formacion-en-alfabetizacion-educacion-inclusiva-y-tecnologia\\\/#primaryimage\"},\"image\":{\"@id\":\"https:\\\/\\\/vocesdelacomuna15.com.ar\\\/press\\\/los-docentes-piden-mayor-formacion-en-alfabetizacion-educacion-inclusiva-y-tecnologia\\\/#primaryimage\"},\"thumbnailUrl\":\"https:\\\/\\\/vocesdelacomuna15.com.ar\\\/wp-content\\\/uploads\\\/2025\\\/01\\\/Grafico-1.-Nivel-educativo-adicional-a-la-formacion-inicial-de-los-docentes-de-sexto-grado-2023.avif\",\"datePublished\":\"2025-01-24T17:08:39+00:00\",\"dateModified\":\"2025-01-24T17:08:42+00:00\",\"description\":\"Voces de la Comuna 15\",\"breadcrumb\":{\"@id\":\"https:\\\/\\\/vocesdelacomuna15.com.ar\\\/press\\\/los-docentes-piden-mayor-formacion-en-alfabetizacion-educacion-inclusiva-y-tecnologia\\\/#breadcrumb\"},\"inLanguage\":\"es-AR\",\"potentialAction\":[{\"@type\":\"ReadAction\",\"target\":[\"https:\\\/\\\/vocesdelacomuna15.com.ar\\\/press\\\/los-docentes-piden-mayor-formacion-en-alfabetizacion-educacion-inclusiva-y-tecnologia\\\/\"]}]},{\"@type\":\"ImageObject\",\"inLanguage\":\"es-AR\",\"@id\":\"https:\\\/\\\/vocesdelacomuna15.com.ar\\\/press\\\/los-docentes-piden-mayor-formacion-en-alfabetizacion-educacion-inclusiva-y-tecnologia\\\/#primaryimage\",\"url\":\"https:\\\/\\\/vocesdelacomuna15.com.ar\\\/wp-content\\\/uploads\\\/2025\\\/01\\\/Grafico-1.-Nivel-educativo-adicional-a-la-formacion-inicial-de-los-docentes-de-sexto-grado-2023.avif\",\"contentUrl\":\"https:\\\/\\\/vocesdelacomuna15.com.ar\\\/wp-content\\\/uploads\\\/2025\\\/01\\\/Grafico-1.-Nivel-educativo-adicional-a-la-formacion-inicial-de-los-docentes-de-sexto-grado-2023.avif\",\"width\":1200,\"height\":743},{\"@type\":\"BreadcrumbList\",\"@id\":\"https:\\\/\\\/vocesdelacomuna15.com.ar\\\/press\\\/los-docentes-piden-mayor-formacion-en-alfabetizacion-educacion-inclusiva-y-tecnologia\\\/#breadcrumb\",\"itemListElement\":[{\"@type\":\"ListItem\",\"position\":1,\"name\":\"Inicio\",\"item\":\"https:\\\/\\\/vocesdelacomuna15.com.ar\\\/press\\\/\"},{\"@type\":\"ListItem\",\"position\":2,\"name\":\"Los docentes piden mayor formaci\u00f3n en alfabetizaci\u00f3n, educaci\u00f3n inclusiva y tecnolog\u00eda\"}]},{\"@type\":\"WebSite\",\"@id\":\"https:\\\/\\\/vocesdelacomuna15.com.ar\\\/press\\\/#website\",\"url\":\"https:\\\/\\\/vocesdelacomuna15.com.ar\\\/press\\\/\",\"name\":\"Voces de la Comuna 15\",\"description\":\"Sitio web de noticias\",\"publisher\":{\"@id\":\"https:\\\/\\\/vocesdelacomuna15.com.ar\\\/press\\\/#organization\"},\"potentialAction\":[{\"@type\":\"SearchAction\",\"target\":{\"@type\":\"EntryPoint\",\"urlTemplate\":\"https:\\\/\\\/vocesdelacomuna15.com.ar\\\/press\\\/?s={search_term_string}\"},\"query-input\":{\"@type\":\"PropertyValueSpecification\",\"valueRequired\":true,\"valueName\":\"search_term_string\"}}],\"inLanguage\":\"es-AR\"},{\"@type\":\"Organization\",\"@id\":\"https:\\\/\\\/vocesdelacomuna15.com.ar\\\/press\\\/#organization\",\"name\":\"Voces de la Comuna 15\",\"url\":\"https:\\\/\\\/vocesdelacomuna15.com.ar\\\/press\\\/\",\"logo\":{\"@type\":\"ImageObject\",\"inLanguage\":\"es-AR\",\"@id\":\"https:\\\/\\\/vocesdelacomuna15.com.ar\\\/press\\\/#\\\/schema\\\/logo\\\/image\\\/\",\"url\":\"https:\\\/\\\/vocesdelacomuna15.com.ar\\\/wp-content\\\/uploads\\\/2024\\\/12\\\/cropped-logo_voces.jpg\",\"contentUrl\":\"https:\\\/\\\/vocesdelacomuna15.com.ar\\\/wp-content\\\/uploads\\\/2024\\\/12\\\/cropped-logo_voces.jpg\",\"width\":512,\"height\":512,\"caption\":\"Voces de la Comuna 15\"},\"image\":{\"@id\":\"https:\\\/\\\/vocesdelacomuna15.com.ar\\\/press\\\/#\\\/schema\\\/logo\\\/image\\\/\"},\"sameAs\":[\"https:\\\/\\\/www.facebook.com\\\/VocesComuna15\\\/\",\"https:\\\/\\\/x.com\\\/vocescomuna15\"]},{\"@type\":\"Person\",\"@id\":\"https:\\\/\\\/vocesdelacomuna15.com.ar\\\/press\\\/#\\\/schema\\\/person\\\/4739e109db25d799cd3d139eeb509e43\",\"name\":\"Federico Arguto\",\"image\":{\"@type\":\"ImageObject\",\"inLanguage\":\"es-AR\",\"@id\":\"https:\\\/\\\/vocesdelacomuna15.com.ar\\\/wp-content\\\/litespeed\\\/avatar\\\/82faf979976f1bae889b8b71f8a0a7e5.jpg?ver=1776814847\",\"url\":\"https:\\\/\\\/vocesdelacomuna15.com.ar\\\/wp-content\\\/litespeed\\\/avatar\\\/82faf979976f1bae889b8b71f8a0a7e5.jpg?ver=1776814847\",\"contentUrl\":\"https:\\\/\\\/vocesdelacomuna15.com.ar\\\/wp-content\\\/litespeed\\\/avatar\\\/82faf979976f1bae889b8b71f8a0a7e5.jpg?ver=1776814847\",\"caption\":\"Federico Arguto\"},\"url\":\"https:\\\/\\\/vocesdelacomuna15.com.ar\\\/press\\\/author\\\/fede\\\/\"}]}<\/script>\n<!-- \/ Yoast SEO plugin. -->","yoast_head_json":{"title":"Los docentes piden mayor formaci\u00f3n en alfabetizaci\u00f3n, educaci\u00f3n inclusiva y tecnolog\u00eda - Voces de la Comuna 15","description":"Voces de la Comuna 15","robots":{"index":"index","follow":"follow","max-snippet":"max-snippet:-1","max-image-preview":"max-image-preview:large","max-video-preview":"max-video-preview:-1"},"canonical":"https:\/\/vocesdelacomuna15.com.ar\/press\/los-docentes-piden-mayor-formacion-en-alfabetizacion-educacion-inclusiva-y-tecnologia\/","og_locale":"es_ES","og_type":"article","og_title":"Los docentes piden mayor formaci\u00f3n en alfabetizaci\u00f3n, educaci\u00f3n inclusiva y tecnolog\u00eda - Voces de la Comuna 15","og_description":"Voces de la Comuna 15","og_url":"https:\/\/vocesdelacomuna15.com.ar\/press\/los-docentes-piden-mayor-formacion-en-alfabetizacion-educacion-inclusiva-y-tecnologia\/","og_site_name":"Voces de la Comuna 15","article_publisher":"https:\/\/www.facebook.com\/VocesComuna15\/","article_published_time":"2025-01-24T17:08:39+00:00","article_modified_time":"2025-01-24T17:08:42+00:00","og_image":[{"width":512,"height":512,"url":"https:\/\/vocesdelacomuna15.com.ar\/wp-content\/uploads\/2024\/12\/cropped-logo_voces.jpg","type":"image\/jpeg"}],"author":"Federico Arguto","twitter_card":"summary_large_image","twitter_creator":"@vocescomuna15","twitter_site":"@vocescomuna15","twitter_misc":{"Escrito por":"Federico Arguto","Tiempo de lectura":"5 minutos"},"schema":{"@context":"https:\/\/schema.org","@graph":[{"@type":"Article","@id":"https:\/\/vocesdelacomuna15.com.ar\/press\/los-docentes-piden-mayor-formacion-en-alfabetizacion-educacion-inclusiva-y-tecnologia\/#article","isPartOf":{"@id":"https:\/\/vocesdelacomuna15.com.ar\/press\/los-docentes-piden-mayor-formacion-en-alfabetizacion-educacion-inclusiva-y-tecnologia\/"},"author":{"name":"Federico Arguto","@id":"https:\/\/vocesdelacomuna15.com.ar\/press\/#\/schema\/person\/4739e109db25d799cd3d139eeb509e43"},"headline":"Los docentes piden mayor formaci\u00f3n en alfabetizaci\u00f3n, educaci\u00f3n inclusiva y tecnolog\u00eda","datePublished":"2025-01-24T17:08:39+00:00","dateModified":"2025-01-24T17:08:42+00:00","mainEntityOfPage":{"@id":"https:\/\/vocesdelacomuna15.com.ar\/press\/los-docentes-piden-mayor-formacion-en-alfabetizacion-educacion-inclusiva-y-tecnologia\/"},"wordCount":960,"commentCount":0,"publisher":{"@id":"https:\/\/vocesdelacomuna15.com.ar\/press\/#organization"},"image":{"@id":"https:\/\/vocesdelacomuna15.com.ar\/press\/los-docentes-piden-mayor-formacion-en-alfabetizacion-educacion-inclusiva-y-tecnologia\/#primaryimage"},"thumbnailUrl":"https:\/\/vocesdelacomuna15.com.ar\/wp-content\/uploads\/2025\/01\/Grafico-1.-Nivel-educativo-adicional-a-la-formacion-inicial-de-los-docentes-de-sexto-grado-2023.avif","articleSection":["Sociedad"],"inLanguage":"es-AR","potentialAction":[{"@type":"CommentAction","name":"Comment","target":["https:\/\/vocesdelacomuna15.com.ar\/press\/los-docentes-piden-mayor-formacion-en-alfabetizacion-educacion-inclusiva-y-tecnologia\/#respond"]}]},{"@type":"WebPage","@id":"https:\/\/vocesdelacomuna15.com.ar\/press\/los-docentes-piden-mayor-formacion-en-alfabetizacion-educacion-inclusiva-y-tecnologia\/","url":"https:\/\/vocesdelacomuna15.com.ar\/press\/los-docentes-piden-mayor-formacion-en-alfabetizacion-educacion-inclusiva-y-tecnologia\/","name":"Los docentes piden mayor formaci\u00f3n en alfabetizaci\u00f3n, educaci\u00f3n inclusiva y tecnolog\u00eda - Voces de la Comuna 15","isPartOf":{"@id":"https:\/\/vocesdelacomuna15.com.ar\/press\/#website"},"primaryImageOfPage":{"@id":"https:\/\/vocesdelacomuna15.com.ar\/press\/los-docentes-piden-mayor-formacion-en-alfabetizacion-educacion-inclusiva-y-tecnologia\/#primaryimage"},"image":{"@id":"https:\/\/vocesdelacomuna15.com.ar\/press\/los-docentes-piden-mayor-formacion-en-alfabetizacion-educacion-inclusiva-y-tecnologia\/#primaryimage"},"thumbnailUrl":"https:\/\/vocesdelacomuna15.com.ar\/wp-content\/uploads\/2025\/01\/Grafico-1.-Nivel-educativo-adicional-a-la-formacion-inicial-de-los-docentes-de-sexto-grado-2023.avif","datePublished":"2025-01-24T17:08:39+00:00","dateModified":"2025-01-24T17:08:42+00:00","description":"Voces de la Comuna 15","breadcrumb":{"@id":"https:\/\/vocesdelacomuna15.com.ar\/press\/los-docentes-piden-mayor-formacion-en-alfabetizacion-educacion-inclusiva-y-tecnologia\/#breadcrumb"},"inLanguage":"es-AR","potentialAction":[{"@type":"ReadAction","target":["https:\/\/vocesdelacomuna15.com.ar\/press\/los-docentes-piden-mayor-formacion-en-alfabetizacion-educacion-inclusiva-y-tecnologia\/"]}]},{"@type":"ImageObject","inLanguage":"es-AR","@id":"https:\/\/vocesdelacomuna15.com.ar\/press\/los-docentes-piden-mayor-formacion-en-alfabetizacion-educacion-inclusiva-y-tecnologia\/#primaryimage","url":"https:\/\/vocesdelacomuna15.com.ar\/wp-content\/uploads\/2025\/01\/Grafico-1.-Nivel-educativo-adicional-a-la-formacion-inicial-de-los-docentes-de-sexto-grado-2023.avif","contentUrl":"https:\/\/vocesdelacomuna15.com.ar\/wp-content\/uploads\/2025\/01\/Grafico-1.-Nivel-educativo-adicional-a-la-formacion-inicial-de-los-docentes-de-sexto-grado-2023.avif","width":1200,"height":743},{"@type":"BreadcrumbList","@id":"https:\/\/vocesdelacomuna15.com.ar\/press\/los-docentes-piden-mayor-formacion-en-alfabetizacion-educacion-inclusiva-y-tecnologia\/#breadcrumb","itemListElement":[{"@type":"ListItem","position":1,"name":"Inicio","item":"https:\/\/vocesdelacomuna15.com.ar\/press\/"},{"@type":"ListItem","position":2,"name":"Los docentes piden mayor formaci\u00f3n en alfabetizaci\u00f3n, educaci\u00f3n inclusiva y tecnolog\u00eda"}]},{"@type":"WebSite","@id":"https:\/\/vocesdelacomuna15.com.ar\/press\/#website","url":"https:\/\/vocesdelacomuna15.com.ar\/press\/","name":"Voces de la Comuna 15","description":"Sitio web de noticias","publisher":{"@id":"https:\/\/vocesdelacomuna15.com.ar\/press\/#organization"},"potentialAction":[{"@type":"SearchAction","target":{"@type":"EntryPoint","urlTemplate":"https:\/\/vocesdelacomuna15.com.ar\/press\/?s={search_term_string}"},"query-input":{"@type":"PropertyValueSpecification","valueRequired":true,"valueName":"search_term_string"}}],"inLanguage":"es-AR"},{"@type":"Organization","@id":"https:\/\/vocesdelacomuna15.com.ar\/press\/#organization","name":"Voces de la Comuna 15","url":"https:\/\/vocesdelacomuna15.com.ar\/press\/","logo":{"@type":"ImageObject","inLanguage":"es-AR","@id":"https:\/\/vocesdelacomuna15.com.ar\/press\/#\/schema\/logo\/image\/","url":"https:\/\/vocesdelacomuna15.com.ar\/wp-content\/uploads\/2024\/12\/cropped-logo_voces.jpg","contentUrl":"https:\/\/vocesdelacomuna15.com.ar\/wp-content\/uploads\/2024\/12\/cropped-logo_voces.jpg","width":512,"height":512,"caption":"Voces de la Comuna 15"},"image":{"@id":"https:\/\/vocesdelacomuna15.com.ar\/press\/#\/schema\/logo\/image\/"},"sameAs":["https:\/\/www.facebook.com\/VocesComuna15\/","https:\/\/x.com\/vocescomuna15"]},{"@type":"Person","@id":"https:\/\/vocesdelacomuna15.com.ar\/press\/#\/schema\/person\/4739e109db25d799cd3d139eeb509e43","name":"Federico Arguto","image":{"@type":"ImageObject","inLanguage":"es-AR","@id":"https:\/\/vocesdelacomuna15.com.ar\/wp-content\/litespeed\/avatar\/82faf979976f1bae889b8b71f8a0a7e5.jpg?ver=1776814847","url":"https:\/\/vocesdelacomuna15.com.ar\/wp-content\/litespeed\/avatar\/82faf979976f1bae889b8b71f8a0a7e5.jpg?ver=1776814847","contentUrl":"https:\/\/vocesdelacomuna15.com.ar\/wp-content\/litespeed\/avatar\/82faf979976f1bae889b8b71f8a0a7e5.jpg?ver=1776814847","caption":"Federico Arguto"},"url":"https:\/\/vocesdelacomuna15.com.ar\/press\/author\/fede\/"}]}},"_links":{"self":[{"href":"https:\/\/vocesdelacomuna15.com.ar\/press\/wp-json\/wp\/v2\/posts\/64682","targetHints":{"allow":["GET"]}}],"collection":[{"href":"https:\/\/vocesdelacomuna15.com.ar\/press\/wp-json\/wp\/v2\/posts"}],"about":[{"href":"https:\/\/vocesdelacomuna15.com.ar\/press\/wp-json\/wp\/v2\/types\/post"}],"author":[{"embeddable":true,"href":"https:\/\/vocesdelacomuna15.com.ar\/press\/wp-json\/wp\/v2\/users\/2"}],"replies":[{"embeddable":true,"href":"https:\/\/vocesdelacomuna15.com.ar\/press\/wp-json\/wp\/v2\/comments?post=64682"}],"version-history":[{"count":1,"href":"https:\/\/vocesdelacomuna15.com.ar\/press\/wp-json\/wp\/v2\/posts\/64682\/revisions"}],"predecessor-version":[{"id":64684,"href":"https:\/\/vocesdelacomuna15.com.ar\/press\/wp-json\/wp\/v2\/posts\/64682\/revisions\/64684"}],"wp:featuredmedia":[{"embeddable":true,"href":"https:\/\/vocesdelacomuna15.com.ar\/press\/wp-json\/wp\/v2\/media\/64683"}],"wp:attachment":[{"href":"https:\/\/vocesdelacomuna15.com.ar\/press\/wp-json\/wp\/v2\/media?parent=64682"}],"wp:term":[{"taxonomy":"category","embeddable":true,"href":"https:\/\/vocesdelacomuna15.com.ar\/press\/wp-json\/wp\/v2\/categories?post=64682"},{"taxonomy":"post_tag","embeddable":true,"href":"https:\/\/vocesdelacomuna15.com.ar\/press\/wp-json\/wp\/v2\/tags?post=64682"}],"curies":[{"name":"wp","href":"https:\/\/api.w.org\/{rel}","templated":true}]}}