{"id":64676,"date":"2025-01-23T16:44:36","date_gmt":"2025-01-23T19:44:36","guid":{"rendered":"https:\/\/vocesdelacomuna15.com.ar\/press\/?p=64676"},"modified":"2025-01-23T16:44:39","modified_gmt":"2025-01-23T19:44:39","slug":"argentinos-contara-con-tribuna-en-la-calle-san-blas-tras-55-anos","status":"publish","type":"post","link":"https:\/\/vocesdelacomuna15.com.ar\/press\/argentinos-contara-con-tribuna-en-la-calle-san-blas-tras-55-anos\/","title":{"rendered":"Argentinos contar\u00e1 con tribuna en la calle San Blas tras 55 a\u00f1os"},"content":{"rendered":"\n<p>Con un acto en el Polideportivo Las Malvinas, en 2023 se anunci\u00f3 la refacci\u00f3n y ampliaci\u00f3n del estadio \u201cDiego Armando Maradona\u201d, de la Asociaci\u00f3n Atl\u00e9tica Argentinos Juniors, situado entre las calles Boyac\u00e1, Juan Agust\u00edn Garc\u00eda, Gavil\u00e1n y San Blas.<\/p>\n\n\n\n<p>Entre las reformas anunciadas en polideportivo de la calle Tronador 41, se destac\u00f3 lo proyectado para el sector recostado sobre la calle San Blas.<\/p>\n\n\n\n<p>Esa calle ten\u00eda tribuna hasta fines de la d\u00e9cada de 1960 y no hab\u00eda sido incluida en la reconstrucci\u00f3n del estadio de 2004. Pero en esta ocasi\u00f3n, tras conseguir el permiso por parte del gobierno porte\u00f1o, se volver\u00e1 a construir una tribuna popular all\u00ed que aumentar\u00e1 la capacidad del estadio.<\/p>\n\n\n\n<p>Pero lo cierto es que por mucho tiempo hab\u00eda existido una tribuna peque\u00f1a en la calle San Blas. El viejo estadio de tabl\u00f3n de Boyac\u00e1 se fue construyendo por etapas con los materiales de la anterior cancha de Avenida San Mart\u00edn y Punta Arenas.<\/p>\n\n\n\n<p>En la d\u00e9cada de 1940 hab\u00eda una estructura que ten\u00eda algunos tablones a la que se entraba por la esquina de San Blas y Boyac\u00e1. All\u00ed sol\u00edan asistir muchos ni\u00f1os, ya que era un ambiente mucho m\u00e1s tranquilo que el de la popular principal y adem\u00e1s muchos de ellos entraban sin permiso.<\/p>\n\n\n\n<p>Pero hacia fines de los a\u00f1os sesenta, ante la protesta de un equipo visitante por las dimensiones del campo de juego del estadio del \u201cBicho\u201d, una inspecci\u00f3n oficial de la AFA intim\u00f3 a Argentinos a aumentar el largo del terreno de juego. De lo contrario perder\u00eda la local\u00eda. Ocurre que el gramado del club de La Paternal ten\u00eda 90 metros, por debajo de los 100 que es el m\u00ednimo de acuerdo a la International Football Association Board.<\/p>\n\n\n\n<p>Por esta raz\u00f3n se demoli\u00f3 la tribuna de San Blas en el verano de 1970. Un grupo de socios \u2013al igual que cuando se construy\u00f3- se ocup\u00f3 de demoler la tribuna. Cuando se elimin\u00f3 esa tribuna, el campo de juego tuvo 10 metros m\u00e1s, alcanzando el m\u00ednimo reglamentario que tiene actualmente. Tras ello, en San Blas se construy\u00f3 un pared\u00f3n blanqueado a la cal. Y llegando a la d\u00e9cada de los \u00b490, demolido ya el estadio antiguo, se tuvo la idea de construir ah\u00ed un sector de palcos y plateas preferenciales, del estilo del estadio de Boca Juniors. No obstante, no se obtuvo el permiso de obra por parte del entonces gobierno metropolitano y el proyecto qued\u00f3 trunco.<\/p>\n\n\n\n<p><a><\/a> Ahora por fin empezaron las obras para construir en la calle San Blas tres niveles de tribuna popular. Tras 55 a\u00f1os el estadio de Argentinos Juniors tendr\u00e1 tribunas en los cuatro costados nuevamente. Cabe destacar que el s\u00e1bado 30 de noviembre en la esquina de San Blas y Boyac\u00e1 se realiz\u00f3 la colocaci\u00f3n de la piedra fundamental para dar comienzo a las obras de construcci\u00f3n de la tribuna de la calle San Blas.<\/p>\n<div class=\"pvc_clear\"><\/div><p id=\"pvc_stats_64676\" class=\"pvc_stats all  \" data-element-id=\"64676\" style=\"\"><i class=\"pvc-stats-icon small\" aria-hidden=\"true\"><svg aria-hidden=\"true\" focusable=\"false\" data-prefix=\"far\" data-icon=\"chart-bar\" role=\"img\" xmlns=\"http:\/\/www.w3.org\/2000\/svg\" viewBox=\"0 0 512 512\" class=\"svg-inline--fa fa-chart-bar fa-w-16 fa-2x\"><path fill=\"currentColor\" d=\"M396.8 352h22.4c6.4 0 12.8-6.4 12.8-12.8V108.8c0-6.4-6.4-12.8-12.8-12.8h-22.4c-6.4 0-12.8 6.4-12.8 12.8v230.4c0 6.4 6.4 12.8 12.8 12.8zm-192 0h22.4c6.4 0 12.8-6.4 12.8-12.8V140.8c0-6.4-6.4-12.8-12.8-12.8h-22.4c-6.4 0-12.8 6.4-12.8 12.8v198.4c0 6.4 6.4 12.8 12.8 12.8zm96 0h22.4c6.4 0 12.8-6.4 12.8-12.8V204.8c0-6.4-6.4-12.8-12.8-12.8h-22.4c-6.4 0-12.8 6.4-12.8 12.8v134.4c0 6.4 6.4 12.8 12.8 12.8zM496 400H48V80c0-8.84-7.16-16-16-16H16C7.16 64 0 71.16 0 80v336c0 17.67 14.33 32 32 32h464c8.84 0 16-7.16 16-16v-16c0-8.84-7.16-16-16-16zm-387.2-48h22.4c6.4 0 12.8-6.4 12.8-12.8v-70.4c0-6.4-6.4-12.8-12.8-12.8h-22.4c-6.4 0-12.8 6.4-12.8 12.8v70.4c0 6.4 6.4 12.8 12.8 12.8z\" class=\"\"><\/path><\/svg><\/i> <img loading=\"lazy\" decoding=\"async\" width=\"16\" height=\"16\" alt=\"Loading\" src=\"https:\/\/vocesdelacomuna15.com.ar\/wp-content\/plugins\/page-views-count\/ajax-loader-2x.gif\" border=0 \/><\/p><div class=\"pvc_clear\"><\/div>","protected":false},"excerpt":{"rendered":"<p>Con un acto en el Polideportivo Las Malvinas, en 2023 se anunci\u00f3 la refacci\u00f3n y ampliaci\u00f3n del estadio \u201cDiego Armando Maradona\u201d, de la Asociaci\u00f3n Atl\u00e9tica Argentinos Juniors, situado entre las calles Boyac\u00e1, Juan Agust\u00edn Garc\u00eda, Gavil\u00e1n y San Blas. Entre las reformas anunciadas en polideportivo de la calle Tronador 41, se destac\u00f3 lo proyectado para [&hellip;]<\/p>\n<div class=\"pvc_clear\"><\/div>\n<p id=\"pvc_stats_64676\" class=\"pvc_stats all  \" data-element-id=\"64676\" style=\"\"><i class=\"pvc-stats-icon small\" aria-hidden=\"true\"><svg aria-hidden=\"true\" focusable=\"false\" data-prefix=\"far\" data-icon=\"chart-bar\" role=\"img\" xmlns=\"http:\/\/www.w3.org\/2000\/svg\" viewBox=\"0 0 512 512\" class=\"svg-inline--fa fa-chart-bar fa-w-16 fa-2x\"><path fill=\"currentColor\" d=\"M396.8 352h22.4c6.4 0 12.8-6.4 12.8-12.8V108.8c0-6.4-6.4-12.8-12.8-12.8h-22.4c-6.4 0-12.8 6.4-12.8 12.8v230.4c0 6.4 6.4 12.8 12.8 12.8zm-192 0h22.4c6.4 0 12.8-6.4 12.8-12.8V140.8c0-6.4-6.4-12.8-12.8-12.8h-22.4c-6.4 0-12.8 6.4-12.8 12.8v198.4c0 6.4 6.4 12.8 12.8 12.8zm96 0h22.4c6.4 0 12.8-6.4 12.8-12.8V204.8c0-6.4-6.4-12.8-12.8-12.8h-22.4c-6.4 0-12.8 6.4-12.8 12.8v134.4c0 6.4 6.4 12.8 12.8 12.8zM496 400H48V80c0-8.84-7.16-16-16-16H16C7.16 64 0 71.16 0 80v336c0 17.67 14.33 32 32 32h464c8.84 0 16-7.16 16-16v-16c0-8.84-7.16-16-16-16zm-387.2-48h22.4c6.4 0 12.8-6.4 12.8-12.8v-70.4c0-6.4-6.4-12.8-12.8-12.8h-22.4c-6.4 0-12.8 6.4-12.8 12.8v70.4c0 6.4 6.4 12.8 12.8 12.8z\" class=\"\"><\/path><\/svg><\/i> <img loading=\"lazy\" decoding=\"async\" width=\"16\" height=\"16\" alt=\"Loading\" src=\"https:\/\/vocesdelacomuna15.com.ar\/wp-content\/plugins\/page-views-count\/ajax-loader-2x.gif\" border=0 \/><\/p>\n<div class=\"pvc_clear\"><\/div>\n","protected":false},"author":2,"featured_media":64677,"comment_status":"open","ping_status":"open","sticky":false,"template":"","format":"standard","meta":{"_et_pb_use_builder":"off","_et_pb_old_content":"","_et_gb_content_width":"","footnotes":""},"categories":[27],"tags":[],"class_list":["post-64676","post","type-post","status-publish","format-standard","has-post-thumbnail","hentry","category-deportes","et-has-post-format-content","et_post_format-et-post-format-standard"],"a3_pvc":{"activated":true,"total_views":460,"today_views":0},"yoast_head":"<!-- This site is optimized with the Yoast SEO plugin v27.4 - https:\/\/yoast.com\/product\/yoast-seo-wordpress\/ -->\n<title>Argentinos contar\u00e1 con tribuna en la calle San Blas tras 55 a\u00f1os - Voces de la Comuna 15<\/title>\n<meta name=\"description\" content=\"Voces de la Comuna 15\" \/>\n<meta name=\"robots\" content=\"index, follow, max-snippet:-1, max-image-preview:large, max-video-preview:-1\" \/>\n<link rel=\"canonical\" href=\"https:\/\/vocesdelacomuna15.com.ar\/press\/argentinos-contara-con-tribuna-en-la-calle-san-blas-tras-55-anos\/\" \/>\n<meta property=\"og:locale\" content=\"es_ES\" \/>\n<meta property=\"og:type\" content=\"article\" \/>\n<meta property=\"og:title\" content=\"Argentinos contar\u00e1 con tribuna en la calle San Blas tras 55 a\u00f1os - Voces de la Comuna 15\" \/>\n<meta property=\"og:description\" content=\"Voces de la Comuna 15\" \/>\n<meta property=\"og:url\" content=\"https:\/\/vocesdelacomuna15.com.ar\/press\/argentinos-contara-con-tribuna-en-la-calle-san-blas-tras-55-anos\/\" \/>\n<meta property=\"og:site_name\" content=\"Voces de la Comuna 15\" \/>\n<meta property=\"article:publisher\" content=\"https:\/\/www.facebook.com\/VocesComuna15\/\" \/>\n<meta property=\"article:published_time\" content=\"2025-01-23T19:44:36+00:00\" \/>\n<meta property=\"article:modified_time\" content=\"2025-01-23T19:44:39+00:00\" \/>\n<meta property=\"og:image\" content=\"https:\/\/vocesdelacomuna15.com.ar\/wp-content\/uploads\/2025\/01\/san-blas.jpg\" \/>\n\t<meta property=\"og:image:width\" content=\"1440\" \/>\n\t<meta property=\"og:image:height\" content=\"814\" \/>\n\t<meta property=\"og:image:type\" content=\"image\/jpeg\" \/>\n<meta name=\"author\" content=\"Federico Arguto\" \/>\n<meta name=\"twitter:card\" content=\"summary_large_image\" \/>\n<meta name=\"twitter:creator\" content=\"@vocescomuna15\" \/>\n<meta name=\"twitter:site\" content=\"@vocescomuna15\" \/>\n<meta name=\"twitter:label1\" content=\"Escrito por\" \/>\n\t<meta name=\"twitter:data1\" content=\"Federico Arguto\" \/>\n\t<meta name=\"twitter:label2\" content=\"Tiempo de lectura\" \/>\n\t<meta name=\"twitter:data2\" content=\"3 minutos\" \/>\n<script type=\"application\/ld+json\" class=\"yoast-schema-graph\">{\"@context\":\"https:\\\/\\\/schema.org\",\"@graph\":[{\"@type\":\"Article\",\"@id\":\"https:\\\/\\\/vocesdelacomuna15.com.ar\\\/press\\\/argentinos-contara-con-tribuna-en-la-calle-san-blas-tras-55-anos\\\/#article\",\"isPartOf\":{\"@id\":\"https:\\\/\\\/vocesdelacomuna15.com.ar\\\/press\\\/argentinos-contara-con-tribuna-en-la-calle-san-blas-tras-55-anos\\\/\"},\"author\":{\"name\":\"Federico Arguto\",\"@id\":\"https:\\\/\\\/vocesdelacomuna15.com.ar\\\/press\\\/#\\\/schema\\\/person\\\/4739e109db25d799cd3d139eeb509e43\"},\"headline\":\"Argentinos contar\u00e1 con tribuna en la calle San Blas tras 55 a\u00f1os\",\"datePublished\":\"2025-01-23T19:44:36+00:00\",\"dateModified\":\"2025-01-23T19:44:39+00:00\",\"mainEntityOfPage\":{\"@id\":\"https:\\\/\\\/vocesdelacomuna15.com.ar\\\/press\\\/argentinos-contara-con-tribuna-en-la-calle-san-blas-tras-55-anos\\\/\"},\"wordCount\":517,\"commentCount\":0,\"publisher\":{\"@id\":\"https:\\\/\\\/vocesdelacomuna15.com.ar\\\/press\\\/#organization\"},\"image\":{\"@id\":\"https:\\\/\\\/vocesdelacomuna15.com.ar\\\/press\\\/argentinos-contara-con-tribuna-en-la-calle-san-blas-tras-55-anos\\\/#primaryimage\"},\"thumbnailUrl\":\"https:\\\/\\\/vocesdelacomuna15.com.ar\\\/wp-content\\\/uploads\\\/2025\\\/01\\\/san-blas.jpg\",\"articleSection\":[\"Deportes\"],\"inLanguage\":\"es-AR\",\"potentialAction\":[{\"@type\":\"CommentAction\",\"name\":\"Comment\",\"target\":[\"https:\\\/\\\/vocesdelacomuna15.com.ar\\\/press\\\/argentinos-contara-con-tribuna-en-la-calle-san-blas-tras-55-anos\\\/#respond\"]}]},{\"@type\":\"WebPage\",\"@id\":\"https:\\\/\\\/vocesdelacomuna15.com.ar\\\/press\\\/argentinos-contara-con-tribuna-en-la-calle-san-blas-tras-55-anos\\\/\",\"url\":\"https:\\\/\\\/vocesdelacomuna15.com.ar\\\/press\\\/argentinos-contara-con-tribuna-en-la-calle-san-blas-tras-55-anos\\\/\",\"name\":\"Argentinos contar\u00e1 con tribuna en la calle San Blas tras 55 a\u00f1os - Voces de la Comuna 15\",\"isPartOf\":{\"@id\":\"https:\\\/\\\/vocesdelacomuna15.com.ar\\\/press\\\/#website\"},\"primaryImageOfPage\":{\"@id\":\"https:\\\/\\\/vocesdelacomuna15.com.ar\\\/press\\\/argentinos-contara-con-tribuna-en-la-calle-san-blas-tras-55-anos\\\/#primaryimage\"},\"image\":{\"@id\":\"https:\\\/\\\/vocesdelacomuna15.com.ar\\\/press\\\/argentinos-contara-con-tribuna-en-la-calle-san-blas-tras-55-anos\\\/#primaryimage\"},\"thumbnailUrl\":\"https:\\\/\\\/vocesdelacomuna15.com.ar\\\/wp-content\\\/uploads\\\/2025\\\/01\\\/san-blas.jpg\",\"datePublished\":\"2025-01-23T19:44:36+00:00\",\"dateModified\":\"2025-01-23T19:44:39+00:00\",\"description\":\"Voces de la Comuna 15\",\"breadcrumb\":{\"@id\":\"https:\\\/\\\/vocesdelacomuna15.com.ar\\\/press\\\/argentinos-contara-con-tribuna-en-la-calle-san-blas-tras-55-anos\\\/#breadcrumb\"},\"inLanguage\":\"es-AR\",\"potentialAction\":[{\"@type\":\"ReadAction\",\"target\":[\"https:\\\/\\\/vocesdelacomuna15.com.ar\\\/press\\\/argentinos-contara-con-tribuna-en-la-calle-san-blas-tras-55-anos\\\/\"]}]},{\"@type\":\"ImageObject\",\"inLanguage\":\"es-AR\",\"@id\":\"https:\\\/\\\/vocesdelacomuna15.com.ar\\\/press\\\/argentinos-contara-con-tribuna-en-la-calle-san-blas-tras-55-anos\\\/#primaryimage\",\"url\":\"https:\\\/\\\/vocesdelacomuna15.com.ar\\\/wp-content\\\/uploads\\\/2025\\\/01\\\/san-blas.jpg\",\"contentUrl\":\"https:\\\/\\\/vocesdelacomuna15.com.ar\\\/wp-content\\\/uploads\\\/2025\\\/01\\\/san-blas.jpg\",\"width\":1440,\"height\":814},{\"@type\":\"BreadcrumbList\",\"@id\":\"https:\\\/\\\/vocesdelacomuna15.com.ar\\\/press\\\/argentinos-contara-con-tribuna-en-la-calle-san-blas-tras-55-anos\\\/#breadcrumb\",\"itemListElement\":[{\"@type\":\"ListItem\",\"position\":1,\"name\":\"Inicio\",\"item\":\"https:\\\/\\\/vocesdelacomuna15.com.ar\\\/press\\\/\"},{\"@type\":\"ListItem\",\"position\":2,\"name\":\"Argentinos contar\u00e1 con tribuna en la calle San Blas tras 55 a\u00f1os\"}]},{\"@type\":\"WebSite\",\"@id\":\"https:\\\/\\\/vocesdelacomuna15.com.ar\\\/press\\\/#website\",\"url\":\"https:\\\/\\\/vocesdelacomuna15.com.ar\\\/press\\\/\",\"name\":\"Voces de la Comuna 15\",\"description\":\"Sitio web de noticias\",\"publisher\":{\"@id\":\"https:\\\/\\\/vocesdelacomuna15.com.ar\\\/press\\\/#organization\"},\"potentialAction\":[{\"@type\":\"SearchAction\",\"target\":{\"@type\":\"EntryPoint\",\"urlTemplate\":\"https:\\\/\\\/vocesdelacomuna15.com.ar\\\/press\\\/?s={search_term_string}\"},\"query-input\":{\"@type\":\"PropertyValueSpecification\",\"valueRequired\":true,\"valueName\":\"search_term_string\"}}],\"inLanguage\":\"es-AR\"},{\"@type\":\"Organization\",\"@id\":\"https:\\\/\\\/vocesdelacomuna15.com.ar\\\/press\\\/#organization\",\"name\":\"Voces de la Comuna 15\",\"url\":\"https:\\\/\\\/vocesdelacomuna15.com.ar\\\/press\\\/\",\"logo\":{\"@type\":\"ImageObject\",\"inLanguage\":\"es-AR\",\"@id\":\"https:\\\/\\\/vocesdelacomuna15.com.ar\\\/press\\\/#\\\/schema\\\/logo\\\/image\\\/\",\"url\":\"https:\\\/\\\/vocesdelacomuna15.com.ar\\\/wp-content\\\/uploads\\\/2024\\\/12\\\/cropped-logo_voces.jpg\",\"contentUrl\":\"https:\\\/\\\/vocesdelacomuna15.com.ar\\\/wp-content\\\/uploads\\\/2024\\\/12\\\/cropped-logo_voces.jpg\",\"width\":512,\"height\":512,\"caption\":\"Voces de la Comuna 15\"},\"image\":{\"@id\":\"https:\\\/\\\/vocesdelacomuna15.com.ar\\\/press\\\/#\\\/schema\\\/logo\\\/image\\\/\"},\"sameAs\":[\"https:\\\/\\\/www.facebook.com\\\/VocesComuna15\\\/\",\"https:\\\/\\\/x.com\\\/vocescomuna15\"]},{\"@type\":\"Person\",\"@id\":\"https:\\\/\\\/vocesdelacomuna15.com.ar\\\/press\\\/#\\\/schema\\\/person\\\/4739e109db25d799cd3d139eeb509e43\",\"name\":\"Federico Arguto\",\"image\":{\"@type\":\"ImageObject\",\"inLanguage\":\"es-AR\",\"@id\":\"https:\\\/\\\/vocesdelacomuna15.com.ar\\\/wp-content\\\/litespeed\\\/avatar\\\/82faf979976f1bae889b8b71f8a0a7e5.jpg?ver=1776814847\",\"url\":\"https:\\\/\\\/vocesdelacomuna15.com.ar\\\/wp-content\\\/litespeed\\\/avatar\\\/82faf979976f1bae889b8b71f8a0a7e5.jpg?ver=1776814847\",\"contentUrl\":\"https:\\\/\\\/vocesdelacomuna15.com.ar\\\/wp-content\\\/litespeed\\\/avatar\\\/82faf979976f1bae889b8b71f8a0a7e5.jpg?ver=1776814847\",\"caption\":\"Federico Arguto\"},\"url\":\"https:\\\/\\\/vocesdelacomuna15.com.ar\\\/press\\\/author\\\/fede\\\/\"}]}<\/script>\n<!-- \/ Yoast SEO plugin. -->","yoast_head_json":{"title":"Argentinos contar\u00e1 con tribuna en la calle San Blas tras 55 a\u00f1os - Voces de la Comuna 15","description":"Voces de la Comuna 15","robots":{"index":"index","follow":"follow","max-snippet":"max-snippet:-1","max-image-preview":"max-image-preview:large","max-video-preview":"max-video-preview:-1"},"canonical":"https:\/\/vocesdelacomuna15.com.ar\/press\/argentinos-contara-con-tribuna-en-la-calle-san-blas-tras-55-anos\/","og_locale":"es_ES","og_type":"article","og_title":"Argentinos contar\u00e1 con tribuna en la calle San Blas tras 55 a\u00f1os - Voces de la Comuna 15","og_description":"Voces de la Comuna 15","og_url":"https:\/\/vocesdelacomuna15.com.ar\/press\/argentinos-contara-con-tribuna-en-la-calle-san-blas-tras-55-anos\/","og_site_name":"Voces de la Comuna 15","article_publisher":"https:\/\/www.facebook.com\/VocesComuna15\/","article_published_time":"2025-01-23T19:44:36+00:00","article_modified_time":"2025-01-23T19:44:39+00:00","og_image":[{"width":1440,"height":814,"url":"https:\/\/vocesdelacomuna15.com.ar\/wp-content\/uploads\/2025\/01\/san-blas.jpg","type":"image\/jpeg"}],"author":"Federico Arguto","twitter_card":"summary_large_image","twitter_creator":"@vocescomuna15","twitter_site":"@vocescomuna15","twitter_misc":{"Escrito por":"Federico Arguto","Tiempo de lectura":"3 minutos"},"schema":{"@context":"https:\/\/schema.org","@graph":[{"@type":"Article","@id":"https:\/\/vocesdelacomuna15.com.ar\/press\/argentinos-contara-con-tribuna-en-la-calle-san-blas-tras-55-anos\/#article","isPartOf":{"@id":"https:\/\/vocesdelacomuna15.com.ar\/press\/argentinos-contara-con-tribuna-en-la-calle-san-blas-tras-55-anos\/"},"author":{"name":"Federico Arguto","@id":"https:\/\/vocesdelacomuna15.com.ar\/press\/#\/schema\/person\/4739e109db25d799cd3d139eeb509e43"},"headline":"Argentinos contar\u00e1 con tribuna en la calle San Blas tras 55 a\u00f1os","datePublished":"2025-01-23T19:44:36+00:00","dateModified":"2025-01-23T19:44:39+00:00","mainEntityOfPage":{"@id":"https:\/\/vocesdelacomuna15.com.ar\/press\/argentinos-contara-con-tribuna-en-la-calle-san-blas-tras-55-anos\/"},"wordCount":517,"commentCount":0,"publisher":{"@id":"https:\/\/vocesdelacomuna15.com.ar\/press\/#organization"},"image":{"@id":"https:\/\/vocesdelacomuna15.com.ar\/press\/argentinos-contara-con-tribuna-en-la-calle-san-blas-tras-55-anos\/#primaryimage"},"thumbnailUrl":"https:\/\/vocesdelacomuna15.com.ar\/wp-content\/uploads\/2025\/01\/san-blas.jpg","articleSection":["Deportes"],"inLanguage":"es-AR","potentialAction":[{"@type":"CommentAction","name":"Comment","target":["https:\/\/vocesdelacomuna15.com.ar\/press\/argentinos-contara-con-tribuna-en-la-calle-san-blas-tras-55-anos\/#respond"]}]},{"@type":"WebPage","@id":"https:\/\/vocesdelacomuna15.com.ar\/press\/argentinos-contara-con-tribuna-en-la-calle-san-blas-tras-55-anos\/","url":"https:\/\/vocesdelacomuna15.com.ar\/press\/argentinos-contara-con-tribuna-en-la-calle-san-blas-tras-55-anos\/","name":"Argentinos contar\u00e1 con tribuna en la calle San Blas tras 55 a\u00f1os - Voces de la Comuna 15","isPartOf":{"@id":"https:\/\/vocesdelacomuna15.com.ar\/press\/#website"},"primaryImageOfPage":{"@id":"https:\/\/vocesdelacomuna15.com.ar\/press\/argentinos-contara-con-tribuna-en-la-calle-san-blas-tras-55-anos\/#primaryimage"},"image":{"@id":"https:\/\/vocesdelacomuna15.com.ar\/press\/argentinos-contara-con-tribuna-en-la-calle-san-blas-tras-55-anos\/#primaryimage"},"thumbnailUrl":"https:\/\/vocesdelacomuna15.com.ar\/wp-content\/uploads\/2025\/01\/san-blas.jpg","datePublished":"2025-01-23T19:44:36+00:00","dateModified":"2025-01-23T19:44:39+00:00","description":"Voces de la Comuna 15","breadcrumb":{"@id":"https:\/\/vocesdelacomuna15.com.ar\/press\/argentinos-contara-con-tribuna-en-la-calle-san-blas-tras-55-anos\/#breadcrumb"},"inLanguage":"es-AR","potentialAction":[{"@type":"ReadAction","target":["https:\/\/vocesdelacomuna15.com.ar\/press\/argentinos-contara-con-tribuna-en-la-calle-san-blas-tras-55-anos\/"]}]},{"@type":"ImageObject","inLanguage":"es-AR","@id":"https:\/\/vocesdelacomuna15.com.ar\/press\/argentinos-contara-con-tribuna-en-la-calle-san-blas-tras-55-anos\/#primaryimage","url":"https:\/\/vocesdelacomuna15.com.ar\/wp-content\/uploads\/2025\/01\/san-blas.jpg","contentUrl":"https:\/\/vocesdelacomuna15.com.ar\/wp-content\/uploads\/2025\/01\/san-blas.jpg","width":1440,"height":814},{"@type":"BreadcrumbList","@id":"https:\/\/vocesdelacomuna15.com.ar\/press\/argentinos-contara-con-tribuna-en-la-calle-san-blas-tras-55-anos\/#breadcrumb","itemListElement":[{"@type":"ListItem","position":1,"name":"Inicio","item":"https:\/\/vocesdelacomuna15.com.ar\/press\/"},{"@type":"ListItem","position":2,"name":"Argentinos contar\u00e1 con tribuna en la calle San Blas tras 55 a\u00f1os"}]},{"@type":"WebSite","@id":"https:\/\/vocesdelacomuna15.com.ar\/press\/#website","url":"https:\/\/vocesdelacomuna15.com.ar\/press\/","name":"Voces de la Comuna 15","description":"Sitio web de noticias","publisher":{"@id":"https:\/\/vocesdelacomuna15.com.ar\/press\/#organization"},"potentialAction":[{"@type":"SearchAction","target":{"@type":"EntryPoint","urlTemplate":"https:\/\/vocesdelacomuna15.com.ar\/press\/?s={search_term_string}"},"query-input":{"@type":"PropertyValueSpecification","valueRequired":true,"valueName":"search_term_string"}}],"inLanguage":"es-AR"},{"@type":"Organization","@id":"https:\/\/vocesdelacomuna15.com.ar\/press\/#organization","name":"Voces de la Comuna 15","url":"https:\/\/vocesdelacomuna15.com.ar\/press\/","logo":{"@type":"ImageObject","inLanguage":"es-AR","@id":"https:\/\/vocesdelacomuna15.com.ar\/press\/#\/schema\/logo\/image\/","url":"https:\/\/vocesdelacomuna15.com.ar\/wp-content\/uploads\/2024\/12\/cropped-logo_voces.jpg","contentUrl":"https:\/\/vocesdelacomuna15.com.ar\/wp-content\/uploads\/2024\/12\/cropped-logo_voces.jpg","width":512,"height":512,"caption":"Voces de la Comuna 15"},"image":{"@id":"https:\/\/vocesdelacomuna15.com.ar\/press\/#\/schema\/logo\/image\/"},"sameAs":["https:\/\/www.facebook.com\/VocesComuna15\/","https:\/\/x.com\/vocescomuna15"]},{"@type":"Person","@id":"https:\/\/vocesdelacomuna15.com.ar\/press\/#\/schema\/person\/4739e109db25d799cd3d139eeb509e43","name":"Federico Arguto","image":{"@type":"ImageObject","inLanguage":"es-AR","@id":"https:\/\/vocesdelacomuna15.com.ar\/wp-content\/litespeed\/avatar\/82faf979976f1bae889b8b71f8a0a7e5.jpg?ver=1776814847","url":"https:\/\/vocesdelacomuna15.com.ar\/wp-content\/litespeed\/avatar\/82faf979976f1bae889b8b71f8a0a7e5.jpg?ver=1776814847","contentUrl":"https:\/\/vocesdelacomuna15.com.ar\/wp-content\/litespeed\/avatar\/82faf979976f1bae889b8b71f8a0a7e5.jpg?ver=1776814847","caption":"Federico Arguto"},"url":"https:\/\/vocesdelacomuna15.com.ar\/press\/author\/fede\/"}]}},"_links":{"self":[{"href":"https:\/\/vocesdelacomuna15.com.ar\/press\/wp-json\/wp\/v2\/posts\/64676","targetHints":{"allow":["GET"]}}],"collection":[{"href":"https:\/\/vocesdelacomuna15.com.ar\/press\/wp-json\/wp\/v2\/posts"}],"about":[{"href":"https:\/\/vocesdelacomuna15.com.ar\/press\/wp-json\/wp\/v2\/types\/post"}],"author":[{"embeddable":true,"href":"https:\/\/vocesdelacomuna15.com.ar\/press\/wp-json\/wp\/v2\/users\/2"}],"replies":[{"embeddable":true,"href":"https:\/\/vocesdelacomuna15.com.ar\/press\/wp-json\/wp\/v2\/comments?post=64676"}],"version-history":[{"count":1,"href":"https:\/\/vocesdelacomuna15.com.ar\/press\/wp-json\/wp\/v2\/posts\/64676\/revisions"}],"predecessor-version":[{"id":64678,"href":"https:\/\/vocesdelacomuna15.com.ar\/press\/wp-json\/wp\/v2\/posts\/64676\/revisions\/64678"}],"wp:featuredmedia":[{"embeddable":true,"href":"https:\/\/vocesdelacomuna15.com.ar\/press\/wp-json\/wp\/v2\/media\/64677"}],"wp:attachment":[{"href":"https:\/\/vocesdelacomuna15.com.ar\/press\/wp-json\/wp\/v2\/media?parent=64676"}],"wp:term":[{"taxonomy":"category","embeddable":true,"href":"https:\/\/vocesdelacomuna15.com.ar\/press\/wp-json\/wp\/v2\/categories?post=64676"},{"taxonomy":"post_tag","embeddable":true,"href":"https:\/\/vocesdelacomuna15.com.ar\/press\/wp-json\/wp\/v2\/tags?post=64676"}],"curies":[{"name":"wp","href":"https:\/\/api.w.org\/{rel}","templated":true}]}}