{"id":64668,"date":"2025-01-22T17:05:39","date_gmt":"2025-01-22T20:05:39","guid":{"rendered":"https:\/\/vocesdelacomuna15.com.ar\/press\/?p=64668"},"modified":"2025-01-22T17:05:40","modified_gmt":"2025-01-22T20:05:40","slug":"emilia-perez-de-jacques-audiard","status":"publish","type":"post","link":"https:\/\/vocesdelacomuna15.com.ar\/press\/emilia-perez-de-jacques-audiard\/","title":{"rendered":"\u00abEmilia P\u00e9rez\u00bb, de Jacques Audiard"},"content":{"rendered":"\n<p><em>Por Manuel Germano<\/em>&nbsp;(@mangermano)<\/p>\n\n\n\n<p>Llega a las salas unas de las pel\u00edculas m\u00e1s pol\u00e9micas en esta temporada de premios, de la cual todos hablan y opinan, y no necesariamente bien. \u201c<em>Emilia P\u00e9rez<\/em>\u201d gener\u00f3 m\u00faltiples miradas negativas desde su estreno alrededor del mundo, ya sea por el tono en el que elige tratar sus tem\u00e1ticas, por la elecci\u00f3n del idioma espa\u00f1ol (en el criticado rol de&nbsp;<strong>Selena G\u00f3mez<\/strong>), o por la mirada extranjera que se plasma de un asunto grav\u00edsimo que ocurre en M\u00e9xico. Lo cierto es que, a\u00fan con la opini\u00f3n negativa que cosecha en redes, la pel\u00edcula ganadora del Premio del Jurado y el galard\u00f3n a \u201cMejor actriz\u201d en el festival de Cannes es un material al cual hay que acercarse a ver en el cine.<\/p>\n\n\n\n<p>\u00bfUn musical mexicano dirigido por un franc\u00e9s sobre un narcotraficante que decide convertirse en mujer y ayudar a las v\u00edctimas y desaparecidos por los c\u00e1rteles de droga? S\u00ed, la multinominada y premiada pel\u00edcula (tiene grandes chances de llevarse varios&nbsp;<em>Oscar<\/em>&nbsp;el pr\u00f3ximo 2 de marzo en Los Angeles) transcurre en M\u00e9xico y relata la historia de Rita (<strong>Zoe Salda\u00f1a<\/strong>), una abogada inteligente y audaz que no triunfa en su carrera como se merece y a la cual se le presenta, de un d\u00eda para otro, una oportunidad \u00fanica que cambiar\u00e1 su presente en todo sentido: ayudar a un narco al que le llaman \u201cManitas\u201d, a ser intervenido quir\u00fargicamente para poder convertirse en mujer, un sue\u00f1o postergado y reprimido. Si bien este personaje ama a su esposa Jessi (<strong>Selena G\u00f3mez<\/strong>) y a sus hijos, el deseo de ser lo que realmente anhela es m\u00e1s fuerte y decide llevar adelante su misi\u00f3n de transformarse en Emilia (<strong>Karla Sof\u00eda Gasc\u00f3n<\/strong>).<\/p>\n\n\n\n<p>Con n\u00fameros musicales a trav\u00e9s de los cuales se hilvana la historia y los personajes expresan sus sentimientos e ideas,&nbsp;<em>\u201cEmilia P\u00e9rez\u201d&nbsp;<\/em>plantea, m\u00e1s all\u00e1 de la transici\u00f3n de hombre a mujer de su protagonista, una multiplicidad de tem\u00e1ticas: la maternidad\/paternidad&nbsp;<em>trans<\/em>, el deseo, la venganza, la ambici\u00f3n, los celos, y, asimismo, la cuesti\u00f3n social relacionada con las v\u00edctimas y los desaparecidos por el narcotr\u00e1fico en M\u00e9xico, un tema pesado y comprometido que es eje central de la historia, pues Emilia no solo cambia de sexo, sino tambi\u00e9n de postura \u00e9tica respecto a lo que hac\u00eda, como si la intervenci\u00f3n tambi\u00e9n hubiera modificado sus ideas.<\/p>\n\n\n\n<p>Este abanico de aristas y l\u00edneas narrativas resulta pretencioso. El pendular entre el drama social, la venganza y el melodrama estilo culebr\u00f3n recurre al clich\u00e9 y lo predecible para resolver ciertas cuestiones. Los n\u00fameros musicales, visualmente logrados (Zoe Salda\u00f1a brilla en su personaje) son el punto fuerte de la historia, y si bien no estamos frente a cantantes ni bailarines profesionales (en este sentido no hay punto de comparaci\u00f3n con&nbsp;<em>Wicked<\/em>, por m\u00e1s que hayan compartido categor\u00eda), los cuadros no apuntan a la espectacularidad o destreza vocal, sino a transmitir lo que les est\u00e1 pasando a cada uno de estos personajes femeninos: Rita, Emilia y Jessi. En ese aspecto las tres logran darle vida a personajes que tienen, en mayor o menor medida, sus matices. &nbsp;<\/p>\n\n\n\n<p><em>\u201c<\/em><em>Emilia P\u00e9rez\u201d<\/em>&nbsp;es de esas pel\u00edculas que ganan premios y motivan notas period\u00edsticas por doquier de distinta \u00edndole, independientemente de los resultados en t\u00e9rminos de taquilla. Insisto en que previo a juzgar por alguna que otra escena o tendencia, quien pueda y tenga curiosidad vea la pel\u00edcula en salas, sin duda todos sus condimentos y ejecuci\u00f3n da lugar al debate post funci\u00f3n.<\/p>\n\n\n\n<p><strong>Calificaci\u00f3n: Buena.&nbsp;<\/strong><\/p>\n\n\n\n<figure class=\"wp-block-embed is-type-video is-provider-youtube wp-block-embed-youtube wp-embed-aspect-16-9 wp-has-aspect-ratio\"><div class=\"wp-block-embed__wrapper\">\n<iframe loading=\"lazy\" title=\"Emilia P\u00e9rez - Trailer Oficial\" width=\"1080\" height=\"608\" src=\"https:\/\/www.youtube.com\/embed\/EoetG0nA4R0?start=1&#038;feature=oembed\" frameborder=\"0\" allow=\"accelerometer; autoplay; clipboard-write; encrypted-media; gyroscope; picture-in-picture; web-share\" referrerpolicy=\"strict-origin-when-cross-origin\" allowfullscreen><\/iframe>\n<\/div><\/figure>\n\n\n\n<p><strong>FICHA T\u00c9CNICA<br>\u201cEmilia P\u00e9rez\u201d<br>Duraci\u00f3n:&nbsp;<\/strong>130 min<br><strong>Director:&nbsp;<\/strong>Jacques Audiard<br><strong>Reparto:&nbsp;<\/strong>Karla Sof\u00eda Gasc\u00f3n, Zoe Salda\u00f1a, Selena Gomez<br><strong>Pa\u00eds de origen:&nbsp;<\/strong>Francia, M\u00e9xico, Espa\u00f1a<br><strong>Distribuye:&nbsp;<\/strong>BF Paris<br><strong>Estreno:&nbsp;<\/strong>23 de enero,&nbsp;2025<\/p>\n\n\n\n<p>Caracteres: 3380<\/p>\n<div class=\"pvc_clear\"><\/div><p id=\"pvc_stats_64668\" class=\"pvc_stats all  \" data-element-id=\"64668\" style=\"\"><i class=\"pvc-stats-icon small\" aria-hidden=\"true\"><svg aria-hidden=\"true\" focusable=\"false\" data-prefix=\"far\" data-icon=\"chart-bar\" role=\"img\" xmlns=\"http:\/\/www.w3.org\/2000\/svg\" viewBox=\"0 0 512 512\" class=\"svg-inline--fa fa-chart-bar fa-w-16 fa-2x\"><path fill=\"currentColor\" d=\"M396.8 352h22.4c6.4 0 12.8-6.4 12.8-12.8V108.8c0-6.4-6.4-12.8-12.8-12.8h-22.4c-6.4 0-12.8 6.4-12.8 12.8v230.4c0 6.4 6.4 12.8 12.8 12.8zm-192 0h22.4c6.4 0 12.8-6.4 12.8-12.8V140.8c0-6.4-6.4-12.8-12.8-12.8h-22.4c-6.4 0-12.8 6.4-12.8 12.8v198.4c0 6.4 6.4 12.8 12.8 12.8zm96 0h22.4c6.4 0 12.8-6.4 12.8-12.8V204.8c0-6.4-6.4-12.8-12.8-12.8h-22.4c-6.4 0-12.8 6.4-12.8 12.8v134.4c0 6.4 6.4 12.8 12.8 12.8zM496 400H48V80c0-8.84-7.16-16-16-16H16C7.16 64 0 71.16 0 80v336c0 17.67 14.33 32 32 32h464c8.84 0 16-7.16 16-16v-16c0-8.84-7.16-16-16-16zm-387.2-48h22.4c6.4 0 12.8-6.4 12.8-12.8v-70.4c0-6.4-6.4-12.8-12.8-12.8h-22.4c-6.4 0-12.8 6.4-12.8 12.8v70.4c0 6.4 6.4 12.8 12.8 12.8z\" class=\"\"><\/path><\/svg><\/i> <img loading=\"lazy\" decoding=\"async\" width=\"16\" height=\"16\" alt=\"Loading\" src=\"https:\/\/vocesdelacomuna15.com.ar\/wp-content\/plugins\/page-views-count\/ajax-loader-2x.gif\" border=0 \/><\/p><div class=\"pvc_clear\"><\/div>","protected":false},"excerpt":{"rendered":"<p>Por Manuel Germano&nbsp;(@mangermano) Llega a las salas unas de las pel\u00edculas m\u00e1s pol\u00e9micas en esta temporada de premios, de la cual todos hablan y opinan, y no necesariamente bien. \u201cEmilia P\u00e9rez\u201d gener\u00f3 m\u00faltiples miradas negativas desde su estreno alrededor del mundo, ya sea por el tono en el que elige tratar sus tem\u00e1ticas, por la [&hellip;]<\/p>\n<div class=\"pvc_clear\"><\/div>\n<p id=\"pvc_stats_64668\" class=\"pvc_stats all  \" data-element-id=\"64668\" style=\"\"><i class=\"pvc-stats-icon small\" aria-hidden=\"true\"><svg aria-hidden=\"true\" focusable=\"false\" data-prefix=\"far\" data-icon=\"chart-bar\" role=\"img\" xmlns=\"http:\/\/www.w3.org\/2000\/svg\" viewBox=\"0 0 512 512\" class=\"svg-inline--fa fa-chart-bar fa-w-16 fa-2x\"><path fill=\"currentColor\" d=\"M396.8 352h22.4c6.4 0 12.8-6.4 12.8-12.8V108.8c0-6.4-6.4-12.8-12.8-12.8h-22.4c-6.4 0-12.8 6.4-12.8 12.8v230.4c0 6.4 6.4 12.8 12.8 12.8zm-192 0h22.4c6.4 0 12.8-6.4 12.8-12.8V140.8c0-6.4-6.4-12.8-12.8-12.8h-22.4c-6.4 0-12.8 6.4-12.8 12.8v198.4c0 6.4 6.4 12.8 12.8 12.8zm96 0h22.4c6.4 0 12.8-6.4 12.8-12.8V204.8c0-6.4-6.4-12.8-12.8-12.8h-22.4c-6.4 0-12.8 6.4-12.8 12.8v134.4c0 6.4 6.4 12.8 12.8 12.8zM496 400H48V80c0-8.84-7.16-16-16-16H16C7.16 64 0 71.16 0 80v336c0 17.67 14.33 32 32 32h464c8.84 0 16-7.16 16-16v-16c0-8.84-7.16-16-16-16zm-387.2-48h22.4c6.4 0 12.8-6.4 12.8-12.8v-70.4c0-6.4-6.4-12.8-12.8-12.8h-22.4c-6.4 0-12.8 6.4-12.8 12.8v70.4c0 6.4 6.4 12.8 12.8 12.8z\" class=\"\"><\/path><\/svg><\/i> <img loading=\"lazy\" decoding=\"async\" width=\"16\" height=\"16\" alt=\"Loading\" src=\"https:\/\/vocesdelacomuna15.com.ar\/wp-content\/plugins\/page-views-count\/ajax-loader-2x.gif\" border=0 \/><\/p>\n<div class=\"pvc_clear\"><\/div>\n","protected":false},"author":2,"featured_media":64669,"comment_status":"open","ping_status":"open","sticky":false,"template":"","format":"standard","meta":{"_et_pb_use_builder":"off","_et_pb_old_content":"","_et_gb_content_width":"","footnotes":""},"categories":[24],"tags":[],"class_list":["post-64668","post","type-post","status-publish","format-standard","has-post-thumbnail","hentry","category-cultura","et-has-post-format-content","et_post_format-et-post-format-standard"],"a3_pvc":{"activated":true,"total_views":51,"today_views":0},"yoast_head":"<!-- This site is optimized with the Yoast SEO plugin v27.4 - https:\/\/yoast.com\/product\/yoast-seo-wordpress\/ -->\n<title>\u00abEmilia P\u00e9rez\u00bb, de Jacques Audiard - Voces de la Comuna 15<\/title>\n<meta name=\"description\" content=\"Voces de la Comuna 15\" \/>\n<meta name=\"robots\" content=\"index, follow, max-snippet:-1, max-image-preview:large, max-video-preview:-1\" \/>\n<link rel=\"canonical\" href=\"https:\/\/vocesdelacomuna15.com.ar\/press\/emilia-perez-de-jacques-audiard\/\" \/>\n<meta property=\"og:locale\" content=\"es_ES\" \/>\n<meta property=\"og:type\" content=\"article\" \/>\n<meta property=\"og:title\" content=\"\u00abEmilia P\u00e9rez\u00bb, de Jacques Audiard - Voces de la Comuna 15\" \/>\n<meta property=\"og:description\" content=\"Voces de la Comuna 15\" \/>\n<meta property=\"og:url\" content=\"https:\/\/vocesdelacomuna15.com.ar\/press\/emilia-perez-de-jacques-audiard\/\" \/>\n<meta property=\"og:site_name\" content=\"Voces de la Comuna 15\" \/>\n<meta property=\"article:publisher\" content=\"https:\/\/www.facebook.com\/VocesComuna15\/\" \/>\n<meta property=\"article:published_time\" content=\"2025-01-22T20:05:39+00:00\" \/>\n<meta property=\"article:modified_time\" content=\"2025-01-22T20:05:40+00:00\" \/>\n<meta property=\"og:image\" content=\"https:\/\/vocesdelacomuna15.com.ar\/wp-content\/uploads\/2025\/01\/70x100_emiliaperez_main-copia.jpg\" \/>\n\t<meta property=\"og:image:width\" content=\"2406\" \/>\n\t<meta property=\"og:image:height\" content=\"1478\" \/>\n\t<meta property=\"og:image:type\" content=\"image\/jpeg\" \/>\n<meta name=\"author\" content=\"Federico Arguto\" \/>\n<meta name=\"twitter:card\" content=\"summary_large_image\" \/>\n<meta name=\"twitter:creator\" content=\"@vocescomuna15\" \/>\n<meta name=\"twitter:site\" content=\"@vocescomuna15\" \/>\n<meta name=\"twitter:label1\" content=\"Escrito por\" \/>\n\t<meta name=\"twitter:data1\" content=\"Federico Arguto\" \/>\n\t<meta name=\"twitter:label2\" content=\"Tiempo de lectura\" \/>\n\t<meta name=\"twitter:data2\" content=\"4 minutos\" \/>\n<script type=\"application\/ld+json\" class=\"yoast-schema-graph\">{\"@context\":\"https:\\\/\\\/schema.org\",\"@graph\":[{\"@type\":\"Article\",\"@id\":\"https:\\\/\\\/vocesdelacomuna15.com.ar\\\/press\\\/emilia-perez-de-jacques-audiard\\\/#article\",\"isPartOf\":{\"@id\":\"https:\\\/\\\/vocesdelacomuna15.com.ar\\\/press\\\/emilia-perez-de-jacques-audiard\\\/\"},\"author\":{\"name\":\"Federico Arguto\",\"@id\":\"https:\\\/\\\/vocesdelacomuna15.com.ar\\\/press\\\/#\\\/schema\\\/person\\\/4739e109db25d799cd3d139eeb509e43\"},\"headline\":\"\u00abEmilia P\u00e9rez\u00bb, de Jacques Audiard\",\"datePublished\":\"2025-01-22T20:05:39+00:00\",\"dateModified\":\"2025-01-22T20:05:40+00:00\",\"mainEntityOfPage\":{\"@id\":\"https:\\\/\\\/vocesdelacomuna15.com.ar\\\/press\\\/emilia-perez-de-jacques-audiard\\\/\"},\"wordCount\":713,\"commentCount\":0,\"publisher\":{\"@id\":\"https:\\\/\\\/vocesdelacomuna15.com.ar\\\/press\\\/#organization\"},\"image\":{\"@id\":\"https:\\\/\\\/vocesdelacomuna15.com.ar\\\/press\\\/emilia-perez-de-jacques-audiard\\\/#primaryimage\"},\"thumbnailUrl\":\"https:\\\/\\\/vocesdelacomuna15.com.ar\\\/wp-content\\\/uploads\\\/2025\\\/01\\\/70x100_emiliaperez_main-copia.jpg\",\"articleSection\":[\"Cultura\"],\"inLanguage\":\"es-AR\",\"potentialAction\":[{\"@type\":\"CommentAction\",\"name\":\"Comment\",\"target\":[\"https:\\\/\\\/vocesdelacomuna15.com.ar\\\/press\\\/emilia-perez-de-jacques-audiard\\\/#respond\"]}]},{\"@type\":\"WebPage\",\"@id\":\"https:\\\/\\\/vocesdelacomuna15.com.ar\\\/press\\\/emilia-perez-de-jacques-audiard\\\/\",\"url\":\"https:\\\/\\\/vocesdelacomuna15.com.ar\\\/press\\\/emilia-perez-de-jacques-audiard\\\/\",\"name\":\"\u00abEmilia P\u00e9rez\u00bb, de Jacques Audiard - Voces de la Comuna 15\",\"isPartOf\":{\"@id\":\"https:\\\/\\\/vocesdelacomuna15.com.ar\\\/press\\\/#website\"},\"primaryImageOfPage\":{\"@id\":\"https:\\\/\\\/vocesdelacomuna15.com.ar\\\/press\\\/emilia-perez-de-jacques-audiard\\\/#primaryimage\"},\"image\":{\"@id\":\"https:\\\/\\\/vocesdelacomuna15.com.ar\\\/press\\\/emilia-perez-de-jacques-audiard\\\/#primaryimage\"},\"thumbnailUrl\":\"https:\\\/\\\/vocesdelacomuna15.com.ar\\\/wp-content\\\/uploads\\\/2025\\\/01\\\/70x100_emiliaperez_main-copia.jpg\",\"datePublished\":\"2025-01-22T20:05:39+00:00\",\"dateModified\":\"2025-01-22T20:05:40+00:00\",\"description\":\"Voces de la Comuna 15\",\"breadcrumb\":{\"@id\":\"https:\\\/\\\/vocesdelacomuna15.com.ar\\\/press\\\/emilia-perez-de-jacques-audiard\\\/#breadcrumb\"},\"inLanguage\":\"es-AR\",\"potentialAction\":[{\"@type\":\"ReadAction\",\"target\":[\"https:\\\/\\\/vocesdelacomuna15.com.ar\\\/press\\\/emilia-perez-de-jacques-audiard\\\/\"]}]},{\"@type\":\"ImageObject\",\"inLanguage\":\"es-AR\",\"@id\":\"https:\\\/\\\/vocesdelacomuna15.com.ar\\\/press\\\/emilia-perez-de-jacques-audiard\\\/#primaryimage\",\"url\":\"https:\\\/\\\/vocesdelacomuna15.com.ar\\\/wp-content\\\/uploads\\\/2025\\\/01\\\/70x100_emiliaperez_main-copia.jpg\",\"contentUrl\":\"https:\\\/\\\/vocesdelacomuna15.com.ar\\\/wp-content\\\/uploads\\\/2025\\\/01\\\/70x100_emiliaperez_main-copia.jpg\",\"width\":2406,\"height\":1478},{\"@type\":\"BreadcrumbList\",\"@id\":\"https:\\\/\\\/vocesdelacomuna15.com.ar\\\/press\\\/emilia-perez-de-jacques-audiard\\\/#breadcrumb\",\"itemListElement\":[{\"@type\":\"ListItem\",\"position\":1,\"name\":\"Inicio\",\"item\":\"https:\\\/\\\/vocesdelacomuna15.com.ar\\\/press\\\/\"},{\"@type\":\"ListItem\",\"position\":2,\"name\":\"\u00abEmilia P\u00e9rez\u00bb, de Jacques Audiard\"}]},{\"@type\":\"WebSite\",\"@id\":\"https:\\\/\\\/vocesdelacomuna15.com.ar\\\/press\\\/#website\",\"url\":\"https:\\\/\\\/vocesdelacomuna15.com.ar\\\/press\\\/\",\"name\":\"Voces de la Comuna 15\",\"description\":\"Sitio web de noticias\",\"publisher\":{\"@id\":\"https:\\\/\\\/vocesdelacomuna15.com.ar\\\/press\\\/#organization\"},\"potentialAction\":[{\"@type\":\"SearchAction\",\"target\":{\"@type\":\"EntryPoint\",\"urlTemplate\":\"https:\\\/\\\/vocesdelacomuna15.com.ar\\\/press\\\/?s={search_term_string}\"},\"query-input\":{\"@type\":\"PropertyValueSpecification\",\"valueRequired\":true,\"valueName\":\"search_term_string\"}}],\"inLanguage\":\"es-AR\"},{\"@type\":\"Organization\",\"@id\":\"https:\\\/\\\/vocesdelacomuna15.com.ar\\\/press\\\/#organization\",\"name\":\"Voces de la Comuna 15\",\"url\":\"https:\\\/\\\/vocesdelacomuna15.com.ar\\\/press\\\/\",\"logo\":{\"@type\":\"ImageObject\",\"inLanguage\":\"es-AR\",\"@id\":\"https:\\\/\\\/vocesdelacomuna15.com.ar\\\/press\\\/#\\\/schema\\\/logo\\\/image\\\/\",\"url\":\"https:\\\/\\\/vocesdelacomuna15.com.ar\\\/wp-content\\\/uploads\\\/2024\\\/12\\\/cropped-logo_voces.jpg\",\"contentUrl\":\"https:\\\/\\\/vocesdelacomuna15.com.ar\\\/wp-content\\\/uploads\\\/2024\\\/12\\\/cropped-logo_voces.jpg\",\"width\":512,\"height\":512,\"caption\":\"Voces de la Comuna 15\"},\"image\":{\"@id\":\"https:\\\/\\\/vocesdelacomuna15.com.ar\\\/press\\\/#\\\/schema\\\/logo\\\/image\\\/\"},\"sameAs\":[\"https:\\\/\\\/www.facebook.com\\\/VocesComuna15\\\/\",\"https:\\\/\\\/x.com\\\/vocescomuna15\"]},{\"@type\":\"Person\",\"@id\":\"https:\\\/\\\/vocesdelacomuna15.com.ar\\\/press\\\/#\\\/schema\\\/person\\\/4739e109db25d799cd3d139eeb509e43\",\"name\":\"Federico Arguto\",\"image\":{\"@type\":\"ImageObject\",\"inLanguage\":\"es-AR\",\"@id\":\"https:\\\/\\\/vocesdelacomuna15.com.ar\\\/wp-content\\\/litespeed\\\/avatar\\\/82faf979976f1bae889b8b71f8a0a7e5.jpg?ver=1776814847\",\"url\":\"https:\\\/\\\/vocesdelacomuna15.com.ar\\\/wp-content\\\/litespeed\\\/avatar\\\/82faf979976f1bae889b8b71f8a0a7e5.jpg?ver=1776814847\",\"contentUrl\":\"https:\\\/\\\/vocesdelacomuna15.com.ar\\\/wp-content\\\/litespeed\\\/avatar\\\/82faf979976f1bae889b8b71f8a0a7e5.jpg?ver=1776814847\",\"caption\":\"Federico Arguto\"},\"url\":\"https:\\\/\\\/vocesdelacomuna15.com.ar\\\/press\\\/author\\\/fede\\\/\"}]}<\/script>\n<!-- \/ Yoast SEO plugin. -->","yoast_head_json":{"title":"\u00abEmilia P\u00e9rez\u00bb, de Jacques Audiard - Voces de la Comuna 15","description":"Voces de la Comuna 15","robots":{"index":"index","follow":"follow","max-snippet":"max-snippet:-1","max-image-preview":"max-image-preview:large","max-video-preview":"max-video-preview:-1"},"canonical":"https:\/\/vocesdelacomuna15.com.ar\/press\/emilia-perez-de-jacques-audiard\/","og_locale":"es_ES","og_type":"article","og_title":"\u00abEmilia P\u00e9rez\u00bb, de Jacques Audiard - Voces de la Comuna 15","og_description":"Voces de la Comuna 15","og_url":"https:\/\/vocesdelacomuna15.com.ar\/press\/emilia-perez-de-jacques-audiard\/","og_site_name":"Voces de la Comuna 15","article_publisher":"https:\/\/www.facebook.com\/VocesComuna15\/","article_published_time":"2025-01-22T20:05:39+00:00","article_modified_time":"2025-01-22T20:05:40+00:00","og_image":[{"width":2406,"height":1478,"url":"https:\/\/vocesdelacomuna15.com.ar\/wp-content\/uploads\/2025\/01\/70x100_emiliaperez_main-copia.jpg","type":"image\/jpeg"}],"author":"Federico Arguto","twitter_card":"summary_large_image","twitter_creator":"@vocescomuna15","twitter_site":"@vocescomuna15","twitter_misc":{"Escrito por":"Federico Arguto","Tiempo de lectura":"4 minutos"},"schema":{"@context":"https:\/\/schema.org","@graph":[{"@type":"Article","@id":"https:\/\/vocesdelacomuna15.com.ar\/press\/emilia-perez-de-jacques-audiard\/#article","isPartOf":{"@id":"https:\/\/vocesdelacomuna15.com.ar\/press\/emilia-perez-de-jacques-audiard\/"},"author":{"name":"Federico Arguto","@id":"https:\/\/vocesdelacomuna15.com.ar\/press\/#\/schema\/person\/4739e109db25d799cd3d139eeb509e43"},"headline":"\u00abEmilia P\u00e9rez\u00bb, de Jacques Audiard","datePublished":"2025-01-22T20:05:39+00:00","dateModified":"2025-01-22T20:05:40+00:00","mainEntityOfPage":{"@id":"https:\/\/vocesdelacomuna15.com.ar\/press\/emilia-perez-de-jacques-audiard\/"},"wordCount":713,"commentCount":0,"publisher":{"@id":"https:\/\/vocesdelacomuna15.com.ar\/press\/#organization"},"image":{"@id":"https:\/\/vocesdelacomuna15.com.ar\/press\/emilia-perez-de-jacques-audiard\/#primaryimage"},"thumbnailUrl":"https:\/\/vocesdelacomuna15.com.ar\/wp-content\/uploads\/2025\/01\/70x100_emiliaperez_main-copia.jpg","articleSection":["Cultura"],"inLanguage":"es-AR","potentialAction":[{"@type":"CommentAction","name":"Comment","target":["https:\/\/vocesdelacomuna15.com.ar\/press\/emilia-perez-de-jacques-audiard\/#respond"]}]},{"@type":"WebPage","@id":"https:\/\/vocesdelacomuna15.com.ar\/press\/emilia-perez-de-jacques-audiard\/","url":"https:\/\/vocesdelacomuna15.com.ar\/press\/emilia-perez-de-jacques-audiard\/","name":"\u00abEmilia P\u00e9rez\u00bb, de Jacques Audiard - Voces de la Comuna 15","isPartOf":{"@id":"https:\/\/vocesdelacomuna15.com.ar\/press\/#website"},"primaryImageOfPage":{"@id":"https:\/\/vocesdelacomuna15.com.ar\/press\/emilia-perez-de-jacques-audiard\/#primaryimage"},"image":{"@id":"https:\/\/vocesdelacomuna15.com.ar\/press\/emilia-perez-de-jacques-audiard\/#primaryimage"},"thumbnailUrl":"https:\/\/vocesdelacomuna15.com.ar\/wp-content\/uploads\/2025\/01\/70x100_emiliaperez_main-copia.jpg","datePublished":"2025-01-22T20:05:39+00:00","dateModified":"2025-01-22T20:05:40+00:00","description":"Voces de la Comuna 15","breadcrumb":{"@id":"https:\/\/vocesdelacomuna15.com.ar\/press\/emilia-perez-de-jacques-audiard\/#breadcrumb"},"inLanguage":"es-AR","potentialAction":[{"@type":"ReadAction","target":["https:\/\/vocesdelacomuna15.com.ar\/press\/emilia-perez-de-jacques-audiard\/"]}]},{"@type":"ImageObject","inLanguage":"es-AR","@id":"https:\/\/vocesdelacomuna15.com.ar\/press\/emilia-perez-de-jacques-audiard\/#primaryimage","url":"https:\/\/vocesdelacomuna15.com.ar\/wp-content\/uploads\/2025\/01\/70x100_emiliaperez_main-copia.jpg","contentUrl":"https:\/\/vocesdelacomuna15.com.ar\/wp-content\/uploads\/2025\/01\/70x100_emiliaperez_main-copia.jpg","width":2406,"height":1478},{"@type":"BreadcrumbList","@id":"https:\/\/vocesdelacomuna15.com.ar\/press\/emilia-perez-de-jacques-audiard\/#breadcrumb","itemListElement":[{"@type":"ListItem","position":1,"name":"Inicio","item":"https:\/\/vocesdelacomuna15.com.ar\/press\/"},{"@type":"ListItem","position":2,"name":"\u00abEmilia P\u00e9rez\u00bb, de Jacques Audiard"}]},{"@type":"WebSite","@id":"https:\/\/vocesdelacomuna15.com.ar\/press\/#website","url":"https:\/\/vocesdelacomuna15.com.ar\/press\/","name":"Voces de la Comuna 15","description":"Sitio web de noticias","publisher":{"@id":"https:\/\/vocesdelacomuna15.com.ar\/press\/#organization"},"potentialAction":[{"@type":"SearchAction","target":{"@type":"EntryPoint","urlTemplate":"https:\/\/vocesdelacomuna15.com.ar\/press\/?s={search_term_string}"},"query-input":{"@type":"PropertyValueSpecification","valueRequired":true,"valueName":"search_term_string"}}],"inLanguage":"es-AR"},{"@type":"Organization","@id":"https:\/\/vocesdelacomuna15.com.ar\/press\/#organization","name":"Voces de la Comuna 15","url":"https:\/\/vocesdelacomuna15.com.ar\/press\/","logo":{"@type":"ImageObject","inLanguage":"es-AR","@id":"https:\/\/vocesdelacomuna15.com.ar\/press\/#\/schema\/logo\/image\/","url":"https:\/\/vocesdelacomuna15.com.ar\/wp-content\/uploads\/2024\/12\/cropped-logo_voces.jpg","contentUrl":"https:\/\/vocesdelacomuna15.com.ar\/wp-content\/uploads\/2024\/12\/cropped-logo_voces.jpg","width":512,"height":512,"caption":"Voces de la Comuna 15"},"image":{"@id":"https:\/\/vocesdelacomuna15.com.ar\/press\/#\/schema\/logo\/image\/"},"sameAs":["https:\/\/www.facebook.com\/VocesComuna15\/","https:\/\/x.com\/vocescomuna15"]},{"@type":"Person","@id":"https:\/\/vocesdelacomuna15.com.ar\/press\/#\/schema\/person\/4739e109db25d799cd3d139eeb509e43","name":"Federico Arguto","image":{"@type":"ImageObject","inLanguage":"es-AR","@id":"https:\/\/vocesdelacomuna15.com.ar\/wp-content\/litespeed\/avatar\/82faf979976f1bae889b8b71f8a0a7e5.jpg?ver=1776814847","url":"https:\/\/vocesdelacomuna15.com.ar\/wp-content\/litespeed\/avatar\/82faf979976f1bae889b8b71f8a0a7e5.jpg?ver=1776814847","contentUrl":"https:\/\/vocesdelacomuna15.com.ar\/wp-content\/litespeed\/avatar\/82faf979976f1bae889b8b71f8a0a7e5.jpg?ver=1776814847","caption":"Federico Arguto"},"url":"https:\/\/vocesdelacomuna15.com.ar\/press\/author\/fede\/"}]}},"_links":{"self":[{"href":"https:\/\/vocesdelacomuna15.com.ar\/press\/wp-json\/wp\/v2\/posts\/64668","targetHints":{"allow":["GET"]}}],"collection":[{"href":"https:\/\/vocesdelacomuna15.com.ar\/press\/wp-json\/wp\/v2\/posts"}],"about":[{"href":"https:\/\/vocesdelacomuna15.com.ar\/press\/wp-json\/wp\/v2\/types\/post"}],"author":[{"embeddable":true,"href":"https:\/\/vocesdelacomuna15.com.ar\/press\/wp-json\/wp\/v2\/users\/2"}],"replies":[{"embeddable":true,"href":"https:\/\/vocesdelacomuna15.com.ar\/press\/wp-json\/wp\/v2\/comments?post=64668"}],"version-history":[{"count":1,"href":"https:\/\/vocesdelacomuna15.com.ar\/press\/wp-json\/wp\/v2\/posts\/64668\/revisions"}],"predecessor-version":[{"id":64670,"href":"https:\/\/vocesdelacomuna15.com.ar\/press\/wp-json\/wp\/v2\/posts\/64668\/revisions\/64670"}],"wp:featuredmedia":[{"embeddable":true,"href":"https:\/\/vocesdelacomuna15.com.ar\/press\/wp-json\/wp\/v2\/media\/64669"}],"wp:attachment":[{"href":"https:\/\/vocesdelacomuna15.com.ar\/press\/wp-json\/wp\/v2\/media?parent=64668"}],"wp:term":[{"taxonomy":"category","embeddable":true,"href":"https:\/\/vocesdelacomuna15.com.ar\/press\/wp-json\/wp\/v2\/categories?post=64668"},{"taxonomy":"post_tag","embeddable":true,"href":"https:\/\/vocesdelacomuna15.com.ar\/press\/wp-json\/wp\/v2\/tags?post=64668"}],"curies":[{"name":"wp","href":"https:\/\/api.w.org\/{rel}","templated":true}]}}