{"id":64656,"date":"2025-01-21T14:57:01","date_gmt":"2025-01-21T17:57:01","guid":{"rendered":"https:\/\/vocesdelacomuna15.com.ar\/press\/?p=64656"},"modified":"2025-01-21T15:09:18","modified_gmt":"2025-01-21T18:09:18","slug":"pablo-citarella-un-artista-con-raices-en-chacarita-y-proyeccion-internacional","status":"publish","type":"post","link":"https:\/\/vocesdelacomuna15.com.ar\/press\/pablo-citarella-un-artista-con-raices-en-chacarita-y-proyeccion-internacional\/","title":{"rendered":"Pablo Citarella, un artista con ra\u00edces en Chacarita y proyecci\u00f3n internacional"},"content":{"rendered":"\n<p>Vecino del barrio del cementario hace 20 a\u00f1os, nos cuenta en la entrevista sobre su actualidad, su experiencia laboral en Europa, sus proyectos y sus vivencias en Chacarita<\/p>\n\n\n\n<p>\u2013<strong>Pablo, contanos sobre tu relaci\u00f3n con el barrio de Chacarita\u2026<\/strong><\/p>\n\n\n\n<p>-\u201cBueno, en diciembre de 2025 se cumplen 20 a\u00f1os desde que vivo ac\u00e1 en Chacarita. La verdad que no lo puedo creer, el barrio cambi\u00f3 un mont\u00f3n en estos a\u00f1os. Cuando llegu\u00e9, por ejemplo, los deliverys no llegaban y estacionabas en cualquier lado. Ahora mis alumnos se pasan una hora buscando lugar. El cambio fue terrible, pero para bien en muchos aspectos. Jorge Newbery, que siempre estaba apagada, ahora est\u00e1 llena de pubs, bares y restaurantes lind\u00edsimos. La pandemia ayud\u00f3 un mont\u00f3n al barrio, a diferencia de otros como Recoleta o algunas zonas del centro que bajaron. Ac\u00e1 se puso de moda: hay muchas productoras, m\u00fasicos, actores, cineastas, artistas&#8230; Es un lugar con mucha movida. Yo vivo en un pulm\u00f3n de manzana en la calle Fraga, donde tengo mi estudio. Es espectacular porque ten\u00e9s silencio, mucho verde, pero igual sigue siendo barrio. Esa es la magia de Chacarita: ten\u00e9s de todo y no pierde esa onda barrial. Me encanta el Cementerio de Chacarita, voy a meditar ah\u00ed, est\u00e1 cada vez m\u00e1s lindo con todo el verde que tiene. Ten\u00e9s el Mercado de Pulgas, que aunque est\u00e1 en Colegiales, es como el hermano de Chacarita. Obvio, no todo es perfecto. La zona de la villa en Fraga est\u00e1 un poco \u201cheavy\u201d, hay quejas de inseguridad, celulares robados y eso. Pero m\u00e1s all\u00e1 de eso, la energ\u00eda del barrio es incre\u00edble: ten\u00e9s tango, gastronom\u00eda buen\u00edsima, m\u00fasica moderna, todo. Y no nos olvidemos que Chacarita es donde nace Corrientes y est\u00e1 el tren que conecta con provincia, as\u00ed que ten\u00e9s esa mezcla entre el porte\u00f1o artista y el obrero que viene a laburar.<\/p>\n\n\n\n<figure class=\"wp-block-image aligncenter size-full\"><img loading=\"lazy\" decoding=\"async\" width=\"651\" height=\"572\" src=\"https:\/\/vocesdelacomuna15.com.ar\/wp-content\/uploads\/2025\/01\/Citarella1.png\" alt=\"\" class=\"wp-image-64658\" srcset=\"https:\/\/vocesdelacomuna15.com.ar\/wp-content\/uploads\/2025\/01\/Citarella1.png 651w, https:\/\/vocesdelacomuna15.com.ar\/wp-content\/uploads\/2025\/01\/Citarella1-300x264.png 300w\" sizes=\"(max-width: 651px) 100vw, 651px\" \/><\/figure>\n\n\n\n<p>\u2013<strong>\u00bfC\u00f3mo fue tu experiencia profesional en Europa y cu\u00e1les son tus proyectos actuales?<\/strong><\/p>\n\n\n\n<p>-\u201cViv\u00ed dos a\u00f1os en Espa\u00f1a, en Madrid. Ah\u00ed tuve la suerte de codirigir dos musicales: \u201c<em>Los Puentes de Madison\u201d<\/em> y \u201c<em>Pretty Woman\u201d<\/em>. Este \u00faltimo lo vamos a hacer tambi\u00e9n este a\u00f1o en Buenos Aires. Madrid es una ciudad hermosa, m\u00e1s chica que Buenos Aires, pero muy c\u00f3moda. Viv\u00ed en Salamanca, que es como la Recoleta de all\u00e1, y despu\u00e9s en Puerta del \u00c1ngel, que es como el Chacarita madrile\u00f1o. Los musicales no son lo que m\u00e1s me gusta, me aburren un poco, pero son trabajos que tienen buena salida y un sueldo digno. Mientras tanto, tambi\u00e9n viaj\u00e9 mil veces a Europa con mi proyecto de tango \u201c<em>Farabute\u201d<\/em>. Tocamos en Madrid, Alemania, de todo. La experiencia en Europa fue espectacular. Por ejemplo, las navidades con fr\u00edo son otra cosa. Adem\u00e1s, los espa\u00f1oles, aunque no son argentinos, son muy hospitalarios\u201d.<\/p>\n\n\n\n<p>\u2013<strong>Contanos sobre tus \u00faltimos espect\u00e1culos y presentaciones<\/strong><\/p>\n\n\n\n<p>-\u201cCuando volv\u00ed de Madrid, cerr\u00e9 2024 con dos recitales grandes. Uno de ellos fue \u201c<em>Bandone\u00f3n Tango Obsession\u201d<\/em>, un proyecto enorme que presentamos el 13 y 14 de diciembre en el Teatro Nacional. Dirig\u00ed, compuse, arregl\u00e9, toqu\u00e9 el piano y arm\u00e9 casi toda la performance. Fue un viaje por el tango: desde Piazzolla y Troilo hasta cosas m\u00e1s modernas. La producci\u00f3n se va para Londres pronto, aunque las fechas se postergaron.<\/p>\n\n\n\n<p>El 21 y 22 de diciembre se llev\u00f3 a cabo el espect\u00e1culo Viva la Vida con m\u00fasica de los a\u00f1os 60 en el Palacio Libertad. Uno de los momentos m\u00e1s lindos fue cuando hice bajar a los vientos por las escaleras tocando una fanfarria de Palito Ortega. Tambi\u00e9n trabaj\u00e9 mucho en los arreglos de voces y orquesta, adaptando esa m\u00fasica de los a\u00f1os \u00b460 a un sonido m\u00e1s actual. Fueron dos noches muy intensas y creativas\u201d.<\/p>\n\n\n\n<figure class=\"wp-block-image aligncenter size-full is-resized\"><img loading=\"lazy\" decoding=\"async\" width=\"225\" height=\"225\" src=\"https:\/\/vocesdelacomuna15.com.ar\/wp-content\/uploads\/2025\/01\/images.jpg\" alt=\"\" class=\"wp-image-64659\" style=\"object-fit:cover;width:350px;height:350px\" srcset=\"https:\/\/vocesdelacomuna15.com.ar\/wp-content\/uploads\/2025\/01\/images.jpg 225w, https:\/\/vocesdelacomuna15.com.ar\/wp-content\/uploads\/2025\/01\/images-150x150.jpg 150w\" sizes=\"(max-width: 225px) 100vw, 225px\" \/><\/figure>\n\n\n\n<p>\u2013<strong>\u00bfQu\u00e9 planes ten\u00e9s para el futuro pr\u00f3ximo?<\/strong><\/p>\n\n\n\n<p>-\u201cEl 12 de febrero me voy a Londres para una gira de dos meses con \u201c<em>Farabute\u201d<\/em>. Adem\u00e1s, voy a dar clases en Madrid, Alemania e Italia. Cuando vuelva, retomo la direcci\u00f3n musical de \u201c<em>Pretty Woman\u201d<\/em>, que se estrena el 22 de mayo en el Teatro Astral de calle Corrientes, con Florencia Pe\u00f1a como protagonista. En mi estudio en Chacarita sigo dando clases. Preparo cantantes, m\u00fasicos, pianistas, de todo. Es algo que me gusta mucho y es importante para m\u00ed. Para quienes quieran seguir lo que hago, pueden encontrarme en Instagram como <a href=\"https:\/\/www.instagram.com\/pablo_citarella\">@pablo_citarella<\/a>.<\/p>\n\n\n\n<p>\u2013<strong>\u00a1Gracias por compartir tu historia, Pablo!<\/strong><\/p>\n\n\n\n<p>\u2013\u201cGracias a ustedes y a todo el equipo de Voces de la Comuna 15\u201d.<\/p>\n<div class=\"pvc_clear\"><\/div><p id=\"pvc_stats_64656\" class=\"pvc_stats all  \" data-element-id=\"64656\" style=\"\"><i class=\"pvc-stats-icon small\" aria-hidden=\"true\"><svg aria-hidden=\"true\" focusable=\"false\" data-prefix=\"far\" data-icon=\"chart-bar\" role=\"img\" xmlns=\"http:\/\/www.w3.org\/2000\/svg\" viewBox=\"0 0 512 512\" class=\"svg-inline--fa fa-chart-bar fa-w-16 fa-2x\"><path fill=\"currentColor\" d=\"M396.8 352h22.4c6.4 0 12.8-6.4 12.8-12.8V108.8c0-6.4-6.4-12.8-12.8-12.8h-22.4c-6.4 0-12.8 6.4-12.8 12.8v230.4c0 6.4 6.4 12.8 12.8 12.8zm-192 0h22.4c6.4 0 12.8-6.4 12.8-12.8V140.8c0-6.4-6.4-12.8-12.8-12.8h-22.4c-6.4 0-12.8 6.4-12.8 12.8v198.4c0 6.4 6.4 12.8 12.8 12.8zm96 0h22.4c6.4 0 12.8-6.4 12.8-12.8V204.8c0-6.4-6.4-12.8-12.8-12.8h-22.4c-6.4 0-12.8 6.4-12.8 12.8v134.4c0 6.4 6.4 12.8 12.8 12.8zM496 400H48V80c0-8.84-7.16-16-16-16H16C7.16 64 0 71.16 0 80v336c0 17.67 14.33 32 32 32h464c8.84 0 16-7.16 16-16v-16c0-8.84-7.16-16-16-16zm-387.2-48h22.4c6.4 0 12.8-6.4 12.8-12.8v-70.4c0-6.4-6.4-12.8-12.8-12.8h-22.4c-6.4 0-12.8 6.4-12.8 12.8v70.4c0 6.4 6.4 12.8 12.8 12.8z\" class=\"\"><\/path><\/svg><\/i> <img loading=\"lazy\" decoding=\"async\" width=\"16\" height=\"16\" alt=\"Loading\" src=\"https:\/\/vocesdelacomuna15.com.ar\/wp-content\/plugins\/page-views-count\/ajax-loader-2x.gif\" border=0 \/><\/p><div class=\"pvc_clear\"><\/div>","protected":false},"excerpt":{"rendered":"<p>Vecino del barrio del cementario hace 20 a\u00f1os, nos cuenta en la entrevista sobre su actualidad, su experiencia laboral en Europa, sus proyectos y sus vivencias en Chacarita \u2013Pablo, contanos sobre tu relaci\u00f3n con el barrio de Chacarita\u2026 -\u201cBueno, en diciembre de 2025 se cumplen 20 a\u00f1os desde que vivo ac\u00e1 en Chacarita. La verdad [&hellip;]<\/p>\n<div class=\"pvc_clear\"><\/div>\n<p id=\"pvc_stats_64656\" class=\"pvc_stats all  \" data-element-id=\"64656\" style=\"\"><i class=\"pvc-stats-icon small\" aria-hidden=\"true\"><svg aria-hidden=\"true\" focusable=\"false\" data-prefix=\"far\" data-icon=\"chart-bar\" role=\"img\" xmlns=\"http:\/\/www.w3.org\/2000\/svg\" viewBox=\"0 0 512 512\" class=\"svg-inline--fa fa-chart-bar fa-w-16 fa-2x\"><path fill=\"currentColor\" d=\"M396.8 352h22.4c6.4 0 12.8-6.4 12.8-12.8V108.8c0-6.4-6.4-12.8-12.8-12.8h-22.4c-6.4 0-12.8 6.4-12.8 12.8v230.4c0 6.4 6.4 12.8 12.8 12.8zm-192 0h22.4c6.4 0 12.8-6.4 12.8-12.8V140.8c0-6.4-6.4-12.8-12.8-12.8h-22.4c-6.4 0-12.8 6.4-12.8 12.8v198.4c0 6.4 6.4 12.8 12.8 12.8zm96 0h22.4c6.4 0 12.8-6.4 12.8-12.8V204.8c0-6.4-6.4-12.8-12.8-12.8h-22.4c-6.4 0-12.8 6.4-12.8 12.8v134.4c0 6.4 6.4 12.8 12.8 12.8zM496 400H48V80c0-8.84-7.16-16-16-16H16C7.16 64 0 71.16 0 80v336c0 17.67 14.33 32 32 32h464c8.84 0 16-7.16 16-16v-16c0-8.84-7.16-16-16-16zm-387.2-48h22.4c6.4 0 12.8-6.4 12.8-12.8v-70.4c0-6.4-6.4-12.8-12.8-12.8h-22.4c-6.4 0-12.8 6.4-12.8 12.8v70.4c0 6.4 6.4 12.8 12.8 12.8z\" class=\"\"><\/path><\/svg><\/i> <img loading=\"lazy\" decoding=\"async\" width=\"16\" height=\"16\" alt=\"Loading\" src=\"https:\/\/vocesdelacomuna15.com.ar\/wp-content\/plugins\/page-views-count\/ajax-loader-2x.gif\" border=0 \/><\/p>\n<div class=\"pvc_clear\"><\/div>\n","protected":false},"author":2,"featured_media":64657,"comment_status":"open","ping_status":"open","sticky":false,"template":"","format":"standard","meta":{"_et_pb_use_builder":"off","_et_pb_old_content":"","_et_gb_content_width":"","footnotes":""},"categories":[24],"tags":[],"class_list":["post-64656","post","type-post","status-publish","format-standard","has-post-thumbnail","hentry","category-cultura","et-has-post-format-content","et_post_format-et-post-format-standard"],"a3_pvc":{"activated":true,"total_views":114,"today_views":0},"yoast_head":"<!-- This site is optimized with the Yoast SEO plugin v27.4 - https:\/\/yoast.com\/product\/yoast-seo-wordpress\/ -->\n<title>Pablo Citarella, un artista con ra\u00edces en Chacarita y proyecci\u00f3n internacional - Voces de la Comuna 15<\/title>\n<meta name=\"description\" content=\"Voces de la Comuna 15\" \/>\n<meta name=\"robots\" content=\"index, follow, max-snippet:-1, max-image-preview:large, max-video-preview:-1\" \/>\n<link rel=\"canonical\" href=\"https:\/\/vocesdelacomuna15.com.ar\/press\/pablo-citarella-un-artista-con-raices-en-chacarita-y-proyeccion-internacional\/\" \/>\n<meta property=\"og:locale\" content=\"es_ES\" \/>\n<meta property=\"og:type\" content=\"article\" \/>\n<meta property=\"og:title\" content=\"Pablo Citarella, un artista con ra\u00edces en Chacarita y proyecci\u00f3n internacional - Voces de la Comuna 15\" \/>\n<meta property=\"og:description\" content=\"Voces de la Comuna 15\" \/>\n<meta property=\"og:url\" content=\"https:\/\/vocesdelacomuna15.com.ar\/press\/pablo-citarella-un-artista-con-raices-en-chacarita-y-proyeccion-internacional\/\" \/>\n<meta property=\"og:site_name\" content=\"Voces de la Comuna 15\" \/>\n<meta property=\"article:publisher\" content=\"https:\/\/www.facebook.com\/VocesComuna15\/\" \/>\n<meta property=\"article:published_time\" content=\"2025-01-21T17:57:01+00:00\" \/>\n<meta property=\"article:modified_time\" content=\"2025-01-21T18:09:18+00:00\" \/>\n<meta property=\"og:image\" content=\"https:\/\/vocesdelacomuna15.com.ar\/wp-content\/uploads\/2025\/01\/citarella2.-Foto-Plateanet.com_.png\" \/>\n\t<meta property=\"og:image:width\" content=\"529\" \/>\n\t<meta property=\"og:image:height\" content=\"308\" \/>\n\t<meta property=\"og:image:type\" content=\"image\/png\" \/>\n<meta name=\"author\" content=\"Federico Arguto\" \/>\n<meta name=\"twitter:card\" content=\"summary_large_image\" \/>\n<meta name=\"twitter:creator\" content=\"@vocescomuna15\" \/>\n<meta name=\"twitter:site\" content=\"@vocescomuna15\" \/>\n<meta name=\"twitter:label1\" content=\"Escrito por\" \/>\n\t<meta name=\"twitter:data1\" content=\"Federico Arguto\" \/>\n\t<meta name=\"twitter:label2\" content=\"Tiempo de lectura\" \/>\n\t<meta name=\"twitter:data2\" content=\"4 minutos\" \/>\n<script type=\"application\/ld+json\" class=\"yoast-schema-graph\">{\"@context\":\"https:\\\/\\\/schema.org\",\"@graph\":[{\"@type\":\"Article\",\"@id\":\"https:\\\/\\\/vocesdelacomuna15.com.ar\\\/press\\\/pablo-citarella-un-artista-con-raices-en-chacarita-y-proyeccion-internacional\\\/#article\",\"isPartOf\":{\"@id\":\"https:\\\/\\\/vocesdelacomuna15.com.ar\\\/press\\\/pablo-citarella-un-artista-con-raices-en-chacarita-y-proyeccion-internacional\\\/\"},\"author\":{\"name\":\"Federico Arguto\",\"@id\":\"https:\\\/\\\/vocesdelacomuna15.com.ar\\\/press\\\/#\\\/schema\\\/person\\\/4739e109db25d799cd3d139eeb509e43\"},\"headline\":\"Pablo Citarella, un artista con ra\u00edces en Chacarita y proyecci\u00f3n internacional\",\"datePublished\":\"2025-01-21T17:57:01+00:00\",\"dateModified\":\"2025-01-21T18:09:18+00:00\",\"mainEntityOfPage\":{\"@id\":\"https:\\\/\\\/vocesdelacomuna15.com.ar\\\/press\\\/pablo-citarella-un-artista-con-raices-en-chacarita-y-proyeccion-internacional\\\/\"},\"wordCount\":791,\"commentCount\":0,\"publisher\":{\"@id\":\"https:\\\/\\\/vocesdelacomuna15.com.ar\\\/press\\\/#organization\"},\"image\":{\"@id\":\"https:\\\/\\\/vocesdelacomuna15.com.ar\\\/press\\\/pablo-citarella-un-artista-con-raices-en-chacarita-y-proyeccion-internacional\\\/#primaryimage\"},\"thumbnailUrl\":\"https:\\\/\\\/vocesdelacomuna15.com.ar\\\/wp-content\\\/uploads\\\/2025\\\/01\\\/citarella2.-Foto-Plateanet.com_.png\",\"articleSection\":[\"Cultura\"],\"inLanguage\":\"es-AR\",\"potentialAction\":[{\"@type\":\"CommentAction\",\"name\":\"Comment\",\"target\":[\"https:\\\/\\\/vocesdelacomuna15.com.ar\\\/press\\\/pablo-citarella-un-artista-con-raices-en-chacarita-y-proyeccion-internacional\\\/#respond\"]}]},{\"@type\":\"WebPage\",\"@id\":\"https:\\\/\\\/vocesdelacomuna15.com.ar\\\/press\\\/pablo-citarella-un-artista-con-raices-en-chacarita-y-proyeccion-internacional\\\/\",\"url\":\"https:\\\/\\\/vocesdelacomuna15.com.ar\\\/press\\\/pablo-citarella-un-artista-con-raices-en-chacarita-y-proyeccion-internacional\\\/\",\"name\":\"Pablo Citarella, un artista con ra\u00edces en Chacarita y proyecci\u00f3n internacional - Voces de la Comuna 15\",\"isPartOf\":{\"@id\":\"https:\\\/\\\/vocesdelacomuna15.com.ar\\\/press\\\/#website\"},\"primaryImageOfPage\":{\"@id\":\"https:\\\/\\\/vocesdelacomuna15.com.ar\\\/press\\\/pablo-citarella-un-artista-con-raices-en-chacarita-y-proyeccion-internacional\\\/#primaryimage\"},\"image\":{\"@id\":\"https:\\\/\\\/vocesdelacomuna15.com.ar\\\/press\\\/pablo-citarella-un-artista-con-raices-en-chacarita-y-proyeccion-internacional\\\/#primaryimage\"},\"thumbnailUrl\":\"https:\\\/\\\/vocesdelacomuna15.com.ar\\\/wp-content\\\/uploads\\\/2025\\\/01\\\/citarella2.-Foto-Plateanet.com_.png\",\"datePublished\":\"2025-01-21T17:57:01+00:00\",\"dateModified\":\"2025-01-21T18:09:18+00:00\",\"description\":\"Voces de la Comuna 15\",\"breadcrumb\":{\"@id\":\"https:\\\/\\\/vocesdelacomuna15.com.ar\\\/press\\\/pablo-citarella-un-artista-con-raices-en-chacarita-y-proyeccion-internacional\\\/#breadcrumb\"},\"inLanguage\":\"es-AR\",\"potentialAction\":[{\"@type\":\"ReadAction\",\"target\":[\"https:\\\/\\\/vocesdelacomuna15.com.ar\\\/press\\\/pablo-citarella-un-artista-con-raices-en-chacarita-y-proyeccion-internacional\\\/\"]}]},{\"@type\":\"ImageObject\",\"inLanguage\":\"es-AR\",\"@id\":\"https:\\\/\\\/vocesdelacomuna15.com.ar\\\/press\\\/pablo-citarella-un-artista-con-raices-en-chacarita-y-proyeccion-internacional\\\/#primaryimage\",\"url\":\"https:\\\/\\\/vocesdelacomuna15.com.ar\\\/wp-content\\\/uploads\\\/2025\\\/01\\\/citarella2.-Foto-Plateanet.com_.png\",\"contentUrl\":\"https:\\\/\\\/vocesdelacomuna15.com.ar\\\/wp-content\\\/uploads\\\/2025\\\/01\\\/citarella2.-Foto-Plateanet.com_.png\",\"width\":529,\"height\":308},{\"@type\":\"BreadcrumbList\",\"@id\":\"https:\\\/\\\/vocesdelacomuna15.com.ar\\\/press\\\/pablo-citarella-un-artista-con-raices-en-chacarita-y-proyeccion-internacional\\\/#breadcrumb\",\"itemListElement\":[{\"@type\":\"ListItem\",\"position\":1,\"name\":\"Inicio\",\"item\":\"https:\\\/\\\/vocesdelacomuna15.com.ar\\\/press\\\/\"},{\"@type\":\"ListItem\",\"position\":2,\"name\":\"Pablo Citarella, un artista con ra\u00edces en Chacarita y proyecci\u00f3n internacional\"}]},{\"@type\":\"WebSite\",\"@id\":\"https:\\\/\\\/vocesdelacomuna15.com.ar\\\/press\\\/#website\",\"url\":\"https:\\\/\\\/vocesdelacomuna15.com.ar\\\/press\\\/\",\"name\":\"Voces de la Comuna 15\",\"description\":\"Sitio web de noticias\",\"publisher\":{\"@id\":\"https:\\\/\\\/vocesdelacomuna15.com.ar\\\/press\\\/#organization\"},\"potentialAction\":[{\"@type\":\"SearchAction\",\"target\":{\"@type\":\"EntryPoint\",\"urlTemplate\":\"https:\\\/\\\/vocesdelacomuna15.com.ar\\\/press\\\/?s={search_term_string}\"},\"query-input\":{\"@type\":\"PropertyValueSpecification\",\"valueRequired\":true,\"valueName\":\"search_term_string\"}}],\"inLanguage\":\"es-AR\"},{\"@type\":\"Organization\",\"@id\":\"https:\\\/\\\/vocesdelacomuna15.com.ar\\\/press\\\/#organization\",\"name\":\"Voces de la Comuna 15\",\"url\":\"https:\\\/\\\/vocesdelacomuna15.com.ar\\\/press\\\/\",\"logo\":{\"@type\":\"ImageObject\",\"inLanguage\":\"es-AR\",\"@id\":\"https:\\\/\\\/vocesdelacomuna15.com.ar\\\/press\\\/#\\\/schema\\\/logo\\\/image\\\/\",\"url\":\"https:\\\/\\\/vocesdelacomuna15.com.ar\\\/wp-content\\\/uploads\\\/2024\\\/12\\\/cropped-logo_voces.jpg\",\"contentUrl\":\"https:\\\/\\\/vocesdelacomuna15.com.ar\\\/wp-content\\\/uploads\\\/2024\\\/12\\\/cropped-logo_voces.jpg\",\"width\":512,\"height\":512,\"caption\":\"Voces de la Comuna 15\"},\"image\":{\"@id\":\"https:\\\/\\\/vocesdelacomuna15.com.ar\\\/press\\\/#\\\/schema\\\/logo\\\/image\\\/\"},\"sameAs\":[\"https:\\\/\\\/www.facebook.com\\\/VocesComuna15\\\/\",\"https:\\\/\\\/x.com\\\/vocescomuna15\"]},{\"@type\":\"Person\",\"@id\":\"https:\\\/\\\/vocesdelacomuna15.com.ar\\\/press\\\/#\\\/schema\\\/person\\\/4739e109db25d799cd3d139eeb509e43\",\"name\":\"Federico Arguto\",\"image\":{\"@type\":\"ImageObject\",\"inLanguage\":\"es-AR\",\"@id\":\"https:\\\/\\\/vocesdelacomuna15.com.ar\\\/wp-content\\\/litespeed\\\/avatar\\\/82faf979976f1bae889b8b71f8a0a7e5.jpg?ver=1776814847\",\"url\":\"https:\\\/\\\/vocesdelacomuna15.com.ar\\\/wp-content\\\/litespeed\\\/avatar\\\/82faf979976f1bae889b8b71f8a0a7e5.jpg?ver=1776814847\",\"contentUrl\":\"https:\\\/\\\/vocesdelacomuna15.com.ar\\\/wp-content\\\/litespeed\\\/avatar\\\/82faf979976f1bae889b8b71f8a0a7e5.jpg?ver=1776814847\",\"caption\":\"Federico Arguto\"},\"url\":\"https:\\\/\\\/vocesdelacomuna15.com.ar\\\/press\\\/author\\\/fede\\\/\"}]}<\/script>\n<!-- \/ Yoast SEO plugin. -->","yoast_head_json":{"title":"Pablo Citarella, un artista con ra\u00edces en Chacarita y proyecci\u00f3n internacional - Voces de la Comuna 15","description":"Voces de la Comuna 15","robots":{"index":"index","follow":"follow","max-snippet":"max-snippet:-1","max-image-preview":"max-image-preview:large","max-video-preview":"max-video-preview:-1"},"canonical":"https:\/\/vocesdelacomuna15.com.ar\/press\/pablo-citarella-un-artista-con-raices-en-chacarita-y-proyeccion-internacional\/","og_locale":"es_ES","og_type":"article","og_title":"Pablo Citarella, un artista con ra\u00edces en Chacarita y proyecci\u00f3n internacional - Voces de la Comuna 15","og_description":"Voces de la Comuna 15","og_url":"https:\/\/vocesdelacomuna15.com.ar\/press\/pablo-citarella-un-artista-con-raices-en-chacarita-y-proyeccion-internacional\/","og_site_name":"Voces de la Comuna 15","article_publisher":"https:\/\/www.facebook.com\/VocesComuna15\/","article_published_time":"2025-01-21T17:57:01+00:00","article_modified_time":"2025-01-21T18:09:18+00:00","og_image":[{"width":529,"height":308,"url":"https:\/\/vocesdelacomuna15.com.ar\/wp-content\/uploads\/2025\/01\/citarella2.-Foto-Plateanet.com_.png","type":"image\/png"}],"author":"Federico Arguto","twitter_card":"summary_large_image","twitter_creator":"@vocescomuna15","twitter_site":"@vocescomuna15","twitter_misc":{"Escrito por":"Federico Arguto","Tiempo de lectura":"4 minutos"},"schema":{"@context":"https:\/\/schema.org","@graph":[{"@type":"Article","@id":"https:\/\/vocesdelacomuna15.com.ar\/press\/pablo-citarella-un-artista-con-raices-en-chacarita-y-proyeccion-internacional\/#article","isPartOf":{"@id":"https:\/\/vocesdelacomuna15.com.ar\/press\/pablo-citarella-un-artista-con-raices-en-chacarita-y-proyeccion-internacional\/"},"author":{"name":"Federico Arguto","@id":"https:\/\/vocesdelacomuna15.com.ar\/press\/#\/schema\/person\/4739e109db25d799cd3d139eeb509e43"},"headline":"Pablo Citarella, un artista con ra\u00edces en Chacarita y proyecci\u00f3n internacional","datePublished":"2025-01-21T17:57:01+00:00","dateModified":"2025-01-21T18:09:18+00:00","mainEntityOfPage":{"@id":"https:\/\/vocesdelacomuna15.com.ar\/press\/pablo-citarella-un-artista-con-raices-en-chacarita-y-proyeccion-internacional\/"},"wordCount":791,"commentCount":0,"publisher":{"@id":"https:\/\/vocesdelacomuna15.com.ar\/press\/#organization"},"image":{"@id":"https:\/\/vocesdelacomuna15.com.ar\/press\/pablo-citarella-un-artista-con-raices-en-chacarita-y-proyeccion-internacional\/#primaryimage"},"thumbnailUrl":"https:\/\/vocesdelacomuna15.com.ar\/wp-content\/uploads\/2025\/01\/citarella2.-Foto-Plateanet.com_.png","articleSection":["Cultura"],"inLanguage":"es-AR","potentialAction":[{"@type":"CommentAction","name":"Comment","target":["https:\/\/vocesdelacomuna15.com.ar\/press\/pablo-citarella-un-artista-con-raices-en-chacarita-y-proyeccion-internacional\/#respond"]}]},{"@type":"WebPage","@id":"https:\/\/vocesdelacomuna15.com.ar\/press\/pablo-citarella-un-artista-con-raices-en-chacarita-y-proyeccion-internacional\/","url":"https:\/\/vocesdelacomuna15.com.ar\/press\/pablo-citarella-un-artista-con-raices-en-chacarita-y-proyeccion-internacional\/","name":"Pablo Citarella, un artista con ra\u00edces en Chacarita y proyecci\u00f3n internacional - Voces de la Comuna 15","isPartOf":{"@id":"https:\/\/vocesdelacomuna15.com.ar\/press\/#website"},"primaryImageOfPage":{"@id":"https:\/\/vocesdelacomuna15.com.ar\/press\/pablo-citarella-un-artista-con-raices-en-chacarita-y-proyeccion-internacional\/#primaryimage"},"image":{"@id":"https:\/\/vocesdelacomuna15.com.ar\/press\/pablo-citarella-un-artista-con-raices-en-chacarita-y-proyeccion-internacional\/#primaryimage"},"thumbnailUrl":"https:\/\/vocesdelacomuna15.com.ar\/wp-content\/uploads\/2025\/01\/citarella2.-Foto-Plateanet.com_.png","datePublished":"2025-01-21T17:57:01+00:00","dateModified":"2025-01-21T18:09:18+00:00","description":"Voces de la Comuna 15","breadcrumb":{"@id":"https:\/\/vocesdelacomuna15.com.ar\/press\/pablo-citarella-un-artista-con-raices-en-chacarita-y-proyeccion-internacional\/#breadcrumb"},"inLanguage":"es-AR","potentialAction":[{"@type":"ReadAction","target":["https:\/\/vocesdelacomuna15.com.ar\/press\/pablo-citarella-un-artista-con-raices-en-chacarita-y-proyeccion-internacional\/"]}]},{"@type":"ImageObject","inLanguage":"es-AR","@id":"https:\/\/vocesdelacomuna15.com.ar\/press\/pablo-citarella-un-artista-con-raices-en-chacarita-y-proyeccion-internacional\/#primaryimage","url":"https:\/\/vocesdelacomuna15.com.ar\/wp-content\/uploads\/2025\/01\/citarella2.-Foto-Plateanet.com_.png","contentUrl":"https:\/\/vocesdelacomuna15.com.ar\/wp-content\/uploads\/2025\/01\/citarella2.-Foto-Plateanet.com_.png","width":529,"height":308},{"@type":"BreadcrumbList","@id":"https:\/\/vocesdelacomuna15.com.ar\/press\/pablo-citarella-un-artista-con-raices-en-chacarita-y-proyeccion-internacional\/#breadcrumb","itemListElement":[{"@type":"ListItem","position":1,"name":"Inicio","item":"https:\/\/vocesdelacomuna15.com.ar\/press\/"},{"@type":"ListItem","position":2,"name":"Pablo Citarella, un artista con ra\u00edces en Chacarita y proyecci\u00f3n internacional"}]},{"@type":"WebSite","@id":"https:\/\/vocesdelacomuna15.com.ar\/press\/#website","url":"https:\/\/vocesdelacomuna15.com.ar\/press\/","name":"Voces de la Comuna 15","description":"Sitio web de noticias","publisher":{"@id":"https:\/\/vocesdelacomuna15.com.ar\/press\/#organization"},"potentialAction":[{"@type":"SearchAction","target":{"@type":"EntryPoint","urlTemplate":"https:\/\/vocesdelacomuna15.com.ar\/press\/?s={search_term_string}"},"query-input":{"@type":"PropertyValueSpecification","valueRequired":true,"valueName":"search_term_string"}}],"inLanguage":"es-AR"},{"@type":"Organization","@id":"https:\/\/vocesdelacomuna15.com.ar\/press\/#organization","name":"Voces de la Comuna 15","url":"https:\/\/vocesdelacomuna15.com.ar\/press\/","logo":{"@type":"ImageObject","inLanguage":"es-AR","@id":"https:\/\/vocesdelacomuna15.com.ar\/press\/#\/schema\/logo\/image\/","url":"https:\/\/vocesdelacomuna15.com.ar\/wp-content\/uploads\/2024\/12\/cropped-logo_voces.jpg","contentUrl":"https:\/\/vocesdelacomuna15.com.ar\/wp-content\/uploads\/2024\/12\/cropped-logo_voces.jpg","width":512,"height":512,"caption":"Voces de la Comuna 15"},"image":{"@id":"https:\/\/vocesdelacomuna15.com.ar\/press\/#\/schema\/logo\/image\/"},"sameAs":["https:\/\/www.facebook.com\/VocesComuna15\/","https:\/\/x.com\/vocescomuna15"]},{"@type":"Person","@id":"https:\/\/vocesdelacomuna15.com.ar\/press\/#\/schema\/person\/4739e109db25d799cd3d139eeb509e43","name":"Federico Arguto","image":{"@type":"ImageObject","inLanguage":"es-AR","@id":"https:\/\/vocesdelacomuna15.com.ar\/wp-content\/litespeed\/avatar\/82faf979976f1bae889b8b71f8a0a7e5.jpg?ver=1776814847","url":"https:\/\/vocesdelacomuna15.com.ar\/wp-content\/litespeed\/avatar\/82faf979976f1bae889b8b71f8a0a7e5.jpg?ver=1776814847","contentUrl":"https:\/\/vocesdelacomuna15.com.ar\/wp-content\/litespeed\/avatar\/82faf979976f1bae889b8b71f8a0a7e5.jpg?ver=1776814847","caption":"Federico Arguto"},"url":"https:\/\/vocesdelacomuna15.com.ar\/press\/author\/fede\/"}]}},"_links":{"self":[{"href":"https:\/\/vocesdelacomuna15.com.ar\/press\/wp-json\/wp\/v2\/posts\/64656","targetHints":{"allow":["GET"]}}],"collection":[{"href":"https:\/\/vocesdelacomuna15.com.ar\/press\/wp-json\/wp\/v2\/posts"}],"about":[{"href":"https:\/\/vocesdelacomuna15.com.ar\/press\/wp-json\/wp\/v2\/types\/post"}],"author":[{"embeddable":true,"href":"https:\/\/vocesdelacomuna15.com.ar\/press\/wp-json\/wp\/v2\/users\/2"}],"replies":[{"embeddable":true,"href":"https:\/\/vocesdelacomuna15.com.ar\/press\/wp-json\/wp\/v2\/comments?post=64656"}],"version-history":[{"count":4,"href":"https:\/\/vocesdelacomuna15.com.ar\/press\/wp-json\/wp\/v2\/posts\/64656\/revisions"}],"predecessor-version":[{"id":64664,"href":"https:\/\/vocesdelacomuna15.com.ar\/press\/wp-json\/wp\/v2\/posts\/64656\/revisions\/64664"}],"wp:featuredmedia":[{"embeddable":true,"href":"https:\/\/vocesdelacomuna15.com.ar\/press\/wp-json\/wp\/v2\/media\/64657"}],"wp:attachment":[{"href":"https:\/\/vocesdelacomuna15.com.ar\/press\/wp-json\/wp\/v2\/media?parent=64656"}],"wp:term":[{"taxonomy":"category","embeddable":true,"href":"https:\/\/vocesdelacomuna15.com.ar\/press\/wp-json\/wp\/v2\/categories?post=64656"},{"taxonomy":"post_tag","embeddable":true,"href":"https:\/\/vocesdelacomuna15.com.ar\/press\/wp-json\/wp\/v2\/tags?post=64656"}],"curies":[{"name":"wp","href":"https:\/\/api.w.org\/{rel}","templated":true}]}}