{"id":64640,"date":"2025-01-20T13:43:09","date_gmt":"2025-01-20T16:43:09","guid":{"rendered":"https:\/\/vocesdelacomuna15.com.ar\/press\/?p=64640"},"modified":"2025-01-20T13:44:12","modified_gmt":"2025-01-20T16:44:12","slug":"la-red-de-refugios-climaticos-esta-en-las-15-comunas-para-descansar-de-las-altas-temperaturas","status":"publish","type":"post","link":"https:\/\/vocesdelacomuna15.com.ar\/press\/la-red-de-refugios-climaticos-esta-en-las-15-comunas-para-descansar-de-las-altas-temperaturas\/","title":{"rendered":"La Red de Refugios Clim\u00e1ticos est\u00e1 en las 15 comunas para descansar de las altas temperaturas"},"content":{"rendered":"\n<p>Los vecinos de la Ciudad podr\u00e1n protegerse moment\u00e1neamente del calor en 64 espacios de la Ciudad de Buenos Aires.<\/p>\n\n\n\n<p>Fuente: Buenosaires.gob.ar<\/p>\n\n\n\n<p>Link a nota completa: https:\/\/buenosaires.gob.ar\/noticias\/la-red-de-refugios-climaticos-esta-en-las-15-comunas-para-descansar-de-las-altas<\/p>\n\n\n\n<p>La&nbsp;<a href=\"https:\/\/buenosaires.gob.ar\/jefedegobierno\/vicejefatura\/ambiente\" target=\"_blank\" rel=\"noreferrer noopener\"><u>Subsecretar\u00eda de Ambiente<\/u><\/a>&nbsp;<strong>inaugur\u00f3 la temporada 2024 \u2013 2025<\/strong>&nbsp;de los&nbsp;<strong><a href=\"https:\/\/buenosaires.gob.ar\/adaptacion\/red-de-refugios-climaticos-de-la-ciudad-de-buenos-aires\" target=\"_blank\" rel=\"noreferrer noopener\"><u><strong>Refugios Clim\u00e1ticos<\/strong><\/u><\/a><\/strong><strong>&nbsp;en la Ciudad<\/strong>. Estos espacios son una estrategia de adaptaci\u00f3n frente a altas temperaturas y olas de calor. La red est\u00e1 compuesta por 64 espacios que le brindan a la poblaci\u00f3n un lugar confortable y fresco durante eventos de altas temperaturas. Pueden ser espacios cerrados (escuelas, bibliotecas, centros comunitarios o centros comerciales, con aire acondicionado o que naturalmente presentan temperaturas m\u00e1s confortables que en el exterior) y tambi\u00e9n espacios abiertos que cuenten con sombra y\/o elevada presencia de infraestructura verde urbana (parques y plazas).<\/p>\n\n\n\n<blockquote class=\"wp-block-quote is-layout-flow wp-block-quote-is-layout-flow\">\n<p><em>Es importante tener en cuenta que no son espacios de cuidado ni de asistencia m\u00e9dica. En caso de que una persona se sienta mal es necesario comunicarse con un servicio de salud<\/em><\/p>\n<\/blockquote>\n\n\n\n<p>La Red de Refugios Clim\u00e1ticos est\u00e1 conformada por 64 lugares ubicados en las 15 Comunas en donde los vecinos pueden ingresar para descansar y recuperarse del calor de la calle antes de seguir con sus actividades.<\/p>\n\n\n\n<blockquote class=\"wp-block-quote is-layout-flow wp-block-quote-is-layout-flow\">\n<p><em>El mapa de la Red de Refugios Clim\u00e1ticos de la Ciudad, se encuentra disponible en la&nbsp;<\/em><\/p>\n\n\n\n<p><a href=\"https:\/\/buenosaires.gob.ar\/adaptacion\/red-de-refugios-climaticos-de-la-ciudad-de-buenos-aires\" target=\"_blank\" rel=\"noreferrer noopener\"><em><u>web de Cambio Clim\u00e1tico del GCBA<\/u><\/em><\/a><em>&nbsp;o trav\u00e9s del&nbsp;<\/em><\/p>\n\n\n\n<p><a href=\"https:\/\/api.whatsapp.com\/send?phone=5491150500147&amp;text=Hola%20\uf44b&amp;source=&amp;data=\" target=\"_blank\" rel=\"noreferrer noopener\"><em><u>chat con Boti (11-5050-0147)<\/u><\/em><\/a><em>. Tambi\u00e9n se encuentra en Google Maps tipeando en la b\u00fasqueda&nbsp;<\/em><\/p>\n\n\n\n<p><em>\u201crefugios clim\u00e1ticos\u201d<\/em><\/p>\n<\/blockquote>\n\n\n\n<p>La presentaci\u00f3n de la temporada 2024\/25 se llev\u00f3 a cabo en el&nbsp;<a href=\"https:\/\/buenosaires.gob.ar\/vicejefatura\/ambiente\/jardin-botanico\" target=\"_blank\" rel=\"noreferrer noopener\"><u>Jard\u00edn Bot\u00e1nico Caros Thays<\/u><\/a>, el primer refugio clim\u00e1tico de la Red. Del encuentro participaron&nbsp;<a href=\"https:\/\/buenosaires.gob.ar\/subsecretaria-de-ambiente\" target=\"_blank\" rel=\"noreferrer noopener\"><u>Natalia Persini<\/u><\/a>&nbsp;(Subsecretaria de Ambiente),&nbsp;<a href=\"https:\/\/buenosaires.gob.ar\/subsecretaria-de-ambiente\/direccion-general-de-areas-de-conservacion-y-restauracion-ambiental\" target=\"_blank\" rel=\"noreferrer noopener\"><u>Ignacio Su\u00e1rez de la Rosa<\/u><\/a>&nbsp;(Director General de \u00c1reas de Conservaci\u00f3n y Restauraci\u00f3n Ecol\u00f3gica,&nbsp;la&nbsp;<a href=\"https:\/\/buenosaires.gob.ar\/vicejefatura\/ambiente\/politicas-y-estrategias-ambientales\" target=\"_blank\" rel=\"noreferrer noopener\"><u>Direcci\u00f3n General de Pol\u00edtica y Estrategia Ambiental<\/u><\/a>&nbsp;y algunos integrantes del Centro de Jubilados Viajemos con Alegr\u00eda.<\/p>\n\n\n\n<blockquote class=\"wp-block-quote is-layout-flow wp-block-quote-is-layout-flow\">\n<p><em>Adem\u00e1s de anunciar la apertura de los Refugios Clim\u00e1ticos, la jornada tuvo como objetivo concientizar acerca de la importancia de protegerse ante las altas temperaturas y las olas de calor<\/em><\/p>\n<\/blockquote>\n\n\n\n<p>Por otro lado,&nbsp;<strong>se llev\u00f3 a cabo la actividad \u201cMemorias clim\u00e1ticas\u201d en mesas de trabajo con los invitados, con el objetivo de fomentar la reflexi\u00f3n sobre la necesidad de adaptarnos al cambio clim\u00e1tico<\/strong>&nbsp;y dar a conocer las medidas de adaptaci\u00f3n que se est\u00e1n implementando para mitigar y prevenir sus impactos. Los participantes tambi\u00e9n conocieron las estaciones meteorol\u00f3gicas con las que cuenta el Jard\u00edn Bot\u00e1nico y recibieron informaci\u00f3n acerca de su funcionamiento.<\/p>\n\n\n\n<p><\/p>\n\n\n\n<p><\/p>\n\n\n\n<p>Caracteres: 1753<\/p>\n<div class=\"pvc_clear\"><\/div><p id=\"pvc_stats_64640\" class=\"pvc_stats all  \" data-element-id=\"64640\" style=\"\"><i class=\"pvc-stats-icon small\" aria-hidden=\"true\"><svg aria-hidden=\"true\" focusable=\"false\" data-prefix=\"far\" data-icon=\"chart-bar\" role=\"img\" xmlns=\"http:\/\/www.w3.org\/2000\/svg\" viewBox=\"0 0 512 512\" class=\"svg-inline--fa fa-chart-bar fa-w-16 fa-2x\"><path fill=\"currentColor\" d=\"M396.8 352h22.4c6.4 0 12.8-6.4 12.8-12.8V108.8c0-6.4-6.4-12.8-12.8-12.8h-22.4c-6.4 0-12.8 6.4-12.8 12.8v230.4c0 6.4 6.4 12.8 12.8 12.8zm-192 0h22.4c6.4 0 12.8-6.4 12.8-12.8V140.8c0-6.4-6.4-12.8-12.8-12.8h-22.4c-6.4 0-12.8 6.4-12.8 12.8v198.4c0 6.4 6.4 12.8 12.8 12.8zm96 0h22.4c6.4 0 12.8-6.4 12.8-12.8V204.8c0-6.4-6.4-12.8-12.8-12.8h-22.4c-6.4 0-12.8 6.4-12.8 12.8v134.4c0 6.4 6.4 12.8 12.8 12.8zM496 400H48V80c0-8.84-7.16-16-16-16H16C7.16 64 0 71.16 0 80v336c0 17.67 14.33 32 32 32h464c8.84 0 16-7.16 16-16v-16c0-8.84-7.16-16-16-16zm-387.2-48h22.4c6.4 0 12.8-6.4 12.8-12.8v-70.4c0-6.4-6.4-12.8-12.8-12.8h-22.4c-6.4 0-12.8 6.4-12.8 12.8v70.4c0 6.4 6.4 12.8 12.8 12.8z\" class=\"\"><\/path><\/svg><\/i> <img loading=\"lazy\" decoding=\"async\" width=\"16\" height=\"16\" alt=\"Loading\" src=\"https:\/\/vocesdelacomuna15.com.ar\/wp-content\/plugins\/page-views-count\/ajax-loader-2x.gif\" border=0 \/><\/p><div class=\"pvc_clear\"><\/div>","protected":false},"excerpt":{"rendered":"<p>Los vecinos de la Ciudad podr\u00e1n protegerse moment\u00e1neamente del calor en 64 espacios de la Ciudad de Buenos Aires. Fuente: Buenosaires.gob.ar Link a nota completa: https:\/\/buenosaires.gob.ar\/noticias\/la-red-de-refugios-climaticos-esta-en-las-15-comunas-para-descansar-de-las-altas La&nbsp;Subsecretar\u00eda de Ambiente&nbsp;inaugur\u00f3 la temporada 2024 \u2013 2025&nbsp;de los&nbsp;Refugios Clim\u00e1ticos&nbsp;en la Ciudad. Estos espacios son una estrategia de adaptaci\u00f3n frente a altas temperaturas y olas de calor. La red [&hellip;]<\/p>\n<div class=\"pvc_clear\"><\/div>\n<p id=\"pvc_stats_64640\" class=\"pvc_stats all  \" data-element-id=\"64640\" style=\"\"><i class=\"pvc-stats-icon small\" aria-hidden=\"true\"><svg aria-hidden=\"true\" focusable=\"false\" data-prefix=\"far\" data-icon=\"chart-bar\" role=\"img\" xmlns=\"http:\/\/www.w3.org\/2000\/svg\" viewBox=\"0 0 512 512\" class=\"svg-inline--fa fa-chart-bar fa-w-16 fa-2x\"><path fill=\"currentColor\" d=\"M396.8 352h22.4c6.4 0 12.8-6.4 12.8-12.8V108.8c0-6.4-6.4-12.8-12.8-12.8h-22.4c-6.4 0-12.8 6.4-12.8 12.8v230.4c0 6.4 6.4 12.8 12.8 12.8zm-192 0h22.4c6.4 0 12.8-6.4 12.8-12.8V140.8c0-6.4-6.4-12.8-12.8-12.8h-22.4c-6.4 0-12.8 6.4-12.8 12.8v198.4c0 6.4 6.4 12.8 12.8 12.8zm96 0h22.4c6.4 0 12.8-6.4 12.8-12.8V204.8c0-6.4-6.4-12.8-12.8-12.8h-22.4c-6.4 0-12.8 6.4-12.8 12.8v134.4c0 6.4 6.4 12.8 12.8 12.8zM496 400H48V80c0-8.84-7.16-16-16-16H16C7.16 64 0 71.16 0 80v336c0 17.67 14.33 32 32 32h464c8.84 0 16-7.16 16-16v-16c0-8.84-7.16-16-16-16zm-387.2-48h22.4c6.4 0 12.8-6.4 12.8-12.8v-70.4c0-6.4-6.4-12.8-12.8-12.8h-22.4c-6.4 0-12.8 6.4-12.8 12.8v70.4c0 6.4 6.4 12.8 12.8 12.8z\" class=\"\"><\/path><\/svg><\/i> <img loading=\"lazy\" decoding=\"async\" width=\"16\" height=\"16\" alt=\"Loading\" src=\"https:\/\/vocesdelacomuna15.com.ar\/wp-content\/plugins\/page-views-count\/ajax-loader-2x.gif\" border=0 \/><\/p>\n<div class=\"pvc_clear\"><\/div>\n","protected":false},"author":2,"featured_media":64641,"comment_status":"open","ping_status":"open","sticky":false,"template":"","format":"standard","meta":{"_et_pb_use_builder":"off","_et_pb_old_content":"","_et_gb_content_width":"","footnotes":""},"categories":[26],"tags":[],"class_list":["post-64640","post","type-post","status-publish","format-standard","has-post-thumbnail","hentry","category-ciudad","et-has-post-format-content","et_post_format-et-post-format-standard"],"a3_pvc":{"activated":true,"total_views":39,"today_views":0},"yoast_head":"<!-- This site is optimized with the Yoast SEO plugin v27.5 - https:\/\/yoast.com\/product\/yoast-seo-wordpress\/ -->\n<title>La Red de Refugios Clim\u00e1ticos est\u00e1 en las 15 comunas para descansar de las altas temperaturas - Voces de la Comuna 15<\/title>\n<meta name=\"description\" content=\"Voces de la Comuna 15\" \/>\n<meta name=\"robots\" content=\"index, follow, max-snippet:-1, max-image-preview:large, max-video-preview:-1\" \/>\n<link rel=\"canonical\" href=\"https:\/\/vocesdelacomuna15.com.ar\/press\/la-red-de-refugios-climaticos-esta-en-las-15-comunas-para-descansar-de-las-altas-temperaturas\/\" \/>\n<meta property=\"og:locale\" content=\"es_ES\" \/>\n<meta property=\"og:type\" content=\"article\" \/>\n<meta property=\"og:title\" content=\"La Red de Refugios Clim\u00e1ticos est\u00e1 en las 15 comunas para descansar de las altas temperaturas - Voces de la Comuna 15\" \/>\n<meta property=\"og:description\" content=\"Voces de la Comuna 15\" \/>\n<meta property=\"og:url\" content=\"https:\/\/vocesdelacomuna15.com.ar\/press\/la-red-de-refugios-climaticos-esta-en-las-15-comunas-para-descansar-de-las-altas-temperaturas\/\" \/>\n<meta property=\"og:site_name\" content=\"Voces de la Comuna 15\" \/>\n<meta property=\"article:publisher\" content=\"https:\/\/www.facebook.com\/VocesComuna15\/\" \/>\n<meta property=\"article:published_time\" content=\"2025-01-20T16:43:09+00:00\" \/>\n<meta property=\"article:modified_time\" content=\"2025-01-20T16:44:12+00:00\" \/>\n<meta property=\"og:image\" content=\"https:\/\/vocesdelacomuna15.com.ar\/wp-content\/uploads\/2025\/01\/20241211_103524-scaled.jpg\" \/>\n\t<meta property=\"og:image:width\" content=\"2560\" \/>\n\t<meta property=\"og:image:height\" content=\"1920\" \/>\n\t<meta property=\"og:image:type\" content=\"image\/jpeg\" \/>\n<meta name=\"author\" content=\"Federico Arguto\" \/>\n<meta name=\"twitter:card\" content=\"summary_large_image\" \/>\n<meta name=\"twitter:creator\" content=\"@vocescomuna15\" \/>\n<meta name=\"twitter:site\" content=\"@vocescomuna15\" \/>\n<meta name=\"twitter:label1\" content=\"Escrito por\" \/>\n\t<meta name=\"twitter:data1\" content=\"Federico Arguto\" \/>\n\t<meta name=\"twitter:label2\" content=\"Tiempo de lectura\" \/>\n\t<meta name=\"twitter:data2\" content=\"2 minutos\" \/>\n<script type=\"application\/ld+json\" class=\"yoast-schema-graph\">{\"@context\":\"https:\\\/\\\/schema.org\",\"@graph\":[{\"@type\":\"Article\",\"@id\":\"https:\\\/\\\/vocesdelacomuna15.com.ar\\\/press\\\/la-red-de-refugios-climaticos-esta-en-las-15-comunas-para-descansar-de-las-altas-temperaturas\\\/#article\",\"isPartOf\":{\"@id\":\"https:\\\/\\\/vocesdelacomuna15.com.ar\\\/press\\\/la-red-de-refugios-climaticos-esta-en-las-15-comunas-para-descansar-de-las-altas-temperaturas\\\/\"},\"author\":{\"name\":\"Federico Arguto\",\"@id\":\"https:\\\/\\\/vocesdelacomuna15.com.ar\\\/press\\\/#\\\/schema\\\/person\\\/4739e109db25d799cd3d139eeb509e43\"},\"headline\":\"La Red de Refugios Clim\u00e1ticos est\u00e1 en las 15 comunas para descansar de las altas temperaturas\",\"datePublished\":\"2025-01-20T16:43:09+00:00\",\"dateModified\":\"2025-01-20T16:44:12+00:00\",\"mainEntityOfPage\":{\"@id\":\"https:\\\/\\\/vocesdelacomuna15.com.ar\\\/press\\\/la-red-de-refugios-climaticos-esta-en-las-15-comunas-para-descansar-de-las-altas-temperaturas\\\/\"},\"wordCount\":475,\"commentCount\":0,\"publisher\":{\"@id\":\"https:\\\/\\\/vocesdelacomuna15.com.ar\\\/press\\\/#organization\"},\"image\":{\"@id\":\"https:\\\/\\\/vocesdelacomuna15.com.ar\\\/press\\\/la-red-de-refugios-climaticos-esta-en-las-15-comunas-para-descansar-de-las-altas-temperaturas\\\/#primaryimage\"},\"thumbnailUrl\":\"https:\\\/\\\/vocesdelacomuna15.com.ar\\\/wp-content\\\/uploads\\\/2025\\\/01\\\/20241211_103524-scaled.jpg\",\"articleSection\":[\"Ciudad\"],\"inLanguage\":\"es-AR\",\"potentialAction\":[{\"@type\":\"CommentAction\",\"name\":\"Comment\",\"target\":[\"https:\\\/\\\/vocesdelacomuna15.com.ar\\\/press\\\/la-red-de-refugios-climaticos-esta-en-las-15-comunas-para-descansar-de-las-altas-temperaturas\\\/#respond\"]}]},{\"@type\":\"WebPage\",\"@id\":\"https:\\\/\\\/vocesdelacomuna15.com.ar\\\/press\\\/la-red-de-refugios-climaticos-esta-en-las-15-comunas-para-descansar-de-las-altas-temperaturas\\\/\",\"url\":\"https:\\\/\\\/vocesdelacomuna15.com.ar\\\/press\\\/la-red-de-refugios-climaticos-esta-en-las-15-comunas-para-descansar-de-las-altas-temperaturas\\\/\",\"name\":\"La Red de Refugios Clim\u00e1ticos est\u00e1 en las 15 comunas para descansar de las altas temperaturas - Voces de la Comuna 15\",\"isPartOf\":{\"@id\":\"https:\\\/\\\/vocesdelacomuna15.com.ar\\\/press\\\/#website\"},\"primaryImageOfPage\":{\"@id\":\"https:\\\/\\\/vocesdelacomuna15.com.ar\\\/press\\\/la-red-de-refugios-climaticos-esta-en-las-15-comunas-para-descansar-de-las-altas-temperaturas\\\/#primaryimage\"},\"image\":{\"@id\":\"https:\\\/\\\/vocesdelacomuna15.com.ar\\\/press\\\/la-red-de-refugios-climaticos-esta-en-las-15-comunas-para-descansar-de-las-altas-temperaturas\\\/#primaryimage\"},\"thumbnailUrl\":\"https:\\\/\\\/vocesdelacomuna15.com.ar\\\/wp-content\\\/uploads\\\/2025\\\/01\\\/20241211_103524-scaled.jpg\",\"datePublished\":\"2025-01-20T16:43:09+00:00\",\"dateModified\":\"2025-01-20T16:44:12+00:00\",\"description\":\"Voces de la Comuna 15\",\"breadcrumb\":{\"@id\":\"https:\\\/\\\/vocesdelacomuna15.com.ar\\\/press\\\/la-red-de-refugios-climaticos-esta-en-las-15-comunas-para-descansar-de-las-altas-temperaturas\\\/#breadcrumb\"},\"inLanguage\":\"es-AR\",\"potentialAction\":[{\"@type\":\"ReadAction\",\"target\":[\"https:\\\/\\\/vocesdelacomuna15.com.ar\\\/press\\\/la-red-de-refugios-climaticos-esta-en-las-15-comunas-para-descansar-de-las-altas-temperaturas\\\/\"]}]},{\"@type\":\"ImageObject\",\"inLanguage\":\"es-AR\",\"@id\":\"https:\\\/\\\/vocesdelacomuna15.com.ar\\\/press\\\/la-red-de-refugios-climaticos-esta-en-las-15-comunas-para-descansar-de-las-altas-temperaturas\\\/#primaryimage\",\"url\":\"https:\\\/\\\/vocesdelacomuna15.com.ar\\\/wp-content\\\/uploads\\\/2025\\\/01\\\/20241211_103524-scaled.jpg\",\"contentUrl\":\"https:\\\/\\\/vocesdelacomuna15.com.ar\\\/wp-content\\\/uploads\\\/2025\\\/01\\\/20241211_103524-scaled.jpg\",\"width\":2560,\"height\":1920},{\"@type\":\"BreadcrumbList\",\"@id\":\"https:\\\/\\\/vocesdelacomuna15.com.ar\\\/press\\\/la-red-de-refugios-climaticos-esta-en-las-15-comunas-para-descansar-de-las-altas-temperaturas\\\/#breadcrumb\",\"itemListElement\":[{\"@type\":\"ListItem\",\"position\":1,\"name\":\"Inicio\",\"item\":\"https:\\\/\\\/vocesdelacomuna15.com.ar\\\/press\\\/\"},{\"@type\":\"ListItem\",\"position\":2,\"name\":\"La Red de Refugios Clim\u00e1ticos est\u00e1 en las 15 comunas para descansar de las altas temperaturas\"}]},{\"@type\":\"WebSite\",\"@id\":\"https:\\\/\\\/vocesdelacomuna15.com.ar\\\/press\\\/#website\",\"url\":\"https:\\\/\\\/vocesdelacomuna15.com.ar\\\/press\\\/\",\"name\":\"Voces de la Comuna 15\",\"description\":\"Sitio web de noticias\",\"publisher\":{\"@id\":\"https:\\\/\\\/vocesdelacomuna15.com.ar\\\/press\\\/#organization\"},\"potentialAction\":[{\"@type\":\"SearchAction\",\"target\":{\"@type\":\"EntryPoint\",\"urlTemplate\":\"https:\\\/\\\/vocesdelacomuna15.com.ar\\\/press\\\/?s={search_term_string}\"},\"query-input\":{\"@type\":\"PropertyValueSpecification\",\"valueRequired\":true,\"valueName\":\"search_term_string\"}}],\"inLanguage\":\"es-AR\"},{\"@type\":\"Organization\",\"@id\":\"https:\\\/\\\/vocesdelacomuna15.com.ar\\\/press\\\/#organization\",\"name\":\"Voces de la Comuna 15\",\"url\":\"https:\\\/\\\/vocesdelacomuna15.com.ar\\\/press\\\/\",\"logo\":{\"@type\":\"ImageObject\",\"inLanguage\":\"es-AR\",\"@id\":\"https:\\\/\\\/vocesdelacomuna15.com.ar\\\/press\\\/#\\\/schema\\\/logo\\\/image\\\/\",\"url\":\"https:\\\/\\\/vocesdelacomuna15.com.ar\\\/wp-content\\\/uploads\\\/2024\\\/12\\\/cropped-logo_voces.jpg\",\"contentUrl\":\"https:\\\/\\\/vocesdelacomuna15.com.ar\\\/wp-content\\\/uploads\\\/2024\\\/12\\\/cropped-logo_voces.jpg\",\"width\":512,\"height\":512,\"caption\":\"Voces de la Comuna 15\"},\"image\":{\"@id\":\"https:\\\/\\\/vocesdelacomuna15.com.ar\\\/press\\\/#\\\/schema\\\/logo\\\/image\\\/\"},\"sameAs\":[\"https:\\\/\\\/www.facebook.com\\\/VocesComuna15\\\/\",\"https:\\\/\\\/x.com\\\/vocescomuna15\"]},{\"@type\":\"Person\",\"@id\":\"https:\\\/\\\/vocesdelacomuna15.com.ar\\\/press\\\/#\\\/schema\\\/person\\\/4739e109db25d799cd3d139eeb509e43\",\"name\":\"Federico Arguto\",\"image\":{\"@type\":\"ImageObject\",\"inLanguage\":\"es-AR\",\"@id\":\"https:\\\/\\\/vocesdelacomuna15.com.ar\\\/wp-content\\\/litespeed\\\/avatar\\\/82faf979976f1bae889b8b71f8a0a7e5.jpg?ver=1777419741\",\"url\":\"https:\\\/\\\/vocesdelacomuna15.com.ar\\\/wp-content\\\/litespeed\\\/avatar\\\/82faf979976f1bae889b8b71f8a0a7e5.jpg?ver=1777419741\",\"contentUrl\":\"https:\\\/\\\/vocesdelacomuna15.com.ar\\\/wp-content\\\/litespeed\\\/avatar\\\/82faf979976f1bae889b8b71f8a0a7e5.jpg?ver=1777419741\",\"caption\":\"Federico Arguto\"},\"url\":\"https:\\\/\\\/vocesdelacomuna15.com.ar\\\/press\\\/author\\\/fede\\\/\"}]}<\/script>\n<!-- \/ Yoast SEO plugin. -->","yoast_head_json":{"title":"La Red de Refugios Clim\u00e1ticos est\u00e1 en las 15 comunas para descansar de las altas temperaturas - Voces de la Comuna 15","description":"Voces de la Comuna 15","robots":{"index":"index","follow":"follow","max-snippet":"max-snippet:-1","max-image-preview":"max-image-preview:large","max-video-preview":"max-video-preview:-1"},"canonical":"https:\/\/vocesdelacomuna15.com.ar\/press\/la-red-de-refugios-climaticos-esta-en-las-15-comunas-para-descansar-de-las-altas-temperaturas\/","og_locale":"es_ES","og_type":"article","og_title":"La Red de Refugios Clim\u00e1ticos est\u00e1 en las 15 comunas para descansar de las altas temperaturas - Voces de la Comuna 15","og_description":"Voces de la Comuna 15","og_url":"https:\/\/vocesdelacomuna15.com.ar\/press\/la-red-de-refugios-climaticos-esta-en-las-15-comunas-para-descansar-de-las-altas-temperaturas\/","og_site_name":"Voces de la Comuna 15","article_publisher":"https:\/\/www.facebook.com\/VocesComuna15\/","article_published_time":"2025-01-20T16:43:09+00:00","article_modified_time":"2025-01-20T16:44:12+00:00","og_image":[{"width":2560,"height":1920,"url":"https:\/\/vocesdelacomuna15.com.ar\/wp-content\/uploads\/2025\/01\/20241211_103524-scaled.jpg","type":"image\/jpeg"}],"author":"Federico Arguto","twitter_card":"summary_large_image","twitter_creator":"@vocescomuna15","twitter_site":"@vocescomuna15","twitter_misc":{"Escrito por":"Federico Arguto","Tiempo de lectura":"2 minutos"},"schema":{"@context":"https:\/\/schema.org","@graph":[{"@type":"Article","@id":"https:\/\/vocesdelacomuna15.com.ar\/press\/la-red-de-refugios-climaticos-esta-en-las-15-comunas-para-descansar-de-las-altas-temperaturas\/#article","isPartOf":{"@id":"https:\/\/vocesdelacomuna15.com.ar\/press\/la-red-de-refugios-climaticos-esta-en-las-15-comunas-para-descansar-de-las-altas-temperaturas\/"},"author":{"name":"Federico Arguto","@id":"https:\/\/vocesdelacomuna15.com.ar\/press\/#\/schema\/person\/4739e109db25d799cd3d139eeb509e43"},"headline":"La Red de Refugios Clim\u00e1ticos est\u00e1 en las 15 comunas para descansar de las altas temperaturas","datePublished":"2025-01-20T16:43:09+00:00","dateModified":"2025-01-20T16:44:12+00:00","mainEntityOfPage":{"@id":"https:\/\/vocesdelacomuna15.com.ar\/press\/la-red-de-refugios-climaticos-esta-en-las-15-comunas-para-descansar-de-las-altas-temperaturas\/"},"wordCount":475,"commentCount":0,"publisher":{"@id":"https:\/\/vocesdelacomuna15.com.ar\/press\/#organization"},"image":{"@id":"https:\/\/vocesdelacomuna15.com.ar\/press\/la-red-de-refugios-climaticos-esta-en-las-15-comunas-para-descansar-de-las-altas-temperaturas\/#primaryimage"},"thumbnailUrl":"https:\/\/vocesdelacomuna15.com.ar\/wp-content\/uploads\/2025\/01\/20241211_103524-scaled.jpg","articleSection":["Ciudad"],"inLanguage":"es-AR","potentialAction":[{"@type":"CommentAction","name":"Comment","target":["https:\/\/vocesdelacomuna15.com.ar\/press\/la-red-de-refugios-climaticos-esta-en-las-15-comunas-para-descansar-de-las-altas-temperaturas\/#respond"]}]},{"@type":"WebPage","@id":"https:\/\/vocesdelacomuna15.com.ar\/press\/la-red-de-refugios-climaticos-esta-en-las-15-comunas-para-descansar-de-las-altas-temperaturas\/","url":"https:\/\/vocesdelacomuna15.com.ar\/press\/la-red-de-refugios-climaticos-esta-en-las-15-comunas-para-descansar-de-las-altas-temperaturas\/","name":"La Red de Refugios Clim\u00e1ticos est\u00e1 en las 15 comunas para descansar de las altas temperaturas - Voces de la Comuna 15","isPartOf":{"@id":"https:\/\/vocesdelacomuna15.com.ar\/press\/#website"},"primaryImageOfPage":{"@id":"https:\/\/vocesdelacomuna15.com.ar\/press\/la-red-de-refugios-climaticos-esta-en-las-15-comunas-para-descansar-de-las-altas-temperaturas\/#primaryimage"},"image":{"@id":"https:\/\/vocesdelacomuna15.com.ar\/press\/la-red-de-refugios-climaticos-esta-en-las-15-comunas-para-descansar-de-las-altas-temperaturas\/#primaryimage"},"thumbnailUrl":"https:\/\/vocesdelacomuna15.com.ar\/wp-content\/uploads\/2025\/01\/20241211_103524-scaled.jpg","datePublished":"2025-01-20T16:43:09+00:00","dateModified":"2025-01-20T16:44:12+00:00","description":"Voces de la Comuna 15","breadcrumb":{"@id":"https:\/\/vocesdelacomuna15.com.ar\/press\/la-red-de-refugios-climaticos-esta-en-las-15-comunas-para-descansar-de-las-altas-temperaturas\/#breadcrumb"},"inLanguage":"es-AR","potentialAction":[{"@type":"ReadAction","target":["https:\/\/vocesdelacomuna15.com.ar\/press\/la-red-de-refugios-climaticos-esta-en-las-15-comunas-para-descansar-de-las-altas-temperaturas\/"]}]},{"@type":"ImageObject","inLanguage":"es-AR","@id":"https:\/\/vocesdelacomuna15.com.ar\/press\/la-red-de-refugios-climaticos-esta-en-las-15-comunas-para-descansar-de-las-altas-temperaturas\/#primaryimage","url":"https:\/\/vocesdelacomuna15.com.ar\/wp-content\/uploads\/2025\/01\/20241211_103524-scaled.jpg","contentUrl":"https:\/\/vocesdelacomuna15.com.ar\/wp-content\/uploads\/2025\/01\/20241211_103524-scaled.jpg","width":2560,"height":1920},{"@type":"BreadcrumbList","@id":"https:\/\/vocesdelacomuna15.com.ar\/press\/la-red-de-refugios-climaticos-esta-en-las-15-comunas-para-descansar-de-las-altas-temperaturas\/#breadcrumb","itemListElement":[{"@type":"ListItem","position":1,"name":"Inicio","item":"https:\/\/vocesdelacomuna15.com.ar\/press\/"},{"@type":"ListItem","position":2,"name":"La Red de Refugios Clim\u00e1ticos est\u00e1 en las 15 comunas para descansar de las altas temperaturas"}]},{"@type":"WebSite","@id":"https:\/\/vocesdelacomuna15.com.ar\/press\/#website","url":"https:\/\/vocesdelacomuna15.com.ar\/press\/","name":"Voces de la Comuna 15","description":"Sitio web de noticias","publisher":{"@id":"https:\/\/vocesdelacomuna15.com.ar\/press\/#organization"},"potentialAction":[{"@type":"SearchAction","target":{"@type":"EntryPoint","urlTemplate":"https:\/\/vocesdelacomuna15.com.ar\/press\/?s={search_term_string}"},"query-input":{"@type":"PropertyValueSpecification","valueRequired":true,"valueName":"search_term_string"}}],"inLanguage":"es-AR"},{"@type":"Organization","@id":"https:\/\/vocesdelacomuna15.com.ar\/press\/#organization","name":"Voces de la Comuna 15","url":"https:\/\/vocesdelacomuna15.com.ar\/press\/","logo":{"@type":"ImageObject","inLanguage":"es-AR","@id":"https:\/\/vocesdelacomuna15.com.ar\/press\/#\/schema\/logo\/image\/","url":"https:\/\/vocesdelacomuna15.com.ar\/wp-content\/uploads\/2024\/12\/cropped-logo_voces.jpg","contentUrl":"https:\/\/vocesdelacomuna15.com.ar\/wp-content\/uploads\/2024\/12\/cropped-logo_voces.jpg","width":512,"height":512,"caption":"Voces de la Comuna 15"},"image":{"@id":"https:\/\/vocesdelacomuna15.com.ar\/press\/#\/schema\/logo\/image\/"},"sameAs":["https:\/\/www.facebook.com\/VocesComuna15\/","https:\/\/x.com\/vocescomuna15"]},{"@type":"Person","@id":"https:\/\/vocesdelacomuna15.com.ar\/press\/#\/schema\/person\/4739e109db25d799cd3d139eeb509e43","name":"Federico Arguto","image":{"@type":"ImageObject","inLanguage":"es-AR","@id":"https:\/\/vocesdelacomuna15.com.ar\/wp-content\/litespeed\/avatar\/82faf979976f1bae889b8b71f8a0a7e5.jpg?ver=1777419741","url":"https:\/\/vocesdelacomuna15.com.ar\/wp-content\/litespeed\/avatar\/82faf979976f1bae889b8b71f8a0a7e5.jpg?ver=1777419741","contentUrl":"https:\/\/vocesdelacomuna15.com.ar\/wp-content\/litespeed\/avatar\/82faf979976f1bae889b8b71f8a0a7e5.jpg?ver=1777419741","caption":"Federico Arguto"},"url":"https:\/\/vocesdelacomuna15.com.ar\/press\/author\/fede\/"}]}},"_links":{"self":[{"href":"https:\/\/vocesdelacomuna15.com.ar\/press\/wp-json\/wp\/v2\/posts\/64640","targetHints":{"allow":["GET"]}}],"collection":[{"href":"https:\/\/vocesdelacomuna15.com.ar\/press\/wp-json\/wp\/v2\/posts"}],"about":[{"href":"https:\/\/vocesdelacomuna15.com.ar\/press\/wp-json\/wp\/v2\/types\/post"}],"author":[{"embeddable":true,"href":"https:\/\/vocesdelacomuna15.com.ar\/press\/wp-json\/wp\/v2\/users\/2"}],"replies":[{"embeddable":true,"href":"https:\/\/vocesdelacomuna15.com.ar\/press\/wp-json\/wp\/v2\/comments?post=64640"}],"version-history":[{"count":2,"href":"https:\/\/vocesdelacomuna15.com.ar\/press\/wp-json\/wp\/v2\/posts\/64640\/revisions"}],"predecessor-version":[{"id":64644,"href":"https:\/\/vocesdelacomuna15.com.ar\/press\/wp-json\/wp\/v2\/posts\/64640\/revisions\/64644"}],"wp:featuredmedia":[{"embeddable":true,"href":"https:\/\/vocesdelacomuna15.com.ar\/press\/wp-json\/wp\/v2\/media\/64641"}],"wp:attachment":[{"href":"https:\/\/vocesdelacomuna15.com.ar\/press\/wp-json\/wp\/v2\/media?parent=64640"}],"wp:term":[{"taxonomy":"category","embeddable":true,"href":"https:\/\/vocesdelacomuna15.com.ar\/press\/wp-json\/wp\/v2\/categories?post=64640"},{"taxonomy":"post_tag","embeddable":true,"href":"https:\/\/vocesdelacomuna15.com.ar\/press\/wp-json\/wp\/v2\/tags?post=64640"}],"curies":[{"name":"wp","href":"https:\/\/api.w.org\/{rel}","templated":true}]}}